{"id":522,"date":"2012-08-10T13:21:51","date_gmt":"2012-08-10T11:21:51","guid":{"rendered":"http:\/\/blog.erm.ee\/?p=522"},"modified":"2013-10-07T16:40:45","modified_gmt":"2013-10-07T14:40:45","slug":"raadi-vaatemang-%e2%80%9eopus-geographicum-kutab-kirgi","status":"publish","type":"post","link":"https:\/\/blog.erm.ee\/?p=522","title":{"rendered":"Raadi vaatem\u00e4ng \u201eOpus Geographicum&#8230;\u201c k\u00fctab kirgi"},"content":{"rendered":"<div class=\"fcbkbttn_buttons_block\" id=\"fcbkbttn_left\"><div class=\"fcbkbttn_like \"><fb:like href=\"https:\/\/blog.erm.ee\/?p=522\" action=\"like\" colorscheme=\"light\" layout=\"standard\"  width=\"225px\" size=\"small\"><\/fb:like><\/div><div class=\"fb-share-button  \" data-href=\"https:\/\/blog.erm.ee\/?p=522\" data-type=\"button\" data-size=\"small\"><\/div><\/div><p><em>Tekst: Aivi Ross, muuseumianal\u00fc\u00fctik<\/em><\/p>\n<p><em>Fotod: Gabriela Liivam\u00e4gi<\/em><\/p>\n<p><a href=\"https:\/\/blog.erm.ee\/wp-content\/uploads\/2012\/08\/622563_395852377148622_229117204_o1.jpg\"><img loading=\"lazy\" decoding=\"async\" class=\"alignnone  wp-image-527\" title=\"622563_395852377148622_229117204_o\" alt=\"\" src=\"https:\/\/blog.erm.ee\/wp-content\/uploads\/2012\/08\/622563_395852377148622_229117204_o1-1024x682.jpg\" width=\"1024\" height=\"682\" \/><\/a><\/p>\n<p>L\u00e4ksin esietendusele suurte lootustega, kuna olin k\u00e4sikirja piilunud. Ja t\u00f5esti, see oli etendus, kus ei tehtud t\u00fchja nalja ning r\u00e4\u00e4giti ka t\u00f5sistest asjadest. Mul on hea meel, et selle loo sihtr\u00fchmaks ei olnud valitud v\u00e4ikest maksuj\u00f5ulist seltskonda, kel on aega ja tahtmist m\u00f6\u00f6da suveetendusi rallides oma elule pisut v\u00fcrtsi lisada ja siis p\u00e4rast terrassidel ja palkonitel asjast \u201esmall-talk\u201c-i v\u00e4lja kruttida. Jah, mul on hea meel, et selle loo sihtr\u00fchmaks on just need inimesed, kes teadlikult v\u00f5i eneselegi teadmata kuuluvad meie rahvuskehandisse, moodustavad selle. Mul on hea meel Ivar P\u00f5llu \u00fcle, kes \u201etabas naelapea pihta.\u201c Mul on heameel kultuuriministri ja teiste muuseumi- ja teatrikultuuri edendavate ametnike ja parlamendiliikmete \u00fcle, aga ka \u00fclikooli uue rektori \u00fcle, kes taipasid esietendusele tulla, et \u201eTartu purakast\u201c osa saada.<\/p>\n<p>Mul on heameel ka selle v\u00f5imaluse \u00fcle, mis augusti\u00f6\u00f6desse veel j\u00e4\u00e4nud on: kujutlen neljasada tuhandet Tartus ja saja kilomeetri raadiuses elavat inimest, kes t\u00f5en\u00e4oliselt k\u00f5ik tahaks seda etendust n\u00e4ha. N\u00fc\u00fcd on t\u00f5epoolest m\u00f5tet tulla ja ohverdada \u00fcks p\u00f5hjamaine suve\u00f5htu Raadi v\u00e4ljade betoonist \u201ekividele\u201c, kus meeletult \u00f5itseva umbrohu vahel magavad n\u00f5ukogude kaponiiridesse kuhjununa m\u00e4lestused sellest, kes me oleme.<\/p>\n<p>Ma ei tea, kuidas k\u00e4ituvad k\u00f5igil j\u00e4rgnevatel etendustel taevased v\u00e4ed, kuid esietendust nad soosisid: meie saabudes terendas taevas vikerkaar, mis hiljem, \u00f5htuh\u00e4maruses rullus suureks roosaks sameteesriideks just selle kaponiiri kohal, kus me oma l\u00e4bi pisarate naeru naersime. Oli see n\u00fc\u00fcd Navitrolla v\u00f5i Nerva, kellele oli antud kujundada esietenduse taevalaotus, v\u00f5i keegi Kursi koolkonnast, Ilmar v\u00f5i Albert v\u00f5i Peeter&#8230; v\u00f5i hoopis&#8230;?<\/p>\n<p><a href=\"https:\/\/blog.erm.ee\/wp-content\/uploads\/2012\/08\/416063_395846047149255_1572813646_o.jpg\"><img loading=\"lazy\" decoding=\"async\" data-attachment-id=\"524\" data-permalink=\"https:\/\/blog.erm.ee\/?attachment_id=524#main\" data-orig-file=\"https:\/\/blog.erm.ee\/wp-content\/uploads\/2012\/08\/416063_395846047149255_1572813646_o.jpg\" data-orig-size=\"1600,1066\" data-comments-opened=\"1\" data-image-meta=\"{&quot;aperture&quot;:&quot;0&quot;,&quot;credit&quot;:&quot;&quot;,&quot;camera&quot;:&quot;&quot;,&quot;caption&quot;:&quot;&quot;,&quot;created_timestamp&quot;:&quot;0&quot;,&quot;copyright&quot;:&quot;&quot;,&quot;focal_length&quot;:&quot;0&quot;,&quot;iso&quot;:&quot;0&quot;,&quot;shutter_speed&quot;:&quot;0&quot;,&quot;title&quot;:&quot;&quot;}\" data-image-title=\"416063_395846047149255_1572813646_o\" data-image-description=\"\" data-image-caption=\"\" data-large-file=\"https:\/\/blog.erm.ee\/wp-content\/uploads\/2012\/08\/416063_395846047149255_1572813646_o-1024x682.jpg\" class=\"alignnone  wp-image-524\" title=\"416063_395846047149255_1572813646_o\" alt=\"\" src=\"https:\/\/blog.erm.ee\/wp-content\/uploads\/2012\/08\/416063_395846047149255_1572813646_o-1024x682.jpg\" width=\"1024\" height=\"682\" srcset=\"https:\/\/blog.erm.ee\/wp-content\/uploads\/2012\/08\/416063_395846047149255_1572813646_o-1024x682.jpg 1024w, https:\/\/blog.erm.ee\/wp-content\/uploads\/2012\/08\/416063_395846047149255_1572813646_o-390x260.jpg 390w, https:\/\/blog.erm.ee\/wp-content\/uploads\/2012\/08\/416063_395846047149255_1572813646_o-300x199.jpg 300w, https:\/\/blog.erm.ee\/wp-content\/uploads\/2012\/08\/416063_395846047149255_1572813646_o.jpg 1600w\" sizes=\"auto, (max-width: 1024px) 100vw, 1024px\" \/><\/a><\/p>\n<p>Igatahes oli looja k\u00e4si maalinud roosale sametile s\u00e4ravsinised r\u00f5\u00f5msad, p\u00e4rlmuterjalt helkivad \u00f6\u00f6pilvesagarad, justkui meie vaimseid v\u00e4\u00e4rtusi transportivad v\u00e4ikesed nunnud elektriautod. Ja k\u00f5ik eesti ritsikad olid kogunenud saatma lautot, akordioni, t\u0161ellot, trombooni ja l\u00f6\u00f6kpille oma miljonilise viiuldajate armeega. Ning meeste laulud olid tulvil uhkust selle \u00fcle, mida k\u00f5ike nad teha ning aretada oskavad. Neist lauludest, kus isegi kukel on muna, hakkan kindlasti juba septembris puudust tundma. Ja muidugi Hugost, sellest neljakuusest n\u00e4itlejast, kel oli nii palju loomulikku andi.<\/p>\n<p>Sellel \u00f5htul Raadil, esietendusel, oli nii lihtne tunda end \u00f5nnelikuna.<\/p>\n<div class=\"fcbkbttn_buttons_block\" id=\"fcbkbttn_left\"><div class=\"fcbkbttn_like \"><fb:like href=\"https:\/\/blog.erm.ee\/?p=522\" action=\"like\" colorscheme=\"light\" layout=\"standard\"  width=\"225px\" size=\"small\"><\/fb:like><\/div><div class=\"fb-share-button  \" data-href=\"https:\/\/blog.erm.ee\/?p=522\" data-type=\"button\" data-size=\"small\"><\/div><\/div>","protected":false},"excerpt":{"rendered":"<p>Tekst: Aivi Ross, muuseumianal\u00fc\u00fctik Fotod: Gabriela Liivam\u00e4gi L\u00e4ksin esietendusele suurte lootustega, kuna olin k\u00e4sikirja piilunud. Ja t\u00f5esti, see oli etendus, kus ei tehtud t\u00fchja nalja ning r\u00e4\u00e4giti ka t\u00f5sistest asjadest. Mul on hea meel, et selle loo sihtr\u00fchmaks ei olnud valitud v\u00e4ikest maksuj\u00f5ulist seltskonda, kel on aega ja tahtmist m\u00f6\u00f6da suveetendusi rallides oma elule pisut&hellip;<\/p>\n","protected":false},"author":1,"featured_media":524,"comment_status":"open","ping_status":"open","sticky":false,"template":"","format":"standard","meta":{"_monsterinsights_skip_tracking":false,"_monsterinsights_sitenote_active":false,"_monsterinsights_sitenote_note":"","_monsterinsights_sitenote_category":0,"jetpack_post_was_ever_published":false,"_jetpack_newsletter_access":"","_jetpack_dont_email_post_to_subs":false,"_jetpack_newsletter_tier_id":0,"_jetpack_memberships_contains_paywalled_content":false,"_jetpack_memberships_contains_paid_content":false,"footnotes":""},"categories":[19],"tags":[],"class_list":["post-522","post","type-post","status-publish","format-standard","has-post-thumbnail","hentry","category-sundmus"],"yoast_head":"<!-- This site is optimized with the Yoast SEO plugin v27.5 - https:\/\/yoast.com\/product\/yoast-seo-wordpress\/ -->\n<title>Raadi vaatem\u00e4ng \u201eOpus Geographicum...\u201c k\u00fctab kirgi - Eesti Rahva Muuseumi ajaveeb<\/title>\n<meta name=\"robots\" content=\"index, follow, max-snippet:-1, max-image-preview:large, max-video-preview:-1\" \/>\n<link rel=\"canonical\" href=\"https:\/\/blog.erm.ee\/?p=522\" \/>\n<meta property=\"og:locale\" content=\"et_EE\" \/>\n<meta property=\"og:type\" content=\"article\" \/>\n<meta property=\"og:title\" content=\"Raadi vaatem\u00e4ng \u201eOpus Geographicum...\u201c k\u00fctab kirgi - Eesti Rahva Muuseumi ajaveeb\" \/>\n<meta property=\"og:description\" content=\"Tekst: Aivi Ross, muuseumianal\u00fc\u00fctik Fotod: Gabriela Liivam\u00e4gi L\u00e4ksin esietendusele suurte lootustega, kuna olin k\u00e4sikirja piilunud. Ja t\u00f5esti, see oli etendus, kus ei tehtud t\u00fchja nalja ning r\u00e4\u00e4giti ka t\u00f5sistest asjadest. Mul on hea meel, et selle loo sihtr\u00fchmaks ei olnud valitud v\u00e4ikest maksuj\u00f5ulist seltskonda, kel on aega ja tahtmist m\u00f6\u00f6da suveetendusi rallides oma elule pisut&hellip;\" \/>\n<meta property=\"og:url\" content=\"https:\/\/blog.erm.ee\/?p=522\" \/>\n<meta property=\"og:site_name\" content=\"Eesti Rahva Muuseumi ajaveeb\" \/>\n<meta property=\"article:published_time\" content=\"2012-08-10T11:21:51+00:00\" \/>\n<meta property=\"article:modified_time\" content=\"2013-10-07T14:40:45+00:00\" \/>\n<meta property=\"og:image\" content=\"https:\/\/blog.erm.ee\/wp-content\/uploads\/2012\/08\/416063_395846047149255_1572813646_o.jpg\" \/>\n\t<meta property=\"og:image:width\" content=\"1600\" \/>\n\t<meta property=\"og:image:height\" content=\"1066\" \/>\n\t<meta property=\"og:image:type\" content=\"image\/jpeg\" \/>\n<meta name=\"author\" content=\"Eesti Rahva Muuseum\" \/>\n<meta name=\"twitter:card\" content=\"summary_large_image\" \/>\n<meta name=\"twitter:label1\" content=\"Written by\" \/>\n\t<meta name=\"twitter:data1\" content=\"Eesti Rahva Muuseum\" \/>\n\t<meta name=\"twitter:label2\" content=\"Est. reading time\" \/>\n\t<meta name=\"twitter:data2\" content=\"2 minutit\" \/>\n<script type=\"application\/ld+json\" class=\"yoast-schema-graph\">{\"@context\":\"https:\\\/\\\/schema.org\",\"@graph\":[{\"@type\":\"Article\",\"@id\":\"https:\\\/\\\/blog.erm.ee\\\/?p=522#article\",\"isPartOf\":{\"@id\":\"https:\\\/\\\/blog.erm.ee\\\/?p=522\"},\"author\":{\"name\":\"Eesti Rahva Muuseum\",\"@id\":\"https:\\\/\\\/blog.erm.ee\\\/#\\\/schema\\\/person\\\/6e98c391cb00a33e7c22a3571e062114\"},\"headline\":\"Raadi vaatem\u00e4ng \u201eOpus Geographicum&#8230;\u201c k\u00fctab kirgi\",\"datePublished\":\"2012-08-10T11:21:51+00:00\",\"dateModified\":\"2013-10-07T14:40:45+00:00\",\"mainEntityOfPage\":{\"@id\":\"https:\\\/\\\/blog.erm.ee\\\/?p=522\"},\"wordCount\":399,\"commentCount\":0,\"image\":{\"@id\":\"https:\\\/\\\/blog.erm.ee\\\/?p=522#primaryimage\"},\"thumbnailUrl\":\"https:\\\/\\\/blog.erm.ee\\\/wp-content\\\/uploads\\\/2012\\\/08\\\/416063_395846047149255_1572813646_o.jpg\",\"articleSection\":[\"S\u00fcndmus\"],\"inLanguage\":\"et\",\"potentialAction\":[{\"@type\":\"CommentAction\",\"name\":\"Comment\",\"target\":[\"https:\\\/\\\/blog.erm.ee\\\/?p=522#respond\"]}]},{\"@type\":\"WebPage\",\"@id\":\"https:\\\/\\\/blog.erm.ee\\\/?p=522\",\"url\":\"https:\\\/\\\/blog.erm.ee\\\/?p=522\",\"name\":\"Raadi vaatem\u00e4ng \u201eOpus Geographicum...\u201c k\u00fctab kirgi - Eesti Rahva Muuseumi ajaveeb\",\"isPartOf\":{\"@id\":\"https:\\\/\\\/blog.erm.ee\\\/#website\"},\"primaryImageOfPage\":{\"@id\":\"https:\\\/\\\/blog.erm.ee\\\/?p=522#primaryimage\"},\"image\":{\"@id\":\"https:\\\/\\\/blog.erm.ee\\\/?p=522#primaryimage\"},\"thumbnailUrl\":\"https:\\\/\\\/blog.erm.ee\\\/wp-content\\\/uploads\\\/2012\\\/08\\\/416063_395846047149255_1572813646_o.jpg\",\"datePublished\":\"2012-08-10T11:21:51+00:00\",\"dateModified\":\"2013-10-07T14:40:45+00:00\",\"author\":{\"@id\":\"https:\\\/\\\/blog.erm.ee\\\/#\\\/schema\\\/person\\\/6e98c391cb00a33e7c22a3571e062114\"},\"breadcrumb\":{\"@id\":\"https:\\\/\\\/blog.erm.ee\\\/?p=522#breadcrumb\"},\"inLanguage\":\"et\",\"potentialAction\":[{\"@type\":\"ReadAction\",\"target\":[\"https:\\\/\\\/blog.erm.ee\\\/?p=522\"]}]},{\"@type\":\"ImageObject\",\"inLanguage\":\"et\",\"@id\":\"https:\\\/\\\/blog.erm.ee\\\/?p=522#primaryimage\",\"url\":\"https:\\\/\\\/blog.erm.ee\\\/wp-content\\\/uploads\\\/2012\\\/08\\\/416063_395846047149255_1572813646_o.jpg\",\"contentUrl\":\"https:\\\/\\\/blog.erm.ee\\\/wp-content\\\/uploads\\\/2012\\\/08\\\/416063_395846047149255_1572813646_o.jpg\",\"width\":1600,\"height\":1066},{\"@type\":\"BreadcrumbList\",\"@id\":\"https:\\\/\\\/blog.erm.ee\\\/?p=522#breadcrumb\",\"itemListElement\":[{\"@type\":\"ListItem\",\"position\":1,\"name\":\"Home\",\"item\":\"https:\\\/\\\/blog.erm.ee\\\/\"},{\"@type\":\"ListItem\",\"position\":2,\"name\":\"Raadi vaatem\u00e4ng \u201eOpus Geographicum&#8230;\u201c k\u00fctab kirgi\"}]},{\"@type\":\"WebSite\",\"@id\":\"https:\\\/\\\/blog.erm.ee\\\/#website\",\"url\":\"https:\\\/\\\/blog.erm.ee\\\/\",\"name\":\"Eesti Rahva Muuseumi ajaveeb\",\"description\":\"\",\"potentialAction\":[{\"@type\":\"SearchAction\",\"target\":{\"@type\":\"EntryPoint\",\"urlTemplate\":\"https:\\\/\\\/blog.erm.ee\\\/?s={search_term_string}\"},\"query-input\":{\"@type\":\"PropertyValueSpecification\",\"valueRequired\":true,\"valueName\":\"search_term_string\"}}],\"inLanguage\":\"et\"},{\"@type\":\"Person\",\"@id\":\"https:\\\/\\\/blog.erm.ee\\\/#\\\/schema\\\/person\\\/6e98c391cb00a33e7c22a3571e062114\",\"name\":\"Eesti Rahva Muuseum\",\"image\":{\"@type\":\"ImageObject\",\"inLanguage\":\"et\",\"@id\":\"https:\\\/\\\/secure.gravatar.com\\\/avatar\\\/cb6d9ad5fb49f3f7315028ce5fe60641075f2cb52b8a058ff5a985fa2d8c1da0?s=96&d=mm&r=g\",\"url\":\"https:\\\/\\\/secure.gravatar.com\\\/avatar\\\/cb6d9ad5fb49f3f7315028ce5fe60641075f2cb52b8a058ff5a985fa2d8c1da0?s=96&d=mm&r=g\",\"contentUrl\":\"https:\\\/\\\/secure.gravatar.com\\\/avatar\\\/cb6d9ad5fb49f3f7315028ce5fe60641075f2cb52b8a058ff5a985fa2d8c1da0?s=96&d=mm&r=g\",\"caption\":\"Eesti Rahva Muuseum\"},\"sameAs\":[\"http:\\\/\\\/www.erm.ee\"],\"url\":\"https:\\\/\\\/blog.erm.ee\\\/?author=1\"}]}<\/script>\n<!-- \/ Yoast SEO plugin. -->","yoast_head_json":{"title":"Raadi vaatem\u00e4ng \u201eOpus Geographicum...\u201c k\u00fctab kirgi - Eesti Rahva Muuseumi ajaveeb","robots":{"index":"index","follow":"follow","max-snippet":"max-snippet:-1","max-image-preview":"max-image-preview:large","max-video-preview":"max-video-preview:-1"},"canonical":"https:\/\/blog.erm.ee\/?p=522","og_locale":"et_EE","og_type":"article","og_title":"Raadi vaatem\u00e4ng \u201eOpus Geographicum...\u201c k\u00fctab kirgi - Eesti Rahva Muuseumi ajaveeb","og_description":"Tekst: Aivi Ross, muuseumianal\u00fc\u00fctik Fotod: Gabriela Liivam\u00e4gi L\u00e4ksin esietendusele suurte lootustega, kuna olin k\u00e4sikirja piilunud. Ja t\u00f5esti, see oli etendus, kus ei tehtud t\u00fchja nalja ning r\u00e4\u00e4giti ka t\u00f5sistest asjadest. Mul on hea meel, et selle loo sihtr\u00fchmaks ei olnud valitud v\u00e4ikest maksuj\u00f5ulist seltskonda, kel on aega ja tahtmist m\u00f6\u00f6da suveetendusi rallides oma elule pisut&hellip;","og_url":"https:\/\/blog.erm.ee\/?p=522","og_site_name":"Eesti Rahva Muuseumi ajaveeb","article_published_time":"2012-08-10T11:21:51+00:00","article_modified_time":"2013-10-07T14:40:45+00:00","og_image":[{"width":1600,"height":1066,"url":"https:\/\/blog.erm.ee\/wp-content\/uploads\/2012\/08\/416063_395846047149255_1572813646_o.jpg","type":"image\/jpeg"}],"author":"Eesti Rahva Muuseum","twitter_card":"summary_large_image","twitter_misc":{"Written by":"Eesti Rahva Muuseum","Est. reading time":"2 minutit"},"schema":{"@context":"https:\/\/schema.org","@graph":[{"@type":"Article","@id":"https:\/\/blog.erm.ee\/?p=522#article","isPartOf":{"@id":"https:\/\/blog.erm.ee\/?p=522"},"author":{"name":"Eesti Rahva Muuseum","@id":"https:\/\/blog.erm.ee\/#\/schema\/person\/6e98c391cb00a33e7c22a3571e062114"},"headline":"Raadi vaatem\u00e4ng \u201eOpus Geographicum&#8230;\u201c k\u00fctab kirgi","datePublished":"2012-08-10T11:21:51+00:00","dateModified":"2013-10-07T14:40:45+00:00","mainEntityOfPage":{"@id":"https:\/\/blog.erm.ee\/?p=522"},"wordCount":399,"commentCount":0,"image":{"@id":"https:\/\/blog.erm.ee\/?p=522#primaryimage"},"thumbnailUrl":"https:\/\/blog.erm.ee\/wp-content\/uploads\/2012\/08\/416063_395846047149255_1572813646_o.jpg","articleSection":["S\u00fcndmus"],"inLanguage":"et","potentialAction":[{"@type":"CommentAction","name":"Comment","target":["https:\/\/blog.erm.ee\/?p=522#respond"]}]},{"@type":"WebPage","@id":"https:\/\/blog.erm.ee\/?p=522","url":"https:\/\/blog.erm.ee\/?p=522","name":"Raadi vaatem\u00e4ng \u201eOpus Geographicum...\u201c k\u00fctab kirgi - Eesti Rahva Muuseumi ajaveeb","isPartOf":{"@id":"https:\/\/blog.erm.ee\/#website"},"primaryImageOfPage":{"@id":"https:\/\/blog.erm.ee\/?p=522#primaryimage"},"image":{"@id":"https:\/\/blog.erm.ee\/?p=522#primaryimage"},"thumbnailUrl":"https:\/\/blog.erm.ee\/wp-content\/uploads\/2012\/08\/416063_395846047149255_1572813646_o.jpg","datePublished":"2012-08-10T11:21:51+00:00","dateModified":"2013-10-07T14:40:45+00:00","author":{"@id":"https:\/\/blog.erm.ee\/#\/schema\/person\/6e98c391cb00a33e7c22a3571e062114"},"breadcrumb":{"@id":"https:\/\/blog.erm.ee\/?p=522#breadcrumb"},"inLanguage":"et","potentialAction":[{"@type":"ReadAction","target":["https:\/\/blog.erm.ee\/?p=522"]}]},{"@type":"ImageObject","inLanguage":"et","@id":"https:\/\/blog.erm.ee\/?p=522#primaryimage","url":"https:\/\/blog.erm.ee\/wp-content\/uploads\/2012\/08\/416063_395846047149255_1572813646_o.jpg","contentUrl":"https:\/\/blog.erm.ee\/wp-content\/uploads\/2012\/08\/416063_395846047149255_1572813646_o.jpg","width":1600,"height":1066},{"@type":"BreadcrumbList","@id":"https:\/\/blog.erm.ee\/?p=522#breadcrumb","itemListElement":[{"@type":"ListItem","position":1,"name":"Home","item":"https:\/\/blog.erm.ee\/"},{"@type":"ListItem","position":2,"name":"Raadi vaatem\u00e4ng \u201eOpus Geographicum&#8230;\u201c k\u00fctab kirgi"}]},{"@type":"WebSite","@id":"https:\/\/blog.erm.ee\/#website","url":"https:\/\/blog.erm.ee\/","name":"Eesti Rahva Muuseumi ajaveeb","description":"","potentialAction":[{"@type":"SearchAction","target":{"@type":"EntryPoint","urlTemplate":"https:\/\/blog.erm.ee\/?s={search_term_string}"},"query-input":{"@type":"PropertyValueSpecification","valueRequired":true,"valueName":"search_term_string"}}],"inLanguage":"et"},{"@type":"Person","@id":"https:\/\/blog.erm.ee\/#\/schema\/person\/6e98c391cb00a33e7c22a3571e062114","name":"Eesti Rahva Muuseum","image":{"@type":"ImageObject","inLanguage":"et","@id":"https:\/\/secure.gravatar.com\/avatar\/cb6d9ad5fb49f3f7315028ce5fe60641075f2cb52b8a058ff5a985fa2d8c1da0?s=96&d=mm&r=g","url":"https:\/\/secure.gravatar.com\/avatar\/cb6d9ad5fb49f3f7315028ce5fe60641075f2cb52b8a058ff5a985fa2d8c1da0?s=96&d=mm&r=g","contentUrl":"https:\/\/secure.gravatar.com\/avatar\/cb6d9ad5fb49f3f7315028ce5fe60641075f2cb52b8a058ff5a985fa2d8c1da0?s=96&d=mm&r=g","caption":"Eesti Rahva Muuseum"},"sameAs":["http:\/\/www.erm.ee"],"url":"https:\/\/blog.erm.ee\/?author=1"}]}},"jetpack_featured_media_url":"https:\/\/blog.erm.ee\/wp-content\/uploads\/2012\/08\/416063_395846047149255_1572813646_o.jpg","jetpack_shortlink":"https:\/\/wp.me\/p2l9Zd-8q","jetpack_sharing_enabled":true,"jetpack_likes_enabled":true,"_links":{"self":[{"href":"https:\/\/blog.erm.ee\/index.php?rest_route=\/wp\/v2\/posts\/522","targetHints":{"allow":["GET"]}}],"collection":[{"href":"https:\/\/blog.erm.ee\/index.php?rest_route=\/wp\/v2\/posts"}],"about":[{"href":"https:\/\/blog.erm.ee\/index.php?rest_route=\/wp\/v2\/types\/post"}],"author":[{"embeddable":true,"href":"https:\/\/blog.erm.ee\/index.php?rest_route=\/wp\/v2\/users\/1"}],"replies":[{"embeddable":true,"href":"https:\/\/blog.erm.ee\/index.php?rest_route=%2Fwp%2Fv2%2Fcomments&post=522"}],"version-history":[{"count":7,"href":"https:\/\/blog.erm.ee\/index.php?rest_route=\/wp\/v2\/posts\/522\/revisions"}],"predecessor-version":[{"id":3213,"href":"https:\/\/blog.erm.ee\/index.php?rest_route=\/wp\/v2\/posts\/522\/revisions\/3213"}],"wp:featuredmedia":[{"embeddable":true,"href":"https:\/\/blog.erm.ee\/index.php?rest_route=\/wp\/v2\/media\/524"}],"wp:attachment":[{"href":"https:\/\/blog.erm.ee\/index.php?rest_route=%2Fwp%2Fv2%2Fmedia&parent=522"}],"wp:term":[{"taxonomy":"category","embeddable":true,"href":"https:\/\/blog.erm.ee\/index.php?rest_route=%2Fwp%2Fv2%2Fcategories&post=522"},{"taxonomy":"post_tag","embeddable":true,"href":"https:\/\/blog.erm.ee\/index.php?rest_route=%2Fwp%2Fv2%2Ftags&post=522"}],"curies":[{"name":"wp","href":"https:\/\/api.w.org\/{rel}","templated":true}]}}