{"id":5219,"date":"2014-09-10T07:14:26","date_gmt":"2014-09-10T05:14:26","guid":{"rendered":"http:\/\/blog.erm.ee\/?p=5219"},"modified":"2014-09-10T08:13:28","modified_gmt":"2014-09-10T06:13:28","slug":"kui-sarikad-on-pusti","status":"publish","type":"post","link":"https:\/\/blog.erm.ee\/?p=5219","title":{"rendered":"Kui sarikad on p\u00fcsti"},"content":{"rendered":"<div class=\"fcbkbttn_buttons_block\" id=\"fcbkbttn_left\"><div class=\"fcbkbttn_like \"><fb:like href=\"https:\/\/blog.erm.ee\/?p=5219\" action=\"like\" colorscheme=\"light\" layout=\"standard\"  width=\"225px\" size=\"small\"><\/fb:like><\/div><div class=\"fb-share-button  \" data-href=\"https:\/\/blog.erm.ee\/?p=5219\" data-type=\"button\" data-size=\"small\"><\/div><\/div><p><em>Kaarel Tarand, avalike suhete juht<\/em><\/p>\n<p><em>Fotod: Arp Karm<\/em><\/p>\n<p>Augusti l\u00f5pul toimus Eesti Rahva Muuseumi uue hoone ehitusel sarikapidu. Ja pidu oli lahe ka maja tulevaste kasutajate jaoks, ehkki traditsiooniliselt on sarikapidu just ehitaja ja tulevase majaomaniku (kelleks on teatavasti Riigi Kinnisvara AS) vaheline asi.<\/p>\n<p>Kui majal on sarikad peal, ERMi hoone puhul eriti see viimane, peasissep\u00e4\u00e4su rippuvat varikatust toestav hiigelferm (v\u00f5i turvik), t\u00e4hendab see, et maja kontuur on paigas ja \u00fcldm\u00f5\u00f5tmed silmaga n\u00e4ha. N\u00fc\u00fcd pole ka v\u00e4hema ruumilise kujutlusv\u00f5imega inimestel enam raskusi selle m\u00f5istmisega, mis aasta ja eriti paari p\u00e4rast muuseumi tegevuskeskkonnana ees ootab.<\/p>\n<p><img loading=\"lazy\" decoding=\"async\" data-attachment-id=\"5223\" data-permalink=\"https:\/\/blog.erm.ee\/?attachment_id=5223#main\" data-orig-file=\"https:\/\/blog.erm.ee\/wp-content\/uploads\/2014\/09\/ak0118.jpg\" data-orig-size=\"1600,1068\" data-comments-opened=\"1\" data-image-meta=\"{&quot;aperture&quot;:&quot;0&quot;,&quot;credit&quot;:&quot;&quot;,&quot;camera&quot;:&quot;&quot;,&quot;caption&quot;:&quot;&quot;,&quot;created_timestamp&quot;:&quot;1409318634&quot;,&quot;copyright&quot;:&quot;\\u00a9 Arp Karm\/Eesti Rahva Muuseum 2014&quot;,&quot;focal_length&quot;:&quot;0&quot;,&quot;iso&quot;:&quot;0&quot;,&quot;shutter_speed&quot;:&quot;0&quot;,&quot;title&quot;:&quot;&quot;}\" data-image-title=\"ak0118\" data-image-description=\"\" data-image-caption=\"\" data-large-file=\"https:\/\/blog.erm.ee\/wp-content\/uploads\/2014\/09\/ak0118-1024x683.jpg\" class=\"alignnone size-large wp-image-5223\" src=\"https:\/\/blog.erm.ee\/wp-content\/uploads\/2014\/09\/ak0118-1024x683.jpg\" alt=\"ak0118\" width=\"700\" height=\"466\" srcset=\"https:\/\/blog.erm.ee\/wp-content\/uploads\/2014\/09\/ak0118-1024x683.jpg 1024w, https:\/\/blog.erm.ee\/wp-content\/uploads\/2014\/09\/ak0118-389x260.jpg 389w, https:\/\/blog.erm.ee\/wp-content\/uploads\/2014\/09\/ak0118-300x200.jpg 300w, https:\/\/blog.erm.ee\/wp-content\/uploads\/2014\/09\/ak0118.jpg 1600w\" sizes=\"auto, (max-width: 700px) 100vw, 700px\" \/><em>Direktor T\u00f5nis Lukas katuselt p\u00e4rga alla toomas.<\/em><\/p>\n<p>ERMi maja ehitus on omamoodi meeldiv pretsedent ses m\u00f5ttes, et erinevalt avalike suurehitistega nii sageli juhtuvast on seekord ehitamine p\u00fcsinud esiteks algses ajagraafikus ja kulgenud suuremate vaidlusteta ehitaja ja tellija vahel. See on v\u00e4hendanud v\u00f5imalust, et negatiivsete uudiste foon neile, kes muuseumi t\u00e4hendust ja vajadust veel l\u00f5puni ei m\u00f5ista (tuntumatest n\u00e4iteks Neeme J\u00e4rvi) pidevalt uusi okkaid hinge ei vajuta. Samuti saavad muuseumi t\u00f6\u00f6tajad keskenduda uue peahoone sisu loomisele, tarvitsemata p\u00fc\u00fcda mingilt pealesurutud kaitsepositsioonilt p\u00f5hjendada ja \u00f5igustada seda, mille otsustamine ja kulg pole sugugi nende kontrollida ega suunata olnud.<\/p>\n<p>T\u00e4hendab, j\u00e4rjest ja kindlalt suureneb t\u00f5en\u00e4osus, et muuseumi uue hoone uksed Eestile ja maailmale avanevad nii, nagu plaanitud, 1. oktoobril 2016 (olgu siis veelkord m\u00e4rgitud, et paraku k\u00f5ik miljon eestlast v\u00f5i mitu miljardit muud maailmakodanikku esimesel p\u00e4eval sisse ei mahu). Selleks on vaja, et lisaks ehitajale ja tellijale, tulevasele majaomanikule teeks oma t\u00f6\u00f6 t\u00e4htaegselt ja kvaliteetselt \u00e4ra ka k\u00f5ik need, kellest s\u00f5ltub sisu. \u00d5nnestuma peab nii uute p\u00fcsin\u00e4ituste kokkupanek ja ehitamine, aga ka kolimine. Ja siis on veel miljon suurt ja pisiasja, mis peavad olema valmis selleks hetkeks, kui uksed lahti l\u00fckatakse. Et nii l\u00e4heks, selleks ongi muuseumi sisemise t\u00f6\u00f6 fookus juba ammu mujal kui hoone ehitus \u2013 selle ootamise sajandipikkune faas sai nurgakivi panekuga enam kui aasta tagasi l\u00f5plikult l\u00e4bi. Nii m\u00f5neski m\u00f5ttes elatakse muuseumi sees avalikkuse ja selle ootustega v\u00e4hemalt aastases ajanihkes.<\/p>\n<p><img loading=\"lazy\" decoding=\"async\" data-attachment-id=\"5222\" data-permalink=\"https:\/\/blog.erm.ee\/?attachment_id=5222#main\" data-orig-file=\"https:\/\/blog.erm.ee\/wp-content\/uploads\/2014\/09\/ak0302.jpg\" data-orig-size=\"1600,1068\" data-comments-opened=\"1\" data-image-meta=\"{&quot;aperture&quot;:&quot;0&quot;,&quot;credit&quot;:&quot;&quot;,&quot;camera&quot;:&quot;&quot;,&quot;caption&quot;:&quot;&quot;,&quot;created_timestamp&quot;:&quot;1409320712&quot;,&quot;copyright&quot;:&quot;\\u00a9 Arp Karm\/Eesti Rahva Muuseum 2014&quot;,&quot;focal_length&quot;:&quot;0&quot;,&quot;iso&quot;:&quot;0&quot;,&quot;shutter_speed&quot;:&quot;0&quot;,&quot;title&quot;:&quot;&quot;}\" data-image-title=\"ak0302\" data-image-description=\"\" data-image-caption=\"\" data-large-file=\"https:\/\/blog.erm.ee\/wp-content\/uploads\/2014\/09\/ak0302-1024x683.jpg\" class=\"alignnone size-large wp-image-5222\" src=\"https:\/\/blog.erm.ee\/wp-content\/uploads\/2014\/09\/ak0302-1024x683.jpg\" alt=\"ak0302\" width=\"700\" height=\"466\" srcset=\"https:\/\/blog.erm.ee\/wp-content\/uploads\/2014\/09\/ak0302-1024x683.jpg 1024w, https:\/\/blog.erm.ee\/wp-content\/uploads\/2014\/09\/ak0302-389x260.jpg 389w, https:\/\/blog.erm.ee\/wp-content\/uploads\/2014\/09\/ak0302-300x200.jpg 300w, https:\/\/blog.erm.ee\/wp-content\/uploads\/2014\/09\/ak0302.jpg 1600w\" sizes=\"auto, (max-width: 700px) 100vw, 700px\" \/><em>Sarikapeo avamine.<\/em><\/p>\n<p>Alustagem sellest, et vastavalt seadusele, arengukavale jne peab muuseum pakkuma k\u00f5igis oma projektij\u00e4rgsetes ruumides ka pidevat tegevusprogrammi. Eesk\u00e4tt puudutab see hariduskeskust, t\u00f6\u00f6tube, auditooriume, konverentsi-, kino- ja teatrisaale. Tehnoloogilise singulaarsuse v\u00e4\u00e4ramatust saabumisest hoolimata on see esialgu ja veel aastaid ikka inimt\u00f6\u00f6. Kas me iga plaanitud (ja praegusega v\u00f5rreldes lisa-)t\u00f6\u00f6 peale ka inimese leiame, pole veel selge. T\u00e4navu ei juhtu t\u00f5en\u00e4oliselt midagi, kuid l\u00e4henevad riigikogu valimised ja nendega seoses erakondade valimisprogrammidesse tekkivad kultuuripoliitika peat\u00fckid peaksid aimu andma, kas ja kes tulevastest riigijuhtidest ja millise n\u00e4oga kavatseb avamispidustustest 2016 s\u00fcgisel osa v\u00f5tta.<\/p>\n<p>Selleks, et kogu sisuline tegevus saaks t\u00e4htaegselt k\u00e4ivituda, peab keegi neid programme kirjutama, valmistama ette vajalikud abivahendid nende l\u00e4biviimiseks, korraldama, leppima kokku, aga l\u00f5puks ikkagi katma ka eelarveliselt (ja nagu teada, Eesti riigis eelarvelisi tagatisi pikaks ette ei anta). Paralleelselt peavad k\u00e4ivituma ka nn tugiteenused, millest k\u00fcllap lihtsaim on m\u00f5ista kaubandust ja toitlustust. Muuseum saab olema piisavalt suur selleks, et sinna saabudes j\u00e4\u00e4da pooleks v\u00f5i koguni terveks p\u00e4evaks. V\u00e4ltimatu on, et majas oleks igale saabujale taskukohast s\u00f6\u00f6ki pakkuda. Mitte et see n\u00fc\u00fcd mingi \u00fcletamatu peavalu oleks, aga riigiasutusel on majandusliku abitegevuse korraldamisega alati seotud nii m\u00f5nigi juriidiline ja finantsn\u00fcanss, mille peale eraettev\u00f5tja uneski ei tule. Eestis on v\u00f5im tootnud palju reegleid. T\u00fckati liigagi palju.<\/p>\n<p><a href=\"https:\/\/blog.erm.ee\/wp-content\/uploads\/2014\/09\/ak0206.jpg\"><img loading=\"lazy\" decoding=\"async\" data-attachment-id=\"5224\" data-permalink=\"https:\/\/blog.erm.ee\/?attachment_id=5224#main\" data-orig-file=\"https:\/\/blog.erm.ee\/wp-content\/uploads\/2014\/09\/ak0206.jpg\" data-orig-size=\"1600,1068\" data-comments-opened=\"1\" data-image-meta=\"{&quot;aperture&quot;:&quot;0&quot;,&quot;credit&quot;:&quot;&quot;,&quot;camera&quot;:&quot;&quot;,&quot;caption&quot;:&quot;&quot;,&quot;created_timestamp&quot;:&quot;1409319370&quot;,&quot;copyright&quot;:&quot;\\u00a9 Arp Karm\/Eesti Rahva Muuseum 2014&quot;,&quot;focal_length&quot;:&quot;0&quot;,&quot;iso&quot;:&quot;0&quot;,&quot;shutter_speed&quot;:&quot;0&quot;,&quot;title&quot;:&quot;&quot;}\" data-image-title=\"ak0206\" data-image-description=\"\" data-image-caption=\"\" data-large-file=\"https:\/\/blog.erm.ee\/wp-content\/uploads\/2014\/09\/ak0206-1024x683.jpg\" class=\"alignnone size-large wp-image-5224\" src=\"https:\/\/blog.erm.ee\/wp-content\/uploads\/2014\/09\/ak0206-1024x683.jpg\" alt=\"ak0206\" width=\"700\" height=\"466\" srcset=\"https:\/\/blog.erm.ee\/wp-content\/uploads\/2014\/09\/ak0206-1024x683.jpg 1024w, https:\/\/blog.erm.ee\/wp-content\/uploads\/2014\/09\/ak0206-389x260.jpg 389w, https:\/\/blog.erm.ee\/wp-content\/uploads\/2014\/09\/ak0206-300x200.jpg 300w, https:\/\/blog.erm.ee\/wp-content\/uploads\/2014\/09\/ak0206.jpg 1600w\" sizes=\"auto, (max-width: 700px) 100vw, 700px\" \/><\/a><\/p>\n<p>Kuigi m\u00e4\u00e4ramatust on veel \u00fcksjagu, pole siiski p\u00f5hjust eriti pabistada, et muuseumist ja meie t\u00f6\u00f6tajatest s\u00f5ltuva osas miski tegemata j\u00e4\u00e4ks v\u00f5i valmis ei saaks. Aga teatavasti on asukohavalikust ja\u00a0 projekteerimisv\u00f5istlusest saadik r\u00e4\u00e4gitud ERMi uuest majast kui kogu \u00fcmbrust defineerivast ja m\u00f5testavast maam\u00e4rgist. Seda rolli saab t\u00e4ita aga ainult tingimusel, et maam\u00e4rk maa peal v\u00f5sa vahelt v\u00e4lja paistab, et nii Tartu linna kui ka Tartu valla territooriumil teevad asjaomased k\u00f5ik selleks, et muuseumi \u00fcmbruse heakord oleks avamisp\u00e4evaks sama laitmatu kui sisu. Vene s\u00f5jav\u00e4est maha j\u00e4\u00e4nud t\u00fchermaa t\u00e4ielik korrastamine ei ole midagi, mida saaks teha \u201ekaugemas tulevikus ja vabade vahendite leidmisel\u201c. Seep\u00e4rast lootkem, et k\u00f5ikjale, kus raha jagatakse ja otsuseid langetatakse, j\u00f5uab ka arusaam t\u00f6\u00f6de t\u00e4htsuse j\u00e4rjekorrast Tartus Raadil, kus iga j\u00e4rgneva ehitusp\u00e4evaga suureneb kontrast uue ilu ja endise inetuse vahel.<\/p>\n<div class=\"fcbkbttn_buttons_block\" id=\"fcbkbttn_left\"><div class=\"fcbkbttn_like \"><fb:like href=\"https:\/\/blog.erm.ee\/?p=5219\" action=\"like\" colorscheme=\"light\" layout=\"standard\"  width=\"225px\" size=\"small\"><\/fb:like><\/div><div class=\"fb-share-button  \" data-href=\"https:\/\/blog.erm.ee\/?p=5219\" data-type=\"button\" data-size=\"small\"><\/div><\/div>","protected":false},"excerpt":{"rendered":"<p>Kaarel Tarand, avalike suhete juht Fotod: Arp Karm Augusti l\u00f5pul toimus Eesti Rahva Muuseumi uue hoone ehitusel sarikapidu. Ja pidu oli lahe ka maja tulevaste kasutajate jaoks, ehkki traditsiooniliselt on sarikapidu just ehitaja ja tulevase majaomaniku (kelleks on teatavasti Riigi Kinnisvara AS) vaheline asi. Kui majal on sarikad peal, ERMi hoone puhul eriti see viimane,&hellip;<\/p>\n","protected":false},"author":1,"featured_media":5222,"comment_status":"open","ping_status":"open","sticky":false,"template":"","format":"standard","meta":{"_monsterinsights_skip_tracking":false,"_monsterinsights_sitenote_active":false,"_monsterinsights_sitenote_note":"","_monsterinsights_sitenote_category":0,"jetpack_post_was_ever_published":false,"_jetpack_newsletter_access":"","_jetpack_dont_email_post_to_subs":false,"_jetpack_newsletter_tier_id":0,"_jetpack_memberships_contains_paywalled_content":false,"_jetpack_memberships_contains_paid_content":false,"footnotes":""},"categories":[20],"tags":[],"class_list":["post-5219","post","type-post","status-publish","format-standard","has-post-thumbnail","hentry","category-muuseumimotted"],"yoast_head":"<!-- This site is optimized with the Yoast SEO plugin v27.5 - https:\/\/yoast.com\/product\/yoast-seo-wordpress\/ -->\n<title>Kui sarikad on p\u00fcsti - Eesti Rahva Muuseumi ajaveeb<\/title>\n<meta name=\"robots\" content=\"index, follow, max-snippet:-1, max-image-preview:large, max-video-preview:-1\" \/>\n<link rel=\"canonical\" href=\"https:\/\/blog.erm.ee\/?p=5219\" \/>\n<meta property=\"og:locale\" content=\"et_EE\" \/>\n<meta property=\"og:type\" content=\"article\" \/>\n<meta property=\"og:title\" content=\"Kui sarikad on p\u00fcsti - Eesti Rahva Muuseumi ajaveeb\" \/>\n<meta property=\"og:description\" content=\"Kaarel Tarand, avalike suhete juht Fotod: Arp Karm Augusti l\u00f5pul toimus Eesti Rahva Muuseumi uue hoone ehitusel sarikapidu. Ja pidu oli lahe ka maja tulevaste kasutajate jaoks, ehkki traditsiooniliselt on sarikapidu just ehitaja ja tulevase majaomaniku (kelleks on teatavasti Riigi Kinnisvara AS) vaheline asi. Kui majal on sarikad peal, ERMi hoone puhul eriti see viimane,&hellip;\" \/>\n<meta property=\"og:url\" content=\"https:\/\/blog.erm.ee\/?p=5219\" \/>\n<meta property=\"og:site_name\" content=\"Eesti Rahva Muuseumi ajaveeb\" \/>\n<meta property=\"article:published_time\" content=\"2014-09-10T05:14:26+00:00\" \/>\n<meta property=\"article:modified_time\" content=\"2014-09-10T06:13:28+00:00\" \/>\n<meta property=\"og:image\" content=\"https:\/\/blog.erm.ee\/wp-content\/uploads\/2014\/09\/ak0302.jpg\" \/>\n\t<meta property=\"og:image:width\" content=\"1600\" \/>\n\t<meta property=\"og:image:height\" content=\"1068\" \/>\n\t<meta property=\"og:image:type\" content=\"image\/jpeg\" \/>\n<meta name=\"author\" content=\"Eesti Rahva Muuseum\" \/>\n<meta name=\"twitter:card\" content=\"summary_large_image\" \/>\n<meta name=\"twitter:label1\" content=\"Written by\" \/>\n\t<meta name=\"twitter:data1\" content=\"Eesti Rahva Muuseum\" \/>\n\t<meta name=\"twitter:label2\" content=\"Est. reading time\" \/>\n\t<meta name=\"twitter:data2\" content=\"4 minutit\" \/>\n<script type=\"application\/ld+json\" class=\"yoast-schema-graph\">{\"@context\":\"https:\\\/\\\/schema.org\",\"@graph\":[{\"@type\":\"Article\",\"@id\":\"https:\\\/\\\/blog.erm.ee\\\/?p=5219#article\",\"isPartOf\":{\"@id\":\"https:\\\/\\\/blog.erm.ee\\\/?p=5219\"},\"author\":{\"name\":\"Eesti Rahva Muuseum\",\"@id\":\"https:\\\/\\\/blog.erm.ee\\\/#\\\/schema\\\/person\\\/6e98c391cb00a33e7c22a3571e062114\"},\"headline\":\"Kui sarikad on p\u00fcsti\",\"datePublished\":\"2014-09-10T05:14:26+00:00\",\"dateModified\":\"2014-09-10T06:13:28+00:00\",\"mainEntityOfPage\":{\"@id\":\"https:\\\/\\\/blog.erm.ee\\\/?p=5219\"},\"wordCount\":765,\"commentCount\":0,\"image\":{\"@id\":\"https:\\\/\\\/blog.erm.ee\\\/?p=5219#primaryimage\"},\"thumbnailUrl\":\"https:\\\/\\\/blog.erm.ee\\\/wp-content\\\/uploads\\\/2014\\\/09\\\/ak0302.jpg\",\"articleSection\":[\"Muuseumim\u00f5tted\"],\"inLanguage\":\"et\",\"potentialAction\":[{\"@type\":\"CommentAction\",\"name\":\"Comment\",\"target\":[\"https:\\\/\\\/blog.erm.ee\\\/?p=5219#respond\"]}]},{\"@type\":\"WebPage\",\"@id\":\"https:\\\/\\\/blog.erm.ee\\\/?p=5219\",\"url\":\"https:\\\/\\\/blog.erm.ee\\\/?p=5219\",\"name\":\"Kui sarikad on p\u00fcsti - Eesti Rahva Muuseumi ajaveeb\",\"isPartOf\":{\"@id\":\"https:\\\/\\\/blog.erm.ee\\\/#website\"},\"primaryImageOfPage\":{\"@id\":\"https:\\\/\\\/blog.erm.ee\\\/?p=5219#primaryimage\"},\"image\":{\"@id\":\"https:\\\/\\\/blog.erm.ee\\\/?p=5219#primaryimage\"},\"thumbnailUrl\":\"https:\\\/\\\/blog.erm.ee\\\/wp-content\\\/uploads\\\/2014\\\/09\\\/ak0302.jpg\",\"datePublished\":\"2014-09-10T05:14:26+00:00\",\"dateModified\":\"2014-09-10T06:13:28+00:00\",\"author\":{\"@id\":\"https:\\\/\\\/blog.erm.ee\\\/#\\\/schema\\\/person\\\/6e98c391cb00a33e7c22a3571e062114\"},\"breadcrumb\":{\"@id\":\"https:\\\/\\\/blog.erm.ee\\\/?p=5219#breadcrumb\"},\"inLanguage\":\"et\",\"potentialAction\":[{\"@type\":\"ReadAction\",\"target\":[\"https:\\\/\\\/blog.erm.ee\\\/?p=5219\"]}]},{\"@type\":\"ImageObject\",\"inLanguage\":\"et\",\"@id\":\"https:\\\/\\\/blog.erm.ee\\\/?p=5219#primaryimage\",\"url\":\"https:\\\/\\\/blog.erm.ee\\\/wp-content\\\/uploads\\\/2014\\\/09\\\/ak0302.jpg\",\"contentUrl\":\"https:\\\/\\\/blog.erm.ee\\\/wp-content\\\/uploads\\\/2014\\\/09\\\/ak0302.jpg\",\"width\":1600,\"height\":1068},{\"@type\":\"BreadcrumbList\",\"@id\":\"https:\\\/\\\/blog.erm.ee\\\/?p=5219#breadcrumb\",\"itemListElement\":[{\"@type\":\"ListItem\",\"position\":1,\"name\":\"Home\",\"item\":\"https:\\\/\\\/blog.erm.ee\\\/\"},{\"@type\":\"ListItem\",\"position\":2,\"name\":\"Kui sarikad on p\u00fcsti\"}]},{\"@type\":\"WebSite\",\"@id\":\"https:\\\/\\\/blog.erm.ee\\\/#website\",\"url\":\"https:\\\/\\\/blog.erm.ee\\\/\",\"name\":\"Eesti Rahva Muuseumi ajaveeb\",\"description\":\"\",\"potentialAction\":[{\"@type\":\"SearchAction\",\"target\":{\"@type\":\"EntryPoint\",\"urlTemplate\":\"https:\\\/\\\/blog.erm.ee\\\/?s={search_term_string}\"},\"query-input\":{\"@type\":\"PropertyValueSpecification\",\"valueRequired\":true,\"valueName\":\"search_term_string\"}}],\"inLanguage\":\"et\"},{\"@type\":\"Person\",\"@id\":\"https:\\\/\\\/blog.erm.ee\\\/#\\\/schema\\\/person\\\/6e98c391cb00a33e7c22a3571e062114\",\"name\":\"Eesti Rahva Muuseum\",\"image\":{\"@type\":\"ImageObject\",\"inLanguage\":\"et\",\"@id\":\"https:\\\/\\\/secure.gravatar.com\\\/avatar\\\/cb6d9ad5fb49f3f7315028ce5fe60641075f2cb52b8a058ff5a985fa2d8c1da0?s=96&d=mm&r=g\",\"url\":\"https:\\\/\\\/secure.gravatar.com\\\/avatar\\\/cb6d9ad5fb49f3f7315028ce5fe60641075f2cb52b8a058ff5a985fa2d8c1da0?s=96&d=mm&r=g\",\"contentUrl\":\"https:\\\/\\\/secure.gravatar.com\\\/avatar\\\/cb6d9ad5fb49f3f7315028ce5fe60641075f2cb52b8a058ff5a985fa2d8c1da0?s=96&d=mm&r=g\",\"caption\":\"Eesti Rahva Muuseum\"},\"sameAs\":[\"http:\\\/\\\/www.erm.ee\"],\"url\":\"https:\\\/\\\/blog.erm.ee\\\/?author=1\"}]}<\/script>\n<!-- \/ Yoast SEO plugin. -->","yoast_head_json":{"title":"Kui sarikad on p\u00fcsti - Eesti Rahva Muuseumi ajaveeb","robots":{"index":"index","follow":"follow","max-snippet":"max-snippet:-1","max-image-preview":"max-image-preview:large","max-video-preview":"max-video-preview:-1"},"canonical":"https:\/\/blog.erm.ee\/?p=5219","og_locale":"et_EE","og_type":"article","og_title":"Kui sarikad on p\u00fcsti - Eesti Rahva Muuseumi ajaveeb","og_description":"Kaarel Tarand, avalike suhete juht Fotod: Arp Karm Augusti l\u00f5pul toimus Eesti Rahva Muuseumi uue hoone ehitusel sarikapidu. Ja pidu oli lahe ka maja tulevaste kasutajate jaoks, ehkki traditsiooniliselt on sarikapidu just ehitaja ja tulevase majaomaniku (kelleks on teatavasti Riigi Kinnisvara AS) vaheline asi. Kui majal on sarikad peal, ERMi hoone puhul eriti see viimane,&hellip;","og_url":"https:\/\/blog.erm.ee\/?p=5219","og_site_name":"Eesti Rahva Muuseumi ajaveeb","article_published_time":"2014-09-10T05:14:26+00:00","article_modified_time":"2014-09-10T06:13:28+00:00","og_image":[{"width":1600,"height":1068,"url":"https:\/\/blog.erm.ee\/wp-content\/uploads\/2014\/09\/ak0302.jpg","type":"image\/jpeg"}],"author":"Eesti Rahva Muuseum","twitter_card":"summary_large_image","twitter_misc":{"Written by":"Eesti Rahva Muuseum","Est. reading time":"4 minutit"},"schema":{"@context":"https:\/\/schema.org","@graph":[{"@type":"Article","@id":"https:\/\/blog.erm.ee\/?p=5219#article","isPartOf":{"@id":"https:\/\/blog.erm.ee\/?p=5219"},"author":{"name":"Eesti Rahva Muuseum","@id":"https:\/\/blog.erm.ee\/#\/schema\/person\/6e98c391cb00a33e7c22a3571e062114"},"headline":"Kui sarikad on p\u00fcsti","datePublished":"2014-09-10T05:14:26+00:00","dateModified":"2014-09-10T06:13:28+00:00","mainEntityOfPage":{"@id":"https:\/\/blog.erm.ee\/?p=5219"},"wordCount":765,"commentCount":0,"image":{"@id":"https:\/\/blog.erm.ee\/?p=5219#primaryimage"},"thumbnailUrl":"https:\/\/blog.erm.ee\/wp-content\/uploads\/2014\/09\/ak0302.jpg","articleSection":["Muuseumim\u00f5tted"],"inLanguage":"et","potentialAction":[{"@type":"CommentAction","name":"Comment","target":["https:\/\/blog.erm.ee\/?p=5219#respond"]}]},{"@type":"WebPage","@id":"https:\/\/blog.erm.ee\/?p=5219","url":"https:\/\/blog.erm.ee\/?p=5219","name":"Kui sarikad on p\u00fcsti - Eesti Rahva Muuseumi ajaveeb","isPartOf":{"@id":"https:\/\/blog.erm.ee\/#website"},"primaryImageOfPage":{"@id":"https:\/\/blog.erm.ee\/?p=5219#primaryimage"},"image":{"@id":"https:\/\/blog.erm.ee\/?p=5219#primaryimage"},"thumbnailUrl":"https:\/\/blog.erm.ee\/wp-content\/uploads\/2014\/09\/ak0302.jpg","datePublished":"2014-09-10T05:14:26+00:00","dateModified":"2014-09-10T06:13:28+00:00","author":{"@id":"https:\/\/blog.erm.ee\/#\/schema\/person\/6e98c391cb00a33e7c22a3571e062114"},"breadcrumb":{"@id":"https:\/\/blog.erm.ee\/?p=5219#breadcrumb"},"inLanguage":"et","potentialAction":[{"@type":"ReadAction","target":["https:\/\/blog.erm.ee\/?p=5219"]}]},{"@type":"ImageObject","inLanguage":"et","@id":"https:\/\/blog.erm.ee\/?p=5219#primaryimage","url":"https:\/\/blog.erm.ee\/wp-content\/uploads\/2014\/09\/ak0302.jpg","contentUrl":"https:\/\/blog.erm.ee\/wp-content\/uploads\/2014\/09\/ak0302.jpg","width":1600,"height":1068},{"@type":"BreadcrumbList","@id":"https:\/\/blog.erm.ee\/?p=5219#breadcrumb","itemListElement":[{"@type":"ListItem","position":1,"name":"Home","item":"https:\/\/blog.erm.ee\/"},{"@type":"ListItem","position":2,"name":"Kui sarikad on p\u00fcsti"}]},{"@type":"WebSite","@id":"https:\/\/blog.erm.ee\/#website","url":"https:\/\/blog.erm.ee\/","name":"Eesti Rahva Muuseumi ajaveeb","description":"","potentialAction":[{"@type":"SearchAction","target":{"@type":"EntryPoint","urlTemplate":"https:\/\/blog.erm.ee\/?s={search_term_string}"},"query-input":{"@type":"PropertyValueSpecification","valueRequired":true,"valueName":"search_term_string"}}],"inLanguage":"et"},{"@type":"Person","@id":"https:\/\/blog.erm.ee\/#\/schema\/person\/6e98c391cb00a33e7c22a3571e062114","name":"Eesti Rahva Muuseum","image":{"@type":"ImageObject","inLanguage":"et","@id":"https:\/\/secure.gravatar.com\/avatar\/cb6d9ad5fb49f3f7315028ce5fe60641075f2cb52b8a058ff5a985fa2d8c1da0?s=96&d=mm&r=g","url":"https:\/\/secure.gravatar.com\/avatar\/cb6d9ad5fb49f3f7315028ce5fe60641075f2cb52b8a058ff5a985fa2d8c1da0?s=96&d=mm&r=g","contentUrl":"https:\/\/secure.gravatar.com\/avatar\/cb6d9ad5fb49f3f7315028ce5fe60641075f2cb52b8a058ff5a985fa2d8c1da0?s=96&d=mm&r=g","caption":"Eesti Rahva Muuseum"},"sameAs":["http:\/\/www.erm.ee"],"url":"https:\/\/blog.erm.ee\/?author=1"}]}},"jetpack_featured_media_url":"https:\/\/blog.erm.ee\/wp-content\/uploads\/2014\/09\/ak0302.jpg","jetpack_shortlink":"https:\/\/wp.me\/p2l9Zd-1mb","jetpack_sharing_enabled":true,"jetpack_likes_enabled":true,"_links":{"self":[{"href":"https:\/\/blog.erm.ee\/index.php?rest_route=\/wp\/v2\/posts\/5219","targetHints":{"allow":["GET"]}}],"collection":[{"href":"https:\/\/blog.erm.ee\/index.php?rest_route=\/wp\/v2\/posts"}],"about":[{"href":"https:\/\/blog.erm.ee\/index.php?rest_route=\/wp\/v2\/types\/post"}],"author":[{"embeddable":true,"href":"https:\/\/blog.erm.ee\/index.php?rest_route=\/wp\/v2\/users\/1"}],"replies":[{"embeddable":true,"href":"https:\/\/blog.erm.ee\/index.php?rest_route=%2Fwp%2Fv2%2Fcomments&post=5219"}],"version-history":[{"count":4,"href":"https:\/\/blog.erm.ee\/index.php?rest_route=\/wp\/v2\/posts\/5219\/revisions"}],"predecessor-version":[{"id":5226,"href":"https:\/\/blog.erm.ee\/index.php?rest_route=\/wp\/v2\/posts\/5219\/revisions\/5226"}],"wp:featuredmedia":[{"embeddable":true,"href":"https:\/\/blog.erm.ee\/index.php?rest_route=\/wp\/v2\/media\/5222"}],"wp:attachment":[{"href":"https:\/\/blog.erm.ee\/index.php?rest_route=%2Fwp%2Fv2%2Fmedia&parent=5219"}],"wp:term":[{"taxonomy":"category","embeddable":true,"href":"https:\/\/blog.erm.ee\/index.php?rest_route=%2Fwp%2Fv2%2Fcategories&post=5219"},{"taxonomy":"post_tag","embeddable":true,"href":"https:\/\/blog.erm.ee\/index.php?rest_route=%2Fwp%2Fv2%2Ftags&post=5219"}],"curies":[{"name":"wp","href":"https:\/\/api.w.org\/{rel}","templated":true}]}}