{"id":5111,"date":"2014-08-12T00:09:11","date_gmt":"2014-08-11T22:09:11","guid":{"rendered":"http:\/\/blog.erm.ee\/?p=5111"},"modified":"2014-08-12T15:43:32","modified_gmt":"2014-08-12T13:43:32","slug":"kaadritagune-kukruse-naise-roivakomplekti-ulesvotmine","status":"publish","type":"post","link":"https:\/\/blog.erm.ee\/?p=5111","title":{"rendered":"Kaadritagune: Kukruse naise r\u00f5ivakomplekti \u00fclesv\u00f5tmine"},"content":{"rendered":"<div class=\"fcbkbttn_buttons_block\" id=\"fcbkbttn_left\"><div class=\"fcbkbttn_like \"><fb:like href=\"https:\/\/blog.erm.ee\/?p=5111\" action=\"like\" colorscheme=\"light\" layout=\"standard\"  width=\"225px\" size=\"small\"><\/fb:like><\/div><div class=\"fb-share-button  \" data-href=\"https:\/\/blog.erm.ee\/?p=5111\" data-type=\"button\" data-size=\"small\"><\/div><\/div><p><em>Mari T\u00f5rv (<i>ERMi uue maja Eesti kultuuriloolise p\u00fcsin\u00e4ituse t\u00f6\u00f6grupi liige<\/i>), Jaana Ratas, Hembo Pagi<br \/>\nFotod: Hembo Pagi<\/em><\/p>\n<p style=\"text-align: left;\">T\u00e4nane postitus on pilguheit eksponaadi \u2013 <a href=\"https:\/\/blog.erm.ee\/?p=2401\" target=\"_blank\">Kukruse 12. sajandi l\u00f5pu\/13. sajandi alguse naine<\/a> \u2013 kaadritagusesse. Seda s\u00f5na otsest m\u00f5ttes, sest juttu tuleb pildistamisest.<\/p>\n<p style=\"text-align: left;\">Et luua tulevasele n\u00e4itusek\u00fclastajale v\u00f5imalus sammhaaval kokku panna pilt sellest, kuidas Kukruse kalmistule maetud naine u 700 aastat tagasi hauda asetatult v\u00e4lja n\u00e4gi, tuli meil esmalt rekonstrueerida tema r\u00f5ivakomplekt ja seej\u00e4rel k\u00f5ik kiht-kihilt filmirullile, ei, m\u00e4lukaardile, j\u00e4\u00e4dvustada. Eesm\u00e4rk oli saada pilt, mis \u201eistub\u201c v\u00e4ljakaevatud matusele kui valatult (<a href=\"http:\/\/gigapan.com\/gigapans\/91502\" target=\"_blank\">http:\/\/gigapan.com\/gigapans\/91502<\/a>) ning on kolmem\u00f5\u00f5tmeline. See omakorda t\u00e4hendab, et r\u00f5ivaesemed tuli \u00fcles v\u00f5tta maas lamava mannekeeni seljas.<\/p>\n<p>16. juuni hommikul kogunesime Hembo Pagi[1] ja Jaana Ratasega[2] fotostuudiosse. Lisaks r\u00f5ivakomplektile \u2013 aluss\u00e4rk, peplos, umbkuub, p\u00f5ll, s\u00e4\u00e4rem\u00e4hised, n\u00f5elsokid, nahkjalatsid, pear\u00e4tik, v\u00f6\u00f6 koos selle juurde kuuluvate ehetega, klaashelmestest kaelakeed, rinnakeed, k\u00e4ev\u00f5rud, s\u00f5rmused, s\u00f5led \u2013 oli meil kaasas ka kehamodell \u2013 vahtkummist mannekeen, kelle seljas kogu ilu eksponeerida.<\/p>\n<p>Kogu komplekti pildistamisele kulus kaheksatunnine t\u00f6\u00f6p\u00e4ev, mille k\u00e4igus tegi Hembo enam kui 500 v\u00f5tet. Suurem osa neist l\u00e4heb fotogrammeetrilise mudeli loomiseks. Fotogrammeetria on meetod, mis loeb fotodelt kindlaid k\u00f5rguspunkte ning v\u00f5imaldab tavapiltide alusel luua kolmem\u00f5\u00f5tmelise mudeli, ent seda \u00fcksnes eeldusel, et fotod on \u00fcles v\u00f5etud piisava kattuvusega. Lisaks peab pildistatav objekt olema liikumatu.<\/p>\n<p><a href=\"https:\/\/blog.erm.ee\/wp-content\/uploads\/2014\/08\/1_kaamera_positsioonid.jpg\"><img loading=\"lazy\" decoding=\"async\" data-attachment-id=\"5116\" data-permalink=\"https:\/\/blog.erm.ee\/?attachment_id=5116#main\" data-orig-file=\"https:\/\/blog.erm.ee\/wp-content\/uploads\/2014\/08\/1_kaamera_positsioonid.jpg\" data-orig-size=\"1200,576\" data-comments-opened=\"1\" data-image-meta=\"{&quot;aperture&quot;:&quot;0&quot;,&quot;credit&quot;:&quot;&quot;,&quot;camera&quot;:&quot;&quot;,&quot;caption&quot;:&quot;&quot;,&quot;created_timestamp&quot;:&quot;0&quot;,&quot;copyright&quot;:&quot;&quot;,&quot;focal_length&quot;:&quot;0&quot;,&quot;iso&quot;:&quot;0&quot;,&quot;shutter_speed&quot;:&quot;0&quot;,&quot;title&quot;:&quot;&quot;}\" data-image-title=\"1_kaamera_positsioonid\" data-image-description=\"\" data-image-caption=\"\" data-large-file=\"https:\/\/blog.erm.ee\/wp-content\/uploads\/2014\/08\/1_kaamera_positsioonid-1024x491.jpg\" class=\"alignnone size-large wp-image-5116\" src=\"https:\/\/blog.erm.ee\/wp-content\/uploads\/2014\/08\/1_kaamera_positsioonid-1024x491.jpg\" alt=\"1_kaamera_positsioonid\" width=\"700\" height=\"335\" srcset=\"https:\/\/blog.erm.ee\/wp-content\/uploads\/2014\/08\/1_kaamera_positsioonid-1024x491.jpg 1024w, https:\/\/blog.erm.ee\/wp-content\/uploads\/2014\/08\/1_kaamera_positsioonid-460x220.jpg 460w, https:\/\/blog.erm.ee\/wp-content\/uploads\/2014\/08\/1_kaamera_positsioonid-300x144.jpg 300w, https:\/\/blog.erm.ee\/wp-content\/uploads\/2014\/08\/1_kaamera_positsioonid.jpg 1200w\" sizes=\"auto, (max-width: 700px) 100vw, 700px\" \/><\/a><br \/>\n<em>Kaamera positsioonid, mis illustreerivad, kust ja kui palju fotosid tehti. <\/em><\/p>\n<p><a href=\"https:\/\/blog.erm.ee\/wp-content\/uploads\/2014\/08\/2_vorgustik.jpg\"><img loading=\"lazy\" decoding=\"async\" data-attachment-id=\"5117\" data-permalink=\"https:\/\/blog.erm.ee\/?attachment_id=5117#main\" data-orig-file=\"https:\/\/blog.erm.ee\/wp-content\/uploads\/2014\/08\/2_vorgustik.jpg\" data-orig-size=\"1200,613\" data-comments-opened=\"1\" data-image-meta=\"{&quot;aperture&quot;:&quot;0&quot;,&quot;credit&quot;:&quot;&quot;,&quot;camera&quot;:&quot;&quot;,&quot;caption&quot;:&quot;&quot;,&quot;created_timestamp&quot;:&quot;0&quot;,&quot;copyright&quot;:&quot;&quot;,&quot;focal_length&quot;:&quot;0&quot;,&quot;iso&quot;:&quot;0&quot;,&quot;shutter_speed&quot;:&quot;0&quot;,&quot;title&quot;:&quot;&quot;}\" data-image-title=\"2_vorgustik\" data-image-description=\"\" data-image-caption=\"\" data-large-file=\"https:\/\/blog.erm.ee\/wp-content\/uploads\/2014\/08\/2_vorgustik-1024x523.jpg\" class=\"alignnone size-large wp-image-5117\" src=\"https:\/\/blog.erm.ee\/wp-content\/uploads\/2014\/08\/2_vorgustik-1024x523.jpg\" alt=\"2_vorgustik\" width=\"700\" height=\"357\" srcset=\"https:\/\/blog.erm.ee\/wp-content\/uploads\/2014\/08\/2_vorgustik-1024x523.jpg 1024w, https:\/\/blog.erm.ee\/wp-content\/uploads\/2014\/08\/2_vorgustik-460x234.jpg 460w, https:\/\/blog.erm.ee\/wp-content\/uploads\/2014\/08\/2_vorgustik-300x153.jpg 300w, https:\/\/blog.erm.ee\/wp-content\/uploads\/2014\/08\/2_vorgustik.jpg 1200w\" sizes=\"auto, (max-width: 700px) 100vw, 700px\" \/><\/a><br \/>\n<em>Rekonstruktsiooni traatmudel ehk v\u00f5rgustikuks \u00fchendatud punktid. <\/em><\/p>\n<p>Kui piltide piisava kattuvuse tagab Hembo t\u00e4psus ja kogemus kaamera k\u00e4sitlemisel, siis k\u00fcsimus modelli liikumatusest valmistab t\u00f5elist peavalu. Kuidas tagada liikumatus ja eelk\u00f5ige k\u00e4te sama asend igas r\u00f5ivakihis? Naiivselt arvasime, et selle probleemi lahendab umbes 180 cm pikkune renditud modellim\u00f5\u00f5tu nukk. Teoorias on v\u00f5imalik tema k\u00e4si-jalgu igas suunas, st meile sobivalt, v\u00e4\u00e4nata. Ent seda vaid teoorias. Lisaks teoreetilisele v\u00e4\u00e4natavusele ei meenuta mannekeen p\u00e4ris (loe: anatoomilist) inimest. Tal on tavatult pikk ja peenike kael ning olematu pea, r\u00e4\u00e4kimata tema \u00fcleloomulikult pikkadest jalgadest. Kui mannekeeni 60 cm piha saame k\u00e4ep\u00e4raste vahenditega \u2013 vatiin ja kleeplint \u2013 proportsiooni ajada, siis k\u00e4te ja jalgade pikkus muutub problemaatiliseks, kuna r\u00f5ivakomplekt on tehtud Kukruse naise m\u00f5\u00f5te arvestades. See t\u00e4hendab, et muidu umbes 1,6 meetrise naisterahva r\u00f5ivad tuleb n\u00fc\u00fcd \u00fclle t\u00f5mmata 1,8 meetrisele naisele. Valearvestus!<\/p>\n<p>Siiski, sikutame r\u00f5ivad mannekeenile selga, v\u00e4\u00e4name tema k\u00e4ed teoreetiliselt meile sobivasse asendisse. Liikumatus n\u00e4ikse olevat tagatud. Ent p\u00e4rast paari pildistamisringi loobume esialgsest kavast ja pakime mannekeeni kokku. Me ei taha saada \u201erahvar\u00f5ivais\u201c robotit.<\/p>\n<p><a href=\"https:\/\/blog.erm.ee\/wp-content\/uploads\/2014\/08\/DSCN7061.jpg\"><img loading=\"lazy\" decoding=\"async\" data-attachment-id=\"5119\" data-permalink=\"https:\/\/blog.erm.ee\/?attachment_id=5119#main\" data-orig-file=\"https:\/\/blog.erm.ee\/wp-content\/uploads\/2014\/08\/DSCN7061.jpg\" data-orig-size=\"1200,900\" data-comments-opened=\"1\" data-image-meta=\"{&quot;aperture&quot;:&quot;0&quot;,&quot;credit&quot;:&quot;&quot;,&quot;camera&quot;:&quot;&quot;,&quot;caption&quot;:&quot;&quot;,&quot;created_timestamp&quot;:&quot;0&quot;,&quot;copyright&quot;:&quot;&quot;,&quot;focal_length&quot;:&quot;0&quot;,&quot;iso&quot;:&quot;0&quot;,&quot;shutter_speed&quot;:&quot;0&quot;,&quot;title&quot;:&quot;&quot;}\" data-image-title=\"DSCN7061\" data-image-description=\"\" data-image-caption=\"\" data-large-file=\"https:\/\/blog.erm.ee\/wp-content\/uploads\/2014\/08\/DSCN7061-1024x768.jpg\" class=\"alignnone size-large wp-image-5119\" src=\"https:\/\/blog.erm.ee\/wp-content\/uploads\/2014\/08\/DSCN7061-1024x768.jpg\" alt=\"DSCN7061\" width=\"700\" height=\"525\" srcset=\"https:\/\/blog.erm.ee\/wp-content\/uploads\/2014\/08\/DSCN7061-1024x768.jpg 1024w, https:\/\/blog.erm.ee\/wp-content\/uploads\/2014\/08\/DSCN7061-346x260.jpg 346w, https:\/\/blog.erm.ee\/wp-content\/uploads\/2014\/08\/DSCN7061-300x225.jpg 300w, https:\/\/blog.erm.ee\/wp-content\/uploads\/2014\/08\/DSCN7061.jpg 1200w\" sizes=\"auto, (max-width: 700px) 100vw, 700px\" \/><\/a><em>Mannekeeni r\u00f5ivastamine. Juhime t\u00e4helepanu teoreetiliselt igasse asendisse painduvatele k\u00e4tele.<br \/>\n<\/em><\/p>\n<p>Mari, kes oma 163 sentimeetriga sobib rekonstrueeritud r\u00f5ivakomplekti kui valatult, riietub n\u00fc\u00fcd Jaana abiga ja v\u00f5tab modellit\u00f6\u00f6 \u00fcle. Soovitud tulemuse saamiseks tuleb olla liikumatult. Surnult. P\u00f5randal. Pikali, ja nii ikka mitu tundi. Ei ole kerge see modelliamet. Ilmselt oleks professionaali kasutamine kohasemgi olnud. Paraku sai siin saatuslikuks t\u00f5siasi, et tegime sellist pildistamist esimest korda. L\u00e4htusime teooriast. Praktikas kukkus v\u00e4lja teisiti.<\/p>\n<p><a href=\"https:\/\/blog.erm.ee\/wp-content\/uploads\/2014\/08\/DSCN7065.jpg\"><img loading=\"lazy\" decoding=\"async\" data-attachment-id=\"5120\" data-permalink=\"https:\/\/blog.erm.ee\/?attachment_id=5120#main\" data-orig-file=\"https:\/\/blog.erm.ee\/wp-content\/uploads\/2014\/08\/DSCN7065.jpg\" data-orig-size=\"1200,900\" data-comments-opened=\"1\" data-image-meta=\"{&quot;aperture&quot;:&quot;0&quot;,&quot;credit&quot;:&quot;&quot;,&quot;camera&quot;:&quot;&quot;,&quot;caption&quot;:&quot;&quot;,&quot;created_timestamp&quot;:&quot;0&quot;,&quot;copyright&quot;:&quot;&quot;,&quot;focal_length&quot;:&quot;0&quot;,&quot;iso&quot;:&quot;0&quot;,&quot;shutter_speed&quot;:&quot;0&quot;,&quot;title&quot;:&quot;&quot;}\" data-image-title=\"DSCN7065\" data-image-description=\"\" data-image-caption=\"\" data-large-file=\"https:\/\/blog.erm.ee\/wp-content\/uploads\/2014\/08\/DSCN7065-1024x768.jpg\" class=\"alignnone size-large wp-image-5120\" src=\"https:\/\/blog.erm.ee\/wp-content\/uploads\/2014\/08\/DSCN7065-1024x768.jpg\" alt=\"DSCN7065\" width=\"700\" height=\"525\" srcset=\"https:\/\/blog.erm.ee\/wp-content\/uploads\/2014\/08\/DSCN7065-1024x768.jpg 1024w, https:\/\/blog.erm.ee\/wp-content\/uploads\/2014\/08\/DSCN7065-346x260.jpg 346w, https:\/\/blog.erm.ee\/wp-content\/uploads\/2014\/08\/DSCN7065-300x225.jpg 300w, https:\/\/blog.erm.ee\/wp-content\/uploads\/2014\/08\/DSCN7065.jpg 1200w\" sizes=\"auto, (max-width: 700px) 100vw, 700px\" \/><\/a><br \/>\n<em>T\u00f6\u00f6protsessi algus: Mari t\u00e4isr\u00f5ivais. Jaana s\u00e4tib. <\/em><\/p>\n<p><em><a href=\"https:\/\/blog.erm.ee\/wp-content\/uploads\/2014\/08\/DSC3685.jpg\"><img loading=\"lazy\" decoding=\"async\" data-attachment-id=\"5115\" data-permalink=\"https:\/\/blog.erm.ee\/?attachment_id=5115#main\" data-orig-file=\"https:\/\/blog.erm.ee\/wp-content\/uploads\/2014\/08\/DSC3685.jpg\" data-orig-size=\"1200,801\" data-comments-opened=\"1\" data-image-meta=\"{&quot;aperture&quot;:&quot;0&quot;,&quot;credit&quot;:&quot;&quot;,&quot;camera&quot;:&quot;&quot;,&quot;caption&quot;:&quot;&quot;,&quot;created_timestamp&quot;:&quot;0&quot;,&quot;copyright&quot;:&quot;Hembo Pagi&quot;,&quot;focal_length&quot;:&quot;0&quot;,&quot;iso&quot;:&quot;0&quot;,&quot;shutter_speed&quot;:&quot;0&quot;,&quot;title&quot;:&quot;&quot;}\" data-image-title=\"_DSC3685\" data-image-description=\"\" data-image-caption=\"\" data-large-file=\"https:\/\/blog.erm.ee\/wp-content\/uploads\/2014\/08\/DSC3685-1024x683.jpg\" class=\"alignnone size-large wp-image-5115\" src=\"https:\/\/blog.erm.ee\/wp-content\/uploads\/2014\/08\/DSC3685-1024x683.jpg\" alt=\"_DSC3685\" width=\"700\" height=\"466\" srcset=\"https:\/\/blog.erm.ee\/wp-content\/uploads\/2014\/08\/DSC3685-1024x683.jpg 1024w, https:\/\/blog.erm.ee\/wp-content\/uploads\/2014\/08\/DSC3685-389x260.jpg 389w, https:\/\/blog.erm.ee\/wp-content\/uploads\/2014\/08\/DSC3685-300x200.jpg 300w, https:\/\/blog.erm.ee\/wp-content\/uploads\/2014\/08\/DSC3685.jpg 1200w\" sizes=\"auto, (max-width: 700px) 100vw, 700px\" \/><\/a><br \/>\nL\u00f5ppm\u00e4ng: Mari aluss\u00e4rgi ja pear\u00e4tiga, mille s\u00e4ttimise Jaana just l\u00f5petas.<\/em><\/p>\n<p>Teooriat eirates saime siiski ootamatult hea tulemuse. Hembo on rahul! T\u00f5e huvides tuleb nentida, et m\u00f5ne objekti t\u00f5siteaduslikuks dokumenteerimiseks \u201eliikumatu\u201c modelli kasutamine ei sobi. Viimast vaatamata t\u00f5siasjale, et tarkvara, mis hiljem tehtud 500 fotot anal\u00fc\u00fcsib, on piisavalt nutikas eiramaks piksleid, kus liikumine ehk viga liiga suur on.<\/p>\n<p><a href=\"https:\/\/blog.erm.ee\/wp-content\/uploads\/2014\/08\/DSC3204.jpg\"><img loading=\"lazy\" decoding=\"async\" data-attachment-id=\"5114\" data-permalink=\"https:\/\/blog.erm.ee\/?attachment_id=5114#main\" data-orig-file=\"https:\/\/blog.erm.ee\/wp-content\/uploads\/2014\/08\/DSC3204.jpg\" data-orig-size=\"1200,801\" data-comments-opened=\"1\" data-image-meta=\"{&quot;aperture&quot;:&quot;0&quot;,&quot;credit&quot;:&quot;&quot;,&quot;camera&quot;:&quot;&quot;,&quot;caption&quot;:&quot;&quot;,&quot;created_timestamp&quot;:&quot;0&quot;,&quot;copyright&quot;:&quot;Hembo Pagi&quot;,&quot;focal_length&quot;:&quot;0&quot;,&quot;iso&quot;:&quot;0&quot;,&quot;shutter_speed&quot;:&quot;0&quot;,&quot;title&quot;:&quot;&quot;}\" data-image-title=\"_DSC3204\" data-image-description=\"\" data-image-caption=\"\" data-large-file=\"https:\/\/blog.erm.ee\/wp-content\/uploads\/2014\/08\/DSC3204-1024x683.jpg\" class=\"alignnone size-large wp-image-5114\" src=\"https:\/\/blog.erm.ee\/wp-content\/uploads\/2014\/08\/DSC3204-1024x683.jpg\" alt=\"_DSC3204\" width=\"700\" height=\"466\" srcset=\"https:\/\/blog.erm.ee\/wp-content\/uploads\/2014\/08\/DSC3204-1024x683.jpg 1024w, https:\/\/blog.erm.ee\/wp-content\/uploads\/2014\/08\/DSC3204-389x260.jpg 389w, https:\/\/blog.erm.ee\/wp-content\/uploads\/2014\/08\/DSC3204-300x200.jpg 300w, https:\/\/blog.erm.ee\/wp-content\/uploads\/2014\/08\/DSC3204.jpg 1200w\" sizes=\"auto, (max-width: 700px) 100vw, 700px\" \/><\/a><br \/>\n<em>Kukruse naise r\u00f5ivakomplekt. <\/em><\/p>\n<p><a href=\"https:\/\/blog.erm.ee\/wp-content\/uploads\/2014\/08\/DSC3109.jpg\"><img loading=\"lazy\" decoding=\"async\" data-attachment-id=\"5113\" data-permalink=\"https:\/\/blog.erm.ee\/?attachment_id=5113#main\" data-orig-file=\"https:\/\/blog.erm.ee\/wp-content\/uploads\/2014\/08\/DSC3109.jpg\" data-orig-size=\"1200,801\" data-comments-opened=\"1\" data-image-meta=\"{&quot;aperture&quot;:&quot;0&quot;,&quot;credit&quot;:&quot;&quot;,&quot;camera&quot;:&quot;&quot;,&quot;caption&quot;:&quot;&quot;,&quot;created_timestamp&quot;:&quot;0&quot;,&quot;copyright&quot;:&quot;Hembo Pagi&quot;,&quot;focal_length&quot;:&quot;0&quot;,&quot;iso&quot;:&quot;0&quot;,&quot;shutter_speed&quot;:&quot;0&quot;,&quot;title&quot;:&quot;&quot;}\" data-image-title=\"_DSC3109\" data-image-description=\"\" data-image-caption=\"\" data-large-file=\"https:\/\/blog.erm.ee\/wp-content\/uploads\/2014\/08\/DSC3109-1024x683.jpg\" class=\"alignnone size-large wp-image-5113\" src=\"https:\/\/blog.erm.ee\/wp-content\/uploads\/2014\/08\/DSC3109-1024x683.jpg\" alt=\"_DSC3109\" width=\"700\" height=\"466\" srcset=\"https:\/\/blog.erm.ee\/wp-content\/uploads\/2014\/08\/DSC3109-1024x683.jpg 1024w, https:\/\/blog.erm.ee\/wp-content\/uploads\/2014\/08\/DSC3109-389x260.jpg 389w, https:\/\/blog.erm.ee\/wp-content\/uploads\/2014\/08\/DSC3109-300x200.jpg 300w, https:\/\/blog.erm.ee\/wp-content\/uploads\/2014\/08\/DSC3109.jpg 1200w\" sizes=\"auto, (max-width: 700px) 100vw, 700px\" \/><\/a><br \/>\n<em>L\u00e4hikaader: Kukruse naise rikkalikult ehitud rinnaesine.<\/em><\/p>\n<p><a href=\"https:\/\/blog.erm.ee\/wp-content\/uploads\/2014\/08\/3_tekstuuriga.jpg\"><img loading=\"lazy\" decoding=\"async\" data-attachment-id=\"5118\" data-permalink=\"https:\/\/blog.erm.ee\/?attachment_id=5118#main\" data-orig-file=\"https:\/\/blog.erm.ee\/wp-content\/uploads\/2014\/08\/3_tekstuuriga.jpg\" data-orig-size=\"1200,611\" data-comments-opened=\"1\" data-image-meta=\"{&quot;aperture&quot;:&quot;0&quot;,&quot;credit&quot;:&quot;&quot;,&quot;camera&quot;:&quot;&quot;,&quot;caption&quot;:&quot;&quot;,&quot;created_timestamp&quot;:&quot;0&quot;,&quot;copyright&quot;:&quot;&quot;,&quot;focal_length&quot;:&quot;0&quot;,&quot;iso&quot;:&quot;0&quot;,&quot;shutter_speed&quot;:&quot;0&quot;,&quot;title&quot;:&quot;&quot;}\" data-image-title=\"3_tekstuuriga\" data-image-description=\"\" data-image-caption=\"\" data-large-file=\"https:\/\/blog.erm.ee\/wp-content\/uploads\/2014\/08\/3_tekstuuriga-1024x521.jpg\" class=\"alignnone size-large wp-image-5118\" src=\"https:\/\/blog.erm.ee\/wp-content\/uploads\/2014\/08\/3_tekstuuriga-1024x521.jpg\" alt=\"3_tekstuuriga\" width=\"700\" height=\"356\" srcset=\"https:\/\/blog.erm.ee\/wp-content\/uploads\/2014\/08\/3_tekstuuriga-1024x521.jpg 1024w, https:\/\/blog.erm.ee\/wp-content\/uploads\/2014\/08\/3_tekstuuriga-460x234.jpg 460w, https:\/\/blog.erm.ee\/wp-content\/uploads\/2014\/08\/3_tekstuuriga-300x152.jpg 300w, https:\/\/blog.erm.ee\/wp-content\/uploads\/2014\/08\/3_tekstuuriga.jpg 1200w\" sizes=\"auto, (max-width: 700px) 100vw, 700px\" \/><\/a><br \/>\n<em>L\u00f5pp-produkt \u201epurgis\u201c. <\/em><\/p>\n<p>R\u00f5ivastuse pildistamise eelduseks on otse loomulikult esemed ise. Neid aga poest ei osta. J\u00e4relikult tuleb k\u00f5ik ise teha v\u00f5i \u00f5igemini \u2013 lasta meistritel teha. Kogu komplekti valmimiseni, ideest teostuseni, kulus mitmete inimeste koost\u00f6\u00f6s enam kui aasta.<\/p>\n<p>Kontseptsioon \u2013 Riina Rammo, Jaana Ratas, Mari T\u00f5rv;<br \/>\nTekstiilid \u2013 Astri Kaljus;<br \/>\nR\u00f5ivaste pronksspiraalkaunistused \u2013 Jaana Ratas;<br \/>\nEhted, v\u00f6\u00f6 ja v\u00f6\u00f6 k\u00fcljes rippuvad esemed \u2013 Indrek Jets, Edvards Puciriuss, Jaana Ratas;<br \/>\nT\u00f6\u00f6riistad \u2013 Edvards Puciriuss;<br \/>\nKlaashelmed \u2013 Laura \u0160mideberga;<br \/>\nNahkjalatsid \u2013 Jaak M\u00e4ll.<\/p>\n<p>M\u00fcts maha nende imeliste meistrite ees!<\/p>\n<p>&#8212;&#8212;&#8212;&#8212;&#8212;&#8212;&#8212;&#8212;&#8212;&#8212;&#8212;&#8212;&#8212;&#8212;&#8212;&#8212;&#8212;&#8212;<\/p>\n<p>[1] Hembo on arheoloog, kes on p\u00fchendunud kultuurip\u00e4randi digitaalse dokumenteerimise, anal\u00fc\u00fcsimise ning esitamise tehnoloogiatele. Ta t\u00f6\u00f6tab mittetulundusettev\u00f5ttes Archaeovision R&amp;D ning osaleb Southamptoni \u00fclikooli juures <em>Archaeological Computing Research Group<\/em>\u2019i t\u00f6\u00f6s.<\/p>\n<p>[2] Jaana on kunstnik ja k\u00e4sit\u00f6\u00f6line, kes on l\u00f5petanud Eesti Kunstiakadeemia, \u00f5ppinud lisaks arheoloogilise tekstiili konserveerimist ja t\u00f6\u00f6tanud viimased 20 aastat koos arheoloogidega. Tema erihuviks tekstiili ja r\u00f5ivastuse ajalugu.<\/p>\n<p>Loe ka varasemat blogipostitust arheoloogilisest uurimisloost: <a href=\"https:\/\/blog.erm.ee\/?p=2401\" target=\"_blank\">Saame tuttavaks ehk kes on Kukruse memm<\/a><\/p>\n<div class=\"fcbkbttn_buttons_block\" id=\"fcbkbttn_left\"><div class=\"fcbkbttn_like \"><fb:like href=\"https:\/\/blog.erm.ee\/?p=5111\" action=\"like\" colorscheme=\"light\" layout=\"standard\"  width=\"225px\" size=\"small\"><\/fb:like><\/div><div class=\"fb-share-button  \" data-href=\"https:\/\/blog.erm.ee\/?p=5111\" data-type=\"button\" data-size=\"small\"><\/div><\/div>","protected":false},"excerpt":{"rendered":"<p>Mari T\u00f5rv (ERMi uue maja Eesti kultuuriloolise p\u00fcsin\u00e4ituse t\u00f6\u00f6grupi liige), Jaana Ratas, Hembo Pagi Fotod: Hembo Pagi T\u00e4nane postitus on pilguheit eksponaadi \u2013 Kukruse 12. sajandi l\u00f5pu\/13. sajandi alguse naine \u2013 kaadritagusesse. Seda s\u00f5na otsest m\u00f5ttes, sest juttu tuleb pildistamisest. Et luua tulevasele n\u00e4itusek\u00fclastajale v\u00f5imalus sammhaaval kokku panna pilt sellest, kuidas Kukruse kalmistule maetud naine&hellip;<\/p>\n","protected":false},"author":1,"featured_media":5113,"comment_status":"open","ping_status":"open","sticky":false,"template":"","format":"standard","meta":{"_monsterinsights_skip_tracking":false,"_monsterinsights_sitenote_active":false,"_monsterinsights_sitenote_note":"","_monsterinsights_sitenote_category":0,"jetpack_post_was_ever_published":false,"_jetpack_newsletter_access":"","_jetpack_dont_email_post_to_subs":false,"_jetpack_newsletter_tier_id":0,"_jetpack_memberships_contains_paywalled_content":false,"_jetpack_memberships_contains_paid_content":false,"footnotes":""},"categories":[17],"tags":[],"class_list":["post-5111","post","type-post","status-publish","format-standard","has-post-thumbnail","hentry","category-uus-maja"],"yoast_head":"<!-- This site is optimized with the Yoast SEO plugin v27.5 - https:\/\/yoast.com\/product\/yoast-seo-wordpress\/ -->\n<title>Kaadritagune: Kukruse naise r\u00f5ivakomplekti \u00fclesv\u00f5tmine - Eesti Rahva Muuseumi ajaveeb<\/title>\n<meta name=\"robots\" content=\"index, follow, max-snippet:-1, max-image-preview:large, max-video-preview:-1\" \/>\n<link rel=\"canonical\" href=\"https:\/\/blog.erm.ee\/?p=5111\" \/>\n<meta property=\"og:locale\" content=\"et_EE\" \/>\n<meta property=\"og:type\" content=\"article\" \/>\n<meta property=\"og:title\" content=\"Kaadritagune: Kukruse naise r\u00f5ivakomplekti \u00fclesv\u00f5tmine - Eesti Rahva Muuseumi ajaveeb\" \/>\n<meta property=\"og:description\" content=\"Mari T\u00f5rv (ERMi uue maja Eesti kultuuriloolise p\u00fcsin\u00e4ituse t\u00f6\u00f6grupi liige), Jaana Ratas, Hembo Pagi Fotod: Hembo Pagi T\u00e4nane postitus on pilguheit eksponaadi \u2013 Kukruse 12. sajandi l\u00f5pu\/13. sajandi alguse naine \u2013 kaadritagusesse. Seda s\u00f5na otsest m\u00f5ttes, sest juttu tuleb pildistamisest. Et luua tulevasele n\u00e4itusek\u00fclastajale v\u00f5imalus sammhaaval kokku panna pilt sellest, kuidas Kukruse kalmistule maetud naine&hellip;\" \/>\n<meta property=\"og:url\" content=\"https:\/\/blog.erm.ee\/?p=5111\" \/>\n<meta property=\"og:site_name\" content=\"Eesti Rahva Muuseumi ajaveeb\" \/>\n<meta property=\"article:published_time\" content=\"2014-08-11T22:09:11+00:00\" \/>\n<meta property=\"article:modified_time\" content=\"2014-08-12T13:43:32+00:00\" \/>\n<meta property=\"og:image\" content=\"https:\/\/blog.erm.ee\/wp-content\/uploads\/2014\/08\/DSC3109.jpg\" \/>\n\t<meta property=\"og:image:width\" content=\"1200\" \/>\n\t<meta property=\"og:image:height\" content=\"801\" \/>\n\t<meta property=\"og:image:type\" content=\"image\/jpeg\" \/>\n<meta name=\"author\" content=\"Eesti Rahva Muuseum\" \/>\n<meta name=\"twitter:card\" content=\"summary_large_image\" \/>\n<meta name=\"twitter:label1\" content=\"Written by\" \/>\n\t<meta name=\"twitter:data1\" content=\"Eesti Rahva Muuseum\" \/>\n\t<meta name=\"twitter:label2\" content=\"Est. reading time\" \/>\n\t<meta name=\"twitter:data2\" content=\"4 minutit\" \/>\n<script type=\"application\/ld+json\" class=\"yoast-schema-graph\">{\"@context\":\"https:\\\/\\\/schema.org\",\"@graph\":[{\"@type\":\"Article\",\"@id\":\"https:\\\/\\\/blog.erm.ee\\\/?p=5111#article\",\"isPartOf\":{\"@id\":\"https:\\\/\\\/blog.erm.ee\\\/?p=5111\"},\"author\":{\"name\":\"Eesti Rahva Muuseum\",\"@id\":\"https:\\\/\\\/blog.erm.ee\\\/#\\\/schema\\\/person\\\/6e98c391cb00a33e7c22a3571e062114\"},\"headline\":\"Kaadritagune: Kukruse naise r\u00f5ivakomplekti \u00fclesv\u00f5tmine\",\"datePublished\":\"2014-08-11T22:09:11+00:00\",\"dateModified\":\"2014-08-12T13:43:32+00:00\",\"mainEntityOfPage\":{\"@id\":\"https:\\\/\\\/blog.erm.ee\\\/?p=5111\"},\"wordCount\":789,\"commentCount\":9,\"image\":{\"@id\":\"https:\\\/\\\/blog.erm.ee\\\/?p=5111#primaryimage\"},\"thumbnailUrl\":\"https:\\\/\\\/blog.erm.ee\\\/wp-content\\\/uploads\\\/2014\\\/08\\\/DSC3109.jpg\",\"articleSection\":[\"Uus maja\"],\"inLanguage\":\"et\",\"potentialAction\":[{\"@type\":\"CommentAction\",\"name\":\"Comment\",\"target\":[\"https:\\\/\\\/blog.erm.ee\\\/?p=5111#respond\"]}]},{\"@type\":\"WebPage\",\"@id\":\"https:\\\/\\\/blog.erm.ee\\\/?p=5111\",\"url\":\"https:\\\/\\\/blog.erm.ee\\\/?p=5111\",\"name\":\"Kaadritagune: Kukruse naise r\u00f5ivakomplekti \u00fclesv\u00f5tmine - Eesti Rahva Muuseumi ajaveeb\",\"isPartOf\":{\"@id\":\"https:\\\/\\\/blog.erm.ee\\\/#website\"},\"primaryImageOfPage\":{\"@id\":\"https:\\\/\\\/blog.erm.ee\\\/?p=5111#primaryimage\"},\"image\":{\"@id\":\"https:\\\/\\\/blog.erm.ee\\\/?p=5111#primaryimage\"},\"thumbnailUrl\":\"https:\\\/\\\/blog.erm.ee\\\/wp-content\\\/uploads\\\/2014\\\/08\\\/DSC3109.jpg\",\"datePublished\":\"2014-08-11T22:09:11+00:00\",\"dateModified\":\"2014-08-12T13:43:32+00:00\",\"author\":{\"@id\":\"https:\\\/\\\/blog.erm.ee\\\/#\\\/schema\\\/person\\\/6e98c391cb00a33e7c22a3571e062114\"},\"breadcrumb\":{\"@id\":\"https:\\\/\\\/blog.erm.ee\\\/?p=5111#breadcrumb\"},\"inLanguage\":\"et\",\"potentialAction\":[{\"@type\":\"ReadAction\",\"target\":[\"https:\\\/\\\/blog.erm.ee\\\/?p=5111\"]}]},{\"@type\":\"ImageObject\",\"inLanguage\":\"et\",\"@id\":\"https:\\\/\\\/blog.erm.ee\\\/?p=5111#primaryimage\",\"url\":\"https:\\\/\\\/blog.erm.ee\\\/wp-content\\\/uploads\\\/2014\\\/08\\\/DSC3109.jpg\",\"contentUrl\":\"https:\\\/\\\/blog.erm.ee\\\/wp-content\\\/uploads\\\/2014\\\/08\\\/DSC3109.jpg\",\"width\":1200,\"height\":801},{\"@type\":\"BreadcrumbList\",\"@id\":\"https:\\\/\\\/blog.erm.ee\\\/?p=5111#breadcrumb\",\"itemListElement\":[{\"@type\":\"ListItem\",\"position\":1,\"name\":\"Home\",\"item\":\"https:\\\/\\\/blog.erm.ee\\\/\"},{\"@type\":\"ListItem\",\"position\":2,\"name\":\"Kaadritagune: Kukruse naise r\u00f5ivakomplekti \u00fclesv\u00f5tmine\"}]},{\"@type\":\"WebSite\",\"@id\":\"https:\\\/\\\/blog.erm.ee\\\/#website\",\"url\":\"https:\\\/\\\/blog.erm.ee\\\/\",\"name\":\"Eesti Rahva Muuseumi ajaveeb\",\"description\":\"\",\"potentialAction\":[{\"@type\":\"SearchAction\",\"target\":{\"@type\":\"EntryPoint\",\"urlTemplate\":\"https:\\\/\\\/blog.erm.ee\\\/?s={search_term_string}\"},\"query-input\":{\"@type\":\"PropertyValueSpecification\",\"valueRequired\":true,\"valueName\":\"search_term_string\"}}],\"inLanguage\":\"et\"},{\"@type\":\"Person\",\"@id\":\"https:\\\/\\\/blog.erm.ee\\\/#\\\/schema\\\/person\\\/6e98c391cb00a33e7c22a3571e062114\",\"name\":\"Eesti Rahva Muuseum\",\"image\":{\"@type\":\"ImageObject\",\"inLanguage\":\"et\",\"@id\":\"https:\\\/\\\/secure.gravatar.com\\\/avatar\\\/cb6d9ad5fb49f3f7315028ce5fe60641075f2cb52b8a058ff5a985fa2d8c1da0?s=96&d=mm&r=g\",\"url\":\"https:\\\/\\\/secure.gravatar.com\\\/avatar\\\/cb6d9ad5fb49f3f7315028ce5fe60641075f2cb52b8a058ff5a985fa2d8c1da0?s=96&d=mm&r=g\",\"contentUrl\":\"https:\\\/\\\/secure.gravatar.com\\\/avatar\\\/cb6d9ad5fb49f3f7315028ce5fe60641075f2cb52b8a058ff5a985fa2d8c1da0?s=96&d=mm&r=g\",\"caption\":\"Eesti Rahva Muuseum\"},\"sameAs\":[\"http:\\\/\\\/www.erm.ee\"],\"url\":\"https:\\\/\\\/blog.erm.ee\\\/?author=1\"}]}<\/script>\n<!-- \/ Yoast SEO plugin. -->","yoast_head_json":{"title":"Kaadritagune: Kukruse naise r\u00f5ivakomplekti \u00fclesv\u00f5tmine - Eesti Rahva Muuseumi ajaveeb","robots":{"index":"index","follow":"follow","max-snippet":"max-snippet:-1","max-image-preview":"max-image-preview:large","max-video-preview":"max-video-preview:-1"},"canonical":"https:\/\/blog.erm.ee\/?p=5111","og_locale":"et_EE","og_type":"article","og_title":"Kaadritagune: Kukruse naise r\u00f5ivakomplekti \u00fclesv\u00f5tmine - Eesti Rahva Muuseumi ajaveeb","og_description":"Mari T\u00f5rv (ERMi uue maja Eesti kultuuriloolise p\u00fcsin\u00e4ituse t\u00f6\u00f6grupi liige), Jaana Ratas, Hembo Pagi Fotod: Hembo Pagi T\u00e4nane postitus on pilguheit eksponaadi \u2013 Kukruse 12. sajandi l\u00f5pu\/13. sajandi alguse naine \u2013 kaadritagusesse. Seda s\u00f5na otsest m\u00f5ttes, sest juttu tuleb pildistamisest. Et luua tulevasele n\u00e4itusek\u00fclastajale v\u00f5imalus sammhaaval kokku panna pilt sellest, kuidas Kukruse kalmistule maetud naine&hellip;","og_url":"https:\/\/blog.erm.ee\/?p=5111","og_site_name":"Eesti Rahva Muuseumi ajaveeb","article_published_time":"2014-08-11T22:09:11+00:00","article_modified_time":"2014-08-12T13:43:32+00:00","og_image":[{"width":1200,"height":801,"url":"https:\/\/blog.erm.ee\/wp-content\/uploads\/2014\/08\/DSC3109.jpg","type":"image\/jpeg"}],"author":"Eesti Rahva Muuseum","twitter_card":"summary_large_image","twitter_misc":{"Written by":"Eesti Rahva Muuseum","Est. reading time":"4 minutit"},"schema":{"@context":"https:\/\/schema.org","@graph":[{"@type":"Article","@id":"https:\/\/blog.erm.ee\/?p=5111#article","isPartOf":{"@id":"https:\/\/blog.erm.ee\/?p=5111"},"author":{"name":"Eesti Rahva Muuseum","@id":"https:\/\/blog.erm.ee\/#\/schema\/person\/6e98c391cb00a33e7c22a3571e062114"},"headline":"Kaadritagune: Kukruse naise r\u00f5ivakomplekti \u00fclesv\u00f5tmine","datePublished":"2014-08-11T22:09:11+00:00","dateModified":"2014-08-12T13:43:32+00:00","mainEntityOfPage":{"@id":"https:\/\/blog.erm.ee\/?p=5111"},"wordCount":789,"commentCount":9,"image":{"@id":"https:\/\/blog.erm.ee\/?p=5111#primaryimage"},"thumbnailUrl":"https:\/\/blog.erm.ee\/wp-content\/uploads\/2014\/08\/DSC3109.jpg","articleSection":["Uus maja"],"inLanguage":"et","potentialAction":[{"@type":"CommentAction","name":"Comment","target":["https:\/\/blog.erm.ee\/?p=5111#respond"]}]},{"@type":"WebPage","@id":"https:\/\/blog.erm.ee\/?p=5111","url":"https:\/\/blog.erm.ee\/?p=5111","name":"Kaadritagune: Kukruse naise r\u00f5ivakomplekti \u00fclesv\u00f5tmine - Eesti Rahva Muuseumi ajaveeb","isPartOf":{"@id":"https:\/\/blog.erm.ee\/#website"},"primaryImageOfPage":{"@id":"https:\/\/blog.erm.ee\/?p=5111#primaryimage"},"image":{"@id":"https:\/\/blog.erm.ee\/?p=5111#primaryimage"},"thumbnailUrl":"https:\/\/blog.erm.ee\/wp-content\/uploads\/2014\/08\/DSC3109.jpg","datePublished":"2014-08-11T22:09:11+00:00","dateModified":"2014-08-12T13:43:32+00:00","author":{"@id":"https:\/\/blog.erm.ee\/#\/schema\/person\/6e98c391cb00a33e7c22a3571e062114"},"breadcrumb":{"@id":"https:\/\/blog.erm.ee\/?p=5111#breadcrumb"},"inLanguage":"et","potentialAction":[{"@type":"ReadAction","target":["https:\/\/blog.erm.ee\/?p=5111"]}]},{"@type":"ImageObject","inLanguage":"et","@id":"https:\/\/blog.erm.ee\/?p=5111#primaryimage","url":"https:\/\/blog.erm.ee\/wp-content\/uploads\/2014\/08\/DSC3109.jpg","contentUrl":"https:\/\/blog.erm.ee\/wp-content\/uploads\/2014\/08\/DSC3109.jpg","width":1200,"height":801},{"@type":"BreadcrumbList","@id":"https:\/\/blog.erm.ee\/?p=5111#breadcrumb","itemListElement":[{"@type":"ListItem","position":1,"name":"Home","item":"https:\/\/blog.erm.ee\/"},{"@type":"ListItem","position":2,"name":"Kaadritagune: Kukruse naise r\u00f5ivakomplekti \u00fclesv\u00f5tmine"}]},{"@type":"WebSite","@id":"https:\/\/blog.erm.ee\/#website","url":"https:\/\/blog.erm.ee\/","name":"Eesti Rahva Muuseumi ajaveeb","description":"","potentialAction":[{"@type":"SearchAction","target":{"@type":"EntryPoint","urlTemplate":"https:\/\/blog.erm.ee\/?s={search_term_string}"},"query-input":{"@type":"PropertyValueSpecification","valueRequired":true,"valueName":"search_term_string"}}],"inLanguage":"et"},{"@type":"Person","@id":"https:\/\/blog.erm.ee\/#\/schema\/person\/6e98c391cb00a33e7c22a3571e062114","name":"Eesti Rahva Muuseum","image":{"@type":"ImageObject","inLanguage":"et","@id":"https:\/\/secure.gravatar.com\/avatar\/cb6d9ad5fb49f3f7315028ce5fe60641075f2cb52b8a058ff5a985fa2d8c1da0?s=96&d=mm&r=g","url":"https:\/\/secure.gravatar.com\/avatar\/cb6d9ad5fb49f3f7315028ce5fe60641075f2cb52b8a058ff5a985fa2d8c1da0?s=96&d=mm&r=g","contentUrl":"https:\/\/secure.gravatar.com\/avatar\/cb6d9ad5fb49f3f7315028ce5fe60641075f2cb52b8a058ff5a985fa2d8c1da0?s=96&d=mm&r=g","caption":"Eesti Rahva Muuseum"},"sameAs":["http:\/\/www.erm.ee"],"url":"https:\/\/blog.erm.ee\/?author=1"}]}},"jetpack_featured_media_url":"https:\/\/blog.erm.ee\/wp-content\/uploads\/2014\/08\/DSC3109.jpg","jetpack_shortlink":"https:\/\/wp.me\/p2l9Zd-1kr","jetpack_sharing_enabled":true,"jetpack_likes_enabled":true,"_links":{"self":[{"href":"https:\/\/blog.erm.ee\/index.php?rest_route=\/wp\/v2\/posts\/5111","targetHints":{"allow":["GET"]}}],"collection":[{"href":"https:\/\/blog.erm.ee\/index.php?rest_route=\/wp\/v2\/posts"}],"about":[{"href":"https:\/\/blog.erm.ee\/index.php?rest_route=\/wp\/v2\/types\/post"}],"author":[{"embeddable":true,"href":"https:\/\/blog.erm.ee\/index.php?rest_route=\/wp\/v2\/users\/1"}],"replies":[{"embeddable":true,"href":"https:\/\/blog.erm.ee\/index.php?rest_route=%2Fwp%2Fv2%2Fcomments&post=5111"}],"version-history":[{"count":6,"href":"https:\/\/blog.erm.ee\/index.php?rest_route=\/wp\/v2\/posts\/5111\/revisions"}],"predecessor-version":[{"id":5127,"href":"https:\/\/blog.erm.ee\/index.php?rest_route=\/wp\/v2\/posts\/5111\/revisions\/5127"}],"wp:featuredmedia":[{"embeddable":true,"href":"https:\/\/blog.erm.ee\/index.php?rest_route=\/wp\/v2\/media\/5113"}],"wp:attachment":[{"href":"https:\/\/blog.erm.ee\/index.php?rest_route=%2Fwp%2Fv2%2Fmedia&parent=5111"}],"wp:term":[{"taxonomy":"category","embeddable":true,"href":"https:\/\/blog.erm.ee\/index.php?rest_route=%2Fwp%2Fv2%2Fcategories&post=5111"},{"taxonomy":"post_tag","embeddable":true,"href":"https:\/\/blog.erm.ee\/index.php?rest_route=%2Fwp%2Fv2%2Ftags&post=5111"}],"curies":[{"name":"wp","href":"https:\/\/api.w.org\/{rel}","templated":true}]}}