{"id":509,"date":"2012-08-10T13:09:58","date_gmt":"2012-08-10T11:09:58","guid":{"rendered":"http:\/\/blog.erm.ee\/?p=509"},"modified":"2013-10-07T16:41:32","modified_gmt":"2013-10-07T14:41:32","slug":"tartus-purakat-ikka-jagub","status":"publish","type":"post","link":"https:\/\/blog.erm.ee\/?p=509","title":{"rendered":"Tartus purakat ikka jagub"},"content":{"rendered":"<div class=\"fcbkbttn_buttons_block\" id=\"fcbkbttn_left\"><div class=\"fcbkbttn_like \"><fb:like href=\"https:\/\/blog.erm.ee\/?p=509\" action=\"like\" colorscheme=\"light\" layout=\"standard\"  width=\"225px\" size=\"small\"><\/fb:like><\/div><div class=\"fb-share-button  \" data-href=\"https:\/\/blog.erm.ee\/?p=509\" data-type=\"button\" data-size=\"small\"><\/div><\/div><p><em>Tekst: Aimar Jugaste, galerii \u201eVaal\u201c osanik<\/em><\/p>\n<p><em> Foto: Gabriela Liivam\u00e4gi<\/em><\/p>\n<p><em><a href=\"https:\/\/blog.erm.ee\/wp-content\/uploads\/2012\/08\/614678_395845683815958_2060669854_o.jpg\"><img loading=\"lazy\" decoding=\"async\" data-attachment-id=\"510\" data-permalink=\"https:\/\/blog.erm.ee\/?attachment_id=510#main\" data-orig-file=\"https:\/\/blog.erm.ee\/wp-content\/uploads\/2012\/08\/614678_395845683815958_2060669854_o.jpg\" data-orig-size=\"1600,1066\" data-comments-opened=\"1\" data-image-meta=\"{&quot;aperture&quot;:&quot;0&quot;,&quot;credit&quot;:&quot;&quot;,&quot;camera&quot;:&quot;&quot;,&quot;caption&quot;:&quot;&quot;,&quot;created_timestamp&quot;:&quot;0&quot;,&quot;copyright&quot;:&quot;&quot;,&quot;focal_length&quot;:&quot;0&quot;,&quot;iso&quot;:&quot;0&quot;,&quot;shutter_speed&quot;:&quot;0&quot;,&quot;title&quot;:&quot;&quot;}\" data-image-title=\"614678_395845683815958_2060669854_o\" data-image-description=\"\" data-image-caption=\"\" data-large-file=\"https:\/\/blog.erm.ee\/wp-content\/uploads\/2012\/08\/614678_395845683815958_2060669854_o-1024x682.jpg\" class=\"alignnone  wp-image-510\" title=\"614678_395845683815958_2060669854_o\" alt=\"\" src=\"https:\/\/blog.erm.ee\/wp-content\/uploads\/2012\/08\/614678_395845683815958_2060669854_o-1024x682.jpg\" width=\"1024\" height=\"682\" srcset=\"https:\/\/blog.erm.ee\/wp-content\/uploads\/2012\/08\/614678_395845683815958_2060669854_o-1024x682.jpg 1024w, https:\/\/blog.erm.ee\/wp-content\/uploads\/2012\/08\/614678_395845683815958_2060669854_o-390x260.jpg 390w, https:\/\/blog.erm.ee\/wp-content\/uploads\/2012\/08\/614678_395845683815958_2060669854_o-300x199.jpg 300w, https:\/\/blog.erm.ee\/wp-content\/uploads\/2012\/08\/614678_395845683815958_2060669854_o.jpg 1600w\" sizes=\"auto, (max-width: 1024px) 100vw, 1024px\" \/><\/a><\/em><strong><\/strong><em><\/em><\/p>\n<p>Ma v\u00f5in k\u00fcll eksida, kuid vaatasin etendust selles kontekstis, et ERM on otsustanud teha Uue Teatriga koost\u00f6\u00f6d, et tuua Raadi tunnetuslikult inimestele l\u00e4hemale. Seda ideed tuleb tunnustada, teater on ju meil uskumatult m\u00f5jus meedium!<\/p>\n<p>Sest m\u00e4lestuste v\u00e4li on praegu ju ikkagi v\u00f5sa.<\/p>\n<p>Etendus oli p\u00e4ris mitmekihiline, ei olnud kasutatud kli\u0161eesid \u2013 naisi ei olnud pandud amatsoonide rolli, malbem versioon oli usutav, sugestiivne ja seksapiilne. Samas, m\u00f5ned eepilised monoloogid ei hakanud veel toimima.<\/p>\n<p>Ivar P\u00f5llu on t\u00f5eline anne, keda veel v\u00e4he tunnen. Vana tartlasena olen \u00fcllatunud, milline purakas selles suhteliselt v\u00e4ikeses linnas ikka veel pulbitseb.<\/p>\n<p>Konteksti v\u00f5tmes hakkas veidi h\u00e4irima supilinlikkus, mis ei ole minu jaoks kogukonna m\u00f5istes negatiivne m\u00e4\u00e4ratlus, kuid s\u00f5numi kommunikeerimise m\u00f5ttes ei pruugi see olla ainu\u00f5ige fookus. ERM on saanud viimastel aastatel kogeda, kuidas meie liberaalturumajanduses kalgistunud kogukond on muuseumi saatuse suhtes \u00fcsna arrogantne. Kuidas mingitki osa seesugustest tegelastest m\u00f5tlema panna, et t\u00e4na Raadil toimuv ja kavandatav ka neile korda l\u00e4heks. Siin on kindlasti lihtsaid turunduslikke v\u00f5tteid, mida rakendada. K\u00f5ik m\u00e4rsilohistajad on leidnud v\u00f5i leiavad kultuurikilomeetri Raadile niikuinii \u00fcles, aga nende avangardi j\u00e4rel peaksid selle avastama ka teised tublid eestlased, keda on harjutatud panustama ainult oma egole ja kellele rahvusliku keha saatus on j\u00e4\u00e4nud kategooriasse v\u00f5\u00f5ras mure v\u00f5i siis tilu-lilu.<\/p>\n<p>&nbsp;<\/p>\n<div class=\"fcbkbttn_buttons_block\" id=\"fcbkbttn_left\"><div class=\"fcbkbttn_like \"><fb:like href=\"https:\/\/blog.erm.ee\/?p=509\" action=\"like\" colorscheme=\"light\" layout=\"standard\"  width=\"225px\" size=\"small\"><\/fb:like><\/div><div class=\"fb-share-button  \" data-href=\"https:\/\/blog.erm.ee\/?p=509\" data-type=\"button\" data-size=\"small\"><\/div><\/div>","protected":false},"excerpt":{"rendered":"<p>Tekst: Aimar Jugaste, galerii \u201eVaal\u201c osanik Foto: Gabriela Liivam\u00e4gi Ma v\u00f5in k\u00fcll eksida, kuid vaatasin etendust selles kontekstis, et ERM on otsustanud teha Uue Teatriga koost\u00f6\u00f6d, et tuua Raadi tunnetuslikult inimestele l\u00e4hemale. Seda ideed tuleb tunnustada, teater on ju meil uskumatult m\u00f5jus meedium! Sest m\u00e4lestuste v\u00e4li on praegu ju ikkagi v\u00f5sa. Etendus oli p\u00e4ris mitmekihiline,&hellip;<\/p>\n","protected":false},"author":1,"featured_media":510,"comment_status":"open","ping_status":"open","sticky":false,"template":"","format":"standard","meta":{"_monsterinsights_skip_tracking":false,"_monsterinsights_sitenote_active":false,"_monsterinsights_sitenote_note":"","_monsterinsights_sitenote_category":0,"jetpack_post_was_ever_published":false,"_jetpack_newsletter_access":"","_jetpack_dont_email_post_to_subs":false,"_jetpack_newsletter_tier_id":0,"_jetpack_memberships_contains_paywalled_content":false,"_jetpack_memberships_contains_paid_content":false,"footnotes":""},"categories":[19],"tags":[],"class_list":["post-509","post","type-post","status-publish","format-standard","has-post-thumbnail","hentry","category-sundmus"],"yoast_head":"<!-- This site is optimized with the Yoast SEO plugin v27.5 - https:\/\/yoast.com\/product\/yoast-seo-wordpress\/ -->\n<title>Tartus purakat ikka jagub - Eesti Rahva Muuseumi ajaveeb<\/title>\n<meta name=\"robots\" content=\"index, follow, max-snippet:-1, max-image-preview:large, max-video-preview:-1\" \/>\n<link rel=\"canonical\" href=\"https:\/\/blog.erm.ee\/?p=509\" \/>\n<meta property=\"og:locale\" content=\"et_EE\" \/>\n<meta property=\"og:type\" content=\"article\" \/>\n<meta property=\"og:title\" content=\"Tartus purakat ikka jagub - Eesti Rahva Muuseumi ajaveeb\" \/>\n<meta property=\"og:description\" content=\"Tekst: Aimar Jugaste, galerii \u201eVaal\u201c osanik Foto: Gabriela Liivam\u00e4gi Ma v\u00f5in k\u00fcll eksida, kuid vaatasin etendust selles kontekstis, et ERM on otsustanud teha Uue Teatriga koost\u00f6\u00f6d, et tuua Raadi tunnetuslikult inimestele l\u00e4hemale. Seda ideed tuleb tunnustada, teater on ju meil uskumatult m\u00f5jus meedium! Sest m\u00e4lestuste v\u00e4li on praegu ju ikkagi v\u00f5sa. Etendus oli p\u00e4ris mitmekihiline,&hellip;\" \/>\n<meta property=\"og:url\" content=\"https:\/\/blog.erm.ee\/?p=509\" \/>\n<meta property=\"og:site_name\" content=\"Eesti Rahva Muuseumi ajaveeb\" \/>\n<meta property=\"article:published_time\" content=\"2012-08-10T11:09:58+00:00\" \/>\n<meta property=\"article:modified_time\" content=\"2013-10-07T14:41:32+00:00\" \/>\n<meta property=\"og:image\" content=\"https:\/\/blog.erm.ee\/wp-content\/uploads\/2012\/08\/614678_395845683815958_2060669854_o.jpg\" \/>\n\t<meta property=\"og:image:width\" content=\"1600\" \/>\n\t<meta property=\"og:image:height\" content=\"1066\" \/>\n\t<meta property=\"og:image:type\" content=\"image\/jpeg\" \/>\n<meta name=\"author\" content=\"Eesti Rahva Muuseum\" \/>\n<meta name=\"twitter:card\" content=\"summary_large_image\" \/>\n<meta name=\"twitter:label1\" content=\"Written by\" \/>\n\t<meta name=\"twitter:data1\" content=\"Eesti Rahva Muuseum\" \/>\n\t<meta name=\"twitter:label2\" content=\"Est. reading time\" \/>\n\t<meta name=\"twitter:data2\" content=\"1 minut\" \/>\n<script type=\"application\/ld+json\" class=\"yoast-schema-graph\">{\"@context\":\"https:\\\/\\\/schema.org\",\"@graph\":[{\"@type\":\"Article\",\"@id\":\"https:\\\/\\\/blog.erm.ee\\\/?p=509#article\",\"isPartOf\":{\"@id\":\"https:\\\/\\\/blog.erm.ee\\\/?p=509\"},\"author\":{\"name\":\"Eesti Rahva Muuseum\",\"@id\":\"https:\\\/\\\/blog.erm.ee\\\/#\\\/schema\\\/person\\\/6e98c391cb00a33e7c22a3571e062114\"},\"headline\":\"Tartus purakat ikka jagub\",\"datePublished\":\"2012-08-10T11:09:58+00:00\",\"dateModified\":\"2013-10-07T14:41:32+00:00\",\"mainEntityOfPage\":{\"@id\":\"https:\\\/\\\/blog.erm.ee\\\/?p=509\"},\"wordCount\":249,\"commentCount\":0,\"image\":{\"@id\":\"https:\\\/\\\/blog.erm.ee\\\/?p=509#primaryimage\"},\"thumbnailUrl\":\"https:\\\/\\\/blog.erm.ee\\\/wp-content\\\/uploads\\\/2012\\\/08\\\/614678_395845683815958_2060669854_o.jpg\",\"articleSection\":[\"S\u00fcndmus\"],\"inLanguage\":\"et\",\"potentialAction\":[{\"@type\":\"CommentAction\",\"name\":\"Comment\",\"target\":[\"https:\\\/\\\/blog.erm.ee\\\/?p=509#respond\"]}]},{\"@type\":\"WebPage\",\"@id\":\"https:\\\/\\\/blog.erm.ee\\\/?p=509\",\"url\":\"https:\\\/\\\/blog.erm.ee\\\/?p=509\",\"name\":\"Tartus purakat ikka jagub - Eesti Rahva Muuseumi ajaveeb\",\"isPartOf\":{\"@id\":\"https:\\\/\\\/blog.erm.ee\\\/#website\"},\"primaryImageOfPage\":{\"@id\":\"https:\\\/\\\/blog.erm.ee\\\/?p=509#primaryimage\"},\"image\":{\"@id\":\"https:\\\/\\\/blog.erm.ee\\\/?p=509#primaryimage\"},\"thumbnailUrl\":\"https:\\\/\\\/blog.erm.ee\\\/wp-content\\\/uploads\\\/2012\\\/08\\\/614678_395845683815958_2060669854_o.jpg\",\"datePublished\":\"2012-08-10T11:09:58+00:00\",\"dateModified\":\"2013-10-07T14:41:32+00:00\",\"author\":{\"@id\":\"https:\\\/\\\/blog.erm.ee\\\/#\\\/schema\\\/person\\\/6e98c391cb00a33e7c22a3571e062114\"},\"breadcrumb\":{\"@id\":\"https:\\\/\\\/blog.erm.ee\\\/?p=509#breadcrumb\"},\"inLanguage\":\"et\",\"potentialAction\":[{\"@type\":\"ReadAction\",\"target\":[\"https:\\\/\\\/blog.erm.ee\\\/?p=509\"]}]},{\"@type\":\"ImageObject\",\"inLanguage\":\"et\",\"@id\":\"https:\\\/\\\/blog.erm.ee\\\/?p=509#primaryimage\",\"url\":\"https:\\\/\\\/blog.erm.ee\\\/wp-content\\\/uploads\\\/2012\\\/08\\\/614678_395845683815958_2060669854_o.jpg\",\"contentUrl\":\"https:\\\/\\\/blog.erm.ee\\\/wp-content\\\/uploads\\\/2012\\\/08\\\/614678_395845683815958_2060669854_o.jpg\",\"width\":1600,\"height\":1066},{\"@type\":\"BreadcrumbList\",\"@id\":\"https:\\\/\\\/blog.erm.ee\\\/?p=509#breadcrumb\",\"itemListElement\":[{\"@type\":\"ListItem\",\"position\":1,\"name\":\"Home\",\"item\":\"https:\\\/\\\/blog.erm.ee\\\/\"},{\"@type\":\"ListItem\",\"position\":2,\"name\":\"Tartus purakat ikka jagub\"}]},{\"@type\":\"WebSite\",\"@id\":\"https:\\\/\\\/blog.erm.ee\\\/#website\",\"url\":\"https:\\\/\\\/blog.erm.ee\\\/\",\"name\":\"Eesti Rahva Muuseumi ajaveeb\",\"description\":\"\",\"potentialAction\":[{\"@type\":\"SearchAction\",\"target\":{\"@type\":\"EntryPoint\",\"urlTemplate\":\"https:\\\/\\\/blog.erm.ee\\\/?s={search_term_string}\"},\"query-input\":{\"@type\":\"PropertyValueSpecification\",\"valueRequired\":true,\"valueName\":\"search_term_string\"}}],\"inLanguage\":\"et\"},{\"@type\":\"Person\",\"@id\":\"https:\\\/\\\/blog.erm.ee\\\/#\\\/schema\\\/person\\\/6e98c391cb00a33e7c22a3571e062114\",\"name\":\"Eesti Rahva Muuseum\",\"image\":{\"@type\":\"ImageObject\",\"inLanguage\":\"et\",\"@id\":\"https:\\\/\\\/secure.gravatar.com\\\/avatar\\\/cb6d9ad5fb49f3f7315028ce5fe60641075f2cb52b8a058ff5a985fa2d8c1da0?s=96&d=mm&r=g\",\"url\":\"https:\\\/\\\/secure.gravatar.com\\\/avatar\\\/cb6d9ad5fb49f3f7315028ce5fe60641075f2cb52b8a058ff5a985fa2d8c1da0?s=96&d=mm&r=g\",\"contentUrl\":\"https:\\\/\\\/secure.gravatar.com\\\/avatar\\\/cb6d9ad5fb49f3f7315028ce5fe60641075f2cb52b8a058ff5a985fa2d8c1da0?s=96&d=mm&r=g\",\"caption\":\"Eesti Rahva Muuseum\"},\"sameAs\":[\"http:\\\/\\\/www.erm.ee\"],\"url\":\"https:\\\/\\\/blog.erm.ee\\\/?author=1\"}]}<\/script>\n<!-- \/ Yoast SEO plugin. -->","yoast_head_json":{"title":"Tartus purakat ikka jagub - Eesti Rahva Muuseumi ajaveeb","robots":{"index":"index","follow":"follow","max-snippet":"max-snippet:-1","max-image-preview":"max-image-preview:large","max-video-preview":"max-video-preview:-1"},"canonical":"https:\/\/blog.erm.ee\/?p=509","og_locale":"et_EE","og_type":"article","og_title":"Tartus purakat ikka jagub - Eesti Rahva Muuseumi ajaveeb","og_description":"Tekst: Aimar Jugaste, galerii \u201eVaal\u201c osanik Foto: Gabriela Liivam\u00e4gi Ma v\u00f5in k\u00fcll eksida, kuid vaatasin etendust selles kontekstis, et ERM on otsustanud teha Uue Teatriga koost\u00f6\u00f6d, et tuua Raadi tunnetuslikult inimestele l\u00e4hemale. Seda ideed tuleb tunnustada, teater on ju meil uskumatult m\u00f5jus meedium! Sest m\u00e4lestuste v\u00e4li on praegu ju ikkagi v\u00f5sa. Etendus oli p\u00e4ris mitmekihiline,&hellip;","og_url":"https:\/\/blog.erm.ee\/?p=509","og_site_name":"Eesti Rahva Muuseumi ajaveeb","article_published_time":"2012-08-10T11:09:58+00:00","article_modified_time":"2013-10-07T14:41:32+00:00","og_image":[{"width":1600,"height":1066,"url":"https:\/\/blog.erm.ee\/wp-content\/uploads\/2012\/08\/614678_395845683815958_2060669854_o.jpg","type":"image\/jpeg"}],"author":"Eesti Rahva Muuseum","twitter_card":"summary_large_image","twitter_misc":{"Written by":"Eesti Rahva Muuseum","Est. reading time":"1 minut"},"schema":{"@context":"https:\/\/schema.org","@graph":[{"@type":"Article","@id":"https:\/\/blog.erm.ee\/?p=509#article","isPartOf":{"@id":"https:\/\/blog.erm.ee\/?p=509"},"author":{"name":"Eesti Rahva Muuseum","@id":"https:\/\/blog.erm.ee\/#\/schema\/person\/6e98c391cb00a33e7c22a3571e062114"},"headline":"Tartus purakat ikka jagub","datePublished":"2012-08-10T11:09:58+00:00","dateModified":"2013-10-07T14:41:32+00:00","mainEntityOfPage":{"@id":"https:\/\/blog.erm.ee\/?p=509"},"wordCount":249,"commentCount":0,"image":{"@id":"https:\/\/blog.erm.ee\/?p=509#primaryimage"},"thumbnailUrl":"https:\/\/blog.erm.ee\/wp-content\/uploads\/2012\/08\/614678_395845683815958_2060669854_o.jpg","articleSection":["S\u00fcndmus"],"inLanguage":"et","potentialAction":[{"@type":"CommentAction","name":"Comment","target":["https:\/\/blog.erm.ee\/?p=509#respond"]}]},{"@type":"WebPage","@id":"https:\/\/blog.erm.ee\/?p=509","url":"https:\/\/blog.erm.ee\/?p=509","name":"Tartus purakat ikka jagub - Eesti Rahva Muuseumi ajaveeb","isPartOf":{"@id":"https:\/\/blog.erm.ee\/#website"},"primaryImageOfPage":{"@id":"https:\/\/blog.erm.ee\/?p=509#primaryimage"},"image":{"@id":"https:\/\/blog.erm.ee\/?p=509#primaryimage"},"thumbnailUrl":"https:\/\/blog.erm.ee\/wp-content\/uploads\/2012\/08\/614678_395845683815958_2060669854_o.jpg","datePublished":"2012-08-10T11:09:58+00:00","dateModified":"2013-10-07T14:41:32+00:00","author":{"@id":"https:\/\/blog.erm.ee\/#\/schema\/person\/6e98c391cb00a33e7c22a3571e062114"},"breadcrumb":{"@id":"https:\/\/blog.erm.ee\/?p=509#breadcrumb"},"inLanguage":"et","potentialAction":[{"@type":"ReadAction","target":["https:\/\/blog.erm.ee\/?p=509"]}]},{"@type":"ImageObject","inLanguage":"et","@id":"https:\/\/blog.erm.ee\/?p=509#primaryimage","url":"https:\/\/blog.erm.ee\/wp-content\/uploads\/2012\/08\/614678_395845683815958_2060669854_o.jpg","contentUrl":"https:\/\/blog.erm.ee\/wp-content\/uploads\/2012\/08\/614678_395845683815958_2060669854_o.jpg","width":1600,"height":1066},{"@type":"BreadcrumbList","@id":"https:\/\/blog.erm.ee\/?p=509#breadcrumb","itemListElement":[{"@type":"ListItem","position":1,"name":"Home","item":"https:\/\/blog.erm.ee\/"},{"@type":"ListItem","position":2,"name":"Tartus purakat ikka jagub"}]},{"@type":"WebSite","@id":"https:\/\/blog.erm.ee\/#website","url":"https:\/\/blog.erm.ee\/","name":"Eesti Rahva Muuseumi ajaveeb","description":"","potentialAction":[{"@type":"SearchAction","target":{"@type":"EntryPoint","urlTemplate":"https:\/\/blog.erm.ee\/?s={search_term_string}"},"query-input":{"@type":"PropertyValueSpecification","valueRequired":true,"valueName":"search_term_string"}}],"inLanguage":"et"},{"@type":"Person","@id":"https:\/\/blog.erm.ee\/#\/schema\/person\/6e98c391cb00a33e7c22a3571e062114","name":"Eesti Rahva Muuseum","image":{"@type":"ImageObject","inLanguage":"et","@id":"https:\/\/secure.gravatar.com\/avatar\/cb6d9ad5fb49f3f7315028ce5fe60641075f2cb52b8a058ff5a985fa2d8c1da0?s=96&d=mm&r=g","url":"https:\/\/secure.gravatar.com\/avatar\/cb6d9ad5fb49f3f7315028ce5fe60641075f2cb52b8a058ff5a985fa2d8c1da0?s=96&d=mm&r=g","contentUrl":"https:\/\/secure.gravatar.com\/avatar\/cb6d9ad5fb49f3f7315028ce5fe60641075f2cb52b8a058ff5a985fa2d8c1da0?s=96&d=mm&r=g","caption":"Eesti Rahva Muuseum"},"sameAs":["http:\/\/www.erm.ee"],"url":"https:\/\/blog.erm.ee\/?author=1"}]}},"jetpack_featured_media_url":"https:\/\/blog.erm.ee\/wp-content\/uploads\/2012\/08\/614678_395845683815958_2060669854_o.jpg","jetpack_shortlink":"https:\/\/wp.me\/p2l9Zd-8d","jetpack_sharing_enabled":true,"jetpack_likes_enabled":true,"_links":{"self":[{"href":"https:\/\/blog.erm.ee\/index.php?rest_route=\/wp\/v2\/posts\/509","targetHints":{"allow":["GET"]}}],"collection":[{"href":"https:\/\/blog.erm.ee\/index.php?rest_route=\/wp\/v2\/posts"}],"about":[{"href":"https:\/\/blog.erm.ee\/index.php?rest_route=\/wp\/v2\/types\/post"}],"author":[{"embeddable":true,"href":"https:\/\/blog.erm.ee\/index.php?rest_route=\/wp\/v2\/users\/1"}],"replies":[{"embeddable":true,"href":"https:\/\/blog.erm.ee\/index.php?rest_route=%2Fwp%2Fv2%2Fcomments&post=509"}],"version-history":[{"count":16,"href":"https:\/\/blog.erm.ee\/index.php?rest_route=\/wp\/v2\/posts\/509\/revisions"}],"predecessor-version":[{"id":3214,"href":"https:\/\/blog.erm.ee\/index.php?rest_route=\/wp\/v2\/posts\/509\/revisions\/3214"}],"wp:featuredmedia":[{"embeddable":true,"href":"https:\/\/blog.erm.ee\/index.php?rest_route=\/wp\/v2\/media\/510"}],"wp:attachment":[{"href":"https:\/\/blog.erm.ee\/index.php?rest_route=%2Fwp%2Fv2%2Fmedia&parent=509"}],"wp:term":[{"taxonomy":"category","embeddable":true,"href":"https:\/\/blog.erm.ee\/index.php?rest_route=%2Fwp%2Fv2%2Fcategories&post=509"},{"taxonomy":"post_tag","embeddable":true,"href":"https:\/\/blog.erm.ee\/index.php?rest_route=%2Fwp%2Fv2%2Ftags&post=509"}],"curies":[{"name":"wp","href":"https:\/\/api.w.org\/{rel}","templated":true}]}}