{"id":4823,"date":"2014-05-22T05:26:28","date_gmt":"2014-05-22T03:26:28","guid":{"rendered":"http:\/\/blog.erm.ee\/?p=4823"},"modified":"2014-05-22T12:33:04","modified_gmt":"2014-05-22T10:33:04","slug":"korvuti-linnas","status":"publish","type":"post","link":"https:\/\/blog.erm.ee\/?p=4823","title":{"rendered":"&#8220;K\u00f5rvuti&#8221; linnas"},"content":{"rendered":"<div class=\"fcbkbttn_buttons_block\" id=\"fcbkbttn_left\"><div class=\"fcbkbttn_like \"><fb:like href=\"https:\/\/blog.erm.ee\/?p=4823\" action=\"like\" colorscheme=\"light\" layout=\"standard\"  width=\"225px\" size=\"small\"><\/fb:like><\/div><div class=\"fb-share-button  \" data-href=\"https:\/\/blog.erm.ee\/?p=4823\" data-type=\"button\" data-size=\"small\"><\/div><\/div><p><em>Jaanika Jaanits, koost\u00f6\u00f6v\u00f5rgustike koordinaator<\/em><br \/>\n<em>Fotod Ruudu Rahumaru<\/em><\/p>\n<p>Aprilli keskpaigas avati Eesti Rahva Muuseumis <a href=\"http:\/\/www.erm.ee\/et\/kylasta\/Naitusemaja\/Naitused\/422\" target=\"_blank\">heli- ja videoinstallatsioon \u201eK\u00f5rvuti\u201c<\/a>, mis keskendub inimese-inimese ja linna-inimese vahelisele suhtlusele.<\/p>\n<p>Installatsioon j\u00f5udis ERMi 2013. aasta kevadel toimunud Oma N\u00e4ituse ideedekonkursi kaudu. See konkurss on ERMi uude majja tuleva osalussaali \u00fcheks pilootprojektiks. Osalussaali eesm\u00e4rk on olla erinevatele kogukondadele, gruppidele ja eraisikutele avatud platvormiks, v\u00f5imaldamaks huvilistel ise n\u00e4itusi luues kultuuriloomes kaasa r\u00e4\u00e4kida ning oma ideid tutvustada.<\/p>\n<p>\u201eK\u00f5rvuti\u201c on teine n\u00e4itus, mis konkursile saadetud ideedest teoks on tehtud. Esimeseks oli publiku lemmikuks valitud n\u00e4itus, mis r\u00e4\u00e4kis raudtee\u00e4\u00e4rsetest aedadest Tartus. P\u00e4rast konkursi l\u00f5ppu tegime muuseumi blogi jaoks <a title=\"Raudteeaedade juures UITavad Oma N\u00e4itused\" href=\"https:\/\/blog.erm.ee\/?p=2261\" target=\"_blank\">intervjuu <\/a>n\u00e4ituse \u201eRaudteeaiad\u201c tegijatega. N\u00fc\u00fcd on j\u00e4rg j\u00f5udnud installatsiooni \u201eK\u00f5rvuti\u201c autoriteni. Kadri Lind ja Marie Kliiman r\u00e4\u00e4givad nii installatsiooni loomisest kui ka linnast ning linnaruumist laiemalt.<\/p>\n<p><a href=\"https:\/\/blog.erm.ee\/wp-content\/uploads\/2014\/05\/Avamine_Ruudu-Sandra.jpeg\"><img loading=\"lazy\" decoding=\"async\" data-attachment-id=\"4824\" data-permalink=\"https:\/\/blog.erm.ee\/?attachment_id=4824#main\" data-orig-file=\"https:\/\/blog.erm.ee\/wp-content\/uploads\/2014\/05\/Avamine_Ruudu-Sandra.jpeg\" data-orig-size=\"797,1200\" data-comments-opened=\"1\" data-image-meta=\"{&quot;aperture&quot;:&quot;0&quot;,&quot;credit&quot;:&quot;&quot;,&quot;camera&quot;:&quot;&quot;,&quot;caption&quot;:&quot;&quot;,&quot;created_timestamp&quot;:&quot;0&quot;,&quot;copyright&quot;:&quot;&quot;,&quot;focal_length&quot;:&quot;0&quot;,&quot;iso&quot;:&quot;0&quot;,&quot;shutter_speed&quot;:&quot;0&quot;,&quot;title&quot;:&quot;&quot;}\" data-image-title=\"Avamine_Ruudu Sandra\" data-image-description=\"\" data-image-caption=\"\" data-large-file=\"https:\/\/blog.erm.ee\/wp-content\/uploads\/2014\/05\/Avamine_Ruudu-Sandra-680x1024.jpeg\" class=\"alignnone size-large wp-image-4824\" src=\"https:\/\/blog.erm.ee\/wp-content\/uploads\/2014\/05\/Avamine_Ruudu-Sandra-680x1024.jpeg\" alt=\"Avamine_Ruudu Sandra\" width=\"680\" height=\"1024\" srcset=\"https:\/\/blog.erm.ee\/wp-content\/uploads\/2014\/05\/Avamine_Ruudu-Sandra-680x1024.jpeg 680w, https:\/\/blog.erm.ee\/wp-content\/uploads\/2014\/05\/Avamine_Ruudu-Sandra-172x260.jpeg 172w, https:\/\/blog.erm.ee\/wp-content\/uploads\/2014\/05\/Avamine_Ruudu-Sandra-199x300.jpeg 199w, https:\/\/blog.erm.ee\/wp-content\/uploads\/2014\/05\/Avamine_Ruudu-Sandra.jpeg 797w\" sizes=\"auto, (max-width: 680px) 100vw, 680px\" \/><\/a><em>Kadri \u2194 Marie installatsiooni avamisel<\/em><\/p>\n<p><strong>R\u00e4\u00e4kige natuke oma n\u00e4ituse v\u00f5i installatsiooni \u201eK\u00f5rvuti\u201c ideest?<\/strong><\/p>\n<p>Kadri Lind: See oli meie jaoks esimene kord teha sellist installatsiooni. Arutasime k\u00f5igepealt Mariega, mida meie k\u00fclastajatena tahaksime n\u00e4ha ja tunda. Seej\u00e4rel m\u00f5tlesime, mida me peaks selleks <em>tegema<\/em>, et k\u00fclastaja seda k\u00f5ike tunneks ja n\u00e4eks.<\/p>\n<p>Marie Kliiman: Me tahtsime selle installatsiooniga avada juhuslikku kohtumist linnas, suhtlusmomenti, m\u00e4ngida anon\u00fc\u00fcmsusega linnas. Sinu ja naabri vahel on \u00fcks sein, olete h\u00e4sti l\u00e4hedal. Aga mida te \u00fcksteisest teate v\u00f5i kas ongi \u00fcldse vaja k\u00f5ike teada?<\/p>\n<p>Kadri Lind: Mind on avaliku ruumi teema huvitanud alates sellest, kui ma tegin kaks aastat tagasi oma bakalaureuset\u00f6\u00f6 t\u00e4navakunstnikest.* Neil on avaliku ruumiga nii isiklik suhe kui \u00fcldse olla saab. Mikk Meelak r\u00e4\u00e4kis M\u00fc\u00fcrilehes, kuidas talle meeldib m\u00f5elda sellest, et avalik ruum on isikliku ruumi pikendus. Mulle isiklikult meeldib v\u00e4ga idee v\u00e4ljas trepi peal istumisest. Mitte ei m\u00e4ngi suures toas kaarte, vaid l\u00e4hen maja ette trepi peale ja m\u00e4ngin kaarte seal. Ja see on v\u00e4ga otsene isikliku ruumi pikendamine. Mind on alateadlikult huvitanud selline asi ja t\u00e4navakunstnikud, kes teevad avalikus ruumis mingeid muutusi. Siis oligi \u00fchel hetkel vaja j\u00f5uda ka natuke t\u00fc\u00fcpilisema linnaelaniku juurde ja seda me proovisimegi teha.<\/p>\n<p>Marie Kliiman: See oligi \u00fcks meie uurimisk\u00fcsimus, et teada saada, mida inimesed arvavad, tunnevad. Kui isemoodi keegi l\u00e4htuvalt oma t\u00f6\u00f6st v\u00f5i argiharjumustest linna v\u00f5tab. Miks me vormiliselt selle niimoodi <em>black-box<\/em>\u2019i ja magamistuppa panime, oligi just avaliku ja privaatruumi vastandumine. Sa oled v\u00e4ga koduses voodis, mis on h\u00e4sti turvaline paik, ja siis tuleb sinna keegi v\u00f5\u00f5ras.<\/p>\n<p><strong>Kas see ideemuutus oli toimunud juba enne kui l\u00e4ksite n-\u00f6 v\u00e4lit\u00f6id tegema ja konkreetseid lugusid koguma?<\/strong><\/p>\n<p>Marie Kliiman: Enne v\u00e4lit\u00f6id olemas olnud idee muutus tegemise k\u00e4igus k\u00fcll veidi.<\/p>\n<p>Kadri Lind: Selles suhtes lasksime jah sisul ennast kanda. Protsessi ongi sellep\u00e4rast keeruline kirjeldada, et see on nii orgaaniline. Koguaeg juhtus midagi. Alguses, ma m\u00e4letan, tegime \u00fche s\u00f5braga prooviintervjuu. Me ei teadnud \u00fcldse, mida konkreetselt korjata. Aga siis saime aru, et tegelikult me ei otsi seiklusjutte, vaid just filosoofilisemaid ideid, midagi abstraktsemat ning hakkasime selle poole t\u00fc\u00fcrima. Inimesed tulid ka v\u00e4ga kenasti kaasa. Ma lugesin just \u00fchte autorit, Burton Pike\u2019i, kes r\u00e4\u00e4gib sellest, kuidas tavainimestel ei ole tavaliselt sellist \u201et\u00f6\u00f6riistakasti\u201c v\u00f5i s\u00f5navara, mille abil oma linnakeskkonda m\u00f5testada v\u00f5i s\u00f5nastada. Mis mulle selle protsessi juures eriti meeldib, on see, et nende intervjuudega me m\u00f5nes m\u00f5ttes varustasime inimesed mingite ideedepojakestega. Nad v\u00f5tsid k\u00f5igest h\u00e4sti kiiresti kinni ja andsid meile isiklikke ja ilusaid m\u00f5tteid. P\u00e4rast m\u00f5ned inimesed \u00fctlesid, et nad pole varem sel kujul m\u00f5elnud ega s\u00f5nastanud, mida nad tegelikult linnaruumis tunnevad.<\/p>\n<p>Marie Kliiman: Meiega r\u00e4\u00e4kimine sundis neid sellele m\u00f5tlema ja nad olid ise ka p\u00e4rast \u00fcllatunud, mida nad meile r\u00e4\u00e4kisid ning mis m\u00f5tted sealt tulid.<\/p>\n<p>Kadri Lind: Toosama Pike kirjutab, et kirjanik v\u00f5i uurija on linnas vaatleja positsioonil. Liikleja on see, kes t\u00fc\u00fcrib kindlalt m\u00f6\u00f6da linnaookeani, aga ei saa aru, kus ta on. Mul on tunne, et nende sessioonide kaudu andsime v\u00f5imaluse inimestel muuta oma perspektiivi liiklejast vaatlejaks. See on tegelikult v\u00e4ga v\u00e4rskendav.<\/p>\n<p><strong>Kes need inimesed olid, kellega te r\u00e4\u00e4kisite?<\/strong><\/p>\n<p>Marie Kliiman: Nad olid v\u00e4ga erinevad. Me pigem p\u00f6\u00f6rdusime pooltuttavate poole, kelle kohta me teadsime, et nad v\u00f5ivad sellisel kombel avaneda. M\u00f5ned inimesed nimelt, kellega intervjuusid tegime, l\u00e4ksid lukku ka ja me ei saanud sealt mitte midagi. N\u00e4iteks vanemad inimesed. See oli kuidagi p\u00f5lvkondadevaheliselt tuntav. Vanemad inimesed \u00fctlesid rohkem, et mis n\u00fc\u00fcd mina, mina ei tea midagi, minu arvamus ei ole t\u00e4htis. Me seletasime, et siin ei olegi mingit arvamust v\u00f5i mingit t\u00e4htsat asja, see on lihtsalt vaba m\u00f5ttevoog ja k\u00f5ik on \u00f5ige. Aga nad ei suutnud kuidagi selle m\u00e4nguga kaasa mina. Siis me ikkagi valisime neid inimesi mingi tunde j\u00e4rgi, kes oleksid m\u00e4ngulised.<\/p>\n<p>Kadri Lind: Lisaks valisime v\u00e4ga teadlikult erinevaid perspektiive; erinevate t\u00f6\u00f6- ja elualade esindajad.<\/p>\n<p>Marie Kliiman: Oli nii tuttavaid, s\u00f5pru, sugulasi kui ka t\u00e4iesti v\u00f5\u00f5raid inimesi. N\u00e4iteks ma l\u00e4ksin T\u00f5rvandi tulet\u00f5rjedepoosse. R\u00e4\u00e4kisin \u00fchele tulet\u00f5rjujale 5 minutiga \u00e4ra, mida me teeme ja mida tahame.<\/p>\n<p><strong>Kuidas te materjali kokku panema ja installatsiooni looma hakkasite?<\/strong><\/p>\n<p>Marie Kliiman: Selleks tuli kampa meie tehniline tiim: Martin Kikas, Henry Griin ja Taavi Toom.<\/p>\n<p>Kadri Lind: Nad olid h\u00e4sti suureks abiks ja olid ainukesed inimesed, kellele me saime asja sisust r\u00e4\u00e4kida. Muidu pidime seda kogu aeg saladuses hoidma. Nad said ainsana meile konstruktiivset kriitikat anda.<\/p>\n<p>Marie Kliiman: V\u00e4ga keeruline oli tegelikult nende lugude hulgast, mis meil oli, valida. K\u00f5ik tundusid nii armsad ning meenutasid emotsioone ja hetki, mil lugu r\u00e4\u00e4gitud sai. Korraldasime inimestega umbes tunniseid \u201cseansse\u201d, mille k\u00e4igus kujunesid v\u00e4lja kandvad m\u00f5tted. Tahtsime, et l\u00f5pptulemuses oleks esindatud v\u00f5imalikult erinevad perspektiivid.<br \/>\nVideopildi kokkupanemine n\u00e4gi v\u00e4lja nii, et k\u00e4isime ERMi \u00fcmbruses ringi ja otsisime inimesi, keda filmida. R\u00e4\u00e4kisime, mis me teeme ja palusime luba r\u00f6\u00f6vida viis minutit nende ajast. Esimeste inimeste puhul, kelle poole p\u00f6\u00f6rdusime, tundus kohe, et nad ei tule. Nad \u00fctlesid, et k\u00e4ivad kodus \u00e4ra ja siis tulevad tagasi. Me ei uskunud seda eriti.<\/p>\n<p>Kadri Lind: Aga 20 minuti p\u00e4rast olid nad meil ukse taga.<\/p>\n<p>Marie Kliiman: H\u00e4sti lahe oli arusaamine, kui m\u00e4ngulised inimesed tegelikult olid. Ma ei tea isegi, kas mina teeks sellist asja ja julgeks kaasa minna, kui keegi kutsuks.<br \/>\nIgatahes me avastasime t\u00f6\u00f6 k\u00e4igus, et meile meeldib v\u00f5\u00f5rastega suhelda. \u201eK\u00f5rvutit\u201c tehes saime aru, et <a href=\"http:\/\/uit.ee\/\" target=\"_blank\">UIT festivali<\/a> ja sellega seotud asju teeme me tegelikult sellep\u00e4rast, et v\u00f5\u00f5rastega on nii p\u00f5nev. Alati tuleb ette mingeid ootamatusi. On h\u00e4sti hirmutav minna kellegi juurde t\u00e4naval ja paluda midagi, r\u00e4\u00e4kida millestki. Aga see on h\u00e4sti palju andnud ka.<\/p>\n<p>Kadri Lind: \u201eK\u00f5rvuti\u201c oli meile v\u00e4ga hea kodut\u00f6\u00f6 UIT\u2019i jaoks, et teada saada, kuidas tulevastes projektides inimestele l\u00e4heneda. Me oleme v\u00e4sinud ennustamast, mis v\u00f5iks inimestele meeldida. M\u00f5tlesime seda neilt k\u00fcsida. See on nii lihtne, aga seda tehakse kaunis v\u00e4he. N\u00fc\u00fcd v\u00f5ib-olla veidi rohkem ja ka linnaplaneerimisse kaasatakse rohkem inimesi, aga see on v\u00e4ga hiljutine n\u00e4htus. Enne linnaplaneerijad ennustasid v\u00f5i m\u00f5tlesid, mis n\u00e4eks hea v\u00e4lja. Aga k\u00fcsida on palju toredam, sest inimestel on tegelikult v\u00e4ga selge arvamus ja arusaam selle kohta, mis nende \u00fcmber toimub.<\/p>\n<p><a href=\"https:\/\/blog.erm.ee\/wp-content\/uploads\/2014\/05\/Ruudu-Sandra_Avamine.jpeg\"><img loading=\"lazy\" decoding=\"async\" data-attachment-id=\"4825\" data-permalink=\"https:\/\/blog.erm.ee\/?attachment_id=4825#main\" data-orig-file=\"https:\/\/blog.erm.ee\/wp-content\/uploads\/2014\/05\/Ruudu-Sandra_Avamine.jpeg\" data-orig-size=\"800,1200\" data-comments-opened=\"1\" data-image-meta=\"{&quot;aperture&quot;:&quot;0&quot;,&quot;credit&quot;:&quot;&quot;,&quot;camera&quot;:&quot;&quot;,&quot;caption&quot;:&quot;&quot;,&quot;created_timestamp&quot;:&quot;0&quot;,&quot;copyright&quot;:&quot;&quot;,&quot;focal_length&quot;:&quot;0&quot;,&quot;iso&quot;:&quot;0&quot;,&quot;shutter_speed&quot;:&quot;0&quot;,&quot;title&quot;:&quot;&quot;}\" data-image-title=\"Ruudu Sandra_Avamine\" data-image-description=\"\" data-image-caption=\"\" data-large-file=\"https:\/\/blog.erm.ee\/wp-content\/uploads\/2014\/05\/Ruudu-Sandra_Avamine-682x1024.jpeg\" class=\"alignnone size-large wp-image-4825\" src=\"https:\/\/blog.erm.ee\/wp-content\/uploads\/2014\/05\/Ruudu-Sandra_Avamine-682x1024.jpeg\" alt=\"Ruudu Sandra_Avamine\" width=\"682\" height=\"1024\" srcset=\"https:\/\/blog.erm.ee\/wp-content\/uploads\/2014\/05\/Ruudu-Sandra_Avamine-682x1024.jpeg 682w, https:\/\/blog.erm.ee\/wp-content\/uploads\/2014\/05\/Ruudu-Sandra_Avamine-173x260.jpeg 173w, https:\/\/blog.erm.ee\/wp-content\/uploads\/2014\/05\/Ruudu-Sandra_Avamine-200x300.jpeg 200w, https:\/\/blog.erm.ee\/wp-content\/uploads\/2014\/05\/Ruudu-Sandra_Avamine.jpeg 800w\" sizes=\"auto, (max-width: 682px) 100vw, 682px\" \/><\/a><\/p>\n<p><strong>Kuidas te isiklikult selleni j\u00f5udsite, et linnaruumis toimuv teile korda l\u00e4heb?<\/strong><\/p>\n<p>Marie Kliiman: Kadri juba enne r\u00e4\u00e4kis, et tal on t\u00e4navakunsti vastu huvi ja sealt see tuleb. Mul on ka see kunstiga seotud, aga pigem etenduskunstidega. Selliste etenduste v\u00f5i aktsioonidega, mis on kohaspetsiifilised ja publikut aktiivselt kaasavad ja raputavad vaataja v\u00e4lja tavap\u00e4rasest j\u00e4lgija positsioonist. Sellep\u00e4rast tahaks siin Tartus seda liini arendada, tundub, et niisugune l\u00e4henemine l\u00e4heb inimestele ka korda. Just praegusel hetkel on see h\u00e4sti oluline, v\u00f5ib-olla on ka mingite m\u00f5ttemallide muutus just praegu \u00f5hus. Kui r\u00e4\u00e4kisime enne, et vanemate inimestega oli keerulisem linnaruumi teemale l\u00e4heneda, sest see oli nende jaoks m\u00f5iste, mida nad ei pidanud vajalikuks \u00fcldse m\u00f5testada. Neil ei ole harjumust selles asjas aktiivselt kaasa m\u00f5elda. Pigem \u00fctlevad nad, et las need targad inimesed seal linnavalitsuses\u2026 Aga meie generatsioon sai aru k\u00fcll, millest me r\u00e4\u00e4gime. Ma arvan, et linnateema on praegu v\u00e4ga tugevalt \u00f5hus.<\/p>\n<p>Kadri Lind: V\u00f5ib-olla see on sellep\u00e4rast, et ma tajun, kuidas k\u00f5ik muutub aina enam virtuaalseks. Siis on kuidagi nii eriline, kui keegi mingi materiaalse m\u00e4rgi kuskile loob.<br \/>\nKooli t\u00f5ttu m\u00f5tlen linnale tihti, aga mind huvitavad ikkagi k\u00f5ige rohkem tajuprotsessid. Mul oli maakodu ja seal oli suur aed. Ma m\u00f5tlesin, et see aed on h\u00e4sti tore, aga korraga sain aru, et ma ei suhestu selle aiaga enam absoluutselt. V\u00e4iksena on niimoodi, et kujutled nagu sipelga perspektiivist k\u00f5iki asju suuremana, kui need tegelikult on. Vaatad lompi, sul on seal rohuk\u00f5rred. Siis m\u00f5tled, et siin on v\u00e4ike linnake ja need on puud ja seal saaks elada. Siis oligi nii palju selliseid klammerdumisepunkte ruumis, kuhu sai mingi loo taha m\u00f5elda. Ruum tekitas rohkem emotsioone ja tundsid seal ennast rohkem kohal. Mingil hetkel maal olles sain aru, et kui ma just aiat\u00f6id ei tee, igas nurgas midagi ei kitku v\u00f5i ei rohi, ei teki mul mingit isiklikku suhet selle kohaga.<\/p>\n<p><strong>Mis on teie edasised plaanid?<\/strong><\/p>\n<p>Marie Kliiman: 14.\u201316. augustil toimub linnafestival UIT. Me tegeleme n\u00fc\u00fcd aktiivselt selle ette valmistamisega. Mis t\u00e4psemalt toimuma hakkab, tahaks veel saladuses hoida. Soovime kindlasti kaasata publikut, et vaatajad v\u00e4lja murda tavarollist, milleks on passiivne olek.<\/p>\n<p>Kadri Lind: P\u00fc\u00fcdleme ka selle poole, et kunst ei pea olema elitaarne. T\u00e4navakunst meeldibki mulle sellep\u00e4rast, et selle jaoks ei pea olema kunstnik. K\u00fcsimus on enesev\u00e4ljenduses. UIT\u2019iga tahamegi j\u00f5uda laiema publikuni.<\/p>\n<p>Marie Kliiman: Selline natuke maailmaparanduslik plaan. Mitte, et sellest kohe ilmtingimata midagi paremaks muutuks, kui inimene k\u00e4ib \u00fcht teost kogemas. Aga suurem eesm\u00e4rk on selles, et ka magalapiirkondi tajutaks rohkem potentsiaalsete paikadena, kus v\u00f5ib vabalt midagi uut ette v\u00f5tta. Et ainult kesklinn pole see paik, kus midagi aktiivselt toimub.<\/p>\n<p>Kadri Lind: See ongi see, kuidas keegi otsustab avalikus ruumis olla. Oleme endast r\u00e4\u00e4kinud, aga \u201eK\u00f5rvuti\u201c peamine idee oli see, et me tahtsime teada, kuidas <em>teised<\/em> end linnaruumis tunnevad.<\/p>\n<p><strong>Miks peaks inimene tulema seda installatsiooni vaatama?<\/strong><\/p>\n<p>Kadri Lind: Ma arvan, et v\u00f5iks tulla uudishimu p\u00e4rast. Kui ma kuulen oma naabrit, tekib k\u00fcsimus, kes see on, kellega mind on juhuse tahtel pandud \u00fchte majja elama? \u201eK\u00f5rvuti\u201c loob mingi v\u00f5imaluse v\u00f5i lootuse, et v\u00f5id tegelikult kohtuda inimesega, keda sa v\u00f5ib-olla tead, aga kellega ei ole kunagi r\u00e4\u00e4kinud.<\/p>\n<p><a href=\"http:\/\/www.erm.ee\/et\/kylasta\/Naitusemaja\/Naitused\/422\" target=\"_blank\">Heli- ja videoinstallatsioon \u201eK\u00f5rvuti\u201c on avatud Eesti Rahva Muuseumi n\u00e4itusemajas (J. Kuperjanovi 9) kuni 1. juunini<\/a><\/p>\n<p>Kontseptsioon: Kadri Lind ja Marie Kliiman (Linnafestival UIT)<br \/>\nHeli: Martin Kikas (\u00d6 Stuudio)<br \/>\nValgus, tehniline teostus: Taavi Toom (Tartu Uus Teater)<br \/>\nVideo: Henry Griin<br \/>\nGraafika: Anu Salumaa<\/p>\n<p>&nbsp;<\/p>\n<p>*Lind, Kadri 2012. Tartu t\u00e4navakunstnikud. Juhendaja Aimar Ventsel. Tartu \u00dclikool, kultuuriteaduste ja kunstide instituut, etnoloogia osakond.<\/p>\n<div class=\"fcbkbttn_buttons_block\" id=\"fcbkbttn_left\"><div class=\"fcbkbttn_like \"><fb:like href=\"https:\/\/blog.erm.ee\/?p=4823\" action=\"like\" colorscheme=\"light\" layout=\"standard\"  width=\"225px\" size=\"small\"><\/fb:like><\/div><div class=\"fb-share-button  \" data-href=\"https:\/\/blog.erm.ee\/?p=4823\" data-type=\"button\" data-size=\"small\"><\/div><\/div>","protected":false},"excerpt":{"rendered":"<p>Jaanika Jaanits, koost\u00f6\u00f6v\u00f5rgustike koordinaator Fotod Ruudu Rahumaru Aprilli keskpaigas avati Eesti Rahva Muuseumis heli- ja videoinstallatsioon \u201eK\u00f5rvuti\u201c, mis keskendub inimese-inimese ja linna-inimese vahelisele suhtlusele. Installatsioon j\u00f5udis ERMi 2013. aasta kevadel toimunud Oma N\u00e4ituse ideedekonkursi kaudu. See konkurss on ERMi uude majja tuleva osalussaali \u00fcheks pilootprojektiks. Osalussaali eesm\u00e4rk on olla erinevatele kogukondadele, gruppidele ja eraisikutele avatud&hellip;<\/p>\n","protected":false},"author":1,"featured_media":4825,"comment_status":"open","ping_status":"open","sticky":false,"template":"","format":"standard","meta":{"_monsterinsights_skip_tracking":false,"_monsterinsights_sitenote_active":false,"_monsterinsights_sitenote_note":"","_monsterinsights_sitenote_category":0,"jetpack_post_was_ever_published":false,"_jetpack_newsletter_access":"","_jetpack_dont_email_post_to_subs":false,"_jetpack_newsletter_tier_id":0,"_jetpack_memberships_contains_paywalled_content":false,"_jetpack_memberships_contains_paid_content":false,"footnotes":""},"categories":[30],"tags":[],"class_list":["post-4823","post","type-post","status-publish","format-standard","has-post-thumbnail","hentry","category-osalus"],"yoast_head":"<!-- This site is optimized with the Yoast SEO plugin v27.5 - https:\/\/yoast.com\/product\/yoast-seo-wordpress\/ -->\n<title>&quot;K\u00f5rvuti&quot; linnas - Eesti Rahva Muuseumi ajaveeb<\/title>\n<meta name=\"robots\" content=\"index, follow, max-snippet:-1, max-image-preview:large, max-video-preview:-1\" \/>\n<link rel=\"canonical\" href=\"https:\/\/blog.erm.ee\/?p=4823\" \/>\n<meta property=\"og:locale\" content=\"et_EE\" \/>\n<meta property=\"og:type\" content=\"article\" \/>\n<meta property=\"og:title\" content=\"&quot;K\u00f5rvuti&quot; linnas - Eesti Rahva Muuseumi ajaveeb\" \/>\n<meta property=\"og:description\" content=\"Jaanika Jaanits, koost\u00f6\u00f6v\u00f5rgustike koordinaator Fotod Ruudu Rahumaru Aprilli keskpaigas avati Eesti Rahva Muuseumis heli- ja videoinstallatsioon \u201eK\u00f5rvuti\u201c, mis keskendub inimese-inimese ja linna-inimese vahelisele suhtlusele. Installatsioon j\u00f5udis ERMi 2013. aasta kevadel toimunud Oma N\u00e4ituse ideedekonkursi kaudu. See konkurss on ERMi uude majja tuleva osalussaali \u00fcheks pilootprojektiks. Osalussaali eesm\u00e4rk on olla erinevatele kogukondadele, gruppidele ja eraisikutele avatud&hellip;\" \/>\n<meta property=\"og:url\" content=\"https:\/\/blog.erm.ee\/?p=4823\" \/>\n<meta property=\"og:site_name\" content=\"Eesti Rahva Muuseumi ajaveeb\" \/>\n<meta property=\"article:published_time\" content=\"2014-05-22T03:26:28+00:00\" \/>\n<meta property=\"article:modified_time\" content=\"2014-05-22T10:33:04+00:00\" \/>\n<meta property=\"og:image\" content=\"https:\/\/blog.erm.ee\/wp-content\/uploads\/2014\/05\/Ruudu-Sandra_Avamine.jpeg\" \/>\n\t<meta property=\"og:image:width\" content=\"800\" \/>\n\t<meta property=\"og:image:height\" content=\"1200\" \/>\n\t<meta property=\"og:image:type\" content=\"image\/jpeg\" \/>\n<meta name=\"author\" content=\"Eesti Rahva Muuseum\" \/>\n<meta name=\"twitter:card\" content=\"summary_large_image\" \/>\n<meta name=\"twitter:label1\" content=\"Written by\" \/>\n\t<meta name=\"twitter:data1\" content=\"Eesti Rahva Muuseum\" \/>\n\t<meta name=\"twitter:label2\" content=\"Est. reading time\" \/>\n\t<meta name=\"twitter:data2\" content=\"9 minutit\" \/>\n<script type=\"application\/ld+json\" class=\"yoast-schema-graph\">{\"@context\":\"https:\\\/\\\/schema.org\",\"@graph\":[{\"@type\":\"Article\",\"@id\":\"https:\\\/\\\/blog.erm.ee\\\/?p=4823#article\",\"isPartOf\":{\"@id\":\"https:\\\/\\\/blog.erm.ee\\\/?p=4823\"},\"author\":{\"name\":\"Eesti Rahva Muuseum\",\"@id\":\"https:\\\/\\\/blog.erm.ee\\\/#\\\/schema\\\/person\\\/6e98c391cb00a33e7c22a3571e062114\"},\"headline\":\"&#8220;K\u00f5rvuti&#8221; linnas\",\"datePublished\":\"2014-05-22T03:26:28+00:00\",\"dateModified\":\"2014-05-22T10:33:04+00:00\",\"mainEntityOfPage\":{\"@id\":\"https:\\\/\\\/blog.erm.ee\\\/?p=4823\"},\"wordCount\":1900,\"commentCount\":0,\"image\":{\"@id\":\"https:\\\/\\\/blog.erm.ee\\\/?p=4823#primaryimage\"},\"thumbnailUrl\":\"https:\\\/\\\/blog.erm.ee\\\/wp-content\\\/uploads\\\/2014\\\/05\\\/Ruudu-Sandra_Avamine.jpeg\",\"articleSection\":[\"Osalus\"],\"inLanguage\":\"et\",\"potentialAction\":[{\"@type\":\"CommentAction\",\"name\":\"Comment\",\"target\":[\"https:\\\/\\\/blog.erm.ee\\\/?p=4823#respond\"]}]},{\"@type\":\"WebPage\",\"@id\":\"https:\\\/\\\/blog.erm.ee\\\/?p=4823\",\"url\":\"https:\\\/\\\/blog.erm.ee\\\/?p=4823\",\"name\":\"\\\"K\u00f5rvuti\\\" linnas - Eesti Rahva Muuseumi ajaveeb\",\"isPartOf\":{\"@id\":\"https:\\\/\\\/blog.erm.ee\\\/#website\"},\"primaryImageOfPage\":{\"@id\":\"https:\\\/\\\/blog.erm.ee\\\/?p=4823#primaryimage\"},\"image\":{\"@id\":\"https:\\\/\\\/blog.erm.ee\\\/?p=4823#primaryimage\"},\"thumbnailUrl\":\"https:\\\/\\\/blog.erm.ee\\\/wp-content\\\/uploads\\\/2014\\\/05\\\/Ruudu-Sandra_Avamine.jpeg\",\"datePublished\":\"2014-05-22T03:26:28+00:00\",\"dateModified\":\"2014-05-22T10:33:04+00:00\",\"author\":{\"@id\":\"https:\\\/\\\/blog.erm.ee\\\/#\\\/schema\\\/person\\\/6e98c391cb00a33e7c22a3571e062114\"},\"breadcrumb\":{\"@id\":\"https:\\\/\\\/blog.erm.ee\\\/?p=4823#breadcrumb\"},\"inLanguage\":\"et\",\"potentialAction\":[{\"@type\":\"ReadAction\",\"target\":[\"https:\\\/\\\/blog.erm.ee\\\/?p=4823\"]}]},{\"@type\":\"ImageObject\",\"inLanguage\":\"et\",\"@id\":\"https:\\\/\\\/blog.erm.ee\\\/?p=4823#primaryimage\",\"url\":\"https:\\\/\\\/blog.erm.ee\\\/wp-content\\\/uploads\\\/2014\\\/05\\\/Ruudu-Sandra_Avamine.jpeg\",\"contentUrl\":\"https:\\\/\\\/blog.erm.ee\\\/wp-content\\\/uploads\\\/2014\\\/05\\\/Ruudu-Sandra_Avamine.jpeg\",\"width\":800,\"height\":1200},{\"@type\":\"BreadcrumbList\",\"@id\":\"https:\\\/\\\/blog.erm.ee\\\/?p=4823#breadcrumb\",\"itemListElement\":[{\"@type\":\"ListItem\",\"position\":1,\"name\":\"Home\",\"item\":\"https:\\\/\\\/blog.erm.ee\\\/\"},{\"@type\":\"ListItem\",\"position\":2,\"name\":\"&#8220;K\u00f5rvuti&#8221; linnas\"}]},{\"@type\":\"WebSite\",\"@id\":\"https:\\\/\\\/blog.erm.ee\\\/#website\",\"url\":\"https:\\\/\\\/blog.erm.ee\\\/\",\"name\":\"Eesti Rahva Muuseumi ajaveeb\",\"description\":\"\",\"potentialAction\":[{\"@type\":\"SearchAction\",\"target\":{\"@type\":\"EntryPoint\",\"urlTemplate\":\"https:\\\/\\\/blog.erm.ee\\\/?s={search_term_string}\"},\"query-input\":{\"@type\":\"PropertyValueSpecification\",\"valueRequired\":true,\"valueName\":\"search_term_string\"}}],\"inLanguage\":\"et\"},{\"@type\":\"Person\",\"@id\":\"https:\\\/\\\/blog.erm.ee\\\/#\\\/schema\\\/person\\\/6e98c391cb00a33e7c22a3571e062114\",\"name\":\"Eesti Rahva Muuseum\",\"image\":{\"@type\":\"ImageObject\",\"inLanguage\":\"et\",\"@id\":\"https:\\\/\\\/secure.gravatar.com\\\/avatar\\\/cb6d9ad5fb49f3f7315028ce5fe60641075f2cb52b8a058ff5a985fa2d8c1da0?s=96&d=mm&r=g\",\"url\":\"https:\\\/\\\/secure.gravatar.com\\\/avatar\\\/cb6d9ad5fb49f3f7315028ce5fe60641075f2cb52b8a058ff5a985fa2d8c1da0?s=96&d=mm&r=g\",\"contentUrl\":\"https:\\\/\\\/secure.gravatar.com\\\/avatar\\\/cb6d9ad5fb49f3f7315028ce5fe60641075f2cb52b8a058ff5a985fa2d8c1da0?s=96&d=mm&r=g\",\"caption\":\"Eesti Rahva Muuseum\"},\"sameAs\":[\"http:\\\/\\\/www.erm.ee\"],\"url\":\"https:\\\/\\\/blog.erm.ee\\\/?author=1\"}]}<\/script>\n<!-- \/ Yoast SEO plugin. -->","yoast_head_json":{"title":"\"K\u00f5rvuti\" linnas - Eesti Rahva Muuseumi ajaveeb","robots":{"index":"index","follow":"follow","max-snippet":"max-snippet:-1","max-image-preview":"max-image-preview:large","max-video-preview":"max-video-preview:-1"},"canonical":"https:\/\/blog.erm.ee\/?p=4823","og_locale":"et_EE","og_type":"article","og_title":"\"K\u00f5rvuti\" linnas - Eesti Rahva Muuseumi ajaveeb","og_description":"Jaanika Jaanits, koost\u00f6\u00f6v\u00f5rgustike koordinaator Fotod Ruudu Rahumaru Aprilli keskpaigas avati Eesti Rahva Muuseumis heli- ja videoinstallatsioon \u201eK\u00f5rvuti\u201c, mis keskendub inimese-inimese ja linna-inimese vahelisele suhtlusele. Installatsioon j\u00f5udis ERMi 2013. aasta kevadel toimunud Oma N\u00e4ituse ideedekonkursi kaudu. See konkurss on ERMi uude majja tuleva osalussaali \u00fcheks pilootprojektiks. Osalussaali eesm\u00e4rk on olla erinevatele kogukondadele, gruppidele ja eraisikutele avatud&hellip;","og_url":"https:\/\/blog.erm.ee\/?p=4823","og_site_name":"Eesti Rahva Muuseumi ajaveeb","article_published_time":"2014-05-22T03:26:28+00:00","article_modified_time":"2014-05-22T10:33:04+00:00","og_image":[{"width":800,"height":1200,"url":"https:\/\/blog.erm.ee\/wp-content\/uploads\/2014\/05\/Ruudu-Sandra_Avamine.jpeg","type":"image\/jpeg"}],"author":"Eesti Rahva Muuseum","twitter_card":"summary_large_image","twitter_misc":{"Written by":"Eesti Rahva Muuseum","Est. reading time":"9 minutit"},"schema":{"@context":"https:\/\/schema.org","@graph":[{"@type":"Article","@id":"https:\/\/blog.erm.ee\/?p=4823#article","isPartOf":{"@id":"https:\/\/blog.erm.ee\/?p=4823"},"author":{"name":"Eesti Rahva Muuseum","@id":"https:\/\/blog.erm.ee\/#\/schema\/person\/6e98c391cb00a33e7c22a3571e062114"},"headline":"&#8220;K\u00f5rvuti&#8221; linnas","datePublished":"2014-05-22T03:26:28+00:00","dateModified":"2014-05-22T10:33:04+00:00","mainEntityOfPage":{"@id":"https:\/\/blog.erm.ee\/?p=4823"},"wordCount":1900,"commentCount":0,"image":{"@id":"https:\/\/blog.erm.ee\/?p=4823#primaryimage"},"thumbnailUrl":"https:\/\/blog.erm.ee\/wp-content\/uploads\/2014\/05\/Ruudu-Sandra_Avamine.jpeg","articleSection":["Osalus"],"inLanguage":"et","potentialAction":[{"@type":"CommentAction","name":"Comment","target":["https:\/\/blog.erm.ee\/?p=4823#respond"]}]},{"@type":"WebPage","@id":"https:\/\/blog.erm.ee\/?p=4823","url":"https:\/\/blog.erm.ee\/?p=4823","name":"\"K\u00f5rvuti\" linnas - Eesti Rahva Muuseumi ajaveeb","isPartOf":{"@id":"https:\/\/blog.erm.ee\/#website"},"primaryImageOfPage":{"@id":"https:\/\/blog.erm.ee\/?p=4823#primaryimage"},"image":{"@id":"https:\/\/blog.erm.ee\/?p=4823#primaryimage"},"thumbnailUrl":"https:\/\/blog.erm.ee\/wp-content\/uploads\/2014\/05\/Ruudu-Sandra_Avamine.jpeg","datePublished":"2014-05-22T03:26:28+00:00","dateModified":"2014-05-22T10:33:04+00:00","author":{"@id":"https:\/\/blog.erm.ee\/#\/schema\/person\/6e98c391cb00a33e7c22a3571e062114"},"breadcrumb":{"@id":"https:\/\/blog.erm.ee\/?p=4823#breadcrumb"},"inLanguage":"et","potentialAction":[{"@type":"ReadAction","target":["https:\/\/blog.erm.ee\/?p=4823"]}]},{"@type":"ImageObject","inLanguage":"et","@id":"https:\/\/blog.erm.ee\/?p=4823#primaryimage","url":"https:\/\/blog.erm.ee\/wp-content\/uploads\/2014\/05\/Ruudu-Sandra_Avamine.jpeg","contentUrl":"https:\/\/blog.erm.ee\/wp-content\/uploads\/2014\/05\/Ruudu-Sandra_Avamine.jpeg","width":800,"height":1200},{"@type":"BreadcrumbList","@id":"https:\/\/blog.erm.ee\/?p=4823#breadcrumb","itemListElement":[{"@type":"ListItem","position":1,"name":"Home","item":"https:\/\/blog.erm.ee\/"},{"@type":"ListItem","position":2,"name":"&#8220;K\u00f5rvuti&#8221; linnas"}]},{"@type":"WebSite","@id":"https:\/\/blog.erm.ee\/#website","url":"https:\/\/blog.erm.ee\/","name":"Eesti Rahva Muuseumi ajaveeb","description":"","potentialAction":[{"@type":"SearchAction","target":{"@type":"EntryPoint","urlTemplate":"https:\/\/blog.erm.ee\/?s={search_term_string}"},"query-input":{"@type":"PropertyValueSpecification","valueRequired":true,"valueName":"search_term_string"}}],"inLanguage":"et"},{"@type":"Person","@id":"https:\/\/blog.erm.ee\/#\/schema\/person\/6e98c391cb00a33e7c22a3571e062114","name":"Eesti Rahva Muuseum","image":{"@type":"ImageObject","inLanguage":"et","@id":"https:\/\/secure.gravatar.com\/avatar\/cb6d9ad5fb49f3f7315028ce5fe60641075f2cb52b8a058ff5a985fa2d8c1da0?s=96&d=mm&r=g","url":"https:\/\/secure.gravatar.com\/avatar\/cb6d9ad5fb49f3f7315028ce5fe60641075f2cb52b8a058ff5a985fa2d8c1da0?s=96&d=mm&r=g","contentUrl":"https:\/\/secure.gravatar.com\/avatar\/cb6d9ad5fb49f3f7315028ce5fe60641075f2cb52b8a058ff5a985fa2d8c1da0?s=96&d=mm&r=g","caption":"Eesti Rahva Muuseum"},"sameAs":["http:\/\/www.erm.ee"],"url":"https:\/\/blog.erm.ee\/?author=1"}]}},"jetpack_featured_media_url":"https:\/\/blog.erm.ee\/wp-content\/uploads\/2014\/05\/Ruudu-Sandra_Avamine.jpeg","jetpack_shortlink":"https:\/\/wp.me\/p2l9Zd-1fN","jetpack_sharing_enabled":true,"jetpack_likes_enabled":true,"_links":{"self":[{"href":"https:\/\/blog.erm.ee\/index.php?rest_route=\/wp\/v2\/posts\/4823","targetHints":{"allow":["GET"]}}],"collection":[{"href":"https:\/\/blog.erm.ee\/index.php?rest_route=\/wp\/v2\/posts"}],"about":[{"href":"https:\/\/blog.erm.ee\/index.php?rest_route=\/wp\/v2\/types\/post"}],"author":[{"embeddable":true,"href":"https:\/\/blog.erm.ee\/index.php?rest_route=\/wp\/v2\/users\/1"}],"replies":[{"embeddable":true,"href":"https:\/\/blog.erm.ee\/index.php?rest_route=%2Fwp%2Fv2%2Fcomments&post=4823"}],"version-history":[{"count":7,"href":"https:\/\/blog.erm.ee\/index.php?rest_route=\/wp\/v2\/posts\/4823\/revisions"}],"predecessor-version":[{"id":4832,"href":"https:\/\/blog.erm.ee\/index.php?rest_route=\/wp\/v2\/posts\/4823\/revisions\/4832"}],"wp:featuredmedia":[{"embeddable":true,"href":"https:\/\/blog.erm.ee\/index.php?rest_route=\/wp\/v2\/media\/4825"}],"wp:attachment":[{"href":"https:\/\/blog.erm.ee\/index.php?rest_route=%2Fwp%2Fv2%2Fmedia&parent=4823"}],"wp:term":[{"taxonomy":"category","embeddable":true,"href":"https:\/\/blog.erm.ee\/index.php?rest_route=%2Fwp%2Fv2%2Fcategories&post=4823"},{"taxonomy":"post_tag","embeddable":true,"href":"https:\/\/blog.erm.ee\/index.php?rest_route=%2Fwp%2Fv2%2Ftags&post=4823"}],"curies":[{"name":"wp","href":"https:\/\/api.w.org\/{rel}","templated":true}]}}