{"id":4766,"date":"2014-05-15T07:12:14","date_gmt":"2014-05-15T05:12:14","guid":{"rendered":"http:\/\/blog.erm.ee\/?p=4766"},"modified":"2014-05-15T10:05:57","modified_gmt":"2014-05-15T08:05:57","slug":"niisamalinnas","status":"publish","type":"post","link":"https:\/\/blog.erm.ee\/?p=4766","title":{"rendered":"#Niisamalinnas ?"},"content":{"rendered":"<div class=\"fcbkbttn_buttons_block\" id=\"fcbkbttn_left\"><div class=\"fcbkbttn_like \"><fb:like href=\"https:\/\/blog.erm.ee\/?p=4766\" action=\"like\" colorscheme=\"light\" layout=\"standard\"  width=\"225px\" size=\"small\"><\/fb:like><\/div><div class=\"fb-share-button  \" data-href=\"https:\/\/blog.erm.ee\/?p=4766\" data-type=\"button\" data-size=\"small\"><\/div><\/div><p><em>Tekst ja fotod Ave Kikas, ERMi giid-pedagoog ja <\/em><em>Keiu Telve, Tartu Linnamuuseumi haridusprogrammide kuraator<\/em><\/p>\n<p>Mingil hetkel levis kuuldus, et ERMi n\u00e4itusemajas on liikumas Ehti J\u00e4rv, kes m\u00f5lgutab m\u00f5tteid linnan\u00e4ituse teemadel. Kuna meil on kiired ajad, kippus info esialgu j\u00e4\u00e4ma pelga m\u00e4rkimise tasemele \u2013 jah, on tulemas n\u00e4itus. Ajapikku selgus, et noortest r\u00e4\u00e4kiva ning osaliselt noorte ja lastega koost\u00f6\u00f6s loodud n\u00e4ituse haridusprogrammide koostamisel soovitakse ka muuseumipedagoogide n\u00f5u ja abi. Algas p\u00f5nev ja positiivselt pingeline koosloomise protsess.<\/p>\n<p>Uut programmi luues seisab muuseumipedagoogi ees mitu \u00fclesannet. Esmalt tuleb luua selgus enda peas: mida kuraator n\u00e4itusega silmas peab; millised on n\u00e4ituse \u00fcldised eesm\u00e4rgid, teemad ja soovitavad tulemused. Seej\u00e4rel tuleb kujustada v\u00f5imalikku haridusprogrammi ning selle tellijat, kelleks reeglina on \u00f5petaja. Ning kolmandaks tuleb asuda kuraatori antud sisu ja formaalharidusest nopitud info toel muuseumitundi looma. Kirjeldatu on paljuski ideaalraamistik, mille alusel me muuseumipedagoogidena t\u00f6\u00f6tame ja \u201e#Niisama linnas\u201c linnam\u00e4ngu luues sai ideaalvormi t\u00f6\u00f6protsessis katsetada. \u00d5igupoolest pole \u00fckski programm ega tund kunagi valmis, sest kaasaegne harimine eeldab l\u00e4htumist kuulajast-vaatajast ning vahendaja \u00fclesanne on oma tegevust grupile vastavalt kohandada.<\/p>\n<p>Programmiloome loogika iseenesest eeldab koost\u00f6\u00f6d erinevate osapoolte vahel. Olles l\u00e4bi m\u00f5elnud \u201e#Niisama linnas\u201c n\u00e4ituse sisu ja eesm\u00e4rgid, j\u00f5udsime peagi j\u00e4relduseni, et n\u00e4itus linnast ja selle tajumisest v\u00f5iks kaasata linnapilti ja selle kujunemise erinevaid kihte. Koost\u00f6\u00f6partneriks n\u00f5ustus tulema Tartu Linnamuuseum.<\/p>\n<p><a href=\"https:\/\/blog.erm.ee\/wp-content\/uploads\/2014\/05\/IMG_1557.jpg\"><img loading=\"lazy\" decoding=\"async\" data-attachment-id=\"4778\" data-permalink=\"https:\/\/blog.erm.ee\/?attachment_id=4778#main\" data-orig-file=\"https:\/\/blog.erm.ee\/wp-content\/uploads\/2014\/05\/IMG_1557.jpg\" data-orig-size=\"1200,900\" data-comments-opened=\"1\" data-image-meta=\"{&quot;aperture&quot;:&quot;0&quot;,&quot;credit&quot;:&quot;&quot;,&quot;camera&quot;:&quot;&quot;,&quot;caption&quot;:&quot;&quot;,&quot;created_timestamp&quot;:&quot;1398683100&quot;,&quot;copyright&quot;:&quot;&quot;,&quot;focal_length&quot;:&quot;0&quot;,&quot;iso&quot;:&quot;0&quot;,&quot;shutter_speed&quot;:&quot;0&quot;,&quot;title&quot;:&quot;&quot;}\" data-image-title=\"IMG_1557\" data-image-description=\"\" data-image-caption=\"\" data-large-file=\"https:\/\/blog.erm.ee\/wp-content\/uploads\/2014\/05\/IMG_1557-1024x768.jpg\" class=\"alignnone size-large wp-image-4778\" src=\"https:\/\/blog.erm.ee\/wp-content\/uploads\/2014\/05\/IMG_1557-1024x768.jpg\" alt=\"IMG_1557\" width=\"700\" height=\"525\" srcset=\"https:\/\/blog.erm.ee\/wp-content\/uploads\/2014\/05\/IMG_1557-1024x768.jpg 1024w, https:\/\/blog.erm.ee\/wp-content\/uploads\/2014\/05\/IMG_1557-346x260.jpg 346w, https:\/\/blog.erm.ee\/wp-content\/uploads\/2014\/05\/IMG_1557-300x225.jpg 300w, https:\/\/blog.erm.ee\/wp-content\/uploads\/2014\/05\/IMG_1557.jpg 1200w\" sizes=\"auto, (max-width: 700px) 100vw, 700px\" \/><\/a><em>Mida m\u00e4rgata?<\/em><\/p>\n<p>Nii meie sisuline t\u00f6\u00f6 siis algas. Kuraator juhatas sisuloome ja kondikava osas: linnan\u00e4ituse teemadeks on noored ja see, kuidas nad linnaruumi tajuvad, kasutavad ning seal liiguvad. Muuseumipedagoogi t\u00f6\u00f6lauale said laiali l\u00f6\u00f6dud \u00f5ppekavad, kooli\u00f5pikud ning noorte eeldatavate oskuste, p\u00e4devuste ja oodatavate \u00f5pitulemuste loetelud. Linnamuuseum l\u00f5i nutiseadmete toel ligip\u00e4\u00e4su linnaruumis peituvaile varjatud lugudele. Meie erinevad kogemused, teadmistepagas, oskused ja n\u00e4gemused osutusid eluliselt vajalikuks. Ja t\u00f5esti, tegu pole kunstilise liialdusega, sest kui \u00fchel tegijatest l\u00f5ppes jaks ja katkes m\u00f5ttel\u00f5ng, aitas teise kommentaar taas j\u00e4rjele.<\/p>\n<p><strong>Muuseum kui haridusasutus?<\/strong><\/p>\n<p>V\u00f5tsime eesm\u00e4rgiks teha programmi muuseumihariduse parimas vormis. Muuseumis saab koolitunnis \u00f5pitavat rakendada, erinevate \u00f5ppeainete teadmisi koostoimes kasutada \u2013 ainete\u00fclene ning -vaheline l\u00f5imimine on muuseumitunnis v\u00e4ltimatu. Programm on koostatud peamiselt \u00fchiskonn\u00f5petuse ainekavale toetudes, sest just seal leiavad k\u00f5ige teadlikumat k\u00e4sitlemist sellised teemad nagu sotsiaalsus, \u00fchiskonna toimimine ning inimsuhted. Meie eesm\u00e4rgiks on, et linnam\u00e4ngus osalejad teadvustaksid s\u00fcgavamalt igap\u00e4evast linnaruumi, mille tulemusel avaneb linna t\u00e4hendus mitmel erineval tasandil. Programmi k\u00e4igus osalejad:<\/p>\n<ul>\n<li>saavad teada uusi fakte linna ajaloost;<\/li>\n<li>\u00f5pivad kasutama nutifone ja meediat infootsinguteks;<\/li>\n<li>on teadlikud avalikust ja eraruumist, liiklusest ja linnas liikumisest;<\/li>\n<li>lihvivad meeskonna- ja grupit\u00f6\u00f6oskusi;<\/li>\n<li>p\u00fc\u00fcavad m\u00e4rgata v\u00f5imalikult mitmeid linnaruumi aspekte (loodus, helid, l\u00f5hnad, detailid, sotsiaalne pilt, keskkond jne).<\/li>\n<\/ul>\n<p>Osalejad saavad v\u00f5imaluse linnaruumi ja linnakogemuse teistmoodi m\u00f5testamiseks ning ka teistele vahendamiseks \u2013 m\u00e4rgatu tuleb \u00fcles t\u00e4hendada, muuseumis arvutisse laadida ning plakatile paigutada.<\/p>\n<p><a href=\"https:\/\/blog.erm.ee\/wp-content\/uploads\/2014\/05\/IMAG1427-copy1.jpg\"><img loading=\"lazy\" decoding=\"async\" class=\"alignnone size-large wp-image-4779\" src=\"https:\/\/blog.erm.ee\/wp-content\/uploads\/2014\/05\/IMAG1427-copy1-1024x651.jpg\" alt=\"IMAG1427 copy\" width=\"700\" height=\"445\" \/><\/a><em>Linnas m\u00e4rgatavad teemad on eristatavad v\u00e4rvide j\u00e4rgi<\/em><\/p>\n<p>Loomulikult paelus meid \u00f5pilaste loovuse ja kastist v\u00e4lja m\u00f5tlemise \u00e4rgitamine. Siin seab omakorda piire aeg ja osalejate vastuv\u00f5tuv\u00f5ime \u2013 \u00fclesandep\u00fcstitus ja ootused on pingelised mitte ainult juhendajatele, vaid ka osalistele. P\u00f6\u00f6rduda tuli neljanda osapoole\u2013 kooli \u2013 suunas.\u00a0 T\u00e4name Tartu Tamme G\u00fcmnaasiumi vapraid \u00f5petajaid ja \u00f5pilasi, kes meie programmis kontrollr\u00fchmadena osalesid.<\/p>\n<p>Suur oli meie kimbatus ning \u00f5petajategi kannatus, kui selgus, et kahetunnisena plaanitud linnam\u00e4ng kippus v\u00e4gisi kolmetunniseks paisuma ning lapsed j\u00f5udsid tagasi samav\u00f5rd elevuses kui v\u00e4sinuna. Istus siis meie kolmeliikmeline tuumikmeeskond t\u00f5siste n\u00e4gudega volbri\u00f6\u00f6 hakul plakatikuhja taga ning Linnamuuseumi kolleeg Keiu Telve sekundeeris ERMi muuseumipedagoogile, kes m\u00e4ngu sisulist poolt kohe mitte kuidagi k\u00e4rpida ei lubanud: \u201eMa olen p\u00fc\u00fcdnud kogu oma muuseumis t\u00f6\u00f6tamise aja j\u00f5uda tulemuseni, et k\u00fclastaja lahkuks muuseumist \u00f5nneliku ja r\u00f5\u00f5msamana, elamuse v\u00f5rra rikkamana\u201c. Asjaliku olekuga ja kohati t\u00fcdinud n\u00e4gudega lapsed panid meid \u2013 t\u00e4iskasvanuid muretsema, kas meie \u00fcllas eesm\u00e4rk mitte vett vedama pole l\u00e4inud. Muljeid oli palju ning n\u00e4is, et oleme muuseumiprogrammiga ette v\u00f5tnud liiga suure t\u00fcki.<\/p>\n<p><a href=\"https:\/\/blog.erm.ee\/wp-content\/uploads\/2014\/05\/IMAG1432.jpg\"><img loading=\"lazy\" decoding=\"async\" data-attachment-id=\"4780\" data-permalink=\"https:\/\/blog.erm.ee\/?attachment_id=4780#main\" data-orig-file=\"https:\/\/blog.erm.ee\/wp-content\/uploads\/2014\/05\/IMAG1432.jpg\" data-orig-size=\"1200,824\" data-comments-opened=\"1\" data-image-meta=\"{&quot;aperture&quot;:&quot;0&quot;,&quot;credit&quot;:&quot;&quot;,&quot;camera&quot;:&quot;&quot;,&quot;caption&quot;:&quot;&quot;,&quot;created_timestamp&quot;:&quot;1398868264&quot;,&quot;copyright&quot;:&quot;&quot;,&quot;focal_length&quot;:&quot;0&quot;,&quot;iso&quot;:&quot;0&quot;,&quot;shutter_speed&quot;:&quot;0&quot;,&quot;title&quot;:&quot;&quot;}\" data-image-title=\"IMAG1432\" data-image-description=\"\" data-image-caption=\"\" data-large-file=\"https:\/\/blog.erm.ee\/wp-content\/uploads\/2014\/05\/IMAG1432-1024x703.jpg\" class=\"alignnone size-large wp-image-4780\" src=\"https:\/\/blog.erm.ee\/wp-content\/uploads\/2014\/05\/IMAG1432-1024x703.jpg\" alt=\"IMAG1432\" width=\"700\" height=\"480\" srcset=\"https:\/\/blog.erm.ee\/wp-content\/uploads\/2014\/05\/IMAG1432-1024x703.jpg 1024w, https:\/\/blog.erm.ee\/wp-content\/uploads\/2014\/05\/IMAG1432-378x260.jpg 378w, https:\/\/blog.erm.ee\/wp-content\/uploads\/2014\/05\/IMAG1432-300x206.jpg 300w, https:\/\/blog.erm.ee\/wp-content\/uploads\/2014\/05\/IMAG1432.jpg 1200w\" sizes=\"auto, (max-width: 700px) 100vw, 700px\" \/><\/a><em>M\u00e4rkamisn\u00e4ide \u201eYolo kiisude\u201c plakatilt<\/em><\/p>\n<p>Noortelt vahetult saadud tagasiside kinnitas aga muud: lihtsalt l\u00f5bus, huvitav ja natuke v\u00e4sitav! M\u00e4ng oli noortele k\u00fcll pingutav, ent siiski l\u00f5bus ning \u00f5pilased ise arvasid, et aega v\u00f5inuks rohkemgi olla. Just t\u00e4nu testprogrammidele m\u00f5istsime peagi, et loovuse k\u00f5rval on vaja rohkemat rangust ning kogetu edasi andmiseks tuleb osa tegevusi suruda kitsendavatesse raamidesse. Plakatid said reglementeerituma formaadi ning m\u00e4ngule tuleku eelinfoks saadame osalussooviga \u00f5petajatele ja \u00f5pilastele m\u00f5eldud sissejuhatava videol\u00f5igu.<\/p>\n<p><strong>Teistmoodi linnakogemus<\/strong><\/p>\n<p>Just linnapildi igap\u00e4evasusest v\u00e4ljamurdmiseks ja osalejate t\u00e4helepanu \u00e4rgitamiseks l\u00f5ime kuus kategooriat: helid, l\u00f5hnad, loodus, huvitav t\u00e4helepanek, inimesed, ajalooline Tartu.Isegi kodupiirkond tunduks neid punkte silmas pidades teistsugune, aga kuidas on lugu, kui avastada t\u00e4iesti uut piirkonda?<\/p>\n<p><a href=\"https:\/\/blog.erm.ee\/wp-content\/uploads\/2014\/05\/IMAG1434.jpg\"><img loading=\"lazy\" decoding=\"async\" data-attachment-id=\"4781\" data-permalink=\"https:\/\/blog.erm.ee\/?attachment_id=4781#main\" data-orig-file=\"https:\/\/blog.erm.ee\/wp-content\/uploads\/2014\/05\/IMAG1434.jpg\" data-orig-size=\"1200,995\" data-comments-opened=\"1\" data-image-meta=\"{&quot;aperture&quot;:&quot;0&quot;,&quot;credit&quot;:&quot;&quot;,&quot;camera&quot;:&quot;&quot;,&quot;caption&quot;:&quot;&quot;,&quot;created_timestamp&quot;:&quot;1398868349&quot;,&quot;copyright&quot;:&quot;&quot;,&quot;focal_length&quot;:&quot;0&quot;,&quot;iso&quot;:&quot;0&quot;,&quot;shutter_speed&quot;:&quot;0&quot;,&quot;title&quot;:&quot;&quot;}\" data-image-title=\"IMAG1434\" data-image-description=\"\" data-image-caption=\"\" data-large-file=\"https:\/\/blog.erm.ee\/wp-content\/uploads\/2014\/05\/IMAG1434-1024x849.jpg\" class=\"alignnone size-large wp-image-4781\" src=\"https:\/\/blog.erm.ee\/wp-content\/uploads\/2014\/05\/IMAG1434-1024x849.jpg\" alt=\"IMAG1434\" width=\"700\" height=\"580\" srcset=\"https:\/\/blog.erm.ee\/wp-content\/uploads\/2014\/05\/IMAG1434-1024x849.jpg 1024w, https:\/\/blog.erm.ee\/wp-content\/uploads\/2014\/05\/IMAG1434-313x260.jpg 313w, https:\/\/blog.erm.ee\/wp-content\/uploads\/2014\/05\/IMAG1434-300x248.jpg 300w, https:\/\/blog.erm.ee\/wp-content\/uploads\/2014\/05\/IMAG1434.jpg 1200w\" sizes=\"auto, (max-width: 700px) 100vw, 700px\" \/><\/a><em>Noormeeste linnakogemus plakatil<\/em><\/p>\n<p>M\u00f6\u00f6da ringiga m\u00e4\u00e4ratletud, ent juhuslikult valitud marsruuti k\u00e4ies innustame noori t\u00e4hele panema iga v\u00e4iksemat kui detaili. Suunavad k\u00fcsimused muudavad \u00fchiskonna\u00f5petuse tunnis \u00f5pitu kohustuslikust ainekavaplokist isiklikuks ning p\u00f5nevaks valdkonnaks, mida koos s\u00f5pradega m\u00e4nguliselt avastada. Olulist informatsiooni kannab ka linnaruum ise \u2013 t\u00e4navasildid, liiklusm\u00e4rgid, infotahvlid, reklaam jms. Kui siiani on taskus olevat nutitelefoni kasutatud pigem s\u00f5pradega suhtlemiseks, siis linnam\u00e4ngus avaneb noortele QR-koodide abil ajalooline Tartu. Uudsel viisil v\u00f5ib kohtuda monumentidega: &#8220;N\u00e4gime Kristjan Jaak Petersoni, kes elas 21 aastat&#8221; v\u00f5i t\u00e4hele panna m\u00f5ne ajaloolise hoone t\u00e4htsust: &#8220;Toomkirik: ainus 2 torniga keskaegne kirik Eestis&#8221;.<\/p>\n<p>Esimesed linnam\u00e4ngud n\u00e4itavad meile linna l\u00e4bi noorte silmade: mida j\u00e4\u00e4dvustada, kaasa v\u00f5tta, millest kirjutada. Noortele on \u00fcheks mugavamaks viisiks kogetut salvestada fotode tegemine. Tunniajasest linnask\u00e4igust on neil k\u00fcmneid pilte erinevatest esemetest ja inimestest: \u017eongleeriv mees, pilli m\u00e4ngiv \u00fcli\u00f5pilane, leitud riidepuu, sukan\u00f5el, vana postkast, t\u00e4navakunstiteosed. Linn avaneb v\u00e4ga erinevates kihtides.<\/p>\n<p><a href=\"https:\/\/blog.erm.ee\/wp-content\/uploads\/2014\/05\/IMG_5889-copy.jpg\"><img loading=\"lazy\" decoding=\"async\" data-attachment-id=\"4784\" data-permalink=\"https:\/\/blog.erm.ee\/?attachment_id=4784#main\" data-orig-file=\"https:\/\/blog.erm.ee\/wp-content\/uploads\/2014\/05\/IMG_5889-copy.jpg\" data-orig-size=\"1200,900\" data-comments-opened=\"1\" data-image-meta=\"{&quot;aperture&quot;:&quot;0&quot;,&quot;credit&quot;:&quot;&quot;,&quot;camera&quot;:&quot;&quot;,&quot;caption&quot;:&quot;&quot;,&quot;created_timestamp&quot;:&quot;1398861144&quot;,&quot;copyright&quot;:&quot;&quot;,&quot;focal_length&quot;:&quot;0&quot;,&quot;iso&quot;:&quot;0&quot;,&quot;shutter_speed&quot;:&quot;0&quot;,&quot;title&quot;:&quot;&quot;}\" data-image-title=\"IMG_5889 copy\" data-image-description=\"\" data-image-caption=\"\" data-large-file=\"https:\/\/blog.erm.ee\/wp-content\/uploads\/2014\/05\/IMG_5889-copy-1024x768.jpg\" class=\"alignnone size-large wp-image-4784\" src=\"https:\/\/blog.erm.ee\/wp-content\/uploads\/2014\/05\/IMG_5889-copy-1024x768.jpg\" alt=\"IMG_5889 copy\" width=\"700\" height=\"525\" srcset=\"https:\/\/blog.erm.ee\/wp-content\/uploads\/2014\/05\/IMG_5889-copy-1024x768.jpg 1024w, https:\/\/blog.erm.ee\/wp-content\/uploads\/2014\/05\/IMG_5889-copy-346x260.jpg 346w, https:\/\/blog.erm.ee\/wp-content\/uploads\/2014\/05\/IMG_5889-copy-300x225.jpg 300w, https:\/\/blog.erm.ee\/wp-content\/uploads\/2014\/05\/IMG_5889-copy.jpg 1200w\" sizes=\"auto, (max-width: 700px) 100vw, 700px\" \/><\/a><em>Sammalhabeme uus imago<\/em><\/p>\n<p><a href=\"https:\/\/blog.erm.ee\/wp-content\/uploads\/2014\/05\/IMAG1426-copy.jpg\"><img loading=\"lazy\" decoding=\"async\" data-attachment-id=\"4782\" data-permalink=\"https:\/\/blog.erm.ee\/?attachment_id=4782#main\" data-orig-file=\"https:\/\/blog.erm.ee\/wp-content\/uploads\/2014\/05\/IMAG1426-copy.jpg\" data-orig-size=\"904,1200\" data-comments-opened=\"1\" data-image-meta=\"{&quot;aperture&quot;:&quot;0&quot;,&quot;credit&quot;:&quot;&quot;,&quot;camera&quot;:&quot;&quot;,&quot;caption&quot;:&quot;&quot;,&quot;created_timestamp&quot;:&quot;1398868113&quot;,&quot;copyright&quot;:&quot;&quot;,&quot;focal_length&quot;:&quot;0&quot;,&quot;iso&quot;:&quot;0&quot;,&quot;shutter_speed&quot;:&quot;0&quot;,&quot;title&quot;:&quot;&quot;}\" data-image-title=\"IMAG1426 copy\" data-image-description=\"\" data-image-caption=\"\" data-large-file=\"https:\/\/blog.erm.ee\/wp-content\/uploads\/2014\/05\/IMAG1426-copy-771x1024.jpg\" class=\"alignnone size-large wp-image-4782\" src=\"https:\/\/blog.erm.ee\/wp-content\/uploads\/2014\/05\/IMAG1426-copy-771x1024.jpg\" alt=\"IMAG1426 copy\" width=\"700\" height=\"929\" srcset=\"https:\/\/blog.erm.ee\/wp-content\/uploads\/2014\/05\/IMAG1426-copy-771x1024.jpg 771w, https:\/\/blog.erm.ee\/wp-content\/uploads\/2014\/05\/IMAG1426-copy-195x260.jpg 195w, https:\/\/blog.erm.ee\/wp-content\/uploads\/2014\/05\/IMAG1426-copy-226x300.jpg 226w, https:\/\/blog.erm.ee\/wp-content\/uploads\/2014\/05\/IMAG1426-copy.jpg 904w\" sizes=\"auto, (max-width: 700px) 100vw, 700px\" \/><\/a><em>Mulgi pildiga tikutops, kirjeldusega, et seda oli kaasas kandnud just selliste riietega mees <\/em><\/p>\n<p><strong><em>Kui aktiivselt suhestud oma igap\u00e4evase keskkonnaga Sina?<\/em><\/strong><\/p>\n<p>\u00dcldpilt on tihtipeale nii kirju, et k\u00f5ike kogetut plakatile m\u00e4rkida ei j\u00f5uagi ning meeskondadest j\u00e4\u00e4vad muuseumi arvutisse piltide virnad. M\u00e4rksa keerulisem, nagu senised grupid on meile n\u00e4idanud, on plakatile p\u00fc\u00fcda helid-h\u00e4\u00e4led ja l\u00f5hnad. Kuidas anda edasi tajusid, millest pole harjutud igap\u00e4evaselt r\u00e4\u00e4kima? Helidega l\u00e4heb isegi kergelt: mesilase sumin, linnulaul, inimeste vestlus, pl\u00e4risev vana auto, mootorratta h\u00e4\u00e4l, mootorsaag, ehitus \u2013 on vaid m\u00f5ned h\u00e4\u00e4ltest, mis on \u00f5pilaste k\u00f5rvu j\u00f5udnud. Samas \u201ekummitava maja h\u00e4\u00e4lt\u201c ei pidanud grupiliikmed presenteerimisv\u00e4\u00e4rseks, kuna kiljuvad kaaslased selle summutasid. Aga kuidas kirjeldada l\u00f5hna? &#8220;Kusagilt saab friikaid ja burksi.&#8221; &#8220;Levisid toidul\u00f5hnad.&#8221; L\u00e4heneda v\u00f5ib ka lihtsalt loetelu kaudu: &#8220;Suhkruvatt, v\u00f5ilill, ehitustolm, parf\u00fc\u00fcm.&#8221;<\/p>\n<p><strong>Mis saab edasi?<\/strong><\/p>\n<p>Detailid m\u00e4rgatust j\u00e4\u00e4dvustatakse plakatitele. Plakat on retke kokkuv\u00f5te, mis annab edasi konkreetsete noorte n\u00e4gemuse selle hetke Tartust. R\u00fchmaliikmete elevust ja arutelu me kahjuks hilisemale vaataja tarvis pildikeelde t\u00f5lkida ei saa. Seda peab ise kogema.<\/p>\n<p><a href=\"https:\/\/blog.erm.ee\/wp-content\/uploads\/2014\/05\/IMAG1383-copy.jpg\"><img loading=\"lazy\" decoding=\"async\" data-attachment-id=\"4783\" data-permalink=\"https:\/\/blog.erm.ee\/?attachment_id=4783#main\" data-orig-file=\"https:\/\/blog.erm.ee\/wp-content\/uploads\/2014\/05\/IMAG1383-copy.jpg\" data-orig-size=\"1200,904\" data-comments-opened=\"1\" data-image-meta=\"{&quot;aperture&quot;:&quot;0&quot;,&quot;credit&quot;:&quot;&quot;,&quot;camera&quot;:&quot;&quot;,&quot;caption&quot;:&quot;&quot;,&quot;created_timestamp&quot;:&quot;1398687747&quot;,&quot;copyright&quot;:&quot;&quot;,&quot;focal_length&quot;:&quot;0&quot;,&quot;iso&quot;:&quot;0&quot;,&quot;shutter_speed&quot;:&quot;0&quot;,&quot;title&quot;:&quot;&quot;}\" data-image-title=\"IMAG1383 copy\" data-image-description=\"\" data-image-caption=\"\" data-large-file=\"https:\/\/blog.erm.ee\/wp-content\/uploads\/2014\/05\/IMAG1383-copy-1024x771.jpg\" class=\"alignnone size-large wp-image-4783\" src=\"https:\/\/blog.erm.ee\/wp-content\/uploads\/2014\/05\/IMAG1383-copy-1024x771.jpg\" alt=\"IMAG1383 copy\" width=\"700\" height=\"527\" srcset=\"https:\/\/blog.erm.ee\/wp-content\/uploads\/2014\/05\/IMAG1383-copy-1024x771.jpg 1024w, https:\/\/blog.erm.ee\/wp-content\/uploads\/2014\/05\/IMAG1383-copy-345x260.jpg 345w, https:\/\/blog.erm.ee\/wp-content\/uploads\/2014\/05\/IMAG1383-copy-300x226.jpg 300w, https:\/\/blog.erm.ee\/wp-content\/uploads\/2014\/05\/IMAG1383-copy.jpg 1200w\" sizes=\"auto, (max-width: 700px) 100vw, 700px\" \/><\/a><em>Mida ja kuidas me siis plakatile paneme?<\/em><\/p>\n<p>Linnam\u00e4ngude tulemusena koguneb andmehulk, mille p\u00f5hjal v\u00f5ib teha \u00fcldistusi noorte linnan\u00e4gemise kohta. Saab aimu, mis neile korda l\u00e4heb ja kuidas nad \u00fcmbritsevat ruumi tajuvad. K\u00f5ikidel huvilistel on v\u00f5imalik noorte linnan\u00e4gemusega tutvuda \u201e#Niisama linnas\u201c n\u00e4ituse osalusn\u00e4itust k\u00fclastades.\u00d5petajaid ja \u00f5pilasi ootame aga m\u00e4ngima ning linnaruumi uutmoodi avastama. L\u00f5petada sobiks Tartu Tamme G\u00fcmnaasiumi \u00f5pilaste tsitaadiga &#8220;Avastage Tartut!&#8221;, linnam\u00e4ng annab selleks igatahes suurep\u00e4rase v\u00f5imaluse!<\/p>\n<div class=\"fcbkbttn_buttons_block\" id=\"fcbkbttn_left\"><div class=\"fcbkbttn_like \"><fb:like href=\"https:\/\/blog.erm.ee\/?p=4766\" action=\"like\" colorscheme=\"light\" layout=\"standard\"  width=\"225px\" size=\"small\"><\/fb:like><\/div><div class=\"fb-share-button  \" data-href=\"https:\/\/blog.erm.ee\/?p=4766\" data-type=\"button\" data-size=\"small\"><\/div><\/div>","protected":false},"excerpt":{"rendered":"<p>Tekst ja fotod Ave Kikas, ERMi giid-pedagoog ja Keiu Telve, Tartu Linnamuuseumi haridusprogrammide kuraator Mingil hetkel levis kuuldus, et ERMi n\u00e4itusemajas on liikumas Ehti J\u00e4rv, kes m\u00f5lgutab m\u00f5tteid linnan\u00e4ituse teemadel. Kuna meil on kiired ajad, kippus info esialgu j\u00e4\u00e4ma pelga m\u00e4rkimise tasemele \u2013 jah, on tulemas n\u00e4itus. Ajapikku selgus, et noortest r\u00e4\u00e4kiva ning osaliselt noorte&hellip;<\/p>\n","protected":false},"author":1,"featured_media":4784,"comment_status":"open","ping_status":"open","sticky":false,"template":"","format":"standard","meta":{"_monsterinsights_skip_tracking":false,"_monsterinsights_sitenote_active":false,"_monsterinsights_sitenote_note":"","_monsterinsights_sitenote_category":0,"jetpack_post_was_ever_published":false,"_jetpack_newsletter_access":"","_jetpack_dont_email_post_to_subs":false,"_jetpack_newsletter_tier_id":0,"_jetpack_memberships_contains_paywalled_content":false,"_jetpack_memberships_contains_paid_content":false,"footnotes":""},"categories":[30],"tags":[],"class_list":["post-4766","post","type-post","status-publish","format-standard","has-post-thumbnail","hentry","category-osalus"],"yoast_head":"<!-- This site is optimized with the Yoast SEO plugin v27.5 - https:\/\/yoast.com\/product\/yoast-seo-wordpress\/ -->\n<title>#Niisamalinnas ?  - Eesti Rahva Muuseumi ajaveeb<\/title>\n<meta name=\"robots\" content=\"index, follow, max-snippet:-1, max-image-preview:large, max-video-preview:-1\" \/>\n<link rel=\"canonical\" href=\"https:\/\/blog.erm.ee\/?p=4766\" \/>\n<meta property=\"og:locale\" content=\"et_EE\" \/>\n<meta property=\"og:type\" content=\"article\" \/>\n<meta property=\"og:title\" content=\"#Niisamalinnas ?  - Eesti Rahva Muuseumi ajaveeb\" \/>\n<meta property=\"og:description\" content=\"Tekst ja fotod Ave Kikas, ERMi giid-pedagoog ja Keiu Telve, Tartu Linnamuuseumi haridusprogrammide kuraator Mingil hetkel levis kuuldus, et ERMi n\u00e4itusemajas on liikumas Ehti J\u00e4rv, kes m\u00f5lgutab m\u00f5tteid linnan\u00e4ituse teemadel. Kuna meil on kiired ajad, kippus info esialgu j\u00e4\u00e4ma pelga m\u00e4rkimise tasemele \u2013 jah, on tulemas n\u00e4itus. Ajapikku selgus, et noortest r\u00e4\u00e4kiva ning osaliselt noorte&hellip;\" \/>\n<meta property=\"og:url\" content=\"https:\/\/blog.erm.ee\/?p=4766\" \/>\n<meta property=\"og:site_name\" content=\"Eesti Rahva Muuseumi ajaveeb\" \/>\n<meta property=\"article:published_time\" content=\"2014-05-15T05:12:14+00:00\" \/>\n<meta property=\"article:modified_time\" content=\"2014-05-15T08:05:57+00:00\" \/>\n<meta property=\"og:image\" content=\"https:\/\/blog.erm.ee\/wp-content\/uploads\/2014\/05\/IMG_5889-copy.jpg\" \/>\n\t<meta property=\"og:image:width\" content=\"1200\" \/>\n\t<meta property=\"og:image:height\" content=\"900\" \/>\n\t<meta property=\"og:image:type\" content=\"image\/jpeg\" \/>\n<meta name=\"author\" content=\"Eesti Rahva Muuseum\" \/>\n<meta name=\"twitter:card\" content=\"summary_large_image\" \/>\n<meta name=\"twitter:label1\" content=\"Written by\" \/>\n\t<meta name=\"twitter:data1\" content=\"Eesti Rahva Muuseum\" \/>\n\t<meta name=\"twitter:label2\" content=\"Est. reading time\" \/>\n\t<meta name=\"twitter:data2\" content=\"6 minutit\" \/>\n<script type=\"application\/ld+json\" class=\"yoast-schema-graph\">{\"@context\":\"https:\\\/\\\/schema.org\",\"@graph\":[{\"@type\":\"Article\",\"@id\":\"https:\\\/\\\/blog.erm.ee\\\/?p=4766#article\",\"isPartOf\":{\"@id\":\"https:\\\/\\\/blog.erm.ee\\\/?p=4766\"},\"author\":{\"name\":\"Eesti Rahva Muuseum\",\"@id\":\"https:\\\/\\\/blog.erm.ee\\\/#\\\/schema\\\/person\\\/6e98c391cb00a33e7c22a3571e062114\"},\"headline\":\"#Niisamalinnas ?\",\"datePublished\":\"2014-05-15T05:12:14+00:00\",\"dateModified\":\"2014-05-15T08:05:57+00:00\",\"mainEntityOfPage\":{\"@id\":\"https:\\\/\\\/blog.erm.ee\\\/?p=4766\"},\"wordCount\":1271,\"commentCount\":0,\"image\":{\"@id\":\"https:\\\/\\\/blog.erm.ee\\\/?p=4766#primaryimage\"},\"thumbnailUrl\":\"https:\\\/\\\/blog.erm.ee\\\/wp-content\\\/uploads\\\/2014\\\/05\\\/IMG_5889-copy.jpg\",\"articleSection\":[\"Osalus\"],\"inLanguage\":\"et\",\"potentialAction\":[{\"@type\":\"CommentAction\",\"name\":\"Comment\",\"target\":[\"https:\\\/\\\/blog.erm.ee\\\/?p=4766#respond\"]}]},{\"@type\":\"WebPage\",\"@id\":\"https:\\\/\\\/blog.erm.ee\\\/?p=4766\",\"url\":\"https:\\\/\\\/blog.erm.ee\\\/?p=4766\",\"name\":\"#Niisamalinnas ? - Eesti Rahva Muuseumi ajaveeb\",\"isPartOf\":{\"@id\":\"https:\\\/\\\/blog.erm.ee\\\/#website\"},\"primaryImageOfPage\":{\"@id\":\"https:\\\/\\\/blog.erm.ee\\\/?p=4766#primaryimage\"},\"image\":{\"@id\":\"https:\\\/\\\/blog.erm.ee\\\/?p=4766#primaryimage\"},\"thumbnailUrl\":\"https:\\\/\\\/blog.erm.ee\\\/wp-content\\\/uploads\\\/2014\\\/05\\\/IMG_5889-copy.jpg\",\"datePublished\":\"2014-05-15T05:12:14+00:00\",\"dateModified\":\"2014-05-15T08:05:57+00:00\",\"author\":{\"@id\":\"https:\\\/\\\/blog.erm.ee\\\/#\\\/schema\\\/person\\\/6e98c391cb00a33e7c22a3571e062114\"},\"breadcrumb\":{\"@id\":\"https:\\\/\\\/blog.erm.ee\\\/?p=4766#breadcrumb\"},\"inLanguage\":\"et\",\"potentialAction\":[{\"@type\":\"ReadAction\",\"target\":[\"https:\\\/\\\/blog.erm.ee\\\/?p=4766\"]}]},{\"@type\":\"ImageObject\",\"inLanguage\":\"et\",\"@id\":\"https:\\\/\\\/blog.erm.ee\\\/?p=4766#primaryimage\",\"url\":\"https:\\\/\\\/blog.erm.ee\\\/wp-content\\\/uploads\\\/2014\\\/05\\\/IMG_5889-copy.jpg\",\"contentUrl\":\"https:\\\/\\\/blog.erm.ee\\\/wp-content\\\/uploads\\\/2014\\\/05\\\/IMG_5889-copy.jpg\",\"width\":1200,\"height\":900},{\"@type\":\"BreadcrumbList\",\"@id\":\"https:\\\/\\\/blog.erm.ee\\\/?p=4766#breadcrumb\",\"itemListElement\":[{\"@type\":\"ListItem\",\"position\":1,\"name\":\"Home\",\"item\":\"https:\\\/\\\/blog.erm.ee\\\/\"},{\"@type\":\"ListItem\",\"position\":2,\"name\":\"#Niisamalinnas ?\"}]},{\"@type\":\"WebSite\",\"@id\":\"https:\\\/\\\/blog.erm.ee\\\/#website\",\"url\":\"https:\\\/\\\/blog.erm.ee\\\/\",\"name\":\"Eesti Rahva Muuseumi ajaveeb\",\"description\":\"\",\"potentialAction\":[{\"@type\":\"SearchAction\",\"target\":{\"@type\":\"EntryPoint\",\"urlTemplate\":\"https:\\\/\\\/blog.erm.ee\\\/?s={search_term_string}\"},\"query-input\":{\"@type\":\"PropertyValueSpecification\",\"valueRequired\":true,\"valueName\":\"search_term_string\"}}],\"inLanguage\":\"et\"},{\"@type\":\"Person\",\"@id\":\"https:\\\/\\\/blog.erm.ee\\\/#\\\/schema\\\/person\\\/6e98c391cb00a33e7c22a3571e062114\",\"name\":\"Eesti Rahva Muuseum\",\"image\":{\"@type\":\"ImageObject\",\"inLanguage\":\"et\",\"@id\":\"https:\\\/\\\/secure.gravatar.com\\\/avatar\\\/cb6d9ad5fb49f3f7315028ce5fe60641075f2cb52b8a058ff5a985fa2d8c1da0?s=96&d=mm&r=g\",\"url\":\"https:\\\/\\\/secure.gravatar.com\\\/avatar\\\/cb6d9ad5fb49f3f7315028ce5fe60641075f2cb52b8a058ff5a985fa2d8c1da0?s=96&d=mm&r=g\",\"contentUrl\":\"https:\\\/\\\/secure.gravatar.com\\\/avatar\\\/cb6d9ad5fb49f3f7315028ce5fe60641075f2cb52b8a058ff5a985fa2d8c1da0?s=96&d=mm&r=g\",\"caption\":\"Eesti Rahva Muuseum\"},\"sameAs\":[\"http:\\\/\\\/www.erm.ee\"],\"url\":\"https:\\\/\\\/blog.erm.ee\\\/?author=1\"}]}<\/script>\n<!-- \/ Yoast SEO plugin. -->","yoast_head_json":{"title":"#Niisamalinnas ?  - Eesti Rahva Muuseumi ajaveeb","robots":{"index":"index","follow":"follow","max-snippet":"max-snippet:-1","max-image-preview":"max-image-preview:large","max-video-preview":"max-video-preview:-1"},"canonical":"https:\/\/blog.erm.ee\/?p=4766","og_locale":"et_EE","og_type":"article","og_title":"#Niisamalinnas ?  - Eesti Rahva Muuseumi ajaveeb","og_description":"Tekst ja fotod Ave Kikas, ERMi giid-pedagoog ja Keiu Telve, Tartu Linnamuuseumi haridusprogrammide kuraator Mingil hetkel levis kuuldus, et ERMi n\u00e4itusemajas on liikumas Ehti J\u00e4rv, kes m\u00f5lgutab m\u00f5tteid linnan\u00e4ituse teemadel. Kuna meil on kiired ajad, kippus info esialgu j\u00e4\u00e4ma pelga m\u00e4rkimise tasemele \u2013 jah, on tulemas n\u00e4itus. Ajapikku selgus, et noortest r\u00e4\u00e4kiva ning osaliselt noorte&hellip;","og_url":"https:\/\/blog.erm.ee\/?p=4766","og_site_name":"Eesti Rahva Muuseumi ajaveeb","article_published_time":"2014-05-15T05:12:14+00:00","article_modified_time":"2014-05-15T08:05:57+00:00","og_image":[{"width":1200,"height":900,"url":"https:\/\/blog.erm.ee\/wp-content\/uploads\/2014\/05\/IMG_5889-copy.jpg","type":"image\/jpeg"}],"author":"Eesti Rahva Muuseum","twitter_card":"summary_large_image","twitter_misc":{"Written by":"Eesti Rahva Muuseum","Est. reading time":"6 minutit"},"schema":{"@context":"https:\/\/schema.org","@graph":[{"@type":"Article","@id":"https:\/\/blog.erm.ee\/?p=4766#article","isPartOf":{"@id":"https:\/\/blog.erm.ee\/?p=4766"},"author":{"name":"Eesti Rahva Muuseum","@id":"https:\/\/blog.erm.ee\/#\/schema\/person\/6e98c391cb00a33e7c22a3571e062114"},"headline":"#Niisamalinnas ?","datePublished":"2014-05-15T05:12:14+00:00","dateModified":"2014-05-15T08:05:57+00:00","mainEntityOfPage":{"@id":"https:\/\/blog.erm.ee\/?p=4766"},"wordCount":1271,"commentCount":0,"image":{"@id":"https:\/\/blog.erm.ee\/?p=4766#primaryimage"},"thumbnailUrl":"https:\/\/blog.erm.ee\/wp-content\/uploads\/2014\/05\/IMG_5889-copy.jpg","articleSection":["Osalus"],"inLanguage":"et","potentialAction":[{"@type":"CommentAction","name":"Comment","target":["https:\/\/blog.erm.ee\/?p=4766#respond"]}]},{"@type":"WebPage","@id":"https:\/\/blog.erm.ee\/?p=4766","url":"https:\/\/blog.erm.ee\/?p=4766","name":"#Niisamalinnas ? - Eesti Rahva Muuseumi ajaveeb","isPartOf":{"@id":"https:\/\/blog.erm.ee\/#website"},"primaryImageOfPage":{"@id":"https:\/\/blog.erm.ee\/?p=4766#primaryimage"},"image":{"@id":"https:\/\/blog.erm.ee\/?p=4766#primaryimage"},"thumbnailUrl":"https:\/\/blog.erm.ee\/wp-content\/uploads\/2014\/05\/IMG_5889-copy.jpg","datePublished":"2014-05-15T05:12:14+00:00","dateModified":"2014-05-15T08:05:57+00:00","author":{"@id":"https:\/\/blog.erm.ee\/#\/schema\/person\/6e98c391cb00a33e7c22a3571e062114"},"breadcrumb":{"@id":"https:\/\/blog.erm.ee\/?p=4766#breadcrumb"},"inLanguage":"et","potentialAction":[{"@type":"ReadAction","target":["https:\/\/blog.erm.ee\/?p=4766"]}]},{"@type":"ImageObject","inLanguage":"et","@id":"https:\/\/blog.erm.ee\/?p=4766#primaryimage","url":"https:\/\/blog.erm.ee\/wp-content\/uploads\/2014\/05\/IMG_5889-copy.jpg","contentUrl":"https:\/\/blog.erm.ee\/wp-content\/uploads\/2014\/05\/IMG_5889-copy.jpg","width":1200,"height":900},{"@type":"BreadcrumbList","@id":"https:\/\/blog.erm.ee\/?p=4766#breadcrumb","itemListElement":[{"@type":"ListItem","position":1,"name":"Home","item":"https:\/\/blog.erm.ee\/"},{"@type":"ListItem","position":2,"name":"#Niisamalinnas ?"}]},{"@type":"WebSite","@id":"https:\/\/blog.erm.ee\/#website","url":"https:\/\/blog.erm.ee\/","name":"Eesti Rahva Muuseumi ajaveeb","description":"","potentialAction":[{"@type":"SearchAction","target":{"@type":"EntryPoint","urlTemplate":"https:\/\/blog.erm.ee\/?s={search_term_string}"},"query-input":{"@type":"PropertyValueSpecification","valueRequired":true,"valueName":"search_term_string"}}],"inLanguage":"et"},{"@type":"Person","@id":"https:\/\/blog.erm.ee\/#\/schema\/person\/6e98c391cb00a33e7c22a3571e062114","name":"Eesti Rahva Muuseum","image":{"@type":"ImageObject","inLanguage":"et","@id":"https:\/\/secure.gravatar.com\/avatar\/cb6d9ad5fb49f3f7315028ce5fe60641075f2cb52b8a058ff5a985fa2d8c1da0?s=96&d=mm&r=g","url":"https:\/\/secure.gravatar.com\/avatar\/cb6d9ad5fb49f3f7315028ce5fe60641075f2cb52b8a058ff5a985fa2d8c1da0?s=96&d=mm&r=g","contentUrl":"https:\/\/secure.gravatar.com\/avatar\/cb6d9ad5fb49f3f7315028ce5fe60641075f2cb52b8a058ff5a985fa2d8c1da0?s=96&d=mm&r=g","caption":"Eesti Rahva Muuseum"},"sameAs":["http:\/\/www.erm.ee"],"url":"https:\/\/blog.erm.ee\/?author=1"}]}},"jetpack_featured_media_url":"https:\/\/blog.erm.ee\/wp-content\/uploads\/2014\/05\/IMG_5889-copy.jpg","jetpack_shortlink":"https:\/\/wp.me\/p2l9Zd-1eS","jetpack_sharing_enabled":true,"jetpack_likes_enabled":true,"_links":{"self":[{"href":"https:\/\/blog.erm.ee\/index.php?rest_route=\/wp\/v2\/posts\/4766","targetHints":{"allow":["GET"]}}],"collection":[{"href":"https:\/\/blog.erm.ee\/index.php?rest_route=\/wp\/v2\/posts"}],"about":[{"href":"https:\/\/blog.erm.ee\/index.php?rest_route=\/wp\/v2\/types\/post"}],"author":[{"embeddable":true,"href":"https:\/\/blog.erm.ee\/index.php?rest_route=\/wp\/v2\/users\/1"}],"replies":[{"embeddable":true,"href":"https:\/\/blog.erm.ee\/index.php?rest_route=%2Fwp%2Fv2%2Fcomments&post=4766"}],"version-history":[{"count":5,"href":"https:\/\/blog.erm.ee\/index.php?rest_route=\/wp\/v2\/posts\/4766\/revisions"}],"predecessor-version":[{"id":4787,"href":"https:\/\/blog.erm.ee\/index.php?rest_route=\/wp\/v2\/posts\/4766\/revisions\/4787"}],"wp:featuredmedia":[{"embeddable":true,"href":"https:\/\/blog.erm.ee\/index.php?rest_route=\/wp\/v2\/media\/4784"}],"wp:attachment":[{"href":"https:\/\/blog.erm.ee\/index.php?rest_route=%2Fwp%2Fv2%2Fmedia&parent=4766"}],"wp:term":[{"taxonomy":"category","embeddable":true,"href":"https:\/\/blog.erm.ee\/index.php?rest_route=%2Fwp%2Fv2%2Fcategories&post=4766"},{"taxonomy":"post_tag","embeddable":true,"href":"https:\/\/blog.erm.ee\/index.php?rest_route=%2Fwp%2Fv2%2Ftags&post=4766"}],"curies":[{"name":"wp","href":"https:\/\/api.w.org\/{rel}","templated":true}]}}