{"id":4744,"date":"2014-05-09T07:09:18","date_gmt":"2014-05-09T05:09:18","guid":{"rendered":"http:\/\/blog.erm.ee\/?p=4744"},"modified":"2014-05-09T09:06:44","modified_gmt":"2014-05-09T07:06:44","slug":"talgutoo-konti-ei-murra","status":"publish","type":"post","link":"https:\/\/blog.erm.ee\/?p=4744","title":{"rendered":"Talgut\u00f6\u00f6 konti ei murra"},"content":{"rendered":"<div class=\"fcbkbttn_buttons_block\" id=\"fcbkbttn_left\"><div class=\"fcbkbttn_like \"><fb:like href=\"https:\/\/blog.erm.ee\/?p=4744\" action=\"like\" colorscheme=\"light\" layout=\"standard\"  width=\"225px\" size=\"small\"><\/fb:like><\/div><div class=\"fb-share-button  \" data-href=\"https:\/\/blog.erm.ee\/?p=4744\" data-type=\"button\" data-size=\"small\"><\/div><\/div><p><em>Maris Jaagosild, raamatukogu juhataja<\/em><\/p>\n<p>Selleaastane suur \u201eTeeme \u00e4ra!\u201c talgup\u00e4ev on juba seljataha j\u00e4\u00e4nud, aga digitalgud j\u00e4tkavad kuni 11. maini. Arhiivid, muuseumid ja raamatukogud on valiku oma p\u00f5nevaid, kuid rohkem v\u00f5i v\u00e4hem puudulike andmetega fotosid \u00fcles pannud <a href=\"http:\/\/www.facebook.com\/digitalgud\" target=\"_blank\">digitalgute lehele Facebookis<\/a>, kus k\u00f5ik on oodatud oma teadmisi, aga ka oletusi v\u00f5i lihtsalt vahvaid t\u00e4helepanekuid jagama.<\/p>\n<p>Selleaastaste digitalgute \u00fcldteema on s\u00fcndmused, varem on keskendutud kohtadele ja inimestele. \u00a0Digitalgud toovad arhivaarile palju r\u00f5\u00f5mu, kui \u00f5nnestub saada uusi andmeid, aga ka \u00fcksjagu lisat\u00f6\u00f6d. On ju fotosid, mille andmed vajaksid t\u00e4psustamist mitte k\u00fcmneid, vaid sadu ja nende hulgast 8-10 v\u00e4lja valida on paras p\u00e4hkel. Fotoarhivaarile satub pea iga p\u00e4ev ette uusi p\u00f5nevaid leide, mida tahaks v\u00e4ga teistega jagada, aga mis otseselt talguteemaga kokku ei l\u00e4he. Seet\u00f5ttu on vabateema lisaks talgute p\u00f5hiteemale \u00fclimalt teretulnud.<\/p>\n<p>Alati ei olegi oluline, kas pildid saavad talguliste abiga t\u00e4ielikud legendid v\u00f5i mitte. Ka ainult oletused aitavad uurimist\u00f6\u00f6s edasi ja \u00e4rgitavad muuseumit\u00f6\u00f6tajaid uutele otsingutele. Seep\u00e4rast oleme t\u00e4nulikud iga pakkumise eest, olgu see siis t\u00e4istabamus v\u00f5i kaugem lask!<\/p>\n<p>M\u00f5ned n\u00e4ited meie eelmiste ja k\u00e4imasolevate talgute fotodest.<\/p>\n<p><a href=\"https:\/\/blog.erm.ee\/wp-content\/uploads\/2014\/05\/Untitled-1-copy.jpg\"><img loading=\"lazy\" decoding=\"async\" data-attachment-id=\"4745\" data-permalink=\"https:\/\/blog.erm.ee\/?attachment_id=4745#main\" data-orig-file=\"https:\/\/blog.erm.ee\/wp-content\/uploads\/2014\/05\/Untitled-1-copy.jpg\" data-orig-size=\"609,413\" data-comments-opened=\"1\" data-image-meta=\"{&quot;aperture&quot;:&quot;0&quot;,&quot;credit&quot;:&quot;&quot;,&quot;camera&quot;:&quot;&quot;,&quot;caption&quot;:&quot;&quot;,&quot;created_timestamp&quot;:&quot;0&quot;,&quot;copyright&quot;:&quot;&quot;,&quot;focal_length&quot;:&quot;0&quot;,&quot;iso&quot;:&quot;0&quot;,&quot;shutter_speed&quot;:&quot;0&quot;,&quot;title&quot;:&quot;&quot;}\" data-image-title=\"Untitled-1 copy\" data-image-description=\"\" data-image-caption=\"\" data-large-file=\"https:\/\/blog.erm.ee\/wp-content\/uploads\/2014\/05\/Untitled-1-copy.jpg\" class=\"alignnone size-full wp-image-4745\" src=\"https:\/\/blog.erm.ee\/wp-content\/uploads\/2014\/05\/Untitled-1-copy.jpg\" alt=\"Untitled-1 copy\" width=\"609\" height=\"413\" srcset=\"https:\/\/blog.erm.ee\/wp-content\/uploads\/2014\/05\/Untitled-1-copy.jpg 609w, https:\/\/blog.erm.ee\/wp-content\/uploads\/2014\/05\/Untitled-1-copy-383x260.jpg 383w, https:\/\/blog.erm.ee\/wp-content\/uploads\/2014\/05\/Untitled-1-copy-300x203.jpg 300w\" sizes=\"auto, (max-width: 609px) 100vw, 609px\" \/><\/a><em><br \/>\nSee foto k\u00fcllaltki erandlikult ei ole digitalgulistelt suuremat tagasisidet saanud. <\/em><em>T\u00f5en\u00e4oliselt on pilt tehtud Tallinna T\u00fctarlaste Kommertsg\u00fcmnaasiumis. Aga: kes on pildil, \u00a0mis \u00fcritusega on tegemist, kelle portree on esiplaanil, mis aastal pilt on tehtud, mis lipud on pildil? Kas tegemist v\u00f5ib olla j\u00f5uluajaga (vt tagaplaanil olevaid kuuski), jne.<\/p>\n<p><\/em><\/p>\n<p><a href=\"https:\/\/blog.erm.ee\/wp-content\/uploads\/2014\/05\/327218_ERM_Fk_2959_128.jpg\"><img loading=\"lazy\" decoding=\"async\" data-attachment-id=\"4746\" data-permalink=\"https:\/\/blog.erm.ee\/?attachment_id=4746#main\" data-orig-file=\"https:\/\/blog.erm.ee\/wp-content\/uploads\/2014\/05\/327218_ERM_Fk_2959_128.jpg\" data-orig-size=\"1200,884\" data-comments-opened=\"1\" data-image-meta=\"{&quot;aperture&quot;:&quot;0&quot;,&quot;credit&quot;:&quot;&quot;,&quot;camera&quot;:&quot;&quot;,&quot;caption&quot;:&quot;&quot;,&quot;created_timestamp&quot;:&quot;0&quot;,&quot;copyright&quot;:&quot;&quot;,&quot;focal_length&quot;:&quot;0&quot;,&quot;iso&quot;:&quot;0&quot;,&quot;shutter_speed&quot;:&quot;0&quot;,&quot;title&quot;:&quot;&quot;}\" data-image-title=\"327218_ERM_Fk_2959_128\" data-image-description=\"\" data-image-caption=\"\" data-large-file=\"https:\/\/blog.erm.ee\/wp-content\/uploads\/2014\/05\/327218_ERM_Fk_2959_128-1024x754.jpg\" class=\"alignnone size-large wp-image-4746\" src=\"https:\/\/blog.erm.ee\/wp-content\/uploads\/2014\/05\/327218_ERM_Fk_2959_128-1024x754.jpg\" alt=\"327218_ERM_Fk_2959_128\" width=\"700\" height=\"515\" srcset=\"https:\/\/blog.erm.ee\/wp-content\/uploads\/2014\/05\/327218_ERM_Fk_2959_128-1024x754.jpg 1024w, https:\/\/blog.erm.ee\/wp-content\/uploads\/2014\/05\/327218_ERM_Fk_2959_128-352x260.jpg 352w, https:\/\/blog.erm.ee\/wp-content\/uploads\/2014\/05\/327218_ERM_Fk_2959_128-300x221.jpg 300w, https:\/\/blog.erm.ee\/wp-content\/uploads\/2014\/05\/327218_ERM_Fk_2959_128.jpg 1200w\" sizes=\"auto, (max-width: 700px) 100vw, 700px\" \/><\/a><em>ERM Fk 2959:128<\/em> <em>Fotol on Paul Tamm (vasakul), Kaarel Tamm (paremal) ja tundmatu mees Mikuri talu \u00f5uel n\u00f5u pidamas. Kuigi talgulised ei tuvastanud tundmatut isikut fotol, laekus hulk vahvaid t\u00e4helepanekuid nagu: \u201ekanged mehed paksult riides aga palja jalu&#8230;\u201c v\u00f5i \u201eJ\u00e4h, t\u00f5id maam\u00f5\u00f5tja-\u00e4rrale maasikadki lauale, aga Tamme Paul, kurivaim, pani ise k\u00f5ik nahka!\u201c v\u00f5i \u201eNB jalatsite kontrasti kohalike ja &#8220;linnameeste&#8221; vahel&#8230;\u201c<\/em><\/p>\n<p><em>\u00a0<a href=\"https:\/\/blog.erm.ee\/wp-content\/uploads\/2014\/05\/339868_ERM_Fk_2966_628.jpg\"><img loading=\"lazy\" decoding=\"async\" data-attachment-id=\"4747\" data-permalink=\"https:\/\/blog.erm.ee\/?attachment_id=4747#main\" data-orig-file=\"https:\/\/blog.erm.ee\/wp-content\/uploads\/2014\/05\/339868_ERM_Fk_2966_628.jpg\" data-orig-size=\"1200,753\" data-comments-opened=\"1\" data-image-meta=\"{&quot;aperture&quot;:&quot;0&quot;,&quot;credit&quot;:&quot;&quot;,&quot;camera&quot;:&quot;&quot;,&quot;caption&quot;:&quot;[#Beginning of Shooting Data Section]\\rNikon D200\\rFocal Length: 50mm\\rOptimize Image: Custom\\rColor Mode: Mode II (Adobe RGB)\\rLong Exposure NR: Off\\rHigh ISO NR: Off\\r2012\/09\/05 15:25:49.7\\rExposure Mode: Manual\\rWhite Balance: Preset d-2\\rTone Comp.: User-Defined Custom Curve\\rRAW (12-bit)\\rMetering Mode: Center-Weighted\\rAF Mode: AF-S\\rHue Adjustment: 0\\u00b0\\rImage Size: Large (3872 x 2592)\\r1\/8 sec - F\/7.1\\rFlash Sync Mode: Not Attached\\rSaturation: Normal\\rColor\\rExposure Comp.: 0 EV\\rSharpening: High\\rLens: 50mm F\/2.8 D\\rSensitivity: ISO 100\\rImage Comment:                                     \\r[#End of Shooting Data Section]&quot;,&quot;created_timestamp&quot;:&quot;1346858749&quot;,&quot;copyright&quot;:&quot;&quot;,&quot;focal_length&quot;:&quot;0&quot;,&quot;iso&quot;:&quot;0&quot;,&quot;shutter_speed&quot;:&quot;0&quot;,&quot;title&quot;:&quot;&quot;}\" data-image-title=\"339868_ERM_Fk_2966_628\" data-image-description=\"&lt;p&gt;[#Beginning of Shooting Data Section]&lt;br \/&gt;\nNikon D200&lt;br \/&gt;\nFocal Length: 50mm&lt;br \/&gt;\nOptimize Image: Custom&lt;br \/&gt;\nColor Mode: Mode II (Adobe RGB)&lt;br \/&gt;\nLong Exposure NR: Off&lt;br \/&gt;\nHigh ISO NR: Off&lt;br \/&gt;\n2012\/09\/05 15:25:49.7&lt;br \/&gt;\nExposure Mode: Manual&lt;br \/&gt;\nWhite Balance: Preset d-2&lt;br \/&gt;\nTone Comp.: User-Defined Custom Curve&lt;br \/&gt;\nRAW (12-bit)&lt;br \/&gt;\nMetering Mode: Center-Weighted&lt;br \/&gt;\nAF Mode: AF-S&lt;br \/&gt;\nHue Adjustment: 0\u00b0&lt;br \/&gt;\nImage Size: Large (3872 x 2592)&lt;br \/&gt;\n1\/8 sec &amp;#8211; F\/7.1&lt;br \/&gt;\nFlash Sync Mode: Not Attached&lt;br \/&gt;\nSaturation: Normal&lt;br \/&gt;\nColor&lt;br \/&gt;\nExposure Comp.: 0 EV&lt;br \/&gt;\nSharpening: High&lt;br \/&gt;\nLens: 50mm F\/2.8 D&lt;br \/&gt;\nSensitivity: ISO 100&lt;br \/&gt;\nImage Comment:&lt;br \/&gt;\n[#End of Shooting Data Section]&lt;\/p&gt;\n\" data-image-caption=\"\" data-large-file=\"https:\/\/blog.erm.ee\/wp-content\/uploads\/2014\/05\/339868_ERM_Fk_2966_628-1024x642.jpg\" class=\"alignnone size-large wp-image-4747\" src=\"https:\/\/blog.erm.ee\/wp-content\/uploads\/2014\/05\/339868_ERM_Fk_2966_628-1024x642.jpg\" alt=\"339868_ERM_Fk_2966_628\" width=\"700\" height=\"438\" srcset=\"https:\/\/blog.erm.ee\/wp-content\/uploads\/2014\/05\/339868_ERM_Fk_2966_628-1024x642.jpg 1024w, https:\/\/blog.erm.ee\/wp-content\/uploads\/2014\/05\/339868_ERM_Fk_2966_628-414x260.jpg 414w, https:\/\/blog.erm.ee\/wp-content\/uploads\/2014\/05\/339868_ERM_Fk_2966_628-300x188.jpg 300w, https:\/\/blog.erm.ee\/wp-content\/uploads\/2014\/05\/339868_ERM_Fk_2966_628.jpg 1200w\" sizes=\"auto, (max-width: 700px) 100vw, 700px\" \/><\/a><\/em><em>ERM Fk 2966:628<\/em> <em>See foto l\u00e4ks digitalgutele nagu valge leht, ei olnud kindlaid andmeid, millest kinni v\u00f5tta. Vihjeks siiski foto tagak\u00fcljel olev kiri, mis adresseeritud Tapalt Tallinnasse. T\u00e4nu digitalgutele teame n\u00fc\u00fcd, et tegemist on soomusrong nr. 3 kasarmuga Tapal. <\/em><\/p>\n<p><em>\u00a0<a href=\"https:\/\/blog.erm.ee\/wp-content\/uploads\/2014\/05\/339514_ERM_Fk_2966_406.jpg\"><img loading=\"lazy\" decoding=\"async\" data-attachment-id=\"4748\" data-permalink=\"https:\/\/blog.erm.ee\/?attachment_id=4748#main\" data-orig-file=\"https:\/\/blog.erm.ee\/wp-content\/uploads\/2014\/05\/339514_ERM_Fk_2966_406.jpg\" data-orig-size=\"1200,841\" data-comments-opened=\"1\" data-image-meta=\"{&quot;aperture&quot;:&quot;0&quot;,&quot;credit&quot;:&quot;&quot;,&quot;camera&quot;:&quot;&quot;,&quot;caption&quot;:&quot;[#Beginning of Shooting Data Section]\\rNikon D200\\rFocal Length: 50mm\\rOptimize Image: Custom\\rColor Mode: Mode II (Adobe RGB)\\rLong Exposure NR: Off\\rHigh ISO NR: Off\\r2012\/04\/25 11:40:30.9\\rExposure Mode: Manual\\rWhite Balance: Preset d-4\\rTone Comp.: User-Defined Custom Curve\\rRAW (12-bit)\\rMetering Mode: Multi-Pattern\\rAF Mode: AF-S\\rHue Adjustment: 0\\u00b0\\rImage Size: Large (3872 x 2592)\\r1\/8 sec - F\/8\\rFlash Sync Mode: Not Attached\\rSaturation: Normal\\rColor\\rExposure Comp.: 0 EV\\rSharpening: High\\rLens: 50mm F\/2.8 D\\rSensitivity: ISO 100\\rImage Comment:                                     \\r[#End of Shooting Data Section]&quot;,&quot;created_timestamp&quot;:&quot;1335354030&quot;,&quot;copyright&quot;:&quot;&quot;,&quot;focal_length&quot;:&quot;0&quot;,&quot;iso&quot;:&quot;0&quot;,&quot;shutter_speed&quot;:&quot;0&quot;,&quot;title&quot;:&quot;&quot;}\" data-image-title=\"339514_ERM_Fk_2966_406\" data-image-description=\"&lt;p&gt;[#Beginning of Shooting Data Section]&lt;br \/&gt;\nNikon D200&lt;br \/&gt;\nFocal Length: 50mm&lt;br \/&gt;\nOptimize Image: Custom&lt;br \/&gt;\nColor Mode: Mode II (Adobe RGB)&lt;br \/&gt;\nLong Exposure NR: Off&lt;br \/&gt;\nHigh ISO NR: Off&lt;br \/&gt;\n2012\/04\/25 11:40:30.9&lt;br \/&gt;\nExposure Mode: Manual&lt;br \/&gt;\nWhite Balance: Preset d-4&lt;br \/&gt;\nTone Comp.: User-Defined Custom Curve&lt;br \/&gt;\nRAW (12-bit)&lt;br \/&gt;\nMetering Mode: Multi-Pattern&lt;br \/&gt;\nAF Mode: AF-S&lt;br \/&gt;\nHue Adjustment: 0\u00b0&lt;br \/&gt;\nImage Size: Large (3872 x 2592)&lt;br \/&gt;\n1\/8 sec &amp;#8211; F\/8&lt;br \/&gt;\nFlash Sync Mode: Not Attached&lt;br \/&gt;\nSaturation: Normal&lt;br \/&gt;\nColor&lt;br \/&gt;\nExposure Comp.: 0 EV&lt;br \/&gt;\nSharpening: High&lt;br \/&gt;\nLens: 50mm F\/2.8 D&lt;br \/&gt;\nSensitivity: ISO 100&lt;br \/&gt;\nImage Comment:&lt;br \/&gt;\n[#End of Shooting Data Section]&lt;\/p&gt;\n\" data-image-caption=\"\" data-large-file=\"https:\/\/blog.erm.ee\/wp-content\/uploads\/2014\/05\/339514_ERM_Fk_2966_406-1024x717.jpg\" class=\"alignnone size-large wp-image-4748\" src=\"https:\/\/blog.erm.ee\/wp-content\/uploads\/2014\/05\/339514_ERM_Fk_2966_406-1024x717.jpg\" alt=\"339514_ERM_Fk_2966_406\" width=\"700\" height=\"490\" srcset=\"https:\/\/blog.erm.ee\/wp-content\/uploads\/2014\/05\/339514_ERM_Fk_2966_406-1024x717.jpg 1024w, https:\/\/blog.erm.ee\/wp-content\/uploads\/2014\/05\/339514_ERM_Fk_2966_406-370x260.jpg 370w, https:\/\/blog.erm.ee\/wp-content\/uploads\/2014\/05\/339514_ERM_Fk_2966_406-300x210.jpg 300w, https:\/\/blog.erm.ee\/wp-content\/uploads\/2014\/05\/339514_ERM_Fk_2966_406.jpg 1200w\" sizes=\"auto, (max-width: 700px) 100vw, 700px\" \/><\/a><\/em><em>ERM Fk 2966:406 Tegemist taas intrigeeriva fotoga, mis m\u00f5jub lausa ebamaiselt. Esiplaanil valges r\u00f5ivas inimesed ja hobused, nendele j\u00e4rgneb musta riietatud rongk\u00e4ik. Foto on suure t\u00f5en\u00e4osusega tehtud Tallinnas ja tegemist mingisuguse matuserongk\u00e4iguga. Aga t\u00e4psem s\u00fcndmus on esialgu saladuslooriga kaetud.<\/em><\/p>\n<div class=\"fcbkbttn_buttons_block\" id=\"fcbkbttn_left\"><div class=\"fcbkbttn_like \"><fb:like href=\"https:\/\/blog.erm.ee\/?p=4744\" action=\"like\" colorscheme=\"light\" layout=\"standard\"  width=\"225px\" size=\"small\"><\/fb:like><\/div><div class=\"fb-share-button  \" data-href=\"https:\/\/blog.erm.ee\/?p=4744\" data-type=\"button\" data-size=\"small\"><\/div><\/div>","protected":false},"excerpt":{"rendered":"<p>Maris Jaagosild, raamatukogu juhataja Selleaastane suur \u201eTeeme \u00e4ra!\u201c talgup\u00e4ev on juba seljataha j\u00e4\u00e4nud, aga digitalgud j\u00e4tkavad kuni 11. maini. Arhiivid, muuseumid ja raamatukogud on valiku oma p\u00f5nevaid, kuid rohkem v\u00f5i v\u00e4hem puudulike andmetega fotosid \u00fcles pannud digitalgute lehele Facebookis, kus k\u00f5ik on oodatud oma teadmisi, aga ka oletusi v\u00f5i lihtsalt vahvaid t\u00e4helepanekuid jagama. Selleaastaste digitalgute&hellip;<\/p>\n","protected":false},"author":1,"featured_media":4746,"comment_status":"open","ping_status":"open","sticky":false,"template":"","format":"standard","meta":{"_monsterinsights_skip_tracking":false,"_monsterinsights_sitenote_active":false,"_monsterinsights_sitenote_note":"","_monsterinsights_sitenote_category":0,"jetpack_post_was_ever_published":false,"_jetpack_newsletter_access":"","_jetpack_dont_email_post_to_subs":false,"_jetpack_newsletter_tier_id":0,"_jetpack_memberships_contains_paywalled_content":false,"_jetpack_memberships_contains_paid_content":false,"footnotes":""},"categories":[5],"tags":[],"class_list":["post-4744","post","type-post","status-publish","format-standard","has-post-thumbnail","hentry","category-museaal"],"yoast_head":"<!-- This site is optimized with the Yoast SEO plugin v27.5 - https:\/\/yoast.com\/product\/yoast-seo-wordpress\/ -->\n<title>Talgut\u00f6\u00f6 konti ei murra - Eesti Rahva Muuseumi ajaveeb<\/title>\n<meta name=\"robots\" content=\"index, follow, max-snippet:-1, max-image-preview:large, max-video-preview:-1\" \/>\n<link rel=\"canonical\" href=\"https:\/\/blog.erm.ee\/?p=4744\" \/>\n<meta property=\"og:locale\" content=\"et_EE\" \/>\n<meta property=\"og:type\" content=\"article\" \/>\n<meta property=\"og:title\" content=\"Talgut\u00f6\u00f6 konti ei murra - Eesti Rahva Muuseumi ajaveeb\" \/>\n<meta property=\"og:description\" content=\"Maris Jaagosild, raamatukogu juhataja Selleaastane suur \u201eTeeme \u00e4ra!\u201c talgup\u00e4ev on juba seljataha j\u00e4\u00e4nud, aga digitalgud j\u00e4tkavad kuni 11. maini. Arhiivid, muuseumid ja raamatukogud on valiku oma p\u00f5nevaid, kuid rohkem v\u00f5i v\u00e4hem puudulike andmetega fotosid \u00fcles pannud digitalgute lehele Facebookis, kus k\u00f5ik on oodatud oma teadmisi, aga ka oletusi v\u00f5i lihtsalt vahvaid t\u00e4helepanekuid jagama. Selleaastaste digitalgute&hellip;\" \/>\n<meta property=\"og:url\" content=\"https:\/\/blog.erm.ee\/?p=4744\" \/>\n<meta property=\"og:site_name\" content=\"Eesti Rahva Muuseumi ajaveeb\" \/>\n<meta property=\"article:published_time\" content=\"2014-05-09T05:09:18+00:00\" \/>\n<meta property=\"article:modified_time\" content=\"2014-05-09T07:06:44+00:00\" \/>\n<meta property=\"og:image\" content=\"https:\/\/blog.erm.ee\/wp-content\/uploads\/2014\/05\/327218_ERM_Fk_2959_128.jpg\" \/>\n\t<meta property=\"og:image:width\" content=\"1200\" \/>\n\t<meta property=\"og:image:height\" content=\"884\" \/>\n\t<meta property=\"og:image:type\" content=\"image\/jpeg\" \/>\n<meta name=\"author\" content=\"Eesti Rahva Muuseum\" \/>\n<meta name=\"twitter:card\" content=\"summary_large_image\" \/>\n<meta name=\"twitter:label1\" content=\"Written by\" \/>\n\t<meta name=\"twitter:data1\" content=\"Eesti Rahva Muuseum\" \/>\n\t<meta name=\"twitter:label2\" content=\"Est. reading time\" \/>\n\t<meta name=\"twitter:data2\" content=\"2 minutit\" \/>\n<script type=\"application\/ld+json\" class=\"yoast-schema-graph\">{\"@context\":\"https:\\\/\\\/schema.org\",\"@graph\":[{\"@type\":\"Article\",\"@id\":\"https:\\\/\\\/blog.erm.ee\\\/?p=4744#article\",\"isPartOf\":{\"@id\":\"https:\\\/\\\/blog.erm.ee\\\/?p=4744\"},\"author\":{\"name\":\"Eesti Rahva Muuseum\",\"@id\":\"https:\\\/\\\/blog.erm.ee\\\/#\\\/schema\\\/person\\\/6e98c391cb00a33e7c22a3571e062114\"},\"headline\":\"Talgut\u00f6\u00f6 konti ei murra\",\"datePublished\":\"2014-05-09T05:09:18+00:00\",\"dateModified\":\"2014-05-09T07:06:44+00:00\",\"mainEntityOfPage\":{\"@id\":\"https:\\\/\\\/blog.erm.ee\\\/?p=4744\"},\"wordCount\":420,\"commentCount\":0,\"image\":{\"@id\":\"https:\\\/\\\/blog.erm.ee\\\/?p=4744#primaryimage\"},\"thumbnailUrl\":\"https:\\\/\\\/blog.erm.ee\\\/wp-content\\\/uploads\\\/2014\\\/05\\\/327218_ERM_Fk_2959_128.jpg\",\"articleSection\":[\"Museaal\"],\"inLanguage\":\"et\",\"potentialAction\":[{\"@type\":\"CommentAction\",\"name\":\"Comment\",\"target\":[\"https:\\\/\\\/blog.erm.ee\\\/?p=4744#respond\"]}]},{\"@type\":\"WebPage\",\"@id\":\"https:\\\/\\\/blog.erm.ee\\\/?p=4744\",\"url\":\"https:\\\/\\\/blog.erm.ee\\\/?p=4744\",\"name\":\"Talgut\u00f6\u00f6 konti ei murra - Eesti Rahva Muuseumi ajaveeb\",\"isPartOf\":{\"@id\":\"https:\\\/\\\/blog.erm.ee\\\/#website\"},\"primaryImageOfPage\":{\"@id\":\"https:\\\/\\\/blog.erm.ee\\\/?p=4744#primaryimage\"},\"image\":{\"@id\":\"https:\\\/\\\/blog.erm.ee\\\/?p=4744#primaryimage\"},\"thumbnailUrl\":\"https:\\\/\\\/blog.erm.ee\\\/wp-content\\\/uploads\\\/2014\\\/05\\\/327218_ERM_Fk_2959_128.jpg\",\"datePublished\":\"2014-05-09T05:09:18+00:00\",\"dateModified\":\"2014-05-09T07:06:44+00:00\",\"author\":{\"@id\":\"https:\\\/\\\/blog.erm.ee\\\/#\\\/schema\\\/person\\\/6e98c391cb00a33e7c22a3571e062114\"},\"breadcrumb\":{\"@id\":\"https:\\\/\\\/blog.erm.ee\\\/?p=4744#breadcrumb\"},\"inLanguage\":\"et\",\"potentialAction\":[{\"@type\":\"ReadAction\",\"target\":[\"https:\\\/\\\/blog.erm.ee\\\/?p=4744\"]}]},{\"@type\":\"ImageObject\",\"inLanguage\":\"et\",\"@id\":\"https:\\\/\\\/blog.erm.ee\\\/?p=4744#primaryimage\",\"url\":\"https:\\\/\\\/blog.erm.ee\\\/wp-content\\\/uploads\\\/2014\\\/05\\\/327218_ERM_Fk_2959_128.jpg\",\"contentUrl\":\"https:\\\/\\\/blog.erm.ee\\\/wp-content\\\/uploads\\\/2014\\\/05\\\/327218_ERM_Fk_2959_128.jpg\",\"width\":1200,\"height\":884},{\"@type\":\"BreadcrumbList\",\"@id\":\"https:\\\/\\\/blog.erm.ee\\\/?p=4744#breadcrumb\",\"itemListElement\":[{\"@type\":\"ListItem\",\"position\":1,\"name\":\"Home\",\"item\":\"https:\\\/\\\/blog.erm.ee\\\/\"},{\"@type\":\"ListItem\",\"position\":2,\"name\":\"Talgut\u00f6\u00f6 konti ei murra\"}]},{\"@type\":\"WebSite\",\"@id\":\"https:\\\/\\\/blog.erm.ee\\\/#website\",\"url\":\"https:\\\/\\\/blog.erm.ee\\\/\",\"name\":\"Eesti Rahva Muuseumi ajaveeb\",\"description\":\"\",\"potentialAction\":[{\"@type\":\"SearchAction\",\"target\":{\"@type\":\"EntryPoint\",\"urlTemplate\":\"https:\\\/\\\/blog.erm.ee\\\/?s={search_term_string}\"},\"query-input\":{\"@type\":\"PropertyValueSpecification\",\"valueRequired\":true,\"valueName\":\"search_term_string\"}}],\"inLanguage\":\"et\"},{\"@type\":\"Person\",\"@id\":\"https:\\\/\\\/blog.erm.ee\\\/#\\\/schema\\\/person\\\/6e98c391cb00a33e7c22a3571e062114\",\"name\":\"Eesti Rahva Muuseum\",\"image\":{\"@type\":\"ImageObject\",\"inLanguage\":\"et\",\"@id\":\"https:\\\/\\\/secure.gravatar.com\\\/avatar\\\/cb6d9ad5fb49f3f7315028ce5fe60641075f2cb52b8a058ff5a985fa2d8c1da0?s=96&d=mm&r=g\",\"url\":\"https:\\\/\\\/secure.gravatar.com\\\/avatar\\\/cb6d9ad5fb49f3f7315028ce5fe60641075f2cb52b8a058ff5a985fa2d8c1da0?s=96&d=mm&r=g\",\"contentUrl\":\"https:\\\/\\\/secure.gravatar.com\\\/avatar\\\/cb6d9ad5fb49f3f7315028ce5fe60641075f2cb52b8a058ff5a985fa2d8c1da0?s=96&d=mm&r=g\",\"caption\":\"Eesti Rahva Muuseum\"},\"sameAs\":[\"http:\\\/\\\/www.erm.ee\"],\"url\":\"https:\\\/\\\/blog.erm.ee\\\/?author=1\"}]}<\/script>\n<!-- \/ Yoast SEO plugin. -->","yoast_head_json":{"title":"Talgut\u00f6\u00f6 konti ei murra - Eesti Rahva Muuseumi ajaveeb","robots":{"index":"index","follow":"follow","max-snippet":"max-snippet:-1","max-image-preview":"max-image-preview:large","max-video-preview":"max-video-preview:-1"},"canonical":"https:\/\/blog.erm.ee\/?p=4744","og_locale":"et_EE","og_type":"article","og_title":"Talgut\u00f6\u00f6 konti ei murra - Eesti Rahva Muuseumi ajaveeb","og_description":"Maris Jaagosild, raamatukogu juhataja Selleaastane suur \u201eTeeme \u00e4ra!\u201c talgup\u00e4ev on juba seljataha j\u00e4\u00e4nud, aga digitalgud j\u00e4tkavad kuni 11. maini. Arhiivid, muuseumid ja raamatukogud on valiku oma p\u00f5nevaid, kuid rohkem v\u00f5i v\u00e4hem puudulike andmetega fotosid \u00fcles pannud digitalgute lehele Facebookis, kus k\u00f5ik on oodatud oma teadmisi, aga ka oletusi v\u00f5i lihtsalt vahvaid t\u00e4helepanekuid jagama. Selleaastaste digitalgute&hellip;","og_url":"https:\/\/blog.erm.ee\/?p=4744","og_site_name":"Eesti Rahva Muuseumi ajaveeb","article_published_time":"2014-05-09T05:09:18+00:00","article_modified_time":"2014-05-09T07:06:44+00:00","og_image":[{"width":1200,"height":884,"url":"https:\/\/blog.erm.ee\/wp-content\/uploads\/2014\/05\/327218_ERM_Fk_2959_128.jpg","type":"image\/jpeg"}],"author":"Eesti Rahva Muuseum","twitter_card":"summary_large_image","twitter_misc":{"Written by":"Eesti Rahva Muuseum","Est. reading time":"2 minutit"},"schema":{"@context":"https:\/\/schema.org","@graph":[{"@type":"Article","@id":"https:\/\/blog.erm.ee\/?p=4744#article","isPartOf":{"@id":"https:\/\/blog.erm.ee\/?p=4744"},"author":{"name":"Eesti Rahva Muuseum","@id":"https:\/\/blog.erm.ee\/#\/schema\/person\/6e98c391cb00a33e7c22a3571e062114"},"headline":"Talgut\u00f6\u00f6 konti ei murra","datePublished":"2014-05-09T05:09:18+00:00","dateModified":"2014-05-09T07:06:44+00:00","mainEntityOfPage":{"@id":"https:\/\/blog.erm.ee\/?p=4744"},"wordCount":420,"commentCount":0,"image":{"@id":"https:\/\/blog.erm.ee\/?p=4744#primaryimage"},"thumbnailUrl":"https:\/\/blog.erm.ee\/wp-content\/uploads\/2014\/05\/327218_ERM_Fk_2959_128.jpg","articleSection":["Museaal"],"inLanguage":"et","potentialAction":[{"@type":"CommentAction","name":"Comment","target":["https:\/\/blog.erm.ee\/?p=4744#respond"]}]},{"@type":"WebPage","@id":"https:\/\/blog.erm.ee\/?p=4744","url":"https:\/\/blog.erm.ee\/?p=4744","name":"Talgut\u00f6\u00f6 konti ei murra - Eesti Rahva Muuseumi ajaveeb","isPartOf":{"@id":"https:\/\/blog.erm.ee\/#website"},"primaryImageOfPage":{"@id":"https:\/\/blog.erm.ee\/?p=4744#primaryimage"},"image":{"@id":"https:\/\/blog.erm.ee\/?p=4744#primaryimage"},"thumbnailUrl":"https:\/\/blog.erm.ee\/wp-content\/uploads\/2014\/05\/327218_ERM_Fk_2959_128.jpg","datePublished":"2014-05-09T05:09:18+00:00","dateModified":"2014-05-09T07:06:44+00:00","author":{"@id":"https:\/\/blog.erm.ee\/#\/schema\/person\/6e98c391cb00a33e7c22a3571e062114"},"breadcrumb":{"@id":"https:\/\/blog.erm.ee\/?p=4744#breadcrumb"},"inLanguage":"et","potentialAction":[{"@type":"ReadAction","target":["https:\/\/blog.erm.ee\/?p=4744"]}]},{"@type":"ImageObject","inLanguage":"et","@id":"https:\/\/blog.erm.ee\/?p=4744#primaryimage","url":"https:\/\/blog.erm.ee\/wp-content\/uploads\/2014\/05\/327218_ERM_Fk_2959_128.jpg","contentUrl":"https:\/\/blog.erm.ee\/wp-content\/uploads\/2014\/05\/327218_ERM_Fk_2959_128.jpg","width":1200,"height":884},{"@type":"BreadcrumbList","@id":"https:\/\/blog.erm.ee\/?p=4744#breadcrumb","itemListElement":[{"@type":"ListItem","position":1,"name":"Home","item":"https:\/\/blog.erm.ee\/"},{"@type":"ListItem","position":2,"name":"Talgut\u00f6\u00f6 konti ei murra"}]},{"@type":"WebSite","@id":"https:\/\/blog.erm.ee\/#website","url":"https:\/\/blog.erm.ee\/","name":"Eesti Rahva Muuseumi ajaveeb","description":"","potentialAction":[{"@type":"SearchAction","target":{"@type":"EntryPoint","urlTemplate":"https:\/\/blog.erm.ee\/?s={search_term_string}"},"query-input":{"@type":"PropertyValueSpecification","valueRequired":true,"valueName":"search_term_string"}}],"inLanguage":"et"},{"@type":"Person","@id":"https:\/\/blog.erm.ee\/#\/schema\/person\/6e98c391cb00a33e7c22a3571e062114","name":"Eesti Rahva Muuseum","image":{"@type":"ImageObject","inLanguage":"et","@id":"https:\/\/secure.gravatar.com\/avatar\/cb6d9ad5fb49f3f7315028ce5fe60641075f2cb52b8a058ff5a985fa2d8c1da0?s=96&d=mm&r=g","url":"https:\/\/secure.gravatar.com\/avatar\/cb6d9ad5fb49f3f7315028ce5fe60641075f2cb52b8a058ff5a985fa2d8c1da0?s=96&d=mm&r=g","contentUrl":"https:\/\/secure.gravatar.com\/avatar\/cb6d9ad5fb49f3f7315028ce5fe60641075f2cb52b8a058ff5a985fa2d8c1da0?s=96&d=mm&r=g","caption":"Eesti Rahva Muuseum"},"sameAs":["http:\/\/www.erm.ee"],"url":"https:\/\/blog.erm.ee\/?author=1"}]}},"jetpack_featured_media_url":"https:\/\/blog.erm.ee\/wp-content\/uploads\/2014\/05\/327218_ERM_Fk_2959_128.jpg","jetpack_shortlink":"https:\/\/wp.me\/p2l9Zd-1ew","jetpack_sharing_enabled":true,"jetpack_likes_enabled":true,"_links":{"self":[{"href":"https:\/\/blog.erm.ee\/index.php?rest_route=\/wp\/v2\/posts\/4744","targetHints":{"allow":["GET"]}}],"collection":[{"href":"https:\/\/blog.erm.ee\/index.php?rest_route=\/wp\/v2\/posts"}],"about":[{"href":"https:\/\/blog.erm.ee\/index.php?rest_route=\/wp\/v2\/types\/post"}],"author":[{"embeddable":true,"href":"https:\/\/blog.erm.ee\/index.php?rest_route=\/wp\/v2\/users\/1"}],"replies":[{"embeddable":true,"href":"https:\/\/blog.erm.ee\/index.php?rest_route=%2Fwp%2Fv2%2Fcomments&post=4744"}],"version-history":[{"count":3,"href":"https:\/\/blog.erm.ee\/index.php?rest_route=\/wp\/v2\/posts\/4744\/revisions"}],"predecessor-version":[{"id":4751,"href":"https:\/\/blog.erm.ee\/index.php?rest_route=\/wp\/v2\/posts\/4744\/revisions\/4751"}],"wp:featuredmedia":[{"embeddable":true,"href":"https:\/\/blog.erm.ee\/index.php?rest_route=\/wp\/v2\/media\/4746"}],"wp:attachment":[{"href":"https:\/\/blog.erm.ee\/index.php?rest_route=%2Fwp%2Fv2%2Fmedia&parent=4744"}],"wp:term":[{"taxonomy":"category","embeddable":true,"href":"https:\/\/blog.erm.ee\/index.php?rest_route=%2Fwp%2Fv2%2Fcategories&post=4744"},{"taxonomy":"post_tag","embeddable":true,"href":"https:\/\/blog.erm.ee\/index.php?rest_route=%2Fwp%2Fv2%2Ftags&post=4744"}],"curies":[{"name":"wp","href":"https:\/\/api.w.org\/{rel}","templated":true}]}}