{"id":4713,"date":"2014-05-06T09:52:14","date_gmt":"2014-05-06T07:52:14","guid":{"rendered":"http:\/\/blog.erm.ee\/?p=4713"},"modified":"2014-05-06T13:50:10","modified_gmt":"2014-05-06T11:50:10","slug":"roosi-tanava-roosilisest-tulevikust-uhe-arutelu-hakatus","status":"publish","type":"post","link":"https:\/\/blog.erm.ee\/?p=4713","title":{"rendered":"Roosi t\u00e4nava roosilisest tulevikust. \u00dche arutelu hakatus"},"content":{"rendered":"<div class=\"fcbkbttn_buttons_block\" id=\"fcbkbttn_left\"><div class=\"fcbkbttn_like \"><fb:like href=\"https:\/\/blog.erm.ee\/?p=4713\" action=\"like\" colorscheme=\"light\" layout=\"standard\"  width=\"225px\" size=\"small\"><\/fb:like><\/div><div class=\"fb-share-button  \" data-href=\"https:\/\/blog.erm.ee\/?p=4713\" data-type=\"button\" data-size=\"small\"><\/div><\/div><p><em>Kaarel Tarand, avalike ja v\u00e4lissuhete juht<\/em><\/p>\n<p>Laup\u00e4eval, 3. mail \u00fcritati \u00fclemaalise talgup\u00e4eva \u00fche elemendina laulupeomuuseumis m\u00f5tiskleda \u00dclej\u00f5e linnaosa ning kitsamalt Roosi t\u00e4nava tuleviku \u00fcle. Kui sisukaks kujunes konkreetne arutelu ja kas korraldajad ka oma seatud eesm\u00e4rgi saavutasid, pole siinkohal isegi oluline. V\u00e4ga pehmek\u00e4eliselt dirigeeritud \u00fcritused kipuvad tihti laiali valguma ja seda eriti juhul, kui k\u00f5igile tuttavad iga pulma solistid tagasihoidlikuma keskmise arutleja eest kogu aja ja ruumi \u00e4ra t\u00e4idavad.<\/p>\n<p><a href=\"https:\/\/blog.erm.ee\/wp-content\/uploads\/2014\/05\/Roosi_tn_eskiisprojekt0-2-35-copy.jpg\"><img loading=\"lazy\" decoding=\"async\" data-attachment-id=\"4715\" data-permalink=\"https:\/\/blog.erm.ee\/?attachment_id=4715#main\" data-orig-file=\"https:\/\/blog.erm.ee\/wp-content\/uploads\/2014\/05\/Roosi_tn_eskiisprojekt0-2-35-copy.jpg\" data-orig-size=\"1200,866\" data-comments-opened=\"1\" data-image-meta=\"{&quot;aperture&quot;:&quot;0&quot;,&quot;credit&quot;:&quot;&quot;,&quot;camera&quot;:&quot;&quot;,&quot;caption&quot;:&quot;&quot;,&quot;created_timestamp&quot;:&quot;0&quot;,&quot;copyright&quot;:&quot;&quot;,&quot;focal_length&quot;:&quot;0&quot;,&quot;iso&quot;:&quot;0&quot;,&quot;shutter_speed&quot;:&quot;0&quot;,&quot;title&quot;:&quot;&quot;}\" data-image-title=\"Roosi_tn_eskiisprojekt0-2-35 copy\" data-image-description=\"\" data-image-caption=\"\" data-large-file=\"https:\/\/blog.erm.ee\/wp-content\/uploads\/2014\/05\/Roosi_tn_eskiisprojekt0-2-35-copy-1024x738.jpg\" class=\"alignnone size-large wp-image-4715\" src=\"https:\/\/blog.erm.ee\/wp-content\/uploads\/2014\/05\/Roosi_tn_eskiisprojekt0-2-35-copy-1024x738.jpg\" alt=\"Roosi_tn_eskiisprojekt0-2-35 copy\" width=\"700\" height=\"504\" srcset=\"https:\/\/blog.erm.ee\/wp-content\/uploads\/2014\/05\/Roosi_tn_eskiisprojekt0-2-35-copy-1024x738.jpg 1024w, https:\/\/blog.erm.ee\/wp-content\/uploads\/2014\/05\/Roosi_tn_eskiisprojekt0-2-35-copy-360x260.jpg 360w, https:\/\/blog.erm.ee\/wp-content\/uploads\/2014\/05\/Roosi_tn_eskiisprojekt0-2-35-copy-300x216.jpg 300w, https:\/\/blog.erm.ee\/wp-content\/uploads\/2014\/05\/Roosi_tn_eskiisprojekt0-2-35-copy.jpg 1200w\" sizes=\"auto, (max-width: 700px) 100vw, 700px\" \/><\/a><em>N\u00e4ide <a href=\"http:\/\/www.tartu.ee\/data\/Roosi_tn_eskiisprojekt0.pdf\" target=\"_blank\">Roosi t\u00e4nava eskiisprojektist<\/a>. Allikas: Tartu Linnavalitsus<\/em><\/p>\n<p>Faktid j\u00e4\u00e4vad faktideks: Eesti Rahva Muuseumi hoone Roosi t\u00e4nava l\u00f5ppu kerkib-valmib niikuinii ja j\u00e4\u00e4b sinna sajandiks ning teiseks s\u00f5ltumata sellest, kas ja kuidas l\u00fchimat ja parimat otse\u00fchendust kesklinnast muuseumini ka ei arendataks. Fakt on, et Tartu linnav\u00f5im on algatanud Roosi t\u00e4nava rekonstrueerimise ning selle esimese sammuna on valminud eskiisprojekt. Linnaeelarves on juba ka m\u00e4\u00e4ratud mingi hulk projekteerimisraha ning trassiehitajad on ootevalmis.<\/p>\n<p>Just eskiisprojekti n\u00fcansse arutama m\u00f5ttetalgulised kutsutud olidki. Arutama peab, sest avalik, antud juhul linnav\u00f5im on kohustatud kodanikega enne otsustamist l\u00e4bi r\u00e4\u00e4kima nn kaasamise vaimus ja v\u00e4hemasti formaalselt tehakse see punkt alati \u00e4ra. Teisalt on \u00fcleilmse kli\u0161ee j\u00e4rgi \u201ekohalikud alati uuenduste, progressi vastu\u201c, nn NIMBY (<em>not-in-my-backyard<\/em> ehk ainult-mitte-minu-\u00f5ue) s\u00fcndroomi lai levik sunnib asumite elanike v\u00f5imalikku organiseeritud vastupanu ennetama, neid koost\u00f6\u00f6le kallutama. Ja seda ka juhul, kus needsamad kohalikud \u00fcldjoontes progressi poolt on, kui uuendajad nende soovide ja m\u00f5tteilmaga v\u00e4hegi haakuda suudavad.<\/p>\n<p><a href=\"https:\/\/blog.erm.ee\/wp-content\/uploads\/2014\/05\/ak0397.jpg\"><img loading=\"lazy\" decoding=\"async\" data-attachment-id=\"4716\" data-permalink=\"https:\/\/blog.erm.ee\/?attachment_id=4716#main\" data-orig-file=\"https:\/\/blog.erm.ee\/wp-content\/uploads\/2014\/05\/ak0397.jpg\" data-orig-size=\"801,1200\" data-comments-opened=\"1\" data-image-meta=\"{&quot;aperture&quot;:&quot;0&quot;,&quot;credit&quot;:&quot;&quot;,&quot;camera&quot;:&quot;&quot;,&quot;caption&quot;:&quot;&quot;,&quot;created_timestamp&quot;:&quot;1399117276&quot;,&quot;copyright&quot;:&quot;\\u00a9 Arp Karm\/Eesti Rahva Muuseum 2014&quot;,&quot;focal_length&quot;:&quot;0&quot;,&quot;iso&quot;:&quot;0&quot;,&quot;shutter_speed&quot;:&quot;0&quot;,&quot;title&quot;:&quot;&quot;}\" data-image-title=\"ak0397\" data-image-description=\"\" data-image-caption=\"\" data-large-file=\"https:\/\/blog.erm.ee\/wp-content\/uploads\/2014\/05\/ak0397-683x1024.jpg\" class=\"alignnone size-large wp-image-4716\" src=\"https:\/\/blog.erm.ee\/wp-content\/uploads\/2014\/05\/ak0397-683x1024.jpg\" alt=\"ak0397\" width=\"683\" height=\"1024\" srcset=\"https:\/\/blog.erm.ee\/wp-content\/uploads\/2014\/05\/ak0397-683x1024.jpg 683w, https:\/\/blog.erm.ee\/wp-content\/uploads\/2014\/05\/ak0397-173x260.jpg 173w, https:\/\/blog.erm.ee\/wp-content\/uploads\/2014\/05\/ak0397-200x300.jpg 200w, https:\/\/blog.erm.ee\/wp-content\/uploads\/2014\/05\/ak0397.jpg 801w\" sizes=\"auto, (max-width: 683px) 100vw, 683px\" \/><\/a><em>M\u00f5ttetalgud Laulupeomuuseumi pargis. Foto: Arp Karm, 03.05.2014<br \/>\n<\/em><\/p>\n<p>Projekteerijate n\u00e4gemuste ning kahe jalaga elus sees kohalike elanike soovide nimekirja kokkupuutepind v\u00f5ib olla kitsuke ja habras, t\u00f5estasid ka laup\u00e4evased m\u00f5ttetalgud ja seda eriti seet\u00f5ttu, et kohe \u00fcrituse alguses ei s\u00f5nastatud selgelt, millises funktsioonis tuleviku Roosi t\u00e4navat n\u00e4ha tahavad \u00fched ja teised, millist osa hakkab \u00fcmber kujundatud t\u00e4nav m\u00e4ngima n\u00f6 suuremas pildis ja millistele l\u00e4hteandmetele ning prognoosidele need kavandatud funktsioonid ka toetuvad.<\/p>\n<p>Kas t\u00e4navale \u00fcldse saabki \u00fclesannet m\u00e4\u00e4rata, kui pole teada, millised on asumi v\u00e4lispiirid ja milline selle \u00fcldstruktuur? Ega vist. P\u00f5gus pilt kaardile n\u00e4itab, et just \u00dclej\u00f5e linnaosaks m\u00e4\u00e4ratud territoorium on nii \u201emitte-asum\u201c kui veel saab olla. Kitsa, 4 kilomeetri pikkuse soolikana sirutub see piki Emaj\u00f5e kirdekallast ja peab kaardi joonistanud ametnike kujutlustes k\u00fcllap \u00fchendama t\u00e4iesti \u00fchendamatuid elemente. J\u00e4ttes isegi k\u00f5rvale Kvissentali uusasumi, mida linnaosakaaslastest lahutab veel ka surnuaia- ja j\u00f5e\u00e4\u00e4rse v\u00f5sa v\u00f6\u00f6nd, on t\u00e4iesti eraldiseisvad ja linnas\u00fcdamega eri viisidel integreeritud ka Narva maanteega lahutatud linnaosa pooled. Narva maantee oma praegusel, kesklinnas (j\u00f5e \u00e4\u00e4res) v\u00e4lja ehitamata kujul ei ole linnaosa siduja, vaid selge lahutaja. Kui \u00dclej\u00f5eks m\u00e4\u00e4ratud alal mingi orgaaniline telg \u00fcldse v\u00f5iks olla, siis on see kindlasti Raatuse t\u00e4nav, mis aga oma samuti puuduliku v\u00e4ljaehitusega seda funktsiooni arukalt t\u00e4ita ei saa. T\u00f5si, ka Raatuse t\u00e4nava eri pooltel on eri maailmad, \u00fchel valdavalt aedlinna t\u00fc\u00fcpi v\u00e4ikemajapidamised, teisel domineerivad okupatsiooniajastu kortermajad.<\/p>\n<p>Aga kuidas ka asumi piire ei muudaks, Roosi t\u00e4navale asumi elutegevuse raskuspunkt niikuinii ei kanduks. S\u00f5ltumata sellest, mis v\u00e4rvi triipe selle sillutisele ka ei veaks, mingit magistraali ja liiklusvoogu \u2013 ei jalak\u00e4ijate ega s\u00f5idukite oma \u2013 Roosi t\u00e4navale ei teki. Selleks on rida p\u00f5hjusi, millele valguse heitmiseks sobi h\u00e4sti vana hea Jane Jacobs, kes 1950ndate New Yorgi Greenwich Village\u2019i n\u00e4itel s\u00f5nastas \u00fche eluj\u00f5ulise asumi ja selle t\u00e4navate p\u00f5hitunnused.<\/p>\n<p>Esiteks, asumil (<em>district<\/em>) peab olema rohkem kui \u00fcks esmane funktsioon, mis omakorda kindlustab selle, et avalikus ruumis k\u00e4ib vilgas elu igal kellaajal. Teiseks, hooneplokid peavad olema l\u00fchikesed, mis t\u00e4hendab rohkem t\u00e4navaid ja \u201ev\u00f5imalusi p\u00f6\u00f6rata \u00fcmber nurga\u201d, nagu \u00fctleb Jacobs. Kolmandaks, asumi hooned peavad varieeruma nii vanuse kui ka seisundi poolest, mis t\u00e4hendab ka erinevust v\u00e4ltimatus majandustulemis (uus hoone peab reeglina teenima kiiresti ja rohkem raha). Ja l\u00f5puks, inimeste kontsentratsioon asumis peab olema piisav, seejuures on arvesse v\u00f5etud vaid p\u00fcsielanikud.<\/p>\n<p><a href=\"https:\/\/blog.erm.ee\/wp-content\/uploads\/2014\/05\/ak0445.jpg\"><img loading=\"lazy\" decoding=\"async\" data-attachment-id=\"4717\" data-permalink=\"https:\/\/blog.erm.ee\/?attachment_id=4717#main\" data-orig-file=\"https:\/\/blog.erm.ee\/wp-content\/uploads\/2014\/05\/ak0445.jpg\" data-orig-size=\"1200,801\" data-comments-opened=\"1\" data-image-meta=\"{&quot;aperture&quot;:&quot;0&quot;,&quot;credit&quot;:&quot;&quot;,&quot;camera&quot;:&quot;&quot;,&quot;caption&quot;:&quot;&quot;,&quot;created_timestamp&quot;:&quot;1399119181&quot;,&quot;copyright&quot;:&quot;\\u00a9 Arp Karm\/Eesti Rahva Muuseum 2014&quot;,&quot;focal_length&quot;:&quot;0&quot;,&quot;iso&quot;:&quot;0&quot;,&quot;shutter_speed&quot;:&quot;0&quot;,&quot;title&quot;:&quot;&quot;}\" data-image-title=\"ak0445\" data-image-description=\"\" data-image-caption=\"\" data-large-file=\"https:\/\/blog.erm.ee\/wp-content\/uploads\/2014\/05\/ak0445-1024x683.jpg\" class=\"alignnone size-large wp-image-4717\" src=\"https:\/\/blog.erm.ee\/wp-content\/uploads\/2014\/05\/ak0445-1024x683.jpg\" alt=\"ak0445\" width=\"700\" height=\"466\" srcset=\"https:\/\/blog.erm.ee\/wp-content\/uploads\/2014\/05\/ak0445-1024x683.jpg 1024w, https:\/\/blog.erm.ee\/wp-content\/uploads\/2014\/05\/ak0445-389x260.jpg 389w, https:\/\/blog.erm.ee\/wp-content\/uploads\/2014\/05\/ak0445-300x200.jpg 300w, https:\/\/blog.erm.ee\/wp-content\/uploads\/2014\/05\/ak0445.jpg 1200w\" sizes=\"auto, (max-width: 700px) 100vw, 700px\" \/><\/a><em>M\u00f5ttetalgul osalejad Laulupeomuuseumi pargis. <em>Foto: Arp Karm, 03.05.2014<\/em><br \/>\n<\/em><\/p>\n<p>Naturaalne \u00dclej\u00f5e ehk Narva maantee ja P\u00e4rna t\u00e4navaga piiratud ala koos Puiestee t\u00e4nava taha j\u00e4\u00e4va Kasarmu ja J\u00e4nese t\u00e4navaga piirneva alaga t\u00e4idab neid p\u00f5hitingimusi erakordselt puudulikult. Kui t\u00e4nu k\u00f5rgematele kortermajadele saab asustustiheduse isegi funktsionaalse miinimumini v\u00e4lja venitada (v\u00e4hemalt 4000 inimest ruutkilomeetri kohta), siis nii avalike teenuste kui ka \u00e4rielu poolest on olukord pehmelt \u00f6eldes lahja. Alal on kool, lasteaed ja muuseum, vaeseid tarbijaid ja asumiga sidumata ajutisi hingi lisavad \u00fchiselamud ja see on ka enam-v\u00e4hem k\u00f5ik. Kindlasti k\u00e4ib absoluutne enamik elanikest t\u00f6\u00f6l kaugel v\u00e4ljaspool oma asumit. Ja mitte ainult, ka vaba aeg ja h\u00e4dap\u00e4rasest v\u00e4hegi n\u00f5udlikuma sisseostud veavad \u00fclej\u00f5elase linnas\u00fcdamesse \u00fcle j\u00f5e v\u00f5i autoga kaugetesse \u00e4\u00e4relinnadesse.<\/p>\n<p>Linnaplaneerimise praeguse seisu juures j\u00e4\u00e4b Roosi t\u00e4nav niisiis n\u00fc\u00fcd ja edaspidi vaikseks aedlinna t\u00e4navaks, kui jabur \u00fcldplaneeringu seisukohalt sellise pidamine s\u00fcdalinnas ka poleks. Ja seda olukorda ei saa ka suur riiklik investeering Eesti Rahva Muuseumi n\u00e4ol oluliselt muuta. Selleks, et k\u00f5rvalt\u00e4nava loomus n\u00e4htavalt muutuks, peaks muuseum tooma kaasa inimhulkade liikumise kasvu suurusj\u00e4rgu v\u00f5rra. Aga see on ebarealistlik ootus.<\/p>\n<p>Oletagem, et muuseumi hakkab p\u00e4rast valmimist k\u00fclastama 300\u00a0000 inimest aastas. See teeks 1000 inimest iga t\u00f6\u00f6p\u00e4eva kohta. Edasi oletagem optimistlikult, et pooled neist k\u00fclastajatest valivad k\u00fclastuseks jalutusk\u00e4igu m\u00f6\u00f6da rekonstrueeritud imekaunist Roosi t\u00e4navat. Arvestades muuseumi lahtioleku ajaks 10 tundi p\u00e4evas, suudab muuseum niisiis kindlustada Roosi t\u00e4navale igas tunnis 50 jalutajat, v\u00e4hem kui \u00fche inimese minutis. Kui t\u00e4naval liigub iga 100-150 meetri tagant \u00fcks inimene, siis ei saa seda kuidagi nimetada rahvarohkuseks, see ei ole piisav hulk t\u00e4nava turvalisuse suurendamiseks, samuti ei ava selline liiklusvoog v\u00e4himaidki uusi v\u00f5imalusi kohalikule v\u00e4ikeettev\u00f5tlusele. Aga just viimast oleks t\u00e4nava mitmek\u00fclgsuse suurendamiseks vaja. Pealegi, kui vaadata teekonda s\u00fcdalinnast muuseumini turisti pilguga, siis juhul, kui plaanil pole raja \u00e4\u00e4rde m\u00e4rgitud rohkesti jootmispunkte, nagu spordimeeste keeles \u00f6eldakse, siis v\u00f5ib rada h\u00f5lpsasti \u00fcldse l\u00e4bimata j\u00e4\u00e4da. 1,7 km ainult eraelamuid vahtida ilma, et saaks vahepeal kuskil kohvikus end maha toetada, on keskmisele (v\u00e4lis)turistile selgelt liig.<\/p>\n<p>K\u00f5ik eel\u00f6eldu pole \u00f6eldud ei praeguse eskiisprojekti mahategemiseks ega ka kriitikana asumi aktiivsemate elanike kohati ehk vastakatele soovidele. N\u00e4iteks v\u00f5ib oletada, et v\u00e4ikelaste vanemad on hetkel v\u00e4gagi huvitatud kodul\u00e4hedasest lasteaiast, samas m\u00e4rgiti ka avalikul arutelul, et lasteaia olemasolu (ametlikult Kivi t\u00e4nava aadressiga) t\u00f5stab tipptundidel m\u00e4rgatavalt liikluskoormust. Projektis v\u00e4idetakse, et see ulatub tipptunnil 100 autoni tunnis. Tegu on probleemiga, mida elanikud ise ei saa lahendada, sest lasteiaiakohtade jagamise ja nimekirja pidamise kaudu juhib seda liigset liikluskoormust linnavalitsus.<\/p>\n<p>Vaadakem arve. \u00dclej\u00f5e linnaosas tervikuna on 7880 elanikku. Kui arvestada Tartu keskmise elanike vanuselise jaotuse j\u00e4rgi, siis v\u00f5iks seal olla ca 350 lasteaiaealist last (4 aastak\u00e4iku). Kivi tn lasteaias Kivike on 265 kohta, aga linnaosas on veel ka teine lasteaed, valdavalt venekeelne Annike (Anne 9) ca 220 kohaga. Arvestades, et lasteaias k\u00e4ib 80% k\u00f5igist Tartu vastava ear\u00fchma lastest, v\u00f5ib \u00f6elda, et piirkonna laste jaoks on lasteaiakohti piisavalt ja kui need ja ainult need oma kohalikus lasteaias k\u00e4iksidki, siis liikluskoormuse tipphetki lasteaed ei p\u00f5hjustaks. Et liikluskoormus lasteaia juures on suur, v\u00f5ib viidata kahele: esiteks ja ebat\u00f5en\u00e4olisena, et ka l\u00e4hi\u00fcmbruse vanemad veavad lapsi lasteaeda ja tagasi ainult t\u00f6\u00f6teel ja autodega ning p\u00f5hjustavad koormuse ise. Teine ja t\u00f5en\u00e4olisem on, et selle koormuse tekitavad kaugemalt tulijad, nagu Roosi t\u00e4nava lapsevanematest nii m\u00f5nigi viib lapse lasteaeda teisele poole j\u00f5ge.<\/p>\n<p>Liikluskoormus on ka ainus elu, mida lasteaed piirkonnale lisab, mist\u00f5ttu v\u00f5ib seada k\u00fcsim\u00e4rgi alla, kas ikka iga avalik ruum ja teenus annab asumielule lisav\u00e4\u00e4rtust. Arvestades, et lasteaialapsi v\u00f5ib olla umbes 6% leibkondadest on \u00fchel kaalul v\u00e4ikese grupi (ajutine, sest v\u00e4ikelastega eluperiood ei kesta lapsevanematel ju pikalt) vajadus laste hoiukoha j\u00e4rele ja massiivse enamuse huvi v\u00e4iksema liiklusega t\u00e4nava vastu. Kumba eelistada? Sedasorti k\u00fcsimusi ei lahendata m\u00f5istagi nigulap\u00e4evaste rusikav\u00f5itlustega, vaid planeeringutega.<\/p>\n<p>Praegu lahendab linn aga \u00fche t\u00e4nava aluse kommunikatsioonitrassidega varustamist ning liikluskorralduse uuendamist suuremat pilti silmas pidamata. Selles pole midagi halba. T\u00e4nava v\u00f5ib pakutud kujul (kui j\u00e4tta k\u00f5rval see Roosi t\u00e4nava muuseumi-poolsesse otsa kavandatud ja okastraadiga dekoreeritav veider abitee) vabalt sillutada ja kultuuristada. Ainult et seejuures pole m\u00f5tet ebaproportsionaalset k\u00e4ra teha. V\u00e4ikesed asjad ei ole samal ajal suured.<\/p>\n<p>M\u00f5ttetalgul j\u00e4i mu k\u00f5rva kriipima linna esindajate viide, justkui t\u00e4hendaks Roosi t\u00e4nava rekonstrueerimine linnale rahaliselt mitme aasta pikkust pingutust, mille t\u00f5ttu tuleb edasi l\u00fckata k\u00f5ik muu. Vabandust, h\u00e4rrased! Tartu t\u00e4navate kogupikkus on rohkem kui 320 kilomeetrit ja kui kahe kilomeetri rekonstrueerimine s\u00f6\u00f6b kolme aasta eelarve, siis j\u00e4relikult v\u00f5ib iga linlane oma kodut\u00e4nava rekonstrueerimist\/kaasajastamist oodata keskmiselt korra iga 480 aasta tagant. Julgustav perspektiiv, kas pole?!<\/p>\n<p><a href=\"http:\/\/www.tartu.ee\/data\/Roosi_tn_eskiisprojekt0.pdf\" target=\"_blank\">Roosi t\u00e4nava eskiisprojekt<\/a><\/p>\n<p><em>PS Kirjutatu ei pretendeeri sugugi l\u00f5plikule t\u00f5ele, vaid on ainult \u00fcks k\u00f5rvalseisja sissevaade teemasse ja p\u00fc\u00fcab m\u00f5ne n\u00e4ite varal osutada, milline ja mida h\u00f5lmav avalik arutelu v\u00f5iks olla, kui soovida, et see viiks parima l\u00f5pptulemuseni. Mul on hea meel, kui minu kahtlused veenvalt \u00fcmber l\u00fckatakse.<\/em><\/p>\n<div class=\"fcbkbttn_buttons_block\" id=\"fcbkbttn_left\"><div class=\"fcbkbttn_like \"><fb:like href=\"https:\/\/blog.erm.ee\/?p=4713\" action=\"like\" colorscheme=\"light\" layout=\"standard\"  width=\"225px\" size=\"small\"><\/fb:like><\/div><div class=\"fb-share-button  \" data-href=\"https:\/\/blog.erm.ee\/?p=4713\" data-type=\"button\" data-size=\"small\"><\/div><\/div>","protected":false},"excerpt":{"rendered":"<p>Kaarel Tarand, avalike ja v\u00e4lissuhete juht Laup\u00e4eval, 3. mail \u00fcritati \u00fclemaalise talgup\u00e4eva \u00fche elemendina laulupeomuuseumis m\u00f5tiskleda \u00dclej\u00f5e linnaosa ning kitsamalt Roosi t\u00e4nava tuleviku \u00fcle. Kui sisukaks kujunes konkreetne arutelu ja kas korraldajad ka oma seatud eesm\u00e4rgi saavutasid, pole siinkohal isegi oluline. V\u00e4ga pehmek\u00e4eliselt dirigeeritud \u00fcritused kipuvad tihti laiali valguma ja seda eriti juhul, kui k\u00f5igile&hellip;<\/p>\n","protected":false},"author":1,"featured_media":4716,"comment_status":"open","ping_status":"open","sticky":false,"template":"","format":"standard","meta":{"_monsterinsights_skip_tracking":false,"_monsterinsights_sitenote_active":false,"_monsterinsights_sitenote_note":"","_monsterinsights_sitenote_category":0,"jetpack_post_was_ever_published":false,"_jetpack_newsletter_access":"","_jetpack_dont_email_post_to_subs":false,"_jetpack_newsletter_tier_id":0,"_jetpack_memberships_contains_paywalled_content":false,"_jetpack_memberships_contains_paid_content":false,"footnotes":""},"categories":[20],"tags":[],"class_list":["post-4713","post","type-post","status-publish","format-standard","has-post-thumbnail","hentry","category-muuseumimotted"],"yoast_head":"<!-- This site is optimized with the Yoast SEO plugin v27.5 - https:\/\/yoast.com\/product\/yoast-seo-wordpress\/ -->\n<title>Roosi t\u00e4nava roosilisest tulevikust. \u00dche arutelu hakatus - Eesti Rahva Muuseumi ajaveeb<\/title>\n<meta name=\"robots\" content=\"index, follow, max-snippet:-1, max-image-preview:large, max-video-preview:-1\" \/>\n<link rel=\"canonical\" href=\"https:\/\/blog.erm.ee\/?p=4713\" \/>\n<meta property=\"og:locale\" content=\"et_EE\" \/>\n<meta property=\"og:type\" content=\"article\" \/>\n<meta property=\"og:title\" content=\"Roosi t\u00e4nava roosilisest tulevikust. \u00dche arutelu hakatus - Eesti Rahva Muuseumi ajaveeb\" \/>\n<meta property=\"og:description\" content=\"Kaarel Tarand, avalike ja v\u00e4lissuhete juht Laup\u00e4eval, 3. mail \u00fcritati \u00fclemaalise talgup\u00e4eva \u00fche elemendina laulupeomuuseumis m\u00f5tiskleda \u00dclej\u00f5e linnaosa ning kitsamalt Roosi t\u00e4nava tuleviku \u00fcle. Kui sisukaks kujunes konkreetne arutelu ja kas korraldajad ka oma seatud eesm\u00e4rgi saavutasid, pole siinkohal isegi oluline. V\u00e4ga pehmek\u00e4eliselt dirigeeritud \u00fcritused kipuvad tihti laiali valguma ja seda eriti juhul, kui k\u00f5igile&hellip;\" \/>\n<meta property=\"og:url\" content=\"https:\/\/blog.erm.ee\/?p=4713\" \/>\n<meta property=\"og:site_name\" content=\"Eesti Rahva Muuseumi ajaveeb\" \/>\n<meta property=\"article:published_time\" content=\"2014-05-06T07:52:14+00:00\" \/>\n<meta property=\"article:modified_time\" content=\"2014-05-06T11:50:10+00:00\" \/>\n<meta property=\"og:image\" content=\"https:\/\/blog.erm.ee\/wp-content\/uploads\/2014\/05\/ak0397.jpg\" \/>\n\t<meta property=\"og:image:width\" content=\"801\" \/>\n\t<meta property=\"og:image:height\" content=\"1200\" \/>\n\t<meta property=\"og:image:type\" content=\"image\/jpeg\" \/>\n<meta name=\"author\" content=\"Eesti Rahva Muuseum\" \/>\n<meta name=\"twitter:card\" content=\"summary_large_image\" \/>\n<meta name=\"twitter:label1\" content=\"Written by\" \/>\n\t<meta name=\"twitter:data1\" content=\"Eesti Rahva Muuseum\" \/>\n\t<meta name=\"twitter:label2\" content=\"Est. reading time\" \/>\n\t<meta name=\"twitter:data2\" content=\"8 minutit\" \/>\n<script type=\"application\/ld+json\" class=\"yoast-schema-graph\">{\"@context\":\"https:\\\/\\\/schema.org\",\"@graph\":[{\"@type\":\"Article\",\"@id\":\"https:\\\/\\\/blog.erm.ee\\\/?p=4713#article\",\"isPartOf\":{\"@id\":\"https:\\\/\\\/blog.erm.ee\\\/?p=4713\"},\"author\":{\"name\":\"Eesti Rahva Muuseum\",\"@id\":\"https:\\\/\\\/blog.erm.ee\\\/#\\\/schema\\\/person\\\/6e98c391cb00a33e7c22a3571e062114\"},\"headline\":\"Roosi t\u00e4nava roosilisest tulevikust. \u00dche arutelu hakatus\",\"datePublished\":\"2014-05-06T07:52:14+00:00\",\"dateModified\":\"2014-05-06T11:50:10+00:00\",\"mainEntityOfPage\":{\"@id\":\"https:\\\/\\\/blog.erm.ee\\\/?p=4713\"},\"wordCount\":1586,\"commentCount\":1,\"image\":{\"@id\":\"https:\\\/\\\/blog.erm.ee\\\/?p=4713#primaryimage\"},\"thumbnailUrl\":\"https:\\\/\\\/blog.erm.ee\\\/wp-content\\\/uploads\\\/2014\\\/05\\\/ak0397.jpg\",\"articleSection\":[\"Muuseumim\u00f5tted\"],\"inLanguage\":\"et\",\"potentialAction\":[{\"@type\":\"CommentAction\",\"name\":\"Comment\",\"target\":[\"https:\\\/\\\/blog.erm.ee\\\/?p=4713#respond\"]}]},{\"@type\":\"WebPage\",\"@id\":\"https:\\\/\\\/blog.erm.ee\\\/?p=4713\",\"url\":\"https:\\\/\\\/blog.erm.ee\\\/?p=4713\",\"name\":\"Roosi t\u00e4nava roosilisest tulevikust. \u00dche arutelu hakatus - Eesti Rahva Muuseumi ajaveeb\",\"isPartOf\":{\"@id\":\"https:\\\/\\\/blog.erm.ee\\\/#website\"},\"primaryImageOfPage\":{\"@id\":\"https:\\\/\\\/blog.erm.ee\\\/?p=4713#primaryimage\"},\"image\":{\"@id\":\"https:\\\/\\\/blog.erm.ee\\\/?p=4713#primaryimage\"},\"thumbnailUrl\":\"https:\\\/\\\/blog.erm.ee\\\/wp-content\\\/uploads\\\/2014\\\/05\\\/ak0397.jpg\",\"datePublished\":\"2014-05-06T07:52:14+00:00\",\"dateModified\":\"2014-05-06T11:50:10+00:00\",\"author\":{\"@id\":\"https:\\\/\\\/blog.erm.ee\\\/#\\\/schema\\\/person\\\/6e98c391cb00a33e7c22a3571e062114\"},\"breadcrumb\":{\"@id\":\"https:\\\/\\\/blog.erm.ee\\\/?p=4713#breadcrumb\"},\"inLanguage\":\"et\",\"potentialAction\":[{\"@type\":\"ReadAction\",\"target\":[\"https:\\\/\\\/blog.erm.ee\\\/?p=4713\"]}]},{\"@type\":\"ImageObject\",\"inLanguage\":\"et\",\"@id\":\"https:\\\/\\\/blog.erm.ee\\\/?p=4713#primaryimage\",\"url\":\"https:\\\/\\\/blog.erm.ee\\\/wp-content\\\/uploads\\\/2014\\\/05\\\/ak0397.jpg\",\"contentUrl\":\"https:\\\/\\\/blog.erm.ee\\\/wp-content\\\/uploads\\\/2014\\\/05\\\/ak0397.jpg\",\"width\":801,\"height\":1200},{\"@type\":\"BreadcrumbList\",\"@id\":\"https:\\\/\\\/blog.erm.ee\\\/?p=4713#breadcrumb\",\"itemListElement\":[{\"@type\":\"ListItem\",\"position\":1,\"name\":\"Home\",\"item\":\"https:\\\/\\\/blog.erm.ee\\\/\"},{\"@type\":\"ListItem\",\"position\":2,\"name\":\"Roosi t\u00e4nava roosilisest tulevikust. \u00dche arutelu hakatus\"}]},{\"@type\":\"WebSite\",\"@id\":\"https:\\\/\\\/blog.erm.ee\\\/#website\",\"url\":\"https:\\\/\\\/blog.erm.ee\\\/\",\"name\":\"Eesti Rahva Muuseumi ajaveeb\",\"description\":\"\",\"potentialAction\":[{\"@type\":\"SearchAction\",\"target\":{\"@type\":\"EntryPoint\",\"urlTemplate\":\"https:\\\/\\\/blog.erm.ee\\\/?s={search_term_string}\"},\"query-input\":{\"@type\":\"PropertyValueSpecification\",\"valueRequired\":true,\"valueName\":\"search_term_string\"}}],\"inLanguage\":\"et\"},{\"@type\":\"Person\",\"@id\":\"https:\\\/\\\/blog.erm.ee\\\/#\\\/schema\\\/person\\\/6e98c391cb00a33e7c22a3571e062114\",\"name\":\"Eesti Rahva Muuseum\",\"image\":{\"@type\":\"ImageObject\",\"inLanguage\":\"et\",\"@id\":\"https:\\\/\\\/secure.gravatar.com\\\/avatar\\\/cb6d9ad5fb49f3f7315028ce5fe60641075f2cb52b8a058ff5a985fa2d8c1da0?s=96&d=mm&r=g\",\"url\":\"https:\\\/\\\/secure.gravatar.com\\\/avatar\\\/cb6d9ad5fb49f3f7315028ce5fe60641075f2cb52b8a058ff5a985fa2d8c1da0?s=96&d=mm&r=g\",\"contentUrl\":\"https:\\\/\\\/secure.gravatar.com\\\/avatar\\\/cb6d9ad5fb49f3f7315028ce5fe60641075f2cb52b8a058ff5a985fa2d8c1da0?s=96&d=mm&r=g\",\"caption\":\"Eesti Rahva Muuseum\"},\"sameAs\":[\"http:\\\/\\\/www.erm.ee\"],\"url\":\"https:\\\/\\\/blog.erm.ee\\\/?author=1\"}]}<\/script>\n<!-- \/ Yoast SEO plugin. -->","yoast_head_json":{"title":"Roosi t\u00e4nava roosilisest tulevikust. \u00dche arutelu hakatus - Eesti Rahva Muuseumi ajaveeb","robots":{"index":"index","follow":"follow","max-snippet":"max-snippet:-1","max-image-preview":"max-image-preview:large","max-video-preview":"max-video-preview:-1"},"canonical":"https:\/\/blog.erm.ee\/?p=4713","og_locale":"et_EE","og_type":"article","og_title":"Roosi t\u00e4nava roosilisest tulevikust. \u00dche arutelu hakatus - Eesti Rahva Muuseumi ajaveeb","og_description":"Kaarel Tarand, avalike ja v\u00e4lissuhete juht Laup\u00e4eval, 3. mail \u00fcritati \u00fclemaalise talgup\u00e4eva \u00fche elemendina laulupeomuuseumis m\u00f5tiskleda \u00dclej\u00f5e linnaosa ning kitsamalt Roosi t\u00e4nava tuleviku \u00fcle. Kui sisukaks kujunes konkreetne arutelu ja kas korraldajad ka oma seatud eesm\u00e4rgi saavutasid, pole siinkohal isegi oluline. V\u00e4ga pehmek\u00e4eliselt dirigeeritud \u00fcritused kipuvad tihti laiali valguma ja seda eriti juhul, kui k\u00f5igile&hellip;","og_url":"https:\/\/blog.erm.ee\/?p=4713","og_site_name":"Eesti Rahva Muuseumi ajaveeb","article_published_time":"2014-05-06T07:52:14+00:00","article_modified_time":"2014-05-06T11:50:10+00:00","og_image":[{"width":801,"height":1200,"url":"https:\/\/blog.erm.ee\/wp-content\/uploads\/2014\/05\/ak0397.jpg","type":"image\/jpeg"}],"author":"Eesti Rahva Muuseum","twitter_card":"summary_large_image","twitter_misc":{"Written by":"Eesti Rahva Muuseum","Est. reading time":"8 minutit"},"schema":{"@context":"https:\/\/schema.org","@graph":[{"@type":"Article","@id":"https:\/\/blog.erm.ee\/?p=4713#article","isPartOf":{"@id":"https:\/\/blog.erm.ee\/?p=4713"},"author":{"name":"Eesti Rahva Muuseum","@id":"https:\/\/blog.erm.ee\/#\/schema\/person\/6e98c391cb00a33e7c22a3571e062114"},"headline":"Roosi t\u00e4nava roosilisest tulevikust. \u00dche arutelu hakatus","datePublished":"2014-05-06T07:52:14+00:00","dateModified":"2014-05-06T11:50:10+00:00","mainEntityOfPage":{"@id":"https:\/\/blog.erm.ee\/?p=4713"},"wordCount":1586,"commentCount":1,"image":{"@id":"https:\/\/blog.erm.ee\/?p=4713#primaryimage"},"thumbnailUrl":"https:\/\/blog.erm.ee\/wp-content\/uploads\/2014\/05\/ak0397.jpg","articleSection":["Muuseumim\u00f5tted"],"inLanguage":"et","potentialAction":[{"@type":"CommentAction","name":"Comment","target":["https:\/\/blog.erm.ee\/?p=4713#respond"]}]},{"@type":"WebPage","@id":"https:\/\/blog.erm.ee\/?p=4713","url":"https:\/\/blog.erm.ee\/?p=4713","name":"Roosi t\u00e4nava roosilisest tulevikust. \u00dche arutelu hakatus - Eesti Rahva Muuseumi ajaveeb","isPartOf":{"@id":"https:\/\/blog.erm.ee\/#website"},"primaryImageOfPage":{"@id":"https:\/\/blog.erm.ee\/?p=4713#primaryimage"},"image":{"@id":"https:\/\/blog.erm.ee\/?p=4713#primaryimage"},"thumbnailUrl":"https:\/\/blog.erm.ee\/wp-content\/uploads\/2014\/05\/ak0397.jpg","datePublished":"2014-05-06T07:52:14+00:00","dateModified":"2014-05-06T11:50:10+00:00","author":{"@id":"https:\/\/blog.erm.ee\/#\/schema\/person\/6e98c391cb00a33e7c22a3571e062114"},"breadcrumb":{"@id":"https:\/\/blog.erm.ee\/?p=4713#breadcrumb"},"inLanguage":"et","potentialAction":[{"@type":"ReadAction","target":["https:\/\/blog.erm.ee\/?p=4713"]}]},{"@type":"ImageObject","inLanguage":"et","@id":"https:\/\/blog.erm.ee\/?p=4713#primaryimage","url":"https:\/\/blog.erm.ee\/wp-content\/uploads\/2014\/05\/ak0397.jpg","contentUrl":"https:\/\/blog.erm.ee\/wp-content\/uploads\/2014\/05\/ak0397.jpg","width":801,"height":1200},{"@type":"BreadcrumbList","@id":"https:\/\/blog.erm.ee\/?p=4713#breadcrumb","itemListElement":[{"@type":"ListItem","position":1,"name":"Home","item":"https:\/\/blog.erm.ee\/"},{"@type":"ListItem","position":2,"name":"Roosi t\u00e4nava roosilisest tulevikust. \u00dche arutelu hakatus"}]},{"@type":"WebSite","@id":"https:\/\/blog.erm.ee\/#website","url":"https:\/\/blog.erm.ee\/","name":"Eesti Rahva Muuseumi ajaveeb","description":"","potentialAction":[{"@type":"SearchAction","target":{"@type":"EntryPoint","urlTemplate":"https:\/\/blog.erm.ee\/?s={search_term_string}"},"query-input":{"@type":"PropertyValueSpecification","valueRequired":true,"valueName":"search_term_string"}}],"inLanguage":"et"},{"@type":"Person","@id":"https:\/\/blog.erm.ee\/#\/schema\/person\/6e98c391cb00a33e7c22a3571e062114","name":"Eesti Rahva Muuseum","image":{"@type":"ImageObject","inLanguage":"et","@id":"https:\/\/secure.gravatar.com\/avatar\/cb6d9ad5fb49f3f7315028ce5fe60641075f2cb52b8a058ff5a985fa2d8c1da0?s=96&d=mm&r=g","url":"https:\/\/secure.gravatar.com\/avatar\/cb6d9ad5fb49f3f7315028ce5fe60641075f2cb52b8a058ff5a985fa2d8c1da0?s=96&d=mm&r=g","contentUrl":"https:\/\/secure.gravatar.com\/avatar\/cb6d9ad5fb49f3f7315028ce5fe60641075f2cb52b8a058ff5a985fa2d8c1da0?s=96&d=mm&r=g","caption":"Eesti Rahva Muuseum"},"sameAs":["http:\/\/www.erm.ee"],"url":"https:\/\/blog.erm.ee\/?author=1"}]}},"jetpack_featured_media_url":"https:\/\/blog.erm.ee\/wp-content\/uploads\/2014\/05\/ak0397.jpg","jetpack_shortlink":"https:\/\/wp.me\/p2l9Zd-1e1","jetpack_sharing_enabled":true,"jetpack_likes_enabled":true,"_links":{"self":[{"href":"https:\/\/blog.erm.ee\/index.php?rest_route=\/wp\/v2\/posts\/4713","targetHints":{"allow":["GET"]}}],"collection":[{"href":"https:\/\/blog.erm.ee\/index.php?rest_route=\/wp\/v2\/posts"}],"about":[{"href":"https:\/\/blog.erm.ee\/index.php?rest_route=\/wp\/v2\/types\/post"}],"author":[{"embeddable":true,"href":"https:\/\/blog.erm.ee\/index.php?rest_route=\/wp\/v2\/users\/1"}],"replies":[{"embeddable":true,"href":"https:\/\/blog.erm.ee\/index.php?rest_route=%2Fwp%2Fv2%2Fcomments&post=4713"}],"version-history":[{"count":8,"href":"https:\/\/blog.erm.ee\/index.php?rest_route=\/wp\/v2\/posts\/4713\/revisions"}],"predecessor-version":[{"id":4724,"href":"https:\/\/blog.erm.ee\/index.php?rest_route=\/wp\/v2\/posts\/4713\/revisions\/4724"}],"wp:featuredmedia":[{"embeddable":true,"href":"https:\/\/blog.erm.ee\/index.php?rest_route=\/wp\/v2\/media\/4716"}],"wp:attachment":[{"href":"https:\/\/blog.erm.ee\/index.php?rest_route=%2Fwp%2Fv2%2Fmedia&parent=4713"}],"wp:term":[{"taxonomy":"category","embeddable":true,"href":"https:\/\/blog.erm.ee\/index.php?rest_route=%2Fwp%2Fv2%2Fcategories&post=4713"},{"taxonomy":"post_tag","embeddable":true,"href":"https:\/\/blog.erm.ee\/index.php?rest_route=%2Fwp%2Fv2%2Ftags&post=4713"}],"curies":[{"name":"wp","href":"https:\/\/api.w.org\/{rel}","templated":true}]}}