{"id":457,"date":"2012-07-23T09:32:30","date_gmt":"2012-07-23T07:32:30","guid":{"rendered":"http:\/\/blog.erm.ee\/?p=457"},"modified":"2013-10-07T16:43:41","modified_gmt":"2013-10-07T14:43:41","slug":"muuseumide-kulastusmang","status":"publish","type":"post","link":"https:\/\/blog.erm.ee\/?p=457","title":{"rendered":"Augustis viivad k\u00f5ik kilomeetrid Raadile"},"content":{"rendered":"<div class=\"fcbkbttn_buttons_block\" id=\"fcbkbttn_left\"><div class=\"fcbkbttn_like \"><fb:like href=\"https:\/\/blog.erm.ee\/?p=457\" action=\"like\" colorscheme=\"light\" layout=\"standard\"  width=\"225px\" size=\"small\"><\/fb:like><\/div><div class=\"fb-share-button  \" data-href=\"https:\/\/blog.erm.ee\/?p=457\" data-type=\"button\" data-size=\"small\"><\/div><\/div><p style=\"text-align: justify;\"><em>Tekst: Aivi Ross, omakultuuride osakonna arenduskoordinaator<\/em><\/p>\n<p style=\"text-align: justify;\"><a href=\"https:\/\/blog.erm.ee\/wp-content\/uploads\/2012\/07\/suvem\u00e4ng.jpg\"><img loading=\"lazy\" decoding=\"async\" data-attachment-id=\"456\" data-permalink=\"https:\/\/blog.erm.ee\/?attachment_id=456#main\" data-orig-file=\"https:\/\/blog.erm.ee\/wp-content\/uploads\/2012\/07\/suvem\u00e4ng.jpg\" data-orig-size=\"496,699\" data-comments-opened=\"1\" data-image-meta=\"{&quot;aperture&quot;:&quot;0&quot;,&quot;credit&quot;:&quot;&quot;,&quot;camera&quot;:&quot;&quot;,&quot;caption&quot;:&quot;&quot;,&quot;created_timestamp&quot;:&quot;0&quot;,&quot;copyright&quot;:&quot;&quot;,&quot;focal_length&quot;:&quot;0&quot;,&quot;iso&quot;:&quot;0&quot;,&quot;shutter_speed&quot;:&quot;0&quot;,&quot;title&quot;:&quot;&quot;}\" data-image-title=\"suvem\u00e4ng\" data-image-description=\"\" data-image-caption=\"\" data-large-file=\"https:\/\/blog.erm.ee\/wp-content\/uploads\/2012\/07\/suvem\u00e4ng.jpg\" class=\"alignnone size-full wp-image-456\" title=\"suvem\u00e4ng\" alt=\"\" src=\"https:\/\/blog.erm.ee\/wp-content\/uploads\/2012\/07\/suvem\u00e4ng.jpg\" width=\"496\" height=\"699\" srcset=\"https:\/\/blog.erm.ee\/wp-content\/uploads\/2012\/07\/suvem\u00e4ng.jpg 496w, https:\/\/blog.erm.ee\/wp-content\/uploads\/2012\/07\/suvem\u00e4ng-184x260.jpg 184w, https:\/\/blog.erm.ee\/wp-content\/uploads\/2012\/07\/suvem\u00e4ng-212x300.jpg 212w\" sizes=\"auto, (max-width: 496px) 100vw, 496px\" \/><\/a><\/p>\n<p style=\"text-align: justify;\">Justnimelt. M\u00e4ng, mis 20. juulil vallutas kogu Eesti, p\u00e4\u00e4dib 6. augustil sellega, et k\u00f5ik<br \/>\nosalevad muuseumid loosivad v\u00f5istlejate vahel v\u00e4lja suveetenduse \u201eOpus Geographicumi<br \/>\nehk naised vallutavad maailma\u201c pileti kahele Raadil. See t\u00e4hendab, et v\u00f5iduv\u00f5imalus on<br \/>\nhiigelsuur v\u00f5rreldes m\u00f5ne viikingite jackpot\u2019iga. Niisiis v\u00f5ib sumedatel augusti\u00f5htutel just<br \/>\nRaadil saada kokku nii m\u00f5nigi \u00f5nnelik paar.<\/p>\n<p>Aiman, et ps\u00fchholoogiline kilomeeter m\u00e4lu ja muuseumi vahel k\u00f5dub neil Tartu Uue<br \/>\nteatri etendustel m\u00f5neski peas niisama l\u00fchikeseks, nagu teekond Nargenile v\u00f5i salap\u00e4rasele Tuulemaale, kus alles m\u00f5ne p\u00e4eva eest elustusid 1800 k\u00fclastaja silme ees Lenin (\u00fcleni punases) ja Rasputin (sini-must-valges).<\/p>\n<p>\u201eKuid mis v\u00e4rvi on tunded Raadi v\u00e4ljadel ja kuidas sinna \u00fcldse p\u00e4\u00e4seb\u201c, \u00f5hkavad pisut<br \/>\nv\u00e4sinud keskealised pereisad oma raadiote ja televiisorite taga&#8230;<\/p>\n<p>T\u00f5epoolest, moodne Nipernaadi v\u00e4ntaks Raadile m\u00f6\u00f6da Roosi t\u00e4navat, mis t\u00f5useb kahe<br \/>\ntudengite \u00fchika vahelt \u00fcles nagu turvaline kergliiklustee. Roosi kilomeeter, kui romantiline.<br \/>\nKui pikk on jalgratturi kilomeeter, polegi vist oluline. Eriti m\u00f5\u00f5detud jalaj\u00e4ljega Nipernaadi<br \/>\nl\u00e4heks sama teed, aga jala. Kohale j\u00f5udes n\u00e4itaks sammulugeja tema v\u00f6\u00f6l nii umbes 1600 meetrit.<\/p>\n<p>Linnutee kilomeeter on m\u00f5nev\u00f5rra pikem, tervelt 1909 meetrit, kui lennata kaarsilla<br \/>\njuurest ERM-i uue maja h\u00fcpoteetilise nurgakivi juurde: vana hea tuttav number, muuseumi<br \/>\ns\u00fcnniaasta.<\/p>\n<p>Kolmas kilomeeter, mis viib Tartu Linnamuuseumi eest Raadi m\u00f5isa v\u00e4ravani, on muidugi<br \/>\nps\u00fchholoogiliselt k\u00f5ige l\u00fchem \u2013 autoga m\u00f5ned minutid.<\/p>\n<p>Kes ei usu, et meie kultuurikilomeetrid nii l\u00fchikesed on, peab oma kahtlused katse-eksituse meetodil ise \u00fcmber l\u00fckkama. Keegi teine meid isiklikust laisklev-igavlevast mugavustsoonist v\u00e4lja, ritsikatest toetatud augusti\u00f6\u00f6de suvel\u00f5puromantikasse niikuinii ei pagenda.<\/p>\n<p>Miks mitte alustada ps\u00fchholoogiliste ja p\u00e4ris-kilomeetrite \u00fcletamist muuseumide<br \/>\nk\u00fclastusm\u00e4nguga \u2013 veel j\u00f5uab! M\u00e4ngus osalemiseks prindi v\u00f5i k\u00fcsi muuseumist seesama<br \/>\nflaier. Loosi l\u00e4heb kahe templiga flaieri osa, millel v\u00f5istleja nimi ja telefoninumber. Lihtne!<\/p>\n<p style=\"text-align: justify;\">Loe muuseumide suvem\u00e4ngust l\u00e4hemalt: <a href=\"http:\/\/www.erm.ee\/et\/Osale\/muuseumimang\">http:\/\/www.erm.ee\/et\/Osale\/muuseumimang <\/a><\/p>\n<p><iframe loading=\"lazy\" src=\"http:\/\/www.youtube.com\/embed\/JdbduIWoUtg\" height=\"315\" width=\"560\" frameborder=\"0\"><\/iframe><\/p>\n<div class=\"fcbkbttn_buttons_block\" id=\"fcbkbttn_left\"><div class=\"fcbkbttn_like \"><fb:like href=\"https:\/\/blog.erm.ee\/?p=457\" action=\"like\" colorscheme=\"light\" layout=\"standard\"  width=\"225px\" size=\"small\"><\/fb:like><\/div><div class=\"fb-share-button  \" data-href=\"https:\/\/blog.erm.ee\/?p=457\" data-type=\"button\" data-size=\"small\"><\/div><\/div>","protected":false},"excerpt":{"rendered":"<p>Tekst: Aivi Ross, omakultuuride osakonna arenduskoordinaator Justnimelt. M\u00e4ng, mis 20. juulil vallutas kogu Eesti, p\u00e4\u00e4dib 6. augustil sellega, et k\u00f5ik osalevad muuseumid loosivad v\u00f5istlejate vahel v\u00e4lja suveetenduse \u201eOpus Geographicumi ehk naised vallutavad maailma\u201c pileti kahele Raadil. See t\u00e4hendab, et v\u00f5iduv\u00f5imalus on hiigelsuur v\u00f5rreldes m\u00f5ne viikingite jackpot\u2019iga. Niisiis v\u00f5ib sumedatel augusti\u00f5htutel just Raadil saada kokku nii&hellip;<\/p>\n","protected":false},"author":1,"featured_media":456,"comment_status":"open","ping_status":"open","sticky":false,"template":"","format":"standard","meta":{"_monsterinsights_skip_tracking":false,"_monsterinsights_sitenote_active":false,"_monsterinsights_sitenote_note":"","_monsterinsights_sitenote_category":0,"jetpack_post_was_ever_published":false,"_jetpack_newsletter_access":"","_jetpack_dont_email_post_to_subs":false,"_jetpack_newsletter_tier_id":0,"_jetpack_memberships_contains_paywalled_content":false,"_jetpack_memberships_contains_paid_content":false,"footnotes":""},"categories":[19],"tags":[],"class_list":["post-457","post","type-post","status-publish","format-standard","has-post-thumbnail","hentry","category-sundmus"],"yoast_head":"<!-- This site is optimized with the Yoast SEO plugin v27.5 - https:\/\/yoast.com\/product\/yoast-seo-wordpress\/ -->\n<title>Augustis viivad k\u00f5ik kilomeetrid Raadile - Eesti Rahva Muuseumi ajaveeb<\/title>\n<meta name=\"robots\" content=\"index, follow, max-snippet:-1, max-image-preview:large, max-video-preview:-1\" \/>\n<link rel=\"canonical\" href=\"https:\/\/blog.erm.ee\/?p=457\" \/>\n<meta property=\"og:locale\" content=\"et_EE\" \/>\n<meta property=\"og:type\" content=\"article\" \/>\n<meta property=\"og:title\" content=\"Augustis viivad k\u00f5ik kilomeetrid Raadile - Eesti Rahva Muuseumi ajaveeb\" \/>\n<meta property=\"og:description\" content=\"Tekst: Aivi Ross, omakultuuride osakonna arenduskoordinaator Justnimelt. M\u00e4ng, mis 20. juulil vallutas kogu Eesti, p\u00e4\u00e4dib 6. augustil sellega, et k\u00f5ik osalevad muuseumid loosivad v\u00f5istlejate vahel v\u00e4lja suveetenduse \u201eOpus Geographicumi ehk naised vallutavad maailma\u201c pileti kahele Raadil. See t\u00e4hendab, et v\u00f5iduv\u00f5imalus on hiigelsuur v\u00f5rreldes m\u00f5ne viikingite jackpot\u2019iga. Niisiis v\u00f5ib sumedatel augusti\u00f5htutel just Raadil saada kokku nii&hellip;\" \/>\n<meta property=\"og:url\" content=\"https:\/\/blog.erm.ee\/?p=457\" \/>\n<meta property=\"og:site_name\" content=\"Eesti Rahva Muuseumi ajaveeb\" \/>\n<meta property=\"article:published_time\" content=\"2012-07-23T07:32:30+00:00\" \/>\n<meta property=\"article:modified_time\" content=\"2013-10-07T14:43:41+00:00\" \/>\n<meta property=\"og:image\" content=\"https:\/\/blog.erm.ee\/wp-content\/uploads\/2012\/07\/suvem\u00e4ng.jpg\" \/>\n\t<meta property=\"og:image:width\" content=\"496\" \/>\n\t<meta property=\"og:image:height\" content=\"699\" \/>\n\t<meta property=\"og:image:type\" content=\"image\/jpeg\" \/>\n<meta name=\"author\" content=\"Eesti Rahva Muuseum\" \/>\n<meta name=\"twitter:card\" content=\"summary_large_image\" \/>\n<meta name=\"twitter:label1\" content=\"Written by\" \/>\n\t<meta name=\"twitter:data1\" content=\"Eesti Rahva Muuseum\" \/>\n\t<meta name=\"twitter:label2\" content=\"Est. reading time\" \/>\n\t<meta name=\"twitter:data2\" content=\"2 minutit\" \/>\n<script type=\"application\/ld+json\" class=\"yoast-schema-graph\">{\"@context\":\"https:\\\/\\\/schema.org\",\"@graph\":[{\"@type\":\"Article\",\"@id\":\"https:\\\/\\\/blog.erm.ee\\\/?p=457#article\",\"isPartOf\":{\"@id\":\"https:\\\/\\\/blog.erm.ee\\\/?p=457\"},\"author\":{\"name\":\"Eesti Rahva Muuseum\",\"@id\":\"https:\\\/\\\/blog.erm.ee\\\/#\\\/schema\\\/person\\\/6e98c391cb00a33e7c22a3571e062114\"},\"headline\":\"Augustis viivad k\u00f5ik kilomeetrid Raadile\",\"datePublished\":\"2012-07-23T07:32:30+00:00\",\"dateModified\":\"2013-10-07T14:43:41+00:00\",\"mainEntityOfPage\":{\"@id\":\"https:\\\/\\\/blog.erm.ee\\\/?p=457\"},\"wordCount\":351,\"commentCount\":0,\"image\":{\"@id\":\"https:\\\/\\\/blog.erm.ee\\\/?p=457#primaryimage\"},\"thumbnailUrl\":\"https:\\\/\\\/blog.erm.ee\\\/wp-content\\\/uploads\\\/2012\\\/07\\\/suvem\u00e4ng.jpg\",\"articleSection\":[\"S\u00fcndmus\"],\"inLanguage\":\"et\",\"potentialAction\":[{\"@type\":\"CommentAction\",\"name\":\"Comment\",\"target\":[\"https:\\\/\\\/blog.erm.ee\\\/?p=457#respond\"]}]},{\"@type\":\"WebPage\",\"@id\":\"https:\\\/\\\/blog.erm.ee\\\/?p=457\",\"url\":\"https:\\\/\\\/blog.erm.ee\\\/?p=457\",\"name\":\"Augustis viivad k\u00f5ik kilomeetrid Raadile - Eesti Rahva Muuseumi ajaveeb\",\"isPartOf\":{\"@id\":\"https:\\\/\\\/blog.erm.ee\\\/#website\"},\"primaryImageOfPage\":{\"@id\":\"https:\\\/\\\/blog.erm.ee\\\/?p=457#primaryimage\"},\"image\":{\"@id\":\"https:\\\/\\\/blog.erm.ee\\\/?p=457#primaryimage\"},\"thumbnailUrl\":\"https:\\\/\\\/blog.erm.ee\\\/wp-content\\\/uploads\\\/2012\\\/07\\\/suvem\u00e4ng.jpg\",\"datePublished\":\"2012-07-23T07:32:30+00:00\",\"dateModified\":\"2013-10-07T14:43:41+00:00\",\"author\":{\"@id\":\"https:\\\/\\\/blog.erm.ee\\\/#\\\/schema\\\/person\\\/6e98c391cb00a33e7c22a3571e062114\"},\"breadcrumb\":{\"@id\":\"https:\\\/\\\/blog.erm.ee\\\/?p=457#breadcrumb\"},\"inLanguage\":\"et\",\"potentialAction\":[{\"@type\":\"ReadAction\",\"target\":[\"https:\\\/\\\/blog.erm.ee\\\/?p=457\"]}]},{\"@type\":\"ImageObject\",\"inLanguage\":\"et\",\"@id\":\"https:\\\/\\\/blog.erm.ee\\\/?p=457#primaryimage\",\"url\":\"https:\\\/\\\/blog.erm.ee\\\/wp-content\\\/uploads\\\/2012\\\/07\\\/suvem\u00e4ng.jpg\",\"contentUrl\":\"https:\\\/\\\/blog.erm.ee\\\/wp-content\\\/uploads\\\/2012\\\/07\\\/suvem\u00e4ng.jpg\",\"width\":496,\"height\":699},{\"@type\":\"BreadcrumbList\",\"@id\":\"https:\\\/\\\/blog.erm.ee\\\/?p=457#breadcrumb\",\"itemListElement\":[{\"@type\":\"ListItem\",\"position\":1,\"name\":\"Home\",\"item\":\"https:\\\/\\\/blog.erm.ee\\\/\"},{\"@type\":\"ListItem\",\"position\":2,\"name\":\"Augustis viivad k\u00f5ik kilomeetrid Raadile\"}]},{\"@type\":\"WebSite\",\"@id\":\"https:\\\/\\\/blog.erm.ee\\\/#website\",\"url\":\"https:\\\/\\\/blog.erm.ee\\\/\",\"name\":\"Eesti Rahva Muuseumi ajaveeb\",\"description\":\"\",\"potentialAction\":[{\"@type\":\"SearchAction\",\"target\":{\"@type\":\"EntryPoint\",\"urlTemplate\":\"https:\\\/\\\/blog.erm.ee\\\/?s={search_term_string}\"},\"query-input\":{\"@type\":\"PropertyValueSpecification\",\"valueRequired\":true,\"valueName\":\"search_term_string\"}}],\"inLanguage\":\"et\"},{\"@type\":\"Person\",\"@id\":\"https:\\\/\\\/blog.erm.ee\\\/#\\\/schema\\\/person\\\/6e98c391cb00a33e7c22a3571e062114\",\"name\":\"Eesti Rahva Muuseum\",\"image\":{\"@type\":\"ImageObject\",\"inLanguage\":\"et\",\"@id\":\"https:\\\/\\\/secure.gravatar.com\\\/avatar\\\/cb6d9ad5fb49f3f7315028ce5fe60641075f2cb52b8a058ff5a985fa2d8c1da0?s=96&d=mm&r=g\",\"url\":\"https:\\\/\\\/secure.gravatar.com\\\/avatar\\\/cb6d9ad5fb49f3f7315028ce5fe60641075f2cb52b8a058ff5a985fa2d8c1da0?s=96&d=mm&r=g\",\"contentUrl\":\"https:\\\/\\\/secure.gravatar.com\\\/avatar\\\/cb6d9ad5fb49f3f7315028ce5fe60641075f2cb52b8a058ff5a985fa2d8c1da0?s=96&d=mm&r=g\",\"caption\":\"Eesti Rahva Muuseum\"},\"sameAs\":[\"http:\\\/\\\/www.erm.ee\"],\"url\":\"https:\\\/\\\/blog.erm.ee\\\/?author=1\"}]}<\/script>\n<!-- \/ Yoast SEO plugin. -->","yoast_head_json":{"title":"Augustis viivad k\u00f5ik kilomeetrid Raadile - Eesti Rahva Muuseumi ajaveeb","robots":{"index":"index","follow":"follow","max-snippet":"max-snippet:-1","max-image-preview":"max-image-preview:large","max-video-preview":"max-video-preview:-1"},"canonical":"https:\/\/blog.erm.ee\/?p=457","og_locale":"et_EE","og_type":"article","og_title":"Augustis viivad k\u00f5ik kilomeetrid Raadile - Eesti Rahva Muuseumi ajaveeb","og_description":"Tekst: Aivi Ross, omakultuuride osakonna arenduskoordinaator Justnimelt. M\u00e4ng, mis 20. juulil vallutas kogu Eesti, p\u00e4\u00e4dib 6. augustil sellega, et k\u00f5ik osalevad muuseumid loosivad v\u00f5istlejate vahel v\u00e4lja suveetenduse \u201eOpus Geographicumi ehk naised vallutavad maailma\u201c pileti kahele Raadil. See t\u00e4hendab, et v\u00f5iduv\u00f5imalus on hiigelsuur v\u00f5rreldes m\u00f5ne viikingite jackpot\u2019iga. Niisiis v\u00f5ib sumedatel augusti\u00f5htutel just Raadil saada kokku nii&hellip;","og_url":"https:\/\/blog.erm.ee\/?p=457","og_site_name":"Eesti Rahva Muuseumi ajaveeb","article_published_time":"2012-07-23T07:32:30+00:00","article_modified_time":"2013-10-07T14:43:41+00:00","og_image":[{"width":496,"height":699,"url":"https:\/\/blog.erm.ee\/wp-content\/uploads\/2012\/07\/suvem\u00e4ng.jpg","type":"image\/jpeg"}],"author":"Eesti Rahva Muuseum","twitter_card":"summary_large_image","twitter_misc":{"Written by":"Eesti Rahva Muuseum","Est. reading time":"2 minutit"},"schema":{"@context":"https:\/\/schema.org","@graph":[{"@type":"Article","@id":"https:\/\/blog.erm.ee\/?p=457#article","isPartOf":{"@id":"https:\/\/blog.erm.ee\/?p=457"},"author":{"name":"Eesti Rahva Muuseum","@id":"https:\/\/blog.erm.ee\/#\/schema\/person\/6e98c391cb00a33e7c22a3571e062114"},"headline":"Augustis viivad k\u00f5ik kilomeetrid Raadile","datePublished":"2012-07-23T07:32:30+00:00","dateModified":"2013-10-07T14:43:41+00:00","mainEntityOfPage":{"@id":"https:\/\/blog.erm.ee\/?p=457"},"wordCount":351,"commentCount":0,"image":{"@id":"https:\/\/blog.erm.ee\/?p=457#primaryimage"},"thumbnailUrl":"https:\/\/blog.erm.ee\/wp-content\/uploads\/2012\/07\/suvem\u00e4ng.jpg","articleSection":["S\u00fcndmus"],"inLanguage":"et","potentialAction":[{"@type":"CommentAction","name":"Comment","target":["https:\/\/blog.erm.ee\/?p=457#respond"]}]},{"@type":"WebPage","@id":"https:\/\/blog.erm.ee\/?p=457","url":"https:\/\/blog.erm.ee\/?p=457","name":"Augustis viivad k\u00f5ik kilomeetrid Raadile - Eesti Rahva Muuseumi ajaveeb","isPartOf":{"@id":"https:\/\/blog.erm.ee\/#website"},"primaryImageOfPage":{"@id":"https:\/\/blog.erm.ee\/?p=457#primaryimage"},"image":{"@id":"https:\/\/blog.erm.ee\/?p=457#primaryimage"},"thumbnailUrl":"https:\/\/blog.erm.ee\/wp-content\/uploads\/2012\/07\/suvem\u00e4ng.jpg","datePublished":"2012-07-23T07:32:30+00:00","dateModified":"2013-10-07T14:43:41+00:00","author":{"@id":"https:\/\/blog.erm.ee\/#\/schema\/person\/6e98c391cb00a33e7c22a3571e062114"},"breadcrumb":{"@id":"https:\/\/blog.erm.ee\/?p=457#breadcrumb"},"inLanguage":"et","potentialAction":[{"@type":"ReadAction","target":["https:\/\/blog.erm.ee\/?p=457"]}]},{"@type":"ImageObject","inLanguage":"et","@id":"https:\/\/blog.erm.ee\/?p=457#primaryimage","url":"https:\/\/blog.erm.ee\/wp-content\/uploads\/2012\/07\/suvem\u00e4ng.jpg","contentUrl":"https:\/\/blog.erm.ee\/wp-content\/uploads\/2012\/07\/suvem\u00e4ng.jpg","width":496,"height":699},{"@type":"BreadcrumbList","@id":"https:\/\/blog.erm.ee\/?p=457#breadcrumb","itemListElement":[{"@type":"ListItem","position":1,"name":"Home","item":"https:\/\/blog.erm.ee\/"},{"@type":"ListItem","position":2,"name":"Augustis viivad k\u00f5ik kilomeetrid Raadile"}]},{"@type":"WebSite","@id":"https:\/\/blog.erm.ee\/#website","url":"https:\/\/blog.erm.ee\/","name":"Eesti Rahva Muuseumi ajaveeb","description":"","potentialAction":[{"@type":"SearchAction","target":{"@type":"EntryPoint","urlTemplate":"https:\/\/blog.erm.ee\/?s={search_term_string}"},"query-input":{"@type":"PropertyValueSpecification","valueRequired":true,"valueName":"search_term_string"}}],"inLanguage":"et"},{"@type":"Person","@id":"https:\/\/blog.erm.ee\/#\/schema\/person\/6e98c391cb00a33e7c22a3571e062114","name":"Eesti Rahva Muuseum","image":{"@type":"ImageObject","inLanguage":"et","@id":"https:\/\/secure.gravatar.com\/avatar\/cb6d9ad5fb49f3f7315028ce5fe60641075f2cb52b8a058ff5a985fa2d8c1da0?s=96&d=mm&r=g","url":"https:\/\/secure.gravatar.com\/avatar\/cb6d9ad5fb49f3f7315028ce5fe60641075f2cb52b8a058ff5a985fa2d8c1da0?s=96&d=mm&r=g","contentUrl":"https:\/\/secure.gravatar.com\/avatar\/cb6d9ad5fb49f3f7315028ce5fe60641075f2cb52b8a058ff5a985fa2d8c1da0?s=96&d=mm&r=g","caption":"Eesti Rahva Muuseum"},"sameAs":["http:\/\/www.erm.ee"],"url":"https:\/\/blog.erm.ee\/?author=1"}]}},"jetpack_featured_media_url":"https:\/\/blog.erm.ee\/wp-content\/uploads\/2012\/07\/suvem\u00e4ng.jpg","jetpack_shortlink":"https:\/\/wp.me\/p2l9Zd-7n","jetpack_sharing_enabled":true,"jetpack_likes_enabled":true,"_links":{"self":[{"href":"https:\/\/blog.erm.ee\/index.php?rest_route=\/wp\/v2\/posts\/457","targetHints":{"allow":["GET"]}}],"collection":[{"href":"https:\/\/blog.erm.ee\/index.php?rest_route=\/wp\/v2\/posts"}],"about":[{"href":"https:\/\/blog.erm.ee\/index.php?rest_route=\/wp\/v2\/types\/post"}],"author":[{"embeddable":true,"href":"https:\/\/blog.erm.ee\/index.php?rest_route=\/wp\/v2\/users\/1"}],"replies":[{"embeddable":true,"href":"https:\/\/blog.erm.ee\/index.php?rest_route=%2Fwp%2Fv2%2Fcomments&post=457"}],"version-history":[{"count":7,"href":"https:\/\/blog.erm.ee\/index.php?rest_route=\/wp\/v2\/posts\/457\/revisions"}],"predecessor-version":[{"id":2878,"href":"https:\/\/blog.erm.ee\/index.php?rest_route=\/wp\/v2\/posts\/457\/revisions\/2878"}],"wp:featuredmedia":[{"embeddable":true,"href":"https:\/\/blog.erm.ee\/index.php?rest_route=\/wp\/v2\/media\/456"}],"wp:attachment":[{"href":"https:\/\/blog.erm.ee\/index.php?rest_route=%2Fwp%2Fv2%2Fmedia&parent=457"}],"wp:term":[{"taxonomy":"category","embeddable":true,"href":"https:\/\/blog.erm.ee\/index.php?rest_route=%2Fwp%2Fv2%2Fcategories&post=457"},{"taxonomy":"post_tag","embeddable":true,"href":"https:\/\/blog.erm.ee\/index.php?rest_route=%2Fwp%2Fv2%2Ftags&post=457"}],"curies":[{"name":"wp","href":"https:\/\/api.w.org\/{rel}","templated":true}]}}