{"id":418,"date":"2012-07-03T09:11:31","date_gmt":"2012-07-03T07:11:31","guid":{"rendered":"http:\/\/blog.erm.ee\/?p=418"},"modified":"2013-10-07T17:02:14","modified_gmt":"2013-10-07T15:02:14","slug":"jalgpallimaastikest-muuseumis-ja-meie-umber","status":"publish","type":"post","link":"https:\/\/blog.erm.ee\/?p=418","title":{"rendered":"Jalgpallimaastikest muuseumis ja meie \u00fcmber"},"content":{"rendered":"<div class=\"fcbkbttn_buttons_block\" id=\"fcbkbttn_left\"><div class=\"fcbkbttn_like \"><fb:like href=\"https:\/\/blog.erm.ee\/?p=418\" action=\"like\" colorscheme=\"light\" layout=\"standard\"  width=\"225px\" size=\"small\"><\/fb:like><\/div><div class=\"fb-share-button  \" data-href=\"https:\/\/blog.erm.ee\/?p=418\" data-type=\"button\" data-size=\"small\"><\/div><\/div><p><em>Tekst: Siim Randoja, Eesti Spordimuuseumi arendusjuht<\/em><\/p>\n<p style=\"text-align: justify;\">Teleedetabelitele tuginedes v\u00f5ib olenevalt anal\u00fc\u00fcsija positsioonist muhedalt tunnistada v\u00f5i nukralt imestada, et selleaastane jaanikuu on m\u00f6\u00f6dunud \u00fcllatavalt suurele osale eestlastest jalgpallilainel. Kuu alguses aset leidnud Eesti koondise s\u00f5prusm\u00e4ngud ja siinsamas varasuvises Tartus aset leidnud Balti turniir olid soojendusetenduseks spordisuve esimesele suurs\u00fcndmusele \u2013 jalgpalli Euroopa meistriv\u00f5istlustele Poolas ja Ukrainas.<\/p>\n<p style=\"text-align: justify;\">Tundub isegi, et tasahilju on jalgpall j\u00f5udnud k\u00f5ikjale. M\u00e4ngust on haaratud ka teleriv\u00e4line maailm \u2013 muruv\u00e4ljakud ja rannaliivad aga ka spordihuviga inimeste kollektiivne teadvus, mist\u00f5ttu spordikaugele inimesele ootamatult on juunikuu m\u00f6\u00f6dunud jalgpalliteemaliste vestluste ja uudisportaalide jalgpallik\u00fclluse l\u00e4bival taustal. Nii, et m\u00f5nes m\u00f5ttes on jalgpall leidnud k\u00fcllaltki domineeriva koha nii meid \u00fcmbritsevas linna- kui ka m\u00f5tteruumis. V\u00e4hemalt m\u00f5neks ajaks.<\/p>\n<p style=\"text-align: justify;\">Tuleb tunnistada, et m\u00e4ngust ei ole puutumata j\u00e4\u00e4nud ka muuseumimaastik ning see on leidnud tee huvilisteni Eesti Spordimuuseumis jalgpalli EM-v\u00f5istluste finaalturniiri l\u00e4vepakul avatud rahvusvahelise foton\u00e4ituse \u201eFootball Landscapes \u2013 Jalgpallimaastikud\u201c vahendusel. N\u00e4itus v\u00f5imaldab jalgpalli- v\u00f5i fotograafiahuvilisel s\u00fcvenenult tunnetada, kuidas jalgpall suudab maailma eri paigus vormida inimkeskkonda ning m\u00f5jutada igap\u00e4evaelu. Jalgpallin\u00e4ituse avamisel viibinud autorite Harri Heinoneni (PhD) ja Mikko Auerniitty (MA) jalgpallialane koost\u00f6\u00f6 ulatub aastate taha ning n\u00e4itus Eesti Spordimuuseumis on selle loogiliseks j\u00e4tkuks.<\/p>\n<p style=\"text-align: justify;\"><a href=\"https:\/\/blog.erm.ee\/wp-content\/uploads\/2012\/07\/1.jpg\"><img loading=\"lazy\" decoding=\"async\" data-attachment-id=\"413\" data-permalink=\"https:\/\/blog.erm.ee\/?attachment_id=413#main\" data-orig-file=\"https:\/\/blog.erm.ee\/wp-content\/uploads\/2012\/07\/1.jpg\" data-orig-size=\"800,531\" data-comments-opened=\"1\" data-image-meta=\"{&quot;aperture&quot;:&quot;0&quot;,&quot;credit&quot;:&quot;&quot;,&quot;camera&quot;:&quot;&quot;,&quot;caption&quot;:&quot;&quot;,&quot;created_timestamp&quot;:&quot;0&quot;,&quot;copyright&quot;:&quot;&quot;,&quot;focal_length&quot;:&quot;0&quot;,&quot;iso&quot;:&quot;0&quot;,&quot;shutter_speed&quot;:&quot;0&quot;,&quot;title&quot;:&quot;&quot;}\" data-image-title=\"1\" data-image-description=\"\" data-image-caption=\"\" data-large-file=\"https:\/\/blog.erm.ee\/wp-content\/uploads\/2012\/07\/1.jpg\" class=\"alignnone size-full wp-image-413\" title=\"1\" alt=\"\" src=\"https:\/\/blog.erm.ee\/wp-content\/uploads\/2012\/07\/1.jpg\" width=\"800\" height=\"531\" srcset=\"https:\/\/blog.erm.ee\/wp-content\/uploads\/2012\/07\/1.jpg 800w, https:\/\/blog.erm.ee\/wp-content\/uploads\/2012\/07\/1-391x260.jpg 391w, https:\/\/blog.erm.ee\/wp-content\/uploads\/2012\/07\/1-300x199.jpg 300w\" sizes=\"auto, (max-width: 800px) 100vw, 800px\" \/><\/a><\/p>\n<p align=\"center\"><em>Mikko Auerniitty ja Harri Heinonen n\u00e4ituse avamisel Eesti Spordimuuseumis<\/em><\/p>\n<p style=\"text-align: justify;\">N\u00e4ituse teeb peamiselt huvitavaks asjaolu, et jalgpall ei ole piltidel kui traditsiooniline ja etteaimatav dominant vaid \u00fcldplaanil endast vaid \u00f5rnalt m\u00e4rku andev osa maastikulisest tervikust. Selles osas on autorid \u00f6elnud, et m\u00f5nes m\u00f5ttes on fotode puhul tegemist vastandiga jalgpalli tavap\u00e4rastele kujutamisviisidele, mis h\u00f5lmavad esinduspilte staadionitest, suurv\u00f5istlustest ja superstaaridest. Seda asendab igap\u00e4evaelu taotluslik objektiivsus ja edasiandmine nii urbanistlikus kui looduslikus ruumis, mis laiemalt toetab autorite poolt sobivaks peetud \u201dtagaaedade romantismi\u201d p\u00f5him\u00f5ttelist kujundit.<\/p>\n<p style=\"text-align: justify;\"><a href=\"https:\/\/blog.erm.ee\/wp-content\/uploads\/2012\/07\/2.jpg\"><img loading=\"lazy\" decoding=\"async\" data-attachment-id=\"414\" data-permalink=\"https:\/\/blog.erm.ee\/?attachment_id=414#main\" data-orig-file=\"https:\/\/blog.erm.ee\/wp-content\/uploads\/2012\/07\/2.jpg\" data-orig-size=\"640,480\" data-comments-opened=\"1\" data-image-meta=\"{&quot;aperture&quot;:&quot;0&quot;,&quot;credit&quot;:&quot;&quot;,&quot;camera&quot;:&quot;&quot;,&quot;caption&quot;:&quot;&quot;,&quot;created_timestamp&quot;:&quot;0&quot;,&quot;copyright&quot;:&quot;&quot;,&quot;focal_length&quot;:&quot;0&quot;,&quot;iso&quot;:&quot;0&quot;,&quot;shutter_speed&quot;:&quot;0&quot;,&quot;title&quot;:&quot;&quot;}\" data-image-title=\"2\" data-image-description=\"\" data-image-caption=\"\" data-large-file=\"https:\/\/blog.erm.ee\/wp-content\/uploads\/2012\/07\/2.jpg\" class=\"alignnone size-full wp-image-414\" title=\"2\" alt=\"\" src=\"https:\/\/blog.erm.ee\/wp-content\/uploads\/2012\/07\/2.jpg\" width=\"640\" height=\"480\" srcset=\"https:\/\/blog.erm.ee\/wp-content\/uploads\/2012\/07\/2.jpg 640w, https:\/\/blog.erm.ee\/wp-content\/uploads\/2012\/07\/2-346x260.jpg 346w, https:\/\/blog.erm.ee\/wp-content\/uploads\/2012\/07\/2-300x225.jpg 300w\" sizes=\"auto, (max-width: 640px) 100vw, 640px\" \/><\/a><\/p>\n<p align=\"center\"><em>Manchester, Suurbritannia 2010, Auerniitty\/Heinonen<\/em><\/p>\n<p style=\"text-align: justify;\" align=\"center\">N\u00e4itusega \u00fches v\u00f5tmes koostatud albumi eess\u00f5nas kirjutab Otso Kantokorpi, et Auerniitty ja Heinonen on suutnud mitmel puhul pildistada justkui ebat\u00fc\u00fcpilist maastikku, mis l\u00e4hemal vaatlusel osutub siiski t\u00e4iesti t\u00fc\u00fcpiliseks. N\u00e4iteks. kuidas kulunud muru ja h\u00e4gustuvad kriidijooned kiviseinal osutuvad paigale, kus noorukid konstrueerivad jalgpalli abil oma sotsiaalset maailma ning ajahambast puretud plakatid, kleepsud ja muu s\u00fcmboolika t\u00e4navapildis t\u00e4histavad omalaadse sotsiaalse maastiku piire.<\/p>\n<p style=\"text-align: justify;\" align=\"center\"><a href=\"https:\/\/blog.erm.ee\/wp-content\/uploads\/2012\/07\/3.jpg\"><img loading=\"lazy\" decoding=\"async\" data-attachment-id=\"415\" data-permalink=\"https:\/\/blog.erm.ee\/?attachment_id=415#main\" data-orig-file=\"https:\/\/blog.erm.ee\/wp-content\/uploads\/2012\/07\/3.jpg\" data-orig-size=\"640,480\" data-comments-opened=\"1\" data-image-meta=\"{&quot;aperture&quot;:&quot;0&quot;,&quot;credit&quot;:&quot;&quot;,&quot;camera&quot;:&quot;&quot;,&quot;caption&quot;:&quot;&quot;,&quot;created_timestamp&quot;:&quot;0&quot;,&quot;copyright&quot;:&quot;&quot;,&quot;focal_length&quot;:&quot;0&quot;,&quot;iso&quot;:&quot;0&quot;,&quot;shutter_speed&quot;:&quot;0&quot;,&quot;title&quot;:&quot;&quot;}\" data-image-title=\"3\" data-image-description=\"\" data-image-caption=\"\" data-large-file=\"https:\/\/blog.erm.ee\/wp-content\/uploads\/2012\/07\/3.jpg\" class=\"alignnone size-full wp-image-415\" title=\"3\" alt=\"\" src=\"https:\/\/blog.erm.ee\/wp-content\/uploads\/2012\/07\/3.jpg\" width=\"640\" height=\"480\" srcset=\"https:\/\/blog.erm.ee\/wp-content\/uploads\/2012\/07\/3.jpg 640w, https:\/\/blog.erm.ee\/wp-content\/uploads\/2012\/07\/3-346x260.jpg 346w, https:\/\/blog.erm.ee\/wp-content\/uploads\/2012\/07\/3-300x225.jpg 300w\" sizes=\"auto, (max-width: 640px) 100vw, 640px\" \/><\/a><\/p>\n<p align=\"center\"><em>Liverpool, Suurbritannia 2010, Auerniitty\/Heinonen<\/em><\/p>\n<p style=\"text-align: justify;\" align=\"center\">Kuna jalgpalli sportliku t\u00e4henduse k\u00f5rval esile t\u00f5usnud ka selle sotsiaalne, poliitiline ja kultuuriline t\u00e4htsus siis vaadates asju just l\u00e4bi niisuguse prisma, ei ole jalgpallimaastike v\u00e4ljapanek tegelikult muud kui kaasaegse Euroopa portree. Jalgpall on seega enamat kui suurv\u00f5istlused, klubikultuur ja sporditaristu \u2013 ta on v\u00f5imeline j\u00e4\u00e4davalt kujundama meid \u00fcmbritsevat (m\u00f5tte)maastikku.<\/p>\n<p style=\"text-align: justify;\">Ka autorite lootus, et n\u00e4itus suudab anda panuse jalgpalli sotsiaalse ja kultuurilise t\u00e4henduse veelgi s\u00fcgavamaks m\u00f5istmiseks ning Kantokorpi v\u00e4lja toodu, et dokumentaalfotograafia j\u00f5ud peitub asjaolus, et see annab vaatajale impulsi samalaadsete isiklike \u00fclest\u00e4henduste tegemiseks, on kerged t\u00e4ituma. Muruplatsid ja staadionid linnaruumis, iseloodud v\u00e4ravad ja t\u00e4navakunst ning muu taoline saavad s\u00fcvenenud n\u00e4itusek\u00fclastaja jaoks hiljem uue perspektiivi elustades pallim\u00e4ngu kultuurilise s\u00fcmbolina, olenemata m\u00e4ngijate, palli, tingimustele vastava asukoha v\u00f5i soodustava nostalgilise narratiivi olemasolust.<\/p>\n<p style=\"text-align: justify;\"><a href=\"https:\/\/blog.erm.ee\/wp-content\/uploads\/2012\/07\/5.jpg\"><img loading=\"lazy\" decoding=\"async\" data-attachment-id=\"417\" data-permalink=\"https:\/\/blog.erm.ee\/?attachment_id=417#main\" data-orig-file=\"https:\/\/blog.erm.ee\/wp-content\/uploads\/2012\/07\/5.jpg\" data-orig-size=\"640,480\" data-comments-opened=\"1\" data-image-meta=\"{&quot;aperture&quot;:&quot;0&quot;,&quot;credit&quot;:&quot;&quot;,&quot;camera&quot;:&quot;&quot;,&quot;caption&quot;:&quot;&quot;,&quot;created_timestamp&quot;:&quot;0&quot;,&quot;copyright&quot;:&quot;&quot;,&quot;focal_length&quot;:&quot;0&quot;,&quot;iso&quot;:&quot;0&quot;,&quot;shutter_speed&quot;:&quot;0&quot;,&quot;title&quot;:&quot;&quot;}\" data-image-title=\"5\" data-image-description=\"\" data-image-caption=\"\" data-large-file=\"https:\/\/blog.erm.ee\/wp-content\/uploads\/2012\/07\/5.jpg\" class=\"alignnone size-full wp-image-417\" title=\"5\" alt=\"\" src=\"https:\/\/blog.erm.ee\/wp-content\/uploads\/2012\/07\/5.jpg\" width=\"640\" height=\"480\" srcset=\"https:\/\/blog.erm.ee\/wp-content\/uploads\/2012\/07\/5.jpg 640w, https:\/\/blog.erm.ee\/wp-content\/uploads\/2012\/07\/5-346x260.jpg 346w, https:\/\/blog.erm.ee\/wp-content\/uploads\/2012\/07\/5-300x225.jpg 300w\" sizes=\"auto, (max-width: 640px) 100vw, 640px\" \/><\/a><\/p>\n<p align=\"center\"><em>Yyteri, Soome 2008, Auerniitty\/Heinonen<\/em><\/p>\n<p style=\"text-align: justify;\">Kokkuv\u00f5tlikult v\u00f5tab n\u00e4ituse olemuse kokku j\u00e4rjekordne m\u00f5ttearendus albumist: \u201dPiltidel ei tundu olevat justkui midagi ent hetkeks peatudes nende narratiivsus kasvab ning sa hakkad ette kujutama neis peituvat sotsiaalset milj\u00f6\u00f6d\u201d. Nii, et jalgpalli Euroopa meistri finaali eel tasub olenemata sellest, kas toetatakse Hispaania v\u00f5i Itaalia p\u00fc\u00fcdlusi v\u00f5i kas varasem kokkupuude jalgpalliga on m\u00e4rkimisv\u00e4\u00e4rselt suur v\u00f5i praktiliselt olematu, v\u00f5tta samuti hetkeks aeg maha ja silmitseda \u00fcmbritsevat keskkonda. Ehk siis keskkonda, mille vormimisse on t\u00f5en\u00e4oliselt jalgpall tahes-tahtmata ka meie iga\u00fche personaalses ruumis oma panuse andnud: nii koduhoovis, linnaruumis kui ka muuseumis.<\/p>\n<p style=\"text-align: justify;\">N\u00e4ituse avamisaega on pikendatud kuni 22. juulini. Fotode kasutus\u00f5igused kuuluvad autoritele.<\/p>\n<div class=\"fcbkbttn_buttons_block\" id=\"fcbkbttn_left\"><div class=\"fcbkbttn_like \"><fb:like href=\"https:\/\/blog.erm.ee\/?p=418\" action=\"like\" colorscheme=\"light\" layout=\"standard\"  width=\"225px\" size=\"small\"><\/fb:like><\/div><div class=\"fb-share-button  \" data-href=\"https:\/\/blog.erm.ee\/?p=418\" data-type=\"button\" data-size=\"small\"><\/div><\/div>","protected":false},"excerpt":{"rendered":"<p>Tekst: Siim Randoja, Eesti Spordimuuseumi arendusjuht Teleedetabelitele tuginedes v\u00f5ib olenevalt anal\u00fc\u00fcsija positsioonist muhedalt tunnistada v\u00f5i nukralt imestada, et selleaastane jaanikuu on m\u00f6\u00f6dunud \u00fcllatavalt suurele osale eestlastest jalgpallilainel. Kuu alguses aset leidnud Eesti koondise s\u00f5prusm\u00e4ngud ja siinsamas varasuvises Tartus aset leidnud Balti turniir olid soojendusetenduseks spordisuve esimesele suurs\u00fcndmusele \u2013 jalgpalli Euroopa meistriv\u00f5istlustele Poolas ja Ukrainas. Tundub&hellip;<\/p>\n","protected":false},"author":1,"featured_media":417,"comment_status":"open","ping_status":"open","sticky":false,"template":"","format":"standard","meta":{"_monsterinsights_skip_tracking":false,"_monsterinsights_sitenote_active":false,"_monsterinsights_sitenote_note":"","_monsterinsights_sitenote_category":0,"jetpack_post_was_ever_published":false,"_jetpack_newsletter_access":"","_jetpack_dont_email_post_to_subs":false,"_jetpack_newsletter_tier_id":0,"_jetpack_memberships_contains_paywalled_content":false,"_jetpack_memberships_contains_paid_content":false,"footnotes":""},"categories":[20],"tags":[],"class_list":["post-418","post","type-post","status-publish","format-standard","has-post-thumbnail","hentry","category-muuseumimotted"],"yoast_head":"<!-- This site is optimized with the Yoast SEO plugin v27.5 - https:\/\/yoast.com\/product\/yoast-seo-wordpress\/ -->\n<title>Jalgpallimaastikest muuseumis ja meie \u00fcmber - Eesti Rahva Muuseumi ajaveeb<\/title>\n<meta name=\"robots\" content=\"index, follow, max-snippet:-1, max-image-preview:large, max-video-preview:-1\" \/>\n<link rel=\"canonical\" href=\"https:\/\/blog.erm.ee\/?p=418\" \/>\n<meta property=\"og:locale\" content=\"et_EE\" \/>\n<meta property=\"og:type\" content=\"article\" \/>\n<meta property=\"og:title\" content=\"Jalgpallimaastikest muuseumis ja meie \u00fcmber - Eesti Rahva Muuseumi ajaveeb\" \/>\n<meta property=\"og:description\" content=\"Tekst: Siim Randoja, Eesti Spordimuuseumi arendusjuht Teleedetabelitele tuginedes v\u00f5ib olenevalt anal\u00fc\u00fcsija positsioonist muhedalt tunnistada v\u00f5i nukralt imestada, et selleaastane jaanikuu on m\u00f6\u00f6dunud \u00fcllatavalt suurele osale eestlastest jalgpallilainel. Kuu alguses aset leidnud Eesti koondise s\u00f5prusm\u00e4ngud ja siinsamas varasuvises Tartus aset leidnud Balti turniir olid soojendusetenduseks spordisuve esimesele suurs\u00fcndmusele \u2013 jalgpalli Euroopa meistriv\u00f5istlustele Poolas ja Ukrainas. Tundub&hellip;\" \/>\n<meta property=\"og:url\" content=\"https:\/\/blog.erm.ee\/?p=418\" \/>\n<meta property=\"og:site_name\" content=\"Eesti Rahva Muuseumi ajaveeb\" \/>\n<meta property=\"article:published_time\" content=\"2012-07-03T07:11:31+00:00\" \/>\n<meta property=\"article:modified_time\" content=\"2013-10-07T15:02:14+00:00\" \/>\n<meta property=\"og:image\" content=\"https:\/\/blog.erm.ee\/wp-content\/uploads\/2012\/07\/5.jpg\" \/>\n\t<meta property=\"og:image:width\" content=\"640\" \/>\n\t<meta property=\"og:image:height\" content=\"480\" \/>\n\t<meta property=\"og:image:type\" content=\"image\/jpeg\" \/>\n<meta name=\"author\" content=\"Eesti Rahva Muuseum\" \/>\n<meta name=\"twitter:card\" content=\"summary_large_image\" \/>\n<meta name=\"twitter:label1\" content=\"Written by\" \/>\n\t<meta name=\"twitter:data1\" content=\"Eesti Rahva Muuseum\" \/>\n\t<meta name=\"twitter:label2\" content=\"Est. reading time\" \/>\n\t<meta name=\"twitter:data2\" content=\"3 minutit\" \/>\n<script type=\"application\/ld+json\" class=\"yoast-schema-graph\">{\"@context\":\"https:\\\/\\\/schema.org\",\"@graph\":[{\"@type\":\"Article\",\"@id\":\"https:\\\/\\\/blog.erm.ee\\\/?p=418#article\",\"isPartOf\":{\"@id\":\"https:\\\/\\\/blog.erm.ee\\\/?p=418\"},\"author\":{\"name\":\"Eesti Rahva Muuseum\",\"@id\":\"https:\\\/\\\/blog.erm.ee\\\/#\\\/schema\\\/person\\\/6e98c391cb00a33e7c22a3571e062114\"},\"headline\":\"Jalgpallimaastikest muuseumis ja meie \u00fcmber\",\"datePublished\":\"2012-07-03T07:11:31+00:00\",\"dateModified\":\"2013-10-07T15:02:14+00:00\",\"mainEntityOfPage\":{\"@id\":\"https:\\\/\\\/blog.erm.ee\\\/?p=418\"},\"wordCount\":660,\"commentCount\":0,\"image\":{\"@id\":\"https:\\\/\\\/blog.erm.ee\\\/?p=418#primaryimage\"},\"thumbnailUrl\":\"https:\\\/\\\/blog.erm.ee\\\/wp-content\\\/uploads\\\/2012\\\/07\\\/5.jpg\",\"articleSection\":[\"Muuseumim\u00f5tted\"],\"inLanguage\":\"et\",\"potentialAction\":[{\"@type\":\"CommentAction\",\"name\":\"Comment\",\"target\":[\"https:\\\/\\\/blog.erm.ee\\\/?p=418#respond\"]}]},{\"@type\":\"WebPage\",\"@id\":\"https:\\\/\\\/blog.erm.ee\\\/?p=418\",\"url\":\"https:\\\/\\\/blog.erm.ee\\\/?p=418\",\"name\":\"Jalgpallimaastikest muuseumis ja meie \u00fcmber - Eesti Rahva Muuseumi ajaveeb\",\"isPartOf\":{\"@id\":\"https:\\\/\\\/blog.erm.ee\\\/#website\"},\"primaryImageOfPage\":{\"@id\":\"https:\\\/\\\/blog.erm.ee\\\/?p=418#primaryimage\"},\"image\":{\"@id\":\"https:\\\/\\\/blog.erm.ee\\\/?p=418#primaryimage\"},\"thumbnailUrl\":\"https:\\\/\\\/blog.erm.ee\\\/wp-content\\\/uploads\\\/2012\\\/07\\\/5.jpg\",\"datePublished\":\"2012-07-03T07:11:31+00:00\",\"dateModified\":\"2013-10-07T15:02:14+00:00\",\"author\":{\"@id\":\"https:\\\/\\\/blog.erm.ee\\\/#\\\/schema\\\/person\\\/6e98c391cb00a33e7c22a3571e062114\"},\"breadcrumb\":{\"@id\":\"https:\\\/\\\/blog.erm.ee\\\/?p=418#breadcrumb\"},\"inLanguage\":\"et\",\"potentialAction\":[{\"@type\":\"ReadAction\",\"target\":[\"https:\\\/\\\/blog.erm.ee\\\/?p=418\"]}]},{\"@type\":\"ImageObject\",\"inLanguage\":\"et\",\"@id\":\"https:\\\/\\\/blog.erm.ee\\\/?p=418#primaryimage\",\"url\":\"https:\\\/\\\/blog.erm.ee\\\/wp-content\\\/uploads\\\/2012\\\/07\\\/5.jpg\",\"contentUrl\":\"https:\\\/\\\/blog.erm.ee\\\/wp-content\\\/uploads\\\/2012\\\/07\\\/5.jpg\",\"width\":640,\"height\":480},{\"@type\":\"BreadcrumbList\",\"@id\":\"https:\\\/\\\/blog.erm.ee\\\/?p=418#breadcrumb\",\"itemListElement\":[{\"@type\":\"ListItem\",\"position\":1,\"name\":\"Home\",\"item\":\"https:\\\/\\\/blog.erm.ee\\\/\"},{\"@type\":\"ListItem\",\"position\":2,\"name\":\"Jalgpallimaastikest muuseumis ja meie \u00fcmber\"}]},{\"@type\":\"WebSite\",\"@id\":\"https:\\\/\\\/blog.erm.ee\\\/#website\",\"url\":\"https:\\\/\\\/blog.erm.ee\\\/\",\"name\":\"Eesti Rahva Muuseumi ajaveeb\",\"description\":\"\",\"potentialAction\":[{\"@type\":\"SearchAction\",\"target\":{\"@type\":\"EntryPoint\",\"urlTemplate\":\"https:\\\/\\\/blog.erm.ee\\\/?s={search_term_string}\"},\"query-input\":{\"@type\":\"PropertyValueSpecification\",\"valueRequired\":true,\"valueName\":\"search_term_string\"}}],\"inLanguage\":\"et\"},{\"@type\":\"Person\",\"@id\":\"https:\\\/\\\/blog.erm.ee\\\/#\\\/schema\\\/person\\\/6e98c391cb00a33e7c22a3571e062114\",\"name\":\"Eesti Rahva Muuseum\",\"image\":{\"@type\":\"ImageObject\",\"inLanguage\":\"et\",\"@id\":\"https:\\\/\\\/secure.gravatar.com\\\/avatar\\\/cb6d9ad5fb49f3f7315028ce5fe60641075f2cb52b8a058ff5a985fa2d8c1da0?s=96&d=mm&r=g\",\"url\":\"https:\\\/\\\/secure.gravatar.com\\\/avatar\\\/cb6d9ad5fb49f3f7315028ce5fe60641075f2cb52b8a058ff5a985fa2d8c1da0?s=96&d=mm&r=g\",\"contentUrl\":\"https:\\\/\\\/secure.gravatar.com\\\/avatar\\\/cb6d9ad5fb49f3f7315028ce5fe60641075f2cb52b8a058ff5a985fa2d8c1da0?s=96&d=mm&r=g\",\"caption\":\"Eesti Rahva Muuseum\"},\"sameAs\":[\"http:\\\/\\\/www.erm.ee\"],\"url\":\"https:\\\/\\\/blog.erm.ee\\\/?author=1\"}]}<\/script>\n<!-- \/ Yoast SEO plugin. -->","yoast_head_json":{"title":"Jalgpallimaastikest muuseumis ja meie \u00fcmber - Eesti Rahva Muuseumi ajaveeb","robots":{"index":"index","follow":"follow","max-snippet":"max-snippet:-1","max-image-preview":"max-image-preview:large","max-video-preview":"max-video-preview:-1"},"canonical":"https:\/\/blog.erm.ee\/?p=418","og_locale":"et_EE","og_type":"article","og_title":"Jalgpallimaastikest muuseumis ja meie \u00fcmber - Eesti Rahva Muuseumi ajaveeb","og_description":"Tekst: Siim Randoja, Eesti Spordimuuseumi arendusjuht Teleedetabelitele tuginedes v\u00f5ib olenevalt anal\u00fc\u00fcsija positsioonist muhedalt tunnistada v\u00f5i nukralt imestada, et selleaastane jaanikuu on m\u00f6\u00f6dunud \u00fcllatavalt suurele osale eestlastest jalgpallilainel. Kuu alguses aset leidnud Eesti koondise s\u00f5prusm\u00e4ngud ja siinsamas varasuvises Tartus aset leidnud Balti turniir olid soojendusetenduseks spordisuve esimesele suurs\u00fcndmusele \u2013 jalgpalli Euroopa meistriv\u00f5istlustele Poolas ja Ukrainas. Tundub&hellip;","og_url":"https:\/\/blog.erm.ee\/?p=418","og_site_name":"Eesti Rahva Muuseumi ajaveeb","article_published_time":"2012-07-03T07:11:31+00:00","article_modified_time":"2013-10-07T15:02:14+00:00","og_image":[{"width":640,"height":480,"url":"https:\/\/blog.erm.ee\/wp-content\/uploads\/2012\/07\/5.jpg","type":"image\/jpeg"}],"author":"Eesti Rahva Muuseum","twitter_card":"summary_large_image","twitter_misc":{"Written by":"Eesti Rahva Muuseum","Est. reading time":"3 minutit"},"schema":{"@context":"https:\/\/schema.org","@graph":[{"@type":"Article","@id":"https:\/\/blog.erm.ee\/?p=418#article","isPartOf":{"@id":"https:\/\/blog.erm.ee\/?p=418"},"author":{"name":"Eesti Rahva Muuseum","@id":"https:\/\/blog.erm.ee\/#\/schema\/person\/6e98c391cb00a33e7c22a3571e062114"},"headline":"Jalgpallimaastikest muuseumis ja meie \u00fcmber","datePublished":"2012-07-03T07:11:31+00:00","dateModified":"2013-10-07T15:02:14+00:00","mainEntityOfPage":{"@id":"https:\/\/blog.erm.ee\/?p=418"},"wordCount":660,"commentCount":0,"image":{"@id":"https:\/\/blog.erm.ee\/?p=418#primaryimage"},"thumbnailUrl":"https:\/\/blog.erm.ee\/wp-content\/uploads\/2012\/07\/5.jpg","articleSection":["Muuseumim\u00f5tted"],"inLanguage":"et","potentialAction":[{"@type":"CommentAction","name":"Comment","target":["https:\/\/blog.erm.ee\/?p=418#respond"]}]},{"@type":"WebPage","@id":"https:\/\/blog.erm.ee\/?p=418","url":"https:\/\/blog.erm.ee\/?p=418","name":"Jalgpallimaastikest muuseumis ja meie \u00fcmber - Eesti Rahva Muuseumi ajaveeb","isPartOf":{"@id":"https:\/\/blog.erm.ee\/#website"},"primaryImageOfPage":{"@id":"https:\/\/blog.erm.ee\/?p=418#primaryimage"},"image":{"@id":"https:\/\/blog.erm.ee\/?p=418#primaryimage"},"thumbnailUrl":"https:\/\/blog.erm.ee\/wp-content\/uploads\/2012\/07\/5.jpg","datePublished":"2012-07-03T07:11:31+00:00","dateModified":"2013-10-07T15:02:14+00:00","author":{"@id":"https:\/\/blog.erm.ee\/#\/schema\/person\/6e98c391cb00a33e7c22a3571e062114"},"breadcrumb":{"@id":"https:\/\/blog.erm.ee\/?p=418#breadcrumb"},"inLanguage":"et","potentialAction":[{"@type":"ReadAction","target":["https:\/\/blog.erm.ee\/?p=418"]}]},{"@type":"ImageObject","inLanguage":"et","@id":"https:\/\/blog.erm.ee\/?p=418#primaryimage","url":"https:\/\/blog.erm.ee\/wp-content\/uploads\/2012\/07\/5.jpg","contentUrl":"https:\/\/blog.erm.ee\/wp-content\/uploads\/2012\/07\/5.jpg","width":640,"height":480},{"@type":"BreadcrumbList","@id":"https:\/\/blog.erm.ee\/?p=418#breadcrumb","itemListElement":[{"@type":"ListItem","position":1,"name":"Home","item":"https:\/\/blog.erm.ee\/"},{"@type":"ListItem","position":2,"name":"Jalgpallimaastikest muuseumis ja meie \u00fcmber"}]},{"@type":"WebSite","@id":"https:\/\/blog.erm.ee\/#website","url":"https:\/\/blog.erm.ee\/","name":"Eesti Rahva Muuseumi ajaveeb","description":"","potentialAction":[{"@type":"SearchAction","target":{"@type":"EntryPoint","urlTemplate":"https:\/\/blog.erm.ee\/?s={search_term_string}"},"query-input":{"@type":"PropertyValueSpecification","valueRequired":true,"valueName":"search_term_string"}}],"inLanguage":"et"},{"@type":"Person","@id":"https:\/\/blog.erm.ee\/#\/schema\/person\/6e98c391cb00a33e7c22a3571e062114","name":"Eesti Rahva Muuseum","image":{"@type":"ImageObject","inLanguage":"et","@id":"https:\/\/secure.gravatar.com\/avatar\/cb6d9ad5fb49f3f7315028ce5fe60641075f2cb52b8a058ff5a985fa2d8c1da0?s=96&d=mm&r=g","url":"https:\/\/secure.gravatar.com\/avatar\/cb6d9ad5fb49f3f7315028ce5fe60641075f2cb52b8a058ff5a985fa2d8c1da0?s=96&d=mm&r=g","contentUrl":"https:\/\/secure.gravatar.com\/avatar\/cb6d9ad5fb49f3f7315028ce5fe60641075f2cb52b8a058ff5a985fa2d8c1da0?s=96&d=mm&r=g","caption":"Eesti Rahva Muuseum"},"sameAs":["http:\/\/www.erm.ee"],"url":"https:\/\/blog.erm.ee\/?author=1"}]}},"jetpack_featured_media_url":"https:\/\/blog.erm.ee\/wp-content\/uploads\/2012\/07\/5.jpg","jetpack_shortlink":"https:\/\/wp.me\/p2l9Zd-6K","jetpack_sharing_enabled":true,"jetpack_likes_enabled":true,"_links":{"self":[{"href":"https:\/\/blog.erm.ee\/index.php?rest_route=\/wp\/v2\/posts\/418","targetHints":{"allow":["GET"]}}],"collection":[{"href":"https:\/\/blog.erm.ee\/index.php?rest_route=\/wp\/v2\/posts"}],"about":[{"href":"https:\/\/blog.erm.ee\/index.php?rest_route=\/wp\/v2\/types\/post"}],"author":[{"embeddable":true,"href":"https:\/\/blog.erm.ee\/index.php?rest_route=\/wp\/v2\/users\/1"}],"replies":[{"embeddable":true,"href":"https:\/\/blog.erm.ee\/index.php?rest_route=%2Fwp%2Fv2%2Fcomments&post=418"}],"version-history":[{"count":2,"href":"https:\/\/blog.erm.ee\/index.php?rest_route=\/wp\/v2\/posts\/418\/revisions"}],"predecessor-version":[{"id":2876,"href":"https:\/\/blog.erm.ee\/index.php?rest_route=\/wp\/v2\/posts\/418\/revisions\/2876"}],"wp:featuredmedia":[{"embeddable":true,"href":"https:\/\/blog.erm.ee\/index.php?rest_route=\/wp\/v2\/media\/417"}],"wp:attachment":[{"href":"https:\/\/blog.erm.ee\/index.php?rest_route=%2Fwp%2Fv2%2Fmedia&parent=418"}],"wp:term":[{"taxonomy":"category","embeddable":true,"href":"https:\/\/blog.erm.ee\/index.php?rest_route=%2Fwp%2Fv2%2Fcategories&post=418"},{"taxonomy":"post_tag","embeddable":true,"href":"https:\/\/blog.erm.ee\/index.php?rest_route=%2Fwp%2Fv2%2Ftags&post=418"}],"curies":[{"name":"wp","href":"https:\/\/api.w.org\/{rel}","templated":true}]}}