{"id":3911,"date":"2013-11-28T08:00:07","date_gmt":"2013-11-28T06:00:07","guid":{"rendered":"http:\/\/blog.erm.ee\/?p=3911"},"modified":"2013-11-28T11:11:59","modified_gmt":"2013-11-28T09:11:59","slug":"rongid-rongid-kuhu-te","status":"publish","type":"post","link":"https:\/\/blog.erm.ee\/?p=3911","title":{"rendered":"Rongid, rongid, kuhu te \u2026?"},"content":{"rendered":"<div class=\"fcbkbttn_buttons_block\" id=\"fcbkbttn_left\"><div class=\"fcbkbttn_like \"><fb:like href=\"https:\/\/blog.erm.ee\/?p=3911\" action=\"like\" colorscheme=\"light\" layout=\"standard\"  width=\"225px\" size=\"small\"><\/fb:like><\/div><div class=\"fb-share-button  \" data-href=\"https:\/\/blog.erm.ee\/?p=3911\" data-type=\"button\" data-size=\"small\"><\/div><\/div><p><i>Kaarel Tarand, avalike ja v\u00e4lissuhete juht<\/i><\/p>\n<p>Mu talust p\u00e4rit vanavanaisa t\u00f6\u00f6tas tsaaririigi p\u00e4evil Valgas, Riias ja Vitebskis vedurijuhina. Ikka seal, kuhu ettev\u00f5te t\u00f6\u00f6le saatis. Ehkki ka auruveduri aknast enam kui sajand tagasi paistsid laiad haritud p\u00f5llu- ja karjamaad, v\u00f5ib \u00fches kindel olla: raudteeaedu trassiveeres ei paistnud. P\u00f5llumajandus oli jaotatud talu ja m\u00f5isa vahel ning toitu toodeti ikka seal, kus tingimused selleks parimad, mitte transpordikompanii suva j\u00e4rgi.<\/p>\n<p>Millegi nii absurdse peale, nagu t\u00f6\u00f6listele aiandusmaa eraldamine riigile kuuluvate ettev\u00f5tete kaudu, sai tulla alles n\u00f5ukogude v\u00f5im. T\u00f5si, kuna raudtee teenindamine enne automatiseerimist vajas palju inimt\u00f6\u00f6j\u00f5udu, tekkis raudtee \u00e4\u00e4rde ka hulgaliselt asustust. K\u00f5ik need r\u00f6\u00f6paseadjad ja raudteevahid iga maantee \u00fcles\u00f5idu juures pidid ju \u00f6\u00f6p\u00e4evaringselt valves olema ning kuskil elama. V\u00f5ib-olla just nende majade juurde tekkinud aiad inspireerisid raudteeasjanduse juhte asja laiemalt ette v\u00f5tma ja toonaste seaduste raames legaliseerima.<\/p>\n<p>Iseseisvas Eestis, kus arusaamad maaomandist ja maakasutusest l\u00e4htuvad p\u00f5hiseadusest ning p\u00f5ldu haritakse turumajanduslikul alusel, on raudtee\u00e4\u00e4rne aiandus kahtlemata kaduv kultuur. Tallinnast otse Berliini viiva kiirraudtee \u00e4\u00e4rde uusi aiamaid ei s\u00fcnni, seda keelavad arusaamad turvalisusest ja takistab seaduste k\u00f5rval ka turu puudumine. Arvata v\u00f5ib, et kui maaomandit r\u00f6\u00f6baste vahetus l\u00e4heduses \u00fcldse m\u00fc\u00fcdaks, siis oleks maa hind k\u00fcll suhteliselt madal (ja ehitusluba ei antaks niikuinii), kuid aianduslikku isetasuvust ei \u00f5nnestuks sellisel maa ikkagi tekitada.<\/p>\n<p><a href=\"https:\/\/blog.erm.ee\/wp-content\/uploads\/2013\/11\/IMG_7028.jpg\"><img loading=\"lazy\" decoding=\"async\" data-attachment-id=\"3913\" data-permalink=\"https:\/\/blog.erm.ee\/?attachment_id=3913#main\" data-orig-file=\"https:\/\/blog.erm.ee\/wp-content\/uploads\/2013\/11\/IMG_7028.jpg\" data-orig-size=\"1152,768\" data-comments-opened=\"1\" data-image-meta=\"{&quot;aperture&quot;:&quot;0&quot;,&quot;credit&quot;:&quot;&quot;,&quot;camera&quot;:&quot;&quot;,&quot;caption&quot;:&quot;&quot;,&quot;created_timestamp&quot;:&quot;0&quot;,&quot;copyright&quot;:&quot;&quot;,&quot;focal_length&quot;:&quot;0&quot;,&quot;iso&quot;:&quot;0&quot;,&quot;shutter_speed&quot;:&quot;0&quot;,&quot;title&quot;:&quot;&quot;}\" data-image-title=\"IMG_7028\" data-image-description=\"\" data-image-caption=\"\" data-large-file=\"https:\/\/blog.erm.ee\/wp-content\/uploads\/2013\/11\/IMG_7028-1024x682.jpg\" class=\"alignnone size-large wp-image-3913\" alt=\"IMG_7028\" src=\"https:\/\/blog.erm.ee\/wp-content\/uploads\/2013\/11\/IMG_7028-1024x682.jpg\" width=\"700\" height=\"466\" srcset=\"https:\/\/blog.erm.ee\/wp-content\/uploads\/2013\/11\/IMG_7028-1024x682.jpg 1024w, https:\/\/blog.erm.ee\/wp-content\/uploads\/2013\/11\/IMG_7028-390x260.jpg 390w, https:\/\/blog.erm.ee\/wp-content\/uploads\/2013\/11\/IMG_7028-300x200.jpg 300w, https:\/\/blog.erm.ee\/wp-content\/uploads\/2013\/11\/IMG_7028.jpg 1152w\" sizes=\"auto, (max-width: 700px) 100vw, 700px\" \/><\/a><em>Foto autor Heli Hinto<\/em><\/p>\n<p>Valdav osa t\u00e4nap\u00e4evasest aiapidamisest pole majanduslikult tasuv m\u00f5istagi ka raudteedest kaugemal, see on hobi ja eluviis, mitte v\u00e4ltimatu vajadus, sest toidunappust poodides-turgudel m\u00e4letavad veel vaid maa vanemad elanikud. Aga kui juba eluviis, siis tahaks ikka parimat, ega ei hakkaks valima halvimast otsast, sealt, kus puudub peenramaa jaoks vajalik muld, see-eest aga on \u00f6\u00f6p\u00e4evaringne m\u00fcra, muust reostusriskist r\u00e4\u00e4kimata. Okupatsiooniajal raudteel Kesk-Aasiasse loomavedamisega lisatulu teeninud \u00fcli\u00f5pilased meenutavad ikka, kuidas lahtisest vaguniuksest labidale kogutud lehmakookidega m\u00f6\u00f6duvate esemete (ja kas ainult?) pihta m\u00e4rki visati. Enam seda pole, m\u00e4rklaudugi j\u00e4\u00e4b aina v\u00e4hemaks, aga ohud pole l\u00f5puni v\u00e4listatud.<\/p>\n<p>Eesti rahva \u00f5iguskuulekuse kiituseks peab \u00fctlema, et laiemalt pole teada juhtumeid, kus raudteeaedade toidutootmine, mis ju reeglina on vahetu j\u00e4relevalveta, oleks langenud r\u00fc\u00fcstamise v\u00f5i varguse ohvriks. Vahet era ja kroonu oma vahel osati teha kolhoosikorra ajal ja osatakse n\u00fc\u00fcdki. Ja Eesti riigiv\u00f5imu kiituseks tuleb lisada, et see on tublilt hoidunud j\u00f5uga sekkumast raudtee \u00e4\u00e4rtes \u00f5iguslikult k\u00fcsitaval alusel rajatud hoonetes alalisemalt resideeruvate inimeste elukorraldusse. See on s\u00fcsteem, mis ise ennast enam ei taastooda ja v\u00e4\u00e4ramatult l\u00f5peb, eriti L\u00f5una-Eestis.<\/p>\n<p><a href=\"https:\/\/blog.erm.ee\/wp-content\/uploads\/2013\/11\/IMG_5145.jpg\"><img loading=\"lazy\" decoding=\"async\" data-attachment-id=\"3912\" data-permalink=\"https:\/\/blog.erm.ee\/?attachment_id=3912#main\" data-orig-file=\"https:\/\/blog.erm.ee\/wp-content\/uploads\/2013\/11\/IMG_5145.jpg\" data-orig-size=\"1152,768\" data-comments-opened=\"1\" data-image-meta=\"{&quot;aperture&quot;:&quot;0&quot;,&quot;credit&quot;:&quot;&quot;,&quot;camera&quot;:&quot;&quot;,&quot;caption&quot;:&quot;&quot;,&quot;created_timestamp&quot;:&quot;0&quot;,&quot;copyright&quot;:&quot;&quot;,&quot;focal_length&quot;:&quot;0&quot;,&quot;iso&quot;:&quot;0&quot;,&quot;shutter_speed&quot;:&quot;0&quot;,&quot;title&quot;:&quot;&quot;}\" data-image-title=\"IMG_5145\" data-image-description=\"\" data-image-caption=\"\" data-large-file=\"https:\/\/blog.erm.ee\/wp-content\/uploads\/2013\/11\/IMG_5145-1024x682.jpg\" class=\"alignnone size-large wp-image-3912\" alt=\"IMG_5145\" src=\"https:\/\/blog.erm.ee\/wp-content\/uploads\/2013\/11\/IMG_5145-1024x682.jpg\" width=\"700\" height=\"466\" srcset=\"https:\/\/blog.erm.ee\/wp-content\/uploads\/2013\/11\/IMG_5145-1024x682.jpg 1024w, https:\/\/blog.erm.ee\/wp-content\/uploads\/2013\/11\/IMG_5145-390x260.jpg 390w, https:\/\/blog.erm.ee\/wp-content\/uploads\/2013\/11\/IMG_5145-300x200.jpg 300w, https:\/\/blog.erm.ee\/wp-content\/uploads\/2013\/11\/IMG_5145.jpg 1152w\" sizes=\"auto, (max-width: 700px) 100vw, 700px\" \/><\/a><em>Vaade raudtee\u00e4\u00e4rsele aiale. Foto autor Heli Hinto<\/em><\/p>\n<p>Juhan Viiding kirjutas oma raudtee-oodis \u201eKitsar\u00f6\u00f6pmeline tee\u201c:<\/p>\n<p><i>Liha, mune, kollast v\u00f5id<br \/>\nlinnarahvale sa t\u00f5id<br \/>\nTallinna ja P\u00e4rnusse<br \/>\nja supelsakstele.<\/i><\/p>\n<p>Raudteeaiad linnarahvale toitu ei saada. Supelsaksad aga tulevad aina kasvaval hulgal ka neisse Eesti kuurortlinnadesse, milleni viiva keiserliku raudtee r\u00f6\u00f6pad on ammu \u00fcles kistud ja mille \u00e4\u00e4rest on kadunud ka raudteeaiandus. Toitu ja l\u00f5bu leidub selletagi.<\/p>\n<p>&nbsp;<\/p>\n<p><a href=\"https:\/\/blog.erm.ee\/wp-content\/uploads\/2013\/11\/rongiga.jpg\"><img loading=\"lazy\" decoding=\"async\" data-attachment-id=\"3914\" data-permalink=\"https:\/\/blog.erm.ee\/?attachment_id=3914#main\" data-orig-file=\"https:\/\/blog.erm.ee\/wp-content\/uploads\/2013\/11\/rongiga.jpg\" data-orig-size=\"1200,668\" data-comments-opened=\"1\" data-image-meta=\"{&quot;aperture&quot;:&quot;0&quot;,&quot;credit&quot;:&quot;&quot;,&quot;camera&quot;:&quot;&quot;,&quot;caption&quot;:&quot;&quot;,&quot;created_timestamp&quot;:&quot;0&quot;,&quot;copyright&quot;:&quot;&quot;,&quot;focal_length&quot;:&quot;0&quot;,&quot;iso&quot;:&quot;0&quot;,&quot;shutter_speed&quot;:&quot;0&quot;,&quot;title&quot;:&quot;&quot;}\" data-image-title=\"rongiga\" data-image-description=\"\" data-image-caption=\"\" data-large-file=\"https:\/\/blog.erm.ee\/wp-content\/uploads\/2013\/11\/rongiga-1024x570.jpg\" class=\"alignnone size-large wp-image-3914\" alt=\"rongiga\" src=\"https:\/\/blog.erm.ee\/wp-content\/uploads\/2013\/11\/rongiga-1024x570.jpg\" width=\"700\" height=\"389\" srcset=\"https:\/\/blog.erm.ee\/wp-content\/uploads\/2013\/11\/rongiga-1024x570.jpg 1024w, https:\/\/blog.erm.ee\/wp-content\/uploads\/2013\/11\/rongiga-460x256.jpg 460w, https:\/\/blog.erm.ee\/wp-content\/uploads\/2013\/11\/rongiga-300x167.jpg 300w, https:\/\/blog.erm.ee\/wp-content\/uploads\/2013\/11\/rongiga.jpg 1200w\" sizes=\"auto, (max-width: 700px) 100vw, 700px\" \/><\/a><em>Rong m\u00f6\u00f6dumas suvisest raudteeaiast. Foto autor Heli Hinto<\/em><\/p>\n<p><i>N\u00e4itus \u201eRaudteeaiad\u201c (kuraatorid Heli Hinto ja Kristi Ziugand) on ERMi n\u00e4itusemajas avatud kuni 31. detsembrini 2013. N\u00e4itusel on esitatud l\u00e4bil\u00f5ige aedadest, mis asuvad Tartu linna l\u00e4biva raudtee \u00e4\u00e4res, ja linlaste haritud linnal\u00e4hedastest raudteeaedadest 2013. aasta kevade, suve ja s\u00fcgise jooksul. \u201eRaudteeaiad\u201c valiti publiku lemmikuks ERMi t\u00e4navu kevadel toimunud \u201eOma n\u00e4ituse\u201c ideekonkursil.<\/i><\/p>\n<p><em>N\u00e4ituse tekkeloost jutustab varasem blogikanne &#8220;<a href=\"https:\/\/blog.erm.ee\/?p=2261\">Raudteeaedade juures UITavad Oma N\u00e4itused<\/a>&#8220;.<\/em><\/p>\n<div class=\"fcbkbttn_buttons_block\" id=\"fcbkbttn_left\"><div class=\"fcbkbttn_like \"><fb:like href=\"https:\/\/blog.erm.ee\/?p=3911\" action=\"like\" colorscheme=\"light\" layout=\"standard\"  width=\"225px\" size=\"small\"><\/fb:like><\/div><div class=\"fb-share-button  \" data-href=\"https:\/\/blog.erm.ee\/?p=3911\" data-type=\"button\" data-size=\"small\"><\/div><\/div>","protected":false},"excerpt":{"rendered":"<p>Kaarel Tarand, avalike ja v\u00e4lissuhete juht Mu talust p\u00e4rit vanavanaisa t\u00f6\u00f6tas tsaaririigi p\u00e4evil Valgas, Riias ja Vitebskis vedurijuhina. Ikka seal, kuhu ettev\u00f5te t\u00f6\u00f6le saatis. Ehkki ka auruveduri aknast enam kui sajand tagasi paistsid laiad haritud p\u00f5llu- ja karjamaad, v\u00f5ib \u00fches kindel olla: raudteeaedu trassiveeres ei paistnud. P\u00f5llumajandus oli jaotatud talu ja m\u00f5isa vahel ning toitu&hellip;<\/p>\n","protected":false},"author":1,"featured_media":3913,"comment_status":"open","ping_status":"open","sticky":false,"template":"","format":"standard","meta":{"_monsterinsights_skip_tracking":false,"_monsterinsights_sitenote_active":false,"_monsterinsights_sitenote_note":"","_monsterinsights_sitenote_category":0,"jetpack_post_was_ever_published":false,"_jetpack_newsletter_access":"","_jetpack_dont_email_post_to_subs":false,"_jetpack_newsletter_tier_id":0,"_jetpack_memberships_contains_paywalled_content":false,"_jetpack_memberships_contains_paid_content":false,"footnotes":""},"categories":[7],"tags":[],"class_list":["post-3911","post","type-post","status-publish","format-standard","has-post-thumbnail","hentry","category-naitus"],"yoast_head":"<!-- This site is optimized with the Yoast SEO plugin v27.5 - https:\/\/yoast.com\/product\/yoast-seo-wordpress\/ -->\n<title>Rongid, rongid, kuhu te \u2026? - Eesti Rahva Muuseumi ajaveeb<\/title>\n<meta name=\"robots\" content=\"index, follow, max-snippet:-1, max-image-preview:large, max-video-preview:-1\" \/>\n<link rel=\"canonical\" href=\"https:\/\/blog.erm.ee\/?p=3911\" \/>\n<meta property=\"og:locale\" content=\"et_EE\" \/>\n<meta property=\"og:type\" content=\"article\" \/>\n<meta property=\"og:title\" content=\"Rongid, rongid, kuhu te \u2026? - Eesti Rahva Muuseumi ajaveeb\" \/>\n<meta property=\"og:description\" content=\"Kaarel Tarand, avalike ja v\u00e4lissuhete juht Mu talust p\u00e4rit vanavanaisa t\u00f6\u00f6tas tsaaririigi p\u00e4evil Valgas, Riias ja Vitebskis vedurijuhina. Ikka seal, kuhu ettev\u00f5te t\u00f6\u00f6le saatis. Ehkki ka auruveduri aknast enam kui sajand tagasi paistsid laiad haritud p\u00f5llu- ja karjamaad, v\u00f5ib \u00fches kindel olla: raudteeaedu trassiveeres ei paistnud. P\u00f5llumajandus oli jaotatud talu ja m\u00f5isa vahel ning toitu&hellip;\" \/>\n<meta property=\"og:url\" content=\"https:\/\/blog.erm.ee\/?p=3911\" \/>\n<meta property=\"og:site_name\" content=\"Eesti Rahva Muuseumi ajaveeb\" \/>\n<meta property=\"article:published_time\" content=\"2013-11-28T06:00:07+00:00\" \/>\n<meta property=\"article:modified_time\" content=\"2013-11-28T09:11:59+00:00\" \/>\n<meta property=\"og:image\" content=\"https:\/\/blog.erm.ee\/wp-content\/uploads\/2013\/11\/IMG_7028.jpg\" \/>\n\t<meta property=\"og:image:width\" content=\"1152\" \/>\n\t<meta property=\"og:image:height\" content=\"768\" \/>\n\t<meta property=\"og:image:type\" content=\"image\/jpeg\" \/>\n<meta name=\"author\" content=\"Eesti Rahva Muuseum\" \/>\n<meta name=\"twitter:card\" content=\"summary_large_image\" \/>\n<meta name=\"twitter:label1\" content=\"Written by\" \/>\n\t<meta name=\"twitter:data1\" content=\"Eesti Rahva Muuseum\" \/>\n\t<meta name=\"twitter:label2\" content=\"Est. reading time\" \/>\n\t<meta name=\"twitter:data2\" content=\"3 minutit\" \/>\n<script type=\"application\/ld+json\" class=\"yoast-schema-graph\">{\"@context\":\"https:\\\/\\\/schema.org\",\"@graph\":[{\"@type\":\"Article\",\"@id\":\"https:\\\/\\\/blog.erm.ee\\\/?p=3911#article\",\"isPartOf\":{\"@id\":\"https:\\\/\\\/blog.erm.ee\\\/?p=3911\"},\"author\":{\"name\":\"Eesti Rahva Muuseum\",\"@id\":\"https:\\\/\\\/blog.erm.ee\\\/#\\\/schema\\\/person\\\/6e98c391cb00a33e7c22a3571e062114\"},\"headline\":\"Rongid, rongid, kuhu te \u2026?\",\"datePublished\":\"2013-11-28T06:00:07+00:00\",\"dateModified\":\"2013-11-28T09:11:59+00:00\",\"mainEntityOfPage\":{\"@id\":\"https:\\\/\\\/blog.erm.ee\\\/?p=3911\"},\"wordCount\":594,\"commentCount\":4,\"image\":{\"@id\":\"https:\\\/\\\/blog.erm.ee\\\/?p=3911#primaryimage\"},\"thumbnailUrl\":\"https:\\\/\\\/blog.erm.ee\\\/wp-content\\\/uploads\\\/2013\\\/11\\\/IMG_7028.jpg\",\"articleSection\":[\"N\u00e4itus\"],\"inLanguage\":\"et\",\"potentialAction\":[{\"@type\":\"CommentAction\",\"name\":\"Comment\",\"target\":[\"https:\\\/\\\/blog.erm.ee\\\/?p=3911#respond\"]}]},{\"@type\":\"WebPage\",\"@id\":\"https:\\\/\\\/blog.erm.ee\\\/?p=3911\",\"url\":\"https:\\\/\\\/blog.erm.ee\\\/?p=3911\",\"name\":\"Rongid, rongid, kuhu te \u2026? - Eesti Rahva Muuseumi ajaveeb\",\"isPartOf\":{\"@id\":\"https:\\\/\\\/blog.erm.ee\\\/#website\"},\"primaryImageOfPage\":{\"@id\":\"https:\\\/\\\/blog.erm.ee\\\/?p=3911#primaryimage\"},\"image\":{\"@id\":\"https:\\\/\\\/blog.erm.ee\\\/?p=3911#primaryimage\"},\"thumbnailUrl\":\"https:\\\/\\\/blog.erm.ee\\\/wp-content\\\/uploads\\\/2013\\\/11\\\/IMG_7028.jpg\",\"datePublished\":\"2013-11-28T06:00:07+00:00\",\"dateModified\":\"2013-11-28T09:11:59+00:00\",\"author\":{\"@id\":\"https:\\\/\\\/blog.erm.ee\\\/#\\\/schema\\\/person\\\/6e98c391cb00a33e7c22a3571e062114\"},\"breadcrumb\":{\"@id\":\"https:\\\/\\\/blog.erm.ee\\\/?p=3911#breadcrumb\"},\"inLanguage\":\"et\",\"potentialAction\":[{\"@type\":\"ReadAction\",\"target\":[\"https:\\\/\\\/blog.erm.ee\\\/?p=3911\"]}]},{\"@type\":\"ImageObject\",\"inLanguage\":\"et\",\"@id\":\"https:\\\/\\\/blog.erm.ee\\\/?p=3911#primaryimage\",\"url\":\"https:\\\/\\\/blog.erm.ee\\\/wp-content\\\/uploads\\\/2013\\\/11\\\/IMG_7028.jpg\",\"contentUrl\":\"https:\\\/\\\/blog.erm.ee\\\/wp-content\\\/uploads\\\/2013\\\/11\\\/IMG_7028.jpg\",\"width\":1152,\"height\":768},{\"@type\":\"BreadcrumbList\",\"@id\":\"https:\\\/\\\/blog.erm.ee\\\/?p=3911#breadcrumb\",\"itemListElement\":[{\"@type\":\"ListItem\",\"position\":1,\"name\":\"Home\",\"item\":\"https:\\\/\\\/blog.erm.ee\\\/\"},{\"@type\":\"ListItem\",\"position\":2,\"name\":\"Rongid, rongid, kuhu te \u2026?\"}]},{\"@type\":\"WebSite\",\"@id\":\"https:\\\/\\\/blog.erm.ee\\\/#website\",\"url\":\"https:\\\/\\\/blog.erm.ee\\\/\",\"name\":\"Eesti Rahva Muuseumi ajaveeb\",\"description\":\"\",\"potentialAction\":[{\"@type\":\"SearchAction\",\"target\":{\"@type\":\"EntryPoint\",\"urlTemplate\":\"https:\\\/\\\/blog.erm.ee\\\/?s={search_term_string}\"},\"query-input\":{\"@type\":\"PropertyValueSpecification\",\"valueRequired\":true,\"valueName\":\"search_term_string\"}}],\"inLanguage\":\"et\"},{\"@type\":\"Person\",\"@id\":\"https:\\\/\\\/blog.erm.ee\\\/#\\\/schema\\\/person\\\/6e98c391cb00a33e7c22a3571e062114\",\"name\":\"Eesti Rahva Muuseum\",\"image\":{\"@type\":\"ImageObject\",\"inLanguage\":\"et\",\"@id\":\"https:\\\/\\\/secure.gravatar.com\\\/avatar\\\/cb6d9ad5fb49f3f7315028ce5fe60641075f2cb52b8a058ff5a985fa2d8c1da0?s=96&d=mm&r=g\",\"url\":\"https:\\\/\\\/secure.gravatar.com\\\/avatar\\\/cb6d9ad5fb49f3f7315028ce5fe60641075f2cb52b8a058ff5a985fa2d8c1da0?s=96&d=mm&r=g\",\"contentUrl\":\"https:\\\/\\\/secure.gravatar.com\\\/avatar\\\/cb6d9ad5fb49f3f7315028ce5fe60641075f2cb52b8a058ff5a985fa2d8c1da0?s=96&d=mm&r=g\",\"caption\":\"Eesti Rahva Muuseum\"},\"sameAs\":[\"http:\\\/\\\/www.erm.ee\"],\"url\":\"https:\\\/\\\/blog.erm.ee\\\/?author=1\"}]}<\/script>\n<!-- \/ Yoast SEO plugin. -->","yoast_head_json":{"title":"Rongid, rongid, kuhu te \u2026? - Eesti Rahva Muuseumi ajaveeb","robots":{"index":"index","follow":"follow","max-snippet":"max-snippet:-1","max-image-preview":"max-image-preview:large","max-video-preview":"max-video-preview:-1"},"canonical":"https:\/\/blog.erm.ee\/?p=3911","og_locale":"et_EE","og_type":"article","og_title":"Rongid, rongid, kuhu te \u2026? - Eesti Rahva Muuseumi ajaveeb","og_description":"Kaarel Tarand, avalike ja v\u00e4lissuhete juht Mu talust p\u00e4rit vanavanaisa t\u00f6\u00f6tas tsaaririigi p\u00e4evil Valgas, Riias ja Vitebskis vedurijuhina. Ikka seal, kuhu ettev\u00f5te t\u00f6\u00f6le saatis. Ehkki ka auruveduri aknast enam kui sajand tagasi paistsid laiad haritud p\u00f5llu- ja karjamaad, v\u00f5ib \u00fches kindel olla: raudteeaedu trassiveeres ei paistnud. P\u00f5llumajandus oli jaotatud talu ja m\u00f5isa vahel ning toitu&hellip;","og_url":"https:\/\/blog.erm.ee\/?p=3911","og_site_name":"Eesti Rahva Muuseumi ajaveeb","article_published_time":"2013-11-28T06:00:07+00:00","article_modified_time":"2013-11-28T09:11:59+00:00","og_image":[{"width":1152,"height":768,"url":"https:\/\/blog.erm.ee\/wp-content\/uploads\/2013\/11\/IMG_7028.jpg","type":"image\/jpeg"}],"author":"Eesti Rahva Muuseum","twitter_card":"summary_large_image","twitter_misc":{"Written by":"Eesti Rahva Muuseum","Est. reading time":"3 minutit"},"schema":{"@context":"https:\/\/schema.org","@graph":[{"@type":"Article","@id":"https:\/\/blog.erm.ee\/?p=3911#article","isPartOf":{"@id":"https:\/\/blog.erm.ee\/?p=3911"},"author":{"name":"Eesti Rahva Muuseum","@id":"https:\/\/blog.erm.ee\/#\/schema\/person\/6e98c391cb00a33e7c22a3571e062114"},"headline":"Rongid, rongid, kuhu te \u2026?","datePublished":"2013-11-28T06:00:07+00:00","dateModified":"2013-11-28T09:11:59+00:00","mainEntityOfPage":{"@id":"https:\/\/blog.erm.ee\/?p=3911"},"wordCount":594,"commentCount":4,"image":{"@id":"https:\/\/blog.erm.ee\/?p=3911#primaryimage"},"thumbnailUrl":"https:\/\/blog.erm.ee\/wp-content\/uploads\/2013\/11\/IMG_7028.jpg","articleSection":["N\u00e4itus"],"inLanguage":"et","potentialAction":[{"@type":"CommentAction","name":"Comment","target":["https:\/\/blog.erm.ee\/?p=3911#respond"]}]},{"@type":"WebPage","@id":"https:\/\/blog.erm.ee\/?p=3911","url":"https:\/\/blog.erm.ee\/?p=3911","name":"Rongid, rongid, kuhu te \u2026? - Eesti Rahva Muuseumi ajaveeb","isPartOf":{"@id":"https:\/\/blog.erm.ee\/#website"},"primaryImageOfPage":{"@id":"https:\/\/blog.erm.ee\/?p=3911#primaryimage"},"image":{"@id":"https:\/\/blog.erm.ee\/?p=3911#primaryimage"},"thumbnailUrl":"https:\/\/blog.erm.ee\/wp-content\/uploads\/2013\/11\/IMG_7028.jpg","datePublished":"2013-11-28T06:00:07+00:00","dateModified":"2013-11-28T09:11:59+00:00","author":{"@id":"https:\/\/blog.erm.ee\/#\/schema\/person\/6e98c391cb00a33e7c22a3571e062114"},"breadcrumb":{"@id":"https:\/\/blog.erm.ee\/?p=3911#breadcrumb"},"inLanguage":"et","potentialAction":[{"@type":"ReadAction","target":["https:\/\/blog.erm.ee\/?p=3911"]}]},{"@type":"ImageObject","inLanguage":"et","@id":"https:\/\/blog.erm.ee\/?p=3911#primaryimage","url":"https:\/\/blog.erm.ee\/wp-content\/uploads\/2013\/11\/IMG_7028.jpg","contentUrl":"https:\/\/blog.erm.ee\/wp-content\/uploads\/2013\/11\/IMG_7028.jpg","width":1152,"height":768},{"@type":"BreadcrumbList","@id":"https:\/\/blog.erm.ee\/?p=3911#breadcrumb","itemListElement":[{"@type":"ListItem","position":1,"name":"Home","item":"https:\/\/blog.erm.ee\/"},{"@type":"ListItem","position":2,"name":"Rongid, rongid, kuhu te \u2026?"}]},{"@type":"WebSite","@id":"https:\/\/blog.erm.ee\/#website","url":"https:\/\/blog.erm.ee\/","name":"Eesti Rahva Muuseumi ajaveeb","description":"","potentialAction":[{"@type":"SearchAction","target":{"@type":"EntryPoint","urlTemplate":"https:\/\/blog.erm.ee\/?s={search_term_string}"},"query-input":{"@type":"PropertyValueSpecification","valueRequired":true,"valueName":"search_term_string"}}],"inLanguage":"et"},{"@type":"Person","@id":"https:\/\/blog.erm.ee\/#\/schema\/person\/6e98c391cb00a33e7c22a3571e062114","name":"Eesti Rahva Muuseum","image":{"@type":"ImageObject","inLanguage":"et","@id":"https:\/\/secure.gravatar.com\/avatar\/cb6d9ad5fb49f3f7315028ce5fe60641075f2cb52b8a058ff5a985fa2d8c1da0?s=96&d=mm&r=g","url":"https:\/\/secure.gravatar.com\/avatar\/cb6d9ad5fb49f3f7315028ce5fe60641075f2cb52b8a058ff5a985fa2d8c1da0?s=96&d=mm&r=g","contentUrl":"https:\/\/secure.gravatar.com\/avatar\/cb6d9ad5fb49f3f7315028ce5fe60641075f2cb52b8a058ff5a985fa2d8c1da0?s=96&d=mm&r=g","caption":"Eesti Rahva Muuseum"},"sameAs":["http:\/\/www.erm.ee"],"url":"https:\/\/blog.erm.ee\/?author=1"}]}},"jetpack_featured_media_url":"https:\/\/blog.erm.ee\/wp-content\/uploads\/2013\/11\/IMG_7028.jpg","jetpack_shortlink":"https:\/\/wp.me\/p2l9Zd-115","jetpack_sharing_enabled":true,"jetpack_likes_enabled":true,"_links":{"self":[{"href":"https:\/\/blog.erm.ee\/index.php?rest_route=\/wp\/v2\/posts\/3911","targetHints":{"allow":["GET"]}}],"collection":[{"href":"https:\/\/blog.erm.ee\/index.php?rest_route=\/wp\/v2\/posts"}],"about":[{"href":"https:\/\/blog.erm.ee\/index.php?rest_route=\/wp\/v2\/types\/post"}],"author":[{"embeddable":true,"href":"https:\/\/blog.erm.ee\/index.php?rest_route=\/wp\/v2\/users\/1"}],"replies":[{"embeddable":true,"href":"https:\/\/blog.erm.ee\/index.php?rest_route=%2Fwp%2Fv2%2Fcomments&post=3911"}],"version-history":[{"count":5,"href":"https:\/\/blog.erm.ee\/index.php?rest_route=\/wp\/v2\/posts\/3911\/revisions"}],"predecessor-version":[{"id":3919,"href":"https:\/\/blog.erm.ee\/index.php?rest_route=\/wp\/v2\/posts\/3911\/revisions\/3919"}],"wp:featuredmedia":[{"embeddable":true,"href":"https:\/\/blog.erm.ee\/index.php?rest_route=\/wp\/v2\/media\/3913"}],"wp:attachment":[{"href":"https:\/\/blog.erm.ee\/index.php?rest_route=%2Fwp%2Fv2%2Fmedia&parent=3911"}],"wp:term":[{"taxonomy":"category","embeddable":true,"href":"https:\/\/blog.erm.ee\/index.php?rest_route=%2Fwp%2Fv2%2Fcategories&post=3911"},{"taxonomy":"post_tag","embeddable":true,"href":"https:\/\/blog.erm.ee\/index.php?rest_route=%2Fwp%2Fv2%2Ftags&post=3911"}],"curies":[{"name":"wp","href":"https:\/\/api.w.org\/{rel}","templated":true}]}}