{"id":3881,"date":"2013-11-26T11:58:25","date_gmt":"2013-11-26T09:58:25","guid":{"rendered":"http:\/\/blog.erm.ee\/?p=3881"},"modified":"2013-11-28T11:12:48","modified_gmt":"2013-11-28T09:12:48","slug":"kuidas-ma-naituste-graafikus-tropiks-olin","status":"publish","type":"post","link":"https:\/\/blog.erm.ee\/?p=3881","title":{"rendered":"Kuidas ma n\u00e4ituste graafikus tropiks olin"},"content":{"rendered":"<div class=\"fcbkbttn_buttons_block\" id=\"fcbkbttn_left\"><div class=\"fcbkbttn_like \"><fb:like href=\"https:\/\/blog.erm.ee\/?p=3881\" action=\"like\" colorscheme=\"light\" layout=\"standard\"  width=\"225px\" size=\"small\"><\/fb:like><\/div><div class=\"fb-share-button  \" data-href=\"https:\/\/blog.erm.ee\/?p=3881\" data-type=\"button\" data-size=\"small\"><\/div><\/div><h2>(teadur-kuraator Piret \u00d5unapuu seletuskiri n\u00e4ituse \u201eKirglik Johannes Leopold Gahlnb\u00e4ck\u201c juurde)<\/h2>\n<p><em>Fotod: Nele Tammeaid, fotograaf; Arp Karm, fotograaf<\/em><\/p>\n<p><a href=\"https:\/\/blog.erm.ee\/wp-content\/uploads\/2013\/11\/nt0071.jpg\"><img loading=\"lazy\" decoding=\"async\" data-attachment-id=\"3891\" data-permalink=\"https:\/\/blog.erm.ee\/?attachment_id=3891#main\" data-orig-file=\"https:\/\/blog.erm.ee\/wp-content\/uploads\/2013\/11\/nt0071.jpg\" data-orig-size=\"1200,801\" data-comments-opened=\"1\" data-image-meta=\"{&quot;aperture&quot;:&quot;0&quot;,&quot;credit&quot;:&quot;&quot;,&quot;camera&quot;:&quot;&quot;,&quot;caption&quot;:&quot;&quot;,&quot;created_timestamp&quot;:&quot;1385462707&quot;,&quot;copyright&quot;:&quot;&quot;,&quot;focal_length&quot;:&quot;0&quot;,&quot;iso&quot;:&quot;0&quot;,&quot;shutter_speed&quot;:&quot;0&quot;,&quot;title&quot;:&quot;&quot;}\" data-image-title=\"nt0071\" data-image-description=\"\" data-image-caption=\"\" data-large-file=\"https:\/\/blog.erm.ee\/wp-content\/uploads\/2013\/11\/nt0071-1024x683.jpg\" class=\"alignnone size-full wp-image-3891\" alt=\"nt0071\" src=\"https:\/\/blog.erm.ee\/wp-content\/uploads\/2013\/11\/nt0071.jpg\" width=\"1200\" height=\"801\" srcset=\"https:\/\/blog.erm.ee\/wp-content\/uploads\/2013\/11\/nt0071.jpg 1200w, https:\/\/blog.erm.ee\/wp-content\/uploads\/2013\/11\/nt0071-389x260.jpg 389w, https:\/\/blog.erm.ee\/wp-content\/uploads\/2013\/11\/nt0071-300x200.jpg 300w, https:\/\/blog.erm.ee\/wp-content\/uploads\/2013\/11\/nt0071-1024x683.jpg 1024w\" sizes=\"auto, (max-width: 1200px) 100vw, 1200px\" \/><\/a><\/p>\n<p>Et k\u00f5ik ausalt \u00e4ra r\u00e4\u00e4kida, nagu oli, pean ma alustama ikkagi Oskar Kallasest, oma suurest armastusest. Juba aastaid tagasi olin lugenud ERMi arhiivis Oskari kirjavahetust, kust mulle j\u00e4i meelde kelleltki Gahlnb\u00e4cki-nimeliselt Peterburi mehelt esemete ostmisega seonduv korrespondents. Sama nimi tuli siin-seal erinevas kontekstis esile ka hiljem. See viis kontaktideni Peterburi Venemaa Etnograafiamuuseumiga. Ja see omakorda viis edasi juba \u00fchiste v\u00e4lit\u00f6\u00f6deni Saaremaal, et koos vene kolleegi Marina Zassetskajaga k\u00e4ia l\u00e4bi Gahlnb\u00e4cki oletatavad teed. Siis k\u00e4isin mina Peterburis Venemaa Etnograafiamuuseumis Gahlnb\u00e4cki arhiivi lugemas ja leidsin sealt paljutki, mis aitas seda meest m\u00f5ista. Vahepeal j\u00f5udsime unistada ka suurest europrojektist. Sellest aga asja ei saanud ja parem oligi. Nii olid m\u00f5lemal muuseumil vabad k\u00e4ed luua sellest mehest oma kuvand.<\/p>\n<p>Seega oli n\u00e4ituse m\u00f5te juba p\u00e4ris kaua aega \u00f5hus keerelnud. Aga siis oli minul kiire v\u00f5i ei olnud Gahlnb\u00e4ck muuseumile piisavalt p\u00f5nev. Et see n\u00e4itus n\u00fc\u00fcd siiski l\u00f5puks teoks sai, selle p\u00f5hjuseks oli ka see, et \u00fcks auk meie n\u00e4ituste graafikus tuli t\u00e4ita. Mina v\u00f5tsin r\u00f5\u00f5muga tropi rolli ja ei kahetse. Sellep\u00e4rast, et \u00fcle hulga aja sai Eesti Rahva Muuseumis m\u00f5nuga sellist n\u00e4itust teha, kus vastupidiselt kaasaja trendidele on palju etnograafilisi esemeid. Kohe v\u00e4ga-v\u00e4ga palju. Lausa hunnikus. Sest et Johannes oli neid kirglikult kogunud ja asjad on t\u00f5esti seda v\u00e4\u00e4rt, et lasta ka laial \u00fcldsusel neist r\u00f5\u00f5mu tunda. Ja kuigi asju on palju, siis tegelikult on n\u00e4itus eelk\u00f5ige Gahlnb\u00e4ckist, kellest ilmselt v\u00e4ga v\u00e4he teatakse. Ometi oli ta renessanslikult mitmek\u00fclgne, \u00f5ppinud arhitekt, kirglik raamatukogut\u00f6\u00f6taja (jah, ka see on v\u00f5imalik!!), tarbekunstnik, restauraator ja seitsme lapse isa.<\/p>\n<p><a href=\"https:\/\/blog.erm.ee\/wp-content\/uploads\/2013\/11\/nt0009.jpg\"><img loading=\"lazy\" decoding=\"async\" data-attachment-id=\"3893\" data-permalink=\"https:\/\/blog.erm.ee\/?attachment_id=3893#main\" data-orig-file=\"https:\/\/blog.erm.ee\/wp-content\/uploads\/2013\/11\/nt0009.jpg\" data-orig-size=\"1200,801\" data-comments-opened=\"1\" data-image-meta=\"{&quot;aperture&quot;:&quot;0&quot;,&quot;credit&quot;:&quot;&quot;,&quot;camera&quot;:&quot;&quot;,&quot;caption&quot;:&quot;&quot;,&quot;created_timestamp&quot;:&quot;1385461145&quot;,&quot;copyright&quot;:&quot;&quot;,&quot;focal_length&quot;:&quot;0&quot;,&quot;iso&quot;:&quot;0&quot;,&quot;shutter_speed&quot;:&quot;0&quot;,&quot;title&quot;:&quot;&quot;}\" data-image-title=\"nt0009\" data-image-description=\"\" data-image-caption=\"\" data-large-file=\"https:\/\/blog.erm.ee\/wp-content\/uploads\/2013\/11\/nt0009-1024x683.jpg\" class=\"alignnone size-full wp-image-3893\" alt=\"nt0009\" src=\"https:\/\/blog.erm.ee\/wp-content\/uploads\/2013\/11\/nt0009.jpg\" width=\"1200\" height=\"801\" srcset=\"https:\/\/blog.erm.ee\/wp-content\/uploads\/2013\/11\/nt0009.jpg 1200w, https:\/\/blog.erm.ee\/wp-content\/uploads\/2013\/11\/nt0009-389x260.jpg 389w, https:\/\/blog.erm.ee\/wp-content\/uploads\/2013\/11\/nt0009-300x200.jpg 300w, https:\/\/blog.erm.ee\/wp-content\/uploads\/2013\/11\/nt0009-1024x683.jpg 1024w\" sizes=\"auto, (max-width: 1200px) 100vw, 1200px\" \/><\/a><a href=\"https:\/\/blog.erm.ee\/wp-content\/uploads\/2013\/11\/nt0007.jpg\"><img loading=\"lazy\" decoding=\"async\" data-attachment-id=\"3894\" data-permalink=\"https:\/\/blog.erm.ee\/?attachment_id=3894#main\" data-orig-file=\"https:\/\/blog.erm.ee\/wp-content\/uploads\/2013\/11\/nt0007.jpg\" data-orig-size=\"1200,801\" data-comments-opened=\"1\" data-image-meta=\"{&quot;aperture&quot;:&quot;0&quot;,&quot;credit&quot;:&quot;&quot;,&quot;camera&quot;:&quot;&quot;,&quot;caption&quot;:&quot;&quot;,&quot;created_timestamp&quot;:&quot;1385461110&quot;,&quot;copyright&quot;:&quot;&quot;,&quot;focal_length&quot;:&quot;0&quot;,&quot;iso&quot;:&quot;0&quot;,&quot;shutter_speed&quot;:&quot;0&quot;,&quot;title&quot;:&quot;&quot;}\" data-image-title=\"nt0007\" data-image-description=\"\" data-image-caption=\"\" data-large-file=\"https:\/\/blog.erm.ee\/wp-content\/uploads\/2013\/11\/nt0007-1024x683.jpg\" class=\"alignnone size-full wp-image-3894\" alt=\"nt0007\" src=\"https:\/\/blog.erm.ee\/wp-content\/uploads\/2013\/11\/nt0007.jpg\" width=\"1200\" height=\"801\" srcset=\"https:\/\/blog.erm.ee\/wp-content\/uploads\/2013\/11\/nt0007.jpg 1200w, https:\/\/blog.erm.ee\/wp-content\/uploads\/2013\/11\/nt0007-389x260.jpg 389w, https:\/\/blog.erm.ee\/wp-content\/uploads\/2013\/11\/nt0007-300x200.jpg 300w, https:\/\/blog.erm.ee\/wp-content\/uploads\/2013\/11\/nt0007-1024x683.jpg 1024w\" sizes=\"auto, (max-width: 1200px) 100vw, 1200px\" \/><\/a>Miks mulle meeldis olla n\u00e4itustegraafiku tropp? K\u00f5igepealt sellep\u00e4rast, et mulle meeldib see aeg ja need inimesed, kes sellel ajal elasid. Need olid t\u00f5eliselt kirglikud mehed. Ja mulle meeldivad vanad asjad. Ja siis meeldib mulle veel kogu see lugu, kuidas Eesti Rahva Muuseum selle kogu omandas. Kuidas Kallas kauples Gahlnb\u00e4ckiga 24 tundi jutti. Nad olid ju m\u00f5lemad saarlased ja naabrimehed selles m\u00f5ttes, et kui Johannes oli P\u00fcha koguduse pastori poeg, siis Oskar oli Kaarma koguduse k\u00f6stri poeg. Ja mulle meeldib ka selle loo l\u00f5pp, mis oli nii kurb Gahlnb\u00e4ckile ja \u00f5nnelik Eesti Rahva Muuseumile. Sest Gahlnb\u00e4ck sai oma m\u00fc\u00fcdud kogu eest rahareformi t\u00f5ttu paari p\u00e4eva p\u00e4rast vaid poolteist naela v\u00f5id ja ERM sai \u00fcle 1700 eseme, mis kogutud juba enne muuseumi loomist. Eesti Rahva Muuseumi parim tehing rohkem kui saja aasta jooksul.<\/p>\n<p>N\u00fc\u00fcd siis on v\u00f5imalik seda sajandi tehingut ERMi n\u00e4itusemajas n\u00e4ha ja see on t\u00f5esti vaid v\u00e4ike osa sellest, mida Kallas v\u00e4lja kauples. K\u00fcll j\u00e4\u00e4b m\u00f5istatuseks, et kuhu on kadunud Gahlnb\u00e4cki kataloog, mille ta andis muuseumile 1930. aastate alguses Kallase poolt ammu lubatud tinakannu vastu.<\/p>\n<p><a href=\"https:\/\/blog.erm.ee\/wp-content\/uploads\/2013\/11\/nt0058.jpg\"><img loading=\"lazy\" decoding=\"async\" data-attachment-id=\"3895\" data-permalink=\"https:\/\/blog.erm.ee\/?attachment_id=3895#main\" data-orig-file=\"https:\/\/blog.erm.ee\/wp-content\/uploads\/2013\/11\/nt0058.jpg\" data-orig-size=\"1200,801\" data-comments-opened=\"1\" data-image-meta=\"{&quot;aperture&quot;:&quot;0&quot;,&quot;credit&quot;:&quot;&quot;,&quot;camera&quot;:&quot;&quot;,&quot;caption&quot;:&quot;&quot;,&quot;created_timestamp&quot;:&quot;1385462176&quot;,&quot;copyright&quot;:&quot;&quot;,&quot;focal_length&quot;:&quot;0&quot;,&quot;iso&quot;:&quot;0&quot;,&quot;shutter_speed&quot;:&quot;0&quot;,&quot;title&quot;:&quot;&quot;}\" data-image-title=\"nt0058\" data-image-description=\"\" data-image-caption=\"\" data-large-file=\"https:\/\/blog.erm.ee\/wp-content\/uploads\/2013\/11\/nt0058-1024x683.jpg\" class=\"alignnone size-full wp-image-3895\" alt=\"nt0058\" src=\"https:\/\/blog.erm.ee\/wp-content\/uploads\/2013\/11\/nt0058.jpg\" width=\"1200\" height=\"801\" srcset=\"https:\/\/blog.erm.ee\/wp-content\/uploads\/2013\/11\/nt0058.jpg 1200w, https:\/\/blog.erm.ee\/wp-content\/uploads\/2013\/11\/nt0058-389x260.jpg 389w, https:\/\/blog.erm.ee\/wp-content\/uploads\/2013\/11\/nt0058-300x200.jpg 300w, https:\/\/blog.erm.ee\/wp-content\/uploads\/2013\/11\/nt0058-1024x683.jpg 1024w\" sizes=\"auto, (max-width: 1200px) 100vw, 1200px\" \/><\/a>N\u00fc\u00fcd ma olengi k\u00f5ik nii \u00e4ra r\u00e4\u00e4kinud, nagu oli. Ja mitte enese, vaid Gahlnb\u00e4cki kiituseks toon ma siia l\u00f5petuseks vana muuseumit\u00f6\u00f6taja Ildike Jaagosilla lause n\u00e4ituse avamiselt: \u201eMa olen eluaeg niisugust n\u00e4itust n\u00e4ha tahtnud ja n\u00fc\u00fcd on mu silmad seda n\u00e4inud!\u201c<\/p>\n<p><a href=\"https:\/\/blog.erm.ee\/wp-content\/uploads\/2013\/11\/ak0031.jpg\"><img loading=\"lazy\" decoding=\"async\" data-attachment-id=\"3905\" data-permalink=\"https:\/\/blog.erm.ee\/?attachment_id=3905#main\" data-orig-file=\"https:\/\/blog.erm.ee\/wp-content\/uploads\/2013\/11\/ak0031.jpg\" data-orig-size=\"1198,800\" data-comments-opened=\"1\" data-image-meta=\"{&quot;aperture&quot;:&quot;0&quot;,&quot;credit&quot;:&quot;&quot;,&quot;camera&quot;:&quot;&quot;,&quot;caption&quot;:&quot;&quot;,&quot;created_timestamp&quot;:&quot;1385136929&quot;,&quot;copyright&quot;:&quot;\\u00a9 Arp Karm 2013&quot;,&quot;focal_length&quot;:&quot;0&quot;,&quot;iso&quot;:&quot;0&quot;,&quot;shutter_speed&quot;:&quot;0&quot;,&quot;title&quot;:&quot;&quot;}\" data-image-title=\"ak0031\" data-image-description=\"\" data-image-caption=\"\" data-large-file=\"https:\/\/blog.erm.ee\/wp-content\/uploads\/2013\/11\/ak0031-1024x683.jpg\" class=\"alignnone size-full wp-image-3905\" alt=\"ak0031\" src=\"https:\/\/blog.erm.ee\/wp-content\/uploads\/2013\/11\/ak0031.jpg\" width=\"1198\" height=\"800\" srcset=\"https:\/\/blog.erm.ee\/wp-content\/uploads\/2013\/11\/ak0031.jpg 1198w, https:\/\/blog.erm.ee\/wp-content\/uploads\/2013\/11\/ak0031-389x260.jpg 389w, https:\/\/blog.erm.ee\/wp-content\/uploads\/2013\/11\/ak0031-300x200.jpg 300w, https:\/\/blog.erm.ee\/wp-content\/uploads\/2013\/11\/ak0031-1024x683.jpg 1024w\" sizes=\"auto, (max-width: 1198px) 100vw, 1198px\" \/><\/a> <a href=\"https:\/\/blog.erm.ee\/wp-content\/uploads\/2013\/11\/ak0040.jpg\"><img loading=\"lazy\" decoding=\"async\" data-attachment-id=\"3906\" data-permalink=\"https:\/\/blog.erm.ee\/?attachment_id=3906#main\" data-orig-file=\"https:\/\/blog.erm.ee\/wp-content\/uploads\/2013\/11\/ak0040.jpg\" data-orig-size=\"1198,800\" data-comments-opened=\"1\" data-image-meta=\"{&quot;aperture&quot;:&quot;0&quot;,&quot;credit&quot;:&quot;&quot;,&quot;camera&quot;:&quot;&quot;,&quot;caption&quot;:&quot;&quot;,&quot;created_timestamp&quot;:&quot;1385137946&quot;,&quot;copyright&quot;:&quot;\\u00a9 Arp Karm 2013&quot;,&quot;focal_length&quot;:&quot;0&quot;,&quot;iso&quot;:&quot;0&quot;,&quot;shutter_speed&quot;:&quot;0&quot;,&quot;title&quot;:&quot;&quot;}\" data-image-title=\"ak0040\" data-image-description=\"\" data-image-caption=\"\" data-large-file=\"https:\/\/blog.erm.ee\/wp-content\/uploads\/2013\/11\/ak0040-1024x683.jpg\" class=\"alignnone size-full wp-image-3906\" alt=\"ak0040\" src=\"https:\/\/blog.erm.ee\/wp-content\/uploads\/2013\/11\/ak0040.jpg\" width=\"1198\" height=\"800\" srcset=\"https:\/\/blog.erm.ee\/wp-content\/uploads\/2013\/11\/ak0040.jpg 1198w, https:\/\/blog.erm.ee\/wp-content\/uploads\/2013\/11\/ak0040-389x260.jpg 389w, https:\/\/blog.erm.ee\/wp-content\/uploads\/2013\/11\/ak0040-300x200.jpg 300w, https:\/\/blog.erm.ee\/wp-content\/uploads\/2013\/11\/ak0040-1024x683.jpg 1024w\" sizes=\"auto, (max-width: 1198px) 100vw, 1198px\" \/><\/a><\/p>\n<p><em>N\u00e4ituse avamine 22.11.2013.<\/em><\/p>\n<p>_______________<\/p>\n<p><em>N\u00e4itus \u201c<a href=\"http:\/\/www.erm.ee\/et\/kylasta\/Naitusemaja\/Naitused\/375\" target=\"_blank\">Kirglik Johannes Leopold Gahlnb\u00e4ck\u201d<\/a> on avatud ERMi n\u00e4itusemajas (J. Kuperjanovi 9, Tartu) aprillini 2014.<\/em><\/p>\n<div class=\"fcbkbttn_buttons_block\" id=\"fcbkbttn_left\"><div class=\"fcbkbttn_like \"><fb:like href=\"https:\/\/blog.erm.ee\/?p=3881\" action=\"like\" colorscheme=\"light\" layout=\"standard\"  width=\"225px\" size=\"small\"><\/fb:like><\/div><div class=\"fb-share-button  \" data-href=\"https:\/\/blog.erm.ee\/?p=3881\" data-type=\"button\" data-size=\"small\"><\/div><\/div>","protected":false},"excerpt":{"rendered":"<p>(teadur-kuraator Piret \u00d5unapuu seletuskiri n\u00e4ituse \u201eKirglik Johannes Leopold Gahlnb\u00e4ck\u201c juurde) Fotod: Nele Tammeaid, fotograaf; Arp Karm, fotograaf Et k\u00f5ik ausalt \u00e4ra r\u00e4\u00e4kida, nagu oli, pean ma alustama ikkagi Oskar Kallasest, oma suurest armastusest. Juba aastaid tagasi olin lugenud ERMi arhiivis Oskari kirjavahetust, kust mulle j\u00e4i meelde kelleltki Gahlnb\u00e4cki-nimeliselt Peterburi mehelt esemete ostmisega seonduv korrespondents. Sama&hellip;<\/p>\n","protected":false},"author":1,"featured_media":3893,"comment_status":"open","ping_status":"open","sticky":false,"template":"","format":"standard","meta":{"_monsterinsights_skip_tracking":false,"_monsterinsights_sitenote_active":false,"_monsterinsights_sitenote_note":"","_monsterinsights_sitenote_category":0,"jetpack_post_was_ever_published":false,"_jetpack_newsletter_access":"","_jetpack_dont_email_post_to_subs":false,"_jetpack_newsletter_tier_id":0,"_jetpack_memberships_contains_paywalled_content":false,"_jetpack_memberships_contains_paid_content":false,"footnotes":""},"categories":[7],"tags":[],"class_list":["post-3881","post","type-post","status-publish","format-standard","has-post-thumbnail","hentry","category-naitus"],"yoast_head":"<!-- This site is optimized with the Yoast SEO plugin v27.5 - https:\/\/yoast.com\/product\/yoast-seo-wordpress\/ -->\n<title>Kuidas ma n\u00e4ituste graafikus tropiks olin - Eesti Rahva Muuseumi ajaveeb<\/title>\n<meta name=\"robots\" content=\"index, follow, max-snippet:-1, max-image-preview:large, max-video-preview:-1\" \/>\n<link rel=\"canonical\" href=\"https:\/\/blog.erm.ee\/?p=3881\" \/>\n<meta property=\"og:locale\" content=\"et_EE\" \/>\n<meta property=\"og:type\" content=\"article\" \/>\n<meta property=\"og:title\" content=\"Kuidas ma n\u00e4ituste graafikus tropiks olin - Eesti Rahva Muuseumi ajaveeb\" \/>\n<meta property=\"og:description\" content=\"(teadur-kuraator Piret \u00d5unapuu seletuskiri n\u00e4ituse \u201eKirglik Johannes Leopold Gahlnb\u00e4ck\u201c juurde) Fotod: Nele Tammeaid, fotograaf; Arp Karm, fotograaf Et k\u00f5ik ausalt \u00e4ra r\u00e4\u00e4kida, nagu oli, pean ma alustama ikkagi Oskar Kallasest, oma suurest armastusest. Juba aastaid tagasi olin lugenud ERMi arhiivis Oskari kirjavahetust, kust mulle j\u00e4i meelde kelleltki Gahlnb\u00e4cki-nimeliselt Peterburi mehelt esemete ostmisega seonduv korrespondents. Sama&hellip;\" \/>\n<meta property=\"og:url\" content=\"https:\/\/blog.erm.ee\/?p=3881\" \/>\n<meta property=\"og:site_name\" content=\"Eesti Rahva Muuseumi ajaveeb\" \/>\n<meta property=\"article:published_time\" content=\"2013-11-26T09:58:25+00:00\" \/>\n<meta property=\"article:modified_time\" content=\"2013-11-28T09:12:48+00:00\" \/>\n<meta property=\"og:image\" content=\"https:\/\/blog.erm.ee\/wp-content\/uploads\/2013\/11\/nt0009.jpg\" \/>\n\t<meta property=\"og:image:width\" content=\"1200\" \/>\n\t<meta property=\"og:image:height\" content=\"801\" \/>\n\t<meta property=\"og:image:type\" content=\"image\/jpeg\" \/>\n<meta name=\"author\" content=\"Eesti Rahva Muuseum\" \/>\n<meta name=\"twitter:card\" content=\"summary_large_image\" \/>\n<meta name=\"twitter:label1\" content=\"Written by\" \/>\n\t<meta name=\"twitter:data1\" content=\"Eesti Rahva Muuseum\" \/>\n\t<meta name=\"twitter:label2\" content=\"Est. reading time\" \/>\n\t<meta name=\"twitter:data2\" content=\"3 minutit\" \/>\n<script type=\"application\/ld+json\" class=\"yoast-schema-graph\">{\"@context\":\"https:\\\/\\\/schema.org\",\"@graph\":[{\"@type\":\"Article\",\"@id\":\"https:\\\/\\\/blog.erm.ee\\\/?p=3881#article\",\"isPartOf\":{\"@id\":\"https:\\\/\\\/blog.erm.ee\\\/?p=3881\"},\"author\":{\"name\":\"Eesti Rahva Muuseum\",\"@id\":\"https:\\\/\\\/blog.erm.ee\\\/#\\\/schema\\\/person\\\/6e98c391cb00a33e7c22a3571e062114\"},\"headline\":\"Kuidas ma n\u00e4ituste graafikus tropiks olin\",\"datePublished\":\"2013-11-26T09:58:25+00:00\",\"dateModified\":\"2013-11-28T09:12:48+00:00\",\"mainEntityOfPage\":{\"@id\":\"https:\\\/\\\/blog.erm.ee\\\/?p=3881\"},\"wordCount\":590,\"commentCount\":0,\"image\":{\"@id\":\"https:\\\/\\\/blog.erm.ee\\\/?p=3881#primaryimage\"},\"thumbnailUrl\":\"https:\\\/\\\/blog.erm.ee\\\/wp-content\\\/uploads\\\/2013\\\/11\\\/nt0009.jpg\",\"articleSection\":[\"N\u00e4itus\"],\"inLanguage\":\"et\",\"potentialAction\":[{\"@type\":\"CommentAction\",\"name\":\"Comment\",\"target\":[\"https:\\\/\\\/blog.erm.ee\\\/?p=3881#respond\"]}]},{\"@type\":\"WebPage\",\"@id\":\"https:\\\/\\\/blog.erm.ee\\\/?p=3881\",\"url\":\"https:\\\/\\\/blog.erm.ee\\\/?p=3881\",\"name\":\"Kuidas ma n\u00e4ituste graafikus tropiks olin - Eesti Rahva Muuseumi ajaveeb\",\"isPartOf\":{\"@id\":\"https:\\\/\\\/blog.erm.ee\\\/#website\"},\"primaryImageOfPage\":{\"@id\":\"https:\\\/\\\/blog.erm.ee\\\/?p=3881#primaryimage\"},\"image\":{\"@id\":\"https:\\\/\\\/blog.erm.ee\\\/?p=3881#primaryimage\"},\"thumbnailUrl\":\"https:\\\/\\\/blog.erm.ee\\\/wp-content\\\/uploads\\\/2013\\\/11\\\/nt0009.jpg\",\"datePublished\":\"2013-11-26T09:58:25+00:00\",\"dateModified\":\"2013-11-28T09:12:48+00:00\",\"author\":{\"@id\":\"https:\\\/\\\/blog.erm.ee\\\/#\\\/schema\\\/person\\\/6e98c391cb00a33e7c22a3571e062114\"},\"breadcrumb\":{\"@id\":\"https:\\\/\\\/blog.erm.ee\\\/?p=3881#breadcrumb\"},\"inLanguage\":\"et\",\"potentialAction\":[{\"@type\":\"ReadAction\",\"target\":[\"https:\\\/\\\/blog.erm.ee\\\/?p=3881\"]}]},{\"@type\":\"ImageObject\",\"inLanguage\":\"et\",\"@id\":\"https:\\\/\\\/blog.erm.ee\\\/?p=3881#primaryimage\",\"url\":\"https:\\\/\\\/blog.erm.ee\\\/wp-content\\\/uploads\\\/2013\\\/11\\\/nt0009.jpg\",\"contentUrl\":\"https:\\\/\\\/blog.erm.ee\\\/wp-content\\\/uploads\\\/2013\\\/11\\\/nt0009.jpg\",\"width\":1200,\"height\":801},{\"@type\":\"BreadcrumbList\",\"@id\":\"https:\\\/\\\/blog.erm.ee\\\/?p=3881#breadcrumb\",\"itemListElement\":[{\"@type\":\"ListItem\",\"position\":1,\"name\":\"Home\",\"item\":\"https:\\\/\\\/blog.erm.ee\\\/\"},{\"@type\":\"ListItem\",\"position\":2,\"name\":\"Kuidas ma n\u00e4ituste graafikus tropiks olin\"}]},{\"@type\":\"WebSite\",\"@id\":\"https:\\\/\\\/blog.erm.ee\\\/#website\",\"url\":\"https:\\\/\\\/blog.erm.ee\\\/\",\"name\":\"Eesti Rahva Muuseumi ajaveeb\",\"description\":\"\",\"potentialAction\":[{\"@type\":\"SearchAction\",\"target\":{\"@type\":\"EntryPoint\",\"urlTemplate\":\"https:\\\/\\\/blog.erm.ee\\\/?s={search_term_string}\"},\"query-input\":{\"@type\":\"PropertyValueSpecification\",\"valueRequired\":true,\"valueName\":\"search_term_string\"}}],\"inLanguage\":\"et\"},{\"@type\":\"Person\",\"@id\":\"https:\\\/\\\/blog.erm.ee\\\/#\\\/schema\\\/person\\\/6e98c391cb00a33e7c22a3571e062114\",\"name\":\"Eesti Rahva Muuseum\",\"image\":{\"@type\":\"ImageObject\",\"inLanguage\":\"et\",\"@id\":\"https:\\\/\\\/secure.gravatar.com\\\/avatar\\\/cb6d9ad5fb49f3f7315028ce5fe60641075f2cb52b8a058ff5a985fa2d8c1da0?s=96&d=mm&r=g\",\"url\":\"https:\\\/\\\/secure.gravatar.com\\\/avatar\\\/cb6d9ad5fb49f3f7315028ce5fe60641075f2cb52b8a058ff5a985fa2d8c1da0?s=96&d=mm&r=g\",\"contentUrl\":\"https:\\\/\\\/secure.gravatar.com\\\/avatar\\\/cb6d9ad5fb49f3f7315028ce5fe60641075f2cb52b8a058ff5a985fa2d8c1da0?s=96&d=mm&r=g\",\"caption\":\"Eesti Rahva Muuseum\"},\"sameAs\":[\"http:\\\/\\\/www.erm.ee\"],\"url\":\"https:\\\/\\\/blog.erm.ee\\\/?author=1\"}]}<\/script>\n<!-- \/ Yoast SEO plugin. -->","yoast_head_json":{"title":"Kuidas ma n\u00e4ituste graafikus tropiks olin - Eesti Rahva Muuseumi ajaveeb","robots":{"index":"index","follow":"follow","max-snippet":"max-snippet:-1","max-image-preview":"max-image-preview:large","max-video-preview":"max-video-preview:-1"},"canonical":"https:\/\/blog.erm.ee\/?p=3881","og_locale":"et_EE","og_type":"article","og_title":"Kuidas ma n\u00e4ituste graafikus tropiks olin - Eesti Rahva Muuseumi ajaveeb","og_description":"(teadur-kuraator Piret \u00d5unapuu seletuskiri n\u00e4ituse \u201eKirglik Johannes Leopold Gahlnb\u00e4ck\u201c juurde) Fotod: Nele Tammeaid, fotograaf; Arp Karm, fotograaf Et k\u00f5ik ausalt \u00e4ra r\u00e4\u00e4kida, nagu oli, pean ma alustama ikkagi Oskar Kallasest, oma suurest armastusest. Juba aastaid tagasi olin lugenud ERMi arhiivis Oskari kirjavahetust, kust mulle j\u00e4i meelde kelleltki Gahlnb\u00e4cki-nimeliselt Peterburi mehelt esemete ostmisega seonduv korrespondents. Sama&hellip;","og_url":"https:\/\/blog.erm.ee\/?p=3881","og_site_name":"Eesti Rahva Muuseumi ajaveeb","article_published_time":"2013-11-26T09:58:25+00:00","article_modified_time":"2013-11-28T09:12:48+00:00","og_image":[{"width":1200,"height":801,"url":"https:\/\/blog.erm.ee\/wp-content\/uploads\/2013\/11\/nt0009.jpg","type":"image\/jpeg"}],"author":"Eesti Rahva Muuseum","twitter_card":"summary_large_image","twitter_misc":{"Written by":"Eesti Rahva Muuseum","Est. reading time":"3 minutit"},"schema":{"@context":"https:\/\/schema.org","@graph":[{"@type":"Article","@id":"https:\/\/blog.erm.ee\/?p=3881#article","isPartOf":{"@id":"https:\/\/blog.erm.ee\/?p=3881"},"author":{"name":"Eesti Rahva Muuseum","@id":"https:\/\/blog.erm.ee\/#\/schema\/person\/6e98c391cb00a33e7c22a3571e062114"},"headline":"Kuidas ma n\u00e4ituste graafikus tropiks olin","datePublished":"2013-11-26T09:58:25+00:00","dateModified":"2013-11-28T09:12:48+00:00","mainEntityOfPage":{"@id":"https:\/\/blog.erm.ee\/?p=3881"},"wordCount":590,"commentCount":0,"image":{"@id":"https:\/\/blog.erm.ee\/?p=3881#primaryimage"},"thumbnailUrl":"https:\/\/blog.erm.ee\/wp-content\/uploads\/2013\/11\/nt0009.jpg","articleSection":["N\u00e4itus"],"inLanguage":"et","potentialAction":[{"@type":"CommentAction","name":"Comment","target":["https:\/\/blog.erm.ee\/?p=3881#respond"]}]},{"@type":"WebPage","@id":"https:\/\/blog.erm.ee\/?p=3881","url":"https:\/\/blog.erm.ee\/?p=3881","name":"Kuidas ma n\u00e4ituste graafikus tropiks olin - Eesti Rahva Muuseumi ajaveeb","isPartOf":{"@id":"https:\/\/blog.erm.ee\/#website"},"primaryImageOfPage":{"@id":"https:\/\/blog.erm.ee\/?p=3881#primaryimage"},"image":{"@id":"https:\/\/blog.erm.ee\/?p=3881#primaryimage"},"thumbnailUrl":"https:\/\/blog.erm.ee\/wp-content\/uploads\/2013\/11\/nt0009.jpg","datePublished":"2013-11-26T09:58:25+00:00","dateModified":"2013-11-28T09:12:48+00:00","author":{"@id":"https:\/\/blog.erm.ee\/#\/schema\/person\/6e98c391cb00a33e7c22a3571e062114"},"breadcrumb":{"@id":"https:\/\/blog.erm.ee\/?p=3881#breadcrumb"},"inLanguage":"et","potentialAction":[{"@type":"ReadAction","target":["https:\/\/blog.erm.ee\/?p=3881"]}]},{"@type":"ImageObject","inLanguage":"et","@id":"https:\/\/blog.erm.ee\/?p=3881#primaryimage","url":"https:\/\/blog.erm.ee\/wp-content\/uploads\/2013\/11\/nt0009.jpg","contentUrl":"https:\/\/blog.erm.ee\/wp-content\/uploads\/2013\/11\/nt0009.jpg","width":1200,"height":801},{"@type":"BreadcrumbList","@id":"https:\/\/blog.erm.ee\/?p=3881#breadcrumb","itemListElement":[{"@type":"ListItem","position":1,"name":"Home","item":"https:\/\/blog.erm.ee\/"},{"@type":"ListItem","position":2,"name":"Kuidas ma n\u00e4ituste graafikus tropiks olin"}]},{"@type":"WebSite","@id":"https:\/\/blog.erm.ee\/#website","url":"https:\/\/blog.erm.ee\/","name":"Eesti Rahva Muuseumi ajaveeb","description":"","potentialAction":[{"@type":"SearchAction","target":{"@type":"EntryPoint","urlTemplate":"https:\/\/blog.erm.ee\/?s={search_term_string}"},"query-input":{"@type":"PropertyValueSpecification","valueRequired":true,"valueName":"search_term_string"}}],"inLanguage":"et"},{"@type":"Person","@id":"https:\/\/blog.erm.ee\/#\/schema\/person\/6e98c391cb00a33e7c22a3571e062114","name":"Eesti Rahva Muuseum","image":{"@type":"ImageObject","inLanguage":"et","@id":"https:\/\/secure.gravatar.com\/avatar\/cb6d9ad5fb49f3f7315028ce5fe60641075f2cb52b8a058ff5a985fa2d8c1da0?s=96&d=mm&r=g","url":"https:\/\/secure.gravatar.com\/avatar\/cb6d9ad5fb49f3f7315028ce5fe60641075f2cb52b8a058ff5a985fa2d8c1da0?s=96&d=mm&r=g","contentUrl":"https:\/\/secure.gravatar.com\/avatar\/cb6d9ad5fb49f3f7315028ce5fe60641075f2cb52b8a058ff5a985fa2d8c1da0?s=96&d=mm&r=g","caption":"Eesti Rahva Muuseum"},"sameAs":["http:\/\/www.erm.ee"],"url":"https:\/\/blog.erm.ee\/?author=1"}]}},"jetpack_featured_media_url":"https:\/\/blog.erm.ee\/wp-content\/uploads\/2013\/11\/nt0009.jpg","jetpack_shortlink":"https:\/\/wp.me\/p2l9Zd-10B","jetpack_sharing_enabled":true,"jetpack_likes_enabled":true,"_links":{"self":[{"href":"https:\/\/blog.erm.ee\/index.php?rest_route=\/wp\/v2\/posts\/3881","targetHints":{"allow":["GET"]}}],"collection":[{"href":"https:\/\/blog.erm.ee\/index.php?rest_route=\/wp\/v2\/posts"}],"about":[{"href":"https:\/\/blog.erm.ee\/index.php?rest_route=\/wp\/v2\/types\/post"}],"author":[{"embeddable":true,"href":"https:\/\/blog.erm.ee\/index.php?rest_route=\/wp\/v2\/users\/1"}],"replies":[{"embeddable":true,"href":"https:\/\/blog.erm.ee\/index.php?rest_route=%2Fwp%2Fv2%2Fcomments&post=3881"}],"version-history":[{"count":19,"href":"https:\/\/blog.erm.ee\/index.php?rest_route=\/wp\/v2\/posts\/3881\/revisions"}],"predecessor-version":[{"id":3920,"href":"https:\/\/blog.erm.ee\/index.php?rest_route=\/wp\/v2\/posts\/3881\/revisions\/3920"}],"wp:featuredmedia":[{"embeddable":true,"href":"https:\/\/blog.erm.ee\/index.php?rest_route=\/wp\/v2\/media\/3893"}],"wp:attachment":[{"href":"https:\/\/blog.erm.ee\/index.php?rest_route=%2Fwp%2Fv2%2Fmedia&parent=3881"}],"wp:term":[{"taxonomy":"category","embeddable":true,"href":"https:\/\/blog.erm.ee\/index.php?rest_route=%2Fwp%2Fv2%2Fcategories&post=3881"},{"taxonomy":"post_tag","embeddable":true,"href":"https:\/\/blog.erm.ee\/index.php?rest_route=%2Fwp%2Fv2%2Ftags&post=3881"}],"curies":[{"name":"wp","href":"https:\/\/api.w.org\/{rel}","templated":true}]}}