{"id":3587,"date":"2013-10-31T06:16:57","date_gmt":"2013-10-31T04:16:57","guid":{"rendered":"http:\/\/blog.erm.ee\/?p=3587"},"modified":"2013-12-17T23:34:49","modified_gmt":"2013-12-17T21:34:49","slug":"meie-mustlased","status":"publish","type":"post","link":"https:\/\/blog.erm.ee\/?p=3587","title":{"rendered":"Meie, mustlased"},"content":{"rendered":"<div class=\"fcbkbttn_buttons_block\" id=\"fcbkbttn_left\"><div class=\"fcbkbttn_like \"><fb:like href=\"https:\/\/blog.erm.ee\/?p=3587\" action=\"like\" colorscheme=\"light\" layout=\"standard\"  width=\"225px\" size=\"small\"><\/fb:like><\/div><div class=\"fb-share-button  \" data-href=\"https:\/\/blog.erm.ee\/?p=3587\" data-type=\"button\" data-size=\"small\"><\/div><\/div><p><i>Reena Purret, etnoloogiamagistrant, n\u00e4ituse \u201eMeie, mustlased\u201c kuraator<\/i><\/p>\n<p><a href=\"https:\/\/blog.erm.ee\/wp-content\/uploads\/2013\/10\/nt01591.jpg\"><img loading=\"lazy\" decoding=\"async\" data-attachment-id=\"3605\" data-permalink=\"https:\/\/blog.erm.ee\/?attachment_id=3605#main\" data-orig-file=\"https:\/\/blog.erm.ee\/wp-content\/uploads\/2013\/10\/nt01591.jpg\" data-orig-size=\"1200,801\" data-comments-opened=\"1\" data-image-meta=\"{&quot;aperture&quot;:&quot;0&quot;,&quot;credit&quot;:&quot;&quot;,&quot;camera&quot;:&quot;&quot;,&quot;caption&quot;:&quot;&quot;,&quot;created_timestamp&quot;:&quot;0&quot;,&quot;copyright&quot;:&quot;&quot;,&quot;focal_length&quot;:&quot;0&quot;,&quot;iso&quot;:&quot;0&quot;,&quot;shutter_speed&quot;:&quot;0&quot;,&quot;title&quot;:&quot;&quot;}\" data-image-title=\"nt0159\" data-image-description=\"\" data-image-caption=\"\" data-large-file=\"https:\/\/blog.erm.ee\/wp-content\/uploads\/2013\/10\/nt01591-1024x683.jpg\" class=\"alignnone size-full wp-image-3605\" alt=\"nt0159\" src=\"https:\/\/blog.erm.ee\/wp-content\/uploads\/2013\/10\/nt01591.jpg\" width=\"1200\" height=\"801\" srcset=\"https:\/\/blog.erm.ee\/wp-content\/uploads\/2013\/10\/nt01591.jpg 1200w, https:\/\/blog.erm.ee\/wp-content\/uploads\/2013\/10\/nt01591-389x260.jpg 389w, https:\/\/blog.erm.ee\/wp-content\/uploads\/2013\/10\/nt01591-300x200.jpg 300w, https:\/\/blog.erm.ee\/wp-content\/uploads\/2013\/10\/nt01591-1024x683.jpg 1024w\" sizes=\"auto, (max-width: 1200px) 100vw, 1200px\" \/><\/a><em>N\u00e4ituse avamine Valga muuseumis. Foto: Nele Tammeaid<\/em><\/p>\n<p>Alles natukese aja eest kirjutasin ma sellest, kuidas mustlasn\u00e4ituse tegemine edeneb. N\u00fc\u00fcd on kaheksa kuud m\u00f6\u00f6das ja n\u00e4itus on mingi ime l\u00e4bi t\u00f5esti valmis saanud. Vahepeal tundus k\u00fcll, et mitte kuidagi ei j\u00f5ua ja graafikus p\u00fcsida on v\u00f5imatu, eriti l\u00f5pus, kui oli vaja kogu materjal uuesti l\u00e4bi vaadata, siis veel kord l\u00e4bi vaadata ja siis \u00fcksmeelele j\u00f5uda, milline on k\u00f5ige \u00f5igem lahendus. M\u00f5tlesin, et kirjutan teile mitte ainult sellest, mis n\u00e4itusel on (sest r\u00e4ndn\u00e4itus k\u00e4ib ikka igas suuremas linnas \u00e4ra), vaid pigem sellest, miks valik just selline sai, sest pilte ja intervjuusid on k\u00fcmne n\u00e4ituse jagu, n\u00e4itust aga ainult \u00fcks.<\/p>\n<p><a href=\"https:\/\/blog.erm.ee\/wp-content\/uploads\/2013\/10\/nt00561.jpg\"><img loading=\"lazy\" decoding=\"async\" data-attachment-id=\"3607\" data-permalink=\"https:\/\/blog.erm.ee\/?attachment_id=3607#main\" data-orig-file=\"https:\/\/blog.erm.ee\/wp-content\/uploads\/2013\/10\/nt00561.jpg\" data-orig-size=\"1200,801\" data-comments-opened=\"1\" data-image-meta=\"{&quot;aperture&quot;:&quot;0&quot;,&quot;credit&quot;:&quot;&quot;,&quot;camera&quot;:&quot;&quot;,&quot;caption&quot;:&quot;&quot;,&quot;created_timestamp&quot;:&quot;0&quot;,&quot;copyright&quot;:&quot;&quot;,&quot;focal_length&quot;:&quot;0&quot;,&quot;iso&quot;:&quot;0&quot;,&quot;shutter_speed&quot;:&quot;0&quot;,&quot;title&quot;:&quot;&quot;}\" data-image-title=\"nt0056\" data-image-description=\"\" data-image-caption=\"\" data-large-file=\"https:\/\/blog.erm.ee\/wp-content\/uploads\/2013\/10\/nt00561-1024x683.jpg\" class=\"alignnone size-full wp-image-3607\" alt=\"nt0056\" src=\"https:\/\/blog.erm.ee\/wp-content\/uploads\/2013\/10\/nt00561.jpg\" width=\"1200\" height=\"801\" srcset=\"https:\/\/blog.erm.ee\/wp-content\/uploads\/2013\/10\/nt00561.jpg 1200w, https:\/\/blog.erm.ee\/wp-content\/uploads\/2013\/10\/nt00561-389x260.jpg 389w, https:\/\/blog.erm.ee\/wp-content\/uploads\/2013\/10\/nt00561-300x200.jpg 300w, https:\/\/blog.erm.ee\/wp-content\/uploads\/2013\/10\/nt00561-1024x683.jpg 1024w\" sizes=\"auto, (max-width: 1200px) 100vw, 1200px\" \/><\/a><em>N\u00e4ituse kuraatorid Reena Purret ja Annika Haas. Foto: Nele Tammeaid<\/em><\/p>\n<p>Algusest peale oli selge, et tahame eelk\u00f5ige n\u00e4idata seda, mis romade endi jaoks oluline on. Aga siin tekib kohe probleem, sest \u201eroma\u201c t\u00e4hendab \u00fchtviisi nii lapsi kui teismelisi, t\u00e4iskasvanuid ja pension\u00e4re, j\u00f5ukaid \u00e4rimehi ja vaeseid \u00fcksikemasid, suure pere p\u00e4id, kes teatavad uhkelt, et nad on rikkad, sest neil on \u00fcksteist lapselast, kellega igap\u00e4evaselt suheldakse, ja inimesi, kes \u00fctlevad, et eelistavad perega vaikselt omaette elada ega taha liiga tihedalt suguv\u00f5saga suhelda.<\/p>\n<p><a href=\"https:\/\/blog.erm.ee\/wp-content\/uploads\/2013\/10\/avamine_valga111.jpg\"><img loading=\"lazy\" decoding=\"async\" data-attachment-id=\"3608\" data-permalink=\"https:\/\/blog.erm.ee\/?attachment_id=3608#main\" data-orig-file=\"https:\/\/blog.erm.ee\/wp-content\/uploads\/2013\/10\/avamine_valga111.jpg\" data-orig-size=\"1200,800\" data-comments-opened=\"1\" data-image-meta=\"{&quot;aperture&quot;:&quot;0&quot;,&quot;credit&quot;:&quot;&quot;,&quot;camera&quot;:&quot;&quot;,&quot;caption&quot;:&quot;&quot;,&quot;created_timestamp&quot;:&quot;0&quot;,&quot;copyright&quot;:&quot;&quot;,&quot;focal_length&quot;:&quot;0&quot;,&quot;iso&quot;:&quot;0&quot;,&quot;shutter_speed&quot;:&quot;0&quot;,&quot;title&quot;:&quot;&quot;}\" data-image-title=\"avamine_valga11\" data-image-description=\"\" data-image-caption=\"\" data-large-file=\"https:\/\/blog.erm.ee\/wp-content\/uploads\/2013\/10\/avamine_valga111-1024x682.jpg\" class=\"alignnone size-full wp-image-3608\" alt=\"avamine_valga11\" src=\"https:\/\/blog.erm.ee\/wp-content\/uploads\/2013\/10\/avamine_valga111.jpg\" width=\"1200\" height=\"800\" srcset=\"https:\/\/blog.erm.ee\/wp-content\/uploads\/2013\/10\/avamine_valga111.jpg 1200w, https:\/\/blog.erm.ee\/wp-content\/uploads\/2013\/10\/avamine_valga111-390x260.jpg 390w, https:\/\/blog.erm.ee\/wp-content\/uploads\/2013\/10\/avamine_valga111-300x200.jpg 300w, https:\/\/blog.erm.ee\/wp-content\/uploads\/2013\/10\/avamine_valga111-1024x682.jpg 1024w\" sizes=\"auto, (max-width: 1200px) 100vw, 1200px\" \/><\/a><em>N\u00e4itus Valga muuseumis. Foto: Annika Haas<\/em><\/p>\n<p>Nii et tuleb vaikselt otsast alustada. Naised. Mida naised tahavad? Kodu luua, n\u00f5usid pesta, p\u00f5randat pesta. Kas t\u00e4nap\u00e4eval samasuguse innuga nagu vanasti? Aga mehed? Kas mehed tahavad ainult n\u00f5udepesuvahendit koju tarida v\u00f5i on nende soovid hoopis suuremad?<\/p>\n<p><a href=\"https:\/\/blog.erm.ee\/wp-content\/uploads\/2013\/10\/nt01351.jpg\"><img loading=\"lazy\" decoding=\"async\" data-attachment-id=\"3609\" data-permalink=\"https:\/\/blog.erm.ee\/?attachment_id=3609#main\" data-orig-file=\"https:\/\/blog.erm.ee\/wp-content\/uploads\/2013\/10\/nt01351.jpg\" data-orig-size=\"1200,801\" data-comments-opened=\"1\" data-image-meta=\"{&quot;aperture&quot;:&quot;0&quot;,&quot;credit&quot;:&quot;&quot;,&quot;camera&quot;:&quot;&quot;,&quot;caption&quot;:&quot;&quot;,&quot;created_timestamp&quot;:&quot;0&quot;,&quot;copyright&quot;:&quot;&quot;,&quot;focal_length&quot;:&quot;0&quot;,&quot;iso&quot;:&quot;0&quot;,&quot;shutter_speed&quot;:&quot;0&quot;,&quot;title&quot;:&quot;&quot;}\" data-image-title=\"nt0135\" data-image-description=\"\" data-image-caption=\"\" data-large-file=\"https:\/\/blog.erm.ee\/wp-content\/uploads\/2013\/10\/nt01351-1024x683.jpg\" class=\"alignnone size-full wp-image-3609\" alt=\"nt0135\" src=\"https:\/\/blog.erm.ee\/wp-content\/uploads\/2013\/10\/nt01351.jpg\" width=\"1200\" height=\"801\" srcset=\"https:\/\/blog.erm.ee\/wp-content\/uploads\/2013\/10\/nt01351.jpg 1200w, https:\/\/blog.erm.ee\/wp-content\/uploads\/2013\/10\/nt01351-389x260.jpg 389w, https:\/\/blog.erm.ee\/wp-content\/uploads\/2013\/10\/nt01351-300x200.jpg 300w, https:\/\/blog.erm.ee\/wp-content\/uploads\/2013\/10\/nt01351-1024x683.jpg 1024w\" sizes=\"auto, (max-width: 1200px) 100vw, 1200px\" \/><\/a><em>N\u00e4ituse avamine Valga muuseumis. Foto: Nele Tammeaid<\/em><\/p>\n<p>Romadega seoses on p\u00e4ris palju stereot\u00fc\u00fcpe, millele n\u00e4ituselt kindlasti kinnitust otsitakse. N\u00e4iteks k\u00fcsimused hobuste, ennustamise, kaubitsemise, varastamise, kulla jms kohta \u2013 oli selge, et need teemad kerkivad \u00fcles ka siis, kui romad ise neist eriti ei r\u00e4\u00e4gi. Kuigi tegelikult nad r\u00e4\u00e4kisid k\u00fcll, ilma k\u00fcsimatagi, sest eks nad on mitmest stereot\u00fc\u00fcbist teadlikud ja n\u00e4evad k\u00f5nealuses n\u00e4ituses v\u00f5imalust oma seisukohti esile tuua. Igatahes andsime oma parima, et \u00fcldistada \u00fcht v\u00e4ga heterogeenset rahvust, samas liigselt \u00fcldistamata. Natuke paradoksaalselt see muidugi k\u00f5lab, aga tegelikult on see v\u00f5imalik k\u00fcll. Kasutasime rohkesti nende oma intervjuutekste, et erinevad \u201eh\u00e4\u00e4led\u201c selgelt esile tuleksid. M\u00f5nda neist saab n\u00e4itusel isegi kuulata. Lisaks suutis n\u00e4ituse kujundaja Katri Haarde fotodelt paistvaid erisusi ka kujunduse abil v\u00e4ga osavalt r\u00f5hutada.<\/p>\n<p><a href=\"https:\/\/blog.erm.ee\/wp-content\/uploads\/2013\/10\/nt01491.jpg\"><img loading=\"lazy\" decoding=\"async\" data-attachment-id=\"3610\" data-permalink=\"https:\/\/blog.erm.ee\/?attachment_id=3610#main\" data-orig-file=\"https:\/\/blog.erm.ee\/wp-content\/uploads\/2013\/10\/nt01491.jpg\" data-orig-size=\"1200,801\" data-comments-opened=\"1\" data-image-meta=\"{&quot;aperture&quot;:&quot;0&quot;,&quot;credit&quot;:&quot;&quot;,&quot;camera&quot;:&quot;&quot;,&quot;caption&quot;:&quot;&quot;,&quot;created_timestamp&quot;:&quot;0&quot;,&quot;copyright&quot;:&quot;&quot;,&quot;focal_length&quot;:&quot;0&quot;,&quot;iso&quot;:&quot;0&quot;,&quot;shutter_speed&quot;:&quot;0&quot;,&quot;title&quot;:&quot;&quot;}\" data-image-title=\"nt0149\" data-image-description=\"\" data-image-caption=\"\" data-large-file=\"https:\/\/blog.erm.ee\/wp-content\/uploads\/2013\/10\/nt01491-1024x683.jpg\" class=\"alignnone size-full wp-image-3610\" alt=\"nt0149\" src=\"https:\/\/blog.erm.ee\/wp-content\/uploads\/2013\/10\/nt01491.jpg\" width=\"1200\" height=\"801\" srcset=\"https:\/\/blog.erm.ee\/wp-content\/uploads\/2013\/10\/nt01491.jpg 1200w, https:\/\/blog.erm.ee\/wp-content\/uploads\/2013\/10\/nt01491-389x260.jpg 389w, https:\/\/blog.erm.ee\/wp-content\/uploads\/2013\/10\/nt01491-300x200.jpg 300w, https:\/\/blog.erm.ee\/wp-content\/uploads\/2013\/10\/nt01491-1024x683.jpg 1024w\" sizes=\"auto, (max-width: 1200px) 100vw, 1200px\" \/><\/a><em>N\u00e4ituse avamine Valga muuseumis. Foto: Nele Tammeaid<\/em><\/p>\n<p>Selleks, et m\u00f5ista t\u00e4nap\u00e4eva, peame natukenegi teadma ka minevikust. Vaataja saab aimu, kust romad p\u00e4rit on, kuidas nad Eestisse j\u00f5udsid, kuidas neil siin l\u00e4inud on. Minu jaoks oli \u00fcllatav, et on p\u00e4ris mitmeid romasid, kes polnudki kuulnud, et nende rahvus p\u00e4rineb Indiast, nii et pisike ajalootund on ilmselt nii eestlastele kui romadele \u00fchtviisi hariv ja huvitav.<\/p>\n<p><a href=\"https:\/\/blog.erm.ee\/wp-content\/uploads\/2013\/10\/nt0133.jpg\"><img loading=\"lazy\" decoding=\"async\" data-attachment-id=\"3618\" data-permalink=\"https:\/\/blog.erm.ee\/?attachment_id=3618#main\" data-orig-file=\"https:\/\/blog.erm.ee\/wp-content\/uploads\/2013\/10\/nt0133.jpg\" data-orig-size=\"1200,801\" data-comments-opened=\"1\" data-image-meta=\"{&quot;aperture&quot;:&quot;0&quot;,&quot;credit&quot;:&quot;&quot;,&quot;camera&quot;:&quot;&quot;,&quot;caption&quot;:&quot;&quot;,&quot;created_timestamp&quot;:&quot;0&quot;,&quot;copyright&quot;:&quot;&quot;,&quot;focal_length&quot;:&quot;0&quot;,&quot;iso&quot;:&quot;0&quot;,&quot;shutter_speed&quot;:&quot;0&quot;,&quot;title&quot;:&quot;&quot;}\" data-image-title=\"nt0133\" data-image-description=\"\" data-image-caption=\"\" data-large-file=\"https:\/\/blog.erm.ee\/wp-content\/uploads\/2013\/10\/nt0133-1024x683.jpg\" class=\"alignnone size-full wp-image-3618\" alt=\"nt0133\" src=\"https:\/\/blog.erm.ee\/wp-content\/uploads\/2013\/10\/nt0133.jpg\" width=\"1200\" height=\"801\" srcset=\"https:\/\/blog.erm.ee\/wp-content\/uploads\/2013\/10\/nt0133.jpg 1200w, https:\/\/blog.erm.ee\/wp-content\/uploads\/2013\/10\/nt0133-389x260.jpg 389w, https:\/\/blog.erm.ee\/wp-content\/uploads\/2013\/10\/nt0133-300x200.jpg 300w, https:\/\/blog.erm.ee\/wp-content\/uploads\/2013\/10\/nt0133-1024x683.jpg 1024w\" sizes=\"auto, (max-width: 1200px) 100vw, 1200px\" \/><\/a><em>N\u00e4ituse avamine Valga muuseumis. Foto: Nele Tammeaid<\/em><\/p>\n<p>Kui eel\u00f6eldu kokku v\u00f5tta, tuleb t\u00f5deda, et n\u00e4itust ei olnud sugugi lihtne teha, samas oli valikuprotsess v\u00e4ga huvitav. Ja neil hetkedel, kui me parajasti k\u00f5ik karvupidi koos ei olnud ja \u00fcksteist k\u00f5igi asjade viimasele hetkele j\u00e4tmises ei s\u00fc\u00fcdistanud, oli see k\u00f5ik t\u00e4itsa nauditav. Teiseks l\u00e4bivaks m\u00f5tteks on muidugi \u00e4\u00e4rmiselt kehvasti (kui \u00fcldse) varjatud reklaam \u2013 tulge n\u00e4itust vaatama!<\/p>\n<p><a href=\"https:\/\/blog.erm.ee\/wp-content\/uploads\/2013\/10\/avamine_valga021.jpg\"><img loading=\"lazy\" decoding=\"async\" data-attachment-id=\"3612\" data-permalink=\"https:\/\/blog.erm.ee\/?attachment_id=3612#main\" data-orig-file=\"https:\/\/blog.erm.ee\/wp-content\/uploads\/2013\/10\/avamine_valga021.jpg\" data-orig-size=\"1200,800\" data-comments-opened=\"1\" data-image-meta=\"{&quot;aperture&quot;:&quot;0&quot;,&quot;credit&quot;:&quot;&quot;,&quot;camera&quot;:&quot;&quot;,&quot;caption&quot;:&quot;&quot;,&quot;created_timestamp&quot;:&quot;0&quot;,&quot;copyright&quot;:&quot;&quot;,&quot;focal_length&quot;:&quot;0&quot;,&quot;iso&quot;:&quot;0&quot;,&quot;shutter_speed&quot;:&quot;0&quot;,&quot;title&quot;:&quot;&quot;}\" data-image-title=\"avamine_valga02\" data-image-description=\"\" data-image-caption=\"\" data-large-file=\"https:\/\/blog.erm.ee\/wp-content\/uploads\/2013\/10\/avamine_valga021-1024x682.jpg\" class=\"alignnone size-full wp-image-3612\" alt=\"avamine_valga02\" src=\"https:\/\/blog.erm.ee\/wp-content\/uploads\/2013\/10\/avamine_valga021.jpg\" width=\"1200\" height=\"800\" srcset=\"https:\/\/blog.erm.ee\/wp-content\/uploads\/2013\/10\/avamine_valga021.jpg 1200w, https:\/\/blog.erm.ee\/wp-content\/uploads\/2013\/10\/avamine_valga021-390x260.jpg 390w, https:\/\/blog.erm.ee\/wp-content\/uploads\/2013\/10\/avamine_valga021-300x200.jpg 300w, https:\/\/blog.erm.ee\/wp-content\/uploads\/2013\/10\/avamine_valga021-1024x682.jpg 1024w\" sizes=\"auto, (max-width: 1200px) 100vw, 1200px\" \/><\/a><em>N\u00e4itus Valga muuseumis. Foto: Annika Haas<\/em> <a href=\"https:\/\/blog.erm.ee\/wp-content\/uploads\/2013\/10\/nt01681.jpg\"><img loading=\"lazy\" decoding=\"async\" data-attachment-id=\"3613\" data-permalink=\"https:\/\/blog.erm.ee\/?attachment_id=3613#main\" data-orig-file=\"https:\/\/blog.erm.ee\/wp-content\/uploads\/2013\/10\/nt01681.jpg\" data-orig-size=\"1200,801\" data-comments-opened=\"1\" data-image-meta=\"{&quot;aperture&quot;:&quot;0&quot;,&quot;credit&quot;:&quot;&quot;,&quot;camera&quot;:&quot;&quot;,&quot;caption&quot;:&quot;&quot;,&quot;created_timestamp&quot;:&quot;1382544904&quot;,&quot;copyright&quot;:&quot;&quot;,&quot;focal_length&quot;:&quot;0&quot;,&quot;iso&quot;:&quot;0&quot;,&quot;shutter_speed&quot;:&quot;0&quot;,&quot;title&quot;:&quot;&quot;}\" data-image-title=\"nt0168\" data-image-description=\"\" data-image-caption=\"\" data-large-file=\"https:\/\/blog.erm.ee\/wp-content\/uploads\/2013\/10\/nt01681-1024x683.jpg\" class=\"alignnone size-full wp-image-3613\" alt=\"nt0168\" src=\"https:\/\/blog.erm.ee\/wp-content\/uploads\/2013\/10\/nt01681.jpg\" width=\"1200\" height=\"801\" srcset=\"https:\/\/blog.erm.ee\/wp-content\/uploads\/2013\/10\/nt01681.jpg 1200w, https:\/\/blog.erm.ee\/wp-content\/uploads\/2013\/10\/nt01681-389x260.jpg 389w, https:\/\/blog.erm.ee\/wp-content\/uploads\/2013\/10\/nt01681-300x200.jpg 300w, https:\/\/blog.erm.ee\/wp-content\/uploads\/2013\/10\/nt01681-1024x683.jpg 1024w\" sizes=\"auto, (max-width: 1200px) 100vw, 1200px\" \/><\/a><em>N\u00e4itus Valga muuseumis. Foto: Nele Tammeaid<\/em><\/p>\n<p>&#8212;&#8212;&#8212;&#8212;&#8212;&#8212;&#8212;&#8212;&#8212;&#8212;&#8212;&#8212;&#8212;&#8212;&#8212;&#8212;&#8212;&#8212;&#8212;&#8212;&#8212;&#8212;<\/p>\n<p>Reena Purreti eelmine lugu n\u00e4ituse kohta:\u00a0 <a href=\"https:\/\/blog.erm.ee\/?p=1389\">https:\/\/blog.erm.ee\/?p=1389<\/a><\/p>\n<p>Annika Haasi fotod: <a href=\"http:\/\/www.annikahaas.com\/gypsies-in-estonia\/\">http:\/\/www.annikahaas.com\/gypsies-in-estonia\/<\/a><\/p>\n<div class=\"fcbkbttn_buttons_block\" id=\"fcbkbttn_left\"><div class=\"fcbkbttn_like \"><fb:like href=\"https:\/\/blog.erm.ee\/?p=3587\" action=\"like\" colorscheme=\"light\" layout=\"standard\"  width=\"225px\" size=\"small\"><\/fb:like><\/div><div class=\"fb-share-button  \" data-href=\"https:\/\/blog.erm.ee\/?p=3587\" data-type=\"button\" data-size=\"small\"><\/div><\/div>","protected":false},"excerpt":{"rendered":"<p>Reena Purret, etnoloogiamagistrant, n\u00e4ituse \u201eMeie, mustlased\u201c kuraator N\u00e4ituse avamine Valga muuseumis. Foto: Nele Tammeaid Alles natukese aja eest kirjutasin ma sellest, kuidas mustlasn\u00e4ituse tegemine edeneb. N\u00fc\u00fcd on kaheksa kuud m\u00f6\u00f6das ja n\u00e4itus on mingi ime l\u00e4bi t\u00f5esti valmis saanud. Vahepeal tundus k\u00fcll, et mitte kuidagi ei j\u00f5ua ja graafikus p\u00fcsida on v\u00f5imatu, eriti l\u00f5pus, kui&hellip;<\/p>\n","protected":false},"author":1,"featured_media":3605,"comment_status":"open","ping_status":"open","sticky":false,"template":"","format":"standard","meta":{"_monsterinsights_skip_tracking":false,"_monsterinsights_sitenote_active":false,"_monsterinsights_sitenote_note":"","_monsterinsights_sitenote_category":0,"jetpack_post_was_ever_published":false,"_jetpack_newsletter_access":"","_jetpack_dont_email_post_to_subs":false,"_jetpack_newsletter_tier_id":0,"_jetpack_memberships_contains_paywalled_content":false,"_jetpack_memberships_contains_paid_content":false,"footnotes":""},"categories":[7],"tags":[],"class_list":["post-3587","post","type-post","status-publish","format-standard","has-post-thumbnail","hentry","category-naitus"],"yoast_head":"<!-- This site is optimized with the Yoast SEO plugin v27.5 - https:\/\/yoast.com\/product\/yoast-seo-wordpress\/ -->\n<title>Meie, mustlased - Eesti Rahva Muuseumi ajaveeb<\/title>\n<meta name=\"robots\" content=\"index, follow, max-snippet:-1, max-image-preview:large, max-video-preview:-1\" \/>\n<link rel=\"canonical\" href=\"https:\/\/blog.erm.ee\/?p=3587\" \/>\n<meta property=\"og:locale\" content=\"et_EE\" \/>\n<meta property=\"og:type\" content=\"article\" \/>\n<meta property=\"og:title\" content=\"Meie, mustlased - Eesti Rahva Muuseumi ajaveeb\" \/>\n<meta property=\"og:description\" content=\"Reena Purret, etnoloogiamagistrant, n\u00e4ituse \u201eMeie, mustlased\u201c kuraator N\u00e4ituse avamine Valga muuseumis. Foto: Nele Tammeaid Alles natukese aja eest kirjutasin ma sellest, kuidas mustlasn\u00e4ituse tegemine edeneb. N\u00fc\u00fcd on kaheksa kuud m\u00f6\u00f6das ja n\u00e4itus on mingi ime l\u00e4bi t\u00f5esti valmis saanud. Vahepeal tundus k\u00fcll, et mitte kuidagi ei j\u00f5ua ja graafikus p\u00fcsida on v\u00f5imatu, eriti l\u00f5pus, kui&hellip;\" \/>\n<meta property=\"og:url\" content=\"https:\/\/blog.erm.ee\/?p=3587\" \/>\n<meta property=\"og:site_name\" content=\"Eesti Rahva Muuseumi ajaveeb\" \/>\n<meta property=\"article:published_time\" content=\"2013-10-31T04:16:57+00:00\" \/>\n<meta property=\"article:modified_time\" content=\"2013-12-17T21:34:49+00:00\" \/>\n<meta property=\"og:image\" content=\"https:\/\/blog.erm.ee\/wp-content\/uploads\/2013\/10\/nt01591.jpg\" \/>\n\t<meta property=\"og:image:width\" content=\"1200\" \/>\n\t<meta property=\"og:image:height\" content=\"801\" \/>\n\t<meta property=\"og:image:type\" content=\"image\/jpeg\" \/>\n<meta name=\"author\" content=\"Eesti Rahva Muuseum\" \/>\n<meta name=\"twitter:card\" content=\"summary_large_image\" \/>\n<meta name=\"twitter:label1\" content=\"Written by\" \/>\n\t<meta name=\"twitter:data1\" content=\"Eesti Rahva Muuseum\" \/>\n\t<meta name=\"twitter:label2\" content=\"Est. reading time\" \/>\n\t<meta name=\"twitter:data2\" content=\"3 minutit\" \/>\n<script type=\"application\/ld+json\" class=\"yoast-schema-graph\">{\"@context\":\"https:\\\/\\\/schema.org\",\"@graph\":[{\"@type\":\"Article\",\"@id\":\"https:\\\/\\\/blog.erm.ee\\\/?p=3587#article\",\"isPartOf\":{\"@id\":\"https:\\\/\\\/blog.erm.ee\\\/?p=3587\"},\"author\":{\"name\":\"Eesti Rahva Muuseum\",\"@id\":\"https:\\\/\\\/blog.erm.ee\\\/#\\\/schema\\\/person\\\/6e98c391cb00a33e7c22a3571e062114\"},\"headline\":\"Meie, mustlased\",\"datePublished\":\"2013-10-31T04:16:57+00:00\",\"dateModified\":\"2013-12-17T21:34:49+00:00\",\"mainEntityOfPage\":{\"@id\":\"https:\\\/\\\/blog.erm.ee\\\/?p=3587\"},\"wordCount\":614,\"commentCount\":0,\"image\":{\"@id\":\"https:\\\/\\\/blog.erm.ee\\\/?p=3587#primaryimage\"},\"thumbnailUrl\":\"https:\\\/\\\/blog.erm.ee\\\/wp-content\\\/uploads\\\/2013\\\/10\\\/nt01591.jpg\",\"articleSection\":[\"N\u00e4itus\"],\"inLanguage\":\"et\",\"potentialAction\":[{\"@type\":\"CommentAction\",\"name\":\"Comment\",\"target\":[\"https:\\\/\\\/blog.erm.ee\\\/?p=3587#respond\"]}]},{\"@type\":\"WebPage\",\"@id\":\"https:\\\/\\\/blog.erm.ee\\\/?p=3587\",\"url\":\"https:\\\/\\\/blog.erm.ee\\\/?p=3587\",\"name\":\"Meie, mustlased - Eesti Rahva Muuseumi ajaveeb\",\"isPartOf\":{\"@id\":\"https:\\\/\\\/blog.erm.ee\\\/#website\"},\"primaryImageOfPage\":{\"@id\":\"https:\\\/\\\/blog.erm.ee\\\/?p=3587#primaryimage\"},\"image\":{\"@id\":\"https:\\\/\\\/blog.erm.ee\\\/?p=3587#primaryimage\"},\"thumbnailUrl\":\"https:\\\/\\\/blog.erm.ee\\\/wp-content\\\/uploads\\\/2013\\\/10\\\/nt01591.jpg\",\"datePublished\":\"2013-10-31T04:16:57+00:00\",\"dateModified\":\"2013-12-17T21:34:49+00:00\",\"author\":{\"@id\":\"https:\\\/\\\/blog.erm.ee\\\/#\\\/schema\\\/person\\\/6e98c391cb00a33e7c22a3571e062114\"},\"breadcrumb\":{\"@id\":\"https:\\\/\\\/blog.erm.ee\\\/?p=3587#breadcrumb\"},\"inLanguage\":\"et\",\"potentialAction\":[{\"@type\":\"ReadAction\",\"target\":[\"https:\\\/\\\/blog.erm.ee\\\/?p=3587\"]}]},{\"@type\":\"ImageObject\",\"inLanguage\":\"et\",\"@id\":\"https:\\\/\\\/blog.erm.ee\\\/?p=3587#primaryimage\",\"url\":\"https:\\\/\\\/blog.erm.ee\\\/wp-content\\\/uploads\\\/2013\\\/10\\\/nt01591.jpg\",\"contentUrl\":\"https:\\\/\\\/blog.erm.ee\\\/wp-content\\\/uploads\\\/2013\\\/10\\\/nt01591.jpg\",\"width\":1200,\"height\":801},{\"@type\":\"BreadcrumbList\",\"@id\":\"https:\\\/\\\/blog.erm.ee\\\/?p=3587#breadcrumb\",\"itemListElement\":[{\"@type\":\"ListItem\",\"position\":1,\"name\":\"Home\",\"item\":\"https:\\\/\\\/blog.erm.ee\\\/\"},{\"@type\":\"ListItem\",\"position\":2,\"name\":\"Meie, mustlased\"}]},{\"@type\":\"WebSite\",\"@id\":\"https:\\\/\\\/blog.erm.ee\\\/#website\",\"url\":\"https:\\\/\\\/blog.erm.ee\\\/\",\"name\":\"Eesti Rahva Muuseumi ajaveeb\",\"description\":\"\",\"potentialAction\":[{\"@type\":\"SearchAction\",\"target\":{\"@type\":\"EntryPoint\",\"urlTemplate\":\"https:\\\/\\\/blog.erm.ee\\\/?s={search_term_string}\"},\"query-input\":{\"@type\":\"PropertyValueSpecification\",\"valueRequired\":true,\"valueName\":\"search_term_string\"}}],\"inLanguage\":\"et\"},{\"@type\":\"Person\",\"@id\":\"https:\\\/\\\/blog.erm.ee\\\/#\\\/schema\\\/person\\\/6e98c391cb00a33e7c22a3571e062114\",\"name\":\"Eesti Rahva Muuseum\",\"image\":{\"@type\":\"ImageObject\",\"inLanguage\":\"et\",\"@id\":\"https:\\\/\\\/secure.gravatar.com\\\/avatar\\\/cb6d9ad5fb49f3f7315028ce5fe60641075f2cb52b8a058ff5a985fa2d8c1da0?s=96&d=mm&r=g\",\"url\":\"https:\\\/\\\/secure.gravatar.com\\\/avatar\\\/cb6d9ad5fb49f3f7315028ce5fe60641075f2cb52b8a058ff5a985fa2d8c1da0?s=96&d=mm&r=g\",\"contentUrl\":\"https:\\\/\\\/secure.gravatar.com\\\/avatar\\\/cb6d9ad5fb49f3f7315028ce5fe60641075f2cb52b8a058ff5a985fa2d8c1da0?s=96&d=mm&r=g\",\"caption\":\"Eesti Rahva Muuseum\"},\"sameAs\":[\"http:\\\/\\\/www.erm.ee\"],\"url\":\"https:\\\/\\\/blog.erm.ee\\\/?author=1\"}]}<\/script>\n<!-- \/ Yoast SEO plugin. -->","yoast_head_json":{"title":"Meie, mustlased - Eesti Rahva Muuseumi ajaveeb","robots":{"index":"index","follow":"follow","max-snippet":"max-snippet:-1","max-image-preview":"max-image-preview:large","max-video-preview":"max-video-preview:-1"},"canonical":"https:\/\/blog.erm.ee\/?p=3587","og_locale":"et_EE","og_type":"article","og_title":"Meie, mustlased - Eesti Rahva Muuseumi ajaveeb","og_description":"Reena Purret, etnoloogiamagistrant, n\u00e4ituse \u201eMeie, mustlased\u201c kuraator N\u00e4ituse avamine Valga muuseumis. Foto: Nele Tammeaid Alles natukese aja eest kirjutasin ma sellest, kuidas mustlasn\u00e4ituse tegemine edeneb. N\u00fc\u00fcd on kaheksa kuud m\u00f6\u00f6das ja n\u00e4itus on mingi ime l\u00e4bi t\u00f5esti valmis saanud. Vahepeal tundus k\u00fcll, et mitte kuidagi ei j\u00f5ua ja graafikus p\u00fcsida on v\u00f5imatu, eriti l\u00f5pus, kui&hellip;","og_url":"https:\/\/blog.erm.ee\/?p=3587","og_site_name":"Eesti Rahva Muuseumi ajaveeb","article_published_time":"2013-10-31T04:16:57+00:00","article_modified_time":"2013-12-17T21:34:49+00:00","og_image":[{"width":1200,"height":801,"url":"https:\/\/blog.erm.ee\/wp-content\/uploads\/2013\/10\/nt01591.jpg","type":"image\/jpeg"}],"author":"Eesti Rahva Muuseum","twitter_card":"summary_large_image","twitter_misc":{"Written by":"Eesti Rahva Muuseum","Est. reading time":"3 minutit"},"schema":{"@context":"https:\/\/schema.org","@graph":[{"@type":"Article","@id":"https:\/\/blog.erm.ee\/?p=3587#article","isPartOf":{"@id":"https:\/\/blog.erm.ee\/?p=3587"},"author":{"name":"Eesti Rahva Muuseum","@id":"https:\/\/blog.erm.ee\/#\/schema\/person\/6e98c391cb00a33e7c22a3571e062114"},"headline":"Meie, mustlased","datePublished":"2013-10-31T04:16:57+00:00","dateModified":"2013-12-17T21:34:49+00:00","mainEntityOfPage":{"@id":"https:\/\/blog.erm.ee\/?p=3587"},"wordCount":614,"commentCount":0,"image":{"@id":"https:\/\/blog.erm.ee\/?p=3587#primaryimage"},"thumbnailUrl":"https:\/\/blog.erm.ee\/wp-content\/uploads\/2013\/10\/nt01591.jpg","articleSection":["N\u00e4itus"],"inLanguage":"et","potentialAction":[{"@type":"CommentAction","name":"Comment","target":["https:\/\/blog.erm.ee\/?p=3587#respond"]}]},{"@type":"WebPage","@id":"https:\/\/blog.erm.ee\/?p=3587","url":"https:\/\/blog.erm.ee\/?p=3587","name":"Meie, mustlased - Eesti Rahva Muuseumi ajaveeb","isPartOf":{"@id":"https:\/\/blog.erm.ee\/#website"},"primaryImageOfPage":{"@id":"https:\/\/blog.erm.ee\/?p=3587#primaryimage"},"image":{"@id":"https:\/\/blog.erm.ee\/?p=3587#primaryimage"},"thumbnailUrl":"https:\/\/blog.erm.ee\/wp-content\/uploads\/2013\/10\/nt01591.jpg","datePublished":"2013-10-31T04:16:57+00:00","dateModified":"2013-12-17T21:34:49+00:00","author":{"@id":"https:\/\/blog.erm.ee\/#\/schema\/person\/6e98c391cb00a33e7c22a3571e062114"},"breadcrumb":{"@id":"https:\/\/blog.erm.ee\/?p=3587#breadcrumb"},"inLanguage":"et","potentialAction":[{"@type":"ReadAction","target":["https:\/\/blog.erm.ee\/?p=3587"]}]},{"@type":"ImageObject","inLanguage":"et","@id":"https:\/\/blog.erm.ee\/?p=3587#primaryimage","url":"https:\/\/blog.erm.ee\/wp-content\/uploads\/2013\/10\/nt01591.jpg","contentUrl":"https:\/\/blog.erm.ee\/wp-content\/uploads\/2013\/10\/nt01591.jpg","width":1200,"height":801},{"@type":"BreadcrumbList","@id":"https:\/\/blog.erm.ee\/?p=3587#breadcrumb","itemListElement":[{"@type":"ListItem","position":1,"name":"Home","item":"https:\/\/blog.erm.ee\/"},{"@type":"ListItem","position":2,"name":"Meie, mustlased"}]},{"@type":"WebSite","@id":"https:\/\/blog.erm.ee\/#website","url":"https:\/\/blog.erm.ee\/","name":"Eesti Rahva Muuseumi ajaveeb","description":"","potentialAction":[{"@type":"SearchAction","target":{"@type":"EntryPoint","urlTemplate":"https:\/\/blog.erm.ee\/?s={search_term_string}"},"query-input":{"@type":"PropertyValueSpecification","valueRequired":true,"valueName":"search_term_string"}}],"inLanguage":"et"},{"@type":"Person","@id":"https:\/\/blog.erm.ee\/#\/schema\/person\/6e98c391cb00a33e7c22a3571e062114","name":"Eesti Rahva Muuseum","image":{"@type":"ImageObject","inLanguage":"et","@id":"https:\/\/secure.gravatar.com\/avatar\/cb6d9ad5fb49f3f7315028ce5fe60641075f2cb52b8a058ff5a985fa2d8c1da0?s=96&d=mm&r=g","url":"https:\/\/secure.gravatar.com\/avatar\/cb6d9ad5fb49f3f7315028ce5fe60641075f2cb52b8a058ff5a985fa2d8c1da0?s=96&d=mm&r=g","contentUrl":"https:\/\/secure.gravatar.com\/avatar\/cb6d9ad5fb49f3f7315028ce5fe60641075f2cb52b8a058ff5a985fa2d8c1da0?s=96&d=mm&r=g","caption":"Eesti Rahva Muuseum"},"sameAs":["http:\/\/www.erm.ee"],"url":"https:\/\/blog.erm.ee\/?author=1"}]}},"jetpack_featured_media_url":"https:\/\/blog.erm.ee\/wp-content\/uploads\/2013\/10\/nt01591.jpg","jetpack_shortlink":"https:\/\/wp.me\/p2l9Zd-VR","jetpack_sharing_enabled":true,"jetpack_likes_enabled":true,"_links":{"self":[{"href":"https:\/\/blog.erm.ee\/index.php?rest_route=\/wp\/v2\/posts\/3587","targetHints":{"allow":["GET"]}}],"collection":[{"href":"https:\/\/blog.erm.ee\/index.php?rest_route=\/wp\/v2\/posts"}],"about":[{"href":"https:\/\/blog.erm.ee\/index.php?rest_route=\/wp\/v2\/types\/post"}],"author":[{"embeddable":true,"href":"https:\/\/blog.erm.ee\/index.php?rest_route=\/wp\/v2\/users\/1"}],"replies":[{"embeddable":true,"href":"https:\/\/blog.erm.ee\/index.php?rest_route=%2Fwp%2Fv2%2Fcomments&post=3587"}],"version-history":[{"count":18,"href":"https:\/\/blog.erm.ee\/index.php?rest_route=\/wp\/v2\/posts\/3587\/revisions"}],"predecessor-version":[{"id":4029,"href":"https:\/\/blog.erm.ee\/index.php?rest_route=\/wp\/v2\/posts\/3587\/revisions\/4029"}],"wp:featuredmedia":[{"embeddable":true,"href":"https:\/\/blog.erm.ee\/index.php?rest_route=\/wp\/v2\/media\/3605"}],"wp:attachment":[{"href":"https:\/\/blog.erm.ee\/index.php?rest_route=%2Fwp%2Fv2%2Fmedia&parent=3587"}],"wp:term":[{"taxonomy":"category","embeddable":true,"href":"https:\/\/blog.erm.ee\/index.php?rest_route=%2Fwp%2Fv2%2Fcategories&post=3587"},{"taxonomy":"post_tag","embeddable":true,"href":"https:\/\/blog.erm.ee\/index.php?rest_route=%2Fwp%2Fv2%2Ftags&post=3587"}],"curies":[{"name":"wp","href":"https:\/\/api.w.org\/{rel}","templated":true}]}}