{"id":2175,"date":"2013-06-11T11:10:47","date_gmt":"2013-06-11T09:10:47","guid":{"rendered":"http:\/\/blog.erm.ee\/?p=2175"},"modified":"2013-11-01T16:04:06","modified_gmt":"2013-11-01T14:04:06","slug":"lastelastele-sest-raagin-ohtuti","status":"publish","type":"post","link":"https:\/\/blog.erm.ee\/?p=2175","title":{"rendered":"Lastelastele sest r\u00e4\u00e4gin \u00f5htuti&#8230;"},"content":{"rendered":"<div class=\"fcbkbttn_buttons_block\" id=\"fcbkbttn_left\"><div class=\"fcbkbttn_like \"><fb:like href=\"https:\/\/blog.erm.ee\/?p=2175\" action=\"like\" colorscheme=\"light\" layout=\"standard\"  width=\"225px\" size=\"small\"><\/fb:like><\/div><div class=\"fb-share-button  \" data-href=\"https:\/\/blog.erm.ee\/?p=2175\" data-type=\"button\" data-size=\"small\"><\/div><\/div><p>&nbsp;<\/p>\n<p><i>Maimu Berg, kirjanik<\/i><\/p>\n<p><em>Fotod: Anu Ansu<\/em><\/p>\n<p>Varakevadel seadsid hipid ennast Eesti Rahva Muuseumi n\u00e4itusemajja sisse, avati n\u00e4itus \u201eN\u00f5ukogude lillelapsed. 70-ndate ps\u00fchhedeelne underground\u201c. Kaks p\u00e4ris efektset tegelast k\u00f6idavad kohe n\u00e4itusek\u00fclastaja pilku, t\u00fc\u00fcpilistes l\u00f5tvades hipipoosides pikajuukselised noormees ja neiu, poisil k\u00e4es lahutamatu kitarr. Nende \u00fcmber lillelaste rahutu maailm, kus tooni annavad toonased v\u00e4rvikamad tegelased Eestimaalt. Viimaste juttu on v\u00f5imalik ka ekraanidelt j\u00e4lgida. Jah, poisid \u2013 sest ainult mehed siin ju jutustamas ongi, on vanaks j\u00e4\u00e4nud&#8230; Suurem osa ka juuksed maha l\u00f5iganud ja\/v\u00f5i habemed \u00e4ra ajanud.<\/p>\n<p><a href=\"https:\/\/blog.erm.ee\/wp-content\/uploads\/2013\/06\/aa0016_01.jpg\"><img loading=\"lazy\" decoding=\"async\" data-attachment-id=\"2179\" data-permalink=\"https:\/\/blog.erm.ee\/?attachment_id=2179#main\" data-orig-file=\"https:\/\/blog.erm.ee\/wp-content\/uploads\/2013\/06\/aa0016_01.jpg\" data-orig-size=\"1200,1015\" data-comments-opened=\"1\" data-image-meta=\"{&quot;aperture&quot;:&quot;0&quot;,&quot;credit&quot;:&quot;&quot;,&quot;camera&quot;:&quot;&quot;,&quot;caption&quot;:&quot;&quot;,&quot;created_timestamp&quot;:&quot;1370938481&quot;,&quot;copyright&quot;:&quot;\\u00a9Eesti Rahva Muuseum&quot;,&quot;focal_length&quot;:&quot;0&quot;,&quot;iso&quot;:&quot;0&quot;,&quot;shutter_speed&quot;:&quot;0&quot;,&quot;title&quot;:&quot;&quot;}\" data-image-title=\"aa0016_01\" data-image-description=\"\" data-image-caption=\"\" data-large-file=\"https:\/\/blog.erm.ee\/wp-content\/uploads\/2013\/06\/aa0016_01-1024x866.jpg\" class=\" wp-image-2179 alignnone\" alt=\"aa0016_01\" src=\"https:\/\/blog.erm.ee\/wp-content\/uploads\/2013\/06\/aa0016_01-1024x866.jpg\" width=\"1024\" height=\"866\" srcset=\"https:\/\/blog.erm.ee\/wp-content\/uploads\/2013\/06\/aa0016_01-1024x866.jpg 1024w, https:\/\/blog.erm.ee\/wp-content\/uploads\/2013\/06\/aa0016_01-307x260.jpg 307w, https:\/\/blog.erm.ee\/wp-content\/uploads\/2013\/06\/aa0016_01-300x253.jpg 300w, https:\/\/blog.erm.ee\/wp-content\/uploads\/2013\/06\/aa0016_01.jpg 1200w\" sizes=\"auto, (max-width: 1024px) 100vw, 1024px\" \/><\/a><\/p>\n<p>Ma ei hakka siinkohal heietama, miks ja kuidas tekkis hipiliikumine L\u00e4\u00e4nes ja mille poolest see erines meil harrastatust. Oli ju palju sarnast, ent p\u00f5hiline lahknemine oli ideoloogiates, kelle v\u00f5i mille vastu keegi kuskil protesteeris. L\u00e4\u00e4nes protesteeriti k\u00f5ikjal laiutava tarbijamentaliteedi, isiksuse vabaduse k\u00e4rpimise vastu protesteerijate meelest jaburate \u00fchiskonnareeglitega, seisti \u00f5iguse eest olla ja teha just nii nagu meeldib, \u00f5iguse eest \u201ekosutada\u201c end vajadusel narkootikumidega, kolida t\u00fchjaks j\u00e4\u00e4nud elamispinnale ja elada seal vabalt, kammitsevatest moraalireeglitest hoolimata, kommuunides ja partnereid vahetades, elada \u00f5hust ja armastusest, naeruv\u00e4\u00e4ristada \u00f5htumaiste valgekraede haledat t\u00f6\u00f6dr\u00fcgavat luterlikku v\u00f5i moraalitsevat katoliiklikku maailma ja asendada s\u00fcnge palehigile ja pattude andekspalumisele orienteeritud kristlik moraal vaimu turgutava budistliku nabavaatluse nirvaanaga. Harrastada seda, mis meeldib, luua just niisugust muusikat, kunsti ja luulet, mis loojast v\u00e4lja purskab, olgu v\u00f5i ekskrementide kujul. Ja muidugi ei saa unustada hipiliikumise \u00fchte suurimat t\u00f5uget ja mootorit \u2013 Vietnami s\u00f5da, mis tegi noorele p\u00f5lvkonnale selgeks, et agressiivne \u00fchiskond on kriisis.<\/p>\n<p>Meil polnud muidugi mingit p\u00f5hjust protesteerida tarbijamentaliteedi vastu, pigem ikka selle vastu, et midagi eriti tarbida polnudki. Omamoodi jahmatavalt m\u00f5jusid n\u00e4iteks soome noored, igatepidi hipid mis hipid, aga laulsid n\u00f5ukogulike p\u00fchade ajal t\u00f5es ja vaimus Internatsionaali ja muud taolist, lehvitasid punaseid lippe ja \u00fclistasid suure idanaabri rahvaste head elu. Tekkis tahtmine protesteerida protesteerijate vastu. Teisalt oli siinne totalitarism tegelikult v\u00e4ga masendav, riigi omamoodi pidev s\u00f5da oma inimeste vastu. Hipisus aitas natukenegi n\u00e4idata, et kaugeltki k\u00f5ik inimesed, eesk\u00e4tt noored, ei kiida sellist riiki heaks, ei samastu sellega. Meil oli kristliku moraali asendanud kommunismiehitaja moraalikoodeks, mis muidugi oli kristlaste pealt \u00fcks\u00fchele maha vehitud, sestap sobis budism ka meie lillelastele ja hipi-ideoloogidele, tegelikult aga ka paljudele loomingulistele noortele v\u00e4ga h\u00e4sti. Narkootikumiturg oli meil \u00fcsna piiratud, viina oli k\u00fcll vabalt k\u00e4es ja hirmodavaid veine, aga viinaravilised n\u00e4iteks harrastasid kanget teed ja hambapastat, Kesk-Aasia ja Taga-Kaukaasia vennasvabariikidest mingit narkotsi ikka tilkus ka, r\u00e4\u00e4giti nt t\u0161at\u0161ast, aga ma ei tea kedagi, kes seda oleks tarbinud. Korterite vallutamine ei tulnud k\u00f5ne allagi \u00fchiskonnas, kus k\u00f5ik olid kuhugi sisse registreeritud ja miilitsamees k\u00e4is kontrollimas, kas nad seal ka elasid ning suur kuritegu oli olla ilma kindla t\u00f6\u00f6- ja elukohata. Ja mingeid vabu elamispindu tegelikult polnudki. Vietnami s\u00f5dagi j\u00e4ttis meid siin suhteliselt k\u00fclmaks, kuigi n\u00f5ukogude ideoloogia s\u00f5ja karmilt hukka m\u00f5istis ja s\u00f5jatemaatika kunstinimestele \u00fcllatavaid loomev\u00f5imalusi andis \u2013 meenub J\u00fcri Arraku maal \u201eSong mi\u201c \u2013 ilma sellise nimetuseta oleks tolle taiese tee n\u00e4itusesaalidesse v\u00f5ibolla okkalisem olnud&#8230;<\/p>\n<p><a href=\"https:\/\/blog.erm.ee\/wp-content\/uploads\/2013\/06\/aa0043.jpg\"><img loading=\"lazy\" decoding=\"async\" data-attachment-id=\"2180\" data-permalink=\"https:\/\/blog.erm.ee\/?attachment_id=2180#main\" data-orig-file=\"https:\/\/blog.erm.ee\/wp-content\/uploads\/2013\/06\/aa0043.jpg\" data-orig-size=\"1200,801\" data-comments-opened=\"1\" data-image-meta=\"{&quot;aperture&quot;:&quot;0&quot;,&quot;credit&quot;:&quot;&quot;,&quot;camera&quot;:&quot;&quot;,&quot;caption&quot;:&quot;&quot;,&quot;created_timestamp&quot;:&quot;1370940609&quot;,&quot;copyright&quot;:&quot;\\u00a9Eesti Rahva Muuseum&quot;,&quot;focal_length&quot;:&quot;0&quot;,&quot;iso&quot;:&quot;0&quot;,&quot;shutter_speed&quot;:&quot;0&quot;,&quot;title&quot;:&quot;&quot;}\" data-image-title=\"aa0043\" data-image-description=\"\" data-image-caption=\"\" data-large-file=\"https:\/\/blog.erm.ee\/wp-content\/uploads\/2013\/06\/aa0043-1024x683.jpg\" class=\" wp-image-2180 alignnone\" alt=\"aa0043\" src=\"https:\/\/blog.erm.ee\/wp-content\/uploads\/2013\/06\/aa0043-1024x683.jpg\" width=\"1024\" height=\"683\" srcset=\"https:\/\/blog.erm.ee\/wp-content\/uploads\/2013\/06\/aa0043-1024x683.jpg 1024w, https:\/\/blog.erm.ee\/wp-content\/uploads\/2013\/06\/aa0043-389x260.jpg 389w, https:\/\/blog.erm.ee\/wp-content\/uploads\/2013\/06\/aa0043-300x200.jpg 300w, https:\/\/blog.erm.ee\/wp-content\/uploads\/2013\/06\/aa0043.jpg 1200w\" sizes=\"auto, (max-width: 1024px) 100vw, 1024px\" \/><\/a><\/p>\n<p>Jah, aga meil piisas sageli sellest, kui astuti pelgalt v\u00e4limusega vastu totalitaarse \u00fchiskonna arusaamadele, n\u00e4idates samas ju ka \u00fcles solidaarsust L\u00e4\u00e4ne hipinoortega, kes vasakpoolsetele hoiakutele vaatamata siinsete v\u00f5imurite meelest koos sealse kapitalismiga mandusid ja roiskusid, tegid kohutavat muusikat ja t\u00f6\u00f6tegemise asemel konutasid pilves v\u00f5i seksisid avalikult kantri- ja rokkfestivalidel.<\/p>\n<p>Meenub \u00fcks Tartu Riikliku \u00dclikooli komsomolikomitee korraldatud koosolek, kuhu sattusin Vaino Vahingu mahitusel \u2013 tema oli koosolekule kutsutud, aga ei tahtnud minna ja saatis minu. Arutluse all oli nn karvaste k\u00fcsimus. Pikajuukselisus oli riiklikul tasandil \u00fcldiselt taunitud, \u00fckski v\u00f5mm ei kaitsnud neid noori mehi, kellele \u201e\u00f5iged\u201c n\u00f5ukogude kodanikud avalikult k\u00e4\u00e4ridega kallale tormasid ja nende juuksesalke p\u00fcgama asusid. Karvade alla v\u00f5is olla peitu pugenud v\u00f5\u00f5ras m\u00f5tteviis, seal kumisesid Rolling Stones\u2019i ja biitlite viisid ning V\u00f5ssotski laulud, igas pikajuukselises mehepeas keerles m\u00f5te m\u00f5ne vastalise almanahhi v\u00e4ljaandmisest, ideoloogiliselt vaenuliku taiese valmis vorpimisest v\u00f5i kitarri saatel n\u00f5ukogude v\u00f5imu suhtes pahatahtlike laulude jorutamisest. Tegelikult oli ju k\u00f5ik paha ning L\u00e4\u00e4ne karvaste m\u00f5ju: nii Rajaca punt, kes laveeris keelatu piiril kui ka teatris eksperimenteerivad Tooming, Hermak\u00fcla ja Unt, kahtlased kirjamehed Vahing, Vetemaa, Valton, Viiding ja Saluri ning muidugi Paul-Eerik Rummo oma \u201eTuhkatriinum\u00e4nguga\u201c.<\/p>\n<p>See on muidugi teema, mis vajaks p\u00f5hjalikku ja asjatundlikku k\u00e4sitlemist, diletandina piirdun praegu peamiselt meenutustega oma noorusaja, s.o 1960.\u201370. aastate Tartust. Nii v\u00f5i teisiti, igasugu karvased, ka habemikud olid moraalses m\u00f5ttes kahtlased v\u00f5i siis p\u00fc\u00fcti neid iseloomustada nii, et nad \u201e\u00fches \u00f5iges eesti mehes\u201c (aga muidugi ka naises) vaid p\u00f5lgust esile kutsuksid. Nii juhtis \u00fcks Tartu toonane nimekas ps\u00fchhiaater oma leheartiklis t\u00e4helepanu sellele, et habemikud pole miskit mehed, sest mees kasvatab habeme kompensatsiooniks oma impotentsusele. See tundus k\u00fcll rohkem kui kentsakas, kui m\u00f5elda miljonitele habemikele minevikust, kellest suurem enamus oli ju endast ka j\u00e4rglasi maha j\u00e4tnud ja ajas vihale koosolekul viibinud elup\u00f5lise habemiku \u00dclo Vooglaiu, toona nelja lapse isa. Koosoleku korraldajatele oli selge, et mingit \u00fchist lillelapsi hukkam\u00f5istvat otsust siit ei tule. Tegelikult p\u00fc\u00fcdiski v\u00f5im loominguliste noortega ka kenasti flirtida, nii \u00fcldisi olusid arvestades \u00fcpris vabameelse ajakirja \u201eNoorus\u201c v\u00f5imalikuks tegemisega kui ka sellesama \u201eNooruse\u201c laagrite nime alla tuntud noorte kunstnike, kirjanike, teatriinimeste jne kogunemistega, kus muuhulgas esinesid ka v\u00f5imu ja valitsuse tasemel lektorid, kellega noored isegi vaidlustesse tohtisid laskuda.<\/p>\n<p>Vaatamata rahva seas \u00fcles k\u00f6etud \u201e\u00f5igustatud\u201c vihale igasugu karvaste vastu, mis kohati kasvas \u00fcle vihaks kunstinoorte vastu \u00fcldse \u2013 see vaen ei ole mitmetest s\u00fcdametest t\u00e4naseni kustunud \u2013 , oli toonases Tartus nn pikajuukselisi nii tuntud kui tundmatute noorte hulgas, nii tudengite kui t\u00f6\u00f6lk\u00e4ivate noorte seas. Neiud ei paistnud nii silma, kuigi pikad sirged lehvivad soengusse s\u00e4ttimata juuksed oli suhteliselt uus mood, aga iga\u00fcks teadis vanas\u00f5na \u2013 pikk juus, l\u00fchike aru, sellega olid t\u00fcdrukud, nagu ikka, kenasti paika pandud. Pikajuukselisi noormehi aga v\u00f5is leida nii teatrist, \u00fclikooli kohvikust ja auditooriumidest kui ka meie, s.o Vahingute kuulsast salongist. N\u00e4itleja Jaan Kiho, lavastaja ja n\u00e4itleja Jaan Tooming, muusik ja poeet M\u00fclleri Sass, luuletajad Johnny B ja P\u00e4rka Hint, kunstnik Enn Tegova, ja muidugi kasvasid \u201elubatust\u201c pikemaks ka Paul-Eerik Rummo, Jaan Kaplinski, Joel Sanga ja isegi Mati Undi juuksed. Kitarri-poolt esindas k\u00f5ige uhkemalt T\u00f5nu Tepandi. Tallinnas k\u00f5ndisid lehvivi loki ringi noorukesed Peeter Volkonski Mihkel Mutt. Mitmel neist oli ka habe. Kuid n\u00f5ukogude v\u00f5im ei eksinud, kui ta kahtlustas \u201emeie\u201c karvaseid eesk\u00e4tt ikka ideoloogilises n\u00f5truses ja seet\u00f5ttu n\u00e4gi r\u00f5\u00f5muga, kuidas \u201eaus t\u00f6\u00f6tav rahvas\u201c asus k\u00e4\u00e4ridega korda looma \u2013 v\u00e4ljastpoolt, samal ajal kui v\u00f5imul tuli seda katsuda teha ka seestpoolt. Olukord polnud viimastelegi kiita. Raudne eesriie oli roostetama hakanud, P\u00f5hja-Eesti vahtis Soome televisiooni, Tartus liikus igasugu kanaleid pidi sissetoodud kirjandust, mikrofilme, mida fotopaberil paljundati ja k\u00e4est k\u00e4tte levitati, plaate, mida \u00fcksteisele laenutati. M\u00e4letan, kuidas \u00dclev Aaloe kaudu sattus meilegi plaat Andrew Lloyd Webberi muusikaliga \u201eJesus Christ Superstar\u201c ja missugust m\u00f5ju see avaldas. Maailma protohipi Jeesus Kristus ja tema \u00fcmber liikuvad tegelased, vennaskond, nende s\u00f5prus, kasinus, naised, reetmine. Minu jaoks oli see muusikal otsekui ajastu s\u00fcmbol ja kokkuv\u00f5te ning suurim soov oleks olnud seda n\u00e4ha Broadway laval v\u00f5i v\u00e4hemasti filmina.<\/p>\n<p><a href=\"https:\/\/blog.erm.ee\/wp-content\/uploads\/2013\/06\/aa0047.jpg\"><img loading=\"lazy\" decoding=\"async\" data-attachment-id=\"2181\" data-permalink=\"https:\/\/blog.erm.ee\/?attachment_id=2181#main\" data-orig-file=\"https:\/\/blog.erm.ee\/wp-content\/uploads\/2013\/06\/aa0047.jpg\" data-orig-size=\"1200,801\" data-comments-opened=\"1\" data-image-meta=\"{&quot;aperture&quot;:&quot;0&quot;,&quot;credit&quot;:&quot;&quot;,&quot;camera&quot;:&quot;&quot;,&quot;caption&quot;:&quot;&quot;,&quot;created_timestamp&quot;:&quot;1370940817&quot;,&quot;copyright&quot;:&quot;\\u00a9Eesti Rahva Muuseum&quot;,&quot;focal_length&quot;:&quot;0&quot;,&quot;iso&quot;:&quot;0&quot;,&quot;shutter_speed&quot;:&quot;0&quot;,&quot;title&quot;:&quot;&quot;}\" data-image-title=\"aa0047\" data-image-description=\"\" data-image-caption=\"\" data-large-file=\"https:\/\/blog.erm.ee\/wp-content\/uploads\/2013\/06\/aa0047-1024x683.jpg\" class=\" wp-image-2181 alignnone\" alt=\"aa0047\" src=\"https:\/\/blog.erm.ee\/wp-content\/uploads\/2013\/06\/aa0047-1024x683.jpg\" width=\"1024\" height=\"683\" srcset=\"https:\/\/blog.erm.ee\/wp-content\/uploads\/2013\/06\/aa0047-1024x683.jpg 1024w, https:\/\/blog.erm.ee\/wp-content\/uploads\/2013\/06\/aa0047-389x260.jpg 389w, https:\/\/blog.erm.ee\/wp-content\/uploads\/2013\/06\/aa0047-300x200.jpg 300w, https:\/\/blog.erm.ee\/wp-content\/uploads\/2013\/06\/aa0047.jpg 1200w\" sizes=\"auto, (max-width: 1024px) 100vw, 1024px\" \/><\/a><\/p>\n<p>V\u00f5i kokkupuude noore Ameerika eestlase J\u00fcri (George) Kurmani perega, kellel \u00f5nnestus oma vagunautoga m\u00f5neks ajaks Eestisse r\u00e4nnata. Kuigi J\u00fcri oli oma pikad lokid l\u00fchikeseks l\u00f5iganud ja katsus ENSV-s k\u00e4ituda v\u00f5imalikult taltsalt, \u00f5hkus nii temast kui ka ta abikaasast Tiinast selget lillelapse l\u00f5hna, see, kuidas J\u00fcri enesestm\u00f5istetavusega r\u00e4\u00e4kis oma ha\u0161i\u0161i pruukimisest, kuidas Tiina l\u00fckkas elegantse viipega tagasi silmadele tikkuvaid pikki juukseid, kuidas nad leebete liigutustega kantseldasid oma nelja pisit\u00fctart&#8230; K\u00f5ik t\u00f5sisemad jutuajamised sinna juurde.<\/p>\n<p>Ja samas ka kogu see lillelapsenduse lihtsustatud pool meie kodulinnakeses \u2013 Kaunase restoranis n\u00e4iteks tuli keegi meesterahvas pikajuukselist valges kampsunis Enn Tegovat tantsima v\u00f5tma, pidades teda n\u00e4gusaks t\u00fctarlapseks. V\u00f5i Vahing salongis k\u00fclalistele uhmris pulbriks tambitud B-vitamiini jagamas seletusega, et n\u00fc\u00fcd saavad nad proovida eriti m\u00f5juvat narkootikumi. B-vitamiin m\u00f5juski mitmetele t\u00f5elise uimastina. See k\u00f5ik oli muidugi kurbnaljakas pinnavirvendus. T\u00f5si oli aga see, et hipiliikumine L\u00e4\u00e4nes andis meile siin julgust erineda, protesteerida, paljude seni tabuks peetud asjade \u00fcle ironiseerida v\u00f5i naerda, olgu siis oma loomingu v\u00f5i kasv\u00f5i n-\u00f6 lorilaulude kaudu. V\u00f5ibolla ma liialdan v\u00f5i r\u00e4\u00e4gin vaid enda nimel, aga see oli nagu inimkonna noorp\u00f5lv kauges renessansiajas, kus inimmassi \u00fcksikud liikmed hakkasid j\u00e4rsku m\u00f5istma ja tundma, et nad on isiksused. Siia sobisid h\u00e4sti Vahingu salongi v\u00e4ljas\u00f5iduistungid, kus hariti \u00fcksteist nii filosoofias, ps\u00fchholoogias kui ka kunstis ja kirjanduses. Kindlasti oleks meie p\u00f5lvkonna kujunemine ilma L\u00e4\u00e4ne hipiliikumiseta olnud teistsugune, v\u00f5ibolla oleks eneseleidmine olnud vaevalisem, v\u00f5ibolla oleks julgusest puudu tulnud. Teisalt oli ju meile abiks seegi, et kuni T\u0161ehhi s\u00fcndmusteni l\u00e4ks meiegi vabanemine siin t\u00f5usvas joones ja seda nii ideoloogilises kui ka \u00fchiskondlikus plaanis.<\/p>\n<p>Kui L\u00e4\u00e4ne noored tegid \u201epalver\u00e4nnakuid\u201c Indiasse v\u00f5i Nepali, siis meie hipidele olid avatud budistlikud piirkonnad selleaegses NSV Liidus. Nii potsatas meie postkasti minu nimele \u00fchel p\u00e4eval kaart, mis oli posti pandud Tuvast ja kus keegi Arvo ja Peeter mind tervitasid ja tegid ettepaneku hauad k\u00f5rvuti panna. See vihastas armukadeda Vahingu v\u00e4lja ja ta hakkas minult n\u00f5udma, et ma avaldaksin, kes need Venemaal seiklevad Arvo ja Peeter on. Suure m\u00f5istatamise peale saime l\u00f5puks aru, et need on Valton ja Volkonski, keda me omavahel peaaegu kunagi eesnimepidi ei kutsunud. Nemad olid \u00fched budismi ja sealsete alade kultuuri j\u00e4lgedele siirdunutest. Hiljem jagati pika reisi muljeid. Tohutu osa oli siin ka Linnart M\u00e4lli juhitud orientalistika kabinetil, mis sai tegutseda \u00fclikooli juures.<\/p>\n<p><a href=\"https:\/\/blog.erm.ee\/wp-content\/uploads\/2013\/06\/aa0021.jpg\"><img loading=\"lazy\" decoding=\"async\" data-attachment-id=\"2182\" data-permalink=\"https:\/\/blog.erm.ee\/?attachment_id=2182#main\" data-orig-file=\"https:\/\/blog.erm.ee\/wp-content\/uploads\/2013\/06\/aa0021.jpg\" data-orig-size=\"1200,801\" data-comments-opened=\"1\" data-image-meta=\"{&quot;aperture&quot;:&quot;0&quot;,&quot;credit&quot;:&quot;&quot;,&quot;camera&quot;:&quot;&quot;,&quot;caption&quot;:&quot;&quot;,&quot;created_timestamp&quot;:&quot;1370938744&quot;,&quot;copyright&quot;:&quot;\\u00a9Eesti Rahva Muuseum&quot;,&quot;focal_length&quot;:&quot;0&quot;,&quot;iso&quot;:&quot;0&quot;,&quot;shutter_speed&quot;:&quot;0&quot;,&quot;title&quot;:&quot;&quot;}\" data-image-title=\"aa0021\" data-image-description=\"\" data-image-caption=\"\" data-large-file=\"https:\/\/blog.erm.ee\/wp-content\/uploads\/2013\/06\/aa0021-1024x683.jpg\" class=\" wp-image-2182 alignnone\" alt=\"aa0021\" src=\"https:\/\/blog.erm.ee\/wp-content\/uploads\/2013\/06\/aa0021-1024x683.jpg\" width=\"1024\" height=\"683\" srcset=\"https:\/\/blog.erm.ee\/wp-content\/uploads\/2013\/06\/aa0021-1024x683.jpg 1024w, https:\/\/blog.erm.ee\/wp-content\/uploads\/2013\/06\/aa0021-389x260.jpg 389w, https:\/\/blog.erm.ee\/wp-content\/uploads\/2013\/06\/aa0021-300x200.jpg 300w, https:\/\/blog.erm.ee\/wp-content\/uploads\/2013\/06\/aa0021.jpg 1200w\" sizes=\"auto, (max-width: 1024px) 100vw, 1024px\" \/><\/a><\/p>\n<p>Igal juhul \u00e4ratas ERM-i n\u00e4itus minus ellu kuhjaga vanu m\u00e4lestusi, k\u00e4isin veel Tartus l\u00e4bi k\u00f5ik paigad, kus kunagi elasin, meenutasin k\u00f5iki neid, kellega siis nii palju aega koos sai viibitud.<\/p>\n<p>Need siin on vaid m\u00e4lestuskillud ega anna edasi seda vabanemise, joovastuse ja \u00fchtekuuluvuse tunnet, mis on nii omane noorusele, millele aga hipiliikumine oma erilise n\u00fcansi lisas. Ka meil Eestis, ja just siin, Tartus. On v\u00e4ga tore, et Eesti Rahva Muuseumil tuli idee seda k\u00f5ike j\u00e4\u00e4dvustada, neid materjale kokku koguma hakata, omaaegseid hipisid usutleda. Tegelikult oligi selleks viimane aeg. Loodetavasti j\u00e4tkub muuseumis t\u00f6\u00f6 selle teemaga, meie lillelaste \u201evanavara\u201c on viimane aeg kokku korjata. Kindlasti v\u00e4\u00e4rib see teema n\u00e4itusena tuleviku uues muuseumis mitut saali ja miks mitte ka \u00fcht t\u00f5husat seminari ja suvist hipin\u00e4dalat toonase muusika, kunsti, r\u00f5ivastuse, luule lummuses. Hea algus on tehtud ja seni tasub praegusel n\u00e4itusel kindlasti \u00e4ra k\u00e4ia. Tasub nii minu p\u00f5lvkonnal kui ka meie lastel ja lastelastel. Kuidas luuletas kunagi \u00fches oma koduses vemmalv\u00e4rsis Mati Unt: \u201eLastelastele sest r\u00e4\u00e4gin \u00f5htuti, et nad teaks, kuis ennevanast elati&#8230;\u201c<\/p>\n<div class=\"fcbkbttn_buttons_block\" id=\"fcbkbttn_left\"><div class=\"fcbkbttn_like \"><fb:like href=\"https:\/\/blog.erm.ee\/?p=2175\" action=\"like\" colorscheme=\"light\" layout=\"standard\"  width=\"225px\" size=\"small\"><\/fb:like><\/div><div class=\"fb-share-button  \" data-href=\"https:\/\/blog.erm.ee\/?p=2175\" data-type=\"button\" data-size=\"small\"><\/div><\/div>","protected":false},"excerpt":{"rendered":"<p>&nbsp; Maimu Berg, kirjanik Fotod: Anu Ansu Varakevadel seadsid hipid ennast Eesti Rahva Muuseumi n\u00e4itusemajja sisse, avati n\u00e4itus \u201eN\u00f5ukogude lillelapsed. 70-ndate ps\u00fchhedeelne underground\u201c. Kaks p\u00e4ris efektset tegelast k\u00f6idavad kohe n\u00e4itusek\u00fclastaja pilku, t\u00fc\u00fcpilistes l\u00f5tvades hipipoosides pikajuukselised noormees ja neiu, poisil k\u00e4es lahutamatu kitarr. Nende \u00fcmber lillelaste rahutu maailm, kus tooni annavad toonased v\u00e4rvikamad tegelased Eestimaalt. Viimaste&hellip;<\/p>\n","protected":false},"author":1,"featured_media":2179,"comment_status":"open","ping_status":"open","sticky":false,"template":"","format":"standard","meta":{"_monsterinsights_skip_tracking":false,"_monsterinsights_sitenote_active":false,"_monsterinsights_sitenote_note":"","_monsterinsights_sitenote_category":0,"jetpack_post_was_ever_published":false,"_jetpack_newsletter_access":"","_jetpack_dont_email_post_to_subs":false,"_jetpack_newsletter_tier_id":0,"_jetpack_memberships_contains_paywalled_content":false,"_jetpack_memberships_contains_paid_content":false,"footnotes":""},"categories":[7],"tags":[],"class_list":["post-2175","post","type-post","status-publish","format-standard","has-post-thumbnail","hentry","category-naitus"],"yoast_head":"<!-- This site is optimized with the Yoast SEO plugin v27.5 - https:\/\/yoast.com\/product\/yoast-seo-wordpress\/ -->\n<title>Lastelastele sest r\u00e4\u00e4gin \u00f5htuti... - Eesti Rahva Muuseumi ajaveeb<\/title>\n<meta name=\"robots\" content=\"index, follow, max-snippet:-1, max-image-preview:large, max-video-preview:-1\" \/>\n<link rel=\"canonical\" href=\"https:\/\/blog.erm.ee\/?p=2175\" \/>\n<meta property=\"og:locale\" content=\"et_EE\" \/>\n<meta property=\"og:type\" content=\"article\" \/>\n<meta property=\"og:title\" content=\"Lastelastele sest r\u00e4\u00e4gin \u00f5htuti... - Eesti Rahva Muuseumi ajaveeb\" \/>\n<meta property=\"og:description\" content=\"&nbsp; Maimu Berg, kirjanik Fotod: Anu Ansu Varakevadel seadsid hipid ennast Eesti Rahva Muuseumi n\u00e4itusemajja sisse, avati n\u00e4itus \u201eN\u00f5ukogude lillelapsed. 70-ndate ps\u00fchhedeelne underground\u201c. Kaks p\u00e4ris efektset tegelast k\u00f6idavad kohe n\u00e4itusek\u00fclastaja pilku, t\u00fc\u00fcpilistes l\u00f5tvades hipipoosides pikajuukselised noormees ja neiu, poisil k\u00e4es lahutamatu kitarr. Nende \u00fcmber lillelaste rahutu maailm, kus tooni annavad toonased v\u00e4rvikamad tegelased Eestimaalt. Viimaste&hellip;\" \/>\n<meta property=\"og:url\" content=\"https:\/\/blog.erm.ee\/?p=2175\" \/>\n<meta property=\"og:site_name\" content=\"Eesti Rahva Muuseumi ajaveeb\" \/>\n<meta property=\"article:published_time\" content=\"2013-06-11T09:10:47+00:00\" \/>\n<meta property=\"article:modified_time\" content=\"2013-11-01T14:04:06+00:00\" \/>\n<meta property=\"og:image\" content=\"https:\/\/blog.erm.ee\/wp-content\/uploads\/2013\/06\/aa0016_01.jpg\" \/>\n\t<meta property=\"og:image:width\" content=\"1200\" \/>\n\t<meta property=\"og:image:height\" content=\"1015\" \/>\n\t<meta property=\"og:image:type\" content=\"image\/jpeg\" \/>\n<meta name=\"author\" content=\"Eesti Rahva Muuseum\" \/>\n<meta name=\"twitter:card\" content=\"summary_large_image\" \/>\n<meta name=\"twitter:label1\" content=\"Written by\" \/>\n\t<meta name=\"twitter:data1\" content=\"Eesti Rahva Muuseum\" \/>\n\t<meta name=\"twitter:label2\" content=\"Est. reading time\" \/>\n\t<meta name=\"twitter:data2\" content=\"9 minutit\" \/>\n<script type=\"application\/ld+json\" class=\"yoast-schema-graph\">{\"@context\":\"https:\\\/\\\/schema.org\",\"@graph\":[{\"@type\":\"Article\",\"@id\":\"https:\\\/\\\/blog.erm.ee\\\/?p=2175#article\",\"isPartOf\":{\"@id\":\"https:\\\/\\\/blog.erm.ee\\\/?p=2175\"},\"author\":{\"name\":\"Eesti Rahva Muuseum\",\"@id\":\"https:\\\/\\\/blog.erm.ee\\\/#\\\/schema\\\/person\\\/6e98c391cb00a33e7c22a3571e062114\"},\"headline\":\"Lastelastele sest r\u00e4\u00e4gin \u00f5htuti&#8230;\",\"datePublished\":\"2013-06-11T09:10:47+00:00\",\"dateModified\":\"2013-11-01T14:04:06+00:00\",\"mainEntityOfPage\":{\"@id\":\"https:\\\/\\\/blog.erm.ee\\\/?p=2175\"},\"wordCount\":1883,\"commentCount\":2,\"image\":{\"@id\":\"https:\\\/\\\/blog.erm.ee\\\/?p=2175#primaryimage\"},\"thumbnailUrl\":\"https:\\\/\\\/blog.erm.ee\\\/wp-content\\\/uploads\\\/2013\\\/06\\\/aa0016_01.jpg\",\"articleSection\":[\"N\u00e4itus\"],\"inLanguage\":\"et\",\"potentialAction\":[{\"@type\":\"CommentAction\",\"name\":\"Comment\",\"target\":[\"https:\\\/\\\/blog.erm.ee\\\/?p=2175#respond\"]}]},{\"@type\":\"WebPage\",\"@id\":\"https:\\\/\\\/blog.erm.ee\\\/?p=2175\",\"url\":\"https:\\\/\\\/blog.erm.ee\\\/?p=2175\",\"name\":\"Lastelastele sest r\u00e4\u00e4gin \u00f5htuti... - Eesti Rahva Muuseumi ajaveeb\",\"isPartOf\":{\"@id\":\"https:\\\/\\\/blog.erm.ee\\\/#website\"},\"primaryImageOfPage\":{\"@id\":\"https:\\\/\\\/blog.erm.ee\\\/?p=2175#primaryimage\"},\"image\":{\"@id\":\"https:\\\/\\\/blog.erm.ee\\\/?p=2175#primaryimage\"},\"thumbnailUrl\":\"https:\\\/\\\/blog.erm.ee\\\/wp-content\\\/uploads\\\/2013\\\/06\\\/aa0016_01.jpg\",\"datePublished\":\"2013-06-11T09:10:47+00:00\",\"dateModified\":\"2013-11-01T14:04:06+00:00\",\"author\":{\"@id\":\"https:\\\/\\\/blog.erm.ee\\\/#\\\/schema\\\/person\\\/6e98c391cb00a33e7c22a3571e062114\"},\"breadcrumb\":{\"@id\":\"https:\\\/\\\/blog.erm.ee\\\/?p=2175#breadcrumb\"},\"inLanguage\":\"et\",\"potentialAction\":[{\"@type\":\"ReadAction\",\"target\":[\"https:\\\/\\\/blog.erm.ee\\\/?p=2175\"]}]},{\"@type\":\"ImageObject\",\"inLanguage\":\"et\",\"@id\":\"https:\\\/\\\/blog.erm.ee\\\/?p=2175#primaryimage\",\"url\":\"https:\\\/\\\/blog.erm.ee\\\/wp-content\\\/uploads\\\/2013\\\/06\\\/aa0016_01.jpg\",\"contentUrl\":\"https:\\\/\\\/blog.erm.ee\\\/wp-content\\\/uploads\\\/2013\\\/06\\\/aa0016_01.jpg\",\"width\":1200,\"height\":1015},{\"@type\":\"BreadcrumbList\",\"@id\":\"https:\\\/\\\/blog.erm.ee\\\/?p=2175#breadcrumb\",\"itemListElement\":[{\"@type\":\"ListItem\",\"position\":1,\"name\":\"Home\",\"item\":\"https:\\\/\\\/blog.erm.ee\\\/\"},{\"@type\":\"ListItem\",\"position\":2,\"name\":\"Lastelastele sest r\u00e4\u00e4gin \u00f5htuti&#8230;\"}]},{\"@type\":\"WebSite\",\"@id\":\"https:\\\/\\\/blog.erm.ee\\\/#website\",\"url\":\"https:\\\/\\\/blog.erm.ee\\\/\",\"name\":\"Eesti Rahva Muuseumi ajaveeb\",\"description\":\"\",\"potentialAction\":[{\"@type\":\"SearchAction\",\"target\":{\"@type\":\"EntryPoint\",\"urlTemplate\":\"https:\\\/\\\/blog.erm.ee\\\/?s={search_term_string}\"},\"query-input\":{\"@type\":\"PropertyValueSpecification\",\"valueRequired\":true,\"valueName\":\"search_term_string\"}}],\"inLanguage\":\"et\"},{\"@type\":\"Person\",\"@id\":\"https:\\\/\\\/blog.erm.ee\\\/#\\\/schema\\\/person\\\/6e98c391cb00a33e7c22a3571e062114\",\"name\":\"Eesti Rahva Muuseum\",\"image\":{\"@type\":\"ImageObject\",\"inLanguage\":\"et\",\"@id\":\"https:\\\/\\\/secure.gravatar.com\\\/avatar\\\/cb6d9ad5fb49f3f7315028ce5fe60641075f2cb52b8a058ff5a985fa2d8c1da0?s=96&d=mm&r=g\",\"url\":\"https:\\\/\\\/secure.gravatar.com\\\/avatar\\\/cb6d9ad5fb49f3f7315028ce5fe60641075f2cb52b8a058ff5a985fa2d8c1da0?s=96&d=mm&r=g\",\"contentUrl\":\"https:\\\/\\\/secure.gravatar.com\\\/avatar\\\/cb6d9ad5fb49f3f7315028ce5fe60641075f2cb52b8a058ff5a985fa2d8c1da0?s=96&d=mm&r=g\",\"caption\":\"Eesti Rahva Muuseum\"},\"sameAs\":[\"http:\\\/\\\/www.erm.ee\"],\"url\":\"https:\\\/\\\/blog.erm.ee\\\/?author=1\"}]}<\/script>\n<!-- \/ Yoast SEO plugin. -->","yoast_head_json":{"title":"Lastelastele sest r\u00e4\u00e4gin \u00f5htuti... - Eesti Rahva Muuseumi ajaveeb","robots":{"index":"index","follow":"follow","max-snippet":"max-snippet:-1","max-image-preview":"max-image-preview:large","max-video-preview":"max-video-preview:-1"},"canonical":"https:\/\/blog.erm.ee\/?p=2175","og_locale":"et_EE","og_type":"article","og_title":"Lastelastele sest r\u00e4\u00e4gin \u00f5htuti... - Eesti Rahva Muuseumi ajaveeb","og_description":"&nbsp; Maimu Berg, kirjanik Fotod: Anu Ansu Varakevadel seadsid hipid ennast Eesti Rahva Muuseumi n\u00e4itusemajja sisse, avati n\u00e4itus \u201eN\u00f5ukogude lillelapsed. 70-ndate ps\u00fchhedeelne underground\u201c. Kaks p\u00e4ris efektset tegelast k\u00f6idavad kohe n\u00e4itusek\u00fclastaja pilku, t\u00fc\u00fcpilistes l\u00f5tvades hipipoosides pikajuukselised noormees ja neiu, poisil k\u00e4es lahutamatu kitarr. Nende \u00fcmber lillelaste rahutu maailm, kus tooni annavad toonased v\u00e4rvikamad tegelased Eestimaalt. Viimaste&hellip;","og_url":"https:\/\/blog.erm.ee\/?p=2175","og_site_name":"Eesti Rahva Muuseumi ajaveeb","article_published_time":"2013-06-11T09:10:47+00:00","article_modified_time":"2013-11-01T14:04:06+00:00","og_image":[{"width":1200,"height":1015,"url":"https:\/\/blog.erm.ee\/wp-content\/uploads\/2013\/06\/aa0016_01.jpg","type":"image\/jpeg"}],"author":"Eesti Rahva Muuseum","twitter_card":"summary_large_image","twitter_misc":{"Written by":"Eesti Rahva Muuseum","Est. reading time":"9 minutit"},"schema":{"@context":"https:\/\/schema.org","@graph":[{"@type":"Article","@id":"https:\/\/blog.erm.ee\/?p=2175#article","isPartOf":{"@id":"https:\/\/blog.erm.ee\/?p=2175"},"author":{"name":"Eesti Rahva Muuseum","@id":"https:\/\/blog.erm.ee\/#\/schema\/person\/6e98c391cb00a33e7c22a3571e062114"},"headline":"Lastelastele sest r\u00e4\u00e4gin \u00f5htuti&#8230;","datePublished":"2013-06-11T09:10:47+00:00","dateModified":"2013-11-01T14:04:06+00:00","mainEntityOfPage":{"@id":"https:\/\/blog.erm.ee\/?p=2175"},"wordCount":1883,"commentCount":2,"image":{"@id":"https:\/\/blog.erm.ee\/?p=2175#primaryimage"},"thumbnailUrl":"https:\/\/blog.erm.ee\/wp-content\/uploads\/2013\/06\/aa0016_01.jpg","articleSection":["N\u00e4itus"],"inLanguage":"et","potentialAction":[{"@type":"CommentAction","name":"Comment","target":["https:\/\/blog.erm.ee\/?p=2175#respond"]}]},{"@type":"WebPage","@id":"https:\/\/blog.erm.ee\/?p=2175","url":"https:\/\/blog.erm.ee\/?p=2175","name":"Lastelastele sest r\u00e4\u00e4gin \u00f5htuti... - Eesti Rahva Muuseumi ajaveeb","isPartOf":{"@id":"https:\/\/blog.erm.ee\/#website"},"primaryImageOfPage":{"@id":"https:\/\/blog.erm.ee\/?p=2175#primaryimage"},"image":{"@id":"https:\/\/blog.erm.ee\/?p=2175#primaryimage"},"thumbnailUrl":"https:\/\/blog.erm.ee\/wp-content\/uploads\/2013\/06\/aa0016_01.jpg","datePublished":"2013-06-11T09:10:47+00:00","dateModified":"2013-11-01T14:04:06+00:00","author":{"@id":"https:\/\/blog.erm.ee\/#\/schema\/person\/6e98c391cb00a33e7c22a3571e062114"},"breadcrumb":{"@id":"https:\/\/blog.erm.ee\/?p=2175#breadcrumb"},"inLanguage":"et","potentialAction":[{"@type":"ReadAction","target":["https:\/\/blog.erm.ee\/?p=2175"]}]},{"@type":"ImageObject","inLanguage":"et","@id":"https:\/\/blog.erm.ee\/?p=2175#primaryimage","url":"https:\/\/blog.erm.ee\/wp-content\/uploads\/2013\/06\/aa0016_01.jpg","contentUrl":"https:\/\/blog.erm.ee\/wp-content\/uploads\/2013\/06\/aa0016_01.jpg","width":1200,"height":1015},{"@type":"BreadcrumbList","@id":"https:\/\/blog.erm.ee\/?p=2175#breadcrumb","itemListElement":[{"@type":"ListItem","position":1,"name":"Home","item":"https:\/\/blog.erm.ee\/"},{"@type":"ListItem","position":2,"name":"Lastelastele sest r\u00e4\u00e4gin \u00f5htuti&#8230;"}]},{"@type":"WebSite","@id":"https:\/\/blog.erm.ee\/#website","url":"https:\/\/blog.erm.ee\/","name":"Eesti Rahva Muuseumi ajaveeb","description":"","potentialAction":[{"@type":"SearchAction","target":{"@type":"EntryPoint","urlTemplate":"https:\/\/blog.erm.ee\/?s={search_term_string}"},"query-input":{"@type":"PropertyValueSpecification","valueRequired":true,"valueName":"search_term_string"}}],"inLanguage":"et"},{"@type":"Person","@id":"https:\/\/blog.erm.ee\/#\/schema\/person\/6e98c391cb00a33e7c22a3571e062114","name":"Eesti Rahva Muuseum","image":{"@type":"ImageObject","inLanguage":"et","@id":"https:\/\/secure.gravatar.com\/avatar\/cb6d9ad5fb49f3f7315028ce5fe60641075f2cb52b8a058ff5a985fa2d8c1da0?s=96&d=mm&r=g","url":"https:\/\/secure.gravatar.com\/avatar\/cb6d9ad5fb49f3f7315028ce5fe60641075f2cb52b8a058ff5a985fa2d8c1da0?s=96&d=mm&r=g","contentUrl":"https:\/\/secure.gravatar.com\/avatar\/cb6d9ad5fb49f3f7315028ce5fe60641075f2cb52b8a058ff5a985fa2d8c1da0?s=96&d=mm&r=g","caption":"Eesti Rahva Muuseum"},"sameAs":["http:\/\/www.erm.ee"],"url":"https:\/\/blog.erm.ee\/?author=1"}]}},"jetpack_featured_media_url":"https:\/\/blog.erm.ee\/wp-content\/uploads\/2013\/06\/aa0016_01.jpg","jetpack_shortlink":"https:\/\/wp.me\/p2l9Zd-z5","jetpack_sharing_enabled":true,"jetpack_likes_enabled":true,"_links":{"self":[{"href":"https:\/\/blog.erm.ee\/index.php?rest_route=\/wp\/v2\/posts\/2175","targetHints":{"allow":["GET"]}}],"collection":[{"href":"https:\/\/blog.erm.ee\/index.php?rest_route=\/wp\/v2\/posts"}],"about":[{"href":"https:\/\/blog.erm.ee\/index.php?rest_route=\/wp\/v2\/types\/post"}],"author":[{"embeddable":true,"href":"https:\/\/blog.erm.ee\/index.php?rest_route=\/wp\/v2\/users\/1"}],"replies":[{"embeddable":true,"href":"https:\/\/blog.erm.ee\/index.php?rest_route=%2Fwp%2Fv2%2Fcomments&post=2175"}],"version-history":[{"count":7,"href":"https:\/\/blog.erm.ee\/index.php?rest_route=\/wp\/v2\/posts\/2175\/revisions"}],"predecessor-version":[{"id":3661,"href":"https:\/\/blog.erm.ee\/index.php?rest_route=\/wp\/v2\/posts\/2175\/revisions\/3661"}],"wp:featuredmedia":[{"embeddable":true,"href":"https:\/\/blog.erm.ee\/index.php?rest_route=\/wp\/v2\/media\/2179"}],"wp:attachment":[{"href":"https:\/\/blog.erm.ee\/index.php?rest_route=%2Fwp%2Fv2%2Fmedia&parent=2175"}],"wp:term":[{"taxonomy":"category","embeddable":true,"href":"https:\/\/blog.erm.ee\/index.php?rest_route=%2Fwp%2Fv2%2Fcategories&post=2175"},{"taxonomy":"post_tag","embeddable":true,"href":"https:\/\/blog.erm.ee\/index.php?rest_route=%2Fwp%2Fv2%2Ftags&post=2175"}],"curies":[{"name":"wp","href":"https:\/\/api.w.org\/{rel}","templated":true}]}}