{"id":2011,"date":"2013-05-14T07:20:02","date_gmt":"2013-05-14T05:20:02","guid":{"rendered":"http:\/\/blog.erm.ee\/?p=2011"},"modified":"2013-10-07T21:50:37","modified_gmt":"2013-10-07T19:50:37","slug":"uhe-muuseumi-kolimisest-teise","status":"publish","type":"post","link":"https:\/\/blog.erm.ee\/?p=2011","title":{"rendered":"\u00dche muuseumi kolimisest teise"},"content":{"rendered":"<div class=\"fcbkbttn_buttons_block\" id=\"fcbkbttn_left\"><div class=\"fcbkbttn_like \"><fb:like href=\"https:\/\/blog.erm.ee\/?p=2011\" action=\"like\" colorscheme=\"light\" layout=\"standard\"  width=\"225px\" size=\"small\"><\/fb:like><\/div><div class=\"fb-share-button  \" data-href=\"https:\/\/blog.erm.ee\/?p=2011\" data-type=\"button\" data-size=\"small\"><\/div><\/div><p><i>Indrek Merimaa, arhivaar-koguhoidja<\/i><\/p>\n<p><i>Fotod: Anu Ansu<\/i><\/p>\n<p>Tartumaa Muuseumi, v\u00e4ikest Elvas asunud riiklikku maakonnamuuseumi, enam ei ole ja rahu tema m\u00e4lestusele! Oli selle otsuse taga \u00fcks v\u00f5i teine asjaolu, (kellele) kasulik v\u00f5i (kellele) mitte, igal juhul j\u00e4i \u201cv\u00e4ikesest\u201d kadunukesest j\u00e4rele pirakas p\u00e4rand \u2013 ligikaudu 105 000 eraldik\u00e4sitletavat objekti, millest enamuse moodustab foto- ja arhiivmaterjal. Ning see Eesti rahva p\u00e4randikogu on pea tervenisti j\u00f5udnud Eesti Rahva Muuseumisse. See toimus nii paberil kui ka tegelikkuses \u2013 Elvas asunud muuseumikogu on n\u00fc\u00fcdseks leidnud uue kodu Tartus, osalt Raadil, osalt Veski t\u00e4nava n\u00e4htavasti kummist hoidlates. Vaid v\u00e4ike Leopold Hanseni alakogu r\u00e4ndas Tartu Linnamuuseumisse. Endise Tartumaa Muuseumi kogu saab olema v\u00e4hemalt esialgu sama heades hoiutingimustes kui Elvas, paari aasta p\u00e4rast Raadi uue hoone valmides m\u00f5istagi aga veelgi paremates. Selle postituse eesm\u00e4rk on teadvustada \u00fche ajaloo- ja kultuurip\u00e4randi osakese r\u00e4nnakut uude koju, et see p\u00e4ris m\u00e4rkamata ei j\u00e4\u00e4ks.<\/p>\n<p><a href=\"https:\/\/blog.erm.ee\/wp-content\/uploads\/2013\/05\/aa0067.jpg\"><img loading=\"lazy\" decoding=\"async\" data-attachment-id=\"2012\" data-permalink=\"https:\/\/blog.erm.ee\/?attachment_id=2012#main\" data-orig-file=\"https:\/\/blog.erm.ee\/wp-content\/uploads\/2013\/05\/aa0067.jpg\" data-orig-size=\"801,1200\" data-comments-opened=\"1\" data-image-meta=\"{&quot;aperture&quot;:&quot;0&quot;,&quot;credit&quot;:&quot;&quot;,&quot;camera&quot;:&quot;&quot;,&quot;caption&quot;:&quot;&quot;,&quot;created_timestamp&quot;:&quot;1358249197&quot;,&quot;copyright&quot;:&quot;&quot;,&quot;focal_length&quot;:&quot;0&quot;,&quot;iso&quot;:&quot;0&quot;,&quot;shutter_speed&quot;:&quot;0&quot;,&quot;title&quot;:&quot;&quot;}\" data-image-title=\"aa0067\" data-image-description=\"\" data-image-caption=\"\" data-large-file=\"https:\/\/blog.erm.ee\/wp-content\/uploads\/2013\/05\/aa0067-683x1024.jpg\" class=\" wp-image-2012 alignnone\" alt=\"aa0067\" src=\"https:\/\/blog.erm.ee\/wp-content\/uploads\/2013\/05\/aa0067.jpg\" width=\"561\" height=\"840\" srcset=\"https:\/\/blog.erm.ee\/wp-content\/uploads\/2013\/05\/aa0067.jpg 801w, https:\/\/blog.erm.ee\/wp-content\/uploads\/2013\/05\/aa0067-173x260.jpg 173w, https:\/\/blog.erm.ee\/wp-content\/uploads\/2013\/05\/aa0067-200x300.jpg 200w, https:\/\/blog.erm.ee\/wp-content\/uploads\/2013\/05\/aa0067-683x1024.jpg 683w\" sizes=\"auto, (max-width: 561px) 100vw, 561px\" \/><\/a><a href=\"https:\/\/blog.erm.ee\/?p=2011\">Lehe eelvaade<\/a><\/p>\n<p><i>Fotokapp p\u00f5hilise osaga fotokogust.<\/i><\/p>\n<p>Sellise kogu kolimine t\u00e4hendas kuudepikkust protsessi planeerimise, pakendamise, logistilise organiseerimise, kolimise ning Tartusse j\u00f5udes taas logistilise organiseerimisega. Lahtipakendamise ning parimatesse v\u00f5imalikesse s\u00e4ilitustingimustesse paigutamisega on juba algust tehtud, aga praegu asjaosalistelegi hoomamatu t\u00f6\u00f6 seisab alles ees. Aega Elva kogude kolimiseks anti ja kulus veebruari algusest aprilli l\u00f5puni, tagantj\u00e4rele uskumatult vaid kolm kuud. Elvas asuvad hooned, nii peahoone kui filiaalihooned, Eduard Kutsari ja Leopold Hanseni majad, antakse l\u00e4hiajal Riigi Kinnisvara Aktsiaseltsi valitsemise alla ning mis neist omap\u00e4rastest hoonetest edasi saab, on siinkirjutajale teadmata. Fotokogu, arhiivkogu ja arheoloogilise kogu Elvas asunud osa (suurem osa arheoloogilisest kogust on juba aastaid ennast Tartu \u00dclikooli arheoloogiakabinetis h\u00e4sti tundnud) on Tartus oma hoiukohtadesse magasineeritud. Pooleli on t\u00f6\u00f6 fondiraamatukogu ja ajaloolise kogu sisseseadmisega.<\/p>\n<p><a href=\"https:\/\/blog.erm.ee\/wp-content\/uploads\/2013\/05\/aa0014.jpg\"><img loading=\"lazy\" decoding=\"async\" data-attachment-id=\"2013\" data-permalink=\"https:\/\/blog.erm.ee\/?attachment_id=2013#main\" data-orig-file=\"https:\/\/blog.erm.ee\/wp-content\/uploads\/2013\/05\/aa0014.jpg\" data-orig-size=\"801,1200\" data-comments-opened=\"1\" data-image-meta=\"{&quot;aperture&quot;:&quot;0&quot;,&quot;credit&quot;:&quot;&quot;,&quot;camera&quot;:&quot;&quot;,&quot;caption&quot;:&quot;&quot;,&quot;created_timestamp&quot;:&quot;1358247211&quot;,&quot;copyright&quot;:&quot;&quot;,&quot;focal_length&quot;:&quot;0&quot;,&quot;iso&quot;:&quot;0&quot;,&quot;shutter_speed&quot;:&quot;0&quot;,&quot;title&quot;:&quot;&quot;}\" data-image-title=\"aa0014\" data-image-description=\"\" data-image-caption=\"\" data-large-file=\"https:\/\/blog.erm.ee\/wp-content\/uploads\/2013\/05\/aa0014-683x1024.jpg\" class=\" wp-image-2013 alignnone\" alt=\"aa0014\" src=\"https:\/\/blog.erm.ee\/wp-content\/uploads\/2013\/05\/aa0014.jpg\" width=\"561\" height=\"840\" srcset=\"https:\/\/blog.erm.ee\/wp-content\/uploads\/2013\/05\/aa0014.jpg 801w, https:\/\/blog.erm.ee\/wp-content\/uploads\/2013\/05\/aa0014-173x260.jpg 173w, https:\/\/blog.erm.ee\/wp-content\/uploads\/2013\/05\/aa0014-200x300.jpg 200w, https:\/\/blog.erm.ee\/wp-content\/uploads\/2013\/05\/aa0014-683x1024.jpg 683w\" sizes=\"auto, (max-width: 561px) 100vw, 561px\" \/><\/a><\/p>\n<p><i>Kunstikoguruum Elvas.<\/i><\/p>\n<p>Endise Tartumaa Muuseumi kolimine, paljudele kogude osakonna t\u00f6\u00f6tajatele huvitav, aga t\u00f6\u00f6- ja m\u00f5neti peavalumahukas etapp sai s\u00fcmboolse p\u00e4ikeselise meenutusistumisega l\u00e4bi m\u00f6\u00f6dunud neljap\u00e4eval (9. mail). Tuli v\u00e4lja, et sugugi k\u00f5ik Elva elanikud ei tea, et see kena v\u00e4ike linn on juba jaanuari l\u00f5pu seisuga ilma j\u00e4\u00e4nud paljudele t\u00e4htsast muuseumist. Kohalik ajalehehuviline Bruno tegi teate peale suured silmad ning siunas asjade k\u00e4iku uskumatuks sigaduseks. Vahel on kutsumata k\u00fclalistele raske vastu vaielda. Veelgi v\u00e4hem aga teatakse r\u00f5\u00f5msamat uudist, et \u00fclespanemisel on Elva ajaloo p\u00fcsin\u00e4itus Elva Matkakeskuse ehk raudteejaama hoonesse endisest muuseumihoonest vast napi 60\u201370 meetri kaugusel. N\u00e4itusel kasutatakse n\u00fc\u00fcd ERMi valduses oleva endise Tartumaa Muuseumi kogude materjale ning laabuv koost\u00f6\u00f6 annab lootust, et p\u00fcsin\u00e4itus avatakse plaanij\u00e4rgselt t\u00e4navu septembris. Kuigi ka ERMis n\u00e4eb tulevikus (ilmselt k\u00fcll alles Raadil uues hoones) loodetavasti k\u00f5nealust kogu tutvustavat v\u00e4ljapanekut, siis kutsun \u00fcles kannatamatusele \u2013 s\u00f5itke s\u00fcgisel rongiga Elvasse ja uurige, mida endise Tartumaa Muuseumi kogust leida v\u00f5ib.<\/p>\n<p><a href=\"https:\/\/blog.erm.ee\/wp-content\/uploads\/2013\/05\/aa0042.jpg\"><img loading=\"lazy\" decoding=\"async\" data-attachment-id=\"2014\" data-permalink=\"https:\/\/blog.erm.ee\/?attachment_id=2014#main\" data-orig-file=\"https:\/\/blog.erm.ee\/wp-content\/uploads\/2013\/05\/aa0042.jpg\" data-orig-size=\"1200,801\" data-comments-opened=\"1\" data-image-meta=\"{&quot;aperture&quot;:&quot;0&quot;,&quot;credit&quot;:&quot;&quot;,&quot;camera&quot;:&quot;&quot;,&quot;caption&quot;:&quot;&quot;,&quot;created_timestamp&quot;:&quot;1358248570&quot;,&quot;copyright&quot;:&quot;&quot;,&quot;focal_length&quot;:&quot;0&quot;,&quot;iso&quot;:&quot;0&quot;,&quot;shutter_speed&quot;:&quot;0&quot;,&quot;title&quot;:&quot;&quot;}\" data-image-title=\"aa0042\" data-image-description=\"\" data-image-caption=\"\" data-large-file=\"https:\/\/blog.erm.ee\/wp-content\/uploads\/2013\/05\/aa0042-1024x683.jpg\" class=\" wp-image-2014 alignnone\" alt=\"aa0042\" src=\"https:\/\/blog.erm.ee\/wp-content\/uploads\/2013\/05\/aa0042.jpg\" width=\"720\" height=\"481\" srcset=\"https:\/\/blog.erm.ee\/wp-content\/uploads\/2013\/05\/aa0042.jpg 1200w, https:\/\/blog.erm.ee\/wp-content\/uploads\/2013\/05\/aa0042-389x260.jpg 389w, https:\/\/blog.erm.ee\/wp-content\/uploads\/2013\/05\/aa0042-300x200.jpg 300w, https:\/\/blog.erm.ee\/wp-content\/uploads\/2013\/05\/aa0042-1024x683.jpg 1024w\" sizes=\"auto, (max-width: 720px) 100vw, 720px\" \/><\/a><\/p>\n<p><i>Puidukoguruum Elvas.<\/i><\/p>\n<p>Palju t\u00e4helepanu v\u00e4\u00e4rivat j\u00e4\u00e4b aga Elva n\u00e4ituselt v\u00e4lja, nagu n\u00e4iteks teadaolevalt ainsana s\u00e4ilinud vanim eestikeelne gloobus (600-\u00fchikuline tiraa\u017e v\u00f5eti kasutusele 1880. a), mille idee autor oli Jakob Hurt \u2013 nimetatud gloobus oli kujutatud ka Tartumaa Muuseumi logol. P\u00f5nev on kogu aga ka v\u00e4\u00e4rtusliku vaimuliku kirjanduse ja arhiivmaterjali poolest, kunstikogu hulgas on John Boydelli Shakespeare\u00b4i-teemalisi graafilisi lehti, leidub Friedebert Tuglase, Aleksander L\u00e4tte, Karl Eduard S\u00f6\u00f6di, Ain Kaalepi ja mitme teise Eesti kultuurisuurusega seotud arhiiv- ja fotomaterjali jne. Kuna lugemisel oleva kirjutise eesm\u00e4rk on teadvustada vaid \u00fche suure \u201ev\u00e4ikese\u201c kogu elukohamuutust, j\u00e4tame siinkohal Eesti Rahva Muuseumi uusima alakogu varasalve s\u00fcgavamalt sukeldumata, usaldades selle tuleviku hooleks. Pikk, sisuline ja kindlasti avastusterohke t\u00f6\u00f6 koguga alles algab.<\/p>\n<div class=\"fcbkbttn_buttons_block\" id=\"fcbkbttn_left\"><div class=\"fcbkbttn_like \"><fb:like href=\"https:\/\/blog.erm.ee\/?p=2011\" action=\"like\" colorscheme=\"light\" layout=\"standard\"  width=\"225px\" size=\"small\"><\/fb:like><\/div><div class=\"fb-share-button  \" data-href=\"https:\/\/blog.erm.ee\/?p=2011\" data-type=\"button\" data-size=\"small\"><\/div><\/div>","protected":false},"excerpt":{"rendered":"<p>Indrek Merimaa, arhivaar-koguhoidja Fotod: Anu Ansu Tartumaa Muuseumi, v\u00e4ikest Elvas asunud riiklikku maakonnamuuseumi, enam ei ole ja rahu tema m\u00e4lestusele! Oli selle otsuse taga \u00fcks v\u00f5i teine asjaolu, (kellele) kasulik v\u00f5i (kellele) mitte, igal juhul j\u00e4i \u201cv\u00e4ikesest\u201d kadunukesest j\u00e4rele pirakas p\u00e4rand \u2013 ligikaudu 105 000 eraldik\u00e4sitletavat objekti, millest enamuse moodustab foto- ja arhiivmaterjal. Ning see&hellip;<\/p>\n","protected":false},"author":1,"featured_media":2014,"comment_status":"open","ping_status":"open","sticky":false,"template":"","format":"standard","meta":{"_monsterinsights_skip_tracking":false,"_monsterinsights_sitenote_active":false,"_monsterinsights_sitenote_note":"","_monsterinsights_sitenote_category":0,"jetpack_post_was_ever_published":false,"_jetpack_newsletter_access":"","_jetpack_dont_email_post_to_subs":false,"_jetpack_newsletter_tier_id":0,"_jetpack_memberships_contains_paywalled_content":false,"_jetpack_memberships_contains_paid_content":false,"footnotes":""},"categories":[19],"tags":[],"class_list":["post-2011","post","type-post","status-publish","format-standard","has-post-thumbnail","hentry","category-sundmus"],"yoast_head":"<!-- This site is optimized with the Yoast SEO plugin v27.5 - https:\/\/yoast.com\/product\/yoast-seo-wordpress\/ -->\n<title>\u00dche muuseumi kolimisest teise - Eesti Rahva Muuseumi ajaveeb<\/title>\n<meta name=\"robots\" content=\"index, follow, max-snippet:-1, max-image-preview:large, max-video-preview:-1\" \/>\n<link rel=\"canonical\" href=\"https:\/\/blog.erm.ee\/?p=2011\" \/>\n<meta property=\"og:locale\" content=\"et_EE\" \/>\n<meta property=\"og:type\" content=\"article\" \/>\n<meta property=\"og:title\" content=\"\u00dche muuseumi kolimisest teise - Eesti Rahva Muuseumi ajaveeb\" \/>\n<meta property=\"og:description\" content=\"Indrek Merimaa, arhivaar-koguhoidja Fotod: Anu Ansu Tartumaa Muuseumi, v\u00e4ikest Elvas asunud riiklikku maakonnamuuseumi, enam ei ole ja rahu tema m\u00e4lestusele! Oli selle otsuse taga \u00fcks v\u00f5i teine asjaolu, (kellele) kasulik v\u00f5i (kellele) mitte, igal juhul j\u00e4i \u201cv\u00e4ikesest\u201d kadunukesest j\u00e4rele pirakas p\u00e4rand \u2013 ligikaudu 105 000 eraldik\u00e4sitletavat objekti, millest enamuse moodustab foto- ja arhiivmaterjal. Ning see&hellip;\" \/>\n<meta property=\"og:url\" content=\"https:\/\/blog.erm.ee\/?p=2011\" \/>\n<meta property=\"og:site_name\" content=\"Eesti Rahva Muuseumi ajaveeb\" \/>\n<meta property=\"article:published_time\" content=\"2013-05-14T05:20:02+00:00\" \/>\n<meta property=\"article:modified_time\" content=\"2013-10-07T19:50:37+00:00\" \/>\n<meta property=\"og:image\" content=\"https:\/\/blog.erm.ee\/wp-content\/uploads\/2013\/05\/aa0042.jpg\" \/>\n\t<meta property=\"og:image:width\" content=\"1200\" \/>\n\t<meta property=\"og:image:height\" content=\"801\" \/>\n\t<meta property=\"og:image:type\" content=\"image\/jpeg\" \/>\n<meta name=\"author\" content=\"Eesti Rahva Muuseum\" \/>\n<meta name=\"twitter:card\" content=\"summary_large_image\" \/>\n<meta name=\"twitter:label1\" content=\"Written by\" \/>\n\t<meta name=\"twitter:data1\" content=\"Eesti Rahva Muuseum\" \/>\n\t<meta name=\"twitter:label2\" content=\"Est. reading time\" \/>\n\t<meta name=\"twitter:data2\" content=\"3 minutit\" \/>\n<script type=\"application\/ld+json\" class=\"yoast-schema-graph\">{\"@context\":\"https:\\\/\\\/schema.org\",\"@graph\":[{\"@type\":\"Article\",\"@id\":\"https:\\\/\\\/blog.erm.ee\\\/?p=2011#article\",\"isPartOf\":{\"@id\":\"https:\\\/\\\/blog.erm.ee\\\/?p=2011\"},\"author\":{\"name\":\"Eesti Rahva Muuseum\",\"@id\":\"https:\\\/\\\/blog.erm.ee\\\/#\\\/schema\\\/person\\\/6e98c391cb00a33e7c22a3571e062114\"},\"headline\":\"\u00dche muuseumi kolimisest teise\",\"datePublished\":\"2013-05-14T05:20:02+00:00\",\"dateModified\":\"2013-10-07T19:50:37+00:00\",\"mainEntityOfPage\":{\"@id\":\"https:\\\/\\\/blog.erm.ee\\\/?p=2011\"},\"wordCount\":608,\"commentCount\":0,\"image\":{\"@id\":\"https:\\\/\\\/blog.erm.ee\\\/?p=2011#primaryimage\"},\"thumbnailUrl\":\"https:\\\/\\\/blog.erm.ee\\\/wp-content\\\/uploads\\\/2013\\\/05\\\/aa0042.jpg\",\"articleSection\":[\"S\u00fcndmus\"],\"inLanguage\":\"et\",\"potentialAction\":[{\"@type\":\"CommentAction\",\"name\":\"Comment\",\"target\":[\"https:\\\/\\\/blog.erm.ee\\\/?p=2011#respond\"]}]},{\"@type\":\"WebPage\",\"@id\":\"https:\\\/\\\/blog.erm.ee\\\/?p=2011\",\"url\":\"https:\\\/\\\/blog.erm.ee\\\/?p=2011\",\"name\":\"\u00dche muuseumi kolimisest teise - Eesti Rahva Muuseumi ajaveeb\",\"isPartOf\":{\"@id\":\"https:\\\/\\\/blog.erm.ee\\\/#website\"},\"primaryImageOfPage\":{\"@id\":\"https:\\\/\\\/blog.erm.ee\\\/?p=2011#primaryimage\"},\"image\":{\"@id\":\"https:\\\/\\\/blog.erm.ee\\\/?p=2011#primaryimage\"},\"thumbnailUrl\":\"https:\\\/\\\/blog.erm.ee\\\/wp-content\\\/uploads\\\/2013\\\/05\\\/aa0042.jpg\",\"datePublished\":\"2013-05-14T05:20:02+00:00\",\"dateModified\":\"2013-10-07T19:50:37+00:00\",\"author\":{\"@id\":\"https:\\\/\\\/blog.erm.ee\\\/#\\\/schema\\\/person\\\/6e98c391cb00a33e7c22a3571e062114\"},\"breadcrumb\":{\"@id\":\"https:\\\/\\\/blog.erm.ee\\\/?p=2011#breadcrumb\"},\"inLanguage\":\"et\",\"potentialAction\":[{\"@type\":\"ReadAction\",\"target\":[\"https:\\\/\\\/blog.erm.ee\\\/?p=2011\"]}]},{\"@type\":\"ImageObject\",\"inLanguage\":\"et\",\"@id\":\"https:\\\/\\\/blog.erm.ee\\\/?p=2011#primaryimage\",\"url\":\"https:\\\/\\\/blog.erm.ee\\\/wp-content\\\/uploads\\\/2013\\\/05\\\/aa0042.jpg\",\"contentUrl\":\"https:\\\/\\\/blog.erm.ee\\\/wp-content\\\/uploads\\\/2013\\\/05\\\/aa0042.jpg\",\"width\":1200,\"height\":801},{\"@type\":\"BreadcrumbList\",\"@id\":\"https:\\\/\\\/blog.erm.ee\\\/?p=2011#breadcrumb\",\"itemListElement\":[{\"@type\":\"ListItem\",\"position\":1,\"name\":\"Home\",\"item\":\"https:\\\/\\\/blog.erm.ee\\\/\"},{\"@type\":\"ListItem\",\"position\":2,\"name\":\"\u00dche muuseumi kolimisest teise\"}]},{\"@type\":\"WebSite\",\"@id\":\"https:\\\/\\\/blog.erm.ee\\\/#website\",\"url\":\"https:\\\/\\\/blog.erm.ee\\\/\",\"name\":\"Eesti Rahva Muuseumi ajaveeb\",\"description\":\"\",\"potentialAction\":[{\"@type\":\"SearchAction\",\"target\":{\"@type\":\"EntryPoint\",\"urlTemplate\":\"https:\\\/\\\/blog.erm.ee\\\/?s={search_term_string}\"},\"query-input\":{\"@type\":\"PropertyValueSpecification\",\"valueRequired\":true,\"valueName\":\"search_term_string\"}}],\"inLanguage\":\"et\"},{\"@type\":\"Person\",\"@id\":\"https:\\\/\\\/blog.erm.ee\\\/#\\\/schema\\\/person\\\/6e98c391cb00a33e7c22a3571e062114\",\"name\":\"Eesti Rahva Muuseum\",\"image\":{\"@type\":\"ImageObject\",\"inLanguage\":\"et\",\"@id\":\"https:\\\/\\\/secure.gravatar.com\\\/avatar\\\/cb6d9ad5fb49f3f7315028ce5fe60641075f2cb52b8a058ff5a985fa2d8c1da0?s=96&d=mm&r=g\",\"url\":\"https:\\\/\\\/secure.gravatar.com\\\/avatar\\\/cb6d9ad5fb49f3f7315028ce5fe60641075f2cb52b8a058ff5a985fa2d8c1da0?s=96&d=mm&r=g\",\"contentUrl\":\"https:\\\/\\\/secure.gravatar.com\\\/avatar\\\/cb6d9ad5fb49f3f7315028ce5fe60641075f2cb52b8a058ff5a985fa2d8c1da0?s=96&d=mm&r=g\",\"caption\":\"Eesti Rahva Muuseum\"},\"sameAs\":[\"http:\\\/\\\/www.erm.ee\"],\"url\":\"https:\\\/\\\/blog.erm.ee\\\/?author=1\"}]}<\/script>\n<!-- \/ Yoast SEO plugin. -->","yoast_head_json":{"title":"\u00dche muuseumi kolimisest teise - Eesti Rahva Muuseumi ajaveeb","robots":{"index":"index","follow":"follow","max-snippet":"max-snippet:-1","max-image-preview":"max-image-preview:large","max-video-preview":"max-video-preview:-1"},"canonical":"https:\/\/blog.erm.ee\/?p=2011","og_locale":"et_EE","og_type":"article","og_title":"\u00dche muuseumi kolimisest teise - Eesti Rahva Muuseumi ajaveeb","og_description":"Indrek Merimaa, arhivaar-koguhoidja Fotod: Anu Ansu Tartumaa Muuseumi, v\u00e4ikest Elvas asunud riiklikku maakonnamuuseumi, enam ei ole ja rahu tema m\u00e4lestusele! Oli selle otsuse taga \u00fcks v\u00f5i teine asjaolu, (kellele) kasulik v\u00f5i (kellele) mitte, igal juhul j\u00e4i \u201cv\u00e4ikesest\u201d kadunukesest j\u00e4rele pirakas p\u00e4rand \u2013 ligikaudu 105 000 eraldik\u00e4sitletavat objekti, millest enamuse moodustab foto- ja arhiivmaterjal. Ning see&hellip;","og_url":"https:\/\/blog.erm.ee\/?p=2011","og_site_name":"Eesti Rahva Muuseumi ajaveeb","article_published_time":"2013-05-14T05:20:02+00:00","article_modified_time":"2013-10-07T19:50:37+00:00","og_image":[{"width":1200,"height":801,"url":"https:\/\/blog.erm.ee\/wp-content\/uploads\/2013\/05\/aa0042.jpg","type":"image\/jpeg"}],"author":"Eesti Rahva Muuseum","twitter_card":"summary_large_image","twitter_misc":{"Written by":"Eesti Rahva Muuseum","Est. reading time":"3 minutit"},"schema":{"@context":"https:\/\/schema.org","@graph":[{"@type":"Article","@id":"https:\/\/blog.erm.ee\/?p=2011#article","isPartOf":{"@id":"https:\/\/blog.erm.ee\/?p=2011"},"author":{"name":"Eesti Rahva Muuseum","@id":"https:\/\/blog.erm.ee\/#\/schema\/person\/6e98c391cb00a33e7c22a3571e062114"},"headline":"\u00dche muuseumi kolimisest teise","datePublished":"2013-05-14T05:20:02+00:00","dateModified":"2013-10-07T19:50:37+00:00","mainEntityOfPage":{"@id":"https:\/\/blog.erm.ee\/?p=2011"},"wordCount":608,"commentCount":0,"image":{"@id":"https:\/\/blog.erm.ee\/?p=2011#primaryimage"},"thumbnailUrl":"https:\/\/blog.erm.ee\/wp-content\/uploads\/2013\/05\/aa0042.jpg","articleSection":["S\u00fcndmus"],"inLanguage":"et","potentialAction":[{"@type":"CommentAction","name":"Comment","target":["https:\/\/blog.erm.ee\/?p=2011#respond"]}]},{"@type":"WebPage","@id":"https:\/\/blog.erm.ee\/?p=2011","url":"https:\/\/blog.erm.ee\/?p=2011","name":"\u00dche muuseumi kolimisest teise - Eesti Rahva Muuseumi ajaveeb","isPartOf":{"@id":"https:\/\/blog.erm.ee\/#website"},"primaryImageOfPage":{"@id":"https:\/\/blog.erm.ee\/?p=2011#primaryimage"},"image":{"@id":"https:\/\/blog.erm.ee\/?p=2011#primaryimage"},"thumbnailUrl":"https:\/\/blog.erm.ee\/wp-content\/uploads\/2013\/05\/aa0042.jpg","datePublished":"2013-05-14T05:20:02+00:00","dateModified":"2013-10-07T19:50:37+00:00","author":{"@id":"https:\/\/blog.erm.ee\/#\/schema\/person\/6e98c391cb00a33e7c22a3571e062114"},"breadcrumb":{"@id":"https:\/\/blog.erm.ee\/?p=2011#breadcrumb"},"inLanguage":"et","potentialAction":[{"@type":"ReadAction","target":["https:\/\/blog.erm.ee\/?p=2011"]}]},{"@type":"ImageObject","inLanguage":"et","@id":"https:\/\/blog.erm.ee\/?p=2011#primaryimage","url":"https:\/\/blog.erm.ee\/wp-content\/uploads\/2013\/05\/aa0042.jpg","contentUrl":"https:\/\/blog.erm.ee\/wp-content\/uploads\/2013\/05\/aa0042.jpg","width":1200,"height":801},{"@type":"BreadcrumbList","@id":"https:\/\/blog.erm.ee\/?p=2011#breadcrumb","itemListElement":[{"@type":"ListItem","position":1,"name":"Home","item":"https:\/\/blog.erm.ee\/"},{"@type":"ListItem","position":2,"name":"\u00dche muuseumi kolimisest teise"}]},{"@type":"WebSite","@id":"https:\/\/blog.erm.ee\/#website","url":"https:\/\/blog.erm.ee\/","name":"Eesti Rahva Muuseumi ajaveeb","description":"","potentialAction":[{"@type":"SearchAction","target":{"@type":"EntryPoint","urlTemplate":"https:\/\/blog.erm.ee\/?s={search_term_string}"},"query-input":{"@type":"PropertyValueSpecification","valueRequired":true,"valueName":"search_term_string"}}],"inLanguage":"et"},{"@type":"Person","@id":"https:\/\/blog.erm.ee\/#\/schema\/person\/6e98c391cb00a33e7c22a3571e062114","name":"Eesti Rahva Muuseum","image":{"@type":"ImageObject","inLanguage":"et","@id":"https:\/\/secure.gravatar.com\/avatar\/cb6d9ad5fb49f3f7315028ce5fe60641075f2cb52b8a058ff5a985fa2d8c1da0?s=96&d=mm&r=g","url":"https:\/\/secure.gravatar.com\/avatar\/cb6d9ad5fb49f3f7315028ce5fe60641075f2cb52b8a058ff5a985fa2d8c1da0?s=96&d=mm&r=g","contentUrl":"https:\/\/secure.gravatar.com\/avatar\/cb6d9ad5fb49f3f7315028ce5fe60641075f2cb52b8a058ff5a985fa2d8c1da0?s=96&d=mm&r=g","caption":"Eesti Rahva Muuseum"},"sameAs":["http:\/\/www.erm.ee"],"url":"https:\/\/blog.erm.ee\/?author=1"}]}},"jetpack_featured_media_url":"https:\/\/blog.erm.ee\/wp-content\/uploads\/2013\/05\/aa0042.jpg","jetpack_shortlink":"https:\/\/wp.me\/p2l9Zd-wr","jetpack_sharing_enabled":true,"jetpack_likes_enabled":true,"_links":{"self":[{"href":"https:\/\/blog.erm.ee\/index.php?rest_route=\/wp\/v2\/posts\/2011","targetHints":{"allow":["GET"]}}],"collection":[{"href":"https:\/\/blog.erm.ee\/index.php?rest_route=\/wp\/v2\/posts"}],"about":[{"href":"https:\/\/blog.erm.ee\/index.php?rest_route=\/wp\/v2\/types\/post"}],"author":[{"embeddable":true,"href":"https:\/\/blog.erm.ee\/index.php?rest_route=\/wp\/v2\/users\/1"}],"replies":[{"embeddable":true,"href":"https:\/\/blog.erm.ee\/index.php?rest_route=%2Fwp%2Fv2%2Fcomments&post=2011"}],"version-history":[{"count":6,"href":"https:\/\/blog.erm.ee\/index.php?rest_route=\/wp\/v2\/posts\/2011\/revisions"}],"predecessor-version":[{"id":3287,"href":"https:\/\/blog.erm.ee\/index.php?rest_route=\/wp\/v2\/posts\/2011\/revisions\/3287"}],"wp:featuredmedia":[{"embeddable":true,"href":"https:\/\/blog.erm.ee\/index.php?rest_route=\/wp\/v2\/media\/2014"}],"wp:attachment":[{"href":"https:\/\/blog.erm.ee\/index.php?rest_route=%2Fwp%2Fv2%2Fmedia&parent=2011"}],"wp:term":[{"taxonomy":"category","embeddable":true,"href":"https:\/\/blog.erm.ee\/index.php?rest_route=%2Fwp%2Fv2%2Fcategories&post=2011"},{"taxonomy":"post_tag","embeddable":true,"href":"https:\/\/blog.erm.ee\/index.php?rest_route=%2Fwp%2Fv2%2Ftags&post=2011"}],"curies":[{"name":"wp","href":"https:\/\/api.w.org\/{rel}","templated":true}]}}