{"id":1958,"date":"2013-05-02T08:47:14","date_gmt":"2013-05-02T06:47:14","guid":{"rendered":"http:\/\/blog.erm.ee\/?p=1958"},"modified":"2013-11-01T16:16:31","modified_gmt":"2013-11-01T14:16:31","slug":"kuu-kiri-nr-5-ehk-100-aastat-tagasi-mais","status":"publish","type":"post","link":"https:\/\/blog.erm.ee\/?p=1958","title":{"rendered":"Kuu kiri nr 5 ehk 100 aastat tagasi mais"},"content":{"rendered":"<div class=\"fcbkbttn_buttons_block\" id=\"fcbkbttn_left\"><div class=\"fcbkbttn_like \"><fb:like href=\"https:\/\/blog.erm.ee\/?p=1958\" action=\"like\" colorscheme=\"light\" layout=\"standard\"  width=\"225px\" size=\"small\"><\/fb:like><\/div><div class=\"fb-share-button  \" data-href=\"https:\/\/blog.erm.ee\/?p=1958\" data-type=\"button\" data-size=\"small\"><\/div><\/div><p>&nbsp;<\/p>\n<p><i>Kristi \u00dctt, digitaal- ja eriarhiivi hoiuhaldur<\/i><\/p>\n<p>Maikuise kirja<a title=\"\" href=\"#_edn1\">[1]<\/a> on muuseumile saatnud tuntud Eesti haridustegelane, ajakirjanik ja publitsist M\u00e4rt Raud (1881\u20131980) P\u00e4riverest 19. mail 1913. Tollal elas Raud P\u00e4rnus, t\u00f6\u00f6tas ajalehe Postimees toimetuses<a title=\"\" href=\"#_edn2\">[2]<\/a> ja oli valitud ka Eesti Rahva Muuseumi usaldusmeheks P\u00e4rnumaal.<a title=\"\" href=\"#_edn3\">[3]<\/a> Muuseumiga hoidis ta kirja teel sidet ja saatis aeg-ajalt P\u00e4rnust ning selle \u00fcmbrusest korjatud vanavara \u2013 esemeid ning fotograaf Jakob Suti \u00fclesv\u00f5tteid T\u00f5stamaast (ERM Fk 196:1\u201338).<\/p>\n<p><a href=\"https:\/\/blog.erm.ee\/wp-content\/uploads\/2013\/05\/025364_ERM_Fk_371_194.jpg\"><img loading=\"lazy\" decoding=\"async\" data-attachment-id=\"1963\" data-permalink=\"https:\/\/blog.erm.ee\/?attachment_id=1963#main\" data-orig-file=\"https:\/\/blog.erm.ee\/wp-content\/uploads\/2013\/05\/025364_ERM_Fk_371_194.jpg\" data-orig-size=\"355,800\" data-comments-opened=\"1\" data-image-meta=\"{&quot;aperture&quot;:&quot;0&quot;,&quot;credit&quot;:&quot;&quot;,&quot;camera&quot;:&quot;&quot;,&quot;caption&quot;:&quot;&quot;,&quot;created_timestamp&quot;:&quot;0&quot;,&quot;copyright&quot;:&quot;&quot;,&quot;focal_length&quot;:&quot;0&quot;,&quot;iso&quot;:&quot;0&quot;,&quot;shutter_speed&quot;:&quot;0&quot;,&quot;title&quot;:&quot;&quot;}\" data-image-title=\"025364_ERM_Fk_371_194\" data-image-description=\"\" data-image-caption=\"\" data-large-file=\"https:\/\/blog.erm.ee\/wp-content\/uploads\/2013\/05\/025364_ERM_Fk_371_194.jpg\" class=\"size-full wp-image-1963 alignnone\" alt=\"025364_ERM_Fk_371_194\" src=\"https:\/\/blog.erm.ee\/wp-content\/uploads\/2013\/05\/025364_ERM_Fk_371_194.jpg\" width=\"355\" height=\"800\" srcset=\"https:\/\/blog.erm.ee\/wp-content\/uploads\/2013\/05\/025364_ERM_Fk_371_194.jpg 355w, https:\/\/blog.erm.ee\/wp-content\/uploads\/2013\/05\/025364_ERM_Fk_371_194-115x260.jpg 115w, https:\/\/blog.erm.ee\/wp-content\/uploads\/2013\/05\/025364_ERM_Fk_371_194-133x300.jpg 133w\" sizes=\"auto, (max-width: 355px) 100vw, 355px\" \/><\/a><em><\/em><\/p>\n<p><em>ERM Fk 371:194 M\u00e4rt Raud 1914. a s\u00f5durina.<\/em><\/p>\n<p><a href=\"https:\/\/blog.erm.ee\/wp-content\/uploads\/2013\/05\/2391_192.jpg\"><img loading=\"lazy\" decoding=\"async\" data-attachment-id=\"1967\" data-permalink=\"https:\/\/blog.erm.ee\/?attachment_id=1967#main\" data-orig-file=\"https:\/\/blog.erm.ee\/wp-content\/uploads\/2013\/05\/2391_192.jpg\" data-orig-size=\"1200,771\" data-comments-opened=\"1\" data-image-meta=\"{&quot;aperture&quot;:&quot;0&quot;,&quot;credit&quot;:&quot;&quot;,&quot;camera&quot;:&quot;&quot;,&quot;caption&quot;:&quot;&quot;,&quot;created_timestamp&quot;:&quot;1366984094&quot;,&quot;copyright&quot;:&quot;&quot;,&quot;focal_length&quot;:&quot;0&quot;,&quot;iso&quot;:&quot;0&quot;,&quot;shutter_speed&quot;:&quot;0&quot;,&quot;title&quot;:&quot;&quot;}\" data-image-title=\"2391_192\" data-image-description=\"\" data-image-caption=\"\" data-large-file=\"https:\/\/blog.erm.ee\/wp-content\/uploads\/2013\/05\/2391_192-1024x657.jpg\" class=\" wp-image-1967 alignnone\" alt=\"2391_192\" src=\"https:\/\/blog.erm.ee\/wp-content\/uploads\/2013\/05\/2391_192.jpg\" width=\"1200\" height=\"771\" srcset=\"https:\/\/blog.erm.ee\/wp-content\/uploads\/2013\/05\/2391_192.jpg 1200w, https:\/\/blog.erm.ee\/wp-content\/uploads\/2013\/05\/2391_192-404x260.jpg 404w, https:\/\/blog.erm.ee\/wp-content\/uploads\/2013\/05\/2391_192-300x192.jpg 300w, https:\/\/blog.erm.ee\/wp-content\/uploads\/2013\/05\/2391_192-1024x657.jpg 1024w\" sizes=\"auto, (max-width: 1200px) 100vw, 1200px\" \/><\/a><em>ERM Fk 2391:192 P\u00f5ltsamaa kihelkonnakooli \u00f5petajad ja \u00f5pilased, pildistatud 1926. a paiku. Esimeses reas keskel istub Viljandimaa koolin\u00f5unik M\u00e4rt Raud. Temast vasakul kiriku\u00f5petaja Erik Frey, koolijuhataja Ferdinand Rusi. Fotograaf teadmata.<\/em><\/p>\n<p>1913. aasta maikuus oli M\u00e4rt Raud seiklemas P\u00e4rnumaal Are vallas P\u00e4riveres. Kirjast n\u00e4htuvalt oli kohalikuks teejuhiks t\u00f5en\u00e4oliselt Johann Hansen, kellele kuulus isa Georg Hansenilt 1910. aastal p\u00e4randuseks saadud kuulus P\u00e4rivere suurtalu. Mis asjaoludel mehed omavahel tuttavad olid, pole kahjuks teada.<\/p>\n<p><a href=\"https:\/\/blog.erm.ee\/wp-content\/uploads\/2013\/05\/nt0485.jpg\"><img loading=\"lazy\" decoding=\"async\" data-attachment-id=\"1966\" data-permalink=\"https:\/\/blog.erm.ee\/?attachment_id=1966#main\" data-orig-file=\"https:\/\/blog.erm.ee\/wp-content\/uploads\/2013\/05\/nt0485.jpg\" data-orig-size=\"1200,798\" data-comments-opened=\"1\" data-image-meta=\"{&quot;aperture&quot;:&quot;0&quot;,&quot;credit&quot;:&quot;&quot;,&quot;camera&quot;:&quot;&quot;,&quot;caption&quot;:&quot;&quot;,&quot;created_timestamp&quot;:&quot;1366984295&quot;,&quot;copyright&quot;:&quot;&quot;,&quot;focal_length&quot;:&quot;0&quot;,&quot;iso&quot;:&quot;0&quot;,&quot;shutter_speed&quot;:&quot;0&quot;,&quot;title&quot;:&quot;&quot;}\" data-image-title=\"nt0485\" data-image-description=\"\" data-image-caption=\"\" data-large-file=\"https:\/\/blog.erm.ee\/wp-content\/uploads\/2013\/05\/nt0485-1024x680.jpg\" class=\" wp-image-1966 alignnone\" alt=\"nt0485\" src=\"https:\/\/blog.erm.ee\/wp-content\/uploads\/2013\/05\/nt0485.jpg\" width=\"1200\" height=\"798\" srcset=\"https:\/\/blog.erm.ee\/wp-content\/uploads\/2013\/05\/nt0485.jpg 1200w, https:\/\/blog.erm.ee\/wp-content\/uploads\/2013\/05\/nt0485-390x260.jpg 390w, https:\/\/blog.erm.ee\/wp-content\/uploads\/2013\/05\/nt0485-300x199.jpg 300w, https:\/\/blog.erm.ee\/wp-content\/uploads\/2013\/05\/nt0485-1024x680.jpg 1024w\" sizes=\"auto, (max-width: 1200px) 100vw, 1200px\" \/><\/a><em>ERM KV 287:78a P\u00e4rivere talu koos veskitega u 1880. Korrespondent Elmar Savila 1975. a v\u00f5istlust\u00f6\u00f6 \u201eTori kihelkonna t\u00f6\u00f6stused II\u201c juurest. Fotograaf teadmata.<\/em><\/p>\n<p>Johann Eduard Hansen s\u00fcndis 1888. aastal Are vallas, \u00f5ppis Are valla- ja P\u00e4rnu linnakoolis, seej\u00e4rel sai kutsehariduse Taanis Lyngby p\u00f5llut\u00f6\u00f6koolis, t\u00e4iendas end Taani talumajandeis, Rootsis Nyk\u00f6pingi eksporttapamajas ja Maribo \u00fchispiimatalituses. Aastatel 1918\u20131920 oli P\u00e4rnu maavalitsuse esimees, 1921\u20131925 Tallinnas p\u00f5llumajanduskooperatiivi \u201eEstonia\u201c juhatuse liige, 1925\u20131940 oli Eesti Eksporttapamajade ning Tallinna Konservivabriku direktor. 1910\u20131915 oli Enge P\u00f5llumeeste Seltsi esimees ja ka Eesti P\u00f5llumeeste Keskseltsi asutaja ning juhatuse liige. Samuti oli ta Eesti Seakasvatajate Seltsi esimees, Eesti Maakarja Kasvatajate Seltsi \u00fcks asutajaid ja juhatuse liige, P\u00f5llumeeste Keskpanga n\u00f5ukogu liige ning Tallinna Skautide Maleva Terassammurid auvanem. P\u00e4rast P\u00e4riverest lahkumist juhtisid suurt talu \u2013 p\u00f5llundusmajandit ja veskit \u2013 abikaasa Anna Hansen ja palgatud valitseja Voldemar Tomson. 1944. aastal p\u00f5genes (tolleks hetkeks juba endine abikaasa) Anna lastega Rootsi, Johan ise j\u00e4i lahkumisega hiljapeale ja oli sunnitud Eestisse j\u00e4\u00e4ma. Ta abiellus oma pikaaegse kallima sekret\u00e4r Bertaga ja asus p\u00e4rast II maailmas\u00f5da t\u00f6\u00f6le Eesti Aiandus-Mesindusseltsi juhatajana. J. Hansen suri 1958. a P\u00e4rnus.<a title=\"\" href=\"#_edn4\">[4]<\/a><\/p>\n<p><a href=\"https:\/\/blog.erm.ee\/wp-content\/uploads\/2013\/05\/021537_ERM_Fk_173_33.jpg\"><img loading=\"lazy\" decoding=\"async\" data-attachment-id=\"1960\" data-permalink=\"https:\/\/blog.erm.ee\/?attachment_id=1960#main\" data-orig-file=\"https:\/\/blog.erm.ee\/wp-content\/uploads\/2013\/05\/021537_ERM_Fk_173_33.jpg\" data-orig-size=\"1200,769\" data-comments-opened=\"1\" data-image-meta=\"{&quot;aperture&quot;:&quot;0&quot;,&quot;credit&quot;:&quot;&quot;,&quot;camera&quot;:&quot;&quot;,&quot;caption&quot;:&quot;&quot;,&quot;created_timestamp&quot;:&quot;0&quot;,&quot;copyright&quot;:&quot;&quot;,&quot;focal_length&quot;:&quot;0&quot;,&quot;iso&quot;:&quot;0&quot;,&quot;shutter_speed&quot;:&quot;0&quot;,&quot;title&quot;:&quot;&quot;}\" data-image-title=\"021537_ERM_Fk_173_33\" data-image-description=\"\" data-image-caption=\"\" data-large-file=\"https:\/\/blog.erm.ee\/wp-content\/uploads\/2013\/05\/021537_ERM_Fk_173_33-1024x656.jpg\" class=\" wp-image-1960 alignnone\" alt=\"021537_ERM_Fk_173_33\" src=\"https:\/\/blog.erm.ee\/wp-content\/uploads\/2013\/05\/021537_ERM_Fk_173_33.jpg\" width=\"1200\" height=\"769\" srcset=\"https:\/\/blog.erm.ee\/wp-content\/uploads\/2013\/05\/021537_ERM_Fk_173_33.jpg 1200w, https:\/\/blog.erm.ee\/wp-content\/uploads\/2013\/05\/021537_ERM_Fk_173_33-405x260.jpg 405w, https:\/\/blog.erm.ee\/wp-content\/uploads\/2013\/05\/021537_ERM_Fk_173_33-300x192.jpg 300w, https:\/\/blog.erm.ee\/wp-content\/uploads\/2013\/05\/021537_ERM_Fk_173_33-1024x656.jpg 1024w\" sizes=\"auto, (max-width: 1200px) 100vw, 1200px\" \/><\/a><em>ERM Fk 173:33 Johann Hanseni maat\u00f5ugu nudi kari P\u00e4riveres 1912. Fotograaf teadmata.<\/em><\/p>\n<p align=\"right\"><i>P\u00e4riweres, 19. mail 1913 <\/i><\/p>\n<p align=\"right\"><i>\u00a0<\/i><\/p>\n<p align=\"center\"><i>W. a. hr. Oskar Kallas<\/i><\/p>\n<p align=\"center\"><i>\u00a0<\/i><\/p>\n<p><i>K\u00e4isime siin hr J. Hanseniga \u00fcmberkaudseid talusid waatamas. See on weel niisugune surnud nurk P\u00e4rnu Elisabethi, Jakobi, Tori kihelkondade piirid, kust kultura rull \u00fcle ei ole k\u00e4inud. Wanawara korjajaid ei ole siin k\u00e4inud, w\u00f5iks wast m\u00f5ndagi ainelist leida, kuid raske on ligi p\u00e4\u00e4seda: mehed olla w\u00e4ga karused. Siin saaks huwitawaid t\u00fc\u00fcpusi n\u00e4ha ja endisest elust m\u00f5ndagi kuulda. K\u00e4isime n\u00e4ituseks kuulsat \/&#8211;\/ J\u00fcrit waatamas. See on siinse nurga imemees \u2013 pool Diogenest pool Pljushkini. 70 aastane wanapoiss, suur talu k\u00e4es. Peret on \u00fcks ainus inime \u2013 peremees \u00fcksi. On s\u00e4\u00e4l korteris weel \u00f5de \u00f5emehega \u2013 need k\u00e4iwad w\u00e4ljas t\u00f6\u00f6l. P\u00f5ldu ei olegi, wast nii palju kui kartulid oma s\u00fc\u00fca. K\u00f5ik on s\u00f6\u00f6tis. Toredad heinamaad j\u00e4id mullu pea k\u00f5ik tegemata, mullune hein on t\u00e4nawusega segi ja s\u00e4\u00e4l samas seisawad tuna mullused heinakuhjad. Peremees n\u00e4ljutab siisgi loomad pool surnuks. Mees k\u00e4ib suwel ja talwel ilma p\u00fcksata, lagunud kasuka sees, lamab p\u00e4ewad otsa ahju p\u00e4\u00e4l (suur wanaaegne reheahi) ihu halasti. Maja kui ka k\u00f5ik mis s\u00e4\u00e4l sees, on wana ja tolmuks minemas \u2013 k\u00f5ik muidugi wanaaegne. Mees ei ole aga sugugi waimuhaige. Tal on suur hulk ironiat ja talumehe waimuterawust. Omal ajal on ta p\u00e4ris liikuw noormees ja teraw naljahammas olnud. Ta on ainult hirmus rahaahne (raha on tal metsas pudelitega puujuurikate all), ihne ja p\u00f6\u00f6raselt kangekaelne. Tema tahab wanamoodi elada. K\u00e4isime s\u00e4\u00e4l, kuid ei saanud mingi hinna eest wanameest ahju p\u00e4\u00e4lt maha.<\/i><\/p>\n<p><i>Siin oleks kirjanikul ja ps\u00fchhiatril palju t\u00f6\u00f6d. Kas Teie naene, pr. Aino Kallas, ei tahaks siit materjali saada? W\u00f5i peaks Dr. Luige talle kaela p\u00e4\u00e4le saatma? Ma usun aga, et teda kui elawat wana aja m\u00e4lestust tuleks k\u00f5ige oma elamise ja olemisega \u00fcles w\u00f5tta ja terwet tema elu ja olu kirjeldada. E. R. Museum peaks ka elawat elu korjama. Pidasin hr. Hanseniga aru. Tema on walmis oma napist ajast n\u00e4dal ohwerdama, et \u00fcmberringi wanawara ja muud huwitawat korjata. Tema m\u00f5istab ka p\u00e4ewapildi apparadiga h\u00e4sti \u00fcmber k\u00e4ia. Kui te siis w\u00f5iksite mulle seltsiks m\u00f5nda kirjameest ja h\u00e4\u00e4d t\u00e4helepanejat saata, niisamuti ka h\u00e4\u00e4d p\u00e4ewapildi apparati, oleks w\u00e4ga h\u00e4\u00e4.<\/i><\/p>\n<p><i>Katsun weel ise Sammul S\u00fctiga \u00f5nne. Temast paremat meest ma ei tea. Kirjutage, kuidas selle poolest lugu on, millal nimelt p\u00e4ewapildi apparati w\u00f5iks saada ja kas Teil Tartust kedagi tulemas oleks. Noori \u00fcli\u00f5pilasi \u00e4rge saatke.<\/i><\/p>\n<p><i>Siit leidsin ka \u00fche wana kirjatud kirstu, kuid tal on w\u00e4he kirju p\u00e4\u00e4l, nii et ma ei tea, kas Teie proua teda tahab. Plaan on umbes niisugune: (kaanel joonistusi p\u00e4\u00e4l ei ole).<\/i><\/p>\n<p><i>Kirst on wana ja ei ole ilus, loodan paremaid leida. <\/i><\/p>\n<p><i><a href=\"https:\/\/blog.erm.ee\/wp-content\/uploads\/2013\/05\/nt0477.jpg\"><img loading=\"lazy\" decoding=\"async\" data-attachment-id=\"1965\" data-permalink=\"https:\/\/blog.erm.ee\/?attachment_id=1965#main\" data-orig-file=\"https:\/\/blog.erm.ee\/wp-content\/uploads\/2013\/05\/nt0477.jpg\" data-orig-size=\"1200,849\" data-comments-opened=\"1\" data-image-meta=\"{&quot;aperture&quot;:&quot;0&quot;,&quot;credit&quot;:&quot;&quot;,&quot;camera&quot;:&quot;&quot;,&quot;caption&quot;:&quot;&quot;,&quot;created_timestamp&quot;:&quot;1366984139&quot;,&quot;copyright&quot;:&quot;&quot;,&quot;focal_length&quot;:&quot;0&quot;,&quot;iso&quot;:&quot;0&quot;,&quot;shutter_speed&quot;:&quot;0&quot;,&quot;title&quot;:&quot;&quot;}\" data-image-title=\"nt0477\" data-image-description=\"\" data-image-caption=\"\" data-large-file=\"https:\/\/blog.erm.ee\/wp-content\/uploads\/2013\/05\/nt0477-1024x724.jpg\" class=\" wp-image-1965 alignnone\" alt=\"nt0477\" src=\"https:\/\/blog.erm.ee\/wp-content\/uploads\/2013\/05\/nt0477.jpg\" width=\"1200\" height=\"849\" srcset=\"https:\/\/blog.erm.ee\/wp-content\/uploads\/2013\/05\/nt0477.jpg 1200w, https:\/\/blog.erm.ee\/wp-content\/uploads\/2013\/05\/nt0477-367x260.jpg 367w, https:\/\/blog.erm.ee\/wp-content\/uploads\/2013\/05\/nt0477-300x212.jpg 300w, https:\/\/blog.erm.ee\/wp-content\/uploads\/2013\/05\/nt0477-1024x724.jpg 1024w\" sizes=\"auto, (max-width: 1200px) 100vw, 1200px\" \/><\/a>See on esimene k\u00fclg, kaks olla umbes nii sama sugune. Loodan, et teda E.R.M. w\u00f5in saata. Ka mujal pool olla neid kirstusid. Ei ole neid weel n\u00e4inud.<\/i><\/p>\n<p align=\"right\"><i>Terwitades <\/i><\/p>\n<p align=\"right\"><i>M. Raud<br \/>\n<\/i><\/p>\n<p><i>\u00c1 propos. Koguda oleks siin m\u00f5ndagi, kui mehi oleks, kes t\u00f6\u00f6d ei karda. Leidub m\u00f5ni wanakene orjaajast, missugustelt paljugi \u00fclest\u00e4hendusi minewiku kohta saaks.<\/i><\/p>\n<p align=\"right\"><i>Terwisi! <\/i><\/p>\n<p align=\"right\"><i>Joh. Hansen<\/i><\/p>\n<p><a href=\"https:\/\/blog.erm.ee\/wp-content\/uploads\/2013\/05\/002610_ERM_14499_ab-copy.jpg\"><img loading=\"lazy\" decoding=\"async\" data-attachment-id=\"1959\" data-permalink=\"https:\/\/blog.erm.ee\/?attachment_id=1959#main\" data-orig-file=\"https:\/\/blog.erm.ee\/wp-content\/uploads\/2013\/05\/002610_ERM_14499_ab-copy.jpg\" data-orig-size=\"1200,900\" data-comments-opened=\"1\" data-image-meta=\"{&quot;aperture&quot;:&quot;0&quot;,&quot;credit&quot;:&quot;&quot;,&quot;camera&quot;:&quot;&quot;,&quot;caption&quot;:&quot;File Name : DSCN2390.JPG\\rFile Size : 1.6MB (1635924 Bytes)\\rDate Taken : 2002\/03\/15 11:18:34\\rImage Size : 2560 x 1920 pixels\\rResolution : 300 x 300 dpi\\rBit Depth : 8 bits\/channel\\rProtection Attribute : Off\\rHide Attribute : Off\\rCamera ID : N\/A\\rCamera : E5000\\rQuality Mode : FINE\\rMetering Mode : Center-Weighted\\rExposure Mode : Manual\\rSpeed Light : Yes\\rFocal Length : 16.2 mm\\rShutter Speed : 1\/250 second\\rAperture : F7.1\\rExposure Compensation : 0 EV\\rWhite Balance : Flash\\rLens : Built-in\\rFlash Sync Mode : Slow Sync\\rExposure Difference : N\/A\\rFlexible Program : N\/A\\rSensitivity : ISO100\\rSharpening : Auto\\rImage Type : Color\\rColor Mode : N\/A\\rHue Adjustment : N\/A\\rSaturation Control : Saturation -1\\rTone Compensation : Normal\\rLatitude(GPS) : N\/A\\rLongitude(GPS) : N\/A\\rAltitude(GPS) : N\/A&quot;,&quot;created_timestamp&quot;:&quot;1016191114&quot;,&quot;copyright&quot;:&quot;\\u00a9 Eesti Rahva Muuseum&quot;,&quot;focal_length&quot;:&quot;0&quot;,&quot;iso&quot;:&quot;0&quot;,&quot;shutter_speed&quot;:&quot;0&quot;,&quot;title&quot;:&quot;&quot;}\" data-image-title=\"002610_ERM_14499_ab copy\" data-image-description=\"&lt;p&gt;File Name : DSCN2390.JPG&lt;br \/&gt;\nFile Size : 1.6MB (1635924 Bytes)&lt;br \/&gt;\nDate Taken : 2002\/03\/15 11:18:34&lt;br \/&gt;\nImage Size : 2560 x 1920 pixels&lt;br \/&gt;\nResolution : 300 x 300 dpi&lt;br \/&gt;\nBit Depth : 8 bits\/channel&lt;br \/&gt;\nProtection Attribute : Off&lt;br \/&gt;\nHide Attribute : Off&lt;br \/&gt;\nCamera ID : N\/A&lt;br \/&gt;\nCamera : E5000&lt;br \/&gt;\nQuality Mode : FINE&lt;br \/&gt;\nMetering Mode : Center-Weighted&lt;br \/&gt;\nExposure Mode : Manual&lt;br \/&gt;\nSpeed Light : Yes&lt;br \/&gt;\nFocal Length : 16.2 mm&lt;br \/&gt;\nShutter Speed : 1\/250 second&lt;br \/&gt;\nAperture : F7.1&lt;br \/&gt;\nExposure Compensation : 0 EV&lt;br \/&gt;\nWhite Balance : Flash&lt;br \/&gt;\nLens : Built-in&lt;br \/&gt;\nFlash Sync Mode : Slow Sync&lt;br \/&gt;\nExposure Difference : N\/A&lt;br \/&gt;\nFlexible Program : N\/A&lt;br \/&gt;\nSensitivity : ISO100&lt;br \/&gt;\nSharpening : Auto&lt;br \/&gt;\nImage Type : Color&lt;br \/&gt;\nColor Mode : N\/A&lt;br \/&gt;\nHue Adjustment : N\/A&lt;br \/&gt;\nSaturation Control : Saturation -1&lt;br \/&gt;\nTone Compensation : Normal&lt;br \/&gt;\nLatitude(GPS) : N\/A&lt;br \/&gt;\nLongitude(GPS) : N\/A&lt;br \/&gt;\nAltitude(GPS) : N\/A&lt;\/p&gt;\n\" data-image-caption=\"\" data-large-file=\"https:\/\/blog.erm.ee\/wp-content\/uploads\/2013\/05\/002610_ERM_14499_ab-copy-1024x768.jpg\" class=\" wp-image-1959 alignnone\" alt=\"002610_ERM_14499_ab copy\" src=\"https:\/\/blog.erm.ee\/wp-content\/uploads\/2013\/05\/002610_ERM_14499_ab-copy.jpg\" width=\"1200\" height=\"900\" srcset=\"https:\/\/blog.erm.ee\/wp-content\/uploads\/2013\/05\/002610_ERM_14499_ab-copy.jpg 1200w, https:\/\/blog.erm.ee\/wp-content\/uploads\/2013\/05\/002610_ERM_14499_ab-copy-346x260.jpg 346w, https:\/\/blog.erm.ee\/wp-content\/uploads\/2013\/05\/002610_ERM_14499_ab-copy-300x225.jpg 300w, https:\/\/blog.erm.ee\/wp-content\/uploads\/2013\/05\/002610_ERM_14499_ab-copy-1024x768.jpg 1024w\" sizes=\"auto, (max-width: 1200px) 100vw, 1200px\" \/><\/a><em>ERM 14499 Veimevakk. P\u00f5hja all pliiatsiga kirjutatud &#8220;Katti Poltov Vingi k\u00fcla.&#8221;<\/em><\/p>\n<p><a href=\"https:\/\/blog.erm.ee\/wp-content\/uploads\/2013\/05\/ERM_14501_1-3.jpg\"><img loading=\"lazy\" decoding=\"async\" data-attachment-id=\"1964\" data-permalink=\"https:\/\/blog.erm.ee\/?attachment_id=1964#main\" data-orig-file=\"https:\/\/blog.erm.ee\/wp-content\/uploads\/2013\/05\/ERM_14501_1-3.jpg\" data-orig-size=\"1400,319\" data-comments-opened=\"1\" data-image-meta=\"{&quot;aperture&quot;:&quot;0&quot;,&quot;credit&quot;:&quot;&quot;,&quot;camera&quot;:&quot;&quot;,&quot;caption&quot;:&quot;&quot;,&quot;created_timestamp&quot;:&quot;1263311767&quot;,&quot;copyright&quot;:&quot;\\u00a9 Eesti Rahva Muuseum&quot;,&quot;focal_length&quot;:&quot;0&quot;,&quot;iso&quot;:&quot;0&quot;,&quot;shutter_speed&quot;:&quot;0&quot;,&quot;title&quot;:&quot;&quot;}\" data-image-title=\"ERM_14501_1-3\" data-image-description=\"\" data-image-caption=\"\" data-large-file=\"https:\/\/blog.erm.ee\/wp-content\/uploads\/2013\/05\/ERM_14501_1-3-1024x233.jpg\" class=\"alignleft  wp-image-1964\" alt=\"ERM_14501_1-3\" src=\"https:\/\/blog.erm.ee\/wp-content\/uploads\/2013\/05\/ERM_14501_1-3.jpg\" width=\"1400\" height=\"319\" srcset=\"https:\/\/blog.erm.ee\/wp-content\/uploads\/2013\/05\/ERM_14501_1-3.jpg 1400w, https:\/\/blog.erm.ee\/wp-content\/uploads\/2013\/05\/ERM_14501_1-3-460x104.jpg 460w, https:\/\/blog.erm.ee\/wp-content\/uploads\/2013\/05\/ERM_14501_1-3-300x68.jpg 300w, https:\/\/blog.erm.ee\/wp-content\/uploads\/2013\/05\/ERM_14501_1-3-1024x233.jpg 1024w\" sizes=\"auto, (max-width: 1400px) 100vw, 1400px\" \/><\/a><em>ERM 14501\/1-3 Tanud, \u201elinnat\u00f6\u00f6\u201c.<\/em><\/p>\n<p><a href=\"https:\/\/blog.erm.ee\/wp-content\/uploads\/2013\/05\/021886_ERM_Fk_196_2.jpg\"><img loading=\"lazy\" decoding=\"async\" data-attachment-id=\"1961\" data-permalink=\"https:\/\/blog.erm.ee\/?attachment_id=1961#main\" data-orig-file=\"https:\/\/blog.erm.ee\/wp-content\/uploads\/2013\/05\/021886_ERM_Fk_196_2.jpg\" data-orig-size=\"1200,870\" data-comments-opened=\"1\" data-image-meta=\"{&quot;aperture&quot;:&quot;0&quot;,&quot;credit&quot;:&quot;&quot;,&quot;camera&quot;:&quot;&quot;,&quot;caption&quot;:&quot;&quot;,&quot;created_timestamp&quot;:&quot;0&quot;,&quot;copyright&quot;:&quot;&quot;,&quot;focal_length&quot;:&quot;0&quot;,&quot;iso&quot;:&quot;0&quot;,&quot;shutter_speed&quot;:&quot;0&quot;,&quot;title&quot;:&quot;&quot;}\" data-image-title=\"021886_ERM_Fk_196_2\" data-image-description=\"\" data-image-caption=\"\" data-large-file=\"https:\/\/blog.erm.ee\/wp-content\/uploads\/2013\/05\/021886_ERM_Fk_196_2-1024x742.jpg\" class=\" wp-image-1961 alignnone\" alt=\"021886_ERM_Fk_196_2\" src=\"https:\/\/blog.erm.ee\/wp-content\/uploads\/2013\/05\/021886_ERM_Fk_196_2.jpg\" width=\"1200\" height=\"870\" srcset=\"https:\/\/blog.erm.ee\/wp-content\/uploads\/2013\/05\/021886_ERM_Fk_196_2.jpg 1200w, https:\/\/blog.erm.ee\/wp-content\/uploads\/2013\/05\/021886_ERM_Fk_196_2-358x260.jpg 358w, https:\/\/blog.erm.ee\/wp-content\/uploads\/2013\/05\/021886_ERM_Fk_196_2-300x217.jpg 300w, https:\/\/blog.erm.ee\/wp-content\/uploads\/2013\/05\/021886_ERM_Fk_196_2-1024x742.jpg 1024w\" sizes=\"auto, (max-width: 1200px) 100vw, 1200px\" \/><\/a><em>ERM Fk 196:2 K\u00fcla muusikakoor 1909. Foto: Jakob Sutt.<\/em><\/p>\n<p><a href=\"https:\/\/blog.erm.ee\/wp-content\/uploads\/2013\/05\/021894_ERM_Fk_196_14.jpg\"><img loading=\"lazy\" decoding=\"async\" data-attachment-id=\"1962\" data-permalink=\"https:\/\/blog.erm.ee\/?attachment_id=1962#main\" data-orig-file=\"https:\/\/blog.erm.ee\/wp-content\/uploads\/2013\/05\/021894_ERM_Fk_196_14.jpg\" data-orig-size=\"1200,872\" data-comments-opened=\"1\" data-image-meta=\"{&quot;aperture&quot;:&quot;0&quot;,&quot;credit&quot;:&quot;&quot;,&quot;camera&quot;:&quot;&quot;,&quot;caption&quot;:&quot;&quot;,&quot;created_timestamp&quot;:&quot;0&quot;,&quot;copyright&quot;:&quot;&quot;,&quot;focal_length&quot;:&quot;0&quot;,&quot;iso&quot;:&quot;0&quot;,&quot;shutter_speed&quot;:&quot;0&quot;,&quot;title&quot;:&quot;&quot;}\" data-image-title=\"021894_ERM_Fk_196_14\" data-image-description=\"\" data-image-caption=\"\" data-large-file=\"https:\/\/blog.erm.ee\/wp-content\/uploads\/2013\/05\/021894_ERM_Fk_196_14-1024x744.jpg\" class=\" wp-image-1962 alignnone\" alt=\"021894_ERM_Fk_196_14\" src=\"https:\/\/blog.erm.ee\/wp-content\/uploads\/2013\/05\/021894_ERM_Fk_196_14.jpg\" width=\"1200\" height=\"872\" srcset=\"https:\/\/blog.erm.ee\/wp-content\/uploads\/2013\/05\/021894_ERM_Fk_196_14.jpg 1200w, https:\/\/blog.erm.ee\/wp-content\/uploads\/2013\/05\/021894_ERM_Fk_196_14-357x260.jpg 357w, https:\/\/blog.erm.ee\/wp-content\/uploads\/2013\/05\/021894_ERM_Fk_196_14-300x218.jpg 300w, https:\/\/blog.erm.ee\/wp-content\/uploads\/2013\/05\/021894_ERM_Fk_196_14-1024x744.jpg 1024w\" sizes=\"auto, (max-width: 1200px) 100vw, 1200px\" \/><\/a><em>ERM Fk 196:14 T\u00f5stamaa lastepidu, rongk\u00e4ik algab seltsimaja ukse eest 1912. Foto: Jakob Sutt.<\/em><\/p>\n<p>*Fotod ja esemed kogunud M\u00e4rt Raud P\u00e4rnust.<\/p>\n<p>&nbsp;<\/p>\n<div>\n<hr align=\"left\" size=\"1\" width=\"33%\" \/>\n<div>\n<p><a title=\"\" href=\"#_ednref1\">[1]<\/a> ERM A f 1, n 1, s 36. Kiri on avaldatud muutmata kujul, vana kirjaviis on normeerimata.<\/p>\n<\/div>\n<div>\n<p><a title=\"\" href=\"#_ednref2\">[2]<\/a> <i>Eesti avalikud tegelased: eluloolisi andmeid<\/i>, 1932, lk 260.<\/p>\n<\/div>\n<div>\n<p><a title=\"\" href=\"#_ednref3\">[3]<\/a> <i>Eesti Rahva Museum 1913: Eesti Rahva Museumi v\u00e4ljaanne<\/i> nr 8, 1914 , lk 96.<\/p>\n<\/div>\n<div>\n<p><a title=\"\" href=\"#_ednref4\">[4]<\/a> ERM KV 1147:239\u2013241.<\/p>\n<\/div>\n<\/div>\n<div class=\"fcbkbttn_buttons_block\" id=\"fcbkbttn_left\"><div class=\"fcbkbttn_like \"><fb:like href=\"https:\/\/blog.erm.ee\/?p=1958\" action=\"like\" colorscheme=\"light\" layout=\"standard\"  width=\"225px\" size=\"small\"><\/fb:like><\/div><div class=\"fb-share-button  \" data-href=\"https:\/\/blog.erm.ee\/?p=1958\" data-type=\"button\" data-size=\"small\"><\/div><\/div>","protected":false},"excerpt":{"rendered":"<p>&nbsp; Kristi \u00dctt, digitaal- ja eriarhiivi hoiuhaldur Maikuise kirja[1] on muuseumile saatnud tuntud Eesti haridustegelane, ajakirjanik ja publitsist M\u00e4rt Raud (1881\u20131980) P\u00e4riverest 19. mail 1913. Tollal elas Raud P\u00e4rnus, t\u00f6\u00f6tas ajalehe Postimees toimetuses[2] ja oli valitud ka Eesti Rahva Muuseumi usaldusmeheks P\u00e4rnumaal.[3] Muuseumiga hoidis ta kirja teel sidet ja saatis aeg-ajalt P\u00e4rnust ning selle \u00fcmbrusest&hellip;<\/p>\n","protected":false},"author":1,"featured_media":1961,"comment_status":"open","ping_status":"open","sticky":false,"template":"","format":"standard","meta":{"_monsterinsights_skip_tracking":false,"_monsterinsights_sitenote_active":false,"_monsterinsights_sitenote_note":"","_monsterinsights_sitenote_category":0,"jetpack_post_was_ever_published":false,"_jetpack_newsletter_access":"","_jetpack_dont_email_post_to_subs":false,"_jetpack_newsletter_tier_id":0,"_jetpack_memberships_contains_paywalled_content":false,"_jetpack_memberships_contains_paid_content":false,"footnotes":""},"categories":[5],"tags":[],"class_list":["post-1958","post","type-post","status-publish","format-standard","has-post-thumbnail","hentry","category-museaal"],"yoast_head":"<!-- This site is optimized with the Yoast SEO plugin v27.5 - https:\/\/yoast.com\/product\/yoast-seo-wordpress\/ -->\n<title>Kuu kiri nr 5 ehk 100 aastat tagasi mais - Eesti Rahva Muuseumi ajaveeb<\/title>\n<meta name=\"robots\" content=\"index, follow, max-snippet:-1, max-image-preview:large, max-video-preview:-1\" \/>\n<link rel=\"canonical\" href=\"https:\/\/blog.erm.ee\/?p=1958\" \/>\n<meta property=\"og:locale\" content=\"et_EE\" \/>\n<meta property=\"og:type\" content=\"article\" \/>\n<meta property=\"og:title\" content=\"Kuu kiri nr 5 ehk 100 aastat tagasi mais - Eesti Rahva Muuseumi ajaveeb\" \/>\n<meta property=\"og:description\" content=\"&nbsp; Kristi \u00dctt, digitaal- ja eriarhiivi hoiuhaldur Maikuise kirja[1] on muuseumile saatnud tuntud Eesti haridustegelane, ajakirjanik ja publitsist M\u00e4rt Raud (1881\u20131980) P\u00e4riverest 19. mail 1913. Tollal elas Raud P\u00e4rnus, t\u00f6\u00f6tas ajalehe Postimees toimetuses[2] ja oli valitud ka Eesti Rahva Muuseumi usaldusmeheks P\u00e4rnumaal.[3] Muuseumiga hoidis ta kirja teel sidet ja saatis aeg-ajalt P\u00e4rnust ning selle \u00fcmbrusest&hellip;\" \/>\n<meta property=\"og:url\" content=\"https:\/\/blog.erm.ee\/?p=1958\" \/>\n<meta property=\"og:site_name\" content=\"Eesti Rahva Muuseumi ajaveeb\" \/>\n<meta property=\"article:published_time\" content=\"2013-05-02T06:47:14+00:00\" \/>\n<meta property=\"article:modified_time\" content=\"2013-11-01T14:16:31+00:00\" \/>\n<meta property=\"og:image\" content=\"https:\/\/blog.erm.ee\/wp-content\/uploads\/2013\/05\/021886_ERM_Fk_196_2.jpg\" \/>\n\t<meta property=\"og:image:width\" content=\"1200\" \/>\n\t<meta property=\"og:image:height\" content=\"870\" \/>\n\t<meta property=\"og:image:type\" content=\"image\/jpeg\" \/>\n<meta name=\"author\" content=\"Eesti Rahva Muuseum\" \/>\n<meta name=\"twitter:card\" content=\"summary_large_image\" \/>\n<meta name=\"twitter:label1\" content=\"Written by\" \/>\n\t<meta name=\"twitter:data1\" content=\"Eesti Rahva Muuseum\" \/>\n\t<meta name=\"twitter:label2\" content=\"Est. reading time\" \/>\n\t<meta name=\"twitter:data2\" content=\"5 minutit\" \/>\n<script type=\"application\/ld+json\" class=\"yoast-schema-graph\">{\"@context\":\"https:\\\/\\\/schema.org\",\"@graph\":[{\"@type\":\"Article\",\"@id\":\"https:\\\/\\\/blog.erm.ee\\\/?p=1958#article\",\"isPartOf\":{\"@id\":\"https:\\\/\\\/blog.erm.ee\\\/?p=1958\"},\"author\":{\"name\":\"Eesti Rahva Muuseum\",\"@id\":\"https:\\\/\\\/blog.erm.ee\\\/#\\\/schema\\\/person\\\/6e98c391cb00a33e7c22a3571e062114\"},\"headline\":\"Kuu kiri nr 5 ehk 100 aastat tagasi mais\",\"datePublished\":\"2013-05-02T06:47:14+00:00\",\"dateModified\":\"2013-11-01T14:16:31+00:00\",\"mainEntityOfPage\":{\"@id\":\"https:\\\/\\\/blog.erm.ee\\\/?p=1958\"},\"wordCount\":992,\"commentCount\":2,\"image\":{\"@id\":\"https:\\\/\\\/blog.erm.ee\\\/?p=1958#primaryimage\"},\"thumbnailUrl\":\"https:\\\/\\\/blog.erm.ee\\\/wp-content\\\/uploads\\\/2013\\\/05\\\/021886_ERM_Fk_196_2.jpg\",\"articleSection\":[\"Museaal\"],\"inLanguage\":\"et\",\"potentialAction\":[{\"@type\":\"CommentAction\",\"name\":\"Comment\",\"target\":[\"https:\\\/\\\/blog.erm.ee\\\/?p=1958#respond\"]}]},{\"@type\":\"WebPage\",\"@id\":\"https:\\\/\\\/blog.erm.ee\\\/?p=1958\",\"url\":\"https:\\\/\\\/blog.erm.ee\\\/?p=1958\",\"name\":\"Kuu kiri nr 5 ehk 100 aastat tagasi mais - Eesti Rahva Muuseumi ajaveeb\",\"isPartOf\":{\"@id\":\"https:\\\/\\\/blog.erm.ee\\\/#website\"},\"primaryImageOfPage\":{\"@id\":\"https:\\\/\\\/blog.erm.ee\\\/?p=1958#primaryimage\"},\"image\":{\"@id\":\"https:\\\/\\\/blog.erm.ee\\\/?p=1958#primaryimage\"},\"thumbnailUrl\":\"https:\\\/\\\/blog.erm.ee\\\/wp-content\\\/uploads\\\/2013\\\/05\\\/021886_ERM_Fk_196_2.jpg\",\"datePublished\":\"2013-05-02T06:47:14+00:00\",\"dateModified\":\"2013-11-01T14:16:31+00:00\",\"author\":{\"@id\":\"https:\\\/\\\/blog.erm.ee\\\/#\\\/schema\\\/person\\\/6e98c391cb00a33e7c22a3571e062114\"},\"breadcrumb\":{\"@id\":\"https:\\\/\\\/blog.erm.ee\\\/?p=1958#breadcrumb\"},\"inLanguage\":\"et\",\"potentialAction\":[{\"@type\":\"ReadAction\",\"target\":[\"https:\\\/\\\/blog.erm.ee\\\/?p=1958\"]}]},{\"@type\":\"ImageObject\",\"inLanguage\":\"et\",\"@id\":\"https:\\\/\\\/blog.erm.ee\\\/?p=1958#primaryimage\",\"url\":\"https:\\\/\\\/blog.erm.ee\\\/wp-content\\\/uploads\\\/2013\\\/05\\\/021886_ERM_Fk_196_2.jpg\",\"contentUrl\":\"https:\\\/\\\/blog.erm.ee\\\/wp-content\\\/uploads\\\/2013\\\/05\\\/021886_ERM_Fk_196_2.jpg\",\"width\":1200,\"height\":870},{\"@type\":\"BreadcrumbList\",\"@id\":\"https:\\\/\\\/blog.erm.ee\\\/?p=1958#breadcrumb\",\"itemListElement\":[{\"@type\":\"ListItem\",\"position\":1,\"name\":\"Home\",\"item\":\"https:\\\/\\\/blog.erm.ee\\\/\"},{\"@type\":\"ListItem\",\"position\":2,\"name\":\"Kuu kiri nr 5 ehk 100 aastat tagasi mais\"}]},{\"@type\":\"WebSite\",\"@id\":\"https:\\\/\\\/blog.erm.ee\\\/#website\",\"url\":\"https:\\\/\\\/blog.erm.ee\\\/\",\"name\":\"Eesti Rahva Muuseumi ajaveeb\",\"description\":\"\",\"potentialAction\":[{\"@type\":\"SearchAction\",\"target\":{\"@type\":\"EntryPoint\",\"urlTemplate\":\"https:\\\/\\\/blog.erm.ee\\\/?s={search_term_string}\"},\"query-input\":{\"@type\":\"PropertyValueSpecification\",\"valueRequired\":true,\"valueName\":\"search_term_string\"}}],\"inLanguage\":\"et\"},{\"@type\":\"Person\",\"@id\":\"https:\\\/\\\/blog.erm.ee\\\/#\\\/schema\\\/person\\\/6e98c391cb00a33e7c22a3571e062114\",\"name\":\"Eesti Rahva Muuseum\",\"image\":{\"@type\":\"ImageObject\",\"inLanguage\":\"et\",\"@id\":\"https:\\\/\\\/secure.gravatar.com\\\/avatar\\\/cb6d9ad5fb49f3f7315028ce5fe60641075f2cb52b8a058ff5a985fa2d8c1da0?s=96&d=mm&r=g\",\"url\":\"https:\\\/\\\/secure.gravatar.com\\\/avatar\\\/cb6d9ad5fb49f3f7315028ce5fe60641075f2cb52b8a058ff5a985fa2d8c1da0?s=96&d=mm&r=g\",\"contentUrl\":\"https:\\\/\\\/secure.gravatar.com\\\/avatar\\\/cb6d9ad5fb49f3f7315028ce5fe60641075f2cb52b8a058ff5a985fa2d8c1da0?s=96&d=mm&r=g\",\"caption\":\"Eesti Rahva Muuseum\"},\"sameAs\":[\"http:\\\/\\\/www.erm.ee\"],\"url\":\"https:\\\/\\\/blog.erm.ee\\\/?author=1\"}]}<\/script>\n<!-- \/ Yoast SEO plugin. -->","yoast_head_json":{"title":"Kuu kiri nr 5 ehk 100 aastat tagasi mais - Eesti Rahva Muuseumi ajaveeb","robots":{"index":"index","follow":"follow","max-snippet":"max-snippet:-1","max-image-preview":"max-image-preview:large","max-video-preview":"max-video-preview:-1"},"canonical":"https:\/\/blog.erm.ee\/?p=1958","og_locale":"et_EE","og_type":"article","og_title":"Kuu kiri nr 5 ehk 100 aastat tagasi mais - Eesti Rahva Muuseumi ajaveeb","og_description":"&nbsp; Kristi \u00dctt, digitaal- ja eriarhiivi hoiuhaldur Maikuise kirja[1] on muuseumile saatnud tuntud Eesti haridustegelane, ajakirjanik ja publitsist M\u00e4rt Raud (1881\u20131980) P\u00e4riverest 19. mail 1913. Tollal elas Raud P\u00e4rnus, t\u00f6\u00f6tas ajalehe Postimees toimetuses[2] ja oli valitud ka Eesti Rahva Muuseumi usaldusmeheks P\u00e4rnumaal.[3] Muuseumiga hoidis ta kirja teel sidet ja saatis aeg-ajalt P\u00e4rnust ning selle \u00fcmbrusest&hellip;","og_url":"https:\/\/blog.erm.ee\/?p=1958","og_site_name":"Eesti Rahva Muuseumi ajaveeb","article_published_time":"2013-05-02T06:47:14+00:00","article_modified_time":"2013-11-01T14:16:31+00:00","og_image":[{"width":1200,"height":870,"url":"https:\/\/blog.erm.ee\/wp-content\/uploads\/2013\/05\/021886_ERM_Fk_196_2.jpg","type":"image\/jpeg"}],"author":"Eesti Rahva Muuseum","twitter_card":"summary_large_image","twitter_misc":{"Written by":"Eesti Rahva Muuseum","Est. reading time":"5 minutit"},"schema":{"@context":"https:\/\/schema.org","@graph":[{"@type":"Article","@id":"https:\/\/blog.erm.ee\/?p=1958#article","isPartOf":{"@id":"https:\/\/blog.erm.ee\/?p=1958"},"author":{"name":"Eesti Rahva Muuseum","@id":"https:\/\/blog.erm.ee\/#\/schema\/person\/6e98c391cb00a33e7c22a3571e062114"},"headline":"Kuu kiri nr 5 ehk 100 aastat tagasi mais","datePublished":"2013-05-02T06:47:14+00:00","dateModified":"2013-11-01T14:16:31+00:00","mainEntityOfPage":{"@id":"https:\/\/blog.erm.ee\/?p=1958"},"wordCount":992,"commentCount":2,"image":{"@id":"https:\/\/blog.erm.ee\/?p=1958#primaryimage"},"thumbnailUrl":"https:\/\/blog.erm.ee\/wp-content\/uploads\/2013\/05\/021886_ERM_Fk_196_2.jpg","articleSection":["Museaal"],"inLanguage":"et","potentialAction":[{"@type":"CommentAction","name":"Comment","target":["https:\/\/blog.erm.ee\/?p=1958#respond"]}]},{"@type":"WebPage","@id":"https:\/\/blog.erm.ee\/?p=1958","url":"https:\/\/blog.erm.ee\/?p=1958","name":"Kuu kiri nr 5 ehk 100 aastat tagasi mais - Eesti Rahva Muuseumi ajaveeb","isPartOf":{"@id":"https:\/\/blog.erm.ee\/#website"},"primaryImageOfPage":{"@id":"https:\/\/blog.erm.ee\/?p=1958#primaryimage"},"image":{"@id":"https:\/\/blog.erm.ee\/?p=1958#primaryimage"},"thumbnailUrl":"https:\/\/blog.erm.ee\/wp-content\/uploads\/2013\/05\/021886_ERM_Fk_196_2.jpg","datePublished":"2013-05-02T06:47:14+00:00","dateModified":"2013-11-01T14:16:31+00:00","author":{"@id":"https:\/\/blog.erm.ee\/#\/schema\/person\/6e98c391cb00a33e7c22a3571e062114"},"breadcrumb":{"@id":"https:\/\/blog.erm.ee\/?p=1958#breadcrumb"},"inLanguage":"et","potentialAction":[{"@type":"ReadAction","target":["https:\/\/blog.erm.ee\/?p=1958"]}]},{"@type":"ImageObject","inLanguage":"et","@id":"https:\/\/blog.erm.ee\/?p=1958#primaryimage","url":"https:\/\/blog.erm.ee\/wp-content\/uploads\/2013\/05\/021886_ERM_Fk_196_2.jpg","contentUrl":"https:\/\/blog.erm.ee\/wp-content\/uploads\/2013\/05\/021886_ERM_Fk_196_2.jpg","width":1200,"height":870},{"@type":"BreadcrumbList","@id":"https:\/\/blog.erm.ee\/?p=1958#breadcrumb","itemListElement":[{"@type":"ListItem","position":1,"name":"Home","item":"https:\/\/blog.erm.ee\/"},{"@type":"ListItem","position":2,"name":"Kuu kiri nr 5 ehk 100 aastat tagasi mais"}]},{"@type":"WebSite","@id":"https:\/\/blog.erm.ee\/#website","url":"https:\/\/blog.erm.ee\/","name":"Eesti Rahva Muuseumi ajaveeb","description":"","potentialAction":[{"@type":"SearchAction","target":{"@type":"EntryPoint","urlTemplate":"https:\/\/blog.erm.ee\/?s={search_term_string}"},"query-input":{"@type":"PropertyValueSpecification","valueRequired":true,"valueName":"search_term_string"}}],"inLanguage":"et"},{"@type":"Person","@id":"https:\/\/blog.erm.ee\/#\/schema\/person\/6e98c391cb00a33e7c22a3571e062114","name":"Eesti Rahva Muuseum","image":{"@type":"ImageObject","inLanguage":"et","@id":"https:\/\/secure.gravatar.com\/avatar\/cb6d9ad5fb49f3f7315028ce5fe60641075f2cb52b8a058ff5a985fa2d8c1da0?s=96&d=mm&r=g","url":"https:\/\/secure.gravatar.com\/avatar\/cb6d9ad5fb49f3f7315028ce5fe60641075f2cb52b8a058ff5a985fa2d8c1da0?s=96&d=mm&r=g","contentUrl":"https:\/\/secure.gravatar.com\/avatar\/cb6d9ad5fb49f3f7315028ce5fe60641075f2cb52b8a058ff5a985fa2d8c1da0?s=96&d=mm&r=g","caption":"Eesti Rahva Muuseum"},"sameAs":["http:\/\/www.erm.ee"],"url":"https:\/\/blog.erm.ee\/?author=1"}]}},"jetpack_featured_media_url":"https:\/\/blog.erm.ee\/wp-content\/uploads\/2013\/05\/021886_ERM_Fk_196_2.jpg","jetpack_shortlink":"https:\/\/wp.me\/p2l9Zd-vA","jetpack_sharing_enabled":true,"jetpack_likes_enabled":true,"_links":{"self":[{"href":"https:\/\/blog.erm.ee\/index.php?rest_route=\/wp\/v2\/posts\/1958","targetHints":{"allow":["GET"]}}],"collection":[{"href":"https:\/\/blog.erm.ee\/index.php?rest_route=\/wp\/v2\/posts"}],"about":[{"href":"https:\/\/blog.erm.ee\/index.php?rest_route=\/wp\/v2\/types\/post"}],"author":[{"embeddable":true,"href":"https:\/\/blog.erm.ee\/index.php?rest_route=\/wp\/v2\/users\/1"}],"replies":[{"embeddable":true,"href":"https:\/\/blog.erm.ee\/index.php?rest_route=%2Fwp%2Fv2%2Fcomments&post=1958"}],"version-history":[{"count":14,"href":"https:\/\/blog.erm.ee\/index.php?rest_route=\/wp\/v2\/posts\/1958\/revisions"}],"predecessor-version":[{"id":3672,"href":"https:\/\/blog.erm.ee\/index.php?rest_route=\/wp\/v2\/posts\/1958\/revisions\/3672"}],"wp:featuredmedia":[{"embeddable":true,"href":"https:\/\/blog.erm.ee\/index.php?rest_route=\/wp\/v2\/media\/1961"}],"wp:attachment":[{"href":"https:\/\/blog.erm.ee\/index.php?rest_route=%2Fwp%2Fv2%2Fmedia&parent=1958"}],"wp:term":[{"taxonomy":"category","embeddable":true,"href":"https:\/\/blog.erm.ee\/index.php?rest_route=%2Fwp%2Fv2%2Fcategories&post=1958"},{"taxonomy":"post_tag","embeddable":true,"href":"https:\/\/blog.erm.ee\/index.php?rest_route=%2Fwp%2Fv2%2Ftags&post=1958"}],"curies":[{"name":"wp","href":"https:\/\/api.w.org\/{rel}","templated":true}]}}