{"id":18130,"date":"2026-04-27T16:54:07","date_gmt":"2026-04-27T13:54:07","guid":{"rendered":"https:\/\/blog.erm.ee\/?p=18130"},"modified":"2026-04-27T16:54:07","modified_gmt":"2026-04-27T13:54:07","slug":"tekstiilide-varvimine-on-murgine-ja-laastab-keskkonda","status":"publish","type":"post","link":"https:\/\/blog.erm.ee\/?p=18130","title":{"rendered":"Tekstiilide v\u00e4rvimine on m\u00fcrgine ja laastab keskkonda"},"content":{"rendered":"<div class=\"fcbkbttn_buttons_block\" id=\"fcbkbttn_left\"><div class=\"fcbkbttn_like \"><fb:like href=\"https:\/\/blog.erm.ee\/?p=18130\" action=\"like\" colorscheme=\"light\" layout=\"standard\"  width=\"225px\" size=\"small\"><\/fb:like><\/div><div class=\"fb-share-button  \" data-href=\"https:\/\/blog.erm.ee\/?p=18130\" data-type=\"button\" data-size=\"small\"><\/div><\/div><p><em>Kerttu Palgin\u00f5mm, kunstiajaloolane ja n\u00e4ituse &#8220;Meie r\u00f5iva v\u00e4rvid&#8221; \u00fcks kuraatoritest<\/em><\/p>\n<p><strong>Mida mina teha saan?<\/strong><\/p>\n<p>ERMi n\u00e4itusele <a href=\"https:\/\/www.erm.ee\/naitused\/meie-roiva-varvid\/\">\u201eMeie r\u00f5iva v\u00e4rvid. Kohalik ja kauge\u201c<\/a> on vundamendi ladunud Euroopa Horisondi projekt Colour4CRAFTS. Kuigi n\u00e4ituse p\u00f5hifookus on meie v\u00e4rvimistraditsioonidel ja r\u00f5ivastel, tegeleb projekt <a href=\"https:\/\/colour4crafts.eu\/\">Colour4CRAFTS<\/a> testiiliv\u00e4rvimise probleemidega ka t\u00e4nap\u00e4eva kontekstis.\u00a0 Projekti partnerid, nagu Leedsi \u00fclikool, Helsingi \u00fclikool v\u00f5i Prantsusmaa v\u00e4rviettev\u00f5te Pili, proovivad leida j\u00e4tkusuutlikke meetodeid, mis leevendaksid tekstiiliv\u00e4rvimise keskkonnam\u00f5ju.<\/p>\n<p><strong>S\u00fcnteetiliste v\u00e4rvide suur keskkonnam\u00f5ju<\/strong><\/p>\n<p>Tekstiilide v\u00e4rvimine oli suuremahuline, intensiivne ja m\u00fcrgine juba enne s\u00fcnteetiliste v\u00e4rvide kasutuselev\u00f5ttu 19. sajandil. Milles seisneb kiudude, l\u00f5nga ja kangav\u00e4rvimise p\u00f5hiprobleem? K\u00f5ige suurem murekoht on v\u00e4rvimiseks vajalik veehulk ja selles hiljem sisalduvad m\u00fcrgised j\u00e4\u00e4gid. Kemikaale kasutatakse mitmes etapis, et v\u00e4rv n\u00e4iteks paremini kiule kinnituks. \u00dched peamistest tekstiilieksportijatest on Hiina ja India.<\/p>\n<div id=\"attachment_18131\" style=\"width: 2570px\" class=\"wp-caption alignnone\"><img loading=\"lazy\" decoding=\"async\" aria-describedby=\"caption-attachment-18131\" data-attachment-id=\"18131\" data-permalink=\"https:\/\/blog.erm.ee\/?attachment_id=18131#main\" data-orig-file=\"https:\/\/blog.erm.ee\/wp-content\/uploads\/2026\/04\/Pilt-1_vabrik-Hiinas-scaled.jpg\" data-orig-size=\"2560,1707\" data-comments-opened=\"1\" data-image-meta=\"{&quot;aperture&quot;:&quot;5&quot;,&quot;credit&quot;:&quot;\\u00a9 Lu Guang \/ Greenpeace&quot;,&quot;camera&quot;:&quot;Canon EOS 5D Mark III&quot;,&quot;caption&quot;:&quot;A plant with five dyeing machines will need about 250kg of dye, along with other additives. Aproximately 2500kg of dyestuff paste circulates the plant every day. This plant is located within the Binhai Industrial Zone.&quot;,&quot;created_timestamp&quot;:&quot;1351252319&quot;,&quot;copyright&quot;:&quot;\\u00a9 Lu Guang \/ Greenpeace&quot;,&quot;focal_length&quot;:&quot;19&quot;,&quot;iso&quot;:&quot;1250&quot;,&quot;shutter_speed&quot;:&quot;0.008&quot;,&quot;title&quot;:&quot;Dye Factory in Shaoxing&quot;,&quot;orientation&quot;:&quot;1&quot;}\" data-image-title=\"V\u00e4rvimisvabrik Shaoxing\u2019is, Binhai t\u00f6\u00f6stuspiirkonnas Hiinas. Foto: Lu Guang \/ Greenpeace 2012\" data-image-description=\"&lt;p&gt;V\u00e4rvimisvabrik Shaoxing\u2019is, Binhai t\u00f6\u00f6stuspiirkonnas Hiinas. Foto: Lu Guang \/ Greenpeace 2012&lt;\/p&gt;\n\" data-image-caption=\"&lt;p&gt;A plant with five dyeing machines will need about 250kg of dye, along with other additives. Aproximately 2500kg of dyestuff paste circulates the plant every day. This plant is located within the Binhai Industrial Zone.&lt;\/p&gt;\n\" data-large-file=\"https:\/\/blog.erm.ee\/wp-content\/uploads\/2026\/04\/Pilt-1_vabrik-Hiinas-1024x683.jpg\" class=\"size-full wp-image-18131\" src=\"https:\/\/blog.erm.ee\/wp-content\/uploads\/2026\/04\/Pilt-1_vabrik-Hiinas-scaled.jpg\" alt=\"V\u00e4rvimisvabrik Shaoxing\u2019is, Binhai t\u00f6\u00f6stuspiirkonnas Hiinas. Foto: Lu Guang \/ Greenpeace 2012\" width=\"2560\" height=\"1707\" srcset=\"https:\/\/blog.erm.ee\/wp-content\/uploads\/2026\/04\/Pilt-1_vabrik-Hiinas-scaled.jpg 2560w, https:\/\/blog.erm.ee\/wp-content\/uploads\/2026\/04\/Pilt-1_vabrik-Hiinas-300x200.jpg 300w, https:\/\/blog.erm.ee\/wp-content\/uploads\/2026\/04\/Pilt-1_vabrik-Hiinas-1024x683.jpg 1024w, https:\/\/blog.erm.ee\/wp-content\/uploads\/2026\/04\/Pilt-1_vabrik-Hiinas-390x260.jpg 390w, https:\/\/blog.erm.ee\/wp-content\/uploads\/2026\/04\/Pilt-1_vabrik-Hiinas-768x512.jpg 768w, https:\/\/blog.erm.ee\/wp-content\/uploads\/2026\/04\/Pilt-1_vabrik-Hiinas-1536x1024.jpg 1536w, https:\/\/blog.erm.ee\/wp-content\/uploads\/2026\/04\/Pilt-1_vabrik-Hiinas-2048x1365.jpg 2048w\" sizes=\"auto, (max-width: 2560px) 100vw, 2560px\" \/><p id=\"caption-attachment-18131\" class=\"wp-caption-text\">V\u00e4rvimisvabrik Shaoxing\u2019is, Binhai t\u00f6\u00f6stuspiirkonnas Hiinas. Foto: Lu Guang \/ Greenpeace 2012<\/p><\/div>\n<p>Enamik v\u00e4rvimisest toimubki Euroopast kaugel Aasias, kus reovesi rikub j\u00f5evee kvaliteeti. Tihti me seda k\u00f5ike ei n\u00e4e, nii et me ei oskagi siin probleemi n\u00e4ha. Samal ajal \u00e4\u00e4ristab Bangladeshis tekstiilipr\u00fcgi j\u00f5e\u00e4\u00e4ri ja voolav vesi on v\u00e4rvunud punaseks v\u00f5i siniseks. See k\u00f5ik j\u00f5uab l\u00f5puks ookeani, kus m\u00fcrgid kahjustavad omakorda vee-elustikku. Muidugi puudutab see samav\u00f5rra ka mageveekogusid.<\/p>\n<div id=\"attachment_18132\" style=\"width: 1718px\" class=\"wp-caption alignnone\"><img loading=\"lazy\" decoding=\"async\" aria-describedby=\"caption-attachment-18132\" data-attachment-id=\"18132\" data-permalink=\"https:\/\/blog.erm.ee\/?attachment_id=18132#main\" data-orig-file=\"https:\/\/blog.erm.ee\/wp-content\/uploads\/2026\/04\/Pilt-2_reostusega-rannik-scaled.jpg\" data-orig-size=\"1708,2560\" data-comments-opened=\"1\" data-image-meta=\"{&quot;aperture&quot;:&quot;3.5&quot;,&quot;credit&quot;:&quot;\\u00a9 Kevin McElvaney \/ Greenpeace&quot;,&quot;camera&quot;:&quot;LEICA Q2&quot;,&quot;caption&quot;:&quot;Plastic waste and textile waste on the shores of Accra near Korle Lagoon.\\n\\nThe fashion industry has a massive plastic problem that it outsources to countries in the Global South, where textile waste pollutes the environment. Ghana is one of the world&#039;s largest consumers of second-hand textiles. A good 120,000 tonnes of second-hand clothing from Asia, North America and Europe end up in the West African country every year. More than half of the clothing is inferior disposable goods with no resale value - much of it is made of plastic.\\r\\nIm Bild: Plastik- und Textilabf\\u00e4lle an den Ufern von Accra in der N\\u00e4he der Korle Lagune.\\n\\nDie Fashion-Industrie hat ein massives Plastikproblem, das sie in L\\u00e4nder des Globalen S\\u00fcdens auslagert, wo Textilm\\u00fcll die Umwelt verschmutzt. Ghana geh\\u00f6rt weltweit zu den gr\\u00f6\\u00dften Abnehmern von Second-Hand-Textilien. Gut 120.000 Tonnen Second-Hand-Kleidung aus Asien, Nordamerika und Europa landen j\\u00e4hrlich in dem westafrikanischen Staat. Mehr als die H\\u00e4lfte der Kleidung ist minderwertige Wegwerfware ohne Wiederverkaufswert \\u2013 ein Gro\\u00dfteil davon besteht aus Plastik.&quot;,&quot;created_timestamp&quot;:&quot;1697573076&quot;,&quot;copyright&quot;:&quot;\\u00a9 Kevin McElvaney \/ Greenpeace&quot;,&quot;focal_length&quot;:&quot;28&quot;,&quot;iso&quot;:&quot;6400&quot;,&quot;shutter_speed&quot;:&quot;0.01&quot;,&quot;title&quot;:&quot;Fast Fashion and Waste Colonialism - Waste on Shore in Ghana\\r\\nFast Fashion und M\\u00fcll-Kolonialismus in Ghana&quot;,&quot;orientation&quot;:&quot;0&quot;}\" data-image-title=\"Plasti- ja tekstiilireostus Ghana pealinna Accra l\u00e4histel Korle laguuni rannas. Foto: Kevin McElvaney, Greenpeace 2023\" data-image-description=\"\" data-image-caption=\"&lt;p&gt;Plasti- ja tekstiilireostus Ghana pealinna Accra l\u00e4histel Korle laguuni rannas. Foto: Kevin McElvaney, Greenpeace 2023&lt;\/p&gt;\n\" data-large-file=\"https:\/\/blog.erm.ee\/wp-content\/uploads\/2026\/04\/Pilt-2_reostusega-rannik-683x1024.jpg\" class=\"size-full wp-image-18132\" src=\"https:\/\/blog.erm.ee\/wp-content\/uploads\/2026\/04\/Pilt-2_reostusega-rannik-scaled.jpg\" alt=\"Plasti- ja tekstiilireostus Ghana pealinna Accra l\u00e4histel Korle laguuni rannas. Foto: Kevin McElvaney, Greenpeace 2023\" width=\"1708\" height=\"2560\" srcset=\"https:\/\/blog.erm.ee\/wp-content\/uploads\/2026\/04\/Pilt-2_reostusega-rannik-scaled.jpg 1708w, https:\/\/blog.erm.ee\/wp-content\/uploads\/2026\/04\/Pilt-2_reostusega-rannik-200x300.jpg 200w, https:\/\/blog.erm.ee\/wp-content\/uploads\/2026\/04\/Pilt-2_reostusega-rannik-683x1024.jpg 683w, https:\/\/blog.erm.ee\/wp-content\/uploads\/2026\/04\/Pilt-2_reostusega-rannik-173x260.jpg 173w, https:\/\/blog.erm.ee\/wp-content\/uploads\/2026\/04\/Pilt-2_reostusega-rannik-768x1151.jpg 768w, https:\/\/blog.erm.ee\/wp-content\/uploads\/2026\/04\/Pilt-2_reostusega-rannik-1025x1536.jpg 1025w, https:\/\/blog.erm.ee\/wp-content\/uploads\/2026\/04\/Pilt-2_reostusega-rannik-1367x2048.jpg 1367w\" sizes=\"auto, (max-width: 1708px) 100vw, 1708px\" \/><p id=\"caption-attachment-18132\" class=\"wp-caption-text\">Plasti- ja tekstiilireostus Ghana pealinna Accra l\u00e4histel Korle laguuni rannas. Foto: Kevin McElvaney, Greenpeace 2023<\/p><\/div>\n<p>Reovees sisalduvad v\u00e4rvij\u00e4\u00e4gid on sageli toksilised ja tekitavad terviseriski nii loomadele kui ka inimestele. \u00dched t\u00fc\u00fcpilisemad on n\u00e4iteks v\u00e4hi teket p\u00f5hjustavad ained. Kaugel kolmandates riikides v\u00f5ivad standardid olla hoopis teistsugused, kui meie sooviks, ja seet\u00f5ttu on ette tulnud juhtumeid, kus p\u00e4rast keemilist anal\u00fc\u00fcsi kutsutakse kiirmoeketi r\u00f5ivakollektsioon tagasi. N\u00e4iteks on Greenpeace mitu korda anal\u00fc\u00fcsinud sedalaadi kollektsioone. Aastal 2012 oli programmis \u201eToksilised kiud\u201c uurimise all 20 \u00fclemaailmset br\u00e4ndi (<a href=\"https:\/\/www.greenpeace.org\/static\/planet4-international-stateless\/2012\/11\/317d2d47-toxicthreads01.pdf\">vaata l\u00e4hemalt<\/a>). Halvas m\u00f5ttes j\u00e4i s\u00f5elale Zara, kelle r\u00f5ivastest tuvastati kantserogeenseid v\u00e4rvaineid. Ettev\u00f5te v\u00f5ttis seepeale eesm\u00e4rgiks toksilistest kemikaalidest loobumise 2020. aastaks. Anal\u00fc\u00fcsid, mida on tehtud Aasiast tellitavale kaubale \u00fcldisemalt, on n\u00e4idanud samasuguste ohtlike ainete olemasolu (<a href=\"https:\/\/lounapostimees.postimees.ee\/8455517\/suurem-osa-temu-ja-sheini-toodetest-ei-vastanud-nouetele\">vaata l\u00e4hemalt<\/a>).<\/p>\n<p><strong>Kangav\u00e4rvimise innovaatilised lahendused<\/strong><\/p>\n<p>Colour4CRAFTSi partnerid on keskendunud just k\u00f5ige olulisematele keskkonnam\u00f5ju aspektidele, n\u00e4iteks CO\u2082-heitele atmosf\u00e4\u00e4ri, fossiilsetest saadustest v\u00e4rvainete tootmisele ja suurele veekulule. Oluline on m\u00f5ista, et palju vett on vaja ka loodusv\u00e4rvidega v\u00e4rvimisel, samuti kasutatakse ka nende puhul teatud kemikaale, mida tunneme peitsainetena (nt maarjaj\u00e4\u00e4). Leedsi \u00fclikool Suurbritannias on seet\u00f5ttu v\u00e4lja arendanud nn \u00fclekriitilise CO2 tehnoloogia, mille k\u00e4igus kasutatakse loodusv\u00e4rve ja, mis k\u00f5ige t\u00e4htsam,\u00a0 see on t\u00e4ielikult veevaba. Eraldi aspekt on tegelikult loodusv\u00e4rvide valgus- ja pesukindluse suurendamine, milles on edusamme teinud Helsingi \u00fclikool. Sealne teadlane Chris Carr on samas \u00f5hku paisanud k\u00fcsimuse, et kui me kasutame kiirmoodi ja loobume r\u00f5ivastest ruttu, siis kas valgus- ja pesukindlus on \u00fcldse oluline (<a href=\"https:\/\/www.sirp.ee\/tekstiilivarvide-homne-paev-on-uleeilse-nagu\/\">vaata l\u00e4hemalt<\/a>). \u00a0Sellisel juhul saaksime nendega asendada kestvamad s\u00fcnteetilised v\u00e4rvid.<\/p>\n<p>V\u00e4rviettev\u00f5te Pili on omakorda orienteeritud s\u00fcnteetilise indigo asendamisele mikroobidega toodetud indigoga. Selle protsessi raames toimub samasugune k\u00e4\u00e4rimisprotsess nagu \u00f5lletootmises ja sel viisil toodetud indigot kasutatakse juba \u00f6kos\u00f5bralikus teksatootmises. Kui viia niisugune tootmise aga massiliseks, m\u00f5jutaks see ikkagi keskkonda. Seet\u00f5ttu on innovaatilised protsessid sageli ikkagi ni\u0161ile orienteeritud.<\/p>\n<div id=\"attachment_18133\" style=\"width: 1910px\" class=\"wp-caption alignnone\"><img loading=\"lazy\" decoding=\"async\" aria-describedby=\"caption-attachment-18133\" data-attachment-id=\"18133\" data-permalink=\"https:\/\/blog.erm.ee\/?attachment_id=18133#main\" data-orig-file=\"https:\/\/blog.erm.ee\/wp-content\/uploads\/2026\/04\/Pilt-3_Pili-biosourced-indigo.jpg\" data-orig-size=\"1900,1267\" data-comments-opened=\"1\" data-image-meta=\"{&quot;aperture&quot;:&quot;2.8&quot;,&quot;credit&quot;:&quot;&quot;,&quot;camera&quot;:&quot;Canon PowerShot G1 X Mark III&quot;,&quot;caption&quot;:&quot;&quot;,&quot;created_timestamp&quot;:&quot;1673449916&quot;,&quot;copyright&quot;:&quot;&quot;,&quot;focal_length&quot;:&quot;15&quot;,&quot;iso&quot;:&quot;6400&quot;,&quot;shutter_speed&quot;:&quot;0.025&quot;,&quot;title&quot;:&quot;&quot;,&quot;orientation&quot;:&quot;1&quot;}\" data-image-title=\"Prantsuse v\u00e4rviettev\u00f5tte Pili biop\u00f5hise indigoga v\u00e4rvitud niit\" data-image-description=\"\" data-image-caption=\"&lt;p&gt;Prantsuse v\u00e4rviettev\u00f5tte Pili biop\u00f5hise indigoga v\u00e4rvitud niit&lt;\/p&gt;\n\" data-large-file=\"https:\/\/blog.erm.ee\/wp-content\/uploads\/2026\/04\/Pilt-3_Pili-biosourced-indigo-1024x683.jpg\" class=\"size-full wp-image-18133\" src=\"https:\/\/blog.erm.ee\/wp-content\/uploads\/2026\/04\/Pilt-3_Pili-biosourced-indigo.jpg\" alt=\"Prantsuse v\u00e4rviettev\u00f5tte Pili biop\u00f5hise indigoga v\u00e4rvitud niit\" width=\"1900\" height=\"1267\" srcset=\"https:\/\/blog.erm.ee\/wp-content\/uploads\/2026\/04\/Pilt-3_Pili-biosourced-indigo.jpg 1900w, https:\/\/blog.erm.ee\/wp-content\/uploads\/2026\/04\/Pilt-3_Pili-biosourced-indigo-300x200.jpg 300w, https:\/\/blog.erm.ee\/wp-content\/uploads\/2026\/04\/Pilt-3_Pili-biosourced-indigo-1024x683.jpg 1024w, https:\/\/blog.erm.ee\/wp-content\/uploads\/2026\/04\/Pilt-3_Pili-biosourced-indigo-390x260.jpg 390w, https:\/\/blog.erm.ee\/wp-content\/uploads\/2026\/04\/Pilt-3_Pili-biosourced-indigo-768x512.jpg 768w, https:\/\/blog.erm.ee\/wp-content\/uploads\/2026\/04\/Pilt-3_Pili-biosourced-indigo-1536x1024.jpg 1536w\" sizes=\"auto, (max-width: 1900px) 100vw, 1900px\" \/><p id=\"caption-attachment-18133\" class=\"wp-caption-text\">Prantsuse v\u00e4rviettev\u00f5tte Pili biop\u00f5hise indigoga v\u00e4rvitud niit<\/p><\/div>\n<p><strong>Kuidas me ometi saaks maailma muuta?<\/strong><\/p>\n<p>Kas lahendus on loodusv\u00e4rvide kasutuselev\u00f5tmine? Nagu varemgi \u00f6eldud, on t\u00f5ele au andes iga v\u00e4rvimisprotsess suurel m\u00e4\u00e4ral reostav ja siin ei aita meid ka loodusv\u00e4rvid. Suure veekulu v\u00f5i n\u00e4iteks kemikaalidega seotud probleemid j\u00e4\u00e4vad. Innovatsioon, mis v\u00f5iks lahenduse tuua, ei j\u00f5ua vahel majanduse toimimisloogika t\u00f5ttu kasutusse. Uuenduslikud meetodid n\u00f5uavad lisainvesteeringuid, ei too nii kiiresti majanduslikku kasu v\u00f5i on puudu kommunikatsioonist ja turundusest.<\/p>\n<p>Siiski on meil k\u00f5igil v\u00f5imalik kaasa aidata ja see on tegelikult \u00fcpris lihtne. Probleemid saavad alguse \u00fcletarbimisest, t\u00e4psemalt kiirmoest, kus materjalid on kehvad, aga v\u00e4rvid vastupidavad. Riided kuluvad ruttu, mist\u00f5ttu kogu aeg on vaja uusi. Materjale ja v\u00e4rve tulekski vaadata k\u00e4sik\u00e4es. Samas on r\u00f5ivaturul v\u00e4ga palju l\u00e4bipaistmatust. Toote etiketil on k\u00fcll m\u00e4rgitud tekstiilimaterjal, aga seal poe kunagi teavet v\u00e4rvide kohta, mis on tootja saladus. Meie ainus v\u00f5imalus m\u00e4ngu muuta on tarbida v\u00e4hem ja paremast materjalist tooteid, mis kestaks kauem.<\/p>\n<div id=\"attachment_18134\" style=\"width: 1717px\" class=\"wp-caption alignnone\"><img loading=\"lazy\" decoding=\"async\" aria-describedby=\"caption-attachment-18134\" data-attachment-id=\"18134\" data-permalink=\"https:\/\/blog.erm.ee\/?attachment_id=18134#main\" data-orig-file=\"https:\/\/blog.erm.ee\/wp-content\/uploads\/2026\/04\/Pilt-4-scaled.jpg\" data-orig-size=\"1707,2560\" data-comments-opened=\"1\" data-image-meta=\"{&quot;aperture&quot;:&quot;4.5&quot;,&quot;credit&quot;:&quot;&quot;,&quot;camera&quot;:&quot;NIKON Z 7_2&quot;,&quot;caption&quot;:&quot;&quot;,&quot;created_timestamp&quot;:&quot;1768486677&quot;,&quot;copyright&quot;:&quot;&quot;,&quot;focal_length&quot;:&quot;24&quot;,&quot;iso&quot;:&quot;400&quot;,&quot;shutter_speed&quot;:&quot;0.1&quot;,&quot;title&quot;:&quot;&quot;,&quot;orientation&quot;:&quot;1&quot;}\" data-image-title=\"Naturaalsetes, v\u00e4rvimata toonides riiete kasutamine on \u00fcks v\u00f5imalus tekstiilit\u00f6\u00f6stuse keskkonnam\u00f5ju v\u00e4hendamiseks. Vaade n\u00e4itusele \u201eMeie r\u00f5iva v\u00e4rvid. Kohalik ja kauge\u201c. Foto: Berta J\u00e4nes\" data-image-description=\"\" data-image-caption=\"&lt;p&gt;Naturaalsetes, v\u00e4rvimata toonides riiete kasutamine on \u00fcks v\u00f5imalus tekstiilit\u00f6\u00f6stuse keskkonnam\u00f5ju v\u00e4hendamiseks. Vaade n\u00e4itusele \u201eMeie r\u00f5iva v\u00e4rvid. Kohalik ja kauge\u201c. Foto: Berta J\u00e4nes&lt;\/p&gt;\n\" data-large-file=\"https:\/\/blog.erm.ee\/wp-content\/uploads\/2026\/04\/Pilt-4-683x1024.jpg\" class=\"size-full wp-image-18134\" src=\"https:\/\/blog.erm.ee\/wp-content\/uploads\/2026\/04\/Pilt-4-scaled.jpg\" alt=\"Naturaalsetes, v\u00e4rvimata toonides riiete kasutamine on \u00fcks v\u00f5imalus tekstiilit\u00f6\u00f6stuse keskkonnam\u00f5ju v\u00e4hendamiseks. Vaade n\u00e4itusele \u201eMeie r\u00f5iva v\u00e4rvid. Kohalik ja kauge\u201c. Foto: Berta J\u00e4nes\" width=\"1707\" height=\"2560\" srcset=\"https:\/\/blog.erm.ee\/wp-content\/uploads\/2026\/04\/Pilt-4-scaled.jpg 1707w, https:\/\/blog.erm.ee\/wp-content\/uploads\/2026\/04\/Pilt-4-200x300.jpg 200w, https:\/\/blog.erm.ee\/wp-content\/uploads\/2026\/04\/Pilt-4-683x1024.jpg 683w, https:\/\/blog.erm.ee\/wp-content\/uploads\/2026\/04\/Pilt-4-173x260.jpg 173w, https:\/\/blog.erm.ee\/wp-content\/uploads\/2026\/04\/Pilt-4-768x1152.jpg 768w, https:\/\/blog.erm.ee\/wp-content\/uploads\/2026\/04\/Pilt-4-1024x1536.jpg 1024w, https:\/\/blog.erm.ee\/wp-content\/uploads\/2026\/04\/Pilt-4-1365x2048.jpg 1365w\" sizes=\"auto, (max-width: 1707px) 100vw, 1707px\" \/><p id=\"caption-attachment-18134\" class=\"wp-caption-text\">Naturaalsetes, v\u00e4rvimata toonides riiete kasutamine on \u00fcks v\u00f5imalus tekstiilit\u00f6\u00f6stuse keskkonnam\u00f5ju v\u00e4hendamiseks. Vaade n\u00e4itusele \u201eMeie r\u00f5iva v\u00e4rvid. Kohalik ja kauge\u201c. Foto: Berta J\u00e4nes<\/p><\/div>\n<div class=\"fcbkbttn_buttons_block\" id=\"fcbkbttn_left\"><div class=\"fcbkbttn_like \"><fb:like href=\"https:\/\/blog.erm.ee\/?p=18130\" action=\"like\" colorscheme=\"light\" layout=\"standard\"  width=\"225px\" size=\"small\"><\/fb:like><\/div><div class=\"fb-share-button  \" data-href=\"https:\/\/blog.erm.ee\/?p=18130\" data-type=\"button\" data-size=\"small\"><\/div><\/div>","protected":false},"excerpt":{"rendered":"<p>Kerttu Palgin\u00f5mm, kunstiajaloolane ja n\u00e4ituse &#8220;Meie r\u00f5iva v\u00e4rvid&#8221; \u00fcks kuraatoritest Mida mina teha saan? ERMi n\u00e4itusele \u201eMeie r\u00f5iva v\u00e4rvid. Kohalik ja kauge\u201c on vundamendi ladunud Euroopa Horisondi projekt Colour4CRAFTS. Kuigi n\u00e4ituse p\u00f5hifookus on meie v\u00e4rvimistraditsioonidel ja r\u00f5ivastel, tegeleb projekt Colour4CRAFTS testiiliv\u00e4rvimise probleemidega ka t\u00e4nap\u00e4eva kontekstis.\u00a0 Projekti partnerid, nagu Leedsi \u00fclikool, Helsingi \u00fclikool v\u00f5i Prantsusmaa v\u00e4rviettev\u00f5te&hellip;<\/p>\n","protected":false},"author":1,"featured_media":18131,"comment_status":"open","ping_status":"open","sticky":false,"template":"","format":"standard","meta":{"_monsterinsights_skip_tracking":false,"_monsterinsights_sitenote_active":false,"_monsterinsights_sitenote_note":"","_monsterinsights_sitenote_category":0,"jetpack_post_was_ever_published":false,"_jetpack_newsletter_access":"","_jetpack_dont_email_post_to_subs":false,"_jetpack_newsletter_tier_id":0,"_jetpack_memberships_contains_paywalled_content":false,"_jetpack_memberships_contains_paid_content":false,"footnotes":""},"categories":[7],"tags":[],"class_list":["post-18130","post","type-post","status-publish","format-standard","has-post-thumbnail","hentry","category-naitus"],"yoast_head":"<!-- This site is optimized with the Yoast SEO plugin v27.5 - https:\/\/yoast.com\/product\/yoast-seo-wordpress\/ -->\n<title>Tekstiilide v\u00e4rvimine on m\u00fcrgine ja laastab keskkonda - Eesti Rahva Muuseumi ajaveeb<\/title>\n<meta name=\"description\" content=\"Tekstiilide v\u00e4rvimine koormab keskkonda rohkem, kui arvame. Uuri, miks see on probleem ja mida saad ise teha, et v\u00e4hendada kiirmoe m\u00f5ju.\" \/>\n<meta name=\"robots\" content=\"index, follow, max-snippet:-1, max-image-preview:large, max-video-preview:-1\" \/>\n<link rel=\"canonical\" href=\"https:\/\/blog.erm.ee\/?p=18130\" \/>\n<meta property=\"og:locale\" content=\"et_EE\" \/>\n<meta property=\"og:type\" content=\"article\" \/>\n<meta property=\"og:title\" content=\"Tekstiilide v\u00e4rvimine on m\u00fcrgine ja laastab keskkonda - Eesti Rahva Muuseumi ajaveeb\" \/>\n<meta property=\"og:description\" content=\"Tekstiilide v\u00e4rvimine koormab keskkonda rohkem, kui arvame. Uuri, miks see on probleem ja mida saad ise teha, et v\u00e4hendada kiirmoe m\u00f5ju.\" \/>\n<meta property=\"og:url\" content=\"https:\/\/blog.erm.ee\/?p=18130\" \/>\n<meta property=\"og:site_name\" content=\"Eesti Rahva Muuseumi ajaveeb\" \/>\n<meta property=\"article:published_time\" content=\"2026-04-27T13:54:07+00:00\" \/>\n<meta property=\"og:image\" content=\"https:\/\/blog.erm.ee\/wp-content\/uploads\/2026\/04\/Pilt-1_vabrik-Hiinas-scaled.jpg\" \/>\n\t<meta property=\"og:image:width\" content=\"2560\" \/>\n\t<meta property=\"og:image:height\" content=\"1707\" \/>\n\t<meta property=\"og:image:type\" content=\"image\/jpeg\" \/>\n<meta name=\"author\" content=\"Eesti Rahva Muuseum\" \/>\n<meta name=\"twitter:card\" content=\"summary_large_image\" \/>\n<meta name=\"twitter:label1\" content=\"Written by\" \/>\n\t<meta name=\"twitter:data1\" content=\"Eesti Rahva Muuseum\" \/>\n\t<meta name=\"twitter:label2\" content=\"Est. reading time\" \/>\n\t<meta name=\"twitter:data2\" content=\"4 minutit\" \/>\n<script type=\"application\/ld+json\" class=\"yoast-schema-graph\">{\"@context\":\"https:\\\/\\\/schema.org\",\"@graph\":[{\"@type\":\"Article\",\"@id\":\"https:\\\/\\\/blog.erm.ee\\\/?p=18130#article\",\"isPartOf\":{\"@id\":\"https:\\\/\\\/blog.erm.ee\\\/?p=18130\"},\"author\":{\"name\":\"Eesti Rahva Muuseum\",\"@id\":\"https:\\\/\\\/blog.erm.ee\\\/#\\\/schema\\\/person\\\/6e98c391cb00a33e7c22a3571e062114\"},\"headline\":\"Tekstiilide v\u00e4rvimine on m\u00fcrgine ja laastab keskkonda\",\"datePublished\":\"2026-04-27T13:54:07+00:00\",\"mainEntityOfPage\":{\"@id\":\"https:\\\/\\\/blog.erm.ee\\\/?p=18130\"},\"wordCount\":832,\"commentCount\":0,\"image\":{\"@id\":\"https:\\\/\\\/blog.erm.ee\\\/?p=18130#primaryimage\"},\"thumbnailUrl\":\"https:\\\/\\\/blog.erm.ee\\\/wp-content\\\/uploads\\\/2026\\\/04\\\/Pilt-1_vabrik-Hiinas-scaled.jpg\",\"articleSection\":[\"N\u00e4itus\"],\"inLanguage\":\"et\",\"potentialAction\":[{\"@type\":\"CommentAction\",\"name\":\"Comment\",\"target\":[\"https:\\\/\\\/blog.erm.ee\\\/?p=18130#respond\"]}]},{\"@type\":\"WebPage\",\"@id\":\"https:\\\/\\\/blog.erm.ee\\\/?p=18130\",\"url\":\"https:\\\/\\\/blog.erm.ee\\\/?p=18130\",\"name\":\"Tekstiilide v\u00e4rvimine on m\u00fcrgine ja laastab keskkonda - Eesti Rahva Muuseumi ajaveeb\",\"isPartOf\":{\"@id\":\"https:\\\/\\\/blog.erm.ee\\\/#website\"},\"primaryImageOfPage\":{\"@id\":\"https:\\\/\\\/blog.erm.ee\\\/?p=18130#primaryimage\"},\"image\":{\"@id\":\"https:\\\/\\\/blog.erm.ee\\\/?p=18130#primaryimage\"},\"thumbnailUrl\":\"https:\\\/\\\/blog.erm.ee\\\/wp-content\\\/uploads\\\/2026\\\/04\\\/Pilt-1_vabrik-Hiinas-scaled.jpg\",\"datePublished\":\"2026-04-27T13:54:07+00:00\",\"author\":{\"@id\":\"https:\\\/\\\/blog.erm.ee\\\/#\\\/schema\\\/person\\\/6e98c391cb00a33e7c22a3571e062114\"},\"description\":\"Tekstiilide v\u00e4rvimine koormab keskkonda rohkem, kui arvame. Uuri, miks see on probleem ja mida saad ise teha, et v\u00e4hendada kiirmoe m\u00f5ju.\",\"breadcrumb\":{\"@id\":\"https:\\\/\\\/blog.erm.ee\\\/?p=18130#breadcrumb\"},\"inLanguage\":\"et\",\"potentialAction\":[{\"@type\":\"ReadAction\",\"target\":[\"https:\\\/\\\/blog.erm.ee\\\/?p=18130\"]}]},{\"@type\":\"ImageObject\",\"inLanguage\":\"et\",\"@id\":\"https:\\\/\\\/blog.erm.ee\\\/?p=18130#primaryimage\",\"url\":\"https:\\\/\\\/blog.erm.ee\\\/wp-content\\\/uploads\\\/2026\\\/04\\\/Pilt-1_vabrik-Hiinas-scaled.jpg\",\"contentUrl\":\"https:\\\/\\\/blog.erm.ee\\\/wp-content\\\/uploads\\\/2026\\\/04\\\/Pilt-1_vabrik-Hiinas-scaled.jpg\",\"width\":2560,\"height\":1707,\"caption\":\"A plant with five dyeing machines will need about 250kg of dye, along with other additives. Aproximately 2500kg of dyestuff paste circulates the plant every day. This plant is located within the Binhai Industrial Zone.\"},{\"@type\":\"BreadcrumbList\",\"@id\":\"https:\\\/\\\/blog.erm.ee\\\/?p=18130#breadcrumb\",\"itemListElement\":[{\"@type\":\"ListItem\",\"position\":1,\"name\":\"Home\",\"item\":\"https:\\\/\\\/blog.erm.ee\\\/\"},{\"@type\":\"ListItem\",\"position\":2,\"name\":\"Tekstiilide v\u00e4rvimine on m\u00fcrgine ja laastab keskkonda\"}]},{\"@type\":\"WebSite\",\"@id\":\"https:\\\/\\\/blog.erm.ee\\\/#website\",\"url\":\"https:\\\/\\\/blog.erm.ee\\\/\",\"name\":\"Eesti Rahva Muuseumi ajaveeb\",\"description\":\"\",\"potentialAction\":[{\"@type\":\"SearchAction\",\"target\":{\"@type\":\"EntryPoint\",\"urlTemplate\":\"https:\\\/\\\/blog.erm.ee\\\/?s={search_term_string}\"},\"query-input\":{\"@type\":\"PropertyValueSpecification\",\"valueRequired\":true,\"valueName\":\"search_term_string\"}}],\"inLanguage\":\"et\"},{\"@type\":\"Person\",\"@id\":\"https:\\\/\\\/blog.erm.ee\\\/#\\\/schema\\\/person\\\/6e98c391cb00a33e7c22a3571e062114\",\"name\":\"Eesti Rahva Muuseum\",\"image\":{\"@type\":\"ImageObject\",\"inLanguage\":\"et\",\"@id\":\"https:\\\/\\\/secure.gravatar.com\\\/avatar\\\/cb6d9ad5fb49f3f7315028ce5fe60641075f2cb52b8a058ff5a985fa2d8c1da0?s=96&d=mm&r=g\",\"url\":\"https:\\\/\\\/secure.gravatar.com\\\/avatar\\\/cb6d9ad5fb49f3f7315028ce5fe60641075f2cb52b8a058ff5a985fa2d8c1da0?s=96&d=mm&r=g\",\"contentUrl\":\"https:\\\/\\\/secure.gravatar.com\\\/avatar\\\/cb6d9ad5fb49f3f7315028ce5fe60641075f2cb52b8a058ff5a985fa2d8c1da0?s=96&d=mm&r=g\",\"caption\":\"Eesti Rahva Muuseum\"},\"sameAs\":[\"http:\\\/\\\/www.erm.ee\"],\"url\":\"https:\\\/\\\/blog.erm.ee\\\/?author=1\"}]}<\/script>\n<!-- \/ Yoast SEO plugin. -->","yoast_head_json":{"title":"Tekstiilide v\u00e4rvimine on m\u00fcrgine ja laastab keskkonda - Eesti Rahva Muuseumi ajaveeb","description":"Tekstiilide v\u00e4rvimine koormab keskkonda rohkem, kui arvame. Uuri, miks see on probleem ja mida saad ise teha, et v\u00e4hendada kiirmoe m\u00f5ju.","robots":{"index":"index","follow":"follow","max-snippet":"max-snippet:-1","max-image-preview":"max-image-preview:large","max-video-preview":"max-video-preview:-1"},"canonical":"https:\/\/blog.erm.ee\/?p=18130","og_locale":"et_EE","og_type":"article","og_title":"Tekstiilide v\u00e4rvimine on m\u00fcrgine ja laastab keskkonda - Eesti Rahva Muuseumi ajaveeb","og_description":"Tekstiilide v\u00e4rvimine koormab keskkonda rohkem, kui arvame. Uuri, miks see on probleem ja mida saad ise teha, et v\u00e4hendada kiirmoe m\u00f5ju.","og_url":"https:\/\/blog.erm.ee\/?p=18130","og_site_name":"Eesti Rahva Muuseumi ajaveeb","article_published_time":"2026-04-27T13:54:07+00:00","og_image":[{"width":2560,"height":1707,"url":"https:\/\/blog.erm.ee\/wp-content\/uploads\/2026\/04\/Pilt-1_vabrik-Hiinas-scaled.jpg","type":"image\/jpeg"}],"author":"Eesti Rahva Muuseum","twitter_card":"summary_large_image","twitter_misc":{"Written by":"Eesti Rahva Muuseum","Est. reading time":"4 minutit"},"schema":{"@context":"https:\/\/schema.org","@graph":[{"@type":"Article","@id":"https:\/\/blog.erm.ee\/?p=18130#article","isPartOf":{"@id":"https:\/\/blog.erm.ee\/?p=18130"},"author":{"name":"Eesti Rahva Muuseum","@id":"https:\/\/blog.erm.ee\/#\/schema\/person\/6e98c391cb00a33e7c22a3571e062114"},"headline":"Tekstiilide v\u00e4rvimine on m\u00fcrgine ja laastab keskkonda","datePublished":"2026-04-27T13:54:07+00:00","mainEntityOfPage":{"@id":"https:\/\/blog.erm.ee\/?p=18130"},"wordCount":832,"commentCount":0,"image":{"@id":"https:\/\/blog.erm.ee\/?p=18130#primaryimage"},"thumbnailUrl":"https:\/\/blog.erm.ee\/wp-content\/uploads\/2026\/04\/Pilt-1_vabrik-Hiinas-scaled.jpg","articleSection":["N\u00e4itus"],"inLanguage":"et","potentialAction":[{"@type":"CommentAction","name":"Comment","target":["https:\/\/blog.erm.ee\/?p=18130#respond"]}]},{"@type":"WebPage","@id":"https:\/\/blog.erm.ee\/?p=18130","url":"https:\/\/blog.erm.ee\/?p=18130","name":"Tekstiilide v\u00e4rvimine on m\u00fcrgine ja laastab keskkonda - Eesti Rahva Muuseumi ajaveeb","isPartOf":{"@id":"https:\/\/blog.erm.ee\/#website"},"primaryImageOfPage":{"@id":"https:\/\/blog.erm.ee\/?p=18130#primaryimage"},"image":{"@id":"https:\/\/blog.erm.ee\/?p=18130#primaryimage"},"thumbnailUrl":"https:\/\/blog.erm.ee\/wp-content\/uploads\/2026\/04\/Pilt-1_vabrik-Hiinas-scaled.jpg","datePublished":"2026-04-27T13:54:07+00:00","author":{"@id":"https:\/\/blog.erm.ee\/#\/schema\/person\/6e98c391cb00a33e7c22a3571e062114"},"description":"Tekstiilide v\u00e4rvimine koormab keskkonda rohkem, kui arvame. Uuri, miks see on probleem ja mida saad ise teha, et v\u00e4hendada kiirmoe m\u00f5ju.","breadcrumb":{"@id":"https:\/\/blog.erm.ee\/?p=18130#breadcrumb"},"inLanguage":"et","potentialAction":[{"@type":"ReadAction","target":["https:\/\/blog.erm.ee\/?p=18130"]}]},{"@type":"ImageObject","inLanguage":"et","@id":"https:\/\/blog.erm.ee\/?p=18130#primaryimage","url":"https:\/\/blog.erm.ee\/wp-content\/uploads\/2026\/04\/Pilt-1_vabrik-Hiinas-scaled.jpg","contentUrl":"https:\/\/blog.erm.ee\/wp-content\/uploads\/2026\/04\/Pilt-1_vabrik-Hiinas-scaled.jpg","width":2560,"height":1707,"caption":"A plant with five dyeing machines will need about 250kg of dye, along with other additives. Aproximately 2500kg of dyestuff paste circulates the plant every day. This plant is located within the Binhai Industrial Zone."},{"@type":"BreadcrumbList","@id":"https:\/\/blog.erm.ee\/?p=18130#breadcrumb","itemListElement":[{"@type":"ListItem","position":1,"name":"Home","item":"https:\/\/blog.erm.ee\/"},{"@type":"ListItem","position":2,"name":"Tekstiilide v\u00e4rvimine on m\u00fcrgine ja laastab keskkonda"}]},{"@type":"WebSite","@id":"https:\/\/blog.erm.ee\/#website","url":"https:\/\/blog.erm.ee\/","name":"Eesti Rahva Muuseumi ajaveeb","description":"","potentialAction":[{"@type":"SearchAction","target":{"@type":"EntryPoint","urlTemplate":"https:\/\/blog.erm.ee\/?s={search_term_string}"},"query-input":{"@type":"PropertyValueSpecification","valueRequired":true,"valueName":"search_term_string"}}],"inLanguage":"et"},{"@type":"Person","@id":"https:\/\/blog.erm.ee\/#\/schema\/person\/6e98c391cb00a33e7c22a3571e062114","name":"Eesti Rahva Muuseum","image":{"@type":"ImageObject","inLanguage":"et","@id":"https:\/\/secure.gravatar.com\/avatar\/cb6d9ad5fb49f3f7315028ce5fe60641075f2cb52b8a058ff5a985fa2d8c1da0?s=96&d=mm&r=g","url":"https:\/\/secure.gravatar.com\/avatar\/cb6d9ad5fb49f3f7315028ce5fe60641075f2cb52b8a058ff5a985fa2d8c1da0?s=96&d=mm&r=g","contentUrl":"https:\/\/secure.gravatar.com\/avatar\/cb6d9ad5fb49f3f7315028ce5fe60641075f2cb52b8a058ff5a985fa2d8c1da0?s=96&d=mm&r=g","caption":"Eesti Rahva Muuseum"},"sameAs":["http:\/\/www.erm.ee"],"url":"https:\/\/blog.erm.ee\/?author=1"}]}},"jetpack_featured_media_url":"https:\/\/blog.erm.ee\/wp-content\/uploads\/2026\/04\/Pilt-1_vabrik-Hiinas-scaled.jpg","jetpack_shortlink":"https:\/\/wp.me\/p2l9Zd-4Iq","jetpack_sharing_enabled":true,"jetpack_likes_enabled":true,"_links":{"self":[{"href":"https:\/\/blog.erm.ee\/index.php?rest_route=\/wp\/v2\/posts\/18130","targetHints":{"allow":["GET"]}}],"collection":[{"href":"https:\/\/blog.erm.ee\/index.php?rest_route=\/wp\/v2\/posts"}],"about":[{"href":"https:\/\/blog.erm.ee\/index.php?rest_route=\/wp\/v2\/types\/post"}],"author":[{"embeddable":true,"href":"https:\/\/blog.erm.ee\/index.php?rest_route=\/wp\/v2\/users\/1"}],"replies":[{"embeddable":true,"href":"https:\/\/blog.erm.ee\/index.php?rest_route=%2Fwp%2Fv2%2Fcomments&post=18130"}],"version-history":[{"count":1,"href":"https:\/\/blog.erm.ee\/index.php?rest_route=\/wp\/v2\/posts\/18130\/revisions"}],"predecessor-version":[{"id":18135,"href":"https:\/\/blog.erm.ee\/index.php?rest_route=\/wp\/v2\/posts\/18130\/revisions\/18135"}],"wp:featuredmedia":[{"embeddable":true,"href":"https:\/\/blog.erm.ee\/index.php?rest_route=\/wp\/v2\/media\/18131"}],"wp:attachment":[{"href":"https:\/\/blog.erm.ee\/index.php?rest_route=%2Fwp%2Fv2%2Fmedia&parent=18130"}],"wp:term":[{"taxonomy":"category","embeddable":true,"href":"https:\/\/blog.erm.ee\/index.php?rest_route=%2Fwp%2Fv2%2Fcategories&post=18130"},{"taxonomy":"post_tag","embeddable":true,"href":"https:\/\/blog.erm.ee\/index.php?rest_route=%2Fwp%2Fv2%2Ftags&post=18130"}],"curies":[{"name":"wp","href":"https:\/\/api.w.org\/{rel}","templated":true}]}}