{"id":17785,"date":"2025-10-28T09:15:24","date_gmt":"2025-10-28T07:15:24","guid":{"rendered":"https:\/\/blog.erm.ee\/?p=17785"},"modified":"2025-11-05T10:55:49","modified_gmt":"2025-11-05T08:55:49","slug":"pakkepaberina-kasutatud-ajalehtede-korrastamine","status":"publish","type":"post","link":"https:\/\/blog.erm.ee\/?p=17785","title":{"rendered":"Pakkepaberina kasutatud ajalehtede korrastamine"},"content":{"rendered":"<div class=\"fcbkbttn_buttons_block\" id=\"fcbkbttn_left\"><div class=\"fcbkbttn_like \"><fb:like href=\"https:\/\/blog.erm.ee\/?p=17785\" action=\"like\" colorscheme=\"light\" layout=\"standard\"  width=\"225px\" size=\"small\"><\/fb:like><\/div><div class=\"fb-share-button  \" data-href=\"https:\/\/blog.erm.ee\/?p=17785\" data-type=\"button\" data-size=\"small\"><\/div><\/div><p><em>Silli Peedosk, ERMi konservaator<\/em><\/p>\n<p>\u00dchel p\u00e4eval toodi minu t\u00f6\u00f6ruumi karp kokku k\u00e4gardatud ajalehtedega ja paluti need sirutada ning korda teha. Tuli v\u00e4lja, et tegu pole lihtsalt niisama kortsus lehtedega, vaid nendega k\u00e4ib kaasas p\u00f5nev lugu. (Foto1)<\/p>\n<div id=\"attachment_17786\" style=\"width: 465px\" class=\"wp-caption alignnone\"><img loading=\"lazy\" decoding=\"async\" aria-describedby=\"caption-attachment-17786\" data-attachment-id=\"17786\" data-permalink=\"https:\/\/blog.erm.ee\/?attachment_id=17786#main\" data-orig-file=\"https:\/\/blog.erm.ee\/wp-content\/uploads\/2025\/10\/Pilt1-1.jpg\" data-orig-size=\"459,358\" data-comments-opened=\"1\" data-image-meta=\"{&quot;aperture&quot;:&quot;0&quot;,&quot;credit&quot;:&quot;&quot;,&quot;camera&quot;:&quot;&quot;,&quot;caption&quot;:&quot;&quot;,&quot;created_timestamp&quot;:&quot;0&quot;,&quot;copyright&quot;:&quot;&quot;,&quot;focal_length&quot;:&quot;0&quot;,&quot;iso&quot;:&quot;0&quot;,&quot;shutter_speed&quot;:&quot;0&quot;,&quot;title&quot;:&quot;&quot;,&quot;orientation&quot;:&quot;0&quot;}\" data-image-title=\"Foto1. Karp ajalehtedega\" data-image-description=\"&lt;p&gt;Foto1. Karp ajalehtedega&lt;\/p&gt;\n\" data-image-caption=\"&lt;p&gt;Foto1. Karp ajalehtedega&lt;\/p&gt;\n\" data-large-file=\"https:\/\/blog.erm.ee\/wp-content\/uploads\/2025\/10\/Pilt1-1.jpg\" class=\"size-full wp-image-17786\" src=\"https:\/\/blog.erm.ee\/wp-content\/uploads\/2025\/10\/Pilt1-1.jpg\" alt=\"Foto1. Karp ajalehtedega\" width=\"459\" height=\"358\" srcset=\"https:\/\/blog.erm.ee\/wp-content\/uploads\/2025\/10\/Pilt1-1.jpg 459w, https:\/\/blog.erm.ee\/wp-content\/uploads\/2025\/10\/Pilt1-1-300x234.jpg 300w, https:\/\/blog.erm.ee\/wp-content\/uploads\/2025\/10\/Pilt1-1-333x260.jpg 333w\" sizes=\"auto, (max-width: 459px) 100vw, 459px\" \/><p id=\"caption-attachment-17786\" class=\"wp-caption-text\">Foto1. Karp ajalehtedega<\/p><\/div>\n<p>1942. aastal l\u00e4ks Velikije Luki lahingute ajal sakslaste poolele \u00fcle Eesti Laskurkorpuse 20-aastane v\u00f5itleja Endel Maar (1922\u20132009). Rindelt saadeti Endel tagasi Eestisse, kus ta leidis okupatsiooni ajal t\u00f6\u00f6d Tallinna sadamas. Edaspidises elus, juba N\u00f5ukogude korra ajal, pidi ta seega muutma oma elulugu ning elas pidevas hirmus Siberisse saatmise ees. Tal oli selleks puhuks kohvergi kokku pakitud, kus olid hoolikalt ajalehepaberisse keeratuna eluks vajalikud tarbeesemed. V\u00e4lja \u00f5nneks Endlit ei saadetud ja nii j\u00e4i kohver aastateks seisma \u2013 ta ei r\u00e4\u00e4kinud sellest kellelegi ja peitis seda hoolega. Kohver leiti Tallinnas N\u00f5mmel \u00fche eramaja k\u00f5rvalhoone p\u00f6\u00f6ningut koristades ja sealt j\u00f5udiski see koos asjadega Eesti Rahva Muuseumisse.<\/p>\n<p>Sirutamine-puhastamine-pesemine \u2026<\/p>\n<p>Minu t\u00f6\u00f6ks sai pakkimiseks kasutatud ajalehtede korda tegemine. Need olid nii kokku k\u00e4gardatud, et raske oli arugi saada, kas tegemist on tervikliku eksemplariga v\u00f5i m\u00f5ne fragmendiga suurest lehest. Alustasin lehtede lahti harutamise ja sirutamisega. Tuli v\u00e4lja, et terviklikke ajalehti on neli, \u00fclej\u00e4\u00e4nute puhul oli tegu suuremate v\u00f5i v\u00e4iksemate fragmentidega. \u00dcks ajaleht p\u00e4rines 1944. aastast, kaks 1946. aastast ja k\u00f5ik \u00fclej\u00e4\u00e4nud 1947. aastast. (Foto2)<\/p>\n<div id=\"attachment_17787\" style=\"width: 318px\" class=\"wp-caption alignnone\"><img loading=\"lazy\" decoding=\"async\" aria-describedby=\"caption-attachment-17787\" data-attachment-id=\"17787\" data-permalink=\"https:\/\/blog.erm.ee\/?attachment_id=17787#main\" data-orig-file=\"https:\/\/blog.erm.ee\/wp-content\/uploads\/2025\/10\/Pilt2.jpg\" data-orig-size=\"312,463\" data-comments-opened=\"1\" data-image-meta=\"{&quot;aperture&quot;:&quot;0&quot;,&quot;credit&quot;:&quot;&quot;,&quot;camera&quot;:&quot;&quot;,&quot;caption&quot;:&quot;&quot;,&quot;created_timestamp&quot;:&quot;0&quot;,&quot;copyright&quot;:&quot;&quot;,&quot;focal_length&quot;:&quot;0&quot;,&quot;iso&quot;:&quot;0&quot;,&quot;shutter_speed&quot;:&quot;0&quot;,&quot;title&quot;:&quot;&quot;,&quot;orientation&quot;:&quot;0&quot;}\" data-image-title=\"Foto2. Lehtede sirutamine\" data-image-description=\"&lt;p&gt;Foto2. Lehtede sirutamine&lt;\/p&gt;\n\" data-image-caption=\"&lt;p&gt;Foto2. Lehtede sirutamine&lt;\/p&gt;\n\" data-large-file=\"https:\/\/blog.erm.ee\/wp-content\/uploads\/2025\/10\/Pilt2.jpg\" class=\"size-full wp-image-17787\" src=\"https:\/\/blog.erm.ee\/wp-content\/uploads\/2025\/10\/Pilt2.jpg\" alt=\"Foto2. Lehtede sirutamine\" width=\"312\" height=\"463\" srcset=\"https:\/\/blog.erm.ee\/wp-content\/uploads\/2025\/10\/Pilt2.jpg 312w, https:\/\/blog.erm.ee\/wp-content\/uploads\/2025\/10\/Pilt2-202x300.jpg 202w, https:\/\/blog.erm.ee\/wp-content\/uploads\/2025\/10\/Pilt2-175x260.jpg 175w\" sizes=\"auto, (max-width: 312px) 100vw, 312px\" \/><p id=\"caption-attachment-17787\" class=\"wp-caption-text\">Foto2. Lehtede sirutamine<\/p><\/div>\n<p>Puhastasin lehed tolmust, kasutades pehmet harja, pintslit ja mikrokiudlappe. Ilmnes, et lehtedel on palju rebendeid. Enne nende parandamist oli aga vaja lehed kindlasti \u00e4ra pesta, et vabaneda aja jooksul materjalis tekkinud rohketest laguainetest, mis muutsid paberi happeliseks ja hapraks. (Foto3) Ajalehtede tr\u00fckkimiseks on niikuinii alati madalama kvaliteediga paberit kasutatud, noil rasketel aegadel oli see aga veelgi viletsam. Eriti kehvas seisus olid suurte \u00f5liplekkidega lehed, kus paber oli plekkide kohalt suisa pude. P\u00e4rast pesemist asetasin lehed kohe viltide vahele kuivama, et saada siledam paberipind, mida on lihtsam parandada. Parandamiseks kasutasin nagu ikka nisut\u00e4rklise kliistrit ja Jaapani paberit. Parandamise j\u00e4rel liimistasin lehti met\u00fc\u00fcltselluloosi lahusega \u00a0ja panin nad siis uuesti pressi. Kuivanud ja stabiliseerunud lehtedele valmistasin arhiivip\u00fcsivast kartongist s\u00e4ilitusmapi.(Foto 4)<\/p>\n<div id=\"attachment_17788\" style=\"width: 1045px\" class=\"wp-caption alignnone\"><img loading=\"lazy\" decoding=\"async\" aria-describedby=\"caption-attachment-17788\" data-attachment-id=\"17788\" data-permalink=\"https:\/\/blog.erm.ee\/?attachment_id=17788#main\" data-orig-file=\"https:\/\/blog.erm.ee\/wp-content\/uploads\/2025\/10\/Pilt3.jpg\" data-orig-size=\"1035,867\" data-comments-opened=\"1\" data-image-meta=\"{&quot;aperture&quot;:&quot;0&quot;,&quot;credit&quot;:&quot;&quot;,&quot;camera&quot;:&quot;&quot;,&quot;caption&quot;:&quot;&quot;,&quot;created_timestamp&quot;:&quot;0&quot;,&quot;copyright&quot;:&quot;&quot;,&quot;focal_length&quot;:&quot;0&quot;,&quot;iso&quot;:&quot;0&quot;,&quot;shutter_speed&quot;:&quot;0&quot;,&quot;title&quot;:&quot;&quot;,&quot;orientation&quot;:&quot;0&quot;}\" data-image-title=\"Foto3. Lehtede pesemine\" data-image-description=\"&lt;p&gt;Foto3. Lehtede pesemine&lt;\/p&gt;\n\" data-image-caption=\"&lt;p&gt;Foto3. Lehtede pesemine&lt;\/p&gt;\n\" data-large-file=\"https:\/\/blog.erm.ee\/wp-content\/uploads\/2025\/10\/Pilt3-1024x858.jpg\" class=\"size-full wp-image-17788\" src=\"https:\/\/blog.erm.ee\/wp-content\/uploads\/2025\/10\/Pilt3.jpg\" alt=\"Foto3. Lehtede pesemine\" width=\"1035\" height=\"867\" srcset=\"https:\/\/blog.erm.ee\/wp-content\/uploads\/2025\/10\/Pilt3.jpg 1035w, https:\/\/blog.erm.ee\/wp-content\/uploads\/2025\/10\/Pilt3-300x251.jpg 300w, https:\/\/blog.erm.ee\/wp-content\/uploads\/2025\/10\/Pilt3-1024x858.jpg 1024w, https:\/\/blog.erm.ee\/wp-content\/uploads\/2025\/10\/Pilt3-310x260.jpg 310w, https:\/\/blog.erm.ee\/wp-content\/uploads\/2025\/10\/Pilt3-768x643.jpg 768w\" sizes=\"auto, (max-width: 1035px) 100vw, 1035px\" \/><p id=\"caption-attachment-17788\" class=\"wp-caption-text\">Foto3. Lehtede pesemine<\/p><\/div>\n<div id=\"attachment_17789\" style=\"width: 518px\" class=\"wp-caption alignnone\"><img loading=\"lazy\" decoding=\"async\" aria-describedby=\"caption-attachment-17789\" data-attachment-id=\"17789\" data-permalink=\"https:\/\/blog.erm.ee\/?attachment_id=17789#main\" data-orig-file=\"https:\/\/blog.erm.ee\/wp-content\/uploads\/2025\/10\/Pilt4.jpg\" data-orig-size=\"512,384\" data-comments-opened=\"1\" data-image-meta=\"{&quot;aperture&quot;:&quot;0&quot;,&quot;credit&quot;:&quot;&quot;,&quot;camera&quot;:&quot;&quot;,&quot;caption&quot;:&quot;&quot;,&quot;created_timestamp&quot;:&quot;0&quot;,&quot;copyright&quot;:&quot;&quot;,&quot;focal_length&quot;:&quot;0&quot;,&quot;iso&quot;:&quot;0&quot;,&quot;shutter_speed&quot;:&quot;0&quot;,&quot;title&quot;:&quot;&quot;,&quot;orientation&quot;:&quot;0&quot;}\" data-image-title=\"Foto 4. Lehed p\u00e4rast konserveerimist\" data-image-description=\"&lt;p&gt;Foto 4. Lehed p\u00e4rast konserveerimist&lt;\/p&gt;\n\" data-image-caption=\"&lt;p&gt;Foto 4. Lehed p\u00e4rast konserveerimist&lt;\/p&gt;\n\" data-large-file=\"https:\/\/blog.erm.ee\/wp-content\/uploads\/2025\/10\/Pilt4.jpg\" class=\"size-full wp-image-17789\" src=\"https:\/\/blog.erm.ee\/wp-content\/uploads\/2025\/10\/Pilt4.jpg\" alt=\"Foto 4. Lehed p\u00e4rast konserveerimist\" width=\"512\" height=\"384\" srcset=\"https:\/\/blog.erm.ee\/wp-content\/uploads\/2025\/10\/Pilt4.jpg 512w, https:\/\/blog.erm.ee\/wp-content\/uploads\/2025\/10\/Pilt4-300x225.jpg 300w, https:\/\/blog.erm.ee\/wp-content\/uploads\/2025\/10\/Pilt4-347x260.jpg 347w\" sizes=\"auto, (max-width: 512px) 100vw, 512px\" \/><p id=\"caption-attachment-17789\" class=\"wp-caption-text\">Foto 4. Lehed p\u00e4rast konserveerimist<\/p><\/div>\n<p>Mida ma lugeda sain?<\/p>\n<p>Loomulikult tutvusin lehtede konserveerimise k\u00e4igus ka nende sisuga. Saksa okupatsiooni aega j\u00e4\u00e4vast 1944. aasta lehest Eesti S\u00f5na lugesin maailmas toimuva kohta, mis n\u00e4is justkui juhtuvat praegu. Rinde l\u00e4henemisele viitasid teated laste ja emade suvelaagrite varasemast l\u00f5petamisest ning tegelemine kindlustust\u00f6\u00f6dega. 1946. ja 1947. aasta ajalehed (Rahva H\u00e4\u00e4l, \u00d5htuleht, Talurahvaleht, Harju Elu) kujutasid endast aga juba t\u00fchja n\u00f5ukogude propaganda vahtu. K\u00f5ike tehti vaid Stalini ning partei nimel, nende heaks ja h\u00fcvanguks. Tekkis tunne, et n\u00f5ukogude inimene ei harinud p\u00f5ldu, ei teinud t\u00f6\u00f6d ega \u00f5ppinud mitte selleks, et jaguks rohkem toitu, paraneksid elutingimused ja olla haritum, vaid kogu m\u00e4su k\u00e4is kommunismi ehitamise grandioosse idee \u00fcmber. Tegeldi vana intelligentsi \u00fcmberkujundamisega uueks n\u00f5ukogude intelligentsiks, t\u00e4ideti viisaastaku plaane ja \u00fcletati viljanorme. Kinodesse j\u00f5udis uus \u201esuurep\u00e4rane\u201c film ,,T\u00f5otus\u201d, mis r\u00e4\u00e4kis talupoegade ja t\u00f6\u00f6liste t\u00f5otusest Stalinile ning v\u00f5itlusest selle ellu viimise nimel.<\/p>\n<p>Ainus artikkel, kus polnud s\u00f5nagi Stalinist ega bol\u0161evike parteist, oli 1946. aasta Talurahvalehes ilmunud teade kodulindude katkust, mis Eestimaa p\u00f5llumeestele palju probleeme tekitas. Farmides kehtestati karantiin. Kohtades, kus leiti nakatunud linde, l\u00e4ksid k\u00f5ik linnud tapmisele. Haiged linnud p\u00f5letati, aga tervete liha v\u00f5is tarvitada toiduks, kui seda oli korralikult t\u00f6\u00f6deldud. Eks aeg oli kehv ja toitu nappis. Pealegi polnud tol ajal tegemist hiiglaslike linnufarmidega, vaid pigem v\u00e4ikeste talut\u00fc\u00fcpi kanalate ja teiste kodulinnufarmidega, nii et haigete ja tervete lindude eraldamine polnud eriti keeruline.<\/p>\n<p>Ja kui Endel Maar kartis v\u00e4ljasaatmist, siis \u00fcks temavanune, samuti laskurkorpuses v\u00f5idelnud noormees otsustas astuda komsomoli. Ajaleht kirjeldab, kuidas tal j\u00e4i komsomolipiletit k\u00e4tte saades erutusest hing kinni ja \u00fche hetkega m\u00f6\u00f6dusid silme eest k\u00f5ik need suurep\u00e4rased asjad, mis temaga t\u00e4nu n\u00f5ukogude korrale on juhtunud.<\/p>\n<div class=\"fcbkbttn_buttons_block\" id=\"fcbkbttn_left\"><div class=\"fcbkbttn_like \"><fb:like href=\"https:\/\/blog.erm.ee\/?p=17785\" action=\"like\" colorscheme=\"light\" layout=\"standard\"  width=\"225px\" size=\"small\"><\/fb:like><\/div><div class=\"fb-share-button  \" data-href=\"https:\/\/blog.erm.ee\/?p=17785\" data-type=\"button\" data-size=\"small\"><\/div><\/div>","protected":false},"excerpt":{"rendered":"<p>Silli Peedosk, ERMi konservaator \u00dchel p\u00e4eval toodi minu t\u00f6\u00f6ruumi karp kokku k\u00e4gardatud ajalehtedega ja paluti need sirutada ning korda teha. Tuli v\u00e4lja, et tegu pole lihtsalt niisama kortsus lehtedega, vaid nendega k\u00e4ib kaasas p\u00f5nev lugu. (Foto1) 1942. aastal l\u00e4ks Velikije Luki lahingute ajal sakslaste poolele \u00fcle Eesti Laskurkorpuse 20-aastane v\u00f5itleja Endel Maar (1922\u20132009). Rindelt saadeti&hellip;<\/p>\n","protected":false},"author":1,"featured_media":17789,"comment_status":"open","ping_status":"open","sticky":false,"template":"","format":"standard","meta":{"_monsterinsights_skip_tracking":false,"_monsterinsights_sitenote_active":false,"_monsterinsights_sitenote_note":"","_monsterinsights_sitenote_category":0,"jetpack_post_was_ever_published":false,"_jetpack_newsletter_access":"","_jetpack_dont_email_post_to_subs":false,"_jetpack_newsletter_tier_id":0,"_jetpack_memberships_contains_paywalled_content":false,"_jetpack_memberships_contains_paid_content":false,"footnotes":""},"categories":[9],"tags":[],"class_list":["post-17785","post","type-post","status-publish","format-standard","has-post-thumbnail","hentry","category-konserveerimine"],"yoast_head":"<!-- This site is optimized with the Yoast SEO plugin v27.5 - https:\/\/yoast.com\/product\/yoast-seo-wordpress\/ -->\n<title>Pakkepaberina kasutatud ajalehtede korrastamine - Eesti Rahva Muuseumi ajaveeb<\/title>\n<meta name=\"description\" content=\"\u00dchel p\u00e4eval toodi minu t\u00f6\u00f6ruumi karp kokku k\u00e4gardatud ajalehtedega ja paluti need sirutada ning korda teha. Tuli v\u00e4lja, et tegu pole lihtsalt niisama kortsus lehtedega, vaid nendega k\u00e4ib kaasas p\u00f5nev lugu.\" \/>\n<meta name=\"robots\" content=\"index, follow, max-snippet:-1, max-image-preview:large, max-video-preview:-1\" \/>\n<link rel=\"canonical\" href=\"https:\/\/blog.erm.ee\/?p=17785\" \/>\n<meta property=\"og:locale\" content=\"et_EE\" \/>\n<meta property=\"og:type\" content=\"article\" \/>\n<meta property=\"og:title\" content=\"Pakkepaberina kasutatud ajalehtede korrastamine - Eesti Rahva Muuseumi ajaveeb\" \/>\n<meta property=\"og:description\" content=\"\u00dchel p\u00e4eval toodi minu t\u00f6\u00f6ruumi karp kokku k\u00e4gardatud ajalehtedega ja paluti need sirutada ning korda teha. Tuli v\u00e4lja, et tegu pole lihtsalt niisama kortsus lehtedega, vaid nendega k\u00e4ib kaasas p\u00f5nev lugu.\" \/>\n<meta property=\"og:url\" content=\"https:\/\/blog.erm.ee\/?p=17785\" \/>\n<meta property=\"og:site_name\" content=\"Eesti Rahva Muuseumi ajaveeb\" \/>\n<meta property=\"article:published_time\" content=\"2025-10-28T07:15:24+00:00\" \/>\n<meta property=\"article:modified_time\" content=\"2025-11-05T08:55:49+00:00\" \/>\n<meta property=\"og:image\" content=\"https:\/\/blog.erm.ee\/wp-content\/uploads\/2025\/10\/Pilt4.jpg\" \/>\n\t<meta property=\"og:image:width\" content=\"512\" \/>\n\t<meta property=\"og:image:height\" content=\"384\" \/>\n\t<meta property=\"og:image:type\" content=\"image\/jpeg\" \/>\n<meta name=\"author\" content=\"Eesti Rahva Muuseum\" \/>\n<meta name=\"twitter:card\" content=\"summary_large_image\" \/>\n<meta name=\"twitter:label1\" content=\"Written by\" \/>\n\t<meta name=\"twitter:data1\" content=\"Eesti Rahva Muuseum\" \/>\n\t<meta name=\"twitter:label2\" content=\"Est. reading time\" \/>\n\t<meta name=\"twitter:data2\" content=\"3 minutit\" \/>\n<script type=\"application\/ld+json\" class=\"yoast-schema-graph\">{\"@context\":\"https:\\\/\\\/schema.org\",\"@graph\":[{\"@type\":\"Article\",\"@id\":\"https:\\\/\\\/blog.erm.ee\\\/?p=17785#article\",\"isPartOf\":{\"@id\":\"https:\\\/\\\/blog.erm.ee\\\/?p=17785\"},\"author\":{\"name\":\"Eesti Rahva Muuseum\",\"@id\":\"https:\\\/\\\/blog.erm.ee\\\/#\\\/schema\\\/person\\\/6e98c391cb00a33e7c22a3571e062114\"},\"headline\":\"Pakkepaberina kasutatud ajalehtede korrastamine\",\"datePublished\":\"2025-10-28T07:15:24+00:00\",\"dateModified\":\"2025-11-05T08:55:49+00:00\",\"mainEntityOfPage\":{\"@id\":\"https:\\\/\\\/blog.erm.ee\\\/?p=17785\"},\"wordCount\":699,\"commentCount\":0,\"image\":{\"@id\":\"https:\\\/\\\/blog.erm.ee\\\/?p=17785#primaryimage\"},\"thumbnailUrl\":\"https:\\\/\\\/blog.erm.ee\\\/wp-content\\\/uploads\\\/2025\\\/10\\\/Pilt4.jpg\",\"articleSection\":[\"Konserveerimine\"],\"inLanguage\":\"et\",\"potentialAction\":[{\"@type\":\"CommentAction\",\"name\":\"Comment\",\"target\":[\"https:\\\/\\\/blog.erm.ee\\\/?p=17785#respond\"]}]},{\"@type\":\"WebPage\",\"@id\":\"https:\\\/\\\/blog.erm.ee\\\/?p=17785\",\"url\":\"https:\\\/\\\/blog.erm.ee\\\/?p=17785\",\"name\":\"Pakkepaberina kasutatud ajalehtede korrastamine - Eesti Rahva Muuseumi ajaveeb\",\"isPartOf\":{\"@id\":\"https:\\\/\\\/blog.erm.ee\\\/#website\"},\"primaryImageOfPage\":{\"@id\":\"https:\\\/\\\/blog.erm.ee\\\/?p=17785#primaryimage\"},\"image\":{\"@id\":\"https:\\\/\\\/blog.erm.ee\\\/?p=17785#primaryimage\"},\"thumbnailUrl\":\"https:\\\/\\\/blog.erm.ee\\\/wp-content\\\/uploads\\\/2025\\\/10\\\/Pilt4.jpg\",\"datePublished\":\"2025-10-28T07:15:24+00:00\",\"dateModified\":\"2025-11-05T08:55:49+00:00\",\"author\":{\"@id\":\"https:\\\/\\\/blog.erm.ee\\\/#\\\/schema\\\/person\\\/6e98c391cb00a33e7c22a3571e062114\"},\"description\":\"\u00dchel p\u00e4eval toodi minu t\u00f6\u00f6ruumi karp kokku k\u00e4gardatud ajalehtedega ja paluti need sirutada ning korda teha. Tuli v\u00e4lja, et tegu pole lihtsalt niisama kortsus lehtedega, vaid nendega k\u00e4ib kaasas p\u00f5nev lugu.\",\"breadcrumb\":{\"@id\":\"https:\\\/\\\/blog.erm.ee\\\/?p=17785#breadcrumb\"},\"inLanguage\":\"et\",\"potentialAction\":[{\"@type\":\"ReadAction\",\"target\":[\"https:\\\/\\\/blog.erm.ee\\\/?p=17785\"]}]},{\"@type\":\"ImageObject\",\"inLanguage\":\"et\",\"@id\":\"https:\\\/\\\/blog.erm.ee\\\/?p=17785#primaryimage\",\"url\":\"https:\\\/\\\/blog.erm.ee\\\/wp-content\\\/uploads\\\/2025\\\/10\\\/Pilt4.jpg\",\"contentUrl\":\"https:\\\/\\\/blog.erm.ee\\\/wp-content\\\/uploads\\\/2025\\\/10\\\/Pilt4.jpg\",\"width\":512,\"height\":384,\"caption\":\"Foto 4. Lehed p\u00e4rast konserveerimist\"},{\"@type\":\"BreadcrumbList\",\"@id\":\"https:\\\/\\\/blog.erm.ee\\\/?p=17785#breadcrumb\",\"itemListElement\":[{\"@type\":\"ListItem\",\"position\":1,\"name\":\"Home\",\"item\":\"https:\\\/\\\/blog.erm.ee\\\/\"},{\"@type\":\"ListItem\",\"position\":2,\"name\":\"Pakkepaberina kasutatud ajalehtede korrastamine\"}]},{\"@type\":\"WebSite\",\"@id\":\"https:\\\/\\\/blog.erm.ee\\\/#website\",\"url\":\"https:\\\/\\\/blog.erm.ee\\\/\",\"name\":\"Eesti Rahva Muuseumi ajaveeb\",\"description\":\"\",\"potentialAction\":[{\"@type\":\"SearchAction\",\"target\":{\"@type\":\"EntryPoint\",\"urlTemplate\":\"https:\\\/\\\/blog.erm.ee\\\/?s={search_term_string}\"},\"query-input\":{\"@type\":\"PropertyValueSpecification\",\"valueRequired\":true,\"valueName\":\"search_term_string\"}}],\"inLanguage\":\"et\"},{\"@type\":\"Person\",\"@id\":\"https:\\\/\\\/blog.erm.ee\\\/#\\\/schema\\\/person\\\/6e98c391cb00a33e7c22a3571e062114\",\"name\":\"Eesti Rahva Muuseum\",\"image\":{\"@type\":\"ImageObject\",\"inLanguage\":\"et\",\"@id\":\"https:\\\/\\\/secure.gravatar.com\\\/avatar\\\/cb6d9ad5fb49f3f7315028ce5fe60641075f2cb52b8a058ff5a985fa2d8c1da0?s=96&d=mm&r=g\",\"url\":\"https:\\\/\\\/secure.gravatar.com\\\/avatar\\\/cb6d9ad5fb49f3f7315028ce5fe60641075f2cb52b8a058ff5a985fa2d8c1da0?s=96&d=mm&r=g\",\"contentUrl\":\"https:\\\/\\\/secure.gravatar.com\\\/avatar\\\/cb6d9ad5fb49f3f7315028ce5fe60641075f2cb52b8a058ff5a985fa2d8c1da0?s=96&d=mm&r=g\",\"caption\":\"Eesti Rahva Muuseum\"},\"sameAs\":[\"http:\\\/\\\/www.erm.ee\"],\"url\":\"https:\\\/\\\/blog.erm.ee\\\/?author=1\"}]}<\/script>\n<!-- \/ Yoast SEO plugin. -->","yoast_head_json":{"title":"Pakkepaberina kasutatud ajalehtede korrastamine - Eesti Rahva Muuseumi ajaveeb","description":"\u00dchel p\u00e4eval toodi minu t\u00f6\u00f6ruumi karp kokku k\u00e4gardatud ajalehtedega ja paluti need sirutada ning korda teha. Tuli v\u00e4lja, et tegu pole lihtsalt niisama kortsus lehtedega, vaid nendega k\u00e4ib kaasas p\u00f5nev lugu.","robots":{"index":"index","follow":"follow","max-snippet":"max-snippet:-1","max-image-preview":"max-image-preview:large","max-video-preview":"max-video-preview:-1"},"canonical":"https:\/\/blog.erm.ee\/?p=17785","og_locale":"et_EE","og_type":"article","og_title":"Pakkepaberina kasutatud ajalehtede korrastamine - Eesti Rahva Muuseumi ajaveeb","og_description":"\u00dchel p\u00e4eval toodi minu t\u00f6\u00f6ruumi karp kokku k\u00e4gardatud ajalehtedega ja paluti need sirutada ning korda teha. Tuli v\u00e4lja, et tegu pole lihtsalt niisama kortsus lehtedega, vaid nendega k\u00e4ib kaasas p\u00f5nev lugu.","og_url":"https:\/\/blog.erm.ee\/?p=17785","og_site_name":"Eesti Rahva Muuseumi ajaveeb","article_published_time":"2025-10-28T07:15:24+00:00","article_modified_time":"2025-11-05T08:55:49+00:00","og_image":[{"width":512,"height":384,"url":"https:\/\/blog.erm.ee\/wp-content\/uploads\/2025\/10\/Pilt4.jpg","type":"image\/jpeg"}],"author":"Eesti Rahva Muuseum","twitter_card":"summary_large_image","twitter_misc":{"Written by":"Eesti Rahva Muuseum","Est. reading time":"3 minutit"},"schema":{"@context":"https:\/\/schema.org","@graph":[{"@type":"Article","@id":"https:\/\/blog.erm.ee\/?p=17785#article","isPartOf":{"@id":"https:\/\/blog.erm.ee\/?p=17785"},"author":{"name":"Eesti Rahva Muuseum","@id":"https:\/\/blog.erm.ee\/#\/schema\/person\/6e98c391cb00a33e7c22a3571e062114"},"headline":"Pakkepaberina kasutatud ajalehtede korrastamine","datePublished":"2025-10-28T07:15:24+00:00","dateModified":"2025-11-05T08:55:49+00:00","mainEntityOfPage":{"@id":"https:\/\/blog.erm.ee\/?p=17785"},"wordCount":699,"commentCount":0,"image":{"@id":"https:\/\/blog.erm.ee\/?p=17785#primaryimage"},"thumbnailUrl":"https:\/\/blog.erm.ee\/wp-content\/uploads\/2025\/10\/Pilt4.jpg","articleSection":["Konserveerimine"],"inLanguage":"et","potentialAction":[{"@type":"CommentAction","name":"Comment","target":["https:\/\/blog.erm.ee\/?p=17785#respond"]}]},{"@type":"WebPage","@id":"https:\/\/blog.erm.ee\/?p=17785","url":"https:\/\/blog.erm.ee\/?p=17785","name":"Pakkepaberina kasutatud ajalehtede korrastamine - Eesti Rahva Muuseumi ajaveeb","isPartOf":{"@id":"https:\/\/blog.erm.ee\/#website"},"primaryImageOfPage":{"@id":"https:\/\/blog.erm.ee\/?p=17785#primaryimage"},"image":{"@id":"https:\/\/blog.erm.ee\/?p=17785#primaryimage"},"thumbnailUrl":"https:\/\/blog.erm.ee\/wp-content\/uploads\/2025\/10\/Pilt4.jpg","datePublished":"2025-10-28T07:15:24+00:00","dateModified":"2025-11-05T08:55:49+00:00","author":{"@id":"https:\/\/blog.erm.ee\/#\/schema\/person\/6e98c391cb00a33e7c22a3571e062114"},"description":"\u00dchel p\u00e4eval toodi minu t\u00f6\u00f6ruumi karp kokku k\u00e4gardatud ajalehtedega ja paluti need sirutada ning korda teha. Tuli v\u00e4lja, et tegu pole lihtsalt niisama kortsus lehtedega, vaid nendega k\u00e4ib kaasas p\u00f5nev lugu.","breadcrumb":{"@id":"https:\/\/blog.erm.ee\/?p=17785#breadcrumb"},"inLanguage":"et","potentialAction":[{"@type":"ReadAction","target":["https:\/\/blog.erm.ee\/?p=17785"]}]},{"@type":"ImageObject","inLanguage":"et","@id":"https:\/\/blog.erm.ee\/?p=17785#primaryimage","url":"https:\/\/blog.erm.ee\/wp-content\/uploads\/2025\/10\/Pilt4.jpg","contentUrl":"https:\/\/blog.erm.ee\/wp-content\/uploads\/2025\/10\/Pilt4.jpg","width":512,"height":384,"caption":"Foto 4. Lehed p\u00e4rast konserveerimist"},{"@type":"BreadcrumbList","@id":"https:\/\/blog.erm.ee\/?p=17785#breadcrumb","itemListElement":[{"@type":"ListItem","position":1,"name":"Home","item":"https:\/\/blog.erm.ee\/"},{"@type":"ListItem","position":2,"name":"Pakkepaberina kasutatud ajalehtede korrastamine"}]},{"@type":"WebSite","@id":"https:\/\/blog.erm.ee\/#website","url":"https:\/\/blog.erm.ee\/","name":"Eesti Rahva Muuseumi ajaveeb","description":"","potentialAction":[{"@type":"SearchAction","target":{"@type":"EntryPoint","urlTemplate":"https:\/\/blog.erm.ee\/?s={search_term_string}"},"query-input":{"@type":"PropertyValueSpecification","valueRequired":true,"valueName":"search_term_string"}}],"inLanguage":"et"},{"@type":"Person","@id":"https:\/\/blog.erm.ee\/#\/schema\/person\/6e98c391cb00a33e7c22a3571e062114","name":"Eesti Rahva Muuseum","image":{"@type":"ImageObject","inLanguage":"et","@id":"https:\/\/secure.gravatar.com\/avatar\/cb6d9ad5fb49f3f7315028ce5fe60641075f2cb52b8a058ff5a985fa2d8c1da0?s=96&d=mm&r=g","url":"https:\/\/secure.gravatar.com\/avatar\/cb6d9ad5fb49f3f7315028ce5fe60641075f2cb52b8a058ff5a985fa2d8c1da0?s=96&d=mm&r=g","contentUrl":"https:\/\/secure.gravatar.com\/avatar\/cb6d9ad5fb49f3f7315028ce5fe60641075f2cb52b8a058ff5a985fa2d8c1da0?s=96&d=mm&r=g","caption":"Eesti Rahva Muuseum"},"sameAs":["http:\/\/www.erm.ee"],"url":"https:\/\/blog.erm.ee\/?author=1"}]}},"jetpack_featured_media_url":"https:\/\/blog.erm.ee\/wp-content\/uploads\/2025\/10\/Pilt4.jpg","jetpack_shortlink":"https:\/\/wp.me\/p2l9Zd-4CR","jetpack_sharing_enabled":true,"jetpack_likes_enabled":true,"_links":{"self":[{"href":"https:\/\/blog.erm.ee\/index.php?rest_route=\/wp\/v2\/posts\/17785","targetHints":{"allow":["GET"]}}],"collection":[{"href":"https:\/\/blog.erm.ee\/index.php?rest_route=\/wp\/v2\/posts"}],"about":[{"href":"https:\/\/blog.erm.ee\/index.php?rest_route=\/wp\/v2\/types\/post"}],"author":[{"embeddable":true,"href":"https:\/\/blog.erm.ee\/index.php?rest_route=\/wp\/v2\/users\/1"}],"replies":[{"embeddable":true,"href":"https:\/\/blog.erm.ee\/index.php?rest_route=%2Fwp%2Fv2%2Fcomments&post=17785"}],"version-history":[{"count":1,"href":"https:\/\/blog.erm.ee\/index.php?rest_route=\/wp\/v2\/posts\/17785\/revisions"}],"predecessor-version":[{"id":17790,"href":"https:\/\/blog.erm.ee\/index.php?rest_route=\/wp\/v2\/posts\/17785\/revisions\/17790"}],"wp:featuredmedia":[{"embeddable":true,"href":"https:\/\/blog.erm.ee\/index.php?rest_route=\/wp\/v2\/media\/17789"}],"wp:attachment":[{"href":"https:\/\/blog.erm.ee\/index.php?rest_route=%2Fwp%2Fv2%2Fmedia&parent=17785"}],"wp:term":[{"taxonomy":"category","embeddable":true,"href":"https:\/\/blog.erm.ee\/index.php?rest_route=%2Fwp%2Fv2%2Fcategories&post=17785"},{"taxonomy":"post_tag","embeddable":true,"href":"https:\/\/blog.erm.ee\/index.php?rest_route=%2Fwp%2Fv2%2Ftags&post=17785"}],"curies":[{"name":"wp","href":"https:\/\/api.w.org\/{rel}","templated":true}]}}