{"id":17170,"date":"2025-04-29T07:24:21","date_gmt":"2025-04-29T04:24:21","guid":{"rendered":"https:\/\/blog.erm.ee\/?p=17170"},"modified":"2025-04-29T07:24:57","modified_gmt":"2025-04-29T04:24:57","slug":"fotojaadvustusi-eesti-rahva-muuseumi-sunnipaevadest","status":"publish","type":"post","link":"https:\/\/blog.erm.ee\/?p=17170","title":{"rendered":"Fotoj\u00e4\u00e4dvustusi Eesti Rahva Muuseumi s\u00fcnnip\u00e4evadest"},"content":{"rendered":"<div class=\"fcbkbttn_buttons_block\" id=\"fcbkbttn_left\"><div class=\"fcbkbttn_like \"><fb:like href=\"https:\/\/blog.erm.ee\/?p=17170\" action=\"like\" colorscheme=\"light\" layout=\"standard\"  width=\"225px\" size=\"small\"><\/fb:like><\/div><div class=\"fb-share-button  \" data-href=\"https:\/\/blog.erm.ee\/?p=17170\" data-type=\"button\" data-size=\"small\"><\/div><\/div><p><em>Tekst: Tiina Tael, peaarhivaar<\/em><\/p>\n<p>Eesti Rahva Muuseumi asutamisajaks on kokkuleppeliselt 14. aprill 1909, mil toimus Eesti Rahva Muuseumi tegevliikmete kogu koosolek, valiti juhatus ning pandi paika edasine tegevuskava.<\/p>\n<p>Muuseumi esimestest s\u00fcnnip\u00e4evadest ei ole fotoj\u00e4\u00e4dvustusi, ka 1934. aasta juubelipidustustest leiab andmeid pigem tervitustelegrammidest ja ning 25. aastap\u00e4evale p\u00fchendatud muuseumi aastaraamatust, seevastu 50 aasta juubelit t\u00e4histati suurejooneliselt konverentsi ning \u00f5htuse s\u00fcnnip\u00e4evapeoga. Sestpeale sai aastak\u00fcmneteks traditsioon, et ERMi aastakonverentse korraldati aprilli keskpaigas ning \u00f5htuse peoga t\u00e4histati \u00fchtlasi ka muuseumi s\u00fcnnip\u00e4eva. Juubelipidustused toimusid enamasti v\u00e4ljaspool muuseumi \u2013 nii p\u00e4evased aktused, konverentsid kui ka \u00f5htused koosviibimised. Nii toimus tollase etnograafiamuuseumi 50. s\u00fcnnip\u00e4eva aktus \u00fclikooli aulas, p\u00e4eval avati muuseumis n\u00e4itus \u201e50 aastat Etnograafia Muuseumi\u201c ning \u00f5htul mindi \u00fclikooli kohvikusse pittu.<\/p>\n<div id=\"attachment_17171\" style=\"width: 710px\" class=\"wp-caption alignnone\"><img loading=\"lazy\" decoding=\"async\" aria-describedby=\"caption-attachment-17171\" data-attachment-id=\"17171\" data-permalink=\"https:\/\/blog.erm.ee\/?attachment_id=17171#main\" data-orig-file=\"https:\/\/blog.erm.ee\/wp-content\/uploads\/2025\/04\/1308_165.jpg\" data-orig-size=\"1600,994\" data-comments-opened=\"1\" data-image-meta=\"{&quot;aperture&quot;:&quot;10&quot;,&quot;credit&quot;:&quot;&quot;,&quot;camera&quot;:&quot;NIKON D850&quot;,&quot;caption&quot;:&quot;&quot;,&quot;created_timestamp&quot;:&quot;1744265757&quot;,&quot;copyright&quot;:&quot;&quot;,&quot;focal_length&quot;:&quot;105&quot;,&quot;iso&quot;:&quot;100&quot;,&quot;shutter_speed&quot;:&quot;0.016666666666667&quot;,&quot;title&quot;:&quot;&quot;,&quot;orientation&quot;:&quot;1&quot;}\" data-image-title=\"1308_165\" data-image-description=\"\" data-image-caption=\"\" data-large-file=\"https:\/\/blog.erm.ee\/wp-content\/uploads\/2025\/04\/1308_165-1024x636.jpg\" class=\"wp-image-17171 size-large\" src=\"https:\/\/blog.erm.ee\/wp-content\/uploads\/2025\/04\/1308_165-1024x636.jpg\" alt=\"\" width=\"700\" height=\"435\" srcset=\"https:\/\/blog.erm.ee\/wp-content\/uploads\/2025\/04\/1308_165-1024x636.jpg 1024w, https:\/\/blog.erm.ee\/wp-content\/uploads\/2025\/04\/1308_165-300x186.jpg 300w, https:\/\/blog.erm.ee\/wp-content\/uploads\/2025\/04\/1308_165-419x260.jpg 419w, https:\/\/blog.erm.ee\/wp-content\/uploads\/2025\/04\/1308_165-768x477.jpg 768w, https:\/\/blog.erm.ee\/wp-content\/uploads\/2025\/04\/1308_165-1536x954.jpg 1536w, https:\/\/blog.erm.ee\/wp-content\/uploads\/2025\/04\/1308_165.jpg 1600w\" sizes=\"auto, (max-width: 700px) 100vw, 700px\" \/><p id=\"caption-attachment-17171\" class=\"wp-caption-text\">ERMi (tollal Eesti NSV Riiklik Etnograafiamuuseum) juubelisessiooni l\u00f5puks korraldatud koosviibimine \u00fclikooli kohvikus. Muuseumi direktor Aleksei Peterson t\u00f5stab toosti. Foto: Uudu Rips, 1959. ERM Fk 1308:165<\/p><\/div>\n<p><em>Kirjeldust\u00f5lge: Mustvalgel fotol on kaetud laudade taga istuvad naeratavad naised ja mehed, kes on pidulikult riietatud. M\u00f5ned t\u00f5stavad klaase, teised istuvad ja vaatavad naeratades kaamerasse.\u00a0<\/em><\/p>\n<div id=\"attachment_17172\" style=\"width: 710px\" class=\"wp-caption alignnone\"><img loading=\"lazy\" decoding=\"async\" aria-describedby=\"caption-attachment-17172\" data-attachment-id=\"17172\" data-permalink=\"https:\/\/blog.erm.ee\/?attachment_id=17172#main\" data-orig-file=\"https:\/\/blog.erm.ee\/wp-content\/uploads\/2025\/04\/1308_167.jpg\" data-orig-size=\"1600,1008\" data-comments-opened=\"1\" data-image-meta=\"{&quot;aperture&quot;:&quot;10&quot;,&quot;credit&quot;:&quot;&quot;,&quot;camera&quot;:&quot;NIKON D850&quot;,&quot;caption&quot;:&quot;&quot;,&quot;created_timestamp&quot;:&quot;1744265780&quot;,&quot;copyright&quot;:&quot;&quot;,&quot;focal_length&quot;:&quot;105&quot;,&quot;iso&quot;:&quot;100&quot;,&quot;shutter_speed&quot;:&quot;0.016666666666667&quot;,&quot;title&quot;:&quot;&quot;,&quot;orientation&quot;:&quot;1&quot;}\" data-image-title=\"1308_167\" data-image-description=\"\" data-image-caption=\"\" data-large-file=\"https:\/\/blog.erm.ee\/wp-content\/uploads\/2025\/04\/1308_167-1024x645.jpg\" class=\"wp-image-17172 size-large\" src=\"https:\/\/blog.erm.ee\/wp-content\/uploads\/2025\/04\/1308_167-1024x645.jpg\" alt=\"\" width=\"700\" height=\"441\" srcset=\"https:\/\/blog.erm.ee\/wp-content\/uploads\/2025\/04\/1308_167-1024x645.jpg 1024w, https:\/\/blog.erm.ee\/wp-content\/uploads\/2025\/04\/1308_167-300x189.jpg 300w, https:\/\/blog.erm.ee\/wp-content\/uploads\/2025\/04\/1308_167-413x260.jpg 413w, https:\/\/blog.erm.ee\/wp-content\/uploads\/2025\/04\/1308_167-768x484.jpg 768w, https:\/\/blog.erm.ee\/wp-content\/uploads\/2025\/04\/1308_167-1536x968.jpg 1536w, https:\/\/blog.erm.ee\/wp-content\/uploads\/2025\/04\/1308_167.jpg 1600w\" sizes=\"auto, (max-width: 700px) 100vw, 700px\" \/><p id=\"caption-attachment-17172\" class=\"wp-caption-text\">ERMi 50. s\u00fcnnip\u00e4ev \u00fclikooli kohvikus. Foto: Uudu Rips, 1959. ERM Fk 1308:167<\/p><\/div>\n<p><em>Kirjeldust\u00f5lge: Mustvalgel fotol on kahe pika ja kaetud laua taga\u00a0 suur hulk naisi ja mehi, kes paistavad r\u00f5\u00f5msas meeleolus elavalt juttu r\u00e4\u00e4kivat.<\/em><\/p>\n<div id=\"attachment_17173\" style=\"width: 710px\" class=\"wp-caption alignnone\"><img loading=\"lazy\" decoding=\"async\" aria-describedby=\"caption-attachment-17173\" data-attachment-id=\"17173\" data-permalink=\"https:\/\/blog.erm.ee\/?attachment_id=17173#main\" data-orig-file=\"https:\/\/blog.erm.ee\/wp-content\/uploads\/2025\/04\/1308_169.jpg\" data-orig-size=\"1600,995\" data-comments-opened=\"1\" data-image-meta=\"{&quot;aperture&quot;:&quot;10&quot;,&quot;credit&quot;:&quot;&quot;,&quot;camera&quot;:&quot;NIKON D850&quot;,&quot;caption&quot;:&quot;&quot;,&quot;created_timestamp&quot;:&quot;1744265803&quot;,&quot;copyright&quot;:&quot;&quot;,&quot;focal_length&quot;:&quot;105&quot;,&quot;iso&quot;:&quot;100&quot;,&quot;shutter_speed&quot;:&quot;0.016666666666667&quot;,&quot;title&quot;:&quot;&quot;,&quot;orientation&quot;:&quot;1&quot;}\" data-image-title=\"1308_169\" data-image-description=\"\" data-image-caption=\"\" data-large-file=\"https:\/\/blog.erm.ee\/wp-content\/uploads\/2025\/04\/1308_169-1024x637.jpg\" class=\"wp-image-17173 size-large\" src=\"https:\/\/blog.erm.ee\/wp-content\/uploads\/2025\/04\/1308_169-1024x637.jpg\" alt=\"\" width=\"700\" height=\"435\" srcset=\"https:\/\/blog.erm.ee\/wp-content\/uploads\/2025\/04\/1308_169-1024x637.jpg 1024w, https:\/\/blog.erm.ee\/wp-content\/uploads\/2025\/04\/1308_169-300x187.jpg 300w, https:\/\/blog.erm.ee\/wp-content\/uploads\/2025\/04\/1308_169-418x260.jpg 418w, https:\/\/blog.erm.ee\/wp-content\/uploads\/2025\/04\/1308_169-768x478.jpg 768w, https:\/\/blog.erm.ee\/wp-content\/uploads\/2025\/04\/1308_169-1536x955.jpg 1536w, https:\/\/blog.erm.ee\/wp-content\/uploads\/2025\/04\/1308_169.jpg 1600w\" sizes=\"auto, (max-width: 700px) 100vw, 700px\" \/><p id=\"caption-attachment-17173\" class=\"wp-caption-text\">ERMi 50. s\u00fcnnip\u00e4ev \u00fclikooli kohvikus. K\u00fclalised pidulauas, paremalt teine direktor Aleksei Peterson. Foto: Uudu Rips, 1959. ERM Fk 1308:169<\/p><\/div>\n<p><em>Kirjeldust\u00f5lge: Fotol on kuus pidulikul riietatud inimest, kes istuvad kaetud s\u00f6\u00f6gilaua taga ning r\u00e4\u00e4givad omavahel elavalt juttu.<\/em><\/p>\n<p>J\u00e4rgmine t\u00e4pse dateeringuta pilt on tehtud t\u00f5en\u00e4oliselt j\u00e4rgmisel v\u00f5i \u00fclej\u00e4rgmisel aastal. Muuseumi kogusse j\u00f5udis see foto aastak\u00fcmneid hiljem. Nagu pildilt n\u00e4ha, toimus koosviibimine keset n\u00e4itusesaali.<\/p>\n<div id=\"attachment_17174\" style=\"width: 710px\" class=\"wp-caption alignnone\"><img loading=\"lazy\" decoding=\"async\" aria-describedby=\"caption-attachment-17174\" data-attachment-id=\"17174\" data-permalink=\"https:\/\/blog.erm.ee\/?attachment_id=17174#main\" data-orig-file=\"https:\/\/blog.erm.ee\/wp-content\/uploads\/2025\/04\/064106_ERM_Fk2905_178_064106.jpg\" data-orig-size=\"1600,1059\" data-comments-opened=\"1\" data-image-meta=\"{&quot;aperture&quot;:&quot;9&quot;,&quot;credit&quot;:&quot;&quot;,&quot;camera&quot;:&quot;NIKON D70&quot;,&quot;caption&quot;:&quot;&quot;,&quot;created_timestamp&quot;:&quot;1158834599&quot;,&quot;copyright&quot;:&quot;&quot;,&quot;focal_length&quot;:&quot;50&quot;,&quot;iso&quot;:&quot;200&quot;,&quot;shutter_speed&quot;:&quot;0.016666666666667&quot;,&quot;title&quot;:&quot;&quot;,&quot;orientation&quot;:&quot;1&quot;}\" data-image-title=\"064106_ERM_Fk2905_178_064106\" data-image-description=\"\" data-image-caption=\"\" data-large-file=\"https:\/\/blog.erm.ee\/wp-content\/uploads\/2025\/04\/064106_ERM_Fk2905_178_064106-1024x678.jpg\" class=\"wp-image-17174 size-large\" src=\"https:\/\/blog.erm.ee\/wp-content\/uploads\/2025\/04\/064106_ERM_Fk2905_178_064106-1024x678.jpg\" alt=\"\" width=\"700\" height=\"463\" srcset=\"https:\/\/blog.erm.ee\/wp-content\/uploads\/2025\/04\/064106_ERM_Fk2905_178_064106-1024x678.jpg 1024w, https:\/\/blog.erm.ee\/wp-content\/uploads\/2025\/04\/064106_ERM_Fk2905_178_064106-300x199.jpg 300w, https:\/\/blog.erm.ee\/wp-content\/uploads\/2025\/04\/064106_ERM_Fk2905_178_064106-393x260.jpg 393w, https:\/\/blog.erm.ee\/wp-content\/uploads\/2025\/04\/064106_ERM_Fk2905_178_064106-768x508.jpg 768w, https:\/\/blog.erm.ee\/wp-content\/uploads\/2025\/04\/064106_ERM_Fk2905_178_064106-1536x1017.jpg 1536w, https:\/\/blog.erm.ee\/wp-content\/uploads\/2025\/04\/064106_ERM_Fk2905_178_064106.jpg 1600w\" sizes=\"auto, (max-width: 700px) 100vw, 700px\" \/><p id=\"caption-attachment-17174\" class=\"wp-caption-text\">Konverentsipidu, paremalt Endla Jaagosild, Aleksei Peterson, Aino Voolmaa, u 1960. ERM Fk 2905:178<\/p><\/div>\n<p><em>Kirjeldust\u00f5lge: Esiplaanil neli inimest, pidulikes r\u00f5ivastes mehed ja naised, laua taga istumas ja naeratamas. Laual on kaks lillebuketti, karahvin ja s\u00f6\u00f6gin\u00f5ud.\u00a0<\/em><\/p>\n<p>Kui t\u00e4nap\u00e4eval on pildid ja kroonikakirjutamine kolinud rohkem Facebooki, siis 1966\u20131985 oli muuseumil oma kroonika toimkond, kes j\u00e4\u00e4dvustas olulisemad s\u00fcndmused kroonikaraamatutesse. Esimesse kroonikatoimetusse kuulusid kirjutajana Aime K\u00e4rner, fotograafina Toivo Pedak, koostajana Arnold K\u00e4rbo, toimetajana Ildike Jaagosild ning kunstnikuna Lembit Lepp. Osa neist piltidest ja kommentaaridest ongi leitud kroonikaraamatutest.<\/p>\n<p>Muuseumi 1966. aasta konverents oli p\u00fchendatud korrespondentide v\u00f5rgu 35. aastap\u00e4evale. Konverents ise koos korrespondentidele korraldatud teatmematerjali kogumise v\u00f5istluse l\u00f5petamisega toimus muuseumis, kuid \u00f5htune meeleolukas konverentsipidu \u00fclikooli s\u00f6\u00f6klas. Kroonikaraamatu sissekanded kaheksal lehel annavad kinnitust, et see oli \u00fcks tore pidu.<\/p>\n<div id=\"attachment_17175\" style=\"width: 710px\" class=\"wp-caption alignnone\"><img loading=\"lazy\" decoding=\"async\" aria-describedby=\"caption-attachment-17175\" data-attachment-id=\"17175\" data-permalink=\"https:\/\/blog.erm.ee\/?attachment_id=17175#main\" data-orig-file=\"https:\/\/blog.erm.ee\/wp-content\/uploads\/2025\/04\/1459_62.jpg\" data-orig-size=\"1600,1008\" data-comments-opened=\"1\" data-image-meta=\"{&quot;aperture&quot;:&quot;10&quot;,&quot;credit&quot;:&quot;&quot;,&quot;camera&quot;:&quot;NIKON D850&quot;,&quot;caption&quot;:&quot;&quot;,&quot;created_timestamp&quot;:&quot;1744265835&quot;,&quot;copyright&quot;:&quot;&quot;,&quot;focal_length&quot;:&quot;105&quot;,&quot;iso&quot;:&quot;100&quot;,&quot;shutter_speed&quot;:&quot;0.016666666666667&quot;,&quot;title&quot;:&quot;&quot;,&quot;orientation&quot;:&quot;1&quot;}\" data-image-title=\"1459_62\" data-image-description=\"\" data-image-caption=\"\" data-large-file=\"https:\/\/blog.erm.ee\/wp-content\/uploads\/2025\/04\/1459_62-1024x645.jpg\" class=\"wp-image-17175 size-large\" src=\"https:\/\/blog.erm.ee\/wp-content\/uploads\/2025\/04\/1459_62-1024x645.jpg\" alt=\"\" width=\"700\" height=\"441\" srcset=\"https:\/\/blog.erm.ee\/wp-content\/uploads\/2025\/04\/1459_62-1024x645.jpg 1024w, https:\/\/blog.erm.ee\/wp-content\/uploads\/2025\/04\/1459_62-300x189.jpg 300w, https:\/\/blog.erm.ee\/wp-content\/uploads\/2025\/04\/1459_62-413x260.jpg 413w, https:\/\/blog.erm.ee\/wp-content\/uploads\/2025\/04\/1459_62-768x484.jpg 768w, https:\/\/blog.erm.ee\/wp-content\/uploads\/2025\/04\/1459_62-1536x968.jpg 1536w, https:\/\/blog.erm.ee\/wp-content\/uploads\/2025\/04\/1459_62.jpg 1600w\" sizes=\"auto, (max-width: 700px) 100vw, 700px\" \/><p id=\"caption-attachment-17175\" class=\"wp-caption-text\">Konverentsipidu \u00fclikooli s\u00f6\u00f6klas. Esiplaanil muuseumi kunstnik-restoraator Arnold K\u00e4rbo, seisab Elle Kuigo (Vunder). Foto: Vello Kutsar, 1966. ERM Fk 1459:62<\/p><\/div>\n<p><em>Kirjeldust\u00f5lge: Fotol on kaheksa inimest, l\u00e4bisegi eri vanuses mehed ja naised. Inimesed seisavad ja laulavad, m\u00f5ned hoiavad k\u00e4est kinni.\u00a0<\/em><\/p>\n<div id=\"attachment_17176\" style=\"width: 662px\" class=\"wp-caption alignnone\"><img loading=\"lazy\" decoding=\"async\" aria-describedby=\"caption-attachment-17176\" data-attachment-id=\"17176\" data-permalink=\"https:\/\/blog.erm.ee\/?attachment_id=17176#main\" data-orig-file=\"https:\/\/blog.erm.ee\/wp-content\/uploads\/2025\/04\/1459_72.jpg\" data-orig-size=\"1025,1600\" data-comments-opened=\"1\" data-image-meta=\"{&quot;aperture&quot;:&quot;10&quot;,&quot;credit&quot;:&quot;&quot;,&quot;camera&quot;:&quot;NIKON D850&quot;,&quot;caption&quot;:&quot;&quot;,&quot;created_timestamp&quot;:&quot;1744265856&quot;,&quot;copyright&quot;:&quot;&quot;,&quot;focal_length&quot;:&quot;105&quot;,&quot;iso&quot;:&quot;100&quot;,&quot;shutter_speed&quot;:&quot;0.016666666666667&quot;,&quot;title&quot;:&quot;&quot;,&quot;orientation&quot;:&quot;1&quot;}\" data-image-title=\"1459_72\" data-image-description=\"\" data-image-caption=\"\" data-large-file=\"https:\/\/blog.erm.ee\/wp-content\/uploads\/2025\/04\/1459_72-656x1024.jpg\" class=\"wp-image-17176 size-large\" src=\"https:\/\/blog.erm.ee\/wp-content\/uploads\/2025\/04\/1459_72-656x1024.jpg\" alt=\"\" width=\"656\" height=\"1024\" srcset=\"https:\/\/blog.erm.ee\/wp-content\/uploads\/2025\/04\/1459_72-656x1024.jpg 656w, https:\/\/blog.erm.ee\/wp-content\/uploads\/2025\/04\/1459_72-192x300.jpg 192w, https:\/\/blog.erm.ee\/wp-content\/uploads\/2025\/04\/1459_72-167x260.jpg 167w, https:\/\/blog.erm.ee\/wp-content\/uploads\/2025\/04\/1459_72-768x1199.jpg 768w, https:\/\/blog.erm.ee\/wp-content\/uploads\/2025\/04\/1459_72-984x1536.jpg 984w, https:\/\/blog.erm.ee\/wp-content\/uploads\/2025\/04\/1459_72.jpg 1025w\" sizes=\"auto, (max-width: 656px) 100vw, 656px\" \/><p id=\"caption-attachment-17176\" class=\"wp-caption-text\">\u201eSuurt elevust tekitas koosviibimise tantsusaalis korrespondent Mari Sarve \u201elaulu- ja tantsutund\u201c. Teda assisteeris EMi vanem teaduslik t\u00f6\u00f6taja Kalju Konsin. Tema taga Tartu linnamuuseumi direktor Aili Suur ja sama muuseumi teaduslik t\u00f6\u00f6taja Mare Kibe.\u201c Foto: Vello Kutsar, 1966. ERM Fk 1459:72<\/p><\/div>\n<p><em>Kirjeldust\u00f5lge: Fotol on esiplaanil noorem \u00fclikonnas mees ja vanem naine, kes kannab tumedat kleiti ja heledat r\u00e4tti \u00fcmber pea. Mees h\u00f5ikab midagi. Taustal hulk mehi ja naisi, kes paistavad pidulikult riides.\u00a0<\/em><\/p>\n<p>J\u00e4rgmise aasta \u00f5htune peopaik leiti muuseumi naabruses asuvast Tartu kunstikoolist.<\/p>\n<div id=\"attachment_17177\" style=\"width: 710px\" class=\"wp-caption alignnone\"><img loading=\"lazy\" decoding=\"async\" aria-describedby=\"caption-attachment-17177\" data-attachment-id=\"17177\" data-permalink=\"https:\/\/blog.erm.ee\/?attachment_id=17177#main\" data-orig-file=\"https:\/\/blog.erm.ee\/wp-content\/uploads\/2025\/04\/1521_62.jpg\" data-orig-size=\"1600,1088\" data-comments-opened=\"1\" data-image-meta=\"{&quot;aperture&quot;:&quot;10&quot;,&quot;credit&quot;:&quot;&quot;,&quot;camera&quot;:&quot;NIKON D850&quot;,&quot;caption&quot;:&quot;&quot;,&quot;created_timestamp&quot;:&quot;1744265924&quot;,&quot;copyright&quot;:&quot;&quot;,&quot;focal_length&quot;:&quot;105&quot;,&quot;iso&quot;:&quot;100&quot;,&quot;shutter_speed&quot;:&quot;0.016666666666667&quot;,&quot;title&quot;:&quot;&quot;,&quot;orientation&quot;:&quot;1&quot;}\" data-image-title=\"1521_62\" data-image-description=\"\" data-image-caption=\"\" data-large-file=\"https:\/\/blog.erm.ee\/wp-content\/uploads\/2025\/04\/1521_62-1024x696.jpg\" class=\"wp-image-17177 size-large\" src=\"https:\/\/blog.erm.ee\/wp-content\/uploads\/2025\/04\/1521_62-1024x696.jpg\" alt=\"\" width=\"700\" height=\"476\" srcset=\"https:\/\/blog.erm.ee\/wp-content\/uploads\/2025\/04\/1521_62-1024x696.jpg 1024w, https:\/\/blog.erm.ee\/wp-content\/uploads\/2025\/04\/1521_62-300x204.jpg 300w, https:\/\/blog.erm.ee\/wp-content\/uploads\/2025\/04\/1521_62-382x260.jpg 382w, https:\/\/blog.erm.ee\/wp-content\/uploads\/2025\/04\/1521_62-768x522.jpg 768w, https:\/\/blog.erm.ee\/wp-content\/uploads\/2025\/04\/1521_62-1536x1044.jpg 1536w, https:\/\/blog.erm.ee\/wp-content\/uploads\/2025\/04\/1521_62.jpg 1600w\" sizes=\"auto, (max-width: 700px) 100vw, 700px\" \/><p id=\"caption-attachment-17177\" class=\"wp-caption-text\">1967. aasta muuseumi konverentsi bankett, k\u00fclalised peolauas. Foto: Vello Kutsar. ERM Fk 1521:62<\/p><\/div>\n<p><em>Kirjeldust\u00f5lge: Rikkalikult kaetud peolaua taga istuvad reas peo\u00fclikondades mehed ja naised, kes r\u00e4\u00e4givad omavahel v\u00f5i istuvad niisama.<\/em><\/p>\n<div id=\"attachment_17178\" style=\"width: 710px\" class=\"wp-caption alignnone\"><img loading=\"lazy\" decoding=\"async\" aria-describedby=\"caption-attachment-17178\" data-attachment-id=\"17178\" data-permalink=\"https:\/\/blog.erm.ee\/?attachment_id=17178#main\" data-orig-file=\"https:\/\/blog.erm.ee\/wp-content\/uploads\/2025\/04\/1521_59.jpg\" data-orig-size=\"1600,1123\" data-comments-opened=\"1\" data-image-meta=\"{&quot;aperture&quot;:&quot;10&quot;,&quot;credit&quot;:&quot;&quot;,&quot;camera&quot;:&quot;NIKON D850&quot;,&quot;caption&quot;:&quot;&quot;,&quot;created_timestamp&quot;:&quot;1744265878&quot;,&quot;copyright&quot;:&quot;&quot;,&quot;focal_length&quot;:&quot;105&quot;,&quot;iso&quot;:&quot;100&quot;,&quot;shutter_speed&quot;:&quot;0.016666666666667&quot;,&quot;title&quot;:&quot;&quot;,&quot;orientation&quot;:&quot;1&quot;}\" data-image-title=\"1521_59\" data-image-description=\"\" data-image-caption=\"\" data-large-file=\"https:\/\/blog.erm.ee\/wp-content\/uploads\/2025\/04\/1521_59-1024x719.jpg\" class=\"wp-image-17178 size-large\" src=\"https:\/\/blog.erm.ee\/wp-content\/uploads\/2025\/04\/1521_59-1024x719.jpg\" alt=\"\" width=\"700\" height=\"492\" srcset=\"https:\/\/blog.erm.ee\/wp-content\/uploads\/2025\/04\/1521_59-1024x719.jpg 1024w, https:\/\/blog.erm.ee\/wp-content\/uploads\/2025\/04\/1521_59-300x211.jpg 300w, https:\/\/blog.erm.ee\/wp-content\/uploads\/2025\/04\/1521_59-370x260.jpg 370w, https:\/\/blog.erm.ee\/wp-content\/uploads\/2025\/04\/1521_59-768x539.jpg 768w, https:\/\/blog.erm.ee\/wp-content\/uploads\/2025\/04\/1521_59-1536x1078.jpg 1536w, https:\/\/blog.erm.ee\/wp-content\/uploads\/2025\/04\/1521_59.jpg 1600w\" sizes=\"auto, (max-width: 700px) 100vw, 700px\" \/><p id=\"caption-attachment-17178\" class=\"wp-caption-text\">Konverentsipidu Tartu kunstikoolis. Foto: Vello Kutsar, 1967. ERM Fk 1521:59<\/p><\/div>\n<p><em>Kirjeldust\u00f5lge: \u00dches pikas reas istuvad peor\u00f5ivastes mehed ja naised, kes naeratavad ja paistavad \u00fcksteisega juttu vestvat. Naistel on silmatorkavalt s\u00e4titud soengud.<\/em><\/p>\n<div id=\"attachment_17179\" style=\"width: 710px\" class=\"wp-caption alignnone\"><img loading=\"lazy\" decoding=\"async\" aria-describedby=\"caption-attachment-17179\" data-attachment-id=\"17179\" data-permalink=\"https:\/\/blog.erm.ee\/?attachment_id=17179#main\" data-orig-file=\"https:\/\/blog.erm.ee\/wp-content\/uploads\/2025\/04\/1521_60.jpg\" data-orig-size=\"1600,1076\" data-comments-opened=\"1\" data-image-meta=\"{&quot;aperture&quot;:&quot;10&quot;,&quot;credit&quot;:&quot;&quot;,&quot;camera&quot;:&quot;NIKON D850&quot;,&quot;caption&quot;:&quot;&quot;,&quot;created_timestamp&quot;:&quot;1744265899&quot;,&quot;copyright&quot;:&quot;&quot;,&quot;focal_length&quot;:&quot;105&quot;,&quot;iso&quot;:&quot;100&quot;,&quot;shutter_speed&quot;:&quot;0.016666666666667&quot;,&quot;title&quot;:&quot;&quot;,&quot;orientation&quot;:&quot;1&quot;}\" data-image-title=\"1521_60\" data-image-description=\"\" data-image-caption=\"\" data-large-file=\"https:\/\/blog.erm.ee\/wp-content\/uploads\/2025\/04\/1521_60-1024x689.jpg\" class=\"wp-image-17179 size-large\" src=\"https:\/\/blog.erm.ee\/wp-content\/uploads\/2025\/04\/1521_60-1024x689.jpg\" alt=\"\" width=\"700\" height=\"471\" srcset=\"https:\/\/blog.erm.ee\/wp-content\/uploads\/2025\/04\/1521_60-1024x689.jpg 1024w, https:\/\/blog.erm.ee\/wp-content\/uploads\/2025\/04\/1521_60-300x202.jpg 300w, https:\/\/blog.erm.ee\/wp-content\/uploads\/2025\/04\/1521_60-387x260.jpg 387w, https:\/\/blog.erm.ee\/wp-content\/uploads\/2025\/04\/1521_60-768x516.jpg 768w, https:\/\/blog.erm.ee\/wp-content\/uploads\/2025\/04\/1521_60-1536x1033.jpg 1536w, https:\/\/blog.erm.ee\/wp-content\/uploads\/2025\/04\/1521_60.jpg 1600w\" sizes=\"auto, (max-width: 700px) 100vw, 700px\" \/><p id=\"caption-attachment-17179\" class=\"wp-caption-text\">Seltskonnam\u00e4ng 1967. aasta konverentsipeol. \u201eToolimarsi\u201c finaal. Foto: Vello Kutsar. ERM Fk 1521:60<\/p><\/div>\n<p><em>Kirjeldust\u00f5lge: Keset parkettp\u00f5randat \u00fcritavad kaks naist seltskonnam\u00e4ngu ajal \u00fchele toolile istuda. Pealtvaatajad on poolkaares nende \u00fcmber ning plaksutavad l\u00f5busalt kaasa.<\/em><\/p>\n<p>Kroonika \u00fctleb, et 1968. aasta konverents l\u00f5petati traditsioonilise banketiga autoremonditehase klubis ning et peolauas j\u00e4tkus konverents vabas vormis. Piltidelt paistab, et v\u00f5eti \u00fcles nii \u201e\u00d5llepruulija\u201c kui ka tollal populaarne jenka.<\/p>\n<div id=\"attachment_17180\" style=\"width: 710px\" class=\"wp-caption alignnone\"><img loading=\"lazy\" decoding=\"async\" aria-describedby=\"caption-attachment-17180\" data-attachment-id=\"17180\" data-permalink=\"https:\/\/blog.erm.ee\/?attachment_id=17180#main\" data-orig-file=\"https:\/\/blog.erm.ee\/wp-content\/uploads\/2025\/04\/1540_38.jpg\" data-orig-size=\"1600,1168\" data-comments-opened=\"1\" data-image-meta=\"{&quot;aperture&quot;:&quot;10&quot;,&quot;credit&quot;:&quot;&quot;,&quot;camera&quot;:&quot;NIKON D850&quot;,&quot;caption&quot;:&quot;&quot;,&quot;created_timestamp&quot;:&quot;1744265950&quot;,&quot;copyright&quot;:&quot;&quot;,&quot;focal_length&quot;:&quot;105&quot;,&quot;iso&quot;:&quot;100&quot;,&quot;shutter_speed&quot;:&quot;0.016666666666667&quot;,&quot;title&quot;:&quot;&quot;,&quot;orientation&quot;:&quot;1&quot;}\" data-image-title=\"1540_38\" data-image-description=\"\" data-image-caption=\"\" data-large-file=\"https:\/\/blog.erm.ee\/wp-content\/uploads\/2025\/04\/1540_38-1024x748.jpg\" class=\"wp-image-17180 size-large\" src=\"https:\/\/blog.erm.ee\/wp-content\/uploads\/2025\/04\/1540_38-1024x748.jpg\" alt=\"\" width=\"700\" height=\"511\" srcset=\"https:\/\/blog.erm.ee\/wp-content\/uploads\/2025\/04\/1540_38-1024x748.jpg 1024w, https:\/\/blog.erm.ee\/wp-content\/uploads\/2025\/04\/1540_38-300x219.jpg 300w, https:\/\/blog.erm.ee\/wp-content\/uploads\/2025\/04\/1540_38-356x260.jpg 356w, https:\/\/blog.erm.ee\/wp-content\/uploads\/2025\/04\/1540_38-768x561.jpg 768w, https:\/\/blog.erm.ee\/wp-content\/uploads\/2025\/04\/1540_38-1536x1121.jpg 1536w, https:\/\/blog.erm.ee\/wp-content\/uploads\/2025\/04\/1540_38.jpg 1600w\" sizes=\"auto, (max-width: 700px) 100vw, 700px\" \/><p id=\"caption-attachment-17180\" class=\"wp-caption-text\">ERMi teadusliku sessiooni puhul korraldatud koosviibimine. Foto: Vello Kutsar, 1968. ERM Fk 1540:38<\/p><\/div>\n<p><em>Kirjeldust\u00f5lge: Fotol on mitu laudkonda, kes seisavad kaetud laudade \u00fcmber p\u00fcsti, mitmed inimesed hoiavad omavahel k\u00e4test.\u00a0<\/em><\/p>\n<div id=\"attachment_17181\" style=\"width: 710px\" class=\"wp-caption alignnone\"><img loading=\"lazy\" decoding=\"async\" aria-describedby=\"caption-attachment-17181\" data-attachment-id=\"17181\" data-permalink=\"https:\/\/blog.erm.ee\/?attachment_id=17181#main\" data-orig-file=\"https:\/\/blog.erm.ee\/wp-content\/uploads\/2025\/04\/1540_39.jpg\" data-orig-size=\"1600,1187\" data-comments-opened=\"1\" data-image-meta=\"{&quot;aperture&quot;:&quot;10&quot;,&quot;credit&quot;:&quot;&quot;,&quot;camera&quot;:&quot;NIKON D850&quot;,&quot;caption&quot;:&quot;&quot;,&quot;created_timestamp&quot;:&quot;1744265967&quot;,&quot;copyright&quot;:&quot;&quot;,&quot;focal_length&quot;:&quot;105&quot;,&quot;iso&quot;:&quot;100&quot;,&quot;shutter_speed&quot;:&quot;0.016666666666667&quot;,&quot;title&quot;:&quot;&quot;,&quot;orientation&quot;:&quot;1&quot;}\" data-image-title=\"1540_39\" data-image-description=\"\" data-image-caption=\"\" data-large-file=\"https:\/\/blog.erm.ee\/wp-content\/uploads\/2025\/04\/1540_39-1024x760.jpg\" class=\"wp-image-17181 size-large\" src=\"https:\/\/blog.erm.ee\/wp-content\/uploads\/2025\/04\/1540_39-1024x760.jpg\" alt=\"\" width=\"700\" height=\"520\" srcset=\"https:\/\/blog.erm.ee\/wp-content\/uploads\/2025\/04\/1540_39-1024x760.jpg 1024w, https:\/\/blog.erm.ee\/wp-content\/uploads\/2025\/04\/1540_39-300x223.jpg 300w, https:\/\/blog.erm.ee\/wp-content\/uploads\/2025\/04\/1540_39-350x260.jpg 350w, https:\/\/blog.erm.ee\/wp-content\/uploads\/2025\/04\/1540_39-768x570.jpg 768w, https:\/\/blog.erm.ee\/wp-content\/uploads\/2025\/04\/1540_39-1536x1140.jpg 1536w, https:\/\/blog.erm.ee\/wp-content\/uploads\/2025\/04\/1540_39.jpg 1600w\" sizes=\"auto, (max-width: 700px) 100vw, 700px\" \/><p id=\"caption-attachment-17181\" class=\"wp-caption-text\">Jenka 1968. aasta konverentsipeol. Foto: Vello Kutsar. ERM Fk 1540:39<\/p><\/div>\n<p><em>Kirjeldust\u00f5lge: Fotol tantsib suur hulk inimesi jenkat, liigutakse rivis, tagumised toetavad k\u00e4ed eesmiste \u00f5lgadele v\u00f5i puusadele.<\/em><\/p>\n<p>Muuseumi 60. aastap\u00e4eval toimunud teadusliku konverentsi p\u00f5hiteemaks olid Baltimaade ajaloolis-etnograafilise atlase koostamise probleemid ja k\u00fclalisi saabus paljudest liiduvabariikidest. Konverentsi 19 ettekannet olid jagatud kolmele p\u00e4evale ning l\u00f5petati traditsioonilise banketiga \u00fclikooli s\u00f6\u00f6klas.<\/p>\n<div id=\"attachment_17182\" style=\"width: 710px\" class=\"wp-caption alignnone\"><img loading=\"lazy\" decoding=\"async\" aria-describedby=\"caption-attachment-17182\" data-attachment-id=\"17182\" data-permalink=\"https:\/\/blog.erm.ee\/?attachment_id=17182#main\" data-orig-file=\"https:\/\/blog.erm.ee\/wp-content\/uploads\/2025\/04\/1571_34.jpg\" data-orig-size=\"1600,1103\" data-comments-opened=\"1\" data-image-meta=\"{&quot;aperture&quot;:&quot;10&quot;,&quot;credit&quot;:&quot;&quot;,&quot;camera&quot;:&quot;NIKON D850&quot;,&quot;caption&quot;:&quot;&quot;,&quot;created_timestamp&quot;:&quot;1744266000&quot;,&quot;copyright&quot;:&quot;&quot;,&quot;focal_length&quot;:&quot;105&quot;,&quot;iso&quot;:&quot;100&quot;,&quot;shutter_speed&quot;:&quot;0.016666666666667&quot;,&quot;title&quot;:&quot;&quot;,&quot;orientation&quot;:&quot;1&quot;}\" data-image-title=\"1571_34\" data-image-description=\"\" data-image-caption=\"\" data-large-file=\"https:\/\/blog.erm.ee\/wp-content\/uploads\/2025\/04\/1571_34-1024x706.jpg\" class=\"wp-image-17182 size-large\" src=\"https:\/\/blog.erm.ee\/wp-content\/uploads\/2025\/04\/1571_34-1024x706.jpg\" alt=\"\" width=\"700\" height=\"483\" srcset=\"https:\/\/blog.erm.ee\/wp-content\/uploads\/2025\/04\/1571_34-1024x706.jpg 1024w, https:\/\/blog.erm.ee\/wp-content\/uploads\/2025\/04\/1571_34-300x207.jpg 300w, https:\/\/blog.erm.ee\/wp-content\/uploads\/2025\/04\/1571_34-377x260.jpg 377w, https:\/\/blog.erm.ee\/wp-content\/uploads\/2025\/04\/1571_34-768x529.jpg 768w, https:\/\/blog.erm.ee\/wp-content\/uploads\/2025\/04\/1571_34-1536x1059.jpg 1536w, https:\/\/blog.erm.ee\/wp-content\/uploads\/2025\/04\/1571_34.jpg 1600w\" sizes=\"auto, (max-width: 700px) 100vw, 700px\" \/><p id=\"caption-attachment-17182\" class=\"wp-caption-text\">K\u00fclalised peolauas, esiplaanil Tiina V\u00f5ti, Elvi R\u00e4sta. Foto: Vello Kutsar, 1969. ERM Fk 1571:34<\/p><\/div>\n<p><em>Kirjeldust\u00f5lge: Fotol istub suur hulk inimesi L-kujulise pika kaetud laua taga ning vestleb omavahel.<\/em><\/p>\n<div id=\"attachment_17183\" style=\"width: 710px\" class=\"wp-caption alignnone\"><img loading=\"lazy\" decoding=\"async\" aria-describedby=\"caption-attachment-17183\" data-attachment-id=\"17183\" data-permalink=\"https:\/\/blog.erm.ee\/?attachment_id=17183#main\" data-orig-file=\"https:\/\/blog.erm.ee\/wp-content\/uploads\/2025\/04\/1571_39.jpg\" data-orig-size=\"1600,1099\" data-comments-opened=\"1\" data-image-meta=\"{&quot;aperture&quot;:&quot;10&quot;,&quot;credit&quot;:&quot;&quot;,&quot;camera&quot;:&quot;NIKON D850&quot;,&quot;caption&quot;:&quot;&quot;,&quot;created_timestamp&quot;:&quot;1744266017&quot;,&quot;copyright&quot;:&quot;&quot;,&quot;focal_length&quot;:&quot;105&quot;,&quot;iso&quot;:&quot;100&quot;,&quot;shutter_speed&quot;:&quot;0.016666666666667&quot;,&quot;title&quot;:&quot;&quot;,&quot;orientation&quot;:&quot;1&quot;}\" data-image-title=\"1571_39\" data-image-description=\"\" data-image-caption=\"\" data-large-file=\"https:\/\/blog.erm.ee\/wp-content\/uploads\/2025\/04\/1571_39-1024x703.jpg\" class=\"wp-image-17183 size-large\" src=\"https:\/\/blog.erm.ee\/wp-content\/uploads\/2025\/04\/1571_39-1024x703.jpg\" alt=\"\" width=\"700\" height=\"481\" srcset=\"https:\/\/blog.erm.ee\/wp-content\/uploads\/2025\/04\/1571_39-1024x703.jpg 1024w, https:\/\/blog.erm.ee\/wp-content\/uploads\/2025\/04\/1571_39-300x206.jpg 300w, https:\/\/blog.erm.ee\/wp-content\/uploads\/2025\/04\/1571_39-379x260.jpg 379w, https:\/\/blog.erm.ee\/wp-content\/uploads\/2025\/04\/1571_39-768x528.jpg 768w, https:\/\/blog.erm.ee\/wp-content\/uploads\/2025\/04\/1571_39-1536x1055.jpg 1536w, https:\/\/blog.erm.ee\/wp-content\/uploads\/2025\/04\/1571_39.jpg 1600w\" sizes=\"auto, (max-width: 700px) 100vw, 700px\" \/><p id=\"caption-attachment-17183\" class=\"wp-caption-text\">60. s\u00fcnnip\u00e4eva t\u00e4histamine, peolauas Ellen Karu, Vsevolod Naulko Kiievist, Elle Kuigo, Heinrich Veromann jt. Foto: Vello Kutsar, 1969. ERM Fk 1571:39<\/p><\/div>\n<p><em>Kirjeldust\u00f5lge: Fotol istuvad mehed ja naised l\u00e4bisegi naeratades pika laua taga, paar inimest suitsetab sigaretti.<\/em><\/p>\n<p>N\u00fc\u00fcd j\u00e4tame 10 aastat vahele ja vaatame, kuidas t\u00e4histati muuseumi 70. s\u00fcnnip\u00e4eva. Muuseumi \u00f5nnitleti juubeli puhul lillekorvide ja kingitustega. P\u00e4evane aktus ja konverents toimusid Tartu raudteelaste klubis \u2013 sellessamas majas, kus aastatel 1994\u20132016 oli Eesti Rahva Muuseumi n\u00e4itusemaja. \u00d5htune koosviibimine peeti \u00fclikooli kohvikus.<\/p>\n<div id=\"attachment_17184\" style=\"width: 710px\" class=\"wp-caption alignnone\"><img loading=\"lazy\" decoding=\"async\" aria-describedby=\"caption-attachment-17184\" data-attachment-id=\"17184\" data-permalink=\"https:\/\/blog.erm.ee\/?attachment_id=17184#main\" data-orig-file=\"https:\/\/blog.erm.ee\/wp-content\/uploads\/2025\/04\/1902_15.jpg\" data-orig-size=\"1600,1172\" data-comments-opened=\"1\" data-image-meta=\"{&quot;aperture&quot;:&quot;10&quot;,&quot;credit&quot;:&quot;&quot;,&quot;camera&quot;:&quot;NIKON D850&quot;,&quot;caption&quot;:&quot;&quot;,&quot;created_timestamp&quot;:&quot;1744266043&quot;,&quot;copyright&quot;:&quot;&quot;,&quot;focal_length&quot;:&quot;105&quot;,&quot;iso&quot;:&quot;100&quot;,&quot;shutter_speed&quot;:&quot;0.016666666666667&quot;,&quot;title&quot;:&quot;&quot;,&quot;orientation&quot;:&quot;1&quot;}\" data-image-title=\"1902_15\" data-image-description=\"\" data-image-caption=\"\" data-large-file=\"https:\/\/blog.erm.ee\/wp-content\/uploads\/2025\/04\/1902_15-1024x750.jpg\" class=\"wp-image-17184 size-large\" src=\"https:\/\/blog.erm.ee\/wp-content\/uploads\/2025\/04\/1902_15-1024x750.jpg\" alt=\"\" width=\"700\" height=\"513\" srcset=\"https:\/\/blog.erm.ee\/wp-content\/uploads\/2025\/04\/1902_15-1024x750.jpg 1024w, https:\/\/blog.erm.ee\/wp-content\/uploads\/2025\/04\/1902_15-300x220.jpg 300w, https:\/\/blog.erm.ee\/wp-content\/uploads\/2025\/04\/1902_15-355x260.jpg 355w, https:\/\/blog.erm.ee\/wp-content\/uploads\/2025\/04\/1902_15-768x563.jpg 768w, https:\/\/blog.erm.ee\/wp-content\/uploads\/2025\/04\/1902_15-1536x1125.jpg 1536w, https:\/\/blog.erm.ee\/wp-content\/uploads\/2025\/04\/1902_15.jpg 1600w\" sizes=\"auto, (max-width: 700px) 100vw, 700px\" \/><p id=\"caption-attachment-17184\" class=\"wp-caption-text\">Konverentsi presiidiumilaua taga vasakult: direktor Aleksei Peterson, teadussekret\u00e4r Kalju Konsin ja Arno Almann EKP Tartu linnakomiteest. Foto: Priit H\u00e4rmas, 1979. ERM Fk 1902:15<\/p><\/div>\n<p><em>Kirjeldust\u00f5lge: Presiidiumilaua ees on palju lillebukette, laua taga kolm meest. Kaks meest seisab p\u00fcsti, \u00fcks neist k\u00f5neleb. Meeste seljataga on suur \u00fcmmargune silt, millel seisab &#8220;Etnograafiamuuseum 70&#8221;.<\/em><\/p>\n<div id=\"attachment_17185\" style=\"width: 710px\" class=\"wp-caption alignnone\"><img loading=\"lazy\" decoding=\"async\" aria-describedby=\"caption-attachment-17185\" data-attachment-id=\"17185\" data-permalink=\"https:\/\/blog.erm.ee\/?attachment_id=17185#main\" data-orig-file=\"https:\/\/blog.erm.ee\/wp-content\/uploads\/2025\/04\/1902_124.jpg\" data-orig-size=\"1600,1037\" data-comments-opened=\"1\" data-image-meta=\"{&quot;aperture&quot;:&quot;10&quot;,&quot;credit&quot;:&quot;&quot;,&quot;camera&quot;:&quot;NIKON D850&quot;,&quot;caption&quot;:&quot;&quot;,&quot;created_timestamp&quot;:&quot;1744266082&quot;,&quot;copyright&quot;:&quot;&quot;,&quot;focal_length&quot;:&quot;105&quot;,&quot;iso&quot;:&quot;100&quot;,&quot;shutter_speed&quot;:&quot;0.016666666666667&quot;,&quot;title&quot;:&quot;&quot;,&quot;orientation&quot;:&quot;1&quot;}\" data-image-title=\"1902_124\" data-image-description=\"\" data-image-caption=\"\" data-large-file=\"https:\/\/blog.erm.ee\/wp-content\/uploads\/2025\/04\/1902_124-1024x664.jpg\" class=\"wp-image-17185 size-large\" src=\"https:\/\/blog.erm.ee\/wp-content\/uploads\/2025\/04\/1902_124-1024x664.jpg\" alt=\"\" width=\"700\" height=\"454\" srcset=\"https:\/\/blog.erm.ee\/wp-content\/uploads\/2025\/04\/1902_124-1024x664.jpg 1024w, https:\/\/blog.erm.ee\/wp-content\/uploads\/2025\/04\/1902_124-300x194.jpg 300w, https:\/\/blog.erm.ee\/wp-content\/uploads\/2025\/04\/1902_124-401x260.jpg 401w, https:\/\/blog.erm.ee\/wp-content\/uploads\/2025\/04\/1902_124-768x498.jpg 768w, https:\/\/blog.erm.ee\/wp-content\/uploads\/2025\/04\/1902_124-1536x996.jpg 1536w, https:\/\/blog.erm.ee\/wp-content\/uploads\/2025\/04\/1902_124.jpg 1600w\" sizes=\"auto, (max-width: 700px) 100vw, 700px\" \/><p id=\"caption-attachment-17185\" class=\"wp-caption-text\">ERMi juubelikonverentsi k\u00fclalised peolaua \u00e4\u00e4res \u00fclikooli kohvikus. Foto: J\u00fcri Karm, 1979. ERM Fk 1902:124<\/p><\/div>\n<p><em>Kirjeldust\u00f5lge: Laia kaetud peolaua \u00fcmber seisab suur hulk inimesi, kes s\u00f6\u00f6vad, joovad v\u00f5i r\u00e4\u00e4givad omavahel juttu.<\/em><\/p>\n<p>Suurem juubelit\u00e4histamine oli siis, kui muuseumi asutamisest t\u00e4itus 75 aastat. Avati kolm juubelin\u00e4itust: \u201eEtnograafiamuuseum 75\u201c muuseumi ruumes, \u201eEesti rahvakunst\u201c Tartu kunstimuuseumis ja \u201eEesti rahvakunst\u201c Tallinna kunstihoones. Piduliku s\u00fcndmuse puhuks \u00f5mmeldi muuseumi naist\u00f6\u00f6tajatele kaapotkleidid. Aktus ja konverents toimusid Vanemuise kontserdimajas \u00f5igest s\u00fcnnip\u00e4evast n\u00e4dalap\u00e4evad hiljem, ent muuseumi kollektiiv t\u00e4histas omakeskis siiski juba 14. aprillil kiirete ettevalmistuste ajal muuseumi s\u00fcnnip\u00e4eva. Suurel juubelipeol osales 341 k\u00fclalist.<\/p>\n<div id=\"attachment_17186\" style=\"width: 710px\" class=\"wp-caption alignnone\"><img loading=\"lazy\" decoding=\"async\" aria-describedby=\"caption-attachment-17186\" data-attachment-id=\"17186\" data-permalink=\"https:\/\/blog.erm.ee\/?attachment_id=17186#main\" data-orig-file=\"https:\/\/blog.erm.ee\/wp-content\/uploads\/2025\/04\/2061_29.jpg\" data-orig-size=\"1600,1134\" data-comments-opened=\"1\" data-image-meta=\"{&quot;aperture&quot;:&quot;10&quot;,&quot;credit&quot;:&quot;&quot;,&quot;camera&quot;:&quot;NIKON D850&quot;,&quot;caption&quot;:&quot;&quot;,&quot;created_timestamp&quot;:&quot;1744266111&quot;,&quot;copyright&quot;:&quot;&quot;,&quot;focal_length&quot;:&quot;105&quot;,&quot;iso&quot;:&quot;100&quot;,&quot;shutter_speed&quot;:&quot;0.016666666666667&quot;,&quot;title&quot;:&quot;&quot;,&quot;orientation&quot;:&quot;1&quot;}\" data-image-title=\"2061_29\" data-image-description=\"\" data-image-caption=\"\" data-large-file=\"https:\/\/blog.erm.ee\/wp-content\/uploads\/2025\/04\/2061_29-1024x726.jpg\" class=\"wp-image-17186 size-large\" src=\"https:\/\/blog.erm.ee\/wp-content\/uploads\/2025\/04\/2061_29-1024x726.jpg\" alt=\"\" width=\"700\" height=\"496\" srcset=\"https:\/\/blog.erm.ee\/wp-content\/uploads\/2025\/04\/2061_29-1024x726.jpg 1024w, https:\/\/blog.erm.ee\/wp-content\/uploads\/2025\/04\/2061_29-300x213.jpg 300w, https:\/\/blog.erm.ee\/wp-content\/uploads\/2025\/04\/2061_29-367x260.jpg 367w, https:\/\/blog.erm.ee\/wp-content\/uploads\/2025\/04\/2061_29-768x544.jpg 768w, https:\/\/blog.erm.ee\/wp-content\/uploads\/2025\/04\/2061_29-1536x1089.jpg 1536w, https:\/\/blog.erm.ee\/wp-content\/uploads\/2025\/04\/2061_29.jpg 1600w\" sizes=\"auto, (max-width: 700px) 100vw, 700px\" \/><p id=\"caption-attachment-17186\" class=\"wp-caption-text\">Muuseumi t\u00f6\u00f6tajad koosviibimisel 14. aprillil 1984 t\u00e4histamaks muuseumi 75. s\u00fcnnip\u00e4eva. Vasakult: vanemteadur Reet Piiri, sekret\u00e4r Karin Kurvits, teadusdirektor Henn K\u00e4\u00e4rik, vanemteadur Kadri Tammur, rahvakunsti osakonna juhataja Vaike Reemann, vanemteadur Maaja V\u00e4rva. Foto: Aldo Luud, 1984. ERM Fk 2061:29<\/p><\/div>\n<p><em>Kirjeldust\u00f5lge: Laua taga istub seitse inimest, kes vaatavad m\u00f5tlikel ilmeil ringi. Laual on paar v\u00e4ikest torti ning joogiklaasid.\u00a0<\/em><\/p>\n<div id=\"attachment_17187\" style=\"width: 710px\" class=\"wp-caption alignnone\"><img loading=\"lazy\" decoding=\"async\" aria-describedby=\"caption-attachment-17187\" data-attachment-id=\"17187\" data-permalink=\"https:\/\/blog.erm.ee\/?attachment_id=17187#main\" data-orig-file=\"https:\/\/blog.erm.ee\/wp-content\/uploads\/2025\/04\/2090_10.jpg\" data-orig-size=\"1600,1100\" data-comments-opened=\"1\" data-image-meta=\"{&quot;aperture&quot;:&quot;10&quot;,&quot;credit&quot;:&quot;&quot;,&quot;camera&quot;:&quot;NIKON D850&quot;,&quot;caption&quot;:&quot;&quot;,&quot;created_timestamp&quot;:&quot;1744266144&quot;,&quot;copyright&quot;:&quot;&quot;,&quot;focal_length&quot;:&quot;105&quot;,&quot;iso&quot;:&quot;100&quot;,&quot;shutter_speed&quot;:&quot;0.016666666666667&quot;,&quot;title&quot;:&quot;&quot;,&quot;orientation&quot;:&quot;1&quot;}\" data-image-title=\"2090_10\" data-image-description=\"\" data-image-caption=\"\" data-large-file=\"https:\/\/blog.erm.ee\/wp-content\/uploads\/2025\/04\/2090_10-1024x704.jpg\" class=\"wp-image-17187 size-large\" src=\"https:\/\/blog.erm.ee\/wp-content\/uploads\/2025\/04\/2090_10-1024x704.jpg\" alt=\"\" width=\"700\" height=\"481\" srcset=\"https:\/\/blog.erm.ee\/wp-content\/uploads\/2025\/04\/2090_10-1024x704.jpg 1024w, https:\/\/blog.erm.ee\/wp-content\/uploads\/2025\/04\/2090_10-300x206.jpg 300w, https:\/\/blog.erm.ee\/wp-content\/uploads\/2025\/04\/2090_10-378x260.jpg 378w, https:\/\/blog.erm.ee\/wp-content\/uploads\/2025\/04\/2090_10-768x528.jpg 768w, https:\/\/blog.erm.ee\/wp-content\/uploads\/2025\/04\/2090_10-1536x1056.jpg 1536w, https:\/\/blog.erm.ee\/wp-content\/uploads\/2025\/04\/2090_10.jpg 1600w\" sizes=\"auto, (max-width: 700px) 100vw, 700px\" \/><p id=\"caption-attachment-17187\" class=\"wp-caption-text\">Muuseumi t\u00f6\u00f6tajad kaapotkleitides. Seisavad Viivi M\u00e4nniksaar, Piret \u00d5unapuu, Reet Piiri. Istuvad: Eevi Astel, Ene Alttoa, Epp Kangur, Ene P\u00f5rvet, Vaike Reemann ja Virve Tuubel. Foto: J\u00fcri Karm, 1984. ERM Fk 2090:10<\/p><\/div>\n<p><em>Kirjeldust\u00f5lge: Ruudulistes kleitides naisterahvad istuvad ja vestlevad l\u00f5busate n\u00e4gudega, tagaplaanil kolm naist ka seismas.<\/em><\/p>\n<p>Muuseumi 85. s\u00fcnnip\u00e4eva t\u00e4histati \u00f5igest p\u00e4evast kuu aega hiljem. Aktus toimus \u00fclikooli aulas, avati ERMi n\u00e4itusemaja p\u00fcsin\u00e4itusega \u201eEesti. Maa, rahvas, kultuur\u201c, \u00f5htune pidu toimus k\u00f5rval asuvas Eesti \u00dcli\u00f5pilaste Seltsi majas.<\/p>\n<div id=\"attachment_17188\" style=\"width: 710px\" class=\"wp-caption alignnone\"><img loading=\"lazy\" decoding=\"async\" aria-describedby=\"caption-attachment-17188\" data-attachment-id=\"17188\" data-permalink=\"https:\/\/blog.erm.ee\/?attachment_id=17188#main\" data-orig-file=\"https:\/\/blog.erm.ee\/wp-content\/uploads\/2025\/04\/2505_33.jpg\" data-orig-size=\"1600,1236\" data-comments-opened=\"1\" data-image-meta=\"{&quot;aperture&quot;:&quot;10&quot;,&quot;credit&quot;:&quot;&quot;,&quot;camera&quot;:&quot;NIKON D850&quot;,&quot;caption&quot;:&quot;&quot;,&quot;created_timestamp&quot;:&quot;1744266183&quot;,&quot;copyright&quot;:&quot;&quot;,&quot;focal_length&quot;:&quot;105&quot;,&quot;iso&quot;:&quot;100&quot;,&quot;shutter_speed&quot;:&quot;0.016666666666667&quot;,&quot;title&quot;:&quot;&quot;,&quot;orientation&quot;:&quot;1&quot;}\" data-image-title=\"2505_33\" data-image-description=\"\" data-image-caption=\"\" data-large-file=\"https:\/\/blog.erm.ee\/wp-content\/uploads\/2025\/04\/2505_33-1024x791.jpg\" class=\"wp-image-17188 size-large\" src=\"https:\/\/blog.erm.ee\/wp-content\/uploads\/2025\/04\/2505_33-1024x791.jpg\" alt=\"\" width=\"700\" height=\"541\" srcset=\"https:\/\/blog.erm.ee\/wp-content\/uploads\/2025\/04\/2505_33-1024x791.jpg 1024w, https:\/\/blog.erm.ee\/wp-content\/uploads\/2025\/04\/2505_33-300x232.jpg 300w, https:\/\/blog.erm.ee\/wp-content\/uploads\/2025\/04\/2505_33-337x260.jpg 337w, https:\/\/blog.erm.ee\/wp-content\/uploads\/2025\/04\/2505_33-768x593.jpg 768w, https:\/\/blog.erm.ee\/wp-content\/uploads\/2025\/04\/2505_33-1536x1187.jpg 1536w, https:\/\/blog.erm.ee\/wp-content\/uploads\/2025\/04\/2505_33.jpg 1600w\" sizes=\"auto, (max-width: 700px) 100vw, 700px\" \/><p id=\"caption-attachment-17188\" class=\"wp-caption-text\">President Lennart Meri esitab t\u00e4psustavaid k\u00fcsimusi p\u00fcsin\u00e4ituse koostajale Vaike Reemannile. Foto: Arp Karm, 1994. ERM Fk 2505:33<\/p><\/div>\n<p><em>Kirjeldust\u00f5lge: Vanem meesterahvas seletab ja osutab millelegi, mis fotolt ei paista. Teda \u00fcmbritsevad mehed ja naised, kes vaatavad osutatud suunas.\u00a0<\/em><\/p>\n<div id=\"attachment_17189\" style=\"width: 710px\" class=\"wp-caption alignnone\"><img loading=\"lazy\" decoding=\"async\" aria-describedby=\"caption-attachment-17189\" data-attachment-id=\"17189\" data-permalink=\"https:\/\/blog.erm.ee\/?attachment_id=17189#main\" data-orig-file=\"https:\/\/blog.erm.ee\/wp-content\/uploads\/2025\/04\/2505_40.jpg\" data-orig-size=\"1600,1246\" data-comments-opened=\"1\" data-image-meta=\"{&quot;aperture&quot;:&quot;10&quot;,&quot;credit&quot;:&quot;&quot;,&quot;camera&quot;:&quot;NIKON D850&quot;,&quot;caption&quot;:&quot;&quot;,&quot;created_timestamp&quot;:&quot;1744266200&quot;,&quot;copyright&quot;:&quot;&quot;,&quot;focal_length&quot;:&quot;105&quot;,&quot;iso&quot;:&quot;100&quot;,&quot;shutter_speed&quot;:&quot;0.016666666666667&quot;,&quot;title&quot;:&quot;&quot;,&quot;orientation&quot;:&quot;1&quot;}\" data-image-title=\"2505_40\" data-image-description=\"\" data-image-caption=\"\" data-large-file=\"https:\/\/blog.erm.ee\/wp-content\/uploads\/2025\/04\/2505_40-1024x797.jpg\" class=\"wp-image-17189 size-large\" src=\"https:\/\/blog.erm.ee\/wp-content\/uploads\/2025\/04\/2505_40-1024x797.jpg\" alt=\"\" width=\"700\" height=\"545\" srcset=\"https:\/\/blog.erm.ee\/wp-content\/uploads\/2025\/04\/2505_40-1024x797.jpg 1024w, https:\/\/blog.erm.ee\/wp-content\/uploads\/2025\/04\/2505_40-300x234.jpg 300w, https:\/\/blog.erm.ee\/wp-content\/uploads\/2025\/04\/2505_40-334x260.jpg 334w, https:\/\/blog.erm.ee\/wp-content\/uploads\/2025\/04\/2505_40-768x598.jpg 768w, https:\/\/blog.erm.ee\/wp-content\/uploads\/2025\/04\/2505_40-1536x1196.jpg 1536w, https:\/\/blog.erm.ee\/wp-content\/uploads\/2025\/04\/2505_40.jpg 1600w\" sizes=\"auto, (max-width: 700px) 100vw, 700px\" \/><p id=\"caption-attachment-17189\" class=\"wp-caption-text\">S\u00fcnnip\u00e4evapidu Eesti \u00dcli\u00f5pilaste Seltsi saalis. ERM Fk 2505:40<\/p><\/div>\n<p><em>Kirjeldust\u00f5lge: suures saalis on esiplaanil noor mees \u00fclikonnas, kes justkui peaks k\u00f5net. Saali keskel on peolaud jookide ja pokaalidega. Lauast tahapoole j\u00e4\u00e4b hulk inimesi, kes paistavad k\u00f5ne kuulavat. <\/em><\/p>\n<p>ERMi 100. s\u00fcnnip\u00e4evaks tehti ettevalmistusi pikalt ning programm oli tihe. S\u00fcnnip\u00e4eva hommikul toimus ERMi postimuuseumis ERMi juubelimargi esitlus, l\u00f5unal aktus \u00fclikooli aulas, p\u00e4rastl\u00f5unal kihelkonnapiiride t\u00e4histamine, \u00f5nnitluste vastuv\u00f5tt ERMi n\u00e4itusemajas ning \u00f5htul pidu Vanemuise kontserdimajas. Korraldati suur aktsioon \u201eKingi muuseumile p\u00e4ev oma elust\u201c, kus paluti kirjeldada oma p\u00e4eva tegemisi, \u00fcksk\u00f5ik kui argised v\u00f5i pidulikud need olid \u2013 neid lugusid tuli muuseumisse \u00fcle 400. Muidugi toimus eelmisel p\u00e4eval muuseumis konverents, j\u00e4rgmisel p\u00e4eval esitleti Eesti Pangalt tellitud ERMi kodarraha, avati n\u00e4itus \u201eRahva muuseum. ERM 100\u201c ning tutvustati juubelitr\u00fckiseid.<\/p>\n<div id=\"attachment_17190\" style=\"width: 710px\" class=\"wp-caption alignnone\"><img loading=\"lazy\" decoding=\"async\" aria-describedby=\"caption-attachment-17190\" data-attachment-id=\"17190\" data-permalink=\"https:\/\/blog.erm.ee\/?attachment_id=17190#main\" data-orig-file=\"https:\/\/blog.erm.ee\/wp-content\/uploads\/2025\/04\/301577_ERM_Fk2928_83_301577.jpg\" data-orig-size=\"1600,1071\" data-comments-opened=\"1\" data-image-meta=\"{&quot;aperture&quot;:&quot;9&quot;,&quot;credit&quot;:&quot;&quot;,&quot;camera&quot;:&quot;NIKON D200&quot;,&quot;caption&quot;:&quot;&quot;,&quot;created_timestamp&quot;:&quot;1239714407&quot;,&quot;copyright&quot;:&quot;Merylin Suve&quot;,&quot;focal_length&quot;:&quot;130&quot;,&quot;iso&quot;:&quot;400&quot;,&quot;shutter_speed&quot;:&quot;0.033333333333333&quot;,&quot;title&quot;:&quot;&quot;,&quot;orientation&quot;:&quot;1&quot;}\" data-image-title=\"301577_ERM_Fk2928_83_301577\" data-image-description=\"\" data-image-caption=\"\" data-large-file=\"https:\/\/blog.erm.ee\/wp-content\/uploads\/2025\/04\/301577_ERM_Fk2928_83_301577-1024x685.jpg\" class=\"wp-image-17190 size-large\" src=\"https:\/\/blog.erm.ee\/wp-content\/uploads\/2025\/04\/301577_ERM_Fk2928_83_301577-1024x685.jpg\" alt=\"\" width=\"700\" height=\"468\" srcset=\"https:\/\/blog.erm.ee\/wp-content\/uploads\/2025\/04\/301577_ERM_Fk2928_83_301577-1024x685.jpg 1024w, https:\/\/blog.erm.ee\/wp-content\/uploads\/2025\/04\/301577_ERM_Fk2928_83_301577-300x201.jpg 300w, https:\/\/blog.erm.ee\/wp-content\/uploads\/2025\/04\/301577_ERM_Fk2928_83_301577-388x260.jpg 388w, https:\/\/blog.erm.ee\/wp-content\/uploads\/2025\/04\/301577_ERM_Fk2928_83_301577-768x514.jpg 768w, https:\/\/blog.erm.ee\/wp-content\/uploads\/2025\/04\/301577_ERM_Fk2928_83_301577-1536x1028.jpg 1536w, https:\/\/blog.erm.ee\/wp-content\/uploads\/2025\/04\/301577_ERM_Fk2928_83_301577.jpg 1600w\" sizes=\"auto, (max-width: 700px) 100vw, 700px\" \/><p id=\"caption-attachment-17190\" class=\"wp-caption-text\">ERMi 100. s\u00fcnnip\u00e4eva aktus T\u00dc aulas. President Toomas Hendrik Ilves, ERMi direktor Krista Aru, T\u00dc rektor Alar Karis, pr Sirje Karis. Foto: Arp Karm, 2009. ERM Fk 2928:83<\/p><\/div>\n<p><em>Kirjeldust\u00f5lge: fotol on pidulikult riietatud inimesed istumas aktusel, k\u00e4es kaustad, j\u00e4lgimas k\u00f5ne v\u00f5i tegevust, mis toimub kaadrist v\u00e4ljaspool.\u00a0<\/em><\/p>\n<div id=\"attachment_17191\" style=\"width: 710px\" class=\"wp-caption alignnone\"><img loading=\"lazy\" decoding=\"async\" aria-describedby=\"caption-attachment-17191\" data-attachment-id=\"17191\" data-permalink=\"https:\/\/blog.erm.ee\/?attachment_id=17191#main\" data-orig-file=\"https:\/\/blog.erm.ee\/wp-content\/uploads\/2025\/04\/301616_ERM_Fk2928_122_301616.jpg\" data-orig-size=\"1600,1071\" data-comments-opened=\"1\" data-image-meta=\"{&quot;aperture&quot;:&quot;13&quot;,&quot;credit&quot;:&quot;&quot;,&quot;camera&quot;:&quot;NIKON D200&quot;,&quot;caption&quot;:&quot;&quot;,&quot;created_timestamp&quot;:&quot;1239718957&quot;,&quot;copyright&quot;:&quot;Merylin Suve&quot;,&quot;focal_length&quot;:&quot;22&quot;,&quot;iso&quot;:&quot;400&quot;,&quot;shutter_speed&quot;:&quot;0.033333333333333&quot;,&quot;title&quot;:&quot;&quot;,&quot;orientation&quot;:&quot;1&quot;}\" data-image-title=\"301616_ERM_Fk2928_122_301616\" data-image-description=\"\" data-image-caption=\"\" data-large-file=\"https:\/\/blog.erm.ee\/wp-content\/uploads\/2025\/04\/301616_ERM_Fk2928_122_301616-1024x685.jpg\" class=\"wp-image-17191 size-large\" src=\"https:\/\/blog.erm.ee\/wp-content\/uploads\/2025\/04\/301616_ERM_Fk2928_122_301616-1024x685.jpg\" alt=\"\" width=\"700\" height=\"468\" srcset=\"https:\/\/blog.erm.ee\/wp-content\/uploads\/2025\/04\/301616_ERM_Fk2928_122_301616-1024x685.jpg 1024w, https:\/\/blog.erm.ee\/wp-content\/uploads\/2025\/04\/301616_ERM_Fk2928_122_301616-300x201.jpg 300w, https:\/\/blog.erm.ee\/wp-content\/uploads\/2025\/04\/301616_ERM_Fk2928_122_301616-388x260.jpg 388w, https:\/\/blog.erm.ee\/wp-content\/uploads\/2025\/04\/301616_ERM_Fk2928_122_301616-768x514.jpg 768w, https:\/\/blog.erm.ee\/wp-content\/uploads\/2025\/04\/301616_ERM_Fk2928_122_301616-1536x1028.jpg 1536w, https:\/\/blog.erm.ee\/wp-content\/uploads\/2025\/04\/301616_ERM_Fk2928_122_301616.jpg 1600w\" sizes=\"auto, (max-width: 700px) 100vw, 700px\" \/><p id=\"caption-attachment-17191\" class=\"wp-caption-text\">ERMi 100. aastap\u00e4eva juubeli\u00f5nnitluste vastuv\u00f5tt ERMi n\u00e4itusemaja fuajees, taustal Anu Raua vaip \u201eKogujad\u201c. Kultuuriminister Laine J\u00e4nes kingib muuseumile kaks jalgratast ilmselge vihjega, et kuna muuseum Raadile uut maja ehitab, siis kulub ratas \u00e4ra. Foto: Merylin Suve, 2009. ERM Fk 2928:122<\/p><\/div>\n<p><em>Kirjeldust\u00f5lge: fotol kaks r\u00f5\u00f5msat rahvar\u00f5ivastes naist, esiplaanil kaks jalgratast ning naiste taustal suur seinavaip v\u00e4ikeste kujutiste ja mustritega.\u00a0<\/em><\/p>\n<p>ERMi soov oli, et s\u00fcnnip\u00e4evast saaks osa kogu rahvas ning kingituseks rahvale oli kihelkonnapiiride m\u00e4rkimine, esimesed kihelkonnasildid said p\u00fcstitatud Luunja sillale, mis m\u00e4rkisid ERMi kodukihelkonda Tartu-Maarjat ja naabrit V\u00f5nnu kihelkonda \u2013 j\u00e4rgnevatel aastatel said k\u00f5ik Eesti maanteed kihelkonnasiltidega t\u00e4histatud.<\/p>\n<div id=\"attachment_17192\" style=\"width: 710px\" class=\"wp-caption alignnone\"><img loading=\"lazy\" decoding=\"async\" aria-describedby=\"caption-attachment-17192\" data-attachment-id=\"17192\" data-permalink=\"https:\/\/blog.erm.ee\/?attachment_id=17192#main\" data-orig-file=\"https:\/\/blog.erm.ee\/wp-content\/uploads\/2025\/04\/302692_ERM_Fk2928_324_302692.jpg\" data-orig-size=\"1600,1071\" data-comments-opened=\"1\" data-image-meta=\"{&quot;aperture&quot;:&quot;8&quot;,&quot;credit&quot;:&quot;Arp Karm&quot;,&quot;camera&quot;:&quot;NIKON D200&quot;,&quot;caption&quot;:&quot;&quot;,&quot;created_timestamp&quot;:&quot;1239727400&quot;,&quot;copyright&quot;:&quot;Arp Karm&quot;,&quot;focal_length&quot;:&quot;32&quot;,&quot;iso&quot;:&quot;400&quot;,&quot;shutter_speed&quot;:&quot;0.004&quot;,&quot;title&quot;:&quot;&quot;,&quot;orientation&quot;:&quot;1&quot;}\" data-image-title=\"302692_ERM_Fk2928_324_302692\" data-image-description=\"\" data-image-caption=\"\" data-large-file=\"https:\/\/blog.erm.ee\/wp-content\/uploads\/2025\/04\/302692_ERM_Fk2928_324_302692-1024x685.jpg\" class=\"wp-image-17192 size-large\" src=\"https:\/\/blog.erm.ee\/wp-content\/uploads\/2025\/04\/302692_ERM_Fk2928_324_302692-1024x685.jpg\" alt=\"\" width=\"700\" height=\"468\" srcset=\"https:\/\/blog.erm.ee\/wp-content\/uploads\/2025\/04\/302692_ERM_Fk2928_324_302692-1024x685.jpg 1024w, https:\/\/blog.erm.ee\/wp-content\/uploads\/2025\/04\/302692_ERM_Fk2928_324_302692-300x201.jpg 300w, https:\/\/blog.erm.ee\/wp-content\/uploads\/2025\/04\/302692_ERM_Fk2928_324_302692-388x260.jpg 388w, https:\/\/blog.erm.ee\/wp-content\/uploads\/2025\/04\/302692_ERM_Fk2928_324_302692-768x514.jpg 768w, https:\/\/blog.erm.ee\/wp-content\/uploads\/2025\/04\/302692_ERM_Fk2928_324_302692-1536x1028.jpg 1536w, https:\/\/blog.erm.ee\/wp-content\/uploads\/2025\/04\/302692_ERM_Fk2928_324_302692.jpg 1600w\" sizes=\"auto, (max-width: 700px) 100vw, 700px\" \/><p id=\"caption-attachment-17192\" class=\"wp-caption-text\">President Toomas Hendrik Ilves, ERMi direktor Krista Aru ja Tartu-Maarja koguduse \u00f5petaja Peeter Paenurm. Foto: Arp Karm, 2009. 2928:324<\/p><\/div>\n<p><em>Kirjeldust\u00f5lge: kolm inimest seisavad tee \u00e4\u00e4res, sildi all. Pealmisel sildil seisab &#8220;Luunja vald&#8221; ja alumiselt &#8220;Tartu-Maarja kihelkkond&#8221;.\u00a0<\/em><\/p>\n<div id=\"attachment_17193\" style=\"width: 710px\" class=\"wp-caption alignnone\"><img loading=\"lazy\" decoding=\"async\" aria-describedby=\"caption-attachment-17193\" data-attachment-id=\"17193\" data-permalink=\"https:\/\/blog.erm.ee\/?attachment_id=17193#main\" data-orig-file=\"https:\/\/blog.erm.ee\/wp-content\/uploads\/2025\/04\/308962_ERM_Fk2943_17_308962.jpg\" data-orig-size=\"1600,1067\" data-comments-opened=\"1\" data-image-meta=\"{&quot;aperture&quot;:&quot;4&quot;,&quot;credit&quot;:&quot;&quot;,&quot;camera&quot;:&quot;Canon EOS 20D&quot;,&quot;caption&quot;:&quot;&quot;,&quot;created_timestamp&quot;:&quot;1239734625&quot;,&quot;copyright&quot;:&quot;\\u00a9 Eesti Rahva Muuseum&quot;,&quot;focal_length&quot;:&quot;16&quot;,&quot;iso&quot;:&quot;800&quot;,&quot;shutter_speed&quot;:&quot;0.016666666666667&quot;,&quot;title&quot;:&quot;&quot;,&quot;orientation&quot;:&quot;1&quot;}\" data-image-title=\"308962_ERM_Fk2943_17_308962\" data-image-description=\"\" data-image-caption=\"\" data-large-file=\"https:\/\/blog.erm.ee\/wp-content\/uploads\/2025\/04\/308962_ERM_Fk2943_17_308962-1024x683.jpg\" class=\"wp-image-17193 size-large\" src=\"https:\/\/blog.erm.ee\/wp-content\/uploads\/2025\/04\/308962_ERM_Fk2943_17_308962-1024x683.jpg\" alt=\"\" width=\"700\" height=\"467\" srcset=\"https:\/\/blog.erm.ee\/wp-content\/uploads\/2025\/04\/308962_ERM_Fk2943_17_308962-1024x683.jpg 1024w, https:\/\/blog.erm.ee\/wp-content\/uploads\/2025\/04\/308962_ERM_Fk2943_17_308962-300x200.jpg 300w, https:\/\/blog.erm.ee\/wp-content\/uploads\/2025\/04\/308962_ERM_Fk2943_17_308962-390x260.jpg 390w, https:\/\/blog.erm.ee\/wp-content\/uploads\/2025\/04\/308962_ERM_Fk2943_17_308962-768x512.jpg 768w, https:\/\/blog.erm.ee\/wp-content\/uploads\/2025\/04\/308962_ERM_Fk2943_17_308962-1536x1024.jpg 1536w, https:\/\/blog.erm.ee\/wp-content\/uploads\/2025\/04\/308962_ERM_Fk2943_17_308962.jpg 1600w\" sizes=\"auto, (max-width: 700px) 100vw, 700px\" \/><p id=\"caption-attachment-17193\" class=\"wp-caption-text\">Pidu\u00f5htul oli minev kaup ERMi loteriipiletid, nagu n\u00e4ha luhvtitati ka sajaseid. Foto: Lauri Kulpsoo, 2009. ERM Fk 2943:17<\/p><\/div>\n<p><em>Kirjeldust\u00f5lge: peenelt riietatud daamid seisavad koridoris, osadel on k\u00e4es vana-aegsed loteriipiletid ja pokaalid.<\/em><\/p>\n<div id=\"attachment_17216\" style=\"width: 710px\" class=\"wp-caption alignnone\"><img loading=\"lazy\" decoding=\"async\" aria-describedby=\"caption-attachment-17216\" data-attachment-id=\"17216\" data-permalink=\"https:\/\/blog.erm.ee\/?attachment_id=17216#main\" data-orig-file=\"https:\/\/blog.erm.ee\/wp-content\/uploads\/2025\/04\/309287_ERM_Fk2943_342_309287.jpg\" data-orig-size=\"1600,1067\" data-comments-opened=\"1\" data-image-meta=\"{&quot;aperture&quot;:&quot;4&quot;,&quot;credit&quot;:&quot;&quot;,&quot;camera&quot;:&quot;Canon EOS 20D&quot;,&quot;caption&quot;:&quot;&quot;,&quot;created_timestamp&quot;:&quot;1239746714&quot;,&quot;copyright&quot;:&quot;\\u00a9 Eesti Rahva Muuseum&quot;,&quot;focal_length&quot;:&quot;16&quot;,&quot;iso&quot;:&quot;800&quot;,&quot;shutter_speed&quot;:&quot;0.016666666666667&quot;,&quot;title&quot;:&quot;&quot;,&quot;orientation&quot;:&quot;1&quot;}\" data-image-title=\"309287_ERM_Fk2943_342_309287\" data-image-description=\"\" data-image-caption=\"\" data-large-file=\"https:\/\/blog.erm.ee\/wp-content\/uploads\/2025\/04\/309287_ERM_Fk2943_342_309287-1024x683.jpg\" class=\"wp-image-17216 size-large\" src=\"https:\/\/blog.erm.ee\/wp-content\/uploads\/2025\/04\/309287_ERM_Fk2943_342_309287-1024x683.jpg\" alt=\"\" width=\"700\" height=\"467\" srcset=\"https:\/\/blog.erm.ee\/wp-content\/uploads\/2025\/04\/309287_ERM_Fk2943_342_309287-1024x683.jpg 1024w, https:\/\/blog.erm.ee\/wp-content\/uploads\/2025\/04\/309287_ERM_Fk2943_342_309287-300x200.jpg 300w, https:\/\/blog.erm.ee\/wp-content\/uploads\/2025\/04\/309287_ERM_Fk2943_342_309287-390x260.jpg 390w, https:\/\/blog.erm.ee\/wp-content\/uploads\/2025\/04\/309287_ERM_Fk2943_342_309287-768x512.jpg 768w, https:\/\/blog.erm.ee\/wp-content\/uploads\/2025\/04\/309287_ERM_Fk2943_342_309287-1536x1024.jpg 1536w, https:\/\/blog.erm.ee\/wp-content\/uploads\/2025\/04\/309287_ERM_Fk2943_342_309287.jpg 1600w\" sizes=\"auto, (max-width: 700px) 100vw, 700px\" \/><p id=\"caption-attachment-17216\" class=\"wp-caption-text\">ERMi uue maja arhitektid Dan Dorell, Lina Ghotmeh ja Tsuyoshi Tane muuseumi juubelipeol vestlemas Jaan Habichtiga. Foto: Lauri Kulpsoo, 2009. ERM Fk 2943:342<\/p><\/div>\n<p><em>Kirjeldust\u00f5lge: Esiplaanil neli viisakalt r\u00f5ivastatud inimest, kes r\u00e4\u00e4givad juttu, k\u00e4es veinipokaalid ning n\u00e4ol naeratused.<\/em><\/p>\n<p>Nagu eelnevatelt piltidelt n\u00e4ha, siis enamasti olid \u00f5htused koosviibimised v\u00e4ljaspool muuseumi. Viimasele vanas muuseumimajas Veski 32 toimunud s\u00fcnnip\u00e4evale kutsusime k\u00f5iki endisi kolleege, kes kunagi selles majas t\u00f6\u00f6tanud olid. Et kogud olid pakitud ja osa ka juba Raadile toimetatud, oli ruumi nii peosaaliks kui fotostuudioks, viimases tehti pilte oma s\u00f5prade ja endiste kolleegidega.<\/p>\n<div id=\"attachment_17217\" style=\"width: 710px\" class=\"wp-caption alignnone\"><img loading=\"lazy\" decoding=\"async\" aria-describedby=\"caption-attachment-17217\" data-attachment-id=\"17217\" data-permalink=\"https:\/\/blog.erm.ee\/?attachment_id=17217#main\" data-orig-file=\"https:\/\/blog.erm.ee\/wp-content\/uploads\/2025\/04\/376947_ERM_Fk3026_63_376947.jpg\" data-orig-size=\"1600,1068\" data-comments-opened=\"1\" data-image-meta=\"{&quot;aperture&quot;:&quot;14&quot;,&quot;credit&quot;:&quot;&quot;,&quot;camera&quot;:&quot;NIKON D600&quot;,&quot;caption&quot;:&quot;&quot;,&quot;created_timestamp&quot;:&quot;1460670245&quot;,&quot;copyright&quot;:&quot;&quot;,&quot;focal_length&quot;:&quot;35&quot;,&quot;iso&quot;:&quot;100&quot;,&quot;shutter_speed&quot;:&quot;0.008&quot;,&quot;title&quot;:&quot;&quot;,&quot;orientation&quot;:&quot;1&quot;}\" data-image-title=\"376947_ERM_Fk3026_63_376947\" data-image-description=\"\" data-image-caption=\"\" data-large-file=\"https:\/\/blog.erm.ee\/wp-content\/uploads\/2025\/04\/376947_ERM_Fk3026_63_376947-1024x684.jpg\" class=\"wp-image-17217 size-large\" src=\"https:\/\/blog.erm.ee\/wp-content\/uploads\/2025\/04\/376947_ERM_Fk3026_63_376947-1024x684.jpg\" alt=\"\" width=\"700\" height=\"468\" srcset=\"https:\/\/blog.erm.ee\/wp-content\/uploads\/2025\/04\/376947_ERM_Fk3026_63_376947-1024x684.jpg 1024w, https:\/\/blog.erm.ee\/wp-content\/uploads\/2025\/04\/376947_ERM_Fk3026_63_376947-300x200.jpg 300w, https:\/\/blog.erm.ee\/wp-content\/uploads\/2025\/04\/376947_ERM_Fk3026_63_376947-390x260.jpg 390w, https:\/\/blog.erm.ee\/wp-content\/uploads\/2025\/04\/376947_ERM_Fk3026_63_376947-768x513.jpg 768w, https:\/\/blog.erm.ee\/wp-content\/uploads\/2025\/04\/376947_ERM_Fk3026_63_376947-1536x1025.jpg 1536w, https:\/\/blog.erm.ee\/wp-content\/uploads\/2025\/04\/376947_ERM_Fk3026_63_376947.jpg 1600w\" sizes=\"auto, (max-width: 700px) 100vw, 700px\" \/><p id=\"caption-attachment-17217\" class=\"wp-caption-text\">Svetlana Karm koos endiste ERMi t\u00f6\u00f6tajatega, kes \u00fchel v\u00f5i teisel moel osalenud soome-ugri v\u00e4lit\u00f6\u00f6del: Aado Lintrop, Annes Hermann, Edith Hermann, Aldo Luud ja Maire Luud. Foto: Berta J\u00e4nes, 2016. ERM Fk 3026:63<\/p><\/div>\n<p><em>Kirjeldust\u00f5lge: Kuus inimest poseerivad punasel vaibal fotograafile, ees neli inimest istumas, taga kaks seismas. K\u00f5ik naeratamas.<\/em><\/p>\n<div id=\"attachment_17218\" style=\"width: 710px\" class=\"wp-caption alignnone\"><img loading=\"lazy\" decoding=\"async\" aria-describedby=\"caption-attachment-17218\" data-attachment-id=\"17218\" data-permalink=\"https:\/\/blog.erm.ee\/?attachment_id=17218#main\" data-orig-file=\"https:\/\/blog.erm.ee\/wp-content\/uploads\/2025\/04\/ak0077.jpg\" data-orig-size=\"1600,1068\" data-comments-opened=\"1\" data-image-meta=\"{&quot;aperture&quot;:&quot;0&quot;,&quot;credit&quot;:&quot;&quot;,&quot;camera&quot;:&quot;&quot;,&quot;caption&quot;:&quot;&quot;,&quot;created_timestamp&quot;:&quot;0&quot;,&quot;copyright&quot;:&quot;&quot;,&quot;focal_length&quot;:&quot;0&quot;,&quot;iso&quot;:&quot;0&quot;,&quot;shutter_speed&quot;:&quot;0&quot;,&quot;title&quot;:&quot;&quot;,&quot;orientation&quot;:&quot;1&quot;}\" data-image-title=\"ak0077\" data-image-description=\"\" data-image-caption=\"\" data-large-file=\"https:\/\/blog.erm.ee\/wp-content\/uploads\/2025\/04\/ak0077-1024x684.jpg\" class=\"wp-image-17218 size-large\" src=\"https:\/\/blog.erm.ee\/wp-content\/uploads\/2025\/04\/ak0077-1024x684.jpg\" alt=\"\" width=\"700\" height=\"468\" srcset=\"https:\/\/blog.erm.ee\/wp-content\/uploads\/2025\/04\/ak0077-1024x684.jpg 1024w, https:\/\/blog.erm.ee\/wp-content\/uploads\/2025\/04\/ak0077-300x200.jpg 300w, https:\/\/blog.erm.ee\/wp-content\/uploads\/2025\/04\/ak0077-390x260.jpg 390w, https:\/\/blog.erm.ee\/wp-content\/uploads\/2025\/04\/ak0077-768x513.jpg 768w, https:\/\/blog.erm.ee\/wp-content\/uploads\/2025\/04\/ak0077-1536x1025.jpg 1536w, https:\/\/blog.erm.ee\/wp-content\/uploads\/2025\/04\/ak0077.jpg 1600w\" sizes=\"auto, (max-width: 700px) 100vw, 700px\" \/><p id=\"caption-attachment-17218\" class=\"wp-caption-text\">Esimene s\u00fcnnip\u00e4ev ERMi uues kodus Raadil. S\u00fcnnip\u00e4evatorti l\u00f5ikab lahti direktor T\u00f5nis Lukas, ERMi filmimees Maido Selgm\u00e4e ja Kanal 2 operaator hetke j\u00e4\u00e4dvustamas. Foto: Arp Karm, 2017.<\/p><\/div>\n<p><em>Kirjeldust\u00f5lge: Heledas \u00fclikonnas mees l\u00f5ikab lahti suurt torti, kaks meest kaameratega temast \u00fclesv\u00f5tet tegemas.<\/em><\/p>\n<p>ERM 110 peole oli kutsutud ka linnarahvas. Julgemad keerutasid jalga. Musitseeris Marek Sadam. Sellest ja j\u00e4rgmistest ERMi s\u00fcnnip\u00e4eva t\u00e4histavatest rahvapidudest leiab rohkem fotoj\u00e4\u00e4dvustusi ERMi Facebooki postitustest.<\/p>\n<div id=\"attachment_17219\" style=\"width: 710px\" class=\"wp-caption alignnone\"><img loading=\"lazy\" decoding=\"async\" aria-describedby=\"caption-attachment-17219\" data-attachment-id=\"17219\" data-permalink=\"https:\/\/blog.erm.ee\/?attachment_id=17219#main\" data-orig-file=\"https:\/\/blog.erm.ee\/wp-content\/uploads\/2025\/04\/bv0007.jpg\" data-orig-size=\"1600,1067\" data-comments-opened=\"1\" data-image-meta=\"{&quot;aperture&quot;:&quot;5.6&quot;,&quot;credit&quot;:&quot;&quot;,&quot;camera&quot;:&quot;Canon EOS-1D X Mark II&quot;,&quot;caption&quot;:&quot;&quot;,&quot;created_timestamp&quot;:&quot;1555250980&quot;,&quot;copyright&quot;:&quot;&quot;,&quot;focal_length&quot;:&quot;140&quot;,&quot;iso&quot;:&quot;3200&quot;,&quot;shutter_speed&quot;:&quot;0.004&quot;,&quot;title&quot;:&quot;&quot;,&quot;orientation&quot;:&quot;1&quot;}\" data-image-title=\"bv0007\" data-image-description=\"\" data-image-caption=\"\" data-large-file=\"https:\/\/blog.erm.ee\/wp-content\/uploads\/2025\/04\/bv0007-1024x683.jpg\" class=\"wp-image-17219 size-large\" src=\"https:\/\/blog.erm.ee\/wp-content\/uploads\/2025\/04\/bv0007-1024x683.jpg\" alt=\"\" width=\"700\" height=\"467\" srcset=\"https:\/\/blog.erm.ee\/wp-content\/uploads\/2025\/04\/bv0007-1024x683.jpg 1024w, https:\/\/blog.erm.ee\/wp-content\/uploads\/2025\/04\/bv0007-300x200.jpg 300w, https:\/\/blog.erm.ee\/wp-content\/uploads\/2025\/04\/bv0007-390x260.jpg 390w, https:\/\/blog.erm.ee\/wp-content\/uploads\/2025\/04\/bv0007-768x512.jpg 768w, https:\/\/blog.erm.ee\/wp-content\/uploads\/2025\/04\/bv0007-1536x1024.jpg 1536w, https:\/\/blog.erm.ee\/wp-content\/uploads\/2025\/04\/bv0007.jpg 1600w\" sizes=\"auto, (max-width: 700px) 100vw, 700px\" \/><p id=\"caption-attachment-17219\" class=\"wp-caption-text\">ERM 110 rahvapidu muuseumi sillal. Foto: Berta J\u00e4nes, 2019.<\/p><\/div>\n<p><em>Kirjeldust\u00f5lge: Suur hulk rahvast istub toolidel ning vaatab, kuidas t\u00fchjal p\u00f5randal tantsib \u00fcks paar.<\/em><\/p>\n<div id=\"attachment_17220\" style=\"width: 710px\" class=\"wp-caption alignnone\"><img loading=\"lazy\" decoding=\"async\" aria-describedby=\"caption-attachment-17220\" data-attachment-id=\"17220\" data-permalink=\"https:\/\/blog.erm.ee\/?attachment_id=17220#main\" data-orig-file=\"https:\/\/blog.erm.ee\/wp-content\/uploads\/2025\/04\/bv0044.jpg\" data-orig-size=\"1600,1067\" data-comments-opened=\"1\" data-image-meta=\"{&quot;aperture&quot;:&quot;6.3&quot;,&quot;credit&quot;:&quot;&quot;,&quot;camera&quot;:&quot;Canon EOS-1D X Mark II&quot;,&quot;caption&quot;:&quot;&quot;,&quot;created_timestamp&quot;:&quot;1555253324&quot;,&quot;copyright&quot;:&quot;&quot;,&quot;focal_length&quot;:&quot;24&quot;,&quot;iso&quot;:&quot;2500&quot;,&quot;shutter_speed&quot;:&quot;0.004&quot;,&quot;title&quot;:&quot;&quot;,&quot;orientation&quot;:&quot;1&quot;}\" data-image-title=\"bv0044\" data-image-description=\"\" data-image-caption=\"\" data-large-file=\"https:\/\/blog.erm.ee\/wp-content\/uploads\/2025\/04\/bv0044-1024x683.jpg\" class=\"wp-image-17220 size-large\" src=\"https:\/\/blog.erm.ee\/wp-content\/uploads\/2025\/04\/bv0044-1024x683.jpg\" alt=\"\" width=\"700\" height=\"467\" srcset=\"https:\/\/blog.erm.ee\/wp-content\/uploads\/2025\/04\/bv0044-1024x683.jpg 1024w, https:\/\/blog.erm.ee\/wp-content\/uploads\/2025\/04\/bv0044-300x200.jpg 300w, https:\/\/blog.erm.ee\/wp-content\/uploads\/2025\/04\/bv0044-390x260.jpg 390w, https:\/\/blog.erm.ee\/wp-content\/uploads\/2025\/04\/bv0044-768x512.jpg 768w, https:\/\/blog.erm.ee\/wp-content\/uploads\/2025\/04\/bv0044-1536x1024.jpg 1536w, https:\/\/blog.erm.ee\/wp-content\/uploads\/2025\/04\/bv0044.jpg 1600w\" sizes=\"auto, (max-width: 700px) 100vw, 700px\" \/><p id=\"caption-attachment-17220\" class=\"wp-caption-text\">ERM 110 s\u00fcnnip\u00e4evatordi kohaletoimetamine. Foto: Berta J\u00e4nes, 2019<\/p><\/div>\n<p><em>Kirjeldust\u00f5lge: Mitmed inimesed veeretamas aluse peal suurt torti, mis on meetreid pikk ning millel p\u00f5levad s\u00e4rak\u00fc\u00fcnlad.<\/em><\/p>\n<div id=\"attachment_17221\" style=\"width: 710px\" class=\"wp-caption alignnone\"><img loading=\"lazy\" decoding=\"async\" aria-describedby=\"caption-attachment-17221\" data-attachment-id=\"17221\" data-permalink=\"https:\/\/blog.erm.ee\/?attachment_id=17221#main\" data-orig-file=\"https:\/\/blog.erm.ee\/wp-content\/uploads\/2025\/04\/bv0047.jpg\" data-orig-size=\"1600,1067\" data-comments-opened=\"1\" data-image-meta=\"{&quot;aperture&quot;:&quot;8&quot;,&quot;credit&quot;:&quot;&quot;,&quot;camera&quot;:&quot;Canon EOS-1D X Mark II&quot;,&quot;caption&quot;:&quot;&quot;,&quot;created_timestamp&quot;:&quot;1555253375&quot;,&quot;copyright&quot;:&quot;&quot;,&quot;focal_length&quot;:&quot;59&quot;,&quot;iso&quot;:&quot;1600&quot;,&quot;shutter_speed&quot;:&quot;0.008&quot;,&quot;title&quot;:&quot;&quot;,&quot;orientation&quot;:&quot;1&quot;}\" data-image-title=\"bv0047\" data-image-description=\"\" data-image-caption=\"\" data-large-file=\"https:\/\/blog.erm.ee\/wp-content\/uploads\/2025\/04\/bv0047-1024x683.jpg\" class=\"wp-image-17221 size-large\" src=\"https:\/\/blog.erm.ee\/wp-content\/uploads\/2025\/04\/bv0047-1024x683.jpg\" alt=\"\" width=\"700\" height=\"467\" srcset=\"https:\/\/blog.erm.ee\/wp-content\/uploads\/2025\/04\/bv0047-1024x683.jpg 1024w, https:\/\/blog.erm.ee\/wp-content\/uploads\/2025\/04\/bv0047-300x200.jpg 300w, https:\/\/blog.erm.ee\/wp-content\/uploads\/2025\/04\/bv0047-390x260.jpg 390w, https:\/\/blog.erm.ee\/wp-content\/uploads\/2025\/04\/bv0047-768x512.jpg 768w, https:\/\/blog.erm.ee\/wp-content\/uploads\/2025\/04\/bv0047-1536x1024.jpg 1536w, https:\/\/blog.erm.ee\/wp-content\/uploads\/2025\/04\/bv0047.jpg 1600w\" sizes=\"auto, (max-width: 700px) 100vw, 700px\" \/><p id=\"caption-attachment-17221\" class=\"wp-caption-text\">Torti l\u00f5ikab lahti direktor Alar Karis. Foto: Berta J\u00e4nes, 2019<\/p><\/div>\n<p>Paar korda oleme s\u00fcnnip\u00e4eva t\u00e4histamisega j\u00f5udnud ka televiisorisse. Nimelt on \u201eTerevisioon\u201c seadnud oma otsestuudio keset uusi n\u00e4itusi ning edastanud vaatajatele uudiseid muuseumist ning olnud \u00fchtlasi ka esimeseks hommikuseks \u00f5nnitlejaks.<\/p>\n<div id=\"attachment_17222\" style=\"width: 710px\" class=\"wp-caption alignnone\"><img loading=\"lazy\" decoding=\"async\" aria-describedby=\"caption-attachment-17222\" data-attachment-id=\"17222\" data-permalink=\"https:\/\/blog.erm.ee\/?attachment_id=17222#main\" data-orig-file=\"https:\/\/blog.erm.ee\/wp-content\/uploads\/2025\/04\/ak_0161.jpg\" data-orig-size=\"1600,1067\" data-comments-opened=\"1\" data-image-meta=\"{&quot;aperture&quot;:&quot;5&quot;,&quot;credit&quot;:&quot;Arp Karm&quot;,&quot;camera&quot;:&quot;Canon EOS-1D X Mark II&quot;,&quot;caption&quot;:&quot;&quot;,&quot;created_timestamp&quot;:&quot;1618379992&quot;,&quot;copyright&quot;:&quot;&quot;,&quot;focal_length&quot;:&quot;35&quot;,&quot;iso&quot;:&quot;4000&quot;,&quot;shutter_speed&quot;:&quot;0.016666666666667&quot;,&quot;title&quot;:&quot;&quot;,&quot;orientation&quot;:&quot;1&quot;}\" data-image-title=\"ak_0161\" data-image-description=\"\" data-image-caption=\"\" data-large-file=\"https:\/\/blog.erm.ee\/wp-content\/uploads\/2025\/04\/ak_0161-1024x683.jpg\" class=\"wp-image-17222 size-large\" src=\"https:\/\/blog.erm.ee\/wp-content\/uploads\/2025\/04\/ak_0161-1024x683.jpg\" alt=\"\" width=\"700\" height=\"467\" srcset=\"https:\/\/blog.erm.ee\/wp-content\/uploads\/2025\/04\/ak_0161-1024x683.jpg 1024w, https:\/\/blog.erm.ee\/wp-content\/uploads\/2025\/04\/ak_0161-300x200.jpg 300w, https:\/\/blog.erm.ee\/wp-content\/uploads\/2025\/04\/ak_0161-390x260.jpg 390w, https:\/\/blog.erm.ee\/wp-content\/uploads\/2025\/04\/ak_0161-768x512.jpg 768w, https:\/\/blog.erm.ee\/wp-content\/uploads\/2025\/04\/ak_0161-1536x1024.jpg 1536w, https:\/\/blog.erm.ee\/wp-content\/uploads\/2025\/04\/ak_0161.jpg 1600w\" sizes=\"auto, (max-width: 700px) 100vw, 700px\" \/><p id=\"caption-attachment-17222\" class=\"wp-caption-text\">Terevisioon 2021. aastal. Saatetegijad ja stuudiok\u00fclalised. Foto: Arp Karm<\/p><\/div>\n<p style=\"text-align: left;\"><em>Kirjeldust\u00f5lge: Inimesed kolmes reas poseerimas kaamerale.<\/em><\/p>\n<div id=\"attachment_17223\" style=\"width: 710px\" class=\"wp-caption alignnone\"><img loading=\"lazy\" decoding=\"async\" aria-describedby=\"caption-attachment-17223\" data-attachment-id=\"17223\" data-permalink=\"https:\/\/blog.erm.ee\/?attachment_id=17223#main\" data-orig-file=\"https:\/\/blog.erm.ee\/wp-content\/uploads\/2025\/04\/ak_0525.jpg\" data-orig-size=\"1600,1067\" data-comments-opened=\"1\" data-image-meta=\"{&quot;aperture&quot;:&quot;5.6&quot;,&quot;credit&quot;:&quot;Arp Karm&quot;,&quot;camera&quot;:&quot;NIKON D850&quot;,&quot;caption&quot;:&quot;&quot;,&quot;created_timestamp&quot;:&quot;1681451398&quot;,&quot;copyright&quot;:&quot;&quot;,&quot;focal_length&quot;:&quot;70&quot;,&quot;iso&quot;:&quot;640&quot;,&quot;shutter_speed&quot;:&quot;0.0125&quot;,&quot;title&quot;:&quot;&quot;,&quot;orientation&quot;:&quot;1&quot;}\" data-image-title=\"ak_0525\" data-image-description=\"\" data-image-caption=\"\" data-large-file=\"https:\/\/blog.erm.ee\/wp-content\/uploads\/2025\/04\/ak_0525-1024x683.jpg\" class=\"wp-image-17223 size-large\" src=\"https:\/\/blog.erm.ee\/wp-content\/uploads\/2025\/04\/ak_0525-1024x683.jpg\" alt=\"\" width=\"700\" height=\"467\" srcset=\"https:\/\/blog.erm.ee\/wp-content\/uploads\/2025\/04\/ak_0525-1024x683.jpg 1024w, https:\/\/blog.erm.ee\/wp-content\/uploads\/2025\/04\/ak_0525-300x200.jpg 300w, https:\/\/blog.erm.ee\/wp-content\/uploads\/2025\/04\/ak_0525-390x260.jpg 390w, https:\/\/blog.erm.ee\/wp-content\/uploads\/2025\/04\/ak_0525-768x512.jpg 768w, https:\/\/blog.erm.ee\/wp-content\/uploads\/2025\/04\/ak_0525-1536x1024.jpg 1536w, https:\/\/blog.erm.ee\/wp-content\/uploads\/2025\/04\/ak_0525.jpg 1600w\" sizes=\"auto, (max-width: 700px) 100vw, 700px\" \/><p id=\"caption-attachment-17223\" class=\"wp-caption-text\">Terevisiooni s\u00fcnnip\u00e4evatort 2023. aastal. Foto: Arp Karm<\/p><\/div>\n<p><em>Kirjeldust\u00f5lge: Esiplaanil neli inimest tordi lahtil\u00f5ikamise juures, taamal inimesed neid j\u00e4lgimas.<\/em><\/p>\n<p>Muuseumi s\u00fcnnip\u00e4eval on tavaks \u00fcle anda Oskar Kallase preemia eesti rahvateaduse ja -kultuuri m\u00f5testajale, Ferdinand Linnuse kolleegipreemia ning aasta vabatahtliku auhind. Harva juhtub aga, et kogu muuseumirahvast s\u00fcnnip\u00e4eval \u00fchispilt tehakse, eelmisel aastal sai see j\u00e4\u00e4dvustatud.<\/p>\n<div id=\"attachment_17224\" style=\"width: 710px\" class=\"wp-caption alignnone\"><img loading=\"lazy\" decoding=\"async\" aria-describedby=\"caption-attachment-17224\" data-attachment-id=\"17224\" data-permalink=\"https:\/\/blog.erm.ee\/?attachment_id=17224#main\" data-orig-file=\"https:\/\/blog.erm.ee\/wp-content\/uploads\/2025\/04\/bj0030.jpg\" data-orig-size=\"1600,1053\" data-comments-opened=\"1\" data-image-meta=\"{&quot;aperture&quot;:&quot;11&quot;,&quot;credit&quot;:&quot;&quot;,&quot;camera&quot;:&quot;NIKON Z 7_2&quot;,&quot;caption&quot;:&quot;&quot;,&quot;created_timestamp&quot;:&quot;1713093909&quot;,&quot;copyright&quot;:&quot;&quot;,&quot;focal_length&quot;:&quot;24&quot;,&quot;iso&quot;:&quot;1600&quot;,&quot;shutter_speed&quot;:&quot;0.00625&quot;,&quot;title&quot;:&quot;&quot;,&quot;orientation&quot;:&quot;1&quot;}\" data-image-title=\"bj0030\" data-image-description=\"\" data-image-caption=\"\" data-large-file=\"https:\/\/blog.erm.ee\/wp-content\/uploads\/2025\/04\/bj0030-1024x674.jpg\" class=\"wp-image-17224 size-large\" src=\"https:\/\/blog.erm.ee\/wp-content\/uploads\/2025\/04\/bj0030-1024x674.jpg\" alt=\"\" width=\"700\" height=\"461\" srcset=\"https:\/\/blog.erm.ee\/wp-content\/uploads\/2025\/04\/bj0030-1024x674.jpg 1024w, https:\/\/blog.erm.ee\/wp-content\/uploads\/2025\/04\/bj0030-300x197.jpg 300w, https:\/\/blog.erm.ee\/wp-content\/uploads\/2025\/04\/bj0030-395x260.jpg 395w, https:\/\/blog.erm.ee\/wp-content\/uploads\/2025\/04\/bj0030-768x505.jpg 768w, https:\/\/blog.erm.ee\/wp-content\/uploads\/2025\/04\/bj0030-1536x1011.jpg 1536w, https:\/\/blog.erm.ee\/wp-content\/uploads\/2025\/04\/bj0030.jpg 1600w\" sizes=\"auto, (max-width: 700px) 100vw, 700px\" \/><p id=\"caption-attachment-17224\" class=\"wp-caption-text\">ERM 115. Esireas ERMi kolleegipreemia nominent Liina Kuzemt\u0161enko, Ferdinand Linnuse preemia laureaat Taavi Toom, kolleegipreemia nominent Kaari Siemer, Oskar Kallase preemia laureaat Heiki P\u00e4rdi, ERMi aasta vabatahtlik \u2013 muuseumiesise nartsissiv\u00e4lja kinkija Kalle Nurm ja Anu Raud. Foto: Berta J\u00e4nes, 2024<\/p><\/div>\n<p><em>Kirjeldust\u00f5lge: terve Eesti Rahva Muuseumi kollektiiv poseerimas \u00fchispildi jaoks kaamerale. Esiplaanil istumas kuus inimest lillekimpudega.\u00a0<\/em><\/p>\n<div class=\"fcbkbttn_buttons_block\" id=\"fcbkbttn_left\"><div class=\"fcbkbttn_like \"><fb:like href=\"https:\/\/blog.erm.ee\/?p=17170\" action=\"like\" colorscheme=\"light\" layout=\"standard\"  width=\"225px\" size=\"small\"><\/fb:like><\/div><div class=\"fb-share-button  \" data-href=\"https:\/\/blog.erm.ee\/?p=17170\" data-type=\"button\" data-size=\"small\"><\/div><\/div>","protected":false},"excerpt":{"rendered":"<p>Tekst: Tiina Tael, peaarhivaar Eesti Rahva Muuseumi asutamisajaks on kokkuleppeliselt 14. aprill 1909, mil toimus Eesti Rahva Muuseumi tegevliikmete kogu koosolek, valiti juhatus ning pandi paika edasine tegevuskava. Muuseumi esimestest s\u00fcnnip\u00e4evadest ei ole fotoj\u00e4\u00e4dvustusi, ka 1934. aasta juubelipidustustest leiab andmeid pigem tervitustelegrammidest ja ning 25. aastap\u00e4evale p\u00fchendatud muuseumi aastaraamatust, seevastu 50 aasta juubelit t\u00e4histati suurejooneliselt&hellip;<\/p>\n","protected":false},"author":1,"featured_media":17221,"comment_status":"open","ping_status":"open","sticky":false,"template":"","format":"standard","meta":{"_monsterinsights_skip_tracking":false,"_monsterinsights_sitenote_active":false,"_monsterinsights_sitenote_note":"","_monsterinsights_sitenote_category":0,"jetpack_post_was_ever_published":false,"_jetpack_newsletter_access":"","_jetpack_dont_email_post_to_subs":false,"_jetpack_newsletter_tier_id":0,"_jetpack_memberships_contains_paywalled_content":false,"_jetpack_memberships_contains_paid_content":false,"footnotes":""},"categories":[6,20],"tags":[],"class_list":["post-17170","post","type-post","status-publish","format-standard","has-post-thumbnail","hentry","category-foto","category-muuseumimotted"],"yoast_head":"<!-- This site is optimized with the Yoast SEO plugin v27.5 - https:\/\/yoast.com\/product\/yoast-seo-wordpress\/ -->\n<title>Fotoj\u00e4\u00e4dvustusi Eesti Rahva Muuseumi s\u00fcnnip\u00e4evadest - Eesti Rahva Muuseumi ajaveeb<\/title>\n<meta name=\"robots\" content=\"index, follow, max-snippet:-1, max-image-preview:large, max-video-preview:-1\" \/>\n<link rel=\"canonical\" href=\"https:\/\/blog.erm.ee\/?p=17170\" \/>\n<meta property=\"og:locale\" content=\"et_EE\" \/>\n<meta property=\"og:type\" content=\"article\" \/>\n<meta property=\"og:title\" content=\"Fotoj\u00e4\u00e4dvustusi Eesti Rahva Muuseumi s\u00fcnnip\u00e4evadest - Eesti Rahva Muuseumi ajaveeb\" \/>\n<meta property=\"og:description\" content=\"Tekst: Tiina Tael, peaarhivaar Eesti Rahva Muuseumi asutamisajaks on kokkuleppeliselt 14. aprill 1909, mil toimus Eesti Rahva Muuseumi tegevliikmete kogu koosolek, valiti juhatus ning pandi paika edasine tegevuskava. Muuseumi esimestest s\u00fcnnip\u00e4evadest ei ole fotoj\u00e4\u00e4dvustusi, ka 1934. aasta juubelipidustustest leiab andmeid pigem tervitustelegrammidest ja ning 25. aastap\u00e4evale p\u00fchendatud muuseumi aastaraamatust, seevastu 50 aasta juubelit t\u00e4histati suurejooneliselt&hellip;\" \/>\n<meta property=\"og:url\" content=\"https:\/\/blog.erm.ee\/?p=17170\" \/>\n<meta property=\"og:site_name\" content=\"Eesti Rahva Muuseumi ajaveeb\" \/>\n<meta property=\"article:published_time\" content=\"2025-04-29T04:24:21+00:00\" \/>\n<meta property=\"article:modified_time\" content=\"2025-04-29T04:24:57+00:00\" \/>\n<meta property=\"og:image\" content=\"https:\/\/blog.erm.ee\/wp-content\/uploads\/2025\/04\/bv0047.jpg\" \/>\n\t<meta property=\"og:image:width\" content=\"1600\" \/>\n\t<meta property=\"og:image:height\" content=\"1067\" \/>\n\t<meta property=\"og:image:type\" content=\"image\/jpeg\" \/>\n<meta name=\"author\" content=\"Eesti Rahva Muuseum\" \/>\n<meta name=\"twitter:card\" content=\"summary_large_image\" \/>\n<meta name=\"twitter:label1\" content=\"Written by\" \/>\n\t<meta name=\"twitter:data1\" content=\"Eesti Rahva Muuseum\" \/>\n\t<meta name=\"twitter:label2\" content=\"Est. reading time\" \/>\n\t<meta name=\"twitter:data2\" content=\"11 minutit\" \/>\n<script type=\"application\/ld+json\" class=\"yoast-schema-graph\">{\"@context\":\"https:\\\/\\\/schema.org\",\"@graph\":[{\"@type\":\"Article\",\"@id\":\"https:\\\/\\\/blog.erm.ee\\\/?p=17170#article\",\"isPartOf\":{\"@id\":\"https:\\\/\\\/blog.erm.ee\\\/?p=17170\"},\"author\":{\"name\":\"Eesti Rahva Muuseum\",\"@id\":\"https:\\\/\\\/blog.erm.ee\\\/#\\\/schema\\\/person\\\/6e98c391cb00a33e7c22a3571e062114\"},\"headline\":\"Fotoj\u00e4\u00e4dvustusi Eesti Rahva Muuseumi s\u00fcnnip\u00e4evadest\",\"datePublished\":\"2025-04-29T04:24:21+00:00\",\"dateModified\":\"2025-04-29T04:24:57+00:00\",\"mainEntityOfPage\":{\"@id\":\"https:\\\/\\\/blog.erm.ee\\\/?p=17170\"},\"wordCount\":2300,\"commentCount\":0,\"image\":{\"@id\":\"https:\\\/\\\/blog.erm.ee\\\/?p=17170#primaryimage\"},\"thumbnailUrl\":\"https:\\\/\\\/blog.erm.ee\\\/wp-content\\\/uploads\\\/2025\\\/04\\\/bv0047.jpg\",\"articleSection\":[\"Foto\",\"Muuseumim\u00f5tted\"],\"inLanguage\":\"et\",\"potentialAction\":[{\"@type\":\"CommentAction\",\"name\":\"Comment\",\"target\":[\"https:\\\/\\\/blog.erm.ee\\\/?p=17170#respond\"]}]},{\"@type\":\"WebPage\",\"@id\":\"https:\\\/\\\/blog.erm.ee\\\/?p=17170\",\"url\":\"https:\\\/\\\/blog.erm.ee\\\/?p=17170\",\"name\":\"Fotoj\u00e4\u00e4dvustusi Eesti Rahva Muuseumi s\u00fcnnip\u00e4evadest - Eesti Rahva Muuseumi ajaveeb\",\"isPartOf\":{\"@id\":\"https:\\\/\\\/blog.erm.ee\\\/#website\"},\"primaryImageOfPage\":{\"@id\":\"https:\\\/\\\/blog.erm.ee\\\/?p=17170#primaryimage\"},\"image\":{\"@id\":\"https:\\\/\\\/blog.erm.ee\\\/?p=17170#primaryimage\"},\"thumbnailUrl\":\"https:\\\/\\\/blog.erm.ee\\\/wp-content\\\/uploads\\\/2025\\\/04\\\/bv0047.jpg\",\"datePublished\":\"2025-04-29T04:24:21+00:00\",\"dateModified\":\"2025-04-29T04:24:57+00:00\",\"author\":{\"@id\":\"https:\\\/\\\/blog.erm.ee\\\/#\\\/schema\\\/person\\\/6e98c391cb00a33e7c22a3571e062114\"},\"breadcrumb\":{\"@id\":\"https:\\\/\\\/blog.erm.ee\\\/?p=17170#breadcrumb\"},\"inLanguage\":\"et\",\"potentialAction\":[{\"@type\":\"ReadAction\",\"target\":[\"https:\\\/\\\/blog.erm.ee\\\/?p=17170\"]}]},{\"@type\":\"ImageObject\",\"inLanguage\":\"et\",\"@id\":\"https:\\\/\\\/blog.erm.ee\\\/?p=17170#primaryimage\",\"url\":\"https:\\\/\\\/blog.erm.ee\\\/wp-content\\\/uploads\\\/2025\\\/04\\\/bv0047.jpg\",\"contentUrl\":\"https:\\\/\\\/blog.erm.ee\\\/wp-content\\\/uploads\\\/2025\\\/04\\\/bv0047.jpg\",\"width\":1600,\"height\":1067},{\"@type\":\"BreadcrumbList\",\"@id\":\"https:\\\/\\\/blog.erm.ee\\\/?p=17170#breadcrumb\",\"itemListElement\":[{\"@type\":\"ListItem\",\"position\":1,\"name\":\"Home\",\"item\":\"https:\\\/\\\/blog.erm.ee\\\/\"},{\"@type\":\"ListItem\",\"position\":2,\"name\":\"Fotoj\u00e4\u00e4dvustusi Eesti Rahva Muuseumi s\u00fcnnip\u00e4evadest\"}]},{\"@type\":\"WebSite\",\"@id\":\"https:\\\/\\\/blog.erm.ee\\\/#website\",\"url\":\"https:\\\/\\\/blog.erm.ee\\\/\",\"name\":\"Eesti Rahva Muuseumi ajaveeb\",\"description\":\"\",\"potentialAction\":[{\"@type\":\"SearchAction\",\"target\":{\"@type\":\"EntryPoint\",\"urlTemplate\":\"https:\\\/\\\/blog.erm.ee\\\/?s={search_term_string}\"},\"query-input\":{\"@type\":\"PropertyValueSpecification\",\"valueRequired\":true,\"valueName\":\"search_term_string\"}}],\"inLanguage\":\"et\"},{\"@type\":\"Person\",\"@id\":\"https:\\\/\\\/blog.erm.ee\\\/#\\\/schema\\\/person\\\/6e98c391cb00a33e7c22a3571e062114\",\"name\":\"Eesti Rahva Muuseum\",\"image\":{\"@type\":\"ImageObject\",\"inLanguage\":\"et\",\"@id\":\"https:\\\/\\\/secure.gravatar.com\\\/avatar\\\/cb6d9ad5fb49f3f7315028ce5fe60641075f2cb52b8a058ff5a985fa2d8c1da0?s=96&d=mm&r=g\",\"url\":\"https:\\\/\\\/secure.gravatar.com\\\/avatar\\\/cb6d9ad5fb49f3f7315028ce5fe60641075f2cb52b8a058ff5a985fa2d8c1da0?s=96&d=mm&r=g\",\"contentUrl\":\"https:\\\/\\\/secure.gravatar.com\\\/avatar\\\/cb6d9ad5fb49f3f7315028ce5fe60641075f2cb52b8a058ff5a985fa2d8c1da0?s=96&d=mm&r=g\",\"caption\":\"Eesti Rahva Muuseum\"},\"sameAs\":[\"http:\\\/\\\/www.erm.ee\"],\"url\":\"https:\\\/\\\/blog.erm.ee\\\/?author=1\"}]}<\/script>\n<!-- \/ Yoast SEO plugin. -->","yoast_head_json":{"title":"Fotoj\u00e4\u00e4dvustusi Eesti Rahva Muuseumi s\u00fcnnip\u00e4evadest - Eesti Rahva Muuseumi ajaveeb","robots":{"index":"index","follow":"follow","max-snippet":"max-snippet:-1","max-image-preview":"max-image-preview:large","max-video-preview":"max-video-preview:-1"},"canonical":"https:\/\/blog.erm.ee\/?p=17170","og_locale":"et_EE","og_type":"article","og_title":"Fotoj\u00e4\u00e4dvustusi Eesti Rahva Muuseumi s\u00fcnnip\u00e4evadest - Eesti Rahva Muuseumi ajaveeb","og_description":"Tekst: Tiina Tael, peaarhivaar Eesti Rahva Muuseumi asutamisajaks on kokkuleppeliselt 14. aprill 1909, mil toimus Eesti Rahva Muuseumi tegevliikmete kogu koosolek, valiti juhatus ning pandi paika edasine tegevuskava. Muuseumi esimestest s\u00fcnnip\u00e4evadest ei ole fotoj\u00e4\u00e4dvustusi, ka 1934. aasta juubelipidustustest leiab andmeid pigem tervitustelegrammidest ja ning 25. aastap\u00e4evale p\u00fchendatud muuseumi aastaraamatust, seevastu 50 aasta juubelit t\u00e4histati suurejooneliselt&hellip;","og_url":"https:\/\/blog.erm.ee\/?p=17170","og_site_name":"Eesti Rahva Muuseumi ajaveeb","article_published_time":"2025-04-29T04:24:21+00:00","article_modified_time":"2025-04-29T04:24:57+00:00","og_image":[{"width":1600,"height":1067,"url":"https:\/\/blog.erm.ee\/wp-content\/uploads\/2025\/04\/bv0047.jpg","type":"image\/jpeg"}],"author":"Eesti Rahva Muuseum","twitter_card":"summary_large_image","twitter_misc":{"Written by":"Eesti Rahva Muuseum","Est. reading time":"11 minutit"},"schema":{"@context":"https:\/\/schema.org","@graph":[{"@type":"Article","@id":"https:\/\/blog.erm.ee\/?p=17170#article","isPartOf":{"@id":"https:\/\/blog.erm.ee\/?p=17170"},"author":{"name":"Eesti Rahva Muuseum","@id":"https:\/\/blog.erm.ee\/#\/schema\/person\/6e98c391cb00a33e7c22a3571e062114"},"headline":"Fotoj\u00e4\u00e4dvustusi Eesti Rahva Muuseumi s\u00fcnnip\u00e4evadest","datePublished":"2025-04-29T04:24:21+00:00","dateModified":"2025-04-29T04:24:57+00:00","mainEntityOfPage":{"@id":"https:\/\/blog.erm.ee\/?p=17170"},"wordCount":2300,"commentCount":0,"image":{"@id":"https:\/\/blog.erm.ee\/?p=17170#primaryimage"},"thumbnailUrl":"https:\/\/blog.erm.ee\/wp-content\/uploads\/2025\/04\/bv0047.jpg","articleSection":["Foto","Muuseumim\u00f5tted"],"inLanguage":"et","potentialAction":[{"@type":"CommentAction","name":"Comment","target":["https:\/\/blog.erm.ee\/?p=17170#respond"]}]},{"@type":"WebPage","@id":"https:\/\/blog.erm.ee\/?p=17170","url":"https:\/\/blog.erm.ee\/?p=17170","name":"Fotoj\u00e4\u00e4dvustusi Eesti Rahva Muuseumi s\u00fcnnip\u00e4evadest - Eesti Rahva Muuseumi ajaveeb","isPartOf":{"@id":"https:\/\/blog.erm.ee\/#website"},"primaryImageOfPage":{"@id":"https:\/\/blog.erm.ee\/?p=17170#primaryimage"},"image":{"@id":"https:\/\/blog.erm.ee\/?p=17170#primaryimage"},"thumbnailUrl":"https:\/\/blog.erm.ee\/wp-content\/uploads\/2025\/04\/bv0047.jpg","datePublished":"2025-04-29T04:24:21+00:00","dateModified":"2025-04-29T04:24:57+00:00","author":{"@id":"https:\/\/blog.erm.ee\/#\/schema\/person\/6e98c391cb00a33e7c22a3571e062114"},"breadcrumb":{"@id":"https:\/\/blog.erm.ee\/?p=17170#breadcrumb"},"inLanguage":"et","potentialAction":[{"@type":"ReadAction","target":["https:\/\/blog.erm.ee\/?p=17170"]}]},{"@type":"ImageObject","inLanguage":"et","@id":"https:\/\/blog.erm.ee\/?p=17170#primaryimage","url":"https:\/\/blog.erm.ee\/wp-content\/uploads\/2025\/04\/bv0047.jpg","contentUrl":"https:\/\/blog.erm.ee\/wp-content\/uploads\/2025\/04\/bv0047.jpg","width":1600,"height":1067},{"@type":"BreadcrumbList","@id":"https:\/\/blog.erm.ee\/?p=17170#breadcrumb","itemListElement":[{"@type":"ListItem","position":1,"name":"Home","item":"https:\/\/blog.erm.ee\/"},{"@type":"ListItem","position":2,"name":"Fotoj\u00e4\u00e4dvustusi Eesti Rahva Muuseumi s\u00fcnnip\u00e4evadest"}]},{"@type":"WebSite","@id":"https:\/\/blog.erm.ee\/#website","url":"https:\/\/blog.erm.ee\/","name":"Eesti Rahva Muuseumi ajaveeb","description":"","potentialAction":[{"@type":"SearchAction","target":{"@type":"EntryPoint","urlTemplate":"https:\/\/blog.erm.ee\/?s={search_term_string}"},"query-input":{"@type":"PropertyValueSpecification","valueRequired":true,"valueName":"search_term_string"}}],"inLanguage":"et"},{"@type":"Person","@id":"https:\/\/blog.erm.ee\/#\/schema\/person\/6e98c391cb00a33e7c22a3571e062114","name":"Eesti Rahva Muuseum","image":{"@type":"ImageObject","inLanguage":"et","@id":"https:\/\/secure.gravatar.com\/avatar\/cb6d9ad5fb49f3f7315028ce5fe60641075f2cb52b8a058ff5a985fa2d8c1da0?s=96&d=mm&r=g","url":"https:\/\/secure.gravatar.com\/avatar\/cb6d9ad5fb49f3f7315028ce5fe60641075f2cb52b8a058ff5a985fa2d8c1da0?s=96&d=mm&r=g","contentUrl":"https:\/\/secure.gravatar.com\/avatar\/cb6d9ad5fb49f3f7315028ce5fe60641075f2cb52b8a058ff5a985fa2d8c1da0?s=96&d=mm&r=g","caption":"Eesti Rahva Muuseum"},"sameAs":["http:\/\/www.erm.ee"],"url":"https:\/\/blog.erm.ee\/?author=1"}]}},"jetpack_featured_media_url":"https:\/\/blog.erm.ee\/wp-content\/uploads\/2025\/04\/bv0047.jpg","jetpack_shortlink":"https:\/\/wp.me\/p2l9Zd-4sW","jetpack_sharing_enabled":true,"jetpack_likes_enabled":true,"_links":{"self":[{"href":"https:\/\/blog.erm.ee\/index.php?rest_route=\/wp\/v2\/posts\/17170","targetHints":{"allow":["GET"]}}],"collection":[{"href":"https:\/\/blog.erm.ee\/index.php?rest_route=\/wp\/v2\/posts"}],"about":[{"href":"https:\/\/blog.erm.ee\/index.php?rest_route=\/wp\/v2\/types\/post"}],"author":[{"embeddable":true,"href":"https:\/\/blog.erm.ee\/index.php?rest_route=\/wp\/v2\/users\/1"}],"replies":[{"embeddable":true,"href":"https:\/\/blog.erm.ee\/index.php?rest_route=%2Fwp%2Fv2%2Fcomments&post=17170"}],"version-history":[{"count":3,"href":"https:\/\/blog.erm.ee\/index.php?rest_route=\/wp\/v2\/posts\/17170\/revisions"}],"predecessor-version":[{"id":18096,"href":"https:\/\/blog.erm.ee\/index.php?rest_route=\/wp\/v2\/posts\/17170\/revisions\/18096"}],"wp:featuredmedia":[{"embeddable":true,"href":"https:\/\/blog.erm.ee\/index.php?rest_route=\/wp\/v2\/media\/17221"}],"wp:attachment":[{"href":"https:\/\/blog.erm.ee\/index.php?rest_route=%2Fwp%2Fv2%2Fmedia&parent=17170"}],"wp:term":[{"taxonomy":"category","embeddable":true,"href":"https:\/\/blog.erm.ee\/index.php?rest_route=%2Fwp%2Fv2%2Fcategories&post=17170"},{"taxonomy":"post_tag","embeddable":true,"href":"https:\/\/blog.erm.ee\/index.php?rest_route=%2Fwp%2Fv2%2Ftags&post=17170"}],"curies":[{"name":"wp","href":"https:\/\/api.w.org\/{rel}","templated":true}]}}