{"id":17112,"date":"2025-03-25T07:57:59","date_gmt":"2025-03-25T05:57:59","guid":{"rendered":"https:\/\/blog.erm.ee\/?p=17112"},"modified":"2025-03-26T14:33:50","modified_gmt":"2025-03-26T12:33:50","slug":"kihelkonnalood-malulaekast-andrus-saarestega-juri-kihelkonnas","status":"publish","type":"post","link":"https:\/\/blog.erm.ee\/?p=17112","title":{"rendered":"Kihelkonnalood m\u00e4lulaekast. Andrus Saarestega J\u00fcri kihelkonnas"},"content":{"rendered":"<div class=\"fcbkbttn_buttons_block\" id=\"fcbkbttn_left\"><div class=\"fcbkbttn_like \"><fb:like href=\"https:\/\/blog.erm.ee\/?p=17112\" action=\"like\" colorscheme=\"light\" layout=\"standard\"  width=\"225px\" size=\"small\"><\/fb:like><\/div><div class=\"fb-share-button  \" data-href=\"https:\/\/blog.erm.ee\/?p=17112\" data-type=\"button\" data-size=\"small\"><\/div><\/div><p><em>Tiina Tael, peaarhivaar<\/em><\/p>\n<p>Raamatuaasta j\u00e4tkuks tutvustame keeleteadlase Andrus Saareste (1862\u20131964) kogumismatka p\u00e4evikut ning vaatame, millise panuse ta ERMi kogudesse on j\u00e4tnud.<\/p>\n<p><img loading=\"lazy\" decoding=\"async\" data-attachment-id=\"17113\" data-permalink=\"https:\/\/blog.erm.ee\/?attachment_id=17113#main\" data-orig-file=\"https:\/\/blog.erm.ee\/wp-content\/uploads\/2025\/03\/417376_ERM_Fk3051_17115.jpg\" data-orig-size=\"814,1600\" data-comments-opened=\"1\" data-image-meta=\"{&quot;aperture&quot;:&quot;11&quot;,&quot;credit&quot;:&quot;&quot;,&quot;camera&quot;:&quot;NIKON D600&quot;,&quot;caption&quot;:&quot;&quot;,&quot;created_timestamp&quot;:&quot;1565282193&quot;,&quot;copyright&quot;:&quot;&quot;,&quot;focal_length&quot;:&quot;60&quot;,&quot;iso&quot;:&quot;100&quot;,&quot;shutter_speed&quot;:&quot;0.016666666666667&quot;,&quot;title&quot;:&quot;&quot;,&quot;orientation&quot;:&quot;1&quot;}\" data-image-title=\"417376_ERM_Fk3051_17115\" data-image-description=\"\" data-image-caption=\"\" data-large-file=\"https:\/\/blog.erm.ee\/wp-content\/uploads\/2025\/03\/417376_ERM_Fk3051_17115-521x1024.jpg\" class=\"alignnone wp-image-17113 size-large\" src=\"https:\/\/blog.erm.ee\/wp-content\/uploads\/2025\/03\/417376_ERM_Fk3051_17115-521x1024.jpg\" alt=\"\" width=\"521\" height=\"1024\" srcset=\"https:\/\/blog.erm.ee\/wp-content\/uploads\/2025\/03\/417376_ERM_Fk3051_17115-521x1024.jpg 521w, https:\/\/blog.erm.ee\/wp-content\/uploads\/2025\/03\/417376_ERM_Fk3051_17115-153x300.jpg 153w, https:\/\/blog.erm.ee\/wp-content\/uploads\/2025\/03\/417376_ERM_Fk3051_17115-132x260.jpg 132w, https:\/\/blog.erm.ee\/wp-content\/uploads\/2025\/03\/417376_ERM_Fk3051_17115-768x1510.jpg 768w, https:\/\/blog.erm.ee\/wp-content\/uploads\/2025\/03\/417376_ERM_Fk3051_17115-781x1536.jpg 781w, https:\/\/blog.erm.ee\/wp-content\/uploads\/2025\/03\/417376_ERM_Fk3051_17115.jpg 814w\" sizes=\"auto, (max-width: 521px) 100vw, 521px\" \/><\/p>\n<p><em>Keeleteadlane Andrus Saareste. ERM Fk 3051:17115<\/em><\/p>\n<p><em>Kirjeldust\u00f5lge fotole: Must valgel portreefotol on tumedas \u00fclikonnas prillidega mees.<\/em><\/p>\n<p>ERMi vanavarakorjajaks v\u00e4rvati Albert Saaberg (selline oli ta nimi 1921. aastani) t\u00f5en\u00e4oliselt Eesti \u00dcli\u00f5pilaste Seltsi kaudu, kus tegutsesid tollal mitmed ERMi v\u00f5tmeisikud (direktor Oskar Kallas, asjaajaja Edgar Eisenschmidt). Sellele vihjab ka A. Saabergi 4.05.1913 E\u00dcSi aadressil Eisenschmidtile saadetud kiri, kus ta annab teada, et oleks valmis minema juba n\u00e4dala p\u00e4rast kaheks-kolmeks n\u00e4dalaks muuseumile esemeid korjama ja soovib kuludeks 35 rubla. \u00dchtlasi k\u00fcsib ta, kas peab ka joonistusi tegema, ja m\u00e4rgib, et saab sellega keskmiselt hakkama. Noormees oli selleks ajaks \u00fche talve \u00f5ppinud Tartu \u00fclikooli ajaloo-keeleteaduskonnas, sama aasta s\u00fcgisest j\u00e4tkas ta \u00f5pinguid Helsingis. Hiljem sai temast keeleteadlane ja murdeuurija \u2013 see on juba teadusajalugu ning sellest kirjutavad tema raamatud, teatmeteosed ja teadusartiklid. Meie aga l\u00e4heme 1913. aastasse ja J\u00fcri kihelkonda, kuhu Saareste suunati. Esimese sissekande teeb ta oma p\u00e4evaraamatusse (ERM TA 75) \u00a011. mail:<\/p>\n<p><em>11.V. Esimene peatuspaik Kautjala m\u00f5isas. K\u00e4in m\u00f5isa l\u00e4hised pered ja saunad l\u00e4bi. Saak kehv, olla juba varemini korjamas k\u00e4idud. [&#8212;] Muuseumi ja vanavara korjamise \u00fcle ollakse teadlik igal pool, kuid annetamisega ollakse kitsi ja n\u00f5utakse raha. M\u00f5nikord kahtlevad, kas korjajal siiski mitte omakasulisi m\u00f5tteid pole.<\/em><\/p>\n<p>Korjamisraamatusse (ERM k\/r 175) on sellel p\u00e4eval tehtud kuus sissekannet, sh Leenu Kingsepalt saadud u 30\u201340 aastat tagasi valmistatud pesukurikas (ostuhind 40 kop) ja koonlalaud (60 kop).<\/p>\n<p><img loading=\"lazy\" decoding=\"async\" data-attachment-id=\"17114\" data-permalink=\"https:\/\/blog.erm.ee\/?attachment_id=17114#main\" data-orig-file=\"https:\/\/blog.erm.ee\/wp-content\/uploads\/2025\/03\/018268_ERM_11722.jpg\" data-orig-size=\"1600,834\" data-comments-opened=\"1\" data-image-meta=\"{&quot;aperture&quot;:&quot;6.1&quot;,&quot;credit&quot;:&quot;&quot;,&quot;camera&quot;:&quot;E5000&quot;,&quot;caption&quot;:&quot;[#Beginning of Shooting Data Section]\\rNikon COOLPIX5000\\rFocal Length: 12.4mm\\rWhite Balance: Auto\\rDigital Zoom Ratio: 1.00\\r2004\/03\/19 15:31:16\\rExposure Mode: Manual\\rAF Mode: AF-C\\rSaturation comp: 0\\rJPEG (8-bit) Fine\\rMetering Mode: Multi-Pattern\\rTone Comp: Auto\\rSharpening: Auto\\rImage Size:  2560 x 1920\\r1\/125 sec - f\/6.1\\rFlash Sync Mode: Front Curtain\\rNoise Reduction: OFF\\rColor\\rExposure Comp.: 0 EV\\rConverterLens: None\\rSensitivity: ISO 100\\r[#End of Shooting Data Section]&quot;,&quot;created_timestamp&quot;:&quot;1079710276&quot;,&quot;copyright&quot;:&quot;\\u00a9 Eesti Rahva Muuseum&quot;,&quot;focal_length&quot;:&quot;12.4&quot;,&quot;iso&quot;:&quot;100&quot;,&quot;shutter_speed&quot;:&quot;0.008&quot;,&quot;title&quot;:&quot;&quot;,&quot;orientation&quot;:&quot;1&quot;}\" data-image-title=\"018268_ERM_11722\" data-image-description=\"\" data-image-caption=\"&lt;p&gt;[#Beginning of Shooting Data Section]&lt;br \/&gt;\nNikon COOLPIX5000&lt;br \/&gt;\nFocal Length: 12.4mm&lt;br \/&gt;\nWhite Balance: Auto&lt;br \/&gt;\nDigital Zoom Ratio: 1.00&lt;br \/&gt;\n2004\/03\/19 15:31:16&lt;br \/&gt;\nExposure Mode: Manual&lt;br \/&gt;\nAF Mode: AF-C&lt;br \/&gt;\nSaturation comp: 0&lt;br \/&gt;\nJPEG (8-bit) Fine&lt;br \/&gt;\nMetering Mode: Multi-Pattern&lt;br \/&gt;\nTone Comp: Auto&lt;br \/&gt;\nSharpening: Auto&lt;br \/&gt;\nImage Size:  2560 x 1920&lt;br \/&gt;\n1\/125 sec &amp;#8211; f\/6.1&lt;br \/&gt;\nFlash Sync Mode: Front Curtain&lt;br \/&gt;\nNoise Reduction: OFF&lt;br \/&gt;\nColor&lt;br \/&gt;\nExposure Comp.: 0 EV&lt;br \/&gt;\nConverterLens: None&lt;br \/&gt;\nSensitivity: ISO 100&lt;br \/&gt;\n[#End of Shooting Data Section]&lt;\/p&gt;\n\" data-large-file=\"https:\/\/blog.erm.ee\/wp-content\/uploads\/2025\/03\/018268_ERM_11722-1024x534.jpg\" class=\"wp-image-17114 size-large\" src=\"https:\/\/blog.erm.ee\/wp-content\/uploads\/2025\/03\/018268_ERM_11722-1024x534.jpg\" alt=\"\" width=\"700\" height=\"365\" srcset=\"https:\/\/blog.erm.ee\/wp-content\/uploads\/2025\/03\/018268_ERM_11722-1024x534.jpg 1024w, https:\/\/blog.erm.ee\/wp-content\/uploads\/2025\/03\/018268_ERM_11722-300x156.jpg 300w, https:\/\/blog.erm.ee\/wp-content\/uploads\/2025\/03\/018268_ERM_11722-460x240.jpg 460w, https:\/\/blog.erm.ee\/wp-content\/uploads\/2025\/03\/018268_ERM_11722-768x400.jpg 768w, https:\/\/blog.erm.ee\/wp-content\/uploads\/2025\/03\/018268_ERM_11722-1536x801.jpg 1536w, https:\/\/blog.erm.ee\/wp-content\/uploads\/2025\/03\/018268_ERM_11722.jpg 1600w\" sizes=\"auto, (max-width: 700px) 100vw, 700px\" \/><em>Pesukurikas. ERM 11722. J\u00fcri kihelkond, Rae vald, Kautjala k, Kikka saun<\/em><\/p>\n<p><em>Kirjeldust\u00f5lge fotole: Fotol on puidust lapiku kujuga t\u00e4kkekirjaga kaunistatud pesunui.<\/em><\/p>\n<p><img loading=\"lazy\" decoding=\"async\" data-attachment-id=\"17116\" data-permalink=\"https:\/\/blog.erm.ee\/?attachment_id=17116#main\" data-orig-file=\"https:\/\/blog.erm.ee\/wp-content\/uploads\/2025\/03\/204131_ERM_11723_204131.jpg\" data-orig-size=\"701,1600\" data-comments-opened=\"1\" data-image-meta=\"{&quot;aperture&quot;:&quot;9&quot;,&quot;credit&quot;:&quot;&quot;,&quot;camera&quot;:&quot;NIKON D600&quot;,&quot;caption&quot;:&quot;&quot;,&quot;created_timestamp&quot;:&quot;1441186588&quot;,&quot;copyright&quot;:&quot;\\u00a9 Eesti Rahva Muuseum 2015&quot;,&quot;focal_length&quot;:&quot;45&quot;,&quot;iso&quot;:&quot;100&quot;,&quot;shutter_speed&quot;:&quot;0.008&quot;,&quot;title&quot;:&quot;&quot;,&quot;orientation&quot;:&quot;1&quot;}\" data-image-title=\"204131_ERM_11723_204131\" data-image-description=\"\" data-image-caption=\"\" data-large-file=\"https:\/\/blog.erm.ee\/wp-content\/uploads\/2025\/03\/204131_ERM_11723_204131-449x1024.jpg\" class=\"alignnone wp-image-17116 size-large\" src=\"https:\/\/blog.erm.ee\/wp-content\/uploads\/2025\/03\/204131_ERM_11723_204131-449x1024.jpg\" alt=\"\" width=\"449\" height=\"1024\" srcset=\"https:\/\/blog.erm.ee\/wp-content\/uploads\/2025\/03\/204131_ERM_11723_204131-449x1024.jpg 449w, https:\/\/blog.erm.ee\/wp-content\/uploads\/2025\/03\/204131_ERM_11723_204131-131x300.jpg 131w, https:\/\/blog.erm.ee\/wp-content\/uploads\/2025\/03\/204131_ERM_11723_204131-114x260.jpg 114w, https:\/\/blog.erm.ee\/wp-content\/uploads\/2025\/03\/204131_ERM_11723_204131-673x1536.jpg 673w, https:\/\/blog.erm.ee\/wp-content\/uploads\/2025\/03\/204131_ERM_11723_204131.jpg 701w\" sizes=\"auto, (max-width: 449px) 100vw, 449px\" \/><\/p>\n<p><em>Koonlalaud. ERM 11723. J\u00fcri kihelkond, Rae vald, Kautjala k, Kikka saun<\/em><\/p>\n<p><em>Kirjeldust\u00f5lge fotole: Fotol on puidust l\u00f5ikekirjadega kaunistatud koonlahoidja, mida kasutati vokiga ketramisel.<\/em><\/p>\n<p>Oma joonistamisoskust kasutas ta korjamisraamatus pesukurika ilustuse lahtiseletamisel. Ka Madli Rosenfeldilt (Kolga) saadud s\u00e4rgi ilustusi seletas ta jooniste abil.<\/p>\n<p><img loading=\"lazy\" decoding=\"async\" data-attachment-id=\"17117\" data-permalink=\"https:\/\/blog.erm.ee\/?attachment_id=17117#main\" data-orig-file=\"https:\/\/blog.erm.ee\/wp-content\/uploads\/2025\/03\/068318_ERM_11762.jpg\" data-orig-size=\"1600,959\" data-comments-opened=\"1\" data-image-meta=\"{&quot;aperture&quot;:&quot;13&quot;,&quot;credit&quot;:&quot;&quot;,&quot;camera&quot;:&quot;NIKON D200&quot;,&quot;caption&quot;:&quot;&quot;,&quot;created_timestamp&quot;:&quot;1328200114&quot;,&quot;copyright&quot;:&quot;&quot;,&quot;focal_length&quot;:&quot;22&quot;,&quot;iso&quot;:&quot;100&quot;,&quot;shutter_speed&quot;:&quot;0.016666666666667&quot;,&quot;title&quot;:&quot;&quot;,&quot;orientation&quot;:&quot;1&quot;}\" data-image-title=\"068318_ERM_11762\" data-image-description=\"\" data-image-caption=\"\" data-large-file=\"https:\/\/blog.erm.ee\/wp-content\/uploads\/2025\/03\/068318_ERM_11762-1024x614.jpg\" class=\"alignnone wp-image-17117 size-large\" src=\"https:\/\/blog.erm.ee\/wp-content\/uploads\/2025\/03\/068318_ERM_11762-1024x614.jpg\" alt=\"\" width=\"700\" height=\"420\" srcset=\"https:\/\/blog.erm.ee\/wp-content\/uploads\/2025\/03\/068318_ERM_11762-1024x614.jpg 1024w, https:\/\/blog.erm.ee\/wp-content\/uploads\/2025\/03\/068318_ERM_11762-300x180.jpg 300w, https:\/\/blog.erm.ee\/wp-content\/uploads\/2025\/03\/068318_ERM_11762-434x260.jpg 434w, https:\/\/blog.erm.ee\/wp-content\/uploads\/2025\/03\/068318_ERM_11762-768x460.jpg 768w, https:\/\/blog.erm.ee\/wp-content\/uploads\/2025\/03\/068318_ERM_11762-1536x921.jpg 1536w, https:\/\/blog.erm.ee\/wp-content\/uploads\/2025\/03\/068318_ERM_11762.jpg 1600w\" sizes=\"auto, (max-width: 700px) 100vw, 700px\" \/><em>Naiste s\u00e4rk. ERM 17762. J\u00fcri khk, Kurna k, Tilluv\u00e4lja saun<\/em><\/p>\n<p><em>Kirjeldust\u00f5lge fotole: Fotol on hallikas-valge linane pikkade puhvvarrukatega kraega s\u00e4rk.<\/em><\/p>\n<p><img loading=\"lazy\" decoding=\"async\" data-attachment-id=\"17118\" data-permalink=\"https:\/\/blog.erm.ee\/?attachment_id=17118#main\" data-orig-file=\"https:\/\/blog.erm.ee\/wp-content\/uploads\/2025\/03\/ak_01.jpg\" data-orig-size=\"1600,655\" data-comments-opened=\"1\" data-image-meta=\"{&quot;aperture&quot;:&quot;11&quot;,&quot;credit&quot;:&quot;&quot;,&quot;camera&quot;:&quot;NIKON D850&quot;,&quot;caption&quot;:&quot;&quot;,&quot;created_timestamp&quot;:&quot;1742198386&quot;,&quot;copyright&quot;:&quot;&quot;,&quot;focal_length&quot;:&quot;60&quot;,&quot;iso&quot;:&quot;100&quot;,&quot;shutter_speed&quot;:&quot;0.016666666666667&quot;,&quot;title&quot;:&quot;&quot;,&quot;orientation&quot;:&quot;1&quot;}\" data-image-title=\"ak_01\" data-image-description=\"\" data-image-caption=\"\" data-large-file=\"https:\/\/blog.erm.ee\/wp-content\/uploads\/2025\/03\/ak_01-1024x419.jpg\" class=\"alignnone wp-image-17118 size-large\" src=\"https:\/\/blog.erm.ee\/wp-content\/uploads\/2025\/03\/ak_01-1024x419.jpg\" alt=\"\" width=\"700\" height=\"286\" srcset=\"https:\/\/blog.erm.ee\/wp-content\/uploads\/2025\/03\/ak_01-1024x419.jpg 1024w, https:\/\/blog.erm.ee\/wp-content\/uploads\/2025\/03\/ak_01-300x123.jpg 300w, https:\/\/blog.erm.ee\/wp-content\/uploads\/2025\/03\/ak_01-460x188.jpg 460w, https:\/\/blog.erm.ee\/wp-content\/uploads\/2025\/03\/ak_01-768x314.jpg 768w, https:\/\/blog.erm.ee\/wp-content\/uploads\/2025\/03\/ak_01-1536x629.jpg 1536w, https:\/\/blog.erm.ee\/wp-content\/uploads\/2025\/03\/ak_01.jpg 1600w\" sizes=\"auto, (max-width: 700px) 100vw, 700px\" \/><em>Lehek\u00fclg A. Saabergi korjamisraamatust. ERM k\/r 175<\/em><\/p>\n<p><em>Kirjeldust\u00f5lge fotole: Fotol on musta tindiga k\u00e4sitsi kirjutatud lehek\u00fclg korjamisraamatust.<\/em><\/p>\n<p>Rahvar\u00f5ivastest kogus Saareste veel liistikuid, naiste kampsuni, kiriv\u00f6\u00f6sid, kiilsukad ning r\u00f5ivastega kantavaid ehteid, tasku ja peapaela. Samu j\u00f5udsid muuseumisse tema kogutud kolm vaipa-vankritekki.<\/p>\n<p><img loading=\"lazy\" decoding=\"async\" data-attachment-id=\"17120\" data-permalink=\"https:\/\/blog.erm.ee\/?attachment_id=17120#main\" data-orig-file=\"https:\/\/blog.erm.ee\/wp-content\/uploads\/2025\/03\/114232_ERM_11738.jpg\" data-orig-size=\"1600,1182\" data-comments-opened=\"1\" data-image-meta=\"{&quot;aperture&quot;:&quot;16&quot;,&quot;credit&quot;:&quot;Priit&quot;,&quot;camera&quot;:&quot;Hasselblad H3DII-50MS - Hasselblad H3D&quot;,&quot;caption&quot;:&quot;&quot;,&quot;created_timestamp&quot;:&quot;1253808031&quot;,&quot;copyright&quot;:&quot;&quot;,&quot;focal_length&quot;:&quot;80&quot;,&quot;iso&quot;:&quot;50&quot;,&quot;shutter_speed&quot;:&quot;0.0039999987930059&quot;,&quot;title&quot;:&quot;&quot;,&quot;orientation&quot;:&quot;1&quot;}\" data-image-title=\"114232_ERM_11738\" data-image-description=\"\" data-image-caption=\"\" data-large-file=\"https:\/\/blog.erm.ee\/wp-content\/uploads\/2025\/03\/114232_ERM_11738-1024x756.jpg\" class=\"alignnone wp-image-17120 size-large\" src=\"https:\/\/blog.erm.ee\/wp-content\/uploads\/2025\/03\/114232_ERM_11738-1024x756.jpg\" alt=\"\" width=\"700\" height=\"517\" srcset=\"https:\/\/blog.erm.ee\/wp-content\/uploads\/2025\/03\/114232_ERM_11738-1024x756.jpg 1024w, https:\/\/blog.erm.ee\/wp-content\/uploads\/2025\/03\/114232_ERM_11738-300x222.jpg 300w, https:\/\/blog.erm.ee\/wp-content\/uploads\/2025\/03\/114232_ERM_11738-352x260.jpg 352w, https:\/\/blog.erm.ee\/wp-content\/uploads\/2025\/03\/114232_ERM_11738-768x567.jpg 768w, https:\/\/blog.erm.ee\/wp-content\/uploads\/2025\/03\/114232_ERM_11738-1536x1135.jpg 1536w, https:\/\/blog.erm.ee\/wp-content\/uploads\/2025\/03\/114232_ERM_11738.jpg 1600w\" sizes=\"auto, (max-width: 700px) 100vw, 700px\" \/><em>Vankritekk. ERM 11738. M\u00fc\u00fcja Mari Kesa. J\u00fcri khk, Pajupea k, V\u00e4rava t. Vanus \u00fcle 30 a. \u201eK\u00fcla kanguri juures koetud. Kodu v\u00e4rvitud. Kirjad ise loodud\u201c.<\/em><\/p>\n<p><em>Kirjeldust\u00f5lge fotole: Fotol on erksav\u00e4rviline kaheksakandadega villane vaip.<\/em><\/p>\n<p><em>14.V. Enne l\u00f5unat k\u00e4ime Vaskjala l\u00e4histes saunades: Puki, Kitse, Kingsepa j. T. Siin l\u00e4heb \u00f5ige palju aega kauplemisega \u00e4ra. Tahetakse iga t\u00fchja asja eest hinge hinda. Kui meie n\u00f5utavat hinda maksta ei taha, lubatakse juudile m\u00fc\u00fca. P\u00e4\u00e4lel\u00f5unakul k\u00e4ime kaugemal asetatud saunad ja pered l\u00e4bi (&#8212;) Peredes ollakse vastutulekus lahke, asjade eest hinda ei k\u00fcsita. Saunikud p\u00fc\u00fcavad aga \u00e4ri teha.<\/em><\/p>\n<p>Mis j\u00e4rgmistel p\u00e4evadel kogumismatkal edasi juhtub, saate lugeda juba sellelt p\u00e4evikulehelt:<\/p>\n<p><img loading=\"lazy\" decoding=\"async\" data-attachment-id=\"17121\" data-permalink=\"https:\/\/blog.erm.ee\/?attachment_id=17121#main\" data-orig-file=\"https:\/\/blog.erm.ee\/wp-content\/uploads\/2025\/03\/012511_ERM_TA75_012511.jpg\" data-orig-size=\"1274,1600\" data-comments-opened=\"1\" data-image-meta=\"{&quot;aperture&quot;:&quot;0&quot;,&quot;credit&quot;:&quot;Andmevara Services&quot;,&quot;camera&quot;:&quot;CopiBook OS A2 (EAGLE-E-HRIS 71 Mpixel, Sigma 50mm f-1.4 DG)&quot;,&quot;caption&quot;:&quot;ERMTA75_2.tif&quot;,&quot;created_timestamp&quot;:&quot;0&quot;,&quot;copyright&quot;:&quot;&quot;,&quot;focal_length&quot;:&quot;0&quot;,&quot;iso&quot;:&quot;0&quot;,&quot;shutter_speed&quot;:&quot;0&quot;,&quot;title&quot;:&quot;ERMTA75_2.tif&quot;,&quot;orientation&quot;:&quot;1&quot;}\" data-image-title=\"ERMTA75_2.tif\" data-image-description=\"\" data-image-caption=\"&lt;p&gt;ERMTA75_2.tif&lt;\/p&gt;\n\" data-large-file=\"https:\/\/blog.erm.ee\/wp-content\/uploads\/2025\/03\/012511_ERM_TA75_012511-815x1024.jpg\" class=\"wp-image-17121 size-large\" src=\"https:\/\/blog.erm.ee\/wp-content\/uploads\/2025\/03\/012511_ERM_TA75_012511-815x1024.jpg\" alt=\"\" width=\"700\" height=\"880\" srcset=\"https:\/\/blog.erm.ee\/wp-content\/uploads\/2025\/03\/012511_ERM_TA75_012511-815x1024.jpg 815w, https:\/\/blog.erm.ee\/wp-content\/uploads\/2025\/03\/012511_ERM_TA75_012511-239x300.jpg 239w, https:\/\/blog.erm.ee\/wp-content\/uploads\/2025\/03\/012511_ERM_TA75_012511-207x260.jpg 207w, https:\/\/blog.erm.ee\/wp-content\/uploads\/2025\/03\/012511_ERM_TA75_012511-768x965.jpg 768w, https:\/\/blog.erm.ee\/wp-content\/uploads\/2025\/03\/012511_ERM_TA75_012511-1223x1536.jpg 1223w, https:\/\/blog.erm.ee\/wp-content\/uploads\/2025\/03\/012511_ERM_TA75_012511.jpg 1274w\" sizes=\"auto, (max-width: 700px) 100vw, 700px\" \/><\/p>\n<p><em>Lehek\u00fclg Albert Saabergi p\u00e4evaraamatust. ERM TA 75<\/em><\/p>\n<p><em>Kirjeldust\u00f5lge fotole: Fotol on musta tindiga k\u00e4sitsi kirjutatud p\u00e4evikulehek\u00fclg.<\/em><\/p>\n<p>Siin on p\u00f5nev viide Hans Lehtmanni k\u00e4est saadud pronksist esemetele \u2013 korjamisraamatust saab teada, et need leiti Lagedi kangrutest, kuid nende saatus on kahjuks teadmata. Korjamisraamatus on numbri saanud ainult prees, asju oli aga 36. T\u00f5si, m\u00f5ned rahad ja k\u00e4ev\u00f5rud olid ka nummerdatud, aga need on \u00fcle antud arheoloogiakabinetile.<\/p>\n<p><img loading=\"lazy\" decoding=\"async\" data-attachment-id=\"17122\" data-permalink=\"https:\/\/blog.erm.ee\/?attachment_id=17122#main\" data-orig-file=\"https:\/\/blog.erm.ee\/wp-content\/uploads\/2025\/03\/070578_ERM_11755.jpg\" data-orig-size=\"1600,1600\" data-comments-opened=\"1\" data-image-meta=\"{&quot;aperture&quot;:&quot;22&quot;,&quot;credit&quot;:&quot;{your name}&quot;,&quot;camera&quot;:&quot;NIKON D200&quot;,&quot;caption&quot;:&quot;&quot;,&quot;created_timestamp&quot;:&quot;1336560930&quot;,&quot;copyright&quot;:&quot;(C)2011 {your name}, all rights reserved&quot;,&quot;focal_length&quot;:&quot;105&quot;,&quot;iso&quot;:&quot;200&quot;,&quot;shutter_speed&quot;:&quot;0.016666666666667&quot;,&quot;title&quot;:&quot;&quot;,&quot;orientation&quot;:&quot;1&quot;}\" data-image-title=\"070578_ERM_11755\" data-image-description=\"\" data-image-caption=\"\" data-large-file=\"https:\/\/blog.erm.ee\/wp-content\/uploads\/2025\/03\/070578_ERM_11755-1024x1024.jpg\" class=\"alignnone wp-image-17122 size-large\" src=\"https:\/\/blog.erm.ee\/wp-content\/uploads\/2025\/03\/070578_ERM_11755-1024x1024.jpg\" alt=\"\" width=\"700\" height=\"700\" srcset=\"https:\/\/blog.erm.ee\/wp-content\/uploads\/2025\/03\/070578_ERM_11755-1024x1024.jpg 1024w, https:\/\/blog.erm.ee\/wp-content\/uploads\/2025\/03\/070578_ERM_11755-300x300.jpg 300w, https:\/\/blog.erm.ee\/wp-content\/uploads\/2025\/03\/070578_ERM_11755-260x260.jpg 260w, https:\/\/blog.erm.ee\/wp-content\/uploads\/2025\/03\/070578_ERM_11755-768x768.jpg 768w, https:\/\/blog.erm.ee\/wp-content\/uploads\/2025\/03\/070578_ERM_11755-1536x1536.jpg 1536w, https:\/\/blog.erm.ee\/wp-content\/uploads\/2025\/03\/070578_ERM_11755-50x50.jpg 50w, https:\/\/blog.erm.ee\/wp-content\/uploads\/2025\/03\/070578_ERM_11755.jpg 1600w\" sizes=\"auto, (max-width: 700px) 100vw, 700px\" \/><em>Prees. ERM 11755. Kinkis Hans Lehtmann Rae k, Sirgum\u00e4e saun. Leitud Lagedi kangrutest<\/em><\/p>\n<p><em>Kirjeldust\u00f5lge fotole: Fotol on h\u00f5bedane prees &#8211; sakilise servaga s\u00f5\u00f5rik rinnaehe.<\/em><\/p>\n<p>Kirjavahetuses muuseumiga k\u00f5neleb ta sellest leiust tihti. 16. mai kirjas seisab:<\/p>\n<p><em>Kuid juhtusin ka \u00f5ige haruldastele asjadele, mille leiu juhust ette arvatagi ei v\u00f5inud ja mida ka kustki n\u00f5nda kergesti loota pole. Need on kogu vanu brongs asju (k\u00e4ev\u00f5rud, vibukujulised preesid, spiraal s\u00f5rmused j. m. m.) m\u00f5ned Daani aegsed h\u00f5be rahad (Voldemar), kogu muistseid klaas p\u00e4rleid (m\u00f5ned kullatud, v\u00e4ga haruldased, millest \u00f5ige v\u00e4hesed Tall. Prov. Muuseumis alal on) ja m\u00f5ndagi muud, vanadest haudadest, sellegi kaevamiste t\u00f6\u00f6lise leitud, nende nime siin tema palve peale saladusse j\u00e4tan, m\u00f5nesugustel p\u00f5hjustel, millest k\u00f5igist hiljem pikemalt kirjutan.<\/em><\/p>\n<p>Ka j\u00e4rgmises kirjas (4. juuni) peatub ta sellel teemal ja palub, et asjad ega ka korjamise raamat poleks esialgu k\u00f5igile k\u00e4ttesaadavad, sest muidu v\u00f5ib nimetatud isik, kes oli Tallinna Provintsiaalmuuseumi teenistuses, oma koha kaotada ja ta v\u00f5idakse v\u00f5tta kohtulikule vastutusele. Samas kirjas palub ta juhatust, kuidas asju Tartusse saata, ja k\u00fcsib, kas panna t\u00e4htsamad ja v\u00e4\u00e4rtuslikumad asjad teele \u201ekinnitatult, erilises pakis\u201c. J\u00e4rgmises kirjas (20. juuli) selgub, et Hans Lehtmann on andnud loa oma nimi avaldada ning kirja juures oleval sedelil m\u00e4rgitakse H. Lehtmanni k\u00e4est saadud annetuse tingimusena:<\/p>\n<ol>\n<li><em> R. M-i Tallinna osakonna avamise puhul saagu h-ra H. L. poolt annetatud asjad, kui neil siis dublettisid ei saa veel olema, nimetatud linna (Tallinna) v\u00e4lja pandud.<\/em><\/li>\n<\/ol>\n<p>K\u00fcllap need asjad ERMi Tallinna osakonna v\u00e4ljapanekule j\u00f5udsid. Hiljem kujunes Tallinna osakonnast omaette Eesti Muuseum ja veel hiljem Eesti Kunstimuuseum, kuid paraku on ajalooliste keerdk\u00e4ikudega nende asjade edasised j\u00e4ljed kadunud.<\/p>\n<p>J\u00e4tkame Saareste p\u00e4evaraamatu sissekannetega\u2026<\/p>\n<p><em>17.V. Hommikul pakin k\u00f5ik korjatud asjad kokku ja asun teele Kautjala m\u00f5isa poole, mille korjamise keskkohaks ja asjade kogumise paigaks olen valinud. Siin saan kuulda, et mitmest \u00fcmbruskonna saunast, milles varem k\u00e4isin, olla hiljem, minu \u00e4raolekul, m\u00f5isa tuldud j\u00e4rel p\u00e4rima, kus korjaja on, sest asju olla veelgi leitud. Arvan, et n\u00fc\u00fcd vist mehi, kes varem asju varjul hoidsid, \u201es\u00fcdametunnistus\u201c neid v\u00e4lja sunnib laduma. Kuid eksin r\u00e4ngalt. \u00dclesotsitud on \u00f5ige t\u00fchised asjad, milles hingehinda n\u00f5utakse. N\u00e4htavaste hakkas neid ainult \u201ekukru-tunnistus\u201c tagantj\u00e4rge piinama. \u2013 J\u00e4relej\u00e4\u00e4nud osa p\u00e4evast m\u00e4\u00e4ran puhkuseks.<\/em><\/p>\n<p><em>18.V. P\u00e4eva algul astun Kurna koolimaja poole teele. Siinne kooli\u00f5p. h-ra Kasekamp pakub lahkelt oma kaasabi ja juhatusi edaspidiseks korjamiseks. Olin juba varem tunda saanud kui tarvilise ja kasulik niisugune abi on: tuntud isikut korjajad seltsis n\u00e4hes tunnevad talupojad algul kohe usaldust, lasevad naisi vanavara otsida ja h\u00e4benevad asjade eest hinda k\u00fcsimast. \u2013 Kuna Kurna vald juba ennem siinse kooli\u00f5p. poolt suuremalt osalt on l\u00e4bi otsitud, siis astume ainult veel 6-7 talusse ja sauna, kust nii m\u00f5ndagi veel leiame. <\/em><\/p>\n<p>Saareste ei kogunud ainult esemeid, vaid korjamisraamatusse on kantud mitu raamatut, mis on t\u00f5en\u00e4oliselt hoiul Eesti Kirjandusmuuseumi arhiivraamatukogus, samuti vanad rahad (anti hiljem \u00fcle Arheoloogiakabinetile) ning \u00fcks p\u00e4evapilt, mis on saadud J\u00fcri Jaanuselt S\u00f5mera k\u00fcla Pilliroo perest.<\/p>\n<p><img loading=\"lazy\" decoding=\"async\" data-attachment-id=\"17123\" data-permalink=\"https:\/\/blog.erm.ee\/?attachment_id=17123#main\" data-orig-file=\"https:\/\/blog.erm.ee\/wp-content\/uploads\/2025\/03\/020801_ERM_Fk133_1.jpg\" data-orig-size=\"1600,1148\" data-comments-opened=\"1\" data-image-meta=\"{&quot;aperture&quot;:&quot;0&quot;,&quot;credit&quot;:&quot;&quot;,&quot;camera&quot;:&quot;Scando icoss&quot;,&quot;caption&quot;:&quot;&quot;,&quot;created_timestamp&quot;:&quot;0&quot;,&quot;copyright&quot;:&quot;&quot;,&quot;focal_length&quot;:&quot;0&quot;,&quot;iso&quot;:&quot;0&quot;,&quot;shutter_speed&quot;:&quot;0&quot;,&quot;title&quot;:&quot;&quot;,&quot;orientation&quot;:&quot;1&quot;}\" data-image-title=\"020801_ERM_Fk133_1\" data-image-description=\"\" data-image-caption=\"\" data-large-file=\"https:\/\/blog.erm.ee\/wp-content\/uploads\/2025\/03\/020801_ERM_Fk133_1-1024x735.jpg\" class=\"alignnone wp-image-17123 size-large\" src=\"https:\/\/blog.erm.ee\/wp-content\/uploads\/2025\/03\/020801_ERM_Fk133_1-1024x735.jpg\" alt=\"\" width=\"700\" height=\"502\" srcset=\"https:\/\/blog.erm.ee\/wp-content\/uploads\/2025\/03\/020801_ERM_Fk133_1-1024x735.jpg 1024w, https:\/\/blog.erm.ee\/wp-content\/uploads\/2025\/03\/020801_ERM_Fk133_1-300x215.jpg 300w, https:\/\/blog.erm.ee\/wp-content\/uploads\/2025\/03\/020801_ERM_Fk133_1-362x260.jpg 362w, https:\/\/blog.erm.ee\/wp-content\/uploads\/2025\/03\/020801_ERM_Fk133_1-768x551.jpg 768w, https:\/\/blog.erm.ee\/wp-content\/uploads\/2025\/03\/020801_ERM_Fk133_1-1536x1102.jpg 1536w, https:\/\/blog.erm.ee\/wp-content\/uploads\/2025\/03\/020801_ERM_Fk133_1.jpg 1600w\" sizes=\"auto, (max-width: 700px) 100vw, 700px\" \/><em>Tallinna III laulupidu. J\u00fcri rahvar\u00f5ivad. Fotograaf teadmata, 1910. ERM Fk 133:1<\/em><\/p>\n<p><em>Kirjeldust\u00f5lge fotole: Must-valgel fotol on murul kahes reas rahvariietes naised ja mehed.<\/em><\/p>\n<p>P\u00e4evikus leiab m\u00e4rkimist ka Saareste kohtumine Kurna kooli\u00f5petaja, hilisema kindralmajori August Kasekampiga (1889\u20131942), kes korjas samuti tol suvel J\u00fcri kihelkonnas esemelist vanavara ja kellega koos k\u00e4idi Kurna vallas Nabala kogukonnas. Saareste k\u00e4is \u00fcksi veel Vaskjala, Limu, Pajupea, Kautjala, Sauna, S\u00f5meru ja Vaida k\u00fclas, Kasekamp aga \u00fclej\u00e4\u00e4nud kihelkonnas, nii et J\u00fcri kihelkond sai 1913. aasta suvel enam-v\u00e4hem l\u00e4bi k\u00e4idud.<\/p>\n<ol start=\"21\">\n<li><em> V. Vaidal. Pererahvas on siin \u00f5ige jutukas, p\u00e4rib teateid Muuseumi ja korjamise \u00fcle, nii et seletusi andes kogu p\u00e4ev \u00e4ra kulub. Asjade annetamine teeb peredes abielurahva vahel sagedaste t\u00fclisid, sest mees tahaks h\u00e4\u00e4meelega kinkida, naine aga ainult m\u00fc\u00fca ehk sedagi mitte. \u00dchelt vanakeselt saame ostu teel Piibli a 1731. Naine seisab \u00e4gedalt vastu: olla isa-isade m\u00e4lestus, kaanel olla k\u00f5igi esivanemate nimed \u00fches s\u00fcndimise asjaga \u00fcles t\u00e4hendatud. Mees, kes vabameelne ja ratsionalist n\u00e4ib olevat, l\u00f5petab aga seega, et uue sugukonna kroonika kalendri kaanele kopeerib ja raamatuga v\u00e4ikese \u00e4ri teeb, sest Muuseumis n\u00e4ib tal \u00f5ige v\u00e4he aimu olevat: peab teda mingi basaari-sarnaseks, karuselli ja veidrustega, kus linnarahvale maainimeste hilpudega l\u00f5bu s\u00fcnnitakse.<\/em><\/li>\n<\/ol>\n<p>Korjamisraamat \u00fctleb piibli dateeringuks 1739 ning m\u00e4rgib, et see on saadud Kristjan Hannibali k\u00e4est Klooga talust Vaida vallast ja ostuhind on 2.50. Piibli edasine tee viis arhiivraamatukokku ja selle esialgne number oli 795.<\/p>\n<p>Saare p\u00e4evaraamatu viimane sissekanne on 22. maist:<\/p>\n<p><em>L\u00f5una eel astun veel m\u00f5nesse peresse sisse, mis l\u00e4inud p\u00e4eval vahele j\u00e4\u00e4nud. Ka siin, nagu peaaegu igal pool, kuulen kaebtusi, et mistarvis Muuseumile asju annetada, kui neid ise ometigi iial n\u00e4ha ei saa, sest Tartu on kaugel ja nende jalad sattuvad vaevalt elades sinna. P\u00fc\u00fcan neid seega rahustada, et luban selle eest h\u00e4\u00e4 seista, et nende kihelkonna asjad s\u00fcgisesel p\u00f5llut\u00f6\u00f6 n\u00e4itusel Tallinnas v\u00e4lja pandaks. \u2013 P\u00e4\u00e4lel\u00f5unal panen korjatud asjad kokku ja s\u00f5idan tagasi Kautjala m\u00f5isa. Siit lasen nad k\u00f5ik koos linna transporteerida. <\/em><\/p>\n<p>Vahem\u00e4rkusena m\u00e4rgin, et kogutud asju on n\u00fc\u00fcd v\u00f5imalik vaadata iga p\u00e4ev ja igal ajal Tartusse s\u00f5itmatagi. Kui k\u00fcsida <a href=\"https:\/\/www.muis.ee\/search\">MUIS andmebaasist<\/a> isiku real Andrus Saarestet ja valida muuseumiks Eesti Rahva Muuseum, siis leiabki tema 1913. aasta kogumismatka saagi. Muidugi saab asju ka muuseumis l\u00e4hemalt vaadata. M\u00f5nikord tulevad need hoidlatest v\u00e4lja n\u00e4itustele, n\u00e4iteks oli m\u00f5ni aasta tagasi suur rahvar\u00f5ivan\u00e4itus. Vaipu v\u00f5ib n\u00e4ha p\u00fcsin\u00e4ituse vaibasaalis, praegu on aga \u00fcleval valgustite n\u00e4itus, kus on muu hulgas ka see \u201eisa-isadelt p\u00e4randatud\u201c k\u00fc\u00fcnlajalg.<\/p>\n<p><img loading=\"lazy\" decoding=\"async\" data-attachment-id=\"17115\" data-permalink=\"https:\/\/blog.erm.ee\/?attachment_id=17115#main\" data-orig-file=\"https:\/\/blog.erm.ee\/wp-content\/uploads\/2025\/03\/211413_ERM_11721.jpg\" data-orig-size=\"767,1600\" data-comments-opened=\"1\" data-image-meta=\"{&quot;aperture&quot;:&quot;25&quot;,&quot;credit&quot;:&quot;&quot;,&quot;camera&quot;:&quot;NIKON D600&quot;,&quot;caption&quot;:&quot;&quot;,&quot;created_timestamp&quot;:&quot;1453286542&quot;,&quot;copyright&quot;:&quot;&quot;,&quot;focal_length&quot;:&quot;105&quot;,&quot;iso&quot;:&quot;100&quot;,&quot;shutter_speed&quot;:&quot;0.008&quot;,&quot;title&quot;:&quot;&quot;,&quot;orientation&quot;:&quot;1&quot;}\" data-image-title=\"211413_ERM_11721\" data-image-description=\"\" data-image-caption=\"\" data-large-file=\"https:\/\/blog.erm.ee\/wp-content\/uploads\/2025\/03\/211413_ERM_11721-491x1024.jpg\" class=\"alignnone wp-image-17115 size-large\" src=\"https:\/\/blog.erm.ee\/wp-content\/uploads\/2025\/03\/211413_ERM_11721-491x1024.jpg\" alt=\"\" width=\"491\" height=\"1024\" srcset=\"https:\/\/blog.erm.ee\/wp-content\/uploads\/2025\/03\/211413_ERM_11721-491x1024.jpg 491w, https:\/\/blog.erm.ee\/wp-content\/uploads\/2025\/03\/211413_ERM_11721-144x300.jpg 144w, https:\/\/blog.erm.ee\/wp-content\/uploads\/2025\/03\/211413_ERM_11721-125x260.jpg 125w, https:\/\/blog.erm.ee\/wp-content\/uploads\/2025\/03\/211413_ERM_11721-736x1536.jpg 736w, https:\/\/blog.erm.ee\/wp-content\/uploads\/2025\/03\/211413_ERM_11721.jpg 767w\" sizes=\"auto, (max-width: 491px) 100vw, 491px\" \/><\/p>\n<p><em>K\u00fc\u00fcnlajalg. ERM 11721. Kogutud Juhan K\u00e4\u00e4si k\u00e4est J\u00fcri kihelkonnast Kautjala vallast Kautjala m\u00f5isast<\/em><\/p>\n<p><em>Kirjeldust\u00f5lge fotole: Fotol on kollakast metallist k\u00fc\u00fcnlajalg: \u00fcmaral alusel k\u00fc\u00fcnlavars, mille otsas pesa ehk ava k\u00fc\u00fcnla jaoks.<\/em><\/p>\n<p>Sellega saigi kogumismatk J\u00fcri kihelkonnas l\u00e4bi. Talvel kirjutas Saareste, kes oli Helsingi \u00fclikoolist j\u00f5ulupuhkusel Tallinnas, et oleks n\u00f5us asja t\u00e4htsust ja kiirust silmas pidades ja saare eestlaste keeleliste ise\u00e4rasuste vastu huvi tundes v\u00f5tma ette teekonna Naissaarele. Samas kirjas m\u00e4rgib ta, et ei m\u00f5ista rootsi keelt ja arvab, et ehk on abi, kui keegi rootsi keele m\u00f5istja on kaaslaseks. Kuna Saarestele sobisid ainult kolm n\u00e4dalat detsembris ja asja korraldamine v\u00f5ttis t\u00f5en\u00e4oliselt aega, siis j\u00e4i see reis toimumata. Naissaar k\u00e4is Tallinna kindluse komandandi v\u00f5imupiirkonda ja seega oli sinna minekuks vaja luba. Kardetavasti j\u00e4i see saamata, sest plaan oli ka p\u00e4evapiltnik Jaan Kristin kaasa v\u00f5tta, ent aparaadiga saarele minek oli keeruline. Saarestele, kellele tegi muret v\u00e4hene rootsi keele oskus, tegi aga elu hiljem sellise p\u00f6\u00f6rdk\u00e4igu, mis viis ta paarik\u00fcmneks aastaks pagulusse just Rootsi. Uppsalas professor Andrus-Kustas Saareste hauakivil on kiri \u201eMe emakeel on meie arm\u201c.<\/p>\n<p><em>Allikad<\/em><\/p>\n<p><em>Albert Saalbergi p\u00e4evaraamat vanavara kogumisel. ERM TA 75<\/em><\/p>\n<p><em>Eesti Rahva Muuseumi korjamisraamat nr 175<\/em><\/p>\n<p><em>ERM saadud kirjad, 1913. ERM Arh n 1, s 36<\/em><\/p>\n<p><em>ERM saadud kirjad, 1914. ERM Arh n 1, s 38<\/em><\/p>\n<p>&nbsp;<\/p>\n<div class=\"fcbkbttn_buttons_block\" id=\"fcbkbttn_left\"><div class=\"fcbkbttn_like \"><fb:like href=\"https:\/\/blog.erm.ee\/?p=17112\" action=\"like\" colorscheme=\"light\" layout=\"standard\"  width=\"225px\" size=\"small\"><\/fb:like><\/div><div class=\"fb-share-button  \" data-href=\"https:\/\/blog.erm.ee\/?p=17112\" data-type=\"button\" data-size=\"small\"><\/div><\/div>","protected":false},"excerpt":{"rendered":"<p>Tiina Tael, peaarhivaar Raamatuaasta j\u00e4tkuks tutvustame keeleteadlase Andrus Saareste (1862\u20131964) kogumismatka p\u00e4evikut ning vaatame, millise panuse ta ERMi kogudesse on j\u00e4tnud. Keeleteadlane Andrus Saareste. ERM Fk 3051:17115 Kirjeldust\u00f5lge fotole: Must valgel portreefotol on tumedas \u00fclikonnas prillidega mees. ERMi vanavarakorjajaks v\u00e4rvati Albert Saaberg (selline oli ta nimi 1921. aastani) t\u00f5en\u00e4oliselt Eesti \u00dcli\u00f5pilaste Seltsi kaudu, kus tegutsesid&hellip;<\/p>\n","protected":false},"author":1,"featured_media":17118,"comment_status":"open","ping_status":"open","sticky":false,"template":"","format":"standard","meta":{"_monsterinsights_skip_tracking":false,"_monsterinsights_sitenote_active":false,"_monsterinsights_sitenote_note":"","_monsterinsights_sitenote_category":0,"jetpack_post_was_ever_published":false,"_jetpack_newsletter_access":"","_jetpack_dont_email_post_to_subs":false,"_jetpack_newsletter_tier_id":0,"_jetpack_memberships_contains_paywalled_content":false,"_jetpack_memberships_contains_paid_content":false,"footnotes":""},"categories":[46,6,5],"tags":[],"class_list":["post-17112","post","type-post","status-publish","format-standard","has-post-thumbnail","hentry","category-eesti-raamat-500","category-foto","category-museaal"],"yoast_head":"<!-- This site is optimized with the Yoast SEO plugin v27.5 - https:\/\/yoast.com\/product\/yoast-seo-wordpress\/ -->\n<title>Kihelkonnalood m\u00e4lulaekast. Andrus Saarestega J\u00fcri kihelkonnas - Eesti Rahva Muuseumi ajaveeb<\/title>\n<meta name=\"robots\" content=\"index, follow, max-snippet:-1, max-image-preview:large, max-video-preview:-1\" \/>\n<link rel=\"canonical\" href=\"https:\/\/blog.erm.ee\/?p=17112\" \/>\n<meta property=\"og:locale\" content=\"et_EE\" \/>\n<meta property=\"og:type\" content=\"article\" \/>\n<meta property=\"og:title\" content=\"Kihelkonnalood m\u00e4lulaekast. Andrus Saarestega J\u00fcri kihelkonnas - Eesti Rahva Muuseumi ajaveeb\" \/>\n<meta property=\"og:description\" content=\"Tiina Tael, peaarhivaar Raamatuaasta j\u00e4tkuks tutvustame keeleteadlase Andrus Saareste (1862\u20131964) kogumismatka p\u00e4evikut ning vaatame, millise panuse ta ERMi kogudesse on j\u00e4tnud. Keeleteadlane Andrus Saareste. ERM Fk 3051:17115 Kirjeldust\u00f5lge fotole: Must valgel portreefotol on tumedas \u00fclikonnas prillidega mees. ERMi vanavarakorjajaks v\u00e4rvati Albert Saaberg (selline oli ta nimi 1921. aastani) t\u00f5en\u00e4oliselt Eesti \u00dcli\u00f5pilaste Seltsi kaudu, kus tegutsesid&hellip;\" \/>\n<meta property=\"og:url\" content=\"https:\/\/blog.erm.ee\/?p=17112\" \/>\n<meta property=\"og:site_name\" content=\"Eesti Rahva Muuseumi ajaveeb\" \/>\n<meta property=\"article:published_time\" content=\"2025-03-25T05:57:59+00:00\" \/>\n<meta property=\"article:modified_time\" content=\"2025-03-26T12:33:50+00:00\" \/>\n<meta property=\"og:image\" content=\"https:\/\/blog.erm.ee\/wp-content\/uploads\/2025\/03\/ak_01.jpg\" \/>\n\t<meta property=\"og:image:width\" content=\"1600\" \/>\n\t<meta property=\"og:image:height\" content=\"655\" \/>\n\t<meta property=\"og:image:type\" content=\"image\/jpeg\" \/>\n<meta name=\"author\" content=\"Eesti Rahva Muuseum\" \/>\n<meta name=\"twitter:card\" content=\"summary_large_image\" \/>\n<meta name=\"twitter:label1\" content=\"Written by\" \/>\n\t<meta name=\"twitter:data1\" content=\"Eesti Rahva Muuseum\" \/>\n\t<meta name=\"twitter:label2\" content=\"Est. reading time\" \/>\n\t<meta name=\"twitter:data2\" content=\"9 minutit\" \/>\n<script type=\"application\/ld+json\" class=\"yoast-schema-graph\">{\"@context\":\"https:\\\/\\\/schema.org\",\"@graph\":[{\"@type\":\"Article\",\"@id\":\"https:\\\/\\\/blog.erm.ee\\\/?p=17112#article\",\"isPartOf\":{\"@id\":\"https:\\\/\\\/blog.erm.ee\\\/?p=17112\"},\"author\":{\"name\":\"Eesti Rahva Muuseum\",\"@id\":\"https:\\\/\\\/blog.erm.ee\\\/#\\\/schema\\\/person\\\/6e98c391cb00a33e7c22a3571e062114\"},\"headline\":\"Kihelkonnalood m\u00e4lulaekast. Andrus Saarestega J\u00fcri kihelkonnas\",\"datePublished\":\"2025-03-25T05:57:59+00:00\",\"dateModified\":\"2025-03-26T12:33:50+00:00\",\"mainEntityOfPage\":{\"@id\":\"https:\\\/\\\/blog.erm.ee\\\/?p=17112\"},\"wordCount\":1824,\"commentCount\":0,\"image\":{\"@id\":\"https:\\\/\\\/blog.erm.ee\\\/?p=17112#primaryimage\"},\"thumbnailUrl\":\"https:\\\/\\\/blog.erm.ee\\\/wp-content\\\/uploads\\\/2025\\\/03\\\/ak_01.jpg\",\"articleSection\":[\"Eesti raamat 500\",\"Foto\",\"Museaal\"],\"inLanguage\":\"et\",\"potentialAction\":[{\"@type\":\"CommentAction\",\"name\":\"Comment\",\"target\":[\"https:\\\/\\\/blog.erm.ee\\\/?p=17112#respond\"]}]},{\"@type\":\"WebPage\",\"@id\":\"https:\\\/\\\/blog.erm.ee\\\/?p=17112\",\"url\":\"https:\\\/\\\/blog.erm.ee\\\/?p=17112\",\"name\":\"Kihelkonnalood m\u00e4lulaekast. Andrus Saarestega J\u00fcri kihelkonnas - Eesti Rahva Muuseumi ajaveeb\",\"isPartOf\":{\"@id\":\"https:\\\/\\\/blog.erm.ee\\\/#website\"},\"primaryImageOfPage\":{\"@id\":\"https:\\\/\\\/blog.erm.ee\\\/?p=17112#primaryimage\"},\"image\":{\"@id\":\"https:\\\/\\\/blog.erm.ee\\\/?p=17112#primaryimage\"},\"thumbnailUrl\":\"https:\\\/\\\/blog.erm.ee\\\/wp-content\\\/uploads\\\/2025\\\/03\\\/ak_01.jpg\",\"datePublished\":\"2025-03-25T05:57:59+00:00\",\"dateModified\":\"2025-03-26T12:33:50+00:00\",\"author\":{\"@id\":\"https:\\\/\\\/blog.erm.ee\\\/#\\\/schema\\\/person\\\/6e98c391cb00a33e7c22a3571e062114\"},\"breadcrumb\":{\"@id\":\"https:\\\/\\\/blog.erm.ee\\\/?p=17112#breadcrumb\"},\"inLanguage\":\"et\",\"potentialAction\":[{\"@type\":\"ReadAction\",\"target\":[\"https:\\\/\\\/blog.erm.ee\\\/?p=17112\"]}]},{\"@type\":\"ImageObject\",\"inLanguage\":\"et\",\"@id\":\"https:\\\/\\\/blog.erm.ee\\\/?p=17112#primaryimage\",\"url\":\"https:\\\/\\\/blog.erm.ee\\\/wp-content\\\/uploads\\\/2025\\\/03\\\/ak_01.jpg\",\"contentUrl\":\"https:\\\/\\\/blog.erm.ee\\\/wp-content\\\/uploads\\\/2025\\\/03\\\/ak_01.jpg\",\"width\":1600,\"height\":655},{\"@type\":\"BreadcrumbList\",\"@id\":\"https:\\\/\\\/blog.erm.ee\\\/?p=17112#breadcrumb\",\"itemListElement\":[{\"@type\":\"ListItem\",\"position\":1,\"name\":\"Home\",\"item\":\"https:\\\/\\\/blog.erm.ee\\\/\"},{\"@type\":\"ListItem\",\"position\":2,\"name\":\"Kihelkonnalood m\u00e4lulaekast. Andrus Saarestega J\u00fcri kihelkonnas\"}]},{\"@type\":\"WebSite\",\"@id\":\"https:\\\/\\\/blog.erm.ee\\\/#website\",\"url\":\"https:\\\/\\\/blog.erm.ee\\\/\",\"name\":\"Eesti Rahva Muuseumi ajaveeb\",\"description\":\"\",\"potentialAction\":[{\"@type\":\"SearchAction\",\"target\":{\"@type\":\"EntryPoint\",\"urlTemplate\":\"https:\\\/\\\/blog.erm.ee\\\/?s={search_term_string}\"},\"query-input\":{\"@type\":\"PropertyValueSpecification\",\"valueRequired\":true,\"valueName\":\"search_term_string\"}}],\"inLanguage\":\"et\"},{\"@type\":\"Person\",\"@id\":\"https:\\\/\\\/blog.erm.ee\\\/#\\\/schema\\\/person\\\/6e98c391cb00a33e7c22a3571e062114\",\"name\":\"Eesti Rahva Muuseum\",\"image\":{\"@type\":\"ImageObject\",\"inLanguage\":\"et\",\"@id\":\"https:\\\/\\\/secure.gravatar.com\\\/avatar\\\/cb6d9ad5fb49f3f7315028ce5fe60641075f2cb52b8a058ff5a985fa2d8c1da0?s=96&d=mm&r=g\",\"url\":\"https:\\\/\\\/secure.gravatar.com\\\/avatar\\\/cb6d9ad5fb49f3f7315028ce5fe60641075f2cb52b8a058ff5a985fa2d8c1da0?s=96&d=mm&r=g\",\"contentUrl\":\"https:\\\/\\\/secure.gravatar.com\\\/avatar\\\/cb6d9ad5fb49f3f7315028ce5fe60641075f2cb52b8a058ff5a985fa2d8c1da0?s=96&d=mm&r=g\",\"caption\":\"Eesti Rahva Muuseum\"},\"sameAs\":[\"http:\\\/\\\/www.erm.ee\"],\"url\":\"https:\\\/\\\/blog.erm.ee\\\/?author=1\"}]}<\/script>\n<!-- \/ Yoast SEO plugin. -->","yoast_head_json":{"title":"Kihelkonnalood m\u00e4lulaekast. Andrus Saarestega J\u00fcri kihelkonnas - Eesti Rahva Muuseumi ajaveeb","robots":{"index":"index","follow":"follow","max-snippet":"max-snippet:-1","max-image-preview":"max-image-preview:large","max-video-preview":"max-video-preview:-1"},"canonical":"https:\/\/blog.erm.ee\/?p=17112","og_locale":"et_EE","og_type":"article","og_title":"Kihelkonnalood m\u00e4lulaekast. Andrus Saarestega J\u00fcri kihelkonnas - Eesti Rahva Muuseumi ajaveeb","og_description":"Tiina Tael, peaarhivaar Raamatuaasta j\u00e4tkuks tutvustame keeleteadlase Andrus Saareste (1862\u20131964) kogumismatka p\u00e4evikut ning vaatame, millise panuse ta ERMi kogudesse on j\u00e4tnud. Keeleteadlane Andrus Saareste. ERM Fk 3051:17115 Kirjeldust\u00f5lge fotole: Must valgel portreefotol on tumedas \u00fclikonnas prillidega mees. ERMi vanavarakorjajaks v\u00e4rvati Albert Saaberg (selline oli ta nimi 1921. aastani) t\u00f5en\u00e4oliselt Eesti \u00dcli\u00f5pilaste Seltsi kaudu, kus tegutsesid&hellip;","og_url":"https:\/\/blog.erm.ee\/?p=17112","og_site_name":"Eesti Rahva Muuseumi ajaveeb","article_published_time":"2025-03-25T05:57:59+00:00","article_modified_time":"2025-03-26T12:33:50+00:00","og_image":[{"width":1600,"height":655,"url":"https:\/\/blog.erm.ee\/wp-content\/uploads\/2025\/03\/ak_01.jpg","type":"image\/jpeg"}],"author":"Eesti Rahva Muuseum","twitter_card":"summary_large_image","twitter_misc":{"Written by":"Eesti Rahva Muuseum","Est. reading time":"9 minutit"},"schema":{"@context":"https:\/\/schema.org","@graph":[{"@type":"Article","@id":"https:\/\/blog.erm.ee\/?p=17112#article","isPartOf":{"@id":"https:\/\/blog.erm.ee\/?p=17112"},"author":{"name":"Eesti Rahva Muuseum","@id":"https:\/\/blog.erm.ee\/#\/schema\/person\/6e98c391cb00a33e7c22a3571e062114"},"headline":"Kihelkonnalood m\u00e4lulaekast. Andrus Saarestega J\u00fcri kihelkonnas","datePublished":"2025-03-25T05:57:59+00:00","dateModified":"2025-03-26T12:33:50+00:00","mainEntityOfPage":{"@id":"https:\/\/blog.erm.ee\/?p=17112"},"wordCount":1824,"commentCount":0,"image":{"@id":"https:\/\/blog.erm.ee\/?p=17112#primaryimage"},"thumbnailUrl":"https:\/\/blog.erm.ee\/wp-content\/uploads\/2025\/03\/ak_01.jpg","articleSection":["Eesti raamat 500","Foto","Museaal"],"inLanguage":"et","potentialAction":[{"@type":"CommentAction","name":"Comment","target":["https:\/\/blog.erm.ee\/?p=17112#respond"]}]},{"@type":"WebPage","@id":"https:\/\/blog.erm.ee\/?p=17112","url":"https:\/\/blog.erm.ee\/?p=17112","name":"Kihelkonnalood m\u00e4lulaekast. Andrus Saarestega J\u00fcri kihelkonnas - Eesti Rahva Muuseumi ajaveeb","isPartOf":{"@id":"https:\/\/blog.erm.ee\/#website"},"primaryImageOfPage":{"@id":"https:\/\/blog.erm.ee\/?p=17112#primaryimage"},"image":{"@id":"https:\/\/blog.erm.ee\/?p=17112#primaryimage"},"thumbnailUrl":"https:\/\/blog.erm.ee\/wp-content\/uploads\/2025\/03\/ak_01.jpg","datePublished":"2025-03-25T05:57:59+00:00","dateModified":"2025-03-26T12:33:50+00:00","author":{"@id":"https:\/\/blog.erm.ee\/#\/schema\/person\/6e98c391cb00a33e7c22a3571e062114"},"breadcrumb":{"@id":"https:\/\/blog.erm.ee\/?p=17112#breadcrumb"},"inLanguage":"et","potentialAction":[{"@type":"ReadAction","target":["https:\/\/blog.erm.ee\/?p=17112"]}]},{"@type":"ImageObject","inLanguage":"et","@id":"https:\/\/blog.erm.ee\/?p=17112#primaryimage","url":"https:\/\/blog.erm.ee\/wp-content\/uploads\/2025\/03\/ak_01.jpg","contentUrl":"https:\/\/blog.erm.ee\/wp-content\/uploads\/2025\/03\/ak_01.jpg","width":1600,"height":655},{"@type":"BreadcrumbList","@id":"https:\/\/blog.erm.ee\/?p=17112#breadcrumb","itemListElement":[{"@type":"ListItem","position":1,"name":"Home","item":"https:\/\/blog.erm.ee\/"},{"@type":"ListItem","position":2,"name":"Kihelkonnalood m\u00e4lulaekast. Andrus Saarestega J\u00fcri kihelkonnas"}]},{"@type":"WebSite","@id":"https:\/\/blog.erm.ee\/#website","url":"https:\/\/blog.erm.ee\/","name":"Eesti Rahva Muuseumi ajaveeb","description":"","potentialAction":[{"@type":"SearchAction","target":{"@type":"EntryPoint","urlTemplate":"https:\/\/blog.erm.ee\/?s={search_term_string}"},"query-input":{"@type":"PropertyValueSpecification","valueRequired":true,"valueName":"search_term_string"}}],"inLanguage":"et"},{"@type":"Person","@id":"https:\/\/blog.erm.ee\/#\/schema\/person\/6e98c391cb00a33e7c22a3571e062114","name":"Eesti Rahva Muuseum","image":{"@type":"ImageObject","inLanguage":"et","@id":"https:\/\/secure.gravatar.com\/avatar\/cb6d9ad5fb49f3f7315028ce5fe60641075f2cb52b8a058ff5a985fa2d8c1da0?s=96&d=mm&r=g","url":"https:\/\/secure.gravatar.com\/avatar\/cb6d9ad5fb49f3f7315028ce5fe60641075f2cb52b8a058ff5a985fa2d8c1da0?s=96&d=mm&r=g","contentUrl":"https:\/\/secure.gravatar.com\/avatar\/cb6d9ad5fb49f3f7315028ce5fe60641075f2cb52b8a058ff5a985fa2d8c1da0?s=96&d=mm&r=g","caption":"Eesti Rahva Muuseum"},"sameAs":["http:\/\/www.erm.ee"],"url":"https:\/\/blog.erm.ee\/?author=1"}]}},"jetpack_featured_media_url":"https:\/\/blog.erm.ee\/wp-content\/uploads\/2025\/03\/ak_01.jpg","jetpack_shortlink":"https:\/\/wp.me\/p2l9Zd-4s0","jetpack_sharing_enabled":true,"jetpack_likes_enabled":true,"_links":{"self":[{"href":"https:\/\/blog.erm.ee\/index.php?rest_route=\/wp\/v2\/posts\/17112","targetHints":{"allow":["GET"]}}],"collection":[{"href":"https:\/\/blog.erm.ee\/index.php?rest_route=\/wp\/v2\/posts"}],"about":[{"href":"https:\/\/blog.erm.ee\/index.php?rest_route=\/wp\/v2\/types\/post"}],"author":[{"embeddable":true,"href":"https:\/\/blog.erm.ee\/index.php?rest_route=\/wp\/v2\/users\/1"}],"replies":[{"embeddable":true,"href":"https:\/\/blog.erm.ee\/index.php?rest_route=%2Fwp%2Fv2%2Fcomments&post=17112"}],"version-history":[{"count":6,"href":"https:\/\/blog.erm.ee\/index.php?rest_route=\/wp\/v2\/posts\/17112\/revisions"}],"predecessor-version":[{"id":17138,"href":"https:\/\/blog.erm.ee\/index.php?rest_route=\/wp\/v2\/posts\/17112\/revisions\/17138"}],"wp:featuredmedia":[{"embeddable":true,"href":"https:\/\/blog.erm.ee\/index.php?rest_route=\/wp\/v2\/media\/17118"}],"wp:attachment":[{"href":"https:\/\/blog.erm.ee\/index.php?rest_route=%2Fwp%2Fv2%2Fmedia&parent=17112"}],"wp:term":[{"taxonomy":"category","embeddable":true,"href":"https:\/\/blog.erm.ee\/index.php?rest_route=%2Fwp%2Fv2%2Fcategories&post=17112"},{"taxonomy":"post_tag","embeddable":true,"href":"https:\/\/blog.erm.ee\/index.php?rest_route=%2Fwp%2Fv2%2Ftags&post=17112"}],"curies":[{"name":"wp","href":"https:\/\/api.w.org\/{rel}","templated":true}]}}