{"id":17031,"date":"2025-03-04T07:48:44","date_gmt":"2025-03-04T05:48:44","guid":{"rendered":"https:\/\/blog.erm.ee\/?p=17031"},"modified":"2025-03-04T08:13:01","modified_gmt":"2025-03-04T06:13:01","slug":"meie-esimene-triibuline","status":"publish","type":"post","link":"https:\/\/blog.erm.ee\/?p=17031","title":{"rendered":"Meie esimene triibuline"},"content":{"rendered":"<div class=\"fcbkbttn_buttons_block\" id=\"fcbkbttn_left\"><div class=\"fcbkbttn_like \"><fb:like href=\"https:\/\/blog.erm.ee\/?p=17031\" action=\"like\" colorscheme=\"light\" layout=\"standard\"  width=\"225px\" size=\"small\"><\/fb:like><\/div><div class=\"fb-share-button  \" data-href=\"https:\/\/blog.erm.ee\/?p=17031\" data-type=\"button\" data-size=\"small\"><\/div><\/div><p><em>\u00dclle J\u00e4e, koguhoidja<\/em><\/p>\n<p>Eesti Rahva Muuseumi peakataloogides on esimese esemena \u00a0registreeritud seelikukanga t\u00fckk. Ese ise enda kohta palju ei r\u00e4\u00e4gi, sellep\u00e4rast talletataksegi muuseumides esemete kohta infot. ERMis on \u00fcheks allikaks peakataloogid, kus\u00a0 on kirjas esemete kirjeldused ja nendega seotud legendid. Antud seelikukangas on valmistatud L<em>ouise Rebenitzi t\u00fctarlaste kunstn\u00e4put\u00f6\u00f6- ja kudumiskoolis<\/em>\u00a0(kool tegutses 1892\u20131914 Tallinnas).<\/p>\n<p><img loading=\"lazy\" decoding=\"async\" data-attachment-id=\"17039\" data-permalink=\"https:\/\/blog.erm.ee\/?attachment_id=17039#main\" data-orig-file=\"https:\/\/blog.erm.ee\/wp-content\/uploads\/2025\/02\/058298_ERM_1_058298_b.jpg\" data-orig-size=\"1600,986\" data-comments-opened=\"1\" data-image-meta=\"{&quot;aperture&quot;:&quot;22&quot;,&quot;credit&quot;:&quot;Unspecified&quot;,&quot;camera&quot;:&quot;NIKON D200&quot;,&quot;caption&quot;:&quot;&quot;,&quot;created_timestamp&quot;:&quot;1269962767&quot;,&quot;copyright&quot;:&quot;\\u00a9 Eesti Rahva Muuseum&quot;,&quot;focal_length&quot;:&quot;65&quot;,&quot;iso&quot;:&quot;100&quot;,&quot;shutter_speed&quot;:&quot;0.033333333333333&quot;,&quot;title&quot;:&quot;&quot;,&quot;orientation&quot;:&quot;1&quot;}\" data-image-title=\"058298_ERM_1_058298_b\" data-image-description=\"\" data-image-caption=\"\" data-large-file=\"https:\/\/blog.erm.ee\/wp-content\/uploads\/2025\/02\/058298_ERM_1_058298_b-1024x631.jpg\" class=\"alignnone wp-image-17039 size-large\" src=\"https:\/\/blog.erm.ee\/wp-content\/uploads\/2025\/02\/058298_ERM_1_058298_b-1024x631.jpg\" alt=\"\" width=\"700\" height=\"431\" srcset=\"https:\/\/blog.erm.ee\/wp-content\/uploads\/2025\/02\/058298_ERM_1_058298_b-1024x631.jpg 1024w, https:\/\/blog.erm.ee\/wp-content\/uploads\/2025\/02\/058298_ERM_1_058298_b-300x185.jpg 300w, https:\/\/blog.erm.ee\/wp-content\/uploads\/2025\/02\/058298_ERM_1_058298_b-422x260.jpg 422w, https:\/\/blog.erm.ee\/wp-content\/uploads\/2025\/02\/058298_ERM_1_058298_b-768x473.jpg 768w, https:\/\/blog.erm.ee\/wp-content\/uploads\/2025\/02\/058298_ERM_1_058298_b-1536x947.jpg 1536w, https:\/\/blog.erm.ee\/wp-content\/uploads\/2025\/02\/058298_ERM_1_058298_b.jpg 1600w\" sizes=\"auto, (max-width: 700px) 100vw, 700px\" \/><em>Seelik, katke. ERM 1<\/em><\/p>\n<p><em>Kirjeldust\u00f5lge fotole: Villane kangastelgedel kootud seelikukangas on p\u00fcstiste triipudega: vaheldumisi must, sinine, pruun, punane, roosa, valge.<\/em><\/p>\n<p>Seeliku kangas oli kootud Rakvere \u00fcmbrusest p\u00e4rit vana seeliku j\u00e4rgi ja eksponeeritud Tartu Eesti P\u00f5llumeeste Seltsi n\u00e4itusel. Just sellel n\u00e4itusel v\u00e4ljas olnud k\u00e4sit\u00f6\u00f6esemete s\u00e4ilitamiseks kutsuti Kristjan Raua ja Jaan T\u00f5nissoni eestvedamisel ellu \u201eEesti Museum Tartu Eesti P\u00f5llumeeste Seltsi kaitse all\u201c, juhatajaks valiti Oskar Kallas.<\/p>\n<p>Vaid m\u00f5ni n\u00e4dal varem, 16. juulil, oli ajalehes \u201eUudised\u201c joonealusena ilmunud selleks ajaks juba tunnustatud kirjaniku Eduard Vilde jutustus \u201eMinu esimesed \u201etriibulised\u201c\u201c.\u00a0 Oletatavalt oli jutustuse ajendiks m\u00f5isnike pojaga kakluse ja riiete rikkumise eest saadud \u201etriibulised\u201c.<\/p>\n<p>ERMi peakataloogis on seelikukanga juures m\u00e4rkus: \u201eV\u00e4ljapanekuks kaheks \u00fchesuuruseks t\u00fckideks l\u00f5igatud. A.M. 21.VII 27\u201c .\u00a0 Kui t\u00e4nap\u00e4eval hakkaks keegi museaali t\u00fckeldama, et see paremini vitriini sobituks, ootaks teda t\u00f5en\u00e4oliselt samuti p\u00e4ris tublid \u201etriibulised\u201c. Olgu ta v\u00f5i p\u00e4rit Virumaalt nagu meie esimene triibuline ja Eduard Vilde.<\/p>\n<p>K\u00e4esolev lugu on p\u00fchendatud Eduard Vilde 160. s\u00fcnniaastap\u00e4evale, mis on 4. m\u00e4rtsil.<\/p>\n<p><img loading=\"lazy\" decoding=\"async\" data-attachment-id=\"17036\" data-permalink=\"https:\/\/blog.erm.ee\/?attachment_id=17036#main\" data-orig-file=\"https:\/\/blog.erm.ee\/wp-content\/uploads\/2025\/02\/025073_ERM_Fk367_33_025073.jpg\" data-orig-size=\"1236,1600\" data-comments-opened=\"1\" data-image-meta=\"{&quot;aperture&quot;:&quot;0&quot;,&quot;credit&quot;:&quot;&quot;,&quot;camera&quot;:&quot;Scando icoss&quot;,&quot;caption&quot;:&quot;&quot;,&quot;created_timestamp&quot;:&quot;0&quot;,&quot;copyright&quot;:&quot;&quot;,&quot;focal_length&quot;:&quot;0&quot;,&quot;iso&quot;:&quot;0&quot;,&quot;shutter_speed&quot;:&quot;0&quot;,&quot;title&quot;:&quot;&quot;,&quot;orientation&quot;:&quot;1&quot;}\" data-image-title=\"025073_ERM_Fk367_33_025073\" data-image-description=\"\" data-image-caption=\"\" data-large-file=\"https:\/\/blog.erm.ee\/wp-content\/uploads\/2025\/02\/025073_ERM_Fk367_33_025073-791x1024.jpg\" class=\"alignnone wp-image-17036 size-large\" src=\"https:\/\/blog.erm.ee\/wp-content\/uploads\/2025\/02\/025073_ERM_Fk367_33_025073-791x1024.jpg\" alt=\"\" width=\"700\" height=\"906\" srcset=\"https:\/\/blog.erm.ee\/wp-content\/uploads\/2025\/02\/025073_ERM_Fk367_33_025073-791x1024.jpg 791w, https:\/\/blog.erm.ee\/wp-content\/uploads\/2025\/02\/025073_ERM_Fk367_33_025073-232x300.jpg 232w, https:\/\/blog.erm.ee\/wp-content\/uploads\/2025\/02\/025073_ERM_Fk367_33_025073-201x260.jpg 201w, https:\/\/blog.erm.ee\/wp-content\/uploads\/2025\/02\/025073_ERM_Fk367_33_025073-768x994.jpg 768w, https:\/\/blog.erm.ee\/wp-content\/uploads\/2025\/02\/025073_ERM_Fk367_33_025073-1187x1536.jpg 1187w, https:\/\/blog.erm.ee\/wp-content\/uploads\/2025\/02\/025073_ERM_Fk367_33_025073.jpg 1236w\" sizes=\"auto, (max-width: 700px) 100vw, 700px\" \/><em>Teadmata fotograafi portreefoto Eduard Vildest. ERM Fk 367:33<\/em><\/p>\n<p><em>Kirjeldust\u00f5lge fotole: Must-valgel fotol on triibulises \u00fclikonnas noor mees \u2013 Eduard Vilde. Vildel on l\u00fchikesed juuksed ja kohevad pisut \u00fclespoole keeratud otstega vuntsid.<\/em><\/p>\n<div class=\"fcbkbttn_buttons_block\" id=\"fcbkbttn_left\"><div class=\"fcbkbttn_like \"><fb:like href=\"https:\/\/blog.erm.ee\/?p=17031\" action=\"like\" colorscheme=\"light\" layout=\"standard\"  width=\"225px\" size=\"small\"><\/fb:like><\/div><div class=\"fb-share-button  \" data-href=\"https:\/\/blog.erm.ee\/?p=17031\" data-type=\"button\" data-size=\"small\"><\/div><\/div>","protected":false},"excerpt":{"rendered":"<p>\u00dclle J\u00e4e, koguhoidja Eesti Rahva Muuseumi peakataloogides on esimese esemena \u00a0registreeritud seelikukanga t\u00fckk. Ese ise enda kohta palju ei r\u00e4\u00e4gi, sellep\u00e4rast talletataksegi muuseumides esemete kohta infot. ERMis on \u00fcheks allikaks peakataloogid, kus\u00a0 on kirjas esemete kirjeldused ja nendega seotud legendid. Antud seelikukangas on valmistatud Louise Rebenitzi t\u00fctarlaste kunstn\u00e4put\u00f6\u00f6- ja kudumiskoolis\u00a0(kool tegutses 1892\u20131914 Tallinnas). Seelik, katke.&hellip;<\/p>\n","protected":false},"author":1,"featured_media":17039,"comment_status":"open","ping_status":"open","sticky":false,"template":"","format":"standard","meta":{"_monsterinsights_skip_tracking":false,"_monsterinsights_sitenote_active":false,"_monsterinsights_sitenote_note":"","_monsterinsights_sitenote_category":0,"jetpack_post_was_ever_published":false,"_jetpack_newsletter_access":"","_jetpack_dont_email_post_to_subs":false,"_jetpack_newsletter_tier_id":0,"_jetpack_memberships_contains_paywalled_content":false,"_jetpack_memberships_contains_paid_content":false,"footnotes":""},"categories":[6,5],"tags":[],"class_list":["post-17031","post","type-post","status-publish","format-standard","has-post-thumbnail","hentry","category-foto","category-museaal"],"yoast_head":"<!-- This site is optimized with the Yoast SEO plugin v27.5 - https:\/\/yoast.com\/product\/yoast-seo-wordpress\/ -->\n<title>Meie esimene triibuline - Eesti Rahva Muuseumi ajaveeb<\/title>\n<meta name=\"robots\" content=\"index, follow, max-snippet:-1, max-image-preview:large, max-video-preview:-1\" \/>\n<link rel=\"canonical\" href=\"https:\/\/blog.erm.ee\/?p=17031\" \/>\n<meta property=\"og:locale\" content=\"et_EE\" \/>\n<meta property=\"og:type\" content=\"article\" \/>\n<meta property=\"og:title\" content=\"Meie esimene triibuline - Eesti Rahva Muuseumi ajaveeb\" \/>\n<meta property=\"og:description\" content=\"\u00dclle J\u00e4e, koguhoidja Eesti Rahva Muuseumi peakataloogides on esimese esemena \u00a0registreeritud seelikukanga t\u00fckk. Ese ise enda kohta palju ei r\u00e4\u00e4gi, sellep\u00e4rast talletataksegi muuseumides esemete kohta infot. ERMis on \u00fcheks allikaks peakataloogid, kus\u00a0 on kirjas esemete kirjeldused ja nendega seotud legendid. Antud seelikukangas on valmistatud Louise Rebenitzi t\u00fctarlaste kunstn\u00e4put\u00f6\u00f6- ja kudumiskoolis\u00a0(kool tegutses 1892\u20131914 Tallinnas). Seelik, katke.&hellip;\" \/>\n<meta property=\"og:url\" content=\"https:\/\/blog.erm.ee\/?p=17031\" \/>\n<meta property=\"og:site_name\" content=\"Eesti Rahva Muuseumi ajaveeb\" \/>\n<meta property=\"article:published_time\" content=\"2025-03-04T05:48:44+00:00\" \/>\n<meta property=\"article:modified_time\" content=\"2025-03-04T06:13:01+00:00\" \/>\n<meta property=\"og:image\" content=\"https:\/\/blog.erm.ee\/wp-content\/uploads\/2025\/02\/058298_ERM_1_058298_b.jpg\" \/>\n\t<meta property=\"og:image:width\" content=\"1600\" \/>\n\t<meta property=\"og:image:height\" content=\"986\" \/>\n\t<meta property=\"og:image:type\" content=\"image\/jpeg\" \/>\n<meta name=\"author\" content=\"Eesti Rahva Muuseum\" \/>\n<meta name=\"twitter:card\" content=\"summary_large_image\" \/>\n<meta name=\"twitter:label1\" content=\"Written by\" \/>\n\t<meta name=\"twitter:data1\" content=\"Eesti Rahva Muuseum\" \/>\n\t<meta name=\"twitter:label2\" content=\"Est. reading time\" \/>\n\t<meta name=\"twitter:data2\" content=\"1 minut\" \/>\n<script type=\"application\/ld+json\" class=\"yoast-schema-graph\">{\"@context\":\"https:\\\/\\\/schema.org\",\"@graph\":[{\"@type\":\"Article\",\"@id\":\"https:\\\/\\\/blog.erm.ee\\\/?p=17031#article\",\"isPartOf\":{\"@id\":\"https:\\\/\\\/blog.erm.ee\\\/?p=17031\"},\"author\":{\"name\":\"Eesti Rahva Muuseum\",\"@id\":\"https:\\\/\\\/blog.erm.ee\\\/#\\\/schema\\\/person\\\/6e98c391cb00a33e7c22a3571e062114\"},\"headline\":\"Meie esimene triibuline\",\"datePublished\":\"2025-03-04T05:48:44+00:00\",\"dateModified\":\"2025-03-04T06:13:01+00:00\",\"mainEntityOfPage\":{\"@id\":\"https:\\\/\\\/blog.erm.ee\\\/?p=17031\"},\"wordCount\":278,\"commentCount\":0,\"image\":{\"@id\":\"https:\\\/\\\/blog.erm.ee\\\/?p=17031#primaryimage\"},\"thumbnailUrl\":\"https:\\\/\\\/blog.erm.ee\\\/wp-content\\\/uploads\\\/2025\\\/02\\\/058298_ERM_1_058298_b.jpg\",\"articleSection\":[\"Foto\",\"Museaal\"],\"inLanguage\":\"et\",\"potentialAction\":[{\"@type\":\"CommentAction\",\"name\":\"Comment\",\"target\":[\"https:\\\/\\\/blog.erm.ee\\\/?p=17031#respond\"]}]},{\"@type\":\"WebPage\",\"@id\":\"https:\\\/\\\/blog.erm.ee\\\/?p=17031\",\"url\":\"https:\\\/\\\/blog.erm.ee\\\/?p=17031\",\"name\":\"Meie esimene triibuline - Eesti Rahva Muuseumi ajaveeb\",\"isPartOf\":{\"@id\":\"https:\\\/\\\/blog.erm.ee\\\/#website\"},\"primaryImageOfPage\":{\"@id\":\"https:\\\/\\\/blog.erm.ee\\\/?p=17031#primaryimage\"},\"image\":{\"@id\":\"https:\\\/\\\/blog.erm.ee\\\/?p=17031#primaryimage\"},\"thumbnailUrl\":\"https:\\\/\\\/blog.erm.ee\\\/wp-content\\\/uploads\\\/2025\\\/02\\\/058298_ERM_1_058298_b.jpg\",\"datePublished\":\"2025-03-04T05:48:44+00:00\",\"dateModified\":\"2025-03-04T06:13:01+00:00\",\"author\":{\"@id\":\"https:\\\/\\\/blog.erm.ee\\\/#\\\/schema\\\/person\\\/6e98c391cb00a33e7c22a3571e062114\"},\"breadcrumb\":{\"@id\":\"https:\\\/\\\/blog.erm.ee\\\/?p=17031#breadcrumb\"},\"inLanguage\":\"et\",\"potentialAction\":[{\"@type\":\"ReadAction\",\"target\":[\"https:\\\/\\\/blog.erm.ee\\\/?p=17031\"]}]},{\"@type\":\"ImageObject\",\"inLanguage\":\"et\",\"@id\":\"https:\\\/\\\/blog.erm.ee\\\/?p=17031#primaryimage\",\"url\":\"https:\\\/\\\/blog.erm.ee\\\/wp-content\\\/uploads\\\/2025\\\/02\\\/058298_ERM_1_058298_b.jpg\",\"contentUrl\":\"https:\\\/\\\/blog.erm.ee\\\/wp-content\\\/uploads\\\/2025\\\/02\\\/058298_ERM_1_058298_b.jpg\",\"width\":1600,\"height\":986},{\"@type\":\"BreadcrumbList\",\"@id\":\"https:\\\/\\\/blog.erm.ee\\\/?p=17031#breadcrumb\",\"itemListElement\":[{\"@type\":\"ListItem\",\"position\":1,\"name\":\"Home\",\"item\":\"https:\\\/\\\/blog.erm.ee\\\/\"},{\"@type\":\"ListItem\",\"position\":2,\"name\":\"Meie esimene triibuline\"}]},{\"@type\":\"WebSite\",\"@id\":\"https:\\\/\\\/blog.erm.ee\\\/#website\",\"url\":\"https:\\\/\\\/blog.erm.ee\\\/\",\"name\":\"Eesti Rahva Muuseumi ajaveeb\",\"description\":\"\",\"potentialAction\":[{\"@type\":\"SearchAction\",\"target\":{\"@type\":\"EntryPoint\",\"urlTemplate\":\"https:\\\/\\\/blog.erm.ee\\\/?s={search_term_string}\"},\"query-input\":{\"@type\":\"PropertyValueSpecification\",\"valueRequired\":true,\"valueName\":\"search_term_string\"}}],\"inLanguage\":\"et\"},{\"@type\":\"Person\",\"@id\":\"https:\\\/\\\/blog.erm.ee\\\/#\\\/schema\\\/person\\\/6e98c391cb00a33e7c22a3571e062114\",\"name\":\"Eesti Rahva Muuseum\",\"image\":{\"@type\":\"ImageObject\",\"inLanguage\":\"et\",\"@id\":\"https:\\\/\\\/secure.gravatar.com\\\/avatar\\\/cb6d9ad5fb49f3f7315028ce5fe60641075f2cb52b8a058ff5a985fa2d8c1da0?s=96&d=mm&r=g\",\"url\":\"https:\\\/\\\/secure.gravatar.com\\\/avatar\\\/cb6d9ad5fb49f3f7315028ce5fe60641075f2cb52b8a058ff5a985fa2d8c1da0?s=96&d=mm&r=g\",\"contentUrl\":\"https:\\\/\\\/secure.gravatar.com\\\/avatar\\\/cb6d9ad5fb49f3f7315028ce5fe60641075f2cb52b8a058ff5a985fa2d8c1da0?s=96&d=mm&r=g\",\"caption\":\"Eesti Rahva Muuseum\"},\"sameAs\":[\"http:\\\/\\\/www.erm.ee\"],\"url\":\"https:\\\/\\\/blog.erm.ee\\\/?author=1\"}]}<\/script>\n<!-- \/ Yoast SEO plugin. -->","yoast_head_json":{"title":"Meie esimene triibuline - Eesti Rahva Muuseumi ajaveeb","robots":{"index":"index","follow":"follow","max-snippet":"max-snippet:-1","max-image-preview":"max-image-preview:large","max-video-preview":"max-video-preview:-1"},"canonical":"https:\/\/blog.erm.ee\/?p=17031","og_locale":"et_EE","og_type":"article","og_title":"Meie esimene triibuline - Eesti Rahva Muuseumi ajaveeb","og_description":"\u00dclle J\u00e4e, koguhoidja Eesti Rahva Muuseumi peakataloogides on esimese esemena \u00a0registreeritud seelikukanga t\u00fckk. Ese ise enda kohta palju ei r\u00e4\u00e4gi, sellep\u00e4rast talletataksegi muuseumides esemete kohta infot. ERMis on \u00fcheks allikaks peakataloogid, kus\u00a0 on kirjas esemete kirjeldused ja nendega seotud legendid. Antud seelikukangas on valmistatud Louise Rebenitzi t\u00fctarlaste kunstn\u00e4put\u00f6\u00f6- ja kudumiskoolis\u00a0(kool tegutses 1892\u20131914 Tallinnas). Seelik, katke.&hellip;","og_url":"https:\/\/blog.erm.ee\/?p=17031","og_site_name":"Eesti Rahva Muuseumi ajaveeb","article_published_time":"2025-03-04T05:48:44+00:00","article_modified_time":"2025-03-04T06:13:01+00:00","og_image":[{"width":1600,"height":986,"url":"https:\/\/blog.erm.ee\/wp-content\/uploads\/2025\/02\/058298_ERM_1_058298_b.jpg","type":"image\/jpeg"}],"author":"Eesti Rahva Muuseum","twitter_card":"summary_large_image","twitter_misc":{"Written by":"Eesti Rahva Muuseum","Est. reading time":"1 minut"},"schema":{"@context":"https:\/\/schema.org","@graph":[{"@type":"Article","@id":"https:\/\/blog.erm.ee\/?p=17031#article","isPartOf":{"@id":"https:\/\/blog.erm.ee\/?p=17031"},"author":{"name":"Eesti Rahva Muuseum","@id":"https:\/\/blog.erm.ee\/#\/schema\/person\/6e98c391cb00a33e7c22a3571e062114"},"headline":"Meie esimene triibuline","datePublished":"2025-03-04T05:48:44+00:00","dateModified":"2025-03-04T06:13:01+00:00","mainEntityOfPage":{"@id":"https:\/\/blog.erm.ee\/?p=17031"},"wordCount":278,"commentCount":0,"image":{"@id":"https:\/\/blog.erm.ee\/?p=17031#primaryimage"},"thumbnailUrl":"https:\/\/blog.erm.ee\/wp-content\/uploads\/2025\/02\/058298_ERM_1_058298_b.jpg","articleSection":["Foto","Museaal"],"inLanguage":"et","potentialAction":[{"@type":"CommentAction","name":"Comment","target":["https:\/\/blog.erm.ee\/?p=17031#respond"]}]},{"@type":"WebPage","@id":"https:\/\/blog.erm.ee\/?p=17031","url":"https:\/\/blog.erm.ee\/?p=17031","name":"Meie esimene triibuline - Eesti Rahva Muuseumi ajaveeb","isPartOf":{"@id":"https:\/\/blog.erm.ee\/#website"},"primaryImageOfPage":{"@id":"https:\/\/blog.erm.ee\/?p=17031#primaryimage"},"image":{"@id":"https:\/\/blog.erm.ee\/?p=17031#primaryimage"},"thumbnailUrl":"https:\/\/blog.erm.ee\/wp-content\/uploads\/2025\/02\/058298_ERM_1_058298_b.jpg","datePublished":"2025-03-04T05:48:44+00:00","dateModified":"2025-03-04T06:13:01+00:00","author":{"@id":"https:\/\/blog.erm.ee\/#\/schema\/person\/6e98c391cb00a33e7c22a3571e062114"},"breadcrumb":{"@id":"https:\/\/blog.erm.ee\/?p=17031#breadcrumb"},"inLanguage":"et","potentialAction":[{"@type":"ReadAction","target":["https:\/\/blog.erm.ee\/?p=17031"]}]},{"@type":"ImageObject","inLanguage":"et","@id":"https:\/\/blog.erm.ee\/?p=17031#primaryimage","url":"https:\/\/blog.erm.ee\/wp-content\/uploads\/2025\/02\/058298_ERM_1_058298_b.jpg","contentUrl":"https:\/\/blog.erm.ee\/wp-content\/uploads\/2025\/02\/058298_ERM_1_058298_b.jpg","width":1600,"height":986},{"@type":"BreadcrumbList","@id":"https:\/\/blog.erm.ee\/?p=17031#breadcrumb","itemListElement":[{"@type":"ListItem","position":1,"name":"Home","item":"https:\/\/blog.erm.ee\/"},{"@type":"ListItem","position":2,"name":"Meie esimene triibuline"}]},{"@type":"WebSite","@id":"https:\/\/blog.erm.ee\/#website","url":"https:\/\/blog.erm.ee\/","name":"Eesti Rahva Muuseumi ajaveeb","description":"","potentialAction":[{"@type":"SearchAction","target":{"@type":"EntryPoint","urlTemplate":"https:\/\/blog.erm.ee\/?s={search_term_string}"},"query-input":{"@type":"PropertyValueSpecification","valueRequired":true,"valueName":"search_term_string"}}],"inLanguage":"et"},{"@type":"Person","@id":"https:\/\/blog.erm.ee\/#\/schema\/person\/6e98c391cb00a33e7c22a3571e062114","name":"Eesti Rahva Muuseum","image":{"@type":"ImageObject","inLanguage":"et","@id":"https:\/\/secure.gravatar.com\/avatar\/cb6d9ad5fb49f3f7315028ce5fe60641075f2cb52b8a058ff5a985fa2d8c1da0?s=96&d=mm&r=g","url":"https:\/\/secure.gravatar.com\/avatar\/cb6d9ad5fb49f3f7315028ce5fe60641075f2cb52b8a058ff5a985fa2d8c1da0?s=96&d=mm&r=g","contentUrl":"https:\/\/secure.gravatar.com\/avatar\/cb6d9ad5fb49f3f7315028ce5fe60641075f2cb52b8a058ff5a985fa2d8c1da0?s=96&d=mm&r=g","caption":"Eesti Rahva Muuseum"},"sameAs":["http:\/\/www.erm.ee"],"url":"https:\/\/blog.erm.ee\/?author=1"}]}},"jetpack_featured_media_url":"https:\/\/blog.erm.ee\/wp-content\/uploads\/2025\/02\/058298_ERM_1_058298_b.jpg","jetpack_shortlink":"https:\/\/wp.me\/p2l9Zd-4qH","jetpack_sharing_enabled":true,"jetpack_likes_enabled":true,"_links":{"self":[{"href":"https:\/\/blog.erm.ee\/index.php?rest_route=\/wp\/v2\/posts\/17031","targetHints":{"allow":["GET"]}}],"collection":[{"href":"https:\/\/blog.erm.ee\/index.php?rest_route=\/wp\/v2\/posts"}],"about":[{"href":"https:\/\/blog.erm.ee\/index.php?rest_route=\/wp\/v2\/types\/post"}],"author":[{"embeddable":true,"href":"https:\/\/blog.erm.ee\/index.php?rest_route=\/wp\/v2\/users\/1"}],"replies":[{"embeddable":true,"href":"https:\/\/blog.erm.ee\/index.php?rest_route=%2Fwp%2Fv2%2Fcomments&post=17031"}],"version-history":[{"count":7,"href":"https:\/\/blog.erm.ee\/index.php?rest_route=\/wp\/v2\/posts\/17031\/revisions"}],"predecessor-version":[{"id":17045,"href":"https:\/\/blog.erm.ee\/index.php?rest_route=\/wp\/v2\/posts\/17031\/revisions\/17045"}],"wp:featuredmedia":[{"embeddable":true,"href":"https:\/\/blog.erm.ee\/index.php?rest_route=\/wp\/v2\/media\/17039"}],"wp:attachment":[{"href":"https:\/\/blog.erm.ee\/index.php?rest_route=%2Fwp%2Fv2%2Fmedia&parent=17031"}],"wp:term":[{"taxonomy":"category","embeddable":true,"href":"https:\/\/blog.erm.ee\/index.php?rest_route=%2Fwp%2Fv2%2Fcategories&post=17031"},{"taxonomy":"post_tag","embeddable":true,"href":"https:\/\/blog.erm.ee\/index.php?rest_route=%2Fwp%2Fv2%2Ftags&post=17031"}],"curies":[{"name":"wp","href":"https:\/\/api.w.org\/{rel}","templated":true}]}}