{"id":17010,"date":"2025-03-18T07:54:49","date_gmt":"2025-03-18T05:54:49","guid":{"rendered":"https:\/\/blog.erm.ee\/?p=17010"},"modified":"2025-03-18T10:44:03","modified_gmt":"2025-03-18T08:44:03","slug":"rahvuslikus-votmes-postkaart-lavastused-jaanus-samma-naitus-vaikelud-rahvuslikel-motiividel","status":"publish","type":"post","link":"https:\/\/blog.erm.ee\/?p=17010","title":{"rendered":"Rahvuslikus v\u00f5tmes \u201epostkaart-lavastused\u201c. Jaanus Samma n\u00e4itus \u201eVaikelud rahvuslikel motiividel\u201c"},"content":{"rendered":"<div class=\"fcbkbttn_buttons_block\" id=\"fcbkbttn_left\"><div class=\"fcbkbttn_like \"><fb:like href=\"https:\/\/blog.erm.ee\/?p=17010\" action=\"like\" colorscheme=\"light\" layout=\"standard\"  width=\"225px\" size=\"small\"><\/fb:like><\/div><div class=\"fb-share-button  \" data-href=\"https:\/\/blog.erm.ee\/?p=17010\" data-type=\"button\" data-size=\"small\"><\/div><\/div><p><em>Tekst: Riina Reinvelt, peavarahoidja<br \/>\n<\/em><em>Fotod: Anu Ansu<\/em><\/p>\n<p>Rahvakunst, aga ka eestip\u00e4rasus ja ilmeksimatult eestilikuna tajutav aspekt kaasaegses Eesti tarbekunstis (mood, n\u00f5ud, nahat\u00f6\u00f6, ehted jne) on mind alati omal moel paelunud. Oluline on siinkohal \u00f6elda, et kaasaegne ei t\u00e4henda mitte praegust aega, vaid ka minu p\u00f5lvkonna vanavanemate ja vanemate aega ehk kogu seda perioodi, mis algas laias laastus Eesti vabariigi s\u00fcnniga ja oli n-\u00f6 talupoegliku rahvakunsti j\u00e4rgne aeg. Vanad mustrid, tehnilised v\u00f5tted ja v\u00e4rvigammad v\u00f5eti uuesti kasutusele, t\u00f6\u00f6tati \u00fcmber ning asetati uude konteksti.<\/p>\n<p>Kuuldes <a href=\"https:\/\/www.erm.ee\/et\/Vaikelud-rahvuslikel-motiividel-Jaanus-Samma\">Jaanus Samma n\u00e4itusest \u201eVaikelud rahvuslikel motiividel\u201c<\/a>, oli selge, et see on n\u00e4itus mulle. Taustana teadsin, et n\u00e4itusel on hulgaliselt ka eri muuseumide kogudesse kuuluvaid esemeid. M\u00f5nikord tekib muuseumit\u00f6\u00f6tajatel ehk isegi hirm, kuidas muuseumiv\u00e4line kuraator museaale m\u00f5testab, v\u00f5ib-olla asetab need isegi ootamatusse ja \u201ekahtlasesse\u201c konteksti? Samma puhul mul seda hirmu ei olnud, pigem l\u00e4ksin n\u00e4itusele suure p\u00f5nevuse ja \u00fcllatumislootusega. Oma varasemate t\u00f6\u00f6dega oli kuraator andnud m\u00f5ista, et julgeb vaadata natuke kaugemale traditsioonilisest ja hillitsetud l\u00e4henemisest rahvuslikule teemale.<\/p>\n<p><img loading=\"lazy\" decoding=\"async\" data-attachment-id=\"17011\" data-permalink=\"https:\/\/blog.erm.ee\/?attachment_id=17011#main\" data-orig-file=\"https:\/\/blog.erm.ee\/wp-content\/uploads\/2025\/02\/aa0001.jpg\" data-orig-size=\"1600,1067\" data-comments-opened=\"1\" data-image-meta=\"{&quot;aperture&quot;:&quot;11&quot;,&quot;credit&quot;:&quot;&quot;,&quot;camera&quot;:&quot;NIKON Z 7_2&quot;,&quot;caption&quot;:&quot;&quot;,&quot;created_timestamp&quot;:&quot;1736754717&quot;,&quot;copyright&quot;:&quot;&quot;,&quot;focal_length&quot;:&quot;27.5&quot;,&quot;iso&quot;:&quot;640&quot;,&quot;shutter_speed&quot;:&quot;2&quot;,&quot;title&quot;:&quot;&quot;,&quot;orientation&quot;:&quot;1&quot;}\" data-image-title=\"aa0001\" data-image-description=\"\" data-image-caption=\"\" data-large-file=\"https:\/\/blog.erm.ee\/wp-content\/uploads\/2025\/02\/aa0001-1024x683.jpg\" class=\"alignnone wp-image-17011 size-large\" src=\"https:\/\/blog.erm.ee\/wp-content\/uploads\/2025\/02\/aa0001-1024x683.jpg\" alt=\"\" width=\"700\" height=\"467\" srcset=\"https:\/\/blog.erm.ee\/wp-content\/uploads\/2025\/02\/aa0001-1024x683.jpg 1024w, https:\/\/blog.erm.ee\/wp-content\/uploads\/2025\/02\/aa0001-300x200.jpg 300w, https:\/\/blog.erm.ee\/wp-content\/uploads\/2025\/02\/aa0001-390x260.jpg 390w, https:\/\/blog.erm.ee\/wp-content\/uploads\/2025\/02\/aa0001-768x512.jpg 768w, https:\/\/blog.erm.ee\/wp-content\/uploads\/2025\/02\/aa0001-1536x1024.jpg 1536w, https:\/\/blog.erm.ee\/wp-content\/uploads\/2025\/02\/aa0001.jpg 1600w\" sizes=\"auto, (max-width: 700px) 100vw, 700px\" \/><em>Kirjeldust\u00f5lge fotole: H\u00e4maras n\u00e4itusesaalis on neljale jalale toetuvad klaasvitriinid, kus on kompositsioonid erinevate esemetega.<\/em><\/p>\n<p>Jaanus Samma ise \u00fctleb n\u00e4ituse s\u00fcnni tausta avades, et teda on juba m\u00f5nda aega t\u00f5mmanud rahvusliku kit\u0161i poole. Periood 1930. aastatest kuni 1950. aastateni t\u00f5usis esile kummastavate ja kurbnaljakate leidudega ning rahvuslike mustrite, s\u00fcmbolite ja m\u00fc\u00fctide rohkus selle perioodi tarbekunstis on m\u00e4rkimisv\u00e4\u00e4rne (\u201eVaikelud rahvuslikel motiividel\u201c, 2023. Koostaja Kai Lobjakas).<\/p>\n<p>Esmakohtumine selle n\u00e4itusega Eesti Disaini- ja Tarbekunstimuuseumis sai teoks 2022. aasta l\u00f5pus ja on siiani selgelt meeles. Justkui vaataks vanu postkaarte, aga need ei ole paberil, vaid esemed on s\u00e4titud kenasse kompositsiooni ja kohe tuleb fotograaf ning asub pildistama kaarte, mida sobib saata j\u00f5uluks, \u00fclest\u00f5usmisp\u00fchadeks v\u00f5i naistep\u00e4evaks, l\u00f5ikusp\u00fchaks ja 1. maiks. Ainult et need poliitiliselt eri aega sobivad teemad on s\u00e4titud \u00fchele kaardile.<\/p>\n<p><img loading=\"lazy\" decoding=\"async\" data-attachment-id=\"17012\" data-permalink=\"https:\/\/blog.erm.ee\/?attachment_id=17012#main\" data-orig-file=\"https:\/\/blog.erm.ee\/wp-content\/uploads\/2025\/02\/aa0003.jpg\" data-orig-size=\"1600,1067\" data-comments-opened=\"1\" data-image-meta=\"{&quot;aperture&quot;:&quot;13&quot;,&quot;credit&quot;:&quot;&quot;,&quot;camera&quot;:&quot;NIKON Z 7_2&quot;,&quot;caption&quot;:&quot;&quot;,&quot;created_timestamp&quot;:&quot;1736754992&quot;,&quot;copyright&quot;:&quot;&quot;,&quot;focal_length&quot;:&quot;24&quot;,&quot;iso&quot;:&quot;640&quot;,&quot;shutter_speed&quot;:&quot;3&quot;,&quot;title&quot;:&quot;&quot;,&quot;orientation&quot;:&quot;1&quot;}\" data-image-title=\"aa0003\" data-image-description=\"\" data-image-caption=\"\" data-large-file=\"https:\/\/blog.erm.ee\/wp-content\/uploads\/2025\/02\/aa0003-1024x683.jpg\" class=\"alignnone wp-image-17012 size-large\" src=\"https:\/\/blog.erm.ee\/wp-content\/uploads\/2025\/02\/aa0003-1024x683.jpg\" alt=\"\" width=\"700\" height=\"467\" srcset=\"https:\/\/blog.erm.ee\/wp-content\/uploads\/2025\/02\/aa0003-1024x683.jpg 1024w, https:\/\/blog.erm.ee\/wp-content\/uploads\/2025\/02\/aa0003-300x200.jpg 300w, https:\/\/blog.erm.ee\/wp-content\/uploads\/2025\/02\/aa0003-390x260.jpg 390w, https:\/\/blog.erm.ee\/wp-content\/uploads\/2025\/02\/aa0003-768x512.jpg 768w, https:\/\/blog.erm.ee\/wp-content\/uploads\/2025\/02\/aa0003-1536x1024.jpg 1536w, https:\/\/blog.erm.ee\/wp-content\/uploads\/2025\/02\/aa0003.jpg 1600w\" sizes=\"auto, (max-width: 700px) 100vw, 700px\" \/><em>Kirjeldust\u00f5lge fotole: Esiplaanil on vitriin &#8220;J\u00f5ulud-n\u00e4\u00e4rid&#8221;. Vitriinis on vasakult vaadates suur nahkk\u00f6ites piibel, labakud, \u00f5llekann, k\u00fc\u00fcnlajalg, kiriv\u00f6\u00f6 ja vaas kuuseokstega.<\/em><\/p>\n<p>Samma on s\u00fcnteesinud rahvuslikust kit\u0161ist v\u00e4lja 12 teemat, mis k\u00f5ik on saanud oma personaalse vitriini (loe: ruumilise postkaardi lavastuse). M\u00f5ned teemad olid justkui ootusp\u00e4rased (j\u00f5ulud-n\u00e4\u00e4rid, mustrid, L\u00e4\u00e4nemere isandad), aga oli ka \u00fcllatavaid momente. Kasv\u00f5i n\u00e4iteks t\u00f6\u00f6kultus, kuigi kui j\u00e4rgi m\u00f5elda, siis mis siin ikka \u00fcllatavat on. K\u00f5ik, kes on \u00fcles kasvanud Tammsaare \u201eT\u00f5e ja \u00f5igusega\u201c, teavad, et eestlane on eelk\u00f5ige t\u00f6\u00f6kas ja armastab t\u00f6\u00f6d (v\u00f5i kui ei armasta, peaks h\u00e4benema). V\u00f5i siis teema \u201eV\u00f5im\u201c, kus k\u00f5rvuti seisavad sinimustvalge ja n\u00f5ukoguliku punas\u00f5numiga esemed, mis kasutavad m\u00f5lemad samav\u00f5rd rahvakunstist inspireeritud ornamentikat.<\/p>\n<p>N\u00e4itusel on tegelikult p\u00e4ris palju eksponaate, aga siiski j\u00f5uab l\u00e4bi lugeda iga teksti ja eseme kohta k\u00e4iva info. V\u00e4hemalt mind t\u00f5mbas see n\u00e4itus t\u00e4iega endasse ja peab tunnistama, et ma keskendun harva \u00fchel n\u00e4itusel igale objektile ja tekstile nii p\u00f5hjalikult.<\/p>\n<p><img loading=\"lazy\" decoding=\"async\" data-attachment-id=\"17013\" data-permalink=\"https:\/\/blog.erm.ee\/?attachment_id=17013#main\" data-orig-file=\"https:\/\/blog.erm.ee\/wp-content\/uploads\/2025\/02\/aa0014.jpg\" data-orig-size=\"1600,1067\" data-comments-opened=\"1\" data-image-meta=\"{&quot;aperture&quot;:&quot;10&quot;,&quot;credit&quot;:&quot;&quot;,&quot;camera&quot;:&quot;NIKON Z 7_2&quot;,&quot;caption&quot;:&quot;&quot;,&quot;created_timestamp&quot;:&quot;1736756419&quot;,&quot;copyright&quot;:&quot;&quot;,&quot;focal_length&quot;:&quot;28.5&quot;,&quot;iso&quot;:&quot;250&quot;,&quot;shutter_speed&quot;:&quot;2.5&quot;,&quot;title&quot;:&quot;&quot;,&quot;orientation&quot;:&quot;1&quot;}\" data-image-title=\"aa0014\" data-image-description=\"\" data-image-caption=\"\" data-large-file=\"https:\/\/blog.erm.ee\/wp-content\/uploads\/2025\/02\/aa0014-1024x683.jpg\" class=\"alignnone wp-image-17013 size-large\" src=\"https:\/\/blog.erm.ee\/wp-content\/uploads\/2025\/02\/aa0014-1024x683.jpg\" alt=\"\" width=\"700\" height=\"467\" srcset=\"https:\/\/blog.erm.ee\/wp-content\/uploads\/2025\/02\/aa0014-1024x683.jpg 1024w, https:\/\/blog.erm.ee\/wp-content\/uploads\/2025\/02\/aa0014-300x200.jpg 300w, https:\/\/blog.erm.ee\/wp-content\/uploads\/2025\/02\/aa0014-390x260.jpg 390w, https:\/\/blog.erm.ee\/wp-content\/uploads\/2025\/02\/aa0014-768x512.jpg 768w, https:\/\/blog.erm.ee\/wp-content\/uploads\/2025\/02\/aa0014-1536x1024.jpg 1536w, https:\/\/blog.erm.ee\/wp-content\/uploads\/2025\/02\/aa0014.jpg 1600w\" sizes=\"auto, (max-width: 700px) 100vw, 700px\" \/><em>Kirjeldust\u00f5lge fotole: Esiplaanil vitriin &#8220;V\u00f5im&#8221;. Vitriinis on vasakult vaadates lillornamendiga kaunistatud nahkk\u00f6ited, kaheksa keraamilist valget ja roosat madu, portselantaldrik valge tuvi ja NSVL 15 liiduvabariigi lipuga ja Stalini portree.<\/em><\/p>\n<p>Kui tekkis v\u00f5imalus see n\u00e4itus ERMi tuua, olin kohe k\u00f5vah\u00e4\u00e4lselt poolt. Jah muidugi, l\u00f5una-eestlased tahaksid ka kindlasti seda n\u00e4itust n\u00e4ha! Taaskohtumine n\u00e4itusega oli sama r\u00f5\u00f5mustav kui esimene. Sain uuesti k\u00f5ik esemed p\u00f5hjalikult \u00fcle vaadata ja detailidesse s\u00fcveneda. N\u00e4itus pakub v\u00f5imalust m\u00f5tiskleda rahva teadvusesse kinnistunud s\u00fcmboolika ja motiivide kasutamise \u00fcle. Paljud neist on n-\u00f6 ajatud, aga rakendatud poliitiliste hoovuste ja ka v\u00f5imum\u00e4ngude teenistusse. Kui nii s\u00fcvitsi ei taha minna, pakub n\u00e4itus lihtsalt rohkelt silmailu ilusate esemete, kaunite mustrite ja professionaalse k\u00e4sit\u00f6\u00f6 ning tarbekunsti nautimiseks.<\/p>\n<p><em>N\u00e4itus &#8220;<a href=\"https:\/\/www.erm.ee\/et\/Vaikelud-rahvuslikel-motiividel-Jaanus-Samma\">Vaikelud rahvuslikel motiividel<\/a>&#8221; on ERMis k\u00fclastajatele avatud 13. aprillini.\u00a0<\/em><\/p>\n<div class=\"fcbkbttn_buttons_block\" id=\"fcbkbttn_left\"><div class=\"fcbkbttn_like \"><fb:like href=\"https:\/\/blog.erm.ee\/?p=17010\" action=\"like\" colorscheme=\"light\" layout=\"standard\"  width=\"225px\" size=\"small\"><\/fb:like><\/div><div class=\"fb-share-button  \" data-href=\"https:\/\/blog.erm.ee\/?p=17010\" data-type=\"button\" data-size=\"small\"><\/div><\/div>","protected":false},"excerpt":{"rendered":"<p>Tekst: Riina Reinvelt, peavarahoidja Fotod: Anu Ansu Rahvakunst, aga ka eestip\u00e4rasus ja ilmeksimatult eestilikuna tajutav aspekt kaasaegses Eesti tarbekunstis (mood, n\u00f5ud, nahat\u00f6\u00f6, ehted jne) on mind alati omal moel paelunud. Oluline on siinkohal \u00f6elda, et kaasaegne ei t\u00e4henda mitte praegust aega, vaid ka minu p\u00f5lvkonna vanavanemate ja vanemate aega ehk kogu seda perioodi, mis algas&hellip;<\/p>\n","protected":false},"author":1,"featured_media":17013,"comment_status":"open","ping_status":"open","sticky":false,"template":"","format":"standard","meta":{"_monsterinsights_skip_tracking":false,"_monsterinsights_sitenote_active":false,"_monsterinsights_sitenote_note":"","_monsterinsights_sitenote_category":0,"jetpack_post_was_ever_published":false,"_jetpack_newsletter_access":"","_jetpack_dont_email_post_to_subs":false,"_jetpack_newsletter_tier_id":0,"_jetpack_memberships_contains_paywalled_content":false,"_jetpack_memberships_contains_paid_content":false,"footnotes":""},"categories":[5,7],"tags":[],"class_list":["post-17010","post","type-post","status-publish","format-standard","has-post-thumbnail","hentry","category-museaal","category-naitus"],"yoast_head":"<!-- This site is optimized with the Yoast SEO plugin v27.5 - https:\/\/yoast.com\/product\/yoast-seo-wordpress\/ -->\n<title>Rahvuslikus v\u00f5tmes \u201epostkaart-lavastused\u201c. Jaanus Samma n\u00e4itus \u201eVaikelud rahvuslikel motiividel\u201c - Eesti Rahva Muuseumi ajaveeb<\/title>\n<meta name=\"robots\" content=\"index, follow, max-snippet:-1, max-image-preview:large, max-video-preview:-1\" \/>\n<link rel=\"canonical\" href=\"https:\/\/blog.erm.ee\/?p=17010\" \/>\n<meta property=\"og:locale\" content=\"et_EE\" \/>\n<meta property=\"og:type\" content=\"article\" \/>\n<meta property=\"og:title\" content=\"Rahvuslikus v\u00f5tmes \u201epostkaart-lavastused\u201c. Jaanus Samma n\u00e4itus \u201eVaikelud rahvuslikel motiividel\u201c - Eesti Rahva Muuseumi ajaveeb\" \/>\n<meta property=\"og:description\" content=\"Tekst: Riina Reinvelt, peavarahoidja Fotod: Anu Ansu Rahvakunst, aga ka eestip\u00e4rasus ja ilmeksimatult eestilikuna tajutav aspekt kaasaegses Eesti tarbekunstis (mood, n\u00f5ud, nahat\u00f6\u00f6, ehted jne) on mind alati omal moel paelunud. Oluline on siinkohal \u00f6elda, et kaasaegne ei t\u00e4henda mitte praegust aega, vaid ka minu p\u00f5lvkonna vanavanemate ja vanemate aega ehk kogu seda perioodi, mis algas&hellip;\" \/>\n<meta property=\"og:url\" content=\"https:\/\/blog.erm.ee\/?p=17010\" \/>\n<meta property=\"og:site_name\" content=\"Eesti Rahva Muuseumi ajaveeb\" \/>\n<meta property=\"article:published_time\" content=\"2025-03-18T05:54:49+00:00\" \/>\n<meta property=\"article:modified_time\" content=\"2025-03-18T08:44:03+00:00\" \/>\n<meta property=\"og:image\" content=\"https:\/\/blog.erm.ee\/wp-content\/uploads\/2025\/02\/aa0014.jpg\" \/>\n\t<meta property=\"og:image:width\" content=\"1600\" \/>\n\t<meta property=\"og:image:height\" content=\"1067\" \/>\n\t<meta property=\"og:image:type\" content=\"image\/jpeg\" \/>\n<meta name=\"author\" content=\"Eesti Rahva Muuseum\" \/>\n<meta name=\"twitter:card\" content=\"summary_large_image\" \/>\n<meta name=\"twitter:label1\" content=\"Written by\" \/>\n\t<meta name=\"twitter:data1\" content=\"Eesti Rahva Muuseum\" \/>\n\t<meta name=\"twitter:label2\" content=\"Est. reading time\" \/>\n\t<meta name=\"twitter:data2\" content=\"3 minutit\" \/>\n<script type=\"application\/ld+json\" class=\"yoast-schema-graph\">{\"@context\":\"https:\\\/\\\/schema.org\",\"@graph\":[{\"@type\":\"Article\",\"@id\":\"https:\\\/\\\/blog.erm.ee\\\/?p=17010#article\",\"isPartOf\":{\"@id\":\"https:\\\/\\\/blog.erm.ee\\\/?p=17010\"},\"author\":{\"name\":\"Eesti Rahva Muuseum\",\"@id\":\"https:\\\/\\\/blog.erm.ee\\\/#\\\/schema\\\/person\\\/6e98c391cb00a33e7c22a3571e062114\"},\"headline\":\"Rahvuslikus v\u00f5tmes \u201epostkaart-lavastused\u201c. Jaanus Samma n\u00e4itus \u201eVaikelud rahvuslikel motiividel\u201c\",\"datePublished\":\"2025-03-18T05:54:49+00:00\",\"dateModified\":\"2025-03-18T08:44:03+00:00\",\"mainEntityOfPage\":{\"@id\":\"https:\\\/\\\/blog.erm.ee\\\/?p=17010\"},\"wordCount\":677,\"commentCount\":0,\"image\":{\"@id\":\"https:\\\/\\\/blog.erm.ee\\\/?p=17010#primaryimage\"},\"thumbnailUrl\":\"https:\\\/\\\/blog.erm.ee\\\/wp-content\\\/uploads\\\/2025\\\/02\\\/aa0014.jpg\",\"articleSection\":[\"Museaal\",\"N\u00e4itus\"],\"inLanguage\":\"et\",\"potentialAction\":[{\"@type\":\"CommentAction\",\"name\":\"Comment\",\"target\":[\"https:\\\/\\\/blog.erm.ee\\\/?p=17010#respond\"]}]},{\"@type\":\"WebPage\",\"@id\":\"https:\\\/\\\/blog.erm.ee\\\/?p=17010\",\"url\":\"https:\\\/\\\/blog.erm.ee\\\/?p=17010\",\"name\":\"Rahvuslikus v\u00f5tmes \u201epostkaart-lavastused\u201c. Jaanus Samma n\u00e4itus \u201eVaikelud rahvuslikel motiividel\u201c - Eesti Rahva Muuseumi ajaveeb\",\"isPartOf\":{\"@id\":\"https:\\\/\\\/blog.erm.ee\\\/#website\"},\"primaryImageOfPage\":{\"@id\":\"https:\\\/\\\/blog.erm.ee\\\/?p=17010#primaryimage\"},\"image\":{\"@id\":\"https:\\\/\\\/blog.erm.ee\\\/?p=17010#primaryimage\"},\"thumbnailUrl\":\"https:\\\/\\\/blog.erm.ee\\\/wp-content\\\/uploads\\\/2025\\\/02\\\/aa0014.jpg\",\"datePublished\":\"2025-03-18T05:54:49+00:00\",\"dateModified\":\"2025-03-18T08:44:03+00:00\",\"author\":{\"@id\":\"https:\\\/\\\/blog.erm.ee\\\/#\\\/schema\\\/person\\\/6e98c391cb00a33e7c22a3571e062114\"},\"breadcrumb\":{\"@id\":\"https:\\\/\\\/blog.erm.ee\\\/?p=17010#breadcrumb\"},\"inLanguage\":\"et\",\"potentialAction\":[{\"@type\":\"ReadAction\",\"target\":[\"https:\\\/\\\/blog.erm.ee\\\/?p=17010\"]}]},{\"@type\":\"ImageObject\",\"inLanguage\":\"et\",\"@id\":\"https:\\\/\\\/blog.erm.ee\\\/?p=17010#primaryimage\",\"url\":\"https:\\\/\\\/blog.erm.ee\\\/wp-content\\\/uploads\\\/2025\\\/02\\\/aa0014.jpg\",\"contentUrl\":\"https:\\\/\\\/blog.erm.ee\\\/wp-content\\\/uploads\\\/2025\\\/02\\\/aa0014.jpg\",\"width\":1600,\"height\":1067},{\"@type\":\"BreadcrumbList\",\"@id\":\"https:\\\/\\\/blog.erm.ee\\\/?p=17010#breadcrumb\",\"itemListElement\":[{\"@type\":\"ListItem\",\"position\":1,\"name\":\"Home\",\"item\":\"https:\\\/\\\/blog.erm.ee\\\/\"},{\"@type\":\"ListItem\",\"position\":2,\"name\":\"Rahvuslikus v\u00f5tmes \u201epostkaart-lavastused\u201c. Jaanus Samma n\u00e4itus \u201eVaikelud rahvuslikel motiividel\u201c\"}]},{\"@type\":\"WebSite\",\"@id\":\"https:\\\/\\\/blog.erm.ee\\\/#website\",\"url\":\"https:\\\/\\\/blog.erm.ee\\\/\",\"name\":\"Eesti Rahva Muuseumi ajaveeb\",\"description\":\"\",\"potentialAction\":[{\"@type\":\"SearchAction\",\"target\":{\"@type\":\"EntryPoint\",\"urlTemplate\":\"https:\\\/\\\/blog.erm.ee\\\/?s={search_term_string}\"},\"query-input\":{\"@type\":\"PropertyValueSpecification\",\"valueRequired\":true,\"valueName\":\"search_term_string\"}}],\"inLanguage\":\"et\"},{\"@type\":\"Person\",\"@id\":\"https:\\\/\\\/blog.erm.ee\\\/#\\\/schema\\\/person\\\/6e98c391cb00a33e7c22a3571e062114\",\"name\":\"Eesti Rahva Muuseum\",\"image\":{\"@type\":\"ImageObject\",\"inLanguage\":\"et\",\"@id\":\"https:\\\/\\\/secure.gravatar.com\\\/avatar\\\/cb6d9ad5fb49f3f7315028ce5fe60641075f2cb52b8a058ff5a985fa2d8c1da0?s=96&d=mm&r=g\",\"url\":\"https:\\\/\\\/secure.gravatar.com\\\/avatar\\\/cb6d9ad5fb49f3f7315028ce5fe60641075f2cb52b8a058ff5a985fa2d8c1da0?s=96&d=mm&r=g\",\"contentUrl\":\"https:\\\/\\\/secure.gravatar.com\\\/avatar\\\/cb6d9ad5fb49f3f7315028ce5fe60641075f2cb52b8a058ff5a985fa2d8c1da0?s=96&d=mm&r=g\",\"caption\":\"Eesti Rahva Muuseum\"},\"sameAs\":[\"http:\\\/\\\/www.erm.ee\"],\"url\":\"https:\\\/\\\/blog.erm.ee\\\/?author=1\"}]}<\/script>\n<!-- \/ Yoast SEO plugin. -->","yoast_head_json":{"title":"Rahvuslikus v\u00f5tmes \u201epostkaart-lavastused\u201c. Jaanus Samma n\u00e4itus \u201eVaikelud rahvuslikel motiividel\u201c - Eesti Rahva Muuseumi ajaveeb","robots":{"index":"index","follow":"follow","max-snippet":"max-snippet:-1","max-image-preview":"max-image-preview:large","max-video-preview":"max-video-preview:-1"},"canonical":"https:\/\/blog.erm.ee\/?p=17010","og_locale":"et_EE","og_type":"article","og_title":"Rahvuslikus v\u00f5tmes \u201epostkaart-lavastused\u201c. Jaanus Samma n\u00e4itus \u201eVaikelud rahvuslikel motiividel\u201c - Eesti Rahva Muuseumi ajaveeb","og_description":"Tekst: Riina Reinvelt, peavarahoidja Fotod: Anu Ansu Rahvakunst, aga ka eestip\u00e4rasus ja ilmeksimatult eestilikuna tajutav aspekt kaasaegses Eesti tarbekunstis (mood, n\u00f5ud, nahat\u00f6\u00f6, ehted jne) on mind alati omal moel paelunud. Oluline on siinkohal \u00f6elda, et kaasaegne ei t\u00e4henda mitte praegust aega, vaid ka minu p\u00f5lvkonna vanavanemate ja vanemate aega ehk kogu seda perioodi, mis algas&hellip;","og_url":"https:\/\/blog.erm.ee\/?p=17010","og_site_name":"Eesti Rahva Muuseumi ajaveeb","article_published_time":"2025-03-18T05:54:49+00:00","article_modified_time":"2025-03-18T08:44:03+00:00","og_image":[{"width":1600,"height":1067,"url":"https:\/\/blog.erm.ee\/wp-content\/uploads\/2025\/02\/aa0014.jpg","type":"image\/jpeg"}],"author":"Eesti Rahva Muuseum","twitter_card":"summary_large_image","twitter_misc":{"Written by":"Eesti Rahva Muuseum","Est. reading time":"3 minutit"},"schema":{"@context":"https:\/\/schema.org","@graph":[{"@type":"Article","@id":"https:\/\/blog.erm.ee\/?p=17010#article","isPartOf":{"@id":"https:\/\/blog.erm.ee\/?p=17010"},"author":{"name":"Eesti Rahva Muuseum","@id":"https:\/\/blog.erm.ee\/#\/schema\/person\/6e98c391cb00a33e7c22a3571e062114"},"headline":"Rahvuslikus v\u00f5tmes \u201epostkaart-lavastused\u201c. Jaanus Samma n\u00e4itus \u201eVaikelud rahvuslikel motiividel\u201c","datePublished":"2025-03-18T05:54:49+00:00","dateModified":"2025-03-18T08:44:03+00:00","mainEntityOfPage":{"@id":"https:\/\/blog.erm.ee\/?p=17010"},"wordCount":677,"commentCount":0,"image":{"@id":"https:\/\/blog.erm.ee\/?p=17010#primaryimage"},"thumbnailUrl":"https:\/\/blog.erm.ee\/wp-content\/uploads\/2025\/02\/aa0014.jpg","articleSection":["Museaal","N\u00e4itus"],"inLanguage":"et","potentialAction":[{"@type":"CommentAction","name":"Comment","target":["https:\/\/blog.erm.ee\/?p=17010#respond"]}]},{"@type":"WebPage","@id":"https:\/\/blog.erm.ee\/?p=17010","url":"https:\/\/blog.erm.ee\/?p=17010","name":"Rahvuslikus v\u00f5tmes \u201epostkaart-lavastused\u201c. Jaanus Samma n\u00e4itus \u201eVaikelud rahvuslikel motiividel\u201c - Eesti Rahva Muuseumi ajaveeb","isPartOf":{"@id":"https:\/\/blog.erm.ee\/#website"},"primaryImageOfPage":{"@id":"https:\/\/blog.erm.ee\/?p=17010#primaryimage"},"image":{"@id":"https:\/\/blog.erm.ee\/?p=17010#primaryimage"},"thumbnailUrl":"https:\/\/blog.erm.ee\/wp-content\/uploads\/2025\/02\/aa0014.jpg","datePublished":"2025-03-18T05:54:49+00:00","dateModified":"2025-03-18T08:44:03+00:00","author":{"@id":"https:\/\/blog.erm.ee\/#\/schema\/person\/6e98c391cb00a33e7c22a3571e062114"},"breadcrumb":{"@id":"https:\/\/blog.erm.ee\/?p=17010#breadcrumb"},"inLanguage":"et","potentialAction":[{"@type":"ReadAction","target":["https:\/\/blog.erm.ee\/?p=17010"]}]},{"@type":"ImageObject","inLanguage":"et","@id":"https:\/\/blog.erm.ee\/?p=17010#primaryimage","url":"https:\/\/blog.erm.ee\/wp-content\/uploads\/2025\/02\/aa0014.jpg","contentUrl":"https:\/\/blog.erm.ee\/wp-content\/uploads\/2025\/02\/aa0014.jpg","width":1600,"height":1067},{"@type":"BreadcrumbList","@id":"https:\/\/blog.erm.ee\/?p=17010#breadcrumb","itemListElement":[{"@type":"ListItem","position":1,"name":"Home","item":"https:\/\/blog.erm.ee\/"},{"@type":"ListItem","position":2,"name":"Rahvuslikus v\u00f5tmes \u201epostkaart-lavastused\u201c. Jaanus Samma n\u00e4itus \u201eVaikelud rahvuslikel motiividel\u201c"}]},{"@type":"WebSite","@id":"https:\/\/blog.erm.ee\/#website","url":"https:\/\/blog.erm.ee\/","name":"Eesti Rahva Muuseumi ajaveeb","description":"","potentialAction":[{"@type":"SearchAction","target":{"@type":"EntryPoint","urlTemplate":"https:\/\/blog.erm.ee\/?s={search_term_string}"},"query-input":{"@type":"PropertyValueSpecification","valueRequired":true,"valueName":"search_term_string"}}],"inLanguage":"et"},{"@type":"Person","@id":"https:\/\/blog.erm.ee\/#\/schema\/person\/6e98c391cb00a33e7c22a3571e062114","name":"Eesti Rahva Muuseum","image":{"@type":"ImageObject","inLanguage":"et","@id":"https:\/\/secure.gravatar.com\/avatar\/cb6d9ad5fb49f3f7315028ce5fe60641075f2cb52b8a058ff5a985fa2d8c1da0?s=96&d=mm&r=g","url":"https:\/\/secure.gravatar.com\/avatar\/cb6d9ad5fb49f3f7315028ce5fe60641075f2cb52b8a058ff5a985fa2d8c1da0?s=96&d=mm&r=g","contentUrl":"https:\/\/secure.gravatar.com\/avatar\/cb6d9ad5fb49f3f7315028ce5fe60641075f2cb52b8a058ff5a985fa2d8c1da0?s=96&d=mm&r=g","caption":"Eesti Rahva Muuseum"},"sameAs":["http:\/\/www.erm.ee"],"url":"https:\/\/blog.erm.ee\/?author=1"}]}},"jetpack_featured_media_url":"https:\/\/blog.erm.ee\/wp-content\/uploads\/2025\/02\/aa0014.jpg","jetpack_shortlink":"https:\/\/wp.me\/p2l9Zd-4qm","jetpack_sharing_enabled":true,"jetpack_likes_enabled":true,"_links":{"self":[{"href":"https:\/\/blog.erm.ee\/index.php?rest_route=\/wp\/v2\/posts\/17010","targetHints":{"allow":["GET"]}}],"collection":[{"href":"https:\/\/blog.erm.ee\/index.php?rest_route=\/wp\/v2\/posts"}],"about":[{"href":"https:\/\/blog.erm.ee\/index.php?rest_route=\/wp\/v2\/types\/post"}],"author":[{"embeddable":true,"href":"https:\/\/blog.erm.ee\/index.php?rest_route=\/wp\/v2\/users\/1"}],"replies":[{"embeddable":true,"href":"https:\/\/blog.erm.ee\/index.php?rest_route=%2Fwp%2Fv2%2Fcomments&post=17010"}],"version-history":[{"count":9,"href":"https:\/\/blog.erm.ee\/index.php?rest_route=\/wp\/v2\/posts\/17010\/revisions"}],"predecessor-version":[{"id":17107,"href":"https:\/\/blog.erm.ee\/index.php?rest_route=\/wp\/v2\/posts\/17010\/revisions\/17107"}],"wp:featuredmedia":[{"embeddable":true,"href":"https:\/\/blog.erm.ee\/index.php?rest_route=\/wp\/v2\/media\/17013"}],"wp:attachment":[{"href":"https:\/\/blog.erm.ee\/index.php?rest_route=%2Fwp%2Fv2%2Fmedia&parent=17010"}],"wp:term":[{"taxonomy":"category","embeddable":true,"href":"https:\/\/blog.erm.ee\/index.php?rest_route=%2Fwp%2Fv2%2Fcategories&post=17010"},{"taxonomy":"post_tag","embeddable":true,"href":"https:\/\/blog.erm.ee\/index.php?rest_route=%2Fwp%2Fv2%2Ftags&post=17010"}],"curies":[{"name":"wp","href":"https:\/\/api.w.org\/{rel}","templated":true}]}}