{"id":16766,"date":"2024-10-14T12:39:40","date_gmt":"2024-10-14T09:39:40","guid":{"rendered":"https:\/\/blog.erm.ee\/?p=16766"},"modified":"2024-10-14T12:39:40","modified_gmt":"2024-10-14T09:39:40","slug":"lugedes-aastarongaid-ehk-ermi-talutoolide-puidu-vanuse-maaramine","status":"publish","type":"post","link":"https:\/\/blog.erm.ee\/?p=16766","title":{"rendered":"Lugedes aastar\u00f5ngaid ehk ERMi talutoolide puidu vanuse m\u00e4\u00e4ramine"},"content":{"rendered":"<div class=\"fcbkbttn_buttons_block\" id=\"fcbkbttn_left\"><div class=\"fcbkbttn_like \"><fb:like href=\"https:\/\/blog.erm.ee\/?p=16766\" action=\"like\" colorscheme=\"light\" layout=\"standard\"  width=\"225px\" size=\"small\"><\/fb:like><\/div><div class=\"fb-share-button  \" data-href=\"https:\/\/blog.erm.ee\/?p=16766\" data-type=\"button\" data-size=\"small\"><\/div><\/div><p><em>Autor: Mariliis Vaks, konservaator<\/em><\/p>\n<p><em>Fotod: Arp Karm<\/em><\/p>\n<p>Kes k\u00fclastas eelmisel aastal n\u00e4itust \u201eNelja jalaga maa peal. Eesti talutool\u201c, m\u00e4letab veel ERMi galeriisse \u00fcles seatud rikkalikku ja p\u00f5nevat talutoolide maailma. Peale ilusate toolide eksponeerimise oli n\u00e4itusel ka sisuline eesm\u00e4rk \u2013 uurida toolide valmistamist, materjale ning nende p\u00e4ritolu ja vanust. Sellest viimasest, toolide vanuse uurimisest, tulebki n\u00fc\u00fcd juttu.<\/p>\n<p><strong>Dendrokronoloogiline dateerimine<\/strong><\/p>\n<p>Kuidas \u00fcldse saab tooli vanust m\u00e4\u00e4rata? Enamiku toolide kohta teame nii palju, kui selle viimane omanik oskas r\u00e4\u00e4kida (nn legend). \u00dcksjagu infot annab tooli konstruktsiooni, vormi ja selle valmistamisel kasutatud t\u00f6\u00f6riistade anal\u00fc\u00fcsimine. M\u00f5nele \u00fcksikule toolile on m\u00e4rgitud tegemise aasta, vahel isegi kuup\u00e4ev ning nimi. Kuid on ka teisi v\u00f5imalusi, n\u00e4iteks tooli valmistamiseks kasutatud puidu vanuse kindlakstegemine aastar\u00f5ngaste j\u00e4rgi ehk dendrokronoloogiline dateerimine.<\/p>\n<p>Puidu aastar\u00f5ngastesse on salvestunud v\u00e4ga palju informatsiooni, aga toolide vanuse uurimisel huvitab meid enim, millal vastav puu on langetatud. Siin tulevad m\u00e4ngu v\u00f5rdluskronoloogiad, mis \u00fcldse v\u00f5imaldavad huvi pakkuvat materjali andmebaasis olevaga v\u00f5rrelda ning kokkulangevust otsida. Samas aga iga uus proov t\u00e4iustab juba olemasolevaid kronoloogiaid.<\/p>\n<p>Eestis on praeguseks koostatud m\u00e4nni-, kuuse-, tamme- ja lehisekronoloogia. See t\u00e4hendab, et puidu vanust saab selle meetodi abil m\u00e4\u00e4rata vaid nimetatud puuliikidest tehtud toolide puhul. Tuleb ka arvestada, et prooviks sobiv puitmaterjal peab olema vigastusteta ning usaldusv\u00e4\u00e4rse tulemuse saamiseks on vaja v\u00e4hemalt 70 aasta pikkune aastar\u00f5ngalaiuste rida.<\/p>\n<p><strong>Toolip\u00f5hjade uurimine<\/strong><\/p>\n<p>ERMi kogude talutoolid on valmistatud peamiselt kasest, saartelt p\u00e4rinevad ka mitmed saarepuust toolid. K\u00fcll aga on m\u00f5ne tooli p\u00f5hja puhul kasutatud okaspuulaudu, mis on dendrokronoloogiliseks uuringuks sobiv materjal.<\/p>\n<p>Eestis on sel meetodil muuseumi esemete vanuse m\u00e4\u00e4ramises v\u00e4ga kogenud dendrokronoloogid <strong>Alar L\u00e4\u00e4nelaid<\/strong> ja <strong>Kristina Sohar<\/strong>. V\u00f5tsimegi nendega \u00fchendust ja valisime n\u00e4itusel \u00fcheskoos uurimiseks v\u00e4lja seitsme talutooli okaspuust p\u00f5hja.<\/p>\n<p>ERMi konservaator Indrek Tirrul puhastas toolid n\u00f5rga ammoniaagi vesilahusega pinnamustusest nende alade piirkonnas, kus aastar\u00f5ngaste hulk tundus paljulubav. Seej\u00e4rel tegi ERMi fotograaf Arp Karm l\u00e4hiv\u00f5tted puhastatud pindadest koos m\u00f5\u00f5tkavaga.<\/p>\n<p>Saatsime toolip\u00f5hjade fotod Tartu \u00dclikooli geograafia osakonna dendrokronoloogialaborisse, kus m\u00f5\u00f5deti vastavas programmis aastar\u00f5ngalaiuste read ning dateeriti need andmebaasis leiduvate Euroopa (sh Eesti) kuuse- ja m\u00e4nnikronoloogiatega.<\/p>\n<p>Selle meetodi abil \u00f5nnestus ajaliselt m\u00e4\u00e4ratleda seitsmest valitud toolist kuue tooli p\u00f5hjamaterjal.<\/p>\n<p>Siinkohal tuleb r\u00f5hutada, et puidu dendrokronoloogiline vanus ei t\u00e4henda siiski konkreetset tooli valmistamise aastat, vaid n\u00e4itab aastat, millest hiljem on tool tehtud (t\u00e4histatakse ladinakeelse m\u00f5istega <em>terminus post quem<\/em>).<\/p>\n<p>T\u00e4pse puidu langetamise aasta saame ainult juhul, kui on s\u00e4ilinud koorealune puidupind. Enamasti aga on puidu t\u00f6\u00f6tlemisel laudade servadest m\u00f5ne aastar\u00f5nga ulatuses puitu maha l\u00f5igatud. Samuti v\u00f5ib arvata, et p\u00e4rast puu raiumist kuivatati sellest saetud laudu m\u00f5ni aasta, enne kui neid tooli valmistamisel kasutati.<\/p>\n<div id=\"attachment_16768\" style=\"width: 234px\" class=\"wp-caption aligncenter\"><a href=\"https:\/\/blog.erm.ee\/wp-content\/uploads\/2024\/10\/Pilt1.jpg\"><img loading=\"lazy\" decoding=\"async\" aria-describedby=\"caption-attachment-16768\" data-attachment-id=\"16768\" data-permalink=\"https:\/\/blog.erm.ee\/?attachment_id=16768#main\" data-orig-file=\"https:\/\/blog.erm.ee\/wp-content\/uploads\/2024\/10\/Pilt1.jpg\" data-orig-size=\"405,606\" data-comments-opened=\"1\" data-image-meta=\"{&quot;aperture&quot;:&quot;0&quot;,&quot;credit&quot;:&quot;&quot;,&quot;camera&quot;:&quot;&quot;,&quot;caption&quot;:&quot;&quot;,&quot;created_timestamp&quot;:&quot;0&quot;,&quot;copyright&quot;:&quot;&quot;,&quot;focal_length&quot;:&quot;0&quot;,&quot;iso&quot;:&quot;0&quot;,&quot;shutter_speed&quot;:&quot;0&quot;,&quot;title&quot;:&quot;&quot;,&quot;orientation&quot;:&quot;0&quot;}\" data-image-title=\"Pilt1\" data-image-description=\"\" data-image-caption=\"&lt;p&gt;Foto 1.1. Koeru khk p\u00e4rit tool.&lt;\/p&gt;\n\" data-large-file=\"https:\/\/blog.erm.ee\/wp-content\/uploads\/2024\/10\/Pilt1.jpg\" class=\" wp-image-16768\" src=\"https:\/\/blog.erm.ee\/wp-content\/uploads\/2024\/10\/Pilt1.jpg\" alt=\"\" width=\"228\" height=\"338\" \/><\/a><p id=\"caption-attachment-16768\" class=\"wp-caption-text\">Foto 1.1. Koeru khk p\u00e4rit tool.<\/p><\/div>\n<div id=\"attachment_16767\" style=\"width: 920px\" class=\"wp-caption aligncenter\"><a href=\"https:\/\/blog.erm.ee\/wp-content\/uploads\/2024\/10\/Pilt1.1.jpg\"><img loading=\"lazy\" decoding=\"async\" aria-describedby=\"caption-attachment-16767\" data-attachment-id=\"16767\" data-permalink=\"https:\/\/blog.erm.ee\/?attachment_id=16767#main\" data-orig-file=\"https:\/\/blog.erm.ee\/wp-content\/uploads\/2024\/10\/Pilt1.1.jpg\" data-orig-size=\"910,607\" data-comments-opened=\"1\" data-image-meta=\"{&quot;aperture&quot;:&quot;0&quot;,&quot;credit&quot;:&quot;&quot;,&quot;camera&quot;:&quot;&quot;,&quot;caption&quot;:&quot;&quot;,&quot;created_timestamp&quot;:&quot;0&quot;,&quot;copyright&quot;:&quot;&quot;,&quot;focal_length&quot;:&quot;0&quot;,&quot;iso&quot;:&quot;0&quot;,&quot;shutter_speed&quot;:&quot;0&quot;,&quot;title&quot;:&quot;&quot;,&quot;orientation&quot;:&quot;0&quot;}\" data-image-title=\"Pilt1.1\" data-image-description=\"\" data-image-caption=\"&lt;p&gt;Foto 1.2. Toolip\u00f5hi, millelt m\u00f5\u00f5deti 69 aastar\u00f5ngarida.&lt;\/p&gt;\n\" data-large-file=\"https:\/\/blog.erm.ee\/wp-content\/uploads\/2024\/10\/Pilt1.1.jpg\" class=\"size-full wp-image-16767\" src=\"https:\/\/blog.erm.ee\/wp-content\/uploads\/2024\/10\/Pilt1.1.jpg\" alt=\"\" width=\"910\" height=\"607\" srcset=\"https:\/\/blog.erm.ee\/wp-content\/uploads\/2024\/10\/Pilt1.1.jpg 910w, https:\/\/blog.erm.ee\/wp-content\/uploads\/2024\/10\/Pilt1.1-300x200.jpg 300w, https:\/\/blog.erm.ee\/wp-content\/uploads\/2024\/10\/Pilt1.1-390x260.jpg 390w, https:\/\/blog.erm.ee\/wp-content\/uploads\/2024\/10\/Pilt1.1-768x512.jpg 768w\" sizes=\"auto, (max-width: 910px) 100vw, 910px\" \/><\/a><p id=\"caption-attachment-16767\" class=\"wp-caption-text\">Foto 1.2. Toolip\u00f5hi, millelt m\u00f5\u00f5deti 69 aastar\u00f5ngarida.<\/p><\/div>\n<p><strong>1. Tool A 637:230, Koeru khk, V\u00e4inj\u00e4rve vald, Priku metskond<\/strong><\/p>\n<p>On teada, et tool koguti muuseumile 1973. aastal mahaj\u00e4etud metsavahi talust. Tooli valmistaja ja p\u00e4ritolu on teadmata. Selle \u00fclesehitus ja vorm viitavad biidermeierstiilile, mis levis Euroopast Eesti aladele 19. sajandi esimesel poolel ning j\u00e4i korduvate moelainetena siin p\u00fcsima 20. sajandi alguseni.<\/p>\n<p>Toolip\u00f5hi on valmistatud kahest okaspuulauast. Nendest laiema m\u00f5\u00f5tmisel saadi <strong>69 aasta pikkune <\/strong>aastar\u00f5ngalaiuste rida, mis on k\u00f5rvutamisel v\u00f5rdluskronoloogiatega k\u00f5ige sarnasem Piibe m\u00f5isa lammutatud h\u00e4rrastemaja kuusepalkide keskmise aastar\u00f5ngareaga, mille viimane m\u00f5\u00f5detud aastar\u00f5ngas on kohakuti aastaga <strong>1800 <\/strong><em>terminus post quem<\/em>. Seega on dendrokronoloogilise dateeringu j\u00e4rgi tool valmistatud p\u00e4rast seda aastat Koeru kihelkonnas langetatud palkidest.<\/p>\n<div id=\"attachment_16770\" style=\"width: 232px\" class=\"wp-caption aligncenter\"><a href=\"https:\/\/blog.erm.ee\/wp-content\/uploads\/2024\/10\/Pilt2.jpg\"><img loading=\"lazy\" decoding=\"async\" aria-describedby=\"caption-attachment-16770\" data-attachment-id=\"16770\" data-permalink=\"https:\/\/blog.erm.ee\/?attachment_id=16770#main\" data-orig-file=\"https:\/\/blog.erm.ee\/wp-content\/uploads\/2024\/10\/Pilt2.jpg\" data-orig-size=\"403,605\" data-comments-opened=\"1\" data-image-meta=\"{&quot;aperture&quot;:&quot;0&quot;,&quot;credit&quot;:&quot;&quot;,&quot;camera&quot;:&quot;&quot;,&quot;caption&quot;:&quot;&quot;,&quot;created_timestamp&quot;:&quot;0&quot;,&quot;copyright&quot;:&quot;&quot;,&quot;focal_length&quot;:&quot;0&quot;,&quot;iso&quot;:&quot;0&quot;,&quot;shutter_speed&quot;:&quot;0&quot;,&quot;title&quot;:&quot;&quot;,&quot;orientation&quot;:&quot;0&quot;}\" data-image-title=\"Pilt2\" data-image-description=\"\" data-image-caption=\"\" data-large-file=\"https:\/\/blog.erm.ee\/wp-content\/uploads\/2024\/10\/Pilt2.jpg\" class=\"wp-image-16770 \" src=\"https:\/\/blog.erm.ee\/wp-content\/uploads\/2024\/10\/Pilt2.jpg\" alt=\"\" width=\"226\" height=\"336\" \/><\/a><p id=\"caption-attachment-16770\" class=\"wp-caption-text\">Foto 2.1. R\u00f5ngu khk p\u00e4rit tool<\/p><\/div>\n<div id=\"attachment_16769\" style=\"width: 919px\" class=\"wp-caption aligncenter\"><a href=\"https:\/\/blog.erm.ee\/wp-content\/uploads\/2024\/10\/Pilt2.1.jpg\"><img loading=\"lazy\" decoding=\"async\" aria-describedby=\"caption-attachment-16769\" data-attachment-id=\"16769\" data-permalink=\"https:\/\/blog.erm.ee\/?attachment_id=16769#main\" data-orig-file=\"https:\/\/blog.erm.ee\/wp-content\/uploads\/2024\/10\/Pilt2.1.jpg\" data-orig-size=\"909,606\" data-comments-opened=\"1\" data-image-meta=\"{&quot;aperture&quot;:&quot;0&quot;,&quot;credit&quot;:&quot;&quot;,&quot;camera&quot;:&quot;&quot;,&quot;caption&quot;:&quot;&quot;,&quot;created_timestamp&quot;:&quot;0&quot;,&quot;copyright&quot;:&quot;&quot;,&quot;focal_length&quot;:&quot;0&quot;,&quot;iso&quot;:&quot;0&quot;,&quot;shutter_speed&quot;:&quot;0&quot;,&quot;title&quot;:&quot;&quot;,&quot;orientation&quot;:&quot;0&quot;}\" data-image-title=\"Pilt2.1\" data-image-description=\"\" data-image-caption=\"&lt;p&gt;Foto 2.2. Toolip\u00f5hi, millelt m\u00f5\u00f5deti 122 aastar\u00f5ngarida.&lt;\/p&gt;\n\" data-large-file=\"https:\/\/blog.erm.ee\/wp-content\/uploads\/2024\/10\/Pilt2.1.jpg\" class=\"size-full wp-image-16769\" src=\"https:\/\/blog.erm.ee\/wp-content\/uploads\/2024\/10\/Pilt2.1.jpg\" alt=\"\" width=\"909\" height=\"606\" srcset=\"https:\/\/blog.erm.ee\/wp-content\/uploads\/2024\/10\/Pilt2.1.jpg 909w, https:\/\/blog.erm.ee\/wp-content\/uploads\/2024\/10\/Pilt2.1-300x200.jpg 300w, https:\/\/blog.erm.ee\/wp-content\/uploads\/2024\/10\/Pilt2.1-390x260.jpg 390w, https:\/\/blog.erm.ee\/wp-content\/uploads\/2024\/10\/Pilt2.1-768x512.jpg 768w\" sizes=\"auto, (max-width: 909px) 100vw, 909px\" \/><\/a><p id=\"caption-attachment-16769\" class=\"wp-caption-text\">Foto 2.2. Toolip\u00f5hi, millelt m\u00f5\u00f5deti 122 aastar\u00f5ngarida.<\/p><\/div>\n<p><strong>2. Tool ERM 4980, R\u00f5ngu khk, Aakre vald<\/strong><\/p>\n<p>Selle pinktooli on kogunud 1909. aastal Kristjan Raud, aga selle valmistaja on teadmata.<\/p>\n<p>Toolip\u00f5hi on valmistatud \u00fchest laiast okaspuulauast, millelt \u00f5nnestus m\u00f5\u00f5ta <strong>122 aasta pikkune <\/strong>aastar\u00f5ngalaiuste rida, mis k\u00f5rvutamisel v\u00f5rdluskronoloogiatega osutus sarnaseks Tartus Jaani tn 20 asuva maja m\u00e4nnist katusetalade keskmise aastar\u00f5ngareaga. R\u00f5ngu tooli viimase m\u00f5\u00f5detud aastar\u00f5nga kasvuaastaks tuleb <strong>1789 <\/strong><em>terminus post quem.<\/em><\/p>\n<p>Suure t\u00f5en\u00e4osusega kohalikust L\u00f5una-Eesti m\u00e4nnipuust valmistatud tool on seega valmistatud 19. sajandi alguses. Kuigi Kanepi ja P\u00f5lva kihelkonnas on v\u00e4idetud, et pinktoolid olid sealkandi taludes moes 1850.\u20131870. aastatel, olid need k\u00fclades kasutusel n\u00e4iteks k\u00f5rtsides juba 1800. aastal.<\/p>\n<div id=\"attachment_16771\" style=\"width: 257px\" class=\"wp-caption aligncenter\"><a href=\"https:\/\/blog.erm.ee\/wp-content\/uploads\/2024\/10\/Pilt3.1.jpg\"><img loading=\"lazy\" decoding=\"async\" aria-describedby=\"caption-attachment-16771\" data-attachment-id=\"16771\" data-permalink=\"https:\/\/blog.erm.ee\/?attachment_id=16771#main\" data-orig-file=\"https:\/\/blog.erm.ee\/wp-content\/uploads\/2024\/10\/Pilt3.1.jpg\" data-orig-size=\"455,606\" data-comments-opened=\"1\" data-image-meta=\"{&quot;aperture&quot;:&quot;0&quot;,&quot;credit&quot;:&quot;&quot;,&quot;camera&quot;:&quot;&quot;,&quot;caption&quot;:&quot;&quot;,&quot;created_timestamp&quot;:&quot;0&quot;,&quot;copyright&quot;:&quot;&quot;,&quot;focal_length&quot;:&quot;0&quot;,&quot;iso&quot;:&quot;0&quot;,&quot;shutter_speed&quot;:&quot;0&quot;,&quot;title&quot;:&quot;&quot;,&quot;orientation&quot;:&quot;0&quot;}\" data-image-title=\"Pilt3.1\" data-image-description=\"\" data-image-caption=\"\" data-large-file=\"https:\/\/blog.erm.ee\/wp-content\/uploads\/2024\/10\/Pilt3.1.jpg\" class=\"wp-image-16771 \" src=\"https:\/\/blog.erm.ee\/wp-content\/uploads\/2024\/10\/Pilt3.1.jpg\" alt=\"\" width=\"251\" height=\"330\" \/><\/a><p id=\"caption-attachment-16771\" class=\"wp-caption-text\">Foto 3.1. R\u00f5uge khk p\u00e4rit tool.<\/p><\/div>\n<div id=\"attachment_16772\" style=\"width: 1610px\" class=\"wp-caption aligncenter\"><a href=\"https:\/\/blog.erm.ee\/wp-content\/uploads\/2024\/10\/Pilt3.jpg\"><img loading=\"lazy\" decoding=\"async\" aria-describedby=\"caption-attachment-16772\" data-attachment-id=\"16772\" data-permalink=\"https:\/\/blog.erm.ee\/?attachment_id=16772#main\" data-orig-file=\"https:\/\/blog.erm.ee\/wp-content\/uploads\/2024\/10\/Pilt3.jpg\" data-orig-size=\"1600,1067\" data-comments-opened=\"1\" data-image-meta=\"{&quot;aperture&quot;:&quot;0&quot;,&quot;credit&quot;:&quot;&quot;,&quot;camera&quot;:&quot;&quot;,&quot;caption&quot;:&quot;&quot;,&quot;created_timestamp&quot;:&quot;0&quot;,&quot;copyright&quot;:&quot;&quot;,&quot;focal_length&quot;:&quot;0&quot;,&quot;iso&quot;:&quot;0&quot;,&quot;shutter_speed&quot;:&quot;0&quot;,&quot;title&quot;:&quot;&quot;,&quot;orientation&quot;:&quot;0&quot;}\" data-image-title=\"Pilt3\" data-image-description=\"\" data-image-caption=\"&lt;p&gt;Foto 3.2. Toolip\u00f5hi, millelt m\u00f5\u00f5deti 96 aastar\u00f5ngarida&lt;\/p&gt;\n\" data-large-file=\"https:\/\/blog.erm.ee\/wp-content\/uploads\/2024\/10\/Pilt3-1024x683.jpg\" class=\"size-full wp-image-16772\" src=\"https:\/\/blog.erm.ee\/wp-content\/uploads\/2024\/10\/Pilt3.jpg\" alt=\"\" width=\"1600\" height=\"1067\" srcset=\"https:\/\/blog.erm.ee\/wp-content\/uploads\/2024\/10\/Pilt3.jpg 1600w, https:\/\/blog.erm.ee\/wp-content\/uploads\/2024\/10\/Pilt3-300x200.jpg 300w, https:\/\/blog.erm.ee\/wp-content\/uploads\/2024\/10\/Pilt3-1024x683.jpg 1024w, https:\/\/blog.erm.ee\/wp-content\/uploads\/2024\/10\/Pilt3-390x260.jpg 390w, https:\/\/blog.erm.ee\/wp-content\/uploads\/2024\/10\/Pilt3-768x512.jpg 768w, https:\/\/blog.erm.ee\/wp-content\/uploads\/2024\/10\/Pilt3-1536x1024.jpg 1536w\" sizes=\"auto, (max-width: 1600px) 100vw, 1600px\" \/><\/a><p id=\"caption-attachment-16772\" class=\"wp-caption-text\">Foto 3.2. Toolip\u00f5hi, millelt m\u00f5\u00f5deti 96 aastar\u00f5ngarida<\/p><\/div>\n<p><strong>3. Tool ERM A 584:15, <\/strong><strong>R\u00f5uge khk Haanja vald, Plaksi k\u00fcla, Plaksi talu<\/strong><\/p>\n<p>Legendi j\u00e4rgi valmistas selle nn L\u00e4ti tooli p\u00f5llumees <strong>Gothard Kukk<\/strong> (1890\u20131971) umbes 1910. aastal. Tema ise kinkis 1964. aastal selle tooli muuseumile.<\/p>\n<p>Toolip\u00f5hi on valmistatud \u00fchest laiast lauast, mis on keskkohalt l\u00f5igatud kaheks. Neist toolileenipoolne on l\u00f5henenud omakorda kaheks. Aastar\u00f5ngad on m\u00f5\u00f5detud nii radiaalpinnalt kui ristl\u00f5ikepinnalt ning kokku saadi anal\u00fc\u00fcsimiseks <strong>96 aasta pikkune <\/strong>aastar\u00f5ngalaiuste rida, mis osutus sarnaseks <strong>J\u00e4rvselja m\u00e4ndide<\/strong> keskmise aastar\u00f5ngareaga. Viimane toolip\u00f5hjalt m\u00f5\u00f5detud aastar\u00f5ngas on kohakuti aastaga <strong>1894 <\/strong><em>terminus post quem.<\/em><\/p>\n<p>M\u00e4nnipuust p\u00f5hi on aga hilisem kui tool ise. 19. sajandi viimastel k\u00fcmnenditel Eesti aladel v\u00e4ga populaarsel nn L\u00e4ti toolil oli varem punutud p\u00f5hi, millele viitavad tooli jalgu siduvad istmepulgad. Punutise katkemisel muutus toolip\u00f5hja asendamine istmeplaadiga \u00fcha tavalisemaks, vahetades traditsioonilise taimsest n\u00f6\u00f6rist punutud p\u00f5hja 20. sajandi esimesel poolel tasapisi v\u00e4lja.<\/p>\n<div id=\"attachment_16774\" style=\"width: 281px\" class=\"wp-caption alignnone\"><a href=\"https:\/\/blog.erm.ee\/wp-content\/uploads\/2024\/10\/Pilt4.jpg\"><img loading=\"lazy\" decoding=\"async\" aria-describedby=\"caption-attachment-16774\" data-attachment-id=\"16774\" data-permalink=\"https:\/\/blog.erm.ee\/?attachment_id=16774#main\" data-orig-file=\"https:\/\/blog.erm.ee\/wp-content\/uploads\/2024\/10\/Pilt4.jpg\" data-orig-size=\"1068,1600\" data-comments-opened=\"1\" data-image-meta=\"{&quot;aperture&quot;:&quot;0&quot;,&quot;credit&quot;:&quot;&quot;,&quot;camera&quot;:&quot;&quot;,&quot;caption&quot;:&quot;&quot;,&quot;created_timestamp&quot;:&quot;0&quot;,&quot;copyright&quot;:&quot;&quot;,&quot;focal_length&quot;:&quot;0&quot;,&quot;iso&quot;:&quot;0&quot;,&quot;shutter_speed&quot;:&quot;0&quot;,&quot;title&quot;:&quot;&quot;,&quot;orientation&quot;:&quot;0&quot;}\" data-image-title=\"Pilt4\" data-image-description=\"\" data-image-caption=\"\" data-large-file=\"https:\/\/blog.erm.ee\/wp-content\/uploads\/2024\/10\/Pilt4-684x1024.jpg\" class=\"wp-image-16774\" src=\"https:\/\/blog.erm.ee\/wp-content\/uploads\/2024\/10\/Pilt4.jpg\" alt=\"\" width=\"275\" height=\"412\" srcset=\"https:\/\/blog.erm.ee\/wp-content\/uploads\/2024\/10\/Pilt4.jpg 1068w, https:\/\/blog.erm.ee\/wp-content\/uploads\/2024\/10\/Pilt4-200x300.jpg 200w, https:\/\/blog.erm.ee\/wp-content\/uploads\/2024\/10\/Pilt4-684x1024.jpg 684w, https:\/\/blog.erm.ee\/wp-content\/uploads\/2024\/10\/Pilt4-174x260.jpg 174w, https:\/\/blog.erm.ee\/wp-content\/uploads\/2024\/10\/Pilt4-768x1151.jpg 768w, https:\/\/blog.erm.ee\/wp-content\/uploads\/2024\/10\/Pilt4-1025x1536.jpg 1025w\" sizes=\"auto, (max-width: 275px) 100vw, 275px\" \/><\/a><p id=\"caption-attachment-16774\" class=\"wp-caption-text\">Foto 4.1. Kihelkonna khk p\u00e4rit tool.<\/p><\/div>\n<div id=\"attachment_16773\" style=\"width: 919px\" class=\"wp-caption aligncenter\"><a href=\"https:\/\/blog.erm.ee\/wp-content\/uploads\/2024\/10\/Pilt4.1.jpg\"><img loading=\"lazy\" decoding=\"async\" aria-describedby=\"caption-attachment-16773\" data-attachment-id=\"16773\" data-permalink=\"https:\/\/blog.erm.ee\/?attachment_id=16773#main\" data-orig-file=\"https:\/\/blog.erm.ee\/wp-content\/uploads\/2024\/10\/Pilt4.1.jpg\" data-orig-size=\"909,606\" data-comments-opened=\"1\" data-image-meta=\"{&quot;aperture&quot;:&quot;0&quot;,&quot;credit&quot;:&quot;&quot;,&quot;camera&quot;:&quot;&quot;,&quot;caption&quot;:&quot;&quot;,&quot;created_timestamp&quot;:&quot;0&quot;,&quot;copyright&quot;:&quot;&quot;,&quot;focal_length&quot;:&quot;0&quot;,&quot;iso&quot;:&quot;0&quot;,&quot;shutter_speed&quot;:&quot;0&quot;,&quot;title&quot;:&quot;&quot;,&quot;orientation&quot;:&quot;0&quot;}\" data-image-title=\"Pilt4.1\" data-image-description=\"\" data-image-caption=\"&lt;p&gt;Foto 4.2. Toolip\u00f5hi, millelt m\u00f5\u00f5deti 78 aastar\u00f5ngarida.&lt;\/p&gt;\n\" data-large-file=\"https:\/\/blog.erm.ee\/wp-content\/uploads\/2024\/10\/Pilt4.1.jpg\" class=\"size-full wp-image-16773\" src=\"https:\/\/blog.erm.ee\/wp-content\/uploads\/2024\/10\/Pilt4.1.jpg\" alt=\"\" width=\"909\" height=\"606\" srcset=\"https:\/\/blog.erm.ee\/wp-content\/uploads\/2024\/10\/Pilt4.1.jpg 909w, https:\/\/blog.erm.ee\/wp-content\/uploads\/2024\/10\/Pilt4.1-300x200.jpg 300w, https:\/\/blog.erm.ee\/wp-content\/uploads\/2024\/10\/Pilt4.1-390x260.jpg 390w, https:\/\/blog.erm.ee\/wp-content\/uploads\/2024\/10\/Pilt4.1-768x512.jpg 768w\" sizes=\"auto, (max-width: 909px) 100vw, 909px\" \/><\/a><p id=\"caption-attachment-16773\" class=\"wp-caption-text\">Foto 4.2. Toolip\u00f5hi, millelt m\u00f5\u00f5deti 78 aastar\u00f5ngarida.<\/p><\/div>\n<p><strong>4. Tool ERM A 625:40<\/strong>, <strong>Kihelkonna khk, L\u00fcmanda vald, Kotlandi k\u00fcla, P\u00e4\u00e4niske talu<\/strong><\/p>\n<p>Treitud esijalgade ja kauni l\u00f5ikemustriga tooli valmistas legendi j\u00e4rgi <strong>Peeter Pehme<\/strong> (1869\u20131952) enne esimest ilmas\u00f5da. Tooli kinkis 1971. aastal muuseumile tema vennapoeg Leonhard Pehme (s 1912).<\/p>\n<p>Toolip\u00f5hi on valmistatud kolmest lauast, millest kokku saadi anal\u00fc\u00fcsimiseks <strong>78 aasta pikkune<\/strong> aastar\u00f5ngalaiuste rida, mis on sarnane Eesti kuusekronoloogiaga. Viimase aastar\u00f5nga kasvuaastaks on <strong>1809<\/strong> <em>terminus post quem<\/em>.<\/p>\n<p>Niiv\u00f5rd varane aastaarv paneb paratamatult legendi k\u00fcsim\u00e4rgi alla. Kas materjali t\u00f6\u00f6tlemisel l\u00f5igati siis suur osa koorealust puitu maha, kasutati p\u00f5hja valmistamiseks v\u00e4ga vana ja h\u00e4sti kuivanud materjali v\u00f5i on see \u00fcldvormilt klassitsitlik tool tehtud hoopis palju varem, kui legendi j\u00e4rgi v\u00f5iks arvata?<\/p>\n<div id=\"attachment_16776\" style=\"width: 239px\" class=\"wp-caption aligncenter\"><a href=\"https:\/\/blog.erm.ee\/wp-content\/uploads\/2024\/10\/Pilt5.jpg\"><img loading=\"lazy\" decoding=\"async\" aria-describedby=\"caption-attachment-16776\" data-attachment-id=\"16776\" data-permalink=\"https:\/\/blog.erm.ee\/?attachment_id=16776#main\" data-orig-file=\"https:\/\/blog.erm.ee\/wp-content\/uploads\/2024\/10\/Pilt5.jpg\" data-orig-size=\"1068,1600\" data-comments-opened=\"1\" data-image-meta=\"{&quot;aperture&quot;:&quot;0&quot;,&quot;credit&quot;:&quot;&quot;,&quot;camera&quot;:&quot;&quot;,&quot;caption&quot;:&quot;&quot;,&quot;created_timestamp&quot;:&quot;0&quot;,&quot;copyright&quot;:&quot;&quot;,&quot;focal_length&quot;:&quot;0&quot;,&quot;iso&quot;:&quot;0&quot;,&quot;shutter_speed&quot;:&quot;0&quot;,&quot;title&quot;:&quot;&quot;,&quot;orientation&quot;:&quot;0&quot;}\" data-image-title=\"Pilt5\" data-image-description=\"\" data-image-caption=\"&lt;p&gt;Foto 5.1. Laiuse khk p\u00e4rit tool.&lt;\/p&gt;\n\" data-large-file=\"https:\/\/blog.erm.ee\/wp-content\/uploads\/2024\/10\/Pilt5-684x1024.jpg\" class=\" wp-image-16776\" src=\"https:\/\/blog.erm.ee\/wp-content\/uploads\/2024\/10\/Pilt5.jpg\" alt=\"\" width=\"233\" height=\"347\" \/><\/a><p id=\"caption-attachment-16776\" class=\"wp-caption-text\">Foto 5.1. Laiuse khk p\u00e4rit tool.<\/p><\/div>\n<div id=\"attachment_16775\" style=\"width: 1610px\" class=\"wp-caption aligncenter\"><a href=\"https:\/\/blog.erm.ee\/wp-content\/uploads\/2024\/10\/Pilt5.1.jpg\"><img loading=\"lazy\" decoding=\"async\" aria-describedby=\"caption-attachment-16775\" data-attachment-id=\"16775\" data-permalink=\"https:\/\/blog.erm.ee\/?attachment_id=16775#main\" data-orig-file=\"https:\/\/blog.erm.ee\/wp-content\/uploads\/2024\/10\/Pilt5.1.jpg\" data-orig-size=\"1600,1067\" data-comments-opened=\"1\" data-image-meta=\"{&quot;aperture&quot;:&quot;0&quot;,&quot;credit&quot;:&quot;&quot;,&quot;camera&quot;:&quot;&quot;,&quot;caption&quot;:&quot;&quot;,&quot;created_timestamp&quot;:&quot;0&quot;,&quot;copyright&quot;:&quot;&quot;,&quot;focal_length&quot;:&quot;0&quot;,&quot;iso&quot;:&quot;0&quot;,&quot;shutter_speed&quot;:&quot;0&quot;,&quot;title&quot;:&quot;&quot;,&quot;orientation&quot;:&quot;0&quot;}\" data-image-title=\"Pilt5.1\" data-image-description=\"\" data-image-caption=\"&lt;p&gt;Foto 5.2. Toolip\u00f5hi, millelt m\u00f5\u00f5deti 140 aastar\u00f5ngarida.&lt;\/p&gt;\n\" data-large-file=\"https:\/\/blog.erm.ee\/wp-content\/uploads\/2024\/10\/Pilt5.1-1024x683.jpg\" class=\"size-full wp-image-16775\" src=\"https:\/\/blog.erm.ee\/wp-content\/uploads\/2024\/10\/Pilt5.1.jpg\" alt=\"\" width=\"1600\" height=\"1067\" srcset=\"https:\/\/blog.erm.ee\/wp-content\/uploads\/2024\/10\/Pilt5.1.jpg 1600w, https:\/\/blog.erm.ee\/wp-content\/uploads\/2024\/10\/Pilt5.1-300x200.jpg 300w, https:\/\/blog.erm.ee\/wp-content\/uploads\/2024\/10\/Pilt5.1-1024x683.jpg 1024w, https:\/\/blog.erm.ee\/wp-content\/uploads\/2024\/10\/Pilt5.1-390x260.jpg 390w, https:\/\/blog.erm.ee\/wp-content\/uploads\/2024\/10\/Pilt5.1-768x512.jpg 768w, https:\/\/blog.erm.ee\/wp-content\/uploads\/2024\/10\/Pilt5.1-1536x1024.jpg 1536w\" sizes=\"auto, (max-width: 1600px) 100vw, 1600px\" \/><\/a><p id=\"caption-attachment-16775\" class=\"wp-caption-text\">Foto 5.2. Toolip\u00f5hi, millelt m\u00f5\u00f5deti 140 aastar\u00f5ngarida.<\/p><\/div>\n<p><strong>5. Tool ERM A 629:41, <\/strong><strong>Laiuse khk ja vald, Palupere k\u00fcla, Aadami talu<\/strong><\/p>\n<p>Selle uusromaani stiilist m\u00f5jutatud seljatoega tooli valmistas Laiuse kihelkonna kooli\u00f5petaja ja \u00fchiskonnategelane <strong>Jaan Lasmann<\/strong> (1881\u20131911). Tooli kinkis 1972. aastal muuseumile tema t\u00fctar Salme Laidmets (s 1908).<\/p>\n<p>\u00dchest laiast ja \u00fchest kitsast kuuselauast kokku pandud toolip\u00f5hi andis <strong>140 aasta pikkuse <\/strong>aastar\u00f5ngalaiuse rea, mis v\u00f5rdluses Eesti kuusekronoloogiaga teeb selle dendrokronoloogiliseks dateeringuks aasta <strong>1882<\/strong> <em>terminus post quem<\/em>.<\/p>\n<p>V\u00f5ttes arvesse Lasmanni l\u00fchikeseks j\u00e4\u00e4nud eluiga, j\u00e4\u00e4b tooli valmistamine t\u00f5en\u00e4oliselt 20. sajandi esimesse k\u00fcmnendisse. ERMi kogus on ka tema valmistatud ratastega lapsetool (<a href=\"https:\/\/www.muis.ee\/museaalview\/490766\">Eesti muuseumide veebiv\u00e4rav \u2013 lapsetool (muis.ee)<\/a>), mille ta tegi t\u00f5en\u00e4oliselt oma t\u00fctardele, kes s\u00fcndisid aastatel 1906 ja 1908.<\/p>\n<div id=\"attachment_16778\" style=\"width: 334px\" class=\"wp-caption aligncenter\"><a href=\"https:\/\/blog.erm.ee\/wp-content\/uploads\/2024\/10\/Pilt6.jpg\"><img loading=\"lazy\" decoding=\"async\" aria-describedby=\"caption-attachment-16778\" data-attachment-id=\"16778\" data-permalink=\"https:\/\/blog.erm.ee\/?attachment_id=16778#main\" data-orig-file=\"https:\/\/blog.erm.ee\/wp-content\/uploads\/2024\/10\/Pilt6.jpg\" data-orig-size=\"1068,1600\" data-comments-opened=\"1\" data-image-meta=\"{&quot;aperture&quot;:&quot;0&quot;,&quot;credit&quot;:&quot;&quot;,&quot;camera&quot;:&quot;&quot;,&quot;caption&quot;:&quot;&quot;,&quot;created_timestamp&quot;:&quot;0&quot;,&quot;copyright&quot;:&quot;&quot;,&quot;focal_length&quot;:&quot;0&quot;,&quot;iso&quot;:&quot;0&quot;,&quot;shutter_speed&quot;:&quot;0&quot;,&quot;title&quot;:&quot;&quot;,&quot;orientation&quot;:&quot;0&quot;}\" data-image-title=\"Pilt6\" data-image-description=\"\" data-image-caption=\"&lt;p&gt;Foto 6.1. Tooli \u00fcldvaade.&lt;\/p&gt;\n\" data-large-file=\"https:\/\/blog.erm.ee\/wp-content\/uploads\/2024\/10\/Pilt6-684x1024.jpg\" class=\" wp-image-16778\" src=\"https:\/\/blog.erm.ee\/wp-content\/uploads\/2024\/10\/Pilt6.jpg\" alt=\"\" width=\"328\" height=\"489\" \/><\/a><p id=\"caption-attachment-16778\" class=\"wp-caption-text\">Foto 6.1. Tooli \u00fcldvaade.<\/p><\/div>\n<div id=\"attachment_16777\" style=\"width: 919px\" class=\"wp-caption aligncenter\"><a href=\"https:\/\/blog.erm.ee\/wp-content\/uploads\/2024\/10\/Pilt6.1.jpg\"><img loading=\"lazy\" decoding=\"async\" aria-describedby=\"caption-attachment-16777\" data-attachment-id=\"16777\" data-permalink=\"https:\/\/blog.erm.ee\/?attachment_id=16777#main\" data-orig-file=\"https:\/\/blog.erm.ee\/wp-content\/uploads\/2024\/10\/Pilt6.1.jpg\" data-orig-size=\"909,606\" data-comments-opened=\"1\" data-image-meta=\"{&quot;aperture&quot;:&quot;0&quot;,&quot;credit&quot;:&quot;&quot;,&quot;camera&quot;:&quot;&quot;,&quot;caption&quot;:&quot;&quot;,&quot;created_timestamp&quot;:&quot;0&quot;,&quot;copyright&quot;:&quot;&quot;,&quot;focal_length&quot;:&quot;0&quot;,&quot;iso&quot;:&quot;0&quot;,&quot;shutter_speed&quot;:&quot;0&quot;,&quot;title&quot;:&quot;&quot;,&quot;orientation&quot;:&quot;0&quot;}\" data-image-title=\"Pilt6.1\" data-image-description=\"\" data-image-caption=\"&lt;p&gt;Foto 6.2. Toolip\u00f5hi, millelt m\u00f5\u00f5deti aastar\u00f5ngaread.&lt;\/p&gt;\n\" data-large-file=\"https:\/\/blog.erm.ee\/wp-content\/uploads\/2024\/10\/Pilt6.1.jpg\" class=\"size-full wp-image-16777\" src=\"https:\/\/blog.erm.ee\/wp-content\/uploads\/2024\/10\/Pilt6.1.jpg\" alt=\"\" width=\"909\" height=\"606\" srcset=\"https:\/\/blog.erm.ee\/wp-content\/uploads\/2024\/10\/Pilt6.1.jpg 909w, https:\/\/blog.erm.ee\/wp-content\/uploads\/2024\/10\/Pilt6.1-300x200.jpg 300w, https:\/\/blog.erm.ee\/wp-content\/uploads\/2024\/10\/Pilt6.1-390x260.jpg 390w, https:\/\/blog.erm.ee\/wp-content\/uploads\/2024\/10\/Pilt6.1-768x512.jpg 768w\" sizes=\"auto, (max-width: 909px) 100vw, 909px\" \/><\/a><p id=\"caption-attachment-16777\" class=\"wp-caption-text\">Foto 6.2. Toolip\u00f5hi, millelt m\u00f5\u00f5deti aastar\u00f5ngaread.<\/p><\/div>\n<p><strong>6. Tool A 509:7156<\/strong><\/p>\n<p>\u00dche ERMi kogude fantaasiarikkama tooli p\u00e4ritolu ja valmistamisaeg on teadmata. Seet\u00f5ttu oli dendrokronoloogiline dateerimine v\u00f5imalus selle kohta rohkem informatsiooni saada.<\/p>\n<p>Tooli m\u00e4nnipuust istmeplaat on tehtud \u00fchest laiast s\u00fcdamikku l\u00e4bivast lauast, mis dateeriti Eesti m\u00e4nnikronoloogiate abil aastaga <strong>1860<\/strong> <em>terminus post quem<\/em>.<\/p>\n<p>Tooli p\u00e4ritolu ei ole v\u00f5imalik t\u00e4psustada, kuna toolilaudade juurdekasvurida sarnaneb \u00fchtviisi Eesti eri piirkondade m\u00e4nnikronoloogiatega. Samuti tuleb tooli kui terviku dateerimisel arvestada, et m\u00e4nnipuust istmeplaat on hilisem kui tool ise \u2013 algselt oli toolil h\u00f5redalt punutud j\u00e4medast n\u00f6\u00f6rist iste. K\u00fcll aga v\u00f5ib j\u00e4reldada, et kui toolip\u00f5hi uuendati 19. sajandi teises pooles, siis tool ise on tehtud tunduvalt varem.<\/p>\n<div class=\"fcbkbttn_buttons_block\" id=\"fcbkbttn_left\"><div class=\"fcbkbttn_like \"><fb:like href=\"https:\/\/blog.erm.ee\/?p=16766\" action=\"like\" colorscheme=\"light\" layout=\"standard\"  width=\"225px\" size=\"small\"><\/fb:like><\/div><div class=\"fb-share-button  \" data-href=\"https:\/\/blog.erm.ee\/?p=16766\" data-type=\"button\" data-size=\"small\"><\/div><\/div>","protected":false},"excerpt":{"rendered":"<p>Autor: Mariliis Vaks, konservaator Fotod: Arp Karm Kes k\u00fclastas eelmisel aastal n\u00e4itust \u201eNelja jalaga maa peal. Eesti talutool\u201c, m\u00e4letab veel ERMi galeriisse \u00fcles seatud rikkalikku ja p\u00f5nevat talutoolide maailma. Peale ilusate toolide eksponeerimise oli n\u00e4itusel ka sisuline eesm\u00e4rk \u2013 uurida toolide valmistamist, materjale ning nende p\u00e4ritolu ja vanust. Sellest viimasest, toolide vanuse uurimisest, tulebki n\u00fc\u00fcd&hellip;<\/p>\n","protected":false},"author":1,"featured_media":16772,"comment_status":"open","ping_status":"open","sticky":false,"template":"","format":"standard","meta":{"_monsterinsights_skip_tracking":false,"_monsterinsights_sitenote_active":false,"_monsterinsights_sitenote_note":"","_monsterinsights_sitenote_category":0,"jetpack_post_was_ever_published":false,"_jetpack_newsletter_access":"","_jetpack_dont_email_post_to_subs":false,"_jetpack_newsletter_tier_id":0,"_jetpack_memberships_contains_paywalled_content":false,"_jetpack_memberships_contains_paid_content":false,"footnotes":""},"categories":[9,5],"tags":[],"class_list":["post-16766","post","type-post","status-publish","format-standard","has-post-thumbnail","hentry","category-konserveerimine","category-museaal"],"yoast_head":"<!-- This site is optimized with the Yoast SEO plugin v27.5 - https:\/\/yoast.com\/product\/yoast-seo-wordpress\/ -->\n<title>Lugedes aastar\u00f5ngaid ehk ERMi talutoolide puidu vanuse m\u00e4\u00e4ramine - Eesti Rahva Muuseumi ajaveeb<\/title>\n<meta name=\"robots\" content=\"index, follow, max-snippet:-1, max-image-preview:large, max-video-preview:-1\" \/>\n<link rel=\"canonical\" href=\"https:\/\/blog.erm.ee\/?p=16766\" \/>\n<meta property=\"og:locale\" content=\"et_EE\" \/>\n<meta property=\"og:type\" content=\"article\" \/>\n<meta property=\"og:title\" content=\"Lugedes aastar\u00f5ngaid ehk ERMi talutoolide puidu vanuse m\u00e4\u00e4ramine - Eesti Rahva Muuseumi ajaveeb\" \/>\n<meta property=\"og:description\" content=\"Autor: Mariliis Vaks, konservaator Fotod: Arp Karm Kes k\u00fclastas eelmisel aastal n\u00e4itust \u201eNelja jalaga maa peal. Eesti talutool\u201c, m\u00e4letab veel ERMi galeriisse \u00fcles seatud rikkalikku ja p\u00f5nevat talutoolide maailma. Peale ilusate toolide eksponeerimise oli n\u00e4itusel ka sisuline eesm\u00e4rk \u2013 uurida toolide valmistamist, materjale ning nende p\u00e4ritolu ja vanust. Sellest viimasest, toolide vanuse uurimisest, tulebki n\u00fc\u00fcd&hellip;\" \/>\n<meta property=\"og:url\" content=\"https:\/\/blog.erm.ee\/?p=16766\" \/>\n<meta property=\"og:site_name\" content=\"Eesti Rahva Muuseumi ajaveeb\" \/>\n<meta property=\"article:published_time\" content=\"2024-10-14T09:39:40+00:00\" \/>\n<meta property=\"og:image\" content=\"https:\/\/blog.erm.ee\/wp-content\/uploads\/2024\/10\/Pilt3.jpg\" \/>\n\t<meta property=\"og:image:width\" content=\"1600\" \/>\n\t<meta property=\"og:image:height\" content=\"1067\" \/>\n\t<meta property=\"og:image:type\" content=\"image\/jpeg\" \/>\n<meta name=\"author\" content=\"Eesti Rahva Muuseum\" \/>\n<meta name=\"twitter:card\" content=\"summary_large_image\" \/>\n<meta name=\"twitter:label1\" content=\"Written by\" \/>\n\t<meta name=\"twitter:data1\" content=\"Eesti Rahva Muuseum\" \/>\n\t<meta name=\"twitter:label2\" content=\"Est. reading time\" \/>\n\t<meta name=\"twitter:data2\" content=\"7 minutit\" \/>\n<script type=\"application\/ld+json\" class=\"yoast-schema-graph\">{\"@context\":\"https:\\\/\\\/schema.org\",\"@graph\":[{\"@type\":\"Article\",\"@id\":\"https:\\\/\\\/blog.erm.ee\\\/?p=16766#article\",\"isPartOf\":{\"@id\":\"https:\\\/\\\/blog.erm.ee\\\/?p=16766\"},\"author\":{\"name\":\"Eesti Rahva Muuseum\",\"@id\":\"https:\\\/\\\/blog.erm.ee\\\/#\\\/schema\\\/person\\\/6e98c391cb00a33e7c22a3571e062114\"},\"headline\":\"Lugedes aastar\u00f5ngaid ehk ERMi talutoolide puidu vanuse m\u00e4\u00e4ramine\",\"datePublished\":\"2024-10-14T09:39:40+00:00\",\"mainEntityOfPage\":{\"@id\":\"https:\\\/\\\/blog.erm.ee\\\/?p=16766\"},\"wordCount\":1385,\"commentCount\":0,\"image\":{\"@id\":\"https:\\\/\\\/blog.erm.ee\\\/?p=16766#primaryimage\"},\"thumbnailUrl\":\"https:\\\/\\\/blog.erm.ee\\\/wp-content\\\/uploads\\\/2024\\\/10\\\/Pilt3.jpg\",\"articleSection\":[\"Konserveerimine\",\"Museaal\"],\"inLanguage\":\"et\",\"potentialAction\":[{\"@type\":\"CommentAction\",\"name\":\"Comment\",\"target\":[\"https:\\\/\\\/blog.erm.ee\\\/?p=16766#respond\"]}]},{\"@type\":\"WebPage\",\"@id\":\"https:\\\/\\\/blog.erm.ee\\\/?p=16766\",\"url\":\"https:\\\/\\\/blog.erm.ee\\\/?p=16766\",\"name\":\"Lugedes aastar\u00f5ngaid ehk ERMi talutoolide puidu vanuse m\u00e4\u00e4ramine - Eesti Rahva Muuseumi ajaveeb\",\"isPartOf\":{\"@id\":\"https:\\\/\\\/blog.erm.ee\\\/#website\"},\"primaryImageOfPage\":{\"@id\":\"https:\\\/\\\/blog.erm.ee\\\/?p=16766#primaryimage\"},\"image\":{\"@id\":\"https:\\\/\\\/blog.erm.ee\\\/?p=16766#primaryimage\"},\"thumbnailUrl\":\"https:\\\/\\\/blog.erm.ee\\\/wp-content\\\/uploads\\\/2024\\\/10\\\/Pilt3.jpg\",\"datePublished\":\"2024-10-14T09:39:40+00:00\",\"author\":{\"@id\":\"https:\\\/\\\/blog.erm.ee\\\/#\\\/schema\\\/person\\\/6e98c391cb00a33e7c22a3571e062114\"},\"breadcrumb\":{\"@id\":\"https:\\\/\\\/blog.erm.ee\\\/?p=16766#breadcrumb\"},\"inLanguage\":\"et\",\"potentialAction\":[{\"@type\":\"ReadAction\",\"target\":[\"https:\\\/\\\/blog.erm.ee\\\/?p=16766\"]}]},{\"@type\":\"ImageObject\",\"inLanguage\":\"et\",\"@id\":\"https:\\\/\\\/blog.erm.ee\\\/?p=16766#primaryimage\",\"url\":\"https:\\\/\\\/blog.erm.ee\\\/wp-content\\\/uploads\\\/2024\\\/10\\\/Pilt3.jpg\",\"contentUrl\":\"https:\\\/\\\/blog.erm.ee\\\/wp-content\\\/uploads\\\/2024\\\/10\\\/Pilt3.jpg\",\"width\":1600,\"height\":1067,\"caption\":\"Foto 3.2. Toolip\u00f5hi, millelt m\u00f5\u00f5deti 96 aastar\u00f5ngarida\"},{\"@type\":\"BreadcrumbList\",\"@id\":\"https:\\\/\\\/blog.erm.ee\\\/?p=16766#breadcrumb\",\"itemListElement\":[{\"@type\":\"ListItem\",\"position\":1,\"name\":\"Home\",\"item\":\"https:\\\/\\\/blog.erm.ee\\\/\"},{\"@type\":\"ListItem\",\"position\":2,\"name\":\"Lugedes aastar\u00f5ngaid ehk ERMi talutoolide puidu vanuse m\u00e4\u00e4ramine\"}]},{\"@type\":\"WebSite\",\"@id\":\"https:\\\/\\\/blog.erm.ee\\\/#website\",\"url\":\"https:\\\/\\\/blog.erm.ee\\\/\",\"name\":\"Eesti Rahva Muuseumi ajaveeb\",\"description\":\"\",\"potentialAction\":[{\"@type\":\"SearchAction\",\"target\":{\"@type\":\"EntryPoint\",\"urlTemplate\":\"https:\\\/\\\/blog.erm.ee\\\/?s={search_term_string}\"},\"query-input\":{\"@type\":\"PropertyValueSpecification\",\"valueRequired\":true,\"valueName\":\"search_term_string\"}}],\"inLanguage\":\"et\"},{\"@type\":\"Person\",\"@id\":\"https:\\\/\\\/blog.erm.ee\\\/#\\\/schema\\\/person\\\/6e98c391cb00a33e7c22a3571e062114\",\"name\":\"Eesti Rahva Muuseum\",\"image\":{\"@type\":\"ImageObject\",\"inLanguage\":\"et\",\"@id\":\"https:\\\/\\\/secure.gravatar.com\\\/avatar\\\/cb6d9ad5fb49f3f7315028ce5fe60641075f2cb52b8a058ff5a985fa2d8c1da0?s=96&d=mm&r=g\",\"url\":\"https:\\\/\\\/secure.gravatar.com\\\/avatar\\\/cb6d9ad5fb49f3f7315028ce5fe60641075f2cb52b8a058ff5a985fa2d8c1da0?s=96&d=mm&r=g\",\"contentUrl\":\"https:\\\/\\\/secure.gravatar.com\\\/avatar\\\/cb6d9ad5fb49f3f7315028ce5fe60641075f2cb52b8a058ff5a985fa2d8c1da0?s=96&d=mm&r=g\",\"caption\":\"Eesti Rahva Muuseum\"},\"sameAs\":[\"http:\\\/\\\/www.erm.ee\"],\"url\":\"https:\\\/\\\/blog.erm.ee\\\/?author=1\"}]}<\/script>\n<!-- \/ Yoast SEO plugin. -->","yoast_head_json":{"title":"Lugedes aastar\u00f5ngaid ehk ERMi talutoolide puidu vanuse m\u00e4\u00e4ramine - Eesti Rahva Muuseumi ajaveeb","robots":{"index":"index","follow":"follow","max-snippet":"max-snippet:-1","max-image-preview":"max-image-preview:large","max-video-preview":"max-video-preview:-1"},"canonical":"https:\/\/blog.erm.ee\/?p=16766","og_locale":"et_EE","og_type":"article","og_title":"Lugedes aastar\u00f5ngaid ehk ERMi talutoolide puidu vanuse m\u00e4\u00e4ramine - Eesti Rahva Muuseumi ajaveeb","og_description":"Autor: Mariliis Vaks, konservaator Fotod: Arp Karm Kes k\u00fclastas eelmisel aastal n\u00e4itust \u201eNelja jalaga maa peal. Eesti talutool\u201c, m\u00e4letab veel ERMi galeriisse \u00fcles seatud rikkalikku ja p\u00f5nevat talutoolide maailma. Peale ilusate toolide eksponeerimise oli n\u00e4itusel ka sisuline eesm\u00e4rk \u2013 uurida toolide valmistamist, materjale ning nende p\u00e4ritolu ja vanust. Sellest viimasest, toolide vanuse uurimisest, tulebki n\u00fc\u00fcd&hellip;","og_url":"https:\/\/blog.erm.ee\/?p=16766","og_site_name":"Eesti Rahva Muuseumi ajaveeb","article_published_time":"2024-10-14T09:39:40+00:00","og_image":[{"width":1600,"height":1067,"url":"https:\/\/blog.erm.ee\/wp-content\/uploads\/2024\/10\/Pilt3.jpg","type":"image\/jpeg"}],"author":"Eesti Rahva Muuseum","twitter_card":"summary_large_image","twitter_misc":{"Written by":"Eesti Rahva Muuseum","Est. reading time":"7 minutit"},"schema":{"@context":"https:\/\/schema.org","@graph":[{"@type":"Article","@id":"https:\/\/blog.erm.ee\/?p=16766#article","isPartOf":{"@id":"https:\/\/blog.erm.ee\/?p=16766"},"author":{"name":"Eesti Rahva Muuseum","@id":"https:\/\/blog.erm.ee\/#\/schema\/person\/6e98c391cb00a33e7c22a3571e062114"},"headline":"Lugedes aastar\u00f5ngaid ehk ERMi talutoolide puidu vanuse m\u00e4\u00e4ramine","datePublished":"2024-10-14T09:39:40+00:00","mainEntityOfPage":{"@id":"https:\/\/blog.erm.ee\/?p=16766"},"wordCount":1385,"commentCount":0,"image":{"@id":"https:\/\/blog.erm.ee\/?p=16766#primaryimage"},"thumbnailUrl":"https:\/\/blog.erm.ee\/wp-content\/uploads\/2024\/10\/Pilt3.jpg","articleSection":["Konserveerimine","Museaal"],"inLanguage":"et","potentialAction":[{"@type":"CommentAction","name":"Comment","target":["https:\/\/blog.erm.ee\/?p=16766#respond"]}]},{"@type":"WebPage","@id":"https:\/\/blog.erm.ee\/?p=16766","url":"https:\/\/blog.erm.ee\/?p=16766","name":"Lugedes aastar\u00f5ngaid ehk ERMi talutoolide puidu vanuse m\u00e4\u00e4ramine - Eesti Rahva Muuseumi ajaveeb","isPartOf":{"@id":"https:\/\/blog.erm.ee\/#website"},"primaryImageOfPage":{"@id":"https:\/\/blog.erm.ee\/?p=16766#primaryimage"},"image":{"@id":"https:\/\/blog.erm.ee\/?p=16766#primaryimage"},"thumbnailUrl":"https:\/\/blog.erm.ee\/wp-content\/uploads\/2024\/10\/Pilt3.jpg","datePublished":"2024-10-14T09:39:40+00:00","author":{"@id":"https:\/\/blog.erm.ee\/#\/schema\/person\/6e98c391cb00a33e7c22a3571e062114"},"breadcrumb":{"@id":"https:\/\/blog.erm.ee\/?p=16766#breadcrumb"},"inLanguage":"et","potentialAction":[{"@type":"ReadAction","target":["https:\/\/blog.erm.ee\/?p=16766"]}]},{"@type":"ImageObject","inLanguage":"et","@id":"https:\/\/blog.erm.ee\/?p=16766#primaryimage","url":"https:\/\/blog.erm.ee\/wp-content\/uploads\/2024\/10\/Pilt3.jpg","contentUrl":"https:\/\/blog.erm.ee\/wp-content\/uploads\/2024\/10\/Pilt3.jpg","width":1600,"height":1067,"caption":"Foto 3.2. Toolip\u00f5hi, millelt m\u00f5\u00f5deti 96 aastar\u00f5ngarida"},{"@type":"BreadcrumbList","@id":"https:\/\/blog.erm.ee\/?p=16766#breadcrumb","itemListElement":[{"@type":"ListItem","position":1,"name":"Home","item":"https:\/\/blog.erm.ee\/"},{"@type":"ListItem","position":2,"name":"Lugedes aastar\u00f5ngaid ehk ERMi talutoolide puidu vanuse m\u00e4\u00e4ramine"}]},{"@type":"WebSite","@id":"https:\/\/blog.erm.ee\/#website","url":"https:\/\/blog.erm.ee\/","name":"Eesti Rahva Muuseumi ajaveeb","description":"","potentialAction":[{"@type":"SearchAction","target":{"@type":"EntryPoint","urlTemplate":"https:\/\/blog.erm.ee\/?s={search_term_string}"},"query-input":{"@type":"PropertyValueSpecification","valueRequired":true,"valueName":"search_term_string"}}],"inLanguage":"et"},{"@type":"Person","@id":"https:\/\/blog.erm.ee\/#\/schema\/person\/6e98c391cb00a33e7c22a3571e062114","name":"Eesti Rahva Muuseum","image":{"@type":"ImageObject","inLanguage":"et","@id":"https:\/\/secure.gravatar.com\/avatar\/cb6d9ad5fb49f3f7315028ce5fe60641075f2cb52b8a058ff5a985fa2d8c1da0?s=96&d=mm&r=g","url":"https:\/\/secure.gravatar.com\/avatar\/cb6d9ad5fb49f3f7315028ce5fe60641075f2cb52b8a058ff5a985fa2d8c1da0?s=96&d=mm&r=g","contentUrl":"https:\/\/secure.gravatar.com\/avatar\/cb6d9ad5fb49f3f7315028ce5fe60641075f2cb52b8a058ff5a985fa2d8c1da0?s=96&d=mm&r=g","caption":"Eesti Rahva Muuseum"},"sameAs":["http:\/\/www.erm.ee"],"url":"https:\/\/blog.erm.ee\/?author=1"}]}},"jetpack_featured_media_url":"https:\/\/blog.erm.ee\/wp-content\/uploads\/2024\/10\/Pilt3.jpg","jetpack_shortlink":"https:\/\/wp.me\/p2l9Zd-4mq","jetpack_sharing_enabled":true,"jetpack_likes_enabled":true,"_links":{"self":[{"href":"https:\/\/blog.erm.ee\/index.php?rest_route=\/wp\/v2\/posts\/16766","targetHints":{"allow":["GET"]}}],"collection":[{"href":"https:\/\/blog.erm.ee\/index.php?rest_route=\/wp\/v2\/posts"}],"about":[{"href":"https:\/\/blog.erm.ee\/index.php?rest_route=\/wp\/v2\/types\/post"}],"author":[{"embeddable":true,"href":"https:\/\/blog.erm.ee\/index.php?rest_route=\/wp\/v2\/users\/1"}],"replies":[{"embeddable":true,"href":"https:\/\/blog.erm.ee\/index.php?rest_route=%2Fwp%2Fv2%2Fcomments&post=16766"}],"version-history":[{"count":1,"href":"https:\/\/blog.erm.ee\/index.php?rest_route=\/wp\/v2\/posts\/16766\/revisions"}],"predecessor-version":[{"id":16780,"href":"https:\/\/blog.erm.ee\/index.php?rest_route=\/wp\/v2\/posts\/16766\/revisions\/16780"}],"wp:featuredmedia":[{"embeddable":true,"href":"https:\/\/blog.erm.ee\/index.php?rest_route=\/wp\/v2\/media\/16772"}],"wp:attachment":[{"href":"https:\/\/blog.erm.ee\/index.php?rest_route=%2Fwp%2Fv2%2Fmedia&parent=16766"}],"wp:term":[{"taxonomy":"category","embeddable":true,"href":"https:\/\/blog.erm.ee\/index.php?rest_route=%2Fwp%2Fv2%2Fcategories&post=16766"},{"taxonomy":"post_tag","embeddable":true,"href":"https:\/\/blog.erm.ee\/index.php?rest_route=%2Fwp%2Fv2%2Ftags&post=16766"}],"curies":[{"name":"wp","href":"https:\/\/api.w.org\/{rel}","templated":true}]}}