{"id":16604,"date":"2024-03-07T06:46:47","date_gmt":"2024-03-07T04:46:47","guid":{"rendered":"https:\/\/blog.erm.ee\/?p=16604"},"modified":"2024-03-07T06:46:47","modified_gmt":"2024-03-07T04:46:47","slug":"tere-kallis-vennas-parimate-tervitustega-salme","status":"publish","type":"post","link":"https:\/\/blog.erm.ee\/?p=16604","title":{"rendered":"Tere, kallis vennas. Parimate tervitustega Salme"},"content":{"rendered":"<div class=\"fcbkbttn_buttons_block\" id=\"fcbkbttn_left\"><div class=\"fcbkbttn_like \"><fb:like href=\"https:\/\/blog.erm.ee\/?p=16604\" action=\"like\" colorscheme=\"light\" layout=\"standard\"  width=\"225px\" size=\"small\"><\/fb:like><\/div><div class=\"fb-share-button  \" data-href=\"https:\/\/blog.erm.ee\/?p=16604\" data-type=\"button\" data-size=\"small\"><\/div><\/div><p><em>Siret Saar, koguhoidja<\/em><\/p>\n<p><em>Fotod: Anu Ansu<\/em><\/p>\n<p>Korrastan elus esimest korda arhiivi \u2013 Eesti Rahva Muuseumisse j\u00f5udnud p\u00f5llumajandusteadlase Hugo Ferdinand Narusbergi (1919-2009) materjale. Olen esimese kastit\u00e4ie kraami isikute ja teemade kaupa \u00e4ra sorteerinud. Amat\u00f6\u00f6rile m\u00f5nus kraam, sest artiklite koopiate, arvete jms hulgas on hunnikute kaupa kirju s\u00f5pradelt, perekonnalt, kallimatelt, endistelt koolikaaslastelt.<\/p>\n<p>Oma soojuse ja siirusega imponeeris mulle Hugo Narusbergi kirjavahetus vanema \u00f5e Salme Treieriga (1908-1996). Kirjavahetus on s\u00e4ilinud \u00fchepoolsena \u2013 Salme kirjad Hugole. Kodus\u00a0 Rosma k\u00fclas ja P\u00f5lvas t\u00f6\u00f6 juures pauside ajal sehkendatud kirjad \u2013 pastakaga erinevatele paberitele kirjutatud katkendlikud igap\u00e4evased jutud \u2013 on argine ja tugev inimeste vaheline side.<\/p>\n<p>1980ndate Haanjamaa. Kummelimuruga \u00f5uepealne. K\u00f6\u00f6gis v\u00e4rskekapsasupi erk l\u00f5hn ja hoolega puhtaks k\u00fc\u00fcritud vakstuga kaetud laua taga kirjutav Salme. Ta kirjutab oma elust ja argip\u00e4evast. Maaelust, mis muudab ootamatult abituks, see haarab su kaasa oma suisa diktaatorliku ja sugestiivse r\u00fctmiga: hein, aed, hoidised, uus katus, istikud, kartulid.<\/p>\n<p><a href=\"https:\/\/blog.erm.ee\/wp-content\/uploads\/2024\/03\/aa_0041.jpg\"><img loading=\"lazy\" decoding=\"async\" data-attachment-id=\"16605\" data-permalink=\"https:\/\/blog.erm.ee\/?attachment_id=16605#main\" data-orig-file=\"https:\/\/blog.erm.ee\/wp-content\/uploads\/2024\/03\/aa_0041.jpg\" data-orig-size=\"1200,800\" data-comments-opened=\"1\" data-image-meta=\"{&quot;aperture&quot;:&quot;8&quot;,&quot;credit&quot;:&quot;&quot;,&quot;camera&quot;:&quot;Canon EOS-1D X Mark II&quot;,&quot;caption&quot;:&quot;&quot;,&quot;created_timestamp&quot;:&quot;1705560680&quot;,&quot;copyright&quot;:&quot;&quot;,&quot;focal_length&quot;:&quot;28&quot;,&quot;iso&quot;:&quot;1000&quot;,&quot;shutter_speed&quot;:&quot;0.008&quot;,&quot;title&quot;:&quot;&quot;,&quot;orientation&quot;:&quot;1&quot;}\" data-image-title=\"aa_0041\" data-image-description=\"\" data-image-caption=\"\" data-large-file=\"https:\/\/blog.erm.ee\/wp-content\/uploads\/2024\/03\/aa_0041-1024x683.jpg\" class=\"aligncenter size-full wp-image-16605\" src=\"https:\/\/blog.erm.ee\/wp-content\/uploads\/2024\/03\/aa_0041.jpg\" alt=\"\" width=\"1200\" height=\"800\" srcset=\"https:\/\/blog.erm.ee\/wp-content\/uploads\/2024\/03\/aa_0041.jpg 1200w, https:\/\/blog.erm.ee\/wp-content\/uploads\/2024\/03\/aa_0041-300x200.jpg 300w, https:\/\/blog.erm.ee\/wp-content\/uploads\/2024\/03\/aa_0041-1024x683.jpg 1024w, https:\/\/blog.erm.ee\/wp-content\/uploads\/2024\/03\/aa_0041-390x260.jpg 390w, https:\/\/blog.erm.ee\/wp-content\/uploads\/2024\/03\/aa_0041-768x512.jpg 768w\" sizes=\"auto, (max-width: 1200px) 100vw, 1200px\" \/><\/a><\/p>\n<p><em>16.11.80 Rosmal<\/em><\/p>\n<p><em>Ega n\u00fc\u00fcd k\u00e4ivad bussid nii halvasti, ootasin \u00fcle poole tunni ja buss ei tulnutki, siis hakasin<\/em><\/p>\n<p><em>h\u00e4\u00e4letama, k\u00fcll see on kole amet, l\u00f5puks \u00fcks abielupaar v\u00f5tsid mind peale, sain selle<\/em><\/p>\n<p><em>ringteeni, mis on enne P\u00f5lvat, sealt siis tulin jalgsi Rosmale, ikka oma 5 p\u00e4tsi leiba kotis, kui<\/em><\/p>\n<p><em>kodu sain, siis olin k\u00fcll nii v\u00e4sinud. Ega vist k\u00fcll ei julge niipea sinna enam minna.<\/em><\/p>\n<p>&nbsp;<\/p>\n<p><em>18.01.1981 Rosmal<\/em><\/p>\n<p><em>Mul on pesu pestud ja kapis, kui sa ei ole haige ja on aega siis v\u00f5ite siin meie pool k\u00e4ia. Mul<\/em><\/p>\n<p><em>j\u00e4i s\u00fcdamele, et sa l\u00e4ksid ilma pluuseta tookord minema kui ikka k\u00fclm Sulle liiga ei teinud,<\/em><\/p>\n<p><em>ma pidanud ikka siit m\u00f5ne pluuse selga andma. Kui on midagi m\u00f5ni pluuse veel must, siis<\/em><\/p>\n<p><em>palun v\u00f5ta kaasa.<\/em><\/p>\n<p><em>\u00a0<\/em><\/p>\n<p><em>13.04.81 Rosmal<\/em><\/p>\n<p><em>P\u00fchap. \u00f5htupoolikul k\u00e4isime terve perega surnuaias, viisime neile lumikellukesi ja urbi kes<\/em><\/p>\n<p><em>enam ei tule meie juure ja r\u00e4\u00e4kisin Marile, kes oskas seda eelmisel urbep\u00e4eval ette arvata et<\/em><\/p>\n<p><em>teda enam ei ole sellel aastal.<\/em><\/p>\n<p><em>\u00a0<\/em><\/p>\n<p><em>19.10.81 P\u00f5lvas<\/em><\/p>\n<p><em>T\u00e4nan Sind ja Henrit, et ilusti ikka saatsite mind rongile, alul k\u00fcll kartsin seda venelaste<\/em><\/p>\n<p><em>laviini. Kui vagunisse sain, siis sain ruttu iste koha ka, sinna akna alla. Mul tuli selle tr\u00fcgimise<\/em><\/p>\n<p><em>peale \u00fcks valuhoog seljasse, m\u00f5tlesin k\u00fcll k\u00f5ik venelased \u00fcmber, ei ole kellegi kaevata ka olin<\/em><\/p>\n<p><em>v\u00e4ga vaikselt ja pidasin hinge kinni, nii l\u00e4ks \u00fcle.<\/em><\/p>\n<p><a href=\"https:\/\/blog.erm.ee\/wp-content\/uploads\/2024\/03\/aa_0049.jpg\"><img loading=\"lazy\" decoding=\"async\" data-attachment-id=\"16606\" data-permalink=\"https:\/\/blog.erm.ee\/?attachment_id=16606#main\" data-orig-file=\"https:\/\/blog.erm.ee\/wp-content\/uploads\/2024\/03\/aa_0049.jpg\" data-orig-size=\"800,1200\" data-comments-opened=\"1\" data-image-meta=\"{&quot;aperture&quot;:&quot;7.1&quot;,&quot;credit&quot;:&quot;&quot;,&quot;camera&quot;:&quot;Canon EOS-1D X Mark II&quot;,&quot;caption&quot;:&quot;&quot;,&quot;created_timestamp&quot;:&quot;1705560876&quot;,&quot;copyright&quot;:&quot;&quot;,&quot;focal_length&quot;:&quot;56&quot;,&quot;iso&quot;:&quot;1000&quot;,&quot;shutter_speed&quot;:&quot;0.00625&quot;,&quot;title&quot;:&quot;&quot;,&quot;orientation&quot;:&quot;1&quot;}\" data-image-title=\"aa_0049\" data-image-description=\"\" data-image-caption=\"\" data-large-file=\"https:\/\/blog.erm.ee\/wp-content\/uploads\/2024\/03\/aa_0049-683x1024.jpg\" class=\"aligncenter size-full wp-image-16606\" src=\"https:\/\/blog.erm.ee\/wp-content\/uploads\/2024\/03\/aa_0049.jpg\" alt=\"\" width=\"800\" height=\"1200\" srcset=\"https:\/\/blog.erm.ee\/wp-content\/uploads\/2024\/03\/aa_0049.jpg 800w, https:\/\/blog.erm.ee\/wp-content\/uploads\/2024\/03\/aa_0049-200x300.jpg 200w, https:\/\/blog.erm.ee\/wp-content\/uploads\/2024\/03\/aa_0049-683x1024.jpg 683w, https:\/\/blog.erm.ee\/wp-content\/uploads\/2024\/03\/aa_0049-173x260.jpg 173w, https:\/\/blog.erm.ee\/wp-content\/uploads\/2024\/03\/aa_0049-768x1152.jpg 768w\" sizes=\"auto, (max-width: 800px) 100vw, 800px\" \/><\/a><\/p>\n<p><em>20.08.82 P\u00f5lvas<\/em><\/p>\n<p><em>Kuidas on Sul raamatu j\u00e4rg, kas hakkab juba elama v\u00f5i on veel s\u00fcnnitusvaludes? Ma ikka<\/em><\/p>\n<p><em>kauplesin Sind, et l\u00e4hme kuhugi paariks p\u00e4evaks reisima, ega n\u00fc\u00fcd ka veel saan, sest laup. ja<\/em><\/p>\n<p><em>p\u00fchap. on mul priid. Ei tule j\u00e4rsku enam midagi meelde, muidugi pluused on puhtad ja kapis<\/em><\/p>\n<p><em>puu peal ootavad peremeest. Nii siis pean l\u00f5petama.<\/em><\/p>\n<p><em>\u00a0<\/em><\/p>\n<p><em>27.10.82<\/em><\/p>\n<p><em>Nii n\u00fc\u00fcd elulisi k\u00fcsimusi ka pluusid on Sulle \u00e4ra pestud, ainult kuivavad veel lakas,<\/em><\/p>\n<p><em>m\u00f6\u00f6dunud p\u00fchap. Pesin oma pesu ka, kuna ilm oli vihmane, siis ei saanud teisiti, meil n\u00fc\u00fcd<\/em><\/p>\n<p><em>hea puhas lakapealne. Sa veel t\u00e4nad mind tookordse abi eest n\u00e4gite k\u00fcll, mis minuga juhtus,<\/em><\/p>\n<p><em>ma oleks pea rahva j\u00e4tnud kastmeta, ise ka ehmatasin nii \u00e4ra, et n\u00fc\u00fcd tuleb veel hirm peale.<\/em><\/p>\n<p><em>\u00a0<\/em><\/p>\n<p><em>15.11.82 P\u00f5lvas<\/em><\/p>\n<p><em>Kui siia tulete, siis r\u00e4\u00e4gin selle K\u00fcbara matuse \u00fcle. Vasiili oli siis matmas, oli \u00e4ra \u00f6eldud, et<\/em><\/p>\n<p><em>mitte palju r\u00e4\u00e4kida nii ta pidas ka ja ei olnud teisi ka matta, nii oli p\u00e4ris rahulik. Laud oli<\/em><\/p>\n<p><em>Sigmas, Rauk ja pillimehed olid ka lauas, isegi m\u00e4ngisid koraali.<\/em><\/p>\n<p><em>\u00a0<\/em><\/p>\n<p><em>10.06.83 P\u00f5lvas<\/em><\/p>\n<p><em>Ilusad s\u00fcnnip\u00e4eva roosid on n\u00e4rtsinud inimesed saavad vanaks, aga uued kasvavad peale ja<\/em><\/p>\n<p><em>uued lilled ka, nii see aja ja eluratas aina veereb edasi ja tagasi k\u00e4iku ei ole. Pidin juba varem<\/em><\/p>\n<p><em>kirjutama ja t\u00e4nama raadio \u00f5nnitluse eest, ei olnud ka rohkem kui Sinu ja Henri pere poolt.<\/em><\/p>\n<p><em>Kuidas Sina ka rahule j\u00e4id vana \u00f5e 75 a juubeliga?<\/em><\/p>\n<p><em>\u00a0<\/em><\/p>\n<p><em>02.02.84 P\u00f5lvas<\/em><\/p>\n<p><em>Eile \u00f5htul kui t\u00f6\u00f6lt l\u00e4ksin, leidsin Sinu kirja eest, lugesin l\u00e4bi, ei saanud pea terve \u00f6\u00f6 magada. Siis<\/em><\/p>\n<p><em>m\u00f5tlesin k\u00f5ik, oma ja Sinu elu ka l\u00e4bi, pidanud Sa ikka uuesti abielluma, kui esimene l\u00e4ks<\/em><\/p>\n<p><em>n\u00e4ssu. Sest kahekesi on ikka etem, kui saada ikka inimesega kokku. \/&#8212;\/ Ma lasen ka endale uue kleidi teha, saab ka \u00fchtlasi matmis kleidiks, muidu panevad m\u00f5ne kirju kleidi selga, nagu tahtsid emale panna.<\/em><\/p>\n<p><em>\u00a0<\/em><\/p>\n<p><em>17.08.84 Rosmal<\/em><\/p>\n<p><em>Muidu on neid suviseid t\u00f6id ja tegemisi nii palju oli mahlade tegemine, eile tegin viimase<\/em><\/p>\n<p><em>mahla oma aia marjadest, ainult veel on aroonia aias, n\u00e4is mis neist saab. Siis oli vahepeal<\/em><\/p>\n<p><em>kurkide tegemine. Sulle panin ka \u00fche pange t\u00e4ie hapuks minema, n\u00fc\u00fcd on juba hapud.<\/em><\/p>\n<p><em>\u00a0<\/em><\/p>\n<p><em>25.11.84<\/em><\/p>\n<p><em>Enne surnute p\u00fcha sellel neljap\u00e4eva \u00f5htul k\u00e4isin armulaual ja \u00f5iendasin oma kirikumaksu<\/em><\/p>\n<p><em>\u00e4ra, nii ei ole enam v\u00f5lgnevust. \/&#8212;\/<\/em><\/p>\n<p><em>Mul on raadioga sarnane h\u00e4da, et enam ei kuule vikerraadiot, vist on lamp l\u00e4bi minemas alul<\/em><\/p>\n<p><em>teeb natuke h\u00e4\u00e4lt, siis j\u00e4\u00e4b vaikseks, v\u00f5ib olla on Sul m\u00f5ni vaba lamp, sest meil olid<\/em><\/p>\n<p><em>\u00fchesugused aparaadid.<\/em><\/p>\n<p><em>\u00a0<\/em><\/p>\n<p><em>23.02.85<\/em><\/p>\n<p><em>Kuidas see kohvi varumine Sul l\u00e4heb, minu v\u00f5ite j\u00e4tta seekord v\u00e4lja, sest K\u00fcbara Leida k\u00e4is<\/em><\/p>\n<p><em>mood. P\u00fchap. Tartus ja t\u00f5i mulle \u00fche purgi, seal \u00fclej\u00f5e Leinankaini kaup. Oli olnud vabalt<\/em><\/p>\n<p><em>saada. \/&#8212;\/ K\u00e4in veel natuke ringi, vast tuleb midagi meele, siis saan veel midagi kirja panna. Meil oli<\/em><\/p>\n<p><em>vorsti p\u00e4ev t\u00e4na, nii olen j\u00e4rjekorras, saadan inimesi v\u00e4lja ja nii kirjutan kirja olin sabas 5-eks,<\/em><\/p>\n<p><em>sain kana, 300 gr sinki jupi vorsti ka. N\u00fc\u00fcd v\u00f5iks Sa tulla k\u00fclla, on ilus kana. Sest 24 veebr on<\/em><\/p>\n<p><em>minu elus t\u00e4htis p\u00e4ev kunagi olnud, nii kaua kui veel elan. Nii pea j\u00e4lle t\u00f6\u00f6le hakkama.<\/em><\/p>\n<p><em>\u00a0<\/em><\/p>\n<p><em>12.03.85<\/em><\/p>\n<p><em>Kui veel seekord \u00e4ra paranen, siis kui tuleb kevad, siis tahan l\u00f5nga v\u00e4rvida, et Sulle ka<\/em><\/p>\n<p><em>triibulisi sokke kududa, sa \u00fctlesid, et Sul on valget l\u00f5nga, too siia siis ma veel katsun v\u00e4rvida<\/em><\/p>\n<p><em>endale ja Sulle. \u00dctlen \u00f5petaja s\u00f5nadega, et kui Jumal lubab. See on \u00fcks \u00f5ige \u00fctlemine, kui<\/em><\/p>\n<p><em>hakad seda j\u00e4rele m\u00f5tlema.<\/em><\/p>\n<p><em>\u00a0<\/em><\/p>\n<p><em>12.07.85<\/em><\/p>\n<p><em>N\u00fc\u00fcd on ilmad nagu heinailma moodi, Kaarel oma perega teevad heina, ma ka siin<\/em><\/p>\n<p><em>kodukoplis, nii teen natuke, ega ei ole enam minust suurt tegijat, sest jalad ei taha enam k\u00e4ia<\/em><\/p>\n<p><em>ja k\u00e4ed ka.<\/em><\/p>\n<p><em>\u00a0<\/em><\/p>\n<p><em>27.09.85 P\u00f5lvas<\/em><\/p>\n<p><em>Seni oli v\u00e4ga kiire, tead k\u00fcll s\u00fcgisene aeg. Kartulid said k\u00fcll v\u00f5etud, aga aias on veel m\u00f5ni<\/em><\/p>\n<p><em>vao-ots ja kartulimaa on veel korjamata, n\u00fc\u00fcd tuleb laup. ja p\u00fchap. siis katsume neid<\/em><\/p>\n<p><em>viimaseid t\u00f6id \u00e4ra teha, kui ikka ilma pea.<\/em><\/p>\n<p><em>\u00a0<\/em><\/p>\n<p><em>P\u00f5lvas 11.11.85<\/em><\/p>\n<p><em>Nagu Sa tead, n\u00fc\u00fcd on lauda kattus peal, ehk k\u00fcll \u00fchekordne, aga vihm ei jookse enam sisse.<\/em><\/p>\n<p><em>7-menda hommikul hakasid Kaarliga peale s\u00e4ttima kattuse l\u00f6\u00f6mist, Kaarli oli ka abivalmis. 8-<\/em><\/p>\n<p><em>sanda hommikul hoolega l\u00e4ks t\u00f6\u00f6 edasi, siis tuli Paul ka ootamatult kella 2 ajal, nii nad siis<\/em><\/p>\n<p><em>t\u00f6\u00f6tasid, \u00f5htu pimedani, \u00fcks pool sai \u00fcleni, teine pool ka pool, nii n\u00fc\u00fcd saab kevadeni v\u00e4lja,<\/em><\/p>\n<p><em>n\u00e4is mis siis saab edasi.<\/em><\/p>\n<p><em>\u00a0<\/em><\/p>\n<p><em>P\u00f5lvas 19.11.85<\/em><\/p>\n<p><em>Ikka olen veel t\u00f6\u00f6l, selle aastaga k\u00fcll tahan \u00e4ra l\u00f5petada, kui hakan m\u00f5tlema, siis on nagu<\/em><\/p>\n<p><em>kahju ka. Pinsi ei antud kopikatki juure, ei tea miks? K\u00f5ik suvi tehti suurt reklaami. N\u00fc\u00fcd<\/em><\/p>\n<p><em>vaatame \u00f5htul Vreemat mis s\u00fcnnib seal Cenfis?<\/em><\/p>\n<p><em>\u00a0<\/em><\/p>\n<p><em>13.11.87 Rosmal<\/em><\/p>\n<p><em>Ma r\u00e4\u00e4kisin Leidale seda Sinu ettepanekut, et teatrisse lubasid t\u00f6\u00f6l viia, ega tal ei olnud selle<\/em><\/p>\n<p><em>vastu midagi, ainult \u00fctles kui tead soovitada midagi, mida tasuks vaadata. Kuidas see Vaikuse<\/em><\/p>\n<p><em>vallamaja Sulle meeldis? Sveta \u00fctles, et jama nad olid k\u00e4inud ka vaatamas.<\/em><\/p>\n<p><a href=\"https:\/\/blog.erm.ee\/wp-content\/uploads\/2024\/03\/aa_0051.jpg\"><img loading=\"lazy\" decoding=\"async\" data-attachment-id=\"16607\" data-permalink=\"https:\/\/blog.erm.ee\/?attachment_id=16607#main\" data-orig-file=\"https:\/\/blog.erm.ee\/wp-content\/uploads\/2024\/03\/aa_0051.jpg\" data-orig-size=\"1200,800\" data-comments-opened=\"1\" data-image-meta=\"{&quot;aperture&quot;:&quot;7.1&quot;,&quot;credit&quot;:&quot;&quot;,&quot;camera&quot;:&quot;Canon EOS-1D X Mark II&quot;,&quot;caption&quot;:&quot;&quot;,&quot;created_timestamp&quot;:&quot;1705560950&quot;,&quot;copyright&quot;:&quot;&quot;,&quot;focal_length&quot;:&quot;58&quot;,&quot;iso&quot;:&quot;1000&quot;,&quot;shutter_speed&quot;:&quot;0.00625&quot;,&quot;title&quot;:&quot;&quot;,&quot;orientation&quot;:&quot;1&quot;}\" data-image-title=\"aa_0051\" data-image-description=\"\" data-image-caption=\"\" data-large-file=\"https:\/\/blog.erm.ee\/wp-content\/uploads\/2024\/03\/aa_0051-1024x683.jpg\" class=\"aligncenter size-full wp-image-16607\" src=\"https:\/\/blog.erm.ee\/wp-content\/uploads\/2024\/03\/aa_0051.jpg\" alt=\"\" width=\"1200\" height=\"800\" srcset=\"https:\/\/blog.erm.ee\/wp-content\/uploads\/2024\/03\/aa_0051.jpg 1200w, https:\/\/blog.erm.ee\/wp-content\/uploads\/2024\/03\/aa_0051-300x200.jpg 300w, https:\/\/blog.erm.ee\/wp-content\/uploads\/2024\/03\/aa_0051-1024x683.jpg 1024w, https:\/\/blog.erm.ee\/wp-content\/uploads\/2024\/03\/aa_0051-390x260.jpg 390w, https:\/\/blog.erm.ee\/wp-content\/uploads\/2024\/03\/aa_0051-768x512.jpg 768w\" sizes=\"auto, (max-width: 1200px) 100vw, 1200px\" \/><\/a><\/p>\n<p><em>17.02.88 Rosmal<\/em><\/p>\n<p><em>T\u00e4nasest lehest leidsin, et Heldil on vend surnud seal maal, siis veel kas oli papi vend ka<\/em><\/p>\n<p><em>surnud, eelmisel n\u00e4dala oli niisugune kuulutus lehes. \/&#8212;\/ Meil siin suri Kure Alfredi naine,<\/em><\/p>\n<p><em>m\u00f6\u00f6dunud n\u00e4dal oli kirikus matused, siis k\u00e4isin ma ka.<\/em><\/p>\n<p><em>\u00a0<\/em><\/p>\n<p><em>27.03.88 Rosmal<\/em><\/p>\n<p><em>Tookord tahtsin k\u00fcsida kus Sul pellargoni on ma ei n\u00e4inud peale ilusa asalea midagi. On veel<\/em><\/p>\n<p><em>palju k\u00fcsida aga ei ole \u00e4kki meeles.<\/em><\/p>\n<p><em>\u00a0<\/em><\/p>\n<p><em>*16.04.88 Rosmal<\/em><\/p>\n<p><em>Teist kord l\u00e4ksin arsti juure m\u00f5\u00f5tma kolmap. Arst \u00fctles t\u00e4na on 13 kuup\u00e4ev ja magnettormi<\/em><\/p>\n<p><em>p\u00e4ev, kuidas julgesid v\u00e4lja tulla. \u00dctlesin et mul on iga p\u00e4ev magnettorm. Muidu ei oska enam<\/em><\/p>\n<p><em>midagi paremat kirjutada. Eks kui kohtume siis r\u00e4\u00e4gime. Kas Sa vaatasid televisioonis<\/em><\/p>\n<p><em>\u201eM\u00f5tleme veel\u201c?<\/em><\/p>\n<div class=\"fcbkbttn_buttons_block\" id=\"fcbkbttn_left\"><div class=\"fcbkbttn_like \"><fb:like href=\"https:\/\/blog.erm.ee\/?p=16604\" action=\"like\" colorscheme=\"light\" layout=\"standard\"  width=\"225px\" size=\"small\"><\/fb:like><\/div><div class=\"fb-share-button  \" data-href=\"https:\/\/blog.erm.ee\/?p=16604\" data-type=\"button\" data-size=\"small\"><\/div><\/div>","protected":false},"excerpt":{"rendered":"<p>Siret Saar, koguhoidja Fotod: Anu Ansu Korrastan elus esimest korda arhiivi \u2013 Eesti Rahva Muuseumisse j\u00f5udnud p\u00f5llumajandusteadlase Hugo Ferdinand Narusbergi (1919-2009) materjale. Olen esimese kastit\u00e4ie kraami isikute ja teemade kaupa \u00e4ra sorteerinud. Amat\u00f6\u00f6rile m\u00f5nus kraam, sest artiklite koopiate, arvete jms hulgas on hunnikute kaupa kirju s\u00f5pradelt, perekonnalt, kallimatelt, endistelt koolikaaslastelt. Oma soojuse ja siirusega imponeeris&hellip;<\/p>\n","protected":false},"author":1,"featured_media":16607,"comment_status":"open","ping_status":"open","sticky":false,"template":"","format":"standard","meta":{"_monsterinsights_skip_tracking":false,"_monsterinsights_sitenote_active":false,"_monsterinsights_sitenote_note":"","_monsterinsights_sitenote_category":0,"jetpack_post_was_ever_published":false,"_jetpack_newsletter_access":"","_jetpack_dont_email_post_to_subs":false,"_jetpack_newsletter_tier_id":0,"_jetpack_memberships_contains_paywalled_content":false,"_jetpack_memberships_contains_paid_content":false,"footnotes":""},"categories":[5],"tags":[],"class_list":["post-16604","post","type-post","status-publish","format-standard","has-post-thumbnail","hentry","category-museaal"],"yoast_head":"<!-- This site is optimized with the Yoast SEO plugin v27.5 - https:\/\/yoast.com\/product\/yoast-seo-wordpress\/ -->\n<title>Tere, kallis vennas. Parimate tervitustega Salme - Eesti Rahva Muuseumi ajaveeb<\/title>\n<meta name=\"robots\" content=\"index, follow, max-snippet:-1, max-image-preview:large, max-video-preview:-1\" \/>\n<link rel=\"canonical\" href=\"https:\/\/blog.erm.ee\/?p=16604\" \/>\n<meta property=\"og:locale\" content=\"et_EE\" \/>\n<meta property=\"og:type\" content=\"article\" \/>\n<meta property=\"og:title\" content=\"Tere, kallis vennas. Parimate tervitustega Salme - Eesti Rahva Muuseumi ajaveeb\" \/>\n<meta property=\"og:description\" content=\"Siret Saar, koguhoidja Fotod: Anu Ansu Korrastan elus esimest korda arhiivi \u2013 Eesti Rahva Muuseumisse j\u00f5udnud p\u00f5llumajandusteadlase Hugo Ferdinand Narusbergi (1919-2009) materjale. Olen esimese kastit\u00e4ie kraami isikute ja teemade kaupa \u00e4ra sorteerinud. Amat\u00f6\u00f6rile m\u00f5nus kraam, sest artiklite koopiate, arvete jms hulgas on hunnikute kaupa kirju s\u00f5pradelt, perekonnalt, kallimatelt, endistelt koolikaaslastelt. Oma soojuse ja siirusega imponeeris&hellip;\" \/>\n<meta property=\"og:url\" content=\"https:\/\/blog.erm.ee\/?p=16604\" \/>\n<meta property=\"og:site_name\" content=\"Eesti Rahva Muuseumi ajaveeb\" \/>\n<meta property=\"article:published_time\" content=\"2024-03-07T04:46:47+00:00\" \/>\n<meta property=\"og:image\" content=\"https:\/\/blog.erm.ee\/wp-content\/uploads\/2024\/03\/aa_0051.jpg\" \/>\n\t<meta property=\"og:image:width\" content=\"1200\" \/>\n\t<meta property=\"og:image:height\" content=\"800\" \/>\n\t<meta property=\"og:image:type\" content=\"image\/jpeg\" \/>\n<meta name=\"author\" content=\"Eesti Rahva Muuseum\" \/>\n<meta name=\"twitter:card\" content=\"summary_large_image\" \/>\n<meta name=\"twitter:label1\" content=\"Written by\" \/>\n\t<meta name=\"twitter:data1\" content=\"Eesti Rahva Muuseum\" \/>\n\t<meta name=\"twitter:label2\" content=\"Est. reading time\" \/>\n\t<meta name=\"twitter:data2\" content=\"7 minutit\" \/>\n<script type=\"application\/ld+json\" class=\"yoast-schema-graph\">{\"@context\":\"https:\\\/\\\/schema.org\",\"@graph\":[{\"@type\":\"Article\",\"@id\":\"https:\\\/\\\/blog.erm.ee\\\/?p=16604#article\",\"isPartOf\":{\"@id\":\"https:\\\/\\\/blog.erm.ee\\\/?p=16604\"},\"author\":{\"name\":\"Eesti Rahva Muuseum\",\"@id\":\"https:\\\/\\\/blog.erm.ee\\\/#\\\/schema\\\/person\\\/6e98c391cb00a33e7c22a3571e062114\"},\"headline\":\"Tere, kallis vennas. Parimate tervitustega Salme\",\"datePublished\":\"2024-03-07T04:46:47+00:00\",\"mainEntityOfPage\":{\"@id\":\"https:\\\/\\\/blog.erm.ee\\\/?p=16604\"},\"wordCount\":1421,\"commentCount\":0,\"image\":{\"@id\":\"https:\\\/\\\/blog.erm.ee\\\/?p=16604#primaryimage\"},\"thumbnailUrl\":\"https:\\\/\\\/blog.erm.ee\\\/wp-content\\\/uploads\\\/2024\\\/03\\\/aa_0051.jpg\",\"articleSection\":[\"Museaal\"],\"inLanguage\":\"et\",\"potentialAction\":[{\"@type\":\"CommentAction\",\"name\":\"Comment\",\"target\":[\"https:\\\/\\\/blog.erm.ee\\\/?p=16604#respond\"]}]},{\"@type\":\"WebPage\",\"@id\":\"https:\\\/\\\/blog.erm.ee\\\/?p=16604\",\"url\":\"https:\\\/\\\/blog.erm.ee\\\/?p=16604\",\"name\":\"Tere, kallis vennas. Parimate tervitustega Salme - Eesti Rahva Muuseumi ajaveeb\",\"isPartOf\":{\"@id\":\"https:\\\/\\\/blog.erm.ee\\\/#website\"},\"primaryImageOfPage\":{\"@id\":\"https:\\\/\\\/blog.erm.ee\\\/?p=16604#primaryimage\"},\"image\":{\"@id\":\"https:\\\/\\\/blog.erm.ee\\\/?p=16604#primaryimage\"},\"thumbnailUrl\":\"https:\\\/\\\/blog.erm.ee\\\/wp-content\\\/uploads\\\/2024\\\/03\\\/aa_0051.jpg\",\"datePublished\":\"2024-03-07T04:46:47+00:00\",\"author\":{\"@id\":\"https:\\\/\\\/blog.erm.ee\\\/#\\\/schema\\\/person\\\/6e98c391cb00a33e7c22a3571e062114\"},\"breadcrumb\":{\"@id\":\"https:\\\/\\\/blog.erm.ee\\\/?p=16604#breadcrumb\"},\"inLanguage\":\"et\",\"potentialAction\":[{\"@type\":\"ReadAction\",\"target\":[\"https:\\\/\\\/blog.erm.ee\\\/?p=16604\"]}]},{\"@type\":\"ImageObject\",\"inLanguage\":\"et\",\"@id\":\"https:\\\/\\\/blog.erm.ee\\\/?p=16604#primaryimage\",\"url\":\"https:\\\/\\\/blog.erm.ee\\\/wp-content\\\/uploads\\\/2024\\\/03\\\/aa_0051.jpg\",\"contentUrl\":\"https:\\\/\\\/blog.erm.ee\\\/wp-content\\\/uploads\\\/2024\\\/03\\\/aa_0051.jpg\",\"width\":1200,\"height\":800},{\"@type\":\"BreadcrumbList\",\"@id\":\"https:\\\/\\\/blog.erm.ee\\\/?p=16604#breadcrumb\",\"itemListElement\":[{\"@type\":\"ListItem\",\"position\":1,\"name\":\"Home\",\"item\":\"https:\\\/\\\/blog.erm.ee\\\/\"},{\"@type\":\"ListItem\",\"position\":2,\"name\":\"Tere, kallis vennas. Parimate tervitustega Salme\"}]},{\"@type\":\"WebSite\",\"@id\":\"https:\\\/\\\/blog.erm.ee\\\/#website\",\"url\":\"https:\\\/\\\/blog.erm.ee\\\/\",\"name\":\"Eesti Rahva Muuseumi ajaveeb\",\"description\":\"\",\"potentialAction\":[{\"@type\":\"SearchAction\",\"target\":{\"@type\":\"EntryPoint\",\"urlTemplate\":\"https:\\\/\\\/blog.erm.ee\\\/?s={search_term_string}\"},\"query-input\":{\"@type\":\"PropertyValueSpecification\",\"valueRequired\":true,\"valueName\":\"search_term_string\"}}],\"inLanguage\":\"et\"},{\"@type\":\"Person\",\"@id\":\"https:\\\/\\\/blog.erm.ee\\\/#\\\/schema\\\/person\\\/6e98c391cb00a33e7c22a3571e062114\",\"name\":\"Eesti Rahva Muuseum\",\"image\":{\"@type\":\"ImageObject\",\"inLanguage\":\"et\",\"@id\":\"https:\\\/\\\/secure.gravatar.com\\\/avatar\\\/cb6d9ad5fb49f3f7315028ce5fe60641075f2cb52b8a058ff5a985fa2d8c1da0?s=96&d=mm&r=g\",\"url\":\"https:\\\/\\\/secure.gravatar.com\\\/avatar\\\/cb6d9ad5fb49f3f7315028ce5fe60641075f2cb52b8a058ff5a985fa2d8c1da0?s=96&d=mm&r=g\",\"contentUrl\":\"https:\\\/\\\/secure.gravatar.com\\\/avatar\\\/cb6d9ad5fb49f3f7315028ce5fe60641075f2cb52b8a058ff5a985fa2d8c1da0?s=96&d=mm&r=g\",\"caption\":\"Eesti Rahva Muuseum\"},\"sameAs\":[\"http:\\\/\\\/www.erm.ee\"],\"url\":\"https:\\\/\\\/blog.erm.ee\\\/?author=1\"}]}<\/script>\n<!-- \/ Yoast SEO plugin. -->","yoast_head_json":{"title":"Tere, kallis vennas. Parimate tervitustega Salme - Eesti Rahva Muuseumi ajaveeb","robots":{"index":"index","follow":"follow","max-snippet":"max-snippet:-1","max-image-preview":"max-image-preview:large","max-video-preview":"max-video-preview:-1"},"canonical":"https:\/\/blog.erm.ee\/?p=16604","og_locale":"et_EE","og_type":"article","og_title":"Tere, kallis vennas. Parimate tervitustega Salme - Eesti Rahva Muuseumi ajaveeb","og_description":"Siret Saar, koguhoidja Fotod: Anu Ansu Korrastan elus esimest korda arhiivi \u2013 Eesti Rahva Muuseumisse j\u00f5udnud p\u00f5llumajandusteadlase Hugo Ferdinand Narusbergi (1919-2009) materjale. Olen esimese kastit\u00e4ie kraami isikute ja teemade kaupa \u00e4ra sorteerinud. Amat\u00f6\u00f6rile m\u00f5nus kraam, sest artiklite koopiate, arvete jms hulgas on hunnikute kaupa kirju s\u00f5pradelt, perekonnalt, kallimatelt, endistelt koolikaaslastelt. Oma soojuse ja siirusega imponeeris&hellip;","og_url":"https:\/\/blog.erm.ee\/?p=16604","og_site_name":"Eesti Rahva Muuseumi ajaveeb","article_published_time":"2024-03-07T04:46:47+00:00","og_image":[{"width":1200,"height":800,"url":"https:\/\/blog.erm.ee\/wp-content\/uploads\/2024\/03\/aa_0051.jpg","type":"image\/jpeg"}],"author":"Eesti Rahva Muuseum","twitter_card":"summary_large_image","twitter_misc":{"Written by":"Eesti Rahva Muuseum","Est. reading time":"7 minutit"},"schema":{"@context":"https:\/\/schema.org","@graph":[{"@type":"Article","@id":"https:\/\/blog.erm.ee\/?p=16604#article","isPartOf":{"@id":"https:\/\/blog.erm.ee\/?p=16604"},"author":{"name":"Eesti Rahva Muuseum","@id":"https:\/\/blog.erm.ee\/#\/schema\/person\/6e98c391cb00a33e7c22a3571e062114"},"headline":"Tere, kallis vennas. Parimate tervitustega Salme","datePublished":"2024-03-07T04:46:47+00:00","mainEntityOfPage":{"@id":"https:\/\/blog.erm.ee\/?p=16604"},"wordCount":1421,"commentCount":0,"image":{"@id":"https:\/\/blog.erm.ee\/?p=16604#primaryimage"},"thumbnailUrl":"https:\/\/blog.erm.ee\/wp-content\/uploads\/2024\/03\/aa_0051.jpg","articleSection":["Museaal"],"inLanguage":"et","potentialAction":[{"@type":"CommentAction","name":"Comment","target":["https:\/\/blog.erm.ee\/?p=16604#respond"]}]},{"@type":"WebPage","@id":"https:\/\/blog.erm.ee\/?p=16604","url":"https:\/\/blog.erm.ee\/?p=16604","name":"Tere, kallis vennas. Parimate tervitustega Salme - Eesti Rahva Muuseumi ajaveeb","isPartOf":{"@id":"https:\/\/blog.erm.ee\/#website"},"primaryImageOfPage":{"@id":"https:\/\/blog.erm.ee\/?p=16604#primaryimage"},"image":{"@id":"https:\/\/blog.erm.ee\/?p=16604#primaryimage"},"thumbnailUrl":"https:\/\/blog.erm.ee\/wp-content\/uploads\/2024\/03\/aa_0051.jpg","datePublished":"2024-03-07T04:46:47+00:00","author":{"@id":"https:\/\/blog.erm.ee\/#\/schema\/person\/6e98c391cb00a33e7c22a3571e062114"},"breadcrumb":{"@id":"https:\/\/blog.erm.ee\/?p=16604#breadcrumb"},"inLanguage":"et","potentialAction":[{"@type":"ReadAction","target":["https:\/\/blog.erm.ee\/?p=16604"]}]},{"@type":"ImageObject","inLanguage":"et","@id":"https:\/\/blog.erm.ee\/?p=16604#primaryimage","url":"https:\/\/blog.erm.ee\/wp-content\/uploads\/2024\/03\/aa_0051.jpg","contentUrl":"https:\/\/blog.erm.ee\/wp-content\/uploads\/2024\/03\/aa_0051.jpg","width":1200,"height":800},{"@type":"BreadcrumbList","@id":"https:\/\/blog.erm.ee\/?p=16604#breadcrumb","itemListElement":[{"@type":"ListItem","position":1,"name":"Home","item":"https:\/\/blog.erm.ee\/"},{"@type":"ListItem","position":2,"name":"Tere, kallis vennas. Parimate tervitustega Salme"}]},{"@type":"WebSite","@id":"https:\/\/blog.erm.ee\/#website","url":"https:\/\/blog.erm.ee\/","name":"Eesti Rahva Muuseumi ajaveeb","description":"","potentialAction":[{"@type":"SearchAction","target":{"@type":"EntryPoint","urlTemplate":"https:\/\/blog.erm.ee\/?s={search_term_string}"},"query-input":{"@type":"PropertyValueSpecification","valueRequired":true,"valueName":"search_term_string"}}],"inLanguage":"et"},{"@type":"Person","@id":"https:\/\/blog.erm.ee\/#\/schema\/person\/6e98c391cb00a33e7c22a3571e062114","name":"Eesti Rahva Muuseum","image":{"@type":"ImageObject","inLanguage":"et","@id":"https:\/\/secure.gravatar.com\/avatar\/cb6d9ad5fb49f3f7315028ce5fe60641075f2cb52b8a058ff5a985fa2d8c1da0?s=96&d=mm&r=g","url":"https:\/\/secure.gravatar.com\/avatar\/cb6d9ad5fb49f3f7315028ce5fe60641075f2cb52b8a058ff5a985fa2d8c1da0?s=96&d=mm&r=g","contentUrl":"https:\/\/secure.gravatar.com\/avatar\/cb6d9ad5fb49f3f7315028ce5fe60641075f2cb52b8a058ff5a985fa2d8c1da0?s=96&d=mm&r=g","caption":"Eesti Rahva Muuseum"},"sameAs":["http:\/\/www.erm.ee"],"url":"https:\/\/blog.erm.ee\/?author=1"}]}},"jetpack_featured_media_url":"https:\/\/blog.erm.ee\/wp-content\/uploads\/2024\/03\/aa_0051.jpg","jetpack_shortlink":"https:\/\/wp.me\/p2l9Zd-4jO","jetpack_sharing_enabled":true,"jetpack_likes_enabled":true,"_links":{"self":[{"href":"https:\/\/blog.erm.ee\/index.php?rest_route=\/wp\/v2\/posts\/16604","targetHints":{"allow":["GET"]}}],"collection":[{"href":"https:\/\/blog.erm.ee\/index.php?rest_route=\/wp\/v2\/posts"}],"about":[{"href":"https:\/\/blog.erm.ee\/index.php?rest_route=\/wp\/v2\/types\/post"}],"author":[{"embeddable":true,"href":"https:\/\/blog.erm.ee\/index.php?rest_route=\/wp\/v2\/users\/1"}],"replies":[{"embeddable":true,"href":"https:\/\/blog.erm.ee\/index.php?rest_route=%2Fwp%2Fv2%2Fcomments&post=16604"}],"version-history":[{"count":2,"href":"https:\/\/blog.erm.ee\/index.php?rest_route=\/wp\/v2\/posts\/16604\/revisions"}],"predecessor-version":[{"id":16611,"href":"https:\/\/blog.erm.ee\/index.php?rest_route=\/wp\/v2\/posts\/16604\/revisions\/16611"}],"wp:featuredmedia":[{"embeddable":true,"href":"https:\/\/blog.erm.ee\/index.php?rest_route=\/wp\/v2\/media\/16607"}],"wp:attachment":[{"href":"https:\/\/blog.erm.ee\/index.php?rest_route=%2Fwp%2Fv2%2Fmedia&parent=16604"}],"wp:term":[{"taxonomy":"category","embeddable":true,"href":"https:\/\/blog.erm.ee\/index.php?rest_route=%2Fwp%2Fv2%2Fcategories&post=16604"},{"taxonomy":"post_tag","embeddable":true,"href":"https:\/\/blog.erm.ee\/index.php?rest_route=%2Fwp%2Fv2%2Ftags&post=16604"}],"curies":[{"name":"wp","href":"https:\/\/api.w.org\/{rel}","templated":true}]}}