{"id":1643,"date":"2013-03-14T09:13:03","date_gmt":"2013-03-14T07:13:03","guid":{"rendered":"http:\/\/blog.erm.ee\/?p=1643"},"modified":"2013-11-17T19:35:55","modified_gmt":"2013-11-17T17:35:55","slug":"sormuseid-ermi-kogudest","status":"publish","type":"post","link":"https:\/\/blog.erm.ee\/?p=1643","title":{"rendered":"S\u00f5rmuseid ERMi kogudest"},"content":{"rendered":"<div class=\"fcbkbttn_buttons_block\" id=\"fcbkbttn_left\"><div class=\"fcbkbttn_like \"><fb:like href=\"https:\/\/blog.erm.ee\/?p=1643\" action=\"like\" colorscheme=\"light\" layout=\"standard\"  width=\"225px\" size=\"small\"><\/fb:like><\/div><div class=\"fb-share-button  \" data-href=\"https:\/\/blog.erm.ee\/?p=1643\" data-type=\"button\" data-size=\"small\"><\/div><\/div><p><i>Siret Saar, koguhoidja<\/i><\/p>\n<p><a href=\"https:\/\/blog.erm.ee\/wp-content\/uploads\/2013\/03\/EKM-j-15347-.jpg\"><img loading=\"lazy\" decoding=\"async\" data-attachment-id=\"1644\" data-permalink=\"https:\/\/blog.erm.ee\/?attachment_id=1644#main\" data-orig-file=\"https:\/\/blog.erm.ee\/wp-content\/uploads\/2013\/03\/EKM-j-15347-.jpg\" data-orig-size=\"526,600\" data-comments-opened=\"1\" data-image-meta=\"{&quot;aperture&quot;:&quot;0&quot;,&quot;credit&quot;:&quot;Andres&quot;,&quot;camera&quot;:&quot;&quot;,&quot;caption&quot;:&quot;&quot;,&quot;created_timestamp&quot;:&quot;0&quot;,&quot;copyright&quot;:&quot;Conservation Center Kanut&quot;,&quot;focal_length&quot;:&quot;0&quot;,&quot;iso&quot;:&quot;0&quot;,&quot;shutter_speed&quot;:&quot;0&quot;,&quot;title&quot;:&quot;&quot;}\" data-image-title=\"EKM j 15347\" data-image-description=\"\" data-image-caption=\"\" data-large-file=\"https:\/\/blog.erm.ee\/wp-content\/uploads\/2013\/03\/EKM-j-15347-.jpg\" class=\"size-full wp-image-1644 alignnone\" alt=\"EKM j 15347\" src=\"https:\/\/blog.erm.ee\/wp-content\/uploads\/2013\/03\/EKM-j-15347-.jpg\" width=\"526\" height=\"600\" srcset=\"https:\/\/blog.erm.ee\/wp-content\/uploads\/2013\/03\/EKM-j-15347-.jpg 526w, https:\/\/blog.erm.ee\/wp-content\/uploads\/2013\/03\/EKM-j-15347--227x260.jpg 227w, https:\/\/blog.erm.ee\/wp-content\/uploads\/2013\/03\/EKM-j-15347--263x300.jpg 263w\" sizes=\"auto, (max-width: 526px) 100vw, 526px\" \/><\/a><\/p>\n<p><i>EKM j 153\/47 M 41 Gustav Adolf Hippius \u201eEesti pruut\u201c 1852<\/i><\/p>\n<p>Omaaegsetele kunstiasjatundjatele valmistasid peavalu Konstantin P\u00e4tsi kunstilised t\u00f5ekspidamised \u2013 riigivanema arusaama heast eesti kunstist ei kehastanud nimelt mitte \u00fckski Konrad M\u00e4e v\u00f5i Eduard Viiralti taiestest, vaid Gustav Adolf Hippiuse (1792-1856) \u201eEesti pruut\u201c.<\/p>\n<p>Minu jaoks on &#8220;Eesti pruut&#8221; kindlasti eesti tuntuim pulmateemaline maal.\u00a0Mitmete kunstiteadlaste arvates\u00a0on portreemaalijana tuntud baltisakslane kunstnikuna v\u00e4gagi keskp\u00e4rane, \u00a0\u201eEesti pruuti\u201c on peetud l\u00e4\u00e4geks ja tehniliselt kohmakaks.<\/p>\n<p>Olgu selle taiesega kuidas on, aga pruudi ehete ohtrus maalil pakub r\u00f5\u00f5mu \u2013 helmed, preesid, s\u00f5lg, rahad ja loomulikult s\u00f5rmus.<\/p>\n<p>18.-19. saj kandis eesti talurahvas \u00f5ige palju s\u00f5rmuseid. Tavaliselt olid need h\u00f5bedast vitss\u00f5rmused, enamasti pealisk\u00fcljel oleva laiendiga, kus v\u00f5is olla ka 1-3 klaasist silma. Levinud oli ka haris\u00f5rmus, mille esik\u00fcljel m\u00f5lemal pool vitsv\u00f5ru oli sakiliselt laienev ja kirjaga kaunistatud hari. Tihti kandsid naised mitut s\u00f5rmust. Pruudile kihlas\u00f5rmuse kinkimine oli 19. saj \u00fcldine tava.<\/p>\n<p>Nii ERMi h\u00f5bedakogu kui ka metallikogu ehted turgutavad esteetilist meelt ja edevust. S\u00f5rmuseid on seal palju \u2013 enamasti v\u00e4ga lihtsad, aga leidub ka t\u00f5elisi kaunitare. J\u00e4rgnevalt toon m\u00f5ned n\u00e4ited kihla- ja laulatuss\u00f5rmustest (need on enamasti lihtsate hulka klassifitseeruvad).<a href=\"https:\/\/blog.erm.ee\/wp-content\/uploads\/2013\/03\/070891_ERM_4987.jpg\"><img loading=\"lazy\" decoding=\"async\" data-attachment-id=\"1645\" data-permalink=\"https:\/\/blog.erm.ee\/?attachment_id=1645#main\" data-orig-file=\"https:\/\/blog.erm.ee\/wp-content\/uploads\/2013\/03\/070891_ERM_4987.jpg\" data-orig-size=\"1024,685\" data-comments-opened=\"1\" data-image-meta=\"{&quot;aperture&quot;:&quot;0&quot;,&quot;credit&quot;:&quot;&quot;,&quot;camera&quot;:&quot;&quot;,&quot;caption&quot;:&quot;&quot;,&quot;created_timestamp&quot;:&quot;0&quot;,&quot;copyright&quot;:&quot;&quot;,&quot;focal_length&quot;:&quot;0&quot;,&quot;iso&quot;:&quot;0&quot;,&quot;shutter_speed&quot;:&quot;0&quot;,&quot;title&quot;:&quot;&quot;}\" data-image-title=\"070891_ERM_4987\" data-image-description=\"&lt;p&gt;[#Beginning of Shooting Data Section]&lt;br \/&gt;\nNikon D200&lt;br \/&gt;\nFocal Length: 105mm&lt;br \/&gt;\nOptimize Image: Custom&lt;br \/&gt;\nColor Mode: Mode II (Adobe RGB)&lt;br \/&gt;\nLong Exposure NR: Off&lt;br \/&gt;\nHigh ISO NR: Off&lt;br \/&gt;\n2012\/05\/28 11:17:58.4&lt;br \/&gt;\nExposure Mode: Manual&lt;br \/&gt;\nWhite Balance: Preset d-2&lt;br \/&gt;\nTone Comp.: User-Defined Custom Curve&lt;br \/&gt;\nRAW (12-bit)&lt;br \/&gt;\nMetering Mode: Multi-Pattern&lt;br \/&gt;\nAF Mode: AF-S&lt;br \/&gt;\nHue Adjustment: 0\u00b0&lt;br \/&gt;\nImage Size: Large (3872 x 2592)&lt;br \/&gt;\n1\/100 sec &amp;#8211; F\/32&lt;br \/&gt;\nFlash Sync Mode: Not Attached&lt;br \/&gt;\nSaturation: Normal&lt;br \/&gt;\nColor&lt;br \/&gt;\nExposure Comp.: 0 EV&lt;br \/&gt;\nSharpening: High&lt;br \/&gt;\nLens: VR 105mm F\/2.8 G&lt;br \/&gt;\nSensitivity: ISO 100&lt;br \/&gt;\nImage Comment:&lt;br \/&gt;\n[#End of Shooting Data Section]&lt;\/p&gt;\n\" data-image-caption=\"\" data-large-file=\"https:\/\/blog.erm.ee\/wp-content\/uploads\/2013\/03\/070891_ERM_4987.jpg\" class=\"alignleft  wp-image-1645\" alt=\"070891_ERM_4987\" src=\"https:\/\/blog.erm.ee\/wp-content\/uploads\/2013\/03\/070891_ERM_4987.jpg\" width=\"720\" height=\"482\" srcset=\"https:\/\/blog.erm.ee\/wp-content\/uploads\/2013\/03\/070891_ERM_4987.jpg 1024w, https:\/\/blog.erm.ee\/wp-content\/uploads\/2013\/03\/070891_ERM_4987-388x260.jpg 388w, https:\/\/blog.erm.ee\/wp-content\/uploads\/2013\/03\/070891_ERM_4987-300x200.jpg 300w\" sizes=\"auto, (max-width: 720px) 100vw, 720px\" \/><\/a><\/p>\n<p><i>ERM 4987 Kihlas\u00f5rmus Saaremaalt. 1912 muuseumisse vastu v\u00f5etud. \u201e\u00dche vana ini<i>mese k\u00e4est ostetud.\u201c <a href=\"http:\/\/muis.ee\/museaalview\/549719\">http:\/\/muis.ee\/museaalview\/549719<\/a><\/i><\/i><a href=\"https:\/\/blog.erm.ee\/wp-content\/uploads\/2013\/03\/071255_ERM_A_509_10.jpg\"><img loading=\"lazy\" decoding=\"async\" data-attachment-id=\"1646\" data-permalink=\"https:\/\/blog.erm.ee\/?attachment_id=1646#main\" data-orig-file=\"https:\/\/blog.erm.ee\/wp-content\/uploads\/2013\/03\/071255_ERM_A_509_10.jpg\" data-orig-size=\"1024,685\" data-comments-opened=\"1\" data-image-meta=\"{&quot;aperture&quot;:&quot;0&quot;,&quot;credit&quot;:&quot;&quot;,&quot;camera&quot;:&quot;&quot;,&quot;caption&quot;:&quot;&quot;,&quot;created_timestamp&quot;:&quot;0&quot;,&quot;copyright&quot;:&quot;&quot;,&quot;focal_length&quot;:&quot;0&quot;,&quot;iso&quot;:&quot;0&quot;,&quot;shutter_speed&quot;:&quot;0&quot;,&quot;title&quot;:&quot;&quot;}\" data-image-title=\"071255_ERM_A_509_10\" data-image-description=\"\" data-image-caption=\"\" data-large-file=\"https:\/\/blog.erm.ee\/wp-content\/uploads\/2013\/03\/071255_ERM_A_509_10.jpg\" class=\" wp-image-1646 alignnone\" alt=\"071255_ERM_A_509_10\" src=\"https:\/\/blog.erm.ee\/wp-content\/uploads\/2013\/03\/071255_ERM_A_509_10.jpg\" width=\"720\" height=\"482\" srcset=\"https:\/\/blog.erm.ee\/wp-content\/uploads\/2013\/03\/071255_ERM_A_509_10.jpg 1024w, https:\/\/blog.erm.ee\/wp-content\/uploads\/2013\/03\/071255_ERM_A_509_10-388x260.jpg 388w, https:\/\/blog.erm.ee\/wp-content\/uploads\/2013\/03\/071255_ERM_A_509_10-300x200.jpg 300w\" sizes=\"auto, (max-width: 720px) 100vw, 720px\" \/><\/a><i>ERM A 509:10 Kihlas\u00f5rmus &#8220;Kihlas\u00f5rmus. Vanemate omandus. M\u00f5rsja ja peig ostsid omale s\u00f5rmused ja vahetasid kirikus need \u00fcmber.&#8221; Kogutud 1922 Peetri khk-st. <a href=\"http:\/\/muis.ee\/museaalview\/500536\">http:\/\/muis.ee\/museaalview\/500536<\/a><\/i><a href=\"https:\/\/blog.erm.ee\/wp-content\/uploads\/2013\/03\/071021_ERM_14739.jpg\"><img loading=\"lazy\" decoding=\"async\" data-attachment-id=\"1647\" data-permalink=\"https:\/\/blog.erm.ee\/?attachment_id=1647#main\" data-orig-file=\"https:\/\/blog.erm.ee\/wp-content\/uploads\/2013\/03\/071021_ERM_14739.jpg\" data-orig-size=\"1024,685\" data-comments-opened=\"1\" data-image-meta=\"{&quot;aperture&quot;:&quot;0&quot;,&quot;credit&quot;:&quot;&quot;,&quot;camera&quot;:&quot;&quot;,&quot;caption&quot;:&quot;&quot;,&quot;created_timestamp&quot;:&quot;0&quot;,&quot;copyright&quot;:&quot;&quot;,&quot;focal_length&quot;:&quot;0&quot;,&quot;iso&quot;:&quot;0&quot;,&quot;shutter_speed&quot;:&quot;0&quot;,&quot;title&quot;:&quot;&quot;}\" data-image-title=\"071021_ERM_14739\" data-image-description=\"&lt;p&gt;[#Beginning of Shooting Data Section]&lt;br \/&gt;\nNikon D200&lt;br \/&gt;\nFocal Length: 105mm&lt;br \/&gt;\nOptimize Image: Custom&lt;br \/&gt;\nColor Mode: Mode II (Adobe RGB)&lt;br \/&gt;\nLong Exposure NR: Off&lt;br \/&gt;\nHigh ISO NR: Off&lt;br \/&gt;\n2012\/05\/29 09:50:49.6&lt;br \/&gt;\nExposure Mode: Manual&lt;br \/&gt;\nWhite Balance: Preset d-2&lt;br \/&gt;\nTone Comp.: User-Defined Custom Curve&lt;br \/&gt;\nRAW (12-bit)&lt;br \/&gt;\nMetering Mode: Multi-Pattern&lt;br \/&gt;\nAF Mode: AF-S&lt;br \/&gt;\nHue Adjustment: 0\u00b0&lt;br \/&gt;\nImage Size: Large (3872 x 2592)&lt;br \/&gt;\n1\/100 sec &amp;#8211; F\/22&lt;br \/&gt;\nFlash Sync Mode: Not Attached&lt;br \/&gt;\nSaturation: Normal&lt;br \/&gt;\nColor&lt;br \/&gt;\nExposure Comp.: 0 EV&lt;br \/&gt;\nSharpening: High&lt;br \/&gt;\nLens: 105mm F\/2.8 D&lt;br \/&gt;\nSensitivity: ISO 100&lt;br \/&gt;\nImage Comment:&lt;br \/&gt;\n[#End of Shooting Data Section]&lt;\/p&gt;\n\" data-image-caption=\"\" data-large-file=\"https:\/\/blog.erm.ee\/wp-content\/uploads\/2013\/03\/071021_ERM_14739.jpg\" class=\" wp-image-1647 alignnone\" alt=\"071021_ERM_14739\" src=\"https:\/\/blog.erm.ee\/wp-content\/uploads\/2013\/03\/071021_ERM_14739.jpg\" width=\"720\" height=\"482\" srcset=\"https:\/\/blog.erm.ee\/wp-content\/uploads\/2013\/03\/071021_ERM_14739.jpg 1024w, https:\/\/blog.erm.ee\/wp-content\/uploads\/2013\/03\/071021_ERM_14739-388x260.jpg 388w, https:\/\/blog.erm.ee\/wp-content\/uploads\/2013\/03\/071021_ERM_14739-300x200.jpg 300w\" sizes=\"auto, (max-width: 720px) 100vw, 720px\" \/><\/a><i>ERM 14739 Laulatuss\u00f5rmus 1914 muuseumisse vastu v\u00f5etud, kogutud Rapla khk-st. &#8220;40 a eest 30 kopika eest V\u00e4ndra laadalt ostetud. Ostis m\u00fc\u00fcjale tema peigmees la<i>ulatuse s\u00f5rmuseks.&#8221; <a href=\"http:\/\/muis.ee\/museaalview\/655019\">http:\/\/muis.ee\/museaalview\/655019<\/a><\/i><\/i><a href=\"https:\/\/blog.erm.ee\/wp-content\/uploads\/2013\/03\/070936_ERM_2170.jpg\"><img loading=\"lazy\" decoding=\"async\" data-attachment-id=\"1648\" data-permalink=\"https:\/\/blog.erm.ee\/?attachment_id=1648#main\" data-orig-file=\"https:\/\/blog.erm.ee\/wp-content\/uploads\/2013\/03\/070936_ERM_2170.jpg\" data-orig-size=\"1024,685\" data-comments-opened=\"1\" data-image-meta=\"{&quot;aperture&quot;:&quot;0&quot;,&quot;credit&quot;:&quot;&quot;,&quot;camera&quot;:&quot;&quot;,&quot;caption&quot;:&quot;&quot;,&quot;created_timestamp&quot;:&quot;0&quot;,&quot;copyright&quot;:&quot;&quot;,&quot;focal_length&quot;:&quot;0&quot;,&quot;iso&quot;:&quot;0&quot;,&quot;shutter_speed&quot;:&quot;0&quot;,&quot;title&quot;:&quot;&quot;}\" data-image-title=\"070936_ERM_2170\" data-image-description=\"&lt;p&gt;[#Beginning of Shooting Data Section]&lt;br \/&gt;\nNikon D200&lt;br \/&gt;\nFocal Length: 105mm&lt;br \/&gt;\nOptimize Image: Custom&lt;br \/&gt;\nColor Mode: Mode II (Adobe RGB)&lt;br \/&gt;\nLong Exposure NR: Off&lt;br \/&gt;\nHigh ISO NR: Off&lt;br \/&gt;\n2012\/05\/28 14:32:27.9&lt;br \/&gt;\nExposure Mode: Manual&lt;br \/&gt;\nWhite Balance: Preset d-2&lt;br \/&gt;\nTone Comp.: User-Defined Custom Curve&lt;br \/&gt;\nRAW (12-bit)&lt;br \/&gt;\nMetering Mode: Multi-Pattern&lt;br \/&gt;\nAF Mode: AF-S&lt;br \/&gt;\nHue Adjustment: 0\u00b0&lt;br \/&gt;\nImage Size: Large (3872 x 2592)&lt;br \/&gt;\n1\/100 sec &amp;#8211; F\/32&lt;br \/&gt;\nFlash Sync Mode: Not Attached&lt;br \/&gt;\nSaturation: Normal&lt;br \/&gt;\nColor&lt;br \/&gt;\nExposure Comp.: 0 EV&lt;br \/&gt;\nSharpening: High&lt;br \/&gt;\nLens: VR 105mm F\/2.8 G&lt;br \/&gt;\nSensitivity: ISO 100&lt;br \/&gt;\nImage Comment:&lt;br \/&gt;\n[#End of Shooting Data Section]&lt;\/p&gt;\n\" data-image-caption=\"\" data-large-file=\"https:\/\/blog.erm.ee\/wp-content\/uploads\/2013\/03\/070936_ERM_2170.jpg\" class=\" wp-image-1648 alignnone\" alt=\"070936_ERM_2170\" src=\"https:\/\/blog.erm.ee\/wp-content\/uploads\/2013\/03\/070936_ERM_2170.jpg\" width=\"720\" height=\"482\" srcset=\"https:\/\/blog.erm.ee\/wp-content\/uploads\/2013\/03\/070936_ERM_2170.jpg 1024w, https:\/\/blog.erm.ee\/wp-content\/uploads\/2013\/03\/070936_ERM_2170-388x260.jpg 388w, https:\/\/blog.erm.ee\/wp-content\/uploads\/2013\/03\/070936_ERM_2170-300x200.jpg 300w\" sizes=\"auto, (max-width: 720px) 100vw, 720px\" \/><\/a><i>ERM 2170 Laulatuss\u00f5rmus. Muuseumisse toodud 1911 Halliste khk-st, ese valmistatud u <i>1851. a. <a href=\"http:\/\/muis.ee\/museaalview\/512744\">http:\/\/muis.ee\/museaalview\/512744<\/a><\/i><\/i><a href=\"https:\/\/blog.erm.ee\/wp-content\/uploads\/2013\/03\/071259_ERM_A_509_25.jpg\"><img loading=\"lazy\" decoding=\"async\" data-attachment-id=\"1649\" data-permalink=\"https:\/\/blog.erm.ee\/?attachment_id=1649#main\" data-orig-file=\"https:\/\/blog.erm.ee\/wp-content\/uploads\/2013\/03\/071259_ERM_A_509_25.jpg\" data-orig-size=\"1024,685\" data-comments-opened=\"1\" data-image-meta=\"{&quot;aperture&quot;:&quot;0&quot;,&quot;credit&quot;:&quot;&quot;,&quot;camera&quot;:&quot;&quot;,&quot;caption&quot;:&quot;&quot;,&quot;created_timestamp&quot;:&quot;0&quot;,&quot;copyright&quot;:&quot;&quot;,&quot;focal_length&quot;:&quot;0&quot;,&quot;iso&quot;:&quot;0&quot;,&quot;shutter_speed&quot;:&quot;0&quot;,&quot;title&quot;:&quot;&quot;}\" data-image-title=\"071259_ERM_A_509_25\" data-image-description=\"\" data-image-caption=\"\" data-large-file=\"https:\/\/blog.erm.ee\/wp-content\/uploads\/2013\/03\/071259_ERM_A_509_25.jpg\" class=\" wp-image-1649 alignnone\" alt=\"071259_ERM_A_509_25\" src=\"https:\/\/blog.erm.ee\/wp-content\/uploads\/2013\/03\/071259_ERM_A_509_25.jpg\" width=\"720\" height=\"482\" srcset=\"https:\/\/blog.erm.ee\/wp-content\/uploads\/2013\/03\/071259_ERM_A_509_25.jpg 1024w, https:\/\/blog.erm.ee\/wp-content\/uploads\/2013\/03\/071259_ERM_A_509_25-388x260.jpg 388w, https:\/\/blog.erm.ee\/wp-content\/uploads\/2013\/03\/071259_ERM_A_509_25-300x200.jpg 300w\" sizes=\"auto, (max-width: 720px) 100vw, 720px\" \/><\/a><i>ERM A 509:25 Saadud 1920 P\u00fchalepa khk-st. &#8220;Naiste laulatuss\u00f5rmus. Linnast ostetud. Emalt p\u00e4randatud.&#8221; <a href=\"http:\/\/muis.ee\/museaalview\/506946\">http:\/\/muis.ee\/museaalview\/506946<\/a><\/i><\/p>\n<p>Ehtes\u00f5pradele on hea uudis \u2013 2012. a l\u00f5puks sai h\u00f5bedakogu pildistatud ning koos tekstilise infoga ka veebiportaali <a href=\"http:\/\/muis.ee\">http:\/\/muis.ee<\/a> sisestatud. Ka metallikogu ehted on sisestatud, nende pildistamine ootab aga veel j\u00e4rjekorda. Lisaks soovitan ehtehuvilistel tutvuda Kaalu Kirme raamatutega ning\u00a0lugeda Jaana Reidla &#8220;Eesti ehtekultuur muinasajast uusajani&#8221; ja Aino Voolmaa &#8220;Eesti ehted&#8221;.<\/p>\n<div class=\"fcbkbttn_buttons_block\" id=\"fcbkbttn_left\"><div class=\"fcbkbttn_like \"><fb:like href=\"https:\/\/blog.erm.ee\/?p=1643\" action=\"like\" colorscheme=\"light\" layout=\"standard\"  width=\"225px\" size=\"small\"><\/fb:like><\/div><div class=\"fb-share-button  \" data-href=\"https:\/\/blog.erm.ee\/?p=1643\" data-type=\"button\" data-size=\"small\"><\/div><\/div>","protected":false},"excerpt":{"rendered":"<p>Siret Saar, koguhoidja EKM j 153\/47 M 41 Gustav Adolf Hippius \u201eEesti pruut\u201c 1852 Omaaegsetele kunstiasjatundjatele valmistasid peavalu Konstantin P\u00e4tsi kunstilised t\u00f5ekspidamised \u2013 riigivanema arusaama heast eesti kunstist ei kehastanud nimelt mitte \u00fckski Konrad M\u00e4e v\u00f5i Eduard Viiralti taiestest, vaid Gustav Adolf Hippiuse (1792-1856) \u201eEesti pruut\u201c. Minu jaoks on &#8220;Eesti pruut&#8221; kindlasti eesti tuntuim pulmateemaline&hellip;<\/p>\n","protected":false},"author":1,"featured_media":1646,"comment_status":"open","ping_status":"open","sticky":false,"template":"","format":"standard","meta":{"_monsterinsights_skip_tracking":false,"_monsterinsights_sitenote_active":false,"_monsterinsights_sitenote_note":"","_monsterinsights_sitenote_category":0,"jetpack_post_was_ever_published":false,"_jetpack_newsletter_access":"","_jetpack_dont_email_post_to_subs":false,"_jetpack_newsletter_tier_id":0,"_jetpack_memberships_contains_paywalled_content":false,"_jetpack_memberships_contains_paid_content":false,"footnotes":""},"categories":[5],"tags":[],"class_list":["post-1643","post","type-post","status-publish","format-standard","has-post-thumbnail","hentry","category-museaal"],"yoast_head":"<!-- This site is optimized with the Yoast SEO plugin v27.5 - https:\/\/yoast.com\/product\/yoast-seo-wordpress\/ -->\n<title>S\u00f5rmuseid ERMi kogudest - Eesti Rahva Muuseumi ajaveeb<\/title>\n<meta name=\"robots\" content=\"index, follow, max-snippet:-1, max-image-preview:large, max-video-preview:-1\" \/>\n<link rel=\"canonical\" href=\"https:\/\/blog.erm.ee\/?p=1643\" \/>\n<meta property=\"og:locale\" content=\"et_EE\" \/>\n<meta property=\"og:type\" content=\"article\" \/>\n<meta property=\"og:title\" content=\"S\u00f5rmuseid ERMi kogudest - Eesti Rahva Muuseumi ajaveeb\" \/>\n<meta property=\"og:description\" content=\"Siret Saar, koguhoidja EKM j 153\/47 M 41 Gustav Adolf Hippius \u201eEesti pruut\u201c 1852 Omaaegsetele kunstiasjatundjatele valmistasid peavalu Konstantin P\u00e4tsi kunstilised t\u00f5ekspidamised \u2013 riigivanema arusaama heast eesti kunstist ei kehastanud nimelt mitte \u00fckski Konrad M\u00e4e v\u00f5i Eduard Viiralti taiestest, vaid Gustav Adolf Hippiuse (1792-1856) \u201eEesti pruut\u201c. Minu jaoks on &#8220;Eesti pruut&#8221; kindlasti eesti tuntuim pulmateemaline&hellip;\" \/>\n<meta property=\"og:url\" content=\"https:\/\/blog.erm.ee\/?p=1643\" \/>\n<meta property=\"og:site_name\" content=\"Eesti Rahva Muuseumi ajaveeb\" \/>\n<meta property=\"article:published_time\" content=\"2013-03-14T07:13:03+00:00\" \/>\n<meta property=\"article:modified_time\" content=\"2013-11-17T17:35:55+00:00\" \/>\n<meta property=\"og:image\" content=\"https:\/\/blog.erm.ee\/wp-content\/uploads\/2013\/03\/071255_ERM_A_509_10.jpg\" \/>\n\t<meta property=\"og:image:width\" content=\"1024\" \/>\n\t<meta property=\"og:image:height\" content=\"685\" \/>\n\t<meta property=\"og:image:type\" content=\"image\/jpeg\" \/>\n<meta name=\"author\" content=\"Eesti Rahva Muuseum\" \/>\n<meta name=\"twitter:card\" content=\"summary_large_image\" \/>\n<meta name=\"twitter:label1\" content=\"Written by\" \/>\n\t<meta name=\"twitter:data1\" content=\"Eesti Rahva Muuseum\" \/>\n\t<meta name=\"twitter:label2\" content=\"Est. reading time\" \/>\n\t<meta name=\"twitter:data2\" content=\"2 minutit\" \/>\n<script type=\"application\/ld+json\" class=\"yoast-schema-graph\">{\"@context\":\"https:\\\/\\\/schema.org\",\"@graph\":[{\"@type\":\"Article\",\"@id\":\"https:\\\/\\\/blog.erm.ee\\\/?p=1643#article\",\"isPartOf\":{\"@id\":\"https:\\\/\\\/blog.erm.ee\\\/?p=1643\"},\"author\":{\"name\":\"Eesti Rahva Muuseum\",\"@id\":\"https:\\\/\\\/blog.erm.ee\\\/#\\\/schema\\\/person\\\/6e98c391cb00a33e7c22a3571e062114\"},\"headline\":\"S\u00f5rmuseid ERMi kogudest\",\"datePublished\":\"2013-03-14T07:13:03+00:00\",\"dateModified\":\"2013-11-17T17:35:55+00:00\",\"mainEntityOfPage\":{\"@id\":\"https:\\\/\\\/blog.erm.ee\\\/?p=1643\"},\"wordCount\":374,\"commentCount\":2,\"image\":{\"@id\":\"https:\\\/\\\/blog.erm.ee\\\/?p=1643#primaryimage\"},\"thumbnailUrl\":\"https:\\\/\\\/blog.erm.ee\\\/wp-content\\\/uploads\\\/2013\\\/03\\\/071255_ERM_A_509_10.jpg\",\"articleSection\":[\"Museaal\"],\"inLanguage\":\"et\",\"potentialAction\":[{\"@type\":\"CommentAction\",\"name\":\"Comment\",\"target\":[\"https:\\\/\\\/blog.erm.ee\\\/?p=1643#respond\"]}]},{\"@type\":\"WebPage\",\"@id\":\"https:\\\/\\\/blog.erm.ee\\\/?p=1643\",\"url\":\"https:\\\/\\\/blog.erm.ee\\\/?p=1643\",\"name\":\"S\u00f5rmuseid ERMi kogudest - Eesti Rahva Muuseumi ajaveeb\",\"isPartOf\":{\"@id\":\"https:\\\/\\\/blog.erm.ee\\\/#website\"},\"primaryImageOfPage\":{\"@id\":\"https:\\\/\\\/blog.erm.ee\\\/?p=1643#primaryimage\"},\"image\":{\"@id\":\"https:\\\/\\\/blog.erm.ee\\\/?p=1643#primaryimage\"},\"thumbnailUrl\":\"https:\\\/\\\/blog.erm.ee\\\/wp-content\\\/uploads\\\/2013\\\/03\\\/071255_ERM_A_509_10.jpg\",\"datePublished\":\"2013-03-14T07:13:03+00:00\",\"dateModified\":\"2013-11-17T17:35:55+00:00\",\"author\":{\"@id\":\"https:\\\/\\\/blog.erm.ee\\\/#\\\/schema\\\/person\\\/6e98c391cb00a33e7c22a3571e062114\"},\"breadcrumb\":{\"@id\":\"https:\\\/\\\/blog.erm.ee\\\/?p=1643#breadcrumb\"},\"inLanguage\":\"et\",\"potentialAction\":[{\"@type\":\"ReadAction\",\"target\":[\"https:\\\/\\\/blog.erm.ee\\\/?p=1643\"]}]},{\"@type\":\"ImageObject\",\"inLanguage\":\"et\",\"@id\":\"https:\\\/\\\/blog.erm.ee\\\/?p=1643#primaryimage\",\"url\":\"https:\\\/\\\/blog.erm.ee\\\/wp-content\\\/uploads\\\/2013\\\/03\\\/071255_ERM_A_509_10.jpg\",\"contentUrl\":\"https:\\\/\\\/blog.erm.ee\\\/wp-content\\\/uploads\\\/2013\\\/03\\\/071255_ERM_A_509_10.jpg\",\"width\":1024,\"height\":685},{\"@type\":\"BreadcrumbList\",\"@id\":\"https:\\\/\\\/blog.erm.ee\\\/?p=1643#breadcrumb\",\"itemListElement\":[{\"@type\":\"ListItem\",\"position\":1,\"name\":\"Home\",\"item\":\"https:\\\/\\\/blog.erm.ee\\\/\"},{\"@type\":\"ListItem\",\"position\":2,\"name\":\"S\u00f5rmuseid ERMi kogudest\"}]},{\"@type\":\"WebSite\",\"@id\":\"https:\\\/\\\/blog.erm.ee\\\/#website\",\"url\":\"https:\\\/\\\/blog.erm.ee\\\/\",\"name\":\"Eesti Rahva Muuseumi ajaveeb\",\"description\":\"\",\"potentialAction\":[{\"@type\":\"SearchAction\",\"target\":{\"@type\":\"EntryPoint\",\"urlTemplate\":\"https:\\\/\\\/blog.erm.ee\\\/?s={search_term_string}\"},\"query-input\":{\"@type\":\"PropertyValueSpecification\",\"valueRequired\":true,\"valueName\":\"search_term_string\"}}],\"inLanguage\":\"et\"},{\"@type\":\"Person\",\"@id\":\"https:\\\/\\\/blog.erm.ee\\\/#\\\/schema\\\/person\\\/6e98c391cb00a33e7c22a3571e062114\",\"name\":\"Eesti Rahva Muuseum\",\"image\":{\"@type\":\"ImageObject\",\"inLanguage\":\"et\",\"@id\":\"https:\\\/\\\/secure.gravatar.com\\\/avatar\\\/cb6d9ad5fb49f3f7315028ce5fe60641075f2cb52b8a058ff5a985fa2d8c1da0?s=96&d=mm&r=g\",\"url\":\"https:\\\/\\\/secure.gravatar.com\\\/avatar\\\/cb6d9ad5fb49f3f7315028ce5fe60641075f2cb52b8a058ff5a985fa2d8c1da0?s=96&d=mm&r=g\",\"contentUrl\":\"https:\\\/\\\/secure.gravatar.com\\\/avatar\\\/cb6d9ad5fb49f3f7315028ce5fe60641075f2cb52b8a058ff5a985fa2d8c1da0?s=96&d=mm&r=g\",\"caption\":\"Eesti Rahva Muuseum\"},\"sameAs\":[\"http:\\\/\\\/www.erm.ee\"],\"url\":\"https:\\\/\\\/blog.erm.ee\\\/?author=1\"}]}<\/script>\n<!-- \/ Yoast SEO plugin. -->","yoast_head_json":{"title":"S\u00f5rmuseid ERMi kogudest - Eesti Rahva Muuseumi ajaveeb","robots":{"index":"index","follow":"follow","max-snippet":"max-snippet:-1","max-image-preview":"max-image-preview:large","max-video-preview":"max-video-preview:-1"},"canonical":"https:\/\/blog.erm.ee\/?p=1643","og_locale":"et_EE","og_type":"article","og_title":"S\u00f5rmuseid ERMi kogudest - Eesti Rahva Muuseumi ajaveeb","og_description":"Siret Saar, koguhoidja EKM j 153\/47 M 41 Gustav Adolf Hippius \u201eEesti pruut\u201c 1852 Omaaegsetele kunstiasjatundjatele valmistasid peavalu Konstantin P\u00e4tsi kunstilised t\u00f5ekspidamised \u2013 riigivanema arusaama heast eesti kunstist ei kehastanud nimelt mitte \u00fckski Konrad M\u00e4e v\u00f5i Eduard Viiralti taiestest, vaid Gustav Adolf Hippiuse (1792-1856) \u201eEesti pruut\u201c. Minu jaoks on &#8220;Eesti pruut&#8221; kindlasti eesti tuntuim pulmateemaline&hellip;","og_url":"https:\/\/blog.erm.ee\/?p=1643","og_site_name":"Eesti Rahva Muuseumi ajaveeb","article_published_time":"2013-03-14T07:13:03+00:00","article_modified_time":"2013-11-17T17:35:55+00:00","og_image":[{"width":1024,"height":685,"url":"https:\/\/blog.erm.ee\/wp-content\/uploads\/2013\/03\/071255_ERM_A_509_10.jpg","type":"image\/jpeg"}],"author":"Eesti Rahva Muuseum","twitter_card":"summary_large_image","twitter_misc":{"Written by":"Eesti Rahva Muuseum","Est. reading time":"2 minutit"},"schema":{"@context":"https:\/\/schema.org","@graph":[{"@type":"Article","@id":"https:\/\/blog.erm.ee\/?p=1643#article","isPartOf":{"@id":"https:\/\/blog.erm.ee\/?p=1643"},"author":{"name":"Eesti Rahva Muuseum","@id":"https:\/\/blog.erm.ee\/#\/schema\/person\/6e98c391cb00a33e7c22a3571e062114"},"headline":"S\u00f5rmuseid ERMi kogudest","datePublished":"2013-03-14T07:13:03+00:00","dateModified":"2013-11-17T17:35:55+00:00","mainEntityOfPage":{"@id":"https:\/\/blog.erm.ee\/?p=1643"},"wordCount":374,"commentCount":2,"image":{"@id":"https:\/\/blog.erm.ee\/?p=1643#primaryimage"},"thumbnailUrl":"https:\/\/blog.erm.ee\/wp-content\/uploads\/2013\/03\/071255_ERM_A_509_10.jpg","articleSection":["Museaal"],"inLanguage":"et","potentialAction":[{"@type":"CommentAction","name":"Comment","target":["https:\/\/blog.erm.ee\/?p=1643#respond"]}]},{"@type":"WebPage","@id":"https:\/\/blog.erm.ee\/?p=1643","url":"https:\/\/blog.erm.ee\/?p=1643","name":"S\u00f5rmuseid ERMi kogudest - Eesti Rahva Muuseumi ajaveeb","isPartOf":{"@id":"https:\/\/blog.erm.ee\/#website"},"primaryImageOfPage":{"@id":"https:\/\/blog.erm.ee\/?p=1643#primaryimage"},"image":{"@id":"https:\/\/blog.erm.ee\/?p=1643#primaryimage"},"thumbnailUrl":"https:\/\/blog.erm.ee\/wp-content\/uploads\/2013\/03\/071255_ERM_A_509_10.jpg","datePublished":"2013-03-14T07:13:03+00:00","dateModified":"2013-11-17T17:35:55+00:00","author":{"@id":"https:\/\/blog.erm.ee\/#\/schema\/person\/6e98c391cb00a33e7c22a3571e062114"},"breadcrumb":{"@id":"https:\/\/blog.erm.ee\/?p=1643#breadcrumb"},"inLanguage":"et","potentialAction":[{"@type":"ReadAction","target":["https:\/\/blog.erm.ee\/?p=1643"]}]},{"@type":"ImageObject","inLanguage":"et","@id":"https:\/\/blog.erm.ee\/?p=1643#primaryimage","url":"https:\/\/blog.erm.ee\/wp-content\/uploads\/2013\/03\/071255_ERM_A_509_10.jpg","contentUrl":"https:\/\/blog.erm.ee\/wp-content\/uploads\/2013\/03\/071255_ERM_A_509_10.jpg","width":1024,"height":685},{"@type":"BreadcrumbList","@id":"https:\/\/blog.erm.ee\/?p=1643#breadcrumb","itemListElement":[{"@type":"ListItem","position":1,"name":"Home","item":"https:\/\/blog.erm.ee\/"},{"@type":"ListItem","position":2,"name":"S\u00f5rmuseid ERMi kogudest"}]},{"@type":"WebSite","@id":"https:\/\/blog.erm.ee\/#website","url":"https:\/\/blog.erm.ee\/","name":"Eesti Rahva Muuseumi ajaveeb","description":"","potentialAction":[{"@type":"SearchAction","target":{"@type":"EntryPoint","urlTemplate":"https:\/\/blog.erm.ee\/?s={search_term_string}"},"query-input":{"@type":"PropertyValueSpecification","valueRequired":true,"valueName":"search_term_string"}}],"inLanguage":"et"},{"@type":"Person","@id":"https:\/\/blog.erm.ee\/#\/schema\/person\/6e98c391cb00a33e7c22a3571e062114","name":"Eesti Rahva Muuseum","image":{"@type":"ImageObject","inLanguage":"et","@id":"https:\/\/secure.gravatar.com\/avatar\/cb6d9ad5fb49f3f7315028ce5fe60641075f2cb52b8a058ff5a985fa2d8c1da0?s=96&d=mm&r=g","url":"https:\/\/secure.gravatar.com\/avatar\/cb6d9ad5fb49f3f7315028ce5fe60641075f2cb52b8a058ff5a985fa2d8c1da0?s=96&d=mm&r=g","contentUrl":"https:\/\/secure.gravatar.com\/avatar\/cb6d9ad5fb49f3f7315028ce5fe60641075f2cb52b8a058ff5a985fa2d8c1da0?s=96&d=mm&r=g","caption":"Eesti Rahva Muuseum"},"sameAs":["http:\/\/www.erm.ee"],"url":"https:\/\/blog.erm.ee\/?author=1"}]}},"jetpack_featured_media_url":"https:\/\/blog.erm.ee\/wp-content\/uploads\/2013\/03\/071255_ERM_A_509_10.jpg","jetpack_shortlink":"https:\/\/wp.me\/p2l9Zd-qv","jetpack_sharing_enabled":true,"jetpack_likes_enabled":true,"_links":{"self":[{"href":"https:\/\/blog.erm.ee\/index.php?rest_route=\/wp\/v2\/posts\/1643","targetHints":{"allow":["GET"]}}],"collection":[{"href":"https:\/\/blog.erm.ee\/index.php?rest_route=\/wp\/v2\/posts"}],"about":[{"href":"https:\/\/blog.erm.ee\/index.php?rest_route=\/wp\/v2\/types\/post"}],"author":[{"embeddable":true,"href":"https:\/\/blog.erm.ee\/index.php?rest_route=\/wp\/v2\/users\/1"}],"replies":[{"embeddable":true,"href":"https:\/\/blog.erm.ee\/index.php?rest_route=%2Fwp%2Fv2%2Fcomments&post=1643"}],"version-history":[{"count":15,"href":"https:\/\/blog.erm.ee\/index.php?rest_route=\/wp\/v2\/posts\/1643\/revisions"}],"predecessor-version":[{"id":3805,"href":"https:\/\/blog.erm.ee\/index.php?rest_route=\/wp\/v2\/posts\/1643\/revisions\/3805"}],"wp:featuredmedia":[{"embeddable":true,"href":"https:\/\/blog.erm.ee\/index.php?rest_route=\/wp\/v2\/media\/1646"}],"wp:attachment":[{"href":"https:\/\/blog.erm.ee\/index.php?rest_route=%2Fwp%2Fv2%2Fmedia&parent=1643"}],"wp:term":[{"taxonomy":"category","embeddable":true,"href":"https:\/\/blog.erm.ee\/index.php?rest_route=%2Fwp%2Fv2%2Fcategories&post=1643"},{"taxonomy":"post_tag","embeddable":true,"href":"https:\/\/blog.erm.ee\/index.php?rest_route=%2Fwp%2Fv2%2Ftags&post=1643"}],"curies":[{"name":"wp","href":"https:\/\/api.w.org\/{rel}","templated":true}]}}