{"id":16400,"date":"2023-06-08T11:45:02","date_gmt":"2023-06-08T08:45:02","guid":{"rendered":"https:\/\/blog.erm.ee\/?p=16400"},"modified":"2023-06-09T09:32:16","modified_gmt":"2023-06-09T06:32:16","slug":"suur-suur-asi","status":"publish","type":"post","link":"https:\/\/blog.erm.ee\/?p=16400","title":{"rendered":"Suur-suur asi"},"content":{"rendered":"<div class=\"fcbkbttn_buttons_block\" id=\"fcbkbttn_left\"><div class=\"fcbkbttn_like \"><fb:like href=\"https:\/\/blog.erm.ee\/?p=16400\" action=\"like\" colorscheme=\"light\" layout=\"standard\"  width=\"225px\" size=\"small\"><\/fb:like><\/div><div class=\"fb-share-button  \" data-href=\"https:\/\/blog.erm.ee\/?p=16400\" data-type=\"button\" data-size=\"small\"><\/div><\/div><p style=\"text-align: justify;\">Kristjan Raba, n\u00e4ituste eriprojektide koordinaator.<\/p>\n<p style=\"text-align: justify;\">Veel enne Eesti Rahva Muuseumi maja projekteerimist k\u00fcsis \u00fcks arhitektidest, jaapanlane Tsyoshi Tane: \u201eMilline on ERMi k\u00f5ige suurem ese?\u201c Koguhoidjatel ja ruumiprogrammi meeskonnal oli v\u00f5imalus lasta kohe fantaasial lennata, kuid n\u00e4ituste loomine alles kogus tuure ning esialgu tundus suures \u00e4gedas majas k\u00f5ik v\u00f5imalik. Vaheldusrikka ja p\u00f5neva n\u00e4ituseprogrammi jaoks oli suisa vaja tuua muuseumi suuri asju, eksponaate, stiilseid objekte ning ehitada installatsioone.<\/p>\n<div id=\"attachment_16404\" style=\"width: 1210px\" class=\"wp-caption aligncenter\"><a href=\"https:\/\/blog.erm.ee\/wp-content\/uploads\/2023\/06\/aa_001.jpg\"><img loading=\"lazy\" decoding=\"async\" aria-describedby=\"caption-attachment-16404\" data-attachment-id=\"16404\" data-permalink=\"https:\/\/blog.erm.ee\/?attachment_id=16404#main\" data-orig-file=\"https:\/\/blog.erm.ee\/wp-content\/uploads\/2023\/06\/aa_001.jpg\" data-orig-size=\"1200,858\" data-comments-opened=\"1\" data-image-meta=\"{&quot;aperture&quot;:&quot;7.1&quot;,&quot;credit&quot;:&quot;&quot;,&quot;camera&quot;:&quot;Canon EOS-1D X Mark II&quot;,&quot;caption&quot;:&quot;&quot;,&quot;created_timestamp&quot;:&quot;1686211538&quot;,&quot;copyright&quot;:&quot;&quot;,&quot;focal_length&quot;:&quot;24&quot;,&quot;iso&quot;:&quot;6400&quot;,&quot;shutter_speed&quot;:&quot;0.008&quot;,&quot;title&quot;:&quot;&quot;,&quot;orientation&quot;:&quot;1&quot;}\" data-image-title=\"aa_001\" data-image-description=\"\" data-image-caption=\"\" data-large-file=\"https:\/\/blog.erm.ee\/wp-content\/uploads\/2023\/06\/aa_001-1024x732.jpg\" class=\"wp-image-16404 size-full\" src=\"https:\/\/blog.erm.ee\/wp-content\/uploads\/2023\/06\/aa_001.jpg\" alt=\"\" width=\"1200\" height=\"858\" srcset=\"https:\/\/blog.erm.ee\/wp-content\/uploads\/2023\/06\/aa_001.jpg 1200w, https:\/\/blog.erm.ee\/wp-content\/uploads\/2023\/06\/aa_001-300x215.jpg 300w, https:\/\/blog.erm.ee\/wp-content\/uploads\/2023\/06\/aa_001-1024x732.jpg 1024w, https:\/\/blog.erm.ee\/wp-content\/uploads\/2023\/06\/aa_001-364x260.jpg 364w, https:\/\/blog.erm.ee\/wp-content\/uploads\/2023\/06\/aa_001-768x549.jpg 768w\" sizes=\"auto, (max-width: 1200px) 100vw, 1200px\" \/><\/a><p id=\"caption-attachment-16404\" class=\"wp-caption-text\">Aurulokomobiil LANZ ERMi p\u00fcsin\u00e4itusel \u201eKohtumised\u201c. Foto: A. Ansu<\/p><\/div>\n<p style=\"text-align: justify;\">Esialgu \u00fctlesid muuseumi kolleegid arhitektile vastuseks, et k\u00f5ige suurem ERMi enda museaal on pikk, umbes 6-meetrine \u00fcrgne paat, lisaks on hoidlas vankreid-kalesse jt liikumisvahendeid (avatud hoida klaasist p\u00f5randa all). Kas p\u00fcsin\u00e4ituse sisse oleks maja ehitamise k\u00e4igus saanud t\u00f5sta veel \u00fche lodja, ehitada soomusrongi, riputada lakke Raadi lennuv\u00e4lja teemaga sobilik Johannes P\u00e4\u00e4sukese aegne lennuk vms? Etnoloogide ja argielu uurijate loodud sisuga sobis aga pigem kokku aurulokomobiil LANZ Eesti Maaelumuuseumidest. Muidugi t\u00f5mbab see 10-tonnine eksponaat ajarajal ka oma m\u00f5\u00f5tmete t\u00f5ttu t\u00e4helepanu (ja m\u00f5ni k\u00fclastaja on \u00fcritanud seda isegi veidi liigutada). L\u00e4hemalt saab lugeda <a href=\"https:\/\/menu.err.ee\/286552\/ermi-toodi-vana-aurumasin\">SIIT<\/a>.<\/p>\n<div id=\"attachment_16405\" style=\"width: 1210px\" class=\"wp-caption aligncenter\"><a href=\"https:\/\/blog.erm.ee\/wp-content\/uploads\/2023\/06\/Pilt1.jpg\"><img loading=\"lazy\" decoding=\"async\" aria-describedby=\"caption-attachment-16405\" data-attachment-id=\"16405\" data-permalink=\"https:\/\/blog.erm.ee\/?attachment_id=16405#main\" data-orig-file=\"https:\/\/blog.erm.ee\/wp-content\/uploads\/2023\/06\/Pilt1.jpg\" data-orig-size=\"1200,799\" data-comments-opened=\"1\" data-image-meta=\"{&quot;aperture&quot;:&quot;0&quot;,&quot;credit&quot;:&quot;&quot;,&quot;camera&quot;:&quot;&quot;,&quot;caption&quot;:&quot;&quot;,&quot;created_timestamp&quot;:&quot;0&quot;,&quot;copyright&quot;:&quot;&quot;,&quot;focal_length&quot;:&quot;0&quot;,&quot;iso&quot;:&quot;0&quot;,&quot;shutter_speed&quot;:&quot;0&quot;,&quot;title&quot;:&quot;&quot;,&quot;orientation&quot;:&quot;1&quot;}\" data-image-title=\"Pilt1\" data-image-description=\"\" data-image-caption=\"\" data-large-file=\"https:\/\/blog.erm.ee\/wp-content\/uploads\/2023\/06\/Pilt1-1024x682.jpg\" class=\"wp-image-16405 size-full\" src=\"https:\/\/blog.erm.ee\/wp-content\/uploads\/2023\/06\/Pilt1.jpg\" alt=\"\" width=\"1200\" height=\"799\" srcset=\"https:\/\/blog.erm.ee\/wp-content\/uploads\/2023\/06\/Pilt1.jpg 1200w, https:\/\/blog.erm.ee\/wp-content\/uploads\/2023\/06\/Pilt1-300x200.jpg 300w, https:\/\/blog.erm.ee\/wp-content\/uploads\/2023\/06\/Pilt1-1024x682.jpg 1024w, https:\/\/blog.erm.ee\/wp-content\/uploads\/2023\/06\/Pilt1-390x260.jpg 390w, https:\/\/blog.erm.ee\/wp-content\/uploads\/2023\/06\/Pilt1-768x511.jpg 768w\" sizes=\"auto, (max-width: 1200px) 100vw, 1200px\" \/><\/a><p id=\"caption-attachment-16405\" class=\"wp-caption-text\">Ford Sierra ERMi transportinud K\u00fclli Lupkin ja Kristjan Raba. Foto: A. Aljas<\/p><\/div>\n<p style=\"text-align: justify;\">Eesti Vabariigi 100 aasta juubeli puhul sai valmis n\u00e4itus \u201eIse tehtud Eesti\u201c, mis k\u00e4sitleb 90. aastate taasiseseisvumise lugu ja \u00fcleminekuajastu argielu. Sinna sobis eksponaadiks loomulikult helesinine Sierra kui ajastu m\u00e4rk, mis tekitas l\u00f5busat \u00e4ratundmist k\u00f5igis k\u00fclastajates.<\/p>\n<div id=\"attachment_16406\" style=\"width: 1210px\" class=\"wp-caption aligncenter\"><a href=\"https:\/\/blog.erm.ee\/wp-content\/uploads\/2023\/06\/Pilt2.jpg\"><img loading=\"lazy\" decoding=\"async\" aria-describedby=\"caption-attachment-16406\" data-attachment-id=\"16406\" data-permalink=\"https:\/\/blog.erm.ee\/?attachment_id=16406#main\" data-orig-file=\"https:\/\/blog.erm.ee\/wp-content\/uploads\/2023\/06\/Pilt2.jpg\" data-orig-size=\"1200,900\" data-comments-opened=\"1\" data-image-meta=\"{&quot;aperture&quot;:&quot;0&quot;,&quot;credit&quot;:&quot;&quot;,&quot;camera&quot;:&quot;&quot;,&quot;caption&quot;:&quot;&quot;,&quot;created_timestamp&quot;:&quot;0&quot;,&quot;copyright&quot;:&quot;&quot;,&quot;focal_length&quot;:&quot;0&quot;,&quot;iso&quot;:&quot;0&quot;,&quot;shutter_speed&quot;:&quot;0&quot;,&quot;title&quot;:&quot;&quot;,&quot;orientation&quot;:&quot;1&quot;}\" data-image-title=\"Pilt2\" data-image-description=\"\" data-image-caption=\"\" data-large-file=\"https:\/\/blog.erm.ee\/wp-content\/uploads\/2023\/06\/Pilt2-1024x768.jpg\" class=\"wp-image-16406 size-full\" src=\"https:\/\/blog.erm.ee\/wp-content\/uploads\/2023\/06\/Pilt2.jpg\" alt=\"\" width=\"1200\" height=\"900\" srcset=\"https:\/\/blog.erm.ee\/wp-content\/uploads\/2023\/06\/Pilt2.jpg 1200w, https:\/\/blog.erm.ee\/wp-content\/uploads\/2023\/06\/Pilt2-300x225.jpg 300w, https:\/\/blog.erm.ee\/wp-content\/uploads\/2023\/06\/Pilt2-1024x768.jpg 1024w, https:\/\/blog.erm.ee\/wp-content\/uploads\/2023\/06\/Pilt2-347x260.jpg 347w, https:\/\/blog.erm.ee\/wp-content\/uploads\/2023\/06\/Pilt2-768x576.jpg 768w\" sizes=\"auto, (max-width: 1200px) 100vw, 1200px\" \/><\/a><p id=\"caption-attachment-16406\" class=\"wp-caption-text\">Ford Sierra ERMi n\u00e4itusel \u201eIse tehtud Eesti\u201c, kuhu n\u00e4itusek\u00fclastajad said sisse istuda ja autoraadiot kruttides ajastumuusikat kuulata. Foto: K. Raba<\/p><\/div>\n<p style=\"text-align: justify;\">Maanteemuuseumiga koost\u00f6\u00f6s s\u00e4ttisime auto maki m\u00e4ngima ajastu poplugusid, daamid tegid kapotil hoogsalt selfisid&#8230; Lapsed istusid autosse ja p\u00fc\u00fcdsid m\u00f5ista isa vaimustust, kelle esimeseks v\u00e4lismaa autoks oli ehk just Sierra. Autot aitasid uhkeks tuunida VOCO autoremondi eriala tudengid. Eriti seikluslik oli aga selle toomine teisest Eesti otsast Tartusse. Hoidusime politsei silme alla sattumast (kindlustus oli muidugi olemas), kolleeg ja n\u00e4ituse projektijuht K\u00fclli Lupkini \u00f5hutusel avasime katuseakna, tegime peatuse Assamalla burksiputka juures ja \u00fcletasime ka korraks (vana) auto jaoks sobiliku kiirust, lisaks l\u00f5hkes kumm. Nendest seiklustest saab pikemalt saab lugeda ERMi blogis ilmunud loost <a href=\"https:\/\/blog.erm.ee\/?p=12024\">Ford Sierra \u2013 90ndate Sierra<\/a>.<\/p>\n<div id=\"attachment_16407\" style=\"width: 909px\" class=\"wp-caption aligncenter\"><a href=\"https:\/\/blog.erm.ee\/wp-content\/uploads\/2023\/06\/Pilt3.jpg\"><img loading=\"lazy\" decoding=\"async\" aria-describedby=\"caption-attachment-16407\" data-attachment-id=\"16407\" data-permalink=\"https:\/\/blog.erm.ee\/?attachment_id=16407#main\" data-orig-file=\"https:\/\/blog.erm.ee\/wp-content\/uploads\/2023\/06\/Pilt3.jpg\" data-orig-size=\"899,1200\" data-comments-opened=\"1\" data-image-meta=\"{&quot;aperture&quot;:&quot;0&quot;,&quot;credit&quot;:&quot;&quot;,&quot;camera&quot;:&quot;&quot;,&quot;caption&quot;:&quot;&quot;,&quot;created_timestamp&quot;:&quot;0&quot;,&quot;copyright&quot;:&quot;&quot;,&quot;focal_length&quot;:&quot;0&quot;,&quot;iso&quot;:&quot;0&quot;,&quot;shutter_speed&quot;:&quot;0&quot;,&quot;title&quot;:&quot;&quot;,&quot;orientation&quot;:&quot;1&quot;}\" data-image-title=\"Pilt3\" data-image-description=\"\" data-image-caption=\"\" data-large-file=\"https:\/\/blog.erm.ee\/wp-content\/uploads\/2023\/06\/Pilt3-767x1024.jpg\" class=\"wp-image-16407 size-full\" src=\"https:\/\/blog.erm.ee\/wp-content\/uploads\/2023\/06\/Pilt3.jpg\" alt=\"\" width=\"899\" height=\"1200\" srcset=\"https:\/\/blog.erm.ee\/wp-content\/uploads\/2023\/06\/Pilt3.jpg 899w, https:\/\/blog.erm.ee\/wp-content\/uploads\/2023\/06\/Pilt3-225x300.jpg 225w, https:\/\/blog.erm.ee\/wp-content\/uploads\/2023\/06\/Pilt3-767x1024.jpg 767w, https:\/\/blog.erm.ee\/wp-content\/uploads\/2023\/06\/Pilt3-195x260.jpg 195w, https:\/\/blog.erm.ee\/wp-content\/uploads\/2023\/06\/Pilt3-768x1025.jpg 768w\" sizes=\"auto, (max-width: 899px) 100vw, 899px\" \/><\/a><p id=\"caption-attachment-16407\" class=\"wp-caption-text\">Presidendi auto ERMi A-fuajees. Foto: K. Raba<\/p><\/div>\n<p style=\"text-align: justify;\">Kui Kaitseliit tuli ERMi jutuga, et ehk sobib Lennart Meri legendaarne ametiauto Mercedes muuseumis eksponeerimiseks, olime kahel k\u00e4el n\u00f5us. On ju siin 90. aastate, riigi taas\u00fclesehitamise lugu. Selle ekponaadi k\u00fcljes lehvib ka k\u00fcllalt haruldane v\u00e4ike sinimustvalge n-\u00f6 isikulipp, millel on kuldne Eesti vapp. Blogiloo kirjutamise aegu vuras aga presidendi auto juba j\u00e4rgmisesse kohta ja seda saab n\u00e4ha Eesti lipu 140. aastap\u00e4eval 4. juunil 2024 Eesti S\u00f5jamuuseumi p\u00fcsin\u00e4itusel.<\/p>\n<div id=\"attachment_16415\" style=\"width: 1210px\" class=\"wp-caption aligncenter\"><a href=\"https:\/\/blog.erm.ee\/wp-content\/uploads\/2023\/06\/kadi-raadioga_01.jpg\"><img loading=\"lazy\" decoding=\"async\" aria-describedby=\"caption-attachment-16415\" data-attachment-id=\"16415\" data-permalink=\"https:\/\/blog.erm.ee\/?attachment_id=16415#main\" data-orig-file=\"https:\/\/blog.erm.ee\/wp-content\/uploads\/2023\/06\/kadi-raadioga_01.jpg\" data-orig-size=\"1200,980\" data-comments-opened=\"1\" data-image-meta=\"{&quot;aperture&quot;:&quot;2.2&quot;,&quot;credit&quot;:&quot;&quot;,&quot;camera&quot;:&quot;SM-G991B&quot;,&quot;caption&quot;:&quot;&quot;,&quot;created_timestamp&quot;:&quot;1686126775&quot;,&quot;copyright&quot;:&quot;&quot;,&quot;focal_length&quot;:&quot;2.2&quot;,&quot;iso&quot;:&quot;320&quot;,&quot;shutter_speed&quot;:&quot;0.028571428571429&quot;,&quot;title&quot;:&quot;&quot;,&quot;orientation&quot;:&quot;1&quot;}\" data-image-title=\"kadi raadioga_01\" data-image-description=\"\" data-image-caption=\"\" data-large-file=\"https:\/\/blog.erm.ee\/wp-content\/uploads\/2023\/06\/kadi-raadioga_01-1024x836.jpg\" class=\"wp-image-16415 size-full\" src=\"https:\/\/blog.erm.ee\/wp-content\/uploads\/2023\/06\/kadi-raadioga_01.jpg\" alt=\"\" width=\"1200\" height=\"980\" srcset=\"https:\/\/blog.erm.ee\/wp-content\/uploads\/2023\/06\/kadi-raadioga_01.jpg 1200w, https:\/\/blog.erm.ee\/wp-content\/uploads\/2023\/06\/kadi-raadioga_01-300x245.jpg 300w, https:\/\/blog.erm.ee\/wp-content\/uploads\/2023\/06\/kadi-raadioga_01-1024x836.jpg 1024w, https:\/\/blog.erm.ee\/wp-content\/uploads\/2023\/06\/kadi-raadioga_01-318x260.jpg 318w, https:\/\/blog.erm.ee\/wp-content\/uploads\/2023\/06\/kadi-raadioga_01-768x627.jpg 768w\" sizes=\"auto, (max-width: 1200px) 100vw, 1200px\" \/><\/a><p id=\"caption-attachment-16415\" class=\"wp-caption-text\">Hiigelsuur VEF-raadio ERMis. Foto: L. Lainem\u00e4e<\/p><\/div>\n<p style=\"text-align: justify;\">Hiigelsuur VEF on nostalgiline m\u00e4lestus etendusest \u201eJoala\u201c. Oleme ERMis l\u00fckanud selle A-osas rahvale vaatamiseks v\u00e4lja siis, kui t\u00e4histame \u00fcheskoos L\u00e4ti Vabariigi aastap\u00e4eva v\u00f5i kui naaberriigi president k\u00fclla tuleb. P\u00fcsin\u00e4itusel p\u00fc\u00fcab pilku ka omamoodi installatsioon \u2013 Vabaduseraadio (kunstnik Timo Toots), mille kanalid \u201evajuvad\u201c ikka alati Luxembourgi v\u00f5i Helsingi pealt tagasi Tallinna peale \u2013 ju see s\u00fcmboliseeribki sovetiaja piiratud valikuid. VEFi raadio oli peaaegu igas kodus, aga teatrietenduse jaoks ehitatud suurte m\u00f5\u00f5tmetega raadio j\u00e4\u00e4b silma k\u00fcll, eriti kui sealt kostaks n\u00e4iteks teade, et \u201et\u00e4na \u00f6\u00f6sel kehtib 30. elektritarbimise re\u017eiim\u201c<\/p>\n<div id=\"attachment_16409\" style=\"width: 1210px\" class=\"wp-caption aligncenter\"><a href=\"https:\/\/blog.erm.ee\/wp-content\/uploads\/2023\/06\/Pilt4.jpg\"><img loading=\"lazy\" decoding=\"async\" aria-describedby=\"caption-attachment-16409\" data-attachment-id=\"16409\" data-permalink=\"https:\/\/blog.erm.ee\/?attachment_id=16409#main\" data-orig-file=\"https:\/\/blog.erm.ee\/wp-content\/uploads\/2023\/06\/Pilt4.jpg\" data-orig-size=\"1200,674\" data-comments-opened=\"1\" data-image-meta=\"{&quot;aperture&quot;:&quot;0&quot;,&quot;credit&quot;:&quot;&quot;,&quot;camera&quot;:&quot;&quot;,&quot;caption&quot;:&quot;&quot;,&quot;created_timestamp&quot;:&quot;0&quot;,&quot;copyright&quot;:&quot;&quot;,&quot;focal_length&quot;:&quot;0&quot;,&quot;iso&quot;:&quot;0&quot;,&quot;shutter_speed&quot;:&quot;0&quot;,&quot;title&quot;:&quot;&quot;,&quot;orientation&quot;:&quot;1&quot;}\" data-image-title=\"Pilt4\" data-image-description=\"\" data-image-caption=\"\" data-large-file=\"https:\/\/blog.erm.ee\/wp-content\/uploads\/2023\/06\/Pilt4-1024x575.jpg\" class=\"wp-image-16409 size-full\" src=\"https:\/\/blog.erm.ee\/wp-content\/uploads\/2023\/06\/Pilt4.jpg\" alt=\"\" width=\"1200\" height=\"674\" srcset=\"https:\/\/blog.erm.ee\/wp-content\/uploads\/2023\/06\/Pilt4.jpg 1200w, https:\/\/blog.erm.ee\/wp-content\/uploads\/2023\/06\/Pilt4-300x169.jpg 300w, https:\/\/blog.erm.ee\/wp-content\/uploads\/2023\/06\/Pilt4-1024x575.jpg 1024w, https:\/\/blog.erm.ee\/wp-content\/uploads\/2023\/06\/Pilt4-460x258.jpg 460w, https:\/\/blog.erm.ee\/wp-content\/uploads\/2023\/06\/Pilt4-768x431.jpg 768w\" sizes=\"auto, (max-width: 1200px) 100vw, 1200px\" \/><\/a><p id=\"caption-attachment-16409\" class=\"wp-caption-text\">Arhitektuurib\u00fcroo Jan&amp;Ken O\u00dc poolt disainitud \u201eH\u00e4lo\u201c kapsel. Foto: K. Raba<\/p><\/div>\n<p style=\"text-align: justify;\">Eesti Disainikeskus pakkus Disaini\u00d6\u00d6-l palju huvi tekitanud eksponaati ka ERMis ajutiseks ekponeerimiseks ja katsetamiseks. B\u00fcroo H\u00c4LO Eesti on omap\u00e4rase kujuga ja ambientmuusikaga varustatud l\u00f5\u00f5gastuskapsel, mis v\u00f5iks pakkuda m\u00f5nusat v\u00e4ikest puhkust n\u00e4iteks \u00f5petajatele, samal ajal kui \u00f5pilased on giidiga n\u00e4itusel.<\/p>\n<div id=\"attachment_16410\" style=\"width: 810px\" class=\"wp-caption aligncenter\"><a href=\"https:\/\/blog.erm.ee\/wp-content\/uploads\/2023\/06\/Pilt5.jpg\"><img loading=\"lazy\" decoding=\"async\" aria-describedby=\"caption-attachment-16410\" data-attachment-id=\"16410\" data-permalink=\"https:\/\/blog.erm.ee\/?attachment_id=16410#main\" data-orig-file=\"https:\/\/blog.erm.ee\/wp-content\/uploads\/2023\/06\/Pilt5.jpg\" data-orig-size=\"800,1200\" data-comments-opened=\"1\" data-image-meta=\"{&quot;aperture&quot;:&quot;0&quot;,&quot;credit&quot;:&quot;&quot;,&quot;camera&quot;:&quot;&quot;,&quot;caption&quot;:&quot;&quot;,&quot;created_timestamp&quot;:&quot;0&quot;,&quot;copyright&quot;:&quot;&quot;,&quot;focal_length&quot;:&quot;0&quot;,&quot;iso&quot;:&quot;0&quot;,&quot;shutter_speed&quot;:&quot;0&quot;,&quot;title&quot;:&quot;&quot;,&quot;orientation&quot;:&quot;1&quot;}\" data-image-title=\"Pilt5\" data-image-description=\"\" data-image-caption=\"\" data-large-file=\"https:\/\/blog.erm.ee\/wp-content\/uploads\/2023\/06\/Pilt5-683x1024.jpg\" class=\"wp-image-16410 size-full\" src=\"https:\/\/blog.erm.ee\/wp-content\/uploads\/2023\/06\/Pilt5.jpg\" alt=\"\" width=\"800\" height=\"1200\" srcset=\"https:\/\/blog.erm.ee\/wp-content\/uploads\/2023\/06\/Pilt5.jpg 800w, https:\/\/blog.erm.ee\/wp-content\/uploads\/2023\/06\/Pilt5-200x300.jpg 200w, https:\/\/blog.erm.ee\/wp-content\/uploads\/2023\/06\/Pilt5-683x1024.jpg 683w, https:\/\/blog.erm.ee\/wp-content\/uploads\/2023\/06\/Pilt5-173x260.jpg 173w, https:\/\/blog.erm.ee\/wp-content\/uploads\/2023\/06\/Pilt5-768x1152.jpg 768w\" sizes=\"auto, (max-width: 800px) 100vw, 800px\" \/><\/a><p id=\"caption-attachment-16410\" class=\"wp-caption-text\">Ristim\u00e4nd \u00a0ERMi p\u00fcsin\u00e4itusel \u201eKohtumised\u201c. Foto: K. Raba<\/p><\/div>\n<p style=\"text-align: justify;\">K\u00fclastajad on ikka imetlenud p\u00fcsin\u00e4ituse \u201eKohtumised\u201c k\u00f5rget ristim\u00e4ndi, mis on justkui katedraalis. Tartu \u00dclikooli ja Prantsuse Instituudi kutsel Eestisse tulnud kunstnik Jean Arnaud l\u00f5i installatsiooni pealkirjaga \u201eServale\u201c (\u201e\u00c0 la lisi\u00e8re\u201c). Tema uurimusest saime teada, et Euroopa m\u00f5isteski ainulaadsel Laatre ristim\u00e4nnil on Prantsusmaal soliidses eas vend \u2013 Ramatuelle\u2019i linnas asuv jalakas. Tallinna \u00dclikooli vanemteaduri Marju K\u00f5ivupuu ja Eesti Rahva Muuseumi muuseumi\u00f5petaja Anna Liisa Regenspergeri abiga kogus kunstnik arhiveeritud pilte ja andmeid, t\u00e4nu millele oli v\u00f5imalik anda p\u00fcsin\u00e4ituselt \u00fcle j\u00e4\u00e4nud puut\u00fcve osale juurde uusi t\u00e4henduskihte.<\/p>\n<div id=\"attachment_16411\" style=\"width: 1210px\" class=\"wp-caption aligncenter\"><a href=\"https:\/\/blog.erm.ee\/wp-content\/uploads\/2023\/06\/Pilt6.jpg\"><img loading=\"lazy\" decoding=\"async\" aria-describedby=\"caption-attachment-16411\" data-attachment-id=\"16411\" data-permalink=\"https:\/\/blog.erm.ee\/?attachment_id=16411#main\" data-orig-file=\"https:\/\/blog.erm.ee\/wp-content\/uploads\/2023\/06\/Pilt6.jpg\" data-orig-size=\"1200,900\" data-comments-opened=\"1\" data-image-meta=\"{&quot;aperture&quot;:&quot;0&quot;,&quot;credit&quot;:&quot;&quot;,&quot;camera&quot;:&quot;&quot;,&quot;caption&quot;:&quot;&quot;,&quot;created_timestamp&quot;:&quot;0&quot;,&quot;copyright&quot;:&quot;&quot;,&quot;focal_length&quot;:&quot;0&quot;,&quot;iso&quot;:&quot;0&quot;,&quot;shutter_speed&quot;:&quot;0&quot;,&quot;title&quot;:&quot;&quot;,&quot;orientation&quot;:&quot;1&quot;}\" data-image-title=\"Pilt6\" data-image-description=\"\" data-image-caption=\"\" data-large-file=\"https:\/\/blog.erm.ee\/wp-content\/uploads\/2023\/06\/Pilt6-1024x768.jpg\" class=\"wp-image-16411 size-full\" src=\"https:\/\/blog.erm.ee\/wp-content\/uploads\/2023\/06\/Pilt6.jpg\" alt=\"\" width=\"1200\" height=\"900\" srcset=\"https:\/\/blog.erm.ee\/wp-content\/uploads\/2023\/06\/Pilt6.jpg 1200w, https:\/\/blog.erm.ee\/wp-content\/uploads\/2023\/06\/Pilt6-300x225.jpg 300w, https:\/\/blog.erm.ee\/wp-content\/uploads\/2023\/06\/Pilt6-1024x768.jpg 1024w, https:\/\/blog.erm.ee\/wp-content\/uploads\/2023\/06\/Pilt6-347x260.jpg 347w, https:\/\/blog.erm.ee\/wp-content\/uploads\/2023\/06\/Pilt6-768x576.jpg 768w\" sizes=\"auto, (max-width: 1200px) 100vw, 1200px\" \/><\/a><p id=\"caption-attachment-16411\" class=\"wp-caption-text\">Laatrest p\u00e4rit ristim\u00e4nni osa L\u00f5una-Eesti kogukonna juures. Foto: K. Raba<\/p><\/div>\n<p style=\"text-align: justify;\">Oleme r\u00f5\u00f5msad, et Laatre ristim\u00e4nni osa j\u00f5udis n\u00fc\u00fcd koost\u00f6\u00f6s RMK ja P\u00e4hni looduskeskuse juhi Taavi Tatsiga Raadi materjalilaost L\u00f5una-Eesti kogukonna juurde tagasi. Seal saab sellest \u00fcle 300 kg kaaluva ristim\u00e4nni fragmendist foton\u00e4ituse osa. Foto: K. Raba<\/p>\n<p style=\"text-align: justify;\">*<\/p>\n<p style=\"text-align: justify;\">Aga suur ja v\u00f5imas asi, Anu Raua \u201eKogujad\u201c on praegu uhkesti v\u00e4ljas Heimtali ringtallis! Ja me ootame juba praegu huviga maailmakuulsa Jaapani kunstniku Ryoji <em>Ikeda valgusinstallatsioone ERMis Euroopa kultuuripealinna aastal 2024. Ikeda n\u00e4itust aitab kujundada arhitekt Tsuyoshi Tane ja see on kindlasti j\u00e4rgmine suur-suur asi! <\/em><\/p>\n<div id=\"attachment_16417\" style=\"width: 1210px\" class=\"wp-caption aligncenter\"><a href=\"https:\/\/blog.erm.ee\/wp-content\/uploads\/2023\/06\/20230608_105641.jpg\"><img loading=\"lazy\" decoding=\"async\" aria-describedby=\"caption-attachment-16417\" data-attachment-id=\"16417\" data-permalink=\"https:\/\/blog.erm.ee\/?attachment_id=16417#main\" data-orig-file=\"https:\/\/blog.erm.ee\/wp-content\/uploads\/2023\/06\/20230608_105641.jpg\" data-orig-size=\"1200,900\" data-comments-opened=\"1\" data-image-meta=\"{&quot;aperture&quot;:&quot;0&quot;,&quot;credit&quot;:&quot;&quot;,&quot;camera&quot;:&quot;&quot;,&quot;caption&quot;:&quot;&quot;,&quot;created_timestamp&quot;:&quot;1686221802&quot;,&quot;copyright&quot;:&quot;&quot;,&quot;focal_length&quot;:&quot;0&quot;,&quot;iso&quot;:&quot;0&quot;,&quot;shutter_speed&quot;:&quot;0&quot;,&quot;title&quot;:&quot;&quot;,&quot;orientation&quot;:&quot;1&quot;}\" data-image-title=\"20230608_105641\" data-image-description=\"\" data-image-caption=\"\" data-large-file=\"https:\/\/blog.erm.ee\/wp-content\/uploads\/2023\/06\/20230608_105641-1024x768.jpg\" class=\"wp-image-16417 size-full\" src=\"https:\/\/blog.erm.ee\/wp-content\/uploads\/2023\/06\/20230608_105641.jpg\" alt=\"\" width=\"1200\" height=\"900\" srcset=\"https:\/\/blog.erm.ee\/wp-content\/uploads\/2023\/06\/20230608_105641.jpg 1200w, https:\/\/blog.erm.ee\/wp-content\/uploads\/2023\/06\/20230608_105641-300x225.jpg 300w, https:\/\/blog.erm.ee\/wp-content\/uploads\/2023\/06\/20230608_105641-1024x768.jpg 1024w, https:\/\/blog.erm.ee\/wp-content\/uploads\/2023\/06\/20230608_105641-347x260.jpg 347w, https:\/\/blog.erm.ee\/wp-content\/uploads\/2023\/06\/20230608_105641-768x576.jpg 768w\" sizes=\"auto, (max-width: 1200px) 100vw, 1200px\" \/><\/a><p id=\"caption-attachment-16417\" class=\"wp-caption-text\">Foto: DGT arhitektide visand, 2006.<\/p><\/div>\n<p>&nbsp;<\/p>\n<p style=\"text-align: justify;\">Teksti toimetas Karin Kastehein, ERMi blogi haldab Kadi Haamer.<\/p>\n<div class=\"fcbkbttn_buttons_block\" id=\"fcbkbttn_left\"><div class=\"fcbkbttn_like \"><fb:like href=\"https:\/\/blog.erm.ee\/?p=16400\" action=\"like\" colorscheme=\"light\" layout=\"standard\"  width=\"225px\" size=\"small\"><\/fb:like><\/div><div class=\"fb-share-button  \" data-href=\"https:\/\/blog.erm.ee\/?p=16400\" data-type=\"button\" data-size=\"small\"><\/div><\/div>","protected":false},"excerpt":{"rendered":"<p>Kristjan Raba, n\u00e4ituste eriprojektide koordinaator. Veel enne Eesti Rahva Muuseumi maja projekteerimist k\u00fcsis \u00fcks arhitektidest, jaapanlane Tsyoshi Tane: \u201eMilline on ERMi k\u00f5ige suurem ese?\u201c Koguhoidjatel ja ruumiprogrammi meeskonnal oli v\u00f5imalus lasta kohe fantaasial lennata, kuid n\u00e4ituste loomine alles kogus tuure ning esialgu tundus suures \u00e4gedas majas k\u00f5ik v\u00f5imalik. Vaheldusrikka ja p\u00f5neva n\u00e4ituseprogrammi jaoks oli suisa&hellip;<\/p>\n","protected":false},"author":1,"featured_media":16405,"comment_status":"open","ping_status":"open","sticky":false,"template":"","format":"standard","meta":{"_monsterinsights_skip_tracking":false,"_monsterinsights_sitenote_active":false,"_monsterinsights_sitenote_note":"","_monsterinsights_sitenote_category":0,"jetpack_post_was_ever_published":false,"_jetpack_newsletter_access":"","_jetpack_dont_email_post_to_subs":false,"_jetpack_newsletter_tier_id":0,"_jetpack_memberships_contains_paywalled_content":false,"_jetpack_memberships_contains_paid_content":false,"footnotes":""},"categories":[1,5,7,17],"tags":[],"class_list":["post-16400","post","type-post","status-publish","format-standard","has-post-thumbnail","hentry","category-maaratlemata","category-museaal","category-naitus","category-uus-maja"],"yoast_head":"<!-- This site is optimized with the Yoast SEO plugin v27.5 - https:\/\/yoast.com\/product\/yoast-seo-wordpress\/ -->\n<title>Suur-suur asi - Eesti Rahva Muuseumi ajaveeb<\/title>\n<meta name=\"robots\" content=\"index, follow, max-snippet:-1, max-image-preview:large, max-video-preview:-1\" \/>\n<link rel=\"canonical\" href=\"https:\/\/blog.erm.ee\/?p=16400\" \/>\n<meta property=\"og:locale\" content=\"et_EE\" \/>\n<meta property=\"og:type\" content=\"article\" \/>\n<meta property=\"og:title\" content=\"Suur-suur asi - Eesti Rahva Muuseumi ajaveeb\" \/>\n<meta property=\"og:description\" content=\"Kristjan Raba, n\u00e4ituste eriprojektide koordinaator. Veel enne Eesti Rahva Muuseumi maja projekteerimist k\u00fcsis \u00fcks arhitektidest, jaapanlane Tsyoshi Tane: \u201eMilline on ERMi k\u00f5ige suurem ese?\u201c Koguhoidjatel ja ruumiprogrammi meeskonnal oli v\u00f5imalus lasta kohe fantaasial lennata, kuid n\u00e4ituste loomine alles kogus tuure ning esialgu tundus suures \u00e4gedas majas k\u00f5ik v\u00f5imalik. Vaheldusrikka ja p\u00f5neva n\u00e4ituseprogrammi jaoks oli suisa&hellip;\" \/>\n<meta property=\"og:url\" content=\"https:\/\/blog.erm.ee\/?p=16400\" \/>\n<meta property=\"og:site_name\" content=\"Eesti Rahva Muuseumi ajaveeb\" \/>\n<meta property=\"article:published_time\" content=\"2023-06-08T08:45:02+00:00\" \/>\n<meta property=\"article:modified_time\" content=\"2023-06-09T06:32:16+00:00\" \/>\n<meta property=\"og:image\" content=\"https:\/\/blog.erm.ee\/wp-content\/uploads\/2023\/06\/Pilt1.jpg\" \/>\n\t<meta property=\"og:image:width\" content=\"1200\" \/>\n\t<meta property=\"og:image:height\" content=\"799\" \/>\n\t<meta property=\"og:image:type\" content=\"image\/jpeg\" \/>\n<meta name=\"author\" content=\"Eesti Rahva Muuseum\" \/>\n<meta name=\"twitter:card\" content=\"summary_large_image\" \/>\n<meta name=\"twitter:label1\" content=\"Written by\" \/>\n\t<meta name=\"twitter:data1\" content=\"Eesti Rahva Muuseum\" \/>\n\t<meta name=\"twitter:label2\" content=\"Est. reading time\" \/>\n\t<meta name=\"twitter:data2\" content=\"5 minutit\" \/>\n<script type=\"application\/ld+json\" class=\"yoast-schema-graph\">{\"@context\":\"https:\\\/\\\/schema.org\",\"@graph\":[{\"@type\":\"Article\",\"@id\":\"https:\\\/\\\/blog.erm.ee\\\/?p=16400#article\",\"isPartOf\":{\"@id\":\"https:\\\/\\\/blog.erm.ee\\\/?p=16400\"},\"author\":{\"name\":\"Eesti Rahva Muuseum\",\"@id\":\"https:\\\/\\\/blog.erm.ee\\\/#\\\/schema\\\/person\\\/6e98c391cb00a33e7c22a3571e062114\"},\"headline\":\"Suur-suur asi\",\"datePublished\":\"2023-06-08T08:45:02+00:00\",\"dateModified\":\"2023-06-09T06:32:16+00:00\",\"mainEntityOfPage\":{\"@id\":\"https:\\\/\\\/blog.erm.ee\\\/?p=16400\"},\"wordCount\":922,\"commentCount\":0,\"image\":{\"@id\":\"https:\\\/\\\/blog.erm.ee\\\/?p=16400#primaryimage\"},\"thumbnailUrl\":\"https:\\\/\\\/blog.erm.ee\\\/wp-content\\\/uploads\\\/2023\\\/06\\\/Pilt1.jpg\",\"articleSection\":{\"1\":\"Museaal\",\"2\":\"N\u00e4itus\",\"3\":\"Uus maja\"},\"inLanguage\":\"et\",\"potentialAction\":[{\"@type\":\"CommentAction\",\"name\":\"Comment\",\"target\":[\"https:\\\/\\\/blog.erm.ee\\\/?p=16400#respond\"]}]},{\"@type\":\"WebPage\",\"@id\":\"https:\\\/\\\/blog.erm.ee\\\/?p=16400\",\"url\":\"https:\\\/\\\/blog.erm.ee\\\/?p=16400\",\"name\":\"Suur-suur asi - Eesti Rahva Muuseumi ajaveeb\",\"isPartOf\":{\"@id\":\"https:\\\/\\\/blog.erm.ee\\\/#website\"},\"primaryImageOfPage\":{\"@id\":\"https:\\\/\\\/blog.erm.ee\\\/?p=16400#primaryimage\"},\"image\":{\"@id\":\"https:\\\/\\\/blog.erm.ee\\\/?p=16400#primaryimage\"},\"thumbnailUrl\":\"https:\\\/\\\/blog.erm.ee\\\/wp-content\\\/uploads\\\/2023\\\/06\\\/Pilt1.jpg\",\"datePublished\":\"2023-06-08T08:45:02+00:00\",\"dateModified\":\"2023-06-09T06:32:16+00:00\",\"author\":{\"@id\":\"https:\\\/\\\/blog.erm.ee\\\/#\\\/schema\\\/person\\\/6e98c391cb00a33e7c22a3571e062114\"},\"breadcrumb\":{\"@id\":\"https:\\\/\\\/blog.erm.ee\\\/?p=16400#breadcrumb\"},\"inLanguage\":\"et\",\"potentialAction\":[{\"@type\":\"ReadAction\",\"target\":[\"https:\\\/\\\/blog.erm.ee\\\/?p=16400\"]}]},{\"@type\":\"ImageObject\",\"inLanguage\":\"et\",\"@id\":\"https:\\\/\\\/blog.erm.ee\\\/?p=16400#primaryimage\",\"url\":\"https:\\\/\\\/blog.erm.ee\\\/wp-content\\\/uploads\\\/2023\\\/06\\\/Pilt1.jpg\",\"contentUrl\":\"https:\\\/\\\/blog.erm.ee\\\/wp-content\\\/uploads\\\/2023\\\/06\\\/Pilt1.jpg\",\"width\":1200,\"height\":799},{\"@type\":\"BreadcrumbList\",\"@id\":\"https:\\\/\\\/blog.erm.ee\\\/?p=16400#breadcrumb\",\"itemListElement\":[{\"@type\":\"ListItem\",\"position\":1,\"name\":\"Home\",\"item\":\"https:\\\/\\\/blog.erm.ee\\\/\"},{\"@type\":\"ListItem\",\"position\":2,\"name\":\"Suur-suur asi\"}]},{\"@type\":\"WebSite\",\"@id\":\"https:\\\/\\\/blog.erm.ee\\\/#website\",\"url\":\"https:\\\/\\\/blog.erm.ee\\\/\",\"name\":\"Eesti Rahva Muuseumi ajaveeb\",\"description\":\"\",\"potentialAction\":[{\"@type\":\"SearchAction\",\"target\":{\"@type\":\"EntryPoint\",\"urlTemplate\":\"https:\\\/\\\/blog.erm.ee\\\/?s={search_term_string}\"},\"query-input\":{\"@type\":\"PropertyValueSpecification\",\"valueRequired\":true,\"valueName\":\"search_term_string\"}}],\"inLanguage\":\"et\"},{\"@type\":\"Person\",\"@id\":\"https:\\\/\\\/blog.erm.ee\\\/#\\\/schema\\\/person\\\/6e98c391cb00a33e7c22a3571e062114\",\"name\":\"Eesti Rahva Muuseum\",\"image\":{\"@type\":\"ImageObject\",\"inLanguage\":\"et\",\"@id\":\"https:\\\/\\\/secure.gravatar.com\\\/avatar\\\/cb6d9ad5fb49f3f7315028ce5fe60641075f2cb52b8a058ff5a985fa2d8c1da0?s=96&d=mm&r=g\",\"url\":\"https:\\\/\\\/secure.gravatar.com\\\/avatar\\\/cb6d9ad5fb49f3f7315028ce5fe60641075f2cb52b8a058ff5a985fa2d8c1da0?s=96&d=mm&r=g\",\"contentUrl\":\"https:\\\/\\\/secure.gravatar.com\\\/avatar\\\/cb6d9ad5fb49f3f7315028ce5fe60641075f2cb52b8a058ff5a985fa2d8c1da0?s=96&d=mm&r=g\",\"caption\":\"Eesti Rahva Muuseum\"},\"sameAs\":[\"http:\\\/\\\/www.erm.ee\"],\"url\":\"https:\\\/\\\/blog.erm.ee\\\/?author=1\"}]}<\/script>\n<!-- \/ Yoast SEO plugin. -->","yoast_head_json":{"title":"Suur-suur asi - Eesti Rahva Muuseumi ajaveeb","robots":{"index":"index","follow":"follow","max-snippet":"max-snippet:-1","max-image-preview":"max-image-preview:large","max-video-preview":"max-video-preview:-1"},"canonical":"https:\/\/blog.erm.ee\/?p=16400","og_locale":"et_EE","og_type":"article","og_title":"Suur-suur asi - Eesti Rahva Muuseumi ajaveeb","og_description":"Kristjan Raba, n\u00e4ituste eriprojektide koordinaator. Veel enne Eesti Rahva Muuseumi maja projekteerimist k\u00fcsis \u00fcks arhitektidest, jaapanlane Tsyoshi Tane: \u201eMilline on ERMi k\u00f5ige suurem ese?\u201c Koguhoidjatel ja ruumiprogrammi meeskonnal oli v\u00f5imalus lasta kohe fantaasial lennata, kuid n\u00e4ituste loomine alles kogus tuure ning esialgu tundus suures \u00e4gedas majas k\u00f5ik v\u00f5imalik. Vaheldusrikka ja p\u00f5neva n\u00e4ituseprogrammi jaoks oli suisa&hellip;","og_url":"https:\/\/blog.erm.ee\/?p=16400","og_site_name":"Eesti Rahva Muuseumi ajaveeb","article_published_time":"2023-06-08T08:45:02+00:00","article_modified_time":"2023-06-09T06:32:16+00:00","og_image":[{"width":1200,"height":799,"url":"https:\/\/blog.erm.ee\/wp-content\/uploads\/2023\/06\/Pilt1.jpg","type":"image\/jpeg"}],"author":"Eesti Rahva Muuseum","twitter_card":"summary_large_image","twitter_misc":{"Written by":"Eesti Rahva Muuseum","Est. reading time":"5 minutit"},"schema":{"@context":"https:\/\/schema.org","@graph":[{"@type":"Article","@id":"https:\/\/blog.erm.ee\/?p=16400#article","isPartOf":{"@id":"https:\/\/blog.erm.ee\/?p=16400"},"author":{"name":"Eesti Rahva Muuseum","@id":"https:\/\/blog.erm.ee\/#\/schema\/person\/6e98c391cb00a33e7c22a3571e062114"},"headline":"Suur-suur asi","datePublished":"2023-06-08T08:45:02+00:00","dateModified":"2023-06-09T06:32:16+00:00","mainEntityOfPage":{"@id":"https:\/\/blog.erm.ee\/?p=16400"},"wordCount":922,"commentCount":0,"image":{"@id":"https:\/\/blog.erm.ee\/?p=16400#primaryimage"},"thumbnailUrl":"https:\/\/blog.erm.ee\/wp-content\/uploads\/2023\/06\/Pilt1.jpg","articleSection":{"1":"Museaal","2":"N\u00e4itus","3":"Uus maja"},"inLanguage":"et","potentialAction":[{"@type":"CommentAction","name":"Comment","target":["https:\/\/blog.erm.ee\/?p=16400#respond"]}]},{"@type":"WebPage","@id":"https:\/\/blog.erm.ee\/?p=16400","url":"https:\/\/blog.erm.ee\/?p=16400","name":"Suur-suur asi - Eesti Rahva Muuseumi ajaveeb","isPartOf":{"@id":"https:\/\/blog.erm.ee\/#website"},"primaryImageOfPage":{"@id":"https:\/\/blog.erm.ee\/?p=16400#primaryimage"},"image":{"@id":"https:\/\/blog.erm.ee\/?p=16400#primaryimage"},"thumbnailUrl":"https:\/\/blog.erm.ee\/wp-content\/uploads\/2023\/06\/Pilt1.jpg","datePublished":"2023-06-08T08:45:02+00:00","dateModified":"2023-06-09T06:32:16+00:00","author":{"@id":"https:\/\/blog.erm.ee\/#\/schema\/person\/6e98c391cb00a33e7c22a3571e062114"},"breadcrumb":{"@id":"https:\/\/blog.erm.ee\/?p=16400#breadcrumb"},"inLanguage":"et","potentialAction":[{"@type":"ReadAction","target":["https:\/\/blog.erm.ee\/?p=16400"]}]},{"@type":"ImageObject","inLanguage":"et","@id":"https:\/\/blog.erm.ee\/?p=16400#primaryimage","url":"https:\/\/blog.erm.ee\/wp-content\/uploads\/2023\/06\/Pilt1.jpg","contentUrl":"https:\/\/blog.erm.ee\/wp-content\/uploads\/2023\/06\/Pilt1.jpg","width":1200,"height":799},{"@type":"BreadcrumbList","@id":"https:\/\/blog.erm.ee\/?p=16400#breadcrumb","itemListElement":[{"@type":"ListItem","position":1,"name":"Home","item":"https:\/\/blog.erm.ee\/"},{"@type":"ListItem","position":2,"name":"Suur-suur asi"}]},{"@type":"WebSite","@id":"https:\/\/blog.erm.ee\/#website","url":"https:\/\/blog.erm.ee\/","name":"Eesti Rahva Muuseumi ajaveeb","description":"","potentialAction":[{"@type":"SearchAction","target":{"@type":"EntryPoint","urlTemplate":"https:\/\/blog.erm.ee\/?s={search_term_string}"},"query-input":{"@type":"PropertyValueSpecification","valueRequired":true,"valueName":"search_term_string"}}],"inLanguage":"et"},{"@type":"Person","@id":"https:\/\/blog.erm.ee\/#\/schema\/person\/6e98c391cb00a33e7c22a3571e062114","name":"Eesti Rahva Muuseum","image":{"@type":"ImageObject","inLanguage":"et","@id":"https:\/\/secure.gravatar.com\/avatar\/cb6d9ad5fb49f3f7315028ce5fe60641075f2cb52b8a058ff5a985fa2d8c1da0?s=96&d=mm&r=g","url":"https:\/\/secure.gravatar.com\/avatar\/cb6d9ad5fb49f3f7315028ce5fe60641075f2cb52b8a058ff5a985fa2d8c1da0?s=96&d=mm&r=g","contentUrl":"https:\/\/secure.gravatar.com\/avatar\/cb6d9ad5fb49f3f7315028ce5fe60641075f2cb52b8a058ff5a985fa2d8c1da0?s=96&d=mm&r=g","caption":"Eesti Rahva Muuseum"},"sameAs":["http:\/\/www.erm.ee"],"url":"https:\/\/blog.erm.ee\/?author=1"}]}},"jetpack_featured_media_url":"https:\/\/blog.erm.ee\/wp-content\/uploads\/2023\/06\/Pilt1.jpg","jetpack_shortlink":"https:\/\/wp.me\/p2l9Zd-4gw","jetpack_sharing_enabled":true,"jetpack_likes_enabled":true,"_links":{"self":[{"href":"https:\/\/blog.erm.ee\/index.php?rest_route=\/wp\/v2\/posts\/16400","targetHints":{"allow":["GET"]}}],"collection":[{"href":"https:\/\/blog.erm.ee\/index.php?rest_route=\/wp\/v2\/posts"}],"about":[{"href":"https:\/\/blog.erm.ee\/index.php?rest_route=\/wp\/v2\/types\/post"}],"author":[{"embeddable":true,"href":"https:\/\/blog.erm.ee\/index.php?rest_route=\/wp\/v2\/users\/1"}],"replies":[{"embeddable":true,"href":"https:\/\/blog.erm.ee\/index.php?rest_route=%2Fwp%2Fv2%2Fcomments&post=16400"}],"version-history":[{"count":11,"href":"https:\/\/blog.erm.ee\/index.php?rest_route=\/wp\/v2\/posts\/16400\/revisions"}],"predecessor-version":[{"id":16422,"href":"https:\/\/blog.erm.ee\/index.php?rest_route=\/wp\/v2\/posts\/16400\/revisions\/16422"}],"wp:featuredmedia":[{"embeddable":true,"href":"https:\/\/blog.erm.ee\/index.php?rest_route=\/wp\/v2\/media\/16405"}],"wp:attachment":[{"href":"https:\/\/blog.erm.ee\/index.php?rest_route=%2Fwp%2Fv2%2Fmedia&parent=16400"}],"wp:term":[{"taxonomy":"category","embeddable":true,"href":"https:\/\/blog.erm.ee\/index.php?rest_route=%2Fwp%2Fv2%2Fcategories&post=16400"},{"taxonomy":"post_tag","embeddable":true,"href":"https:\/\/blog.erm.ee\/index.php?rest_route=%2Fwp%2Fv2%2Ftags&post=16400"}],"curies":[{"name":"wp","href":"https:\/\/api.w.org\/{rel}","templated":true}]}}