{"id":16343,"date":"2023-05-18T11:00:50","date_gmt":"2023-05-18T08:00:50","guid":{"rendered":"https:\/\/blog.erm.ee\/?p=16343"},"modified":"2023-05-17T19:06:10","modified_gmt":"2023-05-17T16:06:10","slug":"pere-pildid-perekond-raua-kunstikogu-naitus-ermi-b-fuajees","status":"publish","type":"post","link":"https:\/\/blog.erm.ee\/?p=16343","title":{"rendered":"Pere pildid. Perekond Raua kunstikogu n\u00e4itus ERMi B-fuajees"},"content":{"rendered":"<div class=\"fcbkbttn_buttons_block\" id=\"fcbkbttn_left\"><div class=\"fcbkbttn_like \"><fb:like href=\"https:\/\/blog.erm.ee\/?p=16343\" action=\"like\" colorscheme=\"light\" layout=\"standard\"  width=\"225px\" size=\"small\"><\/fb:like><\/div><div class=\"fb-share-button  \" data-href=\"https:\/\/blog.erm.ee\/?p=16343\" data-type=\"button\" data-size=\"small\"><\/div><\/div><p style=\"text-align: justify;\">Reet Mark, n\u00e4ituste peaprodutsent.<\/p>\n<p style=\"text-align: justify;\">\u201eNad on mu silma ees varasest lapsep\u00f5lvest alates t\u00e4nase p\u00e4evani. Nad on rikkalikud ja r\u00f5\u00f5msad v\u00e4rvilaigud seintel. Nad on \u00f5htuvalguses isemoodi, hommikuvalguses hoopis teised. Nad on r\u00f5\u00f5msamad selge ilmaga ja sordiini all sombusel p\u00e4eval. Nad on seltsilised ja saatjad, kindel osa kodust.\u201c Nii kirjutab Anu Raud piltidest, mis asuvad tema kodus ja mis moodustavad perekond Raua kunstikogu.<\/p>\n<p style=\"text-align: justify;\">Kogus on palju graafikat, maale ja \u00fcks skulptuur. Teoste valmimisaastad j\u00e4\u00e4vad 19. sajandi l\u00f5pu ja 21. sajandi kahe esimese aastak\u00fcmne vahele. Mart, Valda ja Anu Rauale on oma teoseid kinkinud Eduard Wiiralt, Adamson-Eric, Mari Adamson, Paul Liivak, Natalie Mei, Aino Bach, Viive Tolli, Peeter Mudist, Tiit P\u00e4\u00e4suke.<\/p>\n<p style=\"text-align: justify;\">\u00dcks tuntumaid neist on kahtlemata Peeter Mudisti maal \u201eAnnab k\u00e4ppa\u201c, mille ta Anule kinkis. See maal Anust ja tema koerast Kaarost on v\u00e4ga s\u00fcdamlik pilt \u2013 Newfoundlandi t\u00f5ugu Kaaro oli Anu teine koer, kelle ta sai oma 16. s\u00fcnnip\u00e4eva kingituseks.<\/p>\n<p style=\"text-align: justify;\">Hiljaaegu leidis Anu oma ema Valda kirja, mis saadetud toona sanatooriumis olnud isale. Valda Raud kirjutas, et Anule sai kingitud kallis t\u00f5ukoer. Kutsika ostmiseks laenanud ta raha Kersti Merilaasilt ja n\u00fc\u00fcd loodab ta, et Mart aitab tal seda v\u00f5lga tasuda. Anu sellest muidugi midagi ei teadnud. Tema oli lubanud elu l\u00f5puni ainult sitsiriietes ja sandaalides k\u00e4ia, kui ainult selle koera saaks.<\/p>\n<p style=\"text-align: justify;\">Kaaro oli Anule l\u00f5pmata kallis ja nad tegid koos igasuguseid p\u00f5nevaid asju. Koer oli suur t\u0161empion ja v\u00e4lja\u00f5ppelt koguni nii hea, et kuulus s\u00f5jav\u00e4ekohuslaste hulka. (T\u00e4nu sellele jagati talle normatiivset lihapajukit, mida kogu pere t\u00e4nulikult s\u00f5i.) Kaaro elas aktiivset ja toredat elu ligi 10 aastat ja suri siis. Muidugi oli see Anule suur kaotus. Ta kirjutas Kaarole m\u00f5eldes jutu \u201eTaevakoerad\u201c, mis ilmus Loomingus. M\u00f5ned kuud p\u00e4rast seda n\u00e4gi ta K\u00e4\u00e4riku alleed pildi tulevat Peeter Mudistit, suur pilt k\u00e4es. Kohale j\u00f5udnud, andis ta maali Anule ja \u00fctles: \u201eV\u00f5ta, mulle meeldis su jutt.\u201c Anu s\u00f5nade j\u00e4rgi on see \u00fcdini tema pilt.<\/p>\n<div id=\"attachment_16348\" style=\"width: 1210px\" class=\"wp-caption aligncenter\"><a href=\"https:\/\/blog.erm.ee\/wp-content\/uploads\/2023\/05\/Mudist.jpg\"><img loading=\"lazy\" decoding=\"async\" aria-describedby=\"caption-attachment-16348\" data-attachment-id=\"16348\" data-permalink=\"https:\/\/blog.erm.ee\/?attachment_id=16348#main\" data-orig-file=\"https:\/\/blog.erm.ee\/wp-content\/uploads\/2023\/05\/Mudist-e1684339449861.jpg\" data-orig-size=\"1200,726\" data-comments-opened=\"1\" data-image-meta=\"{&quot;aperture&quot;:&quot;9&quot;,&quot;credit&quot;:&quot;&quot;,&quot;camera&quot;:&quot;NIKON D850&quot;,&quot;caption&quot;:&quot;&quot;,&quot;created_timestamp&quot;:&quot;1679982562&quot;,&quot;copyright&quot;:&quot;&quot;,&quot;focal_length&quot;:&quot;35&quot;,&quot;iso&quot;:&quot;100&quot;,&quot;shutter_speed&quot;:&quot;0.008&quot;,&quot;title&quot;:&quot;&quot;,&quot;orientation&quot;:&quot;1&quot;}\" data-image-title=\"Mudist\" data-image-description=\"\" data-image-caption=\"\" data-large-file=\"https:\/\/blog.erm.ee\/wp-content\/uploads\/2023\/05\/Mudist-e1684339449861-1024x620.jpg\" class=\"wp-image-16348 size-full\" src=\"https:\/\/blog.erm.ee\/wp-content\/uploads\/2023\/05\/Mudist.jpg\" alt=\"\" width=\"1200\" height=\"968\" \/><\/a><p id=\"caption-attachment-16348\" class=\"wp-caption-text\">Peeter Mudist (1942\u20132013). Annab k\u00e4ppa. \u00d5li, l\u00f5uend.<\/p><\/div>\n<p style=\"text-align: justify;\">Kogu \u00a0Raudade pere on alati olnud v\u00e4ga seltskondlik, tihedalt k\u00e4idi l\u00e4bi ka kunstiinimestega nii enne s\u00f5da kui ka n\u00fc\u00fcd, 21. sajandil. Mart ja Valda olid varmad pilte ka ostma \u2013 nii on kogusse saadud Karl P\u00e4rsim\u00e4e, Paul Burmani, Endel K\u00f5ksi, Erich Pehapi, Edgar Valteri ja\u00a0 Elmar Kitse teoseid.<\/p>\n<p style=\"text-align: justify;\">Oma halvematel p\u00e4evadel oli Mart Raud alati torisenud: \u201eMis kodu see on, kus ei leidu \u00fchtegi Ado Vabbe maali!\u201c Kuid just Vabbe maal on j\u00e4\u00e4nudki ostmata.<\/p>\n<p style=\"text-align: justify;\">1935. aastal ilmus Mart Raual romaan \u201eKirves ja kuu\u201c. Ilmselt oma elukogemuse najal kirjeldab kirjanik seal karmi taluelu argip\u00e4eva ja boheemlasliku elulaadi vastandumist. Talumehe poeedist poeg tahaks kaunis looduses ainult luuletada, ent peab hoopis kodutalus rasket t\u00f6\u00f6d tegema. Tema luuletamist ei pea keegi miskiks. Samasugune konflikt oli kindlasti kunstnik Karl P\u00e4rsim\u00e4e elus \u2013 pidi ta ju Pallasegi m\u00f5neks ajaks poolele j\u00e4tma, et kodutallu appi minna. Kuigi t\u00f5ele au andes peab \u00fctlema, et tema kunstitegemist toetati kodus nii vaimselt kui ka rahaliselt. Ometi pidi romaan kunstnikule meeldima, sest kirvest ja kuud on P\u00e4rsim\u00e4gi maalinud mitmel pildil.<\/p>\n<p style=\"text-align: justify;\">Mart Raud oli sellest v\u00e4ga meelitatud ja tahtis p\u00e4rast maalide n\u00e4gemist n\u00e4itusel v\u00e4ga \u00fcht pilti osta. Paraku ei tulnud ta selle peale, et oma soovi t\u00e4pselt kirjeldada, ja olevat t\u00f6\u00f6d lahti pakkides olnud v\u00e4ga pettunud. Kuna \u201eKirve ja Kuu\u201c nimelisi pilte oli mitu, saadeti talle natuke v\u00e4hem v\u00e4rviline variant. Kui neid pilte omavahel v\u00f5rrelda, saab Mardi pettumusest h\u00e4sti aru.<\/p>\n<div id=\"attachment_16349\" style=\"width: 874px\" class=\"wp-caption aligncenter\"><a href=\"https:\/\/blog.erm.ee\/wp-content\/uploads\/2023\/05\/Parsimagi.jpg\"><img loading=\"lazy\" decoding=\"async\" aria-describedby=\"caption-attachment-16349\" data-attachment-id=\"16349\" data-permalink=\"https:\/\/blog.erm.ee\/?attachment_id=16349#main\" data-orig-file=\"https:\/\/blog.erm.ee\/wp-content\/uploads\/2023\/05\/Parsimagi.jpg\" data-orig-size=\"864,1200\" data-comments-opened=\"1\" data-image-meta=\"{&quot;aperture&quot;:&quot;9&quot;,&quot;credit&quot;:&quot;&quot;,&quot;camera&quot;:&quot;NIKON D850&quot;,&quot;caption&quot;:&quot;&quot;,&quot;created_timestamp&quot;:&quot;1679984591&quot;,&quot;copyright&quot;:&quot;&quot;,&quot;focal_length&quot;:&quot;60&quot;,&quot;iso&quot;:&quot;100&quot;,&quot;shutter_speed&quot;:&quot;0.008&quot;,&quot;title&quot;:&quot;&quot;,&quot;orientation&quot;:&quot;1&quot;}\" data-image-title=\"P\u00e4rsim\u00e4gi\" data-image-description=\"\" data-image-caption=\"\" data-large-file=\"https:\/\/blog.erm.ee\/wp-content\/uploads\/2023\/05\/Parsimagi-737x1024.jpg\" class=\"wp-image-16349 size-full\" src=\"https:\/\/blog.erm.ee\/wp-content\/uploads\/2023\/05\/Parsimagi.jpg\" alt=\"\" width=\"864\" height=\"1200\" srcset=\"https:\/\/blog.erm.ee\/wp-content\/uploads\/2023\/05\/Parsimagi.jpg 864w, https:\/\/blog.erm.ee\/wp-content\/uploads\/2023\/05\/Parsimagi-216x300.jpg 216w, https:\/\/blog.erm.ee\/wp-content\/uploads\/2023\/05\/Parsimagi-737x1024.jpg 737w, https:\/\/blog.erm.ee\/wp-content\/uploads\/2023\/05\/Parsimagi-187x260.jpg 187w, https:\/\/blog.erm.ee\/wp-content\/uploads\/2023\/05\/Parsimagi-768x1067.jpg 768w\" sizes=\"auto, (max-width: 864px) 100vw, 864px\" \/><\/a><p id=\"caption-attachment-16349\" class=\"wp-caption-text\">Karl P\u00e4rsim\u00e4gi (1902\u20131942). Kirves ja Kuu. 1936\u201337. \u00d5li, l\u00f5uend<\/p><\/div>\n<div id=\"attachment_16350\" style=\"width: 1036px\" class=\"wp-caption aligncenter\"><a href=\"https:\/\/blog.erm.ee\/wp-content\/uploads\/2023\/05\/Parsimagi-TKM.jpg\"><img loading=\"lazy\" decoding=\"async\" aria-describedby=\"caption-attachment-16350\" data-attachment-id=\"16350\" data-permalink=\"https:\/\/blog.erm.ee\/?attachment_id=16350#main\" data-orig-file=\"https:\/\/blog.erm.ee\/wp-content\/uploads\/2023\/05\/Parsimagi-TKM.jpg\" data-orig-size=\"1026,1200\" data-comments-opened=\"1\" data-image-meta=\"{&quot;aperture&quot;:&quot;0&quot;,&quot;credit&quot;:&quot;Andres&quot;,&quot;camera&quot;:&quot;production\\u00b2&quot;,&quot;caption&quot;:&quot;Karl P\\u00e4rsim\\u00e4gi. Kirves ja kuu. 1936-37. \\u00d5li, papp. 51,6x41&quot;,&quot;created_timestamp&quot;:&quot;1223560958&quot;,&quot;copyright&quot;:&quot;Conservation Center Kanut&quot;,&quot;focal_length&quot;:&quot;0&quot;,&quot;iso&quot;:&quot;0&quot;,&quot;shutter_speed&quot;:&quot;0&quot;,&quot;title&quot;:&quot;Karl P\\u00e4rsim\\u00e4gi. Kirves ja kuu. 1936-37. \\u00d5li, papp. 51,6x41&quot;,&quot;orientation&quot;:&quot;1&quot;}\" data-image-title=\"Karl P\u00e4rsim\u00e4gi. Kirves ja kuu. 1936-37. \u00d5li, papp. 51,6&amp;#215;41\" data-image-description=\"\" data-image-caption=\"&lt;p&gt;Karl P\u00e4rsim\u00e4gi. Kirves ja kuu. 1936-37. \u00d5li, papp. 51,6&amp;#215;41&lt;\/p&gt;\n\" data-large-file=\"https:\/\/blog.erm.ee\/wp-content\/uploads\/2023\/05\/Parsimagi-TKM-876x1024.jpg\" class=\"size-full wp-image-16350\" src=\"https:\/\/blog.erm.ee\/wp-content\/uploads\/2023\/05\/Parsimagi-TKM.jpg\" alt=\"\" width=\"1026\" height=\"1200\" srcset=\"https:\/\/blog.erm.ee\/wp-content\/uploads\/2023\/05\/Parsimagi-TKM.jpg 1026w, https:\/\/blog.erm.ee\/wp-content\/uploads\/2023\/05\/Parsimagi-TKM-257x300.jpg 257w, https:\/\/blog.erm.ee\/wp-content\/uploads\/2023\/05\/Parsimagi-TKM-876x1024.jpg 876w, https:\/\/blog.erm.ee\/wp-content\/uploads\/2023\/05\/Parsimagi-TKM-222x260.jpg 222w, https:\/\/blog.erm.ee\/wp-content\/uploads\/2023\/05\/Parsimagi-TKM-768x898.jpg 768w\" sizes=\"auto, (max-width: 1026px) 100vw, 1026px\" \/><\/a><p id=\"caption-attachment-16350\" class=\"wp-caption-text\">Karl P\u00e4rsim\u00e4gi. Kirves ja kuu. 1936-37. \u00d5li, papp. 51,6&#215;41. Tartu Kunstimuuseum<\/p><\/div>\n<p style=\"text-align: justify;\">\u201eKirve ja kuu\u201c motiivil on Anul valminud ka vaip.<\/p>\n<p style=\"text-align: justify;\">Mitu kunstnikku on soovinud Raudade pereliikmeid portreteerida. Eriti Mart Rauda, kellest telliti ka ametlikke portreid. Anu palusid endale poseerima Aino Bach, Olga Terri, Viive Tolli ja Leili Muuga ning temast on portree teinud ka Aapo Pukk. Kuid Valda Rauast on kahjuks ainult \u00fcks Leili Muuga tehtud portree. \u00dche varajasematest Mart Raua portreedest on aga maalinud Paul Liivak.<\/p>\n<div id=\"attachment_16351\" style=\"width: 1057px\" class=\"wp-caption aligncenter\"><a href=\"https:\/\/blog.erm.ee\/wp-content\/uploads\/2023\/05\/Liivak.jpg\"><img loading=\"lazy\" decoding=\"async\" aria-describedby=\"caption-attachment-16351\" data-attachment-id=\"16351\" data-permalink=\"https:\/\/blog.erm.ee\/?attachment_id=16351#main\" data-orig-file=\"https:\/\/blog.erm.ee\/wp-content\/uploads\/2023\/05\/Liivak.jpg\" data-orig-size=\"1047,1200\" data-comments-opened=\"1\" data-image-meta=\"{&quot;aperture&quot;:&quot;9&quot;,&quot;credit&quot;:&quot;&quot;,&quot;camera&quot;:&quot;NIKON D850&quot;,&quot;caption&quot;:&quot;&quot;,&quot;created_timestamp&quot;:&quot;1679984663&quot;,&quot;copyright&quot;:&quot;&quot;,&quot;focal_length&quot;:&quot;60&quot;,&quot;iso&quot;:&quot;100&quot;,&quot;shutter_speed&quot;:&quot;0.008&quot;,&quot;title&quot;:&quot;&quot;,&quot;orientation&quot;:&quot;1&quot;}\" data-image-title=\"Liivak\" data-image-description=\"\" data-image-caption=\"\" data-large-file=\"https:\/\/blog.erm.ee\/wp-content\/uploads\/2023\/05\/Liivak-893x1024.jpg\" class=\"wp-image-16351 size-full\" src=\"https:\/\/blog.erm.ee\/wp-content\/uploads\/2023\/05\/Liivak.jpg\" alt=\"\" width=\"1047\" height=\"1200\" srcset=\"https:\/\/blog.erm.ee\/wp-content\/uploads\/2023\/05\/Liivak.jpg 1047w, https:\/\/blog.erm.ee\/wp-content\/uploads\/2023\/05\/Liivak-262x300.jpg 262w, https:\/\/blog.erm.ee\/wp-content\/uploads\/2023\/05\/Liivak-893x1024.jpg 893w, https:\/\/blog.erm.ee\/wp-content\/uploads\/2023\/05\/Liivak-227x260.jpg 227w, https:\/\/blog.erm.ee\/wp-content\/uploads\/2023\/05\/Liivak-768x880.jpg 768w\" sizes=\"auto, (max-width: 1047px) 100vw, 1047px\" \/><\/a><p id=\"caption-attachment-16351\" class=\"wp-caption-text\">Paul Liivak (1900\u20131942). Mart Raua portree. 1920. aastad. Akvarell, paber<\/p><\/div>\n<p style=\"text-align: justify;\"><span style=\"font-size: 13px;\">Paul Liivak s\u00fcndis 1900. aastal J\u00e4rvamaal Ambla vallas taluniku peres. Kunstihariduse omandamist alustas ta Tallinna Kunstt\u00f6\u00f6stuskoolis, kus \u00f5ppis 1915\u201318. Liivak v\u00f5ttis osa Vabaduss\u00f5jast ning saabus oktoobris Pallase avamisele peaaegu et rindelt. Pallases \u00f5ppis ta aastail 1919\u201321. Aastal 1941 mobiliseeriti ta Punaarmeesse, m\u00f5ne aja p\u00e4rast j\u00e4i ta Leningradi blokaadir\u00f5ngasse ja suri seal 1942. aastal. Paul Liivaku loomingus on kaks poolt: leebeloomulised, rahvusromantismi h\u00f5ngu kandvad akvarellid, peamiselt loodusvaated ning teisalt tema eriilmeline, peaaegu unen\u00e4oline graafika. Tehnikana kasutas ta tookord uudset linooll\u00f5iget. 1930. aastatel ilmus temalt veel kaks graafikamappi, peamiselt loodusvaadetega. Hilisemal ajal loob ta ka detailirikkaid ning suures formaadis sulejoonistusi.<\/span><\/p>\n<p style=\"text-align: justify;\">Meeleolukas akvarell noorest lootustandvast kirjanikuh\u00e4rrast on maalitud ilmselt 1920. aastate keskel. Portree kinkis Anule tema vennanaine Aino Pervik p\u00e4rast Eno Raua surma. Eno Raud oli Anu Raua poolvend, tema isa ja ema (Mart ja Lea) lahutasid 1940. aastal ning Eno kasvas oma ema Lea Nurkse peres.<\/p>\n<p style=\"text-align: justify;\">Kogu p\u00e4rliks ja ainsaks skulptuuriks on aga Ferdi Sannamehe Mart Raua portree.<\/p>\n<div id=\"attachment_16352\" style=\"width: 810px\" class=\"wp-caption aligncenter\"><a href=\"https:\/\/blog.erm.ee\/wp-content\/uploads\/2023\/05\/Sannamees.jpg\"><img loading=\"lazy\" decoding=\"async\" aria-describedby=\"caption-attachment-16352\" data-attachment-id=\"16352\" data-permalink=\"https:\/\/blog.erm.ee\/?attachment_id=16352#main\" data-orig-file=\"https:\/\/blog.erm.ee\/wp-content\/uploads\/2023\/05\/Sannamees.jpg\" data-orig-size=\"800,1200\" data-comments-opened=\"1\" data-image-meta=\"{&quot;aperture&quot;:&quot;16&quot;,&quot;credit&quot;:&quot;&quot;,&quot;camera&quot;:&quot;Canon EOS-1D X Mark II&quot;,&quot;caption&quot;:&quot;&quot;,&quot;created_timestamp&quot;:&quot;1683875458&quot;,&quot;copyright&quot;:&quot;&quot;,&quot;focal_length&quot;:&quot;64&quot;,&quot;iso&quot;:&quot;100&quot;,&quot;shutter_speed&quot;:&quot;0.008&quot;,&quot;title&quot;:&quot;&quot;,&quot;orientation&quot;:&quot;1&quot;}\" data-image-title=\"Sannamees\" data-image-description=\"\" data-image-caption=\"\" data-large-file=\"https:\/\/blog.erm.ee\/wp-content\/uploads\/2023\/05\/Sannamees-683x1024.jpg\" class=\"wp-image-16352 size-full\" src=\"https:\/\/blog.erm.ee\/wp-content\/uploads\/2023\/05\/Sannamees.jpg\" alt=\"\" width=\"800\" height=\"1200\" srcset=\"https:\/\/blog.erm.ee\/wp-content\/uploads\/2023\/05\/Sannamees.jpg 800w, https:\/\/blog.erm.ee\/wp-content\/uploads\/2023\/05\/Sannamees-200x300.jpg 200w, https:\/\/blog.erm.ee\/wp-content\/uploads\/2023\/05\/Sannamees-683x1024.jpg 683w, https:\/\/blog.erm.ee\/wp-content\/uploads\/2023\/05\/Sannamees-173x260.jpg 173w, https:\/\/blog.erm.ee\/wp-content\/uploads\/2023\/05\/Sannamees-768x1152.jpg 768w\" sizes=\"auto, (max-width: 800px) 100vw, 800px\" \/><\/a><p id=\"caption-attachment-16352\" class=\"wp-caption-text\">Ferdi Sannamees (1895\u20131963) Mart Raud. 1924. Pronks<\/p><\/div>\n<p style=\"text-align: justify;\"><span style=\"font-size: 13px;\">Ferdi (Ferdinand) Sannamees s\u00fcndis Tartumaal Otep\u00e4\u00e4 kihelkonnas taluniku peres. P\u00e4rast kohustuslikku s\u00f5jav\u00e4eteenistust, Eesti kaitsev\u00e4kke mobiliseerituna astus ta esimeste \u00f5pilaste seas 1919. aastal Pallasesse, kus \u00f5ppis nii maali, graafikat kui ka skulptuuri. 1920. aastal l\u00e4ks ta skulptuuriateljeesse Anton Starkopfi \u00f5pilaseks. 1925. aastal sai temast aga Jaan Koorti j\u00e4rglasena Riigi Kunstt\u00f6\u00f6stuskooli \u00f5ppej\u00f5ud. T\u00e4iendas ennast Pariisis. Sannamehe eelistatumaks \u017eanriks oli portree. Tuntumad varasemad t\u00f6\u00f6d on \u201eReaali poiss\u201c, Tammsaare m\u00e4lestusm\u00e4rk Albus ning Tartu Athena kino skulptuurkaunistused. S\u00f5ja ajal oli ta evakueeritud Moskvasse. Aastatel 1944\u201350 tegutses ta Tallinna Riikliku Tarbekunsti Instituudi \u00f5ppej\u00f5una ja alates 1950. aastast vabakunstnikuna.<\/span><\/p>\n<p style=\"text-align: justify;\">Mart Raua portreega l\u00f5petas Sannamees Pallase. Ilmselt meeldis talle noormehe t\u00fcpaa\u017e. Anu m\u00e4letamist m\u00f6\u00f6da oli kunstnik suur jutuvestja.<\/p>\n<p style=\"text-align: justify;\">Perekondlik p\u00e4rl on ka Anu emapoolse vanaema portree.<\/p>\n<div id=\"attachment_16353\" style=\"width: 1033px\" class=\"wp-caption aligncenter\"><a href=\"https:\/\/blog.erm.ee\/wp-content\/uploads\/2023\/05\/Tundmatu.jpg\"><img loading=\"lazy\" decoding=\"async\" aria-describedby=\"caption-attachment-16353\" data-attachment-id=\"16353\" data-permalink=\"https:\/\/blog.erm.ee\/?attachment_id=16353#main\" data-orig-file=\"https:\/\/blog.erm.ee\/wp-content\/uploads\/2023\/05\/Tundmatu.jpg\" data-orig-size=\"1023,1200\" data-comments-opened=\"1\" data-image-meta=\"{&quot;aperture&quot;:&quot;9&quot;,&quot;credit&quot;:&quot;&quot;,&quot;camera&quot;:&quot;NIKON D850&quot;,&quot;caption&quot;:&quot;&quot;,&quot;created_timestamp&quot;:&quot;1679986129&quot;,&quot;copyright&quot;:&quot;&quot;,&quot;focal_length&quot;:&quot;66&quot;,&quot;iso&quot;:&quot;100&quot;,&quot;shutter_speed&quot;:&quot;0.008&quot;,&quot;title&quot;:&quot;&quot;,&quot;orientation&quot;:&quot;1&quot;}\" data-image-title=\"Tundmatu\" data-image-description=\"\" data-image-caption=\"\" data-large-file=\"https:\/\/blog.erm.ee\/wp-content\/uploads\/2023\/05\/Tundmatu-873x1024.jpg\" class=\"wp-image-16353 size-full\" src=\"https:\/\/blog.erm.ee\/wp-content\/uploads\/2023\/05\/Tundmatu.jpg\" alt=\"\" width=\"1023\" height=\"1200\" srcset=\"https:\/\/blog.erm.ee\/wp-content\/uploads\/2023\/05\/Tundmatu.jpg 1023w, https:\/\/blog.erm.ee\/wp-content\/uploads\/2023\/05\/Tundmatu-256x300.jpg 256w, https:\/\/blog.erm.ee\/wp-content\/uploads\/2023\/05\/Tundmatu-873x1024.jpg 873w, https:\/\/blog.erm.ee\/wp-content\/uploads\/2023\/05\/Tundmatu-222x260.jpg 222w, https:\/\/blog.erm.ee\/wp-content\/uploads\/2023\/05\/Tundmatu-768x901.jpg 768w\" sizes=\"auto, (max-width: 1023px) 100vw, 1023px\" \/><\/a><p id=\"caption-attachment-16353\" class=\"wp-caption-text\">Tundmatu kunstnik. Eliisabet Aaviste. 20 sajandi algus. \u00d5li, l\u00f5uend<\/p><\/div>\n<p style=\"text-align: justify;\">Eliisabet (Kamberg) Aaviste (1899\u20131974) portree on maalitud Peterburis, ent kunstnikku kahjuks ei teata. Eliisabet abiellus 1917. aastal l\u00e4tlasest s\u00f5jav\u00e4elase Voldemar-Attis Avotsisega, 1920 s\u00fcndis Anu ema Hedvig\/Valda. 1936. aastal eestindasid nad oma nime Aavisteks. Anu vanaisa oli elukutseline s\u00f5jav\u00e4elane, kes edutati 1939. aastal kolonelleitnandiks. Ta arreteeriti 27. juunil 1941 ja lasti maha sama aasta 14. detsembril Venemaal Kirovi linna vanglas nr 1. Vanaema elas elu l\u00f5puni Raudade peres Vaarika t\u00e4naval.<\/p>\n<p style=\"text-align: justify;\">Palju t\u00f6id on Anule kinkinud lapsep\u00f5lves\u00f5brad ja \u00f5pingukaaslased kunstiinstituudist. Ilmselt ei ole kuskil muuseumis noore Jaan Kl\u00f5\u0161eiko maali v\u00f5i J\u00fcri Arraku 1964. aastast p\u00e4rit soosterlikku \u00f5nnitluskaarti. V\u00e4ga v\u00f5luvad on verinoorte Aet Maasiku ja Aarne Mesik\u00e4pa akvarellid. Anule on v\u00e4ga kallid \u00f5petaja Leila P\u00e4rtelpoja K\u00e4\u00e4riku talu sisevaated.<\/p>\n<div id=\"attachment_16354\" style=\"width: 1210px\" class=\"wp-caption aligncenter\"><a href=\"https:\/\/blog.erm.ee\/wp-content\/uploads\/2023\/05\/Arrak.jpg\"><img loading=\"lazy\" decoding=\"async\" aria-describedby=\"caption-attachment-16354\" data-attachment-id=\"16354\" data-permalink=\"https:\/\/blog.erm.ee\/?attachment_id=16354#main\" data-orig-file=\"https:\/\/blog.erm.ee\/wp-content\/uploads\/2023\/05\/Arrak.jpg\" data-orig-size=\"1200,1080\" data-comments-opened=\"1\" data-image-meta=\"{&quot;aperture&quot;:&quot;9&quot;,&quot;credit&quot;:&quot;&quot;,&quot;camera&quot;:&quot;NIKON D850&quot;,&quot;caption&quot;:&quot;&quot;,&quot;created_timestamp&quot;:&quot;1679994750&quot;,&quot;copyright&quot;:&quot;&quot;,&quot;focal_length&quot;:&quot;105&quot;,&quot;iso&quot;:&quot;100&quot;,&quot;shutter_speed&quot;:&quot;0.008&quot;,&quot;title&quot;:&quot;&quot;,&quot;orientation&quot;:&quot;1&quot;}\" data-image-title=\"Arrak\" data-image-description=\"\" data-image-caption=\"\" data-large-file=\"https:\/\/blog.erm.ee\/wp-content\/uploads\/2023\/05\/Arrak-1024x922.jpg\" class=\"wp-image-16354 size-full\" src=\"https:\/\/blog.erm.ee\/wp-content\/uploads\/2023\/05\/Arrak.jpg\" alt=\"\" width=\"1200\" height=\"1080\" srcset=\"https:\/\/blog.erm.ee\/wp-content\/uploads\/2023\/05\/Arrak.jpg 1200w, https:\/\/blog.erm.ee\/wp-content\/uploads\/2023\/05\/Arrak-300x270.jpg 300w, https:\/\/blog.erm.ee\/wp-content\/uploads\/2023\/05\/Arrak-1024x922.jpg 1024w, https:\/\/blog.erm.ee\/wp-content\/uploads\/2023\/05\/Arrak-289x260.jpg 289w, https:\/\/blog.erm.ee\/wp-content\/uploads\/2023\/05\/Arrak-768x691.jpg 768w\" sizes=\"auto, (max-width: 1200px) 100vw, 1200px\" \/><\/a><p id=\"caption-attachment-16354\" class=\"wp-caption-text\">J\u00fcri Arrak (1936\u20132022) Maastik p\u00f5ues. 1964. Tint ja v\u00e4rviline tint, papp<\/p><\/div>\n<div id=\"attachment_16355\" style=\"width: 1210px\" class=\"wp-caption aligncenter\"><a href=\"https:\/\/blog.erm.ee\/wp-content\/uploads\/2023\/05\/Mesikapp.jpg\"><img loading=\"lazy\" decoding=\"async\" aria-describedby=\"caption-attachment-16355\" data-attachment-id=\"16355\" data-permalink=\"https:\/\/blog.erm.ee\/?attachment_id=16355#main\" data-orig-file=\"https:\/\/blog.erm.ee\/wp-content\/uploads\/2023\/05\/Mesikapp.jpg\" data-orig-size=\"1200,837\" data-comments-opened=\"1\" data-image-meta=\"{&quot;aperture&quot;:&quot;9&quot;,&quot;credit&quot;:&quot;&quot;,&quot;camera&quot;:&quot;NIKON D850&quot;,&quot;caption&quot;:&quot;&quot;,&quot;created_timestamp&quot;:&quot;1679994708&quot;,&quot;copyright&quot;:&quot;&quot;,&quot;focal_length&quot;:&quot;105&quot;,&quot;iso&quot;:&quot;100&quot;,&quot;shutter_speed&quot;:&quot;0.008&quot;,&quot;title&quot;:&quot;&quot;,&quot;orientation&quot;:&quot;1&quot;}\" data-image-title=\"Mesik\u00e4pp\" data-image-description=\"\" data-image-caption=\"\" data-large-file=\"https:\/\/blog.erm.ee\/wp-content\/uploads\/2023\/05\/Mesikapp-1024x714.jpg\" class=\"wp-image-16355 size-full\" src=\"https:\/\/blog.erm.ee\/wp-content\/uploads\/2023\/05\/Mesikapp.jpg\" alt=\"\" width=\"1200\" height=\"837\" srcset=\"https:\/\/blog.erm.ee\/wp-content\/uploads\/2023\/05\/Mesikapp.jpg 1200w, https:\/\/blog.erm.ee\/wp-content\/uploads\/2023\/05\/Mesikapp-300x209.jpg 300w, https:\/\/blog.erm.ee\/wp-content\/uploads\/2023\/05\/Mesikapp-1024x714.jpg 1024w, https:\/\/blog.erm.ee\/wp-content\/uploads\/2023\/05\/Mesikapp-373x260.jpg 373w, https:\/\/blog.erm.ee\/wp-content\/uploads\/2023\/05\/Mesikapp-768x536.jpg 768w\" sizes=\"auto, (max-width: 1200px) 100vw, 1200px\" \/><\/a><p id=\"caption-attachment-16355\" class=\"wp-caption-text\">Aarne Mesik\u00e4pp. Heimtali veski. 1965. Akvarell, paber<\/p><\/div>\n<p style=\"text-align: justify;\">Aarne Mesik\u00e4pp s\u00fcndis Hageri vallas taluniku perekonnas. 1955\u201360 \u00f5ppis ta Tartu Kunstikoolis teatridekoratsiooni ja 1960\u201366 ERKIs graafikat. Alates 1967. aastast on ta olnud kunstiinstituudi \u00f5ppej\u00f5ud ning graafikakateedri juhataja. Ta on kujundanud palju kunstiraamatuid ja teinud ka vabagraafikat.<\/p>\n<p style=\"text-align: justify;\">K\u00e4\u00e4riku tallu sattus ta juba Tartu Kunstikooli praktika ajal, aga ka kunstiinstituudi raames. Aarne loodud akvarelli ostis Mart Raud \u00e4ra, sest see kujutas tema lapsep\u00f5lvekodu. Kunstnik olnud oma (oletatavasti) esimese honorari \u00fcle nii \u00f5nnelik, et roninud K\u00e4\u00e4riku talu katusele ja h\u00f5isanud sealt \u00fcle terve metsa.<\/p>\n<p style=\"text-align: justify;\"><em>Anu Raua 80 aasta juubelile p\u00fchendatud kunstikogu n\u00e4itust saab ERMi B-fuajees vaadata kuni 13. juulini. N\u00e4ituse on koostanud Reet Mark. Juuni l\u00f5pus on oodata ka kataloogi.<\/em><\/p>\n<p style=\"text-align: justify;\">\n<div class=\"fcbkbttn_buttons_block\" id=\"fcbkbttn_left\"><div class=\"fcbkbttn_like \"><fb:like href=\"https:\/\/blog.erm.ee\/?p=16343\" action=\"like\" colorscheme=\"light\" layout=\"standard\"  width=\"225px\" size=\"small\"><\/fb:like><\/div><div class=\"fb-share-button  \" data-href=\"https:\/\/blog.erm.ee\/?p=16343\" data-type=\"button\" data-size=\"small\"><\/div><\/div>","protected":false},"excerpt":{"rendered":"<p>Reet Mark, n\u00e4ituste peaprodutsent. \u201eNad on mu silma ees varasest lapsep\u00f5lvest alates t\u00e4nase p\u00e4evani. Nad on rikkalikud ja r\u00f5\u00f5msad v\u00e4rvilaigud seintel. Nad on \u00f5htuvalguses isemoodi, hommikuvalguses hoopis teised. Nad on r\u00f5\u00f5msamad selge ilmaga ja sordiini all sombusel p\u00e4eval. Nad on seltsilised ja saatjad, kindel osa kodust.\u201c Nii kirjutab Anu Raud piltidest, mis asuvad tema kodus&hellip;<\/p>\n","protected":false},"author":1,"featured_media":16348,"comment_status":"open","ping_status":"open","sticky":false,"template":"","format":"standard","meta":{"_monsterinsights_skip_tracking":false,"_monsterinsights_sitenote_active":false,"_monsterinsights_sitenote_note":"","_monsterinsights_sitenote_category":0,"jetpack_post_was_ever_published":false,"_jetpack_newsletter_access":"","_jetpack_dont_email_post_to_subs":false,"_jetpack_newsletter_tier_id":0,"_jetpack_memberships_contains_paywalled_content":false,"_jetpack_memberships_contains_paid_content":false,"footnotes":""},"categories":[1,7,19,17],"tags":[],"class_list":["post-16343","post","type-post","status-publish","format-standard","has-post-thumbnail","hentry","category-maaratlemata","category-naitus","category-sundmus","category-uus-maja"],"yoast_head":"<!-- This site is optimized with the Yoast SEO plugin v27.5 - https:\/\/yoast.com\/product\/yoast-seo-wordpress\/ -->\n<title>Pere pildid. Perekond Raua kunstikogu n\u00e4itus ERMi B-fuajees - Eesti Rahva Muuseumi ajaveeb<\/title>\n<meta name=\"robots\" content=\"index, follow, max-snippet:-1, max-image-preview:large, max-video-preview:-1\" \/>\n<link rel=\"canonical\" href=\"https:\/\/blog.erm.ee\/?p=16343\" \/>\n<meta property=\"og:locale\" content=\"et_EE\" \/>\n<meta property=\"og:type\" content=\"article\" \/>\n<meta property=\"og:title\" content=\"Pere pildid. Perekond Raua kunstikogu n\u00e4itus ERMi B-fuajees - Eesti Rahva Muuseumi ajaveeb\" \/>\n<meta property=\"og:description\" content=\"Reet Mark, n\u00e4ituste peaprodutsent. \u201eNad on mu silma ees varasest lapsep\u00f5lvest alates t\u00e4nase p\u00e4evani. Nad on rikkalikud ja r\u00f5\u00f5msad v\u00e4rvilaigud seintel. Nad on \u00f5htuvalguses isemoodi, hommikuvalguses hoopis teised. Nad on r\u00f5\u00f5msamad selge ilmaga ja sordiini all sombusel p\u00e4eval. Nad on seltsilised ja saatjad, kindel osa kodust.\u201c Nii kirjutab Anu Raud piltidest, mis asuvad tema kodus&hellip;\" \/>\n<meta property=\"og:url\" content=\"https:\/\/blog.erm.ee\/?p=16343\" \/>\n<meta property=\"og:site_name\" content=\"Eesti Rahva Muuseumi ajaveeb\" \/>\n<meta property=\"article:published_time\" content=\"2023-05-18T08:00:50+00:00\" \/>\n<meta property=\"og:image\" content=\"https:\/\/blog.erm.ee\/wp-content\/uploads\/2023\/05\/Mudist-e1684339449861.jpg\" \/>\n\t<meta property=\"og:image:width\" content=\"1200\" \/>\n\t<meta property=\"og:image:height\" content=\"726\" \/>\n\t<meta property=\"og:image:type\" content=\"image\/jpeg\" \/>\n<meta name=\"author\" content=\"Eesti Rahva Muuseum\" \/>\n<meta name=\"twitter:card\" content=\"summary_large_image\" \/>\n<meta name=\"twitter:label1\" content=\"Written by\" \/>\n\t<meta name=\"twitter:data1\" content=\"Eesti Rahva Muuseum\" \/>\n\t<meta name=\"twitter:label2\" content=\"Est. reading time\" \/>\n\t<meta name=\"twitter:data2\" content=\"7 minutit\" \/>\n<script type=\"application\/ld+json\" class=\"yoast-schema-graph\">{\"@context\":\"https:\\\/\\\/schema.org\",\"@graph\":[{\"@type\":\"Article\",\"@id\":\"https:\\\/\\\/blog.erm.ee\\\/?p=16343#article\",\"isPartOf\":{\"@id\":\"https:\\\/\\\/blog.erm.ee\\\/?p=16343\"},\"author\":{\"name\":\"Eesti Rahva Muuseum\",\"@id\":\"https:\\\/\\\/blog.erm.ee\\\/#\\\/schema\\\/person\\\/6e98c391cb00a33e7c22a3571e062114\"},\"headline\":\"Pere pildid. Perekond Raua kunstikogu n\u00e4itus ERMi B-fuajees\",\"datePublished\":\"2023-05-18T08:00:50+00:00\",\"mainEntityOfPage\":{\"@id\":\"https:\\\/\\\/blog.erm.ee\\\/?p=16343\"},\"wordCount\":1341,\"commentCount\":0,\"image\":{\"@id\":\"https:\\\/\\\/blog.erm.ee\\\/?p=16343#primaryimage\"},\"thumbnailUrl\":\"https:\\\/\\\/blog.erm.ee\\\/wp-content\\\/uploads\\\/2023\\\/05\\\/Mudist-e1684339449861.jpg\",\"articleSection\":{\"1\":\"N\u00e4itus\",\"2\":\"S\u00fcndmus\",\"3\":\"Uus maja\"},\"inLanguage\":\"et\",\"potentialAction\":[{\"@type\":\"CommentAction\",\"name\":\"Comment\",\"target\":[\"https:\\\/\\\/blog.erm.ee\\\/?p=16343#respond\"]}]},{\"@type\":\"WebPage\",\"@id\":\"https:\\\/\\\/blog.erm.ee\\\/?p=16343\",\"url\":\"https:\\\/\\\/blog.erm.ee\\\/?p=16343\",\"name\":\"Pere pildid. Perekond Raua kunstikogu n\u00e4itus ERMi B-fuajees - Eesti Rahva Muuseumi ajaveeb\",\"isPartOf\":{\"@id\":\"https:\\\/\\\/blog.erm.ee\\\/#website\"},\"primaryImageOfPage\":{\"@id\":\"https:\\\/\\\/blog.erm.ee\\\/?p=16343#primaryimage\"},\"image\":{\"@id\":\"https:\\\/\\\/blog.erm.ee\\\/?p=16343#primaryimage\"},\"thumbnailUrl\":\"https:\\\/\\\/blog.erm.ee\\\/wp-content\\\/uploads\\\/2023\\\/05\\\/Mudist-e1684339449861.jpg\",\"datePublished\":\"2023-05-18T08:00:50+00:00\",\"author\":{\"@id\":\"https:\\\/\\\/blog.erm.ee\\\/#\\\/schema\\\/person\\\/6e98c391cb00a33e7c22a3571e062114\"},\"breadcrumb\":{\"@id\":\"https:\\\/\\\/blog.erm.ee\\\/?p=16343#breadcrumb\"},\"inLanguage\":\"et\",\"potentialAction\":[{\"@type\":\"ReadAction\",\"target\":[\"https:\\\/\\\/blog.erm.ee\\\/?p=16343\"]}]},{\"@type\":\"ImageObject\",\"inLanguage\":\"et\",\"@id\":\"https:\\\/\\\/blog.erm.ee\\\/?p=16343#primaryimage\",\"url\":\"https:\\\/\\\/blog.erm.ee\\\/wp-content\\\/uploads\\\/2023\\\/05\\\/Mudist-e1684339449861.jpg\",\"contentUrl\":\"https:\\\/\\\/blog.erm.ee\\\/wp-content\\\/uploads\\\/2023\\\/05\\\/Mudist-e1684339449861.jpg\",\"width\":1200,\"height\":726},{\"@type\":\"BreadcrumbList\",\"@id\":\"https:\\\/\\\/blog.erm.ee\\\/?p=16343#breadcrumb\",\"itemListElement\":[{\"@type\":\"ListItem\",\"position\":1,\"name\":\"Home\",\"item\":\"https:\\\/\\\/blog.erm.ee\\\/\"},{\"@type\":\"ListItem\",\"position\":2,\"name\":\"Pere pildid. Perekond Raua kunstikogu n\u00e4itus ERMi B-fuajees\"}]},{\"@type\":\"WebSite\",\"@id\":\"https:\\\/\\\/blog.erm.ee\\\/#website\",\"url\":\"https:\\\/\\\/blog.erm.ee\\\/\",\"name\":\"Eesti Rahva Muuseumi ajaveeb\",\"description\":\"\",\"potentialAction\":[{\"@type\":\"SearchAction\",\"target\":{\"@type\":\"EntryPoint\",\"urlTemplate\":\"https:\\\/\\\/blog.erm.ee\\\/?s={search_term_string}\"},\"query-input\":{\"@type\":\"PropertyValueSpecification\",\"valueRequired\":true,\"valueName\":\"search_term_string\"}}],\"inLanguage\":\"et\"},{\"@type\":\"Person\",\"@id\":\"https:\\\/\\\/blog.erm.ee\\\/#\\\/schema\\\/person\\\/6e98c391cb00a33e7c22a3571e062114\",\"name\":\"Eesti Rahva Muuseum\",\"image\":{\"@type\":\"ImageObject\",\"inLanguage\":\"et\",\"@id\":\"https:\\\/\\\/secure.gravatar.com\\\/avatar\\\/cb6d9ad5fb49f3f7315028ce5fe60641075f2cb52b8a058ff5a985fa2d8c1da0?s=96&d=mm&r=g\",\"url\":\"https:\\\/\\\/secure.gravatar.com\\\/avatar\\\/cb6d9ad5fb49f3f7315028ce5fe60641075f2cb52b8a058ff5a985fa2d8c1da0?s=96&d=mm&r=g\",\"contentUrl\":\"https:\\\/\\\/secure.gravatar.com\\\/avatar\\\/cb6d9ad5fb49f3f7315028ce5fe60641075f2cb52b8a058ff5a985fa2d8c1da0?s=96&d=mm&r=g\",\"caption\":\"Eesti Rahva Muuseum\"},\"sameAs\":[\"http:\\\/\\\/www.erm.ee\"],\"url\":\"https:\\\/\\\/blog.erm.ee\\\/?author=1\"}]}<\/script>\n<!-- \/ Yoast SEO plugin. -->","yoast_head_json":{"title":"Pere pildid. Perekond Raua kunstikogu n\u00e4itus ERMi B-fuajees - Eesti Rahva Muuseumi ajaveeb","robots":{"index":"index","follow":"follow","max-snippet":"max-snippet:-1","max-image-preview":"max-image-preview:large","max-video-preview":"max-video-preview:-1"},"canonical":"https:\/\/blog.erm.ee\/?p=16343","og_locale":"et_EE","og_type":"article","og_title":"Pere pildid. Perekond Raua kunstikogu n\u00e4itus ERMi B-fuajees - Eesti Rahva Muuseumi ajaveeb","og_description":"Reet Mark, n\u00e4ituste peaprodutsent. \u201eNad on mu silma ees varasest lapsep\u00f5lvest alates t\u00e4nase p\u00e4evani. Nad on rikkalikud ja r\u00f5\u00f5msad v\u00e4rvilaigud seintel. Nad on \u00f5htuvalguses isemoodi, hommikuvalguses hoopis teised. Nad on r\u00f5\u00f5msamad selge ilmaga ja sordiini all sombusel p\u00e4eval. Nad on seltsilised ja saatjad, kindel osa kodust.\u201c Nii kirjutab Anu Raud piltidest, mis asuvad tema kodus&hellip;","og_url":"https:\/\/blog.erm.ee\/?p=16343","og_site_name":"Eesti Rahva Muuseumi ajaveeb","article_published_time":"2023-05-18T08:00:50+00:00","og_image":[{"width":1200,"height":726,"url":"https:\/\/blog.erm.ee\/wp-content\/uploads\/2023\/05\/Mudist-e1684339449861.jpg","type":"image\/jpeg"}],"author":"Eesti Rahva Muuseum","twitter_card":"summary_large_image","twitter_misc":{"Written by":"Eesti Rahva Muuseum","Est. reading time":"7 minutit"},"schema":{"@context":"https:\/\/schema.org","@graph":[{"@type":"Article","@id":"https:\/\/blog.erm.ee\/?p=16343#article","isPartOf":{"@id":"https:\/\/blog.erm.ee\/?p=16343"},"author":{"name":"Eesti Rahva Muuseum","@id":"https:\/\/blog.erm.ee\/#\/schema\/person\/6e98c391cb00a33e7c22a3571e062114"},"headline":"Pere pildid. Perekond Raua kunstikogu n\u00e4itus ERMi B-fuajees","datePublished":"2023-05-18T08:00:50+00:00","mainEntityOfPage":{"@id":"https:\/\/blog.erm.ee\/?p=16343"},"wordCount":1341,"commentCount":0,"image":{"@id":"https:\/\/blog.erm.ee\/?p=16343#primaryimage"},"thumbnailUrl":"https:\/\/blog.erm.ee\/wp-content\/uploads\/2023\/05\/Mudist-e1684339449861.jpg","articleSection":{"1":"N\u00e4itus","2":"S\u00fcndmus","3":"Uus maja"},"inLanguage":"et","potentialAction":[{"@type":"CommentAction","name":"Comment","target":["https:\/\/blog.erm.ee\/?p=16343#respond"]}]},{"@type":"WebPage","@id":"https:\/\/blog.erm.ee\/?p=16343","url":"https:\/\/blog.erm.ee\/?p=16343","name":"Pere pildid. Perekond Raua kunstikogu n\u00e4itus ERMi B-fuajees - Eesti Rahva Muuseumi ajaveeb","isPartOf":{"@id":"https:\/\/blog.erm.ee\/#website"},"primaryImageOfPage":{"@id":"https:\/\/blog.erm.ee\/?p=16343#primaryimage"},"image":{"@id":"https:\/\/blog.erm.ee\/?p=16343#primaryimage"},"thumbnailUrl":"https:\/\/blog.erm.ee\/wp-content\/uploads\/2023\/05\/Mudist-e1684339449861.jpg","datePublished":"2023-05-18T08:00:50+00:00","author":{"@id":"https:\/\/blog.erm.ee\/#\/schema\/person\/6e98c391cb00a33e7c22a3571e062114"},"breadcrumb":{"@id":"https:\/\/blog.erm.ee\/?p=16343#breadcrumb"},"inLanguage":"et","potentialAction":[{"@type":"ReadAction","target":["https:\/\/blog.erm.ee\/?p=16343"]}]},{"@type":"ImageObject","inLanguage":"et","@id":"https:\/\/blog.erm.ee\/?p=16343#primaryimage","url":"https:\/\/blog.erm.ee\/wp-content\/uploads\/2023\/05\/Mudist-e1684339449861.jpg","contentUrl":"https:\/\/blog.erm.ee\/wp-content\/uploads\/2023\/05\/Mudist-e1684339449861.jpg","width":1200,"height":726},{"@type":"BreadcrumbList","@id":"https:\/\/blog.erm.ee\/?p=16343#breadcrumb","itemListElement":[{"@type":"ListItem","position":1,"name":"Home","item":"https:\/\/blog.erm.ee\/"},{"@type":"ListItem","position":2,"name":"Pere pildid. Perekond Raua kunstikogu n\u00e4itus ERMi B-fuajees"}]},{"@type":"WebSite","@id":"https:\/\/blog.erm.ee\/#website","url":"https:\/\/blog.erm.ee\/","name":"Eesti Rahva Muuseumi ajaveeb","description":"","potentialAction":[{"@type":"SearchAction","target":{"@type":"EntryPoint","urlTemplate":"https:\/\/blog.erm.ee\/?s={search_term_string}"},"query-input":{"@type":"PropertyValueSpecification","valueRequired":true,"valueName":"search_term_string"}}],"inLanguage":"et"},{"@type":"Person","@id":"https:\/\/blog.erm.ee\/#\/schema\/person\/6e98c391cb00a33e7c22a3571e062114","name":"Eesti Rahva Muuseum","image":{"@type":"ImageObject","inLanguage":"et","@id":"https:\/\/secure.gravatar.com\/avatar\/cb6d9ad5fb49f3f7315028ce5fe60641075f2cb52b8a058ff5a985fa2d8c1da0?s=96&d=mm&r=g","url":"https:\/\/secure.gravatar.com\/avatar\/cb6d9ad5fb49f3f7315028ce5fe60641075f2cb52b8a058ff5a985fa2d8c1da0?s=96&d=mm&r=g","contentUrl":"https:\/\/secure.gravatar.com\/avatar\/cb6d9ad5fb49f3f7315028ce5fe60641075f2cb52b8a058ff5a985fa2d8c1da0?s=96&d=mm&r=g","caption":"Eesti Rahva Muuseum"},"sameAs":["http:\/\/www.erm.ee"],"url":"https:\/\/blog.erm.ee\/?author=1"}]}},"jetpack_featured_media_url":"https:\/\/blog.erm.ee\/wp-content\/uploads\/2023\/05\/Mudist-e1684339449861.jpg","jetpack_shortlink":"https:\/\/wp.me\/p2l9Zd-4fB","jetpack_sharing_enabled":true,"jetpack_likes_enabled":true,"_links":{"self":[{"href":"https:\/\/blog.erm.ee\/index.php?rest_route=\/wp\/v2\/posts\/16343","targetHints":{"allow":["GET"]}}],"collection":[{"href":"https:\/\/blog.erm.ee\/index.php?rest_route=\/wp\/v2\/posts"}],"about":[{"href":"https:\/\/blog.erm.ee\/index.php?rest_route=\/wp\/v2\/types\/post"}],"author":[{"embeddable":true,"href":"https:\/\/blog.erm.ee\/index.php?rest_route=\/wp\/v2\/users\/1"}],"replies":[{"embeddable":true,"href":"https:\/\/blog.erm.ee\/index.php?rest_route=%2Fwp%2Fv2%2Fcomments&post=16343"}],"version-history":[{"count":5,"href":"https:\/\/blog.erm.ee\/index.php?rest_route=\/wp\/v2\/posts\/16343\/revisions"}],"predecessor-version":[{"id":16357,"href":"https:\/\/blog.erm.ee\/index.php?rest_route=\/wp\/v2\/posts\/16343\/revisions\/16357"}],"wp:featuredmedia":[{"embeddable":true,"href":"https:\/\/blog.erm.ee\/index.php?rest_route=\/wp\/v2\/media\/16348"}],"wp:attachment":[{"href":"https:\/\/blog.erm.ee\/index.php?rest_route=%2Fwp%2Fv2%2Fmedia&parent=16343"}],"wp:term":[{"taxonomy":"category","embeddable":true,"href":"https:\/\/blog.erm.ee\/index.php?rest_route=%2Fwp%2Fv2%2Fcategories&post=16343"},{"taxonomy":"post_tag","embeddable":true,"href":"https:\/\/blog.erm.ee\/index.php?rest_route=%2Fwp%2Fv2%2Ftags&post=16343"}],"curies":[{"name":"wp","href":"https:\/\/api.w.org\/{rel}","templated":true}]}}