{"id":16260,"date":"2023-05-04T11:00:10","date_gmt":"2023-05-04T08:00:10","guid":{"rendered":"https:\/\/blog.erm.ee\/?p=16260"},"modified":"2023-05-04T13:31:14","modified_gmt":"2023-05-04T10:31:14","slug":"kuninganna-silvia-eesti-rahva-muuseumis","status":"publish","type":"post","link":"https:\/\/blog.erm.ee\/?p=16260","title":{"rendered":"Kuninganna Silvia Eesti Rahva Muuseumis"},"content":{"rendered":"<div class=\"fcbkbttn_buttons_block\" id=\"fcbkbttn_left\"><div class=\"fcbkbttn_like \"><fb:like href=\"https:\/\/blog.erm.ee\/?p=16260\" action=\"like\" colorscheme=\"light\" layout=\"standard\"  width=\"225px\" size=\"small\"><\/fb:like><\/div><div class=\"fb-share-button  \" data-href=\"https:\/\/blog.erm.ee\/?p=16260\" data-type=\"button\" data-size=\"small\"><\/div><\/div><p style=\"text-align: justify;\">Reet Piiri, kuraator.<\/p>\n<p style=\"text-align: justify;\">Aasta oli 1992, kui Eesti Rahva Muuseumit k\u00fclastas Rootsi kuninganna Silvia.<\/p>\n<p style=\"text-align: justify;\">ERM oli selleks ajas k\u00fcll oma nime tagasi saanud, kuid uus maja oli siis veel helesinine unistus&#8230; tegelikult polnud veel n\u00e4itusemajagi. Aga vaatamata kitsastele oludele v\u00f5tsime kuninganna ja tema kaaskonna vastu nii pidulikult ja v\u00e4\u00e4rikalt, kui me sel ajal oskasime.<\/p>\n<p style=\"text-align: justify;\">Tekstiilirestauraatorid eesotsas Laili Kuusmaga punusid kevadlilledest Rootsi lipuv\u00e4rvides vaniku, mis kaunistas v\u00e4lisust ja trepimadet. Kuhu aga panna kuninganna Silvia ja proua Ingrid R\u00fc\u00fctli \u00fcler\u00f5ivad? Riidehoidu ju majas ei olnud. \u00dclle J\u00e4e t\u00f5i hoidlast riidenagi ja j\u00e4i ise kasukaid valvama. Pisiasju, millele m\u00f5elda, oli palju. \u00d5hk oli ootus\u00e4revusest pidulik ja samas asjalik.<\/p>\n<p style=\"text-align: justify;\">Ja siis kogunes terve muuseumi kollektiiv kuningannat tervitama. Ametlikku delegatsiooni kuulusid kuninganna Silvia, Eesti Vabariigi \u00fclemn\u00f5ukogu esimehe Arnold R\u00fc\u00fctli abikaasa Ingrid R\u00fc\u00fctel, v\u00e4lisminister Jaan Manitski abikaasa, Rootsi suursaadiku abikaasa ja Rootsi Eesti suursaadiku abikaasa. Kuningannat tervitas prantsuskeelse k\u00f5nega ERMi direktor T\u00f5nis Lukas, Virve Tuubel ulatas kniksu saatel kuningannale lillekimbu ja siis asuti n\u00e4itust vaatama.<\/p>\n<p style=\"text-align: justify;\">ERMi 100-ruutmeetrilises saalis oli parasjagu P\u00e4rnumaa rahvakunsti- ja rahvar\u00f5ivan\u00e4itus. Tutvustasin kuraatorina seda t\u00f5lk Tiina Mullamaa vahendusel ja vastasin kuninganna k\u00fcsimustele. M\u00e4letan, et kuninganna imestas ja imetles T\u00f5stamaa siidtikandiga tanu ja uuris ka Kihnu troi kohta. Samuti m\u00e4letan tema imeilusat fuksiaroosat Chaneli stiilis kost\u00fc\u00fcmi \u2013 ma polnud kunagi varem midagi sellist l\u00e4hedalt n\u00e4inud. Ja muidugi tema sooja k\u00e4epigistust&#8230; K\u00f5ik oli kodune ja s\u00fcdamlik.<\/p>\n<div id=\"attachment_16265\" style=\"width: 1210px\" class=\"wp-caption aligncenter\"><a href=\"https:\/\/blog.erm.ee\/wp-content\/uploads\/2023\/05\/350571_ERM_Fk2974_135_350571.jpg\"><img loading=\"lazy\" decoding=\"async\" aria-describedby=\"caption-attachment-16265\" data-attachment-id=\"16265\" data-permalink=\"https:\/\/blog.erm.ee\/?attachment_id=16265#main\" data-orig-file=\"https:\/\/blog.erm.ee\/wp-content\/uploads\/2023\/05\/350571_ERM_Fk2974_135_350571.jpg\" data-orig-size=\"1200,795\" data-comments-opened=\"1\" data-image-meta=\"{&quot;aperture&quot;:&quot;10&quot;,&quot;credit&quot;:&quot;&quot;,&quot;camera&quot;:&quot;NIKON D600&quot;,&quot;caption&quot;:&quot;&quot;,&quot;created_timestamp&quot;:&quot;1412756095&quot;,&quot;copyright&quot;:&quot;&quot;,&quot;focal_length&quot;:&quot;60&quot;,&quot;iso&quot;:&quot;100&quot;,&quot;shutter_speed&quot;:&quot;0.016666666666667&quot;,&quot;title&quot;:&quot;&quot;,&quot;orientation&quot;:&quot;1&quot;}\" data-image-title=\"350571_ERM_Fk2974_135_350571\" data-image-description=\"\" data-image-caption=\"\" data-large-file=\"https:\/\/blog.erm.ee\/wp-content\/uploads\/2023\/05\/350571_ERM_Fk2974_135_350571-1024x678.jpg\" class=\"wp-image-16265 size-full\" src=\"https:\/\/blog.erm.ee\/wp-content\/uploads\/2023\/05\/350571_ERM_Fk2974_135_350571.jpg\" alt=\"\" width=\"1200\" height=\"795\" srcset=\"https:\/\/blog.erm.ee\/wp-content\/uploads\/2023\/05\/350571_ERM_Fk2974_135_350571.jpg 1200w, https:\/\/blog.erm.ee\/wp-content\/uploads\/2023\/05\/350571_ERM_Fk2974_135_350571-300x199.jpg 300w, https:\/\/blog.erm.ee\/wp-content\/uploads\/2023\/05\/350571_ERM_Fk2974_135_350571-1024x678.jpg 1024w, https:\/\/blog.erm.ee\/wp-content\/uploads\/2023\/05\/350571_ERM_Fk2974_135_350571-392x260.jpg 392w, https:\/\/blog.erm.ee\/wp-content\/uploads\/2023\/05\/350571_ERM_Fk2974_135_350571-768x509.jpg 768w\" sizes=\"auto, (max-width: 1200px) 100vw, 1200px\" \/><\/a><p id=\"caption-attachment-16265\" class=\"wp-caption-text\">Kuninganna Silvia saabub ERMi. On k\u00fcll 23. aprill, aga ootamatult hakkas laia lund sadama. Kuninganna ja tema saatkond liikusid ringi suure bussiga. Veski t\u00e4navale oli kogunenud hulk linnarahvast. Foto: J. Karm<\/p><\/div>\n<div id=\"attachment_16268\" style=\"width: 807px\" class=\"wp-caption aligncenter\"><a href=\"https:\/\/blog.erm.ee\/wp-content\/uploads\/2023\/05\/350578_ERM_Fk2974_142_350578.jpg\"><img loading=\"lazy\" decoding=\"async\" aria-describedby=\"caption-attachment-16268\" data-attachment-id=\"16268\" data-permalink=\"https:\/\/blog.erm.ee\/?attachment_id=16268#main\" data-orig-file=\"https:\/\/blog.erm.ee\/wp-content\/uploads\/2023\/05\/350578_ERM_Fk2974_142_350578.jpg\" data-orig-size=\"797,1200\" data-comments-opened=\"1\" data-image-meta=\"{&quot;aperture&quot;:&quot;10&quot;,&quot;credit&quot;:&quot;&quot;,&quot;camera&quot;:&quot;NIKON D600&quot;,&quot;caption&quot;:&quot;&quot;,&quot;created_timestamp&quot;:&quot;1412756191&quot;,&quot;copyright&quot;:&quot;&quot;,&quot;focal_length&quot;:&quot;60&quot;,&quot;iso&quot;:&quot;100&quot;,&quot;shutter_speed&quot;:&quot;0.016666666666667&quot;,&quot;title&quot;:&quot;&quot;,&quot;orientation&quot;:&quot;1&quot;}\" data-image-title=\"350578_ERM_Fk2974_142_350578\" data-image-description=\"\" data-image-caption=\"\" data-large-file=\"https:\/\/blog.erm.ee\/wp-content\/uploads\/2023\/05\/350578_ERM_Fk2974_142_350578-680x1024.jpg\" class=\"wp-image-16268 size-full\" src=\"https:\/\/blog.erm.ee\/wp-content\/uploads\/2023\/05\/350578_ERM_Fk2974_142_350578.jpg\" alt=\"\" width=\"797\" height=\"1200\" srcset=\"https:\/\/blog.erm.ee\/wp-content\/uploads\/2023\/05\/350578_ERM_Fk2974_142_350578.jpg 797w, https:\/\/blog.erm.ee\/wp-content\/uploads\/2023\/05\/350578_ERM_Fk2974_142_350578-199x300.jpg 199w, https:\/\/blog.erm.ee\/wp-content\/uploads\/2023\/05\/350578_ERM_Fk2974_142_350578-680x1024.jpg 680w, https:\/\/blog.erm.ee\/wp-content\/uploads\/2023\/05\/350578_ERM_Fk2974_142_350578-173x260.jpg 173w, https:\/\/blog.erm.ee\/wp-content\/uploads\/2023\/05\/350578_ERM_Fk2974_142_350578-768x1156.jpg 768w\" sizes=\"auto, (max-width: 797px) 100vw, 797px\" \/><\/a><p id=\"caption-attachment-16268\" class=\"wp-caption-text\">ERMi kollektiiv ootab kuningannat. Trepil tehakse \u00fchispilt. M\u00f5ned meist on selga pannud rahvar\u00f5ivad. V\u00e4gesid juhatavad direktor T\u00f5nis Lukas ja teadusdirektor Heiki P\u00e4rdi. Foto: J. Karm<\/p><\/div>\n<div id=\"attachment_16267\" style=\"width: 1210px\" class=\"wp-caption aligncenter\"><a href=\"https:\/\/blog.erm.ee\/wp-content\/uploads\/2023\/05\/350574_ERM_Fk2974_138_350574.jpg\"><img loading=\"lazy\" decoding=\"async\" aria-describedby=\"caption-attachment-16267\" data-attachment-id=\"16267\" data-permalink=\"https:\/\/blog.erm.ee\/?attachment_id=16267#main\" data-orig-file=\"https:\/\/blog.erm.ee\/wp-content\/uploads\/2023\/05\/350574_ERM_Fk2974_138_350574.jpg\" data-orig-size=\"1200,795\" data-comments-opened=\"1\" data-image-meta=\"{&quot;aperture&quot;:&quot;10&quot;,&quot;credit&quot;:&quot;&quot;,&quot;camera&quot;:&quot;NIKON D600&quot;,&quot;caption&quot;:&quot;&quot;,&quot;created_timestamp&quot;:&quot;1412756123&quot;,&quot;copyright&quot;:&quot;&quot;,&quot;focal_length&quot;:&quot;60&quot;,&quot;iso&quot;:&quot;100&quot;,&quot;shutter_speed&quot;:&quot;0.016666666666667&quot;,&quot;title&quot;:&quot;&quot;,&quot;orientation&quot;:&quot;1&quot;}\" data-image-title=\"350574_ERM_Fk2974_138_350574\" data-image-description=\"\" data-image-caption=\"\" data-large-file=\"https:\/\/blog.erm.ee\/wp-content\/uploads\/2023\/05\/350574_ERM_Fk2974_138_350574-1024x678.jpg\" class=\"wp-image-16267 size-full\" src=\"https:\/\/blog.erm.ee\/wp-content\/uploads\/2023\/05\/350574_ERM_Fk2974_138_350574.jpg\" alt=\"\" width=\"1200\" height=\"795\" srcset=\"https:\/\/blog.erm.ee\/wp-content\/uploads\/2023\/05\/350574_ERM_Fk2974_138_350574.jpg 1200w, https:\/\/blog.erm.ee\/wp-content\/uploads\/2023\/05\/350574_ERM_Fk2974_138_350574-300x199.jpg 300w, https:\/\/blog.erm.ee\/wp-content\/uploads\/2023\/05\/350574_ERM_Fk2974_138_350574-1024x678.jpg 1024w, https:\/\/blog.erm.ee\/wp-content\/uploads\/2023\/05\/350574_ERM_Fk2974_138_350574-392x260.jpg 392w, https:\/\/blog.erm.ee\/wp-content\/uploads\/2023\/05\/350574_ERM_Fk2974_138_350574-768x509.jpg 768w\" sizes=\"auto, (max-width: 1200px) 100vw, 1200px\" \/><\/a><p id=\"caption-attachment-16267\" class=\"wp-caption-text\">N\u00e4ituse kuraator Reet Piiri tutvustas kuningannale ja saatjaskonnale P\u00e4rnumaa rahvakunsti. Foto: A. Karm<\/p><\/div>\n<div id=\"attachment_16266\" style=\"width: 1210px\" class=\"wp-caption aligncenter\"><a href=\"https:\/\/blog.erm.ee\/wp-content\/uploads\/2023\/05\/350573_ERM_Fk2974_137_350573.jpg\"><img loading=\"lazy\" decoding=\"async\" aria-describedby=\"caption-attachment-16266\" data-attachment-id=\"16266\" data-permalink=\"https:\/\/blog.erm.ee\/?attachment_id=16266#main\" data-orig-file=\"https:\/\/blog.erm.ee\/wp-content\/uploads\/2023\/05\/350573_ERM_Fk2974_137_350573.jpg\" data-orig-size=\"1200,794\" data-comments-opened=\"1\" data-image-meta=\"{&quot;aperture&quot;:&quot;10&quot;,&quot;credit&quot;:&quot;&quot;,&quot;camera&quot;:&quot;NIKON D600&quot;,&quot;caption&quot;:&quot;&quot;,&quot;created_timestamp&quot;:&quot;1412756113&quot;,&quot;copyright&quot;:&quot;&quot;,&quot;focal_length&quot;:&quot;60&quot;,&quot;iso&quot;:&quot;100&quot;,&quot;shutter_speed&quot;:&quot;0.016666666666667&quot;,&quot;title&quot;:&quot;&quot;,&quot;orientation&quot;:&quot;1&quot;}\" data-image-title=\"350573_ERM_Fk2974_137_350573\" data-image-description=\"\" data-image-caption=\"\" data-large-file=\"https:\/\/blog.erm.ee\/wp-content\/uploads\/2023\/05\/350573_ERM_Fk2974_137_350573-1024x678.jpg\" class=\"wp-image-16266 size-full\" src=\"https:\/\/blog.erm.ee\/wp-content\/uploads\/2023\/05\/350573_ERM_Fk2974_137_350573.jpg\" alt=\"\" width=\"1200\" height=\"794\" srcset=\"https:\/\/blog.erm.ee\/wp-content\/uploads\/2023\/05\/350573_ERM_Fk2974_137_350573.jpg 1200w, https:\/\/blog.erm.ee\/wp-content\/uploads\/2023\/05\/350573_ERM_Fk2974_137_350573-300x199.jpg 300w, https:\/\/blog.erm.ee\/wp-content\/uploads\/2023\/05\/350573_ERM_Fk2974_137_350573-1024x678.jpg 1024w, https:\/\/blog.erm.ee\/wp-content\/uploads\/2023\/05\/350573_ERM_Fk2974_137_350573-393x260.jpg 393w, https:\/\/blog.erm.ee\/wp-content\/uploads\/2023\/05\/350573_ERM_Fk2974_137_350573-768x508.jpg 768w\" sizes=\"auto, (max-width: 1200px) 100vw, 1200px\" \/><\/a><p id=\"caption-attachment-16266\" class=\"wp-caption-text\">Rootsi kuningapaari visiidi auks korraldati ka v\u00e4ike pop-up-n\u00e4itus ERMi kogudes olevatest eestirootslaste esemetest. Kuraator Piret \u00d5unapuu tutvustab ja Eva Laidre t\u00f5lgib. Foto: A. Ansu<\/p><\/div>\n<div id=\"attachment_16264\" style=\"width: 1210px\" class=\"wp-caption aligncenter\"><a href=\"https:\/\/blog.erm.ee\/wp-content\/uploads\/2023\/05\/350570_ERM_Fk2974_134_350570.jpg\"><img loading=\"lazy\" decoding=\"async\" aria-describedby=\"caption-attachment-16264\" data-attachment-id=\"16264\" data-permalink=\"https:\/\/blog.erm.ee\/?attachment_id=16264#main\" data-orig-file=\"https:\/\/blog.erm.ee\/wp-content\/uploads\/2023\/05\/350570_ERM_Fk2974_134_350570-e1683126240246.jpg\" data-orig-size=\"1056,642\" data-comments-opened=\"1\" data-image-meta=\"{&quot;aperture&quot;:&quot;10&quot;,&quot;credit&quot;:&quot;&quot;,&quot;camera&quot;:&quot;NIKON D600&quot;,&quot;caption&quot;:&quot;&quot;,&quot;created_timestamp&quot;:&quot;1412756082&quot;,&quot;copyright&quot;:&quot;&quot;,&quot;focal_length&quot;:&quot;60&quot;,&quot;iso&quot;:&quot;100&quot;,&quot;shutter_speed&quot;:&quot;0.016666666666667&quot;,&quot;title&quot;:&quot;&quot;,&quot;orientation&quot;:&quot;1&quot;}\" data-image-title=\"350570_ERM_Fk2974_134_350570\" data-image-description=\"\" data-image-caption=\"\" data-large-file=\"https:\/\/blog.erm.ee\/wp-content\/uploads\/2023\/05\/350570_ERM_Fk2974_134_350570-e1683126240246-1024x623.jpg\" class=\"wp-image-16264 size-full\" src=\"https:\/\/blog.erm.ee\/wp-content\/uploads\/2023\/05\/350570_ERM_Fk2974_134_350570.jpg\" alt=\"\" width=\"1200\" height=\"789\" \/><\/a><p id=\"caption-attachment-16264\" class=\"wp-caption-text\">Rootsi kuninganna Silvia ja proua Ingrid R\u00fc\u00fctel. Kinkisime kuningannale kolmek\u00f6itelise Eesti rahvar\u00f5ivaste raamatu. Foto: A. Karm<\/p><\/div>\n<div id=\"attachment_16269\" style=\"width: 825px\" class=\"wp-caption aligncenter\"><a href=\"https:\/\/blog.erm.ee\/wp-content\/uploads\/2023\/05\/364315_ERM_Fk2992_398_364315.jpg\"><img loading=\"lazy\" decoding=\"async\" aria-describedby=\"caption-attachment-16269\" data-attachment-id=\"16269\" data-permalink=\"https:\/\/blog.erm.ee\/?attachment_id=16269#main\" data-orig-file=\"https:\/\/blog.erm.ee\/wp-content\/uploads\/2023\/05\/364315_ERM_Fk2992_398_364315.jpg\" data-orig-size=\"815,1200\" data-comments-opened=\"1\" data-image-meta=\"{&quot;aperture&quot;:&quot;5.6&quot;,&quot;credit&quot;:&quot;&quot;,&quot;camera&quot;:&quot;NIKON D200&quot;,&quot;caption&quot;:&quot;&quot;,&quot;created_timestamp&quot;:&quot;1322753811&quot;,&quot;copyright&quot;:&quot;&quot;,&quot;focal_length&quot;:&quot;50&quot;,&quot;iso&quot;:&quot;100&quot;,&quot;shutter_speed&quot;:&quot;0.076923076923077&quot;,&quot;title&quot;:&quot;&quot;,&quot;orientation&quot;:&quot;1&quot;}\" data-image-title=\"364315_ERM_Fk2992_398_364315\" data-image-description=\"\" data-image-caption=\"\" data-large-file=\"https:\/\/blog.erm.ee\/wp-content\/uploads\/2023\/05\/364315_ERM_Fk2992_398_364315-695x1024.jpg\" class=\"wp-image-16269 size-full\" src=\"https:\/\/blog.erm.ee\/wp-content\/uploads\/2023\/05\/364315_ERM_Fk2992_398_364315.jpg\" alt=\"\" width=\"815\" height=\"1200\" srcset=\"https:\/\/blog.erm.ee\/wp-content\/uploads\/2023\/05\/364315_ERM_Fk2992_398_364315.jpg 815w, https:\/\/blog.erm.ee\/wp-content\/uploads\/2023\/05\/364315_ERM_Fk2992_398_364315-204x300.jpg 204w, https:\/\/blog.erm.ee\/wp-content\/uploads\/2023\/05\/364315_ERM_Fk2992_398_364315-695x1024.jpg 695w, https:\/\/blog.erm.ee\/wp-content\/uploads\/2023\/05\/364315_ERM_Fk2992_398_364315-177x260.jpg 177w, https:\/\/blog.erm.ee\/wp-content\/uploads\/2023\/05\/364315_ERM_Fk2992_398_364315-768x1131.jpg 768w\" sizes=\"auto, (max-width: 815px) 100vw, 815px\" \/><\/a><p id=\"caption-attachment-16269\" class=\"wp-caption-text\">Kuninganna Silvia ja Ingrid R\u00fc\u00fctel. Foto: J\u00fcri Karm<\/p><\/div>\n<p>&nbsp;<\/p>\n<p style=\"text-align: justify;\"><span style=\"font-size: 13px;\">Nendelt fotodelt saab uurida, mida \u00fclikooli kohvikus pidulikul l\u00f5unas\u00f6\u00f6gil pakuti. Oli teine aeg, teised v\u00f5imalused ja olud.<\/span><\/p>\n<p>&nbsp;<\/p>\n<div id=\"attachment_16263\" style=\"width: 1210px\" class=\"wp-caption aligncenter\"><a href=\"https:\/\/blog.erm.ee\/wp-content\/uploads\/2023\/05\/063968_ERM_Fk2905_40_063968.jpg\"><img loading=\"lazy\" decoding=\"async\" aria-describedby=\"caption-attachment-16263\" data-attachment-id=\"16263\" data-permalink=\"https:\/\/blog.erm.ee\/?attachment_id=16263#main\" data-orig-file=\"https:\/\/blog.erm.ee\/wp-content\/uploads\/2023\/05\/063968_ERM_Fk2905_40_063968.jpg\" data-orig-size=\"1200,849\" data-comments-opened=\"1\" data-image-meta=\"{&quot;aperture&quot;:&quot;8&quot;,&quot;credit&quot;:&quot;&quot;,&quot;camera&quot;:&quot;NIKON D70&quot;,&quot;caption&quot;:&quot;&quot;,&quot;created_timestamp&quot;:&quot;1158831963&quot;,&quot;copyright&quot;:&quot;&quot;,&quot;focal_length&quot;:&quot;50&quot;,&quot;iso&quot;:&quot;200&quot;,&quot;shutter_speed&quot;:&quot;0.016666666666667&quot;,&quot;title&quot;:&quot;&quot;,&quot;orientation&quot;:&quot;1&quot;}\" data-image-title=\"063968_ERM_Fk2905_40_063968\" data-image-description=\"\" data-image-caption=\"\" data-large-file=\"https:\/\/blog.erm.ee\/wp-content\/uploads\/2023\/05\/063968_ERM_Fk2905_40_063968-1024x724.jpg\" class=\"wp-image-16263 size-full\" src=\"https:\/\/blog.erm.ee\/wp-content\/uploads\/2023\/05\/063968_ERM_Fk2905_40_063968.jpg\" alt=\"\" width=\"1200\" height=\"849\" srcset=\"https:\/\/blog.erm.ee\/wp-content\/uploads\/2023\/05\/063968_ERM_Fk2905_40_063968.jpg 1200w, https:\/\/blog.erm.ee\/wp-content\/uploads\/2023\/05\/063968_ERM_Fk2905_40_063968-300x212.jpg 300w, https:\/\/blog.erm.ee\/wp-content\/uploads\/2023\/05\/063968_ERM_Fk2905_40_063968-1024x724.jpg 1024w, https:\/\/blog.erm.ee\/wp-content\/uploads\/2023\/05\/063968_ERM_Fk2905_40_063968-367x260.jpg 367w, https:\/\/blog.erm.ee\/wp-content\/uploads\/2023\/05\/063968_ERM_Fk2905_40_063968-768x543.jpg 768w\" sizes=\"auto, (max-width: 1200px) 100vw, 1200px\" \/><\/a><p id=\"caption-attachment-16263\" class=\"wp-caption-text\">Eelroog. ERM Fk 2905:40<\/p><\/div>\n<div id=\"attachment_16262\" style=\"width: 1210px\" class=\"wp-caption aligncenter\"><a href=\"https:\/\/blog.erm.ee\/wp-content\/uploads\/2023\/05\/063962_ERM_Fk2905_34_063962.jpg\"><img loading=\"lazy\" decoding=\"async\" aria-describedby=\"caption-attachment-16262\" data-attachment-id=\"16262\" data-permalink=\"https:\/\/blog.erm.ee\/?attachment_id=16262#main\" data-orig-file=\"https:\/\/blog.erm.ee\/wp-content\/uploads\/2023\/05\/063962_ERM_Fk2905_34_063962.jpg\" data-orig-size=\"1200,853\" data-comments-opened=\"1\" data-image-meta=\"{&quot;aperture&quot;:&quot;8&quot;,&quot;credit&quot;:&quot;&quot;,&quot;camera&quot;:&quot;NIKON D70&quot;,&quot;caption&quot;:&quot;&quot;,&quot;created_timestamp&quot;:&quot;1158831915&quot;,&quot;copyright&quot;:&quot;&quot;,&quot;focal_length&quot;:&quot;50&quot;,&quot;iso&quot;:&quot;200&quot;,&quot;shutter_speed&quot;:&quot;0.016666666666667&quot;,&quot;title&quot;:&quot;&quot;,&quot;orientation&quot;:&quot;1&quot;}\" data-image-title=\"063962_ERM_Fk2905_34_063962\" data-image-description=\"\" data-image-caption=\"\" data-large-file=\"https:\/\/blog.erm.ee\/wp-content\/uploads\/2023\/05\/063962_ERM_Fk2905_34_063962-1024x728.jpg\" class=\"wp-image-16262 size-full\" src=\"https:\/\/blog.erm.ee\/wp-content\/uploads\/2023\/05\/063962_ERM_Fk2905_34_063962.jpg\" alt=\"\" width=\"1200\" height=\"853\" srcset=\"https:\/\/blog.erm.ee\/wp-content\/uploads\/2023\/05\/063962_ERM_Fk2905_34_063962.jpg 1200w, https:\/\/blog.erm.ee\/wp-content\/uploads\/2023\/05\/063962_ERM_Fk2905_34_063962-300x213.jpg 300w, https:\/\/blog.erm.ee\/wp-content\/uploads\/2023\/05\/063962_ERM_Fk2905_34_063962-1024x728.jpg 1024w, https:\/\/blog.erm.ee\/wp-content\/uploads\/2023\/05\/063962_ERM_Fk2905_34_063962-366x260.jpg 366w, https:\/\/blog.erm.ee\/wp-content\/uploads\/2023\/05\/063962_ERM_Fk2905_34_063962-768x546.jpg 768w\" sizes=\"auto, (max-width: 1200px) 100vw, 1200px\" \/><\/a><p id=\"caption-attachment-16262\" class=\"wp-caption-text\">Praed ootavad lauale kandmist. ERM Fk 2905:34<\/p><\/div>\n<p style=\"text-align: justify;\">L\u00f5petuseks filmil\u00f5ik, mis valmis 1992. aastal, kui kuninganna Silvia ERMi k\u00fclastas (ERM V 51:1 ).<\/p>\n<p><iframe loading=\"lazy\" title=\"YouTube video player\" src=\"https:\/\/www.youtube.com\/embed\/qmfks2uQmOc\" width=\"560\" height=\"315\" frameborder=\"0\" allowfullscreen=\"allowfullscreen\"><\/iframe><\/p>\n<div class=\"fcbkbttn_buttons_block\" id=\"fcbkbttn_left\"><div class=\"fcbkbttn_like \"><fb:like href=\"https:\/\/blog.erm.ee\/?p=16260\" action=\"like\" colorscheme=\"light\" layout=\"standard\"  width=\"225px\" size=\"small\"><\/fb:like><\/div><div class=\"fb-share-button  \" data-href=\"https:\/\/blog.erm.ee\/?p=16260\" data-type=\"button\" data-size=\"small\"><\/div><\/div>","protected":false},"excerpt":{"rendered":"<p>Reet Piiri, kuraator. Aasta oli 1992, kui Eesti Rahva Muuseumit k\u00fclastas Rootsi kuninganna Silvia. ERM oli selleks ajas k\u00fcll oma nime tagasi saanud, kuid uus maja oli siis veel helesinine unistus&#8230; tegelikult polnud veel n\u00e4itusemajagi. Aga vaatamata kitsastele oludele v\u00f5tsime kuninganna ja tema kaaskonna vastu nii pidulikult ja v\u00e4\u00e4rikalt, kui me sel ajal oskasime. Tekstiilirestauraatorid&hellip;<\/p>\n","protected":false},"author":1,"featured_media":16264,"comment_status":"open","ping_status":"open","sticky":false,"template":"","format":"standard","meta":{"_monsterinsights_skip_tracking":false,"_monsterinsights_sitenote_active":false,"_monsterinsights_sitenote_note":"","_monsterinsights_sitenote_category":0,"jetpack_post_was_ever_published":false,"_jetpack_newsletter_access":"","_jetpack_dont_email_post_to_subs":false,"_jetpack_newsletter_tier_id":0,"_jetpack_memberships_contains_paywalled_content":false,"_jetpack_memberships_contains_paid_content":false,"footnotes":""},"categories":[6,1,30,19,40],"tags":[],"class_list":["post-16260","post","type-post","status-publish","format-standard","has-post-thumbnail","hentry","category-foto","category-maaratlemata","category-osalus","category-sundmus","category-taasiseseisvumine"],"yoast_head":"<!-- This site is optimized with the Yoast SEO plugin v27.5 - https:\/\/yoast.com\/product\/yoast-seo-wordpress\/ -->\n<title>Kuninganna Silvia Eesti Rahva Muuseumis - Eesti Rahva Muuseumi ajaveeb<\/title>\n<meta name=\"robots\" content=\"index, follow, max-snippet:-1, max-image-preview:large, max-video-preview:-1\" \/>\n<link rel=\"canonical\" href=\"https:\/\/blog.erm.ee\/?p=16260\" \/>\n<meta property=\"og:locale\" content=\"et_EE\" \/>\n<meta property=\"og:type\" content=\"article\" \/>\n<meta property=\"og:title\" content=\"Kuninganna Silvia Eesti Rahva Muuseumis - Eesti Rahva Muuseumi ajaveeb\" \/>\n<meta property=\"og:description\" content=\"Reet Piiri, kuraator. Aasta oli 1992, kui Eesti Rahva Muuseumit k\u00fclastas Rootsi kuninganna Silvia. ERM oli selleks ajas k\u00fcll oma nime tagasi saanud, kuid uus maja oli siis veel helesinine unistus&#8230; tegelikult polnud veel n\u00e4itusemajagi. Aga vaatamata kitsastele oludele v\u00f5tsime kuninganna ja tema kaaskonna vastu nii pidulikult ja v\u00e4\u00e4rikalt, kui me sel ajal oskasime. Tekstiilirestauraatorid&hellip;\" \/>\n<meta property=\"og:url\" content=\"https:\/\/blog.erm.ee\/?p=16260\" \/>\n<meta property=\"og:site_name\" content=\"Eesti Rahva Muuseumi ajaveeb\" \/>\n<meta property=\"article:published_time\" content=\"2023-05-04T08:00:10+00:00\" \/>\n<meta property=\"article:modified_time\" content=\"2023-05-04T10:31:14+00:00\" \/>\n<meta property=\"og:image\" content=\"https:\/\/blog.erm.ee\/wp-content\/uploads\/2023\/05\/350570_ERM_Fk2974_134_350570-e1683126240246.jpg\" \/>\n\t<meta property=\"og:image:width\" content=\"1056\" \/>\n\t<meta property=\"og:image:height\" content=\"642\" \/>\n\t<meta property=\"og:image:type\" content=\"image\/jpeg\" \/>\n<meta name=\"author\" content=\"Eesti Rahva Muuseum\" \/>\n<meta name=\"twitter:card\" content=\"summary_large_image\" \/>\n<meta name=\"twitter:label1\" content=\"Written by\" \/>\n\t<meta name=\"twitter:data1\" content=\"Eesti Rahva Muuseum\" \/>\n\t<meta name=\"twitter:label2\" content=\"Est. reading time\" \/>\n\t<meta name=\"twitter:data2\" content=\"2 minutit\" \/>\n<script type=\"application\/ld+json\" class=\"yoast-schema-graph\">{\"@context\":\"https:\\\/\\\/schema.org\",\"@graph\":[{\"@type\":\"Article\",\"@id\":\"https:\\\/\\\/blog.erm.ee\\\/?p=16260#article\",\"isPartOf\":{\"@id\":\"https:\\\/\\\/blog.erm.ee\\\/?p=16260\"},\"author\":{\"name\":\"Eesti Rahva Muuseum\",\"@id\":\"https:\\\/\\\/blog.erm.ee\\\/#\\\/schema\\\/person\\\/6e98c391cb00a33e7c22a3571e062114\"},\"headline\":\"Kuninganna Silvia Eesti Rahva Muuseumis\",\"datePublished\":\"2023-05-04T08:00:10+00:00\",\"dateModified\":\"2023-05-04T10:31:14+00:00\",\"mainEntityOfPage\":{\"@id\":\"https:\\\/\\\/blog.erm.ee\\\/?p=16260\"},\"wordCount\":494,\"commentCount\":1,\"image\":{\"@id\":\"https:\\\/\\\/blog.erm.ee\\\/?p=16260#primaryimage\"},\"thumbnailUrl\":\"https:\\\/\\\/blog.erm.ee\\\/wp-content\\\/uploads\\\/2023\\\/05\\\/350570_ERM_Fk2974_134_350570-e1683126240246.jpg\",\"articleSection\":{\"0\":\"Foto\",\"2\":\"Osalus\",\"3\":\"S\u00fcndmus\",\"4\":\"Taasiseseisvumine\"},\"inLanguage\":\"et\",\"potentialAction\":[{\"@type\":\"CommentAction\",\"name\":\"Comment\",\"target\":[\"https:\\\/\\\/blog.erm.ee\\\/?p=16260#respond\"]}]},{\"@type\":\"WebPage\",\"@id\":\"https:\\\/\\\/blog.erm.ee\\\/?p=16260\",\"url\":\"https:\\\/\\\/blog.erm.ee\\\/?p=16260\",\"name\":\"Kuninganna Silvia Eesti Rahva Muuseumis - Eesti Rahva Muuseumi ajaveeb\",\"isPartOf\":{\"@id\":\"https:\\\/\\\/blog.erm.ee\\\/#website\"},\"primaryImageOfPage\":{\"@id\":\"https:\\\/\\\/blog.erm.ee\\\/?p=16260#primaryimage\"},\"image\":{\"@id\":\"https:\\\/\\\/blog.erm.ee\\\/?p=16260#primaryimage\"},\"thumbnailUrl\":\"https:\\\/\\\/blog.erm.ee\\\/wp-content\\\/uploads\\\/2023\\\/05\\\/350570_ERM_Fk2974_134_350570-e1683126240246.jpg\",\"datePublished\":\"2023-05-04T08:00:10+00:00\",\"dateModified\":\"2023-05-04T10:31:14+00:00\",\"author\":{\"@id\":\"https:\\\/\\\/blog.erm.ee\\\/#\\\/schema\\\/person\\\/6e98c391cb00a33e7c22a3571e062114\"},\"breadcrumb\":{\"@id\":\"https:\\\/\\\/blog.erm.ee\\\/?p=16260#breadcrumb\"},\"inLanguage\":\"et\",\"potentialAction\":[{\"@type\":\"ReadAction\",\"target\":[\"https:\\\/\\\/blog.erm.ee\\\/?p=16260\"]}]},{\"@type\":\"ImageObject\",\"inLanguage\":\"et\",\"@id\":\"https:\\\/\\\/blog.erm.ee\\\/?p=16260#primaryimage\",\"url\":\"https:\\\/\\\/blog.erm.ee\\\/wp-content\\\/uploads\\\/2023\\\/05\\\/350570_ERM_Fk2974_134_350570-e1683126240246.jpg\",\"contentUrl\":\"https:\\\/\\\/blog.erm.ee\\\/wp-content\\\/uploads\\\/2023\\\/05\\\/350570_ERM_Fk2974_134_350570-e1683126240246.jpg\",\"width\":1056,\"height\":642},{\"@type\":\"BreadcrumbList\",\"@id\":\"https:\\\/\\\/blog.erm.ee\\\/?p=16260#breadcrumb\",\"itemListElement\":[{\"@type\":\"ListItem\",\"position\":1,\"name\":\"Home\",\"item\":\"https:\\\/\\\/blog.erm.ee\\\/\"},{\"@type\":\"ListItem\",\"position\":2,\"name\":\"Kuninganna Silvia Eesti Rahva Muuseumis\"}]},{\"@type\":\"WebSite\",\"@id\":\"https:\\\/\\\/blog.erm.ee\\\/#website\",\"url\":\"https:\\\/\\\/blog.erm.ee\\\/\",\"name\":\"Eesti Rahva Muuseumi ajaveeb\",\"description\":\"\",\"potentialAction\":[{\"@type\":\"SearchAction\",\"target\":{\"@type\":\"EntryPoint\",\"urlTemplate\":\"https:\\\/\\\/blog.erm.ee\\\/?s={search_term_string}\"},\"query-input\":{\"@type\":\"PropertyValueSpecification\",\"valueRequired\":true,\"valueName\":\"search_term_string\"}}],\"inLanguage\":\"et\"},{\"@type\":\"Person\",\"@id\":\"https:\\\/\\\/blog.erm.ee\\\/#\\\/schema\\\/person\\\/6e98c391cb00a33e7c22a3571e062114\",\"name\":\"Eesti Rahva Muuseum\",\"image\":{\"@type\":\"ImageObject\",\"inLanguage\":\"et\",\"@id\":\"https:\\\/\\\/secure.gravatar.com\\\/avatar\\\/cb6d9ad5fb49f3f7315028ce5fe60641075f2cb52b8a058ff5a985fa2d8c1da0?s=96&d=mm&r=g\",\"url\":\"https:\\\/\\\/secure.gravatar.com\\\/avatar\\\/cb6d9ad5fb49f3f7315028ce5fe60641075f2cb52b8a058ff5a985fa2d8c1da0?s=96&d=mm&r=g\",\"contentUrl\":\"https:\\\/\\\/secure.gravatar.com\\\/avatar\\\/cb6d9ad5fb49f3f7315028ce5fe60641075f2cb52b8a058ff5a985fa2d8c1da0?s=96&d=mm&r=g\",\"caption\":\"Eesti Rahva Muuseum\"},\"sameAs\":[\"http:\\\/\\\/www.erm.ee\"],\"url\":\"https:\\\/\\\/blog.erm.ee\\\/?author=1\"}]}<\/script>\n<!-- \/ Yoast SEO plugin. -->","yoast_head_json":{"title":"Kuninganna Silvia Eesti Rahva Muuseumis - Eesti Rahva Muuseumi ajaveeb","robots":{"index":"index","follow":"follow","max-snippet":"max-snippet:-1","max-image-preview":"max-image-preview:large","max-video-preview":"max-video-preview:-1"},"canonical":"https:\/\/blog.erm.ee\/?p=16260","og_locale":"et_EE","og_type":"article","og_title":"Kuninganna Silvia Eesti Rahva Muuseumis - Eesti Rahva Muuseumi ajaveeb","og_description":"Reet Piiri, kuraator. Aasta oli 1992, kui Eesti Rahva Muuseumit k\u00fclastas Rootsi kuninganna Silvia. ERM oli selleks ajas k\u00fcll oma nime tagasi saanud, kuid uus maja oli siis veel helesinine unistus&#8230; tegelikult polnud veel n\u00e4itusemajagi. Aga vaatamata kitsastele oludele v\u00f5tsime kuninganna ja tema kaaskonna vastu nii pidulikult ja v\u00e4\u00e4rikalt, kui me sel ajal oskasime. Tekstiilirestauraatorid&hellip;","og_url":"https:\/\/blog.erm.ee\/?p=16260","og_site_name":"Eesti Rahva Muuseumi ajaveeb","article_published_time":"2023-05-04T08:00:10+00:00","article_modified_time":"2023-05-04T10:31:14+00:00","og_image":[{"width":1056,"height":642,"url":"https:\/\/blog.erm.ee\/wp-content\/uploads\/2023\/05\/350570_ERM_Fk2974_134_350570-e1683126240246.jpg","type":"image\/jpeg"}],"author":"Eesti Rahva Muuseum","twitter_card":"summary_large_image","twitter_misc":{"Written by":"Eesti Rahva Muuseum","Est. reading time":"2 minutit"},"schema":{"@context":"https:\/\/schema.org","@graph":[{"@type":"Article","@id":"https:\/\/blog.erm.ee\/?p=16260#article","isPartOf":{"@id":"https:\/\/blog.erm.ee\/?p=16260"},"author":{"name":"Eesti Rahva Muuseum","@id":"https:\/\/blog.erm.ee\/#\/schema\/person\/6e98c391cb00a33e7c22a3571e062114"},"headline":"Kuninganna Silvia Eesti Rahva Muuseumis","datePublished":"2023-05-04T08:00:10+00:00","dateModified":"2023-05-04T10:31:14+00:00","mainEntityOfPage":{"@id":"https:\/\/blog.erm.ee\/?p=16260"},"wordCount":494,"commentCount":1,"image":{"@id":"https:\/\/blog.erm.ee\/?p=16260#primaryimage"},"thumbnailUrl":"https:\/\/blog.erm.ee\/wp-content\/uploads\/2023\/05\/350570_ERM_Fk2974_134_350570-e1683126240246.jpg","articleSection":{"0":"Foto","2":"Osalus","3":"S\u00fcndmus","4":"Taasiseseisvumine"},"inLanguage":"et","potentialAction":[{"@type":"CommentAction","name":"Comment","target":["https:\/\/blog.erm.ee\/?p=16260#respond"]}]},{"@type":"WebPage","@id":"https:\/\/blog.erm.ee\/?p=16260","url":"https:\/\/blog.erm.ee\/?p=16260","name":"Kuninganna Silvia Eesti Rahva Muuseumis - Eesti Rahva Muuseumi ajaveeb","isPartOf":{"@id":"https:\/\/blog.erm.ee\/#website"},"primaryImageOfPage":{"@id":"https:\/\/blog.erm.ee\/?p=16260#primaryimage"},"image":{"@id":"https:\/\/blog.erm.ee\/?p=16260#primaryimage"},"thumbnailUrl":"https:\/\/blog.erm.ee\/wp-content\/uploads\/2023\/05\/350570_ERM_Fk2974_134_350570-e1683126240246.jpg","datePublished":"2023-05-04T08:00:10+00:00","dateModified":"2023-05-04T10:31:14+00:00","author":{"@id":"https:\/\/blog.erm.ee\/#\/schema\/person\/6e98c391cb00a33e7c22a3571e062114"},"breadcrumb":{"@id":"https:\/\/blog.erm.ee\/?p=16260#breadcrumb"},"inLanguage":"et","potentialAction":[{"@type":"ReadAction","target":["https:\/\/blog.erm.ee\/?p=16260"]}]},{"@type":"ImageObject","inLanguage":"et","@id":"https:\/\/blog.erm.ee\/?p=16260#primaryimage","url":"https:\/\/blog.erm.ee\/wp-content\/uploads\/2023\/05\/350570_ERM_Fk2974_134_350570-e1683126240246.jpg","contentUrl":"https:\/\/blog.erm.ee\/wp-content\/uploads\/2023\/05\/350570_ERM_Fk2974_134_350570-e1683126240246.jpg","width":1056,"height":642},{"@type":"BreadcrumbList","@id":"https:\/\/blog.erm.ee\/?p=16260#breadcrumb","itemListElement":[{"@type":"ListItem","position":1,"name":"Home","item":"https:\/\/blog.erm.ee\/"},{"@type":"ListItem","position":2,"name":"Kuninganna Silvia Eesti Rahva Muuseumis"}]},{"@type":"WebSite","@id":"https:\/\/blog.erm.ee\/#website","url":"https:\/\/blog.erm.ee\/","name":"Eesti Rahva Muuseumi ajaveeb","description":"","potentialAction":[{"@type":"SearchAction","target":{"@type":"EntryPoint","urlTemplate":"https:\/\/blog.erm.ee\/?s={search_term_string}"},"query-input":{"@type":"PropertyValueSpecification","valueRequired":true,"valueName":"search_term_string"}}],"inLanguage":"et"},{"@type":"Person","@id":"https:\/\/blog.erm.ee\/#\/schema\/person\/6e98c391cb00a33e7c22a3571e062114","name":"Eesti Rahva Muuseum","image":{"@type":"ImageObject","inLanguage":"et","@id":"https:\/\/secure.gravatar.com\/avatar\/cb6d9ad5fb49f3f7315028ce5fe60641075f2cb52b8a058ff5a985fa2d8c1da0?s=96&d=mm&r=g","url":"https:\/\/secure.gravatar.com\/avatar\/cb6d9ad5fb49f3f7315028ce5fe60641075f2cb52b8a058ff5a985fa2d8c1da0?s=96&d=mm&r=g","contentUrl":"https:\/\/secure.gravatar.com\/avatar\/cb6d9ad5fb49f3f7315028ce5fe60641075f2cb52b8a058ff5a985fa2d8c1da0?s=96&d=mm&r=g","caption":"Eesti Rahva Muuseum"},"sameAs":["http:\/\/www.erm.ee"],"url":"https:\/\/blog.erm.ee\/?author=1"}]}},"jetpack_featured_media_url":"https:\/\/blog.erm.ee\/wp-content\/uploads\/2023\/05\/350570_ERM_Fk2974_134_350570-e1683126240246.jpg","jetpack_shortlink":"https:\/\/wp.me\/p2l9Zd-4eg","jetpack_sharing_enabled":true,"jetpack_likes_enabled":true,"_links":{"self":[{"href":"https:\/\/blog.erm.ee\/index.php?rest_route=\/wp\/v2\/posts\/16260","targetHints":{"allow":["GET"]}}],"collection":[{"href":"https:\/\/blog.erm.ee\/index.php?rest_route=\/wp\/v2\/posts"}],"about":[{"href":"https:\/\/blog.erm.ee\/index.php?rest_route=\/wp\/v2\/types\/post"}],"author":[{"embeddable":true,"href":"https:\/\/blog.erm.ee\/index.php?rest_route=\/wp\/v2\/users\/1"}],"replies":[{"embeddable":true,"href":"https:\/\/blog.erm.ee\/index.php?rest_route=%2Fwp%2Fv2%2Fcomments&post=16260"}],"version-history":[{"count":6,"href":"https:\/\/blog.erm.ee\/index.php?rest_route=\/wp\/v2\/posts\/16260\/revisions"}],"predecessor-version":[{"id":16274,"href":"https:\/\/blog.erm.ee\/index.php?rest_route=\/wp\/v2\/posts\/16260\/revisions\/16274"}],"wp:featuredmedia":[{"embeddable":true,"href":"https:\/\/blog.erm.ee\/index.php?rest_route=\/wp\/v2\/media\/16264"}],"wp:attachment":[{"href":"https:\/\/blog.erm.ee\/index.php?rest_route=%2Fwp%2Fv2%2Fmedia&parent=16260"}],"wp:term":[{"taxonomy":"category","embeddable":true,"href":"https:\/\/blog.erm.ee\/index.php?rest_route=%2Fwp%2Fv2%2Fcategories&post=16260"},{"taxonomy":"post_tag","embeddable":true,"href":"https:\/\/blog.erm.ee\/index.php?rest_route=%2Fwp%2Fv2%2Ftags&post=16260"}],"curies":[{"name":"wp","href":"https:\/\/api.w.org\/{rel}","templated":true}]}}