{"id":15952,"date":"2022-09-29T11:25:10","date_gmt":"2022-09-29T08:25:10","guid":{"rendered":"https:\/\/blog.erm.ee\/?p=15952"},"modified":"2022-09-29T11:46:43","modified_gmt":"2022-09-29T08:46:43","slug":"tolkides-kliimamuutusi-kliimaliikumised-ja-aktivistid-eestis","status":"publish","type":"post","link":"https:\/\/blog.erm.ee\/?p=15952","title":{"rendered":"T\u00f5lkides kliimamuutusi: kliimaliikumised ja aktivistid Eestis"},"content":{"rendered":"<div class=\"fcbkbttn_buttons_block\" id=\"fcbkbttn_left\"><div class=\"fcbkbttn_like \"><fb:like href=\"https:\/\/blog.erm.ee\/?p=15952\" action=\"like\" colorscheme=\"light\" layout=\"standard\"  width=\"225px\" size=\"small\"><\/fb:like><\/div><div class=\"fb-share-button  \" data-href=\"https:\/\/blog.erm.ee\/?p=15952\" data-type=\"button\" data-size=\"small\"><\/div><\/div><p>Mirjam Rennit, UT etrnoloogiamagister.<\/p>\n<p style=\"text-align: justify;\">Suviseid kuumalaineid ning harjumusp\u00e4rasest soojemaid ja lumeta talvesid on viimastel k\u00fcmnenditel m\u00e4rganud enamik eestimaalasi. Nende k\u00e4egakatsutavate muutuste seostamine kaugeleulatuvate globaalsete kliimamuutustega on aga endiselt v\u00e4hene. Oma <a href=\"https:\/\/dspace.ut.ee\/handle\/10062\/81838\">magistrit\u00f6\u00f6s<\/a>, mida kaitsesin jaanuaris Tartu \u00dclikoolis etnoloogia osakonnas, uurisin inimesi, kes on oma kliimamuutustega seonduvate murede v\u00e4ljendamiseks koondunud ning pidanud vajalikuks levitada oma teadmisi ja vaateid Eesti \u00fchiskonnas.<\/p>\n<div id=\"attachment_15954\" style=\"width: 1210px\" class=\"wp-caption aligncenter\"><a href=\"https:\/\/blog.erm.ee\/wp-content\/uploads\/2022\/09\/IMG_5487.jpg\"><img loading=\"lazy\" decoding=\"async\" aria-describedby=\"caption-attachment-15954\" data-attachment-id=\"15954\" data-permalink=\"https:\/\/blog.erm.ee\/?attachment_id=15954#main\" data-orig-file=\"https:\/\/blog.erm.ee\/wp-content\/uploads\/2022\/09\/IMG_5487.jpg\" data-orig-size=\"1200,1202\" data-comments-opened=\"1\" data-image-meta=\"{&quot;aperture&quot;:&quot;0&quot;,&quot;credit&quot;:&quot;&quot;,&quot;camera&quot;:&quot;&quot;,&quot;caption&quot;:&quot;&quot;,&quot;created_timestamp&quot;:&quot;1595237072&quot;,&quot;copyright&quot;:&quot;&quot;,&quot;focal_length&quot;:&quot;0&quot;,&quot;iso&quot;:&quot;0&quot;,&quot;shutter_speed&quot;:&quot;0&quot;,&quot;title&quot;:&quot;&quot;,&quot;orientation&quot;:&quot;1&quot;}\" data-image-title=\"IMG_5487\" data-image-description=\"\" data-image-caption=\"\" data-large-file=\"https:\/\/blog.erm.ee\/wp-content\/uploads\/2022\/09\/IMG_5487-1022x1024.jpg\" class=\"wp-image-15954 size-full\" src=\"https:\/\/blog.erm.ee\/wp-content\/uploads\/2022\/09\/IMG_5487.jpg\" alt=\"\" width=\"1200\" height=\"1202\" srcset=\"https:\/\/blog.erm.ee\/wp-content\/uploads\/2022\/09\/IMG_5487.jpg 1200w, https:\/\/blog.erm.ee\/wp-content\/uploads\/2022\/09\/IMG_5487-300x300.jpg 300w, https:\/\/blog.erm.ee\/wp-content\/uploads\/2022\/09\/IMG_5487-1022x1024.jpg 1022w, https:\/\/blog.erm.ee\/wp-content\/uploads\/2022\/09\/IMG_5487-260x260.jpg 260w, https:\/\/blog.erm.ee\/wp-content\/uploads\/2022\/09\/IMG_5487-768x769.jpg 768w, https:\/\/blog.erm.ee\/wp-content\/uploads\/2022\/09\/IMG_5487-50x50.jpg 50w\" sizes=\"auto, (max-width: 1200px) 100vw, 1200px\" \/><\/a><p id=\"caption-attachment-15954\" class=\"wp-caption-text\">Fotokollaa\u017ei autorid FFF Eesti aktivistid<\/p><\/div>\n<p style=\"text-align: justify;\">Esimesed kliimaprotestid Eestis korraldati 2019. aasta kevadel, kui tegevust alustasid \u00fcleilmsetest kliimaliikumistest Fridays for Future ja Extinction Rebellion inspiratsiooni saanud grupid. Fridays for Future sai alguse Rootsi kooli\u00f5pilase Greta Thunbergi reedestest koolistreikidest ja Extinction Rebellion\u2019i algatasid Suurbritannias kodanikuallumatuse aktsioone korraldanud aktivistid. M\u00f5lemad liikumised juhivad t\u00e4helepanu t\u00f5igale, et vaatamata juba mitmeid aastak\u00fcmneid k\u00e4ttesaadavatele teaduslikele andmetele, mis puudutavad inimtekkeliste kliimamuutuste potentsiaalselt katastroofilisi tagaj\u00e4rgi inim\u00fchiskondadele, pole kliimamuutuste leevendamiseks piisaval m\u00e4\u00e4ral oma k\u00e4itumist muudetud ja probleem on pigem s\u00fcvenenud. Liikumiste eesm\u00e4rk on survestada poliitilisi j\u00f5ude, teavitada avalikkust ja mobiliseerida kodanikke probleemile \u00fchiselt vastu astuma.<\/p>\n<p style=\"text-align: justify;\">Eestis on kliimaprotestigruppide tegutsemine pretsedenditu, \u00fchtlasi on siinset keskkonnaliikumist varem iseloomustanud pigem kohalikele ja silmn\u00e4htavatele keskkonnaprobleemidele keskendumine. See seab kliimaprotestijad uudsesse ja kohati keerulisse olukorda \u2013 t\u00e4helepanu soovitakse juhtida siinses kontekstis v\u00e4hemalt viimase ajani \u00fcsnagi v\u00e4he teadvustatud globaalsele probleemile, mille seos kohalike olude ja keskkonnakaitsega v\u00f5ib esmapilgul paljude jaoks segaseks j\u00e4\u00e4da. Vaatlengi oma t\u00f6\u00f6s, kuidas aktivistid teevad m\u00f5istetavaks abstraktseks j\u00e4\u00e4vaid kliimateaduse seisukohti. Antropoloogiline l\u00e4henemine teadmiste, t\u00e4psemalt kliimamuutuste teadusliku teadmise levikule, t\u00f5lkimisele ja vastuv\u00f5tule aitab m\u00f5ista Eesti kliimaaktivistide edu ja ebaedu oma s\u00f5numi levitamisel. Laiemalt k\u00f5neleb see asjaoludest, miks teatud ideed on \u00fchiskonnas piisavalt m\u00f5jusad, et kaasa tuua soovitud muutusi.<\/p>\n<p style=\"text-align: justify;\">Just v\u00e4hene vastuv\u00f5tlikkus kliimamuutuste ideele Eesti \u00fchiskonnas, madal kliimateadlikkus v\u00f5i poliitilise tahte puudumine probleemiga tegelemiseks sundis kliimaakiviste oma s\u00f5numeid ja taktikat vastavalt sihtr\u00fchmale ja kontekstile kohandama. Teisis\u00f5nu asusid nad oma kliimas\u00f5numit t\u00f5lkima, v\u00f5ttes arvesse nii eri \u00fchiskonnagruppide erip\u00e4rasid, keda sooviti m\u00f5jutada, kui ka siinse \u00fchiskonna ajaloolisi, sotsiaalseid ja kultuurilisi ise\u00e4rasusi.<\/p>\n<p style=\"text-align: justify;\">Otsustajatele oma s\u00f5numeid t\u00f5lkides kogesid aktivistid tihtilugu, et isegi pealtn\u00e4ha roheteemadega tegelevad poliitikud soovisid radikaalset tegutsemist edasi l\u00fckata ja tulevikku vaatavat kliimapoliitikat ei kujundatud. Riigi suutmatus v\u00f5tta t\u00f5siselt kliimaaktivistide s\u00f5numeid toob kaasa t\u00f5lkeprotsessi takerdumise \u2013 juba t\u00f5lgitud ja vastu v\u00f5etud s\u00f5num on igasuguse m\u00f5juta, kui vanadest paradigmadest l\u00e4htuvalt soovitakse vanaviisi edasi tegutseda. Selle ilminguks on p\u00f5levkivit\u00f6\u00f6stuse j\u00e4tkuv t\u00f6\u00f6s hoidmine ja uue \u00f5litehase ehitamine, mida Fridays for Future aktivistid on kohtus vastustanud.<\/p>\n<p style=\"text-align: justify;\">Sageli olid aktivistid tunnistajaks sellele, et kliimamuutusi peeti Eesti \u00fchiskonnas v\u00f5\u00f5raks ja imporditud probleemiks. Kui keskkonnaprobleeme seostati eelk\u00f5ige s\u00e4\u00e4raste silmn\u00e4htavate muutustega keskkonnas nagu pr\u00fcgireostus ja metsade lageraied, ei osatud v\u00f5i ei soovitud kliimamuutuste v\u00e4hem silmn\u00e4htavaid ja kaudseid tagaj\u00e4rgi, samuti seotust kohalike keskkonnaprobleemidega m\u00f5ista.<\/p>\n<p style=\"text-align: justify;\">Samas pidasid aktivistid metsatemaatikat oluliseks pidepunktiks, mille kaudu eestlasi keskkonnateemadel k\u00f5netada. Kui kliimateemade puhul t\u00e4heldati, et need v\u00f5ivad kaugeks j\u00e4\u00e4da, siis metsa teemat peeti \u00fcldarusaadavamaks, nii et selle k\u00e4sitlemine Eesti keskkonnateemalistes aruteludes ajendas Extinction Rebellion\u2019i liikumist, mis oli algselt kliimaprotestigrupp, keskenduma metsale ja kritiseerima Eesti riigi lageraiepoliitikat.<\/p>\n<p style=\"text-align: justify;\">Vajadus k\u00f5netada kaasmaalasi t\u00f5i kaasa Werbneri jt (2014) kirjeldatud nn kohaliku tasandi kosmopolitismi s\u00f5numites ja protestidel. Oma s\u00f5numi t\u00f5lkimiseks kasutati globaalselt levivaid kliimaliikumiste loosungeid, k\u00f5nekujundideid ja visuaalseid kujutisi, mida kohandati Eesti kontekstiga. Rahvusvahelisest Extinction Rebellion\u2019i liikumisest inspireeritud ja selle logoga b\u00e4nneril oli seega globaalse s\u00f5numi asemel hoopis kujutatud lindu ja kirjutatud \u201eLageraied ajalukku\u201d. Fridays for Future\u2019i aktivistid olid aga loonud kliimateemaliste s\u00f5nadega versiooni 19. sajandi rahvusliku liikumise tegelase Karl August Hermanni laulust \u201eKungla rahvas\u201c. Niiviisi seoti kohalikul tasandil tegutsevates kliimaliikumistes paikkondlikud ja globaalsed keskkonnaprobleemid ning s\u00fcmbolid eesm\u00e4rgiga mobiliseerida laiemat rahvahulka.<\/p>\n<p style=\"text-align: justify;\">Kliimaaktivistide kogemustele keskendumine toob esile kliimamuutuste sotsiaalsed aspektid. Muu hulgas juhib see t\u00e4helepanu sellele, kuidas kliimamuutustest v\u00f5rdlemisi v\u00e4he puudutatud \u00fchiskonnas kliimateadlikud inimesed nende muutuste m\u00f5jusid kogevad. \u00dcmbritseva \u00fchiskonna apaatsus v\u00f5ib murelike inimeste frustratsiooni veelgi s\u00fcvendada, j\u00e4ttes nad oma murega \u00fcksi. Seejuures aitavad kliimaaktivistide kogemused oma s\u00f5numi levitamisel m\u00f5ista v\u00e4hese tegevusetuse tagamaid. P\u00f5hjuseks v\u00f5ib olla ignorantsus ja soovimatus praegust elukorraldust muuta, mida kliimamuutustele vastu astumine paratamatult eeldab, samuti kliimamuutuste seni veel v\u00e4hene m\u00f5ju Eesti kontekstis ning suutmatus luua seoseid globaalsete ja kohalike keskkonnaprobleemide vahel.<\/p>\n<p>&nbsp;<\/p>\n<p style=\"text-align: justify;\">Kasutatud kirjandus:<\/p>\n<p style=\"text-align: justify;\">Werbner, P., Webb, M., ja Spellman-Poots, K. (2014). \u2019Introduction\u2019, in Werbner, P., Webb, M., ja Spellman-Poots, K. (toim.) The Political Aesthetics of Global Protest: The Arab Spring and Beyond. Edinburgh: Edinburgh University Press, 1-28.<\/p>\n<div class=\"fcbkbttn_buttons_block\" id=\"fcbkbttn_left\"><div class=\"fcbkbttn_like \"><fb:like href=\"https:\/\/blog.erm.ee\/?p=15952\" action=\"like\" colorscheme=\"light\" layout=\"standard\"  width=\"225px\" size=\"small\"><\/fb:like><\/div><div class=\"fb-share-button  \" data-href=\"https:\/\/blog.erm.ee\/?p=15952\" data-type=\"button\" data-size=\"small\"><\/div><\/div>","protected":false},"excerpt":{"rendered":"<p>Mirjam Rennit, UT etrnoloogiamagister. Suviseid kuumalaineid ning harjumusp\u00e4rasest soojemaid ja lumeta talvesid on viimastel k\u00fcmnenditel m\u00e4rganud enamik eestimaalasi. Nende k\u00e4egakatsutavate muutuste seostamine kaugeleulatuvate globaalsete kliimamuutustega on aga endiselt v\u00e4hene. Oma magistrit\u00f6\u00f6s, mida kaitsesin jaanuaris Tartu \u00dclikoolis etnoloogia osakonnas, uurisin inimesi, kes on oma kliimamuutustega seonduvate murede v\u00e4ljendamiseks koondunud ning pidanud vajalikuks levitada oma teadmisi ja&hellip;<\/p>\n","protected":false},"author":1,"featured_media":15954,"comment_status":"open","ping_status":"open","sticky":false,"template":"","format":"standard","meta":{"_monsterinsights_skip_tracking":false,"_monsterinsights_sitenote_active":false,"_monsterinsights_sitenote_note":"","_monsterinsights_sitenote_category":0,"jetpack_post_was_ever_published":false,"_jetpack_newsletter_access":"","_jetpack_dont_email_post_to_subs":false,"_jetpack_newsletter_tier_id":0,"_jetpack_memberships_contains_paywalled_content":false,"_jetpack_memberships_contains_paid_content":false,"footnotes":""},"categories":[1,10],"tags":[],"class_list":["post-15952","post","type-post","status-publish","format-standard","has-post-thumbnail","hentry","category-maaratlemata","category-teadus"],"yoast_head":"<!-- This site is optimized with the Yoast SEO plugin v27.5 - https:\/\/yoast.com\/product\/yoast-seo-wordpress\/ -->\n<title>T\u00f5lkides kliimamuutusi: kliimaliikumised ja aktivistid Eestis - Eesti Rahva Muuseumi ajaveeb<\/title>\n<meta name=\"robots\" content=\"index, follow, max-snippet:-1, max-image-preview:large, max-video-preview:-1\" \/>\n<link rel=\"canonical\" href=\"https:\/\/blog.erm.ee\/?p=15952\" \/>\n<meta property=\"og:locale\" content=\"et_EE\" \/>\n<meta property=\"og:type\" content=\"article\" \/>\n<meta property=\"og:title\" content=\"T\u00f5lkides kliimamuutusi: kliimaliikumised ja aktivistid Eestis - Eesti Rahva Muuseumi ajaveeb\" \/>\n<meta property=\"og:description\" content=\"Mirjam Rennit, UT etrnoloogiamagister. Suviseid kuumalaineid ning harjumusp\u00e4rasest soojemaid ja lumeta talvesid on viimastel k\u00fcmnenditel m\u00e4rganud enamik eestimaalasi. Nende k\u00e4egakatsutavate muutuste seostamine kaugeleulatuvate globaalsete kliimamuutustega on aga endiselt v\u00e4hene. Oma magistrit\u00f6\u00f6s, mida kaitsesin jaanuaris Tartu \u00dclikoolis etnoloogia osakonnas, uurisin inimesi, kes on oma kliimamuutustega seonduvate murede v\u00e4ljendamiseks koondunud ning pidanud vajalikuks levitada oma teadmisi ja&hellip;\" \/>\n<meta property=\"og:url\" content=\"https:\/\/blog.erm.ee\/?p=15952\" \/>\n<meta property=\"og:site_name\" content=\"Eesti Rahva Muuseumi ajaveeb\" \/>\n<meta property=\"article:published_time\" content=\"2022-09-29T08:25:10+00:00\" \/>\n<meta property=\"article:modified_time\" content=\"2022-09-29T08:46:43+00:00\" \/>\n<meta property=\"og:image\" content=\"https:\/\/blog.erm.ee\/wp-content\/uploads\/2022\/09\/IMG_5487.jpg\" \/>\n\t<meta property=\"og:image:width\" content=\"1200\" \/>\n\t<meta property=\"og:image:height\" content=\"1202\" \/>\n\t<meta property=\"og:image:type\" content=\"image\/jpeg\" \/>\n<meta name=\"author\" content=\"Eesti Rahva Muuseum\" \/>\n<meta name=\"twitter:card\" content=\"summary_large_image\" \/>\n<meta name=\"twitter:label1\" content=\"Written by\" \/>\n\t<meta name=\"twitter:data1\" content=\"Eesti Rahva Muuseum\" \/>\n\t<meta name=\"twitter:label2\" content=\"Est. reading time\" \/>\n\t<meta name=\"twitter:data2\" content=\"4 minutit\" \/>\n<script type=\"application\/ld+json\" class=\"yoast-schema-graph\">{\"@context\":\"https:\\\/\\\/schema.org\",\"@graph\":[{\"@type\":\"Article\",\"@id\":\"https:\\\/\\\/blog.erm.ee\\\/?p=15952#article\",\"isPartOf\":{\"@id\":\"https:\\\/\\\/blog.erm.ee\\\/?p=15952\"},\"author\":{\"name\":\"Eesti Rahva Muuseum\",\"@id\":\"https:\\\/\\\/blog.erm.ee\\\/#\\\/schema\\\/person\\\/6e98c391cb00a33e7c22a3571e062114\"},\"headline\":\"T\u00f5lkides kliimamuutusi: kliimaliikumised ja aktivistid Eestis\",\"datePublished\":\"2022-09-29T08:25:10+00:00\",\"dateModified\":\"2022-09-29T08:46:43+00:00\",\"mainEntityOfPage\":{\"@id\":\"https:\\\/\\\/blog.erm.ee\\\/?p=15952\"},\"wordCount\":792,\"commentCount\":0,\"image\":{\"@id\":\"https:\\\/\\\/blog.erm.ee\\\/?p=15952#primaryimage\"},\"thumbnailUrl\":\"https:\\\/\\\/blog.erm.ee\\\/wp-content\\\/uploads\\\/2022\\\/09\\\/IMG_5487.jpg\",\"articleSection\":{\"1\":\"Teadus\"},\"inLanguage\":\"et\",\"potentialAction\":[{\"@type\":\"CommentAction\",\"name\":\"Comment\",\"target\":[\"https:\\\/\\\/blog.erm.ee\\\/?p=15952#respond\"]}]},{\"@type\":\"WebPage\",\"@id\":\"https:\\\/\\\/blog.erm.ee\\\/?p=15952\",\"url\":\"https:\\\/\\\/blog.erm.ee\\\/?p=15952\",\"name\":\"T\u00f5lkides kliimamuutusi: kliimaliikumised ja aktivistid Eestis - Eesti Rahva Muuseumi ajaveeb\",\"isPartOf\":{\"@id\":\"https:\\\/\\\/blog.erm.ee\\\/#website\"},\"primaryImageOfPage\":{\"@id\":\"https:\\\/\\\/blog.erm.ee\\\/?p=15952#primaryimage\"},\"image\":{\"@id\":\"https:\\\/\\\/blog.erm.ee\\\/?p=15952#primaryimage\"},\"thumbnailUrl\":\"https:\\\/\\\/blog.erm.ee\\\/wp-content\\\/uploads\\\/2022\\\/09\\\/IMG_5487.jpg\",\"datePublished\":\"2022-09-29T08:25:10+00:00\",\"dateModified\":\"2022-09-29T08:46:43+00:00\",\"author\":{\"@id\":\"https:\\\/\\\/blog.erm.ee\\\/#\\\/schema\\\/person\\\/6e98c391cb00a33e7c22a3571e062114\"},\"breadcrumb\":{\"@id\":\"https:\\\/\\\/blog.erm.ee\\\/?p=15952#breadcrumb\"},\"inLanguage\":\"et\",\"potentialAction\":[{\"@type\":\"ReadAction\",\"target\":[\"https:\\\/\\\/blog.erm.ee\\\/?p=15952\"]}]},{\"@type\":\"ImageObject\",\"inLanguage\":\"et\",\"@id\":\"https:\\\/\\\/blog.erm.ee\\\/?p=15952#primaryimage\",\"url\":\"https:\\\/\\\/blog.erm.ee\\\/wp-content\\\/uploads\\\/2022\\\/09\\\/IMG_5487.jpg\",\"contentUrl\":\"https:\\\/\\\/blog.erm.ee\\\/wp-content\\\/uploads\\\/2022\\\/09\\\/IMG_5487.jpg\",\"width\":1200,\"height\":1202},{\"@type\":\"BreadcrumbList\",\"@id\":\"https:\\\/\\\/blog.erm.ee\\\/?p=15952#breadcrumb\",\"itemListElement\":[{\"@type\":\"ListItem\",\"position\":1,\"name\":\"Home\",\"item\":\"https:\\\/\\\/blog.erm.ee\\\/\"},{\"@type\":\"ListItem\",\"position\":2,\"name\":\"T\u00f5lkides kliimamuutusi: kliimaliikumised ja aktivistid Eestis\"}]},{\"@type\":\"WebSite\",\"@id\":\"https:\\\/\\\/blog.erm.ee\\\/#website\",\"url\":\"https:\\\/\\\/blog.erm.ee\\\/\",\"name\":\"Eesti Rahva Muuseumi ajaveeb\",\"description\":\"\",\"potentialAction\":[{\"@type\":\"SearchAction\",\"target\":{\"@type\":\"EntryPoint\",\"urlTemplate\":\"https:\\\/\\\/blog.erm.ee\\\/?s={search_term_string}\"},\"query-input\":{\"@type\":\"PropertyValueSpecification\",\"valueRequired\":true,\"valueName\":\"search_term_string\"}}],\"inLanguage\":\"et\"},{\"@type\":\"Person\",\"@id\":\"https:\\\/\\\/blog.erm.ee\\\/#\\\/schema\\\/person\\\/6e98c391cb00a33e7c22a3571e062114\",\"name\":\"Eesti Rahva Muuseum\",\"image\":{\"@type\":\"ImageObject\",\"inLanguage\":\"et\",\"@id\":\"https:\\\/\\\/secure.gravatar.com\\\/avatar\\\/cb6d9ad5fb49f3f7315028ce5fe60641075f2cb52b8a058ff5a985fa2d8c1da0?s=96&d=mm&r=g\",\"url\":\"https:\\\/\\\/secure.gravatar.com\\\/avatar\\\/cb6d9ad5fb49f3f7315028ce5fe60641075f2cb52b8a058ff5a985fa2d8c1da0?s=96&d=mm&r=g\",\"contentUrl\":\"https:\\\/\\\/secure.gravatar.com\\\/avatar\\\/cb6d9ad5fb49f3f7315028ce5fe60641075f2cb52b8a058ff5a985fa2d8c1da0?s=96&d=mm&r=g\",\"caption\":\"Eesti Rahva Muuseum\"},\"sameAs\":[\"http:\\\/\\\/www.erm.ee\"],\"url\":\"https:\\\/\\\/blog.erm.ee\\\/?author=1\"}]}<\/script>\n<!-- \/ Yoast SEO plugin. -->","yoast_head_json":{"title":"T\u00f5lkides kliimamuutusi: kliimaliikumised ja aktivistid Eestis - Eesti Rahva Muuseumi ajaveeb","robots":{"index":"index","follow":"follow","max-snippet":"max-snippet:-1","max-image-preview":"max-image-preview:large","max-video-preview":"max-video-preview:-1"},"canonical":"https:\/\/blog.erm.ee\/?p=15952","og_locale":"et_EE","og_type":"article","og_title":"T\u00f5lkides kliimamuutusi: kliimaliikumised ja aktivistid Eestis - Eesti Rahva Muuseumi ajaveeb","og_description":"Mirjam Rennit, UT etrnoloogiamagister. Suviseid kuumalaineid ning harjumusp\u00e4rasest soojemaid ja lumeta talvesid on viimastel k\u00fcmnenditel m\u00e4rganud enamik eestimaalasi. Nende k\u00e4egakatsutavate muutuste seostamine kaugeleulatuvate globaalsete kliimamuutustega on aga endiselt v\u00e4hene. Oma magistrit\u00f6\u00f6s, mida kaitsesin jaanuaris Tartu \u00dclikoolis etnoloogia osakonnas, uurisin inimesi, kes on oma kliimamuutustega seonduvate murede v\u00e4ljendamiseks koondunud ning pidanud vajalikuks levitada oma teadmisi ja&hellip;","og_url":"https:\/\/blog.erm.ee\/?p=15952","og_site_name":"Eesti Rahva Muuseumi ajaveeb","article_published_time":"2022-09-29T08:25:10+00:00","article_modified_time":"2022-09-29T08:46:43+00:00","og_image":[{"width":1200,"height":1202,"url":"https:\/\/blog.erm.ee\/wp-content\/uploads\/2022\/09\/IMG_5487.jpg","type":"image\/jpeg"}],"author":"Eesti Rahva Muuseum","twitter_card":"summary_large_image","twitter_misc":{"Written by":"Eesti Rahva Muuseum","Est. reading time":"4 minutit"},"schema":{"@context":"https:\/\/schema.org","@graph":[{"@type":"Article","@id":"https:\/\/blog.erm.ee\/?p=15952#article","isPartOf":{"@id":"https:\/\/blog.erm.ee\/?p=15952"},"author":{"name":"Eesti Rahva Muuseum","@id":"https:\/\/blog.erm.ee\/#\/schema\/person\/6e98c391cb00a33e7c22a3571e062114"},"headline":"T\u00f5lkides kliimamuutusi: kliimaliikumised ja aktivistid Eestis","datePublished":"2022-09-29T08:25:10+00:00","dateModified":"2022-09-29T08:46:43+00:00","mainEntityOfPage":{"@id":"https:\/\/blog.erm.ee\/?p=15952"},"wordCount":792,"commentCount":0,"image":{"@id":"https:\/\/blog.erm.ee\/?p=15952#primaryimage"},"thumbnailUrl":"https:\/\/blog.erm.ee\/wp-content\/uploads\/2022\/09\/IMG_5487.jpg","articleSection":{"1":"Teadus"},"inLanguage":"et","potentialAction":[{"@type":"CommentAction","name":"Comment","target":["https:\/\/blog.erm.ee\/?p=15952#respond"]}]},{"@type":"WebPage","@id":"https:\/\/blog.erm.ee\/?p=15952","url":"https:\/\/blog.erm.ee\/?p=15952","name":"T\u00f5lkides kliimamuutusi: kliimaliikumised ja aktivistid Eestis - Eesti Rahva Muuseumi ajaveeb","isPartOf":{"@id":"https:\/\/blog.erm.ee\/#website"},"primaryImageOfPage":{"@id":"https:\/\/blog.erm.ee\/?p=15952#primaryimage"},"image":{"@id":"https:\/\/blog.erm.ee\/?p=15952#primaryimage"},"thumbnailUrl":"https:\/\/blog.erm.ee\/wp-content\/uploads\/2022\/09\/IMG_5487.jpg","datePublished":"2022-09-29T08:25:10+00:00","dateModified":"2022-09-29T08:46:43+00:00","author":{"@id":"https:\/\/blog.erm.ee\/#\/schema\/person\/6e98c391cb00a33e7c22a3571e062114"},"breadcrumb":{"@id":"https:\/\/blog.erm.ee\/?p=15952#breadcrumb"},"inLanguage":"et","potentialAction":[{"@type":"ReadAction","target":["https:\/\/blog.erm.ee\/?p=15952"]}]},{"@type":"ImageObject","inLanguage":"et","@id":"https:\/\/blog.erm.ee\/?p=15952#primaryimage","url":"https:\/\/blog.erm.ee\/wp-content\/uploads\/2022\/09\/IMG_5487.jpg","contentUrl":"https:\/\/blog.erm.ee\/wp-content\/uploads\/2022\/09\/IMG_5487.jpg","width":1200,"height":1202},{"@type":"BreadcrumbList","@id":"https:\/\/blog.erm.ee\/?p=15952#breadcrumb","itemListElement":[{"@type":"ListItem","position":1,"name":"Home","item":"https:\/\/blog.erm.ee\/"},{"@type":"ListItem","position":2,"name":"T\u00f5lkides kliimamuutusi: kliimaliikumised ja aktivistid Eestis"}]},{"@type":"WebSite","@id":"https:\/\/blog.erm.ee\/#website","url":"https:\/\/blog.erm.ee\/","name":"Eesti Rahva Muuseumi ajaveeb","description":"","potentialAction":[{"@type":"SearchAction","target":{"@type":"EntryPoint","urlTemplate":"https:\/\/blog.erm.ee\/?s={search_term_string}"},"query-input":{"@type":"PropertyValueSpecification","valueRequired":true,"valueName":"search_term_string"}}],"inLanguage":"et"},{"@type":"Person","@id":"https:\/\/blog.erm.ee\/#\/schema\/person\/6e98c391cb00a33e7c22a3571e062114","name":"Eesti Rahva Muuseum","image":{"@type":"ImageObject","inLanguage":"et","@id":"https:\/\/secure.gravatar.com\/avatar\/cb6d9ad5fb49f3f7315028ce5fe60641075f2cb52b8a058ff5a985fa2d8c1da0?s=96&d=mm&r=g","url":"https:\/\/secure.gravatar.com\/avatar\/cb6d9ad5fb49f3f7315028ce5fe60641075f2cb52b8a058ff5a985fa2d8c1da0?s=96&d=mm&r=g","contentUrl":"https:\/\/secure.gravatar.com\/avatar\/cb6d9ad5fb49f3f7315028ce5fe60641075f2cb52b8a058ff5a985fa2d8c1da0?s=96&d=mm&r=g","caption":"Eesti Rahva Muuseum"},"sameAs":["http:\/\/www.erm.ee"],"url":"https:\/\/blog.erm.ee\/?author=1"}]}},"jetpack_featured_media_url":"https:\/\/blog.erm.ee\/wp-content\/uploads\/2022\/09\/IMG_5487.jpg","jetpack_shortlink":"https:\/\/wp.me\/p2l9Zd-49i","jetpack_sharing_enabled":true,"jetpack_likes_enabled":true,"_links":{"self":[{"href":"https:\/\/blog.erm.ee\/index.php?rest_route=\/wp\/v2\/posts\/15952","targetHints":{"allow":["GET"]}}],"collection":[{"href":"https:\/\/blog.erm.ee\/index.php?rest_route=\/wp\/v2\/posts"}],"about":[{"href":"https:\/\/blog.erm.ee\/index.php?rest_route=\/wp\/v2\/types\/post"}],"author":[{"embeddable":true,"href":"https:\/\/blog.erm.ee\/index.php?rest_route=\/wp\/v2\/users\/1"}],"replies":[{"embeddable":true,"href":"https:\/\/blog.erm.ee\/index.php?rest_route=%2Fwp%2Fv2%2Fcomments&post=15952"}],"version-history":[{"count":3,"href":"https:\/\/blog.erm.ee\/index.php?rest_route=\/wp\/v2\/posts\/15952\/revisions"}],"predecessor-version":[{"id":15957,"href":"https:\/\/blog.erm.ee\/index.php?rest_route=\/wp\/v2\/posts\/15952\/revisions\/15957"}],"wp:featuredmedia":[{"embeddable":true,"href":"https:\/\/blog.erm.ee\/index.php?rest_route=\/wp\/v2\/media\/15954"}],"wp:attachment":[{"href":"https:\/\/blog.erm.ee\/index.php?rest_route=%2Fwp%2Fv2%2Fmedia&parent=15952"}],"wp:term":[{"taxonomy":"category","embeddable":true,"href":"https:\/\/blog.erm.ee\/index.php?rest_route=%2Fwp%2Fv2%2Fcategories&post=15952"},{"taxonomy":"post_tag","embeddable":true,"href":"https:\/\/blog.erm.ee\/index.php?rest_route=%2Fwp%2Fv2%2Ftags&post=15952"}],"curies":[{"name":"wp","href":"https:\/\/api.w.org\/{rel}","templated":true}]}}