{"id":15915,"date":"2022-09-22T10:00:54","date_gmt":"2022-09-22T07:00:54","guid":{"rendered":"https:\/\/blog.erm.ee\/?p=15915"},"modified":"2022-09-21T15:30:53","modified_gmt":"2022-09-21T12:30:53","slug":"terve-eestiga-vahi-vastu-heategevusega-seotud-margid-eestis","status":"publish","type":"post","link":"https:\/\/blog.erm.ee\/?p=15915","title":{"rendered":"Terve Eestiga v\u00e4hi vastu. Heategevusega seotud margid Eestis"},"content":{"rendered":"<div class=\"fcbkbttn_buttons_block\" id=\"fcbkbttn_left\"><div class=\"fcbkbttn_like \"><fb:like href=\"https:\/\/blog.erm.ee\/?p=15915\" action=\"like\" colorscheme=\"light\" layout=\"standard\"  width=\"225px\" size=\"small\"><\/fb:like><\/div><div class=\"fb-share-button  \" data-href=\"https:\/\/blog.erm.ee\/?p=15915\" data-type=\"button\" data-size=\"small\"><\/div><\/div><p style=\"text-align: justify;\">Eve Aab, ERMi produtsent.<\/p>\n<p style=\"text-align: justify;\">\u00c4sja ilmunud heategevuslik mark \u201eV\u00e4hiliit\u201c kutsub k\u00f5iki andma oma panus v\u00f5itluseks v\u00e4hkt\u00f5vega. Siseriikliku nominaaliga (0.90 \u20ac) margile lisandub Eesti V\u00e4hiliidu toetuseks 1.00 \u20ac.<\/p>\n<div id=\"attachment_15916\" style=\"width: 834px\" class=\"wp-caption aligncenter\"><a href=\"https:\/\/blog.erm.ee\/wp-content\/uploads\/2022\/09\/Eesti_Vahiliit_mark_UUS_hall.jpg\"><img loading=\"lazy\" decoding=\"async\" aria-describedby=\"caption-attachment-15916\" data-attachment-id=\"15916\" data-permalink=\"https:\/\/blog.erm.ee\/?attachment_id=15916#main\" data-orig-file=\"https:\/\/blog.erm.ee\/wp-content\/uploads\/2022\/09\/Eesti_Vahiliit_mark_UUS_hall.jpg\" data-orig-size=\"824,600\" data-comments-opened=\"1\" data-image-meta=\"{&quot;aperture&quot;:&quot;0&quot;,&quot;credit&quot;:&quot;Administraator&quot;,&quot;camera&quot;:&quot;&quot;,&quot;caption&quot;:&quot;&quot;,&quot;created_timestamp&quot;:&quot;1455697152&quot;,&quot;copyright&quot;:&quot;&quot;,&quot;focal_length&quot;:&quot;0&quot;,&quot;iso&quot;:&quot;0&quot;,&quot;shutter_speed&quot;:&quot;0&quot;,&quot;title&quot;:&quot;&quot;,&quot;orientation&quot;:&quot;1&quot;}\" data-image-title=\"Eesti_Vahiliit_mark_UUS_hall\" data-image-description=\"\" data-image-caption=\"\" data-large-file=\"https:\/\/blog.erm.ee\/wp-content\/uploads\/2022\/09\/Eesti_Vahiliit_mark_UUS_hall.jpg\" class=\"wp-image-15916 size-full\" src=\"https:\/\/blog.erm.ee\/wp-content\/uploads\/2022\/09\/Eesti_Vahiliit_mark_UUS_hall.jpg\" alt=\"\" width=\"824\" height=\"600\" srcset=\"https:\/\/blog.erm.ee\/wp-content\/uploads\/2022\/09\/Eesti_Vahiliit_mark_UUS_hall.jpg 824w, https:\/\/blog.erm.ee\/wp-content\/uploads\/2022\/09\/Eesti_Vahiliit_mark_UUS_hall-300x218.jpg 300w, https:\/\/blog.erm.ee\/wp-content\/uploads\/2022\/09\/Eesti_Vahiliit_mark_UUS_hall-357x260.jpg 357w, https:\/\/blog.erm.ee\/wp-content\/uploads\/2022\/09\/Eesti_Vahiliit_mark_UUS_hall-768x559.jpg 768w\" sizes=\"auto, (max-width: 824px) 100vw, 824px\" \/><\/a><p id=\"caption-attachment-15916\" class=\"wp-caption-text\">Heategevuslik mark \u201eV\u00e4hiliit\u201c, 16.09.2022, kujundanud Indrek Ilves. Foto: Arp Kram<\/p><\/div>\n<p style=\"text-align: justify;\">Eesti V\u00e4hiliit t\u00e4histab sel aastal 30. tegevusaastat. Mittetulundus\u00fching on avalikes huvides tegutsev \u00fchendus, mille eesm\u00e4rgid on suunatud v\u00e4hkt\u00f5ve vastasele v\u00f5itlusele ja selle edendamisele Eestis.<\/p>\n<p style=\"text-align: justify;\">\u201eTerve Eestiga v\u00e4hi vastu!\u201c \u2013 suur s\u00f5num v\u00e4ikesel margil! Tahame ju k\u00f5ik terved olla, nii et \u00fchtlasi on see hea meedetuletus nii sinule endale kui su l\u00e4hikondsetele, kellele selle margiga kirja saadad: kas sa oled juba s\u00f5eluuringul k\u00e4inud!<\/p>\n<p style=\"text-align: justify;\">Ning hea m\u00f5te ettev\u00f5tetele: pange ka toetuseks \u00f5lg alla, margistades n\u00e4iteks \u00fche kuu jooksul k\u00f5ik v\u00e4ljasaadetavad kirjad hestegevusliku margiga \u201eV\u00e4hiliit\u201c.<\/p>\n<p style=\"text-align: justify;\"><strong>Heategevuslike markide ajalugu meil ja mujal <\/strong><\/p>\n<p style=\"text-align: justify;\">Heategevuslike ehk juurdemaksuga markide puhul ei l\u00e4he m\u00fc\u00fcgihind tervikuna postiteenuse eest tasumiseks, vaid osa sellest liigub m\u00f5nele teisele organisatsioonile v\u00f5i fondile.<\/p>\n<p style=\"text-align: justify;\">Esimesed juurdemaksuga postmargid andis v\u00e4lja Briti Austraalias asunud postivalitsus 1897. aastal ja n\u00f5nda kogutud lisamaksu kasutati kuninganna Victoria 60. valitsemisaasta t\u00e4histamiseks. Venemaa esimeste juurdemaksumarkidega koguti aga 1905. aastal raha s\u00f5jas orvuks j\u00e4\u00e4nud laste heaks.<\/p>\n<p style=\"text-align: justify;\">Eestis on 100 aasta jooksul v\u00e4lja antud 57 juurdemaksuga postmargi-v\u00e4ljaannet. Neist 45 aastatel 1920\u20131940 ja alates 1991. aastast kuni t\u00e4naseni 12 marki.<\/p>\n<p style=\"text-align: justify;\">Vaatame need margid \u00fcle\u2026<\/p>\n<div id=\"attachment_15922\" style=\"width: 1285px\" class=\"wp-caption aligncenter\"><a href=\"https:\/\/blog.erm.ee\/wp-content\/uploads\/2022\/09\/208_209_212_213.jpg\"><img loading=\"lazy\" decoding=\"async\" aria-describedby=\"caption-attachment-15922\" data-attachment-id=\"15922\" data-permalink=\"https:\/\/blog.erm.ee\/?attachment_id=15922#main\" data-orig-file=\"https:\/\/blog.erm.ee\/wp-content\/uploads\/2022\/09\/208_209_212_213.jpg\" data-orig-size=\"1275,1200\" data-comments-opened=\"1\" data-image-meta=\"{&quot;aperture&quot;:&quot;0&quot;,&quot;credit&quot;:&quot;&quot;,&quot;camera&quot;:&quot;&quot;,&quot;caption&quot;:&quot;&quot;,&quot;created_timestamp&quot;:&quot;0&quot;,&quot;copyright&quot;:&quot;&quot;,&quot;focal_length&quot;:&quot;0&quot;,&quot;iso&quot;:&quot;0&quot;,&quot;shutter_speed&quot;:&quot;0&quot;,&quot;title&quot;:&quot;&quot;,&quot;orientation&quot;:&quot;1&quot;}\" data-image-title=\"_208_209_212_213\" data-image-description=\"\" data-image-caption=\"\" data-large-file=\"https:\/\/blog.erm.ee\/wp-content\/uploads\/2022\/09\/208_209_212_213-1024x964.jpg\" class=\"wp-image-15922 size-full\" src=\"https:\/\/blog.erm.ee\/wp-content\/uploads\/2022\/09\/208_209_212_213.jpg\" alt=\"\" width=\"1275\" height=\"1200\" srcset=\"https:\/\/blog.erm.ee\/wp-content\/uploads\/2022\/09\/208_209_212_213.jpg 1275w, https:\/\/blog.erm.ee\/wp-content\/uploads\/2022\/09\/208_209_212_213-300x282.jpg 300w, https:\/\/blog.erm.ee\/wp-content\/uploads\/2022\/09\/208_209_212_213-1024x964.jpg 1024w, https:\/\/blog.erm.ee\/wp-content\/uploads\/2022\/09\/208_209_212_213-276x260.jpg 276w, https:\/\/blog.erm.ee\/wp-content\/uploads\/2022\/09\/208_209_212_213-768x723.jpg 768w\" sizes=\"auto, (max-width: 1275px) 100vw, 1275px\" \/><\/a><p id=\"caption-attachment-15922\" class=\"wp-caption-text\">Mark _208_209_212_213 vigastatud s\u00f5duritele, kujundanud Karl J\u00fcrgens. Foto: Arp Karm<\/p><\/div>\n<p style=\"text-align: justify;\">Eesti esimesed juurdemaksuga margid \u201eVigastatud s\u00f5duritele\u201c anti v\u00e4lja 22. juunil 1920 (70 + 15 penni) ja 26. juunil 1920 (35 + 10 p). Juurdemaksuga olid margid m\u00fc\u00fcgil 30. juunini 1921.<\/p>\n<div id=\"attachment_15923\" style=\"width: 1574px\" class=\"wp-caption aligncenter\"><a href=\"https:\/\/blog.erm.ee\/wp-content\/uploads\/2022\/09\/RT_55.jpg\"><img loading=\"lazy\" decoding=\"async\" aria-describedby=\"caption-attachment-15923\" data-attachment-id=\"15923\" data-permalink=\"https:\/\/blog.erm.ee\/?attachment_id=15923#main\" data-orig-file=\"https:\/\/blog.erm.ee\/wp-content\/uploads\/2022\/09\/RT_55.jpg\" data-orig-size=\"1564,1200\" data-comments-opened=\"1\" data-image-meta=\"{&quot;aperture&quot;:&quot;0&quot;,&quot;credit&quot;:&quot;&quot;,&quot;camera&quot;:&quot;&quot;,&quot;caption&quot;:&quot;&quot;,&quot;created_timestamp&quot;:&quot;0&quot;,&quot;copyright&quot;:&quot;&quot;,&quot;focal_length&quot;:&quot;0&quot;,&quot;iso&quot;:&quot;0&quot;,&quot;shutter_speed&quot;:&quot;0&quot;,&quot;title&quot;:&quot;&quot;,&quot;orientation&quot;:&quot;1&quot;}\" data-image-title=\"RT_55\" data-image-description=\"\" data-image-caption=\"\" data-large-file=\"https:\/\/blog.erm.ee\/wp-content\/uploads\/2022\/09\/RT_55-1024x786.jpg\" class=\"wp-image-15923 size-full\" src=\"https:\/\/blog.erm.ee\/wp-content\/uploads\/2022\/09\/RT_55.jpg\" alt=\"\" width=\"1564\" height=\"1200\" srcset=\"https:\/\/blog.erm.ee\/wp-content\/uploads\/2022\/09\/RT_55.jpg 1564w, https:\/\/blog.erm.ee\/wp-content\/uploads\/2022\/09\/RT_55-300x230.jpg 300w, https:\/\/blog.erm.ee\/wp-content\/uploads\/2022\/09\/RT_55-1024x786.jpg 1024w, https:\/\/blog.erm.ee\/wp-content\/uploads\/2022\/09\/RT_55-339x260.jpg 339w, https:\/\/blog.erm.ee\/wp-content\/uploads\/2022\/09\/RT_55-768x589.jpg 768w, https:\/\/blog.erm.ee\/wp-content\/uploads\/2022\/09\/RT_55-1536x1179.jpg 1536w\" sizes=\"auto, (max-width: 1564px) 100vw, 1564px\" \/><\/a><p id=\"caption-attachment-15923\" class=\"wp-caption-text\">Riigi Teataja, nr 55, 2. mai 1922, lk 257 (RT_55). Foto: Arp Kram<\/p><\/div>\n<p style=\"text-align: justify;\"><strong>Punase Risti heaks<\/strong><\/p>\n<p style=\"text-align: justify;\">P\u00e4ewaleht nr 104 (22.04.1921) annab teada: \u201eEesti Vabariigis antakse v\u00e4lja vabatahtlikuks tarvitamiseks harilikkude postmarkide k\u00f5rval ise\u00e4ralised postmargid k\u00f5rgendatud hindadega, mille m\u00fc\u00fcgist saadud puhastulu Eesti Punase Risti peavalitsusele l\u00e4heb, t\u00e4hendatud asutuse eesm\u00e4rkide teostamise kulude katteks.\u201c<\/p>\n<div id=\"attachment_15924\" style=\"width: 895px\" class=\"wp-caption aligncenter\"><a href=\"https:\/\/blog.erm.ee\/wp-content\/uploads\/2022\/09\/215_214.jpg\"><img loading=\"lazy\" decoding=\"async\" aria-describedby=\"caption-attachment-15924\" data-attachment-id=\"15924\" data-permalink=\"https:\/\/blog.erm.ee\/?attachment_id=15924#main\" data-orig-file=\"https:\/\/blog.erm.ee\/wp-content\/uploads\/2022\/09\/215_214.jpg\" data-orig-size=\"885,600\" data-comments-opened=\"1\" data-image-meta=\"{&quot;aperture&quot;:&quot;0&quot;,&quot;credit&quot;:&quot;&quot;,&quot;camera&quot;:&quot;&quot;,&quot;caption&quot;:&quot;&quot;,&quot;created_timestamp&quot;:&quot;0&quot;,&quot;copyright&quot;:&quot;&quot;,&quot;focal_length&quot;:&quot;0&quot;,&quot;iso&quot;:&quot;0&quot;,&quot;shutter_speed&quot;:&quot;0&quot;,&quot;title&quot;:&quot;&quot;,&quot;orientation&quot;:&quot;1&quot;}\" data-image-title=\"_215_214\" data-image-description=\"\" data-image-caption=\"\" data-large-file=\"https:\/\/blog.erm.ee\/wp-content\/uploads\/2022\/09\/215_214.jpg\" class=\"wp-image-15924 size-full\" src=\"https:\/\/blog.erm.ee\/wp-content\/uploads\/2022\/09\/215_214.jpg\" alt=\"\" width=\"885\" height=\"600\" srcset=\"https:\/\/blog.erm.ee\/wp-content\/uploads\/2022\/09\/215_214.jpg 885w, https:\/\/blog.erm.ee\/wp-content\/uploads\/2022\/09\/215_214-300x203.jpg 300w, https:\/\/blog.erm.ee\/wp-content\/uploads\/2022\/09\/215_214-384x260.jpg 384w, https:\/\/blog.erm.ee\/wp-content\/uploads\/2022\/09\/215_214-768x521.jpg 768w\" sizes=\"auto, (max-width: 885px) 100vw, 885px\" \/><\/a><p id=\"caption-attachment-15924\" class=\"wp-caption-text\">Mark _215_214. Heategevusv\u00e4ljaanne juurdemaksuga Eesti Punase Risti heaks, 1.08.1921, kujundanud Eduard Poland, Karl Triumph. Foto: Arp Karm<\/p><\/div>\n<p style=\"text-align: justify;\">Need margid ilmusid 1. augustil 1921 ja kehtisid 15. juunini 1926,\u00a0perforeeritud margid aga ilmusid 26. aprillil 1922 ning kehtisid 31. detsembrini 1927. Tundmatu autori jooniste p\u00f5hjal tegid markidele l\u00f5pliku kujunduse Karl Triumph ja Eduard Poland. Margil on kujutatud s\u00f5durit raviv \u00f5de.<\/p>\n<div id=\"attachment_15925\" style=\"width: 873px\" class=\"wp-caption aligncenter\"><a href=\"https:\/\/blog.erm.ee\/wp-content\/uploads\/2022\/09\/230_229.jpg\"><img loading=\"lazy\" decoding=\"async\" aria-describedby=\"caption-attachment-15925\" data-attachment-id=\"15925\" data-permalink=\"https:\/\/blog.erm.ee\/?attachment_id=15925#main\" data-orig-file=\"https:\/\/blog.erm.ee\/wp-content\/uploads\/2022\/09\/230_229.jpg\" data-orig-size=\"863,600\" data-comments-opened=\"1\" data-image-meta=\"{&quot;aperture&quot;:&quot;0&quot;,&quot;credit&quot;:&quot;&quot;,&quot;camera&quot;:&quot;&quot;,&quot;caption&quot;:&quot;&quot;,&quot;created_timestamp&quot;:&quot;0&quot;,&quot;copyright&quot;:&quot;&quot;,&quot;focal_length&quot;:&quot;0&quot;,&quot;iso&quot;:&quot;0&quot;,&quot;shutter_speed&quot;:&quot;0&quot;,&quot;title&quot;:&quot;&quot;,&quot;orientation&quot;:&quot;1&quot;}\" data-image-title=\"_230_229\" data-image-description=\"\" data-image-caption=\"\" data-large-file=\"https:\/\/blog.erm.ee\/wp-content\/uploads\/2022\/09\/230_229.jpg\" class=\"wp-image-15925 size-full\" src=\"https:\/\/blog.erm.ee\/wp-content\/uploads\/2022\/09\/230_229.jpg\" alt=\"\" width=\"863\" height=\"600\" srcset=\"https:\/\/blog.erm.ee\/wp-content\/uploads\/2022\/09\/230_229.jpg 863w, https:\/\/blog.erm.ee\/wp-content\/uploads\/2022\/09\/230_229-300x209.jpg 300w, https:\/\/blog.erm.ee\/wp-content\/uploads\/2022\/09\/230_229-374x260.jpg 374w, https:\/\/blog.erm.ee\/wp-content\/uploads\/2022\/09\/230_229-768x534.jpg 768w\" sizes=\"auto, (max-width: 863px) 100vw, 863px\" \/><\/a><p id=\"caption-attachment-15925\" class=\"wp-caption-text\">Mark _230_229. \u00a0\u00dcletr\u00fckk \u201eAita h\u00e4dalist\u201c Punase Risti markidel, 8.10.1923. Foto: Arp Karm<\/p><\/div>\n<p style=\"text-align: justify;\">Sama kujundusega margid Punase Risti heaks ilmusid uuesti 8.10.1923 <strong>\u00fcletr\u00fckiga \u201eAita h\u00e4dalist\u201c<\/strong>. Nende tr\u00fckiarv oli v\u00e4ike. M\u00f5lema (eri nominaaliga) l\u00f5igatud margi tiraa\u017e oli 10\u00a0080, perforeeritud markidel 9240. Horisontaalselt l\u00f5igatute puhul ainult 840 ja 830.<\/p>\n<div id=\"attachment_15926\" style=\"width: 859px\" class=\"wp-caption aligncenter\"><a href=\"https:\/\/blog.erm.ee\/wp-content\/uploads\/2022\/09\/240_216.jpg\"><img loading=\"lazy\" decoding=\"async\" aria-describedby=\"caption-attachment-15926\" data-attachment-id=\"15926\" data-permalink=\"https:\/\/blog.erm.ee\/?attachment_id=15926#main\" data-orig-file=\"https:\/\/blog.erm.ee\/wp-content\/uploads\/2022\/09\/240_216.jpg\" data-orig-size=\"849,600\" data-comments-opened=\"1\" data-image-meta=\"{&quot;aperture&quot;:&quot;0&quot;,&quot;credit&quot;:&quot;&quot;,&quot;camera&quot;:&quot;&quot;,&quot;caption&quot;:&quot;&quot;,&quot;created_timestamp&quot;:&quot;0&quot;,&quot;copyright&quot;:&quot;&quot;,&quot;focal_length&quot;:&quot;0&quot;,&quot;iso&quot;:&quot;0&quot;,&quot;shutter_speed&quot;:&quot;0&quot;,&quot;title&quot;:&quot;&quot;,&quot;orientation&quot;:&quot;1&quot;}\" data-image-title=\"_240_216\" data-image-description=\"\" data-image-caption=\"\" data-large-file=\"https:\/\/blog.erm.ee\/wp-content\/uploads\/2022\/09\/240_216.jpg\" class=\"wp-image-15926 size-full\" src=\"https:\/\/blog.erm.ee\/wp-content\/uploads\/2022\/09\/240_216.jpg\" alt=\"\" width=\"849\" height=\"600\" srcset=\"https:\/\/blog.erm.ee\/wp-content\/uploads\/2022\/09\/240_216.jpg 849w, https:\/\/blog.erm.ee\/wp-content\/uploads\/2022\/09\/240_216-300x212.jpg 300w, https:\/\/blog.erm.ee\/wp-content\/uploads\/2022\/09\/240_216-368x260.jpg 368w, https:\/\/blog.erm.ee\/wp-content\/uploads\/2022\/09\/240_216-768x543.jpg 768w\" sizes=\"auto, (max-width: 849px) 100vw, 849px\" \/><\/a><p id=\"caption-attachment-15926\" class=\"wp-caption-text\">Mark _240_216. Punane Rist, 15.06.1926, \u00fcletr\u00fckk. Foto: Arp Karm<\/p><\/div>\n<p style=\"text-align: justify;\">Kolmandat korda ilmusid sama kujundusega perforeeritud margid 15.06.1926 <strong>\u00fcletr\u00fckiga 5\/6 marka ja 10\/12 marka<\/strong>. Osa tiraa\u017eist anti Punasele Ristile edasi m\u00fc\u00fcmiseks, margid kehtisid kuni 29.02.1928.<\/p>\n<p style=\"text-align: justify;\">Vaata ka virtuaaln\u00e4itust \u201e<a href=\"https:\/\/www.erm.ee\/et\/content\/oma-riik-oma-mark-6osa\">Oma riik, oma mark<\/a>\u201c 6. osa<\/p>\n<p><strong>Eesti Vabaduss\u00f5ja M\u00e4lestuskomitee heaks<\/strong><\/p>\n<p style=\"text-align: justify;\">Teedeministeerium ja Eesti Vabaduss\u00f5ja M\u00e4lestuskomitee leppisid kokku, et Tallinna vabadussamba rajamiseks kogutakse raha postmargisarja v\u00e4ljaandmisega. Johann Naha\u00a0 kujundatud markidel on kujutatud linnavaateid: Kuressaare loss, Tartu toomkiriku varemed, Toompea Tallinnas, Narva Hermanni linnus ja Tallinna vanalinn. Markide m\u00fc\u00fcgihinnast pool oli margi frankeermisv\u00e4\u00e4rtuseks ja pool l\u00e4ks Vabadussamba Fondi.<\/p>\n<div id=\"attachment_15927\" style=\"width: 1634px\" class=\"wp-caption aligncenter\"><a href=\"https:\/\/blog.erm.ee\/wp-content\/uploads\/2022\/09\/462-_466.jpg\"><img loading=\"lazy\" decoding=\"async\" aria-describedby=\"caption-attachment-15927\" data-attachment-id=\"15927\" data-permalink=\"https:\/\/blog.erm.ee\/?attachment_id=15927#main\" data-orig-file=\"https:\/\/blog.erm.ee\/wp-content\/uploads\/2022\/09\/462-_466.jpg\" data-orig-size=\"1624,1200\" data-comments-opened=\"1\" data-image-meta=\"{&quot;aperture&quot;:&quot;0&quot;,&quot;credit&quot;:&quot;&quot;,&quot;camera&quot;:&quot;&quot;,&quot;caption&quot;:&quot;&quot;,&quot;created_timestamp&quot;:&quot;0&quot;,&quot;copyright&quot;:&quot;&quot;,&quot;focal_length&quot;:&quot;0&quot;,&quot;iso&quot;:&quot;0&quot;,&quot;shutter_speed&quot;:&quot;0&quot;,&quot;title&quot;:&quot;&quot;,&quot;orientation&quot;:&quot;1&quot;}\" data-image-title=\"_462-_466\" data-image-description=\"\" data-image-caption=\"\" data-large-file=\"https:\/\/blog.erm.ee\/wp-content\/uploads\/2022\/09\/462-_466-1024x757.jpg\" class=\"wp-image-15927 size-full\" src=\"https:\/\/blog.erm.ee\/wp-content\/uploads\/2022\/09\/462-_466.jpg\" alt=\"\" width=\"1624\" height=\"1200\" srcset=\"https:\/\/blog.erm.ee\/wp-content\/uploads\/2022\/09\/462-_466.jpg 1624w, https:\/\/blog.erm.ee\/wp-content\/uploads\/2022\/09\/462-_466-300x222.jpg 300w, https:\/\/blog.erm.ee\/wp-content\/uploads\/2022\/09\/462-_466-1024x757.jpg 1024w, https:\/\/blog.erm.ee\/wp-content\/uploads\/2022\/09\/462-_466-352x260.jpg 352w, https:\/\/blog.erm.ee\/wp-content\/uploads\/2022\/09\/462-_466-768x567.jpg 768w, https:\/\/blog.erm.ee\/wp-content\/uploads\/2022\/09\/462-_466-1536x1135.jpg 1536w\" sizes=\"auto, (max-width: 1624px) 100vw, 1624px\" \/><\/a><p id=\"caption-attachment-15927\" class=\"wp-caption-text\">Mark _462-_466. Linnavaated. Narva Hermanni linnus, Tallinna vanalinn, Toompea linnus, Tartu Toomkiriku varemed, Kuressaare linnus. 19.11.1927, kujundanud Johann Naha. Foto: Arp Karm<\/p><\/div>\n<p style=\"text-align: justify;\">V\u00e4iksemad margid v\u00e4\u00e4rtusega 5 + 5, 10 + 10 ja 12 + 12 marka olid m\u00fc\u00fcgil 100 margist koosnevate poognatena. Suuremad margid v\u00e4\u00e4rtusega 20 + 20 ja 40 + 40 marka aga 50 margist koosnevate poognatena.<\/p>\n<p style=\"text-align: justify;\">Margid olid poognate piires nummerdatud: numbrid on kantud valge v\u00e4rviga alumisse serva. Nii on iga \u00fcksiku margi puhul teada, kus see poognas on paiknenud. Postkontorid m\u00fc\u00fcsid neid marke ainult kuu aega, 19.11.\u2013 18.12.1927, postimaksevahendina kehtisid need kuni 18.01.1928.<\/p>\n<div id=\"attachment_15928\" style=\"width: 876px\" class=\"wp-caption aligncenter\"><a href=\"https:\/\/blog.erm.ee\/wp-content\/uploads\/2022\/09\/242-_245.jpg\"><img loading=\"lazy\" decoding=\"async\" aria-describedby=\"caption-attachment-15928\" data-attachment-id=\"15928\" data-permalink=\"https:\/\/blog.erm.ee\/?attachment_id=15928#main\" data-orig-file=\"https:\/\/blog.erm.ee\/wp-content\/uploads\/2022\/09\/242-_245.jpg\" data-orig-size=\"866,1200\" data-comments-opened=\"1\" data-image-meta=\"{&quot;aperture&quot;:&quot;0&quot;,&quot;credit&quot;:&quot;&quot;,&quot;camera&quot;:&quot;&quot;,&quot;caption&quot;:&quot;&quot;,&quot;created_timestamp&quot;:&quot;0&quot;,&quot;copyright&quot;:&quot;&quot;,&quot;focal_length&quot;:&quot;0&quot;,&quot;iso&quot;:&quot;0&quot;,&quot;shutter_speed&quot;:&quot;0&quot;,&quot;title&quot;:&quot;&quot;,&quot;orientation&quot;:&quot;1&quot;}\" data-image-title=\"_242-_245\" data-image-description=\"\" data-image-caption=\"\" data-large-file=\"https:\/\/blog.erm.ee\/wp-content\/uploads\/2022\/09\/242-_245-739x1024.jpg\" class=\"wp-image-15928 size-full\" src=\"https:\/\/blog.erm.ee\/wp-content\/uploads\/2022\/09\/242-_245.jpg\" alt=\"\" width=\"866\" height=\"1200\" srcset=\"https:\/\/blog.erm.ee\/wp-content\/uploads\/2022\/09\/242-_245.jpg 866w, https:\/\/blog.erm.ee\/wp-content\/uploads\/2022\/09\/242-_245-217x300.jpg 217w, https:\/\/blog.erm.ee\/wp-content\/uploads\/2022\/09\/242-_245-739x1024.jpg 739w, https:\/\/blog.erm.ee\/wp-content\/uploads\/2022\/09\/242-_245-188x260.jpg 188w, https:\/\/blog.erm.ee\/wp-content\/uploads\/2022\/09\/242-_245-768x1064.jpg 768w\" sizes=\"auto, (max-width: 866px) 100vw, 866px\" \/><\/a><p id=\"caption-attachment-15928\" class=\"wp-caption-text\">Mark _242-_245. Heategevusv\u00e4ljaanne juurdemaksuga Eesti Punase Risti heaks, 1.08.1931. Foto: Arp Karm<\/p><\/div>\n<p style=\"text-align: justify;\">Uue kujundusega juurdemaksuga Eesti Punase Risti heaks margid (neli nominaali) on kujundanud Karl Triumph.<\/p>\n<p style=\"text-align: justify;\"><strong>Tuberkuloosivastaseks v\u00f5itluseks<\/strong><\/p>\n<p>Tuberkuloosi vastu v\u00f5itlemine sai samuti rahalist tuge postmarkide heategevusv\u00e4ljaande abil. Kunstnik Ilmar N\u00f5va (Breiberg) kujundatud neljast postmargist koosnev sari ilmus 1.10.1933.<\/p>\n<p style=\"text-align: justify;\">K\u00f5igi tuberkuloosi vastu v\u00f5itlemise markide puhul lisandus postmargi frankeerimisv\u00e4\u00e4rtusele 3-sendine lisamaks Eesti Tuberkuloosi Vastu V\u00f5itlemise Liidule.<\/p>\n<div id=\"attachment_15929\" style=\"width: 1134px\" class=\"wp-caption aligncenter\"><a href=\"https:\/\/blog.erm.ee\/wp-content\/uploads\/2022\/09\/246-_249.jpg\"><img loading=\"lazy\" decoding=\"async\" aria-describedby=\"caption-attachment-15929\" data-attachment-id=\"15929\" data-permalink=\"https:\/\/blog.erm.ee\/?attachment_id=15929#main\" data-orig-file=\"https:\/\/blog.erm.ee\/wp-content\/uploads\/2022\/09\/246-_249.jpg\" data-orig-size=\"1124,1200\" data-comments-opened=\"1\" data-image-meta=\"{&quot;aperture&quot;:&quot;0&quot;,&quot;credit&quot;:&quot;&quot;,&quot;camera&quot;:&quot;&quot;,&quot;caption&quot;:&quot;&quot;,&quot;created_timestamp&quot;:&quot;0&quot;,&quot;copyright&quot;:&quot;&quot;,&quot;focal_length&quot;:&quot;0&quot;,&quot;iso&quot;:&quot;0&quot;,&quot;shutter_speed&quot;:&quot;0&quot;,&quot;title&quot;:&quot;&quot;,&quot;orientation&quot;:&quot;1&quot;}\" data-image-title=\"_246-_249\" data-image-description=\"\" data-image-caption=\"\" data-large-file=\"https:\/\/blog.erm.ee\/wp-content\/uploads\/2022\/09\/246-_249-959x1024.jpg\" class=\"wp-image-15929 size-full\" src=\"https:\/\/blog.erm.ee\/wp-content\/uploads\/2022\/09\/246-_249.jpg\" alt=\"\" width=\"1124\" height=\"1200\" srcset=\"https:\/\/blog.erm.ee\/wp-content\/uploads\/2022\/09\/246-_249.jpg 1124w, https:\/\/blog.erm.ee\/wp-content\/uploads\/2022\/09\/246-_249-281x300.jpg 281w, https:\/\/blog.erm.ee\/wp-content\/uploads\/2022\/09\/246-_249-959x1024.jpg 959w, https:\/\/blog.erm.ee\/wp-content\/uploads\/2022\/09\/246-_249-244x260.jpg 244w, https:\/\/blog.erm.ee\/wp-content\/uploads\/2022\/09\/246-_249-768x820.jpg 768w\" sizes=\"auto, (max-width: 1124px) 100vw, 1124px\" \/><\/a><p id=\"caption-attachment-15929\" class=\"wp-caption-text\">Mark _246-_249.\u00a0Heategevusv\u00e4ljaanne v\u00f5itluseks tuberkuloosi vastu, 1.10.1933, kujundas Ilmar N\u00f5va (Breiberg). Foto: Arp Karm<\/p><\/div>\n<p style=\"text-align: justify;\">Margid olid m\u00fc\u00fcgil 1.10.1933\u201330.09.1934, m\u00fc\u00fcmata j\u00e4\u00e4nud postmargid koguti kokku ning h\u00e4vitati 30.01.1935. Postimaksevahendina kehtisid margid 30. septembrini 1935.<\/p>\n<p style=\"text-align: justify;\"><strong>Caritase margid<\/strong><\/p>\n<p style=\"text-align: justify;\">Riigi Teataja nr 86, 1935 (lk 2014):<\/p>\n<p style=\"text-align: justify;\">Sihtasutis \u00dchisabi heaks kuuluva lisamaksuga postmarkide v\u00e4ljaandmise m\u00e4\u00e4rus.<\/p>\n<p>\u00a7 4. Margid valmistatakse sihtasutis \u00dchisabi kulul. Nende kavandite valmistamist, markide tellimist, arvete tasumist, m\u00fc\u00fcgi korraldusi ja m\u00fc\u00fcgist \u00fclej\u00e4\u00e4nud markide realiseerimist toimetatakse postivalitsuse ja sihtasutis \u00dchisabi vahelise Teedeministri poolt kinnitatud kokkuleppe p\u00f5hjal.\u201c<\/p>\n<p style=\"text-align: justify;\">Eesti Punase Risti juures tegutseva ajutise sihtasutuse \u00dchisabi p\u00f5him\u00e4\u00e4ruse kinnitas Vabariigi Valitsus 3. jaanuaril 1931. SA pea\u00fclesandeks oli p\u00f5him\u00e4\u00e4ruse \u00a7 1 kohaselt \u201e\u2026 abiandmine puudustkannatavatele kodanikkudele, esmajoones lastele, haigetele ja vanadele\u201c. Tegevuspiirkonnaks oli Tallinna linn (\u00a7 4) ja asutus koosnes 22 \u00fchiskondliku, seltskondliku ja ideelise organisatsiooni esindajaist (\u00a7 7). Caritase sarja markide v\u00e4ljaandmise ajal oli \u00dchisabi esinaiseks Marianne Pung (president K. P\u00e4tsi \u00f5de).<\/p>\n<div id=\"attachment_15930\" style=\"width: 1006px\" class=\"wp-caption aligncenter\"><a href=\"https:\/\/blog.erm.ee\/wp-content\/uploads\/2022\/09\/468-_471.jpg\"><img loading=\"lazy\" decoding=\"async\" aria-describedby=\"caption-attachment-15930\" data-attachment-id=\"15930\" data-permalink=\"https:\/\/blog.erm.ee\/?attachment_id=15930#main\" data-orig-file=\"https:\/\/blog.erm.ee\/wp-content\/uploads\/2022\/09\/468-_471.jpg\" data-orig-size=\"996,1200\" data-comments-opened=\"1\" data-image-meta=\"{&quot;aperture&quot;:&quot;0&quot;,&quot;credit&quot;:&quot;&quot;,&quot;camera&quot;:&quot;&quot;,&quot;caption&quot;:&quot;&quot;,&quot;created_timestamp&quot;:&quot;0&quot;,&quot;copyright&quot;:&quot;&quot;,&quot;focal_length&quot;:&quot;0&quot;,&quot;iso&quot;:&quot;0&quot;,&quot;shutter_speed&quot;:&quot;0&quot;,&quot;title&quot;:&quot;&quot;,&quot;orientation&quot;:&quot;1&quot;}\" data-image-title=\"_468-_471\" data-image-description=\"\" data-image-caption=\"\" data-large-file=\"https:\/\/blog.erm.ee\/wp-content\/uploads\/2022\/09\/468-_471-850x1024.jpg\" class=\"wp-image-15930 size-full\" src=\"https:\/\/blog.erm.ee\/wp-content\/uploads\/2022\/09\/468-_471.jpg\" alt=\"\" width=\"996\" height=\"1200\" srcset=\"https:\/\/blog.erm.ee\/wp-content\/uploads\/2022\/09\/468-_471.jpg 996w, https:\/\/blog.erm.ee\/wp-content\/uploads\/2022\/09\/468-_471-249x300.jpg 249w, https:\/\/blog.erm.ee\/wp-content\/uploads\/2022\/09\/468-_471-850x1024.jpg 850w, https:\/\/blog.erm.ee\/wp-content\/uploads\/2022\/09\/468-_471-216x260.jpg 216w, https:\/\/blog.erm.ee\/wp-content\/uploads\/2022\/09\/468-_471-768x925.jpg 768w\" sizes=\"auto, (max-width: 996px) 100vw, 996px\" \/><\/a><p id=\"caption-attachment-15930\" class=\"wp-caption-text\">Mark _468-_471.\u00a0Caritas. Heategevusv\u00e4ljaanne \u00dchisabi heaks. Eesti linnade vapid. Tallinna, Tartu, Narva ja P\u00e4rnu vapp. 1.02.1936, kujundanud Axel Roosman. Foto: Arp Kram<\/p><\/div>\n<p style=\"text-align: justify;\">Vabariigi valitsuse m\u00e4\u00e4ruse kohaselt oli Caritase markide sarja m\u00fc\u00fcgiaeg postiasutustes \u00fcheksa kuud ja frankeerimiskehtivus \u00fcks aasta arvestades nende m\u00fc\u00fcgile tuleku p\u00e4evast postiasutuses.<\/p>\n<div id=\"attachment_15931\" style=\"width: 1000px\" class=\"wp-caption aligncenter\"><a href=\"https:\/\/blog.erm.ee\/wp-content\/uploads\/2022\/09\/472-_475.jpg\"><img loading=\"lazy\" decoding=\"async\" aria-describedby=\"caption-attachment-15931\" data-attachment-id=\"15931\" data-permalink=\"https:\/\/blog.erm.ee\/?attachment_id=15931#main\" data-orig-file=\"https:\/\/blog.erm.ee\/wp-content\/uploads\/2022\/09\/472-_475.jpg\" data-orig-size=\"990,1200\" data-comments-opened=\"1\" data-image-meta=\"{&quot;aperture&quot;:&quot;0&quot;,&quot;credit&quot;:&quot;&quot;,&quot;camera&quot;:&quot;&quot;,&quot;caption&quot;:&quot;&quot;,&quot;created_timestamp&quot;:&quot;0&quot;,&quot;copyright&quot;:&quot;&quot;,&quot;focal_length&quot;:&quot;0&quot;,&quot;iso&quot;:&quot;0&quot;,&quot;shutter_speed&quot;:&quot;0&quot;,&quot;title&quot;:&quot;&quot;,&quot;orientation&quot;:&quot;1&quot;}\" data-image-title=\"_472-_475\" data-image-description=\"\" data-image-caption=\"\" data-large-file=\"https:\/\/blog.erm.ee\/wp-content\/uploads\/2022\/09\/472-_475-845x1024.jpg\" class=\"wp-image-15931 size-full\" src=\"https:\/\/blog.erm.ee\/wp-content\/uploads\/2022\/09\/472-_475.jpg\" alt=\"\" width=\"990\" height=\"1200\" srcset=\"https:\/\/blog.erm.ee\/wp-content\/uploads\/2022\/09\/472-_475.jpg 990w, https:\/\/blog.erm.ee\/wp-content\/uploads\/2022\/09\/472-_475-248x300.jpg 248w, https:\/\/blog.erm.ee\/wp-content\/uploads\/2022\/09\/472-_475-845x1024.jpg 845w, https:\/\/blog.erm.ee\/wp-content\/uploads\/2022\/09\/472-_475-215x260.jpg 215w, https:\/\/blog.erm.ee\/wp-content\/uploads\/2022\/09\/472-_475-768x931.jpg 768w\" sizes=\"auto, (max-width: 990px) 100vw, 990px\" \/><\/a><p id=\"caption-attachment-15931\" class=\"wp-caption-text\">Mark _472-_475.\u00a0Caritas. Heategevusv\u00e4ljaanne \u00dchisabi heaks. Eesti linnade vapid. Viljandi, Valga, Rakvere ja Paide vapp. 2.01.1937, kujundanud Axel Roosman. Foto: Arp Karm<\/p><\/div>\n<div id=\"attachment_15932\" style=\"width: 1012px\" class=\"wp-caption aligncenter\"><a href=\"https:\/\/blog.erm.ee\/wp-content\/uploads\/2022\/09\/476-_479.jpg\"><img loading=\"lazy\" decoding=\"async\" aria-describedby=\"caption-attachment-15932\" data-attachment-id=\"15932\" data-permalink=\"https:\/\/blog.erm.ee\/?attachment_id=15932#main\" data-orig-file=\"https:\/\/blog.erm.ee\/wp-content\/uploads\/2022\/09\/476-_479.jpg\" data-orig-size=\"1002,1199\" data-comments-opened=\"1\" data-image-meta=\"{&quot;aperture&quot;:&quot;0&quot;,&quot;credit&quot;:&quot;&quot;,&quot;camera&quot;:&quot;&quot;,&quot;caption&quot;:&quot;&quot;,&quot;created_timestamp&quot;:&quot;0&quot;,&quot;copyright&quot;:&quot;&quot;,&quot;focal_length&quot;:&quot;0&quot;,&quot;iso&quot;:&quot;0&quot;,&quot;shutter_speed&quot;:&quot;0&quot;,&quot;title&quot;:&quot;&quot;,&quot;orientation&quot;:&quot;1&quot;}\" data-image-title=\"_476-_479\" data-image-description=\"\" data-image-caption=\"\" data-large-file=\"https:\/\/blog.erm.ee\/wp-content\/uploads\/2022\/09\/476-_479-856x1024.jpg\" class=\"wp-image-15932 size-full\" src=\"https:\/\/blog.erm.ee\/wp-content\/uploads\/2022\/09\/476-_479.jpg\" alt=\"\" width=\"1002\" height=\"1199\" srcset=\"https:\/\/blog.erm.ee\/wp-content\/uploads\/2022\/09\/476-_479.jpg 1002w, https:\/\/blog.erm.ee\/wp-content\/uploads\/2022\/09\/476-_479-251x300.jpg 251w, https:\/\/blog.erm.ee\/wp-content\/uploads\/2022\/09\/476-_479-856x1024.jpg 856w, https:\/\/blog.erm.ee\/wp-content\/uploads\/2022\/09\/476-_479-217x260.jpg 217w, https:\/\/blog.erm.ee\/wp-content\/uploads\/2022\/09\/476-_479-768x919.jpg 768w\" sizes=\"auto, (max-width: 1002px) 100vw, 1002px\" \/><\/a><p id=\"caption-attachment-15932\" class=\"wp-caption-text\">Mark _476-_479.\u00a0Caritas. Heategevusv\u00e4ljaanne \u00dchisabi heaks. Eesti linnade vapid. Kuressaare, Haapsalu, Paldiski ja V\u00f5ru vapp. 21.01.1938, kujundanud Mihail Sidorov. Foto: Arp Karm<\/p><\/div>\n<p style=\"text-align: justify;\">Sihtasutus \u00dchisabi h\u00e4vitas markide \u00fclej\u00e4\u00e4gi p\u00f5letamise teel Eesti Panga keskk\u00fctte ruumis. Juures viibisid ka filatelistide ja ajakirjanduse esindajad ja selle kohta koostati iga kord protokoll. Andmed h\u00e4vitatud markide kohta avaldati ka Tallinnas ilmunud filatelistide ajakirjas Estonia.<\/p>\n<div id=\"attachment_15933\" style=\"width: 887px\" class=\"wp-caption aligncenter\"><a href=\"https:\/\/blog.erm.ee\/wp-content\/uploads\/2022\/09\/1009.jpg\"><img loading=\"lazy\" decoding=\"async\" aria-describedby=\"caption-attachment-15933\" data-attachment-id=\"15933\" data-permalink=\"https:\/\/blog.erm.ee\/?attachment_id=15933#main\" data-orig-file=\"https:\/\/blog.erm.ee\/wp-content\/uploads\/2022\/09\/1009.jpg\" data-orig-size=\"877,1201\" data-comments-opened=\"1\" data-image-meta=\"{&quot;aperture&quot;:&quot;0&quot;,&quot;credit&quot;:&quot;&quot;,&quot;camera&quot;:&quot;&quot;,&quot;caption&quot;:&quot;&quot;,&quot;created_timestamp&quot;:&quot;0&quot;,&quot;copyright&quot;:&quot;&quot;,&quot;focal_length&quot;:&quot;0&quot;,&quot;iso&quot;:&quot;0&quot;,&quot;shutter_speed&quot;:&quot;0&quot;,&quot;title&quot;:&quot;&quot;,&quot;orientation&quot;:&quot;1&quot;}\" data-image-title=\"_1009\" data-image-description=\"\" data-image-caption=\"\" data-large-file=\"https:\/\/blog.erm.ee\/wp-content\/uploads\/2022\/09\/1009-748x1024.jpg\" class=\"wp-image-15933 size-full\" src=\"https:\/\/blog.erm.ee\/wp-content\/uploads\/2022\/09\/1009.jpg\" alt=\"\" width=\"877\" height=\"1201\" srcset=\"https:\/\/blog.erm.ee\/wp-content\/uploads\/2022\/09\/1009.jpg 877w, https:\/\/blog.erm.ee\/wp-content\/uploads\/2022\/09\/1009-219x300.jpg 219w, https:\/\/blog.erm.ee\/wp-content\/uploads\/2022\/09\/1009-748x1024.jpg 748w, https:\/\/blog.erm.ee\/wp-content\/uploads\/2022\/09\/1009-190x260.jpg 190w, https:\/\/blog.erm.ee\/wp-content\/uploads\/2022\/09\/1009-768x1052.jpg 768w\" sizes=\"auto, (max-width: 877px) 100vw, 877px\" \/><\/a><p id=\"caption-attachment-15933\" class=\"wp-caption-text\">Mark _1009.\u00a0Caritas. Heategevusv\u00e4ljaanne \u201e\u00dchisabi\u201c heaks. Eesti linnade vapid. Margiplokk, 21.01.1938, kujundanud Mihail Sidorov. Foto: Arp Kram<\/p><\/div>\n<p style=\"text-align: justify;\">Margiplokk oli m\u00fc\u00fcgil kuni 20. oktoobrini 1938 ja margid kehtisid 20. jaanuarini 1939. Tiraa\u017e 40\u00a0000.<\/p>\n<div id=\"attachment_15934\" style=\"width: 1018px\" class=\"wp-caption aligncenter\"><a href=\"https:\/\/blog.erm.ee\/wp-content\/uploads\/2022\/09\/481-_485.jpg\"><img loading=\"lazy\" decoding=\"async\" aria-describedby=\"caption-attachment-15934\" data-attachment-id=\"15934\" data-permalink=\"https:\/\/blog.erm.ee\/?attachment_id=15934#main\" data-orig-file=\"https:\/\/blog.erm.ee\/wp-content\/uploads\/2022\/09\/481-_485.jpg\" data-orig-size=\"1008,1200\" data-comments-opened=\"1\" data-image-meta=\"{&quot;aperture&quot;:&quot;0&quot;,&quot;credit&quot;:&quot;&quot;,&quot;camera&quot;:&quot;&quot;,&quot;caption&quot;:&quot;&quot;,&quot;created_timestamp&quot;:&quot;0&quot;,&quot;copyright&quot;:&quot;&quot;,&quot;focal_length&quot;:&quot;0&quot;,&quot;iso&quot;:&quot;0&quot;,&quot;shutter_speed&quot;:&quot;0&quot;,&quot;title&quot;:&quot;&quot;,&quot;orientation&quot;:&quot;1&quot;}\" data-image-title=\"_481-_485\" data-image-description=\"\" data-image-caption=\"\" data-large-file=\"https:\/\/blog.erm.ee\/wp-content\/uploads\/2022\/09\/481-_485-860x1024.jpg\" class=\"wp-image-15934 size-full\" src=\"https:\/\/blog.erm.ee\/wp-content\/uploads\/2022\/09\/481-_485.jpg\" alt=\"\" width=\"1008\" height=\"1200\" srcset=\"https:\/\/blog.erm.ee\/wp-content\/uploads\/2022\/09\/481-_485.jpg 1008w, https:\/\/blog.erm.ee\/wp-content\/uploads\/2022\/09\/481-_485-252x300.jpg 252w, https:\/\/blog.erm.ee\/wp-content\/uploads\/2022\/09\/481-_485-860x1024.jpg 860w, https:\/\/blog.erm.ee\/wp-content\/uploads\/2022\/09\/481-_485-218x260.jpg 218w, https:\/\/blog.erm.ee\/wp-content\/uploads\/2022\/09\/481-_485-768x914.jpg 768w\" sizes=\"auto, (max-width: 1008px) 100vw, 1008px\" \/><\/a><p id=\"caption-attachment-15934\" class=\"wp-caption-text\">Mark _481-_485.\u00a0Caritas. Heategevusv\u00e4ljaanne \u00dchisabi heaks. Eesti maakondade vapid. Harjumaa, Tartumaa,\u00a0 P\u00e4rnumaaja Viljandimaa vapp. 10.01.1939, kujundanud G\u00fcnter Reindorff. Foto: Arp Karm<\/p><\/div>\n<p>1939. aasta markide \u00fclej\u00e4\u00e4gid h\u00e4vitati veebruaris 1940, andmed selle kohta puuduvad. T\u00f5en\u00e4oliselt olid kogused v\u00e4iksed.<\/p>\n<div id=\"attachment_15935\" style=\"width: 831px\" class=\"wp-caption aligncenter\"><a href=\"https:\/\/blog.erm.ee\/wp-content\/uploads\/2022\/09\/1010.jpg\"><img loading=\"lazy\" decoding=\"async\" aria-describedby=\"caption-attachment-15935\" data-attachment-id=\"15935\" data-permalink=\"https:\/\/blog.erm.ee\/?attachment_id=15935#main\" data-orig-file=\"https:\/\/blog.erm.ee\/wp-content\/uploads\/2022\/09\/1010.jpg\" data-orig-size=\"821,1199\" data-comments-opened=\"1\" data-image-meta=\"{&quot;aperture&quot;:&quot;0&quot;,&quot;credit&quot;:&quot;&quot;,&quot;camera&quot;:&quot;&quot;,&quot;caption&quot;:&quot;&quot;,&quot;created_timestamp&quot;:&quot;0&quot;,&quot;copyright&quot;:&quot;&quot;,&quot;focal_length&quot;:&quot;0&quot;,&quot;iso&quot;:&quot;0&quot;,&quot;shutter_speed&quot;:&quot;0&quot;,&quot;title&quot;:&quot;&quot;,&quot;orientation&quot;:&quot;1&quot;}\" data-image-title=\"_1010\" data-image-description=\"\" data-image-caption=\"\" data-large-file=\"https:\/\/blog.erm.ee\/wp-content\/uploads\/2022\/09\/1010-701x1024.jpg\" class=\"wp-image-15935 size-full\" src=\"https:\/\/blog.erm.ee\/wp-content\/uploads\/2022\/09\/1010.jpg\" alt=\"\" width=\"821\" height=\"1199\" srcset=\"https:\/\/blog.erm.ee\/wp-content\/uploads\/2022\/09\/1010.jpg 821w, https:\/\/blog.erm.ee\/wp-content\/uploads\/2022\/09\/1010-205x300.jpg 205w, https:\/\/blog.erm.ee\/wp-content\/uploads\/2022\/09\/1010-701x1024.jpg 701w, https:\/\/blog.erm.ee\/wp-content\/uploads\/2022\/09\/1010-178x260.jpg 178w, https:\/\/blog.erm.ee\/wp-content\/uploads\/2022\/09\/1010-768x1122.jpg 768w\" sizes=\"auto, (max-width: 821px) 100vw, 821px\" \/><\/a><p id=\"caption-attachment-15935\" class=\"wp-caption-text\">Mark _1010.\u00a0Caritas. Heategevusv\u00e4ljaanne \u00dchisabi heaks. Eesti maakondade vapid. Margiplokk, 10.01.1939, kujundanud G\u00fcnter Reindorff. Foto: Arp Karm<\/p><\/div>\n<p style=\"text-align: justify;\">Margiplokk oli m\u00fc\u00fcgil kuni 10. oktoobrini 1939 ja margi kehtisid 10. jaanuarini 1940. Tiraa\u017e 32\u00a0000.<\/p>\n<div id=\"attachment_15936\" style=\"width: 1036px\" class=\"wp-caption aligncenter\"><a href=\"https:\/\/blog.erm.ee\/wp-content\/uploads\/2022\/09\/251-_254.jpg\"><img loading=\"lazy\" decoding=\"async\" aria-describedby=\"caption-attachment-15936\" data-attachment-id=\"15936\" data-permalink=\"https:\/\/blog.erm.ee\/?attachment_id=15936#main\" data-orig-file=\"https:\/\/blog.erm.ee\/wp-content\/uploads\/2022\/09\/251-_254.jpg\" data-orig-size=\"1026,1200\" data-comments-opened=\"1\" data-image-meta=\"{&quot;aperture&quot;:&quot;0&quot;,&quot;credit&quot;:&quot;&quot;,&quot;camera&quot;:&quot;&quot;,&quot;caption&quot;:&quot;&quot;,&quot;created_timestamp&quot;:&quot;0&quot;,&quot;copyright&quot;:&quot;&quot;,&quot;focal_length&quot;:&quot;0&quot;,&quot;iso&quot;:&quot;0&quot;,&quot;shutter_speed&quot;:&quot;0&quot;,&quot;title&quot;:&quot;&quot;,&quot;orientation&quot;:&quot;1&quot;}\" data-image-title=\"_251-_254\" data-image-description=\"\" data-image-caption=\"\" data-large-file=\"https:\/\/blog.erm.ee\/wp-content\/uploads\/2022\/09\/251-_254-876x1024.jpg\" class=\"wp-image-15936 size-full\" src=\"https:\/\/blog.erm.ee\/wp-content\/uploads\/2022\/09\/251-_254.jpg\" alt=\"\" width=\"1026\" height=\"1200\" srcset=\"https:\/\/blog.erm.ee\/wp-content\/uploads\/2022\/09\/251-_254.jpg 1026w, https:\/\/blog.erm.ee\/wp-content\/uploads\/2022\/09\/251-_254-257x300.jpg 257w, https:\/\/blog.erm.ee\/wp-content\/uploads\/2022\/09\/251-_254-876x1024.jpg 876w, https:\/\/blog.erm.ee\/wp-content\/uploads\/2022\/09\/251-_254-222x260.jpg 222w, https:\/\/blog.erm.ee\/wp-content\/uploads\/2022\/09\/251-_254-768x898.jpg 768w\" sizes=\"auto, (max-width: 1026px) 100vw, 1026px\" \/><\/a><p id=\"caption-attachment-15936\" class=\"wp-caption-text\">Mark _251-_254.\u00a0Caritas. Heategevusv\u00e4ljaanne \u00dchisabi heaks. Eesti maakondade vapid. Saaremaa, L\u00e4\u00e4nemaa, J\u00e4rvamaa ja V\u00f5rumaa vapp. 2.01.1940, kujundanud G\u00fcnter Reindorff. Foto: Arp Karm<\/p><\/div>\n<ol style=\"text-align: justify;\" start=\"1940\">\n<li>aasta markide \u00fclej\u00e4\u00e4k j\u00e4i s\u00f5jas\u00fcndmuste t\u00f5ttu h\u00e4vitamata. Kuhu need sattusid, pole teada.<\/li>\n<\/ol>\n<p style=\"text-align: justify;\"><strong>\u00a0<\/strong><strong>Heategevuslikud margid alates 1992. aastat<\/strong><\/p>\n<div id=\"attachment_15937\" style=\"width: 1513px\" class=\"wp-caption aligncenter\"><a href=\"https:\/\/blog.erm.ee\/wp-content\/uploads\/2022\/09\/667-_669.jpg\"><img loading=\"lazy\" decoding=\"async\" aria-describedby=\"caption-attachment-15937\" data-attachment-id=\"15937\" data-permalink=\"https:\/\/blog.erm.ee\/?attachment_id=15937#main\" data-orig-file=\"https:\/\/blog.erm.ee\/wp-content\/uploads\/2022\/09\/667-_669.jpg\" data-orig-size=\"1503,600\" data-comments-opened=\"1\" data-image-meta=\"{&quot;aperture&quot;:&quot;0&quot;,&quot;credit&quot;:&quot;&quot;,&quot;camera&quot;:&quot;&quot;,&quot;caption&quot;:&quot;&quot;,&quot;created_timestamp&quot;:&quot;0&quot;,&quot;copyright&quot;:&quot;&quot;,&quot;focal_length&quot;:&quot;0&quot;,&quot;iso&quot;:&quot;0&quot;,&quot;shutter_speed&quot;:&quot;0&quot;,&quot;title&quot;:&quot;&quot;,&quot;orientation&quot;:&quot;1&quot;}\" data-image-title=\"_667-_669\" data-image-description=\"\" data-image-caption=\"\" data-large-file=\"https:\/\/blog.erm.ee\/wp-content\/uploads\/2022\/09\/667-_669-1024x409.jpg\" class=\"wp-image-15937 size-full\" src=\"https:\/\/blog.erm.ee\/wp-content\/uploads\/2022\/09\/667-_669.jpg\" alt=\"\" width=\"1503\" height=\"600\" srcset=\"https:\/\/blog.erm.ee\/wp-content\/uploads\/2022\/09\/667-_669.jpg 1503w, https:\/\/blog.erm.ee\/wp-content\/uploads\/2022\/09\/667-_669-300x120.jpg 300w, https:\/\/blog.erm.ee\/wp-content\/uploads\/2022\/09\/667-_669-1024x409.jpg 1024w, https:\/\/blog.erm.ee\/wp-content\/uploads\/2022\/09\/667-_669-460x184.jpg 460w, https:\/\/blog.erm.ee\/wp-content\/uploads\/2022\/09\/667-_669-768x307.jpg 768w\" sizes=\"auto, (max-width: 1503px) 100vw, 1503px\" \/><\/a><p id=\"caption-attachment-15937\" class=\"wp-caption-text\">Mark _667-_669.\u00a01992. aasta ol\u00fcmpiam\u00e4ngud Barcelonas, 22.06.1992, kujundanud T\u00f5nis Vint. Foto: Arp Karm<\/p><\/div>\n<p style=\"text-align: justify;\">Margi nimiv\u00e4\u00e4rtus on rublades: 5.00 rbl + 2.50 rbl, 3.00 rbl\u00a0+ 1.50 rbl, 1.00 rbl\u00a0+ 0.50 rbl<\/p>\n<p style=\"text-align: justify;\">Frankeerimisv\u00e4\u00e4rtus 50 senti, 30 senti ja 10 senti. M\u00fc\u00fcgihind 75 senti, 45 senti ja 15 senti. Margid kehtisid kuni 30. juuni 1993. Juurdemaks l\u00e4ks Eesti Rahvusliku Ol\u00fcmpiakomitee heaks.<\/p>\n<p>20 juuni 1992 v\u00f5eti taasiseseisvunud Eesti raha\u00fchikuna taas kasutusele Eesti krooni. Rublad vahetati kolme p\u00e4eva jooksul kroonideks. 1500 rubla muutus 150 Eesti krooniks (kurss seega 10:1).<\/p>\n<div id=\"attachment_15938\" style=\"width: 514px\" class=\"wp-caption aligncenter\"><a href=\"https:\/\/blog.erm.ee\/wp-content\/uploads\/2022\/09\/671.jpg\"><img loading=\"lazy\" decoding=\"async\" aria-describedby=\"caption-attachment-15938\" data-attachment-id=\"15938\" data-permalink=\"https:\/\/blog.erm.ee\/?attachment_id=15938#main\" data-orig-file=\"https:\/\/blog.erm.ee\/wp-content\/uploads\/2022\/09\/671.jpg\" data-orig-size=\"508,600\" data-comments-opened=\"1\" data-image-meta=\"{&quot;aperture&quot;:&quot;0&quot;,&quot;credit&quot;:&quot;&quot;,&quot;camera&quot;:&quot;&quot;,&quot;caption&quot;:&quot;&quot;,&quot;created_timestamp&quot;:&quot;0&quot;,&quot;copyright&quot;:&quot;&quot;,&quot;focal_length&quot;:&quot;0&quot;,&quot;iso&quot;:&quot;0&quot;,&quot;shutter_speed&quot;:&quot;0&quot;,&quot;title&quot;:&quot;&quot;,&quot;orientation&quot;:&quot;1&quot;}\" data-image-title=\"_671\" data-image-description=\"\" data-image-caption=\"\" data-large-file=\"https:\/\/blog.erm.ee\/wp-content\/uploads\/2022\/09\/671.jpg\" class=\"wp-image-15938 size-full\" src=\"https:\/\/blog.erm.ee\/wp-content\/uploads\/2022\/09\/671.jpg\" alt=\"\" width=\"508\" height=\"600\" srcset=\"https:\/\/blog.erm.ee\/wp-content\/uploads\/2022\/09\/671.jpg 508w, https:\/\/blog.erm.ee\/wp-content\/uploads\/2022\/09\/671-254x300.jpg 254w, https:\/\/blog.erm.ee\/wp-content\/uploads\/2022\/09\/671-220x260.jpg 220w\" sizes=\"auto, (max-width: 508px) 100vw, 508px\" \/><\/a><p id=\"caption-attachment-15938\" class=\"wp-caption-text\">Mark _671. 1. L\u00e4\u00e4nemeremaade m\u00e4ngud, 9.06.11993, kujundanud Marko Keki\u0161ev. Foto: Arp Karm<\/p><\/div>\n<p style=\"text-align: justify;\">L\u00e4\u00e4nemeremaade m\u00e4ngude puhul anti v\u00e4lja kolm marki. \u00dcks neist oli juurdemaksuga<\/p>\n<p style=\"text-align: justify;\">1.00 kr + 0.25 kr (juurdemaks m\u00e4ngude organiseerimiskomiteele).<\/p>\n<div id=\"attachment_15939\" style=\"width: 516px\" class=\"wp-caption aligncenter\"><a href=\"https:\/\/blog.erm.ee\/wp-content\/uploads\/2022\/09\/673.jpg\"><img loading=\"lazy\" decoding=\"async\" aria-describedby=\"caption-attachment-15939\" data-attachment-id=\"15939\" data-permalink=\"https:\/\/blog.erm.ee\/?attachment_id=15939#main\" data-orig-file=\"https:\/\/blog.erm.ee\/wp-content\/uploads\/2022\/09\/673.jpg\" data-orig-size=\"510,600\" data-comments-opened=\"1\" data-image-meta=\"{&quot;aperture&quot;:&quot;0&quot;,&quot;credit&quot;:&quot;&quot;,&quot;camera&quot;:&quot;&quot;,&quot;caption&quot;:&quot;&quot;,&quot;created_timestamp&quot;:&quot;0&quot;,&quot;copyright&quot;:&quot;&quot;,&quot;focal_length&quot;:&quot;0&quot;,&quot;iso&quot;:&quot;0&quot;,&quot;shutter_speed&quot;:&quot;0&quot;,&quot;title&quot;:&quot;&quot;,&quot;orientation&quot;:&quot;1&quot;}\" data-image-title=\"_673\" data-image-description=\"\" data-image-caption=\"\" data-large-file=\"https:\/\/blog.erm.ee\/wp-content\/uploads\/2022\/09\/673.jpg\" class=\"wp-image-15939 size-full\" src=\"https:\/\/blog.erm.ee\/wp-content\/uploads\/2022\/09\/673.jpg\" alt=\"\" width=\"510\" height=\"600\" srcset=\"https:\/\/blog.erm.ee\/wp-content\/uploads\/2022\/09\/673.jpg 510w, https:\/\/blog.erm.ee\/wp-content\/uploads\/2022\/09\/673-255x300.jpg 255w, https:\/\/blog.erm.ee\/wp-content\/uploads\/2022\/09\/673-221x260.jpg 221w\" sizes=\"auto, (max-width: 510px) 100vw, 510px\" \/><\/a><p id=\"caption-attachment-15939\" class=\"wp-caption-text\">Mark _673.\u00a0Taliol\u00fcmpiam\u00e4ngud. Lillehammer 1994, 26.01.1994, kujundanud Kalle Toompere. Foto: Arp Karm<\/p><\/div>\n<p style=\"text-align: justify;\">Taliol\u00fcmpiam\u00e4ngude puhul anti v\u00e4lja kaks marki, \u00fcks neis oli juurdemaksuga 1.00 kr + 0.25 kr (juurdemaks Eesti Ol\u00fcmpiakomiteele).<\/p>\n<div id=\"attachment_15940\" style=\"width: 509px\" class=\"wp-caption aligncenter\"><a href=\"https:\/\/blog.erm.ee\/wp-content\/uploads\/2022\/09\/359.jpg\"><img loading=\"lazy\" decoding=\"async\" aria-describedby=\"caption-attachment-15940\" data-attachment-id=\"15940\" data-permalink=\"https:\/\/blog.erm.ee\/?attachment_id=15940#main\" data-orig-file=\"https:\/\/blog.erm.ee\/wp-content\/uploads\/2022\/09\/359.jpg\" data-orig-size=\"503,600\" data-comments-opened=\"1\" data-image-meta=\"{&quot;aperture&quot;:&quot;0&quot;,&quot;credit&quot;:&quot;&quot;,&quot;camera&quot;:&quot;&quot;,&quot;caption&quot;:&quot;&quot;,&quot;created_timestamp&quot;:&quot;0&quot;,&quot;copyright&quot;:&quot;&quot;,&quot;focal_length&quot;:&quot;0&quot;,&quot;iso&quot;:&quot;0&quot;,&quot;shutter_speed&quot;:&quot;0&quot;,&quot;title&quot;:&quot;&quot;,&quot;orientation&quot;:&quot;1&quot;}\" data-image-title=\"_359\" data-image-description=\"\" data-image-caption=\"\" data-large-file=\"https:\/\/blog.erm.ee\/wp-content\/uploads\/2022\/09\/359.jpg\" class=\"wp-image-15940 size-full\" src=\"https:\/\/blog.erm.ee\/wp-content\/uploads\/2022\/09\/359.jpg\" alt=\"\" width=\"503\" height=\"600\" srcset=\"https:\/\/blog.erm.ee\/wp-content\/uploads\/2022\/09\/359.jpg 503w, https:\/\/blog.erm.ee\/wp-content\/uploads\/2022\/09\/359-252x300.jpg 252w, https:\/\/blog.erm.ee\/wp-content\/uploads\/2022\/09\/359-218x260.jpg 218w\" sizes=\"auto, (max-width: 503px) 100vw, 503px\" \/><\/a><p id=\"caption-attachment-15940\" class=\"wp-caption-text\">Mark _359.\u00a0125 aastat Eesti esimesest \u00fcldlaulupeost, 31.05.1994, kujundanud Paul Luhtein. Foto: Arp Karm<\/p><\/div>\n<p style=\"text-align: justify;\">V\u00e4lja anti margiplokk ja kolm marki, \u00fcks neist oli juurdemaksuga 1.00 kr\u00a0+ 0.25 s (juurdemaks l\u00e4ks laulupeo organiseerimiskomiteele).<\/p>\n<div id=\"attachment_15941\" style=\"width: 710px\" class=\"wp-caption aligncenter\"><a href=\"https:\/\/blog.erm.ee\/wp-content\/uploads\/2022\/09\/258.jpg\"><img loading=\"lazy\" decoding=\"async\" aria-describedby=\"caption-attachment-15941\" data-attachment-id=\"15941\" data-permalink=\"https:\/\/blog.erm.ee\/?attachment_id=15941#main\" data-orig-file=\"https:\/\/blog.erm.ee\/wp-content\/uploads\/2022\/09\/258.jpg\" data-orig-size=\"700,600\" data-comments-opened=\"1\" data-image-meta=\"{&quot;aperture&quot;:&quot;0&quot;,&quot;credit&quot;:&quot;&quot;,&quot;camera&quot;:&quot;&quot;,&quot;caption&quot;:&quot;&quot;,&quot;created_timestamp&quot;:&quot;0&quot;,&quot;copyright&quot;:&quot;&quot;,&quot;focal_length&quot;:&quot;0&quot;,&quot;iso&quot;:&quot;0&quot;,&quot;shutter_speed&quot;:&quot;0&quot;,&quot;title&quot;:&quot;&quot;,&quot;orientation&quot;:&quot;1&quot;}\" data-image-title=\"_258\" data-image-description=\"\" data-image-caption=\"\" data-large-file=\"https:\/\/blog.erm.ee\/wp-content\/uploads\/2022\/09\/258.jpg\" class=\"wp-image-15941 size-full\" src=\"https:\/\/blog.erm.ee\/wp-content\/uploads\/2022\/09\/258.jpg\" alt=\"\" width=\"700\" height=\"600\" srcset=\"https:\/\/blog.erm.ee\/wp-content\/uploads\/2022\/09\/258.jpg 700w, https:\/\/blog.erm.ee\/wp-content\/uploads\/2022\/09\/258-300x257.jpg 300w, https:\/\/blog.erm.ee\/wp-content\/uploads\/2022\/09\/258-303x260.jpg 303w\" sizes=\"auto, (max-width: 700px) 100vw, 700px\" \/><\/a><p id=\"caption-attachment-15941\" class=\"wp-caption-text\">Mark _258.\u00a0\u00dcletr\u00fckk + 20 kr \u201eEstonia\u201c laevahuku ohvrite fondi, 18.11.1994. Foto: Arp Karm<\/p><\/div>\n<p style=\"text-align: justify;\">J\u00f5ulumargile \u201eUrvaste kirik\u201c (15.11.1994, kujundaja Henno Arrak) tehti \u00fcletr\u00fckk 20.00 kr\u00a0 Estonia laevahuku ohvrite fondi.<\/p>\n<div id=\"attachment_15942\" style=\"width: 512px\" class=\"wp-caption aligncenter\"><a href=\"https:\/\/blog.erm.ee\/wp-content\/uploads\/2022\/09\/589.jpg\"><img loading=\"lazy\" decoding=\"async\" aria-describedby=\"caption-attachment-15942\" data-attachment-id=\"15942\" data-permalink=\"https:\/\/blog.erm.ee\/?attachment_id=15942#main\" data-orig-file=\"https:\/\/blog.erm.ee\/wp-content\/uploads\/2022\/09\/589.jpg\" data-orig-size=\"506,600\" data-comments-opened=\"1\" data-image-meta=\"{&quot;aperture&quot;:&quot;0&quot;,&quot;credit&quot;:&quot;&quot;,&quot;camera&quot;:&quot;&quot;,&quot;caption&quot;:&quot;&quot;,&quot;created_timestamp&quot;:&quot;0&quot;,&quot;copyright&quot;:&quot;&quot;,&quot;focal_length&quot;:&quot;0&quot;,&quot;iso&quot;:&quot;0&quot;,&quot;shutter_speed&quot;:&quot;0&quot;,&quot;title&quot;:&quot;&quot;,&quot;orientation&quot;:&quot;1&quot;}\" data-image-title=\"_589\" data-image-description=\"\" data-image-caption=\"\" data-large-file=\"https:\/\/blog.erm.ee\/wp-content\/uploads\/2022\/09\/589.jpg\" class=\"wp-image-15942 size-full\" src=\"https:\/\/blog.erm.ee\/wp-content\/uploads\/2022\/09\/589.jpg\" alt=\"\" width=\"506\" height=\"600\" srcset=\"https:\/\/blog.erm.ee\/wp-content\/uploads\/2022\/09\/589.jpg 506w, https:\/\/blog.erm.ee\/wp-content\/uploads\/2022\/09\/589-253x300.jpg 253w, https:\/\/blog.erm.ee\/wp-content\/uploads\/2022\/09\/589-219x260.jpg 219w\" sizes=\"auto, (max-width: 506px) 100vw, 506px\" \/><\/a><p id=\"caption-attachment-15942\" class=\"wp-caption-text\">Mark _589.\u00a0Hoia Eesti merd!, 29.08.1995, kujundanud Herald Eelma. Foto: Arp Kram<\/p><\/div>\n<p style=\"text-align: justify;\">Nominaal: 2.00 kr + 0.25 (juurdemaks l\u00e4ks \u00fchendusele \u201eHoia Eesti merd\u201c).<\/p>\n<div id=\"attachment_15943\" style=\"width: 721px\" class=\"wp-caption aligncenter\"><a href=\"https:\/\/blog.erm.ee\/wp-content\/uploads\/2022\/09\/746.jpg\"><img loading=\"lazy\" decoding=\"async\" aria-describedby=\"caption-attachment-15943\" data-attachment-id=\"15943\" data-permalink=\"https:\/\/blog.erm.ee\/?attachment_id=15943#main\" data-orig-file=\"https:\/\/blog.erm.ee\/wp-content\/uploads\/2022\/09\/746.jpg\" data-orig-size=\"711,600\" data-comments-opened=\"1\" data-image-meta=\"{&quot;aperture&quot;:&quot;0&quot;,&quot;credit&quot;:&quot;&quot;,&quot;camera&quot;:&quot;&quot;,&quot;caption&quot;:&quot;&quot;,&quot;created_timestamp&quot;:&quot;0&quot;,&quot;copyright&quot;:&quot;&quot;,&quot;focal_length&quot;:&quot;0&quot;,&quot;iso&quot;:&quot;0&quot;,&quot;shutter_speed&quot;:&quot;0&quot;,&quot;title&quot;:&quot;&quot;,&quot;orientation&quot;:&quot;1&quot;}\" data-image-title=\"_746\" data-image-description=\"\" data-image-caption=\"\" data-large-file=\"https:\/\/blog.erm.ee\/wp-content\/uploads\/2022\/09\/746.jpg\" class=\"wp-image-15943 size-full\" src=\"https:\/\/blog.erm.ee\/wp-content\/uploads\/2022\/09\/746.jpg\" alt=\"\" width=\"711\" height=\"600\" srcset=\"https:\/\/blog.erm.ee\/wp-content\/uploads\/2022\/09\/746.jpg 711w, https:\/\/blog.erm.ee\/wp-content\/uploads\/2022\/09\/746-300x253.jpg 300w, https:\/\/blog.erm.ee\/wp-content\/uploads\/2022\/09\/746-308x260.jpg 308w\" sizes=\"auto, (max-width: 711px) 100vw, 711px\" \/><\/a><p id=\"caption-attachment-15943\" class=\"wp-caption-text\">Mark _746.\u00a0J\u00f5ululoterii, 1.12.1999, kujundanud Piret Niinepuu-Kiik. Foto: Arp Karm<\/p><\/div>\n<p style=\"text-align: justify;\">Nominaal: 3.10 kr\u00a0+ 1.90 kr (juurdemaks loterii korraldamiseks).<\/p>\n<p style=\"text-align: justify;\">J\u00f5ululoteriimark oli esimene Eesti Posti loteriimark ja sarnanes kujunduse poolest sama aasta j\u00f5ulumargile. Mark oli m\u00fc\u00fcgil 1.12.1999 kuni 13.01.2000. K\u00f5ik margid olid nummerdatud. Loosimine toimus 15.01.2000 ja sellest v\u00f5tsid osa ainult need margid, mida kasutati tegelikult postimaksevahendina kuni 13. jaanuarini 2000. V\u00f5idud olid rahalised ja need maksti v\u00e4lja kuni 15. veebruarini 2000.<\/p>\n<p style=\"text-align: justify;\">Postmargiloterii seaduslikuks aluseks on Eesti Vabariigi majandusministeeriumi m\u00e4\u00e4rus nr 57,\u00a0 avaldatud 5. augustil 1996 Riigi Teataja Lisas nr 85\/86 art 489.<\/p>\n<p style=\"text-align: justify;\">M\u00fc\u00fcmata j\u00e4\u00e4nud postmargid kui loteriipiletid koguti p\u00e4rast loosimist kokku ja h\u00e4vitati.<\/p>\n<div id=\"attachment_15944\" style=\"width: 1355px\" class=\"wp-caption aligncenter\"><a href=\"https:\/\/blog.erm.ee\/wp-content\/uploads\/2022\/09\/001-_001a.jpg\"><img loading=\"lazy\" decoding=\"async\" aria-describedby=\"caption-attachment-15944\" data-attachment-id=\"15944\" data-permalink=\"https:\/\/blog.erm.ee\/?attachment_id=15944#main\" data-orig-file=\"https:\/\/blog.erm.ee\/wp-content\/uploads\/2022\/09\/001-_001a.jpg\" data-orig-size=\"1345,1200\" data-comments-opened=\"1\" data-image-meta=\"{&quot;aperture&quot;:&quot;0&quot;,&quot;credit&quot;:&quot;&quot;,&quot;camera&quot;:&quot;&quot;,&quot;caption&quot;:&quot;&quot;,&quot;created_timestamp&quot;:&quot;0&quot;,&quot;copyright&quot;:&quot;&quot;,&quot;focal_length&quot;:&quot;0&quot;,&quot;iso&quot;:&quot;0&quot;,&quot;shutter_speed&quot;:&quot;0&quot;,&quot;title&quot;:&quot;&quot;,&quot;orientation&quot;:&quot;1&quot;}\" data-image-title=\"_001-_001a\" data-image-description=\"\" data-image-caption=\"\" data-large-file=\"https:\/\/blog.erm.ee\/wp-content\/uploads\/2022\/09\/001-_001a-1024x914.jpg\" class=\"wp-image-15944 size-full\" src=\"https:\/\/blog.erm.ee\/wp-content\/uploads\/2022\/09\/001-_001a.jpg\" alt=\"\" width=\"1345\" height=\"1200\" srcset=\"https:\/\/blog.erm.ee\/wp-content\/uploads\/2022\/09\/001-_001a.jpg 1345w, https:\/\/blog.erm.ee\/wp-content\/uploads\/2022\/09\/001-_001a-300x268.jpg 300w, https:\/\/blog.erm.ee\/wp-content\/uploads\/2022\/09\/001-_001a-1024x914.jpg 1024w, https:\/\/blog.erm.ee\/wp-content\/uploads\/2022\/09\/001-_001a-291x260.jpg 291w, https:\/\/blog.erm.ee\/wp-content\/uploads\/2022\/09\/001-_001a-768x685.jpg 768w\" sizes=\"auto, (max-width: 1345px) 100vw, 1345px\" \/><\/a><p id=\"caption-attachment-15944\" class=\"wp-caption-text\">Mark _001-_001a.\u00a0Pokumaa, 19.06.2001, kujundanud Lembit L\u00f5hmus. Foto: Arp Karm<\/p><\/div>\n<p style=\"text-align: justify;\">Kaheksa margiga margivihiku m\u00fc\u00fcgihind oli 35 krooni, millest 3 krooni l\u00e4ks Pokumaa fondi toetuseks.<\/p>\n<div id=\"attachment_15945\" style=\"width: 875px\" class=\"wp-caption aligncenter\"><a href=\"https:\/\/blog.erm.ee\/wp-content\/uploads\/2022\/09\/404.jpg\"><img loading=\"lazy\" decoding=\"async\" aria-describedby=\"caption-attachment-15945\" data-attachment-id=\"15945\" data-permalink=\"https:\/\/blog.erm.ee\/?attachment_id=15945#main\" data-orig-file=\"https:\/\/blog.erm.ee\/wp-content\/uploads\/2022\/09\/404.jpg\" data-orig-size=\"865,600\" data-comments-opened=\"1\" data-image-meta=\"{&quot;aperture&quot;:&quot;0&quot;,&quot;credit&quot;:&quot;&quot;,&quot;camera&quot;:&quot;&quot;,&quot;caption&quot;:&quot;&quot;,&quot;created_timestamp&quot;:&quot;0&quot;,&quot;copyright&quot;:&quot;&quot;,&quot;focal_length&quot;:&quot;0&quot;,&quot;iso&quot;:&quot;0&quot;,&quot;shutter_speed&quot;:&quot;0&quot;,&quot;title&quot;:&quot;&quot;,&quot;orientation&quot;:&quot;1&quot;}\" data-image-title=\"_404\" data-image-description=\"\" data-image-caption=\"\" data-large-file=\"https:\/\/blog.erm.ee\/wp-content\/uploads\/2022\/09\/404.jpg\" class=\"wp-image-15945 size-full\" src=\"https:\/\/blog.erm.ee\/wp-content\/uploads\/2022\/09\/404.jpg\" alt=\"\" width=\"865\" height=\"600\" srcset=\"https:\/\/blog.erm.ee\/wp-content\/uploads\/2022\/09\/404.jpg 865w, https:\/\/blog.erm.ee\/wp-content\/uploads\/2022\/09\/404-300x208.jpg 300w, https:\/\/blog.erm.ee\/wp-content\/uploads\/2022\/09\/404-375x260.jpg 375w, https:\/\/blog.erm.ee\/wp-content\/uploads\/2022\/09\/404-768x533.jpg 768w\" sizes=\"auto, (max-width: 865px) 100vw, 865px\" \/><\/a><p id=\"caption-attachment-15945\" class=\"wp-caption-text\">Mark _404.\u00a0Lastekaitsep\u00e4ev. UNICEFF 60, 1.06.2006, kujundanud Maarja Kotkas. Foto: Arp Karm<\/p><\/div>\n<p style=\"text-align: justify;\">Margi nominaal 4.40 kr + 1.00 kr (juurdemaks UNICEFi toetuseks).<\/p>\n<p style=\"text-align: justify;\">\u00dchinenud rahvaste organisatsiooni Lastefond (UNICEF) on \u00dcRO h\u00e4daabifond, mille eesm\u00e4rgiks on anda lastele humanitaar- ja arenguabi. UNICEF asutati 1946. aastal, et aidata \u00fcles ehitada Teises maailmas\u00f5jas laastatud Euroopat ja toetada orvuks j\u00e4\u00e4nud lapsi.\u00a01994. aastal laiendas UNICEF oma tegevust ka taasiseseisvunud Eestisse. Toetusfond koguneb eraisikute ja firmade vabatahtlikest annetustest ning UNICEFi logoga postkaartide ja toodete heategevusm\u00fc\u00fcgist.<\/p>\n<p style=\"text-align: justify;\">Kahe nominaaliga (kroon ja euro) marke anti v\u00e4lja 4.01.2006 kuni 25.11.2010, nende kehtivus on t\u00e4htajatu. Esimene kohustuslikult kahe nominaaliga mark, \u201eEUROPA postmark 50\u201c, ilmus 4.01.2006.<\/p>\n<p style=\"text-align: justify;\"><strong>Ja olemegi j\u00f5udnud t\u00e4nasesse p\u00e4eva\u00a0 <\/strong><\/p>\n<div id=\"attachment_15916\" style=\"width: 834px\" class=\"wp-caption aligncenter\"><a href=\"https:\/\/blog.erm.ee\/wp-content\/uploads\/2022\/09\/Eesti_Vahiliit_mark_UUS_hall.jpg\"><img loading=\"lazy\" decoding=\"async\" aria-describedby=\"caption-attachment-15916\" data-attachment-id=\"15916\" data-permalink=\"https:\/\/blog.erm.ee\/?attachment_id=15916#main\" data-orig-file=\"https:\/\/blog.erm.ee\/wp-content\/uploads\/2022\/09\/Eesti_Vahiliit_mark_UUS_hall.jpg\" data-orig-size=\"824,600\" data-comments-opened=\"1\" data-image-meta=\"{&quot;aperture&quot;:&quot;0&quot;,&quot;credit&quot;:&quot;Administraator&quot;,&quot;camera&quot;:&quot;&quot;,&quot;caption&quot;:&quot;&quot;,&quot;created_timestamp&quot;:&quot;1455697152&quot;,&quot;copyright&quot;:&quot;&quot;,&quot;focal_length&quot;:&quot;0&quot;,&quot;iso&quot;:&quot;0&quot;,&quot;shutter_speed&quot;:&quot;0&quot;,&quot;title&quot;:&quot;&quot;,&quot;orientation&quot;:&quot;1&quot;}\" data-image-title=\"Eesti_Vahiliit_mark_UUS_hall\" data-image-description=\"\" data-image-caption=\"\" data-large-file=\"https:\/\/blog.erm.ee\/wp-content\/uploads\/2022\/09\/Eesti_Vahiliit_mark_UUS_hall.jpg\" class=\"wp-image-15916 size-full\" src=\"https:\/\/blog.erm.ee\/wp-content\/uploads\/2022\/09\/Eesti_Vahiliit_mark_UUS_hall.jpg\" alt=\"\" width=\"824\" height=\"600\" srcset=\"https:\/\/blog.erm.ee\/wp-content\/uploads\/2022\/09\/Eesti_Vahiliit_mark_UUS_hall.jpg 824w, https:\/\/blog.erm.ee\/wp-content\/uploads\/2022\/09\/Eesti_Vahiliit_mark_UUS_hall-300x218.jpg 300w, https:\/\/blog.erm.ee\/wp-content\/uploads\/2022\/09\/Eesti_Vahiliit_mark_UUS_hall-357x260.jpg 357w, https:\/\/blog.erm.ee\/wp-content\/uploads\/2022\/09\/Eesti_Vahiliit_mark_UUS_hall-768x559.jpg 768w\" sizes=\"auto, (max-width: 824px) 100vw, 824px\" \/><\/a><p id=\"caption-attachment-15916\" class=\"wp-caption-text\">Mark: Eesti_Vahiliit_mark_UUS_hall.\u00a0Heategevuslik mark \u201eV\u00e4hiliit\u201c, 16.09.2022, kujundanud Indrek Ilves. Foto: Arp Karm<\/p><\/div>\n<div id=\"attachment_15946\" style=\"width: 1715px\" class=\"wp-caption aligncenter\"><a href=\"https:\/\/blog.erm.ee\/wp-content\/uploads\/2022\/09\/FDC-Vahiliit.jpg\"><img loading=\"lazy\" decoding=\"async\" aria-describedby=\"caption-attachment-15946\" data-attachment-id=\"15946\" data-permalink=\"https:\/\/blog.erm.ee\/?attachment_id=15946#main\" data-orig-file=\"https:\/\/blog.erm.ee\/wp-content\/uploads\/2022\/09\/FDC-Vahiliit.jpg\" data-orig-size=\"1705,1200\" data-comments-opened=\"1\" data-image-meta=\"{&quot;aperture&quot;:&quot;0&quot;,&quot;credit&quot;:&quot;&quot;,&quot;camera&quot;:&quot;&quot;,&quot;caption&quot;:&quot;&quot;,&quot;created_timestamp&quot;:&quot;0&quot;,&quot;copyright&quot;:&quot;&quot;,&quot;focal_length&quot;:&quot;0&quot;,&quot;iso&quot;:&quot;0&quot;,&quot;shutter_speed&quot;:&quot;0&quot;,&quot;title&quot;:&quot;&quot;,&quot;orientation&quot;:&quot;1&quot;}\" data-image-title=\"FDC &amp;#8211; V\u00e4hiliit\" data-image-description=\"\" data-image-caption=\"\" data-large-file=\"https:\/\/blog.erm.ee\/wp-content\/uploads\/2022\/09\/FDC-Vahiliit-1024x721.jpg\" class=\"wp-image-15946 size-full\" src=\"https:\/\/blog.erm.ee\/wp-content\/uploads\/2022\/09\/FDC-Vahiliit.jpg\" alt=\"\" width=\"1705\" height=\"1200\" srcset=\"https:\/\/blog.erm.ee\/wp-content\/uploads\/2022\/09\/FDC-Vahiliit.jpg 1705w, https:\/\/blog.erm.ee\/wp-content\/uploads\/2022\/09\/FDC-Vahiliit-300x211.jpg 300w, https:\/\/blog.erm.ee\/wp-content\/uploads\/2022\/09\/FDC-Vahiliit-1024x721.jpg 1024w, https:\/\/blog.erm.ee\/wp-content\/uploads\/2022\/09\/FDC-Vahiliit-369x260.jpg 369w, https:\/\/blog.erm.ee\/wp-content\/uploads\/2022\/09\/FDC-Vahiliit-768x541.jpg 768w, https:\/\/blog.erm.ee\/wp-content\/uploads\/2022\/09\/FDC-Vahiliit-1536x1081.jpg 1536w\" sizes=\"auto, (max-width: 1705px) 100vw, 1705px\" \/><\/a><p id=\"caption-attachment-15946\" class=\"wp-caption-text\">Mark: FDC \u2013 V\u00e4hiliit.\u00a0Esimese p\u00e4eva \u00fcmbrik (FDC) \u201eV\u00e4hiliit\u201c, 16.09.2022. Foto: Arp Karm<\/p><\/div>\n<p style=\"text-align: justify;\">Terve Eestiga v\u00e4hi vastu!<\/p>\n<p>&nbsp;<\/p>\n<p>&nbsp;<\/p>\n<p style=\"text-align: justify;\">Keeletoimetaja Karin kastehein<\/p>\n<p>&nbsp;<\/p>\n<p style=\"text-align: justify;\">Kasutatud kirjandus:<\/p>\n<p style=\"text-align: justify;\">P\u00e4rn Peeter, Kuuskvere, Aivar. <em>Eesti postmarkide ja tervikasjade kataloog 2021<\/em>.<\/p>\n<p style=\"text-align: justify;\">Viigipuu, Elmo. <em>Eesti postmarkide 100 aastat<\/em>. Riigikantselei ja AS Eesti Meedia, Post Factum, 2018<\/p>\n<div class=\"fcbkbttn_buttons_block\" id=\"fcbkbttn_left\"><div class=\"fcbkbttn_like \"><fb:like href=\"https:\/\/blog.erm.ee\/?p=15915\" action=\"like\" colorscheme=\"light\" layout=\"standard\"  width=\"225px\" size=\"small\"><\/fb:like><\/div><div class=\"fb-share-button  \" data-href=\"https:\/\/blog.erm.ee\/?p=15915\" data-type=\"button\" data-size=\"small\"><\/div><\/div>","protected":false},"excerpt":{"rendered":"<p>Eve Aab, ERMi produtsent. \u00c4sja ilmunud heategevuslik mark \u201eV\u00e4hiliit\u201c kutsub k\u00f5iki andma oma panus v\u00f5itluseks v\u00e4hkt\u00f5vega. Siseriikliku nominaaliga (0.90 \u20ac) margile lisandub Eesti V\u00e4hiliidu toetuseks 1.00 \u20ac. Eesti V\u00e4hiliit t\u00e4histab sel aastal 30. tegevusaastat. Mittetulundus\u00fching on avalikes huvides tegutsev \u00fchendus, mille eesm\u00e4rgid on suunatud v\u00e4hkt\u00f5ve vastasele v\u00f5itlusele ja selle edendamisele Eestis. \u201eTerve Eestiga v\u00e4hi vastu!\u201c&hellip;<\/p>\n","protected":false},"author":1,"featured_media":15916,"comment_status":"open","ping_status":"open","sticky":false,"template":"","format":"standard","meta":{"_monsterinsights_skip_tracking":false,"_monsterinsights_sitenote_active":false,"_monsterinsights_sitenote_note":"","_monsterinsights_sitenote_category":0,"jetpack_post_was_ever_published":false,"_jetpack_newsletter_access":"","_jetpack_dont_email_post_to_subs":false,"_jetpack_newsletter_tier_id":0,"_jetpack_memberships_contains_paywalled_content":false,"_jetpack_memberships_contains_paid_content":false,"footnotes":""},"categories":[39,6,1],"tags":[],"class_list":["post-15915","post","type-post","status-publish","format-standard","has-post-thumbnail","hentry","category-ajalooga-asjad","category-foto","category-maaratlemata"],"yoast_head":"<!-- This site is optimized with the Yoast SEO plugin v27.5 - https:\/\/yoast.com\/product\/yoast-seo-wordpress\/ -->\n<title>Terve Eestiga v\u00e4hi vastu. Heategevusega seotud margid Eestis - Eesti Rahva Muuseumi ajaveeb<\/title>\n<meta name=\"robots\" content=\"index, follow, max-snippet:-1, max-image-preview:large, max-video-preview:-1\" \/>\n<link rel=\"canonical\" href=\"https:\/\/blog.erm.ee\/?p=15915\" \/>\n<meta property=\"og:locale\" content=\"et_EE\" \/>\n<meta property=\"og:type\" content=\"article\" \/>\n<meta property=\"og:title\" content=\"Terve Eestiga v\u00e4hi vastu. Heategevusega seotud margid Eestis - Eesti Rahva Muuseumi ajaveeb\" \/>\n<meta property=\"og:description\" content=\"Eve Aab, ERMi produtsent. \u00c4sja ilmunud heategevuslik mark \u201eV\u00e4hiliit\u201c kutsub k\u00f5iki andma oma panus v\u00f5itluseks v\u00e4hkt\u00f5vega. Siseriikliku nominaaliga (0.90 \u20ac) margile lisandub Eesti V\u00e4hiliidu toetuseks 1.00 \u20ac. Eesti V\u00e4hiliit t\u00e4histab sel aastal 30. tegevusaastat. Mittetulundus\u00fching on avalikes huvides tegutsev \u00fchendus, mille eesm\u00e4rgid on suunatud v\u00e4hkt\u00f5ve vastasele v\u00f5itlusele ja selle edendamisele Eestis. \u201eTerve Eestiga v\u00e4hi vastu!\u201c&hellip;\" \/>\n<meta property=\"og:url\" content=\"https:\/\/blog.erm.ee\/?p=15915\" \/>\n<meta property=\"og:site_name\" content=\"Eesti Rahva Muuseumi ajaveeb\" \/>\n<meta property=\"article:published_time\" content=\"2022-09-22T07:00:54+00:00\" \/>\n<meta property=\"og:image\" content=\"https:\/\/blog.erm.ee\/wp-content\/uploads\/2022\/09\/Eesti_Vahiliit_mark_UUS_hall.jpg\" \/>\n\t<meta property=\"og:image:width\" content=\"824\" \/>\n\t<meta property=\"og:image:height\" content=\"600\" \/>\n\t<meta property=\"og:image:type\" content=\"image\/jpeg\" \/>\n<meta name=\"author\" content=\"Eesti Rahva Muuseum\" \/>\n<meta name=\"twitter:card\" content=\"summary_large_image\" \/>\n<meta name=\"twitter:label1\" content=\"Written by\" \/>\n\t<meta name=\"twitter:data1\" content=\"Eesti Rahva Muuseum\" \/>\n\t<meta name=\"twitter:label2\" content=\"Est. reading time\" \/>\n\t<meta name=\"twitter:data2\" content=\"9 minutit\" \/>\n<script type=\"application\/ld+json\" class=\"yoast-schema-graph\">{\"@context\":\"https:\\\/\\\/schema.org\",\"@graph\":[{\"@type\":\"Article\",\"@id\":\"https:\\\/\\\/blog.erm.ee\\\/?p=15915#article\",\"isPartOf\":{\"@id\":\"https:\\\/\\\/blog.erm.ee\\\/?p=15915\"},\"author\":{\"name\":\"Eesti Rahva Muuseum\",\"@id\":\"https:\\\/\\\/blog.erm.ee\\\/#\\\/schema\\\/person\\\/6e98c391cb00a33e7c22a3571e062114\"},\"headline\":\"Terve Eestiga v\u00e4hi vastu. Heategevusega seotud margid Eestis\",\"datePublished\":\"2022-09-22T07:00:54+00:00\",\"mainEntityOfPage\":{\"@id\":\"https:\\\/\\\/blog.erm.ee\\\/?p=15915\"},\"wordCount\":1793,\"commentCount\":0,\"image\":{\"@id\":\"https:\\\/\\\/blog.erm.ee\\\/?p=15915#primaryimage\"},\"thumbnailUrl\":\"https:\\\/\\\/blog.erm.ee\\\/wp-content\\\/uploads\\\/2022\\\/09\\\/Eesti_Vahiliit_mark_UUS_hall.jpg\",\"articleSection\":[\"Ajalooga asjad\",\"Foto\"],\"inLanguage\":\"et\",\"potentialAction\":[{\"@type\":\"CommentAction\",\"name\":\"Comment\",\"target\":[\"https:\\\/\\\/blog.erm.ee\\\/?p=15915#respond\"]}]},{\"@type\":\"WebPage\",\"@id\":\"https:\\\/\\\/blog.erm.ee\\\/?p=15915\",\"url\":\"https:\\\/\\\/blog.erm.ee\\\/?p=15915\",\"name\":\"Terve Eestiga v\u00e4hi vastu. Heategevusega seotud margid Eestis - Eesti Rahva Muuseumi ajaveeb\",\"isPartOf\":{\"@id\":\"https:\\\/\\\/blog.erm.ee\\\/#website\"},\"primaryImageOfPage\":{\"@id\":\"https:\\\/\\\/blog.erm.ee\\\/?p=15915#primaryimage\"},\"image\":{\"@id\":\"https:\\\/\\\/blog.erm.ee\\\/?p=15915#primaryimage\"},\"thumbnailUrl\":\"https:\\\/\\\/blog.erm.ee\\\/wp-content\\\/uploads\\\/2022\\\/09\\\/Eesti_Vahiliit_mark_UUS_hall.jpg\",\"datePublished\":\"2022-09-22T07:00:54+00:00\",\"author\":{\"@id\":\"https:\\\/\\\/blog.erm.ee\\\/#\\\/schema\\\/person\\\/6e98c391cb00a33e7c22a3571e062114\"},\"breadcrumb\":{\"@id\":\"https:\\\/\\\/blog.erm.ee\\\/?p=15915#breadcrumb\"},\"inLanguage\":\"et\",\"potentialAction\":[{\"@type\":\"ReadAction\",\"target\":[\"https:\\\/\\\/blog.erm.ee\\\/?p=15915\"]}]},{\"@type\":\"ImageObject\",\"inLanguage\":\"et\",\"@id\":\"https:\\\/\\\/blog.erm.ee\\\/?p=15915#primaryimage\",\"url\":\"https:\\\/\\\/blog.erm.ee\\\/wp-content\\\/uploads\\\/2022\\\/09\\\/Eesti_Vahiliit_mark_UUS_hall.jpg\",\"contentUrl\":\"https:\\\/\\\/blog.erm.ee\\\/wp-content\\\/uploads\\\/2022\\\/09\\\/Eesti_Vahiliit_mark_UUS_hall.jpg\",\"width\":824,\"height\":600},{\"@type\":\"BreadcrumbList\",\"@id\":\"https:\\\/\\\/blog.erm.ee\\\/?p=15915#breadcrumb\",\"itemListElement\":[{\"@type\":\"ListItem\",\"position\":1,\"name\":\"Home\",\"item\":\"https:\\\/\\\/blog.erm.ee\\\/\"},{\"@type\":\"ListItem\",\"position\":2,\"name\":\"Terve Eestiga v\u00e4hi vastu. Heategevusega seotud margid Eestis\"}]},{\"@type\":\"WebSite\",\"@id\":\"https:\\\/\\\/blog.erm.ee\\\/#website\",\"url\":\"https:\\\/\\\/blog.erm.ee\\\/\",\"name\":\"Eesti Rahva Muuseumi ajaveeb\",\"description\":\"\",\"potentialAction\":[{\"@type\":\"SearchAction\",\"target\":{\"@type\":\"EntryPoint\",\"urlTemplate\":\"https:\\\/\\\/blog.erm.ee\\\/?s={search_term_string}\"},\"query-input\":{\"@type\":\"PropertyValueSpecification\",\"valueRequired\":true,\"valueName\":\"search_term_string\"}}],\"inLanguage\":\"et\"},{\"@type\":\"Person\",\"@id\":\"https:\\\/\\\/blog.erm.ee\\\/#\\\/schema\\\/person\\\/6e98c391cb00a33e7c22a3571e062114\",\"name\":\"Eesti Rahva Muuseum\",\"image\":{\"@type\":\"ImageObject\",\"inLanguage\":\"et\",\"@id\":\"https:\\\/\\\/secure.gravatar.com\\\/avatar\\\/cb6d9ad5fb49f3f7315028ce5fe60641075f2cb52b8a058ff5a985fa2d8c1da0?s=96&d=mm&r=g\",\"url\":\"https:\\\/\\\/secure.gravatar.com\\\/avatar\\\/cb6d9ad5fb49f3f7315028ce5fe60641075f2cb52b8a058ff5a985fa2d8c1da0?s=96&d=mm&r=g\",\"contentUrl\":\"https:\\\/\\\/secure.gravatar.com\\\/avatar\\\/cb6d9ad5fb49f3f7315028ce5fe60641075f2cb52b8a058ff5a985fa2d8c1da0?s=96&d=mm&r=g\",\"caption\":\"Eesti Rahva Muuseum\"},\"sameAs\":[\"http:\\\/\\\/www.erm.ee\"],\"url\":\"https:\\\/\\\/blog.erm.ee\\\/?author=1\"}]}<\/script>\n<!-- \/ Yoast SEO plugin. -->","yoast_head_json":{"title":"Terve Eestiga v\u00e4hi vastu. Heategevusega seotud margid Eestis - Eesti Rahva Muuseumi ajaveeb","robots":{"index":"index","follow":"follow","max-snippet":"max-snippet:-1","max-image-preview":"max-image-preview:large","max-video-preview":"max-video-preview:-1"},"canonical":"https:\/\/blog.erm.ee\/?p=15915","og_locale":"et_EE","og_type":"article","og_title":"Terve Eestiga v\u00e4hi vastu. Heategevusega seotud margid Eestis - Eesti Rahva Muuseumi ajaveeb","og_description":"Eve Aab, ERMi produtsent. \u00c4sja ilmunud heategevuslik mark \u201eV\u00e4hiliit\u201c kutsub k\u00f5iki andma oma panus v\u00f5itluseks v\u00e4hkt\u00f5vega. Siseriikliku nominaaliga (0.90 \u20ac) margile lisandub Eesti V\u00e4hiliidu toetuseks 1.00 \u20ac. Eesti V\u00e4hiliit t\u00e4histab sel aastal 30. tegevusaastat. Mittetulundus\u00fching on avalikes huvides tegutsev \u00fchendus, mille eesm\u00e4rgid on suunatud v\u00e4hkt\u00f5ve vastasele v\u00f5itlusele ja selle edendamisele Eestis. \u201eTerve Eestiga v\u00e4hi vastu!\u201c&hellip;","og_url":"https:\/\/blog.erm.ee\/?p=15915","og_site_name":"Eesti Rahva Muuseumi ajaveeb","article_published_time":"2022-09-22T07:00:54+00:00","og_image":[{"width":824,"height":600,"url":"https:\/\/blog.erm.ee\/wp-content\/uploads\/2022\/09\/Eesti_Vahiliit_mark_UUS_hall.jpg","type":"image\/jpeg"}],"author":"Eesti Rahva Muuseum","twitter_card":"summary_large_image","twitter_misc":{"Written by":"Eesti Rahva Muuseum","Est. reading time":"9 minutit"},"schema":{"@context":"https:\/\/schema.org","@graph":[{"@type":"Article","@id":"https:\/\/blog.erm.ee\/?p=15915#article","isPartOf":{"@id":"https:\/\/blog.erm.ee\/?p=15915"},"author":{"name":"Eesti Rahva Muuseum","@id":"https:\/\/blog.erm.ee\/#\/schema\/person\/6e98c391cb00a33e7c22a3571e062114"},"headline":"Terve Eestiga v\u00e4hi vastu. Heategevusega seotud margid Eestis","datePublished":"2022-09-22T07:00:54+00:00","mainEntityOfPage":{"@id":"https:\/\/blog.erm.ee\/?p=15915"},"wordCount":1793,"commentCount":0,"image":{"@id":"https:\/\/blog.erm.ee\/?p=15915#primaryimage"},"thumbnailUrl":"https:\/\/blog.erm.ee\/wp-content\/uploads\/2022\/09\/Eesti_Vahiliit_mark_UUS_hall.jpg","articleSection":["Ajalooga asjad","Foto"],"inLanguage":"et","potentialAction":[{"@type":"CommentAction","name":"Comment","target":["https:\/\/blog.erm.ee\/?p=15915#respond"]}]},{"@type":"WebPage","@id":"https:\/\/blog.erm.ee\/?p=15915","url":"https:\/\/blog.erm.ee\/?p=15915","name":"Terve Eestiga v\u00e4hi vastu. Heategevusega seotud margid Eestis - Eesti Rahva Muuseumi ajaveeb","isPartOf":{"@id":"https:\/\/blog.erm.ee\/#website"},"primaryImageOfPage":{"@id":"https:\/\/blog.erm.ee\/?p=15915#primaryimage"},"image":{"@id":"https:\/\/blog.erm.ee\/?p=15915#primaryimage"},"thumbnailUrl":"https:\/\/blog.erm.ee\/wp-content\/uploads\/2022\/09\/Eesti_Vahiliit_mark_UUS_hall.jpg","datePublished":"2022-09-22T07:00:54+00:00","author":{"@id":"https:\/\/blog.erm.ee\/#\/schema\/person\/6e98c391cb00a33e7c22a3571e062114"},"breadcrumb":{"@id":"https:\/\/blog.erm.ee\/?p=15915#breadcrumb"},"inLanguage":"et","potentialAction":[{"@type":"ReadAction","target":["https:\/\/blog.erm.ee\/?p=15915"]}]},{"@type":"ImageObject","inLanguage":"et","@id":"https:\/\/blog.erm.ee\/?p=15915#primaryimage","url":"https:\/\/blog.erm.ee\/wp-content\/uploads\/2022\/09\/Eesti_Vahiliit_mark_UUS_hall.jpg","contentUrl":"https:\/\/blog.erm.ee\/wp-content\/uploads\/2022\/09\/Eesti_Vahiliit_mark_UUS_hall.jpg","width":824,"height":600},{"@type":"BreadcrumbList","@id":"https:\/\/blog.erm.ee\/?p=15915#breadcrumb","itemListElement":[{"@type":"ListItem","position":1,"name":"Home","item":"https:\/\/blog.erm.ee\/"},{"@type":"ListItem","position":2,"name":"Terve Eestiga v\u00e4hi vastu. Heategevusega seotud margid Eestis"}]},{"@type":"WebSite","@id":"https:\/\/blog.erm.ee\/#website","url":"https:\/\/blog.erm.ee\/","name":"Eesti Rahva Muuseumi ajaveeb","description":"","potentialAction":[{"@type":"SearchAction","target":{"@type":"EntryPoint","urlTemplate":"https:\/\/blog.erm.ee\/?s={search_term_string}"},"query-input":{"@type":"PropertyValueSpecification","valueRequired":true,"valueName":"search_term_string"}}],"inLanguage":"et"},{"@type":"Person","@id":"https:\/\/blog.erm.ee\/#\/schema\/person\/6e98c391cb00a33e7c22a3571e062114","name":"Eesti Rahva Muuseum","image":{"@type":"ImageObject","inLanguage":"et","@id":"https:\/\/secure.gravatar.com\/avatar\/cb6d9ad5fb49f3f7315028ce5fe60641075f2cb52b8a058ff5a985fa2d8c1da0?s=96&d=mm&r=g","url":"https:\/\/secure.gravatar.com\/avatar\/cb6d9ad5fb49f3f7315028ce5fe60641075f2cb52b8a058ff5a985fa2d8c1da0?s=96&d=mm&r=g","contentUrl":"https:\/\/secure.gravatar.com\/avatar\/cb6d9ad5fb49f3f7315028ce5fe60641075f2cb52b8a058ff5a985fa2d8c1da0?s=96&d=mm&r=g","caption":"Eesti Rahva Muuseum"},"sameAs":["http:\/\/www.erm.ee"],"url":"https:\/\/blog.erm.ee\/?author=1"}]}},"jetpack_featured_media_url":"https:\/\/blog.erm.ee\/wp-content\/uploads\/2022\/09\/Eesti_Vahiliit_mark_UUS_hall.jpg","jetpack_shortlink":"https:\/\/wp.me\/p2l9Zd-48H","jetpack_sharing_enabled":true,"jetpack_likes_enabled":true,"_links":{"self":[{"href":"https:\/\/blog.erm.ee\/index.php?rest_route=\/wp\/v2\/posts\/15915","targetHints":{"allow":["GET"]}}],"collection":[{"href":"https:\/\/blog.erm.ee\/index.php?rest_route=\/wp\/v2\/posts"}],"about":[{"href":"https:\/\/blog.erm.ee\/index.php?rest_route=\/wp\/v2\/types\/post"}],"author":[{"embeddable":true,"href":"https:\/\/blog.erm.ee\/index.php?rest_route=\/wp\/v2\/users\/1"}],"replies":[{"embeddable":true,"href":"https:\/\/blog.erm.ee\/index.php?rest_route=%2Fwp%2Fv2%2Fcomments&post=15915"}],"version-history":[{"count":6,"href":"https:\/\/blog.erm.ee\/index.php?rest_route=\/wp\/v2\/posts\/15915\/revisions"}],"predecessor-version":[{"id":15949,"href":"https:\/\/blog.erm.ee\/index.php?rest_route=\/wp\/v2\/posts\/15915\/revisions\/15949"}],"wp:featuredmedia":[{"embeddable":true,"href":"https:\/\/blog.erm.ee\/index.php?rest_route=\/wp\/v2\/media\/15916"}],"wp:attachment":[{"href":"https:\/\/blog.erm.ee\/index.php?rest_route=%2Fwp%2Fv2%2Fmedia&parent=15915"}],"wp:term":[{"taxonomy":"category","embeddable":true,"href":"https:\/\/blog.erm.ee\/index.php?rest_route=%2Fwp%2Fv2%2Fcategories&post=15915"},{"taxonomy":"post_tag","embeddable":true,"href":"https:\/\/blog.erm.ee\/index.php?rest_route=%2Fwp%2Fv2%2Ftags&post=15915"}],"curies":[{"name":"wp","href":"https:\/\/api.w.org\/{rel}","templated":true}]}}