{"id":15901,"date":"2022-09-15T10:00:12","date_gmt":"2022-09-15T07:00:12","guid":{"rendered":"https:\/\/blog.erm.ee\/?p=15901"},"modified":"2022-09-13T17:02:45","modified_gmt":"2022-09-13T14:02:45","slug":"gustav-ranga-saaremaa-ja-muhu-retked-1935-1938","status":"publish","type":"post","link":"https:\/\/blog.erm.ee\/?p=15901","title":{"rendered":"Gustav R\u00e4nga Saaremaa ja Muhu retked 1935\u20131938"},"content":{"rendered":"<div class=\"fcbkbttn_buttons_block\" id=\"fcbkbttn_left\"><div class=\"fcbkbttn_like \"><fb:like href=\"https:\/\/blog.erm.ee\/?p=15901\" action=\"like\" colorscheme=\"light\" layout=\"standard\"  width=\"225px\" size=\"small\"><\/fb:like><\/div><div class=\"fb-share-button  \" data-href=\"https:\/\/blog.erm.ee\/?p=15901\" data-type=\"button\" data-size=\"small\"><\/div><\/div><p style=\"text-align: justify;\">Heiki P\u00e4rdi, Eesti Vaba\u00f5humuuseumi teadusdirektor.<\/p>\n<p style=\"text-align: justify;\">Gustav R\u00e4nk on p\u00f5hiosa oma selle perioodi Saaremaa v\u00e4lit\u00f6\u00f6l kogutud teabest kirja pannud v\u00e4lit\u00f6\u00f6p\u00e4evikuisse.\u00a0Lisaks kirjalikele m\u00e4rkmetele tegi ta uurimisretkedel palju pilte (umbes 800) ning ei piirdunud seejuures ainult ehitistega, vaid j\u00e4\u00e4dvustas k\u00fclamilj\u00f6\u00f6d ja inimesi hoopis avaramalt.\u00a0Koos R\u00e4ngaga r\u00e4nnates tegid kunstnikud Johannes V\u00f5erahansu, Nigul Espe, Ilmar Linnat ja Osvald Bender-Vaikma taluhoonetest \u00fcle 600 etnograafilise joonise.<\/p>\n<div id=\"attachment_15902\" style=\"width: 733px\" class=\"wp-caption aligncenter\"><a href=\"https:\/\/blog.erm.ee\/wp-content\/uploads\/2022\/09\/ERM-Fk-725_198-Rank-ja-Voerehansu-kihelkonna-rannal_edited-1935_edited.jpg\"><img loading=\"lazy\" decoding=\"async\" aria-describedby=\"caption-attachment-15902\" data-attachment-id=\"15902\" data-permalink=\"https:\/\/blog.erm.ee\/?attachment_id=15902#main\" data-orig-file=\"https:\/\/blog.erm.ee\/wp-content\/uploads\/2022\/09\/ERM-Fk-725_198-Rank-ja-Voerehansu-kihelkonna-rannal_edited-1935_edited.jpg\" data-orig-size=\"723,1200\" data-comments-opened=\"1\" data-image-meta=\"{&quot;aperture&quot;:&quot;10&quot;,&quot;credit&quot;:&quot;&quot;,&quot;camera&quot;:&quot;NIKON D600&quot;,&quot;caption&quot;:&quot;&quot;,&quot;created_timestamp&quot;:&quot;1429873395&quot;,&quot;copyright&quot;:&quot;&quot;,&quot;focal_length&quot;:&quot;105&quot;,&quot;iso&quot;:&quot;100&quot;,&quot;shutter_speed&quot;:&quot;0.008&quot;,&quot;title&quot;:&quot;&quot;,&quot;orientation&quot;:&quot;1&quot;}\" data-image-title=\"ERM Fk 725_198 R\u00e4nk ja V\u00f5erehansu kihelkonna rannal_edited 1935_edited\" data-image-description=\"\" data-image-caption=\"\" data-large-file=\"https:\/\/blog.erm.ee\/wp-content\/uploads\/2022\/09\/ERM-Fk-725_198-Rank-ja-Voerehansu-kihelkonna-rannal_edited-1935_edited-617x1024.jpg\" class=\"wp-image-15902 size-full\" src=\"https:\/\/blog.erm.ee\/wp-content\/uploads\/2022\/09\/ERM-Fk-725_198-Rank-ja-Voerehansu-kihelkonna-rannal_edited-1935_edited.jpg\" alt=\"\" width=\"723\" height=\"1200\" srcset=\"https:\/\/blog.erm.ee\/wp-content\/uploads\/2022\/09\/ERM-Fk-725_198-Rank-ja-Voerehansu-kihelkonna-rannal_edited-1935_edited.jpg 723w, https:\/\/blog.erm.ee\/wp-content\/uploads\/2022\/09\/ERM-Fk-725_198-Rank-ja-Voerehansu-kihelkonna-rannal_edited-1935_edited-181x300.jpg 181w, https:\/\/blog.erm.ee\/wp-content\/uploads\/2022\/09\/ERM-Fk-725_198-Rank-ja-Voerehansu-kihelkonna-rannal_edited-1935_edited-617x1024.jpg 617w, https:\/\/blog.erm.ee\/wp-content\/uploads\/2022\/09\/ERM-Fk-725_198-Rank-ja-Voerehansu-kihelkonna-rannal_edited-1935_edited-157x260.jpg 157w\" sizes=\"auto, (max-width: 723px) 100vw, 723px\" \/><\/a><p id=\"caption-attachment-15902\" class=\"wp-caption-text\">Gustav R\u00e4nk koos retkekaaslase kunstnik Johannes V\u00f5erahansuga 1935. ERM Fk 725: 198<\/p><\/div>\n<div id=\"attachment_15903\" style=\"width: 901px\" class=\"wp-caption aligncenter\"><a href=\"https:\/\/blog.erm.ee\/wp-content\/uploads\/2022\/09\/170107_ERM_Fk751_191-Ilmar-Linnat-ja-Rank-Turju-rannal-1936.jpg\"><img loading=\"lazy\" decoding=\"async\" aria-describedby=\"caption-attachment-15903\" data-attachment-id=\"15903\" data-permalink=\"https:\/\/blog.erm.ee\/?attachment_id=15903#main\" data-orig-file=\"https:\/\/blog.erm.ee\/wp-content\/uploads\/2022\/09\/170107_ERM_Fk751_191-Ilmar-Linnat-ja-Rank-Turju-rannal-1936-e1663077579383.jpg\" data-orig-size=\"891,873\" data-comments-opened=\"1\" data-image-meta=\"{&quot;aperture&quot;:&quot;0&quot;,&quot;credit&quot;:&quot;Pixel Acuity&quot;,&quot;camera&quot;:&quot;&quot;,&quot;caption&quot;:&quot;Changes made in Capture One software: invert, sharpness, crop, exposure and saturation changes.&quot;,&quot;created_timestamp&quot;:&quot;1615468508&quot;,&quot;copyright&quot;:&quot;Estonian National Museum&quot;,&quot;focal_length&quot;:&quot;0&quot;,&quot;iso&quot;:&quot;0&quot;,&quot;shutter_speed&quot;:&quot;0&quot;,&quot;title&quot;:&quot;National Archives of Estonia, \\u201cDigitisation of photonegatives\\u201d&quot;,&quot;orientation&quot;:&quot;1&quot;}\" data-image-title=\"National Archives of Estonia, \u201cDigitisation of photonegatives\u201d\" data-image-description=\"\" data-image-caption=\"&lt;p&gt;Changes made in Capture One software: invert, sharpness, crop, exposure and saturation changes.&lt;\/p&gt;\n\" data-large-file=\"https:\/\/blog.erm.ee\/wp-content\/uploads\/2022\/09\/170107_ERM_Fk751_191-Ilmar-Linnat-ja-Rank-Turju-rannal-1936-760x1024.jpg\" class=\"wp-image-15903 size-full\" src=\"https:\/\/blog.erm.ee\/wp-content\/uploads\/2022\/09\/170107_ERM_Fk751_191-Ilmar-Linnat-ja-Rank-Turju-rannal-1936.jpg\" alt=\"\" width=\"891\" height=\"1200\" \/><\/a><p id=\"caption-attachment-15903\" class=\"wp-caption-text\">Gustav R\u00e4nk koos retkekaaslase kunstnik Ilmar Linnatiga Turju rannal 1936. ERM Fk 751: 192<\/p><\/div>\n<p style=\"text-align: justify;\"><strong>Lahtiste silmadega<\/strong><\/p>\n<p style=\"text-align: justify;\">Saaremaal ja Muhus ei piirdunud Gustav R\u00e4nk nagu \u00fcks korralik etnoloog v\u00e4lit\u00f6\u00f6l olles \u00f5nneks ainult \u00fche kitsa teemaga, vaid vaatas elu lahtiste silmadega. Tema m\u00e4rkmeist leiab palju huvitavat ja \u00fcllatavat ning muidugi on ta teinud palju mitmekesise sisuga kvaliteetseid fotosid.<\/p>\n<div id=\"attachment_15905\" style=\"width: 908px\" class=\"wp-caption aligncenter\"><a href=\"https:\/\/blog.erm.ee\/wp-content\/uploads\/2022\/09\/172992_ERM_Fk892_41-koietegu-Latiniidil.jpg\"><img loading=\"lazy\" decoding=\"async\" aria-describedby=\"caption-attachment-15905\" data-attachment-id=\"15905\" data-permalink=\"https:\/\/blog.erm.ee\/?attachment_id=15905#main\" data-orig-file=\"https:\/\/blog.erm.ee\/wp-content\/uploads\/2022\/09\/172992_ERM_Fk892_41-koietegu-Latiniidil.jpg\" data-orig-size=\"898,1200\" data-comments-opened=\"1\" data-image-meta=\"{&quot;aperture&quot;:&quot;0&quot;,&quot;credit&quot;:&quot;Pixel Acuity&quot;,&quot;camera&quot;:&quot;&quot;,&quot;caption&quot;:&quot;Changes made in Capture One software: invert, sharpness, crop, exposure and saturation changes.&quot;,&quot;created_timestamp&quot;:&quot;1615806063&quot;,&quot;copyright&quot;:&quot;Estonian National Museum&quot;,&quot;focal_length&quot;:&quot;0&quot;,&quot;iso&quot;:&quot;0&quot;,&quot;shutter_speed&quot;:&quot;0&quot;,&quot;title&quot;:&quot;National Archives of Estonia, \\u201cDigitisation of photonegatives\\u201d&quot;,&quot;orientation&quot;:&quot;1&quot;}\" data-image-title=\"National Archives of Estonia, \u201cDigitisation of photonegatives\u201d\" data-image-description=\"\" data-image-caption=\"&lt;p&gt;Changes made in Capture One software: invert, sharpness, crop, exposure and saturation changes.&lt;\/p&gt;\n\" data-large-file=\"https:\/\/blog.erm.ee\/wp-content\/uploads\/2022\/09\/172992_ERM_Fk892_41-koietegu-Latiniidil-766x1024.jpg\" class=\"size-full wp-image-15905\" src=\"https:\/\/blog.erm.ee\/wp-content\/uploads\/2022\/09\/172992_ERM_Fk892_41-koietegu-Latiniidil.jpg\" alt=\"\" width=\"898\" height=\"1200\" srcset=\"https:\/\/blog.erm.ee\/wp-content\/uploads\/2022\/09\/172992_ERM_Fk892_41-koietegu-Latiniidil.jpg 898w, https:\/\/blog.erm.ee\/wp-content\/uploads\/2022\/09\/172992_ERM_Fk892_41-koietegu-Latiniidil-225x300.jpg 225w, https:\/\/blog.erm.ee\/wp-content\/uploads\/2022\/09\/172992_ERM_Fk892_41-koietegu-Latiniidil-766x1024.jpg 766w, https:\/\/blog.erm.ee\/wp-content\/uploads\/2022\/09\/172992_ERM_Fk892_41-koietegu-Latiniidil-195x260.jpg 195w, https:\/\/blog.erm.ee\/wp-content\/uploads\/2022\/09\/172992_ERM_Fk892_41-koietegu-Latiniidil-768x1026.jpg 768w\" sizes=\"auto, (max-width: 898px) 100vw, 898px\" \/><\/a><p id=\"caption-attachment-15905\" class=\"wp-caption-text\">Vanaisa lapselapsega k\u00f6it keerutamas. L\u00e4tiniidi talu, Tagam\u00f5isa k\u00fcla Kihelkonnal. Gustav R\u00e4nk 1940. ERM Fk 892: 41<\/p><\/div>\n<p style=\"text-align: justify;\">R\u00e4nk sai oma koduk\u00fclast N\u00f5mmelt Karja ligidal teada, et esimene maja seal sai korstna 1883. aastal, kusjuures tegemist oli juhtumisi tema enda kodutalu Orgaga. \u201e<em>Sellise maja omanikku \u201eloeti paruniks, kes korstna tegi\u201c, lapsed kuulutasid,\u201c<\/em> kirjutas ta (R\u00e4nk 1935. ERM TAp 615: 3).<\/p>\n<p style=\"text-align: justify;\">P\u00e4ris tihti hakkab tema m\u00e4rkmeis silma jutt luukidest maja akende ees. Neid oligi vanasti k\u00f5ige rohkem Saaremaal, eriti tuulistes rannak\u00fclades. P\u00f5hjendus oli enamasti see, et siis ei k\u00fclmu aknad \u00e4ra ja toad olid soojemad. K\u00f5inastu saare mees Ivan Keskk\u00fcla (86): \u201e<em>Luugid olid selleks, et aknad ei k\u00fclmaks. Vanal ajal tehti p\u00fchade \u00f6\u00f6del kriidiga ristid peale. Ka aknakehadele tehti ristid peale.\u201c<\/em> (P\u00fchade ristid olid: <strong>+ <\/strong>&#8211; j\u00f5ulu, \u00a0&#8211; n\u00e4\u00e4ri, \ua69a \u00a0&#8211; kolmekuninga; R\u00e4nk 1936. ERM TAp 616: 47).<\/p>\n<div id=\"attachment_15904\" style=\"width: 1210px\" class=\"wp-caption aligncenter\"><a href=\"https:\/\/blog.erm.ee\/wp-content\/uploads\/2022\/09\/172970_ERM_Fk892_19.jpg\"><img loading=\"lazy\" decoding=\"async\" aria-describedby=\"caption-attachment-15904\" data-attachment-id=\"15904\" data-permalink=\"https:\/\/blog.erm.ee\/?attachment_id=15904#main\" data-orig-file=\"https:\/\/blog.erm.ee\/wp-content\/uploads\/2022\/09\/172970_ERM_Fk892_19.jpg\" data-orig-size=\"1200,897\" data-comments-opened=\"1\" data-image-meta=\"{&quot;aperture&quot;:&quot;0&quot;,&quot;credit&quot;:&quot;Pixel Acuity&quot;,&quot;camera&quot;:&quot;&quot;,&quot;caption&quot;:&quot;Changes made in Capture One software: invert, sharpness, crop, exposure and saturation changes.&quot;,&quot;created_timestamp&quot;:&quot;1615805512&quot;,&quot;copyright&quot;:&quot;Estonian National Museum&quot;,&quot;focal_length&quot;:&quot;0&quot;,&quot;iso&quot;:&quot;0&quot;,&quot;shutter_speed&quot;:&quot;0&quot;,&quot;title&quot;:&quot;National Archives of Estonia, \\u201cDigitisation of photonegatives\\u201d&quot;,&quot;orientation&quot;:&quot;1&quot;}\" data-image-title=\"National Archives of Estonia, \u201cDigitisation of photonegatives\u201d\" data-image-description=\"\" data-image-caption=\"&lt;p&gt;Changes made in Capture One software: invert, sharpness, crop, exposure and saturation changes.&lt;\/p&gt;\n\" data-large-file=\"https:\/\/blog.erm.ee\/wp-content\/uploads\/2022\/09\/172970_ERM_Fk892_19-1024x765.jpg\" class=\"size-full wp-image-15904\" src=\"https:\/\/blog.erm.ee\/wp-content\/uploads\/2022\/09\/172970_ERM_Fk892_19.jpg\" alt=\"\" width=\"1200\" height=\"897\" srcset=\"https:\/\/blog.erm.ee\/wp-content\/uploads\/2022\/09\/172970_ERM_Fk892_19.jpg 1200w, https:\/\/blog.erm.ee\/wp-content\/uploads\/2022\/09\/172970_ERM_Fk892_19-300x224.jpg 300w, https:\/\/blog.erm.ee\/wp-content\/uploads\/2022\/09\/172970_ERM_Fk892_19-1024x765.jpg 1024w, https:\/\/blog.erm.ee\/wp-content\/uploads\/2022\/09\/172970_ERM_Fk892_19-348x260.jpg 348w, https:\/\/blog.erm.ee\/wp-content\/uploads\/2022\/09\/172970_ERM_Fk892_19-768x574.jpg 768w\" sizes=\"auto, (max-width: 1200px) 100vw, 1200px\" \/><\/a><p id=\"caption-attachment-15904\" class=\"wp-caption-text\">Suurep\u00e4rane \u00fclesv\u00f5te Saaremaa rehemajast S\u00f5rves Karuste k\u00fclas Mariste talus. T\u00e4helepanu k\u00f6idavad aknaluugid, mida ei n\u00e4e praegu vist enam \u00fchelgi talumajal. Gustav R\u00e4nk 1940. ERM Fk 892: 19<\/p><\/div>\n<div id=\"attachment_15906\" style=\"width: 901px\" class=\"wp-caption aligncenter\"><a href=\"https:\/\/blog.erm.ee\/wp-content\/uploads\/2022\/09\/170102_ERM_Fk751_186-Reheoue-kambriakna-luuk.-Jamaja.jpg\"><img loading=\"lazy\" decoding=\"async\" aria-describedby=\"caption-attachment-15906\" data-attachment-id=\"15906\" data-permalink=\"https:\/\/blog.erm.ee\/?attachment_id=15906#main\" data-orig-file=\"https:\/\/blog.erm.ee\/wp-content\/uploads\/2022\/09\/170102_ERM_Fk751_186-Reheoue-kambriakna-luuk.-Jamaja.jpg\" data-orig-size=\"891,1200\" data-comments-opened=\"1\" data-image-meta=\"{&quot;aperture&quot;:&quot;0&quot;,&quot;credit&quot;:&quot;Pixel Acuity&quot;,&quot;camera&quot;:&quot;&quot;,&quot;caption&quot;:&quot;Changes made in Capture One software: invert, sharpness, crop, exposure and saturation changes.&quot;,&quot;created_timestamp&quot;:&quot;1615468466&quot;,&quot;copyright&quot;:&quot;Estonian National Museum&quot;,&quot;focal_length&quot;:&quot;0&quot;,&quot;iso&quot;:&quot;0&quot;,&quot;shutter_speed&quot;:&quot;0&quot;,&quot;title&quot;:&quot;National Archives of Estonia, \\u201cDigitisation of photonegatives\\u201d&quot;,&quot;orientation&quot;:&quot;1&quot;}\" data-image-title=\"National Archives of Estonia, \u201cDigitisation of photonegatives\u201d\" data-image-description=\"\" data-image-caption=\"&lt;p&gt;Changes made in Capture One software: invert, sharpness, crop, exposure and saturation changes.&lt;\/p&gt;\n\" data-large-file=\"https:\/\/blog.erm.ee\/wp-content\/uploads\/2022\/09\/170102_ERM_Fk751_186-Reheoue-kambriakna-luuk.-Jamaja-760x1024.jpg\" class=\"size-full wp-image-15906\" src=\"https:\/\/blog.erm.ee\/wp-content\/uploads\/2022\/09\/170102_ERM_Fk751_186-Reheoue-kambriakna-luuk.-Jamaja.jpg\" alt=\"\" width=\"891\" height=\"1200\" srcset=\"https:\/\/blog.erm.ee\/wp-content\/uploads\/2022\/09\/170102_ERM_Fk751_186-Reheoue-kambriakna-luuk.-Jamaja.jpg 891w, https:\/\/blog.erm.ee\/wp-content\/uploads\/2022\/09\/170102_ERM_Fk751_186-Reheoue-kambriakna-luuk.-Jamaja-223x300.jpg 223w, https:\/\/blog.erm.ee\/wp-content\/uploads\/2022\/09\/170102_ERM_Fk751_186-Reheoue-kambriakna-luuk.-Jamaja-760x1024.jpg 760w, https:\/\/blog.erm.ee\/wp-content\/uploads\/2022\/09\/170102_ERM_Fk751_186-Reheoue-kambriakna-luuk.-Jamaja-193x260.jpg 193w, https:\/\/blog.erm.ee\/wp-content\/uploads\/2022\/09\/170102_ERM_Fk751_186-Reheoue-kambriakna-luuk.-Jamaja-768x1034.jpg 768w\" sizes=\"auto, (max-width: 891px) 100vw, 891px\" \/><\/a><p id=\"caption-attachment-15906\" class=\"wp-caption-text\">J\u00e4maja Rehe\u00f5ue talu rehe maja kambriakna luuk j\u00f5uluristiga. Gustav R\u00e4nk 1936. ERM Fk 751: 186<\/p><\/div>\n<p style=\"text-align: justify;\">Miks olid majadel muiste v\u00e4ikesed aknad<em>? <\/em>Toomas Raud (75) Orin\u00f5mmelt P\u00f6ide kihelkonnast<em>: \u201eIsa on r\u00e4\u00e4kind, et m\u00f5is on keelanud suuri aknaid teha <\/em>(ERM TAp 617: 55). Aga Kaarma Kiratsi k\u00fcla Kesktalu perenaine Liisa Keskk\u00fcla (70) \u00fctles hoopis: \u201e<em>Muiste tehti pisikesed aknad, et poisid ep p\u00e4\u00e4se t\u00fcdrukute juure mitte.\u201c<\/em> (ERM TAp 615: 55).<\/p>\n<p style=\"text-align: justify;\">Sauna kohta r\u00e4\u00e4kis Muhus Rootsiveres Runni-Mihkli vanaperemees Mihkel Pira (64) nii:<em> \u201eOmal on saun, naabril ka. Teine k\u00fctab teise lauba ja vastastikku k\u00e4ivad naabrid \u00fcksteise saunas, nii et iga laup\u00e4eva \u00f5htul saab sauna <\/em>(R\u00e4nk 1936, ERM TAp 616: 3).\u00a0Sellist <em>kordsauna <\/em>on R\u00e4nk oma suurteoses \u201eSaaremaa taluehitised\u201c pidanud Ida- ja Kesk-Saaremaal \u00fcldiseks kombeks.<\/p>\n<div id=\"attachment_15907\" style=\"width: 1210px\" class=\"wp-caption aligncenter\"><a href=\"https:\/\/blog.erm.ee\/wp-content\/uploads\/2022\/09\/173005_ERM_Fk892_54-Nelise-saun-ja-tuhlituba-1940.jpg\"><img loading=\"lazy\" decoding=\"async\" aria-describedby=\"caption-attachment-15907\" data-attachment-id=\"15907\" data-permalink=\"https:\/\/blog.erm.ee\/?attachment_id=15907#main\" data-orig-file=\"https:\/\/blog.erm.ee\/wp-content\/uploads\/2022\/09\/173005_ERM_Fk892_54-Nelise-saun-ja-tuhlituba-1940.jpg\" data-orig-size=\"1200,898\" data-comments-opened=\"1\" data-image-meta=\"{&quot;aperture&quot;:&quot;0&quot;,&quot;credit&quot;:&quot;Pixel Acuity&quot;,&quot;camera&quot;:&quot;&quot;,&quot;caption&quot;:&quot;Changes made in Capture One software: invert, sharpness, crop, exposure and saturation changes.&quot;,&quot;created_timestamp&quot;:&quot;1615806224&quot;,&quot;copyright&quot;:&quot;Estonian National Museum&quot;,&quot;focal_length&quot;:&quot;0&quot;,&quot;iso&quot;:&quot;0&quot;,&quot;shutter_speed&quot;:&quot;0&quot;,&quot;title&quot;:&quot;National Archives of Estonia, \\u201cDigitisation of photonegatives\\u201d&quot;,&quot;orientation&quot;:&quot;1&quot;}\" data-image-title=\"National Archives of Estonia, \u201cDigitisation of photonegatives\u201d\" data-image-description=\"\" data-image-caption=\"&lt;p&gt;Changes made in Capture One software: invert, sharpness, crop, exposure and saturation changes.&lt;\/p&gt;\n\" data-large-file=\"https:\/\/blog.erm.ee\/wp-content\/uploads\/2022\/09\/173005_ERM_Fk892_54-Nelise-saun-ja-tuhlituba-1940-1024x766.jpg\" class=\"size-full wp-image-15907\" src=\"https:\/\/blog.erm.ee\/wp-content\/uploads\/2022\/09\/173005_ERM_Fk892_54-Nelise-saun-ja-tuhlituba-1940.jpg\" alt=\"\" width=\"1200\" height=\"898\" srcset=\"https:\/\/blog.erm.ee\/wp-content\/uploads\/2022\/09\/173005_ERM_Fk892_54-Nelise-saun-ja-tuhlituba-1940.jpg 1200w, https:\/\/blog.erm.ee\/wp-content\/uploads\/2022\/09\/173005_ERM_Fk892_54-Nelise-saun-ja-tuhlituba-1940-300x225.jpg 300w, https:\/\/blog.erm.ee\/wp-content\/uploads\/2022\/09\/173005_ERM_Fk892_54-Nelise-saun-ja-tuhlituba-1940-1024x766.jpg 1024w, https:\/\/blog.erm.ee\/wp-content\/uploads\/2022\/09\/173005_ERM_Fk892_54-Nelise-saun-ja-tuhlituba-1940-347x260.jpg 347w, https:\/\/blog.erm.ee\/wp-content\/uploads\/2022\/09\/173005_ERM_Fk892_54-Nelise-saun-ja-tuhlituba-1940-768x575.jpg 768w\" sizes=\"auto, (max-width: 1200px) 100vw, 1200px\" \/><\/a><p id=\"caption-attachment-15907\" class=\"wp-caption-text\">Nelise talu saun koos tuhlitoaga V\u00f5hmal Mustjalas 1940. Umbes 50 aastat hiljem k\u00e4is selles saunas vihtlemas ka loo autor Heiki P\u00e4rdi. Gustav R\u00e4nk. ERM Fk 892: 54<\/p><\/div>\n<p style=\"text-align: justify;\">P\u00f6ides Kahtla k\u00fclas jutustas Laasu talu peremees Anton P\u00f5ld (79) R\u00e4ngale (ja seda kuulis ta paljudes kohtades mujalgi), et k\u00fclmal ajal k\u00e4idi m\u00f5nikord lambalaudas<a href=\"#_ftn1\" name=\"_ftnref1\">[1]<\/a> magamas. \u201e<em>Magati puhta s\u00f5nniku peal. Aru Mari elaski kaua aega \u00fches toas lammastega. Tal oli ase taga seina \u00e4\u00e4res (ta oli vallaline t\u00fcdruk). S\u00f5nniku peal oli hea soe magada. Tuba ei olnud igakord nii soe mitte\u201c (R\u00e4nk 1936. ERM TAp 616: 133). <\/em>Lambalaudas magamas olid t\u00fcdrukud k\u00e4inud ka mujal, kui kange k\u00fclm neid magamisaidast v\u00e4lja ajas. Ivan Keskk\u00fcla K\u00f5inastult mainis sedagi, et <em>\u201elambalaudas oli hea soe magada, seal k\u00e4isid t\u00fcdrukud poisse magatamas. Lambalaudas k\u00e4ivad n\u00fc\u00fcdse ajagi inimesed veel s\u00fcnnitamas\u201c <\/em>(R\u00e4nk 1936 ERM TAp 616: 51).<\/p>\n<p style=\"text-align: justify;\">Melani \u00d5un (72) K\u00f5rkvere k\u00fclast P\u00f6ides jutustas aastal 1938: \u201e<em>Kui meesk\u00fclaline tuli, pani isa tolle oma koha peale aulauda <\/em>[aukohta, HP]<em> istuma. Ta ise istus siis vanema poja kohale, nii et k\u00fclaline j\u00e4i tema <u>\u00fclemale<\/u> <\/em>[paremale, HP]<em> k\u00e4ele istuma. Laua otsas poisikesed s\u00f5id p\u00fcsti.\u201c <\/em>(ERM TAp 619: 54)<\/p>\n<div id=\"attachment_15908\" style=\"width: 1210px\" class=\"wp-caption aligncenter\"><a href=\"https:\/\/blog.erm.ee\/wp-content\/uploads\/2022\/09\/171516_ERM_Fk828_99-Kogula-kulas-1938.jpg\"><img loading=\"lazy\" decoding=\"async\" aria-describedby=\"caption-attachment-15908\" data-attachment-id=\"15908\" data-permalink=\"https:\/\/blog.erm.ee\/?attachment_id=15908#main\" data-orig-file=\"https:\/\/blog.erm.ee\/wp-content\/uploads\/2022\/09\/171516_ERM_Fk828_99-Kogula-kulas-1938.jpg\" data-orig-size=\"1200,887\" data-comments-opened=\"1\" data-image-meta=\"{&quot;aperture&quot;:&quot;0&quot;,&quot;credit&quot;:&quot;Pixel Acuity&quot;,&quot;camera&quot;:&quot;&quot;,&quot;caption&quot;:&quot;Changes made in Capture One software: invert, sharpness, crop, exposure and saturation changes.&quot;,&quot;created_timestamp&quot;:&quot;1615550317&quot;,&quot;copyright&quot;:&quot;Estonian National Museum&quot;,&quot;focal_length&quot;:&quot;0&quot;,&quot;iso&quot;:&quot;0&quot;,&quot;shutter_speed&quot;:&quot;0&quot;,&quot;title&quot;:&quot;National Archives of Estonia, \\u201cDigitisation of photonegatives\\u201d&quot;,&quot;orientation&quot;:&quot;1&quot;}\" data-image-title=\"National Archives of Estonia, \u201cDigitisation of photonegatives\u201d\" data-image-description=\"\" data-image-caption=\"&lt;p&gt;Changes made in Capture One software: invert, sharpness, crop, exposure and saturation changes.&lt;\/p&gt;\n\" data-large-file=\"https:\/\/blog.erm.ee\/wp-content\/uploads\/2022\/09\/171516_ERM_Fk828_99-Kogula-kulas-1938-1024x757.jpg\" class=\"size-full wp-image-15908\" src=\"https:\/\/blog.erm.ee\/wp-content\/uploads\/2022\/09\/171516_ERM_Fk828_99-Kogula-kulas-1938.jpg\" alt=\"\" width=\"1200\" height=\"887\" srcset=\"https:\/\/blog.erm.ee\/wp-content\/uploads\/2022\/09\/171516_ERM_Fk828_99-Kogula-kulas-1938.jpg 1200w, https:\/\/blog.erm.ee\/wp-content\/uploads\/2022\/09\/171516_ERM_Fk828_99-Kogula-kulas-1938-300x222.jpg 300w, https:\/\/blog.erm.ee\/wp-content\/uploads\/2022\/09\/171516_ERM_Fk828_99-Kogula-kulas-1938-1024x757.jpg 1024w, https:\/\/blog.erm.ee\/wp-content\/uploads\/2022\/09\/171516_ERM_Fk828_99-Kogula-kulas-1938-352x260.jpg 352w, https:\/\/blog.erm.ee\/wp-content\/uploads\/2022\/09\/171516_ERM_Fk828_99-Kogula-kulas-1938-768x568.jpg 768w\" sizes=\"auto, (max-width: 1200px) 100vw, 1200px\" \/><\/a><p id=\"caption-attachment-15908\" class=\"wp-caption-text\">Muhe pilt vanaema vankris\u00f5idust lastelastega Kogula k\u00fclas K\u00e4rla kihelkonnas. Gustav R\u00e4nk 1938. ERM Fk 828: 99<\/p><\/div>\n<p style=\"text-align: justify;\">Maa- ja rannameeste vahetuskaubast r\u00e4\u00e4giti R\u00e4ngale K\u00f5ruse k\u00fclas Kivestu-Reinu talus Kihelkonnal 1938: \u201e<em>Lesta <u>kaal <\/u>on 30 lesta. R\u00e4imeid m\u00fc\u00fcakse 100 kaupa. Koorma heinte <\/em>[ilmselt <u>r\u00e4imede<\/u>, HP]<em> eest saab K\u00e4rlalt koorma heinu. Kalade eest toodi veel \u00f5unu, marju, kapsaid, kaalikaid, keedetud ube, sepikuleiba ja \u00f5lut, viina (v\u00e4he). \u00d5lletoobist <\/em>[1 toop = 1,2 liitrit, HP]<em> sai kaalu lesti. K\u00e4rla mehed teevad heinatalguid, sinna on tingimata tarvis lesti. M\u00f5nikord oli rannas 20 vastalist mitme \u00f5llekehaga.\u201c <\/em>(ERM TAp 619: 109-110)<\/p>\n<div id=\"attachment_15909\" style=\"width: 903px\" class=\"wp-caption aligncenter\"><a href=\"https:\/\/blog.erm.ee\/wp-content\/uploads\/2022\/09\/172976_ERM_Fk892_25-Triin-Murd-Maebe-jamaja-1940.jpg\"><img loading=\"lazy\" decoding=\"async\" aria-describedby=\"caption-attachment-15909\" data-attachment-id=\"15909\" data-permalink=\"https:\/\/blog.erm.ee\/?attachment_id=15909#main\" data-orig-file=\"https:\/\/blog.erm.ee\/wp-content\/uploads\/2022\/09\/172976_ERM_Fk892_25-Triin-Murd-Maebe-jamaja-1940.jpg\" data-orig-size=\"893,1200\" data-comments-opened=\"1\" data-image-meta=\"{&quot;aperture&quot;:&quot;0&quot;,&quot;credit&quot;:&quot;Pixel Acuity&quot;,&quot;camera&quot;:&quot;&quot;,&quot;caption&quot;:&quot;Changes made in Capture One software: invert, sharpness, crop, exposure and saturation changes.&quot;,&quot;created_timestamp&quot;:&quot;1615805556&quot;,&quot;copyright&quot;:&quot;Estonian National Museum&quot;,&quot;focal_length&quot;:&quot;0&quot;,&quot;iso&quot;:&quot;0&quot;,&quot;shutter_speed&quot;:&quot;0&quot;,&quot;title&quot;:&quot;National Archives of Estonia, \\u201cDigitisation of photonegatives\\u201d&quot;,&quot;orientation&quot;:&quot;1&quot;}\" data-image-title=\"National Archives of Estonia, \u201cDigitisation of photonegatives\u201d\" data-image-description=\"\" data-image-caption=\"&lt;p&gt;Changes made in Capture One software: invert, sharpness, crop, exposure and saturation changes.&lt;\/p&gt;\n\" data-large-file=\"https:\/\/blog.erm.ee\/wp-content\/uploads\/2022\/09\/172976_ERM_Fk892_25-Triin-Murd-Maebe-jamaja-1940-762x1024.jpg\" class=\"size-full wp-image-15909\" src=\"https:\/\/blog.erm.ee\/wp-content\/uploads\/2022\/09\/172976_ERM_Fk892_25-Triin-Murd-Maebe-jamaja-1940.jpg\" alt=\"\" width=\"893\" height=\"1200\" srcset=\"https:\/\/blog.erm.ee\/wp-content\/uploads\/2022\/09\/172976_ERM_Fk892_25-Triin-Murd-Maebe-jamaja-1940.jpg 893w, https:\/\/blog.erm.ee\/wp-content\/uploads\/2022\/09\/172976_ERM_Fk892_25-Triin-Murd-Maebe-jamaja-1940-223x300.jpg 223w, https:\/\/blog.erm.ee\/wp-content\/uploads\/2022\/09\/172976_ERM_Fk892_25-Triin-Murd-Maebe-jamaja-1940-762x1024.jpg 762w, https:\/\/blog.erm.ee\/wp-content\/uploads\/2022\/09\/172976_ERM_Fk892_25-Triin-Murd-Maebe-jamaja-1940-193x260.jpg 193w, https:\/\/blog.erm.ee\/wp-content\/uploads\/2022\/09\/172976_ERM_Fk892_25-Triin-Murd-Maebe-jamaja-1940-768x1032.jpg 768w\" sizes=\"auto, (max-width: 893px) 100vw, 893px\" \/><\/a><p id=\"caption-attachment-15909\" class=\"wp-caption-text\">Triin Murd M\u00e4ebe k\u00fclast J\u00e4majas. Gustav R\u00e4nk 1940. ERM FK 892: 25<\/p><\/div>\n<p style=\"text-align: justify;\">P\u00e4ris palju juttu oli loomadest toas: \u201e<em>Kui kange k\u00fclm oli, toodi poegija lehm tuppa. K\u00fclmaga rautati hobused toas; seoti parre k\u00fclge kinni. Vasikanahka v\u00f5eti toas. Kuked-kanad on toaloomad,\u201c<\/em> r\u00e4\u00e4kis Anton P\u00f5ld Kahtla k\u00fclast (<em>R\u00e4nk 1936<\/em>. ERM TAp 616: 128). Kanad ja kuked olid vist t\u00f5esti toaloomad ning tundub, et hobuste rehetoas rautamine oli p\u00e4ris tavaline &#8211; seda kinnitati R\u00e4ngale paljudes kohtades.<\/p>\n<p style=\"text-align: justify;\">\u201e<em>Kanad-kuked olid ikka toas. Kuke j\u00e4rgi mindi ikka talvel metsa ja linna. Kellu muretseti alles jutustaja noores p\u00f5lves.<\/em> <em>Hobuseid on ka rautamise ajal tuppa toodud. Vanad liiki hobused rautati ikka toas \u2013 iga mees rautas ise,\u201c pajatas 68-aastane Mihkel Ool Hakjala k\u00fcla Sakste talust<\/em> (R\u00e4nk 1935. ERM TAp 615: 23, 27).<\/p>\n<div id=\"attachment_15910\" style=\"width: 1210px\" class=\"wp-caption aligncenter\"><a href=\"https:\/\/blog.erm.ee\/wp-content\/uploads\/2022\/09\/170589_ERM_Fk792_55-kivist-hanemajad-Oti-tonu-Tagavere.jpg\"><img loading=\"lazy\" decoding=\"async\" aria-describedby=\"caption-attachment-15910\" data-attachment-id=\"15910\" data-permalink=\"https:\/\/blog.erm.ee\/?attachment_id=15910#main\" data-orig-file=\"https:\/\/blog.erm.ee\/wp-content\/uploads\/2022\/09\/170589_ERM_Fk792_55-kivist-hanemajad-Oti-tonu-Tagavere.jpg\" data-orig-size=\"1200,879\" data-comments-opened=\"1\" data-image-meta=\"{&quot;aperture&quot;:&quot;0&quot;,&quot;credit&quot;:&quot;Pixel Acuity&quot;,&quot;camera&quot;:&quot;&quot;,&quot;caption&quot;:&quot;Changes made in Capture One software: invert, sharpness, crop, exposure and saturation changes.&quot;,&quot;created_timestamp&quot;:&quot;1615477288&quot;,&quot;copyright&quot;:&quot;Estonian National Museum&quot;,&quot;focal_length&quot;:&quot;0&quot;,&quot;iso&quot;:&quot;0&quot;,&quot;shutter_speed&quot;:&quot;0&quot;,&quot;title&quot;:&quot;National Archives of Estonia, \\u201cDigitisation of photonegatives\\u201d&quot;,&quot;orientation&quot;:&quot;1&quot;}\" data-image-title=\"National Archives of Estonia, \u201cDigitisation of photonegatives\u201d\" data-image-description=\"\" data-image-caption=\"&lt;p&gt;Changes made in Capture One software: invert, sharpness, crop, exposure and saturation changes.&lt;\/p&gt;\n\" data-large-file=\"https:\/\/blog.erm.ee\/wp-content\/uploads\/2022\/09\/170589_ERM_Fk792_55-kivist-hanemajad-Oti-tonu-Tagavere-1024x750.jpg\" class=\"size-full wp-image-15910\" src=\"https:\/\/blog.erm.ee\/wp-content\/uploads\/2022\/09\/170589_ERM_Fk792_55-kivist-hanemajad-Oti-tonu-Tagavere.jpg\" alt=\"\" width=\"1200\" height=\"879\" srcset=\"https:\/\/blog.erm.ee\/wp-content\/uploads\/2022\/09\/170589_ERM_Fk792_55-kivist-hanemajad-Oti-tonu-Tagavere.jpg 1200w, https:\/\/blog.erm.ee\/wp-content\/uploads\/2022\/09\/170589_ERM_Fk792_55-kivist-hanemajad-Oti-tonu-Tagavere-300x220.jpg 300w, https:\/\/blog.erm.ee\/wp-content\/uploads\/2022\/09\/170589_ERM_Fk792_55-kivist-hanemajad-Oti-tonu-Tagavere-1024x750.jpg 1024w, https:\/\/blog.erm.ee\/wp-content\/uploads\/2022\/09\/170589_ERM_Fk792_55-kivist-hanemajad-Oti-tonu-Tagavere-355x260.jpg 355w, https:\/\/blog.erm.ee\/wp-content\/uploads\/2022\/09\/170589_ERM_Fk792_55-kivist-hanemajad-Oti-tonu-Tagavere-768x563.jpg 768w\" sizes=\"auto, (max-width: 1200px) 100vw, 1200px\" \/><\/a><p id=\"caption-attachment-15910\" class=\"wp-caption-text\">Paekivist hanemajad Hansu-Mardi talus Kavandi k\u00fclas P\u00f6ides. Gustav R\u00e4nk. ERM Fk 792: 55<\/p><\/div>\n<p style=\"text-align: justify;\">Muhus Rootsivere k\u00fclas 1936 kuulis R\u00e4nk, et <em>\u201evanasti olid heinamaad jaotatud v\u00e4ga v\u00e4ikesteks t\u00fckkideks. Sellel talul<\/em> [Runni-Mihkli]<em> n\u00e4iteks on olnud 130\u00a0 heinamaid (p\u00f5lde oli 9). M\u00f5nedel taludel olid ka \u00fchisheinamaad, kus hein tehti \u00fchte <\/em>[\u00fchiselt, HP]<em> \u00e4ra. Iga talu saatis heinat\u00f6\u00f6le \u00fchepalju inimesi; valmis hein laoti \u00fchesuurustesse hunnikutesse, mille suurus m\u00f5\u00f5deti kahe ristamisi asetatud paelaga. Kui paela otsad pealt kokku ulatusid, oli m\u00f5\u00f5t t\u00e4is. Hunnikud jaotati \u00e4ra veel liisu teel. V\u00f5eti niipalju pulki kui osanikke, igal pulgal oli m\u00e4rke I, II, III jne. Ka niiviisi loositi, et \u00fcks pani kummuli maha, silmad kinni ja teine k\u00fcsis, kelle see on, kelle see jne, n\u00e4idates ise kordam\u00f6\u00f6da heinahunnikutele<\/em>\u201c. (R\u00e4nk 1936. ERM TAp 616: 1-2)<\/p>\n<p style=\"text-align: justify;\">Paju-Kurdla k\u00fclas P\u00f6ide kihelkonnas r\u00e4\u00e4giti<em>: \u201eK\u00fcla niitis talvel \u00fchiselt roogu \u2013 p\u00e4rast seda m\u00f5\u00f5deti s\u00fcllad v\u00e4lja <\/em>[s\u00fcld roogu \u2013rookimp, millele s\u00fcllapikkune (213 cm) n\u00f6\u00f6r \u00fcmber ulatub]<em>. \u00dcks korjas oma h\u00e4nna v\u00f5i h\u00f5lma sisse k\u00f5ikide \u00fche k\u00e4e kinda. P\u00e4rast viskas see kinda pimesi roohunnik otsa. Kelle kinnas sattus hunnikule, sai selle omale. K\u00fclavahe teejaod <\/em>[talud pidid \u00fchiselt k\u00fclavaheteid korras hoidma, HP]<em> v\u00f5eti ka liisuga.\u201c <\/em>(ERM TAp 615: 118)<\/p>\n<div id=\"attachment_15911\" style=\"width: 1210px\" class=\"wp-caption aligncenter\"><a href=\"https:\/\/blog.erm.ee\/wp-content\/uploads\/2022\/09\/169967_ERM_Fk751_49-ristikuvedu-reega-Jarise-Mustjala.jpg\"><img loading=\"lazy\" decoding=\"async\" aria-describedby=\"caption-attachment-15911\" data-attachment-id=\"15911\" data-permalink=\"https:\/\/blog.erm.ee\/?attachment_id=15911#main\" data-orig-file=\"https:\/\/blog.erm.ee\/wp-content\/uploads\/2022\/09\/169967_ERM_Fk751_49-ristikuvedu-reega-Jarise-Mustjala.jpg\" data-orig-size=\"1200,891\" data-comments-opened=\"1\" data-image-meta=\"{&quot;aperture&quot;:&quot;0&quot;,&quot;credit&quot;:&quot;Pixel Acuity&quot;,&quot;camera&quot;:&quot;&quot;,&quot;caption&quot;:&quot;Changes made in Capture One software: invert, sharpness, crop, exposure and saturation changes.&quot;,&quot;created_timestamp&quot;:&quot;1615466782&quot;,&quot;copyright&quot;:&quot;Estonian National Museum&quot;,&quot;focal_length&quot;:&quot;0&quot;,&quot;iso&quot;:&quot;0&quot;,&quot;shutter_speed&quot;:&quot;0&quot;,&quot;title&quot;:&quot;National Archives of Estonia, \\u201cDigitisation of photonegatives\\u201d&quot;,&quot;orientation&quot;:&quot;1&quot;}\" data-image-title=\"National Archives of Estonia, \u201cDigitisation of photonegatives\u201d\" data-image-description=\"\" data-image-caption=\"&lt;p&gt;Changes made in Capture One software: invert, sharpness, crop, exposure and saturation changes.&lt;\/p&gt;\n\" data-large-file=\"https:\/\/blog.erm.ee\/wp-content\/uploads\/2022\/09\/169967_ERM_Fk751_49-ristikuvedu-reega-Jarise-Mustjala-1024x760.jpg\" class=\"size-full wp-image-15911\" src=\"https:\/\/blog.erm.ee\/wp-content\/uploads\/2022\/09\/169967_ERM_Fk751_49-ristikuvedu-reega-Jarise-Mustjala.jpg\" alt=\"\" width=\"1200\" height=\"891\" srcset=\"https:\/\/blog.erm.ee\/wp-content\/uploads\/2022\/09\/169967_ERM_Fk751_49-ristikuvedu-reega-Jarise-Mustjala.jpg 1200w, https:\/\/blog.erm.ee\/wp-content\/uploads\/2022\/09\/169967_ERM_Fk751_49-ristikuvedu-reega-Jarise-Mustjala-300x223.jpg 300w, https:\/\/blog.erm.ee\/wp-content\/uploads\/2022\/09\/169967_ERM_Fk751_49-ristikuvedu-reega-Jarise-Mustjala-1024x760.jpg 1024w, https:\/\/blog.erm.ee\/wp-content\/uploads\/2022\/09\/169967_ERM_Fk751_49-ristikuvedu-reega-Jarise-Mustjala-350x260.jpg 350w, https:\/\/blog.erm.ee\/wp-content\/uploads\/2022\/09\/169967_ERM_Fk751_49-ristikuvedu-reega-Jarise-Mustjala-768x570.jpg 768w\" sizes=\"auto, (max-width: 1200px) 100vw, 1200px\" \/><\/a><p id=\"caption-attachment-15911\" class=\"wp-caption-text\">Ristikheinavedu reega J\u00e4rise k\u00fclas Mustjalas. Gustav R\u00e4nk. ERM Fk 751: 49<\/p><\/div>\n<p>&nbsp;<\/p>\n<p style=\"text-align: justify;\"><a href=\"#_ftnref1\" name=\"_ftn1\">[1]<\/a> Paljudes Ida-Saaremaa taludes eraldi lambalauta polnudki, lambad elasid talvel saunas. Sellep\u00e4rast ei teagi alati, kas lambalaut oli eraldi ehitis v\u00f5i m\u00f5eldi selle all hoopis sauna, kus lambaid \u00fcletalve peeti.<\/p>\n<p style=\"text-align: justify;\"><strong>Kasutatud kirjandus<\/strong>:<\/p>\n<p style=\"text-align: justify;\">Gustav R\u00e4nga, &#8220;Saaremaa ja Muhu v\u00e4lit\u00f6\u00f6p\u00e4evikud&#8221;, 1935-1938: ERM TAp 615 \u2014 1935, TAp 616 \u2014 1936, TAp 617 \u2014 lk 3\u201335 (1936), TAp 618 \u2014 1937, TAp 619 \u2014 1938, ERM EJ 61, 62, 72, 73, 93, 94, 111.<\/p>\n<p style=\"text-align: justify;\">\n<div class=\"fcbkbttn_buttons_block\" id=\"fcbkbttn_left\"><div class=\"fcbkbttn_like \"><fb:like href=\"https:\/\/blog.erm.ee\/?p=15901\" action=\"like\" colorscheme=\"light\" layout=\"standard\"  width=\"225px\" size=\"small\"><\/fb:like><\/div><div class=\"fb-share-button  \" data-href=\"https:\/\/blog.erm.ee\/?p=15901\" data-type=\"button\" data-size=\"small\"><\/div><\/div>","protected":false},"excerpt":{"rendered":"<p>Heiki P\u00e4rdi, Eesti Vaba\u00f5humuuseumi teadusdirektor. Gustav R\u00e4nk on p\u00f5hiosa oma selle perioodi Saaremaa v\u00e4lit\u00f6\u00f6l kogutud teabest kirja pannud v\u00e4lit\u00f6\u00f6p\u00e4evikuisse.\u00a0Lisaks kirjalikele m\u00e4rkmetele tegi ta uurimisretkedel palju pilte (umbes 800) ning ei piirdunud seejuures ainult ehitistega, vaid j\u00e4\u00e4dvustas k\u00fclamilj\u00f6\u00f6d ja inimesi hoopis avaramalt.\u00a0Koos R\u00e4ngaga r\u00e4nnates tegid kunstnikud Johannes V\u00f5erahansu, Nigul Espe, Ilmar Linnat ja Osvald Bender-Vaikma taluhoonetest&hellip;<\/p>\n","protected":false},"author":1,"featured_media":15903,"comment_status":"open","ping_status":"open","sticky":false,"template":"","format":"standard","meta":{"_monsterinsights_skip_tracking":false,"_monsterinsights_sitenote_active":false,"_monsterinsights_sitenote_note":"","_monsterinsights_sitenote_category":0,"jetpack_post_was_ever_published":false,"_jetpack_newsletter_access":"","_jetpack_dont_email_post_to_subs":false,"_jetpack_newsletter_tier_id":0,"_jetpack_memberships_contains_paywalled_content":false,"_jetpack_memberships_contains_paid_content":false,"footnotes":""},"categories":[39,6,1,10],"tags":[],"class_list":["post-15901","post","type-post","status-publish","format-standard","has-post-thumbnail","hentry","category-ajalooga-asjad","category-foto","category-maaratlemata","category-teadus"],"yoast_head":"<!-- This site is optimized with the Yoast SEO plugin v27.5 - https:\/\/yoast.com\/product\/yoast-seo-wordpress\/ -->\n<title>Gustav R\u00e4nga Saaremaa ja Muhu retked 1935\u20131938 - Eesti Rahva Muuseumi ajaveeb<\/title>\n<meta name=\"robots\" content=\"index, follow, max-snippet:-1, max-image-preview:large, max-video-preview:-1\" \/>\n<link rel=\"canonical\" href=\"https:\/\/blog.erm.ee\/?p=15901\" \/>\n<meta property=\"og:locale\" content=\"et_EE\" \/>\n<meta property=\"og:type\" content=\"article\" \/>\n<meta property=\"og:title\" content=\"Gustav R\u00e4nga Saaremaa ja Muhu retked 1935\u20131938 - Eesti Rahva Muuseumi ajaveeb\" \/>\n<meta property=\"og:description\" content=\"Heiki P\u00e4rdi, Eesti Vaba\u00f5humuuseumi teadusdirektor. Gustav R\u00e4nk on p\u00f5hiosa oma selle perioodi Saaremaa v\u00e4lit\u00f6\u00f6l kogutud teabest kirja pannud v\u00e4lit\u00f6\u00f6p\u00e4evikuisse.\u00a0Lisaks kirjalikele m\u00e4rkmetele tegi ta uurimisretkedel palju pilte (umbes 800) ning ei piirdunud seejuures ainult ehitistega, vaid j\u00e4\u00e4dvustas k\u00fclamilj\u00f6\u00f6d ja inimesi hoopis avaramalt.\u00a0Koos R\u00e4ngaga r\u00e4nnates tegid kunstnikud Johannes V\u00f5erahansu, Nigul Espe, Ilmar Linnat ja Osvald Bender-Vaikma taluhoonetest&hellip;\" \/>\n<meta property=\"og:url\" content=\"https:\/\/blog.erm.ee\/?p=15901\" \/>\n<meta property=\"og:site_name\" content=\"Eesti Rahva Muuseumi ajaveeb\" \/>\n<meta property=\"article:published_time\" content=\"2022-09-15T07:00:12+00:00\" \/>\n<meta property=\"og:image\" content=\"https:\/\/blog.erm.ee\/wp-content\/uploads\/2022\/09\/170107_ERM_Fk751_191-Ilmar-Linnat-ja-Rank-Turju-rannal-1936-e1663077579383.jpg\" \/>\n\t<meta property=\"og:image:width\" content=\"891\" \/>\n\t<meta property=\"og:image:height\" content=\"873\" \/>\n\t<meta property=\"og:image:type\" content=\"image\/jpeg\" \/>\n<meta name=\"author\" content=\"Eesti Rahva Muuseum\" \/>\n<meta name=\"twitter:card\" content=\"summary_large_image\" \/>\n<meta name=\"twitter:label1\" content=\"Written by\" \/>\n\t<meta name=\"twitter:data1\" content=\"Eesti Rahva Muuseum\" \/>\n\t<meta name=\"twitter:label2\" content=\"Est. reading time\" \/>\n\t<meta name=\"twitter:data2\" content=\"6 minutit\" \/>\n<script type=\"application\/ld+json\" class=\"yoast-schema-graph\">{\"@context\":\"https:\\\/\\\/schema.org\",\"@graph\":[{\"@type\":\"Article\",\"@id\":\"https:\\\/\\\/blog.erm.ee\\\/?p=15901#article\",\"isPartOf\":{\"@id\":\"https:\\\/\\\/blog.erm.ee\\\/?p=15901\"},\"author\":{\"name\":\"Eesti Rahva Muuseum\",\"@id\":\"https:\\\/\\\/blog.erm.ee\\\/#\\\/schema\\\/person\\\/6e98c391cb00a33e7c22a3571e062114\"},\"headline\":\"Gustav R\u00e4nga Saaremaa ja Muhu retked 1935\u20131938\",\"datePublished\":\"2022-09-15T07:00:12+00:00\",\"mainEntityOfPage\":{\"@id\":\"https:\\\/\\\/blog.erm.ee\\\/?p=15901\"},\"wordCount\":1247,\"commentCount\":0,\"image\":{\"@id\":\"https:\\\/\\\/blog.erm.ee\\\/?p=15901#primaryimage\"},\"thumbnailUrl\":\"https:\\\/\\\/blog.erm.ee\\\/wp-content\\\/uploads\\\/2022\\\/09\\\/170107_ERM_Fk751_191-Ilmar-Linnat-ja-Rank-Turju-rannal-1936-e1663077579383.jpg\",\"articleSection\":{\"0\":\"Ajalooga asjad\",\"1\":\"Foto\",\"3\":\"Teadus\"},\"inLanguage\":\"et\",\"potentialAction\":[{\"@type\":\"CommentAction\",\"name\":\"Comment\",\"target\":[\"https:\\\/\\\/blog.erm.ee\\\/?p=15901#respond\"]}]},{\"@type\":\"WebPage\",\"@id\":\"https:\\\/\\\/blog.erm.ee\\\/?p=15901\",\"url\":\"https:\\\/\\\/blog.erm.ee\\\/?p=15901\",\"name\":\"Gustav R\u00e4nga Saaremaa ja Muhu retked 1935\u20131938 - Eesti Rahva Muuseumi ajaveeb\",\"isPartOf\":{\"@id\":\"https:\\\/\\\/blog.erm.ee\\\/#website\"},\"primaryImageOfPage\":{\"@id\":\"https:\\\/\\\/blog.erm.ee\\\/?p=15901#primaryimage\"},\"image\":{\"@id\":\"https:\\\/\\\/blog.erm.ee\\\/?p=15901#primaryimage\"},\"thumbnailUrl\":\"https:\\\/\\\/blog.erm.ee\\\/wp-content\\\/uploads\\\/2022\\\/09\\\/170107_ERM_Fk751_191-Ilmar-Linnat-ja-Rank-Turju-rannal-1936-e1663077579383.jpg\",\"datePublished\":\"2022-09-15T07:00:12+00:00\",\"author\":{\"@id\":\"https:\\\/\\\/blog.erm.ee\\\/#\\\/schema\\\/person\\\/6e98c391cb00a33e7c22a3571e062114\"},\"breadcrumb\":{\"@id\":\"https:\\\/\\\/blog.erm.ee\\\/?p=15901#breadcrumb\"},\"inLanguage\":\"et\",\"potentialAction\":[{\"@type\":\"ReadAction\",\"target\":[\"https:\\\/\\\/blog.erm.ee\\\/?p=15901\"]}]},{\"@type\":\"ImageObject\",\"inLanguage\":\"et\",\"@id\":\"https:\\\/\\\/blog.erm.ee\\\/?p=15901#primaryimage\",\"url\":\"https:\\\/\\\/blog.erm.ee\\\/wp-content\\\/uploads\\\/2022\\\/09\\\/170107_ERM_Fk751_191-Ilmar-Linnat-ja-Rank-Turju-rannal-1936-e1663077579383.jpg\",\"contentUrl\":\"https:\\\/\\\/blog.erm.ee\\\/wp-content\\\/uploads\\\/2022\\\/09\\\/170107_ERM_Fk751_191-Ilmar-Linnat-ja-Rank-Turju-rannal-1936-e1663077579383.jpg\",\"width\":891,\"height\":873,\"caption\":\"Changes made in Capture One software: invert, sharpness, crop, exposure and saturation changes.\"},{\"@type\":\"BreadcrumbList\",\"@id\":\"https:\\\/\\\/blog.erm.ee\\\/?p=15901#breadcrumb\",\"itemListElement\":[{\"@type\":\"ListItem\",\"position\":1,\"name\":\"Home\",\"item\":\"https:\\\/\\\/blog.erm.ee\\\/\"},{\"@type\":\"ListItem\",\"position\":2,\"name\":\"Gustav R\u00e4nga Saaremaa ja Muhu retked 1935\u20131938\"}]},{\"@type\":\"WebSite\",\"@id\":\"https:\\\/\\\/blog.erm.ee\\\/#website\",\"url\":\"https:\\\/\\\/blog.erm.ee\\\/\",\"name\":\"Eesti Rahva Muuseumi ajaveeb\",\"description\":\"\",\"potentialAction\":[{\"@type\":\"SearchAction\",\"target\":{\"@type\":\"EntryPoint\",\"urlTemplate\":\"https:\\\/\\\/blog.erm.ee\\\/?s={search_term_string}\"},\"query-input\":{\"@type\":\"PropertyValueSpecification\",\"valueRequired\":true,\"valueName\":\"search_term_string\"}}],\"inLanguage\":\"et\"},{\"@type\":\"Person\",\"@id\":\"https:\\\/\\\/blog.erm.ee\\\/#\\\/schema\\\/person\\\/6e98c391cb00a33e7c22a3571e062114\",\"name\":\"Eesti Rahva Muuseum\",\"image\":{\"@type\":\"ImageObject\",\"inLanguage\":\"et\",\"@id\":\"https:\\\/\\\/secure.gravatar.com\\\/avatar\\\/cb6d9ad5fb49f3f7315028ce5fe60641075f2cb52b8a058ff5a985fa2d8c1da0?s=96&d=mm&r=g\",\"url\":\"https:\\\/\\\/secure.gravatar.com\\\/avatar\\\/cb6d9ad5fb49f3f7315028ce5fe60641075f2cb52b8a058ff5a985fa2d8c1da0?s=96&d=mm&r=g\",\"contentUrl\":\"https:\\\/\\\/secure.gravatar.com\\\/avatar\\\/cb6d9ad5fb49f3f7315028ce5fe60641075f2cb52b8a058ff5a985fa2d8c1da0?s=96&d=mm&r=g\",\"caption\":\"Eesti Rahva Muuseum\"},\"sameAs\":[\"http:\\\/\\\/www.erm.ee\"],\"url\":\"https:\\\/\\\/blog.erm.ee\\\/?author=1\"}]}<\/script>\n<!-- \/ Yoast SEO plugin. -->","yoast_head_json":{"title":"Gustav R\u00e4nga Saaremaa ja Muhu retked 1935\u20131938 - Eesti Rahva Muuseumi ajaveeb","robots":{"index":"index","follow":"follow","max-snippet":"max-snippet:-1","max-image-preview":"max-image-preview:large","max-video-preview":"max-video-preview:-1"},"canonical":"https:\/\/blog.erm.ee\/?p=15901","og_locale":"et_EE","og_type":"article","og_title":"Gustav R\u00e4nga Saaremaa ja Muhu retked 1935\u20131938 - Eesti Rahva Muuseumi ajaveeb","og_description":"Heiki P\u00e4rdi, Eesti Vaba\u00f5humuuseumi teadusdirektor. Gustav R\u00e4nk on p\u00f5hiosa oma selle perioodi Saaremaa v\u00e4lit\u00f6\u00f6l kogutud teabest kirja pannud v\u00e4lit\u00f6\u00f6p\u00e4evikuisse.\u00a0Lisaks kirjalikele m\u00e4rkmetele tegi ta uurimisretkedel palju pilte (umbes 800) ning ei piirdunud seejuures ainult ehitistega, vaid j\u00e4\u00e4dvustas k\u00fclamilj\u00f6\u00f6d ja inimesi hoopis avaramalt.\u00a0Koos R\u00e4ngaga r\u00e4nnates tegid kunstnikud Johannes V\u00f5erahansu, Nigul Espe, Ilmar Linnat ja Osvald Bender-Vaikma taluhoonetest&hellip;","og_url":"https:\/\/blog.erm.ee\/?p=15901","og_site_name":"Eesti Rahva Muuseumi ajaveeb","article_published_time":"2022-09-15T07:00:12+00:00","og_image":[{"width":891,"height":873,"url":"https:\/\/blog.erm.ee\/wp-content\/uploads\/2022\/09\/170107_ERM_Fk751_191-Ilmar-Linnat-ja-Rank-Turju-rannal-1936-e1663077579383.jpg","type":"image\/jpeg"}],"author":"Eesti Rahva Muuseum","twitter_card":"summary_large_image","twitter_misc":{"Written by":"Eesti Rahva Muuseum","Est. reading time":"6 minutit"},"schema":{"@context":"https:\/\/schema.org","@graph":[{"@type":"Article","@id":"https:\/\/blog.erm.ee\/?p=15901#article","isPartOf":{"@id":"https:\/\/blog.erm.ee\/?p=15901"},"author":{"name":"Eesti Rahva Muuseum","@id":"https:\/\/blog.erm.ee\/#\/schema\/person\/6e98c391cb00a33e7c22a3571e062114"},"headline":"Gustav R\u00e4nga Saaremaa ja Muhu retked 1935\u20131938","datePublished":"2022-09-15T07:00:12+00:00","mainEntityOfPage":{"@id":"https:\/\/blog.erm.ee\/?p=15901"},"wordCount":1247,"commentCount":0,"image":{"@id":"https:\/\/blog.erm.ee\/?p=15901#primaryimage"},"thumbnailUrl":"https:\/\/blog.erm.ee\/wp-content\/uploads\/2022\/09\/170107_ERM_Fk751_191-Ilmar-Linnat-ja-Rank-Turju-rannal-1936-e1663077579383.jpg","articleSection":{"0":"Ajalooga asjad","1":"Foto","3":"Teadus"},"inLanguage":"et","potentialAction":[{"@type":"CommentAction","name":"Comment","target":["https:\/\/blog.erm.ee\/?p=15901#respond"]}]},{"@type":"WebPage","@id":"https:\/\/blog.erm.ee\/?p=15901","url":"https:\/\/blog.erm.ee\/?p=15901","name":"Gustav R\u00e4nga Saaremaa ja Muhu retked 1935\u20131938 - Eesti Rahva Muuseumi ajaveeb","isPartOf":{"@id":"https:\/\/blog.erm.ee\/#website"},"primaryImageOfPage":{"@id":"https:\/\/blog.erm.ee\/?p=15901#primaryimage"},"image":{"@id":"https:\/\/blog.erm.ee\/?p=15901#primaryimage"},"thumbnailUrl":"https:\/\/blog.erm.ee\/wp-content\/uploads\/2022\/09\/170107_ERM_Fk751_191-Ilmar-Linnat-ja-Rank-Turju-rannal-1936-e1663077579383.jpg","datePublished":"2022-09-15T07:00:12+00:00","author":{"@id":"https:\/\/blog.erm.ee\/#\/schema\/person\/6e98c391cb00a33e7c22a3571e062114"},"breadcrumb":{"@id":"https:\/\/blog.erm.ee\/?p=15901#breadcrumb"},"inLanguage":"et","potentialAction":[{"@type":"ReadAction","target":["https:\/\/blog.erm.ee\/?p=15901"]}]},{"@type":"ImageObject","inLanguage":"et","@id":"https:\/\/blog.erm.ee\/?p=15901#primaryimage","url":"https:\/\/blog.erm.ee\/wp-content\/uploads\/2022\/09\/170107_ERM_Fk751_191-Ilmar-Linnat-ja-Rank-Turju-rannal-1936-e1663077579383.jpg","contentUrl":"https:\/\/blog.erm.ee\/wp-content\/uploads\/2022\/09\/170107_ERM_Fk751_191-Ilmar-Linnat-ja-Rank-Turju-rannal-1936-e1663077579383.jpg","width":891,"height":873,"caption":"Changes made in Capture One software: invert, sharpness, crop, exposure and saturation changes."},{"@type":"BreadcrumbList","@id":"https:\/\/blog.erm.ee\/?p=15901#breadcrumb","itemListElement":[{"@type":"ListItem","position":1,"name":"Home","item":"https:\/\/blog.erm.ee\/"},{"@type":"ListItem","position":2,"name":"Gustav R\u00e4nga Saaremaa ja Muhu retked 1935\u20131938"}]},{"@type":"WebSite","@id":"https:\/\/blog.erm.ee\/#website","url":"https:\/\/blog.erm.ee\/","name":"Eesti Rahva Muuseumi ajaveeb","description":"","potentialAction":[{"@type":"SearchAction","target":{"@type":"EntryPoint","urlTemplate":"https:\/\/blog.erm.ee\/?s={search_term_string}"},"query-input":{"@type":"PropertyValueSpecification","valueRequired":true,"valueName":"search_term_string"}}],"inLanguage":"et"},{"@type":"Person","@id":"https:\/\/blog.erm.ee\/#\/schema\/person\/6e98c391cb00a33e7c22a3571e062114","name":"Eesti Rahva Muuseum","image":{"@type":"ImageObject","inLanguage":"et","@id":"https:\/\/secure.gravatar.com\/avatar\/cb6d9ad5fb49f3f7315028ce5fe60641075f2cb52b8a058ff5a985fa2d8c1da0?s=96&d=mm&r=g","url":"https:\/\/secure.gravatar.com\/avatar\/cb6d9ad5fb49f3f7315028ce5fe60641075f2cb52b8a058ff5a985fa2d8c1da0?s=96&d=mm&r=g","contentUrl":"https:\/\/secure.gravatar.com\/avatar\/cb6d9ad5fb49f3f7315028ce5fe60641075f2cb52b8a058ff5a985fa2d8c1da0?s=96&d=mm&r=g","caption":"Eesti Rahva Muuseum"},"sameAs":["http:\/\/www.erm.ee"],"url":"https:\/\/blog.erm.ee\/?author=1"}]}},"jetpack_featured_media_url":"https:\/\/blog.erm.ee\/wp-content\/uploads\/2022\/09\/170107_ERM_Fk751_191-Ilmar-Linnat-ja-Rank-Turju-rannal-1936-e1663077579383.jpg","jetpack_shortlink":"https:\/\/wp.me\/p2l9Zd-48t","jetpack_sharing_enabled":true,"jetpack_likes_enabled":true,"_links":{"self":[{"href":"https:\/\/blog.erm.ee\/index.php?rest_route=\/wp\/v2\/posts\/15901","targetHints":{"allow":["GET"]}}],"collection":[{"href":"https:\/\/blog.erm.ee\/index.php?rest_route=\/wp\/v2\/posts"}],"about":[{"href":"https:\/\/blog.erm.ee\/index.php?rest_route=\/wp\/v2\/types\/post"}],"author":[{"embeddable":true,"href":"https:\/\/blog.erm.ee\/index.php?rest_route=\/wp\/v2\/users\/1"}],"replies":[{"embeddable":true,"href":"https:\/\/blog.erm.ee\/index.php?rest_route=%2Fwp%2Fv2%2Fcomments&post=15901"}],"version-history":[{"count":3,"href":"https:\/\/blog.erm.ee\/index.php?rest_route=\/wp\/v2\/posts\/15901\/revisions"}],"predecessor-version":[{"id":15914,"href":"https:\/\/blog.erm.ee\/index.php?rest_route=\/wp\/v2\/posts\/15901\/revisions\/15914"}],"wp:featuredmedia":[{"embeddable":true,"href":"https:\/\/blog.erm.ee\/index.php?rest_route=\/wp\/v2\/media\/15903"}],"wp:attachment":[{"href":"https:\/\/blog.erm.ee\/index.php?rest_route=%2Fwp%2Fv2%2Fmedia&parent=15901"}],"wp:term":[{"taxonomy":"category","embeddable":true,"href":"https:\/\/blog.erm.ee\/index.php?rest_route=%2Fwp%2Fv2%2Fcategories&post=15901"},{"taxonomy":"post_tag","embeddable":true,"href":"https:\/\/blog.erm.ee\/index.php?rest_route=%2Fwp%2Fv2%2Ftags&post=15901"}],"curies":[{"name":"wp","href":"https:\/\/api.w.org\/{rel}","templated":true}]}}