{"id":15758,"date":"2022-07-14T10:00:22","date_gmt":"2022-07-14T07:00:22","guid":{"rendered":"https:\/\/blog.erm.ee\/?p=15758"},"modified":"2022-06-27T09:55:06","modified_gmt":"2022-06-27T06:55:06","slug":"noelad-peitu","status":"publish","type":"post","link":"https:\/\/blog.erm.ee\/?p=15758","title":{"rendered":"N\u00f5elad peitu!"},"content":{"rendered":"<div class=\"fcbkbttn_buttons_block\" id=\"fcbkbttn_left\"><div class=\"fcbkbttn_like \"><fb:like href=\"https:\/\/blog.erm.ee\/?p=15758\" action=\"like\" colorscheme=\"light\" layout=\"standard\"  width=\"225px\" size=\"small\"><\/fb:like><\/div><div class=\"fb-share-button  \" data-href=\"https:\/\/blog.erm.ee\/?p=15758\" data-type=\"button\" data-size=\"small\"><\/div><\/div><p>Kadri Vissel, ERMi vanemkoguhoidja.<\/p>\n<p>Rahvakalendris on ridamisi t\u00e4htp\u00e4evi, mil igasugune k\u00e4sit\u00f6\u00f6 on ebasoovitatav v\u00f5i lausa keelatud. Nii ka \u00f5mblemine-n\u00f5elumine. Veelgi parem, kui n\u00f5elad on \u00fcldse silma alt \u00e4ra pandud. Kuhu nad siis peita?<\/p>\n<p>Siin on \u00fcks tore pildigalerii, kus on n\u00e4ha, kuhu j\u00f5ude seisvad t\u00f6\u00f6vahendid torgata.<\/p>\n<div id=\"attachment_15759\" style=\"width: 1210px\" class=\"wp-caption aligncenter\"><a href=\"https:\/\/blog.erm.ee\/wp-content\/uploads\/2022\/06\/264737_ERM_A630_161.jpg\"><img loading=\"lazy\" decoding=\"async\" aria-describedby=\"caption-attachment-15759\" data-attachment-id=\"15759\" data-permalink=\"https:\/\/blog.erm.ee\/?attachment_id=15759#main\" data-orig-file=\"https:\/\/blog.erm.ee\/wp-content\/uploads\/2022\/06\/264737_ERM_A630_161.jpg\" data-orig-size=\"1200,1080\" data-comments-opened=\"1\" data-image-meta=\"{&quot;aperture&quot;:&quot;16&quot;,&quot;credit&quot;:&quot;&quot;,&quot;camera&quot;:&quot;NIKON D800E&quot;,&quot;caption&quot;:&quot;Ratus O\\u00dc; Fotograaf Andres Teiss&quot;,&quot;created_timestamp&quot;:&quot;1635254490&quot;,&quot;copyright&quot;:&quot;&quot;,&quot;focal_length&quot;:&quot;105&quot;,&quot;iso&quot;:&quot;100&quot;,&quot;shutter_speed&quot;:&quot;0.005&quot;,&quot;title&quot;:&quot;Ratus O\\u00dc; Fotograaf Andres Teiss&quot;,&quot;orientation&quot;:&quot;1&quot;}\" data-image-title=\"Ratus O\u00dc; Fotograaf Andres Teiss\" data-image-description=\"\" data-image-caption=\"&lt;p&gt;Ratus O\u00dc; Fotograaf Andres Teiss&lt;\/p&gt;\n\" data-large-file=\"https:\/\/blog.erm.ee\/wp-content\/uploads\/2022\/06\/264737_ERM_A630_161-1024x922.jpg\" class=\"size-full wp-image-15759\" src=\"https:\/\/blog.erm.ee\/wp-content\/uploads\/2022\/06\/264737_ERM_A630_161.jpg\" alt=\"\" width=\"1200\" height=\"1080\" srcset=\"https:\/\/blog.erm.ee\/wp-content\/uploads\/2022\/06\/264737_ERM_A630_161.jpg 1200w, https:\/\/blog.erm.ee\/wp-content\/uploads\/2022\/06\/264737_ERM_A630_161-300x270.jpg 300w, https:\/\/blog.erm.ee\/wp-content\/uploads\/2022\/06\/264737_ERM_A630_161-1024x922.jpg 1024w, https:\/\/blog.erm.ee\/wp-content\/uploads\/2022\/06\/264737_ERM_A630_161-289x260.jpg 289w, https:\/\/blog.erm.ee\/wp-content\/uploads\/2022\/06\/264737_ERM_A630_161-768x691.jpg 768w\" sizes=\"auto, (max-width: 1200px) 100vw, 1200px\" \/><\/a><p id=\"caption-attachment-15759\" class=\"wp-caption-text\">N\u00f5elapadi, mille tegi 1972. aastal Pauline Pork M\u00e4etaguse vallas. ERM A630:161. Foto: Andres Teiss<\/p><\/div>\n<div id=\"attachment_15760\" style=\"width: 1157px\" class=\"wp-caption aligncenter\"><a href=\"https:\/\/blog.erm.ee\/wp-content\/uploads\/2022\/06\/264705_ERM_A604_133.jpg\"><img loading=\"lazy\" decoding=\"async\" aria-describedby=\"caption-attachment-15760\" data-attachment-id=\"15760\" data-permalink=\"https:\/\/blog.erm.ee\/?attachment_id=15760#main\" data-orig-file=\"https:\/\/blog.erm.ee\/wp-content\/uploads\/2022\/06\/264705_ERM_A604_133.jpg\" data-orig-size=\"1147,1200\" data-comments-opened=\"1\" data-image-meta=\"{&quot;aperture&quot;:&quot;16&quot;,&quot;credit&quot;:&quot;&quot;,&quot;camera&quot;:&quot;NIKON D800E&quot;,&quot;caption&quot;:&quot;Ratus O\\u00dc; Fotograaf Andres Teiss&quot;,&quot;created_timestamp&quot;:&quot;1635254343&quot;,&quot;copyright&quot;:&quot;&quot;,&quot;focal_length&quot;:&quot;105&quot;,&quot;iso&quot;:&quot;100&quot;,&quot;shutter_speed&quot;:&quot;0.005&quot;,&quot;title&quot;:&quot;Ratus O\\u00dc; Fotograaf Andres Teiss&quot;,&quot;orientation&quot;:&quot;1&quot;}\" data-image-title=\"Ratus O\u00dc; Fotograaf Andres Teiss\" data-image-description=\"\" data-image-caption=\"&lt;p&gt;Ratus O\u00dc; Fotograaf Andres Teiss&lt;\/p&gt;\n\" data-large-file=\"https:\/\/blog.erm.ee\/wp-content\/uploads\/2022\/06\/264705_ERM_A604_133-979x1024.jpg\" class=\"size-full wp-image-15760\" src=\"https:\/\/blog.erm.ee\/wp-content\/uploads\/2022\/06\/264705_ERM_A604_133.jpg\" alt=\"\" width=\"1147\" height=\"1200\" srcset=\"https:\/\/blog.erm.ee\/wp-content\/uploads\/2022\/06\/264705_ERM_A604_133.jpg 1147w, https:\/\/blog.erm.ee\/wp-content\/uploads\/2022\/06\/264705_ERM_A604_133-287x300.jpg 287w, https:\/\/blog.erm.ee\/wp-content\/uploads\/2022\/06\/264705_ERM_A604_133-979x1024.jpg 979w, https:\/\/blog.erm.ee\/wp-content\/uploads\/2022\/06\/264705_ERM_A604_133-249x260.jpg 249w, https:\/\/blog.erm.ee\/wp-content\/uploads\/2022\/06\/264705_ERM_A604_133-768x803.jpg 768w\" sizes=\"auto, (max-width: 1147px) 100vw, 1147px\" \/><\/a><p id=\"caption-attachment-15760\" class=\"wp-caption-text\">1930.\u20131940. aastatel valminud n\u00f5elapadi. ERM A604:133. Foto: Andres Teiss<\/p><\/div>\n<div id=\"attachment_15761\" style=\"width: 1210px\" class=\"wp-caption aligncenter\"><a href=\"https:\/\/blog.erm.ee\/wp-content\/uploads\/2022\/06\/264797_ERM_A635_148.jpg\"><img loading=\"lazy\" decoding=\"async\" aria-describedby=\"caption-attachment-15761\" data-attachment-id=\"15761\" data-permalink=\"https:\/\/blog.erm.ee\/?attachment_id=15761#main\" data-orig-file=\"https:\/\/blog.erm.ee\/wp-content\/uploads\/2022\/06\/264797_ERM_A635_148.jpg\" data-orig-size=\"1200,801\" data-comments-opened=\"1\" data-image-meta=\"{&quot;aperture&quot;:&quot;16&quot;,&quot;credit&quot;:&quot;&quot;,&quot;camera&quot;:&quot;NIKON D800E&quot;,&quot;caption&quot;:&quot;Ratus O\\u00dc; Fotograaf Andres Teiss&quot;,&quot;created_timestamp&quot;:&quot;1635254115&quot;,&quot;copyright&quot;:&quot;&quot;,&quot;focal_length&quot;:&quot;60&quot;,&quot;iso&quot;:&quot;100&quot;,&quot;shutter_speed&quot;:&quot;0.00625&quot;,&quot;title&quot;:&quot;Ratus O\\u00dc; Fotograaf Andres Teiss&quot;,&quot;orientation&quot;:&quot;1&quot;}\" data-image-title=\"Ratus O\u00dc; Fotograaf Andres Teiss\" data-image-description=\"\" data-image-caption=\"&lt;p&gt;Ratus O\u00dc; Fotograaf Andres Teiss&lt;\/p&gt;\n\" data-large-file=\"https:\/\/blog.erm.ee\/wp-content\/uploads\/2022\/06\/264797_ERM_A635_148-1024x684.jpg\" class=\"size-full wp-image-15761\" src=\"https:\/\/blog.erm.ee\/wp-content\/uploads\/2022\/06\/264797_ERM_A635_148.jpg\" alt=\"\" width=\"1200\" height=\"801\" srcset=\"https:\/\/blog.erm.ee\/wp-content\/uploads\/2022\/06\/264797_ERM_A635_148.jpg 1200w, https:\/\/blog.erm.ee\/wp-content\/uploads\/2022\/06\/264797_ERM_A635_148-300x200.jpg 300w, https:\/\/blog.erm.ee\/wp-content\/uploads\/2022\/06\/264797_ERM_A635_148-1024x684.jpg 1024w, https:\/\/blog.erm.ee\/wp-content\/uploads\/2022\/06\/264797_ERM_A635_148-390x260.jpg 390w, https:\/\/blog.erm.ee\/wp-content\/uploads\/2022\/06\/264797_ERM_A635_148-768x513.jpg 768w\" sizes=\"auto, (max-width: 1200px) 100vw, 1200px\" \/><\/a><p id=\"caption-attachment-15761\" class=\"wp-caption-text\">N\u00f5elapadi T\u00fcri kihelkonnast. ERM A635:148. Foto: Andres Teiss<\/p><\/div>\n<div id=\"attachment_15762\" style=\"width: 970px\" class=\"wp-caption aligncenter\"><a href=\"https:\/\/blog.erm.ee\/wp-content\/uploads\/2022\/06\/264839_ERM_A851_2195.jpg\"><img loading=\"lazy\" decoding=\"async\" aria-describedby=\"caption-attachment-15762\" data-attachment-id=\"15762\" data-permalink=\"https:\/\/blog.erm.ee\/?attachment_id=15762#main\" data-orig-file=\"https:\/\/blog.erm.ee\/wp-content\/uploads\/2022\/06\/264839_ERM_A851_2195.jpg\" data-orig-size=\"960,1200\" data-comments-opened=\"1\" data-image-meta=\"{&quot;aperture&quot;:&quot;16&quot;,&quot;credit&quot;:&quot;&quot;,&quot;camera&quot;:&quot;NIKON D800E&quot;,&quot;caption&quot;:&quot;Ratus O\\u00dc; Fotograaf Andres Teiss&quot;,&quot;created_timestamp&quot;:&quot;1635249670&quot;,&quot;copyright&quot;:&quot;&quot;,&quot;focal_length&quot;:&quot;60&quot;,&quot;iso&quot;:&quot;100&quot;,&quot;shutter_speed&quot;:&quot;0.00625&quot;,&quot;title&quot;:&quot;Ratus O\\u00dc; Fotograaf Andres Teiss&quot;,&quot;orientation&quot;:&quot;1&quot;}\" data-image-title=\"Ratus O\u00dc; Fotograaf Andres Teiss\" data-image-description=\"\" data-image-caption=\"&lt;p&gt;Ratus O\u00dc; Fotograaf Andres Teiss&lt;\/p&gt;\n\" data-large-file=\"https:\/\/blog.erm.ee\/wp-content\/uploads\/2022\/06\/264839_ERM_A851_2195-819x1024.jpg\" class=\"size-full wp-image-15762\" src=\"https:\/\/blog.erm.ee\/wp-content\/uploads\/2022\/06\/264839_ERM_A851_2195.jpg\" alt=\"\" width=\"960\" height=\"1200\" srcset=\"https:\/\/blog.erm.ee\/wp-content\/uploads\/2022\/06\/264839_ERM_A851_2195.jpg 960w, https:\/\/blog.erm.ee\/wp-content\/uploads\/2022\/06\/264839_ERM_A851_2195-240x300.jpg 240w, https:\/\/blog.erm.ee\/wp-content\/uploads\/2022\/06\/264839_ERM_A851_2195-819x1024.jpg 819w, https:\/\/blog.erm.ee\/wp-content\/uploads\/2022\/06\/264839_ERM_A851_2195-208x260.jpg 208w, https:\/\/blog.erm.ee\/wp-content\/uploads\/2022\/06\/264839_ERM_A851_2195-768x960.jpg 768w\" sizes=\"auto, (max-width: 960px) 100vw, 960px\" \/><\/a><p id=\"caption-attachment-15762\" class=\"wp-caption-text\">T\u00fc\u00fcpiline n\u00e4ide Rahvakunstimeistrite koondise UKU toodangust. ERM A851:2195. Foto: Andres Teiss<\/p><\/div>\n<div id=\"attachment_15763\" style=\"width: 1210px\" class=\"wp-caption aligncenter\"><a href=\"https:\/\/blog.erm.ee\/wp-content\/uploads\/2022\/06\/265069_ERM_D74_2.jpg\"><img loading=\"lazy\" decoding=\"async\" aria-describedby=\"caption-attachment-15763\" data-attachment-id=\"15763\" data-permalink=\"https:\/\/blog.erm.ee\/?attachment_id=15763#main\" data-orig-file=\"https:\/\/blog.erm.ee\/wp-content\/uploads\/2022\/06\/265069_ERM_D74_2.jpg\" data-orig-size=\"1200,1200\" data-comments-opened=\"1\" data-image-meta=\"{&quot;aperture&quot;:&quot;16&quot;,&quot;credit&quot;:&quot;&quot;,&quot;camera&quot;:&quot;NIKON D800E&quot;,&quot;caption&quot;:&quot;Ratus O\\u00dc; Fotograaf Andres Teiss&quot;,&quot;created_timestamp&quot;:&quot;1635252825&quot;,&quot;copyright&quot;:&quot;&quot;,&quot;focal_length&quot;:&quot;60&quot;,&quot;iso&quot;:&quot;100&quot;,&quot;shutter_speed&quot;:&quot;0.00625&quot;,&quot;title&quot;:&quot;Ratus O\\u00dc; Fotograaf Andres Teiss&quot;,&quot;orientation&quot;:&quot;1&quot;}\" data-image-title=\"Ratus O\u00dc; Fotograaf Andres Teiss\" data-image-description=\"\" data-image-caption=\"&lt;p&gt;Ratus O\u00dc; Fotograaf Andres Teiss&lt;\/p&gt;\n\" data-large-file=\"https:\/\/blog.erm.ee\/wp-content\/uploads\/2022\/06\/265069_ERM_D74_2-1024x1024.jpg\" class=\"size-full wp-image-15763\" src=\"https:\/\/blog.erm.ee\/wp-content\/uploads\/2022\/06\/265069_ERM_D74_2.jpg\" alt=\"\" width=\"1200\" height=\"1200\" srcset=\"https:\/\/blog.erm.ee\/wp-content\/uploads\/2022\/06\/265069_ERM_D74_2.jpg 1200w, https:\/\/blog.erm.ee\/wp-content\/uploads\/2022\/06\/265069_ERM_D74_2-300x300.jpg 300w, https:\/\/blog.erm.ee\/wp-content\/uploads\/2022\/06\/265069_ERM_D74_2-1024x1024.jpg 1024w, https:\/\/blog.erm.ee\/wp-content\/uploads\/2022\/06\/265069_ERM_D74_2-260x260.jpg 260w, https:\/\/blog.erm.ee\/wp-content\/uploads\/2022\/06\/265069_ERM_D74_2-768x768.jpg 768w, https:\/\/blog.erm.ee\/wp-content\/uploads\/2022\/06\/265069_ERM_D74_2-50x50.jpg 50w\" sizes=\"auto, (max-width: 1200px) 100vw, 1200px\" \/><\/a><p id=\"caption-attachment-15763\" class=\"wp-caption-text\">N\u00f5elapadi, mis j\u00f5udis muuseumisse 1942. aastal Helmi Kurriku kaudu. ERM D74:2. Foto: Andres Teiss<\/p><\/div>\n<div id=\"attachment_15764\" style=\"width: 1210px\" class=\"wp-caption aligncenter\"><a href=\"https:\/\/blog.erm.ee\/wp-content\/uploads\/2022\/06\/069245_ERM_A697_115.jpg\"><img loading=\"lazy\" decoding=\"async\" aria-describedby=\"caption-attachment-15764\" data-attachment-id=\"15764\" data-permalink=\"https:\/\/blog.erm.ee\/?attachment_id=15764#main\" data-orig-file=\"https:\/\/blog.erm.ee\/wp-content\/uploads\/2022\/06\/069245_ERM_A697_115.jpg\" data-orig-size=\"1200,803\" data-comments-opened=\"1\" data-image-meta=\"{&quot;aperture&quot;:&quot;18&quot;,&quot;credit&quot;:&quot;{your name}&quot;,&quot;camera&quot;:&quot;NIKON D200&quot;,&quot;caption&quot;:&quot;&quot;,&quot;created_timestamp&quot;:&quot;1335527098&quot;,&quot;copyright&quot;:&quot;(C)2011 {your name}, all rights reserved&quot;,&quot;focal_length&quot;:&quot;105&quot;,&quot;iso&quot;:&quot;100&quot;,&quot;shutter_speed&quot;:&quot;0.016666666666667&quot;,&quot;title&quot;:&quot;&quot;,&quot;orientation&quot;:&quot;1&quot;}\" data-image-title=\"069245_ERM_A697_115\" data-image-description=\"\" data-image-caption=\"\" data-large-file=\"https:\/\/blog.erm.ee\/wp-content\/uploads\/2022\/06\/069245_ERM_A697_115-1024x685.jpg\" class=\"wp-image-15764 size-full\" src=\"https:\/\/blog.erm.ee\/wp-content\/uploads\/2022\/06\/069245_ERM_A697_115.jpg\" alt=\"\" width=\"1200\" height=\"803\" srcset=\"https:\/\/blog.erm.ee\/wp-content\/uploads\/2022\/06\/069245_ERM_A697_115.jpg 1200w, https:\/\/blog.erm.ee\/wp-content\/uploads\/2022\/06\/069245_ERM_A697_115-300x201.jpg 300w, https:\/\/blog.erm.ee\/wp-content\/uploads\/2022\/06\/069245_ERM_A697_115-1024x685.jpg 1024w, https:\/\/blog.erm.ee\/wp-content\/uploads\/2022\/06\/069245_ERM_A697_115-389x260.jpg 389w, https:\/\/blog.erm.ee\/wp-content\/uploads\/2022\/06\/069245_ERM_A697_115-768x514.jpg 768w\" sizes=\"auto, (max-width: 1200px) 100vw, 1200px\" \/><\/a><p id=\"caption-attachment-15764\" class=\"wp-caption-text\">Elsa Tombergile (1889\u20131980) kuulunud h\u00f5bedast n\u00f5elatoos. Elsa abikaasa oli elukutseline maadleja Karl Tomberg. 1921\u20131939 elasid nad Saksamaal, ese p\u00e4rinebki arvatavasti sellest perioodist. ERM A697:115<\/p><\/div>\n<div id=\"attachment_15765\" style=\"width: 1210px\" class=\"wp-caption aligncenter\"><a href=\"https:\/\/blog.erm.ee\/wp-content\/uploads\/2022\/06\/215411_ERM_A509_6239.jpg\"><img loading=\"lazy\" decoding=\"async\" aria-describedby=\"caption-attachment-15765\" data-attachment-id=\"15765\" data-permalink=\"https:\/\/blog.erm.ee\/?attachment_id=15765#main\" data-orig-file=\"https:\/\/blog.erm.ee\/wp-content\/uploads\/2022\/06\/215411_ERM_A509_6239.jpg\" data-orig-size=\"1200,801\" data-comments-opened=\"1\" data-image-meta=\"{&quot;aperture&quot;:&quot;22&quot;,&quot;credit&quot;:&quot;&quot;,&quot;camera&quot;:&quot;NIKON D600&quot;,&quot;caption&quot;:&quot;&quot;,&quot;created_timestamp&quot;:&quot;1455881220&quot;,&quot;copyright&quot;:&quot;&quot;,&quot;focal_length&quot;:&quot;32&quot;,&quot;iso&quot;:&quot;100&quot;,&quot;shutter_speed&quot;:&quot;0.008&quot;,&quot;title&quot;:&quot;&quot;,&quot;orientation&quot;:&quot;1&quot;}\" data-image-title=\"215411_ERM_A509_6239\" data-image-description=\"\" data-image-caption=\"\" data-large-file=\"https:\/\/blog.erm.ee\/wp-content\/uploads\/2022\/06\/215411_ERM_A509_6239-1024x684.jpg\" class=\"wp-image-15765 size-full\" src=\"https:\/\/blog.erm.ee\/wp-content\/uploads\/2022\/06\/215411_ERM_A509_6239.jpg\" alt=\"\" width=\"1200\" height=\"801\" srcset=\"https:\/\/blog.erm.ee\/wp-content\/uploads\/2022\/06\/215411_ERM_A509_6239.jpg 1200w, https:\/\/blog.erm.ee\/wp-content\/uploads\/2022\/06\/215411_ERM_A509_6239-300x200.jpg 300w, https:\/\/blog.erm.ee\/wp-content\/uploads\/2022\/06\/215411_ERM_A509_6239-1024x684.jpg 1024w, https:\/\/blog.erm.ee\/wp-content\/uploads\/2022\/06\/215411_ERM_A509_6239-390x260.jpg 390w, https:\/\/blog.erm.ee\/wp-content\/uploads\/2022\/06\/215411_ERM_A509_6239-768x513.jpg 768w\" sizes=\"auto, (max-width: 1200px) 100vw, 1200px\" \/><\/a><p id=\"caption-attachment-15765\" class=\"wp-caption-text\">Hiiumaa naised kandsid rahvar\u00f5ivaste juures v\u00f6\u00f6d, mille k\u00fclge kuulus puusal rippuv metallist n\u00f5elakoda. Nii olid n\u00f5elad iga hetk omast k\u00e4est v\u00f5tta. ERM A509:6239<\/p><\/div>\n<div id=\"attachment_15767\" style=\"width: 910px\" class=\"wp-caption aligncenter\"><a href=\"https:\/\/blog.erm.ee\/wp-content\/uploads\/2022\/06\/001787_ERM_A272_55.jpg\"><img loading=\"lazy\" decoding=\"async\" aria-describedby=\"caption-attachment-15767\" data-attachment-id=\"15767\" data-permalink=\"https:\/\/blog.erm.ee\/?attachment_id=15767#main\" data-orig-file=\"https:\/\/blog.erm.ee\/wp-content\/uploads\/2022\/06\/001787_ERM_A272_55.jpg\" data-orig-size=\"900,1200\" data-comments-opened=\"1\" data-image-meta=\"{&quot;aperture&quot;:&quot;7.6&quot;,&quot;credit&quot;:&quot;&quot;,&quot;camera&quot;:&quot;E5000&quot;,&quot;caption&quot;:&quot;File Name : DSCN1414.JPG\\rFile Size : 1.4MB (1455768 Bytes)\\rDate Taken : 2002\/03\/12 10:46:18\\rImage Size : 2560 x 1920 pixels\\rResolution : 300 x 300 dpi\\rBit Depth : 8 bits\/channel\\rProtection Attribute : Off\\rHide Attribute : Off\\rCamera ID : N\/A\\rCamera : E5000\\rQuality Mode : FINE\\rMetering Mode : Center-Weighted\\rExposure Mode : Manual\\rSpeed Light : Yes\\rFocal Length : 12.4 mm\\rShutter Speed : 1\/250 second\\rAperture : F7.6\\rExposure Compensation : 0 EV\\rWhite Balance : Flash\\rLens : Built-in\\rFlash Sync Mode : Slow Sync\\rExposure Difference : N\/A\\rFlexible Program : N\/A\\rSensitivity : ISO100\\rSharpening : Auto\\rImage Type : Color\\rColor Mode : N\/A\\rHue Adjustment : N\/A\\rSaturation Control : Saturation -1\\rTone Compensation : Normal\\rLatitude(GPS) : N\/A\\rLongitude(GPS) : N\/A\\rAltitude(GPS) : N\/A&quot;,&quot;created_timestamp&quot;:&quot;1015929978&quot;,&quot;copyright&quot;:&quot;\\u00a9 Eesti Rahva Muuseum&quot;,&quot;focal_length&quot;:&quot;12.4&quot;,&quot;iso&quot;:&quot;100&quot;,&quot;shutter_speed&quot;:&quot;0.004&quot;,&quot;title&quot;:&quot;&quot;,&quot;orientation&quot;:&quot;1&quot;}\" data-image-title=\"001787_ERM_A272_55\" data-image-description=\"\" data-image-caption=\"&lt;p&gt;File Name : DSCN1414.JPG&lt;br \/&gt;\nFile Size : 1.4MB (1455768 Bytes)&lt;br \/&gt;\nDate Taken : 2002\/03\/12 10:46:18&lt;br \/&gt;\nImage Size : 2560 x 1920 pixels&lt;br \/&gt;\nResolution : 300 x 300 dpi&lt;br \/&gt;\nBit Depth : 8 bits\/channel&lt;br \/&gt;\nProtection Attribute : Off&lt;br \/&gt;\nHide Attribute : Off&lt;br \/&gt;\nCamera ID : N\/A&lt;br \/&gt;\nCamera : E5000&lt;br \/&gt;\nQuality Mode : FINE&lt;br \/&gt;\nMetering Mode : Center-Weighted&lt;br \/&gt;\nExposure Mode : Manual&lt;br \/&gt;\nSpeed Light : Yes&lt;br \/&gt;\nFocal Length : 12.4 mm&lt;br \/&gt;\nShutter Speed : 1\/250 second&lt;br \/&gt;\nAperture : F7.6&lt;br \/&gt;\nExposure Compensation : 0 EV&lt;br \/&gt;\nWhite Balance : Flash&lt;br \/&gt;\nLens : Built-in&lt;br \/&gt;\nFlash Sync Mode : Slow Sync&lt;br \/&gt;\nExposure Difference : N\/A&lt;br \/&gt;\nFlexible Program : N\/A&lt;br \/&gt;\nSensitivity : ISO100&lt;br \/&gt;\nSharpening : Auto&lt;br \/&gt;\nImage Type : Color&lt;br \/&gt;\nColor Mode : N\/A&lt;br \/&gt;\nHue Adjustment : N\/A&lt;br \/&gt;\nSaturation Control : Saturation -1&lt;br \/&gt;\nTone Compensation : Normal&lt;br \/&gt;\nLatitude(GPS) : N\/A&lt;br \/&gt;\nLongitude(GPS) : N\/A&lt;br \/&gt;\nAltitude(GPS) : N\/A&lt;\/p&gt;\n\" data-large-file=\"https:\/\/blog.erm.ee\/wp-content\/uploads\/2022\/06\/001787_ERM_A272_55-768x1024.jpg\" class=\"size-full wp-image-15767\" src=\"https:\/\/blog.erm.ee\/wp-content\/uploads\/2022\/06\/001787_ERM_A272_55.jpg\" alt=\"\" width=\"900\" height=\"1200\" srcset=\"https:\/\/blog.erm.ee\/wp-content\/uploads\/2022\/06\/001787_ERM_A272_55.jpg 900w, https:\/\/blog.erm.ee\/wp-content\/uploads\/2022\/06\/001787_ERM_A272_55-225x300.jpg 225w, https:\/\/blog.erm.ee\/wp-content\/uploads\/2022\/06\/001787_ERM_A272_55-768x1024.jpg 768w, https:\/\/blog.erm.ee\/wp-content\/uploads\/2022\/06\/001787_ERM_A272_55-195x260.jpg 195w\" sizes=\"auto, (max-width: 900px) 100vw, 900px\" \/><\/a><p id=\"caption-attachment-15767\" class=\"wp-caption-text\">Irboskast p\u00e4rit ja 1920. aastal muuseumisse j\u00f5udnud kasetohust n\u00f5elatoos. ERM A272:55<\/p><\/div>\n<div id=\"attachment_15768\" style=\"width: 1210px\" class=\"wp-caption aligncenter\"><a href=\"https:\/\/blog.erm.ee\/wp-content\/uploads\/2022\/06\/019970_ERM_A564_1796.jpg\"><img loading=\"lazy\" decoding=\"async\" aria-describedby=\"caption-attachment-15768\" data-attachment-id=\"15768\" data-permalink=\"https:\/\/blog.erm.ee\/?attachment_id=15768#main\" data-orig-file=\"https:\/\/blog.erm.ee\/wp-content\/uploads\/2022\/06\/019970_ERM_A564_1796.jpg\" data-orig-size=\"1200,900\" data-comments-opened=\"1\" data-image-meta=\"{&quot;aperture&quot;:&quot;5.8&quot;,&quot;credit&quot;:&quot;&quot;,&quot;camera&quot;:&quot;E5000&quot;,&quot;caption&quot;:&quot;[#Beginning of Shooting Data Section]\\rNikon COOLPIX5000\\rFocal Length: 20.1mm\\rWhite Balance: Auto\\rDigital Zoom Ratio: 1.00\\r2004\/03\/29 13:44:38\\rExposure Mode: Manual\\rAF Mode: AF-S\\rSaturation comp: 0\\rJPEG (8-bit) Fine\\rMetering Mode: Multi-Pattern\\rTone Comp: Auto\\rSharpening: Auto\\rImage Size:  2560 x 1920\\r1\/250 sec - f\/5.8\\rFlash Sync Mode: Front Curtain\\rNoise Reduction: OFF\\rColor\\rExposure Comp.: 0 EV\\rConverterLens: None\\rSensitivity: ISO 100\\r[#End of Shooting Data Section]&quot;,&quot;created_timestamp&quot;:&quot;1080567878&quot;,&quot;copyright&quot;:&quot;\\u00a9 Eesti Rahva Muuseum&quot;,&quot;focal_length&quot;:&quot;20.1&quot;,&quot;iso&quot;:&quot;100&quot;,&quot;shutter_speed&quot;:&quot;0.004&quot;,&quot;title&quot;:&quot;&quot;,&quot;orientation&quot;:&quot;1&quot;}\" data-image-title=\"019970_ERM_A564_1796\" data-image-description=\"\" data-image-caption=\"&lt;p&gt;[#Beginning of Shooting Data Section]&lt;br \/&gt;\nNikon COOLPIX5000&lt;br \/&gt;\nFocal Length: 20.1mm&lt;br \/&gt;\nWhite Balance: Auto&lt;br \/&gt;\nDigital Zoom Ratio: 1.00&lt;br \/&gt;\n2004\/03\/29 13:44:38&lt;br \/&gt;\nExposure Mode: Manual&lt;br \/&gt;\nAF Mode: AF-S&lt;br \/&gt;\nSaturation comp: 0&lt;br \/&gt;\nJPEG (8-bit) Fine&lt;br \/&gt;\nMetering Mode: Multi-Pattern&lt;br \/&gt;\nTone Comp: Auto&lt;br \/&gt;\nSharpening: Auto&lt;br \/&gt;\nImage Size:  2560 x 1920&lt;br \/&gt;\n1\/250 sec &amp;#8211; f\/5.8&lt;br \/&gt;\nFlash Sync Mode: Front Curtain&lt;br \/&gt;\nNoise Reduction: OFF&lt;br \/&gt;\nColor&lt;br \/&gt;\nExposure Comp.: 0 EV&lt;br \/&gt;\nConverterLens: None&lt;br \/&gt;\nSensitivity: ISO 100&lt;br \/&gt;\n[#End of Shooting Data Section]&lt;\/p&gt;\n\" data-large-file=\"https:\/\/blog.erm.ee\/wp-content\/uploads\/2022\/06\/019970_ERM_A564_1796-1024x768.jpg\" class=\"size-full wp-image-15768\" src=\"https:\/\/blog.erm.ee\/wp-content\/uploads\/2022\/06\/019970_ERM_A564_1796.jpg\" alt=\"\" width=\"1200\" height=\"900\" srcset=\"https:\/\/blog.erm.ee\/wp-content\/uploads\/2022\/06\/019970_ERM_A564_1796.jpg 1200w, https:\/\/blog.erm.ee\/wp-content\/uploads\/2022\/06\/019970_ERM_A564_1796-300x225.jpg 300w, https:\/\/blog.erm.ee\/wp-content\/uploads\/2022\/06\/019970_ERM_A564_1796-1024x768.jpg 1024w, https:\/\/blog.erm.ee\/wp-content\/uploads\/2022\/06\/019970_ERM_A564_1796-347x260.jpg 347w, https:\/\/blog.erm.ee\/wp-content\/uploads\/2022\/06\/019970_ERM_A564_1796-768x576.jpg 768w\" sizes=\"auto, (max-width: 1200px) 100vw, 1200px\" \/><\/a><p id=\"caption-attachment-15768\" class=\"wp-caption-text\">N\u00f5elahoidja p\u00e4rineb Kristiine Sonntagilt Saarde kihelkonnast. Tema mees oli r\u00e4tsep, kes tegi selle endale. M\u00f5ned n\u00f5elad olevat olnud kuldsilmaga, m\u00f5ned puuritud silmaga. ERM A564:1796<\/p><\/div>\n<div id=\"attachment_15769\" style=\"width: 1210px\" class=\"wp-caption aligncenter\"><a href=\"https:\/\/blog.erm.ee\/wp-content\/uploads\/2022\/06\/019988_ERM_2167.jpg\"><img loading=\"lazy\" decoding=\"async\" aria-describedby=\"caption-attachment-15769\" data-attachment-id=\"15769\" data-permalink=\"https:\/\/blog.erm.ee\/?attachment_id=15769#main\" data-orig-file=\"https:\/\/blog.erm.ee\/wp-content\/uploads\/2022\/06\/019988_ERM_2167.jpg\" data-orig-size=\"1200,900\" data-comments-opened=\"1\" data-image-meta=\"{&quot;aperture&quot;:&quot;6.7&quot;,&quot;credit&quot;:&quot;&quot;,&quot;camera&quot;:&quot;E5000&quot;,&quot;caption&quot;:&quot;[#Beginning of Shooting Data Section]\\rNikon COOLPIX5000\\rFocal Length: 17.5mm\\rWhite Balance: Auto\\rDigital Zoom Ratio: 1.00\\r2004\/03\/29 13:51:55\\rExposure Mode: Manual\\rAF Mode: AF-S\\rSaturation comp: 0\\rJPEG (8-bit) Fine\\rMetering Mode: Multi-Pattern\\rTone Comp: Auto\\rSharpening: Auto\\rImage Size:  2560 x 1920\\r1\/250 sec - f\/6.7\\rFlash Sync Mode: Front Curtain\\rNoise Reduction: OFF\\rColor\\rExposure Comp.: 0 EV\\rConverterLens: None\\rSensitivity: ISO 100\\r[#End of Shooting Data Section]&quot;,&quot;created_timestamp&quot;:&quot;1080568315&quot;,&quot;copyright&quot;:&quot;\\u00a9 Eesti Rahva Muuseum&quot;,&quot;focal_length&quot;:&quot;17.5&quot;,&quot;iso&quot;:&quot;100&quot;,&quot;shutter_speed&quot;:&quot;0.004&quot;,&quot;title&quot;:&quot;&quot;,&quot;orientation&quot;:&quot;1&quot;}\" data-image-title=\"019988_ERM_2167\" data-image-description=\"\" data-image-caption=\"&lt;p&gt;[#Beginning of Shooting Data Section]&lt;br \/&gt;\nNikon COOLPIX5000&lt;br \/&gt;\nFocal Length: 17.5mm&lt;br \/&gt;\nWhite Balance: Auto&lt;br \/&gt;\nDigital Zoom Ratio: 1.00&lt;br \/&gt;\n2004\/03\/29 13:51:55&lt;br \/&gt;\nExposure Mode: Manual&lt;br \/&gt;\nAF Mode: AF-S&lt;br \/&gt;\nSaturation comp: 0&lt;br \/&gt;\nJPEG (8-bit) Fine&lt;br \/&gt;\nMetering Mode: Multi-Pattern&lt;br \/&gt;\nTone Comp: Auto&lt;br \/&gt;\nSharpening: Auto&lt;br \/&gt;\nImage Size:  2560 x 1920&lt;br \/&gt;\n1\/250 sec &amp;#8211; f\/6.7&lt;br \/&gt;\nFlash Sync Mode: Front Curtain&lt;br \/&gt;\nNoise Reduction: OFF&lt;br \/&gt;\nColor&lt;br \/&gt;\nExposure Comp.: 0 EV&lt;br \/&gt;\nConverterLens: None&lt;br \/&gt;\nSensitivity: ISO 100&lt;br \/&gt;\n[#End of Shooting Data Section]&lt;\/p&gt;\n\" data-large-file=\"https:\/\/blog.erm.ee\/wp-content\/uploads\/2022\/06\/019988_ERM_2167-1024x768.jpg\" class=\"size-full wp-image-15769\" src=\"https:\/\/blog.erm.ee\/wp-content\/uploads\/2022\/06\/019988_ERM_2167.jpg\" alt=\"\" width=\"1200\" height=\"900\" srcset=\"https:\/\/blog.erm.ee\/wp-content\/uploads\/2022\/06\/019988_ERM_2167.jpg 1200w, https:\/\/blog.erm.ee\/wp-content\/uploads\/2022\/06\/019988_ERM_2167-300x225.jpg 300w, https:\/\/blog.erm.ee\/wp-content\/uploads\/2022\/06\/019988_ERM_2167-1024x768.jpg 1024w, https:\/\/blog.erm.ee\/wp-content\/uploads\/2022\/06\/019988_ERM_2167-347x260.jpg 347w, https:\/\/blog.erm.ee\/wp-content\/uploads\/2022\/06\/019988_ERM_2167-768x576.jpg 768w\" sizes=\"auto, (max-width: 1200px) 100vw, 1200px\" \/><\/a><p id=\"caption-attachment-15769\" class=\"wp-caption-text\"><span style=\"font-size: 13px; background-color: #f3f3f3; color: #404040;\">19. sajandi l\u00f5pust Halliste kihelkonnast p\u00e4rit n\u00f5elatoos. ERM 2167<\/span><\/p><\/div>\n<div id=\"attachment_15770\" style=\"width: 1210px\" class=\"wp-caption aligncenter\"><a href=\"https:\/\/blog.erm.ee\/wp-content\/uploads\/2022\/06\/019999_ERM_12408.jpg\"><img loading=\"lazy\" decoding=\"async\" aria-describedby=\"caption-attachment-15770\" data-attachment-id=\"15770\" data-permalink=\"https:\/\/blog.erm.ee\/?attachment_id=15770#main\" data-orig-file=\"https:\/\/blog.erm.ee\/wp-content\/uploads\/2022\/06\/019999_ERM_12408.jpg\" data-orig-size=\"1200,900\" data-comments-opened=\"1\" data-image-meta=\"{&quot;aperture&quot;:&quot;6.7&quot;,&quot;credit&quot;:&quot;&quot;,&quot;camera&quot;:&quot;E5000&quot;,&quot;caption&quot;:&quot;[#Beginning of Shooting Data Section]\\rNikon COOLPIX5000\\rFocal Length: 17.5mm\\rWhite Balance: Auto\\rDigital Zoom Ratio: 1.00\\r2004\/03\/29 13:55:38\\rExposure Mode: Manual\\rAF Mode: AF-S\\rSaturation comp: 0\\rJPEG (8-bit) Fine\\rMetering Mode: Multi-Pattern\\rTone Comp: Auto\\rSharpening: Auto\\rImage Size:  2560 x 1920\\r1\/250 sec - f\/6.7\\rFlash Sync Mode: Front Curtain\\rNoise Reduction: OFF\\rColor\\rExposure Comp.: 0 EV\\rConverterLens: None\\rSensitivity: ISO 100\\r[#End of Shooting Data Section]&quot;,&quot;created_timestamp&quot;:&quot;1080568538&quot;,&quot;copyright&quot;:&quot;\\u00a9 Eesti Rahva Muuseum&quot;,&quot;focal_length&quot;:&quot;17.5&quot;,&quot;iso&quot;:&quot;100&quot;,&quot;shutter_speed&quot;:&quot;0.004&quot;,&quot;title&quot;:&quot;&quot;,&quot;orientation&quot;:&quot;1&quot;}\" data-image-title=\"019999_ERM_12408\" data-image-description=\"\" data-image-caption=\"&lt;p&gt;[#Beginning of Shooting Data Section]&lt;br \/&gt;\nNikon COOLPIX5000&lt;br \/&gt;\nFocal Length: 17.5mm&lt;br \/&gt;\nWhite Balance: Auto&lt;br \/&gt;\nDigital Zoom Ratio: 1.00&lt;br \/&gt;\n2004\/03\/29 13:55:38&lt;br \/&gt;\nExposure Mode: Manual&lt;br \/&gt;\nAF Mode: AF-S&lt;br \/&gt;\nSaturation comp: 0&lt;br \/&gt;\nJPEG (8-bit) Fine&lt;br \/&gt;\nMetering Mode: Multi-Pattern&lt;br \/&gt;\nTone Comp: Auto&lt;br \/&gt;\nSharpening: Auto&lt;br \/&gt;\nImage Size:  2560 x 1920&lt;br \/&gt;\n1\/250 sec &amp;#8211; f\/6.7&lt;br \/&gt;\nFlash Sync Mode: Front Curtain&lt;br \/&gt;\nNoise Reduction: OFF&lt;br \/&gt;\nColor&lt;br \/&gt;\nExposure Comp.: 0 EV&lt;br \/&gt;\nConverterLens: None&lt;br \/&gt;\nSensitivity: ISO 100&lt;br \/&gt;\n[#End of Shooting Data Section]&lt;\/p&gt;\n\" data-large-file=\"https:\/\/blog.erm.ee\/wp-content\/uploads\/2022\/06\/019999_ERM_12408-1024x768.jpg\" class=\"size-full wp-image-15770\" src=\"https:\/\/blog.erm.ee\/wp-content\/uploads\/2022\/06\/019999_ERM_12408.jpg\" alt=\"\" width=\"1200\" height=\"900\" srcset=\"https:\/\/blog.erm.ee\/wp-content\/uploads\/2022\/06\/019999_ERM_12408.jpg 1200w, https:\/\/blog.erm.ee\/wp-content\/uploads\/2022\/06\/019999_ERM_12408-300x225.jpg 300w, https:\/\/blog.erm.ee\/wp-content\/uploads\/2022\/06\/019999_ERM_12408-1024x768.jpg 1024w, https:\/\/blog.erm.ee\/wp-content\/uploads\/2022\/06\/019999_ERM_12408-347x260.jpg 347w, https:\/\/blog.erm.ee\/wp-content\/uploads\/2022\/06\/019999_ERM_12408-768x576.jpg 768w\" sizes=\"auto, (max-width: 1200px) 100vw, 1200px\" \/><\/a><p id=\"caption-attachment-15770\" class=\"wp-caption-text\">19. sajandi esimesest poolest Otep\u00e4\u00e4 kihelkonnast p\u00e4rit luust valmistatud n\u00f5elatoos. ERM 12408<\/p><\/div>\n<div id=\"attachment_15771\" style=\"width: 1210px\" class=\"wp-caption aligncenter\"><a href=\"https:\/\/blog.erm.ee\/wp-content\/uploads\/2022\/06\/217501_ERM_A1040_19.jpg\"><img loading=\"lazy\" decoding=\"async\" aria-describedby=\"caption-attachment-15771\" data-attachment-id=\"15771\" data-permalink=\"https:\/\/blog.erm.ee\/?attachment_id=15771#main\" data-orig-file=\"https:\/\/blog.erm.ee\/wp-content\/uploads\/2022\/06\/217501_ERM_A1040_19.jpg\" data-orig-size=\"1200,801\" data-comments-opened=\"1\" data-image-meta=\"{&quot;aperture&quot;:&quot;36&quot;,&quot;credit&quot;:&quot;&quot;,&quot;camera&quot;:&quot;NIKON D600&quot;,&quot;caption&quot;:&quot;&quot;,&quot;created_timestamp&quot;:&quot;1523621965&quot;,&quot;copyright&quot;:&quot;&quot;,&quot;focal_length&quot;:&quot;105&quot;,&quot;iso&quot;:&quot;200&quot;,&quot;shutter_speed&quot;:&quot;0.008&quot;,&quot;title&quot;:&quot;&quot;,&quot;orientation&quot;:&quot;1&quot;}\" data-image-title=\"217501_ERM_A1040_19\" data-image-description=\"\" data-image-caption=\"\" data-large-file=\"https:\/\/blog.erm.ee\/wp-content\/uploads\/2022\/06\/217501_ERM_A1040_19-1024x684.jpg\" class=\"wp-image-15771 size-full\" src=\"https:\/\/blog.erm.ee\/wp-content\/uploads\/2022\/06\/217501_ERM_A1040_19.jpg\" alt=\"\" width=\"1200\" height=\"801\" srcset=\"https:\/\/blog.erm.ee\/wp-content\/uploads\/2022\/06\/217501_ERM_A1040_19.jpg 1200w, https:\/\/blog.erm.ee\/wp-content\/uploads\/2022\/06\/217501_ERM_A1040_19-300x200.jpg 300w, https:\/\/blog.erm.ee\/wp-content\/uploads\/2022\/06\/217501_ERM_A1040_19-1024x684.jpg 1024w, https:\/\/blog.erm.ee\/wp-content\/uploads\/2022\/06\/217501_ERM_A1040_19-390x260.jpg 390w, https:\/\/blog.erm.ee\/wp-content\/uploads\/2022\/06\/217501_ERM_A1040_19-768x513.jpg 768w\" sizes=\"auto, (max-width: 1200px) 100vw, 1200px\" \/><\/a><p id=\"caption-attachment-15771\" class=\"wp-caption-text\">Olga ja Aleksander Olli pidasid 1930. aastatel Valgamaal Priipalu alevikus v\u00e4ikest esmatarbekaupade poodi. Priipalus oli tol ajal kolm kauplust. Peale toidukaupade olid seal m\u00fc\u00fcgil ka vajalikud t\u00f6\u00f6stuskaubad, sh niidid, n\u00f5elad. Teise maailmas\u00f5ja ajal kauplus suleti. Padruni kestast tehtud toosis hoiti sukan\u00f5elu, mis olid m\u00f5eldud villase l\u00f5ngaga \u00f5mblemiseks. ERM A1040:19<\/p><\/div>\n<div id=\"attachment_15772\" style=\"width: 1210px\" class=\"wp-caption aligncenter\"><a href=\"https:\/\/blog.erm.ee\/wp-content\/uploads\/2022\/06\/024366_ERM_A582_119.jpg\"><img loading=\"lazy\" decoding=\"async\" aria-describedby=\"caption-attachment-15772\" data-attachment-id=\"15772\" data-permalink=\"https:\/\/blog.erm.ee\/?attachment_id=15772#main\" data-orig-file=\"https:\/\/blog.erm.ee\/wp-content\/uploads\/2022\/06\/024366_ERM_A582_119.jpg\" data-orig-size=\"1200,798\" data-comments-opened=\"1\" data-image-meta=\"{&quot;aperture&quot;:&quot;13&quot;,&quot;credit&quot;:&quot;&quot;,&quot;camera&quot;:&quot;NIKON D70&quot;,&quot;caption&quot;:&quot;&quot;,&quot;created_timestamp&quot;:&quot;1101220067&quot;,&quot;copyright&quot;:&quot;\\u00a9 Eesti Rahva Muuseum&quot;,&quot;focal_length&quot;:&quot;60&quot;,&quot;iso&quot;:&quot;0&quot;,&quot;shutter_speed&quot;:&quot;0.008&quot;,&quot;title&quot;:&quot;&quot;,&quot;orientation&quot;:&quot;1&quot;}\" data-image-title=\"024366_ERM_A582_119\" data-image-description=\"\" data-image-caption=\"\" data-large-file=\"https:\/\/blog.erm.ee\/wp-content\/uploads\/2022\/06\/024366_ERM_A582_119-1024x681.jpg\" class=\"wp-image-15772 size-full\" src=\"https:\/\/blog.erm.ee\/wp-content\/uploads\/2022\/06\/024366_ERM_A582_119.jpg\" alt=\"\" width=\"1200\" height=\"798\" srcset=\"https:\/\/blog.erm.ee\/wp-content\/uploads\/2022\/06\/024366_ERM_A582_119.jpg 1200w, https:\/\/blog.erm.ee\/wp-content\/uploads\/2022\/06\/024366_ERM_A582_119-300x200.jpg 300w, https:\/\/blog.erm.ee\/wp-content\/uploads\/2022\/06\/024366_ERM_A582_119-1024x681.jpg 1024w, https:\/\/blog.erm.ee\/wp-content\/uploads\/2022\/06\/024366_ERM_A582_119-391x260.jpg 391w, https:\/\/blog.erm.ee\/wp-content\/uploads\/2022\/06\/024366_ERM_A582_119-768x511.jpg 768w\" sizes=\"auto, (max-width: 1200px) 100vw, 1200px\" \/><\/a><p id=\"caption-attachment-15772\" class=\"wp-caption-text\">Kummutikujuline \u00fche sahtliga n\u00f5elapadi, mille valmistas Sindi tekstiilivabriku tisler Johannes Kask 1940. aastate keskel. ERM A582:119<\/p><\/div>\n<div id=\"attachment_15773\" style=\"width: 681px\" class=\"wp-caption aligncenter\"><a href=\"https:\/\/blog.erm.ee\/wp-content\/uploads\/2022\/06\/263889_ERM_TM_E407_35.jpg\"><img loading=\"lazy\" decoding=\"async\" aria-describedby=\"caption-attachment-15773\" data-attachment-id=\"15773\" data-permalink=\"https:\/\/blog.erm.ee\/?attachment_id=15773#main\" data-orig-file=\"https:\/\/blog.erm.ee\/wp-content\/uploads\/2022\/06\/263889_ERM_TM_E407_35.jpg\" data-orig-size=\"675,1200\" data-comments-opened=\"1\" data-image-meta=\"{&quot;aperture&quot;:&quot;18&quot;,&quot;credit&quot;:&quot;Sven Tupits&quot;,&quot;camera&quot;:&quot;NIKON D800&quot;,&quot;caption&quot;:&quot;Ratus O\\u00dc; Fotograaf Andres Treial&quot;,&quot;created_timestamp&quot;:&quot;1631220113&quot;,&quot;copyright&quot;:&quot;Sven Tupits&quot;,&quot;focal_length&quot;:&quot;60&quot;,&quot;iso&quot;:&quot;100&quot;,&quot;shutter_speed&quot;:&quot;0.00625&quot;,&quot;title&quot;:&quot;Ratus O\\u00dc; Fotograaf Andres Treial&quot;,&quot;orientation&quot;:&quot;1&quot;}\" data-image-title=\"Ratus O\u00dc; Fotograaf Andres Treial\" data-image-description=\"\" data-image-caption=\"&lt;p&gt;Ratus O\u00dc; Fotograaf Andres Treial&lt;\/p&gt;\n\" data-large-file=\"https:\/\/blog.erm.ee\/wp-content\/uploads\/2022\/06\/263889_ERM_TM_E407_35-576x1024.jpg\" class=\"size-full wp-image-15773\" src=\"https:\/\/blog.erm.ee\/wp-content\/uploads\/2022\/06\/263889_ERM_TM_E407_35.jpg\" alt=\"\" width=\"675\" height=\"1200\" srcset=\"https:\/\/blog.erm.ee\/wp-content\/uploads\/2022\/06\/263889_ERM_TM_E407_35.jpg 675w, https:\/\/blog.erm.ee\/wp-content\/uploads\/2022\/06\/263889_ERM_TM_E407_35-169x300.jpg 169w, https:\/\/blog.erm.ee\/wp-content\/uploads\/2022\/06\/263889_ERM_TM_E407_35-576x1024.jpg 576w, https:\/\/blog.erm.ee\/wp-content\/uploads\/2022\/06\/263889_ERM_TM_E407_35-146x260.jpg 146w\" sizes=\"auto, (max-width: 675px) 100vw, 675px\" \/><\/a><p id=\"caption-attachment-15773\" class=\"wp-caption-text\">Salvo vabrikus toodetud n\u00f5elatoos. ERM TM E407:35. Foto: Andres Treial<\/p><\/div>\n<div id=\"attachment_15774\" style=\"width: 813px\" class=\"wp-caption aligncenter\"><a href=\"https:\/\/blog.erm.ee\/wp-content\/uploads\/2022\/06\/050108_ERM_A990_43-1-3.jpg\"><img loading=\"lazy\" decoding=\"async\" aria-describedby=\"caption-attachment-15774\" data-attachment-id=\"15774\" data-permalink=\"https:\/\/blog.erm.ee\/?attachment_id=15774#main\" data-orig-file=\"https:\/\/blog.erm.ee\/wp-content\/uploads\/2022\/06\/050108_ERM_A990_43-1-3.jpg\" data-orig-size=\"803,1200\" data-comments-opened=\"1\" data-image-meta=\"{&quot;aperture&quot;:&quot;32&quot;,&quot;credit&quot;:&quot;Unspecified&quot;,&quot;camera&quot;:&quot;NIKON D200&quot;,&quot;caption&quot;:&quot;&quot;,&quot;created_timestamp&quot;:&quot;1260548743&quot;,&quot;copyright&quot;:&quot;\\u00a9 Eesti Rahva Muuseum&quot;,&quot;focal_length&quot;:&quot;50&quot;,&quot;iso&quot;:&quot;200&quot;,&quot;shutter_speed&quot;:&quot;0.033333333333333&quot;,&quot;title&quot;:&quot;&quot;,&quot;orientation&quot;:&quot;1&quot;}\" data-image-title=\"050108_ERM_A990_43-1-3\" data-image-description=\"\" data-image-caption=\"\" data-large-file=\"https:\/\/blog.erm.ee\/wp-content\/uploads\/2022\/06\/050108_ERM_A990_43-1-3-685x1024.jpg\" class=\"wp-image-15774 size-full\" src=\"https:\/\/blog.erm.ee\/wp-content\/uploads\/2022\/06\/050108_ERM_A990_43-1-3.jpg\" alt=\"\" width=\"803\" height=\"1200\" srcset=\"https:\/\/blog.erm.ee\/wp-content\/uploads\/2022\/06\/050108_ERM_A990_43-1-3.jpg 803w, https:\/\/blog.erm.ee\/wp-content\/uploads\/2022\/06\/050108_ERM_A990_43-1-3-201x300.jpg 201w, https:\/\/blog.erm.ee\/wp-content\/uploads\/2022\/06\/050108_ERM_A990_43-1-3-685x1024.jpg 685w, https:\/\/blog.erm.ee\/wp-content\/uploads\/2022\/06\/050108_ERM_A990_43-1-3-174x260.jpg 174w, https:\/\/blog.erm.ee\/wp-content\/uploads\/2022\/06\/050108_ERM_A990_43-1-3-768x1148.jpg 768w\" sizes=\"auto, (max-width: 803px) 100vw, 803px\" \/><\/a><p id=\"caption-attachment-15774\" class=\"wp-caption-text\">Salvo vabrikus toodetud n\u00f5elatoos. ERM A990:43\/1-3<\/p><\/div>\n<p>&nbsp;<\/p>\n<div class=\"fcbkbttn_buttons_block\" id=\"fcbkbttn_left\"><div class=\"fcbkbttn_like \"><fb:like href=\"https:\/\/blog.erm.ee\/?p=15758\" action=\"like\" colorscheme=\"light\" layout=\"standard\"  width=\"225px\" size=\"small\"><\/fb:like><\/div><div class=\"fb-share-button  \" data-href=\"https:\/\/blog.erm.ee\/?p=15758\" data-type=\"button\" data-size=\"small\"><\/div><\/div>","protected":false},"excerpt":{"rendered":"<p>Kadri Vissel, ERMi vanemkoguhoidja. Rahvakalendris on ridamisi t\u00e4htp\u00e4evi, mil igasugune k\u00e4sit\u00f6\u00f6 on ebasoovitatav v\u00f5i lausa keelatud. Nii ka \u00f5mblemine-n\u00f5elumine. Veelgi parem, kui n\u00f5elad on \u00fcldse silma alt \u00e4ra pandud. Kuhu nad siis peita? Siin on \u00fcks tore pildigalerii, kus on n\u00e4ha, kuhu j\u00f5ude seisvad t\u00f6\u00f6vahendid torgata. &nbsp;<\/p>\n","protected":false},"author":1,"featured_media":15765,"comment_status":"open","ping_status":"open","sticky":false,"template":"","format":"standard","meta":{"_monsterinsights_skip_tracking":false,"_monsterinsights_sitenote_active":false,"_monsterinsights_sitenote_note":"","_monsterinsights_sitenote_category":0,"jetpack_post_was_ever_published":false,"_jetpack_newsletter_access":"","_jetpack_dont_email_post_to_subs":false,"_jetpack_newsletter_tier_id":0,"_jetpack_memberships_contains_paywalled_content":false,"_jetpack_memberships_contains_paid_content":false,"footnotes":""},"categories":[39,6,1,5,20],"tags":[],"class_list":["post-15758","post","type-post","status-publish","format-standard","has-post-thumbnail","hentry","category-ajalooga-asjad","category-foto","category-maaratlemata","category-museaal","category-muuseumimotted"],"yoast_head":"<!-- This site is optimized with the Yoast SEO plugin v27.5 - https:\/\/yoast.com\/product\/yoast-seo-wordpress\/ -->\n<title>N\u00f5elad peitu! - Eesti Rahva Muuseumi ajaveeb<\/title>\n<meta name=\"robots\" content=\"index, follow, max-snippet:-1, max-image-preview:large, max-video-preview:-1\" \/>\n<link rel=\"canonical\" href=\"https:\/\/blog.erm.ee\/?p=15758\" \/>\n<meta property=\"og:locale\" content=\"et_EE\" \/>\n<meta property=\"og:type\" content=\"article\" \/>\n<meta property=\"og:title\" content=\"N\u00f5elad peitu! - Eesti Rahva Muuseumi ajaveeb\" \/>\n<meta property=\"og:description\" content=\"Kadri Vissel, ERMi vanemkoguhoidja. Rahvakalendris on ridamisi t\u00e4htp\u00e4evi, mil igasugune k\u00e4sit\u00f6\u00f6 on ebasoovitatav v\u00f5i lausa keelatud. Nii ka \u00f5mblemine-n\u00f5elumine. Veelgi parem, kui n\u00f5elad on \u00fcldse silma alt \u00e4ra pandud. Kuhu nad siis peita? Siin on \u00fcks tore pildigalerii, kus on n\u00e4ha, kuhu j\u00f5ude seisvad t\u00f6\u00f6vahendid torgata. &nbsp;\" \/>\n<meta property=\"og:url\" content=\"https:\/\/blog.erm.ee\/?p=15758\" \/>\n<meta property=\"og:site_name\" content=\"Eesti Rahva Muuseumi ajaveeb\" \/>\n<meta property=\"article:published_time\" content=\"2022-07-14T07:00:22+00:00\" \/>\n<meta property=\"og:image\" content=\"https:\/\/blog.erm.ee\/wp-content\/uploads\/2022\/06\/215411_ERM_A509_6239.jpg\" \/>\n\t<meta property=\"og:image:width\" content=\"1200\" \/>\n\t<meta property=\"og:image:height\" content=\"801\" \/>\n\t<meta property=\"og:image:type\" content=\"image\/jpeg\" \/>\n<meta name=\"author\" content=\"Eesti Rahva Muuseum\" \/>\n<meta name=\"twitter:card\" content=\"summary_large_image\" \/>\n<meta name=\"twitter:label1\" content=\"Written by\" \/>\n\t<meta name=\"twitter:data1\" content=\"Eesti Rahva Muuseum\" \/>\n\t<meta name=\"twitter:label2\" content=\"Est. reading time\" \/>\n\t<meta name=\"twitter:data2\" content=\"2 minutit\" \/>\n<script type=\"application\/ld+json\" class=\"yoast-schema-graph\">{\"@context\":\"https:\\\/\\\/schema.org\",\"@graph\":[{\"@type\":\"Article\",\"@id\":\"https:\\\/\\\/blog.erm.ee\\\/?p=15758#article\",\"isPartOf\":{\"@id\":\"https:\\\/\\\/blog.erm.ee\\\/?p=15758\"},\"author\":{\"name\":\"Eesti Rahva Muuseum\",\"@id\":\"https:\\\/\\\/blog.erm.ee\\\/#\\\/schema\\\/person\\\/6e98c391cb00a33e7c22a3571e062114\"},\"headline\":\"N\u00f5elad peitu!\",\"datePublished\":\"2022-07-14T07:00:22+00:00\",\"mainEntityOfPage\":{\"@id\":\"https:\\\/\\\/blog.erm.ee\\\/?p=15758\"},\"wordCount\":437,\"commentCount\":0,\"image\":{\"@id\":\"https:\\\/\\\/blog.erm.ee\\\/?p=15758#primaryimage\"},\"thumbnailUrl\":\"https:\\\/\\\/blog.erm.ee\\\/wp-content\\\/uploads\\\/2022\\\/06\\\/215411_ERM_A509_6239.jpg\",\"articleSection\":{\"0\":\"Ajalooga asjad\",\"1\":\"Foto\",\"3\":\"Museaal\",\"4\":\"Muuseumim\u00f5tted\"},\"inLanguage\":\"et\",\"potentialAction\":[{\"@type\":\"CommentAction\",\"name\":\"Comment\",\"target\":[\"https:\\\/\\\/blog.erm.ee\\\/?p=15758#respond\"]}]},{\"@type\":\"WebPage\",\"@id\":\"https:\\\/\\\/blog.erm.ee\\\/?p=15758\",\"url\":\"https:\\\/\\\/blog.erm.ee\\\/?p=15758\",\"name\":\"N\u00f5elad peitu! - Eesti Rahva Muuseumi ajaveeb\",\"isPartOf\":{\"@id\":\"https:\\\/\\\/blog.erm.ee\\\/#website\"},\"primaryImageOfPage\":{\"@id\":\"https:\\\/\\\/blog.erm.ee\\\/?p=15758#primaryimage\"},\"image\":{\"@id\":\"https:\\\/\\\/blog.erm.ee\\\/?p=15758#primaryimage\"},\"thumbnailUrl\":\"https:\\\/\\\/blog.erm.ee\\\/wp-content\\\/uploads\\\/2022\\\/06\\\/215411_ERM_A509_6239.jpg\",\"datePublished\":\"2022-07-14T07:00:22+00:00\",\"author\":{\"@id\":\"https:\\\/\\\/blog.erm.ee\\\/#\\\/schema\\\/person\\\/6e98c391cb00a33e7c22a3571e062114\"},\"breadcrumb\":{\"@id\":\"https:\\\/\\\/blog.erm.ee\\\/?p=15758#breadcrumb\"},\"inLanguage\":\"et\",\"potentialAction\":[{\"@type\":\"ReadAction\",\"target\":[\"https:\\\/\\\/blog.erm.ee\\\/?p=15758\"]}]},{\"@type\":\"ImageObject\",\"inLanguage\":\"et\",\"@id\":\"https:\\\/\\\/blog.erm.ee\\\/?p=15758#primaryimage\",\"url\":\"https:\\\/\\\/blog.erm.ee\\\/wp-content\\\/uploads\\\/2022\\\/06\\\/215411_ERM_A509_6239.jpg\",\"contentUrl\":\"https:\\\/\\\/blog.erm.ee\\\/wp-content\\\/uploads\\\/2022\\\/06\\\/215411_ERM_A509_6239.jpg\",\"width\":1200,\"height\":801},{\"@type\":\"BreadcrumbList\",\"@id\":\"https:\\\/\\\/blog.erm.ee\\\/?p=15758#breadcrumb\",\"itemListElement\":[{\"@type\":\"ListItem\",\"position\":1,\"name\":\"Home\",\"item\":\"https:\\\/\\\/blog.erm.ee\\\/\"},{\"@type\":\"ListItem\",\"position\":2,\"name\":\"N\u00f5elad peitu!\"}]},{\"@type\":\"WebSite\",\"@id\":\"https:\\\/\\\/blog.erm.ee\\\/#website\",\"url\":\"https:\\\/\\\/blog.erm.ee\\\/\",\"name\":\"Eesti Rahva Muuseumi ajaveeb\",\"description\":\"\",\"potentialAction\":[{\"@type\":\"SearchAction\",\"target\":{\"@type\":\"EntryPoint\",\"urlTemplate\":\"https:\\\/\\\/blog.erm.ee\\\/?s={search_term_string}\"},\"query-input\":{\"@type\":\"PropertyValueSpecification\",\"valueRequired\":true,\"valueName\":\"search_term_string\"}}],\"inLanguage\":\"et\"},{\"@type\":\"Person\",\"@id\":\"https:\\\/\\\/blog.erm.ee\\\/#\\\/schema\\\/person\\\/6e98c391cb00a33e7c22a3571e062114\",\"name\":\"Eesti Rahva Muuseum\",\"image\":{\"@type\":\"ImageObject\",\"inLanguage\":\"et\",\"@id\":\"https:\\\/\\\/secure.gravatar.com\\\/avatar\\\/cb6d9ad5fb49f3f7315028ce5fe60641075f2cb52b8a058ff5a985fa2d8c1da0?s=96&d=mm&r=g\",\"url\":\"https:\\\/\\\/secure.gravatar.com\\\/avatar\\\/cb6d9ad5fb49f3f7315028ce5fe60641075f2cb52b8a058ff5a985fa2d8c1da0?s=96&d=mm&r=g\",\"contentUrl\":\"https:\\\/\\\/secure.gravatar.com\\\/avatar\\\/cb6d9ad5fb49f3f7315028ce5fe60641075f2cb52b8a058ff5a985fa2d8c1da0?s=96&d=mm&r=g\",\"caption\":\"Eesti Rahva Muuseum\"},\"sameAs\":[\"http:\\\/\\\/www.erm.ee\"],\"url\":\"https:\\\/\\\/blog.erm.ee\\\/?author=1\"}]}<\/script>\n<!-- \/ Yoast SEO plugin. -->","yoast_head_json":{"title":"N\u00f5elad peitu! - Eesti Rahva Muuseumi ajaveeb","robots":{"index":"index","follow":"follow","max-snippet":"max-snippet:-1","max-image-preview":"max-image-preview:large","max-video-preview":"max-video-preview:-1"},"canonical":"https:\/\/blog.erm.ee\/?p=15758","og_locale":"et_EE","og_type":"article","og_title":"N\u00f5elad peitu! - Eesti Rahva Muuseumi ajaveeb","og_description":"Kadri Vissel, ERMi vanemkoguhoidja. Rahvakalendris on ridamisi t\u00e4htp\u00e4evi, mil igasugune k\u00e4sit\u00f6\u00f6 on ebasoovitatav v\u00f5i lausa keelatud. Nii ka \u00f5mblemine-n\u00f5elumine. Veelgi parem, kui n\u00f5elad on \u00fcldse silma alt \u00e4ra pandud. Kuhu nad siis peita? Siin on \u00fcks tore pildigalerii, kus on n\u00e4ha, kuhu j\u00f5ude seisvad t\u00f6\u00f6vahendid torgata. &nbsp;","og_url":"https:\/\/blog.erm.ee\/?p=15758","og_site_name":"Eesti Rahva Muuseumi ajaveeb","article_published_time":"2022-07-14T07:00:22+00:00","og_image":[{"width":1200,"height":801,"url":"https:\/\/blog.erm.ee\/wp-content\/uploads\/2022\/06\/215411_ERM_A509_6239.jpg","type":"image\/jpeg"}],"author":"Eesti Rahva Muuseum","twitter_card":"summary_large_image","twitter_misc":{"Written by":"Eesti Rahva Muuseum","Est. reading time":"2 minutit"},"schema":{"@context":"https:\/\/schema.org","@graph":[{"@type":"Article","@id":"https:\/\/blog.erm.ee\/?p=15758#article","isPartOf":{"@id":"https:\/\/blog.erm.ee\/?p=15758"},"author":{"name":"Eesti Rahva Muuseum","@id":"https:\/\/blog.erm.ee\/#\/schema\/person\/6e98c391cb00a33e7c22a3571e062114"},"headline":"N\u00f5elad peitu!","datePublished":"2022-07-14T07:00:22+00:00","mainEntityOfPage":{"@id":"https:\/\/blog.erm.ee\/?p=15758"},"wordCount":437,"commentCount":0,"image":{"@id":"https:\/\/blog.erm.ee\/?p=15758#primaryimage"},"thumbnailUrl":"https:\/\/blog.erm.ee\/wp-content\/uploads\/2022\/06\/215411_ERM_A509_6239.jpg","articleSection":{"0":"Ajalooga asjad","1":"Foto","3":"Museaal","4":"Muuseumim\u00f5tted"},"inLanguage":"et","potentialAction":[{"@type":"CommentAction","name":"Comment","target":["https:\/\/blog.erm.ee\/?p=15758#respond"]}]},{"@type":"WebPage","@id":"https:\/\/blog.erm.ee\/?p=15758","url":"https:\/\/blog.erm.ee\/?p=15758","name":"N\u00f5elad peitu! - Eesti Rahva Muuseumi ajaveeb","isPartOf":{"@id":"https:\/\/blog.erm.ee\/#website"},"primaryImageOfPage":{"@id":"https:\/\/blog.erm.ee\/?p=15758#primaryimage"},"image":{"@id":"https:\/\/blog.erm.ee\/?p=15758#primaryimage"},"thumbnailUrl":"https:\/\/blog.erm.ee\/wp-content\/uploads\/2022\/06\/215411_ERM_A509_6239.jpg","datePublished":"2022-07-14T07:00:22+00:00","author":{"@id":"https:\/\/blog.erm.ee\/#\/schema\/person\/6e98c391cb00a33e7c22a3571e062114"},"breadcrumb":{"@id":"https:\/\/blog.erm.ee\/?p=15758#breadcrumb"},"inLanguage":"et","potentialAction":[{"@type":"ReadAction","target":["https:\/\/blog.erm.ee\/?p=15758"]}]},{"@type":"ImageObject","inLanguage":"et","@id":"https:\/\/blog.erm.ee\/?p=15758#primaryimage","url":"https:\/\/blog.erm.ee\/wp-content\/uploads\/2022\/06\/215411_ERM_A509_6239.jpg","contentUrl":"https:\/\/blog.erm.ee\/wp-content\/uploads\/2022\/06\/215411_ERM_A509_6239.jpg","width":1200,"height":801},{"@type":"BreadcrumbList","@id":"https:\/\/blog.erm.ee\/?p=15758#breadcrumb","itemListElement":[{"@type":"ListItem","position":1,"name":"Home","item":"https:\/\/blog.erm.ee\/"},{"@type":"ListItem","position":2,"name":"N\u00f5elad peitu!"}]},{"@type":"WebSite","@id":"https:\/\/blog.erm.ee\/#website","url":"https:\/\/blog.erm.ee\/","name":"Eesti Rahva Muuseumi ajaveeb","description":"","potentialAction":[{"@type":"SearchAction","target":{"@type":"EntryPoint","urlTemplate":"https:\/\/blog.erm.ee\/?s={search_term_string}"},"query-input":{"@type":"PropertyValueSpecification","valueRequired":true,"valueName":"search_term_string"}}],"inLanguage":"et"},{"@type":"Person","@id":"https:\/\/blog.erm.ee\/#\/schema\/person\/6e98c391cb00a33e7c22a3571e062114","name":"Eesti Rahva Muuseum","image":{"@type":"ImageObject","inLanguage":"et","@id":"https:\/\/secure.gravatar.com\/avatar\/cb6d9ad5fb49f3f7315028ce5fe60641075f2cb52b8a058ff5a985fa2d8c1da0?s=96&d=mm&r=g","url":"https:\/\/secure.gravatar.com\/avatar\/cb6d9ad5fb49f3f7315028ce5fe60641075f2cb52b8a058ff5a985fa2d8c1da0?s=96&d=mm&r=g","contentUrl":"https:\/\/secure.gravatar.com\/avatar\/cb6d9ad5fb49f3f7315028ce5fe60641075f2cb52b8a058ff5a985fa2d8c1da0?s=96&d=mm&r=g","caption":"Eesti Rahva Muuseum"},"sameAs":["http:\/\/www.erm.ee"],"url":"https:\/\/blog.erm.ee\/?author=1"}]}},"jetpack_featured_media_url":"https:\/\/blog.erm.ee\/wp-content\/uploads\/2022\/06\/215411_ERM_A509_6239.jpg","jetpack_shortlink":"https:\/\/wp.me\/p2l9Zd-46a","jetpack_sharing_enabled":true,"jetpack_likes_enabled":true,"_links":{"self":[{"href":"https:\/\/blog.erm.ee\/index.php?rest_route=\/wp\/v2\/posts\/15758","targetHints":{"allow":["GET"]}}],"collection":[{"href":"https:\/\/blog.erm.ee\/index.php?rest_route=\/wp\/v2\/posts"}],"about":[{"href":"https:\/\/blog.erm.ee\/index.php?rest_route=\/wp\/v2\/types\/post"}],"author":[{"embeddable":true,"href":"https:\/\/blog.erm.ee\/index.php?rest_route=\/wp\/v2\/users\/1"}],"replies":[{"embeddable":true,"href":"https:\/\/blog.erm.ee\/index.php?rest_route=%2Fwp%2Fv2%2Fcomments&post=15758"}],"version-history":[{"count":4,"href":"https:\/\/blog.erm.ee\/index.php?rest_route=\/wp\/v2\/posts\/15758\/revisions"}],"predecessor-version":[{"id":15824,"href":"https:\/\/blog.erm.ee\/index.php?rest_route=\/wp\/v2\/posts\/15758\/revisions\/15824"}],"wp:featuredmedia":[{"embeddable":true,"href":"https:\/\/blog.erm.ee\/index.php?rest_route=\/wp\/v2\/media\/15765"}],"wp:attachment":[{"href":"https:\/\/blog.erm.ee\/index.php?rest_route=%2Fwp%2Fv2%2Fmedia&parent=15758"}],"wp:term":[{"taxonomy":"category","embeddable":true,"href":"https:\/\/blog.erm.ee\/index.php?rest_route=%2Fwp%2Fv2%2Fcategories&post=15758"},{"taxonomy":"post_tag","embeddable":true,"href":"https:\/\/blog.erm.ee\/index.php?rest_route=%2Fwp%2Fv2%2Ftags&post=15758"}],"curies":[{"name":"wp","href":"https:\/\/api.w.org\/{rel}","templated":true}]}}