{"id":15738,"date":"2022-06-09T10:00:30","date_gmt":"2022-06-09T07:00:30","guid":{"rendered":"https:\/\/blog.erm.ee\/?p=15738"},"modified":"2022-06-07T14:49:14","modified_gmt":"2022-06-07T11:49:14","slug":"mis-koik-oleks-voinud-olla","status":"publish","type":"post","link":"https:\/\/blog.erm.ee\/?p=15738","title":{"rendered":"Mis k\u00f5ik oleks v\u00f5inud olla"},"content":{"rendered":"<div class=\"fcbkbttn_buttons_block\" id=\"fcbkbttn_left\"><div class=\"fcbkbttn_like \"><fb:like href=\"https:\/\/blog.erm.ee\/?p=15738\" action=\"like\" colorscheme=\"light\" layout=\"standard\"  width=\"225px\" size=\"small\"><\/fb:like><\/div><div class=\"fb-share-button  \" data-href=\"https:\/\/blog.erm.ee\/?p=15738\" data-type=\"button\" data-size=\"small\"><\/div><\/div><p style=\"text-align: justify;\">Reet Mark, ERMi n\u00e4ituste peaprodutsent<\/p>\n<p style=\"text-align: justify;\">Sel suvel saab ERMi sisse astudes k\u00f5rgel laes n\u00e4ha kahte vitraa\u017eakent. Neist suurem, roheline, p\u00e4rineb teostamata j\u00e4\u00e4nud Jaani kiriku vitraa\u017eakende projektist. V\u00e4iksem, lilla, on sama kunstniku loodud aken, mida on eksponeeritud Prantsusmaal rahvusvahelises vitraa\u017eikeskuses Centre International du Vitrail Chartres. M\u00f5lema raam on loodud spetsiaalselt selle v\u00e4ljapaneku jaoks. ERM alustab sellega n\u00e4itusesarja, mille \u00fcldpealkirjaks on \u201eMis k\u00f5ik oleks meil v\u00f5inud olla\u2026\u201d<\/p>\n<p style=\"text-align: justify;\">Praeguse Jaani kiriku kohale hakati kirikut p\u00fcstitama ilmselt juba 13. sajandil. 1323. aastal oli kirjalikel andmetel seal kirik v\u00f5i kogudus. 14. sajandi viimasel veerandil l\u00f5petati suure kiriku ehitust\u00f6\u00f6d. See oli nii seest kui ka v\u00e4ljast dekoreeritud p\u00f5letatud savist skulptuuridega, mis on oma kunstilise kvaliteedi ja arvukuse t\u00f5ttu ainulaadsed kogu P\u00f5hja-Euroopas.<\/p>\n<p style=\"text-align: justify;\">1708. aastal \u00f5hkisid kiriku P\u00f5hjas\u00f5ja ajal taganevad Vene v\u00e4ed. Arvatavasti langes torni \u00fclaosa pikihoonele ja purustas suure osa v\u00f5lvidest. 1820.\u201330. aastatel p\u00fc\u00fcti Jaani kirikut n\u00fc\u00fcdisajastada ja klassitsistlikuks \u00fcmber ehitada. See t\u00f5i kaasa terrakotaskulptuuride ulatusliku h\u00e4vitamise \u2013 s\u00e4ilisid ainult need, mida oli lihtsam m\u00f6rdiga kinni katta. Sajandi l\u00f5pul toodi v\u00e4lisskulptuurid j\u00e4lle n\u00e4htavale.<\/p>\n<p style=\"text-align: justify;\">Kirik p\u00f5les 1944. aasta augustis. T\u00e4nu Voldemar Vagale p\u00e4\u00e4ses varemeis kirik p\u00e4rast s\u00f5da l\u00f5plikust h\u00e4vitamisest. 1952. aastal varises paraku \u00fcks keskl\u00f6\u00f6vi seintest kokku, kuid krohvi alt tulid v\u00e4lja sinna peidetud savikujukesed. Nende uurimisel tegi suure t\u00f6\u00f6 \u00e4ra kunstiloolane Olev Prints. Hoone taastamist\u00f6id alustati 1989. aastal ja kiriku taasp\u00fchitsemine toimus 2005.<\/p>\n<p style=\"text-align: justify;\">Renoveerimisel tekkis muu hulgas kohe ka k\u00fcsimus, mida teha akendega. Kas taastada kiriku vitraa\u017eid, millest polnud eriti palju teada, v\u00f5i valmistada midagi t\u00e4iesti uut. \u00dcks v\u00f5imalus, mis paraku teoks ei saanud, oli tellida uued vitraa\u017eid Prantsusmaal vitraa\u017eikunsti \u00f5ppimas k\u00e4inud noorelt kunstnikult Urmo Rausilt, kes l\u00f5petas 1996. aastal kunstikooli Ecole Nationale Sup\u00e9rieure des Beaux-Arts in Paris. Ma ei hakka selles loos arutlema, miks see idee teoks ei saanud. Mainin ainult, et tookord (2000. aastal) hirmsuurena tundunud umbes poole miljoni krooni ehk ligikaudu 32 000 euro eest oleksime saanud k\u00f5ik kiriku aknad, t\u00f6\u00f6 ja materjali raha seal sees.<\/p>\n<ol style=\"text-align: justify;\" start=\"2002\">\n<li>aastal sai Urmo Raus Jaani kiriku vitraa\u017eakende kavandite eest suure tunnustuse \u2013 Kristjan Raua preemia.<\/li>\n<\/ol>\n<p style=\"text-align: justify;\">Tema \u00e4\u00e4rmiselt p\u00f5hjalikku uurimist\u00f6\u00f6d, mis on illustreeritud rikkalike joonistustega, saab lugeda-vaadata n\u00e4itusel puutelaual ja meie kodulehel\u2026. P\u00fc\u00fcan siin aga selle k\u00f5ik v\u00e4ga l\u00fchidalt kokku v\u00f5tta\u2026<\/p>\n<div id=\"attachment_15741\" style=\"width: 1105px\" class=\"wp-caption aligncenter\"><a href=\"https:\/\/blog.erm.ee\/wp-content\/uploads\/2022\/06\/pohiplaan.jpg\"><img loading=\"lazy\" decoding=\"async\" aria-describedby=\"caption-attachment-15741\" data-attachment-id=\"15741\" data-permalink=\"https:\/\/blog.erm.ee\/?attachment_id=15741#main\" data-orig-file=\"https:\/\/blog.erm.ee\/wp-content\/uploads\/2022\/06\/pohiplaan.jpg\" data-orig-size=\"1095,759\" data-comments-opened=\"1\" data-image-meta=\"{&quot;aperture&quot;:&quot;0&quot;,&quot;credit&quot;:&quot;&quot;,&quot;camera&quot;:&quot;&quot;,&quot;caption&quot;:&quot;&quot;,&quot;created_timestamp&quot;:&quot;0&quot;,&quot;copyright&quot;:&quot;&quot;,&quot;focal_length&quot;:&quot;0&quot;,&quot;iso&quot;:&quot;0&quot;,&quot;shutter_speed&quot;:&quot;0&quot;,&quot;title&quot;:&quot;&quot;,&quot;orientation&quot;:&quot;0&quot;}\" data-image-title=\"pohiplaan\" data-image-description=\"\" data-image-caption=\"\" data-large-file=\"https:\/\/blog.erm.ee\/wp-content\/uploads\/2022\/06\/pohiplaan-1024x710.jpg\" class=\"wp-image-15741 size-full\" src=\"https:\/\/blog.erm.ee\/wp-content\/uploads\/2022\/06\/pohiplaan.jpg\" alt=\"\" width=\"1095\" height=\"759\" srcset=\"https:\/\/blog.erm.ee\/wp-content\/uploads\/2022\/06\/pohiplaan.jpg 1095w, https:\/\/blog.erm.ee\/wp-content\/uploads\/2022\/06\/pohiplaan-300x208.jpg 300w, https:\/\/blog.erm.ee\/wp-content\/uploads\/2022\/06\/pohiplaan-1024x710.jpg 1024w, https:\/\/blog.erm.ee\/wp-content\/uploads\/2022\/06\/pohiplaan-375x260.jpg 375w, https:\/\/blog.erm.ee\/wp-content\/uploads\/2022\/06\/pohiplaan-768x532.jpg 768w\" sizes=\"auto, (max-width: 1095px) 100vw, 1095px\" \/><\/a><p id=\"caption-attachment-15741\" class=\"wp-caption-text\">Tartu Jaani kiriku p\u00f5hiplaan. Foto: U. Raus<\/p><\/div>\n<div id=\"attachment_15743\" style=\"width: 1105px\" class=\"wp-caption aligncenter\"><a href=\"https:\/\/blog.erm.ee\/wp-content\/uploads\/2022\/06\/vaade_kyljelt.jpg\"><img loading=\"lazy\" decoding=\"async\" aria-describedby=\"caption-attachment-15743\" data-attachment-id=\"15743\" data-permalink=\"https:\/\/blog.erm.ee\/?attachment_id=15743#main\" data-orig-file=\"https:\/\/blog.erm.ee\/wp-content\/uploads\/2022\/06\/vaade_kyljelt.jpg\" data-orig-size=\"1095,759\" data-comments-opened=\"1\" data-image-meta=\"{&quot;aperture&quot;:&quot;0&quot;,&quot;credit&quot;:&quot;&quot;,&quot;camera&quot;:&quot;&quot;,&quot;caption&quot;:&quot;&quot;,&quot;created_timestamp&quot;:&quot;0&quot;,&quot;copyright&quot;:&quot;&quot;,&quot;focal_length&quot;:&quot;0&quot;,&quot;iso&quot;:&quot;0&quot;,&quot;shutter_speed&quot;:&quot;0&quot;,&quot;title&quot;:&quot;&quot;,&quot;orientation&quot;:&quot;1&quot;}\" data-image-title=\"vaade_kyljelt\" data-image-description=\"\" data-image-caption=\"\" data-large-file=\"https:\/\/blog.erm.ee\/wp-content\/uploads\/2022\/06\/vaade_kyljelt-1024x710.jpg\" class=\"wp-image-15743 size-full\" src=\"https:\/\/blog.erm.ee\/wp-content\/uploads\/2022\/06\/vaade_kyljelt.jpg\" alt=\"\" width=\"1095\" height=\"759\" srcset=\"https:\/\/blog.erm.ee\/wp-content\/uploads\/2022\/06\/vaade_kyljelt.jpg 1095w, https:\/\/blog.erm.ee\/wp-content\/uploads\/2022\/06\/vaade_kyljelt-300x208.jpg 300w, https:\/\/blog.erm.ee\/wp-content\/uploads\/2022\/06\/vaade_kyljelt-1024x710.jpg 1024w, https:\/\/blog.erm.ee\/wp-content\/uploads\/2022\/06\/vaade_kyljelt-375x260.jpg 375w, https:\/\/blog.erm.ee\/wp-content\/uploads\/2022\/06\/vaade_kyljelt-768x532.jpg 768w\" sizes=\"auto, (max-width: 1095px) 100vw, 1095px\" \/><\/a><p id=\"caption-attachment-15743\" class=\"wp-caption-text\">Tartu Jaani kiriku k\u00fcljevaade. Foto: U. Raus<\/p><\/div>\n<p style=\"text-align: justify;\">Urmo Rausi l\u00e4hteidee oli luua v\u00e4ga lihtsad, kuid s\u00fcgavuti mitmekihilised vitraa\u017eaknad, mis oleksid ainult m\u00f5tteline taustekraan kiriku sisemuses olevatele terrakotaskulptuuridele. Aknad oleksid koosnenud kahekihilisest klaasist, mille v\u00e4limine pind on reljeefne ja moodustab kujundi. Sisemine klaas pidi olema v\u00e4rviline. Kui p\u00e4ikesekiired langevad aknale, hakkaks seal ja kiriku p\u00f5randal kumama delikaatne, peaaegu abstraktne kujund. V\u00e4rvidena oleks kasutatud p\u00f5hjak\u00fcljel rohelist ja l\u00f5unak\u00fcljel lillat tooni. Need v\u00e4rvid olid tuletatud kiriku kehandist. Kujundid oleksid olnud skemaatilised tuletised keskaegsete kirikute vitraa\u017eipiltidest. N\u00e4iteks on ainsal valminud aknal kasutatud Pariisis asuva Saint-Denis kiriku 12. sajandist p\u00e4rinevat vitraa\u017ei, mis kujutab p\u00f5levat p\u00f5\u00f5sast \u2013 Jumala ilmumist Moosesele.<\/p>\n<div id=\"attachment_15744\" style=\"width: 1105px\" class=\"wp-caption aligncenter\"><a href=\"https:\/\/blog.erm.ee\/wp-content\/uploads\/2022\/06\/prototyybi_motiiv.jpg\"><img loading=\"lazy\" decoding=\"async\" aria-describedby=\"caption-attachment-15744\" data-attachment-id=\"15744\" data-permalink=\"https:\/\/blog.erm.ee\/?attachment_id=15744#main\" data-orig-file=\"https:\/\/blog.erm.ee\/wp-content\/uploads\/2022\/06\/prototyybi_motiiv.jpg\" data-orig-size=\"1095,759\" data-comments-opened=\"1\" data-image-meta=\"{&quot;aperture&quot;:&quot;0&quot;,&quot;credit&quot;:&quot;&quot;,&quot;camera&quot;:&quot;&quot;,&quot;caption&quot;:&quot;&quot;,&quot;created_timestamp&quot;:&quot;0&quot;,&quot;copyright&quot;:&quot;&quot;,&quot;focal_length&quot;:&quot;0&quot;,&quot;iso&quot;:&quot;0&quot;,&quot;shutter_speed&quot;:&quot;0&quot;,&quot;title&quot;:&quot;&quot;,&quot;orientation&quot;:&quot;1&quot;}\" data-image-title=\"prototyybi_motiiv\" data-image-description=\"\" data-image-caption=\"\" data-large-file=\"https:\/\/blog.erm.ee\/wp-content\/uploads\/2022\/06\/prototyybi_motiiv-1024x710.jpg\" class=\"wp-image-15744 size-full\" src=\"https:\/\/blog.erm.ee\/wp-content\/uploads\/2022\/06\/prototyybi_motiiv.jpg\" alt=\"\" width=\"1095\" height=\"759\" srcset=\"https:\/\/blog.erm.ee\/wp-content\/uploads\/2022\/06\/prototyybi_motiiv.jpg 1095w, https:\/\/blog.erm.ee\/wp-content\/uploads\/2022\/06\/prototyybi_motiiv-300x208.jpg 300w, https:\/\/blog.erm.ee\/wp-content\/uploads\/2022\/06\/prototyybi_motiiv-1024x710.jpg 1024w, https:\/\/blog.erm.ee\/wp-content\/uploads\/2022\/06\/prototyybi_motiiv-375x260.jpg 375w, https:\/\/blog.erm.ee\/wp-content\/uploads\/2022\/06\/prototyybi_motiiv-768x532.jpg 768w\" sizes=\"auto, (max-width: 1095px) 100vw, 1095px\" \/><\/a><p id=\"caption-attachment-15744\" class=\"wp-caption-text\">Pariisi Saint-Denis kiriku 12. sajandist p\u00e4rinevat vitraa\u017e: Mooses p\u00f5leva p\u00f5\u00f5saga. Foto: U. Raus<\/p><\/div>\n<div id=\"attachment_15745\" style=\"width: 1105px\" class=\"wp-caption aligncenter\"><a href=\"https:\/\/blog.erm.ee\/wp-content\/uploads\/2022\/06\/prototyybi_motiiv_2.jpg\"><img loading=\"lazy\" decoding=\"async\" aria-describedby=\"caption-attachment-15745\" data-attachment-id=\"15745\" data-permalink=\"https:\/\/blog.erm.ee\/?attachment_id=15745#main\" data-orig-file=\"https:\/\/blog.erm.ee\/wp-content\/uploads\/2022\/06\/prototyybi_motiiv_2.jpg\" data-orig-size=\"1095,759\" data-comments-opened=\"1\" data-image-meta=\"{&quot;aperture&quot;:&quot;0&quot;,&quot;credit&quot;:&quot;&quot;,&quot;camera&quot;:&quot;&quot;,&quot;caption&quot;:&quot;&quot;,&quot;created_timestamp&quot;:&quot;0&quot;,&quot;copyright&quot;:&quot;&quot;,&quot;focal_length&quot;:&quot;0&quot;,&quot;iso&quot;:&quot;0&quot;,&quot;shutter_speed&quot;:&quot;0&quot;,&quot;title&quot;:&quot;&quot;,&quot;orientation&quot;:&quot;1&quot;}\" data-image-title=\"prototyybi_motiiv_2\" data-image-description=\"\" data-image-caption=\"\" data-large-file=\"https:\/\/blog.erm.ee\/wp-content\/uploads\/2022\/06\/prototyybi_motiiv_2-1024x710.jpg\" class=\"wp-image-15745 size-full\" src=\"https:\/\/blog.erm.ee\/wp-content\/uploads\/2022\/06\/prototyybi_motiiv_2.jpg\" alt=\"\" width=\"1095\" height=\"759\" srcset=\"https:\/\/blog.erm.ee\/wp-content\/uploads\/2022\/06\/prototyybi_motiiv_2.jpg 1095w, https:\/\/blog.erm.ee\/wp-content\/uploads\/2022\/06\/prototyybi_motiiv_2-300x208.jpg 300w, https:\/\/blog.erm.ee\/wp-content\/uploads\/2022\/06\/prototyybi_motiiv_2-1024x710.jpg 1024w, https:\/\/blog.erm.ee\/wp-content\/uploads\/2022\/06\/prototyybi_motiiv_2-375x260.jpg 375w, https:\/\/blog.erm.ee\/wp-content\/uploads\/2022\/06\/prototyybi_motiiv_2-768x532.jpg 768w\" sizes=\"auto, (max-width: 1095px) 100vw, 1095px\" \/><\/a><p id=\"caption-attachment-15745\" class=\"wp-caption-text\">N\u00e4idisakna graafiline motiiv, tuletatuna St Denis kiriku vitraa\u017eist. Foto: U. Raus<\/p><\/div>\n<p style=\"text-align: justify;\">Akna algne k\u00f5rgus oli umbes 4 m ja laius umbes 1,5 m (ERMi n\u00e4ituseks loodi uus raam). Algne aken valmis aastail 1999\u20132000 Prantsuse vitraa\u017eiateljee Ateliers Duchemini kaasabil ja Eesti Riikliku Muinsuskaitseinspektsiooni tellimusel. Tehnilise projekteerimise tegi Gilles Rousvoal, valmimist toetasid Louis-Marie Vigne ja Robert Lahaye. K\u00f5ik, mis on algsest aknast j\u00e4rel, kuulub praegu Tartu Linnamuuseumile.<\/p>\n<div id=\"attachment_15746\" style=\"width: 1930px\" class=\"wp-caption aligncenter\"><a href=\"https:\/\/blog.erm.ee\/wp-content\/uploads\/2022\/06\/viimane-scaled.jpg\"><img loading=\"lazy\" decoding=\"async\" aria-describedby=\"caption-attachment-15746\" data-attachment-id=\"15746\" data-permalink=\"https:\/\/blog.erm.ee\/?attachment_id=15746#main\" data-orig-file=\"https:\/\/blog.erm.ee\/wp-content\/uploads\/2022\/06\/viimane-scaled.jpg\" data-orig-size=\"1920,2560\" data-comments-opened=\"1\" data-image-meta=\"{&quot;aperture&quot;:&quot;2.2&quot;,&quot;credit&quot;:&quot;&quot;,&quot;camera&quot;:&quot;ONE E1003&quot;,&quot;caption&quot;:&quot;&quot;,&quot;created_timestamp&quot;:&quot;1643033783&quot;,&quot;copyright&quot;:&quot;&quot;,&quot;focal_length&quot;:&quot;3.79&quot;,&quot;iso&quot;:&quot;865&quot;,&quot;shutter_speed&quot;:&quot;0.03030303030303&quot;,&quot;title&quot;:&quot;&quot;,&quot;orientation&quot;:&quot;1&quot;}\" data-image-title=\"viimane\" data-image-description=\"\" data-image-caption=\"\" data-large-file=\"https:\/\/blog.erm.ee\/wp-content\/uploads\/2022\/06\/viimane-768x1024.jpg\" class=\"wp-image-15746 size-full\" src=\"https:\/\/blog.erm.ee\/wp-content\/uploads\/2022\/06\/viimane-scaled.jpg\" alt=\"\" width=\"1920\" height=\"2560\" srcset=\"https:\/\/blog.erm.ee\/wp-content\/uploads\/2022\/06\/viimane-scaled.jpg 1920w, https:\/\/blog.erm.ee\/wp-content\/uploads\/2022\/06\/viimane-225x300.jpg 225w, https:\/\/blog.erm.ee\/wp-content\/uploads\/2022\/06\/viimane-768x1024.jpg 768w, https:\/\/blog.erm.ee\/wp-content\/uploads\/2022\/06\/viimane-195x260.jpg 195w, https:\/\/blog.erm.ee\/wp-content\/uploads\/2022\/06\/viimane-1152x1536.jpg 1152w, https:\/\/blog.erm.ee\/wp-content\/uploads\/2022\/06\/viimane-1536x2048.jpg 1536w\" sizes=\"auto, (max-width: 1920px) 100vw, 1920px\" \/><\/a><p id=\"caption-attachment-15746\" class=\"wp-caption-text\">N\u00e4idisakna s\u00e4ilinud osad enne ERMis eksponeerimist. Foto: U. Raus<\/p><\/div>\n<p style=\"text-align: justify;\">Urmo Rausist on saanud vabakutseline kunstnik, kelle firma Studio Raus restaureerib ajaloolist klaasi ja valmistab t\u00e4nap\u00e4evaseid v\u00f5i ajalooh\u00f5ngulisi vitraa\u017eiprojekte. Ta t\u00f6\u00f6tab peamiselt Prantsusmaal ja Hollandis. Eestisse on ta loonud Kuressaare P\u00fcha Laurentsiuse kiriku, Tallinna Reaalkooli s\u00f6\u00f6gisaali, Viljandi EVE hotelli restorani ja retseptsiooni aknad ning Pirita kloostri kabeli merevaigust altari. Paljud t\u00f6\u00f6d ootavad veel ees.<\/p>\n<div id=\"attachment_15747\" style=\"width: 691px\" class=\"wp-caption aligncenter\"><a href=\"https:\/\/blog.erm.ee\/wp-content\/uploads\/2022\/06\/11807339t1ha86f.jpg\"><img loading=\"lazy\" decoding=\"async\" aria-describedby=\"caption-attachment-15747\" data-attachment-id=\"15747\" data-permalink=\"https:\/\/blog.erm.ee\/?attachment_id=15747#main\" data-orig-file=\"https:\/\/blog.erm.ee\/wp-content\/uploads\/2022\/06\/11807339t1ha86f.jpg\" data-orig-size=\"685,457\" data-comments-opened=\"1\" data-image-meta=\"{&quot;aperture&quot;:&quot;0&quot;,&quot;credit&quot;:&quot;&quot;,&quot;camera&quot;:&quot;&quot;,&quot;caption&quot;:&quot;&quot;,&quot;created_timestamp&quot;:&quot;0&quot;,&quot;copyright&quot;:&quot;&quot;,&quot;focal_length&quot;:&quot;0&quot;,&quot;iso&quot;:&quot;0&quot;,&quot;shutter_speed&quot;:&quot;0&quot;,&quot;title&quot;:&quot;&quot;,&quot;orientation&quot;:&quot;1&quot;}\" data-image-title=\"11807339t1ha86f\" data-image-description=\"\" data-image-caption=\"\" data-large-file=\"https:\/\/blog.erm.ee\/wp-content\/uploads\/2022\/06\/11807339t1ha86f.jpg\" class=\"wp-image-15747 size-full\" src=\"https:\/\/blog.erm.ee\/wp-content\/uploads\/2022\/06\/11807339t1ha86f.jpg\" alt=\"\" width=\"685\" height=\"457\" srcset=\"https:\/\/blog.erm.ee\/wp-content\/uploads\/2022\/06\/11807339t1ha86f.jpg 685w, https:\/\/blog.erm.ee\/wp-content\/uploads\/2022\/06\/11807339t1ha86f-300x200.jpg 300w, https:\/\/blog.erm.ee\/wp-content\/uploads\/2022\/06\/11807339t1ha86f-390x260.jpg 390w\" sizes=\"auto, (max-width: 685px) 100vw, 685px\" \/><\/a><p id=\"caption-attachment-15747\" class=\"wp-caption-text\">Kunstnik Urmo Raus. Foto: U. Raus<\/p><\/div>\n<p style=\"text-align: justify;\">\n<div class=\"fcbkbttn_buttons_block\" id=\"fcbkbttn_left\"><div class=\"fcbkbttn_like \"><fb:like href=\"https:\/\/blog.erm.ee\/?p=15738\" action=\"like\" colorscheme=\"light\" layout=\"standard\"  width=\"225px\" size=\"small\"><\/fb:like><\/div><div class=\"fb-share-button  \" data-href=\"https:\/\/blog.erm.ee\/?p=15738\" data-type=\"button\" data-size=\"small\"><\/div><\/div>","protected":false},"excerpt":{"rendered":"<p>Reet Mark, ERMi n\u00e4ituste peaprodutsent Sel suvel saab ERMi sisse astudes k\u00f5rgel laes n\u00e4ha kahte vitraa\u017eakent. Neist suurem, roheline, p\u00e4rineb teostamata j\u00e4\u00e4nud Jaani kiriku vitraa\u017eakende projektist. V\u00e4iksem, lilla, on sama kunstniku loodud aken, mida on eksponeeritud Prantsusmaal rahvusvahelises vitraa\u017eikeskuses Centre International du Vitrail Chartres. M\u00f5lema raam on loodud spetsiaalselt selle v\u00e4ljapaneku jaoks. ERM alustab sellega&hellip;<\/p>\n","protected":false},"author":1,"featured_media":15744,"comment_status":"open","ping_status":"open","sticky":false,"template":"","format":"standard","meta":{"_monsterinsights_skip_tracking":false,"_monsterinsights_sitenote_active":false,"_monsterinsights_sitenote_note":"","_monsterinsights_sitenote_category":0,"jetpack_post_was_ever_published":false,"_jetpack_newsletter_access":"","_jetpack_dont_email_post_to_subs":false,"_jetpack_newsletter_tier_id":0,"_jetpack_memberships_contains_paywalled_content":false,"_jetpack_memberships_contains_paid_content":false,"footnotes":""},"categories":[5],"tags":[],"class_list":["post-15738","post","type-post","status-publish","format-standard","has-post-thumbnail","hentry","category-museaal"],"yoast_head":"<!-- This site is optimized with the Yoast SEO plugin v27.5 - https:\/\/yoast.com\/product\/yoast-seo-wordpress\/ -->\n<title>Mis k\u00f5ik oleks v\u00f5inud olla - Eesti Rahva Muuseumi ajaveeb<\/title>\n<meta name=\"robots\" content=\"index, follow, max-snippet:-1, max-image-preview:large, max-video-preview:-1\" \/>\n<link rel=\"canonical\" href=\"https:\/\/blog.erm.ee\/?p=15738\" \/>\n<meta property=\"og:locale\" content=\"et_EE\" \/>\n<meta property=\"og:type\" content=\"article\" \/>\n<meta property=\"og:title\" content=\"Mis k\u00f5ik oleks v\u00f5inud olla - Eesti Rahva Muuseumi ajaveeb\" \/>\n<meta property=\"og:description\" content=\"Reet Mark, ERMi n\u00e4ituste peaprodutsent Sel suvel saab ERMi sisse astudes k\u00f5rgel laes n\u00e4ha kahte vitraa\u017eakent. Neist suurem, roheline, p\u00e4rineb teostamata j\u00e4\u00e4nud Jaani kiriku vitraa\u017eakende projektist. V\u00e4iksem, lilla, on sama kunstniku loodud aken, mida on eksponeeritud Prantsusmaal rahvusvahelises vitraa\u017eikeskuses Centre International du Vitrail Chartres. M\u00f5lema raam on loodud spetsiaalselt selle v\u00e4ljapaneku jaoks. ERM alustab sellega&hellip;\" \/>\n<meta property=\"og:url\" content=\"https:\/\/blog.erm.ee\/?p=15738\" \/>\n<meta property=\"og:site_name\" content=\"Eesti Rahva Muuseumi ajaveeb\" \/>\n<meta property=\"article:published_time\" content=\"2022-06-09T07:00:30+00:00\" \/>\n<meta property=\"og:image\" content=\"https:\/\/blog.erm.ee\/wp-content\/uploads\/2022\/06\/prototyybi_motiiv.jpg\" \/>\n\t<meta property=\"og:image:width\" content=\"1095\" \/>\n\t<meta property=\"og:image:height\" content=\"759\" \/>\n\t<meta property=\"og:image:type\" content=\"image\/jpeg\" \/>\n<meta name=\"author\" content=\"Eesti Rahva Muuseum\" \/>\n<meta name=\"twitter:card\" content=\"summary_large_image\" \/>\n<meta name=\"twitter:label1\" content=\"Written by\" \/>\n\t<meta name=\"twitter:data1\" content=\"Eesti Rahva Muuseum\" \/>\n\t<meta name=\"twitter:label2\" content=\"Est. reading time\" \/>\n\t<meta name=\"twitter:data2\" content=\"4 minutit\" \/>\n<script type=\"application\/ld+json\" class=\"yoast-schema-graph\">{\"@context\":\"https:\\\/\\\/schema.org\",\"@graph\":[{\"@type\":\"Article\",\"@id\":\"https:\\\/\\\/blog.erm.ee\\\/?p=15738#article\",\"isPartOf\":{\"@id\":\"https:\\\/\\\/blog.erm.ee\\\/?p=15738\"},\"author\":{\"name\":\"Eesti Rahva Muuseum\",\"@id\":\"https:\\\/\\\/blog.erm.ee\\\/#\\\/schema\\\/person\\\/6e98c391cb00a33e7c22a3571e062114\"},\"headline\":\"Mis k\u00f5ik oleks v\u00f5inud olla\",\"datePublished\":\"2022-06-09T07:00:30+00:00\",\"mainEntityOfPage\":{\"@id\":\"https:\\\/\\\/blog.erm.ee\\\/?p=15738\"},\"wordCount\":749,\"commentCount\":0,\"image\":{\"@id\":\"https:\\\/\\\/blog.erm.ee\\\/?p=15738#primaryimage\"},\"thumbnailUrl\":\"https:\\\/\\\/blog.erm.ee\\\/wp-content\\\/uploads\\\/2022\\\/06\\\/prototyybi_motiiv.jpg\",\"articleSection\":[\"Museaal\"],\"inLanguage\":\"et\",\"potentialAction\":[{\"@type\":\"CommentAction\",\"name\":\"Comment\",\"target\":[\"https:\\\/\\\/blog.erm.ee\\\/?p=15738#respond\"]}]},{\"@type\":\"WebPage\",\"@id\":\"https:\\\/\\\/blog.erm.ee\\\/?p=15738\",\"url\":\"https:\\\/\\\/blog.erm.ee\\\/?p=15738\",\"name\":\"Mis k\u00f5ik oleks v\u00f5inud olla - Eesti Rahva Muuseumi ajaveeb\",\"isPartOf\":{\"@id\":\"https:\\\/\\\/blog.erm.ee\\\/#website\"},\"primaryImageOfPage\":{\"@id\":\"https:\\\/\\\/blog.erm.ee\\\/?p=15738#primaryimage\"},\"image\":{\"@id\":\"https:\\\/\\\/blog.erm.ee\\\/?p=15738#primaryimage\"},\"thumbnailUrl\":\"https:\\\/\\\/blog.erm.ee\\\/wp-content\\\/uploads\\\/2022\\\/06\\\/prototyybi_motiiv.jpg\",\"datePublished\":\"2022-06-09T07:00:30+00:00\",\"author\":{\"@id\":\"https:\\\/\\\/blog.erm.ee\\\/#\\\/schema\\\/person\\\/6e98c391cb00a33e7c22a3571e062114\"},\"breadcrumb\":{\"@id\":\"https:\\\/\\\/blog.erm.ee\\\/?p=15738#breadcrumb\"},\"inLanguage\":\"et\",\"potentialAction\":[{\"@type\":\"ReadAction\",\"target\":[\"https:\\\/\\\/blog.erm.ee\\\/?p=15738\"]}]},{\"@type\":\"ImageObject\",\"inLanguage\":\"et\",\"@id\":\"https:\\\/\\\/blog.erm.ee\\\/?p=15738#primaryimage\",\"url\":\"https:\\\/\\\/blog.erm.ee\\\/wp-content\\\/uploads\\\/2022\\\/06\\\/prototyybi_motiiv.jpg\",\"contentUrl\":\"https:\\\/\\\/blog.erm.ee\\\/wp-content\\\/uploads\\\/2022\\\/06\\\/prototyybi_motiiv.jpg\",\"width\":1095,\"height\":759},{\"@type\":\"BreadcrumbList\",\"@id\":\"https:\\\/\\\/blog.erm.ee\\\/?p=15738#breadcrumb\",\"itemListElement\":[{\"@type\":\"ListItem\",\"position\":1,\"name\":\"Home\",\"item\":\"https:\\\/\\\/blog.erm.ee\\\/\"},{\"@type\":\"ListItem\",\"position\":2,\"name\":\"Mis k\u00f5ik oleks v\u00f5inud olla\"}]},{\"@type\":\"WebSite\",\"@id\":\"https:\\\/\\\/blog.erm.ee\\\/#website\",\"url\":\"https:\\\/\\\/blog.erm.ee\\\/\",\"name\":\"Eesti Rahva Muuseumi ajaveeb\",\"description\":\"\",\"potentialAction\":[{\"@type\":\"SearchAction\",\"target\":{\"@type\":\"EntryPoint\",\"urlTemplate\":\"https:\\\/\\\/blog.erm.ee\\\/?s={search_term_string}\"},\"query-input\":{\"@type\":\"PropertyValueSpecification\",\"valueRequired\":true,\"valueName\":\"search_term_string\"}}],\"inLanguage\":\"et\"},{\"@type\":\"Person\",\"@id\":\"https:\\\/\\\/blog.erm.ee\\\/#\\\/schema\\\/person\\\/6e98c391cb00a33e7c22a3571e062114\",\"name\":\"Eesti Rahva Muuseum\",\"image\":{\"@type\":\"ImageObject\",\"inLanguage\":\"et\",\"@id\":\"https:\\\/\\\/secure.gravatar.com\\\/avatar\\\/cb6d9ad5fb49f3f7315028ce5fe60641075f2cb52b8a058ff5a985fa2d8c1da0?s=96&d=mm&r=g\",\"url\":\"https:\\\/\\\/secure.gravatar.com\\\/avatar\\\/cb6d9ad5fb49f3f7315028ce5fe60641075f2cb52b8a058ff5a985fa2d8c1da0?s=96&d=mm&r=g\",\"contentUrl\":\"https:\\\/\\\/secure.gravatar.com\\\/avatar\\\/cb6d9ad5fb49f3f7315028ce5fe60641075f2cb52b8a058ff5a985fa2d8c1da0?s=96&d=mm&r=g\",\"caption\":\"Eesti Rahva Muuseum\"},\"sameAs\":[\"http:\\\/\\\/www.erm.ee\"],\"url\":\"https:\\\/\\\/blog.erm.ee\\\/?author=1\"}]}<\/script>\n<!-- \/ Yoast SEO plugin. -->","yoast_head_json":{"title":"Mis k\u00f5ik oleks v\u00f5inud olla - Eesti Rahva Muuseumi ajaveeb","robots":{"index":"index","follow":"follow","max-snippet":"max-snippet:-1","max-image-preview":"max-image-preview:large","max-video-preview":"max-video-preview:-1"},"canonical":"https:\/\/blog.erm.ee\/?p=15738","og_locale":"et_EE","og_type":"article","og_title":"Mis k\u00f5ik oleks v\u00f5inud olla - Eesti Rahva Muuseumi ajaveeb","og_description":"Reet Mark, ERMi n\u00e4ituste peaprodutsent Sel suvel saab ERMi sisse astudes k\u00f5rgel laes n\u00e4ha kahte vitraa\u017eakent. Neist suurem, roheline, p\u00e4rineb teostamata j\u00e4\u00e4nud Jaani kiriku vitraa\u017eakende projektist. V\u00e4iksem, lilla, on sama kunstniku loodud aken, mida on eksponeeritud Prantsusmaal rahvusvahelises vitraa\u017eikeskuses Centre International du Vitrail Chartres. M\u00f5lema raam on loodud spetsiaalselt selle v\u00e4ljapaneku jaoks. ERM alustab sellega&hellip;","og_url":"https:\/\/blog.erm.ee\/?p=15738","og_site_name":"Eesti Rahva Muuseumi ajaveeb","article_published_time":"2022-06-09T07:00:30+00:00","og_image":[{"width":1095,"height":759,"url":"https:\/\/blog.erm.ee\/wp-content\/uploads\/2022\/06\/prototyybi_motiiv.jpg","type":"image\/jpeg"}],"author":"Eesti Rahva Muuseum","twitter_card":"summary_large_image","twitter_misc":{"Written by":"Eesti Rahva Muuseum","Est. reading time":"4 minutit"},"schema":{"@context":"https:\/\/schema.org","@graph":[{"@type":"Article","@id":"https:\/\/blog.erm.ee\/?p=15738#article","isPartOf":{"@id":"https:\/\/blog.erm.ee\/?p=15738"},"author":{"name":"Eesti Rahva Muuseum","@id":"https:\/\/blog.erm.ee\/#\/schema\/person\/6e98c391cb00a33e7c22a3571e062114"},"headline":"Mis k\u00f5ik oleks v\u00f5inud olla","datePublished":"2022-06-09T07:00:30+00:00","mainEntityOfPage":{"@id":"https:\/\/blog.erm.ee\/?p=15738"},"wordCount":749,"commentCount":0,"image":{"@id":"https:\/\/blog.erm.ee\/?p=15738#primaryimage"},"thumbnailUrl":"https:\/\/blog.erm.ee\/wp-content\/uploads\/2022\/06\/prototyybi_motiiv.jpg","articleSection":["Museaal"],"inLanguage":"et","potentialAction":[{"@type":"CommentAction","name":"Comment","target":["https:\/\/blog.erm.ee\/?p=15738#respond"]}]},{"@type":"WebPage","@id":"https:\/\/blog.erm.ee\/?p=15738","url":"https:\/\/blog.erm.ee\/?p=15738","name":"Mis k\u00f5ik oleks v\u00f5inud olla - Eesti Rahva Muuseumi ajaveeb","isPartOf":{"@id":"https:\/\/blog.erm.ee\/#website"},"primaryImageOfPage":{"@id":"https:\/\/blog.erm.ee\/?p=15738#primaryimage"},"image":{"@id":"https:\/\/blog.erm.ee\/?p=15738#primaryimage"},"thumbnailUrl":"https:\/\/blog.erm.ee\/wp-content\/uploads\/2022\/06\/prototyybi_motiiv.jpg","datePublished":"2022-06-09T07:00:30+00:00","author":{"@id":"https:\/\/blog.erm.ee\/#\/schema\/person\/6e98c391cb00a33e7c22a3571e062114"},"breadcrumb":{"@id":"https:\/\/blog.erm.ee\/?p=15738#breadcrumb"},"inLanguage":"et","potentialAction":[{"@type":"ReadAction","target":["https:\/\/blog.erm.ee\/?p=15738"]}]},{"@type":"ImageObject","inLanguage":"et","@id":"https:\/\/blog.erm.ee\/?p=15738#primaryimage","url":"https:\/\/blog.erm.ee\/wp-content\/uploads\/2022\/06\/prototyybi_motiiv.jpg","contentUrl":"https:\/\/blog.erm.ee\/wp-content\/uploads\/2022\/06\/prototyybi_motiiv.jpg","width":1095,"height":759},{"@type":"BreadcrumbList","@id":"https:\/\/blog.erm.ee\/?p=15738#breadcrumb","itemListElement":[{"@type":"ListItem","position":1,"name":"Home","item":"https:\/\/blog.erm.ee\/"},{"@type":"ListItem","position":2,"name":"Mis k\u00f5ik oleks v\u00f5inud olla"}]},{"@type":"WebSite","@id":"https:\/\/blog.erm.ee\/#website","url":"https:\/\/blog.erm.ee\/","name":"Eesti Rahva Muuseumi ajaveeb","description":"","potentialAction":[{"@type":"SearchAction","target":{"@type":"EntryPoint","urlTemplate":"https:\/\/blog.erm.ee\/?s={search_term_string}"},"query-input":{"@type":"PropertyValueSpecification","valueRequired":true,"valueName":"search_term_string"}}],"inLanguage":"et"},{"@type":"Person","@id":"https:\/\/blog.erm.ee\/#\/schema\/person\/6e98c391cb00a33e7c22a3571e062114","name":"Eesti Rahva Muuseum","image":{"@type":"ImageObject","inLanguage":"et","@id":"https:\/\/secure.gravatar.com\/avatar\/cb6d9ad5fb49f3f7315028ce5fe60641075f2cb52b8a058ff5a985fa2d8c1da0?s=96&d=mm&r=g","url":"https:\/\/secure.gravatar.com\/avatar\/cb6d9ad5fb49f3f7315028ce5fe60641075f2cb52b8a058ff5a985fa2d8c1da0?s=96&d=mm&r=g","contentUrl":"https:\/\/secure.gravatar.com\/avatar\/cb6d9ad5fb49f3f7315028ce5fe60641075f2cb52b8a058ff5a985fa2d8c1da0?s=96&d=mm&r=g","caption":"Eesti Rahva Muuseum"},"sameAs":["http:\/\/www.erm.ee"],"url":"https:\/\/blog.erm.ee\/?author=1"}]}},"jetpack_featured_media_url":"https:\/\/blog.erm.ee\/wp-content\/uploads\/2022\/06\/prototyybi_motiiv.jpg","jetpack_shortlink":"https:\/\/wp.me\/p2l9Zd-45Q","jetpack_sharing_enabled":true,"jetpack_likes_enabled":true,"_links":{"self":[{"href":"https:\/\/blog.erm.ee\/index.php?rest_route=\/wp\/v2\/posts\/15738","targetHints":{"allow":["GET"]}}],"collection":[{"href":"https:\/\/blog.erm.ee\/index.php?rest_route=\/wp\/v2\/posts"}],"about":[{"href":"https:\/\/blog.erm.ee\/index.php?rest_route=\/wp\/v2\/types\/post"}],"author":[{"embeddable":true,"href":"https:\/\/blog.erm.ee\/index.php?rest_route=\/wp\/v2\/users\/1"}],"replies":[{"embeddable":true,"href":"https:\/\/blog.erm.ee\/index.php?rest_route=%2Fwp%2Fv2%2Fcomments&post=15738"}],"version-history":[{"count":5,"href":"https:\/\/blog.erm.ee\/index.php?rest_route=\/wp\/v2\/posts\/15738\/revisions"}],"predecessor-version":[{"id":15742,"href":"https:\/\/blog.erm.ee\/index.php?rest_route=\/wp\/v2\/posts\/15738\/revisions\/15742"}],"wp:featuredmedia":[{"embeddable":true,"href":"https:\/\/blog.erm.ee\/index.php?rest_route=\/wp\/v2\/media\/15744"}],"wp:attachment":[{"href":"https:\/\/blog.erm.ee\/index.php?rest_route=%2Fwp%2Fv2%2Fmedia&parent=15738"}],"wp:term":[{"taxonomy":"category","embeddable":true,"href":"https:\/\/blog.erm.ee\/index.php?rest_route=%2Fwp%2Fv2%2Fcategories&post=15738"},{"taxonomy":"post_tag","embeddable":true,"href":"https:\/\/blog.erm.ee\/index.php?rest_route=%2Fwp%2Fv2%2Ftags&post=15738"}],"curies":[{"name":"wp","href":"https:\/\/api.w.org\/{rel}","templated":true}]}}