{"id":15709,"date":"2022-05-26T10:10:04","date_gmt":"2022-05-26T07:10:04","guid":{"rendered":"https:\/\/blog.erm.ee\/?p=15709"},"modified":"2022-05-25T10:40:05","modified_gmt":"2022-05-25T07:40:05","slug":"numbriponevus-arutlus-andmetest-ja-mootmisest","status":"publish","type":"post","link":"https:\/\/blog.erm.ee\/?p=15709","title":{"rendered":"Numbrip\u00f5nevus \u2013 arutlus andmetest ja m\u00f5\u00f5tmisest"},"content":{"rendered":"<div class=\"fcbkbttn_buttons_block\" id=\"fcbkbttn_left\"><div class=\"fcbkbttn_like \"><fb:like href=\"https:\/\/blog.erm.ee\/?p=15709\" action=\"like\" colorscheme=\"light\" layout=\"standard\"  width=\"225px\" size=\"small\"><\/fb:like><\/div><div class=\"fb-share-button  \" data-href=\"https:\/\/blog.erm.ee\/?p=15709\" data-type=\"button\" data-size=\"small\"><\/div><\/div><p style=\"text-align: justify;\">Pille Pruulmann Vengerfeldt, Malm\u00f6 \u00dclikooli meediaprofessor, n\u00e4ituse &#8220;Numbrip\u00f5nevus. Arutlus andmetest ja m\u00f5\u00f5tmisest&#8221; kuraator.<\/p>\n<p style=\"text-align: justify;\">\u201eInimesed on numbriloomad,\u201c v\u00e4idavad Rootsi-Norra majandusprofessorid Michael Dahlen ja Helge Thorbj\u00f8rnsen. See t\u00e4hendab, et me s\u00f5ltume oma valikutes ja otsustes numbritest ning need m\u00f5jutavad meid suisa alateadvuse tasandil.<\/p>\n<p style=\"text-align: justify;\">Kas teadsite n\u00e4iteks, et numbritel on sugu? V\u00f5i seda, et numbrid suudavad meid m\u00f5jutada minema paremale v\u00f5i vasakule? Ilmselt olete tuttavad v\u00e4itega, et sa saad seda, mida m\u00f5\u00f5dad. See on omistatud majandusteadlasele Peter Druckerile, aga kas me m\u00f5\u00f5dame ikka \u00f5igeid asju? Kas need on asjad, mida tahame t\u00e4htsaks pidada?<\/p>\n<p style=\"text-align: justify;\">3. maist kuni 18. septembrini 2022 aastal on ERMis osalussaalis vaadeldav n\u00e4itus &#8220;Numbrip\u00f5nevus. Arutlus andmetest ja m\u00f5\u00f5tmistest&#8221;, mis p\u00fc\u00fcab juhtida meie t\u00e4helepanu m\u00f5nedele neist k\u00fcsimustest. N\u00e4itus on lugu neljas vaatuses.<\/p>\n<div id=\"attachment_15715\" style=\"width: 1210px\" class=\"wp-caption aligncenter\"><a href=\"https:\/\/blog.erm.ee\/wp-content\/uploads\/2022\/05\/aa_0020.jpg\"><img loading=\"lazy\" decoding=\"async\" aria-describedby=\"caption-attachment-15715\" data-attachment-id=\"15715\" data-permalink=\"https:\/\/blog.erm.ee\/?attachment_id=15715#main\" data-orig-file=\"https:\/\/blog.erm.ee\/wp-content\/uploads\/2022\/05\/aa_0020.jpg\" data-orig-size=\"1200,718\" data-comments-opened=\"1\" data-image-meta=\"{&quot;aperture&quot;:&quot;10&quot;,&quot;credit&quot;:&quot;&quot;,&quot;camera&quot;:&quot;Canon EOS-1D X Mark II&quot;,&quot;caption&quot;:&quot;&quot;,&quot;created_timestamp&quot;:&quot;1651486445&quot;,&quot;copyright&quot;:&quot;&quot;,&quot;focal_length&quot;:&quot;24&quot;,&quot;iso&quot;:&quot;100&quot;,&quot;shutter_speed&quot;:&quot;1&quot;,&quot;title&quot;:&quot;&quot;,&quot;orientation&quot;:&quot;1&quot;}\" data-image-title=\"aa_0020\" data-image-description=\"\" data-image-caption=\"\" data-large-file=\"https:\/\/blog.erm.ee\/wp-content\/uploads\/2022\/05\/aa_0020-1024x613.jpg\" class=\"wp-image-15715 size-full\" src=\"https:\/\/blog.erm.ee\/wp-content\/uploads\/2022\/05\/aa_0020.jpg\" alt=\"\" width=\"1200\" height=\"718\" srcset=\"https:\/\/blog.erm.ee\/wp-content\/uploads\/2022\/05\/aa_0020.jpg 1200w, https:\/\/blog.erm.ee\/wp-content\/uploads\/2022\/05\/aa_0020-300x180.jpg 300w, https:\/\/blog.erm.ee\/wp-content\/uploads\/2022\/05\/aa_0020-1024x613.jpg 1024w, https:\/\/blog.erm.ee\/wp-content\/uploads\/2022\/05\/aa_0020-435x260.jpg 435w, https:\/\/blog.erm.ee\/wp-content\/uploads\/2022\/05\/aa_0020-768x460.jpg 768w\" sizes=\"auto, (max-width: 1200px) 100vw, 1200px\" \/><\/a><p id=\"caption-attachment-15715\" class=\"wp-caption-text\">Vaade ERMi n\u00e4itusele &#8220;Numbrip\u00f5nevus. Arutlus andmetest ja m\u00f5\u00f5tmistest&#8221;. Foto: Anu Ansu<\/p><\/div>\n<p style=\"text-align: justify;\">Esimene lugu: loendamise ja m\u00f5\u00f5tmise algusest<\/p>\n<p style=\"text-align: justify;\">Juba n\u00e4ituseruumi sisenemisel ahvatleme k\u00fclastajat end m\u00f5\u00f5tma. Kui pikk sa oled v\u00f5rreldes Eesti keskmise inimesega? Kui l\u00fchike sa oled v\u00f5rreldes maailma pikima mehega? Ja v\u00f5rreldes teiste k\u00fclastajatega&#8230; Meie keha on aegade algusest olnud meie k\u00f5ige k\u00e4ep\u00e4rasem m\u00f5\u00f5duvahend ja enne meetris\u00fcsteemi v\u00e4ljam\u00f5tlemist v\u00f5rdlesime paljusid asju kas k\u00e4te v\u00f5i siruulatusega. \u00dcks toll on sama palju kui p\u00f6idlaots esimese l\u00fclini. \u00dcks vaks on p\u00f6idla ja nimetiss\u00f5rme vaheline pikkus. Siruulatust saab m\u00f5\u00f5ta s\u00fclega. K\u00fclmiti \u00fcmbert peab mahtuma kinni v\u00f5tma ja vakamaa on maalapp, mida saab vakat\u00e4iega t\u00e4ita. Kui m\u00f5tlema hakata, siis on meie keha sobinud pikka aega m\u00f5\u00f5dupuuks meid \u00fcmbritsevale ilmale. Aga viimasel ajal m\u00f5\u00f5dame oma keha ja selle protsesse ning peame arvet selle \u00fcle, kui palju oleme maganud, k\u00f5ndinud, vett joonud. Ja nii oleme me muutnud iseennast arve pidamise objektiks.<\/p>\n<div id=\"attachment_15717\" style=\"width: 674px\" class=\"wp-caption aligncenter\"><a href=\"https:\/\/blog.erm.ee\/wp-content\/uploads\/2022\/05\/aa_0140.jpg\"><img loading=\"lazy\" decoding=\"async\" aria-describedby=\"caption-attachment-15717\" data-attachment-id=\"15717\" data-permalink=\"https:\/\/blog.erm.ee\/?attachment_id=15717#main\" data-orig-file=\"https:\/\/blog.erm.ee\/wp-content\/uploads\/2022\/05\/aa_0140.jpg\" data-orig-size=\"668,1200\" data-comments-opened=\"1\" data-image-meta=\"{&quot;aperture&quot;:&quot;8&quot;,&quot;credit&quot;:&quot;&quot;,&quot;camera&quot;:&quot;Canon EOS-1D X Mark II&quot;,&quot;caption&quot;:&quot;&quot;,&quot;created_timestamp&quot;:&quot;1652169862&quot;,&quot;copyright&quot;:&quot;&quot;,&quot;focal_length&quot;:&quot;24&quot;,&quot;iso&quot;:&quot;400&quot;,&quot;shutter_speed&quot;:&quot;0.6&quot;,&quot;title&quot;:&quot;&quot;,&quot;orientation&quot;:&quot;1&quot;}\" data-image-title=\"aa_0140\" data-image-description=\"\" data-image-caption=\"\" data-large-file=\"https:\/\/blog.erm.ee\/wp-content\/uploads\/2022\/05\/aa_0140-570x1024.jpg\" class=\"wp-image-15717 size-full\" src=\"https:\/\/blog.erm.ee\/wp-content\/uploads\/2022\/05\/aa_0140.jpg\" alt=\"\" width=\"668\" height=\"1200\" srcset=\"https:\/\/blog.erm.ee\/wp-content\/uploads\/2022\/05\/aa_0140.jpg 668w, https:\/\/blog.erm.ee\/wp-content\/uploads\/2022\/05\/aa_0140-167x300.jpg 167w, https:\/\/blog.erm.ee\/wp-content\/uploads\/2022\/05\/aa_0140-570x1024.jpg 570w, https:\/\/blog.erm.ee\/wp-content\/uploads\/2022\/05\/aa_0140-145x260.jpg 145w\" sizes=\"auto, (max-width: 668px) 100vw, 668px\" \/><\/a><p id=\"caption-attachment-15717\" class=\"wp-caption-text\">K\u00fclastajaid ennast m\u00f5\u00f5tma \u00e4rgitav sein, kuhu on ka m\u00e4rgitud, et keskmise eestlase pikkus on 175,13 cm. Foto: Anu Ansu<\/p><\/div>\n<p style=\"text-align: justify;\">Teine lugu: arvepidamine<\/p>\n<p style=\"text-align: justify;\">Umbes 16. sajandil muutub andmete kogumine Euroopas kinnisideeks. Inimeste huvi loendada ja arvet pidada laieneb \u00fcksikisiku v\u00f5i \u00e4ri juurest riigi tasandile, kus tahetakse arvet pidada oma kodanike ja majanduse \u00fcle. Kuigi rahvastikustatistikat hakati tegema alles 19. sajandi alguses, on enne sedagi tehtud katseid pidada arvet rahvastiku, tervise jm k\u00fcsimuste \u00fcle. Enamasti on selliste statistiliste harjutuste p\u00f5hifookuses olnud b\u00fcrokraatliku t\u00f5hususe t\u00f5stmine. Ilma detailse arvepidamiseta on keskne valitsemine sageli kujutlematu. Kutsume k\u00fclastajat m\u00f5tlema selle \u00fcle, kas me peame arvet ikka \u00f5igete asjade \u00fcle ja \u00f5igetel eesm\u00e4rkidel. See, kui suur v\u00f5i kui v\u00e4ike on riik, v\u00f5ib territooriumi asemel s\u00f5ltuda selles, kui suur on selle m\u00f5ju eri valdkondades; kui suur on meie energias\u00f5ltuvus v\u00f5i kaitsealuste metsade osakaal. Kutsume ka juurdlema, mille \u00fcle meil endal tasuks arvet pidada.<\/p>\n<p style=\"text-align: justify;\">Kolmas lugu: suurte andmete lubadus ja v\u00e4ljakutse<\/p>\n<p style=\"text-align: justify;\">Kas andmed, mida me oma statistikavaimustuses \u00fcha enam kogume, t\u00e4idavad neile pandud lootusi v\u00f5i esitavad meile uusi v\u00e4ljakutseid? N\u00e4itame ekraanidel Eesti, Euroopa ja muu maailma lahedamaid andmelahendusi, mis aitavad meil \u00fcmbritsevat paremini m\u00f5ista. N\u00e4itame ka seda, kuiv\u00f5rd meid m\u00f5jutavad sotsiaalmeedias esitatavad numbrid ning kuidas andmed v\u00f5ivad koguni s\u00fcdame murda. Kui palju me teame \u00fcldse andmetest? Kes v\u00f5iks otsustada andmete \u00fcle? Kes teab sinust rohkem, kas su pere v\u00f5i telefon?<\/p>\n<p style=\"text-align: justify;\">Neljas lugu: alternatiivne vaade andmetele<\/p>\n<p style=\"text-align: justify;\">N\u00e4itame, kuidas iga\u00fchest meist saab statistika, kui teeme m\u00e4rkmeid oma kultuuritarbimise, sellele kulutatud summade, pooleliolevate raamatute m\u00eftmek\u00fclgsuse ja kinos jooksvate filmide vaatamise kohta. \u00dcle maailma kerkib esile kunstnikke ja andmevisualiseerijaid, kes p\u00fc\u00fcavad meid numbrite l\u00f5ksust p\u00e4\u00e4sta, pakkudes v\u00e4rsket vaadet neile. Kutsume k\u00fclastajat m\u00f5tlema, kuidas kultuuri m\u00f5\u00f5ta.<\/p>\n<div id=\"attachment_15716\" style=\"width: 1210px\" class=\"wp-caption aligncenter\"><a href=\"https:\/\/blog.erm.ee\/wp-content\/uploads\/2022\/05\/aa_0133.jpg\"><img loading=\"lazy\" decoding=\"async\" aria-describedby=\"caption-attachment-15716\" data-attachment-id=\"15716\" data-permalink=\"https:\/\/blog.erm.ee\/?attachment_id=15716#main\" data-orig-file=\"https:\/\/blog.erm.ee\/wp-content\/uploads\/2022\/05\/aa_0133.jpg\" data-orig-size=\"1200,800\" data-comments-opened=\"1\" data-image-meta=\"{&quot;aperture&quot;:&quot;8&quot;,&quot;credit&quot;:&quot;&quot;,&quot;camera&quot;:&quot;Canon EOS-1D X Mark II&quot;,&quot;caption&quot;:&quot;&quot;,&quot;created_timestamp&quot;:&quot;1652169528&quot;,&quot;copyright&quot;:&quot;&quot;,&quot;focal_length&quot;:&quot;31&quot;,&quot;iso&quot;:&quot;400&quot;,&quot;shutter_speed&quot;:&quot;0.16666666666667&quot;,&quot;title&quot;:&quot;&quot;,&quot;orientation&quot;:&quot;1&quot;}\" data-image-title=\"aa_0133\" data-image-description=\"\" data-image-caption=\"\" data-large-file=\"https:\/\/blog.erm.ee\/wp-content\/uploads\/2022\/05\/aa_0133-1024x683.jpg\" class=\"wp-image-15716 size-full\" src=\"https:\/\/blog.erm.ee\/wp-content\/uploads\/2022\/05\/aa_0133.jpg\" alt=\"\" width=\"1200\" height=\"800\" srcset=\"https:\/\/blog.erm.ee\/wp-content\/uploads\/2022\/05\/aa_0133.jpg 1200w, https:\/\/blog.erm.ee\/wp-content\/uploads\/2022\/05\/aa_0133-300x200.jpg 300w, https:\/\/blog.erm.ee\/wp-content\/uploads\/2022\/05\/aa_0133-1024x683.jpg 1024w, https:\/\/blog.erm.ee\/wp-content\/uploads\/2022\/05\/aa_0133-390x260.jpg 390w, https:\/\/blog.erm.ee\/wp-content\/uploads\/2022\/05\/aa_0133-768x512.jpg 768w\" sizes=\"auto, (max-width: 1200px) 100vw, 1200px\" \/><\/a><p id=\"caption-attachment-15716\" class=\"wp-caption-text\">K\u00fclastajatele loodud kultuuri kvantitatiivse m\u00f5\u00f5tmise vahendeid m\u00e4rgistav andmen\u00f6\u00f6ride sein, mille abil uuritakse osalejailt, milline on kultuuri m\u00f5ju neile. Foto: Anu Ansu<\/p><\/div>\n<p style=\"text-align: justify;\">*<\/p>\n<p style=\"text-align: justify;\">Numbrip\u00f5nevuse n\u00e4itusel ei ole k\u00f5iki ideid, millest siin blogipostituses juttu on \u2013 nagu ikka, ei mahu k\u00f5ik ideed alati \u00e4ra v\u00f5i ei saa alati teoks. N\u00e4itus on protot\u00fc\u00fcp, katse m\u00f5testada numbreid, loendamist ja sellega seotud v\u00e4\u00e4rtushinnanguid meie \u00fcmber. Loodetavasti saab olla selline tegevus igas j\u00e4rgmises versioonis parem, k\u00f6itvam ja veelgi m\u00f5tlemapanevam. Praegu on protot\u00fc\u00fcbist veel puudu n\u00e4iteks \u201eNumbrip\u00f5nevuse\u201c Instagrami konto. Kui see aga valmib, siis kutsume sinna nii blogilugejaid kui n\u00e4ituse k\u00fclastajaid postitama oma igap\u00e4evaseid kohtumisi numbritega. Mida sina viimati m\u00f5\u00f5tsid ja kas see aitas sul v\u00e4\u00e4rtustada seda, mida sa t\u00f5eliselt kalliks pead? Ja kas su riik ja sinu inimesed oskavad m\u00f5\u00f5ta seda, mida tuleks t\u00e4htsaks pidada?<\/p>\n<p style=\"text-align: justify;\">\n<div class=\"fcbkbttn_buttons_block\" id=\"fcbkbttn_left\"><div class=\"fcbkbttn_like \"><fb:like href=\"https:\/\/blog.erm.ee\/?p=15709\" action=\"like\" colorscheme=\"light\" layout=\"standard\"  width=\"225px\" size=\"small\"><\/fb:like><\/div><div class=\"fb-share-button  \" data-href=\"https:\/\/blog.erm.ee\/?p=15709\" data-type=\"button\" data-size=\"small\"><\/div><\/div>","protected":false},"excerpt":{"rendered":"<p>Pille Pruulmann Vengerfeldt, Malm\u00f6 \u00dclikooli meediaprofessor, n\u00e4ituse &#8220;Numbrip\u00f5nevus. Arutlus andmetest ja m\u00f5\u00f5tmisest&#8221; kuraator. \u201eInimesed on numbriloomad,\u201c v\u00e4idavad Rootsi-Norra majandusprofessorid Michael Dahlen ja Helge Thorbj\u00f8rnsen. See t\u00e4hendab, et me s\u00f5ltume oma valikutes ja otsustes numbritest ning need m\u00f5jutavad meid suisa alateadvuse tasandil. Kas teadsite n\u00e4iteks, et numbritel on sugu? V\u00f5i seda, et numbrid suudavad meid m\u00f5jutada&hellip;<\/p>\n","protected":false},"author":1,"featured_media":15715,"comment_status":"open","ping_status":"open","sticky":false,"template":"","format":"standard","meta":{"_monsterinsights_skip_tracking":false,"_monsterinsights_sitenote_active":false,"_monsterinsights_sitenote_note":"","_monsterinsights_sitenote_category":0,"jetpack_post_was_ever_published":false,"_jetpack_newsletter_access":"","_jetpack_dont_email_post_to_subs":false,"_jetpack_newsletter_tier_id":0,"_jetpack_memberships_contains_paywalled_content":false,"_jetpack_memberships_contains_paid_content":false,"footnotes":""},"categories":[1,20,7,30,19,10],"tags":[],"class_list":["post-15709","post","type-post","status-publish","format-standard","has-post-thumbnail","hentry","category-maaratlemata","category-muuseumimotted","category-naitus","category-osalus","category-sundmus","category-teadus"],"yoast_head":"<!-- This site is optimized with the Yoast SEO plugin v27.5 - https:\/\/yoast.com\/product\/yoast-seo-wordpress\/ -->\n<title>Numbrip\u00f5nevus \u2013 arutlus andmetest ja m\u00f5\u00f5tmisest - Eesti Rahva Muuseumi ajaveeb<\/title>\n<meta name=\"robots\" content=\"index, follow, max-snippet:-1, max-image-preview:large, max-video-preview:-1\" \/>\n<link rel=\"canonical\" href=\"https:\/\/blog.erm.ee\/?p=15709\" \/>\n<meta property=\"og:locale\" content=\"et_EE\" \/>\n<meta property=\"og:type\" content=\"article\" \/>\n<meta property=\"og:title\" content=\"Numbrip\u00f5nevus \u2013 arutlus andmetest ja m\u00f5\u00f5tmisest - Eesti Rahva Muuseumi ajaveeb\" \/>\n<meta property=\"og:description\" content=\"Pille Pruulmann Vengerfeldt, Malm\u00f6 \u00dclikooli meediaprofessor, n\u00e4ituse &#8220;Numbrip\u00f5nevus. Arutlus andmetest ja m\u00f5\u00f5tmisest&#8221; kuraator. \u201eInimesed on numbriloomad,\u201c v\u00e4idavad Rootsi-Norra majandusprofessorid Michael Dahlen ja Helge Thorbj\u00f8rnsen. See t\u00e4hendab, et me s\u00f5ltume oma valikutes ja otsustes numbritest ning need m\u00f5jutavad meid suisa alateadvuse tasandil. Kas teadsite n\u00e4iteks, et numbritel on sugu? V\u00f5i seda, et numbrid suudavad meid m\u00f5jutada&hellip;\" \/>\n<meta property=\"og:url\" content=\"https:\/\/blog.erm.ee\/?p=15709\" \/>\n<meta property=\"og:site_name\" content=\"Eesti Rahva Muuseumi ajaveeb\" \/>\n<meta property=\"article:published_time\" content=\"2022-05-26T07:10:04+00:00\" \/>\n<meta property=\"og:image\" content=\"https:\/\/blog.erm.ee\/wp-content\/uploads\/2022\/05\/aa_0020.jpg\" \/>\n\t<meta property=\"og:image:width\" content=\"1200\" \/>\n\t<meta property=\"og:image:height\" content=\"718\" \/>\n\t<meta property=\"og:image:type\" content=\"image\/jpeg\" \/>\n<meta name=\"author\" content=\"Eesti Rahva Muuseum\" \/>\n<meta name=\"twitter:card\" content=\"summary_large_image\" \/>\n<meta name=\"twitter:label1\" content=\"Written by\" \/>\n\t<meta name=\"twitter:data1\" content=\"Eesti Rahva Muuseum\" \/>\n\t<meta name=\"twitter:label2\" content=\"Est. reading time\" \/>\n\t<meta name=\"twitter:data2\" content=\"4 minutit\" \/>\n<script type=\"application\/ld+json\" class=\"yoast-schema-graph\">{\"@context\":\"https:\\\/\\\/schema.org\",\"@graph\":[{\"@type\":\"Article\",\"@id\":\"https:\\\/\\\/blog.erm.ee\\\/?p=15709#article\",\"isPartOf\":{\"@id\":\"https:\\\/\\\/blog.erm.ee\\\/?p=15709\"},\"author\":{\"name\":\"Eesti Rahva Muuseum\",\"@id\":\"https:\\\/\\\/blog.erm.ee\\\/#\\\/schema\\\/person\\\/6e98c391cb00a33e7c22a3571e062114\"},\"headline\":\"Numbrip\u00f5nevus \u2013 arutlus andmetest ja m\u00f5\u00f5tmisest\",\"datePublished\":\"2022-05-26T07:10:04+00:00\",\"mainEntityOfPage\":{\"@id\":\"https:\\\/\\\/blog.erm.ee\\\/?p=15709\"},\"wordCount\":817,\"commentCount\":0,\"image\":{\"@id\":\"https:\\\/\\\/blog.erm.ee\\\/?p=15709#primaryimage\"},\"thumbnailUrl\":\"https:\\\/\\\/blog.erm.ee\\\/wp-content\\\/uploads\\\/2022\\\/05\\\/aa_0020.jpg\",\"articleSection\":{\"1\":\"Muuseumim\u00f5tted\",\"2\":\"N\u00e4itus\",\"3\":\"Osalus\",\"4\":\"S\u00fcndmus\",\"5\":\"Teadus\"},\"inLanguage\":\"et\",\"potentialAction\":[{\"@type\":\"CommentAction\",\"name\":\"Comment\",\"target\":[\"https:\\\/\\\/blog.erm.ee\\\/?p=15709#respond\"]}]},{\"@type\":\"WebPage\",\"@id\":\"https:\\\/\\\/blog.erm.ee\\\/?p=15709\",\"url\":\"https:\\\/\\\/blog.erm.ee\\\/?p=15709\",\"name\":\"Numbrip\u00f5nevus \u2013 arutlus andmetest ja m\u00f5\u00f5tmisest - Eesti Rahva Muuseumi ajaveeb\",\"isPartOf\":{\"@id\":\"https:\\\/\\\/blog.erm.ee\\\/#website\"},\"primaryImageOfPage\":{\"@id\":\"https:\\\/\\\/blog.erm.ee\\\/?p=15709#primaryimage\"},\"image\":{\"@id\":\"https:\\\/\\\/blog.erm.ee\\\/?p=15709#primaryimage\"},\"thumbnailUrl\":\"https:\\\/\\\/blog.erm.ee\\\/wp-content\\\/uploads\\\/2022\\\/05\\\/aa_0020.jpg\",\"datePublished\":\"2022-05-26T07:10:04+00:00\",\"author\":{\"@id\":\"https:\\\/\\\/blog.erm.ee\\\/#\\\/schema\\\/person\\\/6e98c391cb00a33e7c22a3571e062114\"},\"breadcrumb\":{\"@id\":\"https:\\\/\\\/blog.erm.ee\\\/?p=15709#breadcrumb\"},\"inLanguage\":\"et\",\"potentialAction\":[{\"@type\":\"ReadAction\",\"target\":[\"https:\\\/\\\/blog.erm.ee\\\/?p=15709\"]}]},{\"@type\":\"ImageObject\",\"inLanguage\":\"et\",\"@id\":\"https:\\\/\\\/blog.erm.ee\\\/?p=15709#primaryimage\",\"url\":\"https:\\\/\\\/blog.erm.ee\\\/wp-content\\\/uploads\\\/2022\\\/05\\\/aa_0020.jpg\",\"contentUrl\":\"https:\\\/\\\/blog.erm.ee\\\/wp-content\\\/uploads\\\/2022\\\/05\\\/aa_0020.jpg\",\"width\":1200,\"height\":718},{\"@type\":\"BreadcrumbList\",\"@id\":\"https:\\\/\\\/blog.erm.ee\\\/?p=15709#breadcrumb\",\"itemListElement\":[{\"@type\":\"ListItem\",\"position\":1,\"name\":\"Home\",\"item\":\"https:\\\/\\\/blog.erm.ee\\\/\"},{\"@type\":\"ListItem\",\"position\":2,\"name\":\"Numbrip\u00f5nevus \u2013 arutlus andmetest ja m\u00f5\u00f5tmisest\"}]},{\"@type\":\"WebSite\",\"@id\":\"https:\\\/\\\/blog.erm.ee\\\/#website\",\"url\":\"https:\\\/\\\/blog.erm.ee\\\/\",\"name\":\"Eesti Rahva Muuseumi ajaveeb\",\"description\":\"\",\"potentialAction\":[{\"@type\":\"SearchAction\",\"target\":{\"@type\":\"EntryPoint\",\"urlTemplate\":\"https:\\\/\\\/blog.erm.ee\\\/?s={search_term_string}\"},\"query-input\":{\"@type\":\"PropertyValueSpecification\",\"valueRequired\":true,\"valueName\":\"search_term_string\"}}],\"inLanguage\":\"et\"},{\"@type\":\"Person\",\"@id\":\"https:\\\/\\\/blog.erm.ee\\\/#\\\/schema\\\/person\\\/6e98c391cb00a33e7c22a3571e062114\",\"name\":\"Eesti Rahva Muuseum\",\"image\":{\"@type\":\"ImageObject\",\"inLanguage\":\"et\",\"@id\":\"https:\\\/\\\/secure.gravatar.com\\\/avatar\\\/cb6d9ad5fb49f3f7315028ce5fe60641075f2cb52b8a058ff5a985fa2d8c1da0?s=96&d=mm&r=g\",\"url\":\"https:\\\/\\\/secure.gravatar.com\\\/avatar\\\/cb6d9ad5fb49f3f7315028ce5fe60641075f2cb52b8a058ff5a985fa2d8c1da0?s=96&d=mm&r=g\",\"contentUrl\":\"https:\\\/\\\/secure.gravatar.com\\\/avatar\\\/cb6d9ad5fb49f3f7315028ce5fe60641075f2cb52b8a058ff5a985fa2d8c1da0?s=96&d=mm&r=g\",\"caption\":\"Eesti Rahva Muuseum\"},\"sameAs\":[\"http:\\\/\\\/www.erm.ee\"],\"url\":\"https:\\\/\\\/blog.erm.ee\\\/?author=1\"}]}<\/script>\n<!-- \/ Yoast SEO plugin. -->","yoast_head_json":{"title":"Numbrip\u00f5nevus \u2013 arutlus andmetest ja m\u00f5\u00f5tmisest - Eesti Rahva Muuseumi ajaveeb","robots":{"index":"index","follow":"follow","max-snippet":"max-snippet:-1","max-image-preview":"max-image-preview:large","max-video-preview":"max-video-preview:-1"},"canonical":"https:\/\/blog.erm.ee\/?p=15709","og_locale":"et_EE","og_type":"article","og_title":"Numbrip\u00f5nevus \u2013 arutlus andmetest ja m\u00f5\u00f5tmisest - Eesti Rahva Muuseumi ajaveeb","og_description":"Pille Pruulmann Vengerfeldt, Malm\u00f6 \u00dclikooli meediaprofessor, n\u00e4ituse &#8220;Numbrip\u00f5nevus. Arutlus andmetest ja m\u00f5\u00f5tmisest&#8221; kuraator. \u201eInimesed on numbriloomad,\u201c v\u00e4idavad Rootsi-Norra majandusprofessorid Michael Dahlen ja Helge Thorbj\u00f8rnsen. See t\u00e4hendab, et me s\u00f5ltume oma valikutes ja otsustes numbritest ning need m\u00f5jutavad meid suisa alateadvuse tasandil. Kas teadsite n\u00e4iteks, et numbritel on sugu? V\u00f5i seda, et numbrid suudavad meid m\u00f5jutada&hellip;","og_url":"https:\/\/blog.erm.ee\/?p=15709","og_site_name":"Eesti Rahva Muuseumi ajaveeb","article_published_time":"2022-05-26T07:10:04+00:00","og_image":[{"width":1200,"height":718,"url":"https:\/\/blog.erm.ee\/wp-content\/uploads\/2022\/05\/aa_0020.jpg","type":"image\/jpeg"}],"author":"Eesti Rahva Muuseum","twitter_card":"summary_large_image","twitter_misc":{"Written by":"Eesti Rahva Muuseum","Est. reading time":"4 minutit"},"schema":{"@context":"https:\/\/schema.org","@graph":[{"@type":"Article","@id":"https:\/\/blog.erm.ee\/?p=15709#article","isPartOf":{"@id":"https:\/\/blog.erm.ee\/?p=15709"},"author":{"name":"Eesti Rahva Muuseum","@id":"https:\/\/blog.erm.ee\/#\/schema\/person\/6e98c391cb00a33e7c22a3571e062114"},"headline":"Numbrip\u00f5nevus \u2013 arutlus andmetest ja m\u00f5\u00f5tmisest","datePublished":"2022-05-26T07:10:04+00:00","mainEntityOfPage":{"@id":"https:\/\/blog.erm.ee\/?p=15709"},"wordCount":817,"commentCount":0,"image":{"@id":"https:\/\/blog.erm.ee\/?p=15709#primaryimage"},"thumbnailUrl":"https:\/\/blog.erm.ee\/wp-content\/uploads\/2022\/05\/aa_0020.jpg","articleSection":{"1":"Muuseumim\u00f5tted","2":"N\u00e4itus","3":"Osalus","4":"S\u00fcndmus","5":"Teadus"},"inLanguage":"et","potentialAction":[{"@type":"CommentAction","name":"Comment","target":["https:\/\/blog.erm.ee\/?p=15709#respond"]}]},{"@type":"WebPage","@id":"https:\/\/blog.erm.ee\/?p=15709","url":"https:\/\/blog.erm.ee\/?p=15709","name":"Numbrip\u00f5nevus \u2013 arutlus andmetest ja m\u00f5\u00f5tmisest - Eesti Rahva Muuseumi ajaveeb","isPartOf":{"@id":"https:\/\/blog.erm.ee\/#website"},"primaryImageOfPage":{"@id":"https:\/\/blog.erm.ee\/?p=15709#primaryimage"},"image":{"@id":"https:\/\/blog.erm.ee\/?p=15709#primaryimage"},"thumbnailUrl":"https:\/\/blog.erm.ee\/wp-content\/uploads\/2022\/05\/aa_0020.jpg","datePublished":"2022-05-26T07:10:04+00:00","author":{"@id":"https:\/\/blog.erm.ee\/#\/schema\/person\/6e98c391cb00a33e7c22a3571e062114"},"breadcrumb":{"@id":"https:\/\/blog.erm.ee\/?p=15709#breadcrumb"},"inLanguage":"et","potentialAction":[{"@type":"ReadAction","target":["https:\/\/blog.erm.ee\/?p=15709"]}]},{"@type":"ImageObject","inLanguage":"et","@id":"https:\/\/blog.erm.ee\/?p=15709#primaryimage","url":"https:\/\/blog.erm.ee\/wp-content\/uploads\/2022\/05\/aa_0020.jpg","contentUrl":"https:\/\/blog.erm.ee\/wp-content\/uploads\/2022\/05\/aa_0020.jpg","width":1200,"height":718},{"@type":"BreadcrumbList","@id":"https:\/\/blog.erm.ee\/?p=15709#breadcrumb","itemListElement":[{"@type":"ListItem","position":1,"name":"Home","item":"https:\/\/blog.erm.ee\/"},{"@type":"ListItem","position":2,"name":"Numbrip\u00f5nevus \u2013 arutlus andmetest ja m\u00f5\u00f5tmisest"}]},{"@type":"WebSite","@id":"https:\/\/blog.erm.ee\/#website","url":"https:\/\/blog.erm.ee\/","name":"Eesti Rahva Muuseumi ajaveeb","description":"","potentialAction":[{"@type":"SearchAction","target":{"@type":"EntryPoint","urlTemplate":"https:\/\/blog.erm.ee\/?s={search_term_string}"},"query-input":{"@type":"PropertyValueSpecification","valueRequired":true,"valueName":"search_term_string"}}],"inLanguage":"et"},{"@type":"Person","@id":"https:\/\/blog.erm.ee\/#\/schema\/person\/6e98c391cb00a33e7c22a3571e062114","name":"Eesti Rahva Muuseum","image":{"@type":"ImageObject","inLanguage":"et","@id":"https:\/\/secure.gravatar.com\/avatar\/cb6d9ad5fb49f3f7315028ce5fe60641075f2cb52b8a058ff5a985fa2d8c1da0?s=96&d=mm&r=g","url":"https:\/\/secure.gravatar.com\/avatar\/cb6d9ad5fb49f3f7315028ce5fe60641075f2cb52b8a058ff5a985fa2d8c1da0?s=96&d=mm&r=g","contentUrl":"https:\/\/secure.gravatar.com\/avatar\/cb6d9ad5fb49f3f7315028ce5fe60641075f2cb52b8a058ff5a985fa2d8c1da0?s=96&d=mm&r=g","caption":"Eesti Rahva Muuseum"},"sameAs":["http:\/\/www.erm.ee"],"url":"https:\/\/blog.erm.ee\/?author=1"}]}},"jetpack_featured_media_url":"https:\/\/blog.erm.ee\/wp-content\/uploads\/2022\/05\/aa_0020.jpg","jetpack_shortlink":"https:\/\/wp.me\/p2l9Zd-45n","jetpack_sharing_enabled":true,"jetpack_likes_enabled":true,"_links":{"self":[{"href":"https:\/\/blog.erm.ee\/index.php?rest_route=\/wp\/v2\/posts\/15709","targetHints":{"allow":["GET"]}}],"collection":[{"href":"https:\/\/blog.erm.ee\/index.php?rest_route=\/wp\/v2\/posts"}],"about":[{"href":"https:\/\/blog.erm.ee\/index.php?rest_route=\/wp\/v2\/types\/post"}],"author":[{"embeddable":true,"href":"https:\/\/blog.erm.ee\/index.php?rest_route=\/wp\/v2\/users\/1"}],"replies":[{"embeddable":true,"href":"https:\/\/blog.erm.ee\/index.php?rest_route=%2Fwp%2Fv2%2Fcomments&post=15709"}],"version-history":[{"count":8,"href":"https:\/\/blog.erm.ee\/index.php?rest_route=\/wp\/v2\/posts\/15709\/revisions"}],"predecessor-version":[{"id":15712,"href":"https:\/\/blog.erm.ee\/index.php?rest_route=\/wp\/v2\/posts\/15709\/revisions\/15712"}],"wp:featuredmedia":[{"embeddable":true,"href":"https:\/\/blog.erm.ee\/index.php?rest_route=\/wp\/v2\/media\/15715"}],"wp:attachment":[{"href":"https:\/\/blog.erm.ee\/index.php?rest_route=%2Fwp%2Fv2%2Fmedia&parent=15709"}],"wp:term":[{"taxonomy":"category","embeddable":true,"href":"https:\/\/blog.erm.ee\/index.php?rest_route=%2Fwp%2Fv2%2Fcategories&post=15709"},{"taxonomy":"post_tag","embeddable":true,"href":"https:\/\/blog.erm.ee\/index.php?rest_route=%2Fwp%2Fv2%2Ftags&post=15709"}],"curies":[{"name":"wp","href":"https:\/\/api.w.org\/{rel}","templated":true}]}}