{"id":15688,"date":"2022-05-12T10:00:15","date_gmt":"2022-05-12T07:00:15","guid":{"rendered":"https:\/\/blog.erm.ee\/?p=15688"},"modified":"2022-05-11T15:34:23","modified_gmt":"2022-05-11T12:34:23","slug":"parandamine-ja-taaskasutus-loomingulisus-tarbimiskultuuris","status":"publish","type":"post","link":"https:\/\/blog.erm.ee\/?p=15688","title":{"rendered":"Parandamine ja taaskasutus \u2013 loomingulisus tarbimiskultuuris"},"content":{"rendered":"<div class=\"fcbkbttn_buttons_block\" id=\"fcbkbttn_left\"><div class=\"fcbkbttn_like \"><fb:like href=\"https:\/\/blog.erm.ee\/?p=15688\" action=\"like\" colorscheme=\"light\" layout=\"standard\"  width=\"225px\" size=\"small\"><\/fb:like><\/div><div class=\"fb-share-button  \" data-href=\"https:\/\/blog.erm.ee\/?p=15688\" data-type=\"button\" data-size=\"small\"><\/div><\/div><p style=\"text-align: justify;\">Tenno Teidearu, ERMi teadur.<\/p>\n<p style=\"text-align: justify;\">Tarbimisest m\u00f5eldes v\u00f5i r\u00e4\u00e4kides peetakse sageli silmas uute asjade ostmist v\u00f5i muul moel omandamist ja kasutamist. Tarbimiskultuur on aga m\u00e4rksa laiem m\u00f5iste, mis h\u00f5lmab ka tarbimisega seotud v\u00e4\u00e4rtushoiakuid, valikuid, praktikat ning neist tulenevaid sotsiaalseid ja kultuurilisi v\u00e4ljendusvorme (Lury 2011). Tegelikult v\u00f5iksime m\u00f5elda asjade tarbimisest ja kasutamisest samuti laiemalt. Lisaks k\u00f5igele muule kaasneb tarbimisega paratamatult asjade f\u00fc\u00fcsiline kulumine ja katkiminek. Asjade lagunemine aga ei pruugi siiski olla nende materiaalse ja sotsiaalse elu l\u00f5pp.<\/p>\n<p style=\"text-align: justify;\">Kulumine, lagunemine, katkiminek on osa materiaalsest kultuurist. M\u00f5ned antropoloogid on asjade kaduvust teoreetiliselt k\u00e4sitlenud materiaalse eba\u00f5nnestumisena (ingl <em>material failure<\/em>), mis t\u00e4hendab, et asjad ei pruugi alati kaasa t\u00f6\u00f6tada\u00a0 inimese kavatsustele, eesm\u00e4rkidele ja soovidele (Carrol, Jeevandrampillai, Parkhhust 2017). N\u00e4iteks tarbeeseme v\u00f5i tehnikaseadme katkiminek on tihti ettearvamatu ja juhtub m\u00f5nikord just siis, kui seda on h\u00e4dasti tarvis. Lagunemine ja katkiminek loob omakorda vajaduse ja v\u00f5imaluse loominguliseks l\u00e4henemiseks asjadele. Seega v\u00f5iks kaduvust m\u00f5ista tarbimise osana, mis paneb kaupa vaatama uue, loomingulisema pilguga.<\/p>\n<p style=\"text-align: justify;\">Tarbimisel ei pea olema konkreetset algust ja l\u00f5ppu. N\u00e4iteks Alari (s 1950) jaoks, kellele meeldib kodus asju ise parandada ning materjale taaskasutada, ei l\u00f5pe hoolimata kaduvusest asjade elu niisama lihtsalt \u00fchel hetkel \u00e4ra.<\/p>\n<p style=\"text-align: justify;\"><em>Asja h\u00e4vinemine, k\u00f5dunemine v\u00f5i ajas kulumine, purunemine ei t\u00e4henda vist veel seda, et see asi oleks vana, asi on lihtsalt tehtud kaua aega tagasi. N\u00e4en seda asja nii, et bioloogilised olendid vananevad, asjad mitte, need kanduvad ajas edasi.<\/em> (Alari)<\/p>\n<div id=\"attachment_15691\" style=\"width: 910px\" class=\"wp-caption aligncenter\"><a href=\"https:\/\/blog.erm.ee\/wp-content\/uploads\/2022\/05\/Alari-sormikud_I.jpg\"><img loading=\"lazy\" decoding=\"async\" aria-describedby=\"caption-attachment-15691\" data-attachment-id=\"15691\" data-permalink=\"https:\/\/blog.erm.ee\/?attachment_id=15691#main\" data-orig-file=\"https:\/\/blog.erm.ee\/wp-content\/uploads\/2022\/05\/Alari-sormikud_I.jpg\" data-orig-size=\"900,1200\" data-comments-opened=\"1\" data-image-meta=\"{&quot;aperture&quot;:&quot;0&quot;,&quot;credit&quot;:&quot;&quot;,&quot;camera&quot;:&quot;&quot;,&quot;caption&quot;:&quot;&quot;,&quot;created_timestamp&quot;:&quot;1649082383&quot;,&quot;copyright&quot;:&quot;&quot;,&quot;focal_length&quot;:&quot;0&quot;,&quot;iso&quot;:&quot;0&quot;,&quot;shutter_speed&quot;:&quot;0&quot;,&quot;title&quot;:&quot;&quot;,&quot;orientation&quot;:&quot;1&quot;}\" data-image-title=\"Alari s\u00f5rmikud_I\" data-image-description=\"\" data-image-caption=\"\" data-large-file=\"https:\/\/blog.erm.ee\/wp-content\/uploads\/2022\/05\/Alari-sormikud_I-768x1024.jpg\" class=\"wp-image-15691 size-full\" src=\"https:\/\/blog.erm.ee\/wp-content\/uploads\/2022\/05\/Alari-sormikud_I.jpg\" alt=\"\" width=\"900\" height=\"1200\" srcset=\"https:\/\/blog.erm.ee\/wp-content\/uploads\/2022\/05\/Alari-sormikud_I.jpg 900w, https:\/\/blog.erm.ee\/wp-content\/uploads\/2022\/05\/Alari-sormikud_I-225x300.jpg 225w, https:\/\/blog.erm.ee\/wp-content\/uploads\/2022\/05\/Alari-sormikud_I-768x1024.jpg 768w, https:\/\/blog.erm.ee\/wp-content\/uploads\/2022\/05\/Alari-sormikud_I-195x260.jpg 195w\" sizes=\"auto, (max-width: 900px) 100vw, 900px\" \/><\/a><p id=\"caption-attachment-15691\" class=\"wp-caption-text\">Alari umbes 40 aastat vanad s\u00f5rmikud, mis kestavad ajas. Foto: Alari<\/p><\/div>\n<p style=\"text-align: justify;\">Parandamine on reaktsioon asjade kaduvusele, milles v\u00e4ljendub inimeste leidlikkus. Koduses asjade parandamises ja taaskasutuses saab m\u00f5nikord \u00fchest asjast teine, vanast asjast v\u00f5i materjalist uus asi. Kui eseme algset vormi pole v\u00f5imalik v\u00f5i otstarbekas taastada, siis uue elu andmine n\u00f5uab loomingulist ja improvisatsioonilist l\u00e4henemist. N\u00e4iteks Ilze (s 1982) tegi koos abikaasaga L\u00e4tist s\u00f5prade maja juurest leitud vanast katkisest raadiost baarikapi.<\/p>\n<p style=\"text-align: justify;\"><em>\u00dcksp\u00e4ev vaatasime aknast v\u00e4lja, et oo, selline ilus Sakta raadio lihtsalt vedeleb pr\u00fcgihunnikus. Meil m\u00f5lemal oli kohe selline tunne, et peab p\u00e4\u00e4stma \u2013 isegi kui see ei t\u00f6\u00f6ta raadiona, kindlasti saab seda kuidagimoodi kasutada. [\u2026] Me proovisime ta t\u00f6\u00f6le panna. Algne m\u00f5te oli selline, et kui see vin\u00fc\u00fclim\u00e4ngija osa oleks selline, mis t\u00f6\u00f6tab, siis me vist oleksime seda kasutanud originaaleesm\u00e4rgiga. Aga tuli v\u00e4lja, et ta on katki l\u00e4inud. Siis me koristasime sisu \u00e4ra ja tekkis baar. [\u2026] See oli v\u00e4ga lihtne variant, kuidas peita alkoholi laste eest \u00e4ra, kuna nad olid v\u00e4ikesed, aga p\u00e4he ei tulnud raadio sisse vaadata. Tundus, et see on tore variant. See m\u00f5te oli ka selline, ma isegi ei m\u00e4leta, et oleks mingid pikad arutelud olnud. M\u00f5te tuli vist sellest, et kui sa teed selle \u00fclemise osa lahti, ta j\u00e4\u00e4b. See on ju t\u00e4pselt nagu baaridel. Vanasti olid need sektsioonid \u2013 sa tegid lahti selle keskmise osa ja seal oli alati mingi alkohol. See s\u00fcsteem kuidagi meenutas seda. See on ju loogiline.<\/em> (Ilze)<\/p>\n<div id=\"attachment_15692\" style=\"width: 1210px\" class=\"wp-caption aligncenter\"><a href=\"https:\/\/blog.erm.ee\/wp-content\/uploads\/2022\/05\/Ilze-raadio-baar-2_DSC03744.jpg\"><img loading=\"lazy\" decoding=\"async\" aria-describedby=\"caption-attachment-15692\" data-attachment-id=\"15692\" data-permalink=\"https:\/\/blog.erm.ee\/?attachment_id=15692#main\" data-orig-file=\"https:\/\/blog.erm.ee\/wp-content\/uploads\/2022\/05\/Ilze-raadio-baar-2_DSC03744.jpg\" data-orig-size=\"1200,800\" data-comments-opened=\"1\" data-image-meta=\"{&quot;aperture&quot;:&quot;3.5&quot;,&quot;credit&quot;:&quot;&quot;,&quot;camera&quot;:&quot;ILCE-6000&quot;,&quot;caption&quot;:&quot;&quot;,&quot;created_timestamp&quot;:&quot;1649433578&quot;,&quot;copyright&quot;:&quot;&quot;,&quot;focal_length&quot;:&quot;16&quot;,&quot;iso&quot;:&quot;3200&quot;,&quot;shutter_speed&quot;:&quot;0.016666666666667&quot;,&quot;title&quot;:&quot;&quot;,&quot;orientation&quot;:&quot;1&quot;}\" data-image-title=\"Ilze raadio-baar 2_DSC03744\" data-image-description=\"\" data-image-caption=\"\" data-large-file=\"https:\/\/blog.erm.ee\/wp-content\/uploads\/2022\/05\/Ilze-raadio-baar-2_DSC03744-1024x683.jpg\" class=\"wp-image-15692 size-full\" src=\"https:\/\/blog.erm.ee\/wp-content\/uploads\/2022\/05\/Ilze-raadio-baar-2_DSC03744.jpg\" alt=\"\" width=\"1200\" height=\"800\" srcset=\"https:\/\/blog.erm.ee\/wp-content\/uploads\/2022\/05\/Ilze-raadio-baar-2_DSC03744.jpg 1200w, https:\/\/blog.erm.ee\/wp-content\/uploads\/2022\/05\/Ilze-raadio-baar-2_DSC03744-300x200.jpg 300w, https:\/\/blog.erm.ee\/wp-content\/uploads\/2022\/05\/Ilze-raadio-baar-2_DSC03744-1024x683.jpg 1024w, https:\/\/blog.erm.ee\/wp-content\/uploads\/2022\/05\/Ilze-raadio-baar-2_DSC03744-390x260.jpg 390w, https:\/\/blog.erm.ee\/wp-content\/uploads\/2022\/05\/Ilze-raadio-baar-2_DSC03744-768x512.jpg 768w\" sizes=\"auto, (max-width: 1200px) 100vw, 1200px\" \/><\/a><p id=\"caption-attachment-15692\" class=\"wp-caption-text\">Sakta raadiost tehtud baarikapp. Foto: Tenno Teidearu<\/p><\/div>\n<p style=\"text-align: justify;\">Asjade taaskasutamine ja parandamine on m\u00f5nikord kui brikolaa\u017e, mille k\u00e4igus vana v\u00f5i katki l\u00e4inud ese v\u00f5ib saada k\u00e4ep\u00e4raste materjalide ja vahendite abil uue kuju, funktsiooni v\u00f5i t\u00e4henduse. Samuti v\u00f5ib parandamisel olla oma esteetika, millega saab asja muuta isikup\u00e4raseks v\u00f5i v\u00e4ljendada oma v\u00e4\u00e4rtushoiakuid. N\u00f5ukogude ajal oli selline l\u00e4henemine toonaste majanduslike ja poliitiliste tingimuste t\u00f5ttu tavap\u00e4rane. Asjade ja materjalide taaskasutamine ja parandamine avab loomingulisuse ning pole tegelikult t\u00e4nap\u00e4eva masstarbimise k\u00f5rval p\u00e4riselt kadunud kunst. Tarbimiskultuur on mitmekesisem ja kirjum, kui esmapilgul v\u00f5iks arvata.<\/p>\n<div id=\"attachment_15693\" style=\"width: 810px\" class=\"wp-caption aligncenter\"><a href=\"https:\/\/blog.erm.ee\/wp-content\/uploads\/2022\/05\/Jaana-vest.jpg\"><img loading=\"lazy\" decoding=\"async\" aria-describedby=\"caption-attachment-15693\" data-attachment-id=\"15693\" data-permalink=\"https:\/\/blog.erm.ee\/?attachment_id=15693#main\" data-orig-file=\"https:\/\/blog.erm.ee\/wp-content\/uploads\/2022\/05\/Jaana-vest.jpg\" data-orig-size=\"800,1200\" data-comments-opened=\"1\" data-image-meta=\"{&quot;aperture&quot;:&quot;4&quot;,&quot;credit&quot;:&quot;&quot;,&quot;camera&quot;:&quot;ILCE-6000&quot;,&quot;caption&quot;:&quot;&quot;,&quot;created_timestamp&quot;:&quot;1651674901&quot;,&quot;copyright&quot;:&quot;&quot;,&quot;focal_length&quot;:&quot;16&quot;,&quot;iso&quot;:&quot;320&quot;,&quot;shutter_speed&quot;:&quot;0.016666666666667&quot;,&quot;title&quot;:&quot;&quot;,&quot;orientation&quot;:&quot;1&quot;}\" data-image-title=\"Jaana vest\" data-image-description=\"\" data-image-caption=\"\" data-large-file=\"https:\/\/blog.erm.ee\/wp-content\/uploads\/2022\/05\/Jaana-vest-683x1024.jpg\" class=\"wp-image-15693 size-full\" src=\"https:\/\/blog.erm.ee\/wp-content\/uploads\/2022\/05\/Jaana-vest.jpg\" alt=\"\" width=\"800\" height=\"1200\" srcset=\"https:\/\/blog.erm.ee\/wp-content\/uploads\/2022\/05\/Jaana-vest.jpg 800w, https:\/\/blog.erm.ee\/wp-content\/uploads\/2022\/05\/Jaana-vest-200x300.jpg 200w, https:\/\/blog.erm.ee\/wp-content\/uploads\/2022\/05\/Jaana-vest-683x1024.jpg 683w, https:\/\/blog.erm.ee\/wp-content\/uploads\/2022\/05\/Jaana-vest-173x260.jpg 173w, https:\/\/blog.erm.ee\/wp-content\/uploads\/2022\/05\/Jaana-vest-768x1152.jpg 768w\" sizes=\"auto, (max-width: 800px) 100vw, 800px\" \/><\/a><p id=\"caption-attachment-15693\" class=\"wp-caption-text\">Jaana (s 1988) ehisparanduse p\u00f5him\u00f5ttel parandatud vest. Foto: Tenno Teidearu<\/p><\/div>\n<p style=\"text-align: justify;\"><strong>Eesti Rahva Muuseum kogub lugusid, fotosid ja esemeid, mis r\u00e4\u00e4givad ja n\u00e4itavad, mida inimesed teevad vanade, n-\u00f6 kasutute ja katkiste asjadega ning pr\u00fcgiga. Taaskasutus, parandamine, keskkonnahoid ja j\u00e4tkusuutlik areng on aina olulisemad teemad, millega me k\u00f5ik otseselt v\u00f5i kaudselt kokku puutume. Kas viskame vana ja katkise asja \u00e4ra v\u00f5i anname sellele uue elu? Millal saab asjast pr\u00fcgi ja mis me pr\u00fcgiga teeme?<\/strong><\/p>\n<p style=\"text-align: justify;\"><strong>K\u00fcsimuslehe \u201eAsjad, taaskasutus ja pr\u00fcgi\u201c info on lehel <\/strong><a href=\"https:\/\/www.erm.ee\/et\/asjad-taaskasutus-prugi\"><strong>https:\/\/www.erm.ee\/et\/asjad-taaskasutus-prugi<\/strong><\/a><strong>.<\/strong><\/p>\n<p style=\"text-align: justify;\"><strong>Jagage meiega oma kogemusi ja lugege teiste inimeste lugusid portaalis\u00a0 <\/strong><a href=\"https:\/\/rahvalood.ee\/lood\/asjad-taaskasutus-ja-prugi\/\"><strong>https:\/\/rahvalood.ee\/lood\/asjad-taaskasutus-ja-prugi\/<\/strong><\/a><strong>.<\/strong><\/p>\n<p style=\"text-align: justify;\">Kirjandus:<\/p>\n<p style=\"text-align: justify;\">Timothy Carrol, David Jeevandrampillai, Aaron Parkhhust, Introduction: Towards a General Theory of Failure. Kogumikus: The Material Culture of Failure: When Things Do Wrong. Toim Timothy Carroll, David Jeevandrampillai, Aaron Parkhurst ja Julie Shackelford. Bloomsbury, London 2017, lk 1\u201320.<\/p>\n<p style=\"text-align: justify;\">Celia Lury, Consumer Culture. 2nd edition. Polity Press, Cambridge, Malden 2011.<\/p>\n<p style=\"text-align: justify;\">\n<div class=\"fcbkbttn_buttons_block\" id=\"fcbkbttn_left\"><div class=\"fcbkbttn_like \"><fb:like href=\"https:\/\/blog.erm.ee\/?p=15688\" action=\"like\" colorscheme=\"light\" layout=\"standard\"  width=\"225px\" size=\"small\"><\/fb:like><\/div><div class=\"fb-share-button  \" data-href=\"https:\/\/blog.erm.ee\/?p=15688\" data-type=\"button\" data-size=\"small\"><\/div><\/div>","protected":false},"excerpt":{"rendered":"<p>Tenno Teidearu, ERMi teadur. Tarbimisest m\u00f5eldes v\u00f5i r\u00e4\u00e4kides peetakse sageli silmas uute asjade ostmist v\u00f5i muul moel omandamist ja kasutamist. Tarbimiskultuur on aga m\u00e4rksa laiem m\u00f5iste, mis h\u00f5lmab ka tarbimisega seotud v\u00e4\u00e4rtushoiakuid, valikuid, praktikat ning neist tulenevaid sotsiaalseid ja kultuurilisi v\u00e4ljendusvorme (Lury 2011). Tegelikult v\u00f5iksime m\u00f5elda asjade tarbimisest ja kasutamisest samuti laiemalt. Lisaks k\u00f5igele muule&hellip;<\/p>\n","protected":false},"author":1,"featured_media":15691,"comment_status":"open","ping_status":"open","sticky":false,"template":"","format":"standard","meta":{"_monsterinsights_skip_tracking":false,"_monsterinsights_sitenote_active":false,"_monsterinsights_sitenote_note":"","_monsterinsights_sitenote_category":0,"jetpack_post_was_ever_published":false,"_jetpack_newsletter_access":"","_jetpack_dont_email_post_to_subs":false,"_jetpack_newsletter_tier_id":0,"_jetpack_memberships_contains_paywalled_content":false,"_jetpack_memberships_contains_paid_content":false,"footnotes":""},"categories":[39,20,10],"tags":[],"class_list":["post-15688","post","type-post","status-publish","format-standard","has-post-thumbnail","hentry","category-ajalooga-asjad","category-muuseumimotted","category-teadus"],"yoast_head":"<!-- This site is optimized with the Yoast SEO plugin v27.5 - https:\/\/yoast.com\/product\/yoast-seo-wordpress\/ -->\n<title>Parandamine ja taaskasutus \u2013 loomingulisus tarbimiskultuuris - Eesti Rahva Muuseumi ajaveeb<\/title>\n<meta name=\"robots\" content=\"index, follow, max-snippet:-1, max-image-preview:large, max-video-preview:-1\" \/>\n<link rel=\"canonical\" href=\"https:\/\/blog.erm.ee\/?p=15688\" \/>\n<meta property=\"og:locale\" content=\"et_EE\" \/>\n<meta property=\"og:type\" content=\"article\" \/>\n<meta property=\"og:title\" content=\"Parandamine ja taaskasutus \u2013 loomingulisus tarbimiskultuuris - Eesti Rahva Muuseumi ajaveeb\" \/>\n<meta property=\"og:description\" content=\"Tenno Teidearu, ERMi teadur. Tarbimisest m\u00f5eldes v\u00f5i r\u00e4\u00e4kides peetakse sageli silmas uute asjade ostmist v\u00f5i muul moel omandamist ja kasutamist. Tarbimiskultuur on aga m\u00e4rksa laiem m\u00f5iste, mis h\u00f5lmab ka tarbimisega seotud v\u00e4\u00e4rtushoiakuid, valikuid, praktikat ning neist tulenevaid sotsiaalseid ja kultuurilisi v\u00e4ljendusvorme (Lury 2011). Tegelikult v\u00f5iksime m\u00f5elda asjade tarbimisest ja kasutamisest samuti laiemalt. Lisaks k\u00f5igele muule&hellip;\" \/>\n<meta property=\"og:url\" content=\"https:\/\/blog.erm.ee\/?p=15688\" \/>\n<meta property=\"og:site_name\" content=\"Eesti Rahva Muuseumi ajaveeb\" \/>\n<meta property=\"article:published_time\" content=\"2022-05-12T07:00:15+00:00\" \/>\n<meta property=\"og:image\" content=\"https:\/\/blog.erm.ee\/wp-content\/uploads\/2022\/05\/Alari-sormikud_I.jpg\" \/>\n\t<meta property=\"og:image:width\" content=\"900\" \/>\n\t<meta property=\"og:image:height\" content=\"1200\" \/>\n\t<meta property=\"og:image:type\" content=\"image\/jpeg\" \/>\n<meta name=\"author\" content=\"Eesti Rahva Muuseum\" \/>\n<meta name=\"twitter:card\" content=\"summary_large_image\" \/>\n<meta name=\"twitter:label1\" content=\"Written by\" \/>\n\t<meta name=\"twitter:data1\" content=\"Eesti Rahva Muuseum\" \/>\n\t<meta name=\"twitter:label2\" content=\"Est. reading time\" \/>\n\t<meta name=\"twitter:data2\" content=\"4 minutit\" \/>\n<script type=\"application\/ld+json\" class=\"yoast-schema-graph\">{\"@context\":\"https:\\\/\\\/schema.org\",\"@graph\":[{\"@type\":\"Article\",\"@id\":\"https:\\\/\\\/blog.erm.ee\\\/?p=15688#article\",\"isPartOf\":{\"@id\":\"https:\\\/\\\/blog.erm.ee\\\/?p=15688\"},\"author\":{\"name\":\"Eesti Rahva Muuseum\",\"@id\":\"https:\\\/\\\/blog.erm.ee\\\/#\\\/schema\\\/person\\\/6e98c391cb00a33e7c22a3571e062114\"},\"headline\":\"Parandamine ja taaskasutus \u2013 loomingulisus tarbimiskultuuris\",\"datePublished\":\"2022-05-12T07:00:15+00:00\",\"mainEntityOfPage\":{\"@id\":\"https:\\\/\\\/blog.erm.ee\\\/?p=15688\"},\"wordCount\":821,\"commentCount\":0,\"image\":{\"@id\":\"https:\\\/\\\/blog.erm.ee\\\/?p=15688#primaryimage\"},\"thumbnailUrl\":\"https:\\\/\\\/blog.erm.ee\\\/wp-content\\\/uploads\\\/2022\\\/05\\\/Alari-sormikud_I.jpg\",\"articleSection\":[\"Ajalooga asjad\",\"Muuseumim\u00f5tted\",\"Teadus\"],\"inLanguage\":\"et\",\"potentialAction\":[{\"@type\":\"CommentAction\",\"name\":\"Comment\",\"target\":[\"https:\\\/\\\/blog.erm.ee\\\/?p=15688#respond\"]}]},{\"@type\":\"WebPage\",\"@id\":\"https:\\\/\\\/blog.erm.ee\\\/?p=15688\",\"url\":\"https:\\\/\\\/blog.erm.ee\\\/?p=15688\",\"name\":\"Parandamine ja taaskasutus \u2013 loomingulisus tarbimiskultuuris - Eesti Rahva Muuseumi ajaveeb\",\"isPartOf\":{\"@id\":\"https:\\\/\\\/blog.erm.ee\\\/#website\"},\"primaryImageOfPage\":{\"@id\":\"https:\\\/\\\/blog.erm.ee\\\/?p=15688#primaryimage\"},\"image\":{\"@id\":\"https:\\\/\\\/blog.erm.ee\\\/?p=15688#primaryimage\"},\"thumbnailUrl\":\"https:\\\/\\\/blog.erm.ee\\\/wp-content\\\/uploads\\\/2022\\\/05\\\/Alari-sormikud_I.jpg\",\"datePublished\":\"2022-05-12T07:00:15+00:00\",\"author\":{\"@id\":\"https:\\\/\\\/blog.erm.ee\\\/#\\\/schema\\\/person\\\/6e98c391cb00a33e7c22a3571e062114\"},\"breadcrumb\":{\"@id\":\"https:\\\/\\\/blog.erm.ee\\\/?p=15688#breadcrumb\"},\"inLanguage\":\"et\",\"potentialAction\":[{\"@type\":\"ReadAction\",\"target\":[\"https:\\\/\\\/blog.erm.ee\\\/?p=15688\"]}]},{\"@type\":\"ImageObject\",\"inLanguage\":\"et\",\"@id\":\"https:\\\/\\\/blog.erm.ee\\\/?p=15688#primaryimage\",\"url\":\"https:\\\/\\\/blog.erm.ee\\\/wp-content\\\/uploads\\\/2022\\\/05\\\/Alari-sormikud_I.jpg\",\"contentUrl\":\"https:\\\/\\\/blog.erm.ee\\\/wp-content\\\/uploads\\\/2022\\\/05\\\/Alari-sormikud_I.jpg\",\"width\":900,\"height\":1200},{\"@type\":\"BreadcrumbList\",\"@id\":\"https:\\\/\\\/blog.erm.ee\\\/?p=15688#breadcrumb\",\"itemListElement\":[{\"@type\":\"ListItem\",\"position\":1,\"name\":\"Home\",\"item\":\"https:\\\/\\\/blog.erm.ee\\\/\"},{\"@type\":\"ListItem\",\"position\":2,\"name\":\"Parandamine ja taaskasutus \u2013 loomingulisus tarbimiskultuuris\"}]},{\"@type\":\"WebSite\",\"@id\":\"https:\\\/\\\/blog.erm.ee\\\/#website\",\"url\":\"https:\\\/\\\/blog.erm.ee\\\/\",\"name\":\"Eesti Rahva Muuseumi ajaveeb\",\"description\":\"\",\"potentialAction\":[{\"@type\":\"SearchAction\",\"target\":{\"@type\":\"EntryPoint\",\"urlTemplate\":\"https:\\\/\\\/blog.erm.ee\\\/?s={search_term_string}\"},\"query-input\":{\"@type\":\"PropertyValueSpecification\",\"valueRequired\":true,\"valueName\":\"search_term_string\"}}],\"inLanguage\":\"et\"},{\"@type\":\"Person\",\"@id\":\"https:\\\/\\\/blog.erm.ee\\\/#\\\/schema\\\/person\\\/6e98c391cb00a33e7c22a3571e062114\",\"name\":\"Eesti Rahva Muuseum\",\"image\":{\"@type\":\"ImageObject\",\"inLanguage\":\"et\",\"@id\":\"https:\\\/\\\/secure.gravatar.com\\\/avatar\\\/cb6d9ad5fb49f3f7315028ce5fe60641075f2cb52b8a058ff5a985fa2d8c1da0?s=96&d=mm&r=g\",\"url\":\"https:\\\/\\\/secure.gravatar.com\\\/avatar\\\/cb6d9ad5fb49f3f7315028ce5fe60641075f2cb52b8a058ff5a985fa2d8c1da0?s=96&d=mm&r=g\",\"contentUrl\":\"https:\\\/\\\/secure.gravatar.com\\\/avatar\\\/cb6d9ad5fb49f3f7315028ce5fe60641075f2cb52b8a058ff5a985fa2d8c1da0?s=96&d=mm&r=g\",\"caption\":\"Eesti Rahva Muuseum\"},\"sameAs\":[\"http:\\\/\\\/www.erm.ee\"],\"url\":\"https:\\\/\\\/blog.erm.ee\\\/?author=1\"}]}<\/script>\n<!-- \/ Yoast SEO plugin. -->","yoast_head_json":{"title":"Parandamine ja taaskasutus \u2013 loomingulisus tarbimiskultuuris - Eesti Rahva Muuseumi ajaveeb","robots":{"index":"index","follow":"follow","max-snippet":"max-snippet:-1","max-image-preview":"max-image-preview:large","max-video-preview":"max-video-preview:-1"},"canonical":"https:\/\/blog.erm.ee\/?p=15688","og_locale":"et_EE","og_type":"article","og_title":"Parandamine ja taaskasutus \u2013 loomingulisus tarbimiskultuuris - Eesti Rahva Muuseumi ajaveeb","og_description":"Tenno Teidearu, ERMi teadur. Tarbimisest m\u00f5eldes v\u00f5i r\u00e4\u00e4kides peetakse sageli silmas uute asjade ostmist v\u00f5i muul moel omandamist ja kasutamist. Tarbimiskultuur on aga m\u00e4rksa laiem m\u00f5iste, mis h\u00f5lmab ka tarbimisega seotud v\u00e4\u00e4rtushoiakuid, valikuid, praktikat ning neist tulenevaid sotsiaalseid ja kultuurilisi v\u00e4ljendusvorme (Lury 2011). Tegelikult v\u00f5iksime m\u00f5elda asjade tarbimisest ja kasutamisest samuti laiemalt. Lisaks k\u00f5igele muule&hellip;","og_url":"https:\/\/blog.erm.ee\/?p=15688","og_site_name":"Eesti Rahva Muuseumi ajaveeb","article_published_time":"2022-05-12T07:00:15+00:00","og_image":[{"width":900,"height":1200,"url":"https:\/\/blog.erm.ee\/wp-content\/uploads\/2022\/05\/Alari-sormikud_I.jpg","type":"image\/jpeg"}],"author":"Eesti Rahva Muuseum","twitter_card":"summary_large_image","twitter_misc":{"Written by":"Eesti Rahva Muuseum","Est. reading time":"4 minutit"},"schema":{"@context":"https:\/\/schema.org","@graph":[{"@type":"Article","@id":"https:\/\/blog.erm.ee\/?p=15688#article","isPartOf":{"@id":"https:\/\/blog.erm.ee\/?p=15688"},"author":{"name":"Eesti Rahva Muuseum","@id":"https:\/\/blog.erm.ee\/#\/schema\/person\/6e98c391cb00a33e7c22a3571e062114"},"headline":"Parandamine ja taaskasutus \u2013 loomingulisus tarbimiskultuuris","datePublished":"2022-05-12T07:00:15+00:00","mainEntityOfPage":{"@id":"https:\/\/blog.erm.ee\/?p=15688"},"wordCount":821,"commentCount":0,"image":{"@id":"https:\/\/blog.erm.ee\/?p=15688#primaryimage"},"thumbnailUrl":"https:\/\/blog.erm.ee\/wp-content\/uploads\/2022\/05\/Alari-sormikud_I.jpg","articleSection":["Ajalooga asjad","Muuseumim\u00f5tted","Teadus"],"inLanguage":"et","potentialAction":[{"@type":"CommentAction","name":"Comment","target":["https:\/\/blog.erm.ee\/?p=15688#respond"]}]},{"@type":"WebPage","@id":"https:\/\/blog.erm.ee\/?p=15688","url":"https:\/\/blog.erm.ee\/?p=15688","name":"Parandamine ja taaskasutus \u2013 loomingulisus tarbimiskultuuris - Eesti Rahva Muuseumi ajaveeb","isPartOf":{"@id":"https:\/\/blog.erm.ee\/#website"},"primaryImageOfPage":{"@id":"https:\/\/blog.erm.ee\/?p=15688#primaryimage"},"image":{"@id":"https:\/\/blog.erm.ee\/?p=15688#primaryimage"},"thumbnailUrl":"https:\/\/blog.erm.ee\/wp-content\/uploads\/2022\/05\/Alari-sormikud_I.jpg","datePublished":"2022-05-12T07:00:15+00:00","author":{"@id":"https:\/\/blog.erm.ee\/#\/schema\/person\/6e98c391cb00a33e7c22a3571e062114"},"breadcrumb":{"@id":"https:\/\/blog.erm.ee\/?p=15688#breadcrumb"},"inLanguage":"et","potentialAction":[{"@type":"ReadAction","target":["https:\/\/blog.erm.ee\/?p=15688"]}]},{"@type":"ImageObject","inLanguage":"et","@id":"https:\/\/blog.erm.ee\/?p=15688#primaryimage","url":"https:\/\/blog.erm.ee\/wp-content\/uploads\/2022\/05\/Alari-sormikud_I.jpg","contentUrl":"https:\/\/blog.erm.ee\/wp-content\/uploads\/2022\/05\/Alari-sormikud_I.jpg","width":900,"height":1200},{"@type":"BreadcrumbList","@id":"https:\/\/blog.erm.ee\/?p=15688#breadcrumb","itemListElement":[{"@type":"ListItem","position":1,"name":"Home","item":"https:\/\/blog.erm.ee\/"},{"@type":"ListItem","position":2,"name":"Parandamine ja taaskasutus \u2013 loomingulisus tarbimiskultuuris"}]},{"@type":"WebSite","@id":"https:\/\/blog.erm.ee\/#website","url":"https:\/\/blog.erm.ee\/","name":"Eesti Rahva Muuseumi ajaveeb","description":"","potentialAction":[{"@type":"SearchAction","target":{"@type":"EntryPoint","urlTemplate":"https:\/\/blog.erm.ee\/?s={search_term_string}"},"query-input":{"@type":"PropertyValueSpecification","valueRequired":true,"valueName":"search_term_string"}}],"inLanguage":"et"},{"@type":"Person","@id":"https:\/\/blog.erm.ee\/#\/schema\/person\/6e98c391cb00a33e7c22a3571e062114","name":"Eesti Rahva Muuseum","image":{"@type":"ImageObject","inLanguage":"et","@id":"https:\/\/secure.gravatar.com\/avatar\/cb6d9ad5fb49f3f7315028ce5fe60641075f2cb52b8a058ff5a985fa2d8c1da0?s=96&d=mm&r=g","url":"https:\/\/secure.gravatar.com\/avatar\/cb6d9ad5fb49f3f7315028ce5fe60641075f2cb52b8a058ff5a985fa2d8c1da0?s=96&d=mm&r=g","contentUrl":"https:\/\/secure.gravatar.com\/avatar\/cb6d9ad5fb49f3f7315028ce5fe60641075f2cb52b8a058ff5a985fa2d8c1da0?s=96&d=mm&r=g","caption":"Eesti Rahva Muuseum"},"sameAs":["http:\/\/www.erm.ee"],"url":"https:\/\/blog.erm.ee\/?author=1"}]}},"jetpack_featured_media_url":"https:\/\/blog.erm.ee\/wp-content\/uploads\/2022\/05\/Alari-sormikud_I.jpg","jetpack_shortlink":"https:\/\/wp.me\/p2l9Zd-452","jetpack_sharing_enabled":true,"jetpack_likes_enabled":true,"_links":{"self":[{"href":"https:\/\/blog.erm.ee\/index.php?rest_route=\/wp\/v2\/posts\/15688","targetHints":{"allow":["GET"]}}],"collection":[{"href":"https:\/\/blog.erm.ee\/index.php?rest_route=\/wp\/v2\/posts"}],"about":[{"href":"https:\/\/blog.erm.ee\/index.php?rest_route=\/wp\/v2\/types\/post"}],"author":[{"embeddable":true,"href":"https:\/\/blog.erm.ee\/index.php?rest_route=\/wp\/v2\/users\/1"}],"replies":[{"embeddable":true,"href":"https:\/\/blog.erm.ee\/index.php?rest_route=%2Fwp%2Fv2%2Fcomments&post=15688"}],"version-history":[{"count":4,"href":"https:\/\/blog.erm.ee\/index.php?rest_route=\/wp\/v2\/posts\/15688\/revisions"}],"predecessor-version":[{"id":15695,"href":"https:\/\/blog.erm.ee\/index.php?rest_route=\/wp\/v2\/posts\/15688\/revisions\/15695"}],"wp:featuredmedia":[{"embeddable":true,"href":"https:\/\/blog.erm.ee\/index.php?rest_route=\/wp\/v2\/media\/15691"}],"wp:attachment":[{"href":"https:\/\/blog.erm.ee\/index.php?rest_route=%2Fwp%2Fv2%2Fmedia&parent=15688"}],"wp:term":[{"taxonomy":"category","embeddable":true,"href":"https:\/\/blog.erm.ee\/index.php?rest_route=%2Fwp%2Fv2%2Fcategories&post=15688"},{"taxonomy":"post_tag","embeddable":true,"href":"https:\/\/blog.erm.ee\/index.php?rest_route=%2Fwp%2Fv2%2Ftags&post=15688"}],"curies":[{"name":"wp","href":"https:\/\/api.w.org\/{rel}","templated":true}]}}