{"id":1555,"date":"2013-03-05T00:03:10","date_gmt":"2013-03-04T22:03:10","guid":{"rendered":"http:\/\/blog.erm.ee\/?p=1555"},"modified":"2014-07-16T13:29:55","modified_gmt":"2014-07-16T11:29:55","slug":"inimesed-muuseumi-umber-kirjasaatjad","status":"publish","type":"post","link":"https:\/\/blog.erm.ee\/?p=1555","title":{"rendered":"Inimesed muuseumi \u00fcmber \u2013 kirjasaatjad"},"content":{"rendered":"<div class=\"fcbkbttn_buttons_block\" id=\"fcbkbttn_left\"><div class=\"fcbkbttn_like \"><fb:like href=\"https:\/\/blog.erm.ee\/?p=1555\" action=\"like\" colorscheme=\"light\" layout=\"standard\"  width=\"225px\" size=\"small\"><\/fb:like><\/div><div class=\"fb-share-button  \" data-href=\"https:\/\/blog.erm.ee\/?p=1555\" data-type=\"button\" data-size=\"small\"><\/div><\/div><p>&nbsp;<\/p>\n<p><em>Andriela R\u00e4\u00e4bis,<\/em><em> Tartu \u00dclikooli arvutilingvistika teadur, ERMi kirjasaatja<\/em><\/p>\n<p><a href=\"https:\/\/blog.erm.ee\/wp-content\/uploads\/2013\/03\/Andriela_suurena.jpg\"><img loading=\"lazy\" decoding=\"async\" data-attachment-id=\"1557\" data-permalink=\"https:\/\/blog.erm.ee\/?attachment_id=1557#main\" data-orig-file=\"https:\/\/blog.erm.ee\/wp-content\/uploads\/2013\/03\/Andriela_suurena.jpg\" data-orig-size=\"600,800\" data-comments-opened=\"1\" data-image-meta=\"{&quot;aperture&quot;:&quot;0&quot;,&quot;credit&quot;:&quot;&quot;,&quot;camera&quot;:&quot;&quot;,&quot;caption&quot;:&quot;&quot;,&quot;created_timestamp&quot;:&quot;1322764475&quot;,&quot;copyright&quot;:&quot;&quot;,&quot;focal_length&quot;:&quot;0&quot;,&quot;iso&quot;:&quot;0&quot;,&quot;shutter_speed&quot;:&quot;0&quot;,&quot;title&quot;:&quot;&quot;}\" data-image-title=\"Andriela_suurena\" data-image-description=\"\" data-image-caption=\"\" data-large-file=\"https:\/\/blog.erm.ee\/wp-content\/uploads\/2013\/03\/Andriela_suurena.jpg\" class=\"size-medium wp-image-1557 alignnone\" src=\"https:\/\/blog.erm.ee\/wp-content\/uploads\/2013\/03\/Andriela_suurena-225x300.jpg\" alt=\"Andriela_suurena\" width=\"225\" height=\"300\" srcset=\"https:\/\/blog.erm.ee\/wp-content\/uploads\/2013\/03\/Andriela_suurena-225x300.jpg 225w, https:\/\/blog.erm.ee\/wp-content\/uploads\/2013\/03\/Andriela_suurena-195x260.jpg 195w, https:\/\/blog.erm.ee\/wp-content\/uploads\/2013\/03\/Andriela_suurena.jpg 600w\" sizes=\"auto, (max-width: 225px) 100vw, 225px\" \/><\/a><\/p>\n<p>Eesti Rahva Muuseumi <a href=\"http:\/\/www.erm.ee\/et\/Osale\/Kaastoo\/kogumistoo-2013\/Voistlused\" target=\"_blank\">teatmematerjali kogumise v\u00f5istlusel<\/a> osalesin esimest korda 1996. aastal, kirjutasin teemal \u201eAsjad minu elus\u201c. V\u00f5istlusest sain teada ajalehest. Olin juba neli aastat lastega kodus olnud ja tundsin vajadust teha midagi muud peale koduperenaise igap\u00e4evaste t\u00f6\u00f6de. J\u00e4rgmisel aastal hakkasin kirjutama kooli teemal, aga see j\u00e4i pooleli, sest l\u00e4ksin t\u00f6\u00f6le tagasi ja muuks enam aega ei j\u00e4\u00e4nud.<\/p>\n<p><a href=\"https:\/\/blog.erm.ee\/wp-content\/uploads\/2013\/03\/asjad_minu_elus_KV811396.jpg\"><img loading=\"lazy\" decoding=\"async\" data-attachment-id=\"1558\" data-permalink=\"https:\/\/blog.erm.ee\/?attachment_id=1558#main\" data-orig-file=\"https:\/\/blog.erm.ee\/wp-content\/uploads\/2013\/03\/asjad_minu_elus_KV811396.jpg\" data-orig-size=\"725,726\" data-comments-opened=\"1\" data-image-meta=\"{&quot;aperture&quot;:&quot;0&quot;,&quot;credit&quot;:&quot;&quot;,&quot;camera&quot;:&quot;&quot;,&quot;caption&quot;:&quot;&quot;,&quot;created_timestamp&quot;:&quot;0&quot;,&quot;copyright&quot;:&quot;&quot;,&quot;focal_length&quot;:&quot;0&quot;,&quot;iso&quot;:&quot;0&quot;,&quot;shutter_speed&quot;:&quot;0&quot;,&quot;title&quot;:&quot;&quot;}\" data-image-title=\"asjad_minu_elus_KV811;396\" data-image-description=\"\" data-image-caption=\"\" data-large-file=\"https:\/\/blog.erm.ee\/wp-content\/uploads\/2013\/03\/asjad_minu_elus_KV811396.jpg\" class=\"alignnone size-full wp-image-1558\" src=\"https:\/\/blog.erm.ee\/wp-content\/uploads\/2013\/03\/asjad_minu_elus_KV811396.jpg\" alt=\"asjad_minu_elus_KV811;396\" width=\"725\" height=\"726\" srcset=\"https:\/\/blog.erm.ee\/wp-content\/uploads\/2013\/03\/asjad_minu_elus_KV811396.jpg 725w, https:\/\/blog.erm.ee\/wp-content\/uploads\/2013\/03\/asjad_minu_elus_KV811396-259x260.jpg 259w, https:\/\/blog.erm.ee\/wp-content\/uploads\/2013\/03\/asjad_minu_elus_KV811396-300x300.jpg 300w, https:\/\/blog.erm.ee\/wp-content\/uploads\/2013\/03\/asjad_minu_elus_KV811396-50x50.jpg 50w\" sizes=\"auto, (max-width: 725px) 100vw, 725px\" \/><\/a><br \/>\n<em>ERM KV 811:396. Vastus k\u00fcsimusele kas ja millised muutused on aja jooksul toimunud tehtavate kingituste osas? Meenutage oma lapsep\u00f5lve, kooliaega jne, tooge n\u00e4iteid asjadest, mida olete ise kinkinud v\u00f5i kingiks saanud erinevatel aastak\u00fcmnetel, erinevateks s\u00fcndmusteks.<br \/>\n<\/em><\/p>\n<p>1990. aastate l\u00f5pus k\u00e4isime lastega h\u00e4sti palju igasugustel ERMi \u00fcritustel: lauluv\u00f5istlustel, mardi- ja kadrip\u00e4eva t\u00e4histamas, j\u00f5uluaegsetel ettev\u00f5tmistel, meisterdasime n\u00f5ian\u00e4itusele n\u00f5idu. Anneli ja Aldo jutud ilmusid raamatus \u201eMinu j\u00f5ulujutt\u201c. Muuseumis sai peetud hulk s\u00fcnnip\u00e4evapidusid, konkurentsitult p\u00f5nevaim m\u00e4ng oli munade veeretamine. Tol ajal ei olnud kuigi palju kohti, kus lastega k\u00e4ia. Eesti Rahva Muuseumi ettev\u00f5tmised on olnud \u00fcdini positiivsed ja neid korraldanud t\u00f6\u00f6tajad t\u00f5eliselt s\u00e4ravad.<\/p>\n<p>Rahvakultuur ja side m\u00f6\u00f6dunud aegadega on minu jaoks kogu aeg olulised olnud. M\u00e4ngisin fl\u00f6\u00f6ti \u00fclikooli rahvakunstiansamblis, selle orkestrist kasvas v\u00e4lja rahva\u00admuusikaansambel \u201eSirgutii\u201c. Meie jaoks on olnud v\u00e4ga loomulik, et lapsed on s\u00fcnnist saadik proovides ja esinemistel kaasas k\u00e4inud. Suured lapsed on t\u00e4iskasvanuks saanud ja ikka ansamblile truuks j\u00e4\u00e4nud, pesamunalgi juba \u00fcksjagu \u00fclesastumisi selja taga.<\/p>\n<p>Sel ajal tuli j\u00e4rsku ka \u00e4ratundmine, et tuleb salvestada vanemate sugulaste lugusid. Varem polnud ma selle peale \u00fcldse m\u00f5elnud. Oma vanaema noorusest tean ainult \u00fcksikuid kilde, vanaisade omast mitte midagi. Nemad k\u00f5ik olid juba l\u00e4inud. J\u00e4rgmise t\u00f5uke andis Anneli koolit\u00f6\u00f6: sugupuu koostamine. \u201eLapsel on koolis vaja\u201c oli tugev argument, mis inimesed r\u00e4\u00e4kima pani, ning salvestusi kogunes palju rohkem kui koolit\u00f6\u00f6ks vaja.<\/p>\n<p>ERMi kogumisv\u00f5istluse juurde sattusin uuesti 2009. aastal. Doktorit\u00f6\u00f6 oli retsenseerimisele suunatud ja \u00e4kitselt oli palju vaba aega tekkinud. Ei osanud enam ilma kirjutamata olla:) Juulis viibisin k\u00fcmmekond p\u00e4eva Melbourne\u2019is konverentsil ja \u00f5htuti kirjutasin. Koju j\u00f5udes j\u00e4i \u00fcle ainult pildid juurde otsida.<\/p>\n<p><a href=\"https:\/\/blog.erm.ee\/wp-content\/uploads\/2013\/03\/noorte_roivastus_KV200927.jpg\"><img loading=\"lazy\" decoding=\"async\" data-attachment-id=\"1565\" data-permalink=\"https:\/\/blog.erm.ee\/?attachment_id=1565#main\" data-orig-file=\"https:\/\/blog.erm.ee\/wp-content\/uploads\/2013\/03\/noorte_roivastus_KV200927.jpg\" data-orig-size=\"1011,187\" data-comments-opened=\"1\" data-image-meta=\"{&quot;aperture&quot;:&quot;0&quot;,&quot;credit&quot;:&quot;&quot;,&quot;camera&quot;:&quot;&quot;,&quot;caption&quot;:&quot;&quot;,&quot;created_timestamp&quot;:&quot;0&quot;,&quot;copyright&quot;:&quot;&quot;,&quot;focal_length&quot;:&quot;0&quot;,&quot;iso&quot;:&quot;0&quot;,&quot;shutter_speed&quot;:&quot;0&quot;,&quot;title&quot;:&quot;&quot;}\" data-image-title=\"noorte_roivastus_KV2009;27\" data-image-description=\"\" data-image-caption=\"\" data-large-file=\"https:\/\/blog.erm.ee\/wp-content\/uploads\/2013\/03\/noorte_roivastus_KV200927.jpg\" class=\"alignnone size-full wp-image-1565\" src=\"https:\/\/blog.erm.ee\/wp-content\/uploads\/2013\/03\/noorte_roivastus_KV200927.jpg\" alt=\"noorte_roivastus_KV2009;27\" width=\"687\" height=\"140\" \/><\/a><br \/>\n<em>ERM KV 2009:27. Katke vastusest k\u00fcsimuslehele &#8220;<a href=\"http:\/\/www.erm.ee\/et\/Osale\/Kaastoo\/Kysimuslehed\/Noorte-roivastus-noukogude-ajal\" target=\"_blank\">Noorte r\u00f5ivastus n\u00f5ukogude ajal<\/a>&#8220;.<br \/>\n<\/em><\/p>\n<p>J\u00e4rgmine aasta j\u00e4i vahele, sest tundus, et neil teemadel pole midagi kirjutada. 2011. aasta v\u00f5istlusel osalemises polnud aga mingit kahtlust: lapsed on minu jaoks h\u00e4sti oluline ja emotsionaalne teema. Suurem osa sellest t\u00f6\u00f6st valmis Manchesteris \u2013 samuti konverentsi\u00adj\u00e4rgsetel \u00f5htutel. Selle t\u00f6\u00f6 l\u00f5plik viimistlemine v\u00f5ttis palju rohkem aega, sest fotod tuli valida tuhandete hulgast.<\/p>\n<p><a href=\"https:\/\/blog.erm.ee\/wp-content\/uploads\/2013\/03\/muutuv_lapsepolv_KV2011241.jpg\"><img loading=\"lazy\" decoding=\"async\" data-attachment-id=\"1568\" data-permalink=\"https:\/\/blog.erm.ee\/?attachment_id=1568#main\" data-orig-file=\"https:\/\/blog.erm.ee\/wp-content\/uploads\/2013\/03\/muutuv_lapsepolv_KV2011241.jpg\" data-orig-size=\"1036,251\" data-comments-opened=\"1\" data-image-meta=\"{&quot;aperture&quot;:&quot;0&quot;,&quot;credit&quot;:&quot;&quot;,&quot;camera&quot;:&quot;&quot;,&quot;caption&quot;:&quot;&quot;,&quot;created_timestamp&quot;:&quot;0&quot;,&quot;copyright&quot;:&quot;&quot;,&quot;focal_length&quot;:&quot;0&quot;,&quot;iso&quot;:&quot;0&quot;,&quot;shutter_speed&quot;:&quot;0&quot;,&quot;title&quot;:&quot;&quot;}\" data-image-title=\"muutuv_lapsepolv_KV2011;241\" data-image-description=\"\" data-image-caption=\"\" data-large-file=\"https:\/\/blog.erm.ee\/wp-content\/uploads\/2013\/03\/muutuv_lapsepolv_KV2011241-1024x248.jpg\" class=\"alignnone size-full wp-image-1568\" src=\"https:\/\/blog.erm.ee\/wp-content\/uploads\/2013\/03\/muutuv_lapsepolv_KV2011241.jpg\" alt=\"muutuv_lapsepolv_KV2011;241\" width=\"1036\" height=\"251\" srcset=\"https:\/\/blog.erm.ee\/wp-content\/uploads\/2013\/03\/muutuv_lapsepolv_KV2011241.jpg 1036w, https:\/\/blog.erm.ee\/wp-content\/uploads\/2013\/03\/muutuv_lapsepolv_KV2011241-460x111.jpg 460w, https:\/\/blog.erm.ee\/wp-content\/uploads\/2013\/03\/muutuv_lapsepolv_KV2011241-300x72.jpg 300w, https:\/\/blog.erm.ee\/wp-content\/uploads\/2013\/03\/muutuv_lapsepolv_KV2011241-1024x248.jpg 1024w\" sizes=\"auto, (max-width: 1036px) 100vw, 1036px\" \/><\/a><br \/>\n<em>ERM KV 2011:241. Katke vastusest k\u00fcsimuslehele &#8220;<a href=\"http:\/\/www.erm.ee\/et\/Osale\/Kaastoo\/Kysimuslehed\/Muutuv-lapsepolv-Raagime-lastest\" target=\"_blank\">Muutuv lapsep\u00f5lv. R\u00e4\u00e4gime lastest<\/a>&#8220;.<\/em><\/p>\n<p><a href=\"https:\/\/blog.erm.ee\/wp-content\/uploads\/2013\/03\/andriela_vaiksena_1973.jpg\"><img loading=\"lazy\" decoding=\"async\" data-attachment-id=\"1571\" data-permalink=\"https:\/\/blog.erm.ee\/?attachment_id=1571#main\" data-orig-file=\"https:\/\/blog.erm.ee\/wp-content\/uploads\/2013\/03\/andriela_vaiksena_1973.jpg\" data-orig-size=\"1024,683\" data-comments-opened=\"1\" data-image-meta=\"{&quot;aperture&quot;:&quot;0&quot;,&quot;credit&quot;:&quot;&quot;,&quot;camera&quot;:&quot;&quot;,&quot;caption&quot;:&quot;&quot;,&quot;created_timestamp&quot;:&quot;0&quot;,&quot;copyright&quot;:&quot;&quot;,&quot;focal_length&quot;:&quot;0&quot;,&quot;iso&quot;:&quot;0&quot;,&quot;shutter_speed&quot;:&quot;0&quot;,&quot;title&quot;:&quot;&quot;}\" data-image-title=\"andriela_vaiksena_1973\" data-image-description=\"\" data-image-caption=\"\" data-large-file=\"https:\/\/blog.erm.ee\/wp-content\/uploads\/2013\/03\/andriela_vaiksena_1973.jpg\" class=\"alignnone  wp-image-1571\" src=\"https:\/\/blog.erm.ee\/wp-content\/uploads\/2013\/03\/andriela_vaiksena_1973.jpg\" alt=\"andriela_vaiksena_1973\" width=\"720\" height=\"480\" srcset=\"https:\/\/blog.erm.ee\/wp-content\/uploads\/2013\/03\/andriela_vaiksena_1973.jpg 1024w, https:\/\/blog.erm.ee\/wp-content\/uploads\/2013\/03\/andriela_vaiksena_1973-389x260.jpg 389w, https:\/\/blog.erm.ee\/wp-content\/uploads\/2013\/03\/andriela_vaiksena_1973-300x200.jpg 300w\" sizes=\"auto, (max-width: 720px) 100vw, 720px\" \/><\/a><br \/>\n<em>Loo autor aastal 1973. Foto Aarne Vutt<\/em><\/p>\n<p>2012. aasta toiduvalmistamise teema tundus olevat paras v\u00e4ljakutse: mida sa nii igap\u00e4evasest asjast ikka kirjutada oskad! Seekord oli k\u00fcsimustik suureks abiks.<\/p>\n<p><a href=\"https:\/\/blog.erm.ee\/wp-content\/uploads\/2013\/03\/toit_2012.jpg\"><img loading=\"lazy\" decoding=\"async\" data-attachment-id=\"1572\" data-permalink=\"https:\/\/blog.erm.ee\/?attachment_id=1572#main\" data-orig-file=\"https:\/\/blog.erm.ee\/wp-content\/uploads\/2013\/03\/toit_2012.jpg\" data-orig-size=\"1046,183\" data-comments-opened=\"1\" data-image-meta=\"{&quot;aperture&quot;:&quot;0&quot;,&quot;credit&quot;:&quot;&quot;,&quot;camera&quot;:&quot;&quot;,&quot;caption&quot;:&quot;&quot;,&quot;created_timestamp&quot;:&quot;0&quot;,&quot;copyright&quot;:&quot;&quot;,&quot;focal_length&quot;:&quot;0&quot;,&quot;iso&quot;:&quot;0&quot;,&quot;shutter_speed&quot;:&quot;0&quot;,&quot;title&quot;:&quot;&quot;}\" data-image-title=\"toit_2012\" data-image-description=\"\" data-image-caption=\"\" data-large-file=\"https:\/\/blog.erm.ee\/wp-content\/uploads\/2013\/03\/toit_2012-1024x179.jpg\" class=\"alignnone size-full wp-image-1572\" src=\"https:\/\/blog.erm.ee\/wp-content\/uploads\/2013\/03\/toit_2012.jpg\" alt=\"toit_2012\" width=\"1046\" height=\"183\" srcset=\"https:\/\/blog.erm.ee\/wp-content\/uploads\/2013\/03\/toit_2012.jpg 1046w, https:\/\/blog.erm.ee\/wp-content\/uploads\/2013\/03\/toit_2012-460x80.jpg 460w, https:\/\/blog.erm.ee\/wp-content\/uploads\/2013\/03\/toit_2012-300x52.jpg 300w, https:\/\/blog.erm.ee\/wp-content\/uploads\/2013\/03\/toit_2012-1024x179.jpg 1024w\" sizes=\"auto, (max-width: 1046px) 100vw, 1046px\" \/><\/a><br \/>\n<em>ERM KV 2012. Katke vastusest k\u00fcsimuslehele &#8220;<a href=\"http:\/\/www.erm.ee\/et\/Osale\/Kaastoo\/Kysimuslehed\/kodune-toiduvalmistamine\" target=\"_blank\">Kodune toiduvalmistamine<\/a>&#8220;.<\/em><\/p>\n<p><a href=\"https:\/\/blog.erm.ee\/wp-content\/uploads\/2013\/03\/koogipilt_2012.jpg\"><img loading=\"lazy\" decoding=\"async\" data-attachment-id=\"1573\" data-permalink=\"https:\/\/blog.erm.ee\/?attachment_id=1573#main\" data-orig-file=\"https:\/\/blog.erm.ee\/wp-content\/uploads\/2013\/03\/koogipilt_2012.jpg\" data-orig-size=\"1024,768\" data-comments-opened=\"1\" data-image-meta=\"{&quot;aperture&quot;:&quot;0&quot;,&quot;credit&quot;:&quot;&quot;,&quot;camera&quot;:&quot;&quot;,&quot;caption&quot;:&quot;&quot;,&quot;created_timestamp&quot;:&quot;0&quot;,&quot;copyright&quot;:&quot;&quot;,&quot;focal_length&quot;:&quot;0&quot;,&quot;iso&quot;:&quot;0&quot;,&quot;shutter_speed&quot;:&quot;0&quot;,&quot;title&quot;:&quot;&quot;}\" data-image-title=\"koogipilt_2012\" data-image-description=\"\" data-image-caption=\"\" data-large-file=\"https:\/\/blog.erm.ee\/wp-content\/uploads\/2013\/03\/koogipilt_2012.jpg\" class=\"alignnone  wp-image-1573\" src=\"https:\/\/blog.erm.ee\/wp-content\/uploads\/2013\/03\/koogipilt_2012.jpg\" alt=\"koogipilt_2012\" width=\"720\" height=\"540\" srcset=\"https:\/\/blog.erm.ee\/wp-content\/uploads\/2013\/03\/koogipilt_2012.jpg 1024w, https:\/\/blog.erm.ee\/wp-content\/uploads\/2013\/03\/koogipilt_2012-346x260.jpg 346w, https:\/\/blog.erm.ee\/wp-content\/uploads\/2013\/03\/koogipilt_2012-300x225.jpg 300w\" sizes=\"auto, (max-width: 720px) 100vw, 720px\" \/><\/a><em>Meie \u00fcks kapi\u00e4\u00e4r tihedamas kasutuses olevate masinatega: kohvimasin, r\u00f6ster, v\u00f5ileivagrill, all n\u00f5udepesumasin. Foto Andriela R\u00e4\u00e4bis, 2012<\/em><\/p>\n<p>Miks ma kirjutan? Juba on mingi hasart tekkinud: kuidas ma selle aasta v\u00f5istluse vahele j\u00e4tan! K\u00f5igepealt on need kirjat\u00f6\u00f6d m\u00f5eldud oma lastele ja nende lastele: kui kunagi keegi neist peaks huvi tundma, kuidas vanaemad-vanaisad elasid, siis on see v\u00f5imalus olemas. Teemade kaupa ja v\u00e4hehaaval on hea kirjutada, muidu ei oskaks kuskilt otsast pihta hakata. Pensionip\u00f5lveni ei tundu m\u00f5istlik oodata, sest praegusekski on juba k\u00fcllalt palju meelest l\u00e4inud ja praegu saab seda veel ema-isa abiga meelde tuletada.<\/p>\n<div class=\"fcbkbttn_buttons_block\" id=\"fcbkbttn_left\"><div class=\"fcbkbttn_like \"><fb:like href=\"https:\/\/blog.erm.ee\/?p=1555\" action=\"like\" colorscheme=\"light\" layout=\"standard\"  width=\"225px\" size=\"small\"><\/fb:like><\/div><div class=\"fb-share-button  \" data-href=\"https:\/\/blog.erm.ee\/?p=1555\" data-type=\"button\" data-size=\"small\"><\/div><\/div>","protected":false},"excerpt":{"rendered":"<p>&nbsp; Andriela R\u00e4\u00e4bis, Tartu \u00dclikooli arvutilingvistika teadur, ERMi kirjasaatja Eesti Rahva Muuseumi teatmematerjali kogumise v\u00f5istlusel osalesin esimest korda 1996. aastal, kirjutasin teemal \u201eAsjad minu elus\u201c. V\u00f5istlusest sain teada ajalehest. Olin juba neli aastat lastega kodus olnud ja tundsin vajadust teha midagi muud peale koduperenaise igap\u00e4evaste t\u00f6\u00f6de. J\u00e4rgmisel aastal hakkasin kirjutama kooli teemal, aga see j\u00e4i&hellip;<\/p>\n","protected":false},"author":1,"featured_media":1571,"comment_status":"open","ping_status":"open","sticky":false,"template":"","format":"standard","meta":{"_monsterinsights_skip_tracking":false,"_monsterinsights_sitenote_active":false,"_monsterinsights_sitenote_note":"","_monsterinsights_sitenote_category":0,"jetpack_post_was_ever_published":false,"_jetpack_newsletter_access":"","_jetpack_dont_email_post_to_subs":false,"_jetpack_newsletter_tier_id":0,"_jetpack_memberships_contains_paywalled_content":false,"_jetpack_memberships_contains_paid_content":false,"footnotes":""},"categories":[30],"tags":[],"class_list":["post-1555","post","type-post","status-publish","format-standard","has-post-thumbnail","hentry","category-osalus"],"yoast_head":"<!-- This site is optimized with the Yoast SEO plugin v27.5 - https:\/\/yoast.com\/product\/yoast-seo-wordpress\/ -->\n<title>Inimesed muuseumi \u00fcmber \u2013 kirjasaatjad - Eesti Rahva Muuseumi ajaveeb<\/title>\n<meta name=\"robots\" content=\"index, follow, max-snippet:-1, max-image-preview:large, max-video-preview:-1\" \/>\n<link rel=\"canonical\" href=\"https:\/\/blog.erm.ee\/?p=1555\" \/>\n<meta property=\"og:locale\" content=\"et_EE\" \/>\n<meta property=\"og:type\" content=\"article\" \/>\n<meta property=\"og:title\" content=\"Inimesed muuseumi \u00fcmber \u2013 kirjasaatjad - Eesti Rahva Muuseumi ajaveeb\" \/>\n<meta property=\"og:description\" content=\"&nbsp; Andriela R\u00e4\u00e4bis, Tartu \u00dclikooli arvutilingvistika teadur, ERMi kirjasaatja Eesti Rahva Muuseumi teatmematerjali kogumise v\u00f5istlusel osalesin esimest korda 1996. aastal, kirjutasin teemal \u201eAsjad minu elus\u201c. V\u00f5istlusest sain teada ajalehest. Olin juba neli aastat lastega kodus olnud ja tundsin vajadust teha midagi muud peale koduperenaise igap\u00e4evaste t\u00f6\u00f6de. J\u00e4rgmisel aastal hakkasin kirjutama kooli teemal, aga see j\u00e4i&hellip;\" \/>\n<meta property=\"og:url\" content=\"https:\/\/blog.erm.ee\/?p=1555\" \/>\n<meta property=\"og:site_name\" content=\"Eesti Rahva Muuseumi ajaveeb\" \/>\n<meta property=\"article:published_time\" content=\"2013-03-04T22:03:10+00:00\" \/>\n<meta property=\"article:modified_time\" content=\"2014-07-16T11:29:55+00:00\" \/>\n<meta property=\"og:image\" content=\"https:\/\/blog.erm.ee\/wp-content\/uploads\/2013\/03\/andriela_vaiksena_1973.jpg\" \/>\n\t<meta property=\"og:image:width\" content=\"1024\" \/>\n\t<meta property=\"og:image:height\" content=\"683\" \/>\n\t<meta property=\"og:image:type\" content=\"image\/jpeg\" \/>\n<meta name=\"author\" content=\"Eesti Rahva Muuseum\" \/>\n<meta name=\"twitter:card\" content=\"summary_large_image\" \/>\n<meta name=\"twitter:label1\" content=\"Written by\" \/>\n\t<meta name=\"twitter:data1\" content=\"Eesti Rahva Muuseum\" \/>\n\t<meta name=\"twitter:label2\" content=\"Est. reading time\" \/>\n\t<meta name=\"twitter:data2\" content=\"3 minutit\" \/>\n<script type=\"application\/ld+json\" class=\"yoast-schema-graph\">{\"@context\":\"https:\\\/\\\/schema.org\",\"@graph\":[{\"@type\":\"Article\",\"@id\":\"https:\\\/\\\/blog.erm.ee\\\/?p=1555#article\",\"isPartOf\":{\"@id\":\"https:\\\/\\\/blog.erm.ee\\\/?p=1555\"},\"author\":{\"name\":\"Eesti Rahva Muuseum\",\"@id\":\"https:\\\/\\\/blog.erm.ee\\\/#\\\/schema\\\/person\\\/6e98c391cb00a33e7c22a3571e062114\"},\"headline\":\"Inimesed muuseumi \u00fcmber \u2013 kirjasaatjad\",\"datePublished\":\"2013-03-04T22:03:10+00:00\",\"dateModified\":\"2014-07-16T11:29:55+00:00\",\"mainEntityOfPage\":{\"@id\":\"https:\\\/\\\/blog.erm.ee\\\/?p=1555\"},\"wordCount\":609,\"commentCount\":0,\"image\":{\"@id\":\"https:\\\/\\\/blog.erm.ee\\\/?p=1555#primaryimage\"},\"thumbnailUrl\":\"https:\\\/\\\/blog.erm.ee\\\/wp-content\\\/uploads\\\/2013\\\/03\\\/andriela_vaiksena_1973.jpg\",\"articleSection\":[\"Osalus\"],\"inLanguage\":\"et\",\"potentialAction\":[{\"@type\":\"CommentAction\",\"name\":\"Comment\",\"target\":[\"https:\\\/\\\/blog.erm.ee\\\/?p=1555#respond\"]}]},{\"@type\":\"WebPage\",\"@id\":\"https:\\\/\\\/blog.erm.ee\\\/?p=1555\",\"url\":\"https:\\\/\\\/blog.erm.ee\\\/?p=1555\",\"name\":\"Inimesed muuseumi \u00fcmber \u2013 kirjasaatjad - Eesti Rahva Muuseumi ajaveeb\",\"isPartOf\":{\"@id\":\"https:\\\/\\\/blog.erm.ee\\\/#website\"},\"primaryImageOfPage\":{\"@id\":\"https:\\\/\\\/blog.erm.ee\\\/?p=1555#primaryimage\"},\"image\":{\"@id\":\"https:\\\/\\\/blog.erm.ee\\\/?p=1555#primaryimage\"},\"thumbnailUrl\":\"https:\\\/\\\/blog.erm.ee\\\/wp-content\\\/uploads\\\/2013\\\/03\\\/andriela_vaiksena_1973.jpg\",\"datePublished\":\"2013-03-04T22:03:10+00:00\",\"dateModified\":\"2014-07-16T11:29:55+00:00\",\"author\":{\"@id\":\"https:\\\/\\\/blog.erm.ee\\\/#\\\/schema\\\/person\\\/6e98c391cb00a33e7c22a3571e062114\"},\"breadcrumb\":{\"@id\":\"https:\\\/\\\/blog.erm.ee\\\/?p=1555#breadcrumb\"},\"inLanguage\":\"et\",\"potentialAction\":[{\"@type\":\"ReadAction\",\"target\":[\"https:\\\/\\\/blog.erm.ee\\\/?p=1555\"]}]},{\"@type\":\"ImageObject\",\"inLanguage\":\"et\",\"@id\":\"https:\\\/\\\/blog.erm.ee\\\/?p=1555#primaryimage\",\"url\":\"https:\\\/\\\/blog.erm.ee\\\/wp-content\\\/uploads\\\/2013\\\/03\\\/andriela_vaiksena_1973.jpg\",\"contentUrl\":\"https:\\\/\\\/blog.erm.ee\\\/wp-content\\\/uploads\\\/2013\\\/03\\\/andriela_vaiksena_1973.jpg\",\"width\":1024,\"height\":683},{\"@type\":\"BreadcrumbList\",\"@id\":\"https:\\\/\\\/blog.erm.ee\\\/?p=1555#breadcrumb\",\"itemListElement\":[{\"@type\":\"ListItem\",\"position\":1,\"name\":\"Home\",\"item\":\"https:\\\/\\\/blog.erm.ee\\\/\"},{\"@type\":\"ListItem\",\"position\":2,\"name\":\"Inimesed muuseumi \u00fcmber \u2013 kirjasaatjad\"}]},{\"@type\":\"WebSite\",\"@id\":\"https:\\\/\\\/blog.erm.ee\\\/#website\",\"url\":\"https:\\\/\\\/blog.erm.ee\\\/\",\"name\":\"Eesti Rahva Muuseumi ajaveeb\",\"description\":\"\",\"potentialAction\":[{\"@type\":\"SearchAction\",\"target\":{\"@type\":\"EntryPoint\",\"urlTemplate\":\"https:\\\/\\\/blog.erm.ee\\\/?s={search_term_string}\"},\"query-input\":{\"@type\":\"PropertyValueSpecification\",\"valueRequired\":true,\"valueName\":\"search_term_string\"}}],\"inLanguage\":\"et\"},{\"@type\":\"Person\",\"@id\":\"https:\\\/\\\/blog.erm.ee\\\/#\\\/schema\\\/person\\\/6e98c391cb00a33e7c22a3571e062114\",\"name\":\"Eesti Rahva Muuseum\",\"image\":{\"@type\":\"ImageObject\",\"inLanguage\":\"et\",\"@id\":\"https:\\\/\\\/secure.gravatar.com\\\/avatar\\\/cb6d9ad5fb49f3f7315028ce5fe60641075f2cb52b8a058ff5a985fa2d8c1da0?s=96&d=mm&r=g\",\"url\":\"https:\\\/\\\/secure.gravatar.com\\\/avatar\\\/cb6d9ad5fb49f3f7315028ce5fe60641075f2cb52b8a058ff5a985fa2d8c1da0?s=96&d=mm&r=g\",\"contentUrl\":\"https:\\\/\\\/secure.gravatar.com\\\/avatar\\\/cb6d9ad5fb49f3f7315028ce5fe60641075f2cb52b8a058ff5a985fa2d8c1da0?s=96&d=mm&r=g\",\"caption\":\"Eesti Rahva Muuseum\"},\"sameAs\":[\"http:\\\/\\\/www.erm.ee\"],\"url\":\"https:\\\/\\\/blog.erm.ee\\\/?author=1\"}]}<\/script>\n<!-- \/ Yoast SEO plugin. -->","yoast_head_json":{"title":"Inimesed muuseumi \u00fcmber \u2013 kirjasaatjad - Eesti Rahva Muuseumi ajaveeb","robots":{"index":"index","follow":"follow","max-snippet":"max-snippet:-1","max-image-preview":"max-image-preview:large","max-video-preview":"max-video-preview:-1"},"canonical":"https:\/\/blog.erm.ee\/?p=1555","og_locale":"et_EE","og_type":"article","og_title":"Inimesed muuseumi \u00fcmber \u2013 kirjasaatjad - Eesti Rahva Muuseumi ajaveeb","og_description":"&nbsp; Andriela R\u00e4\u00e4bis, Tartu \u00dclikooli arvutilingvistika teadur, ERMi kirjasaatja Eesti Rahva Muuseumi teatmematerjali kogumise v\u00f5istlusel osalesin esimest korda 1996. aastal, kirjutasin teemal \u201eAsjad minu elus\u201c. V\u00f5istlusest sain teada ajalehest. Olin juba neli aastat lastega kodus olnud ja tundsin vajadust teha midagi muud peale koduperenaise igap\u00e4evaste t\u00f6\u00f6de. J\u00e4rgmisel aastal hakkasin kirjutama kooli teemal, aga see j\u00e4i&hellip;","og_url":"https:\/\/blog.erm.ee\/?p=1555","og_site_name":"Eesti Rahva Muuseumi ajaveeb","article_published_time":"2013-03-04T22:03:10+00:00","article_modified_time":"2014-07-16T11:29:55+00:00","og_image":[{"width":1024,"height":683,"url":"https:\/\/blog.erm.ee\/wp-content\/uploads\/2013\/03\/andriela_vaiksena_1973.jpg","type":"image\/jpeg"}],"author":"Eesti Rahva Muuseum","twitter_card":"summary_large_image","twitter_misc":{"Written by":"Eesti Rahva Muuseum","Est. reading time":"3 minutit"},"schema":{"@context":"https:\/\/schema.org","@graph":[{"@type":"Article","@id":"https:\/\/blog.erm.ee\/?p=1555#article","isPartOf":{"@id":"https:\/\/blog.erm.ee\/?p=1555"},"author":{"name":"Eesti Rahva Muuseum","@id":"https:\/\/blog.erm.ee\/#\/schema\/person\/6e98c391cb00a33e7c22a3571e062114"},"headline":"Inimesed muuseumi \u00fcmber \u2013 kirjasaatjad","datePublished":"2013-03-04T22:03:10+00:00","dateModified":"2014-07-16T11:29:55+00:00","mainEntityOfPage":{"@id":"https:\/\/blog.erm.ee\/?p=1555"},"wordCount":609,"commentCount":0,"image":{"@id":"https:\/\/blog.erm.ee\/?p=1555#primaryimage"},"thumbnailUrl":"https:\/\/blog.erm.ee\/wp-content\/uploads\/2013\/03\/andriela_vaiksena_1973.jpg","articleSection":["Osalus"],"inLanguage":"et","potentialAction":[{"@type":"CommentAction","name":"Comment","target":["https:\/\/blog.erm.ee\/?p=1555#respond"]}]},{"@type":"WebPage","@id":"https:\/\/blog.erm.ee\/?p=1555","url":"https:\/\/blog.erm.ee\/?p=1555","name":"Inimesed muuseumi \u00fcmber \u2013 kirjasaatjad - Eesti Rahva Muuseumi ajaveeb","isPartOf":{"@id":"https:\/\/blog.erm.ee\/#website"},"primaryImageOfPage":{"@id":"https:\/\/blog.erm.ee\/?p=1555#primaryimage"},"image":{"@id":"https:\/\/blog.erm.ee\/?p=1555#primaryimage"},"thumbnailUrl":"https:\/\/blog.erm.ee\/wp-content\/uploads\/2013\/03\/andriela_vaiksena_1973.jpg","datePublished":"2013-03-04T22:03:10+00:00","dateModified":"2014-07-16T11:29:55+00:00","author":{"@id":"https:\/\/blog.erm.ee\/#\/schema\/person\/6e98c391cb00a33e7c22a3571e062114"},"breadcrumb":{"@id":"https:\/\/blog.erm.ee\/?p=1555#breadcrumb"},"inLanguage":"et","potentialAction":[{"@type":"ReadAction","target":["https:\/\/blog.erm.ee\/?p=1555"]}]},{"@type":"ImageObject","inLanguage":"et","@id":"https:\/\/blog.erm.ee\/?p=1555#primaryimage","url":"https:\/\/blog.erm.ee\/wp-content\/uploads\/2013\/03\/andriela_vaiksena_1973.jpg","contentUrl":"https:\/\/blog.erm.ee\/wp-content\/uploads\/2013\/03\/andriela_vaiksena_1973.jpg","width":1024,"height":683},{"@type":"BreadcrumbList","@id":"https:\/\/blog.erm.ee\/?p=1555#breadcrumb","itemListElement":[{"@type":"ListItem","position":1,"name":"Home","item":"https:\/\/blog.erm.ee\/"},{"@type":"ListItem","position":2,"name":"Inimesed muuseumi \u00fcmber \u2013 kirjasaatjad"}]},{"@type":"WebSite","@id":"https:\/\/blog.erm.ee\/#website","url":"https:\/\/blog.erm.ee\/","name":"Eesti Rahva Muuseumi ajaveeb","description":"","potentialAction":[{"@type":"SearchAction","target":{"@type":"EntryPoint","urlTemplate":"https:\/\/blog.erm.ee\/?s={search_term_string}"},"query-input":{"@type":"PropertyValueSpecification","valueRequired":true,"valueName":"search_term_string"}}],"inLanguage":"et"},{"@type":"Person","@id":"https:\/\/blog.erm.ee\/#\/schema\/person\/6e98c391cb00a33e7c22a3571e062114","name":"Eesti Rahva Muuseum","image":{"@type":"ImageObject","inLanguage":"et","@id":"https:\/\/secure.gravatar.com\/avatar\/cb6d9ad5fb49f3f7315028ce5fe60641075f2cb52b8a058ff5a985fa2d8c1da0?s=96&d=mm&r=g","url":"https:\/\/secure.gravatar.com\/avatar\/cb6d9ad5fb49f3f7315028ce5fe60641075f2cb52b8a058ff5a985fa2d8c1da0?s=96&d=mm&r=g","contentUrl":"https:\/\/secure.gravatar.com\/avatar\/cb6d9ad5fb49f3f7315028ce5fe60641075f2cb52b8a058ff5a985fa2d8c1da0?s=96&d=mm&r=g","caption":"Eesti Rahva Muuseum"},"sameAs":["http:\/\/www.erm.ee"],"url":"https:\/\/blog.erm.ee\/?author=1"}]}},"jetpack_featured_media_url":"https:\/\/blog.erm.ee\/wp-content\/uploads\/2013\/03\/andriela_vaiksena_1973.jpg","jetpack_shortlink":"https:\/\/wp.me\/p2l9Zd-p5","jetpack_sharing_enabled":true,"jetpack_likes_enabled":true,"_links":{"self":[{"href":"https:\/\/blog.erm.ee\/index.php?rest_route=\/wp\/v2\/posts\/1555","targetHints":{"allow":["GET"]}}],"collection":[{"href":"https:\/\/blog.erm.ee\/index.php?rest_route=\/wp\/v2\/posts"}],"about":[{"href":"https:\/\/blog.erm.ee\/index.php?rest_route=\/wp\/v2\/types\/post"}],"author":[{"embeddable":true,"href":"https:\/\/blog.erm.ee\/index.php?rest_route=\/wp\/v2\/users\/1"}],"replies":[{"embeddable":true,"href":"https:\/\/blog.erm.ee\/index.php?rest_route=%2Fwp%2Fv2%2Fcomments&post=1555"}],"version-history":[{"count":24,"href":"https:\/\/blog.erm.ee\/index.php?rest_route=\/wp\/v2\/posts\/1555\/revisions"}],"predecessor-version":[{"id":5066,"href":"https:\/\/blog.erm.ee\/index.php?rest_route=\/wp\/v2\/posts\/1555\/revisions\/5066"}],"wp:featuredmedia":[{"embeddable":true,"href":"https:\/\/blog.erm.ee\/index.php?rest_route=\/wp\/v2\/media\/1571"}],"wp:attachment":[{"href":"https:\/\/blog.erm.ee\/index.php?rest_route=%2Fwp%2Fv2%2Fmedia&parent=1555"}],"wp:term":[{"taxonomy":"category","embeddable":true,"href":"https:\/\/blog.erm.ee\/index.php?rest_route=%2Fwp%2Fv2%2Fcategories&post=1555"},{"taxonomy":"post_tag","embeddable":true,"href":"https:\/\/blog.erm.ee\/index.php?rest_route=%2Fwp%2Fv2%2Ftags&post=1555"}],"curies":[{"name":"wp","href":"https:\/\/api.w.org\/{rel}","templated":true}]}}