{"id":15329,"date":"2022-01-06T14:29:25","date_gmt":"2022-01-06T12:29:25","guid":{"rendered":"https:\/\/blog.erm.ee\/?p=15329"},"modified":"2022-01-10T13:13:38","modified_gmt":"2022-01-10T11:13:38","slug":"ilusat-ja-turvalist-uut-muuseumiaastat-koigile","status":"publish","type":"post","link":"https:\/\/blog.erm.ee\/?p=15329","title":{"rendered":"Ilusat ja turvalist uut muuseumiaastat k\u00f5igile!"},"content":{"rendered":"<div class=\"fcbkbttn_buttons_block\" id=\"fcbkbttn_left\"><div class=\"fcbkbttn_like \"><fb:like href=\"https:\/\/blog.erm.ee\/?p=15329\" action=\"like\" colorscheme=\"light\" layout=\"standard\"  width=\"225px\" size=\"small\"><\/fb:like><\/div><div class=\"fb-share-button  \" data-href=\"https:\/\/blog.erm.ee\/?p=15329\" data-type=\"button\" data-size=\"small\"><\/div><\/div><p style=\"text-align: justify;\">Kertu Saks, Eesti Rahva Muuseumi direktor.<\/p>\n<div id=\"attachment_15331\" style=\"width: 791px\" class=\"wp-caption aligncenter\"><a href=\"https:\/\/blog.erm.ee\/wp-content\/uploads\/2022\/01\/aa0003.jpg\"><img loading=\"lazy\" decoding=\"async\" aria-describedby=\"caption-attachment-15331\" data-attachment-id=\"15331\" data-permalink=\"https:\/\/blog.erm.ee\/?attachment_id=15331#main\" data-orig-file=\"https:\/\/blog.erm.ee\/wp-content\/uploads\/2022\/01\/aa0003-e1641460827413.jpg\" data-orig-size=\"781,760\" data-comments-opened=\"1\" data-image-meta=\"{&quot;aperture&quot;:&quot;5&quot;,&quot;credit&quot;:&quot;&quot;,&quot;camera&quot;:&quot;Canon EOS-1D X Mark II&quot;,&quot;caption&quot;:&quot;&quot;,&quot;created_timestamp&quot;:&quot;1641381064&quot;,&quot;copyright&quot;:&quot;&quot;,&quot;focal_length&quot;:&quot;95&quot;,&quot;iso&quot;:&quot;1250&quot;,&quot;shutter_speed&quot;:&quot;0.01&quot;,&quot;title&quot;:&quot;&quot;,&quot;orientation&quot;:&quot;1&quot;}\" data-image-title=\"aa0003\" data-image-description=\"\" data-image-caption=\"\" data-large-file=\"https:\/\/blog.erm.ee\/wp-content\/uploads\/2022\/01\/aa0003-666x1024.jpg\" class=\"wp-image-15331 size-full\" src=\"https:\/\/blog.erm.ee\/wp-content\/uploads\/2022\/01\/aa0003.jpg\" alt=\"\" width=\"781\" height=\"1200\" \/><\/a><p id=\"caption-attachment-15331\" class=\"wp-caption-text\">Kertu Saks, Eesti Rahva Muuseumi direktor. Foto: Anu Ansu<\/p><\/div>\n<p style=\"text-align: justify;\">Kui mulle tehti ettepanek kirjutada ERMi blogisse aasta alguse lugu, olin esiti teemavalikuga kimbatuses. Ikkagi mu esimene avalik tekst ERMi juhina. Olen olnud selles ametis aga napid kolm n\u00e4dalat ja seega v\u00e4ga t\u00e4pset detaili muuseumi t\u00f6\u00f6dest veel anda ei s\u00f6anda.<\/p>\n<p style=\"text-align: justify;\">Head kolleegid juhatasid mind reaotsale, soovitades keskenduda sellele, millest r\u00e4\u00e4kisin ERMi t\u00f6\u00f6tajate ees 13. detsembril 2021, oma esimesel t\u00f6\u00f6p\u00e4eval. R\u00e4\u00e4kisin perev\u00e4\u00e4rtustest. M\u00f5tlesin ka siis t\u00f5siselt selle \u00fcle, kuidas siduda k\u00f5ik see, mida ERMi perele pakkuda soovin ja milleks ma siia tulin, \u00fche keskse s\u00f5numi alla. K\u00f5ne sellest, et iga asutus v\u00f5iks toimida nagu pere, on ju \u00fcle kasutatud v\u00f5te, aga l\u00e4ksin siiski seda teed ja proovisin kirjeldada, mida see mulle t\u00e4hendab.<\/p>\n<p style=\"text-align: justify;\">Peamiseks s\u00f5numiks sai see, et hea pere on \u00fchtne ja \u00fcksteist toetav kindel kants ning varjualune hoolimata oludest v\u00f5i keerulistest aegadest. Ning ERM on kahtlemata v\u00e4ga toetav ja tugev pere. Seda tajub t\u00f6\u00f6tades iga p\u00e4ev.<\/p>\n<p style=\"text-align: justify;\">Pere teema hakkas mind ERMis ka kohe saatma. N\u00e4iteks lubasin juba kolmandal t\u00f6\u00f6p\u00e4eval minna \u201eHommik Anuga\u201c saatesse r\u00e4\u00e4kima j\u00f5ulukingitustest ERMi uurimuste ja kogude n\u00e4itel ning sattusin selleks esemeid otsides oma vanaema kootud m\u00fctsile muuseumi kogus. Ma ei teadnud, et minu memme kudumid on ERMis. Mu P\u00e4rnu memm oli 40 aastat k\u00e4sit\u00f6\u00f6koondise Uku kuduja ja selgus, et kui asutus tegevuse l\u00f5petas, tuli selle fond ERMi. Nii leidsimegi Kilveti nime j\u00e4rgi kogust \u00fche tema tehtud m\u00fctsikese ning ma sain eseme legendi t\u00e4iendada meistri eesnime (Larissa), eluaastate, elukoha ja t\u00f6\u00f6de loomise paiga infoga. See oli v\u00e4ga soe taaskohtumine ammu lahkunud memmega, sest kasvasime \u00f5dedega tema juures ja temalt p\u00e4rinevad suuresti nii meie k\u00e4sit\u00f6\u00f6oskused kui ka armastus p\u00e4rimuskultuuri vastu.<\/p>\n<div id=\"attachment_15333\" style=\"width: 1210px\" class=\"wp-caption aligncenter\"><a href=\"https:\/\/blog.erm.ee\/wp-content\/uploads\/2022\/01\/240196_ERM_A851_2029.jpg\"><img loading=\"lazy\" decoding=\"async\" aria-describedby=\"caption-attachment-15333\" data-attachment-id=\"15333\" data-permalink=\"https:\/\/blog.erm.ee\/?attachment_id=15333#main\" data-orig-file=\"https:\/\/blog.erm.ee\/wp-content\/uploads\/2022\/01\/240196_ERM_A851_2029.jpg\" data-orig-size=\"1200,722\" data-comments-opened=\"1\" data-image-meta=\"{&quot;aperture&quot;:&quot;13&quot;,&quot;credit&quot;:&quot;&quot;,&quot;camera&quot;:&quot;NIKON D750&quot;,&quot;caption&quot;:&quot;Ratus O\\u00dc; Fotograaf Sven Tupits&quot;,&quot;created_timestamp&quot;:&quot;1602687642&quot;,&quot;copyright&quot;:&quot;&quot;,&quot;focal_length&quot;:&quot;60&quot;,&quot;iso&quot;:&quot;100&quot;,&quot;shutter_speed&quot;:&quot;0.005&quot;,&quot;title&quot;:&quot;Ratus O\\u00dc; Fotograaf Sven Tupits&quot;,&quot;orientation&quot;:&quot;1&quot;}\" data-image-title=\"Ratus O\u00dc; Fotograaf Sven Tupits\" data-image-description=\"\" data-image-caption=\"&lt;p&gt;Ratus O\u00dc; Fotograaf Sven Tupits&lt;\/p&gt;\n\" data-large-file=\"https:\/\/blog.erm.ee\/wp-content\/uploads\/2022\/01\/240196_ERM_A851_2029-1024x616.jpg\" class=\"wp-image-15333 size-full\" src=\"https:\/\/blog.erm.ee\/wp-content\/uploads\/2022\/01\/240196_ERM_A851_2029.jpg\" alt=\"\" width=\"1200\" height=\"722\" srcset=\"https:\/\/blog.erm.ee\/wp-content\/uploads\/2022\/01\/240196_ERM_A851_2029.jpg 1200w, https:\/\/blog.erm.ee\/wp-content\/uploads\/2022\/01\/240196_ERM_A851_2029-300x181.jpg 300w, https:\/\/blog.erm.ee\/wp-content\/uploads\/2022\/01\/240196_ERM_A851_2029-1024x616.jpg 1024w, https:\/\/blog.erm.ee\/wp-content\/uploads\/2022\/01\/240196_ERM_A851_2029-432x260.jpg 432w, https:\/\/blog.erm.ee\/wp-content\/uploads\/2022\/01\/240196_ERM_A851_2029-768x462.jpg 768w\" sizes=\"auto, (max-width: 1200px) 100vw, 1200px\" \/><\/a><p id=\"caption-attachment-15333\" class=\"wp-caption-text\">Larissa Kilveti poolt kootud m\u00fcts, mis asub ERMi kogus, ERM-A851-2029. Foto: Sven Tupits<\/p><\/div>\n<p style=\"text-align: justify;\">Peres t\u00e4histatakse kindlasti \u00fchiselt r\u00f5\u00f5me ja l\u00f5butsetakse koos. Mul oli esimene v\u00f5imalus ERMi perega seda kogeda j\u00f5uluetendusel, millest osa v\u00f5tsin. Sain teada, et kolleegidele kingituseks korralikult produtseeritud lavastuse loomine on ERMis traditsioon juba 15 aastat ja selle hingeks on me koost\u00f6\u00f6v\u00f5rgustike koordinaator Sirje Madisson. Tema leiab iga aasta Eesti N\u00e4item\u00e4nguagentuurist sobiva teksti, toob kokku huviliste kamba ja utsitab-korraldab, et k\u00f5igil oleks kost\u00fc\u00fcmid, rekvisiidid ja tekstiraamatud. Sirje ka lavastas selle etenduse. Mul oli k\u00fcll v\u00e4ga v\u00e4ike roll, aga hea oli vaadata, kuidas kolleegid m\u00f6llasid. Peres peabki l\u00f5bus olema. Mu oma v\u00e4ikeses peres on j\u00f5ulu\u00f5htud samuti alati v\u00e4ga l\u00f5busad, sest kinkide saamiseks tuleb laulda, tantsida v\u00f5i luuletust lugeda. \u00d5elapsed \u00f5petasid neil j\u00f5uludel mulle n\u00e4iteks, mis tants on <em>floss<\/em>. Paki sain igatahes k\u00e4tte.<\/p>\n<div id=\"attachment_15334\" style=\"width: 1210px\" class=\"wp-caption aligncenter\"><a href=\"https:\/\/blog.erm.ee\/wp-content\/uploads\/2022\/01\/Naiteseltskond-2021.jpg\"><img loading=\"lazy\" decoding=\"async\" aria-describedby=\"caption-attachment-15334\" data-attachment-id=\"15334\" data-permalink=\"https:\/\/blog.erm.ee\/?attachment_id=15334#main\" data-orig-file=\"https:\/\/blog.erm.ee\/wp-content\/uploads\/2022\/01\/Naiteseltskond-2021.jpg\" data-orig-size=\"1200,900\" data-comments-opened=\"1\" data-image-meta=\"{&quot;aperture&quot;:&quot;0&quot;,&quot;credit&quot;:&quot;&quot;,&quot;camera&quot;:&quot;&quot;,&quot;caption&quot;:&quot;&quot;,&quot;created_timestamp&quot;:&quot;0&quot;,&quot;copyright&quot;:&quot;&quot;,&quot;focal_length&quot;:&quot;0&quot;,&quot;iso&quot;:&quot;0&quot;,&quot;shutter_speed&quot;:&quot;0&quot;,&quot;title&quot;:&quot;&quot;,&quot;orientation&quot;:&quot;1&quot;}\" data-image-title=\"N\u00e4iteseltskond 2021\" data-image-description=\"\" data-image-caption=\"\" data-large-file=\"https:\/\/blog.erm.ee\/wp-content\/uploads\/2022\/01\/Naiteseltskond-2021-1024x768.jpg\" class=\"wp-image-15334 size-full\" src=\"https:\/\/blog.erm.ee\/wp-content\/uploads\/2022\/01\/Naiteseltskond-2021.jpg\" alt=\"\" width=\"1200\" height=\"900\" srcset=\"https:\/\/blog.erm.ee\/wp-content\/uploads\/2022\/01\/Naiteseltskond-2021.jpg 1200w, https:\/\/blog.erm.ee\/wp-content\/uploads\/2022\/01\/Naiteseltskond-2021-300x225.jpg 300w, https:\/\/blog.erm.ee\/wp-content\/uploads\/2022\/01\/Naiteseltskond-2021-1024x768.jpg 1024w, https:\/\/blog.erm.ee\/wp-content\/uploads\/2022\/01\/Naiteseltskond-2021-347x260.jpg 347w, https:\/\/blog.erm.ee\/wp-content\/uploads\/2022\/01\/Naiteseltskond-2021-768x576.jpg 768w\" sizes=\"auto, (max-width: 1200px) 100vw, 1200px\" \/><\/a><p id=\"caption-attachment-15334\" class=\"wp-caption-text\">ERMi 2021. aasta j\u00f5uluetenduse &#8220;Suur Kuri Hunt&#8221; n\u00e4iteseltskond. Foto: Sirje Madisson<\/p><\/div>\n<p style=\"text-align: justify;\">Esimesed t\u00f6\u00f6n\u00e4dalad ERMis t\u00f5id v\u00e4lja ka need pereellu kuuluvad hetked, kus k\u00f5ik ei pruugi jagada samu v\u00e4\u00e4rtusi ja olla alati \u00fchel meelel. Mitte ainult ERMi, vaid k\u00f5igi maailma perede \u00fchiseks raskuseks on praegu muidugi see salakaval Covid, mis v\u00f5tab \u00e4ra rutiinse ja turvalise tegutsemise kindluse ning suudab ikka ja j\u00e4lle ebameeldivalt \u00fcllatada. ERMi pere raskus on nii selles, kuidas tulla toime \u00fcksikk\u00fclastajate tuntava v\u00e4henemisega ja tegutsemise koomale t\u00f5mbamisega kui ka sellega, kust leida vahendeid t\u00f6\u00f6tajate taaspalkamiseks iga kord, kui Covid j\u00e4lle natuke n\u00f6\u00f6ri l\u00f5dvemaks laseb. Lisaks on igas t\u00f6\u00f6peres ju ka vaktsineeritud ja mittevaktsineeritud liikmete vastuolud. M\u00e4rkasin, et neile raskustele on muuseumis l\u00e4henetud v\u00e4ga delikaatselt ja k\u00f5iki arvestades. J\u00e4tkame samamoodi.<\/p>\n<p style=\"text-align: justify;\">Erimeelsused peredes on muidugi lubatud. Nagu ka paha tuju, v\u00e4simus ja t\u00fcdimus. \u00c4gedat arutelu tohib samuti olla, ent tuleb j\u00e4lgida, et see ei l\u00e4heks \u00fcle t\u00fcliks. Oleme oma lastele \u00f5petanud, et vaielda tohib ka k\u00f5va h\u00e4\u00e4lega ja oma seisukohti v\u00f5ib kaitsta, aga see peab j\u00e4\u00e4ma aruteluks ja ei tohi areneda konfliktiks, sest konflikt toob enamasti solvumise ja see on halb. Nii k\u00fcsivadki meie lapsed vahel, kui abikaasaga k\u00f5vasti millegi \u00fcle debateerime, et kas n\u00fc\u00fcd on juba t\u00fcli v\u00f5i on ikka arutelu. Seni on need olnud k\u00f5ik arutelud. Tahaksin, et ka ERMi peres oleks nii ja keerulisedki olukorrad saaksid lahendatud teise argumente austades. Olen oma kolleege p\u00f5gusalt juba tundma \u00f5ppinud ja tundub, et nii see l\u00e4hebki.<\/p>\n<p style=\"text-align: justify;\">T\u00f6id, mis meil ERMi peres 2022. aastal ees seisavad, ja teemasid, mille \u00fcle arutleda, on k\u00fcllaga, sest me aastaplaanid on muljet avaldavad. Esiteks peame olema valmis tervisekriisis pidevalt \u00fcmber kohanema, et muuseumi uksed oleks k\u00fclastajatele avatud ning n\u00e4ituste koostajate, teadlaste, konservaatorite, koguhoidjate, hariduskeskuse, kommunikatsiooni t\u00f6\u00f6d-tegemised oleksid turvalised ja v\u00f5imalikud.<\/p>\n<p style=\"text-align: justify;\">Hoiame korras p\u00fcsin\u00e4ituse \u201eKohtumised\u201c ning uuendame seda pidevalt oma teadlaste ja koguhoidjate abiga. Hoolitseme soome-ugri n\u00e4ituse \u201eUurali kaja\u201c eest ja teadvustame enam ERMi unikaalsust selle valdkonnaga tegelemisel.<\/p>\n<p style=\"text-align: justify;\">Kutsume k\u00f5iki Miljard Kilgi maalin\u00e4itusele, kus on \u00fcleval tema 70. ja 80. aastate slaidimaalid, Eesti kultuurikor\u00fcfeede portreed ning p\u00f5nevad fantaasiapildid. Vahetuvate n\u00e4ituste saalis valmistame ette n\u00e4ituse \u201eV\u00e4rvide ilu. Eesti kuldaja kunst Enn Kunila kollektsioonist\u201c selliselt, et igas kodus teataks alates 19. veebruarist M\u00e4gi ja Triigi tippteoseid just ERMi vaatama tulla.<\/p>\n<p style=\"text-align: justify;\">N\u00fc\u00fcd, kus me muinasjutun\u00e4itus \u201eElas kord\u2026\u201c on v\u00e4ga eduka n\u00e4itena ees, t\u00f6\u00f6tame sama kogemuse alusel v\u00e4lja oma j\u00e4rgmise n\u00e4ituse \u2013 \u201eKeha\u201c. \u201eElas kord\u2026\u201c l\u00e4heb maailma r\u00e4ndama ja sel aastal tegutseme ka selle nimel, et see saaks Tampere Vapriiki muuseumis v\u00e4\u00e4riliselt avatud.<\/p>\n<p style=\"text-align: justify;\">J\u00e4tkame osalussaali n\u00e4itustega. 30. jaanuarini saab veel vaadata puuete teemat kajastavat koost\u00f6\u00f6n\u00e4itust \u201eKaasav elu\u201c. Seej\u00e4rel avame veebruaris Juri Lotmani 100. s\u00fcnniaastap\u00e4eva ja Eesti semiootika p\u00e4randit tutvustava n\u00e4ituse.<\/p>\n<p style=\"text-align: justify;\">Loomulikult teeme koost\u00f6\u00f6d Euroopa kultuuripealinn Tartu 2024 programmi v\u00e4ljat\u00f6\u00f6tamisel ja tagame kontsertide, konverentside-seminaride jm \u00fcrituste korraldamise v\u00f5imalused ERMis.<\/p>\n<p style=\"text-align: justify;\">2022. aasta \u00fcks peamisi ettev\u00f5tmisi on korraldada Euroopa Muuseumide auhinnagala (EMYA), mis toimub ERMis mai alguses.<\/p>\n<p style=\"text-align: justify;\">ERMi pere on valmis oma muuseumikodu h\u00e4sti hoidma, et saaksime k\u00f5iki, kes meile k\u00fclla tulevad, v\u00e4\u00e4riliselt v\u00f5\u00f5rustada. Ootame teid!<\/p>\n<div class=\"fcbkbttn_buttons_block\" id=\"fcbkbttn_left\"><div class=\"fcbkbttn_like \"><fb:like href=\"https:\/\/blog.erm.ee\/?p=15329\" action=\"like\" colorscheme=\"light\" layout=\"standard\"  width=\"225px\" size=\"small\"><\/fb:like><\/div><div class=\"fb-share-button  \" data-href=\"https:\/\/blog.erm.ee\/?p=15329\" data-type=\"button\" data-size=\"small\"><\/div><\/div>","protected":false},"excerpt":{"rendered":"<p>Kertu Saks, Eesti Rahva Muuseumi direktor. Kui mulle tehti ettepanek kirjutada ERMi blogisse aasta alguse lugu, olin esiti teemavalikuga kimbatuses. Ikkagi mu esimene avalik tekst ERMi juhina. Olen olnud selles ametis aga napid kolm n\u00e4dalat ja seega v\u00e4ga t\u00e4pset detaili muuseumi t\u00f6\u00f6dest veel anda ei s\u00f6anda. Head kolleegid juhatasid mind reaotsale, soovitades keskenduda sellele, millest&hellip;<\/p>\n","protected":false},"author":1,"featured_media":15331,"comment_status":"open","ping_status":"open","sticky":false,"template":"","format":"standard","meta":{"_monsterinsights_skip_tracking":false,"_monsterinsights_sitenote_active":false,"_monsterinsights_sitenote_note":"","_monsterinsights_sitenote_category":0,"jetpack_post_was_ever_published":false,"_jetpack_newsletter_access":"","_jetpack_dont_email_post_to_subs":false,"_jetpack_newsletter_tier_id":0,"_jetpack_memberships_contains_paywalled_content":false,"_jetpack_memberships_contains_paid_content":false,"footnotes":""},"categories":[5],"tags":[],"class_list":["post-15329","post","type-post","status-publish","format-standard","has-post-thumbnail","hentry","category-museaal"],"yoast_head":"<!-- This site is optimized with the Yoast SEO plugin v27.5 - https:\/\/yoast.com\/product\/yoast-seo-wordpress\/ -->\n<title>Ilusat ja turvalist uut muuseumiaastat k\u00f5igile! - Eesti Rahva Muuseumi ajaveeb<\/title>\n<meta name=\"robots\" content=\"index, follow, max-snippet:-1, max-image-preview:large, max-video-preview:-1\" \/>\n<link rel=\"canonical\" href=\"https:\/\/blog.erm.ee\/?p=15329\" \/>\n<meta property=\"og:locale\" content=\"et_EE\" \/>\n<meta property=\"og:type\" content=\"article\" \/>\n<meta property=\"og:title\" content=\"Ilusat ja turvalist uut muuseumiaastat k\u00f5igile! - Eesti Rahva Muuseumi ajaveeb\" \/>\n<meta property=\"og:description\" content=\"Kertu Saks, Eesti Rahva Muuseumi direktor. Kui mulle tehti ettepanek kirjutada ERMi blogisse aasta alguse lugu, olin esiti teemavalikuga kimbatuses. Ikkagi mu esimene avalik tekst ERMi juhina. Olen olnud selles ametis aga napid kolm n\u00e4dalat ja seega v\u00e4ga t\u00e4pset detaili muuseumi t\u00f6\u00f6dest veel anda ei s\u00f6anda. Head kolleegid juhatasid mind reaotsale, soovitades keskenduda sellele, millest&hellip;\" \/>\n<meta property=\"og:url\" content=\"https:\/\/blog.erm.ee\/?p=15329\" \/>\n<meta property=\"og:site_name\" content=\"Eesti Rahva Muuseumi ajaveeb\" \/>\n<meta property=\"article:published_time\" content=\"2022-01-06T12:29:25+00:00\" \/>\n<meta property=\"article:modified_time\" content=\"2022-01-10T11:13:38+00:00\" \/>\n<meta property=\"og:image\" content=\"https:\/\/blog.erm.ee\/wp-content\/uploads\/2022\/01\/aa0003-e1641460827413.jpg\" \/>\n\t<meta property=\"og:image:width\" content=\"781\" \/>\n\t<meta property=\"og:image:height\" content=\"760\" \/>\n\t<meta property=\"og:image:type\" content=\"image\/jpeg\" \/>\n<meta name=\"author\" content=\"Eesti Rahva Muuseum\" \/>\n<meta name=\"twitter:card\" content=\"summary_large_image\" \/>\n<meta name=\"twitter:label1\" content=\"Written by\" \/>\n\t<meta name=\"twitter:data1\" content=\"Eesti Rahva Muuseum\" \/>\n\t<meta name=\"twitter:label2\" content=\"Est. reading time\" \/>\n\t<meta name=\"twitter:data2\" content=\"6 minutit\" \/>\n<script type=\"application\/ld+json\" class=\"yoast-schema-graph\">{\"@context\":\"https:\\\/\\\/schema.org\",\"@graph\":[{\"@type\":\"Article\",\"@id\":\"https:\\\/\\\/blog.erm.ee\\\/?p=15329#article\",\"isPartOf\":{\"@id\":\"https:\\\/\\\/blog.erm.ee\\\/?p=15329\"},\"author\":{\"name\":\"Eesti Rahva Muuseum\",\"@id\":\"https:\\\/\\\/blog.erm.ee\\\/#\\\/schema\\\/person\\\/6e98c391cb00a33e7c22a3571e062114\"},\"headline\":\"Ilusat ja turvalist uut muuseumiaastat k\u00f5igile!\",\"datePublished\":\"2022-01-06T12:29:25+00:00\",\"dateModified\":\"2022-01-10T11:13:38+00:00\",\"mainEntityOfPage\":{\"@id\":\"https:\\\/\\\/blog.erm.ee\\\/?p=15329\"},\"wordCount\":1067,\"commentCount\":0,\"image\":{\"@id\":\"https:\\\/\\\/blog.erm.ee\\\/?p=15329#primaryimage\"},\"thumbnailUrl\":\"https:\\\/\\\/blog.erm.ee\\\/wp-content\\\/uploads\\\/2022\\\/01\\\/aa0003-e1641460827413.jpg\",\"articleSection\":[\"Museaal\"],\"inLanguage\":\"et\",\"potentialAction\":[{\"@type\":\"CommentAction\",\"name\":\"Comment\",\"target\":[\"https:\\\/\\\/blog.erm.ee\\\/?p=15329#respond\"]}]},{\"@type\":\"WebPage\",\"@id\":\"https:\\\/\\\/blog.erm.ee\\\/?p=15329\",\"url\":\"https:\\\/\\\/blog.erm.ee\\\/?p=15329\",\"name\":\"Ilusat ja turvalist uut muuseumiaastat k\u00f5igile! - Eesti Rahva Muuseumi ajaveeb\",\"isPartOf\":{\"@id\":\"https:\\\/\\\/blog.erm.ee\\\/#website\"},\"primaryImageOfPage\":{\"@id\":\"https:\\\/\\\/blog.erm.ee\\\/?p=15329#primaryimage\"},\"image\":{\"@id\":\"https:\\\/\\\/blog.erm.ee\\\/?p=15329#primaryimage\"},\"thumbnailUrl\":\"https:\\\/\\\/blog.erm.ee\\\/wp-content\\\/uploads\\\/2022\\\/01\\\/aa0003-e1641460827413.jpg\",\"datePublished\":\"2022-01-06T12:29:25+00:00\",\"dateModified\":\"2022-01-10T11:13:38+00:00\",\"author\":{\"@id\":\"https:\\\/\\\/blog.erm.ee\\\/#\\\/schema\\\/person\\\/6e98c391cb00a33e7c22a3571e062114\"},\"breadcrumb\":{\"@id\":\"https:\\\/\\\/blog.erm.ee\\\/?p=15329#breadcrumb\"},\"inLanguage\":\"et\",\"potentialAction\":[{\"@type\":\"ReadAction\",\"target\":[\"https:\\\/\\\/blog.erm.ee\\\/?p=15329\"]}]},{\"@type\":\"ImageObject\",\"inLanguage\":\"et\",\"@id\":\"https:\\\/\\\/blog.erm.ee\\\/?p=15329#primaryimage\",\"url\":\"https:\\\/\\\/blog.erm.ee\\\/wp-content\\\/uploads\\\/2022\\\/01\\\/aa0003-e1641460827413.jpg\",\"contentUrl\":\"https:\\\/\\\/blog.erm.ee\\\/wp-content\\\/uploads\\\/2022\\\/01\\\/aa0003-e1641460827413.jpg\",\"width\":781,\"height\":760},{\"@type\":\"BreadcrumbList\",\"@id\":\"https:\\\/\\\/blog.erm.ee\\\/?p=15329#breadcrumb\",\"itemListElement\":[{\"@type\":\"ListItem\",\"position\":1,\"name\":\"Home\",\"item\":\"https:\\\/\\\/blog.erm.ee\\\/\"},{\"@type\":\"ListItem\",\"position\":2,\"name\":\"Ilusat ja turvalist uut muuseumiaastat k\u00f5igile!\"}]},{\"@type\":\"WebSite\",\"@id\":\"https:\\\/\\\/blog.erm.ee\\\/#website\",\"url\":\"https:\\\/\\\/blog.erm.ee\\\/\",\"name\":\"Eesti Rahva Muuseumi ajaveeb\",\"description\":\"\",\"potentialAction\":[{\"@type\":\"SearchAction\",\"target\":{\"@type\":\"EntryPoint\",\"urlTemplate\":\"https:\\\/\\\/blog.erm.ee\\\/?s={search_term_string}\"},\"query-input\":{\"@type\":\"PropertyValueSpecification\",\"valueRequired\":true,\"valueName\":\"search_term_string\"}}],\"inLanguage\":\"et\"},{\"@type\":\"Person\",\"@id\":\"https:\\\/\\\/blog.erm.ee\\\/#\\\/schema\\\/person\\\/6e98c391cb00a33e7c22a3571e062114\",\"name\":\"Eesti Rahva Muuseum\",\"image\":{\"@type\":\"ImageObject\",\"inLanguage\":\"et\",\"@id\":\"https:\\\/\\\/secure.gravatar.com\\\/avatar\\\/cb6d9ad5fb49f3f7315028ce5fe60641075f2cb52b8a058ff5a985fa2d8c1da0?s=96&d=mm&r=g\",\"url\":\"https:\\\/\\\/secure.gravatar.com\\\/avatar\\\/cb6d9ad5fb49f3f7315028ce5fe60641075f2cb52b8a058ff5a985fa2d8c1da0?s=96&d=mm&r=g\",\"contentUrl\":\"https:\\\/\\\/secure.gravatar.com\\\/avatar\\\/cb6d9ad5fb49f3f7315028ce5fe60641075f2cb52b8a058ff5a985fa2d8c1da0?s=96&d=mm&r=g\",\"caption\":\"Eesti Rahva Muuseum\"},\"sameAs\":[\"http:\\\/\\\/www.erm.ee\"],\"url\":\"https:\\\/\\\/blog.erm.ee\\\/?author=1\"}]}<\/script>\n<!-- \/ Yoast SEO plugin. -->","yoast_head_json":{"title":"Ilusat ja turvalist uut muuseumiaastat k\u00f5igile! - Eesti Rahva Muuseumi ajaveeb","robots":{"index":"index","follow":"follow","max-snippet":"max-snippet:-1","max-image-preview":"max-image-preview:large","max-video-preview":"max-video-preview:-1"},"canonical":"https:\/\/blog.erm.ee\/?p=15329","og_locale":"et_EE","og_type":"article","og_title":"Ilusat ja turvalist uut muuseumiaastat k\u00f5igile! - Eesti Rahva Muuseumi ajaveeb","og_description":"Kertu Saks, Eesti Rahva Muuseumi direktor. Kui mulle tehti ettepanek kirjutada ERMi blogisse aasta alguse lugu, olin esiti teemavalikuga kimbatuses. Ikkagi mu esimene avalik tekst ERMi juhina. Olen olnud selles ametis aga napid kolm n\u00e4dalat ja seega v\u00e4ga t\u00e4pset detaili muuseumi t\u00f6\u00f6dest veel anda ei s\u00f6anda. Head kolleegid juhatasid mind reaotsale, soovitades keskenduda sellele, millest&hellip;","og_url":"https:\/\/blog.erm.ee\/?p=15329","og_site_name":"Eesti Rahva Muuseumi ajaveeb","article_published_time":"2022-01-06T12:29:25+00:00","article_modified_time":"2022-01-10T11:13:38+00:00","og_image":[{"width":781,"height":760,"url":"https:\/\/blog.erm.ee\/wp-content\/uploads\/2022\/01\/aa0003-e1641460827413.jpg","type":"image\/jpeg"}],"author":"Eesti Rahva Muuseum","twitter_card":"summary_large_image","twitter_misc":{"Written by":"Eesti Rahva Muuseum","Est. reading time":"6 minutit"},"schema":{"@context":"https:\/\/schema.org","@graph":[{"@type":"Article","@id":"https:\/\/blog.erm.ee\/?p=15329#article","isPartOf":{"@id":"https:\/\/blog.erm.ee\/?p=15329"},"author":{"name":"Eesti Rahva Muuseum","@id":"https:\/\/blog.erm.ee\/#\/schema\/person\/6e98c391cb00a33e7c22a3571e062114"},"headline":"Ilusat ja turvalist uut muuseumiaastat k\u00f5igile!","datePublished":"2022-01-06T12:29:25+00:00","dateModified":"2022-01-10T11:13:38+00:00","mainEntityOfPage":{"@id":"https:\/\/blog.erm.ee\/?p=15329"},"wordCount":1067,"commentCount":0,"image":{"@id":"https:\/\/blog.erm.ee\/?p=15329#primaryimage"},"thumbnailUrl":"https:\/\/blog.erm.ee\/wp-content\/uploads\/2022\/01\/aa0003-e1641460827413.jpg","articleSection":["Museaal"],"inLanguage":"et","potentialAction":[{"@type":"CommentAction","name":"Comment","target":["https:\/\/blog.erm.ee\/?p=15329#respond"]}]},{"@type":"WebPage","@id":"https:\/\/blog.erm.ee\/?p=15329","url":"https:\/\/blog.erm.ee\/?p=15329","name":"Ilusat ja turvalist uut muuseumiaastat k\u00f5igile! - Eesti Rahva Muuseumi ajaveeb","isPartOf":{"@id":"https:\/\/blog.erm.ee\/#website"},"primaryImageOfPage":{"@id":"https:\/\/blog.erm.ee\/?p=15329#primaryimage"},"image":{"@id":"https:\/\/blog.erm.ee\/?p=15329#primaryimage"},"thumbnailUrl":"https:\/\/blog.erm.ee\/wp-content\/uploads\/2022\/01\/aa0003-e1641460827413.jpg","datePublished":"2022-01-06T12:29:25+00:00","dateModified":"2022-01-10T11:13:38+00:00","author":{"@id":"https:\/\/blog.erm.ee\/#\/schema\/person\/6e98c391cb00a33e7c22a3571e062114"},"breadcrumb":{"@id":"https:\/\/blog.erm.ee\/?p=15329#breadcrumb"},"inLanguage":"et","potentialAction":[{"@type":"ReadAction","target":["https:\/\/blog.erm.ee\/?p=15329"]}]},{"@type":"ImageObject","inLanguage":"et","@id":"https:\/\/blog.erm.ee\/?p=15329#primaryimage","url":"https:\/\/blog.erm.ee\/wp-content\/uploads\/2022\/01\/aa0003-e1641460827413.jpg","contentUrl":"https:\/\/blog.erm.ee\/wp-content\/uploads\/2022\/01\/aa0003-e1641460827413.jpg","width":781,"height":760},{"@type":"BreadcrumbList","@id":"https:\/\/blog.erm.ee\/?p=15329#breadcrumb","itemListElement":[{"@type":"ListItem","position":1,"name":"Home","item":"https:\/\/blog.erm.ee\/"},{"@type":"ListItem","position":2,"name":"Ilusat ja turvalist uut muuseumiaastat k\u00f5igile!"}]},{"@type":"WebSite","@id":"https:\/\/blog.erm.ee\/#website","url":"https:\/\/blog.erm.ee\/","name":"Eesti Rahva Muuseumi ajaveeb","description":"","potentialAction":[{"@type":"SearchAction","target":{"@type":"EntryPoint","urlTemplate":"https:\/\/blog.erm.ee\/?s={search_term_string}"},"query-input":{"@type":"PropertyValueSpecification","valueRequired":true,"valueName":"search_term_string"}}],"inLanguage":"et"},{"@type":"Person","@id":"https:\/\/blog.erm.ee\/#\/schema\/person\/6e98c391cb00a33e7c22a3571e062114","name":"Eesti Rahva Muuseum","image":{"@type":"ImageObject","inLanguage":"et","@id":"https:\/\/secure.gravatar.com\/avatar\/cb6d9ad5fb49f3f7315028ce5fe60641075f2cb52b8a058ff5a985fa2d8c1da0?s=96&d=mm&r=g","url":"https:\/\/secure.gravatar.com\/avatar\/cb6d9ad5fb49f3f7315028ce5fe60641075f2cb52b8a058ff5a985fa2d8c1da0?s=96&d=mm&r=g","contentUrl":"https:\/\/secure.gravatar.com\/avatar\/cb6d9ad5fb49f3f7315028ce5fe60641075f2cb52b8a058ff5a985fa2d8c1da0?s=96&d=mm&r=g","caption":"Eesti Rahva Muuseum"},"sameAs":["http:\/\/www.erm.ee"],"url":"https:\/\/blog.erm.ee\/?author=1"}]}},"jetpack_featured_media_url":"https:\/\/blog.erm.ee\/wp-content\/uploads\/2022\/01\/aa0003-e1641460827413.jpg","jetpack_shortlink":"https:\/\/wp.me\/p2l9Zd-3Zf","jetpack_sharing_enabled":true,"jetpack_likes_enabled":true,"_links":{"self":[{"href":"https:\/\/blog.erm.ee\/index.php?rest_route=\/wp\/v2\/posts\/15329","targetHints":{"allow":["GET"]}}],"collection":[{"href":"https:\/\/blog.erm.ee\/index.php?rest_route=\/wp\/v2\/posts"}],"about":[{"href":"https:\/\/blog.erm.ee\/index.php?rest_route=\/wp\/v2\/types\/post"}],"author":[{"embeddable":true,"href":"https:\/\/blog.erm.ee\/index.php?rest_route=\/wp\/v2\/users\/1"}],"replies":[{"embeddable":true,"href":"https:\/\/blog.erm.ee\/index.php?rest_route=%2Fwp%2Fv2%2Fcomments&post=15329"}],"version-history":[{"count":3,"href":"https:\/\/blog.erm.ee\/index.php?rest_route=\/wp\/v2\/posts\/15329\/revisions"}],"predecessor-version":[{"id":15337,"href":"https:\/\/blog.erm.ee\/index.php?rest_route=\/wp\/v2\/posts\/15329\/revisions\/15337"}],"wp:featuredmedia":[{"embeddable":true,"href":"https:\/\/blog.erm.ee\/index.php?rest_route=\/wp\/v2\/media\/15331"}],"wp:attachment":[{"href":"https:\/\/blog.erm.ee\/index.php?rest_route=%2Fwp%2Fv2%2Fmedia&parent=15329"}],"wp:term":[{"taxonomy":"category","embeddable":true,"href":"https:\/\/blog.erm.ee\/index.php?rest_route=%2Fwp%2Fv2%2Fcategories&post=15329"},{"taxonomy":"post_tag","embeddable":true,"href":"https:\/\/blog.erm.ee\/index.php?rest_route=%2Fwp%2Fv2%2Ftags&post=15329"}],"curies":[{"name":"wp","href":"https:\/\/api.w.org\/{rel}","templated":true}]}}