{"id":1529,"date":"2013-03-01T06:11:57","date_gmt":"2013-03-01T04:11:57","guid":{"rendered":"http:\/\/blog.erm.ee\/?p=1529"},"modified":"2013-11-06T10:02:42","modified_gmt":"2013-11-06T08:02:42","slug":"kuu-kiri-nr-3-ehk-100-aastat-tagasi-martsis","status":"publish","type":"post","link":"https:\/\/blog.erm.ee\/?p=1529","title":{"rendered":"Kuu kiri nr 3 ehk 100 aastat tagasi m\u00e4rtsis"},"content":{"rendered":"<div class=\"fcbkbttn_buttons_block\" id=\"fcbkbttn_left\"><div class=\"fcbkbttn_like \"><fb:like href=\"https:\/\/blog.erm.ee\/?p=1529\" action=\"like\" colorscheme=\"light\" layout=\"standard\"  width=\"225px\" size=\"small\"><\/fb:like><\/div><div class=\"fb-share-button  \" data-href=\"https:\/\/blog.erm.ee\/?p=1529\" data-type=\"button\" data-size=\"small\"><\/div><\/div><p>&nbsp;<\/p>\n<p><span style=\"color: #000000;\"><i>Kristi \u00dctt, digitaal- ja eriarhiivi hoiuhaldur<\/i><\/span><\/p>\n<p><span style=\"color: #000000;\">\u00a0<\/span><span style=\"color: #000000;\">J\u00e4rgnev kiri<a title=\"\" href=\"#_edn1\"><span style=\"color: #000000;\">[1]<\/span><\/a> on saadetud Peterburist 1913. aasta m\u00e4rtsikuus \u00fcli\u00f5pilaste August Kalbergi (snd 1888, ka Kallberg) ja Paul Gerretzi (snd 1890 ka Gerrets) poolt. Noormehed \u00f5ppisid k\u00f5ik Peterburi Pol\u00fctehnikumis: Kalberg insener-mehaanikuks, Gerretz mereinseneriks ja kirjas mainitud kolmas kaaslane Mihkel Mats majandusteaduskonnas. Aktiivsete \u00fcli\u00f5pilastena olid nad tegevad Peterburi Pol\u00fctehnikumi Eesti \u00dcli\u00f5pilaste Seltsi \u201cIlmarine\u201d juhtivate j\u00f5udude seas: Kalberg oli seltsis kirjatoimetaja, Gerretz laekahoidja abi ja Mats raamatukoguhoidja.<a title=\"\" href=\"#_edn2\"><span style=\"color: #000000;\">[2]<\/span><\/a> Viimane neist oli ka korporatsioon Rotalia liige.<a title=\"\" href=\"#_edn3\"><span style=\"color: #000000;\">[3]<\/span><\/a>\u00a0<\/span><\/p>\n<p><span style=\"color: #000000;\"><i>\u00a0<a href=\"https:\/\/blog.erm.ee\/wp-content\/uploads\/2013\/02\/022393_ERM_Fk_245_11.jpg\"><img loading=\"lazy\" decoding=\"async\" data-attachment-id=\"1534\" data-permalink=\"https:\/\/blog.erm.ee\/?attachment_id=1534#main\" data-orig-file=\"https:\/\/blog.erm.ee\/wp-content\/uploads\/2013\/02\/022393_ERM_Fk_245_11.jpg\" data-orig-size=\"1024,656\" data-comments-opened=\"1\" data-image-meta=\"{&quot;aperture&quot;:&quot;0&quot;,&quot;credit&quot;:&quot;&quot;,&quot;camera&quot;:&quot;&quot;,&quot;caption&quot;:&quot;&quot;,&quot;created_timestamp&quot;:&quot;0&quot;,&quot;copyright&quot;:&quot;&quot;,&quot;focal_length&quot;:&quot;0&quot;,&quot;iso&quot;:&quot;0&quot;,&quot;shutter_speed&quot;:&quot;0&quot;,&quot;title&quot;:&quot;&quot;}\" data-image-title=\"022393_ERM_Fk_245_11\" data-image-description=\"\" data-image-caption=\"\" data-large-file=\"https:\/\/blog.erm.ee\/wp-content\/uploads\/2013\/02\/022393_ERM_Fk_245_11.jpg\" class=\"alignnone  wp-image-1534\" alt=\"022393_ERM_Fk_245_11\" src=\"https:\/\/blog.erm.ee\/wp-content\/uploads\/2013\/02\/022393_ERM_Fk_245_11.jpg\" width=\"720\" height=\"461\" srcset=\"https:\/\/blog.erm.ee\/wp-content\/uploads\/2013\/02\/022393_ERM_Fk_245_11.jpg 1024w, https:\/\/blog.erm.ee\/wp-content\/uploads\/2013\/02\/022393_ERM_Fk_245_11-405x260.jpg 405w, https:\/\/blog.erm.ee\/wp-content\/uploads\/2013\/02\/022393_ERM_Fk_245_11-300x192.jpg 300w\" sizes=\"auto, (max-width: 720px) 100vw, 720px\" \/><\/a><em>ERM Fk 245:11 T\u00fcri kihelkonna pidulised. Foto: Aadu Treufeldt.<\/em><\/i><\/span><\/p>\n<p align=\"right\"><span style=\"color: #000000;\"><i>Peterburis 3mal M\u00e4rtsil<\/i><\/span><\/p>\n<p align=\"right\"><span style=\"color: #000000;\"><i>\u00a0<\/i><\/span><\/p>\n<p align=\"center\"><span style=\"color: #000000;\"><i>Eesti Rahwa Museumi Juhatus!<\/i><\/span><\/p>\n<p><span style=\"color: #000000;\"><i>\u00a0<\/i><\/span><\/p>\n<p align=\"center\"><span style=\"color: #000000;\"><i>Museumi asjaajaja kirja peale 25\/II 13 a on meil auu j\u00e4rgmist teatada: <\/i><\/span><\/p>\n<p align=\"center\"><span style=\"color: #000000;\"><i>Meie\u00a0 arwasime, et \u201cIlmarine\u201d Eestseisuse poolt saadetud kiri \u20a6 11 26\/X 12 a. meie elus olemist ja ka seda, et meie wanawara \u00fcle\u00fcldse korjanud oleme k\u00fcllalt tunnistama pidi. Selles kirjas teatas \u201cIlmarine\u201d Eestseisus, et \u00fcli\u00f5pilased A. Kalberg, M. Mats ja P. Gerretz terwe T\u00fcri kihelkonna peale paari k\u00fcla wanawara korjamisel l\u00e4bi on k\u00e4inud. Nimetatud \u00fcli\u00f5pilased palusiwad \u201cIlmarine\u201d Eestseisuse l\u00e4bi neile w\u00f5imalust anda asjade korjamist ja korraldamist l\u00f5petada. Museumi Juhatus teatas, et ta J\u00f5uluni ootab. J\u00f5ulus ei saanud aga meie pahade teede ja Seltsi asjade p\u00e4rast kuidagi asjade korjamise ja korraldamisega walmis. Loodame, et Museumi Juhatus ei saa meid selle p\u00e4rast s\u00fc\u00fcdistama. Meie m\u00f5tlesime kewadel korjamise l\u00f5petada ja k\u00f5ik asjad \u00fche korraga \u00e4ra saata. <\/i><\/span><\/p>\n<p align=\"center\"><span style=\"color: #000000;\"><i>Korjanud oleme umbes 200 \u20a6\u20a6, mille eest 25 rubla \u00fcmber maksnud oleme. Muid w\u00e4ljaminekuid peale reisikulude M. Matsile \u2013 6 rubla \u2013 meil ei olnud.<\/i><\/span><\/p>\n<p align=\"center\"><span style=\"color: #000000;\"><i>Korjamist toimetasime meie j\u00e4rjekindlalt ja p\u00f5hjalikult. Meie tahtsime suuwe praktikast wabal ajal iga\u00fcks oma kodus korjata. Et meid k\u00f5iki aga T\u00fcri kihelkonda nimetati, kuna meie praktilised t\u00f6\u00f6d mitte \u00fchel ajal ei l\u00f5ppenud, siis j\u00e4i meil w\u00e4he aega \u00fchiseks korjamiseks \u00fcle. misp\u00e4rast me ka oma t\u00f6\u00f6d ei suutnud l\u00f5petada. Meie teeme j\u00e4rgmise ettepaneku: andke meile w\u00f5imalust korjamist Jaani kuus l\u00f5petada. Kui teie aga n\u00f5uate tingimata praegu kor[j]amise likwideerimist, siis oleme meie sunnitud asjad korraldamata \u00e4ra saata laskma, s.p. et k\u00f5ik korjatud asjad, korjamise raamatud ja n.e. on T\u00fcri kihelkonnas, kuhu meil enne kewadet ei ole w\u00f5imalik s\u00f5ita.<\/i><\/span><\/p>\n<p align=\"center\"><span style=\"color: #000000;\"><i>\u00a0<\/i><\/span><\/p>\n<h1><\/h1>\n<p style=\"text-align: right;\" align=\"center\"><em><span style=\"color: #000000;\">Auustusega: M. Mats<\/span><\/em><\/p>\n<p align=\"right\"><span style=\"color: #000000;\"><i>A. Kalberg<\/i><\/span><span style=\"color: #000000;\"><i>\u00a0<\/i><\/span><\/p>\n<p><span style=\"color: #000000;\"><a href=\"https:\/\/blog.erm.ee\/wp-content\/uploads\/2013\/02\/022392_ERM_Fk_245_10.jpg\"><img loading=\"lazy\" decoding=\"async\" alt=\"022392_ERM_Fk_245_10\" src=\"https:\/\/blog.erm.ee\/wp-content\/uploads\/2013\/02\/022392_ERM_Fk_245_10.jpg\" width=\"577\" height=\"800\" \/><\/a><em>ERM Fk 245:10 T\u00fcri kihelkonna fotograaf Aadu Treufeldt (istub paremal) kaaslasega. Foto: Aadu Treufeldtilt.<\/em><\/span><em><\/em><\/p>\n<p style=\"text-align: left;\" align=\"right\"><span style=\"color: #000000;\"><i>\u00a0<\/i><\/span><span style=\"color: #000000;\">\u00c4rksate noorsandidena otsustasid poisid korjata Eesti Rahva Muuseumile vanavara T\u00fcri kihelkonnas 1912. ja 1913. aastal. Hoolimata sellest, et muuseumi ja korjajate vahel olid k\u00fcll siin toodud kirjastki n\u00e4htavalt mingid m\u00f6\u00f6dar\u00e4\u00e4kimised v\u00f5i kommunikatsiooniprobleemid, j\u00f5udis noormeeste korjatud vanavara 1914. aastal kenasti muuseumisse. Asju on peakataloogi andmeil v\u00e4hem, kui kirjas toodud, nimelt 130 (ERM 14763-14866).\u00a0 Korjatu hulgas on m\u00e4rkimisv\u00e4\u00e4rne hulk erinevaid v\u00f6\u00f6sid, samuti muid riideesemeid, saanitekke, t\u00f6\u00f6riistu, majapidamiskraami jm. Lisaks saadeti muuseumile kohalikult fotograafilt Aadu Treufeldtilt ostetud \u00fclesv\u00f5tteid kihelkonnast (Fk 245:1\u201313).\u00a0 Peakataloogis ja korjamisraamatus on korjajaks m\u00e4rgitud k\u00fcll \u00fcksnes T\u00fcri kihelkonnast p\u00e4rit A. Kalberg, ent kirjavahetusest n\u00e4htub, et k\u00f5ik kolm noormeest olid rohkemal v\u00f5i v\u00e4hemal m\u00e4\u00e4ral korjamisega ametis.<\/span><\/p>\n<p><span style=\"color: #000000;\"><a href=\"https:\/\/blog.erm.ee\/wp-content\/uploads\/2013\/02\/022391_ERM_Fk_245_9.jpg\"><img loading=\"lazy\" decoding=\"async\" data-attachment-id=\"1536\" data-permalink=\"https:\/\/blog.erm.ee\/?attachment_id=1536#main\" data-orig-file=\"https:\/\/blog.erm.ee\/wp-content\/uploads\/2013\/02\/022391_ERM_Fk_245_9.jpg\" data-orig-size=\"1024,655\" data-comments-opened=\"1\" data-image-meta=\"{&quot;aperture&quot;:&quot;0&quot;,&quot;credit&quot;:&quot;&quot;,&quot;camera&quot;:&quot;&quot;,&quot;caption&quot;:&quot;&quot;,&quot;created_timestamp&quot;:&quot;0&quot;,&quot;copyright&quot;:&quot;&quot;,&quot;focal_length&quot;:&quot;0&quot;,&quot;iso&quot;:&quot;0&quot;,&quot;shutter_speed&quot;:&quot;0&quot;,&quot;title&quot;:&quot;&quot;}\" data-image-title=\"022391_ERM_Fk_245_9\" data-image-description=\"\" data-image-caption=\"\" data-large-file=\"https:\/\/blog.erm.ee\/wp-content\/uploads\/2013\/02\/022391_ERM_Fk_245_9.jpg\" class=\"alignnone  wp-image-1536\" alt=\"022391_ERM_Fk_245_9\" src=\"https:\/\/blog.erm.ee\/wp-content\/uploads\/2013\/02\/022391_ERM_Fk_245_9.jpg\" width=\"720\" height=\"460\" srcset=\"https:\/\/blog.erm.ee\/wp-content\/uploads\/2013\/02\/022391_ERM_Fk_245_9.jpg 1024w, https:\/\/blog.erm.ee\/wp-content\/uploads\/2013\/02\/022391_ERM_Fk_245_9-406x260.jpg 406w, https:\/\/blog.erm.ee\/wp-content\/uploads\/2013\/02\/022391_ERM_Fk_245_9-300x191.jpg 300w\" sizes=\"auto, (max-width: 720px) 100vw, 720px\" \/><\/a><em>ERM Fk 245:9 T\u00fcri kihelkonna heinalised. Foto: Aadu Treufeldt.<\/em><\/span><\/p>\n<p><span style=\"color: #000000;\"><a href=\"https:\/\/blog.erm.ee\/wp-content\/uploads\/2013\/02\/001588_ERM_14773.jpg\"><img loading=\"lazy\" decoding=\"async\" data-attachment-id=\"1537\" data-permalink=\"https:\/\/blog.erm.ee\/?attachment_id=1537#main\" data-orig-file=\"https:\/\/blog.erm.ee\/wp-content\/uploads\/2013\/02\/001588_ERM_14773.jpg\" data-orig-size=\"698,800\" data-comments-opened=\"1\" data-image-meta=\"{&quot;aperture&quot;:&quot;0&quot;,&quot;credit&quot;:&quot;&quot;,&quot;camera&quot;:&quot;&quot;,&quot;caption&quot;:&quot;File Name : DSCN0088.JPG\\rFile Size : 1.4MB (1450552 Bytes)\\rDate Taken : 2002\/03\/11 14:45:38\\rImage Size : 2560 x 1920 pixels\\rResolution : 300 x 300 dpi\\rBit Depth : 8 bits\/channel\\rProtection Attribute : Off\\rHide Attribute : Off\\rCamera ID : N\/A\\rCamera : E5000\\rQuality Mode : FINE\\rMetering Mode : Center-Weighted\\rExposure Mode : Manual\\rSpeed Light : Yes\\rFocal Length : 11.4 mm\\rShutter Speed : 1\/250 second\\rAperture : F7.4\\rExposure Compensation : 0 EV\\rWhite Balance : Flash\\rLens : Built-in\\rFlash Sync Mode : Slow Sync\\rExposure Difference : N\/A\\rFlexible Program : N\/A\\rSensitivity : ISO100\\rSharpening : Auto\\rImage Type : Color\\rColor Mode : N\/A\\rHue Adjustment : N\/A\\rSaturation Control : Saturation -1\\rTone Compensation : Normal\\rLatitude(GPS) : N\/A\\rLongitude(GPS) : N\/A\\rAltitude(GPS) : N\/A&quot;,&quot;created_timestamp&quot;:&quot;1015857938&quot;,&quot;copyright&quot;:&quot;\\u00a9 Eesti Rahva Muuseum&quot;,&quot;focal_length&quot;:&quot;0&quot;,&quot;iso&quot;:&quot;0&quot;,&quot;shutter_speed&quot;:&quot;0&quot;,&quot;title&quot;:&quot;&quot;}\" data-image-title=\"001588_ERM_14773\" data-image-description=\"&lt;p&gt;File Name : DSCN0088.JPG&lt;br \/&gt;\nFile Size : 1.4MB (1450552 Bytes)&lt;br \/&gt;\nDate Taken : 2002\/03\/11 14:45:38&lt;br \/&gt;\nImage Size : 2560 x 1920 pixels&lt;br \/&gt;\nResolution : 300 x 300 dpi&lt;br \/&gt;\nBit Depth : 8 bits\/channel&lt;br \/&gt;\nProtection Attribute : Off&lt;br \/&gt;\nHide Attribute : Off&lt;br \/&gt;\nCamera ID : N\/A&lt;br \/&gt;\nCamera : E5000&lt;br \/&gt;\nQuality Mode : FINE&lt;br \/&gt;\nMetering Mode : Center-Weighted&lt;br \/&gt;\nExposure Mode : Manual&lt;br \/&gt;\nSpeed Light : Yes&lt;br \/&gt;\nFocal Length : 11.4 mm&lt;br \/&gt;\nShutter Speed : 1\/250 second&lt;br \/&gt;\nAperture : F7.4&lt;br \/&gt;\nExposure Compensation : 0 EV&lt;br \/&gt;\nWhite Balance : Flash&lt;br \/&gt;\nLens : Built-in&lt;br \/&gt;\nFlash Sync Mode : Slow Sync&lt;br \/&gt;\nExposure Difference : N\/A&lt;br \/&gt;\nFlexible Program : N\/A&lt;br \/&gt;\nSensitivity : ISO100&lt;br \/&gt;\nSharpening : Auto&lt;br \/&gt;\nImage Type : Color&lt;br \/&gt;\nColor Mode : N\/A&lt;br \/&gt;\nHue Adjustment : N\/A&lt;br \/&gt;\nSaturation Control : Saturation -1&lt;br \/&gt;\nTone Compensation : Normal&lt;br \/&gt;\nLatitude(GPS) : N\/A&lt;br \/&gt;\nLongitude(GPS) : N\/A&lt;br \/&gt;\nAltitude(GPS) : N\/A&lt;\/p&gt;\n\" data-image-caption=\"\" data-large-file=\"https:\/\/blog.erm.ee\/wp-content\/uploads\/2013\/02\/001588_ERM_14773.jpg\" class=\"alignnone  wp-image-1537\" alt=\"001588_ERM_14773\" src=\"https:\/\/blog.erm.ee\/wp-content\/uploads\/2013\/02\/001588_ERM_14773.jpg\" width=\"419\" height=\"480\" srcset=\"https:\/\/blog.erm.ee\/wp-content\/uploads\/2013\/02\/001588_ERM_14773.jpg 698w, https:\/\/blog.erm.ee\/wp-content\/uploads\/2013\/02\/001588_ERM_14773-226x260.jpg 226w, https:\/\/blog.erm.ee\/wp-content\/uploads\/2013\/02\/001588_ERM_14773-261x300.jpg 261w\" sizes=\"auto, (max-width: 419px) 100vw, 419px\" \/><\/a><em><\/em><\/span><\/p>\n<p><span style=\"color: #000000;\"><em>ERM 14773 Kasetohust leivam\u00e4rss. Kinkinud Jaan Kuurmann T\u00fcri kihelkonna \u00c4nari k\u00fcla Pearna talust. \u00dcle 150 a vana.<\/em><\/span><\/p>\n<p><span style=\"color: #000000;\"><a href=\"https:\/\/blog.erm.ee\/wp-content\/uploads\/2013\/02\/002042_ERM_14838_ab.jpg\"><img loading=\"lazy\" decoding=\"async\" data-attachment-id=\"1538\" data-permalink=\"https:\/\/blog.erm.ee\/?attachment_id=1538#main\" data-orig-file=\"https:\/\/blog.erm.ee\/wp-content\/uploads\/2013\/02\/002042_ERM_14838_ab.jpg\" data-orig-size=\"1024,737\" data-comments-opened=\"1\" data-image-meta=\"{&quot;aperture&quot;:&quot;0&quot;,&quot;credit&quot;:&quot;&quot;,&quot;camera&quot;:&quot;&quot;,&quot;caption&quot;:&quot;&quot;,&quot;created_timestamp&quot;:&quot;0&quot;,&quot;copyright&quot;:&quot;&quot;,&quot;focal_length&quot;:&quot;0&quot;,&quot;iso&quot;:&quot;0&quot;,&quot;shutter_speed&quot;:&quot;0&quot;,&quot;title&quot;:&quot;&quot;}\" data-image-title=\"002042_ERM_14838_ab\" data-image-description=\"&lt;p&gt;File Name : DSCN1671.JPG&lt;br \/&gt;\nFile Size : 1.4MB (1480863 Bytes)&lt;br \/&gt;\nDate Taken : 2002\/03\/12 14:18:59&lt;br \/&gt;\nImage Size : 2560 x 1920 pixels&lt;br \/&gt;\nResolution : 300 x 300 dpi&lt;br \/&gt;\nBit Depth : 8 bits\/channel&lt;br \/&gt;\nProtection Attribute : Off&lt;br \/&gt;\nHide Attribute : Off&lt;br \/&gt;\nCamera ID : N\/A&lt;br \/&gt;\nCamera : E5000&lt;br \/&gt;\nQuality Mode : FINE&lt;br \/&gt;\nMetering Mode : Center-Weighted&lt;br \/&gt;\nExposure Mode : Manual&lt;br \/&gt;\nSpeed Light : Yes&lt;br \/&gt;\nFocal Length : 16.2 mm&lt;br \/&gt;\nShutter Speed : 1\/250 second&lt;br \/&gt;\nAperture : F8.0&lt;br \/&gt;\nExposure Compensation : 0 EV&lt;br \/&gt;\nWhite Balance : Flash&lt;br \/&gt;\nLens : Built-in&lt;br \/&gt;\nFlash Sync Mode : Slow Sync&lt;br \/&gt;\nExposure Difference : N\/A&lt;br \/&gt;\nFlexible Program : N\/A&lt;br \/&gt;\nSensitivity : ISO100&lt;br \/&gt;\nSharpening : Auto&lt;br \/&gt;\nImage Type : Color&lt;br \/&gt;\nColor Mode : N\/A&lt;br \/&gt;\nHue Adjustment : N\/A&lt;br \/&gt;\nSaturation Control : Saturation -1&lt;br \/&gt;\nTone Compensation : Normal&lt;br \/&gt;\nLatitude(GPS) : N\/A&lt;br \/&gt;\nLongitude(GPS) : N\/A&lt;br \/&gt;\nAltitude(GPS) : N\/A&lt;\/p&gt;\n\" data-image-caption=\"\" data-large-file=\"https:\/\/blog.erm.ee\/wp-content\/uploads\/2013\/02\/002042_ERM_14838_ab.jpg\" class=\"alignnone  wp-image-1538\" alt=\"002042_ERM_14838_ab\" src=\"https:\/\/blog.erm.ee\/wp-content\/uploads\/2013\/02\/002042_ERM_14838_ab.jpg\" width=\"432\" height=\"311\" srcset=\"https:\/\/blog.erm.ee\/wp-content\/uploads\/2013\/02\/002042_ERM_14838_ab.jpg 1024w, https:\/\/blog.erm.ee\/wp-content\/uploads\/2013\/02\/002042_ERM_14838_ab-361x260.jpg 361w, https:\/\/blog.erm.ee\/wp-content\/uploads\/2013\/02\/002042_ERM_14838_ab-300x215.jpg 300w\" sizes=\"auto, (max-width: 432px) 100vw, 432px\" \/><\/a><em><\/em><\/span><\/p>\n<p><span style=\"color: #000000;\"><em>ERM 14838\/ab P\u00e4rnakoorest viisud e \u201cviisad\u201d. Kinkinud August Kalberg T\u00fcri kihelkonna \u00c4nari k\u00fcla Hanso talust.<\/em><\/span><\/p>\n<p><span style=\"color: #000000;\"><a href=\"https:\/\/blog.erm.ee\/wp-content\/uploads\/2013\/02\/050724_ERM_14765_8.jpg\"><img loading=\"lazy\" decoding=\"async\" data-attachment-id=\"1539\" data-permalink=\"https:\/\/blog.erm.ee\/?attachment_id=1539#main\" data-orig-file=\"https:\/\/blog.erm.ee\/wp-content\/uploads\/2013\/02\/050724_ERM_14765_8.jpg\" data-orig-size=\"1024,684\" data-comments-opened=\"1\" data-image-meta=\"{&quot;aperture&quot;:&quot;0&quot;,&quot;credit&quot;:&quot;&quot;,&quot;camera&quot;:&quot;&quot;,&quot;caption&quot;:&quot;&quot;,&quot;created_timestamp&quot;:&quot;0&quot;,&quot;copyright&quot;:&quot;&quot;,&quot;focal_length&quot;:&quot;0&quot;,&quot;iso&quot;:&quot;0&quot;,&quot;shutter_speed&quot;:&quot;0&quot;,&quot;title&quot;:&quot;&quot;}\" data-image-title=\"050724_ERM_14765_8\" data-image-description=\"&lt;p&gt;File Name : DSCN7491.JPG&lt;\/p&gt;\n&lt;p&gt;File Size : 1.2MB (1298613 Bytes)&lt;\/p&gt;\n&lt;p&gt;Date Taken : 2002\/04\/29 11:24:50&lt;\/p&gt;\n&lt;p&gt;Image Size : 2560 x 1920 pixels&lt;\/p&gt;\n&lt;p&gt;Resolution : 300 x 300 dpi&lt;\/p&gt;\n&lt;p&gt;Bit Depth : 8 bits\/channel&lt;\/p&gt;\n&lt;p&gt;Protection Attribute : Off&lt;\/p&gt;\n&lt;p&gt;Hide Attribute : Off&lt;\/p&gt;\n&lt;p&gt;Camera ID : N\/A&lt;\/p&gt;\n&lt;p&gt;Camera : E5000&lt;\/p&gt;\n&lt;p&gt;Quality Mode : FINE&lt;\/p&gt;\n&lt;p&gt;Metering Mode : Matrix&lt;\/p&gt;\n&lt;p&gt;Exposure Mode : Manual&lt;\/p&gt;\n&lt;p&gt;Speed Light : Yes&lt;\/p&gt;\n&lt;p&gt;Focal Length : 7.7 mm&lt;\/p&gt;\n&lt;p&gt;Shutter Speed : 1\/60 second&lt;\/p&gt;\n&lt;p&gt;Aperture : F8.0&lt;\/p&gt;\n&lt;p&gt;Exposure Compensation : 0 EV&lt;\/p&gt;\n&lt;p&gt;White Balance : Flash&lt;\/p&gt;\n&lt;p&gt;Lens : Built-in&lt;\/p&gt;\n&lt;p&gt;Flash Sync Mode : Slow Sync&lt;\/p&gt;\n&lt;p&gt;Exposure Difference : N\/A&lt;\/p&gt;\n&lt;p&gt;Flexible Program : N\/A&lt;\/p&gt;\n&lt;p&gt;Sensitivity : ISO100&lt;\/p&gt;\n&lt;p&gt;Sharpening : Auto&lt;\/p&gt;\n&lt;p&gt;Image Type : Color&lt;\/p&gt;\n&lt;p&gt;Color Mode : N\/A&lt;\/p&gt;\n&lt;p&gt;Hue Adjustment : N\/A&lt;\/p&gt;\n&lt;p&gt;Saturation Control : Normal&lt;\/p&gt;\n&lt;p&gt;Tone Compensation : Auto&lt;\/p&gt;\n&lt;p&gt;Latitude(GPS) : N\/A&lt;\/p&gt;\n&lt;p&gt;Longitude(GPS) : N\/A&lt;\/p&gt;\n&lt;p&gt;Altitude(GPS) : N\/A&lt;\/p&gt;\n\" data-image-caption=\"\" data-large-file=\"https:\/\/blog.erm.ee\/wp-content\/uploads\/2013\/02\/050724_ERM_14765_8.jpg\" class=\"alignnone  wp-image-1539\" alt=\"050724_ERM_14765_8\" src=\"https:\/\/blog.erm.ee\/wp-content\/uploads\/2013\/02\/050724_ERM_14765_8.jpg\" width=\"432\" height=\"289\" srcset=\"https:\/\/blog.erm.ee\/wp-content\/uploads\/2013\/02\/050724_ERM_14765_8.jpg 1024w, https:\/\/blog.erm.ee\/wp-content\/uploads\/2013\/02\/050724_ERM_14765_8-389x260.jpg 389w, https:\/\/blog.erm.ee\/wp-content\/uploads\/2013\/02\/050724_ERM_14765_8-300x200.jpg 300w\" sizes=\"auto, (max-width: 432px) 100vw, 432px\" \/><\/a><em><\/em><\/span><\/p>\n<p><span style=\"color: #000000;\"><em>ERM 14765\/8 \u201cKitsesilma kirjaga\u201d v\u00f6\u00f6. Valmistanud Ann Krempel Kolust ja Laupast T\u00fcri kihelkonnas. Muuseumile m\u00fc\u00fcnud M. Krempel T\u00fcri kihelkonna \u00c4nari k\u00fcla N\u00f5mmeotsa talust.<\/em><\/span><\/p>\n<p><span style=\"color: #000000;\"><a href=\"https:\/\/blog.erm.ee\/wp-content\/uploads\/2013\/02\/033676_ERM_14800_a_c.jpg\"><img loading=\"lazy\" decoding=\"async\" data-attachment-id=\"1540\" data-permalink=\"https:\/\/blog.erm.ee\/?attachment_id=1540#main\" data-orig-file=\"https:\/\/blog.erm.ee\/wp-content\/uploads\/2013\/02\/033676_ERM_14800_a_c.jpg\" data-orig-size=\"1024,710\" data-comments-opened=\"1\" data-image-meta=\"{&quot;aperture&quot;:&quot;0&quot;,&quot;credit&quot;:&quot;&quot;,&quot;camera&quot;:&quot;&quot;,&quot;caption&quot;:&quot;&quot;,&quot;created_timestamp&quot;:&quot;0&quot;,&quot;copyright&quot;:&quot;&quot;,&quot;focal_length&quot;:&quot;0&quot;,&quot;iso&quot;:&quot;0&quot;,&quot;shutter_speed&quot;:&quot;0&quot;,&quot;title&quot;:&quot;&quot;}\" data-image-title=\"033676_ERM_14800_a_c\" data-image-description=\"\" data-image-caption=\"\" data-large-file=\"https:\/\/blog.erm.ee\/wp-content\/uploads\/2013\/02\/033676_ERM_14800_a_c.jpg\" class=\"alignnone  wp-image-1540\" alt=\"033676_ERM_14800_a_c\" src=\"https:\/\/blog.erm.ee\/wp-content\/uploads\/2013\/02\/033676_ERM_14800_a_c.jpg\" width=\"432\" height=\"299\" srcset=\"https:\/\/blog.erm.ee\/wp-content\/uploads\/2013\/02\/033676_ERM_14800_a_c.jpg 1024w, https:\/\/blog.erm.ee\/wp-content\/uploads\/2013\/02\/033676_ERM_14800_a_c-374x260.jpg 374w, https:\/\/blog.erm.ee\/wp-content\/uploads\/2013\/02\/033676_ERM_14800_a_c-300x208.jpg 300w\" sizes=\"auto, (max-width: 432px) 100vw, 432px\" \/><\/a><em><\/em><\/span><\/p>\n<p><span style=\"color: #000000;\"><em>ERM 14800\/a-c Sadul jalaraudadega. Valmistanud kooli\u00f5petaja Markus Nurmberg oma noorikule laulatusele s\u00f5itmiseks Sageveres arvatavasti 1827. aastal. Muuseumile kinkinud Jaak Schiffer T\u00fcri kihelkonna Toravere k\u00fcla Toravere talust.<\/em><\/span><\/p>\n<p><span style=\"color: #000000;\">\u00a0<\/span><span style=\"color: #000000;\">* Esemed korjanud 1912. ja 1913. aastal T\u00fcri kihelkonnast \u00fcli\u00f5pilased August Kalberg, Paul\u00a0 Gerretz ja Mihkel Mats.<\/span><\/p>\n<p><span style=\"color: #000000;\">\u00a0<\/span><span style=\"color: #000000;\">Mis noormeestest edasi sai? Mereinsener Paul Gerretz sai s\u00f5jav\u00e4elise hariduse merev\u00e4e gardemariinina Balti 2. Merev\u00e4e ekipaa\u017eis Peterburis. Vabaduss\u00f5ja ajal teenis Merev\u00e4e tehnika- ja varustusametis laevaehituse osakonna juhatajana ning hiljem laevastiku vanem-laevainsenerina. Merev\u00e4ekaptenina sai ta Eesti merej\u00f5udude baasi \u00fclemaks, teenistusest vabastati 1934. aastal.<a title=\"\" href=\"#_edn4\"><span style=\"color: #000000;\">[4]<\/span><\/a> P\u00e4lvis s\u00f5jaliste teenete eest II liigi 3. j\u00e4rgu Vabaduse Risti.<a title=\"\" href=\"#_edn5\"><span style=\"color: #000000;\">[5]<\/span><\/a> 1941. aastal siirdus Gerretz \u00fcmberasujana Saksamaale, kus ta 1968. aastal M\u00fcnchenis suri.<a title=\"\" href=\"#_edn6\"><span style=\"color: #000000;\">[6]<\/span><\/a> August Kalberg tegutses \u00f5pitud erialal ning oli m\u00f5nda aega ka merev\u00e4eleitnant,<a title=\"\" href=\"#_edn7\"><span style=\"color: #000000;\">[7]<\/span><\/a> 1926. aastal alandati ta auaste reameheks ning arvati reservi, t\u00f5en\u00e4oliselt seoses kriminaals\u00fc\u00fcdistusega riigi raha omastamises.<a title=\"\" href=\"#_edn8\"><span style=\"color: #000000;\">[8]<\/span><\/a> N\u00f5ukogude ajal t\u00f6\u00f6tas Kalberg teadaolevalt ENSV Kerget\u00f6\u00f6stuse Ministeeriumis.<a title=\"\" href=\"#_edn9\"><span style=\"color: #000000;\">[9]<\/span><\/a> Mihkel Mats hukkus aga juba 1915. aastal I maailmas\u00f5ja lahingus.<a title=\"\" href=\"#_edn10\"><span style=\"color: #000000;\">[10]<\/span><\/a><\/span><\/p>\n<div><br clear=\"all\" \/><\/p>\n<hr align=\"left\" size=\"1\" width=\"33%\" \/>\n<div>\n<p><span style=\"color: #000000;\"><a title=\"\" href=\"#_ednref1\"><span style=\"color: #000000;\">[1]<\/span><\/a> ERM A\u00a0 f 1, n 1,\u00a0 s 35a. Kiri on avaldatud muutmata kujul, vana kirjaviis on normeerimata.<\/span><\/p>\n<\/div>\n<div>\n<p><span style=\"color: #000000;\"><a title=\"\" href=\"#_ednref2\"><span style=\"color: #000000;\">[2]<\/span><\/a> EAA f 1767,\u00a0 n 1 s 161, \u00a0l 3-7.<\/span><\/p>\n<\/div>\n<div>\n<p><span style=\"color: #000000;\"><a title=\"\" href=\"#_ednref3\"><span style=\"color: #000000;\">[3]<\/span><\/a> EAA f 1769, n 1, s 587, \u00a0l 5.<\/span><\/p>\n<\/div>\n<div>\n<p><span style=\"color: #000000;\"><a title=\"\" href=\"#_ednref4\"><span style=\"color: #000000;\">[4]<\/span><\/a> Andmekogu \u201eEesti ohvitserid 1918\u20131940\u201c\u00a0 <a href=\"http:\/\/prosopos.esm.ee\/index.aspx?type=1&amp;id=18878\"><span style=\"color: #000000;\">http:\/\/prosopos.esm.ee\/index.aspx?type=1&amp;id=18878<\/span><\/a> [23.02.2013]<\/span><\/p>\n<\/div>\n<div>\n<p><span style=\"color: #000000;\"><a title=\"\" href=\"#_ednref5\"><span style=\"color: #000000;\">[5]<\/span><\/a> ERA f 2124, n 2, s 569, l 5.<\/span><\/p>\n<\/div>\n<div>\n<p><span style=\"color: #000000;\"><a title=\"\" href=\"#_ednref6\"><span style=\"color: #000000;\">[6]<\/span><\/a> Matmispaikade register. <a href=\"http:\/\/register.muinas.ee\/?menuID=burialplace&amp;action=view&amp;id=188\"><span style=\"color: #000000;\">http:\/\/register.muinas.ee\/?menuID=burialplace&amp;action=view&amp;id=188<\/span><\/a> [23.02.2013]<\/span><\/p>\n<\/div>\n<div>\n<p><span style=\"color: #000000;\"><a title=\"\" href=\"#_ednref7\"><span style=\"color: #000000;\">[7]<\/span><\/a> Andmekogu \u201eEesti ohvitserid 1918\u20131940\u201c\u00a0 <a href=\"http:\/\/prosopos.esm.ee\/index.aspx?type=1&amp;id=27965\"><span style=\"color: #000000;\">http:\/\/prosopos.esm.ee\/index.aspx?type=1&amp;id=27965<\/span><\/a> [23.02.2013]<\/span><\/p>\n<\/div>\n<div>\n<p><span style=\"color: #000000;\"><a title=\"\" href=\"#_ednref8\"><span style=\"color: #000000;\">[8]<\/span><\/a> <a href=\"javascript:%20Void(0)\"><span style=\"color: #000000;\">ERA f 927, n 3, s 3081<\/span><\/a>.<\/span><\/p>\n<\/div>\n<div>\n<p><span style=\"color: #000000;\"><a title=\"\" href=\"#_ednref9\"><span style=\"color: #000000;\">[9]<\/span><\/a> <a href=\"javascript:%20Void(0)\"><span style=\"color: #000000;\">ERA.R\u00a0 f 9, n 2 s 283<\/span><\/a>.<\/span><\/p>\n<\/div>\n<div>\n<p><span style=\"color: #000000;\"><a title=\"\" href=\"#_ednref10\"><span style=\"color: #000000;\">[10]<\/span><\/a> EAA f 1767, n 1, s 184, l 6.<\/span><\/p>\n<\/div>\n<\/div>\n<div class=\"fcbkbttn_buttons_block\" id=\"fcbkbttn_left\"><div class=\"fcbkbttn_like \"><fb:like href=\"https:\/\/blog.erm.ee\/?p=1529\" action=\"like\" colorscheme=\"light\" layout=\"standard\"  width=\"225px\" size=\"small\"><\/fb:like><\/div><div class=\"fb-share-button  \" data-href=\"https:\/\/blog.erm.ee\/?p=1529\" data-type=\"button\" data-size=\"small\"><\/div><\/div>","protected":false},"excerpt":{"rendered":"<p>&nbsp; Kristi \u00dctt, digitaal- ja eriarhiivi hoiuhaldur \u00a0J\u00e4rgnev kiri[1] on saadetud Peterburist 1913. aasta m\u00e4rtsikuus \u00fcli\u00f5pilaste August Kalbergi (snd 1888, ka Kallberg) ja Paul Gerretzi (snd 1890 ka Gerrets) poolt. Noormehed \u00f5ppisid k\u00f5ik Peterburi Pol\u00fctehnikumis: Kalberg insener-mehaanikuks, Gerretz mereinseneriks ja kirjas mainitud kolmas kaaslane Mihkel Mats majandusteaduskonnas. Aktiivsete \u00fcli\u00f5pilastena olid nad tegevad Peterburi Pol\u00fctehnikumi Eesti&hellip;<\/p>\n","protected":false},"author":1,"featured_media":1535,"comment_status":"open","ping_status":"open","sticky":false,"template":"","format":"standard","meta":{"_monsterinsights_skip_tracking":false,"_monsterinsights_sitenote_active":false,"_monsterinsights_sitenote_note":"","_monsterinsights_sitenote_category":0,"jetpack_post_was_ever_published":false,"_jetpack_newsletter_access":"","_jetpack_dont_email_post_to_subs":false,"_jetpack_newsletter_tier_id":0,"_jetpack_memberships_contains_paywalled_content":false,"_jetpack_memberships_contains_paid_content":false,"footnotes":""},"categories":[5],"tags":[],"class_list":["post-1529","post","type-post","status-publish","format-standard","has-post-thumbnail","hentry","category-museaal"],"yoast_head":"<!-- This site is optimized with the Yoast SEO plugin v27.5 - https:\/\/yoast.com\/product\/yoast-seo-wordpress\/ -->\n<title>Kuu kiri nr 3 ehk 100 aastat tagasi m\u00e4rtsis - Eesti Rahva Muuseumi ajaveeb<\/title>\n<meta name=\"robots\" content=\"index, follow, max-snippet:-1, max-image-preview:large, max-video-preview:-1\" \/>\n<link rel=\"canonical\" href=\"https:\/\/blog.erm.ee\/?p=1529\" \/>\n<meta property=\"og:locale\" content=\"et_EE\" \/>\n<meta property=\"og:type\" content=\"article\" \/>\n<meta property=\"og:title\" content=\"Kuu kiri nr 3 ehk 100 aastat tagasi m\u00e4rtsis - Eesti Rahva Muuseumi ajaveeb\" \/>\n<meta property=\"og:description\" content=\"&nbsp; Kristi \u00dctt, digitaal- ja eriarhiivi hoiuhaldur \u00a0J\u00e4rgnev kiri[1] on saadetud Peterburist 1913. aasta m\u00e4rtsikuus \u00fcli\u00f5pilaste August Kalbergi (snd 1888, ka Kallberg) ja Paul Gerretzi (snd 1890 ka Gerrets) poolt. Noormehed \u00f5ppisid k\u00f5ik Peterburi Pol\u00fctehnikumis: Kalberg insener-mehaanikuks, Gerretz mereinseneriks ja kirjas mainitud kolmas kaaslane Mihkel Mats majandusteaduskonnas. Aktiivsete \u00fcli\u00f5pilastena olid nad tegevad Peterburi Pol\u00fctehnikumi Eesti&hellip;\" \/>\n<meta property=\"og:url\" content=\"https:\/\/blog.erm.ee\/?p=1529\" \/>\n<meta property=\"og:site_name\" content=\"Eesti Rahva Muuseumi ajaveeb\" \/>\n<meta property=\"article:published_time\" content=\"2013-03-01T04:11:57+00:00\" \/>\n<meta property=\"article:modified_time\" content=\"2013-11-06T08:02:42+00:00\" \/>\n<meta property=\"og:image\" content=\"https:\/\/blog.erm.ee\/wp-content\/uploads\/2013\/02\/022392_ERM_Fk_245_10.jpg\" \/>\n\t<meta property=\"og:image:width\" content=\"577\" \/>\n\t<meta property=\"og:image:height\" content=\"800\" \/>\n\t<meta property=\"og:image:type\" content=\"image\/jpeg\" \/>\n<meta name=\"author\" content=\"Eesti Rahva Muuseum\" \/>\n<meta name=\"twitter:card\" content=\"summary_large_image\" \/>\n<meta name=\"twitter:label1\" content=\"Written by\" \/>\n\t<meta name=\"twitter:data1\" content=\"Eesti Rahva Muuseum\" \/>\n\t<meta name=\"twitter:label2\" content=\"Est. reading time\" \/>\n\t<meta name=\"twitter:data2\" content=\"4 minutit\" \/>\n<script type=\"application\/ld+json\" class=\"yoast-schema-graph\">{\"@context\":\"https:\\\/\\\/schema.org\",\"@graph\":[{\"@type\":\"Article\",\"@id\":\"https:\\\/\\\/blog.erm.ee\\\/?p=1529#article\",\"isPartOf\":{\"@id\":\"https:\\\/\\\/blog.erm.ee\\\/?p=1529\"},\"author\":{\"name\":\"Eesti Rahva Muuseum\",\"@id\":\"https:\\\/\\\/blog.erm.ee\\\/#\\\/schema\\\/person\\\/6e98c391cb00a33e7c22a3571e062114\"},\"headline\":\"Kuu kiri nr 3 ehk 100 aastat tagasi m\u00e4rtsis\",\"datePublished\":\"2013-03-01T04:11:57+00:00\",\"dateModified\":\"2013-11-06T08:02:42+00:00\",\"mainEntityOfPage\":{\"@id\":\"https:\\\/\\\/blog.erm.ee\\\/?p=1529\"},\"wordCount\":853,\"commentCount\":0,\"image\":{\"@id\":\"https:\\\/\\\/blog.erm.ee\\\/?p=1529#primaryimage\"},\"thumbnailUrl\":\"https:\\\/\\\/blog.erm.ee\\\/wp-content\\\/uploads\\\/2013\\\/02\\\/022392_ERM_Fk_245_10.jpg\",\"articleSection\":[\"Museaal\"],\"inLanguage\":\"et\",\"potentialAction\":[{\"@type\":\"CommentAction\",\"name\":\"Comment\",\"target\":[\"https:\\\/\\\/blog.erm.ee\\\/?p=1529#respond\"]}]},{\"@type\":\"WebPage\",\"@id\":\"https:\\\/\\\/blog.erm.ee\\\/?p=1529\",\"url\":\"https:\\\/\\\/blog.erm.ee\\\/?p=1529\",\"name\":\"Kuu kiri nr 3 ehk 100 aastat tagasi m\u00e4rtsis - Eesti Rahva Muuseumi ajaveeb\",\"isPartOf\":{\"@id\":\"https:\\\/\\\/blog.erm.ee\\\/#website\"},\"primaryImageOfPage\":{\"@id\":\"https:\\\/\\\/blog.erm.ee\\\/?p=1529#primaryimage\"},\"image\":{\"@id\":\"https:\\\/\\\/blog.erm.ee\\\/?p=1529#primaryimage\"},\"thumbnailUrl\":\"https:\\\/\\\/blog.erm.ee\\\/wp-content\\\/uploads\\\/2013\\\/02\\\/022392_ERM_Fk_245_10.jpg\",\"datePublished\":\"2013-03-01T04:11:57+00:00\",\"dateModified\":\"2013-11-06T08:02:42+00:00\",\"author\":{\"@id\":\"https:\\\/\\\/blog.erm.ee\\\/#\\\/schema\\\/person\\\/6e98c391cb00a33e7c22a3571e062114\"},\"breadcrumb\":{\"@id\":\"https:\\\/\\\/blog.erm.ee\\\/?p=1529#breadcrumb\"},\"inLanguage\":\"et\",\"potentialAction\":[{\"@type\":\"ReadAction\",\"target\":[\"https:\\\/\\\/blog.erm.ee\\\/?p=1529\"]}]},{\"@type\":\"ImageObject\",\"inLanguage\":\"et\",\"@id\":\"https:\\\/\\\/blog.erm.ee\\\/?p=1529#primaryimage\",\"url\":\"https:\\\/\\\/blog.erm.ee\\\/wp-content\\\/uploads\\\/2013\\\/02\\\/022392_ERM_Fk_245_10.jpg\",\"contentUrl\":\"https:\\\/\\\/blog.erm.ee\\\/wp-content\\\/uploads\\\/2013\\\/02\\\/022392_ERM_Fk_245_10.jpg\",\"width\":577,\"height\":800},{\"@type\":\"BreadcrumbList\",\"@id\":\"https:\\\/\\\/blog.erm.ee\\\/?p=1529#breadcrumb\",\"itemListElement\":[{\"@type\":\"ListItem\",\"position\":1,\"name\":\"Home\",\"item\":\"https:\\\/\\\/blog.erm.ee\\\/\"},{\"@type\":\"ListItem\",\"position\":2,\"name\":\"Kuu kiri nr 3 ehk 100 aastat tagasi m\u00e4rtsis\"}]},{\"@type\":\"WebSite\",\"@id\":\"https:\\\/\\\/blog.erm.ee\\\/#website\",\"url\":\"https:\\\/\\\/blog.erm.ee\\\/\",\"name\":\"Eesti Rahva Muuseumi ajaveeb\",\"description\":\"\",\"potentialAction\":[{\"@type\":\"SearchAction\",\"target\":{\"@type\":\"EntryPoint\",\"urlTemplate\":\"https:\\\/\\\/blog.erm.ee\\\/?s={search_term_string}\"},\"query-input\":{\"@type\":\"PropertyValueSpecification\",\"valueRequired\":true,\"valueName\":\"search_term_string\"}}],\"inLanguage\":\"et\"},{\"@type\":\"Person\",\"@id\":\"https:\\\/\\\/blog.erm.ee\\\/#\\\/schema\\\/person\\\/6e98c391cb00a33e7c22a3571e062114\",\"name\":\"Eesti Rahva Muuseum\",\"image\":{\"@type\":\"ImageObject\",\"inLanguage\":\"et\",\"@id\":\"https:\\\/\\\/secure.gravatar.com\\\/avatar\\\/cb6d9ad5fb49f3f7315028ce5fe60641075f2cb52b8a058ff5a985fa2d8c1da0?s=96&d=mm&r=g\",\"url\":\"https:\\\/\\\/secure.gravatar.com\\\/avatar\\\/cb6d9ad5fb49f3f7315028ce5fe60641075f2cb52b8a058ff5a985fa2d8c1da0?s=96&d=mm&r=g\",\"contentUrl\":\"https:\\\/\\\/secure.gravatar.com\\\/avatar\\\/cb6d9ad5fb49f3f7315028ce5fe60641075f2cb52b8a058ff5a985fa2d8c1da0?s=96&d=mm&r=g\",\"caption\":\"Eesti Rahva Muuseum\"},\"sameAs\":[\"http:\\\/\\\/www.erm.ee\"],\"url\":\"https:\\\/\\\/blog.erm.ee\\\/?author=1\"}]}<\/script>\n<!-- \/ Yoast SEO plugin. -->","yoast_head_json":{"title":"Kuu kiri nr 3 ehk 100 aastat tagasi m\u00e4rtsis - Eesti Rahva Muuseumi ajaveeb","robots":{"index":"index","follow":"follow","max-snippet":"max-snippet:-1","max-image-preview":"max-image-preview:large","max-video-preview":"max-video-preview:-1"},"canonical":"https:\/\/blog.erm.ee\/?p=1529","og_locale":"et_EE","og_type":"article","og_title":"Kuu kiri nr 3 ehk 100 aastat tagasi m\u00e4rtsis - Eesti Rahva Muuseumi ajaveeb","og_description":"&nbsp; Kristi \u00dctt, digitaal- ja eriarhiivi hoiuhaldur \u00a0J\u00e4rgnev kiri[1] on saadetud Peterburist 1913. aasta m\u00e4rtsikuus \u00fcli\u00f5pilaste August Kalbergi (snd 1888, ka Kallberg) ja Paul Gerretzi (snd 1890 ka Gerrets) poolt. Noormehed \u00f5ppisid k\u00f5ik Peterburi Pol\u00fctehnikumis: Kalberg insener-mehaanikuks, Gerretz mereinseneriks ja kirjas mainitud kolmas kaaslane Mihkel Mats majandusteaduskonnas. Aktiivsete \u00fcli\u00f5pilastena olid nad tegevad Peterburi Pol\u00fctehnikumi Eesti&hellip;","og_url":"https:\/\/blog.erm.ee\/?p=1529","og_site_name":"Eesti Rahva Muuseumi ajaveeb","article_published_time":"2013-03-01T04:11:57+00:00","article_modified_time":"2013-11-06T08:02:42+00:00","og_image":[{"width":577,"height":800,"url":"https:\/\/blog.erm.ee\/wp-content\/uploads\/2013\/02\/022392_ERM_Fk_245_10.jpg","type":"image\/jpeg"}],"author":"Eesti Rahva Muuseum","twitter_card":"summary_large_image","twitter_misc":{"Written by":"Eesti Rahva Muuseum","Est. reading time":"4 minutit"},"schema":{"@context":"https:\/\/schema.org","@graph":[{"@type":"Article","@id":"https:\/\/blog.erm.ee\/?p=1529#article","isPartOf":{"@id":"https:\/\/blog.erm.ee\/?p=1529"},"author":{"name":"Eesti Rahva Muuseum","@id":"https:\/\/blog.erm.ee\/#\/schema\/person\/6e98c391cb00a33e7c22a3571e062114"},"headline":"Kuu kiri nr 3 ehk 100 aastat tagasi m\u00e4rtsis","datePublished":"2013-03-01T04:11:57+00:00","dateModified":"2013-11-06T08:02:42+00:00","mainEntityOfPage":{"@id":"https:\/\/blog.erm.ee\/?p=1529"},"wordCount":853,"commentCount":0,"image":{"@id":"https:\/\/blog.erm.ee\/?p=1529#primaryimage"},"thumbnailUrl":"https:\/\/blog.erm.ee\/wp-content\/uploads\/2013\/02\/022392_ERM_Fk_245_10.jpg","articleSection":["Museaal"],"inLanguage":"et","potentialAction":[{"@type":"CommentAction","name":"Comment","target":["https:\/\/blog.erm.ee\/?p=1529#respond"]}]},{"@type":"WebPage","@id":"https:\/\/blog.erm.ee\/?p=1529","url":"https:\/\/blog.erm.ee\/?p=1529","name":"Kuu kiri nr 3 ehk 100 aastat tagasi m\u00e4rtsis - Eesti Rahva Muuseumi ajaveeb","isPartOf":{"@id":"https:\/\/blog.erm.ee\/#website"},"primaryImageOfPage":{"@id":"https:\/\/blog.erm.ee\/?p=1529#primaryimage"},"image":{"@id":"https:\/\/blog.erm.ee\/?p=1529#primaryimage"},"thumbnailUrl":"https:\/\/blog.erm.ee\/wp-content\/uploads\/2013\/02\/022392_ERM_Fk_245_10.jpg","datePublished":"2013-03-01T04:11:57+00:00","dateModified":"2013-11-06T08:02:42+00:00","author":{"@id":"https:\/\/blog.erm.ee\/#\/schema\/person\/6e98c391cb00a33e7c22a3571e062114"},"breadcrumb":{"@id":"https:\/\/blog.erm.ee\/?p=1529#breadcrumb"},"inLanguage":"et","potentialAction":[{"@type":"ReadAction","target":["https:\/\/blog.erm.ee\/?p=1529"]}]},{"@type":"ImageObject","inLanguage":"et","@id":"https:\/\/blog.erm.ee\/?p=1529#primaryimage","url":"https:\/\/blog.erm.ee\/wp-content\/uploads\/2013\/02\/022392_ERM_Fk_245_10.jpg","contentUrl":"https:\/\/blog.erm.ee\/wp-content\/uploads\/2013\/02\/022392_ERM_Fk_245_10.jpg","width":577,"height":800},{"@type":"BreadcrumbList","@id":"https:\/\/blog.erm.ee\/?p=1529#breadcrumb","itemListElement":[{"@type":"ListItem","position":1,"name":"Home","item":"https:\/\/blog.erm.ee\/"},{"@type":"ListItem","position":2,"name":"Kuu kiri nr 3 ehk 100 aastat tagasi m\u00e4rtsis"}]},{"@type":"WebSite","@id":"https:\/\/blog.erm.ee\/#website","url":"https:\/\/blog.erm.ee\/","name":"Eesti Rahva Muuseumi ajaveeb","description":"","potentialAction":[{"@type":"SearchAction","target":{"@type":"EntryPoint","urlTemplate":"https:\/\/blog.erm.ee\/?s={search_term_string}"},"query-input":{"@type":"PropertyValueSpecification","valueRequired":true,"valueName":"search_term_string"}}],"inLanguage":"et"},{"@type":"Person","@id":"https:\/\/blog.erm.ee\/#\/schema\/person\/6e98c391cb00a33e7c22a3571e062114","name":"Eesti Rahva Muuseum","image":{"@type":"ImageObject","inLanguage":"et","@id":"https:\/\/secure.gravatar.com\/avatar\/cb6d9ad5fb49f3f7315028ce5fe60641075f2cb52b8a058ff5a985fa2d8c1da0?s=96&d=mm&r=g","url":"https:\/\/secure.gravatar.com\/avatar\/cb6d9ad5fb49f3f7315028ce5fe60641075f2cb52b8a058ff5a985fa2d8c1da0?s=96&d=mm&r=g","contentUrl":"https:\/\/secure.gravatar.com\/avatar\/cb6d9ad5fb49f3f7315028ce5fe60641075f2cb52b8a058ff5a985fa2d8c1da0?s=96&d=mm&r=g","caption":"Eesti Rahva Muuseum"},"sameAs":["http:\/\/www.erm.ee"],"url":"https:\/\/blog.erm.ee\/?author=1"}]}},"jetpack_featured_media_url":"https:\/\/blog.erm.ee\/wp-content\/uploads\/2013\/02\/022392_ERM_Fk_245_10.jpg","jetpack_shortlink":"https:\/\/wp.me\/p2l9Zd-oF","jetpack_sharing_enabled":true,"jetpack_likes_enabled":true,"_links":{"self":[{"href":"https:\/\/blog.erm.ee\/index.php?rest_route=\/wp\/v2\/posts\/1529","targetHints":{"allow":["GET"]}}],"collection":[{"href":"https:\/\/blog.erm.ee\/index.php?rest_route=\/wp\/v2\/posts"}],"about":[{"href":"https:\/\/blog.erm.ee\/index.php?rest_route=\/wp\/v2\/types\/post"}],"author":[{"embeddable":true,"href":"https:\/\/blog.erm.ee\/index.php?rest_route=\/wp\/v2\/users\/1"}],"replies":[{"embeddable":true,"href":"https:\/\/blog.erm.ee\/index.php?rest_route=%2Fwp%2Fv2%2Fcomments&post=1529"}],"version-history":[{"count":17,"href":"https:\/\/blog.erm.ee\/index.php?rest_route=\/wp\/v2\/posts\/1529\/revisions"}],"predecessor-version":[{"id":3707,"href":"https:\/\/blog.erm.ee\/index.php?rest_route=\/wp\/v2\/posts\/1529\/revisions\/3707"}],"wp:featuredmedia":[{"embeddable":true,"href":"https:\/\/blog.erm.ee\/index.php?rest_route=\/wp\/v2\/media\/1535"}],"wp:attachment":[{"href":"https:\/\/blog.erm.ee\/index.php?rest_route=%2Fwp%2Fv2%2Fmedia&parent=1529"}],"wp:term":[{"taxonomy":"category","embeddable":true,"href":"https:\/\/blog.erm.ee\/index.php?rest_route=%2Fwp%2Fv2%2Fcategories&post=1529"},{"taxonomy":"post_tag","embeddable":true,"href":"https:\/\/blog.erm.ee\/index.php?rest_route=%2Fwp%2Fv2%2Ftags&post=1529"}],"curies":[{"name":"wp","href":"https:\/\/api.w.org\/{rel}","templated":true}]}}