{"id":14830,"date":"2021-06-23T09:53:22","date_gmt":"2021-06-23T06:53:22","guid":{"rendered":"https:\/\/blog.erm.ee\/?p=14830"},"modified":"2021-06-23T09:53:22","modified_gmt":"2021-06-23T06:53:22","slug":"jaanipaevamotteid-meie-rohelised-sobrad-vallatud-varvilised-kaasteelised","status":"publish","type":"post","link":"https:\/\/blog.erm.ee\/?p=14830","title":{"rendered":"Jaanip\u00e4evam\u00f5tteid. Meie rohelised s\u00f5brad, vallatud v\u00e4rvilised kaasteelised"},"content":{"rendered":"<div class=\"fcbkbttn_buttons_block\" id=\"fcbkbttn_left\"><div class=\"fcbkbttn_like \"><fb:like href=\"https:\/\/blog.erm.ee\/?p=14830\" action=\"like\" colorscheme=\"light\" layout=\"standard\"  width=\"225px\" size=\"small\"><\/fb:like><\/div><div class=\"fb-share-button  \" data-href=\"https:\/\/blog.erm.ee\/?p=14830\" data-type=\"button\" data-size=\"small\"><\/div><\/div><p style=\"text-align: justify;\">Ave Kikas, muuseumipedagoog<\/p>\n<p style=\"text-align: justify;\">P\u00e4evapoliitikasse ja meediaruumi murrab sisse rohelepe, koroonakevad turgutas nii m\u00f5nelgi rohen\u00e4plust, uus panus keskkonnareostuse teemasse tuleb \u00fche- ja mitmekordsetest maskidest t\u00e4navaruumis.<\/p>\n<p style=\"text-align: justify;\">Ent samamoodi k\u00fctab kirgi \u201ekole ja hooldamata v\u00f5sa\u201c, mis lokkab ka Eesti Rahva Muuseumi \u00fcmber. Muuseumi sees on omakorda keskkonnan\u00e4itus, kus Raadi ja Tartu keskkonna lugudele lisaks saab lugeda, kuidas inimesed avastasid \u00fcllatusega, et teaduse areng (t\u00f5hus putukam\u00fcrk DDT) \u00e4hvardas vaikse kevadega. Ning netiotsing teavitab, et ligikaudu 80% meie \u00f5istaimedest ja 35% toidutaimedest on putuktolmlejad. Kurjad keeled kuulutavad, et praegune pandeemia ei j\u00e4\u00e4 viimaseks ja suuresti just seet\u00f5ttu, et inimene unustab oma tarkuses siiski omaenese bioloogilise alge: oleme eluslooduse osa ja s\u00f5ltume sellest lisaks selle m\u00f5jutamisele.<\/p>\n<p style=\"text-align: justify;\">Aga aitab n\u00e4puviibutusest. Eks \u00f6\u00f6d on ju valged ja m\u00f5ttedki helged. \u00d5ied \u00f5itsevad, mesilased sumisevad, linnud laulavad\u2026<\/p>\n<div id=\"attachment_14835\" style=\"width: 1610px\" class=\"wp-caption aligncenter\"><a href=\"https:\/\/blog.erm.ee\/wp-content\/uploads\/2021\/06\/tlm_fd40_6.jpg\"><img loading=\"lazy\" decoding=\"async\" aria-describedby=\"caption-attachment-14835\" data-attachment-id=\"14835\" data-permalink=\"https:\/\/blog.erm.ee\/?attachment_id=14835#main\" data-orig-file=\"https:\/\/blog.erm.ee\/wp-content\/uploads\/2021\/06\/tlm_fd40_6.jpg\" data-orig-size=\"1600,1036\" data-comments-opened=\"1\" data-image-meta=\"{&quot;aperture&quot;:&quot;8&quot;,&quot;credit&quot;:&quot;Albert Truuv\\u00e4\\u00e4rt&quot;,&quot;camera&quot;:&quot;Canon EOS-1D Mark III&quot;,&quot;caption&quot;:&quot;JAANIP\\u00c4EVA t\\u00e4histamine23.juunil algusega kell 20.00 Paev\\u00e4ljale (Narva mnt. 150\/90).&quot;,&quot;created_timestamp&quot;:&quot;1372030199&quot;,&quot;copyright&quot;:&quot;&quot;,&quot;focal_length&quot;:&quot;110&quot;,&quot;iso&quot;:&quot;640&quot;,&quot;shutter_speed&quot;:&quot;0.002&quot;,&quot;title&quot;:&quot;Lasnam\\u00e4e jaanituli 2013&quot;,&quot;orientation&quot;:&quot;1&quot;}\" data-image-title=\"Lasnam\u00e4e jaanituli 2013\" data-image-description=\"\" data-image-caption=\"&lt;p&gt;JAANIP\u00c4EVA t\u00e4histamine23.juunil algusega kell 20.00 Paev\u00e4ljale (Narva mnt. 150\/90).&lt;\/p&gt;\n\" data-large-file=\"https:\/\/blog.erm.ee\/wp-content\/uploads\/2021\/06\/tlm_fd40_6-1024x663.jpg\" class=\"size-full wp-image-14835\" src=\"https:\/\/blog.erm.ee\/wp-content\/uploads\/2021\/06\/tlm_fd40_6.jpg\" alt=\"\" width=\"1600\" height=\"1036\" srcset=\"https:\/\/blog.erm.ee\/wp-content\/uploads\/2021\/06\/tlm_fd40_6.jpg 1600w, https:\/\/blog.erm.ee\/wp-content\/uploads\/2021\/06\/tlm_fd40_6-300x194.jpg 300w, https:\/\/blog.erm.ee\/wp-content\/uploads\/2021\/06\/tlm_fd40_6-1024x663.jpg 1024w, https:\/\/blog.erm.ee\/wp-content\/uploads\/2021\/06\/tlm_fd40_6-402x260.jpg 402w, https:\/\/blog.erm.ee\/wp-content\/uploads\/2021\/06\/tlm_fd40_6-768x497.jpg 768w, https:\/\/blog.erm.ee\/wp-content\/uploads\/2021\/06\/tlm_fd40_6-1536x995.jpg 1536w\" sizes=\"auto, (max-width: 1600px) 100vw, 1600px\" \/><\/a><p id=\"caption-attachment-14835\" class=\"wp-caption-text\">JAANIP\u00c4EVA t\u00e4histamine 23. juunil algusega kell 20.00 Paev\u00e4ljale (Narva mnt. 150\/90), 2013. Foto: Foto: TLM _ Fd 40:6<\/p><\/div>\n<p style=\"text-align: justify;\"><em>Aega arvati vanasti t\u00e4htp\u00e4evade j\u00e4rele. Aasta oli jagatud kaheks pooleks. Jaanip\u00e4evast j\u00f5uluni ja j\u00e4lle j\u00f5ulust jaanip\u00e4evani<\/em>, teadis Tarvastu kandi rahvas. Avinurmes \u00f6eldi, et <em>j\u00f5ul ja jaan on \u00fche koha peal<\/em>. M\u00f5lemad on aastaringi p\u00f6\u00f6rdepunktid, mis asetsevad n-\u00f6 teineteise vastas. J\u00f5ulust hakkab p\u00e4ev pikemaks minema ja jaanist j\u00e4lle l\u00fchemaks. Igatahes on valgete \u00f6\u00f6de ja sumedate p\u00e4evade l\u00fchike aeg t\u00e4ies hoos ja v\u00e4hemalt Tartus linnat\u00e4navad tasapisi t\u00fchjenevad. Eks meie l\u00fchike suvi n\u00e4ikse kunagist maalisemat ja maisemat minevikku meelde toovat. Kel aga maale asja pole, leiab maa ka Raadil \u00fcles ja saab pihu jaanililli t\u00e4is korjata.<\/p>\n<div id=\"attachment_14834\" style=\"width: 893px\" class=\"wp-caption aligncenter\"><a href=\"https:\/\/blog.erm.ee\/wp-content\/uploads\/2021\/06\/23.juuni2015kimpvaiksem.jpg\"><img loading=\"lazy\" decoding=\"async\" aria-describedby=\"caption-attachment-14834\" data-attachment-id=\"14834\" data-permalink=\"https:\/\/blog.erm.ee\/?attachment_id=14834#main\" data-orig-file=\"https:\/\/blog.erm.ee\/wp-content\/uploads\/2021\/06\/23.juuni2015kimpvaiksem.jpg\" data-orig-size=\"883,735\" data-comments-opened=\"1\" data-image-meta=\"{&quot;aperture&quot;:&quot;0&quot;,&quot;credit&quot;:&quot;&quot;,&quot;camera&quot;:&quot;&quot;,&quot;caption&quot;:&quot;&quot;,&quot;created_timestamp&quot;:&quot;0&quot;,&quot;copyright&quot;:&quot;&quot;,&quot;focal_length&quot;:&quot;0&quot;,&quot;iso&quot;:&quot;0&quot;,&quot;shutter_speed&quot;:&quot;0&quot;,&quot;title&quot;:&quot;&quot;,&quot;orientation&quot;:&quot;1&quot;}\" data-image-title=\"23.juuni2015kimpv\u00e4iksem\" data-image-description=\"\" data-image-caption=\"\" data-large-file=\"https:\/\/blog.erm.ee\/wp-content\/uploads\/2021\/06\/23.juuni2015kimpvaiksem.jpg\" class=\"wp-image-14834 size-full\" src=\"https:\/\/blog.erm.ee\/wp-content\/uploads\/2021\/06\/23.juuni2015kimpvaiksem.jpg\" alt=\"\" width=\"883\" height=\"735\" srcset=\"https:\/\/blog.erm.ee\/wp-content\/uploads\/2021\/06\/23.juuni2015kimpvaiksem.jpg 883w, https:\/\/blog.erm.ee\/wp-content\/uploads\/2021\/06\/23.juuni2015kimpvaiksem-300x250.jpg 300w, https:\/\/blog.erm.ee\/wp-content\/uploads\/2021\/06\/23.juuni2015kimpvaiksem-312x260.jpg 312w, https:\/\/blog.erm.ee\/wp-content\/uploads\/2021\/06\/23.juuni2015kimpvaiksem-768x639.jpg 768w\" sizes=\"auto, (max-width: 883px) 100vw, 883px\" \/><\/a><p id=\"caption-attachment-14834\" class=\"wp-caption-text\">P\u00f6\u00f6rip\u00e4eva paiku kuivama korjatud \u00f5iteilu. 23. juuni 2015. Foto: A. Kikas<\/p><\/div>\n<p style=\"text-align: justify;\">Jaanil\u00f5kete aegu r\u00e4\u00e4gib numbrimaagia v\u00e4hemalt seitsmest v\u00f5i ka \u00fcheksast \u00f5iest, mis tuleb padja alla panna, et jaani\u00f6\u00f6l tulevast unes n\u00e4ha. Ent Raadil leidub \u00f5isi v\u00e4hemalt kaks korda sama palju \u2013 miks mitte siis lausa kimbud t\u00f6\u00f6le panna, et esimene, teine ja ehk kolmaski armsam l\u00fchidal \u00f6\u00f6l ja kiirel ajal unen\u00e4os valmis vaadata! Oleks mitmeks aastaks plaan olemas ja elu mureta. Mine tea, millal j\u00e4lle muidu j\u00f5ul ja jaan kohad vahetavad, \u00a0nii et 24. detsembril saab s\u00e4rgiv\u00e4el raeplatsile minna ja 23. juunil tuleb kasukaga tule veeres k\u00fckitada, nagu juhtus\u2026. oot, mis aasta see oligi? Igatahes ilmaruum on hukas ja kliima mokas, \u00fctleks pessimist. Jutu m\u00f5te on lihtsalt see, et korjake lilli ja tehke n\u00f5idused \u00e4ra, kuni veel saab.<\/p>\n<p style=\"text-align: justify;\">Aasta l\u00fchimate \u00f6\u00f6de aeg on n\u00f5iduslik ja m\u00fcstiline \u2013 hing laulab ja veri vemmeldab. P\u00e4ikese ja valguse p\u00fcha pikib aasad \u00f5itega, ent \u00f6\u00f6h\u00e4maruses avab otsijatele oma saladused ka muidu k\u00e4ttesaamatu s\u00f5najala\u00f5is. S\u00f5najala\u00f5it peab otsima s\u00fcda\u00f6\u00f6l metsast, kuhu kukelaulu ei kosta. Sellega meil Eestis muret pole, ka Raadi dendropark annab \u00fclej\u00e4\u00e4nud Eesti t\u00e4nap\u00e4evase metsamaastikuga v\u00f5rreldes juba \u00fcsnagi metsa m\u00f5\u00f5du v\u00e4lja ning \u00f6koteadlike inimeste seas ei ole kuked pidamiseks nii popid tegelased kui kanad.<\/p>\n<p style=\"text-align: justify;\">K\u00fcllap \u00f5ie leidmise \u00f5nn naeratab eelk\u00f5ige neile, kel silmil armastuse roosad prillid ja s\u00fcdames suure tunde joovastus. Kuidas s\u00f5najala\u00f5it \u00e4ra tunda? Arvamusi on palju, aga igatahes on see kauneim asi ilma peal ja helendab n\u00e4iteks nagu vikerkaarev\u00e4rvides p\u00e4ike. Leidjat ootavad soovide t\u00e4itumine, \u00f5nn, tarkus, linnukeeleoskus, rikkus ning talle avanevad k\u00f5ik uksed. Kindel viis teada saada, kas leitud \u00f5is on ikka s\u00f5najala oma: proovige jaani\u00f6\u00f6l siseneda ERMi s\u00f5rmesk\u00e4nneriga uksest \u2013 kes sisse saab, on kindlasti leidnud s\u00f5najala\u00f5ie. ERMi t\u00f6\u00f6tajatel tuleb k\u00fcll leida muud uksed, mida avada, muidu v\u00f5ib mistahes \u00f5it ekslikult selleks ainumalt jaani\u00f6\u00f6l \u00f5itsejaks pidada&#8230;<\/p>\n<div id=\"attachment_14836\" style=\"width: 1610px\" class=\"wp-caption aligncenter\"><a href=\"https:\/\/blog.erm.ee\/wp-content\/uploads\/2021\/06\/kevadsuvi15_sonajalaois.jpg\"><img loading=\"lazy\" decoding=\"async\" aria-describedby=\"caption-attachment-14836\" data-attachment-id=\"14836\" data-permalink=\"https:\/\/blog.erm.ee\/?attachment_id=14836#main\" data-orig-file=\"https:\/\/blog.erm.ee\/wp-content\/uploads\/2021\/06\/kevadsuvi15_sonajalaois.jpg\" data-orig-size=\"1600,1067\" data-comments-opened=\"1\" data-image-meta=\"{&quot;aperture&quot;:&quot;5.6&quot;,&quot;credit&quot;:&quot;&quot;,&quot;camera&quot;:&quot;PENTAX K-30&quot;,&quot;caption&quot;:&quot;&quot;,&quot;created_timestamp&quot;:&quot;1435054633&quot;,&quot;copyright&quot;:&quot;&quot;,&quot;focal_length&quot;:&quot;21&quot;,&quot;iso&quot;:&quot;200&quot;,&quot;shutter_speed&quot;:&quot;0.00625&quot;,&quot;title&quot;:&quot;&quot;,&quot;orientation&quot;:&quot;1&quot;}\" data-image-title=\"kevadsuvi15_sonajalaois\" data-image-description=\"\" data-image-caption=\"\" data-large-file=\"https:\/\/blog.erm.ee\/wp-content\/uploads\/2021\/06\/kevadsuvi15_sonajalaois-1024x683.jpg\" class=\"wp-image-14836 size-full\" src=\"https:\/\/blog.erm.ee\/wp-content\/uploads\/2021\/06\/kevadsuvi15_sonajalaois.jpg\" alt=\"\" width=\"1600\" height=\"1067\" srcset=\"https:\/\/blog.erm.ee\/wp-content\/uploads\/2021\/06\/kevadsuvi15_sonajalaois.jpg 1600w, https:\/\/blog.erm.ee\/wp-content\/uploads\/2021\/06\/kevadsuvi15_sonajalaois-300x200.jpg 300w, https:\/\/blog.erm.ee\/wp-content\/uploads\/2021\/06\/kevadsuvi15_sonajalaois-1024x683.jpg 1024w, https:\/\/blog.erm.ee\/wp-content\/uploads\/2021\/06\/kevadsuvi15_sonajalaois-390x260.jpg 390w, https:\/\/blog.erm.ee\/wp-content\/uploads\/2021\/06\/kevadsuvi15_sonajalaois-768x512.jpg 768w, https:\/\/blog.erm.ee\/wp-content\/uploads\/2021\/06\/kevadsuvi15_sonajalaois-1536x1024.jpg 1536w\" sizes=\"auto, (max-width: 1600px) 100vw, 1600px\" \/><\/a><p id=\"caption-attachment-14836\" class=\"wp-caption-text\">S\u00f5najala\u00f5is kuuvalgel \u00f6\u00f6l. 23. juuni 2015. Foto: A. Kikas<\/p><\/div>\n<p style=\"text-align: justify;\">Ega head asja tohigi liiga palju ehk paljudele korraga k\u00e4ttesaadav olla. Vanarahvas lohutas \u00f5nnetuid sellega, et kavalad haldjad eksitasid \u00f5nneotsijaid teelt. Pipart keele peale neile, kes taimem\u00e4\u00e4rajaga vehivad ja raiuvad, et s\u00f5najalg ei \u00f5itse kunagi, sest on eostaim. \u00d5it on aastasadu otsitud ja ka leitud. Kes aga sinist l\u00f5kkekest n\u00e4eb, siis seal tuulutab haldjas hoopis varandust. Selle leidmine on juba paras \u00f5nneasi, kuid endale hoidmine veel sada korda keerukam, kui tavainimesel kr\u00fcptoraha kaevandamisest aru saada. Igatahes usuti jaani\u00f6\u00f6l olevat eriline v\u00e4gi: valla olevat nii p\u00f5rgu- kui ka taevav\u00e4ravad, vetesilmadest kerkivad n\u00e4kid ning lahkunute hinged r\u00e4ndavad ringi. Igasugusest enda suhtes toimetatavast n\u00f5idusest tasub suure kaarega m\u00f6\u00f6da hiilida, sest v\u00e4geval \u00f6\u00f6l tehtu j\u00e4\u00e4b alatiseks kehtima. Ise samas tasub j\u00e4llegi k\u00f5iksugu n\u00f5idumisi kindla peale ette v\u00f5tta \u2013 on ju selle v\u00e4gi nii tugev.<\/p>\n<p style=\"text-align: justify;\">Ennustaminegi on t\u00e4itsa tubli tegevus: kel kaaslast pole silma j\u00e4\u00e4nud v\u00f5i kel valitseb tuleviku suhtes temaga veel ebakindlus, see v\u00f5ib punuda kaks p\u00e4rga ja need siis n\u00e4iteks Emaj\u00f5el vette heita \u2013 kui p\u00e4rjad kokku juhtuvad, on lootust kaasat kohata v\u00f5i temaga kokku j\u00e4\u00e4da. Kes soovib kindlamat positiivset vastust, sel tasub ehk k\u00fcll v\u00e4iksem veekogu valida.<\/p>\n<p style=\"text-align: justify;\">Ent kui s\u00f5najala\u00f5is k\u00e4ttesaamatuks j\u00e4\u00e4b ja p\u00e4rjadki lahku triivivad ning unes ka armsamast ei n\u00e4e, ei tasu siiski meelt heita \u2013 heinas ringi sumbates tuleb jaaniaegne kastem\u00e4rg vanarahva teadmise j\u00e4rgi kindlasti kasuks. Lihtsalt t\u00f5mba silmn\u00e4gu k\u00f5rtelt v\u00f5etud kastem\u00e4rja k\u00e4ega \u00fcle, nii p\u00fcsivad vinnid-punnid-kortsud ja karvad kauem eemal ning igavene noorus on j\u00e4lle l\u00e4hemal. Jaaniga on see hea lugu, et see tuleb j\u00e4rgmisel aastal j\u00e4llegi. Kuid m\u00f6\u00f6dudes ei pruugi muidugi isegi jaanikaste enam kuigi h\u00e4sti t\u00f6\u00f6tada ja tuleb muid ilut\u00f6\u00f6stuse m\u00f6kse ja n\u00f5kse kasutada.<\/p>\n<div id=\"attachment_14837\" style=\"width: 1610px\" class=\"wp-caption aligncenter\"><a href=\"https:\/\/blog.erm.ee\/wp-content\/uploads\/2021\/06\/EPiMFK2548_3_1.jpg\"><img loading=\"lazy\" decoding=\"async\" aria-describedby=\"caption-attachment-14837\" data-attachment-id=\"14837\" data-permalink=\"https:\/\/blog.erm.ee\/?attachment_id=14837#main\" data-orig-file=\"https:\/\/blog.erm.ee\/wp-content\/uploads\/2021\/06\/EPiMFK2548_3_1.jpg\" data-orig-size=\"1600,1001\" data-comments-opened=\"1\" data-image-meta=\"{&quot;aperture&quot;:&quot;0&quot;,&quot;credit&quot;:&quot;&quot;,&quot;camera&quot;:&quot;&quot;,&quot;caption&quot;:&quot;&quot;,&quot;created_timestamp&quot;:&quot;0&quot;,&quot;copyright&quot;:&quot;&quot;,&quot;focal_length&quot;:&quot;0&quot;,&quot;iso&quot;:&quot;0&quot;,&quot;shutter_speed&quot;:&quot;0&quot;,&quot;title&quot;:&quot;&quot;,&quot;orientation&quot;:&quot;1&quot;}\" data-image-title=\"EPiMFK2548_3_1\" data-image-description=\"\" data-image-caption=\"\" data-large-file=\"https:\/\/blog.erm.ee\/wp-content\/uploads\/2021\/06\/EPiMFK2548_3_1-1024x641.jpg\" class=\"wp-image-14837 size-full\" src=\"https:\/\/blog.erm.ee\/wp-content\/uploads\/2021\/06\/EPiMFK2548_3_1.jpg\" alt=\"\" width=\"1600\" height=\"1001\" srcset=\"https:\/\/blog.erm.ee\/wp-content\/uploads\/2021\/06\/EPiMFK2548_3_1.jpg 1600w, https:\/\/blog.erm.ee\/wp-content\/uploads\/2021\/06\/EPiMFK2548_3_1-300x188.jpg 300w, https:\/\/blog.erm.ee\/wp-content\/uploads\/2021\/06\/EPiMFK2548_3_1-1024x641.jpg 1024w, https:\/\/blog.erm.ee\/wp-content\/uploads\/2021\/06\/EPiMFK2548_3_1-416x260.jpg 416w, https:\/\/blog.erm.ee\/wp-content\/uploads\/2021\/06\/EPiMFK2548_3_1-768x480.jpg 768w, https:\/\/blog.erm.ee\/wp-content\/uploads\/2021\/06\/EPiMFK2548_3_1-1536x961.jpg 1536w\" sizes=\"auto, (max-width: 1600px) 100vw, 1600px\" \/><\/a><p id=\"caption-attachment-14837\" class=\"wp-caption-text\">Tartu PTK t\u00f6\u00f6tajate jaanip\u00e4ev Pangodis. Foto: Albumist TPK kroonika 1977-1982.a. EPiM FK 2548:3<\/p><\/div>\n<p style=\"text-align: justify;\">Mis v\u00e4gi ja v\u00f5im ikkagi jaaniaegu k\u00f5iksugu taimedesse on suve ja soojuse toel kogunenud! Teadup\u00e4rast on taimedelgi jaani\u00f6\u00f6l muust ajast tublisti tugevam ravi- ja n\u00f5iaj\u00f5ud. Nii on targemad esivanemad ja teadlikumad t\u00e4nap\u00e4evasedki asunud just sel ajal ravimtaimi koguma, et nende mitmekordsest v\u00e4est tuumakust-m\u00f5jukust juurde saada. Kui taimetarkus roostes, siis kiika meie leitud klorof\u00fcllitoitel kaasteeliste <a href=\"https:\/\/www.facebook.com\/media\/set\/?vanity=eestirahvamuuseum&amp;set=a.10159002101467922\">fotogalerii<\/a>.<\/p>\n<div id=\"attachment_14838\" style=\"width: 1610px\" class=\"wp-caption aligncenter\"><a href=\"https:\/\/blog.erm.ee\/wp-content\/uploads\/2021\/06\/312547_ERM_Fk_2946_742.jpg\"><img loading=\"lazy\" decoding=\"async\" aria-describedby=\"caption-attachment-14838\" data-attachment-id=\"14838\" data-permalink=\"https:\/\/blog.erm.ee\/?attachment_id=14838#main\" data-orig-file=\"https:\/\/blog.erm.ee\/wp-content\/uploads\/2021\/06\/312547_ERM_Fk_2946_742.jpg\" data-orig-size=\"1600,1200\" data-comments-opened=\"1\" data-image-meta=\"{&quot;aperture&quot;:&quot;4.5&quot;,&quot;credit&quot;:&quot;Unspecified&quot;,&quot;camera&quot;:&quot;E-3&quot;,&quot;caption&quot;:&quot;Capturefile: D:2010Svetlana Karm_Udmurdi_2010_kasutusse_RAWveel juurde dets20111030_3_ju \\u009aabja_0204673.ORF\\rCaptureSN: D70510036.000000\\rSoftware: Capture One LE for Windows&quot;,&quot;created_timestamp&quot;:&quot;1277046638&quot;,&quot;copyright&quot;:&quot;Unspecified&quot;,&quot;focal_length&quot;:&quot;14&quot;,&quot;iso&quot;:&quot;400&quot;,&quot;shutter_speed&quot;:&quot;0.076923076923077&quot;,&quot;title&quot;:&quot;&quot;,&quot;orientation&quot;:&quot;1&quot;}\" data-image-title=\"312547_ERM_Fk_2946_742\" data-image-description=\"\" data-image-caption=\"&lt;p&gt;Capturefile: D:2010Svetlana Karm_Udmurdi_2010_kasutusse_RAWveel juurde dets20111030_3_ju \u009aabja_0204673.ORF&lt;br \/&gt;\nCaptureSN: D70510036.000000&lt;br \/&gt;\nSoftware: Capture One LE for Windows&lt;\/p&gt;\n\" data-large-file=\"https:\/\/blog.erm.ee\/wp-content\/uploads\/2021\/06\/312547_ERM_Fk_2946_742-1024x768.jpg\" class=\"wp-image-14838 size-full\" src=\"https:\/\/blog.erm.ee\/wp-content\/uploads\/2021\/06\/312547_ERM_Fk_2946_742.jpg\" alt=\"\" width=\"1600\" height=\"1200\" srcset=\"https:\/\/blog.erm.ee\/wp-content\/uploads\/2021\/06\/312547_ERM_Fk_2946_742.jpg 1600w, https:\/\/blog.erm.ee\/wp-content\/uploads\/2021\/06\/312547_ERM_Fk_2946_742-300x225.jpg 300w, https:\/\/blog.erm.ee\/wp-content\/uploads\/2021\/06\/312547_ERM_Fk_2946_742-1024x768.jpg 1024w, https:\/\/blog.erm.ee\/wp-content\/uploads\/2021\/06\/312547_ERM_Fk_2946_742-347x260.jpg 347w, https:\/\/blog.erm.ee\/wp-content\/uploads\/2021\/06\/312547_ERM_Fk_2946_742-768x576.jpg 768w, https:\/\/blog.erm.ee\/wp-content\/uploads\/2021\/06\/312547_ERM_Fk_2946_742-1536x1152.jpg 1536w\" sizes=\"auto, (max-width: 1600px) 100vw, 1600px\" \/><\/a><p id=\"caption-attachment-14838\" class=\"wp-caption-text\">Mahaj\u00e4etud elamu interj\u00f6\u00f6r, p\u00f5randal kuivavad taimed. Foto: Madis Kats 20.6.2010. ERM Fk 2946:742<\/p><\/div>\n<p style=\"text-align: justify;\">\u201eKomme tuua koju midagi elavat ja haljast, saada kokkupuutest sellega j\u00f5udu, tugevust, tervist ja sigivust, t\u00f5rjuda eemale halba ja vaenulikku on loodusrahvaste igivana maagiline rituaal. V\u00e4rsketest kaseokstest vihaga vihtlemine jaanilaup\u00e4eval saunas, haljaste okste ja \u00f5ite asetamine loomalautade uste-akende kohale kurja silma kaitseks,\u201c vahendab Mall Hiiem\u00e4e vanarahva rikast traditsiooni. Loomulikult polnud jaanilaup\u00e4eval vihtlemisel vaid tervise turgutamise eesm\u00e4rk\u2026<\/p>\n<p style=\"text-align: justify;\"><em>Jaanip\u00e4eval v\u00f5etas poolpa \u00fcheksast lehtpuust lehesid, noist tet\u00e4s viht, tollega vihutass sannan, sis kui v\u00e4ill\u00e4 tullas, sis, mis tuu leht ihu k\u00fcilgi om j\u00e4\u00e4nu, tuu kuivatatas \u00e4ra ja h\u00f5\u00f5rutas katski. Kellele toda s\u00f6\u00f6detas, n\u00e4kas s\u00f6\u00f6tjat armastama, olgu tema poiss vai t\u00fctrik<\/em>. Otep\u00e4\u00e4.<\/p>\n<div id=\"attachment_14839\" style=\"width: 1062px\" class=\"wp-caption aligncenter\"><a href=\"https:\/\/blog.erm.ee\/wp-content\/uploads\/2021\/06\/358330_ERM_Fk2991_527.jpg\"><img loading=\"lazy\" decoding=\"async\" aria-describedby=\"caption-attachment-14839\" data-attachment-id=\"14839\" data-permalink=\"https:\/\/blog.erm.ee\/?attachment_id=14839#main\" data-orig-file=\"https:\/\/blog.erm.ee\/wp-content\/uploads\/2021\/06\/358330_ERM_Fk2991_527-e1624272240154.jpg\" data-orig-size=\"1052,852\" data-comments-opened=\"1\" data-image-meta=\"{&quot;aperture&quot;:&quot;4.2&quot;,&quot;credit&quot;:&quot;&quot;,&quot;camera&quot;:&quot;NIKON D7000&quot;,&quot;caption&quot;:&quot;&quot;,&quot;created_timestamp&quot;:&quot;1372028447&quot;,&quot;copyright&quot;:&quot;&quot;,&quot;focal_length&quot;:&quot;32&quot;,&quot;iso&quot;:&quot;640&quot;,&quot;shutter_speed&quot;:&quot;0.016666666666667&quot;,&quot;title&quot;:&quot;&quot;,&quot;orientation&quot;:&quot;1&quot;}\" data-image-title=\"358330_ERM_Fk2991_527\" data-image-description=\"\" data-image-caption=\"\" data-large-file=\"https:\/\/blog.erm.ee\/wp-content\/uploads\/2021\/06\/358330_ERM_Fk2991_527-e1624272240154-1024x829.jpg\" class=\"wp-image-14839 size-full\" src=\"https:\/\/blog.erm.ee\/wp-content\/uploads\/2021\/06\/358330_ERM_Fk2991_527.jpg\" alt=\"\" width=\"1052\" height=\"1600\" \/><\/a><p id=\"caption-attachment-14839\" class=\"wp-caption-text\">Jaanituli. Ajaloolise v\u00e4\u00e4rtusega Eesti elu dokumenteerivad fotod 2013. aastast, kogutud Kodumaa piltide v\u00f5istluse raames. Foto: ERM Fk 2991:527<\/p><\/div>\n<p style=\"text-align: justify;\">Nii et las \u00f5itel \u00f5itseda ja rohelusel v\u00f5imutseda \u2013 kes teab, milline esivanemate teadmine ja looduse tarkus teinekord marjaks \u00e4ra kulub. Oma \u00fcheksa \u00f5it padja alla v\u00f5i kireva p\u00e4rja punumise tooret peaks k\u00fcll iga\u00fcks oma hoovist leidma \u2013 ikka seni, kuni muruk\u00f5rbe pole tekitatud. Siis tuleb jaan ka j\u00e4rgmine aasta lille\u00f5ite, linnulaualu ja mesilase suminaga. Las l\u00f5kked l\u00f5\u00f5mata k\u00f5rgele ja tulevalgust ning suitsu levida, nii ei hakka kuri k\u00fclge ega halb haava. Ja tibake v\u00f5sa ning k\u00f5rget heina on kindel m\u00e4rk, et s\u00f5najala\u00f5is v\u00f5ib l\u00e4heduses peituda. Tuleb vaid oma tee sinna leida, j\u00e4rgides kasv\u00f5i t\u00e4nap\u00e4evaseid jaaniklassikuid:<\/p>\n<table>\n<tbody>\n<tr>\n<td width=\"236\"><em>Jaanip\u00e4evaks k\u00f5rgeks kasvab rohi,<br \/>\nrinnust saadik k\u00f5rgub kastehein.<br \/>\n\u00dctle, kust ma rada teha tohin \u2013<br \/>\nigal pool on noor ja \u00f5itsev hein!<\/em><\/td>\n<td width=\"265\"><em>Jaani\u00f6\u00f6l on s\u00f5najalad \u00f5ites<br \/>\nmetsa all, kus k\u00f5rge-k\u00f5rge hein.<br \/>\nLapsed, lapsed, sinna minna v\u00f5ite \u2013<br \/>\nniikuinii seal niitmata j\u00e4\u00e4b hein.<\/em><\/td>\n<\/tr>\n<\/tbody>\n<\/table>\n<p style=\"text-align: justify;\">H\u00fcva jaani!<\/p>\n<p style=\"text-align: justify;\">Loo kirjutamisel on abiks ja inspiratsiooniks olnud Mall Hiiem\u00e4e, Christina L\u00e4\u00e4ni ja Piret \u00d5unapuu ning nende vahendatud kirjaread meie rahvap\u00e4rimusest.<\/p>\n<div class=\"fcbkbttn_buttons_block\" id=\"fcbkbttn_left\"><div class=\"fcbkbttn_like \"><fb:like href=\"https:\/\/blog.erm.ee\/?p=14830\" action=\"like\" colorscheme=\"light\" layout=\"standard\"  width=\"225px\" size=\"small\"><\/fb:like><\/div><div class=\"fb-share-button  \" data-href=\"https:\/\/blog.erm.ee\/?p=14830\" data-type=\"button\" data-size=\"small\"><\/div><\/div>","protected":false},"excerpt":{"rendered":"<p>Ave Kikas, muuseumipedagoog P\u00e4evapoliitikasse ja meediaruumi murrab sisse rohelepe, koroonakevad turgutas nii m\u00f5nelgi rohen\u00e4plust, uus panus keskkonnareostuse teemasse tuleb \u00fche- ja mitmekordsetest maskidest t\u00e4navaruumis. Ent samamoodi k\u00fctab kirgi \u201ekole ja hooldamata v\u00f5sa\u201c, mis lokkab ka Eesti Rahva Muuseumi \u00fcmber. Muuseumi sees on omakorda keskkonnan\u00e4itus, kus Raadi ja Tartu keskkonna lugudele lisaks saab lugeda, kuidas inimesed&hellip;<\/p>\n","protected":false},"author":1,"featured_media":14839,"comment_status":"open","ping_status":"open","sticky":false,"template":"","format":"standard","meta":{"_monsterinsights_skip_tracking":false,"_monsterinsights_sitenote_active":false,"_monsterinsights_sitenote_note":"","_monsterinsights_sitenote_category":0,"jetpack_post_was_ever_published":false,"_jetpack_newsletter_access":"","_jetpack_dont_email_post_to_subs":false,"_jetpack_newsletter_tier_id":0,"_jetpack_memberships_contains_paywalled_content":false,"_jetpack_memberships_contains_paid_content":false,"footnotes":""},"categories":[6,1],"tags":[],"class_list":["post-14830","post","type-post","status-publish","format-standard","has-post-thumbnail","hentry","category-foto","category-maaratlemata"],"yoast_head":"<!-- This site is optimized with the Yoast SEO plugin v27.5 - https:\/\/yoast.com\/product\/yoast-seo-wordpress\/ -->\n<title>Jaanip\u00e4evam\u00f5tteid. Meie rohelised s\u00f5brad, vallatud v\u00e4rvilised kaasteelised - Eesti Rahva Muuseumi ajaveeb<\/title>\n<meta name=\"robots\" content=\"index, follow, max-snippet:-1, max-image-preview:large, max-video-preview:-1\" \/>\n<link rel=\"canonical\" href=\"https:\/\/blog.erm.ee\/?p=14830\" \/>\n<meta property=\"og:locale\" content=\"et_EE\" \/>\n<meta property=\"og:type\" content=\"article\" \/>\n<meta property=\"og:title\" content=\"Jaanip\u00e4evam\u00f5tteid. Meie rohelised s\u00f5brad, vallatud v\u00e4rvilised kaasteelised - Eesti Rahva Muuseumi ajaveeb\" \/>\n<meta property=\"og:description\" content=\"Ave Kikas, muuseumipedagoog P\u00e4evapoliitikasse ja meediaruumi murrab sisse rohelepe, koroonakevad turgutas nii m\u00f5nelgi rohen\u00e4plust, uus panus keskkonnareostuse teemasse tuleb \u00fche- ja mitmekordsetest maskidest t\u00e4navaruumis. Ent samamoodi k\u00fctab kirgi \u201ekole ja hooldamata v\u00f5sa\u201c, mis lokkab ka Eesti Rahva Muuseumi \u00fcmber. Muuseumi sees on omakorda keskkonnan\u00e4itus, kus Raadi ja Tartu keskkonna lugudele lisaks saab lugeda, kuidas inimesed&hellip;\" \/>\n<meta property=\"og:url\" content=\"https:\/\/blog.erm.ee\/?p=14830\" \/>\n<meta property=\"og:site_name\" content=\"Eesti Rahva Muuseumi ajaveeb\" \/>\n<meta property=\"article:published_time\" content=\"2021-06-23T06:53:22+00:00\" \/>\n<meta property=\"og:image\" content=\"https:\/\/blog.erm.ee\/wp-content\/uploads\/2021\/06\/358330_ERM_Fk2991_527-e1624272240154.jpg\" \/>\n\t<meta property=\"og:image:width\" content=\"1052\" \/>\n\t<meta property=\"og:image:height\" content=\"852\" \/>\n\t<meta property=\"og:image:type\" content=\"image\/jpeg\" \/>\n<meta name=\"author\" content=\"Eesti Rahva Muuseum\" \/>\n<meta name=\"twitter:card\" content=\"summary_large_image\" \/>\n<meta name=\"twitter:label1\" content=\"Written by\" \/>\n\t<meta name=\"twitter:data1\" content=\"Eesti Rahva Muuseum\" \/>\n\t<meta name=\"twitter:label2\" content=\"Est. reading time\" \/>\n\t<meta name=\"twitter:data2\" content=\"7 minutit\" \/>\n<script type=\"application\/ld+json\" class=\"yoast-schema-graph\">{\"@context\":\"https:\\\/\\\/schema.org\",\"@graph\":[{\"@type\":\"Article\",\"@id\":\"https:\\\/\\\/blog.erm.ee\\\/?p=14830#article\",\"isPartOf\":{\"@id\":\"https:\\\/\\\/blog.erm.ee\\\/?p=14830\"},\"author\":{\"name\":\"Eesti Rahva Muuseum\",\"@id\":\"https:\\\/\\\/blog.erm.ee\\\/#\\\/schema\\\/person\\\/6e98c391cb00a33e7c22a3571e062114\"},\"headline\":\"Jaanip\u00e4evam\u00f5tteid. Meie rohelised s\u00f5brad, vallatud v\u00e4rvilised kaasteelised\",\"datePublished\":\"2021-06-23T06:53:22+00:00\",\"mainEntityOfPage\":{\"@id\":\"https:\\\/\\\/blog.erm.ee\\\/?p=14830\"},\"wordCount\":1424,\"commentCount\":0,\"image\":{\"@id\":\"https:\\\/\\\/blog.erm.ee\\\/?p=14830#primaryimage\"},\"thumbnailUrl\":\"https:\\\/\\\/blog.erm.ee\\\/wp-content\\\/uploads\\\/2021\\\/06\\\/358330_ERM_Fk2991_527-e1624272240154.jpg\",\"articleSection\":[\"Foto\"],\"inLanguage\":\"et\",\"potentialAction\":[{\"@type\":\"CommentAction\",\"name\":\"Comment\",\"target\":[\"https:\\\/\\\/blog.erm.ee\\\/?p=14830#respond\"]}]},{\"@type\":\"WebPage\",\"@id\":\"https:\\\/\\\/blog.erm.ee\\\/?p=14830\",\"url\":\"https:\\\/\\\/blog.erm.ee\\\/?p=14830\",\"name\":\"Jaanip\u00e4evam\u00f5tteid. Meie rohelised s\u00f5brad, vallatud v\u00e4rvilised kaasteelised - Eesti Rahva Muuseumi ajaveeb\",\"isPartOf\":{\"@id\":\"https:\\\/\\\/blog.erm.ee\\\/#website\"},\"primaryImageOfPage\":{\"@id\":\"https:\\\/\\\/blog.erm.ee\\\/?p=14830#primaryimage\"},\"image\":{\"@id\":\"https:\\\/\\\/blog.erm.ee\\\/?p=14830#primaryimage\"},\"thumbnailUrl\":\"https:\\\/\\\/blog.erm.ee\\\/wp-content\\\/uploads\\\/2021\\\/06\\\/358330_ERM_Fk2991_527-e1624272240154.jpg\",\"datePublished\":\"2021-06-23T06:53:22+00:00\",\"author\":{\"@id\":\"https:\\\/\\\/blog.erm.ee\\\/#\\\/schema\\\/person\\\/6e98c391cb00a33e7c22a3571e062114\"},\"breadcrumb\":{\"@id\":\"https:\\\/\\\/blog.erm.ee\\\/?p=14830#breadcrumb\"},\"inLanguage\":\"et\",\"potentialAction\":[{\"@type\":\"ReadAction\",\"target\":[\"https:\\\/\\\/blog.erm.ee\\\/?p=14830\"]}]},{\"@type\":\"ImageObject\",\"inLanguage\":\"et\",\"@id\":\"https:\\\/\\\/blog.erm.ee\\\/?p=14830#primaryimage\",\"url\":\"https:\\\/\\\/blog.erm.ee\\\/wp-content\\\/uploads\\\/2021\\\/06\\\/358330_ERM_Fk2991_527-e1624272240154.jpg\",\"contentUrl\":\"https:\\\/\\\/blog.erm.ee\\\/wp-content\\\/uploads\\\/2021\\\/06\\\/358330_ERM_Fk2991_527-e1624272240154.jpg\",\"width\":1052,\"height\":852},{\"@type\":\"BreadcrumbList\",\"@id\":\"https:\\\/\\\/blog.erm.ee\\\/?p=14830#breadcrumb\",\"itemListElement\":[{\"@type\":\"ListItem\",\"position\":1,\"name\":\"Home\",\"item\":\"https:\\\/\\\/blog.erm.ee\\\/\"},{\"@type\":\"ListItem\",\"position\":2,\"name\":\"Jaanip\u00e4evam\u00f5tteid. Meie rohelised s\u00f5brad, vallatud v\u00e4rvilised kaasteelised\"}]},{\"@type\":\"WebSite\",\"@id\":\"https:\\\/\\\/blog.erm.ee\\\/#website\",\"url\":\"https:\\\/\\\/blog.erm.ee\\\/\",\"name\":\"Eesti Rahva Muuseumi ajaveeb\",\"description\":\"\",\"potentialAction\":[{\"@type\":\"SearchAction\",\"target\":{\"@type\":\"EntryPoint\",\"urlTemplate\":\"https:\\\/\\\/blog.erm.ee\\\/?s={search_term_string}\"},\"query-input\":{\"@type\":\"PropertyValueSpecification\",\"valueRequired\":true,\"valueName\":\"search_term_string\"}}],\"inLanguage\":\"et\"},{\"@type\":\"Person\",\"@id\":\"https:\\\/\\\/blog.erm.ee\\\/#\\\/schema\\\/person\\\/6e98c391cb00a33e7c22a3571e062114\",\"name\":\"Eesti Rahva Muuseum\",\"image\":{\"@type\":\"ImageObject\",\"inLanguage\":\"et\",\"@id\":\"https:\\\/\\\/secure.gravatar.com\\\/avatar\\\/cb6d9ad5fb49f3f7315028ce5fe60641075f2cb52b8a058ff5a985fa2d8c1da0?s=96&d=mm&r=g\",\"url\":\"https:\\\/\\\/secure.gravatar.com\\\/avatar\\\/cb6d9ad5fb49f3f7315028ce5fe60641075f2cb52b8a058ff5a985fa2d8c1da0?s=96&d=mm&r=g\",\"contentUrl\":\"https:\\\/\\\/secure.gravatar.com\\\/avatar\\\/cb6d9ad5fb49f3f7315028ce5fe60641075f2cb52b8a058ff5a985fa2d8c1da0?s=96&d=mm&r=g\",\"caption\":\"Eesti Rahva Muuseum\"},\"sameAs\":[\"http:\\\/\\\/www.erm.ee\"],\"url\":\"https:\\\/\\\/blog.erm.ee\\\/?author=1\"}]}<\/script>\n<!-- \/ Yoast SEO plugin. -->","yoast_head_json":{"title":"Jaanip\u00e4evam\u00f5tteid. Meie rohelised s\u00f5brad, vallatud v\u00e4rvilised kaasteelised - Eesti Rahva Muuseumi ajaveeb","robots":{"index":"index","follow":"follow","max-snippet":"max-snippet:-1","max-image-preview":"max-image-preview:large","max-video-preview":"max-video-preview:-1"},"canonical":"https:\/\/blog.erm.ee\/?p=14830","og_locale":"et_EE","og_type":"article","og_title":"Jaanip\u00e4evam\u00f5tteid. Meie rohelised s\u00f5brad, vallatud v\u00e4rvilised kaasteelised - Eesti Rahva Muuseumi ajaveeb","og_description":"Ave Kikas, muuseumipedagoog P\u00e4evapoliitikasse ja meediaruumi murrab sisse rohelepe, koroonakevad turgutas nii m\u00f5nelgi rohen\u00e4plust, uus panus keskkonnareostuse teemasse tuleb \u00fche- ja mitmekordsetest maskidest t\u00e4navaruumis. Ent samamoodi k\u00fctab kirgi \u201ekole ja hooldamata v\u00f5sa\u201c, mis lokkab ka Eesti Rahva Muuseumi \u00fcmber. Muuseumi sees on omakorda keskkonnan\u00e4itus, kus Raadi ja Tartu keskkonna lugudele lisaks saab lugeda, kuidas inimesed&hellip;","og_url":"https:\/\/blog.erm.ee\/?p=14830","og_site_name":"Eesti Rahva Muuseumi ajaveeb","article_published_time":"2021-06-23T06:53:22+00:00","og_image":[{"width":1052,"height":852,"url":"https:\/\/blog.erm.ee\/wp-content\/uploads\/2021\/06\/358330_ERM_Fk2991_527-e1624272240154.jpg","type":"image\/jpeg"}],"author":"Eesti Rahva Muuseum","twitter_card":"summary_large_image","twitter_misc":{"Written by":"Eesti Rahva Muuseum","Est. reading time":"7 minutit"},"schema":{"@context":"https:\/\/schema.org","@graph":[{"@type":"Article","@id":"https:\/\/blog.erm.ee\/?p=14830#article","isPartOf":{"@id":"https:\/\/blog.erm.ee\/?p=14830"},"author":{"name":"Eesti Rahva Muuseum","@id":"https:\/\/blog.erm.ee\/#\/schema\/person\/6e98c391cb00a33e7c22a3571e062114"},"headline":"Jaanip\u00e4evam\u00f5tteid. Meie rohelised s\u00f5brad, vallatud v\u00e4rvilised kaasteelised","datePublished":"2021-06-23T06:53:22+00:00","mainEntityOfPage":{"@id":"https:\/\/blog.erm.ee\/?p=14830"},"wordCount":1424,"commentCount":0,"image":{"@id":"https:\/\/blog.erm.ee\/?p=14830#primaryimage"},"thumbnailUrl":"https:\/\/blog.erm.ee\/wp-content\/uploads\/2021\/06\/358330_ERM_Fk2991_527-e1624272240154.jpg","articleSection":["Foto"],"inLanguage":"et","potentialAction":[{"@type":"CommentAction","name":"Comment","target":["https:\/\/blog.erm.ee\/?p=14830#respond"]}]},{"@type":"WebPage","@id":"https:\/\/blog.erm.ee\/?p=14830","url":"https:\/\/blog.erm.ee\/?p=14830","name":"Jaanip\u00e4evam\u00f5tteid. Meie rohelised s\u00f5brad, vallatud v\u00e4rvilised kaasteelised - Eesti Rahva Muuseumi ajaveeb","isPartOf":{"@id":"https:\/\/blog.erm.ee\/#website"},"primaryImageOfPage":{"@id":"https:\/\/blog.erm.ee\/?p=14830#primaryimage"},"image":{"@id":"https:\/\/blog.erm.ee\/?p=14830#primaryimage"},"thumbnailUrl":"https:\/\/blog.erm.ee\/wp-content\/uploads\/2021\/06\/358330_ERM_Fk2991_527-e1624272240154.jpg","datePublished":"2021-06-23T06:53:22+00:00","author":{"@id":"https:\/\/blog.erm.ee\/#\/schema\/person\/6e98c391cb00a33e7c22a3571e062114"},"breadcrumb":{"@id":"https:\/\/blog.erm.ee\/?p=14830#breadcrumb"},"inLanguage":"et","potentialAction":[{"@type":"ReadAction","target":["https:\/\/blog.erm.ee\/?p=14830"]}]},{"@type":"ImageObject","inLanguage":"et","@id":"https:\/\/blog.erm.ee\/?p=14830#primaryimage","url":"https:\/\/blog.erm.ee\/wp-content\/uploads\/2021\/06\/358330_ERM_Fk2991_527-e1624272240154.jpg","contentUrl":"https:\/\/blog.erm.ee\/wp-content\/uploads\/2021\/06\/358330_ERM_Fk2991_527-e1624272240154.jpg","width":1052,"height":852},{"@type":"BreadcrumbList","@id":"https:\/\/blog.erm.ee\/?p=14830#breadcrumb","itemListElement":[{"@type":"ListItem","position":1,"name":"Home","item":"https:\/\/blog.erm.ee\/"},{"@type":"ListItem","position":2,"name":"Jaanip\u00e4evam\u00f5tteid. Meie rohelised s\u00f5brad, vallatud v\u00e4rvilised kaasteelised"}]},{"@type":"WebSite","@id":"https:\/\/blog.erm.ee\/#website","url":"https:\/\/blog.erm.ee\/","name":"Eesti Rahva Muuseumi ajaveeb","description":"","potentialAction":[{"@type":"SearchAction","target":{"@type":"EntryPoint","urlTemplate":"https:\/\/blog.erm.ee\/?s={search_term_string}"},"query-input":{"@type":"PropertyValueSpecification","valueRequired":true,"valueName":"search_term_string"}}],"inLanguage":"et"},{"@type":"Person","@id":"https:\/\/blog.erm.ee\/#\/schema\/person\/6e98c391cb00a33e7c22a3571e062114","name":"Eesti Rahva Muuseum","image":{"@type":"ImageObject","inLanguage":"et","@id":"https:\/\/secure.gravatar.com\/avatar\/cb6d9ad5fb49f3f7315028ce5fe60641075f2cb52b8a058ff5a985fa2d8c1da0?s=96&d=mm&r=g","url":"https:\/\/secure.gravatar.com\/avatar\/cb6d9ad5fb49f3f7315028ce5fe60641075f2cb52b8a058ff5a985fa2d8c1da0?s=96&d=mm&r=g","contentUrl":"https:\/\/secure.gravatar.com\/avatar\/cb6d9ad5fb49f3f7315028ce5fe60641075f2cb52b8a058ff5a985fa2d8c1da0?s=96&d=mm&r=g","caption":"Eesti Rahva Muuseum"},"sameAs":["http:\/\/www.erm.ee"],"url":"https:\/\/blog.erm.ee\/?author=1"}]}},"jetpack_featured_media_url":"https:\/\/blog.erm.ee\/wp-content\/uploads\/2021\/06\/358330_ERM_Fk2991_527-e1624272240154.jpg","jetpack_shortlink":"https:\/\/wp.me\/p2l9Zd-3Rc","jetpack_sharing_enabled":true,"jetpack_likes_enabled":true,"_links":{"self":[{"href":"https:\/\/blog.erm.ee\/index.php?rest_route=\/wp\/v2\/posts\/14830","targetHints":{"allow":["GET"]}}],"collection":[{"href":"https:\/\/blog.erm.ee\/index.php?rest_route=\/wp\/v2\/posts"}],"about":[{"href":"https:\/\/blog.erm.ee\/index.php?rest_route=\/wp\/v2\/types\/post"}],"author":[{"embeddable":true,"href":"https:\/\/blog.erm.ee\/index.php?rest_route=\/wp\/v2\/users\/1"}],"replies":[{"embeddable":true,"href":"https:\/\/blog.erm.ee\/index.php?rest_route=%2Fwp%2Fv2%2Fcomments&post=14830"}],"version-history":[{"count":5,"href":"https:\/\/blog.erm.ee\/index.php?rest_route=\/wp\/v2\/posts\/14830\/revisions"}],"predecessor-version":[{"id":14841,"href":"https:\/\/blog.erm.ee\/index.php?rest_route=\/wp\/v2\/posts\/14830\/revisions\/14841"}],"wp:featuredmedia":[{"embeddable":true,"href":"https:\/\/blog.erm.ee\/index.php?rest_route=\/wp\/v2\/media\/14839"}],"wp:attachment":[{"href":"https:\/\/blog.erm.ee\/index.php?rest_route=%2Fwp%2Fv2%2Fmedia&parent=14830"}],"wp:term":[{"taxonomy":"category","embeddable":true,"href":"https:\/\/blog.erm.ee\/index.php?rest_route=%2Fwp%2Fv2%2Fcategories&post=14830"},{"taxonomy":"post_tag","embeddable":true,"href":"https:\/\/blog.erm.ee\/index.php?rest_route=%2Fwp%2Fv2%2Ftags&post=14830"}],"curies":[{"name":"wp","href":"https:\/\/api.w.org\/{rel}","templated":true}]}}