{"id":14752,"date":"2021-05-27T09:05:59","date_gmt":"2021-05-27T06:05:59","guid":{"rendered":"https:\/\/blog.erm.ee\/?p=14752"},"modified":"2021-05-31T16:19:41","modified_gmt":"2021-05-31T13:19:41","slug":"unikaalne-soome-ugri-rahvaste-kongress-seekord-tartus-eesti-rahva-muuseumis","status":"publish","type":"post","link":"https:\/\/blog.erm.ee\/?p=14752","title":{"rendered":"Unikaalne soome-ugri rahvaste kongress seekord Tartus Eesti Rahva Muuseumis"},"content":{"rendered":"<div class=\"fcbkbttn_buttons_block\" id=\"fcbkbttn_left\"><div class=\"fcbkbttn_like \"><fb:like href=\"https:\/\/blog.erm.ee\/?p=14752\" action=\"like\" colorscheme=\"light\" layout=\"standard\"  width=\"225px\" size=\"small\"><\/fb:like><\/div><div class=\"fb-share-button  \" data-href=\"https:\/\/blog.erm.ee\/?p=14752\" data-type=\"button\" data-size=\"small\"><\/div><\/div><p style=\"text-align: justify;\">Autor: Andres Heinapuu, Soome-Ugri Rahvaste Konsultatiivkomitee liige.<\/p>\n<p style=\"text-align: justify;\">Soome-ugri rahvaste maailmakongress on Uurali rahvaste k\u00f5rgeim esindusfoorum, kuhu saadavad oma esindajad paljud h\u00f5imurahvad ja kultuuriseltsid. Kongressi eesm\u00e4rk on arendada ja kaitsta soome-ugri rahvaste rahvusteadvust, kultuuri ja keeli, edendada nende omavahelist koost\u00f6\u00f6d, k\u00e4sitleda aktuaalseid probleeme ja leida neile lahendusi.<\/p>\n<p style=\"text-align: justify;\">Kongressid toimuvad aastast 1992 igal ol\u00fcmpia-aastal. Need on toimunud S\u00f5kt\u00f5vkaris (Komi Vabariik, Venemaa), Budapestis, Helsingis, Tallinnas, Hant\u00f5-Mansiiskis (Handi-Mansi AR, Venemaa), Si\u00f3fokis (Ungari), Lahtis (Soome). Suvel Tartus toimuv kongress on seega kaheksas.<\/p>\n<p style=\"text-align: justify;\">Nagu Tokio ol\u00fcmpiam\u00e4ngudki, oleks pidanud maailmakongress toimuma m\u00f6\u00f6dunud aastal. Kuna aga t\u00e4navugi on silmast-silma kohtumine raskendatud, toimub see h\u00fcbriidina. See t\u00e4hendab, et need, kellel on v\u00f5imalik kohale tulla, kogunevad Eesti Rahva Muuseumi, \u00fclej\u00e4\u00e4nud saavad \u00fchineda internetiplatvormide kaudu.<\/p>\n<p style=\"text-align: justify;\"><a href=\"https:\/\/fennougria.ee\/\" target=\"_blank\" rel=\"noopener\">Fenno-Ugria asutuse<\/a> poolt korraldatava 2021. aastal toimuva maailmakongressi teemaks on \u201eKultuurimaastikud \u2013 meel ja keel\u201c. K\u00e4sitletakse keelte arendamise, edasiandmise ning kakskeelsuse probleeme, kliimamuutuste m\u00f5ju soome-ugri rahvastele, kultuuriuuenduse k\u00fcsimusi, traditsiooniliste ja uute meediakanalite kasutamist ja keeletehnoloogiat.<\/p>\n<p style=\"text-align: justify;\">Esimesele kongressile S\u00f5kt\u00f5vkaris saatis tervituse Venemaa president Boriss Jeltsin, teist kongressi Budapestis tervitas Ungari president \u00c1rp\u00e1d G\u00f6ncz. Edaspidi on oma tervituse edastanud Eesti, Soome ja Ungari president. Ka Venemaa presidendile on alati saadetud kutse. President Medvedev oli isiklikult kohal Hant\u00f5-Mansiiskis, Vladimir Putin on piirdunud tervitustelegrammiga. Kongressidel on esinenud ka riikide ministrid ja teised valitsuse esindajad.<\/p>\n<p style=\"text-align: justify;\">Kongress ja seda korraldav<a href=\"https:\/\/fennougria.ee\/esinduskogud\/konsultatiivkomitee\/\" target=\"_blank\" rel=\"noopener\"> konsultatiivkomitee<\/a> on kinnitanud oma s\u00f5ltumatust valitsustest ja poliitilistest parteidest ning toetub tegevuses<a href=\"https:\/\/fennougria.ee\/esinduskogud\/maailmakongressid\/esimene\/deklaratsioon-1992\/\" target=\"_blank\" rel=\"noopener\"> soome-ugri rahvaste koost\u00f6\u00f6deklaratsioonile<\/a>, kus \u00f6eldakse muu hulgas: \u201eOleme v\u00f5rd\u00f5iguslike sugulasrahvaste vabatahtlik \u00fchendus, mis on avatud maailma avalikkusele ja l\u00fclitunud \u00fcleeuroopalisse julgeoleku- ja koost\u00f6\u00f6protsessi ning juhindub inim\u00f5iguste \u00fclddeklaratsioonist rahvusv\u00e4hemuste ja p\u00f5lisrahvaste \u00f5iguste alal.<\/p>\n<p style=\"text-align: justify;\">Kongresside vaheajal t\u00f6\u00f6tab ning valmistab j\u00e4rgmist ette Soome-Ugri Rahvaste Konsultatiivkomitee, kuhu kuulub kaks esindajat iga rahva hulgast. Kongressil ja Soome-Ugri Rahvaste Konsultatiivkomitees on k\u00f5ik rahvad v\u00f5rdsed. \u00dcks h\u00e4\u00e4l on nii tillukesel vadja kui ka \u00fcle 10-miljonilisel ungari rahval. K\u00f5ik sisulised otsused v\u00f5etakse vastu konsensuse alusel \u2013 see t\u00e4hendab, et k\u00f5ik rahvad peavad olema nendega n\u00f5us.<\/p>\n<p style=\"text-align: justify;\">Kongressi \u00fclesehitus just nimelt rahvaste kaupa on tingitud sellest, et enamik Uurali rahvaid ei ela sugugi \u00fches riigis v\u00f5i \u00fchel (autonoomsel) territooriumil. Ungarlaste p\u00f5line asuala h\u00f5lmab k\u00f5ikide naaberriikide territooriumi. Saamid elavad kolmel P\u00f5hjamaal ja Venemaal. Pooled maridest elavad v\u00e4ljaspool oma nimivabariiki, ersade enamik v\u00e4ljaspool Mordva Vabariiki jne.<\/p>\n<div id=\"attachment_14753\" style=\"width: 1210px\" class=\"wp-caption aligncenter\"><a href=\"https:\/\/blog.erm.ee\/wp-content\/uploads\/2021\/05\/50500791676_e281515802_o.jpg\"><img loading=\"lazy\" decoding=\"async\" aria-describedby=\"caption-attachment-14753\" data-attachment-id=\"14753\" data-permalink=\"https:\/\/blog.erm.ee\/?attachment_id=14753#main\" data-orig-file=\"https:\/\/blog.erm.ee\/wp-content\/uploads\/2021\/05\/50500791676_e281515802_o.jpg\" data-orig-size=\"1200,721\" data-comments-opened=\"1\" data-image-meta=\"{&quot;aperture&quot;:&quot;0&quot;,&quot;credit&quot;:&quot;&quot;,&quot;camera&quot;:&quot;&quot;,&quot;caption&quot;:&quot;&quot;,&quot;created_timestamp&quot;:&quot;0&quot;,&quot;copyright&quot;:&quot;&quot;,&quot;focal_length&quot;:&quot;0&quot;,&quot;iso&quot;:&quot;0&quot;,&quot;shutter_speed&quot;:&quot;0&quot;,&quot;title&quot;:&quot;&quot;,&quot;orientation&quot;:&quot;1&quot;}\" data-image-title=\"50500791676_e281515802_o\" data-image-description=\"\" data-image-caption=\"\" data-large-file=\"https:\/\/blog.erm.ee\/wp-content\/uploads\/2021\/05\/50500791676_e281515802_o-1024x615.jpg\" class=\"wp-image-14753 size-full\" src=\"https:\/\/blog.erm.ee\/wp-content\/uploads\/2021\/05\/50500791676_e281515802_o.jpg\" alt=\"\" width=\"1200\" height=\"721\" srcset=\"https:\/\/blog.erm.ee\/wp-content\/uploads\/2021\/05\/50500791676_e281515802_o.jpg 1200w, https:\/\/blog.erm.ee\/wp-content\/uploads\/2021\/05\/50500791676_e281515802_o-300x180.jpg 300w, https:\/\/blog.erm.ee\/wp-content\/uploads\/2021\/05\/50500791676_e281515802_o-1024x615.jpg 1024w, https:\/\/blog.erm.ee\/wp-content\/uploads\/2021\/05\/50500791676_e281515802_o-433x260.jpg 433w, https:\/\/blog.erm.ee\/wp-content\/uploads\/2021\/05\/50500791676_e281515802_o-768x461.jpg 768w\" sizes=\"auto, (max-width: 1200px) 100vw, 1200px\" \/><\/a><p id=\"caption-attachment-14753\" class=\"wp-caption-text\">Udmurdi-eesti ansambel Ar-God esinemas H\u00f5imup\u00e4evadel ERMis, oktoober 2020. Foto: Finno-Ugria ja MindMedia<\/p><\/div>\n<div id=\"attachment_14755\" style=\"width: 1210px\" class=\"wp-caption aligncenter\"><a href=\"https:\/\/blog.erm.ee\/wp-content\/uploads\/2021\/05\/50500971913_a17345ced9_o.jpg\"><img loading=\"lazy\" decoding=\"async\" aria-describedby=\"caption-attachment-14755\" data-attachment-id=\"14755\" data-permalink=\"https:\/\/blog.erm.ee\/?attachment_id=14755#main\" data-orig-file=\"https:\/\/blog.erm.ee\/wp-content\/uploads\/2021\/05\/50500971913_a17345ced9_o.jpg\" data-orig-size=\"1200,751\" data-comments-opened=\"1\" data-image-meta=\"{&quot;aperture&quot;:&quot;0&quot;,&quot;credit&quot;:&quot;&quot;,&quot;camera&quot;:&quot;&quot;,&quot;caption&quot;:&quot;&quot;,&quot;created_timestamp&quot;:&quot;0&quot;,&quot;copyright&quot;:&quot;&quot;,&quot;focal_length&quot;:&quot;0&quot;,&quot;iso&quot;:&quot;0&quot;,&quot;shutter_speed&quot;:&quot;0&quot;,&quot;title&quot;:&quot;&quot;,&quot;orientation&quot;:&quot;1&quot;}\" data-image-title=\"50500971913_a17345ced9_o\" data-image-description=\"\" data-image-caption=\"\" data-large-file=\"https:\/\/blog.erm.ee\/wp-content\/uploads\/2021\/05\/50500971913_a17345ced9_o-1024x641.jpg\" class=\"wp-image-14755 size-full\" src=\"https:\/\/blog.erm.ee\/wp-content\/uploads\/2021\/05\/50500971913_a17345ced9_o.jpg\" alt=\"\" width=\"1200\" height=\"751\" srcset=\"https:\/\/blog.erm.ee\/wp-content\/uploads\/2021\/05\/50500971913_a17345ced9_o.jpg 1200w, https:\/\/blog.erm.ee\/wp-content\/uploads\/2021\/05\/50500971913_a17345ced9_o-300x188.jpg 300w, https:\/\/blog.erm.ee\/wp-content\/uploads\/2021\/05\/50500971913_a17345ced9_o-1024x641.jpg 1024w, https:\/\/blog.erm.ee\/wp-content\/uploads\/2021\/05\/50500971913_a17345ced9_o-415x260.jpg 415w, https:\/\/blog.erm.ee\/wp-content\/uploads\/2021\/05\/50500971913_a17345ced9_o-768x481.jpg 768w\" sizes=\"auto, (max-width: 1200px) 100vw, 1200px\" \/><\/a><p id=\"caption-attachment-14755\" class=\"wp-caption-text\">Vadja-isuri folklooriansambel Suprjadki esinemas H\u00f5imup\u00e4evadel ERMis, oktoober 2020. Foto: Arp Karm<\/p><\/div>\n<div id=\"attachment_14756\" style=\"width: 1210px\" class=\"wp-caption aligncenter\"><a href=\"https:\/\/blog.erm.ee\/wp-content\/uploads\/2021\/05\/50500096643_c6eac81156_o.jpg\"><img loading=\"lazy\" decoding=\"async\" aria-describedby=\"caption-attachment-14756\" data-attachment-id=\"14756\" data-permalink=\"https:\/\/blog.erm.ee\/?attachment_id=14756#main\" data-orig-file=\"https:\/\/blog.erm.ee\/wp-content\/uploads\/2021\/05\/50500096643_c6eac81156_o.jpg\" data-orig-size=\"1200,668\" data-comments-opened=\"1\" data-image-meta=\"{&quot;aperture&quot;:&quot;0&quot;,&quot;credit&quot;:&quot;&quot;,&quot;camera&quot;:&quot;&quot;,&quot;caption&quot;:&quot;&quot;,&quot;created_timestamp&quot;:&quot;0&quot;,&quot;copyright&quot;:&quot;&quot;,&quot;focal_length&quot;:&quot;0&quot;,&quot;iso&quot;:&quot;0&quot;,&quot;shutter_speed&quot;:&quot;0&quot;,&quot;title&quot;:&quot;&quot;,&quot;orientation&quot;:&quot;1&quot;}\" data-image-title=\"50500096643_c6eac81156_o\" data-image-description=\"\" data-image-caption=\"\" data-large-file=\"https:\/\/blog.erm.ee\/wp-content\/uploads\/2021\/05\/50500096643_c6eac81156_o-1024x570.jpg\" class=\"wp-image-14756 size-full\" src=\"https:\/\/blog.erm.ee\/wp-content\/uploads\/2021\/05\/50500096643_c6eac81156_o.jpg\" alt=\"\" width=\"1200\" height=\"668\" srcset=\"https:\/\/blog.erm.ee\/wp-content\/uploads\/2021\/05\/50500096643_c6eac81156_o.jpg 1200w, https:\/\/blog.erm.ee\/wp-content\/uploads\/2021\/05\/50500096643_c6eac81156_o-300x167.jpg 300w, https:\/\/blog.erm.ee\/wp-content\/uploads\/2021\/05\/50500096643_c6eac81156_o-1024x570.jpg 1024w, https:\/\/blog.erm.ee\/wp-content\/uploads\/2021\/05\/50500096643_c6eac81156_o-460x256.jpg 460w, https:\/\/blog.erm.ee\/wp-content\/uploads\/2021\/05\/50500096643_c6eac81156_o-768x428.jpg 768w\" sizes=\"auto, (max-width: 1200px) 100vw, 1200px\" \/><\/a><p id=\"caption-attachment-14756\" class=\"wp-caption-text\">Eesti ansambel V\u00e4ike Hellero esinemas H\u00f5imup\u00e4evadel ERMis, oktoober 2020. Foto: Finno-Ugria ja MindMedia<\/p><\/div>\n<div id=\"attachment_14757\" style=\"width: 1210px\" class=\"wp-caption aligncenter\"><a href=\"https:\/\/blog.erm.ee\/wp-content\/uploads\/2021\/05\/50500808206_78a32552f8_o.jpg\"><img loading=\"lazy\" decoding=\"async\" aria-describedby=\"caption-attachment-14757\" data-attachment-id=\"14757\" data-permalink=\"https:\/\/blog.erm.ee\/?attachment_id=14757#main\" data-orig-file=\"https:\/\/blog.erm.ee\/wp-content\/uploads\/2021\/05\/50500808206_78a32552f8_o.jpg\" data-orig-size=\"1200,739\" data-comments-opened=\"1\" data-image-meta=\"{&quot;aperture&quot;:&quot;0&quot;,&quot;credit&quot;:&quot;&quot;,&quot;camera&quot;:&quot;&quot;,&quot;caption&quot;:&quot;&quot;,&quot;created_timestamp&quot;:&quot;0&quot;,&quot;copyright&quot;:&quot;&quot;,&quot;focal_length&quot;:&quot;0&quot;,&quot;iso&quot;:&quot;0&quot;,&quot;shutter_speed&quot;:&quot;0&quot;,&quot;title&quot;:&quot;&quot;,&quot;orientation&quot;:&quot;1&quot;}\" data-image-title=\"50500808206_78a32552f8_o\" data-image-description=\"\" data-image-caption=\"\" data-large-file=\"https:\/\/blog.erm.ee\/wp-content\/uploads\/2021\/05\/50500808206_78a32552f8_o-1024x631.jpg\" class=\"wp-image-14757 size-full\" src=\"https:\/\/blog.erm.ee\/wp-content\/uploads\/2021\/05\/50500808206_78a32552f8_o.jpg\" alt=\"\" width=\"1200\" height=\"739\" srcset=\"https:\/\/blog.erm.ee\/wp-content\/uploads\/2021\/05\/50500808206_78a32552f8_o.jpg 1200w, https:\/\/blog.erm.ee\/wp-content\/uploads\/2021\/05\/50500808206_78a32552f8_o-300x185.jpg 300w, https:\/\/blog.erm.ee\/wp-content\/uploads\/2021\/05\/50500808206_78a32552f8_o-1024x631.jpg 1024w, https:\/\/blog.erm.ee\/wp-content\/uploads\/2021\/05\/50500808206_78a32552f8_o-422x260.jpg 422w, https:\/\/blog.erm.ee\/wp-content\/uploads\/2021\/05\/50500808206_78a32552f8_o-768x473.jpg 768w\" sizes=\"auto, (max-width: 1200px) 100vw, 1200px\" \/><\/a><p id=\"caption-attachment-14757\" class=\"wp-caption-text\">Manside videotervitus H\u00f5imup\u00e4evadel ERMis, oktoober 2020. Foto: Finno-Ugria ja MindMedia<\/p><\/div>\n<p style=\"text-align: justify;\">Kongressi algatanud liikumine saigi alguse Venemaa rahvaste rahvuskongressidest, mis kogusid kokku esindajad eri haldus\u00fcksustest ja v\u00e4lismaaltki, et arutada kogu rahvust puudutavaid k\u00fcsimusi. K\u00f5igepealt korraldati Venemaa soome-ugri rahvaste kongress (1992), mis omakorda otsustas kokku kutsuda maailmakongressi.<\/p>\n<p style=\"text-align: justify;\">Esimesel kongressil I\u017ekaris (I\u017eevskis) moodustati ka Venemaa Soome-Ugri Rahvaste Assotsiatsioon (AFUN, \u0410\u0441\u0441\u0441\u043e\u0446\u0438\u0430\u0446\u0438\u044f \u0444\u0438\u043d\u043d\u043e-\u0443\u0433\u043e\u0440\u0441\u043a\u0438\u0445 \u043d\u0430\u0440\u043e\u0434\u043e\u0432 \u0420\u043e\u0441\u0441\u0438\u0438), mis koosnes rahvuste esindajatest. Veel toimus \u00fcks kongress Permi Komi ringkonna pealinnas Kud\u00f5mkaris 1995. aastal. Seej\u00e4rel j\u00e4i aga assotsiatsiooni tegevus soiku, osalt ka p\u00f5hjusel, et samad organisatsioonid olid esindatud maailmakongressil ja rahvusvahelises konsultatiivkomitees.<\/p>\n<p style=\"text-align: justify;\">Muutunud poliitiline olukord (eriti Venemaal) on m\u00f5jutanud ka maailmakongresse. Kui Venemaa rahvad algatasid esimese maailmakongressi, oli nende eesm\u00e4rk saada rahvusvahelist toetust oma suurema autonoomia taotlustele Venemaal. Praeguses olukorras aga peaks Venemaa niisugust toetust sekkumiseks oma siseasjadesse. Selleks et mitte kahjustada Venemaa rahvaste huve, on kongressi kavast seekord esmakordselt v\u00e4lja j\u00e4\u00e4nud \u00f5iguse ja rahvuspoliitika teemar\u00fchm. Liiati on varasemate kongresside otsustes k\u00f5ik p\u00f5him\u00f5ttelised seisukohad rahvaste \u00f5iguste asjus juba v\u00e4lja \u00f6eldud ja nende kordamine oleks m\u00f5ttetu.<\/p>\n<p style=\"text-align: justify;\">Sel sajandil on Venemaa v\u00f5imud p\u00fc\u00fcdnud soome-ugri liikumist aina enam riigi kontrolli alla saada. 2005. aastal reorganiseeriti AFUN, et viia selle p\u00f5hikiri Venemaa seadustega koosk\u00f5lla. Praegu koosneb see regionaalsetest organisatsioonidest, mitte \u00fcksikute rahvaste esindajatest. Marid ja udmurdid n\u00e4iteks on esindatud ka Ba\u0161kortostani organisatsioonis lisaks nimivabariigi omadele ja m\u00f5ni v\u00e4iksem rahvas, kellel ei ole oma administratiiv\u00fcksust, on hoopis esindamata. Niisugust organisatsiooni on ka kohalikel v\u00f5imudel lihtsam kontrollida.<\/p>\n<p style=\"text-align: justify;\">AFUN on varem proovinud Venemaa rahvaste delegatsiooni moodustamise \u00f5igust endale saada. See pole aga \u00f5nnestunud, sest assotsiatsiooni struktuur ei vasta kongressi omale ja mitme rahva esindus moodustatakse rahvusvaheliselt. T\u00e4navu j\u00fcrip\u00e4eval \u00fctles AFUN, et peab Venemaa rahvaste osalemist maailmakongressil ebaotstarbekaks. Selle seisukoha on heaks kiitnud ka Venemaa Rahvusasjade F\u00f6deraalagentuur (\u0424\u0435\u0434\u0435\u0440\u0430\u043b\u044c\u043d\u043e\u0435 \u0430\u0433\u0435\u043d\u0442\u0441\u0442\u0432\u043e \u043f\u043e \u0434\u0435\u043b\u0430\u043c \u043d\u0430\u0446\u0438\u043e\u043d\u0430\u043b\u044c\u043d\u043e\u0441\u0442\u0435\u0439). Siiski on suur osa Venemaa soome-ugri ja samojeedi rahvastest lubanud kongressile tulla.<\/p>\n<div id=\"attachment_14754\" style=\"width: 1210px\" class=\"wp-caption aligncenter\"><a href=\"https:\/\/blog.erm.ee\/wp-content\/uploads\/2021\/05\/50500952062_7cac84b053_o.jpg\"><img loading=\"lazy\" decoding=\"async\" aria-describedby=\"caption-attachment-14754\" data-attachment-id=\"14754\" data-permalink=\"https:\/\/blog.erm.ee\/?attachment_id=14754#main\" data-orig-file=\"https:\/\/blog.erm.ee\/wp-content\/uploads\/2021\/05\/50500952062_7cac84b053_o.jpg\" data-orig-size=\"1200,665\" data-comments-opened=\"1\" data-image-meta=\"{&quot;aperture&quot;:&quot;0&quot;,&quot;credit&quot;:&quot;&quot;,&quot;camera&quot;:&quot;&quot;,&quot;caption&quot;:&quot;&quot;,&quot;created_timestamp&quot;:&quot;0&quot;,&quot;copyright&quot;:&quot;&quot;,&quot;focal_length&quot;:&quot;0&quot;,&quot;iso&quot;:&quot;0&quot;,&quot;shutter_speed&quot;:&quot;0&quot;,&quot;title&quot;:&quot;&quot;,&quot;orientation&quot;:&quot;1&quot;}\" data-image-title=\"50500952062_7cac84b053_o\" data-image-description=\"\" data-image-caption=\"\" data-large-file=\"https:\/\/blog.erm.ee\/wp-content\/uploads\/2021\/05\/50500952062_7cac84b053_o-1024x567.jpg\" class=\"wp-image-14754 size-full\" src=\"https:\/\/blog.erm.ee\/wp-content\/uploads\/2021\/05\/50500952062_7cac84b053_o.jpg\" alt=\"\" width=\"1200\" height=\"665\" srcset=\"https:\/\/blog.erm.ee\/wp-content\/uploads\/2021\/05\/50500952062_7cac84b053_o.jpg 1200w, https:\/\/blog.erm.ee\/wp-content\/uploads\/2021\/05\/50500952062_7cac84b053_o-300x166.jpg 300w, https:\/\/blog.erm.ee\/wp-content\/uploads\/2021\/05\/50500952062_7cac84b053_o-1024x567.jpg 1024w, https:\/\/blog.erm.ee\/wp-content\/uploads\/2021\/05\/50500952062_7cac84b053_o-460x255.jpg 460w, https:\/\/blog.erm.ee\/wp-content\/uploads\/2021\/05\/50500952062_7cac84b053_o-768x426.jpg 768w\" sizes=\"auto, (max-width: 1200px) 100vw, 1200px\" \/><\/a><p id=\"caption-attachment-14754\" class=\"wp-caption-text\">Mordvalaste videotervitus H\u00f5imup\u00e4evadel ERMis, oktoober 2020. Foto: Finno-Ugria ja MindMedia<\/p><\/div>\n<div id=\"attachment_14759\" style=\"width: 1210px\" class=\"wp-caption aligncenter\"><a href=\"https:\/\/blog.erm.ee\/wp-content\/uploads\/2021\/05\/50501988671_37dfb0d0c4_o.jpg\"><img loading=\"lazy\" decoding=\"async\" aria-describedby=\"caption-attachment-14759\" data-attachment-id=\"14759\" data-permalink=\"https:\/\/blog.erm.ee\/?attachment_id=14759#main\" data-orig-file=\"https:\/\/blog.erm.ee\/wp-content\/uploads\/2021\/05\/50501988671_37dfb0d0c4_o.jpg\" data-orig-size=\"1200,678\" data-comments-opened=\"1\" data-image-meta=\"{&quot;aperture&quot;:&quot;0&quot;,&quot;credit&quot;:&quot;&quot;,&quot;camera&quot;:&quot;&quot;,&quot;caption&quot;:&quot;&quot;,&quot;created_timestamp&quot;:&quot;0&quot;,&quot;copyright&quot;:&quot;&quot;,&quot;focal_length&quot;:&quot;0&quot;,&quot;iso&quot;:&quot;0&quot;,&quot;shutter_speed&quot;:&quot;0&quot;,&quot;title&quot;:&quot;&quot;,&quot;orientation&quot;:&quot;1&quot;}\" data-image-title=\"50501988671_37dfb0d0c4_o\" data-image-description=\"\" data-image-caption=\"\" data-large-file=\"https:\/\/blog.erm.ee\/wp-content\/uploads\/2021\/05\/50501988671_37dfb0d0c4_o-1024x579.jpg\" class=\"wp-image-14759 size-full\" src=\"https:\/\/blog.erm.ee\/wp-content\/uploads\/2021\/05\/50501988671_37dfb0d0c4_o.jpg\" alt=\"\" width=\"1200\" height=\"678\" srcset=\"https:\/\/blog.erm.ee\/wp-content\/uploads\/2021\/05\/50501988671_37dfb0d0c4_o.jpg 1200w, https:\/\/blog.erm.ee\/wp-content\/uploads\/2021\/05\/50501988671_37dfb0d0c4_o-300x170.jpg 300w, https:\/\/blog.erm.ee\/wp-content\/uploads\/2021\/05\/50501988671_37dfb0d0c4_o-1024x579.jpg 1024w, https:\/\/blog.erm.ee\/wp-content\/uploads\/2021\/05\/50501988671_37dfb0d0c4_o-460x260.jpg 460w, https:\/\/blog.erm.ee\/wp-content\/uploads\/2021\/05\/50501988671_37dfb0d0c4_o-768x434.jpg 768w\" sizes=\"auto, (max-width: 1200px) 100vw, 1200px\" \/><\/a><p id=\"caption-attachment-14759\" class=\"wp-caption-text\">Marilanna Anna Mishina esinemas koos udmurt Pavel Kuterginiga H\u00f5imup\u00e4evadel ERMis, oktoober 2020. Foto: Arp Karm<\/p><\/div>\n<div id=\"attachment_14758\" style=\"width: 1210px\" class=\"wp-caption aligncenter\"><a href=\"https:\/\/blog.erm.ee\/wp-content\/uploads\/2021\/05\/50501838457_7b8b899ecb_o.jpg\"><img loading=\"lazy\" decoding=\"async\" aria-describedby=\"caption-attachment-14758\" data-attachment-id=\"14758\" data-permalink=\"https:\/\/blog.erm.ee\/?attachment_id=14758#main\" data-orig-file=\"https:\/\/blog.erm.ee\/wp-content\/uploads\/2021\/05\/50501838457_7b8b899ecb_o.jpg\" data-orig-size=\"1200,674\" data-comments-opened=\"1\" data-image-meta=\"{&quot;aperture&quot;:&quot;0&quot;,&quot;credit&quot;:&quot;&quot;,&quot;camera&quot;:&quot;&quot;,&quot;caption&quot;:&quot;&quot;,&quot;created_timestamp&quot;:&quot;0&quot;,&quot;copyright&quot;:&quot;&quot;,&quot;focal_length&quot;:&quot;0&quot;,&quot;iso&quot;:&quot;0&quot;,&quot;shutter_speed&quot;:&quot;0&quot;,&quot;title&quot;:&quot;&quot;,&quot;orientation&quot;:&quot;1&quot;}\" data-image-title=\"50501838457_7b8b899ecb_o\" data-image-description=\"\" data-image-caption=\"\" data-large-file=\"https:\/\/blog.erm.ee\/wp-content\/uploads\/2021\/05\/50501838457_7b8b899ecb_o-1024x575.jpg\" class=\"wp-image-14758 size-full\" src=\"https:\/\/blog.erm.ee\/wp-content\/uploads\/2021\/05\/50501838457_7b8b899ecb_o.jpg\" alt=\"\" width=\"1200\" height=\"674\" srcset=\"https:\/\/blog.erm.ee\/wp-content\/uploads\/2021\/05\/50501838457_7b8b899ecb_o.jpg 1200w, https:\/\/blog.erm.ee\/wp-content\/uploads\/2021\/05\/50501838457_7b8b899ecb_o-300x169.jpg 300w, https:\/\/blog.erm.ee\/wp-content\/uploads\/2021\/05\/50501838457_7b8b899ecb_o-1024x575.jpg 1024w, https:\/\/blog.erm.ee\/wp-content\/uploads\/2021\/05\/50501838457_7b8b899ecb_o-460x258.jpg 460w, https:\/\/blog.erm.ee\/wp-content\/uploads\/2021\/05\/50501838457_7b8b899ecb_o-768x431.jpg 768w\" sizes=\"auto, (max-width: 1200px) 100vw, 1200px\" \/><\/a><p id=\"caption-attachment-14758\" class=\"wp-caption-text\">Saami videotervitus H\u00f5imup\u00e4evadel ERMis, oktoober 2020. Foto: Finno-Ugria ja MindMedia<\/p><\/div>\n<div id=\"attachment_14760\" style=\"width: 1210px\" class=\"wp-caption aligncenter\"><a href=\"https:\/\/blog.erm.ee\/wp-content\/uploads\/2021\/05\/50501681381_c86ebdc5c4_o.jpg\"><img loading=\"lazy\" decoding=\"async\" aria-describedby=\"caption-attachment-14760\" data-attachment-id=\"14760\" data-permalink=\"https:\/\/blog.erm.ee\/?attachment_id=14760#main\" data-orig-file=\"https:\/\/blog.erm.ee\/wp-content\/uploads\/2021\/05\/50501681381_c86ebdc5c4_o.jpg\" data-orig-size=\"1200,790\" data-comments-opened=\"1\" data-image-meta=\"{&quot;aperture&quot;:&quot;0&quot;,&quot;credit&quot;:&quot;&quot;,&quot;camera&quot;:&quot;&quot;,&quot;caption&quot;:&quot;&quot;,&quot;created_timestamp&quot;:&quot;0&quot;,&quot;copyright&quot;:&quot;&quot;,&quot;focal_length&quot;:&quot;0&quot;,&quot;iso&quot;:&quot;0&quot;,&quot;shutter_speed&quot;:&quot;0&quot;,&quot;title&quot;:&quot;&quot;,&quot;orientation&quot;:&quot;1&quot;}\" data-image-title=\"50501681381_c86ebdc5c4_o\" data-image-description=\"\" data-image-caption=\"\" data-large-file=\"https:\/\/blog.erm.ee\/wp-content\/uploads\/2021\/05\/50501681381_c86ebdc5c4_o-1024x674.jpg\" class=\"wp-image-14760 size-full\" src=\"https:\/\/blog.erm.ee\/wp-content\/uploads\/2021\/05\/50501681381_c86ebdc5c4_o.jpg\" alt=\"\" width=\"1200\" height=\"790\" srcset=\"https:\/\/blog.erm.ee\/wp-content\/uploads\/2021\/05\/50501681381_c86ebdc5c4_o.jpg 1200w, https:\/\/blog.erm.ee\/wp-content\/uploads\/2021\/05\/50501681381_c86ebdc5c4_o-300x198.jpg 300w, https:\/\/blog.erm.ee\/wp-content\/uploads\/2021\/05\/50501681381_c86ebdc5c4_o-1024x674.jpg 1024w, https:\/\/blog.erm.ee\/wp-content\/uploads\/2021\/05\/50501681381_c86ebdc5c4_o-395x260.jpg 395w, https:\/\/blog.erm.ee\/wp-content\/uploads\/2021\/05\/50501681381_c86ebdc5c4_o-768x506.jpg 768w\" sizes=\"auto, (max-width: 1200px) 100vw, 1200px\" \/><\/a><p id=\"caption-attachment-14760\" class=\"wp-caption-text\">Ungarlaste tervitus H\u00f5imup\u00e4evadel ERMis, oktoober 2020. Foto: Arp Karm<\/p><\/div>\n<p style=\"text-align: justify;\">Soome-ugri rahvaste maailmakongressi k\u00f5rvale on tekkinud mitmeid muid h\u00f5imurahvaste koost\u00f6\u00f6raamistikke, mis tunduvad m\u00f5nigi kord kongressist t\u00f5husamadki. Aga maailmakongress on siiani olnud neist siiski k\u00f5ige universaalsem. Lisaks on soome-ugri rahvaste maailmakongress unikaalne n\u00e4htus kogu maailmas. Sugulasrahvaste ja p\u00f5lisrahvaste rahvusvahelisi konverentse korraldatakse k\u00fcll, aga niisugust v\u00f5rdsete rahvuste \u00fchendust on raske leida. Juba ainu\u00fcksi seet\u00f5ttu on vaja takistustest hoolimata kongressi tegevust j\u00e4tkata.<\/p>\n<p style=\"text-align: justify;\"><a href=\"https:\/\/fennougria.ee\/\" target=\"_blank\" rel=\"noopener\">VIII soome-ugri\u00a0rahvaste\u00a0maailmakongress\u00a0<\/a>toimub 16.\u201318. juunil 2021 Tartus Eesti Rahva Muuseumis.<\/p>\n<div class=\"fcbkbttn_buttons_block\" id=\"fcbkbttn_left\"><div class=\"fcbkbttn_like \"><fb:like href=\"https:\/\/blog.erm.ee\/?p=14752\" action=\"like\" colorscheme=\"light\" layout=\"standard\"  width=\"225px\" size=\"small\"><\/fb:like><\/div><div class=\"fb-share-button  \" data-href=\"https:\/\/blog.erm.ee\/?p=14752\" data-type=\"button\" data-size=\"small\"><\/div><\/div>","protected":false},"excerpt":{"rendered":"<p>Autor: Andres Heinapuu, Soome-Ugri Rahvaste Konsultatiivkomitee liige. Soome-ugri rahvaste maailmakongress on Uurali rahvaste k\u00f5rgeim esindusfoorum, kuhu saadavad oma esindajad paljud h\u00f5imurahvad ja kultuuriseltsid. Kongressi eesm\u00e4rk on arendada ja kaitsta soome-ugri rahvaste rahvusteadvust, kultuuri ja keeli, edendada nende omavahelist koost\u00f6\u00f6d, k\u00e4sitleda aktuaalseid probleeme ja leida neile lahendusi. Kongressid toimuvad aastast 1992 igal ol\u00fcmpia-aastal. Need on toimunud&hellip;<\/p>\n","protected":false},"author":1,"featured_media":14762,"comment_status":"open","ping_status":"open","sticky":false,"template":"","format":"standard","meta":{"_monsterinsights_skip_tracking":false,"_monsterinsights_sitenote_active":false,"_monsterinsights_sitenote_note":"","_monsterinsights_sitenote_category":0,"jetpack_post_was_ever_published":false,"_jetpack_newsletter_access":"","_jetpack_dont_email_post_to_subs":false,"_jetpack_newsletter_tier_id":0,"_jetpack_memberships_contains_paywalled_content":false,"_jetpack_memberships_contains_paid_content":false,"footnotes":""},"categories":[6,1,28,19,17],"tags":[],"class_list":["post-14752","post","type-post","status-publish","format-standard","has-post-thumbnail","hentry","category-foto","category-maaratlemata","category-soome-ugri","category-sundmus","category-uus-maja"],"yoast_head":"<!-- This site is optimized with the Yoast SEO plugin v27.5 - https:\/\/yoast.com\/product\/yoast-seo-wordpress\/ -->\n<title>Unikaalne soome-ugri rahvaste kongress seekord Tartus Eesti Rahva Muuseumis - Eesti Rahva Muuseumi ajaveeb<\/title>\n<meta name=\"robots\" content=\"index, follow, max-snippet:-1, max-image-preview:large, max-video-preview:-1\" \/>\n<link rel=\"canonical\" href=\"https:\/\/blog.erm.ee\/?p=14752\" \/>\n<meta property=\"og:locale\" content=\"et_EE\" \/>\n<meta property=\"og:type\" content=\"article\" \/>\n<meta property=\"og:title\" content=\"Unikaalne soome-ugri rahvaste kongress seekord Tartus Eesti Rahva Muuseumis - Eesti Rahva Muuseumi ajaveeb\" \/>\n<meta property=\"og:description\" content=\"Autor: Andres Heinapuu, Soome-Ugri Rahvaste Konsultatiivkomitee liige. Soome-ugri rahvaste maailmakongress on Uurali rahvaste k\u00f5rgeim esindusfoorum, kuhu saadavad oma esindajad paljud h\u00f5imurahvad ja kultuuriseltsid. Kongressi eesm\u00e4rk on arendada ja kaitsta soome-ugri rahvaste rahvusteadvust, kultuuri ja keeli, edendada nende omavahelist koost\u00f6\u00f6d, k\u00e4sitleda aktuaalseid probleeme ja leida neile lahendusi. Kongressid toimuvad aastast 1992 igal ol\u00fcmpia-aastal. Need on toimunud&hellip;\" \/>\n<meta property=\"og:url\" content=\"https:\/\/blog.erm.ee\/?p=14752\" \/>\n<meta property=\"og:site_name\" content=\"Eesti Rahva Muuseumi ajaveeb\" \/>\n<meta property=\"article:published_time\" content=\"2021-05-27T06:05:59+00:00\" \/>\n<meta property=\"article:modified_time\" content=\"2021-05-31T13:19:41+00:00\" \/>\n<meta property=\"og:image\" content=\"https:\/\/blog.erm.ee\/wp-content\/uploads\/2021\/05\/50500078638_044746c85f_o-e1622027634885.jpg\" \/>\n\t<meta property=\"og:image:width\" content=\"960\" \/>\n\t<meta property=\"og:image:height\" content=\"630\" \/>\n\t<meta property=\"og:image:type\" content=\"image\/jpeg\" \/>\n<meta name=\"author\" content=\"Eesti Rahva Muuseum\" \/>\n<meta name=\"twitter:card\" content=\"summary_large_image\" \/>\n<meta name=\"twitter:label1\" content=\"Written by\" \/>\n\t<meta name=\"twitter:data1\" content=\"Eesti Rahva Muuseum\" \/>\n\t<meta name=\"twitter:label2\" content=\"Est. reading time\" \/>\n\t<meta name=\"twitter:data2\" content=\"6 minutit\" \/>\n<script type=\"application\/ld+json\" class=\"yoast-schema-graph\">{\"@context\":\"https:\\\/\\\/schema.org\",\"@graph\":[{\"@type\":\"Article\",\"@id\":\"https:\\\/\\\/blog.erm.ee\\\/?p=14752#article\",\"isPartOf\":{\"@id\":\"https:\\\/\\\/blog.erm.ee\\\/?p=14752\"},\"author\":{\"name\":\"Eesti Rahva Muuseum\",\"@id\":\"https:\\\/\\\/blog.erm.ee\\\/#\\\/schema\\\/person\\\/6e98c391cb00a33e7c22a3571e062114\"},\"headline\":\"Unikaalne soome-ugri rahvaste kongress seekord Tartus Eesti Rahva Muuseumis\",\"datePublished\":\"2021-05-27T06:05:59+00:00\",\"dateModified\":\"2021-05-31T13:19:41+00:00\",\"mainEntityOfPage\":{\"@id\":\"https:\\\/\\\/blog.erm.ee\\\/?p=14752\"},\"wordCount\":966,\"commentCount\":0,\"image\":{\"@id\":\"https:\\\/\\\/blog.erm.ee\\\/?p=14752#primaryimage\"},\"thumbnailUrl\":\"https:\\\/\\\/blog.erm.ee\\\/wp-content\\\/uploads\\\/2021\\\/05\\\/50500078638_044746c85f_o-e1622027634885.jpg\",\"articleSection\":{\"0\":\"Foto\",\"2\":\"Soome-ugri\",\"3\":\"S\u00fcndmus\",\"4\":\"Uus maja\"},\"inLanguage\":\"et\",\"potentialAction\":[{\"@type\":\"CommentAction\",\"name\":\"Comment\",\"target\":[\"https:\\\/\\\/blog.erm.ee\\\/?p=14752#respond\"]}]},{\"@type\":\"WebPage\",\"@id\":\"https:\\\/\\\/blog.erm.ee\\\/?p=14752\",\"url\":\"https:\\\/\\\/blog.erm.ee\\\/?p=14752\",\"name\":\"Unikaalne soome-ugri rahvaste kongress seekord Tartus Eesti Rahva Muuseumis - Eesti Rahva Muuseumi ajaveeb\",\"isPartOf\":{\"@id\":\"https:\\\/\\\/blog.erm.ee\\\/#website\"},\"primaryImageOfPage\":{\"@id\":\"https:\\\/\\\/blog.erm.ee\\\/?p=14752#primaryimage\"},\"image\":{\"@id\":\"https:\\\/\\\/blog.erm.ee\\\/?p=14752#primaryimage\"},\"thumbnailUrl\":\"https:\\\/\\\/blog.erm.ee\\\/wp-content\\\/uploads\\\/2021\\\/05\\\/50500078638_044746c85f_o-e1622027634885.jpg\",\"datePublished\":\"2021-05-27T06:05:59+00:00\",\"dateModified\":\"2021-05-31T13:19:41+00:00\",\"author\":{\"@id\":\"https:\\\/\\\/blog.erm.ee\\\/#\\\/schema\\\/person\\\/6e98c391cb00a33e7c22a3571e062114\"},\"breadcrumb\":{\"@id\":\"https:\\\/\\\/blog.erm.ee\\\/?p=14752#breadcrumb\"},\"inLanguage\":\"et\",\"potentialAction\":[{\"@type\":\"ReadAction\",\"target\":[\"https:\\\/\\\/blog.erm.ee\\\/?p=14752\"]}]},{\"@type\":\"ImageObject\",\"inLanguage\":\"et\",\"@id\":\"https:\\\/\\\/blog.erm.ee\\\/?p=14752#primaryimage\",\"url\":\"https:\\\/\\\/blog.erm.ee\\\/wp-content\\\/uploads\\\/2021\\\/05\\\/50500078638_044746c85f_o-e1622027634885.jpg\",\"contentUrl\":\"https:\\\/\\\/blog.erm.ee\\\/wp-content\\\/uploads\\\/2021\\\/05\\\/50500078638_044746c85f_o-e1622027634885.jpg\",\"width\":960,\"height\":630},{\"@type\":\"BreadcrumbList\",\"@id\":\"https:\\\/\\\/blog.erm.ee\\\/?p=14752#breadcrumb\",\"itemListElement\":[{\"@type\":\"ListItem\",\"position\":1,\"name\":\"Home\",\"item\":\"https:\\\/\\\/blog.erm.ee\\\/\"},{\"@type\":\"ListItem\",\"position\":2,\"name\":\"Unikaalne soome-ugri rahvaste kongress seekord Tartus Eesti Rahva Muuseumis\"}]},{\"@type\":\"WebSite\",\"@id\":\"https:\\\/\\\/blog.erm.ee\\\/#website\",\"url\":\"https:\\\/\\\/blog.erm.ee\\\/\",\"name\":\"Eesti Rahva Muuseumi ajaveeb\",\"description\":\"\",\"potentialAction\":[{\"@type\":\"SearchAction\",\"target\":{\"@type\":\"EntryPoint\",\"urlTemplate\":\"https:\\\/\\\/blog.erm.ee\\\/?s={search_term_string}\"},\"query-input\":{\"@type\":\"PropertyValueSpecification\",\"valueRequired\":true,\"valueName\":\"search_term_string\"}}],\"inLanguage\":\"et\"},{\"@type\":\"Person\",\"@id\":\"https:\\\/\\\/blog.erm.ee\\\/#\\\/schema\\\/person\\\/6e98c391cb00a33e7c22a3571e062114\",\"name\":\"Eesti Rahva Muuseum\",\"image\":{\"@type\":\"ImageObject\",\"inLanguage\":\"et\",\"@id\":\"https:\\\/\\\/secure.gravatar.com\\\/avatar\\\/cb6d9ad5fb49f3f7315028ce5fe60641075f2cb52b8a058ff5a985fa2d8c1da0?s=96&d=mm&r=g\",\"url\":\"https:\\\/\\\/secure.gravatar.com\\\/avatar\\\/cb6d9ad5fb49f3f7315028ce5fe60641075f2cb52b8a058ff5a985fa2d8c1da0?s=96&d=mm&r=g\",\"contentUrl\":\"https:\\\/\\\/secure.gravatar.com\\\/avatar\\\/cb6d9ad5fb49f3f7315028ce5fe60641075f2cb52b8a058ff5a985fa2d8c1da0?s=96&d=mm&r=g\",\"caption\":\"Eesti Rahva Muuseum\"},\"sameAs\":[\"http:\\\/\\\/www.erm.ee\"],\"url\":\"https:\\\/\\\/blog.erm.ee\\\/?author=1\"}]}<\/script>\n<!-- \/ Yoast SEO plugin. -->","yoast_head_json":{"title":"Unikaalne soome-ugri rahvaste kongress seekord Tartus Eesti Rahva Muuseumis - Eesti Rahva Muuseumi ajaveeb","robots":{"index":"index","follow":"follow","max-snippet":"max-snippet:-1","max-image-preview":"max-image-preview:large","max-video-preview":"max-video-preview:-1"},"canonical":"https:\/\/blog.erm.ee\/?p=14752","og_locale":"et_EE","og_type":"article","og_title":"Unikaalne soome-ugri rahvaste kongress seekord Tartus Eesti Rahva Muuseumis - Eesti Rahva Muuseumi ajaveeb","og_description":"Autor: Andres Heinapuu, Soome-Ugri Rahvaste Konsultatiivkomitee liige. Soome-ugri rahvaste maailmakongress on Uurali rahvaste k\u00f5rgeim esindusfoorum, kuhu saadavad oma esindajad paljud h\u00f5imurahvad ja kultuuriseltsid. Kongressi eesm\u00e4rk on arendada ja kaitsta soome-ugri rahvaste rahvusteadvust, kultuuri ja keeli, edendada nende omavahelist koost\u00f6\u00f6d, k\u00e4sitleda aktuaalseid probleeme ja leida neile lahendusi. Kongressid toimuvad aastast 1992 igal ol\u00fcmpia-aastal. Need on toimunud&hellip;","og_url":"https:\/\/blog.erm.ee\/?p=14752","og_site_name":"Eesti Rahva Muuseumi ajaveeb","article_published_time":"2021-05-27T06:05:59+00:00","article_modified_time":"2021-05-31T13:19:41+00:00","og_image":[{"width":960,"height":630,"url":"https:\/\/blog.erm.ee\/wp-content\/uploads\/2021\/05\/50500078638_044746c85f_o-e1622027634885.jpg","type":"image\/jpeg"}],"author":"Eesti Rahva Muuseum","twitter_card":"summary_large_image","twitter_misc":{"Written by":"Eesti Rahva Muuseum","Est. reading time":"6 minutit"},"schema":{"@context":"https:\/\/schema.org","@graph":[{"@type":"Article","@id":"https:\/\/blog.erm.ee\/?p=14752#article","isPartOf":{"@id":"https:\/\/blog.erm.ee\/?p=14752"},"author":{"name":"Eesti Rahva Muuseum","@id":"https:\/\/blog.erm.ee\/#\/schema\/person\/6e98c391cb00a33e7c22a3571e062114"},"headline":"Unikaalne soome-ugri rahvaste kongress seekord Tartus Eesti Rahva Muuseumis","datePublished":"2021-05-27T06:05:59+00:00","dateModified":"2021-05-31T13:19:41+00:00","mainEntityOfPage":{"@id":"https:\/\/blog.erm.ee\/?p=14752"},"wordCount":966,"commentCount":0,"image":{"@id":"https:\/\/blog.erm.ee\/?p=14752#primaryimage"},"thumbnailUrl":"https:\/\/blog.erm.ee\/wp-content\/uploads\/2021\/05\/50500078638_044746c85f_o-e1622027634885.jpg","articleSection":{"0":"Foto","2":"Soome-ugri","3":"S\u00fcndmus","4":"Uus maja"},"inLanguage":"et","potentialAction":[{"@type":"CommentAction","name":"Comment","target":["https:\/\/blog.erm.ee\/?p=14752#respond"]}]},{"@type":"WebPage","@id":"https:\/\/blog.erm.ee\/?p=14752","url":"https:\/\/blog.erm.ee\/?p=14752","name":"Unikaalne soome-ugri rahvaste kongress seekord Tartus Eesti Rahva Muuseumis - Eesti Rahva Muuseumi ajaveeb","isPartOf":{"@id":"https:\/\/blog.erm.ee\/#website"},"primaryImageOfPage":{"@id":"https:\/\/blog.erm.ee\/?p=14752#primaryimage"},"image":{"@id":"https:\/\/blog.erm.ee\/?p=14752#primaryimage"},"thumbnailUrl":"https:\/\/blog.erm.ee\/wp-content\/uploads\/2021\/05\/50500078638_044746c85f_o-e1622027634885.jpg","datePublished":"2021-05-27T06:05:59+00:00","dateModified":"2021-05-31T13:19:41+00:00","author":{"@id":"https:\/\/blog.erm.ee\/#\/schema\/person\/6e98c391cb00a33e7c22a3571e062114"},"breadcrumb":{"@id":"https:\/\/blog.erm.ee\/?p=14752#breadcrumb"},"inLanguage":"et","potentialAction":[{"@type":"ReadAction","target":["https:\/\/blog.erm.ee\/?p=14752"]}]},{"@type":"ImageObject","inLanguage":"et","@id":"https:\/\/blog.erm.ee\/?p=14752#primaryimage","url":"https:\/\/blog.erm.ee\/wp-content\/uploads\/2021\/05\/50500078638_044746c85f_o-e1622027634885.jpg","contentUrl":"https:\/\/blog.erm.ee\/wp-content\/uploads\/2021\/05\/50500078638_044746c85f_o-e1622027634885.jpg","width":960,"height":630},{"@type":"BreadcrumbList","@id":"https:\/\/blog.erm.ee\/?p=14752#breadcrumb","itemListElement":[{"@type":"ListItem","position":1,"name":"Home","item":"https:\/\/blog.erm.ee\/"},{"@type":"ListItem","position":2,"name":"Unikaalne soome-ugri rahvaste kongress seekord Tartus Eesti Rahva Muuseumis"}]},{"@type":"WebSite","@id":"https:\/\/blog.erm.ee\/#website","url":"https:\/\/blog.erm.ee\/","name":"Eesti Rahva Muuseumi ajaveeb","description":"","potentialAction":[{"@type":"SearchAction","target":{"@type":"EntryPoint","urlTemplate":"https:\/\/blog.erm.ee\/?s={search_term_string}"},"query-input":{"@type":"PropertyValueSpecification","valueRequired":true,"valueName":"search_term_string"}}],"inLanguage":"et"},{"@type":"Person","@id":"https:\/\/blog.erm.ee\/#\/schema\/person\/6e98c391cb00a33e7c22a3571e062114","name":"Eesti Rahva Muuseum","image":{"@type":"ImageObject","inLanguage":"et","@id":"https:\/\/secure.gravatar.com\/avatar\/cb6d9ad5fb49f3f7315028ce5fe60641075f2cb52b8a058ff5a985fa2d8c1da0?s=96&d=mm&r=g","url":"https:\/\/secure.gravatar.com\/avatar\/cb6d9ad5fb49f3f7315028ce5fe60641075f2cb52b8a058ff5a985fa2d8c1da0?s=96&d=mm&r=g","contentUrl":"https:\/\/secure.gravatar.com\/avatar\/cb6d9ad5fb49f3f7315028ce5fe60641075f2cb52b8a058ff5a985fa2d8c1da0?s=96&d=mm&r=g","caption":"Eesti Rahva Muuseum"},"sameAs":["http:\/\/www.erm.ee"],"url":"https:\/\/blog.erm.ee\/?author=1"}]}},"jetpack_featured_media_url":"https:\/\/blog.erm.ee\/wp-content\/uploads\/2021\/05\/50500078638_044746c85f_o-e1622027634885.jpg","jetpack_shortlink":"https:\/\/wp.me\/p2l9Zd-3PW","jetpack_sharing_enabled":true,"jetpack_likes_enabled":true,"_links":{"self":[{"href":"https:\/\/blog.erm.ee\/index.php?rest_route=\/wp\/v2\/posts\/14752","targetHints":{"allow":["GET"]}}],"collection":[{"href":"https:\/\/blog.erm.ee\/index.php?rest_route=\/wp\/v2\/posts"}],"about":[{"href":"https:\/\/blog.erm.ee\/index.php?rest_route=\/wp\/v2\/types\/post"}],"author":[{"embeddable":true,"href":"https:\/\/blog.erm.ee\/index.php?rest_route=\/wp\/v2\/users\/1"}],"replies":[{"embeddable":true,"href":"https:\/\/blog.erm.ee\/index.php?rest_route=%2Fwp%2Fv2%2Fcomments&post=14752"}],"version-history":[{"count":12,"href":"https:\/\/blog.erm.ee\/index.php?rest_route=\/wp\/v2\/posts\/14752\/revisions"}],"predecessor-version":[{"id":14773,"href":"https:\/\/blog.erm.ee\/index.php?rest_route=\/wp\/v2\/posts\/14752\/revisions\/14773"}],"wp:featuredmedia":[{"embeddable":true,"href":"https:\/\/blog.erm.ee\/index.php?rest_route=\/wp\/v2\/media\/14762"}],"wp:attachment":[{"href":"https:\/\/blog.erm.ee\/index.php?rest_route=%2Fwp%2Fv2%2Fmedia&parent=14752"}],"wp:term":[{"taxonomy":"category","embeddable":true,"href":"https:\/\/blog.erm.ee\/index.php?rest_route=%2Fwp%2Fv2%2Fcategories&post=14752"},{"taxonomy":"post_tag","embeddable":true,"href":"https:\/\/blog.erm.ee\/index.php?rest_route=%2Fwp%2Fv2%2Ftags&post=14752"}],"curies":[{"name":"wp","href":"https:\/\/api.w.org\/{rel}","templated":true}]}}