{"id":14736,"date":"2021-08-05T09:01:11","date_gmt":"2021-08-05T06:01:11","guid":{"rendered":"https:\/\/blog.erm.ee\/?p=14736"},"modified":"2021-08-11T13:55:10","modified_gmt":"2021-08-11T10:55:10","slug":"ermi-kunstikogu-korrastamine-2018-2020","status":"publish","type":"post","link":"https:\/\/blog.erm.ee\/?p=14736","title":{"rendered":"ERMi kunstikogu korrastamine 2018\u20132020"},"content":{"rendered":"<div class=\"fcbkbttn_buttons_block\" id=\"fcbkbttn_left\"><div class=\"fcbkbttn_like \"><fb:like href=\"https:\/\/blog.erm.ee\/?p=14736\" action=\"like\" colorscheme=\"light\" layout=\"standard\"  width=\"225px\" size=\"small\"><\/fb:like><\/div><div class=\"fb-share-button  \" data-href=\"https:\/\/blog.erm.ee\/?p=14736\" data-type=\"button\" data-size=\"small\"><\/div><\/div><p style=\"text-align: justify;\">Silli Peedosk, ERMi konservaator;\u00a0Eve Keedus, ERMi konserveerimisosakonna juhataja.<\/p>\n<p style=\"text-align: justify;\">Koos ERMi loomisega 1909. aastal sai alguse ka muuseumi kunstikogu, mida t\u00e4iendati kuni 1940. aastani samaaegselt etnograafilise ainese kogumisega. Eriti j\u00f5udsalt kasvas kunstikogu aastatel 1939\u20131940, kui Eestist lahkuvad baltisakslased j\u00e4tsid muuseumile kokku ligi 600 teost, p\u00f5hiliselt maale ja graafikat. Kahjuks jaotati hinnalisem osa kunstikogust 1940.\u201350. aastatel kahe muuseumi, Tallinna Riikliku Kunstimuuseumi ja Tartu Riikliku Kunstimuuseumi vahel laiali.<\/p>\n<p style=\"text-align: justify;\">Sellele vaatamata pole kunstikogu t\u00e4htsus ERMis kahanenud. See t\u00e4idab eesk\u00e4tt etnoloogia illustreerija rolli ning sisaldab peamiselt Tartut ja linna \u00fcmbruskonna m\u00f5isaid kujutavaid graafilisi lehti, jooniseid ja akvarelle, samuti rahvar\u00f5ivaid ning inimeste eluolu kujutavaid t\u00f6id. Kogus on peaaegu 1200 paberalusel teost. See t\u00e4ieneb k\u00fcll juhuslikult, eelk\u00f5ige muuseumile t\u00e4htp\u00e4evadeks kingitud ja suuremate isikukogudega laekuvate kunstiteostega, aga see ei tee kogu sugugi v\u00e4hem huvitavaks ning aeg-ajalt satub siia ka t\u00f5eliselt huvitavaid t\u00f6id.<\/p>\n<p style=\"text-align: justify;\">ERMi kunstikogu korrastamine kerkis p\u00e4evakorda seoses uude majja kolimisega 2016. aastal. Avaramad hoiu- ja t\u00f6\u00f6tingimused v\u00f5imaldasid kunstikogu l\u00e4bi vaadata ning terviklikult korrastada. Teosed vajasid ka arhiivip\u00fcsivaid \u00fcmbriseid, mis vastaksid t\u00e4nap\u00e4eva s\u00e4ilitusn\u00f5uetele. Selleks et saada korralik pilt, mis seisus kunstikogu t\u00e4psemalt on ja milliseid t\u00f6id teha tuleb, viisime 2018. aastal l\u00e4bi p\u00f5hjaliku uuringu. Esmalt vaatasime \u00fcle graafika, joonistused, akvarellid ja muud paberil kunstiteosed. Seej\u00e4rel panime kirja teoste m\u00f5\u00f5tmed, f\u00fc\u00fcsilise seisundi, kahjustused ning m\u00e4\u00e4ratlesime, kuidas \u00fcks v\u00f5i teine teos peaks edaspidi pakendatud olema. Selle p\u00f5hjal panime paika \u00fcmbriste m\u00f5\u00f5dud, stiili ja koguse ning alustasime materjali tellimisega. Samuti tekkis nii hea ettekujutus konserveerimist\u00f6\u00f6de mahust.<\/p>\n<p style=\"text-align: justify;\">P\u00f5hiline probleem oli teoste m\u00e4\u00e4rdumus \u2013 paljud neist olid kaetud tolmu ja kohati isegi tahmaga. Lisaks esines suuremaid-v\u00e4iksemaid rebendeid, paberikadu ja plekke. M\u00f5nelgi t\u00f6\u00f6l oli n\u00e4ha veekahjustuse j\u00e4lgi, samuti varasemaid parandusi paikade n\u00e4ol, mis olid nii materjali kui ka liimi suhtes sobimatud. Koguhoidja oli juba varem v\u00e4lja toonud k\u00fcmmekond eriti halvas seisukorras olevat teost, mille konserveerimisega otsustasime alustada esimeses j\u00e4rjekorras.<\/p>\n<p style=\"text-align: justify;\">Rahul ei saanud olla ka s\u00e4ilituskarpide ja -mappidega, mis ei vastanud nendesse paigutatud teoste formaadile \u2013 paljud neist olid karbis segamini ning lahtised vahelehed olid paigast nihkunud, kortsus ja m\u00e4\u00e4rdunud. Samuti oli suur osa mappe valmistatud s\u00e4ilitamiseks ebasobivatest happelisest papist v\u00f5i kartongist.<\/p>\n<div id=\"attachment_14936\" style=\"width: 1210px\" class=\"wp-caption aligncenter\"><a href=\"https:\/\/blog.erm.ee\/wp-content\/uploads\/2021\/08\/foto-1_karbis-enne.jpg\"><img loading=\"lazy\" decoding=\"async\" aria-describedby=\"caption-attachment-14936\" data-attachment-id=\"14936\" data-permalink=\"https:\/\/blog.erm.ee\/?attachment_id=14936#main\" data-orig-file=\"https:\/\/blog.erm.ee\/wp-content\/uploads\/2021\/08\/foto-1_karbis-enne.jpg\" data-orig-size=\"1200,800\" data-comments-opened=\"1\" data-image-meta=\"{&quot;aperture&quot;:&quot;3.5&quot;,&quot;credit&quot;:&quot;&quot;,&quot;camera&quot;:&quot;Canon PowerShot G7 X&quot;,&quot;caption&quot;:&quot;&quot;,&quot;created_timestamp&quot;:&quot;1543513108&quot;,&quot;copyright&quot;:&quot;&quot;,&quot;focal_length&quot;:&quot;8.8&quot;,&quot;iso&quot;:&quot;125&quot;,&quot;shutter_speed&quot;:&quot;0.033333333333333&quot;,&quot;title&quot;:&quot;&quot;,&quot;orientation&quot;:&quot;1&quot;}\" data-image-title=\"foto 1_karbis enne\" data-image-description=\"\" data-image-caption=\"\" data-large-file=\"https:\/\/blog.erm.ee\/wp-content\/uploads\/2021\/08\/foto-1_karbis-enne-1024x683.jpg\" class=\"wp-image-14936 size-full\" src=\"https:\/\/blog.erm.ee\/wp-content\/uploads\/2021\/08\/foto-1_karbis-enne.jpg\" alt=\"\" width=\"1200\" height=\"800\" srcset=\"https:\/\/blog.erm.ee\/wp-content\/uploads\/2021\/08\/foto-1_karbis-enne.jpg 1200w, https:\/\/blog.erm.ee\/wp-content\/uploads\/2021\/08\/foto-1_karbis-enne-300x200.jpg 300w, https:\/\/blog.erm.ee\/wp-content\/uploads\/2021\/08\/foto-1_karbis-enne-1024x683.jpg 1024w, https:\/\/blog.erm.ee\/wp-content\/uploads\/2021\/08\/foto-1_karbis-enne-390x260.jpg 390w, https:\/\/blog.erm.ee\/wp-content\/uploads\/2021\/08\/foto-1_karbis-enne-768x512.jpg 768w\" sizes=\"auto, (max-width: 1200px) 100vw, 1200px\" \/><\/a><p id=\"caption-attachment-14936\" class=\"wp-caption-text\">ERMi kunstikogu karbis enne konserveerimist. Foto: Eve Keedus<\/p><\/div>\n<div id=\"attachment_14937\" style=\"width: 1210px\" class=\"wp-caption aligncenter\"><a href=\"https:\/\/blog.erm.ee\/wp-content\/uploads\/2021\/08\/foto-2_umbristega-karbis-enne.jpg\"><img loading=\"lazy\" decoding=\"async\" aria-describedby=\"caption-attachment-14937\" data-attachment-id=\"14937\" data-permalink=\"https:\/\/blog.erm.ee\/?attachment_id=14937#main\" data-orig-file=\"https:\/\/blog.erm.ee\/wp-content\/uploads\/2021\/08\/foto-2_umbristega-karbis-enne.jpg\" data-orig-size=\"1200,800\" data-comments-opened=\"1\" data-image-meta=\"{&quot;aperture&quot;:&quot;3.5&quot;,&quot;credit&quot;:&quot;&quot;,&quot;camera&quot;:&quot;Canon PowerShot G7 X&quot;,&quot;caption&quot;:&quot;&quot;,&quot;created_timestamp&quot;:&quot;1543514405&quot;,&quot;copyright&quot;:&quot;&quot;,&quot;focal_length&quot;:&quot;8.8&quot;,&quot;iso&quot;:&quot;125&quot;,&quot;shutter_speed&quot;:&quot;0.033333333333333&quot;,&quot;title&quot;:&quot;&quot;,&quot;orientation&quot;:&quot;1&quot;}\" data-image-title=\"foto 2_\u00fcmbristega karbis enne\" data-image-description=\"\" data-image-caption=\"\" data-large-file=\"https:\/\/blog.erm.ee\/wp-content\/uploads\/2021\/08\/foto-2_umbristega-karbis-enne-1024x683.jpg\" class=\"wp-image-14937 size-full\" src=\"https:\/\/blog.erm.ee\/wp-content\/uploads\/2021\/08\/foto-2_umbristega-karbis-enne.jpg\" alt=\"\" width=\"1200\" height=\"800\" srcset=\"https:\/\/blog.erm.ee\/wp-content\/uploads\/2021\/08\/foto-2_umbristega-karbis-enne.jpg 1200w, https:\/\/blog.erm.ee\/wp-content\/uploads\/2021\/08\/foto-2_umbristega-karbis-enne-300x200.jpg 300w, https:\/\/blog.erm.ee\/wp-content\/uploads\/2021\/08\/foto-2_umbristega-karbis-enne-1024x683.jpg 1024w, https:\/\/blog.erm.ee\/wp-content\/uploads\/2021\/08\/foto-2_umbristega-karbis-enne-390x260.jpg 390w, https:\/\/blog.erm.ee\/wp-content\/uploads\/2021\/08\/foto-2_umbristega-karbis-enne-768x512.jpg 768w\" sizes=\"auto, (max-width: 1200px) 100vw, 1200px\" \/><\/a><p id=\"caption-attachment-14937\" class=\"wp-caption-text\">ERMi kunstikogu \u00fcmbristega enne konserveerimist. Foto: Eve Keedus<\/p><\/div>\n<p style=\"text-align: justify;\"><span style=\"font-size: 13px;\">Paljude kahjustuste juures v\u00f5iks kasutada geele, mis konserveerimises laialt levinud. Paberi puhul on geelid sobilikud ennek\u00f5ike siis, kui on vaja m\u00e4rgt\u00f6\u00f6tlust, kuid delikaatne materjal ei luba rohke vee kasutamist. Kuna Tartu K\u00f5rgema Kunstikooli Pallas restaureerimissuuna diplomand Kristiina Moosel otsis parajasti l\u00f5put\u00f6\u00f6 jaoks teemat, pakkusime talle v\u00f5imalust v\u00e4lja t\u00f6\u00f6tada geelide kasutamise metoodika ERMi kunstikogu jaoks. Kristiinale tundus teema huvitav olevat. Ta alustas geelide uurimisega ja valis selle alusel v\u00e4lja sobivaimad variandid kunstikogu jaoks. P\u00f5hiliselt leidsid geelid kasutamist paberil esinevate voolujoonte t\u00f6\u00f6tlemisel, samuti lihtsustasid need vanade paikade ja liimij\u00e4\u00e4kide eemaldamist. L\u00e4hemalt v\u00f5ib seda k\u00f5ike vaadata 2019. aasta mais tehtud kogude osakonna videoblogist: <a href=\"https:\/\/blog.erm.ee\/?p=12625\">https:\/\/blog.erm.ee\/?p=12625<\/a>.\u00a0<\/span><\/p>\n<p style=\"text-align: justify;\">Konserveerimise j\u00e4rel sai iga t\u00f6\u00f6 uue s\u00e4ilitus\u00fcmbrise. Joonistused, pastellid ja teised tundliku pinnaga t\u00f6\u00f6d paigutasime k\u00f5igepealt paspartuudesse, et v\u00e4hendada nende pinna vahetut kokkupuudet \u00fcmbrismaterjalidega. Seej\u00e4rel asetasime t\u00f6\u00f6d siidipaberi vahele ning spetsiaalselt formaadi j\u00e4rgi valmistatud neliklapp\u00fcmbristesse. S\u00f5ltuvalt t\u00f6\u00f6 m\u00f5\u00f5tudest ja vormistusest said \u00fcmbristeks eri paksuses arhiivp\u00fcsivaid pabereid ja kartonge. K\u00f5ige paksemast kartongist mapid leidsid kasutamist ennek\u00f5ike suureformaadiliste objektide puhul ja n\u00f5nda pakendatult l\u00e4ksid need ka hoidlasse. \u00d5hemate \u00fcmbristega t\u00f6\u00f6d koondasime omakorda lainepapist valmistatud karpidesse, arvestades, et \u00fches karbis oleksid v\u00f5imalikult sarnase formaadiga objektid. K\u00f5ik \u00fcmbrised, mapid ja karbid valmistasime tellitud materjalist ise. Uued kogunumbrid ja asukohainfo kandsime tabelisse ja edastasime koguhoidjale, kes tegi MuISis vajalikud parandused.<\/p>\n<p><a href=\"https:\/\/blog.erm.ee\/wp-content\/uploads\/2021\/08\/foto-3_umbristega-karbis-parast.jpg\"><img loading=\"lazy\" decoding=\"async\" data-attachment-id=\"14938\" data-permalink=\"https:\/\/blog.erm.ee\/?attachment_id=14938#main\" data-orig-file=\"https:\/\/blog.erm.ee\/wp-content\/uploads\/2021\/08\/foto-3_umbristega-karbis-parast.jpg\" data-orig-size=\"1200,900\" data-comments-opened=\"1\" data-image-meta=\"{&quot;aperture&quot;:&quot;2&quot;,&quot;credit&quot;:&quot;&quot;,&quot;camera&quot;:&quot;SM-A415F&quot;,&quot;caption&quot;:&quot;&quot;,&quot;created_timestamp&quot;:&quot;1619616405&quot;,&quot;copyright&quot;:&quot;&quot;,&quot;focal_length&quot;:&quot;4.6&quot;,&quot;iso&quot;:&quot;200&quot;,&quot;shutter_speed&quot;:&quot;0.02&quot;,&quot;title&quot;:&quot;&quot;,&quot;orientation&quot;:&quot;1&quot;}\" data-image-title=\"foto 3_\u00fcmbristega karbis p\u00e4rast\" data-image-description=\"\" data-image-caption=\"\" data-large-file=\"https:\/\/blog.erm.ee\/wp-content\/uploads\/2021\/08\/foto-3_umbristega-karbis-parast-1024x768.jpg\" class=\"aligncenter size-full wp-image-14938\" src=\"https:\/\/blog.erm.ee\/wp-content\/uploads\/2021\/08\/foto-3_umbristega-karbis-parast.jpg\" alt=\"\" width=\"1200\" height=\"900\" srcset=\"https:\/\/blog.erm.ee\/wp-content\/uploads\/2021\/08\/foto-3_umbristega-karbis-parast.jpg 1200w, https:\/\/blog.erm.ee\/wp-content\/uploads\/2021\/08\/foto-3_umbristega-karbis-parast-300x225.jpg 300w, https:\/\/blog.erm.ee\/wp-content\/uploads\/2021\/08\/foto-3_umbristega-karbis-parast-1024x768.jpg 1024w, https:\/\/blog.erm.ee\/wp-content\/uploads\/2021\/08\/foto-3_umbristega-karbis-parast-347x260.jpg 347w, https:\/\/blog.erm.ee\/wp-content\/uploads\/2021\/08\/foto-3_umbristega-karbis-parast-768x576.jpg 768w\" sizes=\"auto, (max-width: 1200px) 100vw, 1200px\" \/><\/a><\/p>\n<p style=\"text-align: justify;\">\n<p>ERMi kunstikogu \u00fcmbristega karbis p\u00e4rast konserveerimist. Foto: Eve Keedus<\/p>\n<div id=\"attachment_14941\" style=\"width: 910px\" class=\"wp-caption aligncenter\"><a href=\"https:\/\/blog.erm.ee\/wp-content\/uploads\/2021\/08\/foto-4_sahtel-parast.jpg\"><img loading=\"lazy\" decoding=\"async\" aria-describedby=\"caption-attachment-14941\" data-attachment-id=\"14941\" data-permalink=\"https:\/\/blog.erm.ee\/?attachment_id=14941#main\" data-orig-file=\"https:\/\/blog.erm.ee\/wp-content\/uploads\/2021\/08\/foto-4_sahtel-parast.jpg\" data-orig-size=\"900,1200\" data-comments-opened=\"1\" data-image-meta=\"{&quot;aperture&quot;:&quot;2&quot;,&quot;credit&quot;:&quot;&quot;,&quot;camera&quot;:&quot;SM-A415F&quot;,&quot;caption&quot;:&quot;&quot;,&quot;created_timestamp&quot;:&quot;1619616075&quot;,&quot;copyright&quot;:&quot;&quot;,&quot;focal_length&quot;:&quot;4.6&quot;,&quot;iso&quot;:&quot;200&quot;,&quot;shutter_speed&quot;:&quot;0.02&quot;,&quot;title&quot;:&quot;&quot;,&quot;orientation&quot;:&quot;1&quot;}\" data-image-title=\"foto 4_sahtel p\u00e4rast\" data-image-description=\"\" data-image-caption=\"\" data-large-file=\"https:\/\/blog.erm.ee\/wp-content\/uploads\/2021\/08\/foto-4_sahtel-parast-768x1024.jpg\" class=\"wp-image-14941 size-full\" src=\"https:\/\/blog.erm.ee\/wp-content\/uploads\/2021\/08\/foto-4_sahtel-parast.jpg\" alt=\"\" width=\"900\" height=\"1200\" srcset=\"https:\/\/blog.erm.ee\/wp-content\/uploads\/2021\/08\/foto-4_sahtel-parast.jpg 900w, https:\/\/blog.erm.ee\/wp-content\/uploads\/2021\/08\/foto-4_sahtel-parast-225x300.jpg 225w, https:\/\/blog.erm.ee\/wp-content\/uploads\/2021\/08\/foto-4_sahtel-parast-768x1024.jpg 768w, https:\/\/blog.erm.ee\/wp-content\/uploads\/2021\/08\/foto-4_sahtel-parast-195x260.jpg 195w\" sizes=\"auto, (max-width: 900px) 100vw, 900px\" \/><\/a><p id=\"caption-attachment-14941\" class=\"wp-caption-text\">ERMi kunstikogu sahtlis p\u00e4rast konserveerimist. Foto: Eve Keedus<\/p><\/div>\n<p style=\"text-align: justify;\">1990 aastate keskel ERMi kunstikogusse j\u00f5udnud ligi 500 Karin Gabby Matthiessen-Barritschi moejoonise korrastamine ja pakendamine v\u00f5ttis eriti palju aega. Eri formaadis paberitel olevad joonistused olid tugevasti m\u00e4\u00e4rdunud ja rohkete pisirebenditega. Joonistuste s\u00e4ilitamise puhul tuleb hoolt kanda, et need oleksid eraldatud, sest \u00fcksteise vastu h\u00f5\u00f5rdudes v\u00f5ivad v\u00e4rvid laiali minna. Samuti oli vaja t\u00f6\u00f6d pakendada nii, et edaspidi oleks lihtne n\u00e4ha, missuguse joonisega on tegemist \u2013 nii kasutasime siidipaberiga katmise asemel p\u00e4rgamentpaberist volditud \u00fcmbriseid. P\u00e4rgamentpaber on tunduvalt tugevam, samas aga hea l\u00e4bipaistvusega. \u00dcmbristes joonised asetasime seej\u00e4rel pakkidena uutesse s\u00e4ilituskarpidesse. Moejooniste korrastamisel olid suureks abiks praktikandid J\u00fcrgen Strohm ja Marleen Adama.<\/p>\n<div id=\"attachment_14939\" style=\"width: 1210px\" class=\"wp-caption aligncenter\"><a href=\"https:\/\/blog.erm.ee\/wp-content\/uploads\/2021\/08\/foto-5_moejoonised-enne.jpg\"><img loading=\"lazy\" decoding=\"async\" aria-describedby=\"caption-attachment-14939\" data-attachment-id=\"14939\" data-permalink=\"https:\/\/blog.erm.ee\/?attachment_id=14939#main\" data-orig-file=\"https:\/\/blog.erm.ee\/wp-content\/uploads\/2021\/08\/foto-5_moejoonised-enne.jpg\" data-orig-size=\"1200,800\" data-comments-opened=\"1\" data-image-meta=\"{&quot;aperture&quot;:&quot;1.8&quot;,&quot;credit&quot;:&quot;&quot;,&quot;camera&quot;:&quot;Canon PowerShot G7 X&quot;,&quot;caption&quot;:&quot;&quot;,&quot;created_timestamp&quot;:&quot;1543514309&quot;,&quot;copyright&quot;:&quot;&quot;,&quot;focal_length&quot;:&quot;8.8&quot;,&quot;iso&quot;:&quot;200&quot;,&quot;shutter_speed&quot;:&quot;0.004&quot;,&quot;title&quot;:&quot;&quot;,&quot;orientation&quot;:&quot;1&quot;}\" data-image-title=\"foto 5_moejoonised enne\" data-image-description=\"\" data-image-caption=\"\" data-large-file=\"https:\/\/blog.erm.ee\/wp-content\/uploads\/2021\/08\/foto-5_moejoonised-enne-1024x683.jpg\" class=\"wp-image-14939 size-full\" src=\"https:\/\/blog.erm.ee\/wp-content\/uploads\/2021\/08\/foto-5_moejoonised-enne.jpg\" alt=\"\" width=\"1200\" height=\"800\" srcset=\"https:\/\/blog.erm.ee\/wp-content\/uploads\/2021\/08\/foto-5_moejoonised-enne.jpg 1200w, https:\/\/blog.erm.ee\/wp-content\/uploads\/2021\/08\/foto-5_moejoonised-enne-300x200.jpg 300w, https:\/\/blog.erm.ee\/wp-content\/uploads\/2021\/08\/foto-5_moejoonised-enne-1024x683.jpg 1024w, https:\/\/blog.erm.ee\/wp-content\/uploads\/2021\/08\/foto-5_moejoonised-enne-390x260.jpg 390w, https:\/\/blog.erm.ee\/wp-content\/uploads\/2021\/08\/foto-5_moejoonised-enne-768x512.jpg 768w\" sizes=\"auto, (max-width: 1200px) 100vw, 1200px\" \/><\/a><p id=\"caption-attachment-14939\" class=\"wp-caption-text\">ERMi kunstikogu moejoonised, enne konserveerimist. Foto: Eve Keedus<\/p><\/div>\n<div id=\"attachment_14940\" style=\"width: 910px\" class=\"wp-caption aligncenter\"><a href=\"https:\/\/blog.erm.ee\/wp-content\/uploads\/2021\/08\/foto-6_moejoonised-parast.jpg\"><img loading=\"lazy\" decoding=\"async\" aria-describedby=\"caption-attachment-14940\" data-attachment-id=\"14940\" data-permalink=\"https:\/\/blog.erm.ee\/?attachment_id=14940#main\" data-orig-file=\"https:\/\/blog.erm.ee\/wp-content\/uploads\/2021\/08\/foto-6_moejoonised-parast.jpg\" data-orig-size=\"900,1200\" data-comments-opened=\"1\" data-image-meta=\"{&quot;aperture&quot;:&quot;2&quot;,&quot;credit&quot;:&quot;&quot;,&quot;camera&quot;:&quot;SM-A415F&quot;,&quot;caption&quot;:&quot;&quot;,&quot;created_timestamp&quot;:&quot;1619616660&quot;,&quot;copyright&quot;:&quot;&quot;,&quot;focal_length&quot;:&quot;4.6&quot;,&quot;iso&quot;:&quot;160&quot;,&quot;shutter_speed&quot;:&quot;0.02&quot;,&quot;title&quot;:&quot;&quot;,&quot;orientation&quot;:&quot;1&quot;}\" data-image-title=\"foto 6_moejoonised p\u00e4rast\" data-image-description=\"\" data-image-caption=\"\" data-large-file=\"https:\/\/blog.erm.ee\/wp-content\/uploads\/2021\/08\/foto-6_moejoonised-parast-768x1024.jpg\" class=\"wp-image-14940 size-full\" src=\"https:\/\/blog.erm.ee\/wp-content\/uploads\/2021\/08\/foto-6_moejoonised-parast.jpg\" alt=\"\" width=\"900\" height=\"1200\" srcset=\"https:\/\/blog.erm.ee\/wp-content\/uploads\/2021\/08\/foto-6_moejoonised-parast.jpg 900w, https:\/\/blog.erm.ee\/wp-content\/uploads\/2021\/08\/foto-6_moejoonised-parast-225x300.jpg 225w, https:\/\/blog.erm.ee\/wp-content\/uploads\/2021\/08\/foto-6_moejoonised-parast-768x1024.jpg 768w, https:\/\/blog.erm.ee\/wp-content\/uploads\/2021\/08\/foto-6_moejoonised-parast-195x260.jpg 195w\" sizes=\"auto, (max-width: 900px) 100vw, 900px\" \/><\/a><p id=\"caption-attachment-14940\" class=\"wp-caption-text\">ERMi kunstikogu moejoonised, p\u00e4rast konserveerimist. Foto: Eve Keedus.<\/p><\/div>\n<p style=\"text-align: justify;\">Kunstikogu korrastamine v\u00f5ttis koos seisundiuuringuga aega \u00fcle kahe aasta. Viimaste t\u00f6\u00f6dena j\u00e4id 2021. aastasse kaks Louis H\u00f6flingeri suureformaadilist pappalusel fotolitot.<\/p>\n<p>&nbsp;<\/p>\n<div class=\"fcbkbttn_buttons_block\" id=\"fcbkbttn_left\"><div class=\"fcbkbttn_like \"><fb:like href=\"https:\/\/blog.erm.ee\/?p=14736\" action=\"like\" colorscheme=\"light\" layout=\"standard\"  width=\"225px\" size=\"small\"><\/fb:like><\/div><div class=\"fb-share-button  \" data-href=\"https:\/\/blog.erm.ee\/?p=14736\" data-type=\"button\" data-size=\"small\"><\/div><\/div>","protected":false},"excerpt":{"rendered":"<p>Silli Peedosk, ERMi konservaator;\u00a0Eve Keedus, ERMi konserveerimisosakonna juhataja. Koos ERMi loomisega 1909. aastal sai alguse ka muuseumi kunstikogu, mida t\u00e4iendati kuni 1940. aastani samaaegselt etnograafilise ainese kogumisega. Eriti j\u00f5udsalt kasvas kunstikogu aastatel 1939\u20131940, kui Eestist lahkuvad baltisakslased j\u00e4tsid muuseumile kokku ligi 600 teost, p\u00f5hiliselt maale ja graafikat. Kahjuks jaotati hinnalisem osa kunstikogust 1940.\u201350. aastatel kahe&hellip;<\/p>\n","protected":false},"author":1,"featured_media":14737,"comment_status":"open","ping_status":"open","sticky":false,"template":"","format":"standard","meta":{"_monsterinsights_skip_tracking":false,"_monsterinsights_sitenote_active":false,"_monsterinsights_sitenote_note":"","_monsterinsights_sitenote_category":0,"jetpack_post_was_ever_published":false,"_jetpack_newsletter_access":"","_jetpack_dont_email_post_to_subs":false,"_jetpack_newsletter_tier_id":0,"_jetpack_memberships_contains_paywalled_content":false,"_jetpack_memberships_contains_paid_content":false,"footnotes":""},"categories":[9,1,5,17],"tags":[],"class_list":["post-14736","post","type-post","status-publish","format-standard","has-post-thumbnail","hentry","category-konserveerimine","category-maaratlemata","category-museaal","category-uus-maja"],"yoast_head":"<!-- This site is optimized with the Yoast SEO plugin v27.5 - https:\/\/yoast.com\/product\/yoast-seo-wordpress\/ -->\n<title>ERMi kunstikogu korrastamine 2018\u20132020 - Eesti Rahva Muuseumi ajaveeb<\/title>\n<meta name=\"robots\" content=\"index, follow, max-snippet:-1, max-image-preview:large, max-video-preview:-1\" \/>\n<link rel=\"canonical\" href=\"https:\/\/blog.erm.ee\/?p=14736\" \/>\n<meta property=\"og:locale\" content=\"et_EE\" \/>\n<meta property=\"og:type\" content=\"article\" \/>\n<meta property=\"og:title\" content=\"ERMi kunstikogu korrastamine 2018\u20132020 - Eesti Rahva Muuseumi ajaveeb\" \/>\n<meta property=\"og:description\" content=\"Silli Peedosk, ERMi konservaator;\u00a0Eve Keedus, ERMi konserveerimisosakonna juhataja. Koos ERMi loomisega 1909. aastal sai alguse ka muuseumi kunstikogu, mida t\u00e4iendati kuni 1940. aastani samaaegselt etnograafilise ainese kogumisega. Eriti j\u00f5udsalt kasvas kunstikogu aastatel 1939\u20131940, kui Eestist lahkuvad baltisakslased j\u00e4tsid muuseumile kokku ligi 600 teost, p\u00f5hiliselt maale ja graafikat. Kahjuks jaotati hinnalisem osa kunstikogust 1940.\u201350. aastatel kahe&hellip;\" \/>\n<meta property=\"og:url\" content=\"https:\/\/blog.erm.ee\/?p=14736\" \/>\n<meta property=\"og:site_name\" content=\"Eesti Rahva Muuseumi ajaveeb\" \/>\n<meta property=\"article:published_time\" content=\"2021-08-05T06:01:11+00:00\" \/>\n<meta property=\"article:modified_time\" content=\"2021-08-11T10:55:10+00:00\" \/>\n<meta property=\"og:image\" content=\"https:\/\/blog.erm.ee\/wp-content\/uploads\/2021\/05\/foto-1_karbis-enne-scaled-e1628143259338.jpg\" \/>\n\t<meta property=\"og:image:width\" content=\"2483\" \/>\n\t<meta property=\"og:image:height\" content=\"1478\" \/>\n\t<meta property=\"og:image:type\" content=\"image\/jpeg\" \/>\n<meta name=\"author\" content=\"Eesti Rahva Muuseum\" \/>\n<meta name=\"twitter:card\" content=\"summary_large_image\" \/>\n<meta name=\"twitter:label1\" content=\"Written by\" \/>\n\t<meta name=\"twitter:data1\" content=\"Eesti Rahva Muuseum\" \/>\n\t<meta name=\"twitter:label2\" content=\"Est. reading time\" \/>\n\t<meta name=\"twitter:data2\" content=\"5 minutit\" \/>\n<script type=\"application\/ld+json\" class=\"yoast-schema-graph\">{\"@context\":\"https:\\\/\\\/schema.org\",\"@graph\":[{\"@type\":\"Article\",\"@id\":\"https:\\\/\\\/blog.erm.ee\\\/?p=14736#article\",\"isPartOf\":{\"@id\":\"https:\\\/\\\/blog.erm.ee\\\/?p=14736\"},\"author\":{\"name\":\"Eesti Rahva Muuseum\",\"@id\":\"https:\\\/\\\/blog.erm.ee\\\/#\\\/schema\\\/person\\\/6e98c391cb00a33e7c22a3571e062114\"},\"headline\":\"ERMi kunstikogu korrastamine 2018\u20132020\",\"datePublished\":\"2021-08-05T06:01:11+00:00\",\"dateModified\":\"2021-08-11T10:55:10+00:00\",\"mainEntityOfPage\":{\"@id\":\"https:\\\/\\\/blog.erm.ee\\\/?p=14736\"},\"wordCount\":851,\"commentCount\":0,\"image\":{\"@id\":\"https:\\\/\\\/blog.erm.ee\\\/?p=14736#primaryimage\"},\"thumbnailUrl\":\"https:\\\/\\\/blog.erm.ee\\\/wp-content\\\/uploads\\\/2021\\\/05\\\/foto-1_karbis-enne-scaled-e1628143259338.jpg\",\"articleSection\":{\"0\":\"Konserveerimine\",\"2\":\"Museaal\",\"3\":\"Uus maja\"},\"inLanguage\":\"et\",\"potentialAction\":[{\"@type\":\"CommentAction\",\"name\":\"Comment\",\"target\":[\"https:\\\/\\\/blog.erm.ee\\\/?p=14736#respond\"]}]},{\"@type\":\"WebPage\",\"@id\":\"https:\\\/\\\/blog.erm.ee\\\/?p=14736\",\"url\":\"https:\\\/\\\/blog.erm.ee\\\/?p=14736\",\"name\":\"ERMi kunstikogu korrastamine 2018\u20132020 - Eesti Rahva Muuseumi ajaveeb\",\"isPartOf\":{\"@id\":\"https:\\\/\\\/blog.erm.ee\\\/#website\"},\"primaryImageOfPage\":{\"@id\":\"https:\\\/\\\/blog.erm.ee\\\/?p=14736#primaryimage\"},\"image\":{\"@id\":\"https:\\\/\\\/blog.erm.ee\\\/?p=14736#primaryimage\"},\"thumbnailUrl\":\"https:\\\/\\\/blog.erm.ee\\\/wp-content\\\/uploads\\\/2021\\\/05\\\/foto-1_karbis-enne-scaled-e1628143259338.jpg\",\"datePublished\":\"2021-08-05T06:01:11+00:00\",\"dateModified\":\"2021-08-11T10:55:10+00:00\",\"author\":{\"@id\":\"https:\\\/\\\/blog.erm.ee\\\/#\\\/schema\\\/person\\\/6e98c391cb00a33e7c22a3571e062114\"},\"breadcrumb\":{\"@id\":\"https:\\\/\\\/blog.erm.ee\\\/?p=14736#breadcrumb\"},\"inLanguage\":\"et\",\"potentialAction\":[{\"@type\":\"ReadAction\",\"target\":[\"https:\\\/\\\/blog.erm.ee\\\/?p=14736\"]}]},{\"@type\":\"ImageObject\",\"inLanguage\":\"et\",\"@id\":\"https:\\\/\\\/blog.erm.ee\\\/?p=14736#primaryimage\",\"url\":\"https:\\\/\\\/blog.erm.ee\\\/wp-content\\\/uploads\\\/2021\\\/05\\\/foto-1_karbis-enne-scaled-e1628143259338.jpg\",\"contentUrl\":\"https:\\\/\\\/blog.erm.ee\\\/wp-content\\\/uploads\\\/2021\\\/05\\\/foto-1_karbis-enne-scaled-e1628143259338.jpg\",\"width\":2483,\"height\":1478},{\"@type\":\"BreadcrumbList\",\"@id\":\"https:\\\/\\\/blog.erm.ee\\\/?p=14736#breadcrumb\",\"itemListElement\":[{\"@type\":\"ListItem\",\"position\":1,\"name\":\"Home\",\"item\":\"https:\\\/\\\/blog.erm.ee\\\/\"},{\"@type\":\"ListItem\",\"position\":2,\"name\":\"ERMi kunstikogu korrastamine 2018\u20132020\"}]},{\"@type\":\"WebSite\",\"@id\":\"https:\\\/\\\/blog.erm.ee\\\/#website\",\"url\":\"https:\\\/\\\/blog.erm.ee\\\/\",\"name\":\"Eesti Rahva Muuseumi ajaveeb\",\"description\":\"\",\"potentialAction\":[{\"@type\":\"SearchAction\",\"target\":{\"@type\":\"EntryPoint\",\"urlTemplate\":\"https:\\\/\\\/blog.erm.ee\\\/?s={search_term_string}\"},\"query-input\":{\"@type\":\"PropertyValueSpecification\",\"valueRequired\":true,\"valueName\":\"search_term_string\"}}],\"inLanguage\":\"et\"},{\"@type\":\"Person\",\"@id\":\"https:\\\/\\\/blog.erm.ee\\\/#\\\/schema\\\/person\\\/6e98c391cb00a33e7c22a3571e062114\",\"name\":\"Eesti Rahva Muuseum\",\"image\":{\"@type\":\"ImageObject\",\"inLanguage\":\"et\",\"@id\":\"https:\\\/\\\/secure.gravatar.com\\\/avatar\\\/cb6d9ad5fb49f3f7315028ce5fe60641075f2cb52b8a058ff5a985fa2d8c1da0?s=96&d=mm&r=g\",\"url\":\"https:\\\/\\\/secure.gravatar.com\\\/avatar\\\/cb6d9ad5fb49f3f7315028ce5fe60641075f2cb52b8a058ff5a985fa2d8c1da0?s=96&d=mm&r=g\",\"contentUrl\":\"https:\\\/\\\/secure.gravatar.com\\\/avatar\\\/cb6d9ad5fb49f3f7315028ce5fe60641075f2cb52b8a058ff5a985fa2d8c1da0?s=96&d=mm&r=g\",\"caption\":\"Eesti Rahva Muuseum\"},\"sameAs\":[\"http:\\\/\\\/www.erm.ee\"],\"url\":\"https:\\\/\\\/blog.erm.ee\\\/?author=1\"}]}<\/script>\n<!-- \/ Yoast SEO plugin. -->","yoast_head_json":{"title":"ERMi kunstikogu korrastamine 2018\u20132020 - Eesti Rahva Muuseumi ajaveeb","robots":{"index":"index","follow":"follow","max-snippet":"max-snippet:-1","max-image-preview":"max-image-preview:large","max-video-preview":"max-video-preview:-1"},"canonical":"https:\/\/blog.erm.ee\/?p=14736","og_locale":"et_EE","og_type":"article","og_title":"ERMi kunstikogu korrastamine 2018\u20132020 - Eesti Rahva Muuseumi ajaveeb","og_description":"Silli Peedosk, ERMi konservaator;\u00a0Eve Keedus, ERMi konserveerimisosakonna juhataja. Koos ERMi loomisega 1909. aastal sai alguse ka muuseumi kunstikogu, mida t\u00e4iendati kuni 1940. aastani samaaegselt etnograafilise ainese kogumisega. Eriti j\u00f5udsalt kasvas kunstikogu aastatel 1939\u20131940, kui Eestist lahkuvad baltisakslased j\u00e4tsid muuseumile kokku ligi 600 teost, p\u00f5hiliselt maale ja graafikat. Kahjuks jaotati hinnalisem osa kunstikogust 1940.\u201350. aastatel kahe&hellip;","og_url":"https:\/\/blog.erm.ee\/?p=14736","og_site_name":"Eesti Rahva Muuseumi ajaveeb","article_published_time":"2021-08-05T06:01:11+00:00","article_modified_time":"2021-08-11T10:55:10+00:00","og_image":[{"width":2483,"height":1478,"url":"https:\/\/blog.erm.ee\/wp-content\/uploads\/2021\/05\/foto-1_karbis-enne-scaled-e1628143259338.jpg","type":"image\/jpeg"}],"author":"Eesti Rahva Muuseum","twitter_card":"summary_large_image","twitter_misc":{"Written by":"Eesti Rahva Muuseum","Est. reading time":"5 minutit"},"schema":{"@context":"https:\/\/schema.org","@graph":[{"@type":"Article","@id":"https:\/\/blog.erm.ee\/?p=14736#article","isPartOf":{"@id":"https:\/\/blog.erm.ee\/?p=14736"},"author":{"name":"Eesti Rahva Muuseum","@id":"https:\/\/blog.erm.ee\/#\/schema\/person\/6e98c391cb00a33e7c22a3571e062114"},"headline":"ERMi kunstikogu korrastamine 2018\u20132020","datePublished":"2021-08-05T06:01:11+00:00","dateModified":"2021-08-11T10:55:10+00:00","mainEntityOfPage":{"@id":"https:\/\/blog.erm.ee\/?p=14736"},"wordCount":851,"commentCount":0,"image":{"@id":"https:\/\/blog.erm.ee\/?p=14736#primaryimage"},"thumbnailUrl":"https:\/\/blog.erm.ee\/wp-content\/uploads\/2021\/05\/foto-1_karbis-enne-scaled-e1628143259338.jpg","articleSection":{"0":"Konserveerimine","2":"Museaal","3":"Uus maja"},"inLanguage":"et","potentialAction":[{"@type":"CommentAction","name":"Comment","target":["https:\/\/blog.erm.ee\/?p=14736#respond"]}]},{"@type":"WebPage","@id":"https:\/\/blog.erm.ee\/?p=14736","url":"https:\/\/blog.erm.ee\/?p=14736","name":"ERMi kunstikogu korrastamine 2018\u20132020 - Eesti Rahva Muuseumi ajaveeb","isPartOf":{"@id":"https:\/\/blog.erm.ee\/#website"},"primaryImageOfPage":{"@id":"https:\/\/blog.erm.ee\/?p=14736#primaryimage"},"image":{"@id":"https:\/\/blog.erm.ee\/?p=14736#primaryimage"},"thumbnailUrl":"https:\/\/blog.erm.ee\/wp-content\/uploads\/2021\/05\/foto-1_karbis-enne-scaled-e1628143259338.jpg","datePublished":"2021-08-05T06:01:11+00:00","dateModified":"2021-08-11T10:55:10+00:00","author":{"@id":"https:\/\/blog.erm.ee\/#\/schema\/person\/6e98c391cb00a33e7c22a3571e062114"},"breadcrumb":{"@id":"https:\/\/blog.erm.ee\/?p=14736#breadcrumb"},"inLanguage":"et","potentialAction":[{"@type":"ReadAction","target":["https:\/\/blog.erm.ee\/?p=14736"]}]},{"@type":"ImageObject","inLanguage":"et","@id":"https:\/\/blog.erm.ee\/?p=14736#primaryimage","url":"https:\/\/blog.erm.ee\/wp-content\/uploads\/2021\/05\/foto-1_karbis-enne-scaled-e1628143259338.jpg","contentUrl":"https:\/\/blog.erm.ee\/wp-content\/uploads\/2021\/05\/foto-1_karbis-enne-scaled-e1628143259338.jpg","width":2483,"height":1478},{"@type":"BreadcrumbList","@id":"https:\/\/blog.erm.ee\/?p=14736#breadcrumb","itemListElement":[{"@type":"ListItem","position":1,"name":"Home","item":"https:\/\/blog.erm.ee\/"},{"@type":"ListItem","position":2,"name":"ERMi kunstikogu korrastamine 2018\u20132020"}]},{"@type":"WebSite","@id":"https:\/\/blog.erm.ee\/#website","url":"https:\/\/blog.erm.ee\/","name":"Eesti Rahva Muuseumi ajaveeb","description":"","potentialAction":[{"@type":"SearchAction","target":{"@type":"EntryPoint","urlTemplate":"https:\/\/blog.erm.ee\/?s={search_term_string}"},"query-input":{"@type":"PropertyValueSpecification","valueRequired":true,"valueName":"search_term_string"}}],"inLanguage":"et"},{"@type":"Person","@id":"https:\/\/blog.erm.ee\/#\/schema\/person\/6e98c391cb00a33e7c22a3571e062114","name":"Eesti Rahva Muuseum","image":{"@type":"ImageObject","inLanguage":"et","@id":"https:\/\/secure.gravatar.com\/avatar\/cb6d9ad5fb49f3f7315028ce5fe60641075f2cb52b8a058ff5a985fa2d8c1da0?s=96&d=mm&r=g","url":"https:\/\/secure.gravatar.com\/avatar\/cb6d9ad5fb49f3f7315028ce5fe60641075f2cb52b8a058ff5a985fa2d8c1da0?s=96&d=mm&r=g","contentUrl":"https:\/\/secure.gravatar.com\/avatar\/cb6d9ad5fb49f3f7315028ce5fe60641075f2cb52b8a058ff5a985fa2d8c1da0?s=96&d=mm&r=g","caption":"Eesti Rahva Muuseum"},"sameAs":["http:\/\/www.erm.ee"],"url":"https:\/\/blog.erm.ee\/?author=1"}]}},"jetpack_featured_media_url":"https:\/\/blog.erm.ee\/wp-content\/uploads\/2021\/05\/foto-1_karbis-enne-scaled-e1628143259338.jpg","jetpack_shortlink":"https:\/\/wp.me\/p2l9Zd-3PG","jetpack_sharing_enabled":true,"jetpack_likes_enabled":true,"_links":{"self":[{"href":"https:\/\/blog.erm.ee\/index.php?rest_route=\/wp\/v2\/posts\/14736","targetHints":{"allow":["GET"]}}],"collection":[{"href":"https:\/\/blog.erm.ee\/index.php?rest_route=\/wp\/v2\/posts"}],"about":[{"href":"https:\/\/blog.erm.ee\/index.php?rest_route=\/wp\/v2\/types\/post"}],"author":[{"embeddable":true,"href":"https:\/\/blog.erm.ee\/index.php?rest_route=\/wp\/v2\/users\/1"}],"replies":[{"embeddable":true,"href":"https:\/\/blog.erm.ee\/index.php?rest_route=%2Fwp%2Fv2%2Fcomments&post=14736"}],"version-history":[{"count":5,"href":"https:\/\/blog.erm.ee\/index.php?rest_route=\/wp\/v2\/posts\/14736\/revisions"}],"predecessor-version":[{"id":14942,"href":"https:\/\/blog.erm.ee\/index.php?rest_route=\/wp\/v2\/posts\/14736\/revisions\/14942"}],"wp:featuredmedia":[{"embeddable":true,"href":"https:\/\/blog.erm.ee\/index.php?rest_route=\/wp\/v2\/media\/14737"}],"wp:attachment":[{"href":"https:\/\/blog.erm.ee\/index.php?rest_route=%2Fwp%2Fv2%2Fmedia&parent=14736"}],"wp:term":[{"taxonomy":"category","embeddable":true,"href":"https:\/\/blog.erm.ee\/index.php?rest_route=%2Fwp%2Fv2%2Fcategories&post=14736"},{"taxonomy":"post_tag","embeddable":true,"href":"https:\/\/blog.erm.ee\/index.php?rest_route=%2Fwp%2Fv2%2Ftags&post=14736"}],"curies":[{"name":"wp","href":"https:\/\/api.w.org\/{rel}","templated":true}]}}