{"id":14598,"date":"2021-04-15T12:04:16","date_gmt":"2021-04-15T09:04:16","guid":{"rendered":"https:\/\/blog.erm.ee\/?p=14598"},"modified":"2021-04-15T13:16:22","modified_gmt":"2021-04-15T10:16:22","slug":"suur-seiklus-ehk-ermi-paris-oma-teater-inimene-tahab-ju-mangida","status":"publish","type":"post","link":"https:\/\/blog.erm.ee\/?p=14598","title":{"rendered":"Suur seiklus ehk ERMi p\u00e4ris oma teater. Inimene tahab ju m\u00e4ngida"},"content":{"rendered":"<div class=\"fcbkbttn_buttons_block\" id=\"fcbkbttn_left\"><div class=\"fcbkbttn_like \"><fb:like href=\"https:\/\/blog.erm.ee\/?p=14598\" action=\"like\" colorscheme=\"light\" layout=\"standard\"  width=\"225px\" size=\"small\"><\/fb:like><\/div><div class=\"fb-share-button  \" data-href=\"https:\/\/blog.erm.ee\/?p=14598\" data-type=\"button\" data-size=\"small\"><\/div><\/div><p style=\"text-align: justify;\">Sirje Madisson, koost\u00f6\u00f6v\u00f5rgustike koordinaator, ERMi teatri kunstiline jm juht.<\/p>\n<p style=\"text-align: justify;\">N\u00e4itleja ja lavastaja Jaan Tooming kurtis kunagi ajalehes Sirp (2.09.2011): \u201eKaasaegse teatri osat\u00e4itmistes pole r\u00fctmi, kujud on v\u00e4lja voolimata, sest tahetakse ikka olla nagu elus, mitte luua kunstiteost.\u00a0Kui tahame j\u00f5uda uuele, kunsti tasemele, siis peame unustama Stanislavski olustikulise ps\u00fchholoogitsemise ning p\u00f6\u00f6rduma nende teatrikunstnike poole, kes on tahtnud midagi muud, kui \u201e\u00f5pi elust enesest, see on t\u00f5de igavest\u201d, nagu \u00fctles vana Grenzstein. Aga kust neid t\u00e4nap\u00e4eval v\u00f5tta?\u201c<\/p>\n<p style=\"text-align: justify;\">No nii, aga ERMi oma teater oli siis juba mitu aastat k\u00f5rgel kunstilisel tasemel tegutsenud ja k\u00e4si s\u00fcdamel tuleb tunnistada, et\u00a0k\u00f5ikides osat\u00e4itmistes oli r\u00fctmi k\u00fcllaga ning ka kujude v\u00e4ljavoolimine toimus r\u00f5\u00f5mu ja lustiga. Tagantj\u00e4rele tarkusena tuleb muidugi tunnistada, et kuna ERMi teatris t\u00f5useb eesriie vaid korra aastas j\u00f5ulupeol, siis ei pruukinud kuuldused kultuuris\u00fcndmusest lihtsalt Jaan Toominga k\u00f5rvu ulatuda.<\/p>\n<p style=\"text-align: justify;\"><strong>\u00a0<\/strong><strong>Me teeme teatrit ehk kuidas see k\u00f5ik algas<\/strong><\/p>\n<p style=\"text-align: justify;\">V\u00f5rreldes teiste rahvakultuurivaldkondadega (koorimuusika, pillim\u00e4ng, rahvatants, k\u00e4sit\u00f6\u00f6 jne) olevat teatriharrastajaid palju v\u00e4hem ja see tundus meile p\u00f5neva v\u00e4ljakutsena. Muuseumit\u00f6\u00f6tajatele omane suur lugemus tegi \u017eanrivaliku lihtsaks, kuna saime klassikutelt eeskuju v\u00f5tta. On teada, et Stanislavski, kes alustas samuti karj\u00e4\u00e4ri harrastusteatris, proovis enne \u00e4ra ooperi, balleti ja isegi tsirkuse, et j\u00e4\u00e4da l\u00f5puks pidama s\u00f5nateatri juurde. Meie j\u00e4tsime niisiis t\u00e4nulikult ooperi, balleti ja tsirkuse vahele ning siirdusime kohe draama juurde. Teeme draamat n\u00fc\u00fcd juba varsti 15 aastat. M\u00f5nuga.<\/p>\n<p style=\"text-align: justify;\">Esimeseks etenduseks 2006. aasta j\u00f5ulude ajal valisime Oskar Lutsu \u00fchevaatuselised n\u00e4idendid \u201eKalevi kojutulek\u201c ja \u201eValimised\u201c. Teatrim\u00f5tte algatajana v\u00f5in \u00f6elda, et alustada ei olnud sugugi raske, pigem sai k\u00f5vasti nalja, sest 20. sajandi algul kirjutatud n\u00e4idendites leidus nii palju ka n\u00fc\u00fcdisajale iseloomulikku. Lisaks oli mitmel tulevasel staaril juba lavakogemus olemas, sest ERMi on kogunenud v\u00e4ga loominguline seltskond. Seega ei olnud \u00fchtegi osat\u00e4itjat pikalt vaja moosida\u2026 ehk vaid veidi veenda.<\/p>\n<p style=\"text-align: justify;\">Algusest peale on k\u00f5ik ERMi teatri etendused valminud \u00fchist\u00f6\u00f6na, sest mitu pead suudab ikka rohkem krutskeid v\u00e4lja m\u00f5elda. Ja see ju asja m\u00f5te ongi.<br \/>\nNagu korralikule teatrile kohane, on meilgi olemas lavastaja, kelle \u00fclesanne on otsida sobiv n\u00e4idend ja seda veidi oludele vastavaks kohendada, jagada rollid, et v\u00f5imalikult paljud kolleegid saaksid osaleda; teha nii, et laval olijatel oleks huvitav ja publik r\u00f5\u00f5msalt \u00fcllatunud ning \u00fche t\u00e4htsama t\u00f6\u00f6na on vaja muidugi turvata ette\u00fctlejana etenduse kulgu.<br \/>\nSelleks et vaatajalegi k\u00f5ik ikka teatri moodi paistaks, on meid aidanud Eesti Teatri Agentuur, Eesti Kirjandusmuuseum, Tartu \u00dclikool, teater Vanemuine\u2026 R\u00e4\u00e4kimata kallitest kolleegidest, kes on kohale toonud lugematul arvul rekvisiite ja kost\u00fc\u00fcme, seadnud lava ja n\u00e4idanud elavaid pilte, teinud heli ja kujundanud kavalehti. Ning kes on k\u00f5ige selle k\u00f5rvalt n\u00e4pistanud aega ka n\u00e4itlemiseks.<\/p>\n<p style=\"text-align: justify;\">Meie teatri loomingulise kollektiivi kunstilise p\u00f5lemise k\u00e4igus on muuseumi j\u00f5ulupidudeks kunstik\u00fcpseks vormitud 12 etendust: Andrus Kivir\u00e4hk on aidanud meil endasse vaadata n\u00e4idenditega \u201eRehepapp ja n\u00e4\u00e4risokk\u201c, \u201eKalevipoeg\u201c, \u201eUus j\u00f5uluvana\u201c, \u201eUljas neitsi\u201c, \u201eValged daamid\u201c, \u201eMees, kes teadis ussis\u00f5nu\u201c, \u201eVassiljev ja Bub\u00f5r ta tegid siia\u2026\u201c ning \u201eTeatriparadiis\u201c. Harrastusteatrite klassik Oskar Luts kinkis meile \u201eValimised\u201c ja \u201eKalevi kojutuleku\u201c. ERMi asutamisega tihedalt seotud keeleteadlase, diplomaadi ja folkloristi Oskar Kallase 150. s\u00fcnniaastap\u00e4eva t\u00e4histasime koos Paulopriit Voolaise \u201eMaajumala pojaga\u201c. Paul- Eerik Rummo viis meid kultuuriloolisele ajar\u00e4nnule n\u00e4idendis \u201eTaevast sajab k\u00f5ikse aeg kive\u201c ning hea kolleeg Reimo Rehkli n\u00e4itas, mis juhtub \u201eJ\u00f5uluvana oodates\u201c. 2020. aasta j\u00f5uludeks valitud n\u00e4idend ootab aegu, mil v\u00f5ib j\u00e4lle koguneda nii saali kui ka lavale ning pidada \u00e4ra \u00fcks m\u00f5nus teatripidu.<\/p>\n<div id=\"attachment_14600\" style=\"width: 1043px\" class=\"wp-caption aligncenter\"><a href=\"https:\/\/blog.erm.ee\/wp-content\/uploads\/2021\/04\/DSC_0003.jpg\"><img loading=\"lazy\" decoding=\"async\" aria-describedby=\"caption-attachment-14600\" data-attachment-id=\"14600\" data-permalink=\"https:\/\/blog.erm.ee\/?attachment_id=14600#main\" data-orig-file=\"https:\/\/blog.erm.ee\/wp-content\/uploads\/2021\/04\/DSC_0003.jpg\" data-orig-size=\"1033,1500\" data-comments-opened=\"1\" data-image-meta=\"{&quot;aperture&quot;:&quot;0&quot;,&quot;credit&quot;:&quot;&quot;,&quot;camera&quot;:&quot;NIKON D800&quot;,&quot;caption&quot;:&quot;&quot;,&quot;created_timestamp&quot;:&quot;0&quot;,&quot;copyright&quot;:&quot;&quot;,&quot;focal_length&quot;:&quot;0&quot;,&quot;iso&quot;:&quot;0&quot;,&quot;shutter_speed&quot;:&quot;0&quot;,&quot;title&quot;:&quot;&quot;,&quot;orientation&quot;:&quot;1&quot;}\" data-image-title=\"DSC_0003\" data-image-description=\"\" data-image-caption=\"\" data-large-file=\"https:\/\/blog.erm.ee\/wp-content\/uploads\/2021\/04\/DSC_0003-705x1024.jpg\" class=\"wp-image-14600 size-full\" src=\"https:\/\/blog.erm.ee\/wp-content\/uploads\/2021\/04\/DSC_0003.jpg\" alt=\"\" width=\"1033\" height=\"1500\" srcset=\"https:\/\/blog.erm.ee\/wp-content\/uploads\/2021\/04\/DSC_0003.jpg 1033w, https:\/\/blog.erm.ee\/wp-content\/uploads\/2021\/04\/DSC_0003-207x300.jpg 207w, https:\/\/blog.erm.ee\/wp-content\/uploads\/2021\/04\/DSC_0003-705x1024.jpg 705w, https:\/\/blog.erm.ee\/wp-content\/uploads\/2021\/04\/DSC_0003-179x260.jpg 179w, https:\/\/blog.erm.ee\/wp-content\/uploads\/2021\/04\/DSC_0003-768x1115.jpg 768w\" sizes=\"auto, (max-width: 1033px) 100vw, 1033px\" \/><\/a><p id=\"caption-attachment-14600\" class=\"wp-caption-text\">ERMi teatri kavad. Foto: Sirje Madisson<\/p><\/div>\n<p style=\"text-align: justify;\">Nagu pildilt n\u00e4ha, oleme laias laastus \u00fche autori f\u00e4nniklubi. Nii lihtsalt l\u00e4heb, kui midagi t\u00f5sist ja hingepuudutavat saab vaadata l\u00e4bi m\u00f5nusa huumori.<\/p>\n<p style=\"text-align: justify;\">\u00d5petajate Leht 24.12 1999: \u201eEestis on ehk ainult Andrus Kivir\u00e4hk liikunud Lindgreniga samas suunas \u2013 tema n\u00e4idendite alatoon on samuti s\u00fcdamlik\u2026\u201c<\/p>\n<p style=\"text-align: justify;\">Eesti P\u00e4evaleht 3.06.2003: \u201eSeni on Kivir\u00e4hki teatrit\u00fckid p\u00f5rmustanud eestlaste v\u00e4\u00e4rt iseloomuomadusi pigem \u00fchekaupa \u2013 m\u00fc\u00fctilisest v\u00e4ikesest tublist eestlasest ei j\u00e4\u00e4 j\u00e4rele muud, kui\u2026\u201c<\/p>\n<p style=\"text-align: justify;\">Meile sobib.<\/p>\n<p style=\"text-align: justify;\"><strong>Miks me seda siis teeme?<\/strong><\/p>\n<p style=\"text-align: justify;\">Vastavad n\u00e4itlejad\u2026<\/p>\n<p style=\"text-align: justify;\"><strong>Indrek (p\u00e4riselus vanemteadur)<\/strong>: <em>Eks see teatritegemine ole selline seltskondlik tegevus. Kuulud ajutiselt mingisse kitsamasse kollektiivi, mis l\u00fchikese aja jooksul tihedalt koos k\u00e4ib. Enne j\u00f5ulupidu on selline asjasse p\u00fchendatu tunne. Etenduse-eelses peaproovis ja seej\u00e4rel etendust oodates tekib omamoodi sumin. V\u00e4ike n\u00e4rv on sees, ootus\u00e4revus. Kui h\u00e4sti \u00f5nnestub, saad peol nautida s\u00f5\u00f5mukese populaarsust, kolleegide \u00f5lalepatsutusi.<\/em><\/p>\n<p style=\"text-align: justify;\"><strong>Kaari (hariduskeskuse juhataja)<\/strong>: <em>Kuskil oktoobrikuus k\u00e4ib juba esimest korda peast m\u00f5te l\u00e4bi, et ei tea, kas sellel aastal teatritegemiseks l\u00e4heb. Sest \u00f5udselt tahaks! Lisaks sellele, et proovides on lihtsalt tore k\u00e4ia ja nii hea on oma esinemisvajadust rahuldada, \u00f5pin iga kord kolleege paremini tundma. Paljudega ju igap\u00e4evaselt kokku ei puutu. Eriti vajalik oli see esimesel korral, kui olin ERMis t\u00f6\u00f6tanud vaevu pool aastat ning enamikuga vaid pealiskaudselt tuttav \u2013 viisakused, koosolekud, ei midagi isiklikku. Ja kui siis etenduse \u201eVassiljev ja Bub\u00f5r ta tegid siia\u201c l\u00f5pus k\u00f5ik mu austet\u2019 kolleegid k\u00fclakuhjas p\u00f5randal maadlesid, siis minu jaoks langesid paljud eesriided. Seda m\u00e4ngulusti, loomingulisust ja andekust avastada kolleegides, kellelt nende ameti j\u00e4rgi ei ootakski, oli nii vapustavalt tore! Ja neid \u00fcllatusi tuleb igal aastal juurde.<\/em><\/p>\n<p style=\"text-align: justify;\"><em>Mul on hirmus hea meel, et t\u00e4nu ERMi teatrile olen saanud m\u00e4ngida nii sensuaalset kui ka huntnaist, J\u00e4\u00e4tsu tigedat t\u00fctart ja Viljari opakat poega ning Eesti teatrilegendi Mari M\u00f6ldret. Hetkeks teise inimese kingadesse astuda on p\u00f5nev ja s\u00f5ltuvust tekitav. <\/em><\/p>\n<p style=\"text-align: justify;\"><strong>Rein (finantsjuht)<\/strong>: <em>Olen rollipakkumisvestlustes v\u00e4ga halb \u00e4ra\u00fctleja, eriti kui tegelikult on pakutav projekt \u00fclimalt paeluv. N\u00e4itet\u00fckid ise on mind k\u00f5netanud oma humoristliku vormi, aga \u00fcllatavalt s\u00fcgava\/hariva sisuga. Tulevikus luban t\u00f6\u00f6d teha oma \u00fcmberkehastumisv\u00f5ime ning tekstim\u00e4luga, kuid t\u00fckkide menu arvestades on need ajuti isegi voorusteks osutunud. Elu on liiga l\u00fchike, et mitte k\u00f5iki j\u00f5u- ja eakohaseid hullusi kaasa teha. Eriti, kui seda saadab improvisatsioonist tulvil vaimne \u00f5hkkond kaasn\u00e4itlejate ning dramaturgi n\u00e4ol. <\/em><\/p>\n<p style=\"text-align: justify;\"><strong>Arvi (n\u00e4ituste meister)<\/strong>: <em>Lihtsalt nii huvitav on ennast proovile panna. Minuga toimub proovides midagi kummalist. Oleks nagu kaks mind: \u00fcks on laval ja teine saalis. Saali-mina vaatab ja \u00f5petab, mida lava-mina saaks paremini teha. Olen samal ajal n\u00e4itleja, enda lavastaja ja kriitik ka. Etenduse ajaks olen j\u00e4lle \u00fches t\u00fckis tagasi. Ja mulle v\u00e4ga meeldib lavakujundusega tegeleda. Igap\u00e4evat\u00f6\u00f6 on selleks andnud piisvalt kogemust \u2013 iga detail on t\u00e4htis ja peab kandma s\u00f5numit; esemete paigutus peab olema loogiline, et tekiks lugu.<\/em><\/p>\n<p style=\"text-align: justify;\"><strong>Kristjan (n\u00e4ituste juht)<\/strong>: <em>\u00dcmberkehastumine on t\u00f5esti olnud keeruline \u2013 Tuuslar, Rehepapp, vene \u00e4rimees Ivanov v\u00f5i lausa teatrilegend Volli isiklikult stiilsete prillide ja koguka olemisega. Aga\u00a0hea tekst alati aitab. K\u00f5ige rohkem n\u00e4en vaeva diktsiooniga. Meeldiv on avastada, et kolleegidega koosm\u00e4ng laval vabastab hiljem pingeid argises t\u00f6\u00f6elus ette tulevates mikrok\u00fcsimustes. T\u00f5eline j\u00f5ulutunne saabub minu jaoks etenduste l\u00f5pus publikule kummardades. See on isegi midagi enamat kui lihtsalt moodne s\u00f5na <\/em>team building<em> \u2013 see on kokku hoidva asutuse selge m\u00e4rk.<\/em><\/p>\n<p style=\"text-align: justify;\"><strong>Tuuli (peatoimetaja):<\/strong> <em>Teatritegemisega on nii, et kui esimene katsetus k\u00f5igi oma k\u00f5hkluste ja kahtlustega saab \u00fcletatud, siis edaspidi tekkib juba s\u00fcgisel v\u00e4ike rahutus, et kas etendus ikka tuleb; mis etendus tuleb ja peamine k\u00fcsimus, et kas mulle ka rolli on. Eks me harrastajatena m\u00e4ngime paratamatult p\u00f5hiliselt ikka iseennast, aga huvitav ongi see, et igal aastal, kui kaasa olen l\u00f6\u00f6nud, on n\u00e4idendis olnud mulle t\u00e4pselt \u00f5ige roll. Ja teistele t\u00e4pselt samuti. Puhas teatrimaagia, mis muud!<\/em><\/p>\n<p style=\"text-align: justify;\"><strong>Reet (produtsent):<\/strong> <em>Proovides on \u00fctlemata l\u00f5bus ja l\u00f5\u00f5gastav. Inimesi \u00f5pib hoopis teisest k\u00fcljest tundma. Klapp on omavahel v\u00e4ga hea ja endal saab ka liigset auru ning edevust v\u00e4lja lasta.<\/em><\/p>\n<p style=\"text-align: justify;\"><strong>Age (rahvakultuuri koolitus- ja teabekeskuse kuraator)<\/strong>: <em>ERMi n\u00e4idendid on olnud oodatud osa j\u00f5ulupeo kavast juba aastaid. Ilmatuma tore ja heas m\u00f5ttes naljakas on n\u00e4ha kolleege tavap\u00e4rasest erinevas rollis. \u00c4\u00e4retult meelitav on teada, et keegi on sind n\u00e4inud sobivana m\u00f5nd tegelast m\u00e4ngima. Ja kui veel p\u00e4rast publiku poolt tullakse \u00f5lale patsutama, et vahva osaline olid, siis k\u00f5rvad lausa liiguvad. \u00d5ppimise protsess on samuti oluline, kui oma igap\u00e4evat\u00f6\u00f6st korraks v\u00e4lja saab astuda. Aga k\u00f5ige v\u00e4\u00e4rtuslikum on kolleegide seltsis veedetud kvaliteetaeg.<\/em><\/p>\n<p style=\"text-align: justify;\"><strong>\u00dclle (koguhoidja)<\/strong>: <em>Proovides on alati l\u00f5bus, m\u00f5nikord etendusel ka. \u201eValgetes daamides\u201c kippus parukas mul kogu aeg peast \u00e4ra libisema. Rahvale j\u00e4igi see vist k\u00f5ige rohkem meelde. \u201eUues j\u00f5uluvanas\u201c, kui v\u00e4itsin, et meie v\u00e4imees on juba 40, teatas vastasm\u00e4ngija Kristjan, et tema on ju 40! Keerasin saalile selja, sest ei suutnud naeru pidada.<\/em><\/p>\n<p style=\"text-align: justify;\"><strong>Terje (teadur-kuraator): <\/strong><em>Keegi peab ju s\u00f5natuid v\u00f5i pisikesi k\u00f5rvalrolle ka t\u00e4itma! On imeline tunne Suure N\u00e4itleja Viljari k\u00f5rval publikule kummardada\u2026 Selliste hetkede nimel tasub elada!<\/em><\/p>\n<p style=\"text-align: justify;\">Aastate jooksul on siin nimetatud ja veel paljudel muudel seletamatutel p\u00f5hjustel etendustes n\u00e4itlejana kaasa l\u00f6\u00f6nud ligi 50 ermikat, paljud neid mitmeid-mitmeid kordi.<\/p>\n<p style=\"text-align: justify;\"><strong>Mida me siis teeme?<\/strong><\/p>\n<p style=\"text-align: justify;\">See oli nagu eile, kuigi <strong>aasta number oli 2019<\/strong>, kui seiklesimeAndrus Kivir\u00e4ha \u201eTeatriparadiisis\u201c koos Karl Menningu, Ants Lauteri, Kaarel Karmi, Voldemar Panso, Paul Pinna, Liina Reimani, Mari M\u00f6ldre ja veel paljude teiste meie teatriajaloo kuulsate meeste ja naistega, saatjaks parv ingleid koos seda kirjut seltskonda ohjava Vanemuisega.<\/p>\n<div id=\"attachment_14601\" style=\"width: 1610px\" class=\"wp-caption aligncenter\"><a href=\"https:\/\/blog.erm.ee\/wp-content\/uploads\/2021\/04\/IMG_1183.jpg\"><img loading=\"lazy\" decoding=\"async\" aria-describedby=\"caption-attachment-14601\" data-attachment-id=\"14601\" data-permalink=\"https:\/\/blog.erm.ee\/?attachment_id=14601#main\" data-orig-file=\"https:\/\/blog.erm.ee\/wp-content\/uploads\/2021\/04\/IMG_1183.jpg\" data-orig-size=\"1600,1067\" data-comments-opened=\"1\" data-image-meta=\"{&quot;aperture&quot;:&quot;2&quot;,&quot;credit&quot;:&quot;&quot;,&quot;camera&quot;:&quot;Canon PowerShot G9 X Mark II&quot;,&quot;caption&quot;:&quot;&quot;,&quot;created_timestamp&quot;:&quot;1577046854&quot;,&quot;copyright&quot;:&quot;&quot;,&quot;focal_length&quot;:&quot;10.2&quot;,&quot;iso&quot;:&quot;800&quot;,&quot;shutter_speed&quot;:&quot;0.0015625&quot;,&quot;title&quot;:&quot;&quot;,&quot;orientation&quot;:&quot;1&quot;}\" data-image-title=\"IMG_1183\" data-image-description=\"\" data-image-caption=\"\" data-large-file=\"https:\/\/blog.erm.ee\/wp-content\/uploads\/2021\/04\/IMG_1183-1024x683.jpg\" class=\"wp-image-14601 size-full\" src=\"https:\/\/blog.erm.ee\/wp-content\/uploads\/2021\/04\/IMG_1183.jpg\" alt=\"\" width=\"1600\" height=\"1067\" srcset=\"https:\/\/blog.erm.ee\/wp-content\/uploads\/2021\/04\/IMG_1183.jpg 1600w, https:\/\/blog.erm.ee\/wp-content\/uploads\/2021\/04\/IMG_1183-300x200.jpg 300w, https:\/\/blog.erm.ee\/wp-content\/uploads\/2021\/04\/IMG_1183-1024x683.jpg 1024w, https:\/\/blog.erm.ee\/wp-content\/uploads\/2021\/04\/IMG_1183-390x260.jpg 390w, https:\/\/blog.erm.ee\/wp-content\/uploads\/2021\/04\/IMG_1183-768x512.jpg 768w, https:\/\/blog.erm.ee\/wp-content\/uploads\/2021\/04\/IMG_1183-1536x1024.jpg 1536w\" sizes=\"auto, (max-width: 1600px) 100vw, 1600px\" \/><\/a><p id=\"caption-attachment-14601\" class=\"wp-caption-text\">Eesti kutselise teatri isa Karl Menning (Viljar) p\u00fc\u00fcab taevasele direktorile Vanemuisele (Rein) selgeks teha, et teatril on juubel, ERMil on juubel \u2013 kas ei peaks nende t\u00e4histuseks \u00fche n\u00e4idendi lavastama. Hingelt muusikul Vanemuisel on aga j\u00e4lle kange kiire kuhugi peole kannelt m\u00e4ngima ja ametiasjadega ei ole aega tegeleda. Foto: Sirje Madisson<\/p><\/div>\n<div id=\"attachment_14602\" style=\"width: 1610px\" class=\"wp-caption aligncenter\"><a href=\"https:\/\/blog.erm.ee\/wp-content\/uploads\/2021\/04\/IMG_1172.jpg\"><img loading=\"lazy\" decoding=\"async\" aria-describedby=\"caption-attachment-14602\" data-attachment-id=\"14602\" data-permalink=\"https:\/\/blog.erm.ee\/?attachment_id=14602#main\" data-orig-file=\"https:\/\/blog.erm.ee\/wp-content\/uploads\/2021\/04\/IMG_1172.jpg\" data-orig-size=\"1600,1067\" data-comments-opened=\"1\" data-image-meta=\"{&quot;aperture&quot;:&quot;2.8&quot;,&quot;credit&quot;:&quot;&quot;,&quot;camera&quot;:&quot;Canon PowerShot G9 X Mark II&quot;,&quot;caption&quot;:&quot;&quot;,&quot;created_timestamp&quot;:&quot;1577043404&quot;,&quot;copyright&quot;:&quot;&quot;,&quot;focal_length&quot;:&quot;10.2&quot;,&quot;iso&quot;:&quot;125&quot;,&quot;shutter_speed&quot;:&quot;0.033333333333333&quot;,&quot;title&quot;:&quot;&quot;,&quot;orientation&quot;:&quot;1&quot;}\" data-image-title=\"IMG_1172\" data-image-description=\"\" data-image-caption=\"\" data-large-file=\"https:\/\/blog.erm.ee\/wp-content\/uploads\/2021\/04\/IMG_1172-1024x683.jpg\" class=\"wp-image-14602 size-full\" src=\"https:\/\/blog.erm.ee\/wp-content\/uploads\/2021\/04\/IMG_1172.jpg\" alt=\"\" width=\"1600\" height=\"1067\" srcset=\"https:\/\/blog.erm.ee\/wp-content\/uploads\/2021\/04\/IMG_1172.jpg 1600w, https:\/\/blog.erm.ee\/wp-content\/uploads\/2021\/04\/IMG_1172-300x200.jpg 300w, https:\/\/blog.erm.ee\/wp-content\/uploads\/2021\/04\/IMG_1172-1024x683.jpg 1024w, https:\/\/blog.erm.ee\/wp-content\/uploads\/2021\/04\/IMG_1172-390x260.jpg 390w, https:\/\/blog.erm.ee\/wp-content\/uploads\/2021\/04\/IMG_1172-768x512.jpg 768w, https:\/\/blog.erm.ee\/wp-content\/uploads\/2021\/04\/IMG_1172-1536x1024.jpg 1536w\" sizes=\"auto, (max-width: 1600px) 100vw, 1600px\" \/><\/a><p id=\"caption-attachment-14602\" class=\"wp-caption-text\">Teatripedagoog Voldemar Panso (Kristjan) poseerib oma uue inglite lennuga (vasakult Maarika, Terje, Kadri-Liis). Hiljem tunnistab ta kolleegidele, et inglid lendavad ja munevad k\u00fcll h\u00e4sti, aga kunsti sellest paraku ei s\u00fcnni. Foto: Sirje Madisson<\/p><\/div>\n<div id=\"attachment_14604\" style=\"width: 1077px\" class=\"wp-caption aligncenter\"><a href=\"https:\/\/blog.erm.ee\/wp-content\/uploads\/2021\/04\/IMG_1139.jpg\"><img loading=\"lazy\" decoding=\"async\" aria-describedby=\"caption-attachment-14604\" data-attachment-id=\"14604\" data-permalink=\"https:\/\/blog.erm.ee\/?attachment_id=14604#main\" data-orig-file=\"https:\/\/blog.erm.ee\/wp-content\/uploads\/2021\/04\/IMG_1139.jpg\" data-orig-size=\"1067,1600\" data-comments-opened=\"1\" data-image-meta=\"{&quot;aperture&quot;:&quot;2.5&quot;,&quot;credit&quot;:&quot;&quot;,&quot;camera&quot;:&quot;Canon PowerShot G9 X Mark II&quot;,&quot;caption&quot;:&quot;&quot;,&quot;created_timestamp&quot;:&quot;1577041115&quot;,&quot;copyright&quot;:&quot;&quot;,&quot;focal_length&quot;:&quot;10.2&quot;,&quot;iso&quot;:&quot;125&quot;,&quot;shutter_speed&quot;:&quot;0.033333333333333&quot;,&quot;title&quot;:&quot;&quot;,&quot;orientation&quot;:&quot;1&quot;}\" data-image-title=\"IMG_1139\" data-image-description=\"\" data-image-caption=\"\" data-large-file=\"https:\/\/blog.erm.ee\/wp-content\/uploads\/2021\/04\/IMG_1139-683x1024.jpg\" class=\"wp-image-14604 size-full\" src=\"https:\/\/blog.erm.ee\/wp-content\/uploads\/2021\/04\/IMG_1139.jpg\" alt=\"\" width=\"1067\" height=\"1600\" srcset=\"https:\/\/blog.erm.ee\/wp-content\/uploads\/2021\/04\/IMG_1139.jpg 1067w, https:\/\/blog.erm.ee\/wp-content\/uploads\/2021\/04\/IMG_1139-200x300.jpg 200w, https:\/\/blog.erm.ee\/wp-content\/uploads\/2021\/04\/IMG_1139-683x1024.jpg 683w, https:\/\/blog.erm.ee\/wp-content\/uploads\/2021\/04\/IMG_1139-173x260.jpg 173w, https:\/\/blog.erm.ee\/wp-content\/uploads\/2021\/04\/IMG_1139-768x1152.jpg 768w, https:\/\/blog.erm.ee\/wp-content\/uploads\/2021\/04\/IMG_1139-1024x1536.jpg 1024w\" sizes=\"auto, (max-width: 1067px) 100vw, 1067px\" \/><\/a><p id=\"caption-attachment-14604\" class=\"wp-caption-text\">Juhtiv lavastaja Ants Lauter (Kalmar) on naisn\u00e4itlejate haardesse j\u00e4\u00e4nud. Foto: Sirje Madisson<\/p><\/div>\n<div id=\"attachment_14603\" style=\"width: 1077px\" class=\"wp-caption aligncenter\"><a href=\"https:\/\/blog.erm.ee\/wp-content\/uploads\/2021\/04\/IMG_1189.jpg\"><img loading=\"lazy\" decoding=\"async\" aria-describedby=\"caption-attachment-14603\" data-attachment-id=\"14603\" data-permalink=\"https:\/\/blog.erm.ee\/?attachment_id=14603#main\" data-orig-file=\"https:\/\/blog.erm.ee\/wp-content\/uploads\/2021\/04\/IMG_1189.jpg\" data-orig-size=\"1067,1600\" data-comments-opened=\"1\" data-image-meta=\"{&quot;aperture&quot;:&quot;2&quot;,&quot;credit&quot;:&quot;&quot;,&quot;camera&quot;:&quot;Canon PowerShot G9 X Mark II&quot;,&quot;caption&quot;:&quot;&quot;,&quot;created_timestamp&quot;:&quot;1577048625&quot;,&quot;copyright&quot;:&quot;&quot;,&quot;focal_length&quot;:&quot;10.2&quot;,&quot;iso&quot;:&quot;400&quot;,&quot;shutter_speed&quot;:&quot;0.004&quot;,&quot;title&quot;:&quot;&quot;,&quot;orientation&quot;:&quot;1&quot;}\" data-image-title=\"IMG_1189\" data-image-description=\"\" data-image-caption=\"\" data-large-file=\"https:\/\/blog.erm.ee\/wp-content\/uploads\/2021\/04\/IMG_1189-683x1024.jpg\" class=\"wp-image-14603 size-full\" src=\"https:\/\/blog.erm.ee\/wp-content\/uploads\/2021\/04\/IMG_1189.jpg\" alt=\"\" width=\"1067\" height=\"1600\" srcset=\"https:\/\/blog.erm.ee\/wp-content\/uploads\/2021\/04\/IMG_1189.jpg 1067w, https:\/\/blog.erm.ee\/wp-content\/uploads\/2021\/04\/IMG_1189-200x300.jpg 200w, https:\/\/blog.erm.ee\/wp-content\/uploads\/2021\/04\/IMG_1189-683x1024.jpg 683w, https:\/\/blog.erm.ee\/wp-content\/uploads\/2021\/04\/IMG_1189-173x260.jpg 173w, https:\/\/blog.erm.ee\/wp-content\/uploads\/2021\/04\/IMG_1189-768x1152.jpg 768w, https:\/\/blog.erm.ee\/wp-content\/uploads\/2021\/04\/IMG_1189-1024x1536.jpg 1024w\" sizes=\"auto, (max-width: 1067px) 100vw, 1067px\" \/><\/a><p id=\"caption-attachment-14603\" class=\"wp-caption-text\">Pidu on tulekul, aga s\u00f6\u00f6ki-jooki taevas napib. Murelikud koomikud Paul Pinna (Arvi) ja Ruts Bauman (Tiit) proovivad maa pealt provianti \u00f5ngitseda, aga k\u00f6is on kahjuks l\u00fchike. Foto: Sirje Madisson<\/p><\/div>\n<div id=\"attachment_14605\" style=\"width: 1610px\" class=\"wp-caption aligncenter\"><a href=\"https:\/\/blog.erm.ee\/wp-content\/uploads\/2021\/04\/IMG_1221.jpg\"><img loading=\"lazy\" decoding=\"async\" aria-describedby=\"caption-attachment-14605\" data-attachment-id=\"14605\" data-permalink=\"https:\/\/blog.erm.ee\/?attachment_id=14605#main\" data-orig-file=\"https:\/\/blog.erm.ee\/wp-content\/uploads\/2021\/04\/IMG_1221.jpg\" data-orig-size=\"1600,1067\" data-comments-opened=\"1\" data-image-meta=\"{&quot;aperture&quot;:&quot;3.2&quot;,&quot;credit&quot;:&quot;&quot;,&quot;camera&quot;:&quot;Canon PowerShot G9 X Mark II&quot;,&quot;caption&quot;:&quot;&quot;,&quot;created_timestamp&quot;:&quot;1577050020&quot;,&quot;copyright&quot;:&quot;&quot;,&quot;focal_length&quot;:&quot;10.2&quot;,&quot;iso&quot;:&quot;125&quot;,&quot;shutter_speed&quot;:&quot;0.033333333333333&quot;,&quot;title&quot;:&quot;&quot;,&quot;orientation&quot;:&quot;1&quot;}\" data-image-title=\"IMG_1221\" data-image-description=\"\" data-image-caption=\"\" data-large-file=\"https:\/\/blog.erm.ee\/wp-content\/uploads\/2021\/04\/IMG_1221-1024x683.jpg\" class=\"wp-image-14605 size-full\" src=\"https:\/\/blog.erm.ee\/wp-content\/uploads\/2021\/04\/IMG_1221.jpg\" alt=\"\" width=\"1600\" height=\"1067\" srcset=\"https:\/\/blog.erm.ee\/wp-content\/uploads\/2021\/04\/IMG_1221.jpg 1600w, https:\/\/blog.erm.ee\/wp-content\/uploads\/2021\/04\/IMG_1221-300x200.jpg 300w, https:\/\/blog.erm.ee\/wp-content\/uploads\/2021\/04\/IMG_1221-1024x683.jpg 1024w, https:\/\/blog.erm.ee\/wp-content\/uploads\/2021\/04\/IMG_1221-390x260.jpg 390w, https:\/\/blog.erm.ee\/wp-content\/uploads\/2021\/04\/IMG_1221-768x512.jpg 768w, https:\/\/blog.erm.ee\/wp-content\/uploads\/2021\/04\/IMG_1221-1536x1024.jpg 1536w\" sizes=\"auto, (max-width: 1600px) 100vw, 1600px\" \/><\/a><p id=\"caption-attachment-14605\" class=\"wp-caption-text\">Teatriparadiisis on rahu, n\u00e4itlejad r\u00f5\u00f5mustavad, et kohe algab ERMi j\u00f5ulupidu. Vanemuinegi kiirustab kandlega peopaika. Fotograaf Alar Karise abiga p\u00e4\u00e4ses \u00fcks kost\u00fcmeerimata tegelane n\u00e4itlejate sekka \u2013 ette\u00fctleja ja lavastaja Sirje. Foto: Alar Karis<\/p><\/div>\n<p style=\"text-align: justify;\"><strong style=\"font-size: 13px;\">2018. aastal<\/strong><span style=\"font-size: 13px;\"> t\u00e4histasime ERMi asutamisega tihedalt seotud diplomaadi, rahvaluule- ja keeleteadlase Oskar Kallase 150. s\u00fcnniaastap\u00e4eva meenutusega tema legendaarsest uurimisretkest Lutsimaale. Paulopriit Voolaine, kes oli 1920.\u20131930. aastail tuntuim Lutsi maarahva uurija, p\u00fchendas n\u00e4idendi \u201eMaajumala poig\u201c (1933) \u201eesimesele eesti rahvaluule doktorile Lutsi leiutamise 40. aasta juubeliks\u201c.<\/span><\/p>\n<div id=\"attachment_14606\" style=\"width: 1610px\" class=\"wp-caption aligncenter\"><a href=\"https:\/\/blog.erm.ee\/wp-content\/uploads\/2021\/04\/IMG_0289.jpg\"><img loading=\"lazy\" decoding=\"async\" aria-describedby=\"caption-attachment-14606\" data-attachment-id=\"14606\" data-permalink=\"https:\/\/blog.erm.ee\/?attachment_id=14606#main\" data-orig-file=\"https:\/\/blog.erm.ee\/wp-content\/uploads\/2021\/04\/IMG_0289.jpg\" data-orig-size=\"1600,1200\" data-comments-opened=\"1\" data-image-meta=\"{&quot;aperture&quot;:&quot;2&quot;,&quot;credit&quot;:&quot;&quot;,&quot;camera&quot;:&quot;Canon PowerShot S95&quot;,&quot;caption&quot;:&quot;&quot;,&quot;created_timestamp&quot;:&quot;1544989129&quot;,&quot;copyright&quot;:&quot;&quot;,&quot;focal_length&quot;:&quot;6&quot;,&quot;iso&quot;:&quot;800&quot;,&quot;shutter_speed&quot;:&quot;0.02&quot;,&quot;title&quot;:&quot;&quot;,&quot;orientation&quot;:&quot;1&quot;}\" data-image-title=\"IMG_0289\" data-image-description=\"\" data-image-caption=\"\" data-large-file=\"https:\/\/blog.erm.ee\/wp-content\/uploads\/2021\/04\/IMG_0289-1024x768.jpg\" class=\"wp-image-14606 size-full\" src=\"https:\/\/blog.erm.ee\/wp-content\/uploads\/2021\/04\/IMG_0289.jpg\" alt=\"\" width=\"1600\" height=\"1200\" srcset=\"https:\/\/blog.erm.ee\/wp-content\/uploads\/2021\/04\/IMG_0289.jpg 1600w, https:\/\/blog.erm.ee\/wp-content\/uploads\/2021\/04\/IMG_0289-300x225.jpg 300w, https:\/\/blog.erm.ee\/wp-content\/uploads\/2021\/04\/IMG_0289-1024x768.jpg 1024w, https:\/\/blog.erm.ee\/wp-content\/uploads\/2021\/04\/IMG_0289-347x260.jpg 347w, https:\/\/blog.erm.ee\/wp-content\/uploads\/2021\/04\/IMG_0289-768x576.jpg 768w, https:\/\/blog.erm.ee\/wp-content\/uploads\/2021\/04\/IMG_0289-1536x1152.jpg 1536w\" sizes=\"auto, (max-width: 1600px) 100vw, 1600px\" \/><\/a><p id=\"caption-attachment-14606\" class=\"wp-caption-text\">Rahvas on saanud kantoorast karmi k\u00e4su k\u00fclalisse h\u00e4sti suhtuda. Pole kahtlust, et tegemist on maajumala pojaga. Jeesp (Viljar) raporteerib Aolaskile (Indrek) ehk siis \u201evasse imperaatorskoje veliitsestvole\u201c, et k\u00fclas on k\u00f5ik korras. Made (Reet) loodab, et saab oma varasemad v\u00e4lja\u00fctlemised andeks. Foto: Sirje Madisson<\/p><\/div>\n<div id=\"attachment_14607\" style=\"width: 1610px\" class=\"wp-caption aligncenter\"><a href=\"https:\/\/blog.erm.ee\/wp-content\/uploads\/2021\/04\/IMG_0290.jpg\"><img loading=\"lazy\" decoding=\"async\" aria-describedby=\"caption-attachment-14607\" data-attachment-id=\"14607\" data-permalink=\"https:\/\/blog.erm.ee\/?attachment_id=14607#main\" data-orig-file=\"https:\/\/blog.erm.ee\/wp-content\/uploads\/2021\/04\/IMG_0290.jpg\" data-orig-size=\"1600,1200\" data-comments-opened=\"1\" data-image-meta=\"{&quot;aperture&quot;:&quot;2&quot;,&quot;credit&quot;:&quot;&quot;,&quot;camera&quot;:&quot;Canon PowerShot S95&quot;,&quot;caption&quot;:&quot;&quot;,&quot;created_timestamp&quot;:&quot;1544989200&quot;,&quot;copyright&quot;:&quot;&quot;,&quot;focal_length&quot;:&quot;6&quot;,&quot;iso&quot;:&quot;800&quot;,&quot;shutter_speed&quot;:&quot;0.02&quot;,&quot;title&quot;:&quot;&quot;,&quot;orientation&quot;:&quot;1&quot;}\" data-image-title=\"IMG_0290\" data-image-description=\"\" data-image-caption=\"\" data-large-file=\"https:\/\/blog.erm.ee\/wp-content\/uploads\/2021\/04\/IMG_0290-1024x768.jpg\" class=\"wp-image-14607 size-full\" src=\"https:\/\/blog.erm.ee\/wp-content\/uploads\/2021\/04\/IMG_0290.jpg\" alt=\"\" width=\"1600\" height=\"1200\" srcset=\"https:\/\/blog.erm.ee\/wp-content\/uploads\/2021\/04\/IMG_0290.jpg 1600w, https:\/\/blog.erm.ee\/wp-content\/uploads\/2021\/04\/IMG_0290-300x225.jpg 300w, https:\/\/blog.erm.ee\/wp-content\/uploads\/2021\/04\/IMG_0290-1024x768.jpg 1024w, https:\/\/blog.erm.ee\/wp-content\/uploads\/2021\/04\/IMG_0290-347x260.jpg 347w, https:\/\/blog.erm.ee\/wp-content\/uploads\/2021\/04\/IMG_0290-768x576.jpg 768w, https:\/\/blog.erm.ee\/wp-content\/uploads\/2021\/04\/IMG_0290-1536x1152.jpg 1536w\" sizes=\"auto, (max-width: 1600px) 100vw, 1600px\" \/><\/a><p id=\"caption-attachment-14607\" class=\"wp-caption-text\">Suhted on klaarid ja r\u00f5\u00f5mus k\u00fclarahvas n\u00e4itab Aolaskile meelsasti ette maarahva kargamist. Foto: Sirje Madisson<\/p><\/div>\n<div id=\"attachment_14608\" style=\"width: 1610px\" class=\"wp-caption aligncenter\"><a href=\"https:\/\/blog.erm.ee\/wp-content\/uploads\/2021\/04\/IMG_0312.jpg\"><img loading=\"lazy\" decoding=\"async\" aria-describedby=\"caption-attachment-14608\" data-attachment-id=\"14608\" data-permalink=\"https:\/\/blog.erm.ee\/?attachment_id=14608#main\" data-orig-file=\"https:\/\/blog.erm.ee\/wp-content\/uploads\/2021\/04\/IMG_0312.jpg\" data-orig-size=\"1600,1200\" data-comments-opened=\"1\" data-image-meta=\"{&quot;aperture&quot;:&quot;2.5&quot;,&quot;credit&quot;:&quot;&quot;,&quot;camera&quot;:&quot;Canon PowerShot S95&quot;,&quot;caption&quot;:&quot;&quot;,&quot;created_timestamp&quot;:&quot;1544990308&quot;,&quot;copyright&quot;:&quot;&quot;,&quot;focal_length&quot;:&quot;7.493&quot;,&quot;iso&quot;:&quot;400&quot;,&quot;shutter_speed&quot;:&quot;0.033333333333333&quot;,&quot;title&quot;:&quot;&quot;,&quot;orientation&quot;:&quot;1&quot;}\" data-image-title=\"IMG_0312\" data-image-description=\"\" data-image-caption=\"\" data-large-file=\"https:\/\/blog.erm.ee\/wp-content\/uploads\/2021\/04\/IMG_0312-1024x768.jpg\" class=\"wp-image-14608 size-full\" src=\"https:\/\/blog.erm.ee\/wp-content\/uploads\/2021\/04\/IMG_0312.jpg\" alt=\"\" width=\"1600\" height=\"1200\" srcset=\"https:\/\/blog.erm.ee\/wp-content\/uploads\/2021\/04\/IMG_0312.jpg 1600w, https:\/\/blog.erm.ee\/wp-content\/uploads\/2021\/04\/IMG_0312-300x225.jpg 300w, https:\/\/blog.erm.ee\/wp-content\/uploads\/2021\/04\/IMG_0312-1024x768.jpg 1024w, https:\/\/blog.erm.ee\/wp-content\/uploads\/2021\/04\/IMG_0312-347x260.jpg 347w, https:\/\/blog.erm.ee\/wp-content\/uploads\/2021\/04\/IMG_0312-768x576.jpg 768w, https:\/\/blog.erm.ee\/wp-content\/uploads\/2021\/04\/IMG_0312-1536x1152.jpg 1536w\" sizes=\"auto, (max-width: 1600px) 100vw, 1600px\" \/><\/a><p id=\"caption-attachment-14608\" class=\"wp-caption-text\">Tehtud! Foto: Sirje Madisson<\/p><\/div>\n<p style=\"text-align: justify;\"><strong>2017. aastal<\/strong> seiklesime Paul-Eerik Rummo n\u00e4idendis \u201eTaevast sajab k\u00f5ikse aeg kive\u201c koos keele- ja kirjameeste Otto Wilhelm Masingu, Kristjan Jaak Petersoni ning m\u00f5nede tuntud noor-eestlastega kirevas, piirideta ja aastanumbriteta maailmas, kus taevane meteoriidisadu v\u00f5ib iga hetk segada unistuste maailma valmisehitamist.<\/p>\n<div id=\"attachment_14609\" style=\"width: 1210px\" class=\"wp-caption aligncenter\"><a href=\"https:\/\/blog.erm.ee\/wp-content\/uploads\/2021\/04\/IMG_8448.jpg\"><img loading=\"lazy\" decoding=\"async\" aria-describedby=\"caption-attachment-14609\" data-attachment-id=\"14609\" data-permalink=\"https:\/\/blog.erm.ee\/?attachment_id=14609#main\" data-orig-file=\"https:\/\/blog.erm.ee\/wp-content\/uploads\/2021\/04\/IMG_8448.jpg\" data-orig-size=\"1200,1600\" data-comments-opened=\"1\" data-image-meta=\"{&quot;aperture&quot;:&quot;2&quot;,&quot;credit&quot;:&quot;&quot;,&quot;camera&quot;:&quot;Canon PowerShot S95&quot;,&quot;caption&quot;:&quot;&quot;,&quot;created_timestamp&quot;:&quot;1513531892&quot;,&quot;copyright&quot;:&quot;&quot;,&quot;focal_length&quot;:&quot;6&quot;,&quot;iso&quot;:&quot;400&quot;,&quot;shutter_speed&quot;:&quot;0.025&quot;,&quot;title&quot;:&quot;&quot;,&quot;orientation&quot;:&quot;1&quot;}\" data-image-title=\"IMG_8448\" data-image-description=\"\" data-image-caption=\"\" data-large-file=\"https:\/\/blog.erm.ee\/wp-content\/uploads\/2021\/04\/IMG_8448-768x1024.jpg\" class=\"wp-image-14609 size-full\" src=\"https:\/\/blog.erm.ee\/wp-content\/uploads\/2021\/04\/IMG_8448.jpg\" alt=\"\" width=\"1200\" height=\"1600\" srcset=\"https:\/\/blog.erm.ee\/wp-content\/uploads\/2021\/04\/IMG_8448.jpg 1200w, https:\/\/blog.erm.ee\/wp-content\/uploads\/2021\/04\/IMG_8448-225x300.jpg 225w, https:\/\/blog.erm.ee\/wp-content\/uploads\/2021\/04\/IMG_8448-768x1024.jpg 768w, https:\/\/blog.erm.ee\/wp-content\/uploads\/2021\/04\/IMG_8448-195x260.jpg 195w, https:\/\/blog.erm.ee\/wp-content\/uploads\/2021\/04\/IMG_8448-1152x1536.jpg 1152w\" sizes=\"auto, (max-width: 1200px) 100vw, 1200px\" \/><\/a><p id=\"caption-attachment-14609\" class=\"wp-caption-text\">\u00dcli\u00f5pilane v\u00f5i professor v\u00f5i ingel Jaak (Viljar) kohtub oma r\u00e4nnuteel Karuga (Kristjan), kes on talle tuttav juba Mytologia Fennicast. Karu on selle v\u00f5rdlusega rahul, aga on pahane Otto peale, sest see on temast mingi alav\u00e4\u00e4ristava \u201eV\u00e4ndra metsas P\u00e4rnumaal\u201c laulu teinud. Foto: Sirje Madisson<\/p><\/div>\n<div id=\"attachment_14610\" style=\"width: 1610px\" class=\"wp-caption aligncenter\"><a href=\"https:\/\/blog.erm.ee\/wp-content\/uploads\/2021\/04\/IMG_8461.jpg\"><img loading=\"lazy\" decoding=\"async\" aria-describedby=\"caption-attachment-14610\" data-attachment-id=\"14610\" data-permalink=\"https:\/\/blog.erm.ee\/?attachment_id=14610#main\" data-orig-file=\"https:\/\/blog.erm.ee\/wp-content\/uploads\/2021\/04\/IMG_8461.jpg\" data-orig-size=\"1600,1200\" data-comments-opened=\"1\" data-image-meta=\"{&quot;aperture&quot;:&quot;2&quot;,&quot;credit&quot;:&quot;&quot;,&quot;camera&quot;:&quot;Canon PowerShot S95&quot;,&quot;caption&quot;:&quot;&quot;,&quot;created_timestamp&quot;:&quot;1513532898&quot;,&quot;copyright&quot;:&quot;&quot;,&quot;focal_length&quot;:&quot;6&quot;,&quot;iso&quot;:&quot;400&quot;,&quot;shutter_speed&quot;:&quot;0.02&quot;,&quot;title&quot;:&quot;&quot;,&quot;orientation&quot;:&quot;1&quot;}\" data-image-title=\"IMG_8461\" data-image-description=\"\" data-image-caption=\"\" data-large-file=\"https:\/\/blog.erm.ee\/wp-content\/uploads\/2021\/04\/IMG_8461-1024x768.jpg\" class=\"wp-image-14610 size-full\" src=\"https:\/\/blog.erm.ee\/wp-content\/uploads\/2021\/04\/IMG_8461.jpg\" alt=\"\" width=\"1600\" height=\"1200\" srcset=\"https:\/\/blog.erm.ee\/wp-content\/uploads\/2021\/04\/IMG_8461.jpg 1600w, https:\/\/blog.erm.ee\/wp-content\/uploads\/2021\/04\/IMG_8461-300x225.jpg 300w, https:\/\/blog.erm.ee\/wp-content\/uploads\/2021\/04\/IMG_8461-1024x768.jpg 1024w, https:\/\/blog.erm.ee\/wp-content\/uploads\/2021\/04\/IMG_8461-347x260.jpg 347w, https:\/\/blog.erm.ee\/wp-content\/uploads\/2021\/04\/IMG_8461-768x576.jpg 768w, https:\/\/blog.erm.ee\/wp-content\/uploads\/2021\/04\/IMG_8461-1536x1152.jpg 1536w\" sizes=\"auto, (max-width: 1600px) 100vw, 1600px\" \/><\/a><p id=\"caption-attachment-14610\" class=\"wp-caption-text\">Jaak ja Otto abikaasa Cara (Reet) otsustavad ajutiselt inglistaatusest loobuda, sest maa peal on on veel palju teha. Foto: Sirje Madisson<\/p><\/div>\n<div id=\"attachment_14611\" style=\"width: 1610px\" class=\"wp-caption aligncenter\"><a href=\"https:\/\/blog.erm.ee\/wp-content\/uploads\/2021\/04\/IMG_8468.jpg\"><img loading=\"lazy\" decoding=\"async\" aria-describedby=\"caption-attachment-14611\" data-attachment-id=\"14611\" data-permalink=\"https:\/\/blog.erm.ee\/?attachment_id=14611#main\" data-orig-file=\"https:\/\/blog.erm.ee\/wp-content\/uploads\/2021\/04\/IMG_8468.jpg\" data-orig-size=\"1600,1200\" data-comments-opened=\"1\" data-image-meta=\"{&quot;aperture&quot;:&quot;2&quot;,&quot;credit&quot;:&quot;&quot;,&quot;camera&quot;:&quot;Canon PowerShot S95&quot;,&quot;caption&quot;:&quot;&quot;,&quot;created_timestamp&quot;:&quot;1513533296&quot;,&quot;copyright&quot;:&quot;&quot;,&quot;focal_length&quot;:&quot;6&quot;,&quot;iso&quot;:&quot;400&quot;,&quot;shutter_speed&quot;:&quot;0.033333333333333&quot;,&quot;title&quot;:&quot;&quot;,&quot;orientation&quot;:&quot;1&quot;}\" data-image-title=\"IMG_8468\" data-image-description=\"\" data-image-caption=\"\" data-large-file=\"https:\/\/blog.erm.ee\/wp-content\/uploads\/2021\/04\/IMG_8468-1024x768.jpg\" class=\"wp-image-14611 size-full\" src=\"https:\/\/blog.erm.ee\/wp-content\/uploads\/2021\/04\/IMG_8468.jpg\" alt=\"\" width=\"1600\" height=\"1200\" srcset=\"https:\/\/blog.erm.ee\/wp-content\/uploads\/2021\/04\/IMG_8468.jpg 1600w, https:\/\/blog.erm.ee\/wp-content\/uploads\/2021\/04\/IMG_8468-300x225.jpg 300w, https:\/\/blog.erm.ee\/wp-content\/uploads\/2021\/04\/IMG_8468-1024x768.jpg 1024w, https:\/\/blog.erm.ee\/wp-content\/uploads\/2021\/04\/IMG_8468-347x260.jpg 347w, https:\/\/blog.erm.ee\/wp-content\/uploads\/2021\/04\/IMG_8468-768x576.jpg 768w, https:\/\/blog.erm.ee\/wp-content\/uploads\/2021\/04\/IMG_8468-1536x1152.jpg 1536w\" sizes=\"auto, (max-width: 1600px) 100vw, 1600px\" \/><\/a><p id=\"caption-attachment-14611\" class=\"wp-caption-text\">Saatuse tahtel kohtuvad Itaalias noor-eestlased Tungal, kes on ilmselt Friedebert Tuglas (T\u00f5nis), ja Tubak ehk siis Gustav Suits (Anti). Nii palju on vaeva n\u00e4htud, et saada eurooplasteks, kas oleks aeg j\u00e4lle eestlaseks saada? Selles on k\u00fcsimus. Foto: Sirje Madisson<\/p><\/div>\n<div id=\"attachment_14612\" style=\"width: 1610px\" class=\"wp-caption aligncenter\"><a href=\"https:\/\/blog.erm.ee\/wp-content\/uploads\/2021\/04\/IMG_8479.jpg\"><img loading=\"lazy\" decoding=\"async\" aria-describedby=\"caption-attachment-14612\" data-attachment-id=\"14612\" data-permalink=\"https:\/\/blog.erm.ee\/?attachment_id=14612#main\" data-orig-file=\"https:\/\/blog.erm.ee\/wp-content\/uploads\/2021\/04\/IMG_8479.jpg\" data-orig-size=\"1600,1200\" data-comments-opened=\"1\" data-image-meta=\"{&quot;aperture&quot;:&quot;2.2&quot;,&quot;credit&quot;:&quot;&quot;,&quot;camera&quot;:&quot;Canon PowerShot S95&quot;,&quot;caption&quot;:&quot;&quot;,&quot;created_timestamp&quot;:&quot;1513534225&quot;,&quot;copyright&quot;:&quot;&quot;,&quot;focal_length&quot;:&quot;6&quot;,&quot;iso&quot;:&quot;400&quot;,&quot;shutter_speed&quot;:&quot;0.016666666666667&quot;,&quot;title&quot;:&quot;&quot;,&quot;orientation&quot;:&quot;1&quot;}\" data-image-title=\"IMG_8479\" data-image-description=\"\" data-image-caption=\"\" data-large-file=\"https:\/\/blog.erm.ee\/wp-content\/uploads\/2021\/04\/IMG_8479-1024x768.jpg\" class=\"wp-image-14612 size-full\" src=\"https:\/\/blog.erm.ee\/wp-content\/uploads\/2021\/04\/IMG_8479.jpg\" alt=\"\" width=\"1600\" height=\"1200\" srcset=\"https:\/\/blog.erm.ee\/wp-content\/uploads\/2021\/04\/IMG_8479.jpg 1600w, https:\/\/blog.erm.ee\/wp-content\/uploads\/2021\/04\/IMG_8479-300x225.jpg 300w, https:\/\/blog.erm.ee\/wp-content\/uploads\/2021\/04\/IMG_8479-1024x768.jpg 1024w, https:\/\/blog.erm.ee\/wp-content\/uploads\/2021\/04\/IMG_8479-347x260.jpg 347w, https:\/\/blog.erm.ee\/wp-content\/uploads\/2021\/04\/IMG_8479-768x576.jpg 768w, https:\/\/blog.erm.ee\/wp-content\/uploads\/2021\/04\/IMG_8479-1536x1152.jpg 1536w\" sizes=\"auto, (max-width: 1600px) 100vw, 1600px\" \/><\/a><p id=\"caption-attachment-14612\" class=\"wp-caption-text\">V\u00e4ike pilt m\u00e4lestuseks Garibaldi m\u00e4lestussamba ees. Esireas vasakult Cara (Reet), Barigaldi (\u00dclle), Anita (Kaari) ja Tungal (T\u00f5nis), tagareas Tubak (Anti), Ottilie (Tuuli) ja Leonore (Aire). Ja j\u00e4lle on k\u00f5ik alles ees. Foto: Sirje Madisson<\/p><\/div>\n<div id=\"attachment_14613\" style=\"width: 1610px\" class=\"wp-caption aligncenter\"><a href=\"https:\/\/blog.erm.ee\/wp-content\/uploads\/2021\/04\/IMG_8537.jpg\"><img loading=\"lazy\" decoding=\"async\" aria-describedby=\"caption-attachment-14613\" data-attachment-id=\"14613\" data-permalink=\"https:\/\/blog.erm.ee\/?attachment_id=14613#main\" data-orig-file=\"https:\/\/blog.erm.ee\/wp-content\/uploads\/2021\/04\/IMG_8537.jpg\" data-orig-size=\"1600,1200\" data-comments-opened=\"1\" data-image-meta=\"{&quot;aperture&quot;:&quot;2&quot;,&quot;credit&quot;:&quot;&quot;,&quot;camera&quot;:&quot;Canon PowerShot S95&quot;,&quot;caption&quot;:&quot;&quot;,&quot;created_timestamp&quot;:&quot;1513542889&quot;,&quot;copyright&quot;:&quot;&quot;,&quot;focal_length&quot;:&quot;6&quot;,&quot;iso&quot;:&quot;400&quot;,&quot;shutter_speed&quot;:&quot;0.025&quot;,&quot;title&quot;:&quot;&quot;,&quot;orientation&quot;:&quot;1&quot;}\" data-image-title=\"IMG_8537\" data-image-description=\"\" data-image-caption=\"\" data-large-file=\"https:\/\/blog.erm.ee\/wp-content\/uploads\/2021\/04\/IMG_8537-1024x768.jpg\" class=\"wp-image-14613 size-full\" src=\"https:\/\/blog.erm.ee\/wp-content\/uploads\/2021\/04\/IMG_8537.jpg\" alt=\"\" width=\"1600\" height=\"1200\" srcset=\"https:\/\/blog.erm.ee\/wp-content\/uploads\/2021\/04\/IMG_8537.jpg 1600w, https:\/\/blog.erm.ee\/wp-content\/uploads\/2021\/04\/IMG_8537-300x225.jpg 300w, https:\/\/blog.erm.ee\/wp-content\/uploads\/2021\/04\/IMG_8537-1024x768.jpg 1024w, https:\/\/blog.erm.ee\/wp-content\/uploads\/2021\/04\/IMG_8537-347x260.jpg 347w, https:\/\/blog.erm.ee\/wp-content\/uploads\/2021\/04\/IMG_8537-768x576.jpg 768w, https:\/\/blog.erm.ee\/wp-content\/uploads\/2021\/04\/IMG_8537-1536x1152.jpg 1536w\" sizes=\"auto, (max-width: 1600px) 100vw, 1600px\" \/><\/a><p id=\"caption-attachment-14613\" class=\"wp-caption-text\">Kohe algab meteoriidisadu. \u00c4rge kartke, sest taevast sajab ju k\u00f5ikse aeg kive. Foto: Sirje Madisson<\/p><\/div>\n<p style=\"text-align: justify;\">Esimesel etendusel ERMi uues kodus, <strong>aasta oli siis 2016<\/strong>, m\u00f5tiskles oma elu \u00fcle Leemet \u2013 viimane mees, kes m\u00f5istis ussis\u00f5nu, mille abil v\u00e4gevaid abilisi h\u00f5imule appi kutsuda. Vanast ja v\u00f5imsast metsarahvast on saanud abitud k\u00fclaelanikud, muistsete aegade teadmised ja oskused on unustusse vajunud.<\/p>\n<div id=\"attachment_14614\" style=\"width: 1010px\" class=\"wp-caption aligncenter\"><a href=\"https:\/\/blog.erm.ee\/wp-content\/uploads\/2021\/04\/IMG_7011.jpg\"><img loading=\"lazy\" decoding=\"async\" aria-describedby=\"caption-attachment-14614\" data-attachment-id=\"14614\" data-permalink=\"https:\/\/blog.erm.ee\/?attachment_id=14614#main\" data-orig-file=\"https:\/\/blog.erm.ee\/wp-content\/uploads\/2021\/04\/IMG_7011.jpg\" data-orig-size=\"1000,750\" data-comments-opened=\"1\" data-image-meta=\"{&quot;aperture&quot;:&quot;2&quot;,&quot;credit&quot;:&quot;&quot;,&quot;camera&quot;:&quot;Canon PowerShot S95&quot;,&quot;caption&quot;:&quot;&quot;,&quot;created_timestamp&quot;:&quot;1482435701&quot;,&quot;copyright&quot;:&quot;&quot;,&quot;focal_length&quot;:&quot;6&quot;,&quot;iso&quot;:&quot;250&quot;,&quot;shutter_speed&quot;:&quot;0.125&quot;,&quot;title&quot;:&quot;&quot;,&quot;orientation&quot;:&quot;1&quot;}\" data-image-title=\"IMG_7011\" data-image-description=\"\" data-image-caption=\"\" data-large-file=\"https:\/\/blog.erm.ee\/wp-content\/uploads\/2021\/04\/IMG_7011.jpg\" class=\"wp-image-14614 size-full\" src=\"https:\/\/blog.erm.ee\/wp-content\/uploads\/2021\/04\/IMG_7011.jpg\" alt=\"\" width=\"1000\" height=\"750\" srcset=\"https:\/\/blog.erm.ee\/wp-content\/uploads\/2021\/04\/IMG_7011.jpg 1000w, https:\/\/blog.erm.ee\/wp-content\/uploads\/2021\/04\/IMG_7011-300x225.jpg 300w, https:\/\/blog.erm.ee\/wp-content\/uploads\/2021\/04\/IMG_7011-347x260.jpg 347w, https:\/\/blog.erm.ee\/wp-content\/uploads\/2021\/04\/IMG_7011-768x576.jpg 768w\" sizes=\"auto, (max-width: 1000px) 100vw, 1000px\" \/><\/a><p id=\"caption-attachment-14614\" class=\"wp-caption-text\">Vootele (Viljar) r\u00e4\u00e4gib Leemetile (Tiit) legendi rahva kaitsjast P\u00f5hja Konnast. Foto: Sirje Madisson<\/p><\/div>\n<div id=\"attachment_14615\" style=\"width: 1610px\" class=\"wp-caption aligncenter\"><a href=\"https:\/\/blog.erm.ee\/wp-content\/uploads\/2021\/04\/IMG_7037.jpg\"><img loading=\"lazy\" decoding=\"async\" aria-describedby=\"caption-attachment-14615\" data-attachment-id=\"14615\" data-permalink=\"https:\/\/blog.erm.ee\/?attachment_id=14615#main\" data-orig-file=\"https:\/\/blog.erm.ee\/wp-content\/uploads\/2021\/04\/IMG_7037.jpg\" data-orig-size=\"1600,1201\" data-comments-opened=\"1\" data-image-meta=\"{&quot;aperture&quot;:&quot;2&quot;,&quot;credit&quot;:&quot;&quot;,&quot;camera&quot;:&quot;Canon PowerShot S95&quot;,&quot;caption&quot;:&quot;&quot;,&quot;created_timestamp&quot;:&quot;1482437274&quot;,&quot;copyright&quot;:&quot;&quot;,&quot;focal_length&quot;:&quot;6&quot;,&quot;iso&quot;:&quot;250&quot;,&quot;shutter_speed&quot;:&quot;0.066666666666667&quot;,&quot;title&quot;:&quot;&quot;,&quot;orientation&quot;:&quot;1&quot;}\" data-image-title=\"IMG_7037\" data-image-description=\"\" data-image-caption=\"\" data-large-file=\"https:\/\/blog.erm.ee\/wp-content\/uploads\/2021\/04\/IMG_7037-1024x769.jpg\" class=\"wp-image-14615 size-full\" src=\"https:\/\/blog.erm.ee\/wp-content\/uploads\/2021\/04\/IMG_7037.jpg\" alt=\"\" width=\"1600\" height=\"1201\" srcset=\"https:\/\/blog.erm.ee\/wp-content\/uploads\/2021\/04\/IMG_7037.jpg 1600w, https:\/\/blog.erm.ee\/wp-content\/uploads\/2021\/04\/IMG_7037-300x225.jpg 300w, https:\/\/blog.erm.ee\/wp-content\/uploads\/2021\/04\/IMG_7037-1024x769.jpg 1024w, https:\/\/blog.erm.ee\/wp-content\/uploads\/2021\/04\/IMG_7037-346x260.jpg 346w, https:\/\/blog.erm.ee\/wp-content\/uploads\/2021\/04\/IMG_7037-768x576.jpg 768w, https:\/\/blog.erm.ee\/wp-content\/uploads\/2021\/04\/IMG_7037-1536x1153.jpg 1536w\" sizes=\"auto, (max-width: 1600px) 100vw, 1600px\" \/><\/a><p id=\"caption-attachment-14615\" class=\"wp-caption-text\">Leemet p\u00e4\u00e4stab Hiie (Kaari), keda tahetakes metshaldjatele ohverdada. Nad s\u00f5uavad saarele. Foto: Sirje Madisson<\/p><\/div>\n<div id=\"attachment_14616\" style=\"width: 1610px\" class=\"wp-caption aligncenter\"><a href=\"https:\/\/blog.erm.ee\/wp-content\/uploads\/2021\/04\/IMG_7041.jpg\"><img loading=\"lazy\" decoding=\"async\" aria-describedby=\"caption-attachment-14616\" data-attachment-id=\"14616\" data-permalink=\"https:\/\/blog.erm.ee\/?attachment_id=14616#main\" data-orig-file=\"https:\/\/blog.erm.ee\/wp-content\/uploads\/2021\/04\/IMG_7041.jpg\" data-orig-size=\"1600,1201\" data-comments-opened=\"1\" data-image-meta=\"{&quot;aperture&quot;:&quot;2&quot;,&quot;credit&quot;:&quot;&quot;,&quot;camera&quot;:&quot;Canon PowerShot S95&quot;,&quot;caption&quot;:&quot;&quot;,&quot;created_timestamp&quot;:&quot;1482437433&quot;,&quot;copyright&quot;:&quot;&quot;,&quot;focal_length&quot;:&quot;6&quot;,&quot;iso&quot;:&quot;250&quot;,&quot;shutter_speed&quot;:&quot;0.066666666666667&quot;,&quot;title&quot;:&quot;&quot;,&quot;orientation&quot;:&quot;1&quot;}\" data-image-title=\"IMG_7041\" data-image-description=\"\" data-image-caption=\"\" data-large-file=\"https:\/\/blog.erm.ee\/wp-content\/uploads\/2021\/04\/IMG_7041-1024x769.jpg\" class=\"wp-image-14616 size-full\" src=\"https:\/\/blog.erm.ee\/wp-content\/uploads\/2021\/04\/IMG_7041.jpg\" alt=\"\" width=\"1600\" height=\"1201\" srcset=\"https:\/\/blog.erm.ee\/wp-content\/uploads\/2021\/04\/IMG_7041.jpg 1600w, https:\/\/blog.erm.ee\/wp-content\/uploads\/2021\/04\/IMG_7041-300x225.jpg 300w, https:\/\/blog.erm.ee\/wp-content\/uploads\/2021\/04\/IMG_7041-1024x769.jpg 1024w, https:\/\/blog.erm.ee\/wp-content\/uploads\/2021\/04\/IMG_7041-346x260.jpg 346w, https:\/\/blog.erm.ee\/wp-content\/uploads\/2021\/04\/IMG_7041-768x576.jpg 768w, https:\/\/blog.erm.ee\/wp-content\/uploads\/2021\/04\/IMG_7041-1536x1153.jpg 1536w\" sizes=\"auto, (max-width: 1600px) 100vw, 1600px\" \/><\/a><p id=\"caption-attachment-14616\" class=\"wp-caption-text\">Saarel kohtuvad Leemet ja Hiie vanaisa T\u00f6lpiga (Kristjan), kes t\u00e4nu ussis\u00f5nadele on surmast p\u00e4\u00e4senud ning kaitseb n\u00fc\u00fcd saart r\u00fc\u00fctlite, munkade jm r\u00e4mpsu eest ja ehitab kontidest tiibu. Foto: Sirje Madisson<\/p><\/div>\n<p>&nbsp;<\/p>\n<div id=\"attachment_14617\" style=\"width: 1010px\" class=\"wp-caption aligncenter\"><a href=\"https:\/\/blog.erm.ee\/wp-content\/uploads\/2021\/04\/IMG_7060.jpg\"><img loading=\"lazy\" decoding=\"async\" aria-describedby=\"caption-attachment-14617\" data-attachment-id=\"14617\" data-permalink=\"https:\/\/blog.erm.ee\/?attachment_id=14617#main\" data-orig-file=\"https:\/\/blog.erm.ee\/wp-content\/uploads\/2021\/04\/IMG_7060.jpg\" data-orig-size=\"1000,750\" data-comments-opened=\"1\" data-image-meta=\"{&quot;aperture&quot;:&quot;2&quot;,&quot;credit&quot;:&quot;&quot;,&quot;camera&quot;:&quot;Canon PowerShot S95&quot;,&quot;caption&quot;:&quot;&quot;,&quot;created_timestamp&quot;:&quot;1482438614&quot;,&quot;copyright&quot;:&quot;&quot;,&quot;focal_length&quot;:&quot;6&quot;,&quot;iso&quot;:&quot;250&quot;,&quot;shutter_speed&quot;:&quot;0.04&quot;,&quot;title&quot;:&quot;&quot;,&quot;orientation&quot;:&quot;1&quot;}\" data-image-title=\"IMG_7060\" data-image-description=\"\" data-image-caption=\"\" data-large-file=\"https:\/\/blog.erm.ee\/wp-content\/uploads\/2021\/04\/IMG_7060.jpg\" class=\"wp-image-14617 size-full\" src=\"https:\/\/blog.erm.ee\/wp-content\/uploads\/2021\/04\/IMG_7060.jpg\" alt=\"\" width=\"1000\" height=\"750\" srcset=\"https:\/\/blog.erm.ee\/wp-content\/uploads\/2021\/04\/IMG_7060.jpg 1000w, https:\/\/blog.erm.ee\/wp-content\/uploads\/2021\/04\/IMG_7060-300x225.jpg 300w, https:\/\/blog.erm.ee\/wp-content\/uploads\/2021\/04\/IMG_7060-347x260.jpg 347w, https:\/\/blog.erm.ee\/wp-content\/uploads\/2021\/04\/IMG_7060-768x576.jpg 768w\" sizes=\"auto, (max-width: 1000px) 100vw, 1000px\" \/><\/a><p id=\"caption-attachment-14617\" class=\"wp-caption-text\">Meeme (Indrek, keskel ussiga) p\u00e4randab Leemetile P\u00f5hja Konna valvuri ameti. Foto: Sirje Madisson<\/p><\/div>\n<div id=\"attachment_14618\" style=\"width: 760px\" class=\"wp-caption aligncenter\"><a href=\"https:\/\/blog.erm.ee\/wp-content\/uploads\/2021\/04\/IMG_7064.jpg\"><img loading=\"lazy\" decoding=\"async\" aria-describedby=\"caption-attachment-14618\" data-attachment-id=\"14618\" data-permalink=\"https:\/\/blog.erm.ee\/?attachment_id=14618#main\" data-orig-file=\"https:\/\/blog.erm.ee\/wp-content\/uploads\/2021\/04\/IMG_7064.jpg\" data-orig-size=\"750,1000\" data-comments-opened=\"1\" data-image-meta=\"{&quot;aperture&quot;:&quot;2&quot;,&quot;credit&quot;:&quot;&quot;,&quot;camera&quot;:&quot;Canon PowerShot S95&quot;,&quot;caption&quot;:&quot;&quot;,&quot;created_timestamp&quot;:&quot;1482438644&quot;,&quot;copyright&quot;:&quot;&quot;,&quot;focal_length&quot;:&quot;6&quot;,&quot;iso&quot;:&quot;250&quot;,&quot;shutter_speed&quot;:&quot;0.025&quot;,&quot;title&quot;:&quot;&quot;,&quot;orientation&quot;:&quot;1&quot;}\" data-image-title=\"IMG_7064\" data-image-description=\"\" data-image-caption=\"\" data-large-file=\"https:\/\/blog.erm.ee\/wp-content\/uploads\/2021\/04\/IMG_7064.jpg\" class=\"wp-image-14618 size-full\" src=\"https:\/\/blog.erm.ee\/wp-content\/uploads\/2021\/04\/IMG_7064.jpg\" alt=\"\" width=\"750\" height=\"1000\" srcset=\"https:\/\/blog.erm.ee\/wp-content\/uploads\/2021\/04\/IMG_7064.jpg 750w, https:\/\/blog.erm.ee\/wp-content\/uploads\/2021\/04\/IMG_7064-225x300.jpg 225w, https:\/\/blog.erm.ee\/wp-content\/uploads\/2021\/04\/IMG_7064-195x260.jpg 195w\" sizes=\"auto, (max-width: 750px) 100vw, 750px\" \/><\/a><p id=\"caption-attachment-14618\" class=\"wp-caption-text\">Me tegime seda j\u00e4lle! Foto: Sirje Madisson<\/p><\/div>\n<p style=\"text-align: justify;\">Andrus Kivir\u00e4hk ERMi teatrile meili teel 20. 12.2016: \u201eEks see ole p\u00e4ris korralik julgust\u00fckk \u201eUssis\u00f5nu\u201c lavale tuua, aga soovin igal juhul edu!\u201c<\/p>\n<p style=\"text-align: justify;\"><strong>2015. aastal<\/strong> toimus viimane etendus vanas majas enne seda, kui ERMi teater suundus koos teiste ermikatega muuseumi uude koju. Andrus Kivir\u00e4ha n\u00e4idend \u201eVassiljev ja Bub\u00f5r ta tegid siia\u201c on p\u00fchendatud teise m\u00e4rgilise hoone, Eesti Draamateatri valmimise 100. aastap\u00e4evale.<\/p>\n<div id=\"attachment_14620\" style=\"width: 1610px\" class=\"wp-caption aligncenter\"><a href=\"https:\/\/blog.erm.ee\/wp-content\/uploads\/2021\/04\/IMG_5168.jpg\"><img loading=\"lazy\" decoding=\"async\" aria-describedby=\"caption-attachment-14620\" data-attachment-id=\"14620\" data-permalink=\"https:\/\/blog.erm.ee\/?attachment_id=14620#main\" data-orig-file=\"https:\/\/blog.erm.ee\/wp-content\/uploads\/2021\/04\/IMG_5168.jpg\" data-orig-size=\"1600,1200\" data-comments-opened=\"1\" data-image-meta=\"{&quot;aperture&quot;:&quot;2&quot;,&quot;credit&quot;:&quot;&quot;,&quot;camera&quot;:&quot;Canon PowerShot S95&quot;,&quot;caption&quot;:&quot;&quot;,&quot;created_timestamp&quot;:&quot;1450378806&quot;,&quot;copyright&quot;:&quot;&quot;,&quot;focal_length&quot;:&quot;6&quot;,&quot;iso&quot;:&quot;400&quot;,&quot;shutter_speed&quot;:&quot;0.033333333333333&quot;,&quot;title&quot;:&quot;&quot;,&quot;orientation&quot;:&quot;1&quot;}\" data-image-title=\"IMG_5168\" data-image-description=\"\" data-image-caption=\"\" data-large-file=\"https:\/\/blog.erm.ee\/wp-content\/uploads\/2021\/04\/IMG_5168-1024x768.jpg\" class=\"wp-image-14620 size-full\" src=\"https:\/\/blog.erm.ee\/wp-content\/uploads\/2021\/04\/IMG_5168.jpg\" alt=\"\" width=\"1600\" height=\"1200\" srcset=\"https:\/\/blog.erm.ee\/wp-content\/uploads\/2021\/04\/IMG_5168.jpg 1600w, https:\/\/blog.erm.ee\/wp-content\/uploads\/2021\/04\/IMG_5168-300x225.jpg 300w, https:\/\/blog.erm.ee\/wp-content\/uploads\/2021\/04\/IMG_5168-1024x768.jpg 1024w, https:\/\/blog.erm.ee\/wp-content\/uploads\/2021\/04\/IMG_5168-347x260.jpg 347w, https:\/\/blog.erm.ee\/wp-content\/uploads\/2021\/04\/IMG_5168-768x576.jpg 768w, https:\/\/blog.erm.ee\/wp-content\/uploads\/2021\/04\/IMG_5168-1536x1152.jpg 1536w\" sizes=\"auto, (max-width: 1600px) 100vw, 1600px\" \/><\/a><p id=\"caption-attachment-14620\" class=\"wp-caption-text\">Arhitektid Vassiljev (Mihkel) ja Bub\u00f5r (Viljar) kohtuvad von Bockiga (Rein), kes teeb ettepaneku Margareeta (Age) valmiva teatri seina sisse m\u00fc\u00fcrida \u2013 ingliks saksa rahva uuestis\u00fcnni templile. Margareeta on asjaga p\u00e4ri, kui ta saab luigekesi ja vesiroosikesi edasi tikkida. Foto: Sirje Madisson<\/p><\/div>\n<div id=\"attachment_14621\" style=\"width: 1610px\" class=\"wp-caption aligncenter\"><a href=\"https:\/\/blog.erm.ee\/wp-content\/uploads\/2021\/04\/IMG_5181.jpg\"><img loading=\"lazy\" decoding=\"async\" aria-describedby=\"caption-attachment-14621\" data-attachment-id=\"14621\" data-permalink=\"https:\/\/blog.erm.ee\/?attachment_id=14621#main\" data-orig-file=\"https:\/\/blog.erm.ee\/wp-content\/uploads\/2021\/04\/IMG_5181.jpg\" data-orig-size=\"1600,1200\" data-comments-opened=\"1\" data-image-meta=\"{&quot;aperture&quot;:&quot;2&quot;,&quot;credit&quot;:&quot;&quot;,&quot;camera&quot;:&quot;Canon PowerShot S95&quot;,&quot;caption&quot;:&quot;&quot;,&quot;created_timestamp&quot;:&quot;1450380771&quot;,&quot;copyright&quot;:&quot;&quot;,&quot;focal_length&quot;:&quot;6&quot;,&quot;iso&quot;:&quot;500&quot;,&quot;shutter_speed&quot;:&quot;0.033333333333333&quot;,&quot;title&quot;:&quot;&quot;,&quot;orientation&quot;:&quot;1&quot;}\" data-image-title=\"IMG_5181\" data-image-description=\"\" data-image-caption=\"\" data-large-file=\"https:\/\/blog.erm.ee\/wp-content\/uploads\/2021\/04\/IMG_5181-1024x768.jpg\" class=\"wp-image-14621 size-full\" src=\"https:\/\/blog.erm.ee\/wp-content\/uploads\/2021\/04\/IMG_5181.jpg\" alt=\"\" width=\"1600\" height=\"1200\" srcset=\"https:\/\/blog.erm.ee\/wp-content\/uploads\/2021\/04\/IMG_5181.jpg 1600w, https:\/\/blog.erm.ee\/wp-content\/uploads\/2021\/04\/IMG_5181-300x225.jpg 300w, https:\/\/blog.erm.ee\/wp-content\/uploads\/2021\/04\/IMG_5181-1024x768.jpg 1024w, https:\/\/blog.erm.ee\/wp-content\/uploads\/2021\/04\/IMG_5181-347x260.jpg 347w, https:\/\/blog.erm.ee\/wp-content\/uploads\/2021\/04\/IMG_5181-768x576.jpg 768w, https:\/\/blog.erm.ee\/wp-content\/uploads\/2021\/04\/IMG_5181-1536x1152.jpg 1536w\" sizes=\"auto, (max-width: 1600px) 100vw, 1600px\" \/><\/a><p id=\"caption-attachment-14621\" class=\"wp-caption-text\">Traagiline finaal. Sakslased Siegfrid (Henri) on ennast m\u00f5\u00f5gaga l\u00e4bi torganud, tema pruut Margareta (Age) v\u00f5ttis m\u00fcrki, M\u00fcller (Tiit) sai s\u00fcdamerabanduse ja kohe laseb Von Bock (Rein) ennast maha, sest keegi on tema vanaisa v\u00f5luhabeme \u00e4ra l\u00f5iganud. Minevik on m\u00f6\u00f6da saanud, uued tulijad saavad alustada puhtalt lehelt ja ehitada saksa teatri asemele eesti oma teatri. Seda siis rahvale, kellel ei ole veel oma riikigi, aga kelle p\u00e4ralt on tulevik. Foto: Sirje Madisson<\/p><\/div>\n<div id=\"attachment_14622\" style=\"width: 1610px\" class=\"wp-caption aligncenter\"><a href=\"https:\/\/blog.erm.ee\/wp-content\/uploads\/2021\/04\/IMG_5189.jpg\"><img loading=\"lazy\" decoding=\"async\" aria-describedby=\"caption-attachment-14622\" data-attachment-id=\"14622\" data-permalink=\"https:\/\/blog.erm.ee\/?attachment_id=14622#main\" data-orig-file=\"https:\/\/blog.erm.ee\/wp-content\/uploads\/2021\/04\/IMG_5189.jpg\" data-orig-size=\"1600,1200\" data-comments-opened=\"1\" data-image-meta=\"{&quot;aperture&quot;:&quot;2&quot;,&quot;credit&quot;:&quot;&quot;,&quot;camera&quot;:&quot;Canon PowerShot S95&quot;,&quot;caption&quot;:&quot;&quot;,&quot;created_timestamp&quot;:&quot;1450381101&quot;,&quot;copyright&quot;:&quot;&quot;,&quot;focal_length&quot;:&quot;6&quot;,&quot;iso&quot;:&quot;800&quot;,&quot;shutter_speed&quot;:&quot;0.02&quot;,&quot;title&quot;:&quot;&quot;,&quot;orientation&quot;:&quot;1&quot;}\" data-image-title=\"IMG_5189\" data-image-description=\"\" data-image-caption=\"\" data-large-file=\"https:\/\/blog.erm.ee\/wp-content\/uploads\/2021\/04\/IMG_5189-1024x768.jpg\" class=\"wp-image-14622 size-full\" src=\"https:\/\/blog.erm.ee\/wp-content\/uploads\/2021\/04\/IMG_5189.jpg\" alt=\"\" width=\"1600\" height=\"1200\" srcset=\"https:\/\/blog.erm.ee\/wp-content\/uploads\/2021\/04\/IMG_5189.jpg 1600w, https:\/\/blog.erm.ee\/wp-content\/uploads\/2021\/04\/IMG_5189-300x225.jpg 300w, https:\/\/blog.erm.ee\/wp-content\/uploads\/2021\/04\/IMG_5189-1024x768.jpg 1024w, https:\/\/blog.erm.ee\/wp-content\/uploads\/2021\/04\/IMG_5189-347x260.jpg 347w, https:\/\/blog.erm.ee\/wp-content\/uploads\/2021\/04\/IMG_5189-768x576.jpg 768w, https:\/\/blog.erm.ee\/wp-content\/uploads\/2021\/04\/IMG_5189-1536x1152.jpg 1536w\" sizes=\"auto, (max-width: 1600px) 100vw, 1600px\" \/><\/a><p id=\"caption-attachment-14622\" class=\"wp-caption-text\">J\u00e4rgmine etendus on juba p\u00e4ris laval! Foto: Sirje Madisson<\/p><\/div>\n<div id=\"attachment_14623\" style=\"width: 1610px\" class=\"wp-caption aligncenter\"><a href=\"https:\/\/blog.erm.ee\/wp-content\/uploads\/2021\/04\/IMG_5126.jpg\"><img loading=\"lazy\" decoding=\"async\" aria-describedby=\"caption-attachment-14623\" data-attachment-id=\"14623\" data-permalink=\"https:\/\/blog.erm.ee\/?attachment_id=14623#main\" data-orig-file=\"https:\/\/blog.erm.ee\/wp-content\/uploads\/2021\/04\/IMG_5126.jpg\" data-orig-size=\"1600,1200\" data-comments-opened=\"1\" data-image-meta=\"{&quot;aperture&quot;:&quot;2&quot;,&quot;credit&quot;:&quot;&quot;,&quot;camera&quot;:&quot;Canon PowerShot S95&quot;,&quot;caption&quot;:&quot;&quot;,&quot;created_timestamp&quot;:&quot;1450368124&quot;,&quot;copyright&quot;:&quot;&quot;,&quot;focal_length&quot;:&quot;6&quot;,&quot;iso&quot;:&quot;640&quot;,&quot;shutter_speed&quot;:&quot;0.033333333333333&quot;,&quot;title&quot;:&quot;&quot;,&quot;orientation&quot;:&quot;1&quot;}\" data-image-title=\"IMG_5126\" data-image-description=\"\" data-image-caption=\"\" data-large-file=\"https:\/\/blog.erm.ee\/wp-content\/uploads\/2021\/04\/IMG_5126-1024x768.jpg\" class=\"wp-image-14623 size-full\" src=\"https:\/\/blog.erm.ee\/wp-content\/uploads\/2021\/04\/IMG_5126.jpg\" alt=\"\" width=\"1600\" height=\"1200\" srcset=\"https:\/\/blog.erm.ee\/wp-content\/uploads\/2021\/04\/IMG_5126.jpg 1600w, https:\/\/blog.erm.ee\/wp-content\/uploads\/2021\/04\/IMG_5126-300x225.jpg 300w, https:\/\/blog.erm.ee\/wp-content\/uploads\/2021\/04\/IMG_5126-1024x768.jpg 1024w, https:\/\/blog.erm.ee\/wp-content\/uploads\/2021\/04\/IMG_5126-347x260.jpg 347w, https:\/\/blog.erm.ee\/wp-content\/uploads\/2021\/04\/IMG_5126-768x576.jpg 768w, https:\/\/blog.erm.ee\/wp-content\/uploads\/2021\/04\/IMG_5126-1536x1152.jpg 1536w\" sizes=\"auto, (max-width: 1600px) 100vw, 1600px\" \/><\/a><p id=\"caption-attachment-14623\" class=\"wp-caption-text\">Lugupeetud publik sai meenutuseks heita pilgu ERMi teatri viimase 10 aasta kavalehtedele. Foto: Sirje Madisson<\/p><\/div>\n<p><strong>Ilma publiku toetuseta ime ei s\u00fcnni<\/strong><\/p>\n<p style=\"text-align: justify;\">Ja nii me siis tegutseme raugematu hooga edasi, abiliseks asjatundlik publik kallite kolleegide n\u00e4ol, kes on alati truult kohal, kui oma lava puudumisel on etendused toimunud Raadi m\u00f5isa j\u00e4\u00e4keldris, ERMi n\u00e4itusemaja loengusaalis, p\u00fcsin\u00e4itusel v\u00f5i Saksa Kultuuri Instituudis. Teater s\u00fcnnib seal, kus publik ja n\u00e4itlejad kokku saavad. Nii lihtne see ongi.<\/p>\n<div id=\"attachment_14624\" style=\"width: 1210px\" class=\"wp-caption aligncenter\"><a href=\"https:\/\/blog.erm.ee\/wp-content\/uploads\/2021\/04\/IMG_3068.jpg\"><img loading=\"lazy\" decoding=\"async\" aria-describedby=\"caption-attachment-14624\" data-attachment-id=\"14624\" data-permalink=\"https:\/\/blog.erm.ee\/?attachment_id=14624#main\" data-orig-file=\"https:\/\/blog.erm.ee\/wp-content\/uploads\/2021\/04\/IMG_3068.jpg\" data-orig-size=\"1200,1600\" data-comments-opened=\"1\" data-image-meta=\"{&quot;aperture&quot;:&quot;2&quot;,&quot;credit&quot;:&quot;&quot;,&quot;camera&quot;:&quot;Canon PowerShot S95&quot;,&quot;caption&quot;:&quot;&quot;,&quot;created_timestamp&quot;:&quot;1418830949&quot;,&quot;copyright&quot;:&quot;&quot;,&quot;focal_length&quot;:&quot;6&quot;,&quot;iso&quot;:&quot;320&quot;,&quot;shutter_speed&quot;:&quot;0.066666666666667&quot;,&quot;title&quot;:&quot;&quot;,&quot;orientation&quot;:&quot;1&quot;}\" data-image-title=\"IMG_3068\" data-image-description=\"\" data-image-caption=\"\" data-large-file=\"https:\/\/blog.erm.ee\/wp-content\/uploads\/2021\/04\/IMG_3068-768x1024.jpg\" class=\"wp-image-14624 size-full\" src=\"https:\/\/blog.erm.ee\/wp-content\/uploads\/2021\/04\/IMG_3068.jpg\" alt=\"\" width=\"1200\" height=\"1600\" srcset=\"https:\/\/blog.erm.ee\/wp-content\/uploads\/2021\/04\/IMG_3068.jpg 1200w, https:\/\/blog.erm.ee\/wp-content\/uploads\/2021\/04\/IMG_3068-225x300.jpg 225w, https:\/\/blog.erm.ee\/wp-content\/uploads\/2021\/04\/IMG_3068-768x1024.jpg 768w, https:\/\/blog.erm.ee\/wp-content\/uploads\/2021\/04\/IMG_3068-195x260.jpg 195w, https:\/\/blog.erm.ee\/wp-content\/uploads\/2021\/04\/IMG_3068-1152x1536.jpg 1152w\" sizes=\"auto, (max-width: 1200px) 100vw, 1200px\" \/><\/a><p id=\"caption-attachment-14624\" class=\"wp-caption-text\">18.12.2014 Etenduses \u201eValged daamid\u201c on Haapsalu toomkiriku ristimiskabelisse saatuse tahtel sattunud korraga kaks Valget Daami: \u00fcks on p\u00e4ris (\u00dclle) ja teine peab ennast veel t\u00f5estama (Tuuli). Foto: Sirje Madisson<\/p><\/div>\n<div id=\"attachment_14625\" style=\"width: 1610px\" class=\"wp-caption aligncenter\"><a href=\"https:\/\/blog.erm.ee\/wp-content\/uploads\/2021\/04\/IMG_3076.jpg\"><img loading=\"lazy\" decoding=\"async\" aria-describedby=\"caption-attachment-14625\" data-attachment-id=\"14625\" data-permalink=\"https:\/\/blog.erm.ee\/?attachment_id=14625#main\" data-orig-file=\"https:\/\/blog.erm.ee\/wp-content\/uploads\/2021\/04\/IMG_3076.jpg\" data-orig-size=\"1600,1200\" data-comments-opened=\"1\" data-image-meta=\"{&quot;aperture&quot;:&quot;2&quot;,&quot;credit&quot;:&quot;&quot;,&quot;camera&quot;:&quot;Canon PowerShot S95&quot;,&quot;caption&quot;:&quot;&quot;,&quot;created_timestamp&quot;:&quot;1418860800&quot;,&quot;copyright&quot;:&quot;&quot;,&quot;focal_length&quot;:&quot;6&quot;,&quot;iso&quot;:&quot;320&quot;,&quot;shutter_speed&quot;:&quot;0.016666666666667&quot;,&quot;title&quot;:&quot;&quot;,&quot;orientation&quot;:&quot;1&quot;}\" data-image-title=\"IMG_3076\" data-image-description=\"\" data-image-caption=\"\" data-large-file=\"https:\/\/blog.erm.ee\/wp-content\/uploads\/2021\/04\/IMG_3076-1024x768.jpg\" class=\"wp-image-14625 size-full\" src=\"https:\/\/blog.erm.ee\/wp-content\/uploads\/2021\/04\/IMG_3076.jpg\" alt=\"\" width=\"1600\" height=\"1200\" srcset=\"https:\/\/blog.erm.ee\/wp-content\/uploads\/2021\/04\/IMG_3076.jpg 1600w, https:\/\/blog.erm.ee\/wp-content\/uploads\/2021\/04\/IMG_3076-300x225.jpg 300w, https:\/\/blog.erm.ee\/wp-content\/uploads\/2021\/04\/IMG_3076-1024x768.jpg 1024w, https:\/\/blog.erm.ee\/wp-content\/uploads\/2021\/04\/IMG_3076-347x260.jpg 347w, https:\/\/blog.erm.ee\/wp-content\/uploads\/2021\/04\/IMG_3076-768x576.jpg 768w, https:\/\/blog.erm.ee\/wp-content\/uploads\/2021\/04\/IMG_3076-1536x1152.jpg 1536w\" sizes=\"auto, (max-width: 1600px) 100vw, 1600px\" \/><\/a><p id=\"caption-attachment-14625\" class=\"wp-caption-text\">Etendus \u201eValged daamid\u201c Tartu Saksa Kultuuri Instituudis. Publik elab kaasa. Foto: Sirje Madisson<\/p><\/div>\n<div id=\"attachment_14626\" style=\"width: 1610px\" class=\"wp-caption aligncenter\"><a href=\"https:\/\/blog.erm.ee\/wp-content\/uploads\/2021\/04\/IMG_5190.jpg\"><img loading=\"lazy\" decoding=\"async\" aria-describedby=\"caption-attachment-14626\" data-attachment-id=\"14626\" data-permalink=\"https:\/\/blog.erm.ee\/?attachment_id=14626#main\" data-orig-file=\"https:\/\/blog.erm.ee\/wp-content\/uploads\/2021\/04\/IMG_5190.jpg\" data-orig-size=\"1600,1200\" data-comments-opened=\"1\" data-image-meta=\"{&quot;aperture&quot;:&quot;2&quot;,&quot;credit&quot;:&quot;&quot;,&quot;camera&quot;:&quot;Canon PowerShot S95&quot;,&quot;caption&quot;:&quot;&quot;,&quot;created_timestamp&quot;:&quot;1450381106&quot;,&quot;copyright&quot;:&quot;&quot;,&quot;focal_length&quot;:&quot;6&quot;,&quot;iso&quot;:&quot;1600&quot;,&quot;shutter_speed&quot;:&quot;0.076923076923077&quot;,&quot;title&quot;:&quot;&quot;,&quot;orientation&quot;:&quot;1&quot;}\" data-image-title=\"IMG_5190\" data-image-description=\"\" data-image-caption=\"\" data-large-file=\"https:\/\/blog.erm.ee\/wp-content\/uploads\/2021\/04\/IMG_5190-1024x768.jpg\" class=\"wp-image-14626 size-full\" src=\"https:\/\/blog.erm.ee\/wp-content\/uploads\/2021\/04\/IMG_5190.jpg\" alt=\"\" width=\"1600\" height=\"1200\" srcset=\"https:\/\/blog.erm.ee\/wp-content\/uploads\/2021\/04\/IMG_5190.jpg 1600w, https:\/\/blog.erm.ee\/wp-content\/uploads\/2021\/04\/IMG_5190-300x225.jpg 300w, https:\/\/blog.erm.ee\/wp-content\/uploads\/2021\/04\/IMG_5190-1024x768.jpg 1024w, https:\/\/blog.erm.ee\/wp-content\/uploads\/2021\/04\/IMG_5190-347x260.jpg 347w, https:\/\/blog.erm.ee\/wp-content\/uploads\/2021\/04\/IMG_5190-768x576.jpg 768w, https:\/\/blog.erm.ee\/wp-content\/uploads\/2021\/04\/IMG_5190-1536x1152.jpg 1536w\" sizes=\"auto, (max-width: 1600px) 100vw, 1600px\" \/><\/a><p id=\"caption-attachment-14626\" class=\"wp-caption-text\">17.12.2015 \u201eVassiljev ja Bub\u00f5r ta tegid siia\u201c. Kuulsatel Peterburi arhitektidel on m\u00fcstiliste seikluste kiuste tulevase Eesti Draamateatri hoone Tallinnas valmis saanud. Kaunis hoone t\u00e4is erilist karget t\u00fchjust, millest v\u00f5ib s\u00fcndida mis iganes ja kus k\u00f5ik on v\u00f5imalik. ERMi uue kodu valmimiseni on j\u00e4\u00e4nud v\u00e4hem kui aasta. Foto: Sirje Madission<\/p><\/div>\n<div id=\"attachment_14627\" style=\"width: 1610px\" class=\"wp-caption aligncenter\"><a href=\"https:\/\/blog.erm.ee\/wp-content\/uploads\/2021\/04\/IMG_1215.jpg\"><img loading=\"lazy\" decoding=\"async\" aria-describedby=\"caption-attachment-14627\" data-attachment-id=\"14627\" data-permalink=\"https:\/\/blog.erm.ee\/?attachment_id=14627#main\" data-orig-file=\"https:\/\/blog.erm.ee\/wp-content\/uploads\/2021\/04\/IMG_1215.jpg\" data-orig-size=\"1600,1067\" data-comments-opened=\"1\" data-image-meta=\"{&quot;aperture&quot;:&quot;2&quot;,&quot;credit&quot;:&quot;&quot;,&quot;camera&quot;:&quot;Canon PowerShot G9 X Mark II&quot;,&quot;caption&quot;:&quot;&quot;,&quot;created_timestamp&quot;:&quot;1577049771&quot;,&quot;copyright&quot;:&quot;&quot;,&quot;focal_length&quot;:&quot;10.2&quot;,&quot;iso&quot;:&quot;320&quot;,&quot;shutter_speed&quot;:&quot;0.033333333333333&quot;,&quot;title&quot;:&quot;&quot;,&quot;orientation&quot;:&quot;1&quot;}\" data-image-title=\"IMG_1215\" data-image-description=\"\" data-image-caption=\"\" data-large-file=\"https:\/\/blog.erm.ee\/wp-content\/uploads\/2021\/04\/IMG_1215-1024x683.jpg\" class=\"wp-image-14627 size-full\" src=\"https:\/\/blog.erm.ee\/wp-content\/uploads\/2021\/04\/IMG_1215.jpg\" alt=\"\" width=\"1600\" height=\"1067\" srcset=\"https:\/\/blog.erm.ee\/wp-content\/uploads\/2021\/04\/IMG_1215.jpg 1600w, https:\/\/blog.erm.ee\/wp-content\/uploads\/2021\/04\/IMG_1215-300x200.jpg 300w, https:\/\/blog.erm.ee\/wp-content\/uploads\/2021\/04\/IMG_1215-1024x683.jpg 1024w, https:\/\/blog.erm.ee\/wp-content\/uploads\/2021\/04\/IMG_1215-390x260.jpg 390w, https:\/\/blog.erm.ee\/wp-content\/uploads\/2021\/04\/IMG_1215-768x512.jpg 768w, https:\/\/blog.erm.ee\/wp-content\/uploads\/2021\/04\/IMG_1215-1536x1024.jpg 1536w\" sizes=\"auto, (max-width: 1600px) 100vw, 1600px\" \/><\/a><p id=\"caption-attachment-14627\" class=\"wp-caption-text\">22.12.2019 ERMi saalis on \u201eTeatriparadiisi\u201c etendus j\u00f5udnud otsustavasse faasi. Nii publik kui ka taevased tegelased r\u00f5\u00f5mustavad, et Volli (Panso) sai naaberpilvelt Stanislavski k\u00e4est viinad toodud ja Eesti kutselise teatri 100. s\u00fcnnip\u00e4eva pidu saab alata. Foto: Sirje Madisson<\/p><\/div>\n<p>*<\/p>\n<p style=\"text-align: justify;\">Stockholmi \u00fclikooli professor Willmar Sauter on \u00f6elnud, et teatris\u00fcndmus leiab aset kunstilistes, organisatsioonilistes ja struktuurilistes konventsioonides, mida kokkuv\u00f5tvalt nimetatakse kontekstuaalseks teatraalsuseks.<br \/>\nMida iganes see ka ei t\u00e4henda, meil on see olemas!<\/p>\n<p style=\"text-align: justify;\"><a href=\"https:\/\/tsitaadid.ee\/quote\/8759\/1415\"><strong><em>Mitte igasugune t\u00f5de pole ilu, aga igasugune ilu on t\u00f5de.<\/em><\/strong><\/a><strong><br \/>\n<\/strong><strong>K. Stanislavski <\/strong><\/p>\n<p style=\"text-align: justify;\">Kohtumiseni ERMi p\u00e4ris oma teatris!<\/p>\n<p style=\"text-align: justify;\"><strong>*<\/strong><\/p>\n<p style=\"text-align: justify;\"><strong>ERMi teatrile saabunud tervitus \u00e4sja 25. s\u00fcnnip\u00e4eva t\u00e4histanud T\u00dc raamatukogu Utlib teatrilt.<\/strong><\/p>\n<p style=\"text-align: justify;\"><em>Head s\u00f5brad, me tunneme teie kunsti \u00fcle r\u00f5\u00f5mu ja saadame oma soojad tervitused! \u00dcksiti mainigem siinkohal m\u00f5nd meie teatreid \u00fchendavat asjaolu.<br \/>\n<strong>Esiteks<\/strong> muidugi see, et me k\u00f5ik armastame teatrit. Ja mitte ainult vaadata, vaid ikka ise teha. <strong>Teiseks<\/strong> oleme me teater, kellel on Eesti k\u00f5ige uhkem raamatukogu, ja teie olete teater, kes omab Eesti suurimat muuseumi.<strong> Kolmandaks<\/strong> oleme orgaaniliselt seotud l\u00e4bi inimeste, v\u00f5iks \u00f6elda, et lausa juhtkonna tasemel. Nimelt leidis meie endine teatrijuht-lavastaja-kunstnik-rekvisiitor-butafoor-transamees-jumestaja jne \u2013 Sirje Madisson \u2013 endale loomingulise v\u00e4ljakutse teie trupi n\u00e4ol. Aga nagu ajaloost teada \u2013 vaid n\u00e4ljas ja k\u00fclmas s\u00fcnnib t\u00f5eline kunst. Nii hakkasime oma suures kurbuses l\u00f5puks ise liigutama ja nii liigutame hoogsalt juba 15 aastat. <strong>Neljandaks<\/strong> oleme meie p\u00e4rinud \u00fche n\u00e4itleja ka ERMi teatrist. Nimelt otsustas lava vahetada ERMi teatris teenijarahva rollides kuulsaks saanud Krista Aru, kes sel aastal juba teist korda meie lava kaunistas. Temast on abi ka meie raamatukogu korrastamisel, samuti nagu ta teie teatri muuseumi t\u00f6\u00f6des kaasa l\u00f5i. <\/em><\/p>\n<p style=\"text-align: justify;\"><em>L\u00f5petuseks \u00fcks oluline uudis. Nimelt on hiljaaegu allkirjastatud koost\u00f6\u00f6leping, millega Tartu kaks v\u00e4\u00e4rikaimat teatrit \u2013 ERMi ja Utlibi oma \u2013 on otsustanud teha tihedamat \u00fchist\u00f6\u00f6d. Millal ja millises vormis \u2013 siin peab veel Melpomene ja Thaleiaga veidi aru pidama.<\/em><\/p>\n<p style=\"text-align: justify;\"><em>Utlibi teatri nimel okast kurku, krampi jalga ja pausi m\u00e4llu soovides<\/em><\/p>\n<p style=\"text-align: justify;\"><em>Kristina Pai,<\/em><\/p>\n<p style=\"text-align: justify;\"><em>teatrit\u00f6\u00f6st v\u00e4hestel vabadel hetkedel Eesti Raamatukoguv\u00f5rgu Konsortsium\u00a0<\/em><em>tegevdirektor<\/em><\/p>\n<p>&nbsp;<\/p>\n<div class=\"fcbkbttn_buttons_block\" id=\"fcbkbttn_left\"><div class=\"fcbkbttn_like \"><fb:like href=\"https:\/\/blog.erm.ee\/?p=14598\" action=\"like\" colorscheme=\"light\" layout=\"standard\"  width=\"225px\" size=\"small\"><\/fb:like><\/div><div class=\"fb-share-button  \" data-href=\"https:\/\/blog.erm.ee\/?p=14598\" data-type=\"button\" data-size=\"small\"><\/div><\/div>","protected":false},"excerpt":{"rendered":"<p>Sirje Madisson, koost\u00f6\u00f6v\u00f5rgustike koordinaator, ERMi teatri kunstiline jm juht. N\u00e4itleja ja lavastaja Jaan Tooming kurtis kunagi ajalehes Sirp (2.09.2011): \u201eKaasaegse teatri osat\u00e4itmistes pole r\u00fctmi, kujud on v\u00e4lja voolimata, sest tahetakse ikka olla nagu elus, mitte luua kunstiteost.\u00a0Kui tahame j\u00f5uda uuele, kunsti tasemele, siis peame unustama Stanislavski olustikulise ps\u00fchholoogitsemise ning p\u00f6\u00f6rduma nende teatrikunstnike poole, kes on&hellip;<\/p>\n","protected":false},"author":1,"featured_media":14605,"comment_status":"open","ping_status":"open","sticky":false,"template":"","format":"standard","meta":{"_monsterinsights_skip_tracking":false,"_monsterinsights_sitenote_active":false,"_monsterinsights_sitenote_note":"","_monsterinsights_sitenote_category":0,"jetpack_post_was_ever_published":false,"_jetpack_newsletter_access":"","_jetpack_dont_email_post_to_subs":false,"_jetpack_newsletter_tier_id":0,"_jetpack_memberships_contains_paywalled_content":false,"_jetpack_memberships_contains_paid_content":false,"footnotes":""},"categories":[1,30,19],"tags":[],"class_list":["post-14598","post","type-post","status-publish","format-standard","has-post-thumbnail","hentry","category-maaratlemata","category-osalus","category-sundmus"],"yoast_head":"<!-- This site is optimized with the Yoast SEO plugin v27.5 - https:\/\/yoast.com\/product\/yoast-seo-wordpress\/ -->\n<title>Suur seiklus ehk ERMi p\u00e4ris oma teater. Inimene tahab ju m\u00e4ngida - Eesti Rahva Muuseumi ajaveeb<\/title>\n<meta name=\"robots\" content=\"index, follow, max-snippet:-1, max-image-preview:large, max-video-preview:-1\" \/>\n<link rel=\"canonical\" href=\"https:\/\/blog.erm.ee\/?p=14598\" \/>\n<meta property=\"og:locale\" content=\"et_EE\" \/>\n<meta property=\"og:type\" content=\"article\" \/>\n<meta property=\"og:title\" content=\"Suur seiklus ehk ERMi p\u00e4ris oma teater. Inimene tahab ju m\u00e4ngida - Eesti Rahva Muuseumi ajaveeb\" \/>\n<meta property=\"og:description\" content=\"Sirje Madisson, koost\u00f6\u00f6v\u00f5rgustike koordinaator, ERMi teatri kunstiline jm juht. N\u00e4itleja ja lavastaja Jaan Tooming kurtis kunagi ajalehes Sirp (2.09.2011): \u201eKaasaegse teatri osat\u00e4itmistes pole r\u00fctmi, kujud on v\u00e4lja voolimata, sest tahetakse ikka olla nagu elus, mitte luua kunstiteost.\u00a0Kui tahame j\u00f5uda uuele, kunsti tasemele, siis peame unustama Stanislavski olustikulise ps\u00fchholoogitsemise ning p\u00f6\u00f6rduma nende teatrikunstnike poole, kes on&hellip;\" \/>\n<meta property=\"og:url\" content=\"https:\/\/blog.erm.ee\/?p=14598\" \/>\n<meta property=\"og:site_name\" content=\"Eesti Rahva Muuseumi ajaveeb\" \/>\n<meta property=\"article:published_time\" content=\"2021-04-15T09:04:16+00:00\" \/>\n<meta property=\"article:modified_time\" content=\"2021-04-15T10:16:22+00:00\" \/>\n<meta property=\"og:image\" content=\"https:\/\/blog.erm.ee\/wp-content\/uploads\/2021\/04\/IMG_1221.jpg\" \/>\n\t<meta property=\"og:image:width\" content=\"1600\" \/>\n\t<meta property=\"og:image:height\" content=\"1067\" \/>\n\t<meta property=\"og:image:type\" content=\"image\/jpeg\" \/>\n<meta name=\"author\" content=\"Eesti Rahva Muuseum\" \/>\n<meta name=\"twitter:card\" content=\"summary_large_image\" \/>\n<meta name=\"twitter:label1\" content=\"Written by\" \/>\n\t<meta name=\"twitter:data1\" content=\"Eesti Rahva Muuseum\" \/>\n\t<meta name=\"twitter:label2\" content=\"Est. reading time\" \/>\n\t<meta name=\"twitter:data2\" content=\"18 minutit\" \/>\n<script type=\"application\/ld+json\" class=\"yoast-schema-graph\">{\"@context\":\"https:\\\/\\\/schema.org\",\"@graph\":[{\"@type\":\"Article\",\"@id\":\"https:\\\/\\\/blog.erm.ee\\\/?p=14598#article\",\"isPartOf\":{\"@id\":\"https:\\\/\\\/blog.erm.ee\\\/?p=14598\"},\"author\":{\"name\":\"Eesti Rahva Muuseum\",\"@id\":\"https:\\\/\\\/blog.erm.ee\\\/#\\\/schema\\\/person\\\/6e98c391cb00a33e7c22a3571e062114\"},\"headline\":\"Suur seiklus ehk ERMi p\u00e4ris oma teater. Inimene tahab ju m\u00e4ngida\",\"datePublished\":\"2021-04-15T09:04:16+00:00\",\"dateModified\":\"2021-04-15T10:16:22+00:00\",\"mainEntityOfPage\":{\"@id\":\"https:\\\/\\\/blog.erm.ee\\\/?p=14598\"},\"wordCount\":3169,\"commentCount\":2,\"image\":{\"@id\":\"https:\\\/\\\/blog.erm.ee\\\/?p=14598#primaryimage\"},\"thumbnailUrl\":\"https:\\\/\\\/blog.erm.ee\\\/wp-content\\\/uploads\\\/2021\\\/04\\\/IMG_1221.jpg\",\"articleSection\":{\"1\":\"Osalus\",\"2\":\"S\u00fcndmus\"},\"inLanguage\":\"et\",\"potentialAction\":[{\"@type\":\"CommentAction\",\"name\":\"Comment\",\"target\":[\"https:\\\/\\\/blog.erm.ee\\\/?p=14598#respond\"]}]},{\"@type\":\"WebPage\",\"@id\":\"https:\\\/\\\/blog.erm.ee\\\/?p=14598\",\"url\":\"https:\\\/\\\/blog.erm.ee\\\/?p=14598\",\"name\":\"Suur seiklus ehk ERMi p\u00e4ris oma teater. Inimene tahab ju m\u00e4ngida - Eesti Rahva Muuseumi ajaveeb\",\"isPartOf\":{\"@id\":\"https:\\\/\\\/blog.erm.ee\\\/#website\"},\"primaryImageOfPage\":{\"@id\":\"https:\\\/\\\/blog.erm.ee\\\/?p=14598#primaryimage\"},\"image\":{\"@id\":\"https:\\\/\\\/blog.erm.ee\\\/?p=14598#primaryimage\"},\"thumbnailUrl\":\"https:\\\/\\\/blog.erm.ee\\\/wp-content\\\/uploads\\\/2021\\\/04\\\/IMG_1221.jpg\",\"datePublished\":\"2021-04-15T09:04:16+00:00\",\"dateModified\":\"2021-04-15T10:16:22+00:00\",\"author\":{\"@id\":\"https:\\\/\\\/blog.erm.ee\\\/#\\\/schema\\\/person\\\/6e98c391cb00a33e7c22a3571e062114\"},\"breadcrumb\":{\"@id\":\"https:\\\/\\\/blog.erm.ee\\\/?p=14598#breadcrumb\"},\"inLanguage\":\"et\",\"potentialAction\":[{\"@type\":\"ReadAction\",\"target\":[\"https:\\\/\\\/blog.erm.ee\\\/?p=14598\"]}]},{\"@type\":\"ImageObject\",\"inLanguage\":\"et\",\"@id\":\"https:\\\/\\\/blog.erm.ee\\\/?p=14598#primaryimage\",\"url\":\"https:\\\/\\\/blog.erm.ee\\\/wp-content\\\/uploads\\\/2021\\\/04\\\/IMG_1221.jpg\",\"contentUrl\":\"https:\\\/\\\/blog.erm.ee\\\/wp-content\\\/uploads\\\/2021\\\/04\\\/IMG_1221.jpg\",\"width\":1600,\"height\":1067},{\"@type\":\"BreadcrumbList\",\"@id\":\"https:\\\/\\\/blog.erm.ee\\\/?p=14598#breadcrumb\",\"itemListElement\":[{\"@type\":\"ListItem\",\"position\":1,\"name\":\"Home\",\"item\":\"https:\\\/\\\/blog.erm.ee\\\/\"},{\"@type\":\"ListItem\",\"position\":2,\"name\":\"Suur seiklus ehk ERMi p\u00e4ris oma teater. Inimene tahab ju m\u00e4ngida\"}]},{\"@type\":\"WebSite\",\"@id\":\"https:\\\/\\\/blog.erm.ee\\\/#website\",\"url\":\"https:\\\/\\\/blog.erm.ee\\\/\",\"name\":\"Eesti Rahva Muuseumi ajaveeb\",\"description\":\"\",\"potentialAction\":[{\"@type\":\"SearchAction\",\"target\":{\"@type\":\"EntryPoint\",\"urlTemplate\":\"https:\\\/\\\/blog.erm.ee\\\/?s={search_term_string}\"},\"query-input\":{\"@type\":\"PropertyValueSpecification\",\"valueRequired\":true,\"valueName\":\"search_term_string\"}}],\"inLanguage\":\"et\"},{\"@type\":\"Person\",\"@id\":\"https:\\\/\\\/blog.erm.ee\\\/#\\\/schema\\\/person\\\/6e98c391cb00a33e7c22a3571e062114\",\"name\":\"Eesti Rahva Muuseum\",\"image\":{\"@type\":\"ImageObject\",\"inLanguage\":\"et\",\"@id\":\"https:\\\/\\\/secure.gravatar.com\\\/avatar\\\/cb6d9ad5fb49f3f7315028ce5fe60641075f2cb52b8a058ff5a985fa2d8c1da0?s=96&d=mm&r=g\",\"url\":\"https:\\\/\\\/secure.gravatar.com\\\/avatar\\\/cb6d9ad5fb49f3f7315028ce5fe60641075f2cb52b8a058ff5a985fa2d8c1da0?s=96&d=mm&r=g\",\"contentUrl\":\"https:\\\/\\\/secure.gravatar.com\\\/avatar\\\/cb6d9ad5fb49f3f7315028ce5fe60641075f2cb52b8a058ff5a985fa2d8c1da0?s=96&d=mm&r=g\",\"caption\":\"Eesti Rahva Muuseum\"},\"sameAs\":[\"http:\\\/\\\/www.erm.ee\"],\"url\":\"https:\\\/\\\/blog.erm.ee\\\/?author=1\"}]}<\/script>\n<!-- \/ Yoast SEO plugin. -->","yoast_head_json":{"title":"Suur seiklus ehk ERMi p\u00e4ris oma teater. Inimene tahab ju m\u00e4ngida - Eesti Rahva Muuseumi ajaveeb","robots":{"index":"index","follow":"follow","max-snippet":"max-snippet:-1","max-image-preview":"max-image-preview:large","max-video-preview":"max-video-preview:-1"},"canonical":"https:\/\/blog.erm.ee\/?p=14598","og_locale":"et_EE","og_type":"article","og_title":"Suur seiklus ehk ERMi p\u00e4ris oma teater. Inimene tahab ju m\u00e4ngida - Eesti Rahva Muuseumi ajaveeb","og_description":"Sirje Madisson, koost\u00f6\u00f6v\u00f5rgustike koordinaator, ERMi teatri kunstiline jm juht. N\u00e4itleja ja lavastaja Jaan Tooming kurtis kunagi ajalehes Sirp (2.09.2011): \u201eKaasaegse teatri osat\u00e4itmistes pole r\u00fctmi, kujud on v\u00e4lja voolimata, sest tahetakse ikka olla nagu elus, mitte luua kunstiteost.\u00a0Kui tahame j\u00f5uda uuele, kunsti tasemele, siis peame unustama Stanislavski olustikulise ps\u00fchholoogitsemise ning p\u00f6\u00f6rduma nende teatrikunstnike poole, kes on&hellip;","og_url":"https:\/\/blog.erm.ee\/?p=14598","og_site_name":"Eesti Rahva Muuseumi ajaveeb","article_published_time":"2021-04-15T09:04:16+00:00","article_modified_time":"2021-04-15T10:16:22+00:00","og_image":[{"width":1600,"height":1067,"url":"https:\/\/blog.erm.ee\/wp-content\/uploads\/2021\/04\/IMG_1221.jpg","type":"image\/jpeg"}],"author":"Eesti Rahva Muuseum","twitter_card":"summary_large_image","twitter_misc":{"Written by":"Eesti Rahva Muuseum","Est. reading time":"18 minutit"},"schema":{"@context":"https:\/\/schema.org","@graph":[{"@type":"Article","@id":"https:\/\/blog.erm.ee\/?p=14598#article","isPartOf":{"@id":"https:\/\/blog.erm.ee\/?p=14598"},"author":{"name":"Eesti Rahva Muuseum","@id":"https:\/\/blog.erm.ee\/#\/schema\/person\/6e98c391cb00a33e7c22a3571e062114"},"headline":"Suur seiklus ehk ERMi p\u00e4ris oma teater. Inimene tahab ju m\u00e4ngida","datePublished":"2021-04-15T09:04:16+00:00","dateModified":"2021-04-15T10:16:22+00:00","mainEntityOfPage":{"@id":"https:\/\/blog.erm.ee\/?p=14598"},"wordCount":3169,"commentCount":2,"image":{"@id":"https:\/\/blog.erm.ee\/?p=14598#primaryimage"},"thumbnailUrl":"https:\/\/blog.erm.ee\/wp-content\/uploads\/2021\/04\/IMG_1221.jpg","articleSection":{"1":"Osalus","2":"S\u00fcndmus"},"inLanguage":"et","potentialAction":[{"@type":"CommentAction","name":"Comment","target":["https:\/\/blog.erm.ee\/?p=14598#respond"]}]},{"@type":"WebPage","@id":"https:\/\/blog.erm.ee\/?p=14598","url":"https:\/\/blog.erm.ee\/?p=14598","name":"Suur seiklus ehk ERMi p\u00e4ris oma teater. Inimene tahab ju m\u00e4ngida - Eesti Rahva Muuseumi ajaveeb","isPartOf":{"@id":"https:\/\/blog.erm.ee\/#website"},"primaryImageOfPage":{"@id":"https:\/\/blog.erm.ee\/?p=14598#primaryimage"},"image":{"@id":"https:\/\/blog.erm.ee\/?p=14598#primaryimage"},"thumbnailUrl":"https:\/\/blog.erm.ee\/wp-content\/uploads\/2021\/04\/IMG_1221.jpg","datePublished":"2021-04-15T09:04:16+00:00","dateModified":"2021-04-15T10:16:22+00:00","author":{"@id":"https:\/\/blog.erm.ee\/#\/schema\/person\/6e98c391cb00a33e7c22a3571e062114"},"breadcrumb":{"@id":"https:\/\/blog.erm.ee\/?p=14598#breadcrumb"},"inLanguage":"et","potentialAction":[{"@type":"ReadAction","target":["https:\/\/blog.erm.ee\/?p=14598"]}]},{"@type":"ImageObject","inLanguage":"et","@id":"https:\/\/blog.erm.ee\/?p=14598#primaryimage","url":"https:\/\/blog.erm.ee\/wp-content\/uploads\/2021\/04\/IMG_1221.jpg","contentUrl":"https:\/\/blog.erm.ee\/wp-content\/uploads\/2021\/04\/IMG_1221.jpg","width":1600,"height":1067},{"@type":"BreadcrumbList","@id":"https:\/\/blog.erm.ee\/?p=14598#breadcrumb","itemListElement":[{"@type":"ListItem","position":1,"name":"Home","item":"https:\/\/blog.erm.ee\/"},{"@type":"ListItem","position":2,"name":"Suur seiklus ehk ERMi p\u00e4ris oma teater. Inimene tahab ju m\u00e4ngida"}]},{"@type":"WebSite","@id":"https:\/\/blog.erm.ee\/#website","url":"https:\/\/blog.erm.ee\/","name":"Eesti Rahva Muuseumi ajaveeb","description":"","potentialAction":[{"@type":"SearchAction","target":{"@type":"EntryPoint","urlTemplate":"https:\/\/blog.erm.ee\/?s={search_term_string}"},"query-input":{"@type":"PropertyValueSpecification","valueRequired":true,"valueName":"search_term_string"}}],"inLanguage":"et"},{"@type":"Person","@id":"https:\/\/blog.erm.ee\/#\/schema\/person\/6e98c391cb00a33e7c22a3571e062114","name":"Eesti Rahva Muuseum","image":{"@type":"ImageObject","inLanguage":"et","@id":"https:\/\/secure.gravatar.com\/avatar\/cb6d9ad5fb49f3f7315028ce5fe60641075f2cb52b8a058ff5a985fa2d8c1da0?s=96&d=mm&r=g","url":"https:\/\/secure.gravatar.com\/avatar\/cb6d9ad5fb49f3f7315028ce5fe60641075f2cb52b8a058ff5a985fa2d8c1da0?s=96&d=mm&r=g","contentUrl":"https:\/\/secure.gravatar.com\/avatar\/cb6d9ad5fb49f3f7315028ce5fe60641075f2cb52b8a058ff5a985fa2d8c1da0?s=96&d=mm&r=g","caption":"Eesti Rahva Muuseum"},"sameAs":["http:\/\/www.erm.ee"],"url":"https:\/\/blog.erm.ee\/?author=1"}]}},"jetpack_featured_media_url":"https:\/\/blog.erm.ee\/wp-content\/uploads\/2021\/04\/IMG_1221.jpg","jetpack_shortlink":"https:\/\/wp.me\/p2l9Zd-3Ns","jetpack_sharing_enabled":true,"jetpack_likes_enabled":true,"_links":{"self":[{"href":"https:\/\/blog.erm.ee\/index.php?rest_route=\/wp\/v2\/posts\/14598","targetHints":{"allow":["GET"]}}],"collection":[{"href":"https:\/\/blog.erm.ee\/index.php?rest_route=\/wp\/v2\/posts"}],"about":[{"href":"https:\/\/blog.erm.ee\/index.php?rest_route=\/wp\/v2\/types\/post"}],"author":[{"embeddable":true,"href":"https:\/\/blog.erm.ee\/index.php?rest_route=\/wp\/v2\/users\/1"}],"replies":[{"embeddable":true,"href":"https:\/\/blog.erm.ee\/index.php?rest_route=%2Fwp%2Fv2%2Fcomments&post=14598"}],"version-history":[{"count":8,"href":"https:\/\/blog.erm.ee\/index.php?rest_route=\/wp\/v2\/posts\/14598\/revisions"}],"predecessor-version":[{"id":14633,"href":"https:\/\/blog.erm.ee\/index.php?rest_route=\/wp\/v2\/posts\/14598\/revisions\/14633"}],"wp:featuredmedia":[{"embeddable":true,"href":"https:\/\/blog.erm.ee\/index.php?rest_route=\/wp\/v2\/media\/14605"}],"wp:attachment":[{"href":"https:\/\/blog.erm.ee\/index.php?rest_route=%2Fwp%2Fv2%2Fmedia&parent=14598"}],"wp:term":[{"taxonomy":"category","embeddable":true,"href":"https:\/\/blog.erm.ee\/index.php?rest_route=%2Fwp%2Fv2%2Fcategories&post=14598"},{"taxonomy":"post_tag","embeddable":true,"href":"https:\/\/blog.erm.ee\/index.php?rest_route=%2Fwp%2Fv2%2Ftags&post=14598"}],"curies":[{"name":"wp","href":"https:\/\/api.w.org\/{rel}","templated":true}]}}