{"id":14565,"date":"2021-04-08T09:50:32","date_gmt":"2021-04-08T06:50:32","guid":{"rendered":"https:\/\/blog.erm.ee\/?p=14565"},"modified":"2021-04-08T14:19:46","modified_gmt":"2021-04-08T11:19:46","slug":"muuseumi-kutse-inimkatsetele","status":"publish","type":"post","link":"https:\/\/blog.erm.ee\/?p=14565","title":{"rendered":"Muuseumi kutse inimkatsetele"},"content":{"rendered":"<div class=\"fcbkbttn_buttons_block\" id=\"fcbkbttn_left\"><div class=\"fcbkbttn_like \"><fb:like href=\"https:\/\/blog.erm.ee\/?p=14565\" action=\"like\" colorscheme=\"light\" layout=\"standard\"  width=\"225px\" size=\"small\"><\/fb:like><\/div><div class=\"fb-share-button  \" data-href=\"https:\/\/blog.erm.ee\/?p=14565\" data-type=\"button\" data-size=\"small\"><\/div><\/div><p style=\"text-align: justify;\">Alar Karis, ERMi direktor<\/p>\n<p style=\"text-align: justify;\">Sarnaselt s\u00f5nastas \u00fcks p\u00e4evaleht oma artikli pealkirja, kirjutades loo Eesti Rahva Muuseumi p\u00fcsin\u00e4ituse \u201eKohtumised\u201c tasuta avamisest k\u00fclastajatele. Hea m\u00f5te ju, arvas teine ajaleht.<\/p>\n<p style=\"text-align: justify;\">J\u00e4rjekordse koroonapandeemia laine t\u00f5ttu sai eksperiment kesta vaid kuu aega, kuid vaatamata l\u00fchiajalisusele soovib nii m\u00f5nigi inimkatses osalenu v\u00f5i k\u00f5rvaltvaataja \u00fcht-teist k\u00fcsida. Kas k\u00fclastajate arv suurenes? Kas muuseum kaotas v\u00f5i v\u00f5itis rahaliselt? Kas riik toetas muuseumi? Kas tulevikus saabki p\u00fcsin\u00e4itust tasuta k\u00fclastada? V\u00f5i nagu kirjutas \u00fcks riigiametnik ametlikus vastuses muuseumile, kui taotlesime riigi tuge: \u201eMis probleemi te p\u00fc\u00fcate selle tasuta sissep\u00e4\u00e4suga lahendada?\u201c Isek\u00fcsimus muidugi, kas alati peabki olema probleem, mida lahendada. M\u00f5ned ideed v\u00f5ivad olla lihtsalt toredad ja v\u00e4\u00e4rivad ainu\u00fcksi seep\u00e4rast elluviimist. Pealegi puudutas prii sissep\u00e4\u00e4s ainult meie kultuuriloo p\u00fcsin\u00e4itust, teiste n\u00e4ituste vaatamiseks tuli rahakotisuu ikkagi lahti teha. Jah, muidugi, keegi peab selle vallatuse kinni maksma. Olgu selleks siis riik v\u00f5i muuseum oma muudest tuludest.<\/p>\n<div id=\"attachment_14569\" style=\"width: 1610px\" class=\"wp-caption aligncenter\"><a href=\"https:\/\/blog.erm.ee\/wp-content\/uploads\/2021\/04\/aa_0163.jpg\"><img loading=\"lazy\" decoding=\"async\" aria-describedby=\"caption-attachment-14569\" data-attachment-id=\"14569\" data-permalink=\"https:\/\/blog.erm.ee\/?attachment_id=14569#main\" data-orig-file=\"https:\/\/blog.erm.ee\/wp-content\/uploads\/2021\/04\/aa_0163.jpg\" data-orig-size=\"1600,1067\" data-comments-opened=\"1\" data-image-meta=\"{&quot;aperture&quot;:&quot;5&quot;,&quot;credit&quot;:&quot;&quot;,&quot;camera&quot;:&quot;Canon EOS-1D X Mark II&quot;,&quot;caption&quot;:&quot;&quot;,&quot;created_timestamp&quot;:&quot;1558192878&quot;,&quot;copyright&quot;:&quot;&quot;,&quot;focal_length&quot;:&quot;35&quot;,&quot;iso&quot;:&quot;8000&quot;,&quot;shutter_speed&quot;:&quot;0.00625&quot;,&quot;title&quot;:&quot;&quot;,&quot;orientation&quot;:&quot;1&quot;}\" data-image-title=\"aa_0163\" data-image-description=\"\" data-image-caption=\"\" data-large-file=\"https:\/\/blog.erm.ee\/wp-content\/uploads\/2021\/04\/aa_0163-1024x683.jpg\" class=\"wp-image-14569 size-full\" src=\"https:\/\/blog.erm.ee\/wp-content\/uploads\/2021\/04\/aa_0163.jpg\" alt=\"\" width=\"1600\" height=\"1067\" srcset=\"https:\/\/blog.erm.ee\/wp-content\/uploads\/2021\/04\/aa_0163.jpg 1600w, https:\/\/blog.erm.ee\/wp-content\/uploads\/2021\/04\/aa_0163-300x200.jpg 300w, https:\/\/blog.erm.ee\/wp-content\/uploads\/2021\/04\/aa_0163-1024x683.jpg 1024w, https:\/\/blog.erm.ee\/wp-content\/uploads\/2021\/04\/aa_0163-390x260.jpg 390w, https:\/\/blog.erm.ee\/wp-content\/uploads\/2021\/04\/aa_0163-768x512.jpg 768w, https:\/\/blog.erm.ee\/wp-content\/uploads\/2021\/04\/aa_0163-1536x1024.jpg 1536w\" sizes=\"auto, (max-width: 1600px) 100vw, 1600px\" \/><\/a><p id=\"caption-attachment-14569\" class=\"wp-caption-text\">Muuseumi\u00f6\u00f6, 18.05.2019, kui ERMi k\u00fclastas 5200 inimest. Foto: Anu Ansu<\/p><\/div>\n<p style=\"text-align: justify;\">Juba 1900. aastate algul \u2013 umbes samal ajal, kui ERM asutati \u2013 kerkis muuseumikirjanduses dilemma, kas tasuta sissep\u00e4\u00e4s v\u00f5i mitte. M\u00f5ned toonased arvajad pooldasid seda, et muuseumid sarnaneksid avaliku raamatukoguga \u2013 oleksid avatud ja tasuta. Teised pakkusid, et muuseumisse sisenemiseks ja v\u00e4ljapaneku nautimiseks peaksid k\u00fclastajad olema teatud erilise staatusega. See \u00fcle maailma toimunud filosoofiline arutelu j\u00e4tkub ka t\u00e4nap\u00e4eval, olles tihedalt seotud muuseumi avaliku ja sotsiaalse rolliga.<\/p>\n<p style=\"text-align: justify;\">2001. aastal tegi Tony Blairi valitsus Inglismaal otsuse l\u00f5petada k\u00fclastajatelt raha k\u00fcsimine riigi toel toimivate rahvusmuuseumide k\u00fclastajatelt, ning aastal 2011 teatas BBC oma veebilehel, et need muuseumid on selle otsuse tulemusena k\u00fcmne aasta jooksul k\u00fclastajate arvu kahekordistanud.<\/p>\n<p style=\"text-align: justify;\">Samuti v\u00f5is Itaalia kultuuri- ja turismiministeeriumi kodulehelt hiljuti lugeda, et muuseumidesse tasuta sissep\u00e4\u00e4su ja m\u00e4lestusm\u00e4rkide tasuta vaatamise edendamise poliitika, mis k\u00e4ivitus 2014. aastal ja kehtestas tasuta sissep\u00e4\u00e4su iga kuu esimesel p\u00fchap\u00e4eval, on muude reformide k\u00f5rval olnud kasulik ka tasuliste k\u00fclastuste sagenemise m\u00f5ttes.<\/p>\n<p style=\"text-align: justify;\">Teatavasti on riigiti ja muuseumiti tasuta ja tasulise sissep\u00e4\u00e4su reeglid erinevad ja muutuvad aja jooksul, sageli vastavalt valitsevale poliitilisele seisukohale. J\u00e4medalt \u00f6eldes on turule orienteeritud valitsused altimad k\u00e4sitlema muuseume sarnaselt erasektori kultuuriasutustega, kes peavad turul konkureerima, valides tulude maksimeerimiseks optimaalse hinnastrateegia. Nii n\u00e4iteks on k\u00f5lanud m\u00f5negi siinse poliitiku suust m\u00f5tteavaldus: \u201eMeie ehitasime teile muuseumi, teie hakake n\u00fc\u00fcd raha teenima ja ennast \u00fclal pidama.\u201c J\u00e4ttes siin lahkamata, kes on \u201emeie\u201c ja kes \u201eteie\u201c, iseloomustab see ilmekalt k\u00f5neleja poliitilist maailmavaadet. Samas heaolule orienteeritud valitsused kalduvad eelistama tasuta sissep\u00e4\u00e4su reegleid, mis on nende arvates koosk\u00f5las muuseumide sotsiaalse rolliga. Tasuta k\u00fclastuse veendunud vastased argumenteerivad, et inimesed, kes k\u00e4ivad muuseumides, teevad seda nagunii ja soodustused ei suurenda k\u00fclastajate arvu oluliselt ega pane kedagi muuseumi korduvalt k\u00fclastama.<\/p>\n<p style=\"text-align: justify;\">Ameerika \u00dchendriikides enne pandeemiat tehtud uuring n\u00e4itas, et ainult 16% inimestest on viimase kahe aasta jooksul k\u00fclastanud m\u00f5nda kultuuriasutust. Veel 16% inimestest on \u201epassiivsed, t\u00f5en\u00e4olised k\u00fclastajad\u201d, kes pole viimase kahe aasta jooksul muuseume, galeriisid jt selliseid asutusi k\u00fclastanud, aga teeksid seda, kui leiaksid mingi motivatsiooni v\u00f5i p\u00f5hjuse. Uuringust selgus ka, et 38% Ameerika \u00dchendriikide inimestest on ebat\u00f5en\u00e4olised k\u00fclastajad ja 30% lihtsalt ei taha kultuuriasutustes k\u00e4ia. T\u00f5demuses, et suurt osa inimesi muuseumid ei huvita, ei ole midagi ameerikalikku \u2013 aastatagune k\u00fcsitlus Tartu linnas sedastas, et 43% \u00fclikoolilinna elanikest pole kordagi Eesti Rahva Muuseumis k\u00e4inud.<\/p>\n<p style=\"text-align: justify;\">Ka turundusuuringute firma Kantar Emori 2018. aasta muuseumide ja raamatukogude ku\u0308lastajate ja mitteku\u0308lastajate uuring ei pakkunud selles v\u00f5tmes midagi uut, t\u00f5estades vaid, et me ei ole muuseumide k\u00fclastamise mustri poolest mingilgi m\u00e4\u00e4ral eriline rahvas. Kas nendest uuringutest saab j\u00e4reldada, et s\u00f5ltumata sissep\u00e4\u00e4suhinnast \u2013 v\u00f5i selle puudumisest \u2013 ei l\u00e4he paljud inimesed muuseumisse nagunii? Ning et tasuta sissep\u00e4\u00e4s suurendab k\u00fclastatavust vaid nende hulgas, kes juba niigi muuseumides k\u00e4ivad? V\u00f5i on k\u00fcsimus selles, et muuseumid \u2013 ja kogu kultuurit\u00f6\u00f6stus tervikuna \u2013 kipuvad ikka loendama, mitu korda uksed avanevad, selle asemel et j\u00f5uda uute inimesteni, kes pole iialgi neid asutusi k\u00fclastanud.<\/p>\n<div id=\"attachment_14570\" style=\"width: 1610px\" class=\"wp-caption aligncenter\"><a href=\"https:\/\/blog.erm.ee\/wp-content\/uploads\/2021\/04\/aa_0143.jpg\"><img loading=\"lazy\" decoding=\"async\" aria-describedby=\"caption-attachment-14570\" data-attachment-id=\"14570\" data-permalink=\"https:\/\/blog.erm.ee\/?attachment_id=14570#main\" data-orig-file=\"https:\/\/blog.erm.ee\/wp-content\/uploads\/2021\/04\/aa_0143.jpg\" data-orig-size=\"1600,1067\" data-comments-opened=\"1\" data-image-meta=\"{&quot;aperture&quot;:&quot;5&quot;,&quot;credit&quot;:&quot;&quot;,&quot;camera&quot;:&quot;Canon EOS-1D X Mark II&quot;,&quot;caption&quot;:&quot;&quot;,&quot;created_timestamp&quot;:&quot;1558192795&quot;,&quot;copyright&quot;:&quot;&quot;,&quot;focal_length&quot;:&quot;24&quot;,&quot;iso&quot;:&quot;8000&quot;,&quot;shutter_speed&quot;:&quot;0.00625&quot;,&quot;title&quot;:&quot;&quot;,&quot;orientation&quot;:&quot;1&quot;}\" data-image-title=\"aa_0143\" data-image-description=\"\" data-image-caption=\"\" data-large-file=\"https:\/\/blog.erm.ee\/wp-content\/uploads\/2021\/04\/aa_0143-1024x683.jpg\" class=\"wp-image-14570 size-full\" src=\"https:\/\/blog.erm.ee\/wp-content\/uploads\/2021\/04\/aa_0143.jpg\" alt=\"\" width=\"1600\" height=\"1067\" srcset=\"https:\/\/blog.erm.ee\/wp-content\/uploads\/2021\/04\/aa_0143.jpg 1600w, https:\/\/blog.erm.ee\/wp-content\/uploads\/2021\/04\/aa_0143-300x200.jpg 300w, https:\/\/blog.erm.ee\/wp-content\/uploads\/2021\/04\/aa_0143-1024x683.jpg 1024w, https:\/\/blog.erm.ee\/wp-content\/uploads\/2021\/04\/aa_0143-390x260.jpg 390w, https:\/\/blog.erm.ee\/wp-content\/uploads\/2021\/04\/aa_0143-768x512.jpg 768w, https:\/\/blog.erm.ee\/wp-content\/uploads\/2021\/04\/aa_0143-1536x1024.jpg 1536w\" sizes=\"auto, (max-width: 1600px) 100vw, 1600px\" \/><\/a><p id=\"caption-attachment-14570\" class=\"wp-caption-text\">Muuseumi\u00f6\u00f6 2019. Foto: Anu Ansu<\/p><\/div>\n<p style=\"text-align: justify;\">Seni kui ei ole t\u00e4it selgust (ja vaevalt, et kunagi saabki olema), tuleb j\u00e4reldusi teha ja otsuseid vastu v\u00f5tta iga \u00fcksiku muuseumi empiirilistele tulemustele otsa vaadates. Mida meie kuuajaline vaatlus n\u00e4itas ja mida sellest k\u00f5igest j\u00e4reldada? Esiteks, inimesi k\u00fcsitledes oli \u00fcksjagu neid, kes t\u00f5esti polnud varem muuseumis k\u00e4inud ja saabusid k\u00fcsimusega, et \u201eteil pidi siin midagi tasuta olema\u201c. Teiseks, tasuta pileti soovijaid oli paar tuhat, mis moodustas selle perioodi n\u00e4itusek\u00fclastajatest alla poole. Enamik ostis kas kohe kogu maja pileti v\u00f5i sooviti p\u00e4rast tasuta p\u00fcsin\u00e4ituse k\u00fclastamist veel m\u00f5nda n\u00e4itust raha eest vaadata. Kolmandaks, k\u00fclastajate hulgas oli tavap\u00e4rasest rohkem vene keelt k\u00f5nelevaid perekondi, kes tulid kohale seep\u00e4rast, et \u00f5petaja oli koolis lastele teatanud, et ERMis on n\u00e4itus tasuta. \u00d5pilased omakorda l\u00e4ksid koju ja \u00fctlesid isale-emale, et n\u00fc\u00fcd on aeg muuseumisse minna. Neljandaks v\u00f5ib oletada, et nii m\u00f5nedki muuseumik\u00fclastajad j\u00e4tsid vabaks j\u00e4\u00e4nud raha kas muuseumi restorani v\u00f5i poodi.<\/p>\n<div id=\"attachment_14571\" style=\"width: 1610px\" class=\"wp-caption aligncenter\"><a href=\"https:\/\/blog.erm.ee\/wp-content\/uploads\/2021\/04\/aa_0260.jpg\"><img loading=\"lazy\" decoding=\"async\" aria-describedby=\"caption-attachment-14571\" data-attachment-id=\"14571\" data-permalink=\"https:\/\/blog.erm.ee\/?attachment_id=14571#main\" data-orig-file=\"https:\/\/blog.erm.ee\/wp-content\/uploads\/2021\/04\/aa_0260.jpg\" data-orig-size=\"1600,1067\" data-comments-opened=\"1\" data-image-meta=\"{&quot;aperture&quot;:&quot;4&quot;,&quot;credit&quot;:&quot;&quot;,&quot;camera&quot;:&quot;Canon EOS-1D X Mark II&quot;,&quot;caption&quot;:&quot;&quot;,&quot;created_timestamp&quot;:&quot;1558193194&quot;,&quot;copyright&quot;:&quot;&quot;,&quot;focal_length&quot;:&quot;105&quot;,&quot;iso&quot;:&quot;3200&quot;,&quot;shutter_speed&quot;:&quot;0.01&quot;,&quot;title&quot;:&quot;&quot;,&quot;orientation&quot;:&quot;1&quot;}\" data-image-title=\"aa_0260\" data-image-description=\"\" data-image-caption=\"\" data-large-file=\"https:\/\/blog.erm.ee\/wp-content\/uploads\/2021\/04\/aa_0260-1024x683.jpg\" class=\"wp-image-14571 size-full\" src=\"https:\/\/blog.erm.ee\/wp-content\/uploads\/2021\/04\/aa_0260.jpg\" alt=\"\" width=\"1600\" height=\"1067\" srcset=\"https:\/\/blog.erm.ee\/wp-content\/uploads\/2021\/04\/aa_0260.jpg 1600w, https:\/\/blog.erm.ee\/wp-content\/uploads\/2021\/04\/aa_0260-300x200.jpg 300w, https:\/\/blog.erm.ee\/wp-content\/uploads\/2021\/04\/aa_0260-1024x683.jpg 1024w, https:\/\/blog.erm.ee\/wp-content\/uploads\/2021\/04\/aa_0260-390x260.jpg 390w, https:\/\/blog.erm.ee\/wp-content\/uploads\/2021\/04\/aa_0260-768x512.jpg 768w, https:\/\/blog.erm.ee\/wp-content\/uploads\/2021\/04\/aa_0260-1536x1024.jpg 1536w\" sizes=\"auto, (max-width: 1600px) 100vw, 1600px\" \/><\/a><p id=\"caption-attachment-14571\" class=\"wp-caption-text\">Muuseumi\u00f6\u00f6 2019. Foto: Anu Ansu<\/p><\/div>\n<p style=\"text-align: justify;\">Need t\u00e4helepanekud ei pretendeeri teaduslikule l\u00e4henemisele ega saa olla aluseks kogu riigi muuseumipoliitika muutmisele. Ning arusaadavalt pole tasuta sissep\u00e4\u00e4s eraldi v\u00f5etuna imerohi uute muuseumik\u00fclastajate saamiseks, kuna tegu on vaid \u00fchega paljudest konkurentidest inimeste napile vabale ajale, samuti m\u00f5jutab inimeste valikuid muuseumi k\u00e4ttesaadavus ehk kaugus kodukohast. P\u00fcsin\u00e4ituse prii sissep\u00e4\u00e4s annab aga selgelt m\u00e4rku, et k\u00fclastaja on muuseumisse oodatud. Kui sel moel saab rohkem meie inimesi ja k\u00fclalisi teada Eesti kultuuriloost, oleme oma \u00fclesande t\u00e4itnud. Veelgi enam, kui Eesti Rahva Muuseumi k\u00fclastavad inimesed, kes pole varem muuseumis k\u00e4inud, siis on lootust, et needsamad inimesed l\u00e4hevad ja k\u00fclastavad ka teisi Eesti muuseume. Kas siis selline algatus ei v\u00e4\u00e4riks riigi tuge?<\/p>\n<p style=\"text-align: justify;\">Kokkuv\u00f5tteks: inimkatsed j\u00e4tkuvad siis, kui olud seda j\u00e4lle soosivad.<\/p>\n<div class=\"fcbkbttn_buttons_block\" id=\"fcbkbttn_left\"><div class=\"fcbkbttn_like \"><fb:like href=\"https:\/\/blog.erm.ee\/?p=14565\" action=\"like\" colorscheme=\"light\" layout=\"standard\"  width=\"225px\" size=\"small\"><\/fb:like><\/div><div class=\"fb-share-button  \" data-href=\"https:\/\/blog.erm.ee\/?p=14565\" data-type=\"button\" data-size=\"small\"><\/div><\/div>","protected":false},"excerpt":{"rendered":"<p>Alar Karis, ERMi direktor Sarnaselt s\u00f5nastas \u00fcks p\u00e4evaleht oma artikli pealkirja, kirjutades loo Eesti Rahva Muuseumi p\u00fcsin\u00e4ituse \u201eKohtumised\u201c tasuta avamisest k\u00fclastajatele. Hea m\u00f5te ju, arvas teine ajaleht. J\u00e4rjekordse koroonapandeemia laine t\u00f5ttu sai eksperiment kesta vaid kuu aega, kuid vaatamata l\u00fchiajalisusele soovib nii m\u00f5nigi inimkatses osalenu v\u00f5i k\u00f5rvaltvaataja \u00fcht-teist k\u00fcsida. Kas k\u00fclastajate arv suurenes? Kas muuseum&hellip;<\/p>\n","protected":false},"author":1,"featured_media":14569,"comment_status":"open","ping_status":"open","sticky":false,"template":"","format":"standard","meta":{"_monsterinsights_skip_tracking":false,"_monsterinsights_sitenote_active":false,"_monsterinsights_sitenote_note":"","_monsterinsights_sitenote_category":0,"jetpack_post_was_ever_published":false,"_jetpack_newsletter_access":"","_jetpack_dont_email_post_to_subs":false,"_jetpack_newsletter_tier_id":0,"_jetpack_memberships_contains_paywalled_content":false,"_jetpack_memberships_contains_paid_content":false,"footnotes":""},"categories":[38],"tags":[],"class_list":["post-14565","post","type-post","status-publish","format-standard","has-post-thumbnail","hentry","category-varat"],"yoast_head":"<!-- This site is optimized with the Yoast SEO plugin v27.5 - https:\/\/yoast.com\/product\/yoast-seo-wordpress\/ -->\n<title>Muuseumi kutse inimkatsetele - Eesti Rahva Muuseumi ajaveeb<\/title>\n<meta name=\"robots\" content=\"index, follow, max-snippet:-1, max-image-preview:large, max-video-preview:-1\" \/>\n<link rel=\"canonical\" href=\"https:\/\/blog.erm.ee\/?p=14565\" \/>\n<meta property=\"og:locale\" content=\"et_EE\" \/>\n<meta property=\"og:type\" content=\"article\" \/>\n<meta property=\"og:title\" content=\"Muuseumi kutse inimkatsetele - Eesti Rahva Muuseumi ajaveeb\" \/>\n<meta property=\"og:description\" content=\"Alar Karis, ERMi direktor Sarnaselt s\u00f5nastas \u00fcks p\u00e4evaleht oma artikli pealkirja, kirjutades loo Eesti Rahva Muuseumi p\u00fcsin\u00e4ituse \u201eKohtumised\u201c tasuta avamisest k\u00fclastajatele. Hea m\u00f5te ju, arvas teine ajaleht. J\u00e4rjekordse koroonapandeemia laine t\u00f5ttu sai eksperiment kesta vaid kuu aega, kuid vaatamata l\u00fchiajalisusele soovib nii m\u00f5nigi inimkatses osalenu v\u00f5i k\u00f5rvaltvaataja \u00fcht-teist k\u00fcsida. Kas k\u00fclastajate arv suurenes? Kas muuseum&hellip;\" \/>\n<meta property=\"og:url\" content=\"https:\/\/blog.erm.ee\/?p=14565\" \/>\n<meta property=\"og:site_name\" content=\"Eesti Rahva Muuseumi ajaveeb\" \/>\n<meta property=\"article:published_time\" content=\"2021-04-08T06:50:32+00:00\" \/>\n<meta property=\"article:modified_time\" content=\"2021-04-08T11:19:46+00:00\" \/>\n<meta property=\"og:image\" content=\"https:\/\/blog.erm.ee\/wp-content\/uploads\/2021\/04\/aa_0163.jpg\" \/>\n\t<meta property=\"og:image:width\" content=\"1600\" \/>\n\t<meta property=\"og:image:height\" content=\"1067\" \/>\n\t<meta property=\"og:image:type\" content=\"image\/jpeg\" \/>\n<meta name=\"author\" content=\"Eesti Rahva Muuseum\" \/>\n<meta name=\"twitter:card\" content=\"summary_large_image\" \/>\n<meta name=\"twitter:label1\" content=\"Written by\" \/>\n\t<meta name=\"twitter:data1\" content=\"Eesti Rahva Muuseum\" \/>\n\t<meta name=\"twitter:label2\" content=\"Est. reading time\" \/>\n\t<meta name=\"twitter:data2\" content=\"5 minutit\" \/>\n<script type=\"application\/ld+json\" class=\"yoast-schema-graph\">{\"@context\":\"https:\\\/\\\/schema.org\",\"@graph\":[{\"@type\":\"Article\",\"@id\":\"https:\\\/\\\/blog.erm.ee\\\/?p=14565#article\",\"isPartOf\":{\"@id\":\"https:\\\/\\\/blog.erm.ee\\\/?p=14565\"},\"author\":{\"name\":\"Eesti Rahva Muuseum\",\"@id\":\"https:\\\/\\\/blog.erm.ee\\\/#\\\/schema\\\/person\\\/6e98c391cb00a33e7c22a3571e062114\"},\"headline\":\"Muuseumi kutse inimkatsetele\",\"datePublished\":\"2021-04-08T06:50:32+00:00\",\"dateModified\":\"2021-04-08T11:19:46+00:00\",\"mainEntityOfPage\":{\"@id\":\"https:\\\/\\\/blog.erm.ee\\\/?p=14565\"},\"wordCount\":1046,\"commentCount\":0,\"image\":{\"@id\":\"https:\\\/\\\/blog.erm.ee\\\/?p=14565#primaryimage\"},\"thumbnailUrl\":\"https:\\\/\\\/blog.erm.ee\\\/wp-content\\\/uploads\\\/2021\\\/04\\\/aa_0163.jpg\",\"articleSection\":[\"V\u00e4rat\"],\"inLanguage\":\"et\",\"potentialAction\":[{\"@type\":\"CommentAction\",\"name\":\"Comment\",\"target\":[\"https:\\\/\\\/blog.erm.ee\\\/?p=14565#respond\"]}]},{\"@type\":\"WebPage\",\"@id\":\"https:\\\/\\\/blog.erm.ee\\\/?p=14565\",\"url\":\"https:\\\/\\\/blog.erm.ee\\\/?p=14565\",\"name\":\"Muuseumi kutse inimkatsetele - Eesti Rahva Muuseumi ajaveeb\",\"isPartOf\":{\"@id\":\"https:\\\/\\\/blog.erm.ee\\\/#website\"},\"primaryImageOfPage\":{\"@id\":\"https:\\\/\\\/blog.erm.ee\\\/?p=14565#primaryimage\"},\"image\":{\"@id\":\"https:\\\/\\\/blog.erm.ee\\\/?p=14565#primaryimage\"},\"thumbnailUrl\":\"https:\\\/\\\/blog.erm.ee\\\/wp-content\\\/uploads\\\/2021\\\/04\\\/aa_0163.jpg\",\"datePublished\":\"2021-04-08T06:50:32+00:00\",\"dateModified\":\"2021-04-08T11:19:46+00:00\",\"author\":{\"@id\":\"https:\\\/\\\/blog.erm.ee\\\/#\\\/schema\\\/person\\\/6e98c391cb00a33e7c22a3571e062114\"},\"breadcrumb\":{\"@id\":\"https:\\\/\\\/blog.erm.ee\\\/?p=14565#breadcrumb\"},\"inLanguage\":\"et\",\"potentialAction\":[{\"@type\":\"ReadAction\",\"target\":[\"https:\\\/\\\/blog.erm.ee\\\/?p=14565\"]}]},{\"@type\":\"ImageObject\",\"inLanguage\":\"et\",\"@id\":\"https:\\\/\\\/blog.erm.ee\\\/?p=14565#primaryimage\",\"url\":\"https:\\\/\\\/blog.erm.ee\\\/wp-content\\\/uploads\\\/2021\\\/04\\\/aa_0163.jpg\",\"contentUrl\":\"https:\\\/\\\/blog.erm.ee\\\/wp-content\\\/uploads\\\/2021\\\/04\\\/aa_0163.jpg\",\"width\":1600,\"height\":1067},{\"@type\":\"BreadcrumbList\",\"@id\":\"https:\\\/\\\/blog.erm.ee\\\/?p=14565#breadcrumb\",\"itemListElement\":[{\"@type\":\"ListItem\",\"position\":1,\"name\":\"Home\",\"item\":\"https:\\\/\\\/blog.erm.ee\\\/\"},{\"@type\":\"ListItem\",\"position\":2,\"name\":\"Muuseumi kutse inimkatsetele\"}]},{\"@type\":\"WebSite\",\"@id\":\"https:\\\/\\\/blog.erm.ee\\\/#website\",\"url\":\"https:\\\/\\\/blog.erm.ee\\\/\",\"name\":\"Eesti Rahva Muuseumi ajaveeb\",\"description\":\"\",\"potentialAction\":[{\"@type\":\"SearchAction\",\"target\":{\"@type\":\"EntryPoint\",\"urlTemplate\":\"https:\\\/\\\/blog.erm.ee\\\/?s={search_term_string}\"},\"query-input\":{\"@type\":\"PropertyValueSpecification\",\"valueRequired\":true,\"valueName\":\"search_term_string\"}}],\"inLanguage\":\"et\"},{\"@type\":\"Person\",\"@id\":\"https:\\\/\\\/blog.erm.ee\\\/#\\\/schema\\\/person\\\/6e98c391cb00a33e7c22a3571e062114\",\"name\":\"Eesti Rahva Muuseum\",\"image\":{\"@type\":\"ImageObject\",\"inLanguage\":\"et\",\"@id\":\"https:\\\/\\\/secure.gravatar.com\\\/avatar\\\/cb6d9ad5fb49f3f7315028ce5fe60641075f2cb52b8a058ff5a985fa2d8c1da0?s=96&d=mm&r=g\",\"url\":\"https:\\\/\\\/secure.gravatar.com\\\/avatar\\\/cb6d9ad5fb49f3f7315028ce5fe60641075f2cb52b8a058ff5a985fa2d8c1da0?s=96&d=mm&r=g\",\"contentUrl\":\"https:\\\/\\\/secure.gravatar.com\\\/avatar\\\/cb6d9ad5fb49f3f7315028ce5fe60641075f2cb52b8a058ff5a985fa2d8c1da0?s=96&d=mm&r=g\",\"caption\":\"Eesti Rahva Muuseum\"},\"sameAs\":[\"http:\\\/\\\/www.erm.ee\"],\"url\":\"https:\\\/\\\/blog.erm.ee\\\/?author=1\"}]}<\/script>\n<!-- \/ Yoast SEO plugin. -->","yoast_head_json":{"title":"Muuseumi kutse inimkatsetele - Eesti Rahva Muuseumi ajaveeb","robots":{"index":"index","follow":"follow","max-snippet":"max-snippet:-1","max-image-preview":"max-image-preview:large","max-video-preview":"max-video-preview:-1"},"canonical":"https:\/\/blog.erm.ee\/?p=14565","og_locale":"et_EE","og_type":"article","og_title":"Muuseumi kutse inimkatsetele - Eesti Rahva Muuseumi ajaveeb","og_description":"Alar Karis, ERMi direktor Sarnaselt s\u00f5nastas \u00fcks p\u00e4evaleht oma artikli pealkirja, kirjutades loo Eesti Rahva Muuseumi p\u00fcsin\u00e4ituse \u201eKohtumised\u201c tasuta avamisest k\u00fclastajatele. Hea m\u00f5te ju, arvas teine ajaleht. J\u00e4rjekordse koroonapandeemia laine t\u00f5ttu sai eksperiment kesta vaid kuu aega, kuid vaatamata l\u00fchiajalisusele soovib nii m\u00f5nigi inimkatses osalenu v\u00f5i k\u00f5rvaltvaataja \u00fcht-teist k\u00fcsida. Kas k\u00fclastajate arv suurenes? Kas muuseum&hellip;","og_url":"https:\/\/blog.erm.ee\/?p=14565","og_site_name":"Eesti Rahva Muuseumi ajaveeb","article_published_time":"2021-04-08T06:50:32+00:00","article_modified_time":"2021-04-08T11:19:46+00:00","og_image":[{"width":1600,"height":1067,"url":"https:\/\/blog.erm.ee\/wp-content\/uploads\/2021\/04\/aa_0163.jpg","type":"image\/jpeg"}],"author":"Eesti Rahva Muuseum","twitter_card":"summary_large_image","twitter_misc":{"Written by":"Eesti Rahva Muuseum","Est. reading time":"5 minutit"},"schema":{"@context":"https:\/\/schema.org","@graph":[{"@type":"Article","@id":"https:\/\/blog.erm.ee\/?p=14565#article","isPartOf":{"@id":"https:\/\/blog.erm.ee\/?p=14565"},"author":{"name":"Eesti Rahva Muuseum","@id":"https:\/\/blog.erm.ee\/#\/schema\/person\/6e98c391cb00a33e7c22a3571e062114"},"headline":"Muuseumi kutse inimkatsetele","datePublished":"2021-04-08T06:50:32+00:00","dateModified":"2021-04-08T11:19:46+00:00","mainEntityOfPage":{"@id":"https:\/\/blog.erm.ee\/?p=14565"},"wordCount":1046,"commentCount":0,"image":{"@id":"https:\/\/blog.erm.ee\/?p=14565#primaryimage"},"thumbnailUrl":"https:\/\/blog.erm.ee\/wp-content\/uploads\/2021\/04\/aa_0163.jpg","articleSection":["V\u00e4rat"],"inLanguage":"et","potentialAction":[{"@type":"CommentAction","name":"Comment","target":["https:\/\/blog.erm.ee\/?p=14565#respond"]}]},{"@type":"WebPage","@id":"https:\/\/blog.erm.ee\/?p=14565","url":"https:\/\/blog.erm.ee\/?p=14565","name":"Muuseumi kutse inimkatsetele - Eesti Rahva Muuseumi ajaveeb","isPartOf":{"@id":"https:\/\/blog.erm.ee\/#website"},"primaryImageOfPage":{"@id":"https:\/\/blog.erm.ee\/?p=14565#primaryimage"},"image":{"@id":"https:\/\/blog.erm.ee\/?p=14565#primaryimage"},"thumbnailUrl":"https:\/\/blog.erm.ee\/wp-content\/uploads\/2021\/04\/aa_0163.jpg","datePublished":"2021-04-08T06:50:32+00:00","dateModified":"2021-04-08T11:19:46+00:00","author":{"@id":"https:\/\/blog.erm.ee\/#\/schema\/person\/6e98c391cb00a33e7c22a3571e062114"},"breadcrumb":{"@id":"https:\/\/blog.erm.ee\/?p=14565#breadcrumb"},"inLanguage":"et","potentialAction":[{"@type":"ReadAction","target":["https:\/\/blog.erm.ee\/?p=14565"]}]},{"@type":"ImageObject","inLanguage":"et","@id":"https:\/\/blog.erm.ee\/?p=14565#primaryimage","url":"https:\/\/blog.erm.ee\/wp-content\/uploads\/2021\/04\/aa_0163.jpg","contentUrl":"https:\/\/blog.erm.ee\/wp-content\/uploads\/2021\/04\/aa_0163.jpg","width":1600,"height":1067},{"@type":"BreadcrumbList","@id":"https:\/\/blog.erm.ee\/?p=14565#breadcrumb","itemListElement":[{"@type":"ListItem","position":1,"name":"Home","item":"https:\/\/blog.erm.ee\/"},{"@type":"ListItem","position":2,"name":"Muuseumi kutse inimkatsetele"}]},{"@type":"WebSite","@id":"https:\/\/blog.erm.ee\/#website","url":"https:\/\/blog.erm.ee\/","name":"Eesti Rahva Muuseumi ajaveeb","description":"","potentialAction":[{"@type":"SearchAction","target":{"@type":"EntryPoint","urlTemplate":"https:\/\/blog.erm.ee\/?s={search_term_string}"},"query-input":{"@type":"PropertyValueSpecification","valueRequired":true,"valueName":"search_term_string"}}],"inLanguage":"et"},{"@type":"Person","@id":"https:\/\/blog.erm.ee\/#\/schema\/person\/6e98c391cb00a33e7c22a3571e062114","name":"Eesti Rahva Muuseum","image":{"@type":"ImageObject","inLanguage":"et","@id":"https:\/\/secure.gravatar.com\/avatar\/cb6d9ad5fb49f3f7315028ce5fe60641075f2cb52b8a058ff5a985fa2d8c1da0?s=96&d=mm&r=g","url":"https:\/\/secure.gravatar.com\/avatar\/cb6d9ad5fb49f3f7315028ce5fe60641075f2cb52b8a058ff5a985fa2d8c1da0?s=96&d=mm&r=g","contentUrl":"https:\/\/secure.gravatar.com\/avatar\/cb6d9ad5fb49f3f7315028ce5fe60641075f2cb52b8a058ff5a985fa2d8c1da0?s=96&d=mm&r=g","caption":"Eesti Rahva Muuseum"},"sameAs":["http:\/\/www.erm.ee"],"url":"https:\/\/blog.erm.ee\/?author=1"}]}},"jetpack_featured_media_url":"https:\/\/blog.erm.ee\/wp-content\/uploads\/2021\/04\/aa_0163.jpg","jetpack_shortlink":"https:\/\/wp.me\/p2l9Zd-3MV","jetpack_sharing_enabled":true,"jetpack_likes_enabled":true,"_links":{"self":[{"href":"https:\/\/blog.erm.ee\/index.php?rest_route=\/wp\/v2\/posts\/14565","targetHints":{"allow":["GET"]}}],"collection":[{"href":"https:\/\/blog.erm.ee\/index.php?rest_route=\/wp\/v2\/posts"}],"about":[{"href":"https:\/\/blog.erm.ee\/index.php?rest_route=\/wp\/v2\/types\/post"}],"author":[{"embeddable":true,"href":"https:\/\/blog.erm.ee\/index.php?rest_route=\/wp\/v2\/users\/1"}],"replies":[{"embeddable":true,"href":"https:\/\/blog.erm.ee\/index.php?rest_route=%2Fwp%2Fv2%2Fcomments&post=14565"}],"version-history":[{"count":5,"href":"https:\/\/blog.erm.ee\/index.php?rest_route=\/wp\/v2\/posts\/14565\/revisions"}],"predecessor-version":[{"id":14574,"href":"https:\/\/blog.erm.ee\/index.php?rest_route=\/wp\/v2\/posts\/14565\/revisions\/14574"}],"wp:featuredmedia":[{"embeddable":true,"href":"https:\/\/blog.erm.ee\/index.php?rest_route=\/wp\/v2\/media\/14569"}],"wp:attachment":[{"href":"https:\/\/blog.erm.ee\/index.php?rest_route=%2Fwp%2Fv2%2Fmedia&parent=14565"}],"wp:term":[{"taxonomy":"category","embeddable":true,"href":"https:\/\/blog.erm.ee\/index.php?rest_route=%2Fwp%2Fv2%2Fcategories&post=14565"},{"taxonomy":"post_tag","embeddable":true,"href":"https:\/\/blog.erm.ee\/index.php?rest_route=%2Fwp%2Fv2%2Ftags&post=14565"}],"curies":[{"name":"wp","href":"https:\/\/api.w.org\/{rel}","templated":true}]}}