{"id":14172,"date":"2020-11-30T10:24:00","date_gmt":"2020-11-30T08:24:00","guid":{"rendered":"https:\/\/blog.erm.ee\/?p=14172"},"modified":"2020-11-30T15:36:05","modified_gmt":"2020-11-30T13:36:05","slug":"avatud-uksed-ermi-handi-mansi-fotokogus","status":"publish","type":"post","link":"https:\/\/blog.erm.ee\/?p=14172","title":{"rendered":"Avatud uksed ERMi handi-mansi fotokogus"},"content":{"rendered":"<div class=\"fcbkbttn_buttons_block\" id=\"fcbkbttn_left\"><div class=\"fcbkbttn_like \"><fb:like href=\"https:\/\/blog.erm.ee\/?p=14172\" action=\"like\" colorscheme=\"light\" layout=\"standard\"  width=\"225px\" size=\"small\"><\/fb:like><\/div><div class=\"fb-share-button  \" data-href=\"https:\/\/blog.erm.ee\/?p=14172\" data-type=\"button\" data-size=\"small\"><\/div><\/div><p style=\"text-align: justify;\">Svetlana Karm, ERMi teadur, n\u00e4itusekontseptsiooni autor ja projektijuht.<\/p>\n<p style=\"text-align: justify;\">Detsembri esimesel n\u00e4dalal toimub Hant\u00f5-Mansiiskis Looduse ja Inimese Muuseumis <a href=\"http:\/\/biennale.ugramuseum.ru\/\">IX Jugra muuseumibiennaal<\/a>, kus ERM osaleb foton\u00e4ituse ja filmiga.<\/p>\n<p style=\"text-align: justify;\">Osalesin Jugra biennaalil ka 2014. aastal, <a href=\"https:\/\/blog.erm.ee\/?p=5754\">l\u00e4hemalt saab sellest reisist lugeda siit.<\/a><\/p>\n<p style=\"text-align: justify;\">2004. aastal alguse saanud \u00fclevenemaaline muuseumifoorum keskendub v\u00e4lit\u00f6\u00f6dele ja sellele, kuidas \u00fchest v\u00f5i teisest asjast saab muuseumiese ja n\u00e4ituseeksponaat, ning otsib uusi viise muuseumikogude kasutamiseks tr\u00fckistes ja multimeedias, kultuuri- ja haridustegevuses. Samuti kogub foorum ideid poliitiliste ja \u00e4riringkondade kaasamiseks muuseumiprojektidesse.<\/p>\n<p style=\"text-align: justify;\">Biennaal \u00fchendab endas mitmeid muuseumikunsti formaate: teaduskonverentse, avalikke loenguid ja \u00f5pitubasid, visuaalse antropoloogia festivali, n\u00e4ituste, multimeediaprojektide ja tr\u00fckiste esitlusi ning muuseumiturundusega seotud arutelusid. Lisaks Handi-Mansi Jugra autonoomse ringkonna muuseumitele, Jugra \u00fclikoolile ja ERMile on t\u00e4navusel biennaalil esindatud Venemaa TA Etnoloogia ja Antropoloogia Instituut ja Moskva Riiklik \u00dclikool, Tomski \u00dclikool ja TV, T\u0161eljabinski \u00dclikool, Tjumeni Riiklik Meditsiiniinstituut, Venemaa TA Geoloogiainstituut ning Peterburi Antropoloogia ja Etnograafia muuseum (Kunstkamera).<\/p>\n<p style=\"text-align: justify;\">Olude sunnil toimuvad arutelud ja esitlused seekord virtuaalselt, sest Jugra regioonis on kultuuriasutused ja muuseumid kevadest saadik k\u00fclastajatele suletud.<\/p>\n<p style=\"text-align: justify;\">Biennaali visuaalse antropoloogia festivali raames linastub Maido Selgm\u00e4e 2019. aastal valminud dokumentaalfilm \u201eL\u00e4hetus\u201c, mis jutustab mullu augustis toimunud rahvusvahelisest ekspeditsioonist Reguly m\u00e4ele. Lisaks Polaar-Uuralite \u00fche k\u00f5rgema tippu\u00a0 vallutamisele oli ERMi uurimisgrupil (Svetlana Karm, Arp Karm, Maido Selgm\u00e4e) Handi-Mansimaal ka teine eesm\u00e4rk \u2013 tutvuda kohaliku eluoluga ja kohtuda inimestega, kes olid eestlaste teejuhtideks handi-mansi v\u00e4lit\u00f6\u00f6del n\u00f5ukogude ajal. Film on omamoodi aruanne sellest, kuidas esimest korda kokku tulnud teadlaste, kunstnike ja eraettev\u00f5tjate grupp vallutas \u00fcleujutuste t\u00f5ttu v\u00e4lja kuulutatud eriolukorras m\u00e4etipu, ning mida r\u00e4\u00e4kisid eestlastele t\u00e4nap\u00e4eva elust ja endistest ekspeditsioonidest kohalikud inimesed.<\/p>\n<div id=\"attachment_14174\" style=\"width: 1610px\" class=\"wp-caption aligncenter\"><a href=\"https:\/\/blog.erm.ee\/wp-content\/uploads\/2020\/11\/ak_1526_DSC_7756.jpg\"><img loading=\"lazy\" decoding=\"async\" aria-describedby=\"caption-attachment-14174\" data-attachment-id=\"14174\" data-permalink=\"https:\/\/blog.erm.ee\/?attachment_id=14174#main\" data-orig-file=\"https:\/\/blog.erm.ee\/wp-content\/uploads\/2020\/11\/ak_1526_DSC_7756.jpg\" data-orig-size=\"1600,1068\" data-comments-opened=\"1\" data-image-meta=\"{&quot;aperture&quot;:&quot;5.6&quot;,&quot;credit&quot;:&quot;&quot;,&quot;camera&quot;:&quot;NIKON D600&quot;,&quot;caption&quot;:&quot;&quot;,&quot;created_timestamp&quot;:&quot;1565372702&quot;,&quot;copyright&quot;:&quot;&quot;,&quot;focal_length&quot;:&quot;65&quot;,&quot;iso&quot;:&quot;800&quot;,&quot;shutter_speed&quot;:&quot;0.002&quot;,&quot;title&quot;:&quot;&quot;,&quot;orientation&quot;:&quot;1&quot;}\" data-image-title=\"ak_1526_DSC_7756\" data-image-description=\"\" data-image-caption=\"\" data-large-file=\"https:\/\/blog.erm.ee\/wp-content\/uploads\/2020\/11\/ak_1526_DSC_7756-1024x684.jpg\" class=\"wp-image-14174 size-full\" src=\"https:\/\/blog.erm.ee\/wp-content\/uploads\/2020\/11\/ak_1526_DSC_7756.jpg\" alt=\"\" width=\"1600\" height=\"1068\" srcset=\"https:\/\/blog.erm.ee\/wp-content\/uploads\/2020\/11\/ak_1526_DSC_7756.jpg 1600w, https:\/\/blog.erm.ee\/wp-content\/uploads\/2020\/11\/ak_1526_DSC_7756-300x200.jpg 300w, https:\/\/blog.erm.ee\/wp-content\/uploads\/2020\/11\/ak_1526_DSC_7756-1024x684.jpg 1024w, https:\/\/blog.erm.ee\/wp-content\/uploads\/2020\/11\/ak_1526_DSC_7756-390x260.jpg 390w, https:\/\/blog.erm.ee\/wp-content\/uploads\/2020\/11\/ak_1526_DSC_7756-768x513.jpg 768w, https:\/\/blog.erm.ee\/wp-content\/uploads\/2020\/11\/ak_1526_DSC_7756-1536x1025.jpg 1536w\" sizes=\"auto, (max-width: 1600px) 100vw, 1600px\" \/><\/a><p id=\"caption-attachment-14174\" class=\"wp-caption-text\">Reguly m\u00e4e ekspeditsioonigrupp Polaar-Uuralite jalamil. Foto: Juri Pjankov, august 2019. ERM Fk<\/p><\/div>\n<p style=\"text-align: justify;\">3.detsembril avatakse Looduse ja Inimese Muuseumis ERMi handi-mansi fotokogul p\u00f5hinev n\u00e4itus \u201eAvatud uksega. Obiugrilaste kultuur eesti uurijate fotodel\u201c. V\u00e4ljas on etnograafilised fotod, mille autoriteks on Johann Kampus, Edgar Saar, Haja Eist, Lembit Onton, Heno Sarv, Anna Le\u0161kin, Aado Lintrop, Edith Salu, Toomas Kalve, Art Leete, Arp Karm \u2013 nii uurijad, fotograafid kui ka kunagised Eesti Riikliku Kunstiinstituudi tudengid. Pilte t\u00e4iendavad v\u00e4lit\u00f6\u00f6p\u00e4evikute katkendid ning eesti uurijate reiside nimekiri obiugrilaste ja neenetsite juurde. Olgu lisatud, et ERMi handi-mansi fotokogus on ligemale 7000 pilti. Vanimad fotod L\u00e4\u00e4ne-Siberi rahvastest p\u00e4rinevad 1916. aastast, nende autor on Johann Kampus, \u00fclej\u00e4\u00e4nud on ajavahemikul 1968\u20132019 v\u00e4lit\u00f6\u00f6del tehtud pildid. ERMis on ka tallel rohkem kui 30 Handi-Mansimaale ja neenetsite juurde korraldatud ekspeditsiooni materjalid: esemed, joonistused, videod, p\u00e4evikum\u00e4rkmed ja etnograafilised kirjeldused.<\/p>\n<div id=\"attachment_14175\" style=\"width: 1149px\" class=\"wp-caption aligncenter\"><a href=\"https:\/\/blog.erm.ee\/wp-content\/uploads\/2020\/11\/Poster1_420x594mmbleed_5mm.jpg\"><img loading=\"lazy\" decoding=\"async\" aria-describedby=\"caption-attachment-14175\" data-attachment-id=\"14175\" data-permalink=\"https:\/\/blog.erm.ee\/?attachment_id=14175#main\" data-orig-file=\"https:\/\/blog.erm.ee\/wp-content\/uploads\/2020\/11\/Poster1_420x594mmbleed_5mm.jpg\" data-orig-size=\"1139,1600\" data-comments-opened=\"1\" data-image-meta=\"{&quot;aperture&quot;:&quot;0&quot;,&quot;credit&quot;:&quot;Arvuti&quot;,&quot;camera&quot;:&quot;&quot;,&quot;caption&quot;:&quot;&quot;,&quot;created_timestamp&quot;:&quot;0&quot;,&quot;copyright&quot;:&quot;&quot;,&quot;focal_length&quot;:&quot;0&quot;,&quot;iso&quot;:&quot;0&quot;,&quot;shutter_speed&quot;:&quot;0&quot;,&quot;title&quot;:&quot;Poster_420x594mm+bleed_5mm.cdr&quot;,&quot;orientation&quot;:&quot;1&quot;}\" data-image-title=\"Poster_420x594mm+bleed_5mm.cdr\" data-image-description=\"\" data-image-caption=\"\" data-large-file=\"https:\/\/blog.erm.ee\/wp-content\/uploads\/2020\/11\/Poster1_420x594mmbleed_5mm-729x1024.jpg\" class=\"wp-image-14175 size-full\" src=\"https:\/\/blog.erm.ee\/wp-content\/uploads\/2020\/11\/Poster1_420x594mmbleed_5mm.jpg\" alt=\"\" width=\"1139\" height=\"1600\" srcset=\"https:\/\/blog.erm.ee\/wp-content\/uploads\/2020\/11\/Poster1_420x594mmbleed_5mm.jpg 1139w, https:\/\/blog.erm.ee\/wp-content\/uploads\/2020\/11\/Poster1_420x594mmbleed_5mm-214x300.jpg 214w, https:\/\/blog.erm.ee\/wp-content\/uploads\/2020\/11\/Poster1_420x594mmbleed_5mm-729x1024.jpg 729w, https:\/\/blog.erm.ee\/wp-content\/uploads\/2020\/11\/Poster1_420x594mmbleed_5mm-185x260.jpg 185w, https:\/\/blog.erm.ee\/wp-content\/uploads\/2020\/11\/Poster1_420x594mmbleed_5mm-768x1079.jpg 768w, https:\/\/blog.erm.ee\/wp-content\/uploads\/2020\/11\/Poster1_420x594mmbleed_5mm-1093x1536.jpg 1093w\" sizes=\"auto, (max-width: 1139px) 100vw, 1139px\" \/><\/a><p id=\"caption-attachment-14175\" class=\"wp-caption-text\">Jane Liivi kujundatud plakatil on kasutatud Lembit Ontoni pilti: Handi t\u00fctarlaps. Jamali Neenetsi autonoomne ringkond, \u0160ur\u00f5\u0161kar\u00f5 rajoon, Ovgorti k\u00fcla. Eesti Riikliku Kunstiinstituudi \u00f5ppeekspeditsioon, juuli 1979. ERM Fk 1908: 371<\/p><\/div>\n<p style=\"text-align: justify;\">Nagu pealkirigi vihjab, \u00fchendab n\u00e4itusele valitud pilte asjaolu, et neil k\u00f5igil leidub avatud uks. Selliseid pilte pole ERMi handi-mansi fotokogus tegelikult v\u00e4ga palju, umbes 350 ringis, aga samas on see hea pidepunk ja \u00fchendav l\u00fcli pildivalikul. Uks on \u00fchtlasi s\u00fcmbol, mis kannab mitmesugust t\u00e4hendust. Aga n\u00e4ituse peategelaseks pole siiski avatud uks, vaid see, mis ja kes on selle taustal pildile j\u00e4\u00e4nud.<\/p>\n<div id=\"attachment_14176\" style=\"width: 1610px\" class=\"wp-caption aligncenter\"><a href=\"https:\/\/blog.erm.ee\/wp-content\/uploads\/2020\/11\/314159_ERM_Fk_504_6.jpg\"><img loading=\"lazy\" decoding=\"async\" aria-describedby=\"caption-attachment-14176\" data-attachment-id=\"14176\" data-permalink=\"https:\/\/blog.erm.ee\/?attachment_id=14176#main\" data-orig-file=\"https:\/\/blog.erm.ee\/wp-content\/uploads\/2020\/11\/314159_ERM_Fk_504_6.jpg\" data-orig-size=\"1600,1028\" data-comments-opened=\"1\" data-image-meta=\"{&quot;aperture&quot;:&quot;8&quot;,&quot;credit&quot;:&quot;&quot;,&quot;camera&quot;:&quot;NIKON D70&quot;,&quot;caption&quot;:&quot;Capturefile: I:!fotokast asjad2008-03-25_repf69_sveta_handi504_6.NEF\\rCaptureSN: --.000000\\rSoftware: Capture One LE for Windows&quot;,&quot;created_timestamp&quot;:&quot;1206439006&quot;,&quot;copyright&quot;:&quot;Arp Karm&quot;,&quot;focal_length&quot;:&quot;50&quot;,&quot;iso&quot;:&quot;200&quot;,&quot;shutter_speed&quot;:&quot;0.066666666666667&quot;,&quot;title&quot;:&quot;&quot;,&quot;orientation&quot;:&quot;1&quot;}\" data-image-title=\"314159_ERM_Fk_504_6\" data-image-description=\"\" data-image-caption=\"&lt;p&gt;Capturefile: I:!fotokast asjad2008-03-25_repf69_sveta_handi504_6.NEF&lt;br \/&gt;\nCaptureSN: &amp;#8211;.000000&lt;br \/&gt;\nSoftware: Capture One LE for Windows&lt;\/p&gt;\n\" data-large-file=\"https:\/\/blog.erm.ee\/wp-content\/uploads\/2020\/11\/314159_ERM_Fk_504_6-1024x658.jpg\" class=\"wp-image-14176 size-full\" src=\"https:\/\/blog.erm.ee\/wp-content\/uploads\/2020\/11\/314159_ERM_Fk_504_6.jpg\" alt=\"\" width=\"1600\" height=\"1028\" srcset=\"https:\/\/blog.erm.ee\/wp-content\/uploads\/2020\/11\/314159_ERM_Fk_504_6.jpg 1600w, https:\/\/blog.erm.ee\/wp-content\/uploads\/2020\/11\/314159_ERM_Fk_504_6-300x193.jpg 300w, https:\/\/blog.erm.ee\/wp-content\/uploads\/2020\/11\/314159_ERM_Fk_504_6-1024x658.jpg 1024w, https:\/\/blog.erm.ee\/wp-content\/uploads\/2020\/11\/314159_ERM_Fk_504_6-405x260.jpg 405w, https:\/\/blog.erm.ee\/wp-content\/uploads\/2020\/11\/314159_ERM_Fk_504_6-768x493.jpg 768w, https:\/\/blog.erm.ee\/wp-content\/uploads\/2020\/11\/314159_ERM_Fk_504_6-1536x987.jpg 1536w\" sizes=\"auto, (max-width: 1600px) 100vw, 1600px\" \/><\/a><p id=\"caption-attachment-14176\" class=\"wp-caption-text\">Ostjakid \u00f5ngesid teritamas. Foto: Johann Kampus, 1916. ERM Fk 504: 6<\/p><\/div>\n<div id=\"attachment_14177\" style=\"width: 1459px\" class=\"wp-caption aligncenter\"><a href=\"https:\/\/blog.erm.ee\/wp-content\/uploads\/2020\/11\/000947_ERM_Fk1766_59.jpg\"><img loading=\"lazy\" decoding=\"async\" aria-describedby=\"caption-attachment-14177\" data-attachment-id=\"14177\" data-permalink=\"https:\/\/blog.erm.ee\/?attachment_id=14177#main\" data-orig-file=\"https:\/\/blog.erm.ee\/wp-content\/uploads\/2020\/11\/000947_ERM_Fk1766_59.jpg\" data-orig-size=\"1449,1600\" data-comments-opened=\"1\" data-image-meta=\"{&quot;aperture&quot;:&quot;0&quot;,&quot;credit&quot;:&quot;&quot;,&quot;camera&quot;:&quot;&quot;,&quot;caption&quot;:&quot;&quot;,&quot;created_timestamp&quot;:&quot;0&quot;,&quot;copyright&quot;:&quot;&quot;,&quot;focal_length&quot;:&quot;0&quot;,&quot;iso&quot;:&quot;0&quot;,&quot;shutter_speed&quot;:&quot;0&quot;,&quot;title&quot;:&quot;&quot;,&quot;orientation&quot;:&quot;1&quot;}\" data-image-title=\"000947_ERM_Fk1766_59\" data-image-description=\"\" data-image-caption=\"\" data-large-file=\"https:\/\/blog.erm.ee\/wp-content\/uploads\/2020\/11\/000947_ERM_Fk1766_59-927x1024.jpg\" class=\"wp-image-14177 size-full\" src=\"https:\/\/blog.erm.ee\/wp-content\/uploads\/2020\/11\/000947_ERM_Fk1766_59.jpg\" alt=\"\" width=\"1449\" height=\"1600\" srcset=\"https:\/\/blog.erm.ee\/wp-content\/uploads\/2020\/11\/000947_ERM_Fk1766_59.jpg 1449w, https:\/\/blog.erm.ee\/wp-content\/uploads\/2020\/11\/000947_ERM_Fk1766_59-272x300.jpg 272w, https:\/\/blog.erm.ee\/wp-content\/uploads\/2020\/11\/000947_ERM_Fk1766_59-927x1024.jpg 927w, https:\/\/blog.erm.ee\/wp-content\/uploads\/2020\/11\/000947_ERM_Fk1766_59-235x260.jpg 235w, https:\/\/blog.erm.ee\/wp-content\/uploads\/2020\/11\/000947_ERM_Fk1766_59-768x848.jpg 768w, https:\/\/blog.erm.ee\/wp-content\/uploads\/2020\/11\/000947_ERM_Fk1766_59-1391x1536.jpg 1391w\" sizes=\"auto, (max-width: 1449px) 100vw, 1449px\" \/><\/a><p id=\"caption-attachment-14177\" class=\"wp-caption-text\">Oleg, Georgi ja Alja Moldanov talveriietuses. Handi-Mansi rahvusringkond, Berjozovo rajoon, Kaz\u00f5mi k\u00fclan\u00f5ukogu, Juilski k\u00fcla. Foto: Heno Sarv, august 1975. ERM Fk 1766: 59<\/p><\/div>\n<div id=\"attachment_14178\" style=\"width: 1589px\" class=\"wp-caption aligncenter\"><a href=\"https:\/\/blog.erm.ee\/wp-content\/uploads\/2020\/11\/005971_ERM_Fk1916_52.jpg\"><img loading=\"lazy\" decoding=\"async\" aria-describedby=\"caption-attachment-14178\" data-attachment-id=\"14178\" data-permalink=\"https:\/\/blog.erm.ee\/?attachment_id=14178#main\" data-orig-file=\"https:\/\/blog.erm.ee\/wp-content\/uploads\/2020\/11\/005971_ERM_Fk1916_52.jpg\" data-orig-size=\"1579,1600\" data-comments-opened=\"1\" data-image-meta=\"{&quot;aperture&quot;:&quot;0&quot;,&quot;credit&quot;:&quot;&quot;,&quot;camera&quot;:&quot;&quot;,&quot;caption&quot;:&quot;&quot;,&quot;created_timestamp&quot;:&quot;0&quot;,&quot;copyright&quot;:&quot;&quot;,&quot;focal_length&quot;:&quot;0&quot;,&quot;iso&quot;:&quot;0&quot;,&quot;shutter_speed&quot;:&quot;0&quot;,&quot;title&quot;:&quot;&quot;,&quot;orientation&quot;:&quot;1&quot;}\" data-image-title=\"005971_ERM_Fk1916_52\" data-image-description=\"\" data-image-caption=\"\" data-large-file=\"https:\/\/blog.erm.ee\/wp-content\/uploads\/2020\/11\/005971_ERM_Fk1916_52-1011x1024.jpg\" class=\"wp-image-14178 size-full\" src=\"https:\/\/blog.erm.ee\/wp-content\/uploads\/2020\/11\/005971_ERM_Fk1916_52.jpg\" alt=\"\" width=\"1579\" height=\"1600\" srcset=\"https:\/\/blog.erm.ee\/wp-content\/uploads\/2020\/11\/005971_ERM_Fk1916_52.jpg 1579w, https:\/\/blog.erm.ee\/wp-content\/uploads\/2020\/11\/005971_ERM_Fk1916_52-296x300.jpg 296w, https:\/\/blog.erm.ee\/wp-content\/uploads\/2020\/11\/005971_ERM_Fk1916_52-1011x1024.jpg 1011w, https:\/\/blog.erm.ee\/wp-content\/uploads\/2020\/11\/005971_ERM_Fk1916_52-257x260.jpg 257w, https:\/\/blog.erm.ee\/wp-content\/uploads\/2020\/11\/005971_ERM_Fk1916_52-768x778.jpg 768w, https:\/\/blog.erm.ee\/wp-content\/uploads\/2020\/11\/005971_ERM_Fk1916_52-1516x1536.jpg 1516w, https:\/\/blog.erm.ee\/wp-content\/uploads\/2020\/11\/005971_ERM_Fk1916_52-50x50.jpg 50w\" sizes=\"auto, (max-width: 1579px) 100vw, 1579px\" \/><\/a><p id=\"caption-attachment-14178\" class=\"wp-caption-text\">Roman Sainahhov koos naisega oma maja ees trepil. Naine valmistab p\u00f5hjap\u00f5drak\u00f5\u00f5lustest niiti. Handi-Mansi rahvusringkond, Berjozovo rajoon, Saranpauli k\u00fclan\u00f5ukogu, \u0160t\u0161ekurja k\u00fcla. \u201eLinnutee tuulte\u201c ekspeditsioon. Foto: Aado Lintrop, 1977. ERM Fk 1916: 52<\/p><\/div>\n<p style=\"text-align: justify;\">2019. aastal r\u00e4\u00e4kisid Jugra ringkonna rahvaloomingu maja (<em>\u041e\u043a\u0440\u0443\u0436\u043d\u043e\u0439 \u0434\u043e\u043c \u043d\u0430\u0440\u043e\u0434\u043d\u043e\u0433\u043e \u0442\u0432\u043e\u0440\u0447\u0435\u0441\u0442\u0432\u0430<\/em>) keelpillide meistrid ERMi uurijatele, et \u00f5iget p\u00f5drak\u00f5\u00f5lustest niiti on t\u00e4nap\u00e4eval raske leida, kuna noored enam ei oska, aga vanad meistrid on hambutuks j\u00e4\u00e4nud. Nimelt, et k\u00f5\u00f5lustest niiti teha, tuleb neid palju n\u00e4rida.<\/p>\n<div id=\"attachment_14179\" style=\"width: 1610px\" class=\"wp-caption aligncenter\"><a href=\"https:\/\/blog.erm.ee\/wp-content\/uploads\/2020\/11\/004101_ERM_Fk1908_5.jpg\"><img loading=\"lazy\" decoding=\"async\" aria-describedby=\"caption-attachment-14179\" data-attachment-id=\"14179\" data-permalink=\"https:\/\/blog.erm.ee\/?attachment_id=14179#main\" data-orig-file=\"https:\/\/blog.erm.ee\/wp-content\/uploads\/2020\/11\/004101_ERM_Fk1908_5.jpg\" data-orig-size=\"1600,1099\" data-comments-opened=\"1\" data-image-meta=\"{&quot;aperture&quot;:&quot;11&quot;,&quot;credit&quot;:&quot;&quot;,&quot;camera&quot;:&quot;NIKON D600&quot;,&quot;caption&quot;:&quot;&quot;,&quot;created_timestamp&quot;:&quot;1582202647&quot;,&quot;copyright&quot;:&quot;&quot;,&quot;focal_length&quot;:&quot;60&quot;,&quot;iso&quot;:&quot;100&quot;,&quot;shutter_speed&quot;:&quot;0.016666666666667&quot;,&quot;title&quot;:&quot;&quot;,&quot;orientation&quot;:&quot;1&quot;}\" data-image-title=\"004101_ERM_Fk1908_5\" data-image-description=\"\" data-image-caption=\"\" data-large-file=\"https:\/\/blog.erm.ee\/wp-content\/uploads\/2020\/11\/004101_ERM_Fk1908_5-1024x703.jpg\" class=\"wp-image-14179 size-full\" src=\"https:\/\/blog.erm.ee\/wp-content\/uploads\/2020\/11\/004101_ERM_Fk1908_5.jpg\" alt=\"\" width=\"1600\" height=\"1099\" srcset=\"https:\/\/blog.erm.ee\/wp-content\/uploads\/2020\/11\/004101_ERM_Fk1908_5.jpg 1600w, https:\/\/blog.erm.ee\/wp-content\/uploads\/2020\/11\/004101_ERM_Fk1908_5-300x206.jpg 300w, https:\/\/blog.erm.ee\/wp-content\/uploads\/2020\/11\/004101_ERM_Fk1908_5-1024x703.jpg 1024w, https:\/\/blog.erm.ee\/wp-content\/uploads\/2020\/11\/004101_ERM_Fk1908_5-379x260.jpg 379w, https:\/\/blog.erm.ee\/wp-content\/uploads\/2020\/11\/004101_ERM_Fk1908_5-768x528.jpg 768w, https:\/\/blog.erm.ee\/wp-content\/uploads\/2020\/11\/004101_ERM_Fk1908_5-1536x1055.jpg 1536w\" sizes=\"auto, (max-width: 1600px) 100vw, 1600px\" \/><\/a><p id=\"caption-attachment-14179\" class=\"wp-caption-text\">Handi perekond. Jamali Neenetsi autonoomne ringkond, \u0160ur\u00f5\u0161kar\u00f5 rajoon, Ovgorti k\u00fcla. Eesti Riikliku Kunstiinstituudi \u00f5ppeekspeditsioon. Foto: Anna Le\u0161kin, juuli 1979. ERM Fk 1908: 5<\/p><\/div>\n<p style=\"text-align: justify;\">Valdavalt (eriti varasemalt) on ukse taustal j\u00e4\u00e4dvustatud inimesi rahvariietes v\u00f5i t\u0161ummi ning maja juures askeldamas. Siiski leidub teisigi igap\u00e4evaeluga seotud aspekte: on poode ja muid \u00fchiskondlikke hooneid, k\u00fcla- ja ajutiste asulate vaateid, usundi ja rahvak\u00f6\u00f6giga seotud kilde\u2026 Dokumentaalfotodele j\u00e4\u00e4dvustatu on \u00fchtlasi nii ajastutruu kui ka ajatu. See n\u00e4itus on hantidest ja mansidest, kultuuride kohtumisest ja avastamisest, aga ka v\u00f5\u00f5ristamisest ja avatusest, mida etnoloogid ning teised r\u00e4nnumehed v\u00f5\u00f5rsil olles kogevad.<\/p>\n<div id=\"attachment_14180\" style=\"width: 1610px\" class=\"wp-caption aligncenter\"><a href=\"https:\/\/blog.erm.ee\/wp-content\/uploads\/2020\/11\/008423_ERM_Fk2117_74.jpg\"><img loading=\"lazy\" decoding=\"async\" aria-describedby=\"caption-attachment-14180\" data-attachment-id=\"14180\" data-permalink=\"https:\/\/blog.erm.ee\/?attachment_id=14180#main\" data-orig-file=\"https:\/\/blog.erm.ee\/wp-content\/uploads\/2020\/11\/008423_ERM_Fk2117_74.jpg\" data-orig-size=\"1600,1052\" data-comments-opened=\"1\" data-image-meta=\"{&quot;aperture&quot;:&quot;0&quot;,&quot;credit&quot;:&quot;&quot;,&quot;camera&quot;:&quot;Nikon SUPER COOLSCAN 4000 ED&quot;,&quot;caption&quot;:&quot;&quot;,&quot;created_timestamp&quot;:&quot;0&quot;,&quot;copyright&quot;:&quot;&quot;,&quot;focal_length&quot;:&quot;0&quot;,&quot;iso&quot;:&quot;0&quot;,&quot;shutter_speed&quot;:&quot;0&quot;,&quot;title&quot;:&quot;&quot;,&quot;orientation&quot;:&quot;1&quot;}\" data-image-title=\"008423_ERM_Fk2117_74\" data-image-description=\"\" data-image-caption=\"\" data-large-file=\"https:\/\/blog.erm.ee\/wp-content\/uploads\/2020\/11\/008423_ERM_Fk2117_74-1024x673.jpg\" class=\"wp-image-14180 size-full\" src=\"https:\/\/blog.erm.ee\/wp-content\/uploads\/2020\/11\/008423_ERM_Fk2117_74.jpg\" alt=\"\" width=\"1600\" height=\"1052\" srcset=\"https:\/\/blog.erm.ee\/wp-content\/uploads\/2020\/11\/008423_ERM_Fk2117_74.jpg 1600w, https:\/\/blog.erm.ee\/wp-content\/uploads\/2020\/11\/008423_ERM_Fk2117_74-300x197.jpg 300w, https:\/\/blog.erm.ee\/wp-content\/uploads\/2020\/11\/008423_ERM_Fk2117_74-1024x673.jpg 1024w, https:\/\/blog.erm.ee\/wp-content\/uploads\/2020\/11\/008423_ERM_Fk2117_74-395x260.jpg 395w, https:\/\/blog.erm.ee\/wp-content\/uploads\/2020\/11\/008423_ERM_Fk2117_74-768x505.jpg 768w, https:\/\/blog.erm.ee\/wp-content\/uploads\/2020\/11\/008423_ERM_Fk2117_74-1536x1010.jpg 1536w\" sizes=\"auto, (max-width: 1600px) 100vw, 1600px\" \/><\/a><p id=\"caption-attachment-14180\" class=\"wp-caption-text\">Mansid ja etnograafiamuuseumi ekspeditsiooni kunstnikud kultusaida ees laua taga s\u00f6\u00f6mas. T\u00e4helepanelik vaataja v\u00f5ib m\u00e4rgata, et aidauks on k\u00f5rvale maha asetatud. Handi-Mansi autonoomne ringkond, Berjozovo rajoon, Saranpauli k\u00fclan\u00f5ukogu, Hurumpauli k\u00fcla. Foto: Edgar Saar, juuni\u2013juuli 1985. ERM Fk 2117: 74<\/p><\/div>\n<div id=\"attachment_14181\" style=\"width: 1048px\" class=\"wp-caption aligncenter\"><a href=\"https:\/\/blog.erm.ee\/wp-content\/uploads\/2020\/11\/036679_ERM_Fk_2730_43.jpg\"><img loading=\"lazy\" decoding=\"async\" aria-describedby=\"caption-attachment-14181\" data-attachment-id=\"14181\" data-permalink=\"https:\/\/blog.erm.ee\/?attachment_id=14181#main\" data-orig-file=\"https:\/\/blog.erm.ee\/wp-content\/uploads\/2020\/11\/036679_ERM_Fk_2730_43.jpg\" data-orig-size=\"1038,1600\" data-comments-opened=\"1\" data-image-meta=\"{&quot;aperture&quot;:&quot;0&quot;,&quot;credit&quot;:&quot;&quot;,&quot;camera&quot;:&quot;Nikon SUPER COOLSCAN 4000 ED&quot;,&quot;caption&quot;:&quot;&quot;,&quot;created_timestamp&quot;:&quot;0&quot;,&quot;copyright&quot;:&quot;&quot;,&quot;focal_length&quot;:&quot;0&quot;,&quot;iso&quot;:&quot;0&quot;,&quot;shutter_speed&quot;:&quot;0&quot;,&quot;title&quot;:&quot;&quot;,&quot;orientation&quot;:&quot;1&quot;}\" data-image-title=\"036679_ERM_Fk_2730_43\" data-image-description=\"\" data-image-caption=\"\" data-large-file=\"https:\/\/blog.erm.ee\/wp-content\/uploads\/2020\/11\/036679_ERM_Fk_2730_43-664x1024.jpg\" class=\"wp-image-14181 size-full\" src=\"https:\/\/blog.erm.ee\/wp-content\/uploads\/2020\/11\/036679_ERM_Fk_2730_43.jpg\" alt=\"\" width=\"1038\" height=\"1600\" srcset=\"https:\/\/blog.erm.ee\/wp-content\/uploads\/2020\/11\/036679_ERM_Fk_2730_43.jpg 1038w, https:\/\/blog.erm.ee\/wp-content\/uploads\/2020\/11\/036679_ERM_Fk_2730_43-195x300.jpg 195w, https:\/\/blog.erm.ee\/wp-content\/uploads\/2020\/11\/036679_ERM_Fk_2730_43-664x1024.jpg 664w, https:\/\/blog.erm.ee\/wp-content\/uploads\/2020\/11\/036679_ERM_Fk_2730_43-169x260.jpg 169w, https:\/\/blog.erm.ee\/wp-content\/uploads\/2020\/11\/036679_ERM_Fk_2730_43-768x1184.jpg 768w, https:\/\/blog.erm.ee\/wp-content\/uploads\/2020\/11\/036679_ERM_Fk_2730_43-996x1536.jpg 996w\" sizes=\"auto, (max-width: 1038px) 100vw, 1038px\" \/><\/a><p id=\"caption-attachment-14181\" class=\"wp-caption-text\">Teelaud. Jegor (Aiser) Kanterovi pere suveelamine Ai-Pimi ja Pimi suubumiskohas, Handi-Mansi autonoomne ringkond, Surguti rajoon. Foto: Toomas Kalve, august 1998. ERM Fk 2730: 43<\/p><\/div>\n<p style=\"text-align: justify;\">Foton\u00e4itus j\u00e4\u00e4b esialgu Looduse ja Inimese ja Muuseumisse ja hakkab loodetavasti hiljem r\u00e4ndama Handi-Mansimaal. N\u00e4ituse kuraatorid on ERMi teadur Svetlana Karm, fotograaf Arp Karm ja kunstnik Jane Liiv ning koordinaatoriteks Hant\u00f5-Mansiiskis Looduse ja Inimese Muuseumi teadusdirektor Oksana Belogai ja direktor Gleb T\u0161et\u0161evin.<\/p>\n<p style=\"text-align: justify;\">Nii Reguly m\u00e4e ekspeditsioon, mille tulemusena valmis dokumentaalfilm \u201eL\u00e4hetus\u201c, kui ka foton\u00e4itus \u201eAvatud uksega. Obiugrilaste kultuur eesti uurijate fotodel\u201c said teoks Eesti Rahva Muuseumi ning Inimese ja Looduse Muuseumi koost\u00f6\u00f6s. Toetasid Eesti Vabariigi Teadus- ja Haridusministeeriumi h\u00f5imurahvaste programm (uurimisprojekt \u201eSoome-ugri dialoogid:\u00a0N\u00f5ukogude Eesti etnograafid h\u00f5imurahvaid uurimas\u201c) ja Handi-Mansi Jugra autonoomse ringkonna kultuuriamet.<\/p>\n<p style=\"text-align: justify;\">Aga veel enne kui saime n\u00e4ituse fotovaliku teha, tuli digiteerida muuseumi handi-mansi pildikogu. Kuidas ligemale 7000 foto esi- ja tagak\u00fclje skaneerimine k\u00e4is, saab n\u00e4ha siit:<\/p>\n<div style=\"width: 700px;\" class=\"wp-video\"><video class=\"wp-video-shortcode\" id=\"video-14172-1\" width=\"700\" height=\"394\" preload=\"metadata\" controls=\"controls\"><source type=\"video\/mp4\" src=\"https:\/\/blog.erm.ee\/wp-content\/uploads\/2020\/11\/Handi-digimine-2020.mp4?_=1\" \/><a href=\"https:\/\/blog.erm.ee\/wp-content\/uploads\/2020\/11\/Handi-digimine-2020.mp4\">https:\/\/blog.erm.ee\/wp-content\/uploads\/2020\/11\/Handi-digimine-2020.mp4<\/a><\/video><\/div>\n<p>&nbsp;<\/p>\n<p>Otselink biennaalile on siin: <a href=\"http:\/\/biennale.ugramuseum.ru\/\">http:\/\/biennale.ugramuseum.ru\/<\/a><\/p>\n<p>Venekeelne link biennaalile: <a href=\"https:\/\/vk.com\/@ugramuseum-ix-ugorskaya-polevaya-muzeinaya-biennale-sostoitsya-v-hanty\">https:\/\/vk.com\/@ugramuseum-ix-ugorskaya-polevaya-muzeinaya-biennale-sostoitsya-v-hanty<\/a><\/p>\n<div class=\"fcbkbttn_buttons_block\" id=\"fcbkbttn_left\"><div class=\"fcbkbttn_like \"><fb:like href=\"https:\/\/blog.erm.ee\/?p=14172\" action=\"like\" colorscheme=\"light\" layout=\"standard\"  width=\"225px\" size=\"small\"><\/fb:like><\/div><div class=\"fb-share-button  \" data-href=\"https:\/\/blog.erm.ee\/?p=14172\" data-type=\"button\" data-size=\"small\"><\/div><\/div>","protected":false},"excerpt":{"rendered":"<p>Svetlana Karm, ERMi teadur, n\u00e4itusekontseptsiooni autor ja projektijuht. Detsembri esimesel n\u00e4dalal toimub Hant\u00f5-Mansiiskis Looduse ja Inimese Muuseumis IX Jugra muuseumibiennaal, kus ERM osaleb foton\u00e4ituse ja filmiga. Osalesin Jugra biennaalil ka 2014. aastal, l\u00e4hemalt saab sellest reisist lugeda siit. 2004. aastal alguse saanud \u00fclevenemaaline muuseumifoorum keskendub v\u00e4lit\u00f6\u00f6dele ja sellele, kuidas \u00fchest v\u00f5i teisest asjast saab muuseumiese&hellip;<\/p>\n","protected":false},"author":1,"featured_media":14179,"comment_status":"open","ping_status":"open","sticky":false,"template":"","format":"standard","meta":{"_monsterinsights_skip_tracking":false,"_monsterinsights_sitenote_active":false,"_monsterinsights_sitenote_note":"","_monsterinsights_sitenote_category":0,"jetpack_post_was_ever_published":false,"_jetpack_newsletter_access":"","_jetpack_dont_email_post_to_subs":false,"_jetpack_newsletter_tier_id":0,"_jetpack_memberships_contains_paywalled_content":false,"_jetpack_memberships_contains_paid_content":false,"footnotes":""},"categories":[6,7,10],"tags":[],"class_list":["post-14172","post","type-post","status-publish","format-standard","has-post-thumbnail","hentry","category-foto","category-naitus","category-teadus"],"yoast_head":"<!-- This site is optimized with the Yoast SEO plugin v27.5 - https:\/\/yoast.com\/product\/yoast-seo-wordpress\/ -->\n<title>Avatud uksed ERMi handi-mansi fotokogus - Eesti Rahva Muuseumi ajaveeb<\/title>\n<meta name=\"description\" content=\"Biennaali visuaalse antropoloogia festivali raames linastub Maido Selgm\u00e4e 2019. aastal valminud dokumentaalfilm \u201eL\u00e4hetus\u201c, mis jutustab mullu augustis toimunud rahvusvahelisest ekspeditsioonist Reguly m\u00e4ele.\" \/>\n<meta name=\"robots\" content=\"index, follow, max-snippet:-1, max-image-preview:large, max-video-preview:-1\" \/>\n<link rel=\"canonical\" href=\"https:\/\/blog.erm.ee\/?p=14172\" \/>\n<meta property=\"og:locale\" content=\"et_EE\" \/>\n<meta property=\"og:type\" content=\"article\" \/>\n<meta property=\"og:title\" content=\"Avatud uksed ERMi handi-mansi fotokogus - Eesti Rahva Muuseumi ajaveeb\" \/>\n<meta property=\"og:description\" content=\"Biennaali visuaalse antropoloogia festivali raames linastub Maido Selgm\u00e4e 2019. aastal valminud dokumentaalfilm \u201eL\u00e4hetus\u201c, mis jutustab mullu augustis toimunud rahvusvahelisest ekspeditsioonist Reguly m\u00e4ele.\" \/>\n<meta property=\"og:url\" content=\"https:\/\/blog.erm.ee\/?p=14172\" \/>\n<meta property=\"og:site_name\" content=\"Eesti Rahva Muuseumi ajaveeb\" \/>\n<meta property=\"article:published_time\" content=\"2020-11-30T08:24:00+00:00\" \/>\n<meta property=\"article:modified_time\" content=\"2020-11-30T13:36:05+00:00\" \/>\n<meta property=\"og:image\" content=\"https:\/\/blog.erm.ee\/wp-content\/uploads\/2020\/11\/004101_ERM_Fk1908_5.jpg\" \/>\n\t<meta property=\"og:image:width\" content=\"1600\" \/>\n\t<meta property=\"og:image:height\" content=\"1099\" \/>\n\t<meta property=\"og:image:type\" content=\"image\/jpeg\" \/>\n<meta name=\"author\" content=\"Eesti Rahva Muuseum\" \/>\n<meta name=\"twitter:card\" content=\"summary_large_image\" \/>\n<meta name=\"twitter:label1\" content=\"Written by\" \/>\n\t<meta name=\"twitter:data1\" content=\"Eesti Rahva Muuseum\" \/>\n\t<meta name=\"twitter:label2\" content=\"Est. reading time\" \/>\n\t<meta name=\"twitter:data2\" content=\"5 minutit\" \/>\n<script type=\"application\/ld+json\" class=\"yoast-schema-graph\">{\"@context\":\"https:\\\/\\\/schema.org\",\"@graph\":[{\"@type\":\"Article\",\"@id\":\"https:\\\/\\\/blog.erm.ee\\\/?p=14172#article\",\"isPartOf\":{\"@id\":\"https:\\\/\\\/blog.erm.ee\\\/?p=14172\"},\"author\":{\"name\":\"Eesti Rahva Muuseum\",\"@id\":\"https:\\\/\\\/blog.erm.ee\\\/#\\\/schema\\\/person\\\/6e98c391cb00a33e7c22a3571e062114\"},\"headline\":\"Avatud uksed ERMi handi-mansi fotokogus\",\"datePublished\":\"2020-11-30T08:24:00+00:00\",\"dateModified\":\"2020-11-30T13:36:05+00:00\",\"mainEntityOfPage\":{\"@id\":\"https:\\\/\\\/blog.erm.ee\\\/?p=14172\"},\"wordCount\":1030,\"commentCount\":0,\"image\":{\"@id\":\"https:\\\/\\\/blog.erm.ee\\\/?p=14172#primaryimage\"},\"thumbnailUrl\":\"https:\\\/\\\/blog.erm.ee\\\/wp-content\\\/uploads\\\/2020\\\/11\\\/004101_ERM_Fk1908_5.jpg\",\"articleSection\":[\"Foto\",\"N\u00e4itus\",\"Teadus\"],\"inLanguage\":\"et\",\"potentialAction\":[{\"@type\":\"CommentAction\",\"name\":\"Comment\",\"target\":[\"https:\\\/\\\/blog.erm.ee\\\/?p=14172#respond\"]}]},{\"@type\":\"WebPage\",\"@id\":\"https:\\\/\\\/blog.erm.ee\\\/?p=14172\",\"url\":\"https:\\\/\\\/blog.erm.ee\\\/?p=14172\",\"name\":\"Avatud uksed ERMi handi-mansi fotokogus - Eesti Rahva Muuseumi ajaveeb\",\"isPartOf\":{\"@id\":\"https:\\\/\\\/blog.erm.ee\\\/#website\"},\"primaryImageOfPage\":{\"@id\":\"https:\\\/\\\/blog.erm.ee\\\/?p=14172#primaryimage\"},\"image\":{\"@id\":\"https:\\\/\\\/blog.erm.ee\\\/?p=14172#primaryimage\"},\"thumbnailUrl\":\"https:\\\/\\\/blog.erm.ee\\\/wp-content\\\/uploads\\\/2020\\\/11\\\/004101_ERM_Fk1908_5.jpg\",\"datePublished\":\"2020-11-30T08:24:00+00:00\",\"dateModified\":\"2020-11-30T13:36:05+00:00\",\"author\":{\"@id\":\"https:\\\/\\\/blog.erm.ee\\\/#\\\/schema\\\/person\\\/6e98c391cb00a33e7c22a3571e062114\"},\"description\":\"Biennaali visuaalse antropoloogia festivali raames linastub Maido Selgm\u00e4e 2019. aastal valminud dokumentaalfilm \u201eL\u00e4hetus\u201c, mis jutustab mullu augustis toimunud rahvusvahelisest ekspeditsioonist Reguly m\u00e4ele.\",\"breadcrumb\":{\"@id\":\"https:\\\/\\\/blog.erm.ee\\\/?p=14172#breadcrumb\"},\"inLanguage\":\"et\",\"potentialAction\":[{\"@type\":\"ReadAction\",\"target\":[\"https:\\\/\\\/blog.erm.ee\\\/?p=14172\"]}]},{\"@type\":\"ImageObject\",\"inLanguage\":\"et\",\"@id\":\"https:\\\/\\\/blog.erm.ee\\\/?p=14172#primaryimage\",\"url\":\"https:\\\/\\\/blog.erm.ee\\\/wp-content\\\/uploads\\\/2020\\\/11\\\/004101_ERM_Fk1908_5.jpg\",\"contentUrl\":\"https:\\\/\\\/blog.erm.ee\\\/wp-content\\\/uploads\\\/2020\\\/11\\\/004101_ERM_Fk1908_5.jpg\",\"width\":1600,\"height\":1099},{\"@type\":\"BreadcrumbList\",\"@id\":\"https:\\\/\\\/blog.erm.ee\\\/?p=14172#breadcrumb\",\"itemListElement\":[{\"@type\":\"ListItem\",\"position\":1,\"name\":\"Home\",\"item\":\"https:\\\/\\\/blog.erm.ee\\\/\"},{\"@type\":\"ListItem\",\"position\":2,\"name\":\"Avatud uksed ERMi handi-mansi fotokogus\"}]},{\"@type\":\"WebSite\",\"@id\":\"https:\\\/\\\/blog.erm.ee\\\/#website\",\"url\":\"https:\\\/\\\/blog.erm.ee\\\/\",\"name\":\"Eesti Rahva Muuseumi ajaveeb\",\"description\":\"\",\"potentialAction\":[{\"@type\":\"SearchAction\",\"target\":{\"@type\":\"EntryPoint\",\"urlTemplate\":\"https:\\\/\\\/blog.erm.ee\\\/?s={search_term_string}\"},\"query-input\":{\"@type\":\"PropertyValueSpecification\",\"valueRequired\":true,\"valueName\":\"search_term_string\"}}],\"inLanguage\":\"et\"},{\"@type\":\"Person\",\"@id\":\"https:\\\/\\\/blog.erm.ee\\\/#\\\/schema\\\/person\\\/6e98c391cb00a33e7c22a3571e062114\",\"name\":\"Eesti Rahva Muuseum\",\"image\":{\"@type\":\"ImageObject\",\"inLanguage\":\"et\",\"@id\":\"https:\\\/\\\/secure.gravatar.com\\\/avatar\\\/cb6d9ad5fb49f3f7315028ce5fe60641075f2cb52b8a058ff5a985fa2d8c1da0?s=96&d=mm&r=g\",\"url\":\"https:\\\/\\\/secure.gravatar.com\\\/avatar\\\/cb6d9ad5fb49f3f7315028ce5fe60641075f2cb52b8a058ff5a985fa2d8c1da0?s=96&d=mm&r=g\",\"contentUrl\":\"https:\\\/\\\/secure.gravatar.com\\\/avatar\\\/cb6d9ad5fb49f3f7315028ce5fe60641075f2cb52b8a058ff5a985fa2d8c1da0?s=96&d=mm&r=g\",\"caption\":\"Eesti Rahva Muuseum\"},\"sameAs\":[\"http:\\\/\\\/www.erm.ee\"],\"url\":\"https:\\\/\\\/blog.erm.ee\\\/?author=1\"}]}<\/script>\n<!-- \/ Yoast SEO plugin. -->","yoast_head_json":{"title":"Avatud uksed ERMi handi-mansi fotokogus - Eesti Rahva Muuseumi ajaveeb","description":"Biennaali visuaalse antropoloogia festivali raames linastub Maido Selgm\u00e4e 2019. aastal valminud dokumentaalfilm \u201eL\u00e4hetus\u201c, mis jutustab mullu augustis toimunud rahvusvahelisest ekspeditsioonist Reguly m\u00e4ele.","robots":{"index":"index","follow":"follow","max-snippet":"max-snippet:-1","max-image-preview":"max-image-preview:large","max-video-preview":"max-video-preview:-1"},"canonical":"https:\/\/blog.erm.ee\/?p=14172","og_locale":"et_EE","og_type":"article","og_title":"Avatud uksed ERMi handi-mansi fotokogus - Eesti Rahva Muuseumi ajaveeb","og_description":"Biennaali visuaalse antropoloogia festivali raames linastub Maido Selgm\u00e4e 2019. aastal valminud dokumentaalfilm \u201eL\u00e4hetus\u201c, mis jutustab mullu augustis toimunud rahvusvahelisest ekspeditsioonist Reguly m\u00e4ele.","og_url":"https:\/\/blog.erm.ee\/?p=14172","og_site_name":"Eesti Rahva Muuseumi ajaveeb","article_published_time":"2020-11-30T08:24:00+00:00","article_modified_time":"2020-11-30T13:36:05+00:00","og_image":[{"width":1600,"height":1099,"url":"https:\/\/blog.erm.ee\/wp-content\/uploads\/2020\/11\/004101_ERM_Fk1908_5.jpg","type":"image\/jpeg"}],"author":"Eesti Rahva Muuseum","twitter_card":"summary_large_image","twitter_misc":{"Written by":"Eesti Rahva Muuseum","Est. reading time":"5 minutit"},"schema":{"@context":"https:\/\/schema.org","@graph":[{"@type":"Article","@id":"https:\/\/blog.erm.ee\/?p=14172#article","isPartOf":{"@id":"https:\/\/blog.erm.ee\/?p=14172"},"author":{"name":"Eesti Rahva Muuseum","@id":"https:\/\/blog.erm.ee\/#\/schema\/person\/6e98c391cb00a33e7c22a3571e062114"},"headline":"Avatud uksed ERMi handi-mansi fotokogus","datePublished":"2020-11-30T08:24:00+00:00","dateModified":"2020-11-30T13:36:05+00:00","mainEntityOfPage":{"@id":"https:\/\/blog.erm.ee\/?p=14172"},"wordCount":1030,"commentCount":0,"image":{"@id":"https:\/\/blog.erm.ee\/?p=14172#primaryimage"},"thumbnailUrl":"https:\/\/blog.erm.ee\/wp-content\/uploads\/2020\/11\/004101_ERM_Fk1908_5.jpg","articleSection":["Foto","N\u00e4itus","Teadus"],"inLanguage":"et","potentialAction":[{"@type":"CommentAction","name":"Comment","target":["https:\/\/blog.erm.ee\/?p=14172#respond"]}]},{"@type":"WebPage","@id":"https:\/\/blog.erm.ee\/?p=14172","url":"https:\/\/blog.erm.ee\/?p=14172","name":"Avatud uksed ERMi handi-mansi fotokogus - Eesti Rahva Muuseumi ajaveeb","isPartOf":{"@id":"https:\/\/blog.erm.ee\/#website"},"primaryImageOfPage":{"@id":"https:\/\/blog.erm.ee\/?p=14172#primaryimage"},"image":{"@id":"https:\/\/blog.erm.ee\/?p=14172#primaryimage"},"thumbnailUrl":"https:\/\/blog.erm.ee\/wp-content\/uploads\/2020\/11\/004101_ERM_Fk1908_5.jpg","datePublished":"2020-11-30T08:24:00+00:00","dateModified":"2020-11-30T13:36:05+00:00","author":{"@id":"https:\/\/blog.erm.ee\/#\/schema\/person\/6e98c391cb00a33e7c22a3571e062114"},"description":"Biennaali visuaalse antropoloogia festivali raames linastub Maido Selgm\u00e4e 2019. aastal valminud dokumentaalfilm \u201eL\u00e4hetus\u201c, mis jutustab mullu augustis toimunud rahvusvahelisest ekspeditsioonist Reguly m\u00e4ele.","breadcrumb":{"@id":"https:\/\/blog.erm.ee\/?p=14172#breadcrumb"},"inLanguage":"et","potentialAction":[{"@type":"ReadAction","target":["https:\/\/blog.erm.ee\/?p=14172"]}]},{"@type":"ImageObject","inLanguage":"et","@id":"https:\/\/blog.erm.ee\/?p=14172#primaryimage","url":"https:\/\/blog.erm.ee\/wp-content\/uploads\/2020\/11\/004101_ERM_Fk1908_5.jpg","contentUrl":"https:\/\/blog.erm.ee\/wp-content\/uploads\/2020\/11\/004101_ERM_Fk1908_5.jpg","width":1600,"height":1099},{"@type":"BreadcrumbList","@id":"https:\/\/blog.erm.ee\/?p=14172#breadcrumb","itemListElement":[{"@type":"ListItem","position":1,"name":"Home","item":"https:\/\/blog.erm.ee\/"},{"@type":"ListItem","position":2,"name":"Avatud uksed ERMi handi-mansi fotokogus"}]},{"@type":"WebSite","@id":"https:\/\/blog.erm.ee\/#website","url":"https:\/\/blog.erm.ee\/","name":"Eesti Rahva Muuseumi ajaveeb","description":"","potentialAction":[{"@type":"SearchAction","target":{"@type":"EntryPoint","urlTemplate":"https:\/\/blog.erm.ee\/?s={search_term_string}"},"query-input":{"@type":"PropertyValueSpecification","valueRequired":true,"valueName":"search_term_string"}}],"inLanguage":"et"},{"@type":"Person","@id":"https:\/\/blog.erm.ee\/#\/schema\/person\/6e98c391cb00a33e7c22a3571e062114","name":"Eesti Rahva Muuseum","image":{"@type":"ImageObject","inLanguage":"et","@id":"https:\/\/secure.gravatar.com\/avatar\/cb6d9ad5fb49f3f7315028ce5fe60641075f2cb52b8a058ff5a985fa2d8c1da0?s=96&d=mm&r=g","url":"https:\/\/secure.gravatar.com\/avatar\/cb6d9ad5fb49f3f7315028ce5fe60641075f2cb52b8a058ff5a985fa2d8c1da0?s=96&d=mm&r=g","contentUrl":"https:\/\/secure.gravatar.com\/avatar\/cb6d9ad5fb49f3f7315028ce5fe60641075f2cb52b8a058ff5a985fa2d8c1da0?s=96&d=mm&r=g","caption":"Eesti Rahva Muuseum"},"sameAs":["http:\/\/www.erm.ee"],"url":"https:\/\/blog.erm.ee\/?author=1"}]}},"jetpack_featured_media_url":"https:\/\/blog.erm.ee\/wp-content\/uploads\/2020\/11\/004101_ERM_Fk1908_5.jpg","jetpack_shortlink":"https:\/\/wp.me\/p2l9Zd-3GA","jetpack_sharing_enabled":true,"jetpack_likes_enabled":true,"_links":{"self":[{"href":"https:\/\/blog.erm.ee\/index.php?rest_route=\/wp\/v2\/posts\/14172","targetHints":{"allow":["GET"]}}],"collection":[{"href":"https:\/\/blog.erm.ee\/index.php?rest_route=\/wp\/v2\/posts"}],"about":[{"href":"https:\/\/blog.erm.ee\/index.php?rest_route=\/wp\/v2\/types\/post"}],"author":[{"embeddable":true,"href":"https:\/\/blog.erm.ee\/index.php?rest_route=\/wp\/v2\/users\/1"}],"replies":[{"embeddable":true,"href":"https:\/\/blog.erm.ee\/index.php?rest_route=%2Fwp%2Fv2%2Fcomments&post=14172"}],"version-history":[{"count":11,"href":"https:\/\/blog.erm.ee\/index.php?rest_route=\/wp\/v2\/posts\/14172\/revisions"}],"predecessor-version":[{"id":14202,"href":"https:\/\/blog.erm.ee\/index.php?rest_route=\/wp\/v2\/posts\/14172\/revisions\/14202"}],"wp:featuredmedia":[{"embeddable":true,"href":"https:\/\/blog.erm.ee\/index.php?rest_route=\/wp\/v2\/media\/14179"}],"wp:attachment":[{"href":"https:\/\/blog.erm.ee\/index.php?rest_route=%2Fwp%2Fv2%2Fmedia&parent=14172"}],"wp:term":[{"taxonomy":"category","embeddable":true,"href":"https:\/\/blog.erm.ee\/index.php?rest_route=%2Fwp%2Fv2%2Fcategories&post=14172"},{"taxonomy":"post_tag","embeddable":true,"href":"https:\/\/blog.erm.ee\/index.php?rest_route=%2Fwp%2Fv2%2Ftags&post=14172"}],"curies":[{"name":"wp","href":"https:\/\/api.w.org\/{rel}","templated":true}]}}