{"id":14024,"date":"2020-10-29T10:07:31","date_gmt":"2020-10-29T08:07:31","guid":{"rendered":"https:\/\/blog.erm.ee\/?p=14024"},"modified":"2020-10-29T10:08:44","modified_gmt":"2020-10-29T08:08:44","slug":"meil-on-viinad-viiesugused-olled-uheksasugused-i","status":"publish","type":"post","link":"https:\/\/blog.erm.ee\/?p=14024","title":{"rendered":"Meil on viinad viiesugused, \u00f5lled \u00fcheksasugused \u2026[i]"},"content":{"rendered":"<div class=\"fcbkbttn_buttons_block\" id=\"fcbkbttn_left\"><div class=\"fcbkbttn_like \"><fb:like href=\"https:\/\/blog.erm.ee\/?p=14024\" action=\"like\" colorscheme=\"light\" layout=\"standard\"  width=\"225px\" size=\"small\"><\/fb:like><\/div><div class=\"fb-share-button  \" data-href=\"https:\/\/blog.erm.ee\/?p=14024\" data-type=\"button\" data-size=\"small\"><\/div><\/div><p style=\"text-align: justify;\">Piret Koosa, teadur<\/p>\n<p>&nbsp;<\/p>\n<p style=\"text-align: justify;\">Oktoobris oleme t\u00e4histanud h\u00f5imukuud. Kui vaadata, mida on erinevatel soome-ugri rahvastel vanas\u00f5nade-k\u00f5nek\u00e4\u00e4ndude p\u00f5hjal \u00f6elda pidutsemise ja ilutsemise, laulu ja tantsu kohta, siis kajab sealt vastu pehmelt \u00f6eldes skeptiline suhtumine. Enamikul h\u00f5imlastest paistavad olevat omad vasted tarkustele-t\u00e4helepanekutele, mis eesti p\u00e4rimuses k\u00f5lavad n\u00e4iteks nii: <em>kodu om paremb ku pidu<\/em>; <em>ainult kukk ja k\u00f6ster laulavad targa peaga; paremb proosta paigal saismine kui tor\u00f5 tantsmine; p\u00f5rgu l\u00e4hevad pillil\u00f6\u00f6jad, tantsijad taga j\u00e4rele; pill tuleb pika ilu peale<a href=\"#_edn2\" name=\"_ednref2\"><strong>[ii]<\/strong><\/a> <\/em>\u2026 ja muidugi hoiatatakse peolt naise valimise eest. Vaatamata taolistele vanarahvatarkustele on soomeugrilased ometi hinnanud nii pillim\u00e4ngu- kui lauluoskust ja kerget tantsujalga ning osanud leida ka k\u00fcllalt aega ja p\u00f5hjust, et ennast pidur\u00f5ivisse seada, kokku tulla, h\u00e4sti s\u00fc\u00fca-juua ja koos m\u00f5nusalt aega veeta. Seejuures pole unustatud ka kalleid kadunukesi \u2013 siitilmast lahkumine ei t\u00e4henda ju seda, et enam ei osataks v\u00e4\u00e4rt kostitamisest ja p\u00fchade pidamisest lugu pidada.<\/p>\n<p style=\"text-align: justify;\">\u00dches aja ja inimestega selle sees on m\u00f5istagi muutunud ka p\u00fchad ja t\u00e4htp\u00e4evad \u2013 m\u00f5ned on kadunud, teised juurde tulnud, kolmandad on s\u00e4ilitanud k\u00fcll nime ja ehk midagi sisustki, kuid saanud uue vormi. Traditsioonilised rahvakalendri p\u00fchad olid tihedalt seotud elatusalade ja \u2011viisidega, erinevate suuremate t\u00f6\u00f6de alustamise ja l\u00f5petamisega. N\u00f5ukogude aeg t\u00f5i kaasa uued p\u00fchad ja p\u00f5hjused t\u00e4histamiseks, mida soomeugrilased pole samuti \u00e4ra p\u00f5lanud. Kindel on see, et eri aegadel on inimesed ikka pidanud vajalikuks vahel argised toimetused k\u00f5rvale j\u00e4tta, suurde t\u00f6\u00f6tegemistuhinasse paus teha ja pisut pidutseda.<\/p>\n<p style=\"text-align: justify;\">See blogilugu toobki teieni v\u00e4ikese galerii pidutsevatest-t\u00e4histavatest soomeugrilastest.<\/p>\n<div id=\"attachment_14025\" style=\"width: 1210px\" class=\"wp-caption aligncenter\"><a href=\"https:\/\/blog.erm.ee\/wp-content\/uploads\/2020\/10\/312996_ERM_Fk_2946_1191.jpg\"><img loading=\"lazy\" decoding=\"async\" aria-describedby=\"caption-attachment-14025\" data-attachment-id=\"14025\" data-permalink=\"https:\/\/blog.erm.ee\/?attachment_id=14025#main\" data-orig-file=\"https:\/\/blog.erm.ee\/wp-content\/uploads\/2020\/10\/312996_ERM_Fk_2946_1191.jpg\" data-orig-size=\"1200,900\" data-comments-opened=\"1\" data-image-meta=\"{&quot;aperture&quot;:&quot;8&quot;,&quot;credit&quot;:&quot;Unspecified&quot;,&quot;camera&quot;:&quot;E-3&quot;,&quot;caption&quot;:&quot;Capturefile: D:2010Svetlana Karm_Udmurdi_2010_kasutusse_RAWjuurde raw1809_ludorvai_gerberi peop2ev_0121588.ORF\\rCaptureSN: D70510036.000000\\rSoftware: Capture One LE for Windows&quot;,&quot;created_timestamp&quot;:&quot;1276341506&quot;,&quot;copyright&quot;:&quot;Unspecified&quot;,&quot;focal_length&quot;:&quot;108&quot;,&quot;iso&quot;:&quot;200&quot;,&quot;shutter_speed&quot;:&quot;0.00125&quot;,&quot;title&quot;:&quot;&quot;,&quot;orientation&quot;:&quot;1&quot;}\" data-image-title=\"312996_ERM_Fk_2946_1191\" data-image-description=\"\" data-image-caption=\"&lt;p&gt;Capturefile: D:2010Svetlana Karm_Udmurdi_2010_kasutusse_RAWjuurde raw1809_ludorvai_gerberi peop2ev_0121588.ORF&lt;br \/&gt;\nCaptureSN: D70510036.000000&lt;br \/&gt;\nSoftware: Capture One LE for Windows&lt;\/p&gt;\n\" data-large-file=\"https:\/\/blog.erm.ee\/wp-content\/uploads\/2020\/10\/312996_ERM_Fk_2946_1191-1024x768.jpg\" class=\"wp-image-14025 size-full\" src=\"https:\/\/blog.erm.ee\/wp-content\/uploads\/2020\/10\/312996_ERM_Fk_2946_1191.jpg\" alt=\"\" width=\"1200\" height=\"900\" srcset=\"https:\/\/blog.erm.ee\/wp-content\/uploads\/2020\/10\/312996_ERM_Fk_2946_1191.jpg 1200w, https:\/\/blog.erm.ee\/wp-content\/uploads\/2020\/10\/312996_ERM_Fk_2946_1191-300x225.jpg 300w, https:\/\/blog.erm.ee\/wp-content\/uploads\/2020\/10\/312996_ERM_Fk_2946_1191-1024x768.jpg 1024w, https:\/\/blog.erm.ee\/wp-content\/uploads\/2020\/10\/312996_ERM_Fk_2946_1191-347x260.jpg 347w, https:\/\/blog.erm.ee\/wp-content\/uploads\/2020\/10\/312996_ERM_Fk_2946_1191-768x576.jpg 768w\" sizes=\"auto, (max-width: 1200px) 100vw, 1200px\" \/><\/a><p id=\"caption-attachment-14025\" class=\"wp-caption-text\">Foto: Madis Kats 2010. ERM Fk 2946:1191<\/p><\/div>\n<p style=\"text-align: justify;\">Udmurdi pidu <em>Gerber<\/em> Ludorvai vaba\u00f5humuuseumis. Esialgu rahvakalendri ning k\u00fcnni- ja k\u00fclvi l\u00f5petamisega seotud <em>Gerber<\/em>\u2019ist on saanud \u00fclevabariigiline rahvuspidu. Kohaliku meedia andmetel osales pidustusel umbes 10 000 inimest.<\/p>\n<div id=\"attachment_14026\" style=\"width: 1210px\" class=\"wp-caption aligncenter\"><a href=\"https:\/\/blog.erm.ee\/wp-content\/uploads\/2020\/10\/096545_ERM_Fk_2459_54.jpg\"><img loading=\"lazy\" decoding=\"async\" aria-describedby=\"caption-attachment-14026\" data-attachment-id=\"14026\" data-permalink=\"https:\/\/blog.erm.ee\/?attachment_id=14026#main\" data-orig-file=\"https:\/\/blog.erm.ee\/wp-content\/uploads\/2020\/10\/096545_ERM_Fk_2459_54.jpg\" data-orig-size=\"1200,805\" data-comments-opened=\"1\" data-image-meta=\"{&quot;aperture&quot;:&quot;8&quot;,&quot;credit&quot;:&quot;{your name}&quot;,&quot;camera&quot;:&quot;NIKON D200&quot;,&quot;caption&quot;:&quot;&quot;,&quot;created_timestamp&quot;:&quot;1343038829&quot;,&quot;copyright&quot;:&quot;(C)2011 {your name}, all rights reserved&quot;,&quot;focal_length&quot;:&quot;50&quot;,&quot;iso&quot;:&quot;200&quot;,&quot;shutter_speed&quot;:&quot;0.1&quot;,&quot;title&quot;:&quot;&quot;,&quot;orientation&quot;:&quot;1&quot;}\" data-image-title=\"096545_ERM_Fk_2459_54\" data-image-description=\"\" data-image-caption=\"\" data-large-file=\"https:\/\/blog.erm.ee\/wp-content\/uploads\/2020\/10\/096545_ERM_Fk_2459_54-1024x687.jpg\" class=\"wp-image-14026 size-full\" src=\"https:\/\/blog.erm.ee\/wp-content\/uploads\/2020\/10\/096545_ERM_Fk_2459_54.jpg\" alt=\"\" width=\"1200\" height=\"805\" srcset=\"https:\/\/blog.erm.ee\/wp-content\/uploads\/2020\/10\/096545_ERM_Fk_2459_54.jpg 1200w, https:\/\/blog.erm.ee\/wp-content\/uploads\/2020\/10\/096545_ERM_Fk_2459_54-300x201.jpg 300w, https:\/\/blog.erm.ee\/wp-content\/uploads\/2020\/10\/096545_ERM_Fk_2459_54-1024x687.jpg 1024w, https:\/\/blog.erm.ee\/wp-content\/uploads\/2020\/10\/096545_ERM_Fk_2459_54-388x260.jpg 388w, https:\/\/blog.erm.ee\/wp-content\/uploads\/2020\/10\/096545_ERM_Fk_2459_54-768x515.jpg 768w\" sizes=\"auto, (max-width: 1200px) 100vw, 1200px\" \/><\/a><p id=\"caption-attachment-14026\" class=\"wp-caption-text\">Foto: Tiia Peedum\u00e4e 1992. ERM Fk 2459:54<\/p><\/div>\n<p style=\"text-align: justify;\">Spordiv\u00f5istlused mari rahvapeol <em>Aga-Pairem<\/em> (saha pidu). Esiplaanil naiste staadionijooksust osav\u00f5tnud. Naiste jooksus osales ka kogu v\u00f5istluste vanim osav\u00f5tja, 81-aastane Jambika Danilova (esiplaanil). Kaugemal pappkastid auhindadega, maadlusv\u00f5istluste auhind \u2013 oinas ning teivas auhinnak\u00e4ter\u00e4ttidega.<\/p>\n<p style=\"text-align: justify;\"><em>Mari rahvapidustus \u201eAga-Pairem\u201c [\u2026] on \u00fcks osa agraarkombestikust, mis on tihedalt seotud rahvausundiga [\u2026]. Pidu on kaheosaline, koosnedes hommikul v\u00f5i ennel\u00f5unal toimuvast ohverdustseremooniast ning p\u00e4rastl\u00f5unal toimuvast spordiv\u00f5istlusest.\u00a0 [\u2026] Ohvripapp palus jumalatelt head viljasaaki, ilusaid ilmu ning k\u00f5ike seda, mis on seotud k\u00f5igi p\u00f5llukultuuride saagikuse suurenemisega. Meeles peeti k\u00f5iki jumalaid, kes otseselt v\u00f5i kaudselt saagikust m\u00f5jutasid [\u2026]. Palvetamise ajal v\u00f5ttis \u00fcks ohvripapi abiline l\u00f5kkest p\u00f5leva rondi ning p\u00fchitses sellega k\u00f5ik ohvritoidud, nii laudlinale asetatud rituaalsed toidud kui ka ohvrialtarile toodud toidu. [\u2026] Seej\u00e4rel v\u00f5is iga\u00fcks oma ohvriande proovida ning teisi kostitada, samuti ise teiste toite maitsta. Selline kostitamine n\u00f5udis igalt perenaiselt parimate kokandusoskuste n\u00e4itamist, sest oli kombeks ka toite v\u00f5rrelda \u2013 kellel paremini v\u00e4lja tulnud ja maitsvamad toidud, kellel v\u00e4hem maitsvad. Seda ei tehtud k\u00fcll avalikult, vaid r\u00e4\u00e4giti hiljem omavahel.<\/em> (Tiia Peedum\u00e4e 1992, ERM EA 794)<\/p>\n<p>&nbsp;<\/p>\n<div id=\"attachment_14027\" style=\"width: 1210px\" class=\"wp-caption aligncenter\"><a href=\"https:\/\/blog.erm.ee\/wp-content\/uploads\/2020\/10\/128063_ERM_Fk1916_47.jpg\"><img loading=\"lazy\" decoding=\"async\" aria-describedby=\"caption-attachment-14027\" data-attachment-id=\"14027\" data-permalink=\"https:\/\/blog.erm.ee\/?attachment_id=14027#main\" data-orig-file=\"https:\/\/blog.erm.ee\/wp-content\/uploads\/2020\/10\/128063_ERM_Fk1916_47.jpg\" data-orig-size=\"1200,809\" data-comments-opened=\"1\" data-image-meta=\"{&quot;aperture&quot;:&quot;10&quot;,&quot;credit&quot;:&quot;&quot;,&quot;camera&quot;:&quot;NIKON D600&quot;,&quot;caption&quot;:&quot;&quot;,&quot;created_timestamp&quot;:&quot;1583323738&quot;,&quot;copyright&quot;:&quot;&quot;,&quot;focal_length&quot;:&quot;60&quot;,&quot;iso&quot;:&quot;100&quot;,&quot;shutter_speed&quot;:&quot;0.016666666666667&quot;,&quot;title&quot;:&quot;&quot;,&quot;orientation&quot;:&quot;1&quot;}\" data-image-title=\"128063_ERM_Fk1916_47\" data-image-description=\"\" data-image-caption=\"\" data-large-file=\"https:\/\/blog.erm.ee\/wp-content\/uploads\/2020\/10\/128063_ERM_Fk1916_47-1024x690.jpg\" class=\"wp-image-14027 size-full\" src=\"https:\/\/blog.erm.ee\/wp-content\/uploads\/2020\/10\/128063_ERM_Fk1916_47.jpg\" alt=\"\" width=\"1200\" height=\"809\" srcset=\"https:\/\/blog.erm.ee\/wp-content\/uploads\/2020\/10\/128063_ERM_Fk1916_47.jpg 1200w, https:\/\/blog.erm.ee\/wp-content\/uploads\/2020\/10\/128063_ERM_Fk1916_47-300x202.jpg 300w, https:\/\/blog.erm.ee\/wp-content\/uploads\/2020\/10\/128063_ERM_Fk1916_47-1024x690.jpg 1024w, https:\/\/blog.erm.ee\/wp-content\/uploads\/2020\/10\/128063_ERM_Fk1916_47-386x260.jpg 386w, https:\/\/blog.erm.ee\/wp-content\/uploads\/2020\/10\/128063_ERM_Fk1916_47-768x518.jpg 768w\" sizes=\"auto, (max-width: 1200px) 100vw, 1200px\" \/><\/a><p id=\"caption-attachment-14027\" class=\"wp-caption-text\">Foto: Aado Lintrop 1977. ERM Fk 1916:47<\/p><\/div>\n<p>Praskovja Sainahhova (snd 1919) ja Jelena Sainahhova (snd 1918) tantsivad. Tantsu nimi on <em>Saturhalte-mak <\/em>(\u201eKaheksa toorest kala \u00e4ras\u00f6\u00f6nud vanaema\u201c). Rahvuslikul keelpillil <em>sankvaltap<\/em>\u2019il saadab Grigori Sainahhov (snd 1914).<\/p>\n<div id=\"attachment_14028\" style=\"width: 1210px\" class=\"wp-caption aligncenter\"><a href=\"https:\/\/blog.erm.ee\/wp-content\/uploads\/2020\/10\/119567_ERM_Fk1474_183.jpg\"><img loading=\"lazy\" decoding=\"async\" aria-describedby=\"caption-attachment-14028\" data-attachment-id=\"14028\" data-permalink=\"https:\/\/blog.erm.ee\/?attachment_id=14028#main\" data-orig-file=\"https:\/\/blog.erm.ee\/wp-content\/uploads\/2020\/10\/119567_ERM_Fk1474_183.jpg\" data-orig-size=\"1200,743\" data-comments-opened=\"1\" data-image-meta=\"{&quot;aperture&quot;:&quot;9&quot;,&quot;credit&quot;:&quot;&quot;,&quot;camera&quot;:&quot;NIKON D600&quot;,&quot;caption&quot;:&quot;&quot;,&quot;created_timestamp&quot;:&quot;1431695607&quot;,&quot;copyright&quot;:&quot;&quot;,&quot;focal_length&quot;:&quot;60&quot;,&quot;iso&quot;:&quot;100&quot;,&quot;shutter_speed&quot;:&quot;0.016666666666667&quot;,&quot;title&quot;:&quot;&quot;,&quot;orientation&quot;:&quot;1&quot;}\" data-image-title=\"119567_ERM_Fk1474_183\" data-image-description=\"\" data-image-caption=\"\" data-large-file=\"https:\/\/blog.erm.ee\/wp-content\/uploads\/2020\/10\/119567_ERM_Fk1474_183-1024x634.jpg\" class=\"wp-image-14028 size-full\" src=\"https:\/\/blog.erm.ee\/wp-content\/uploads\/2020\/10\/119567_ERM_Fk1474_183.jpg\" alt=\"\" width=\"1200\" height=\"743\" srcset=\"https:\/\/blog.erm.ee\/wp-content\/uploads\/2020\/10\/119567_ERM_Fk1474_183.jpg 1200w, https:\/\/blog.erm.ee\/wp-content\/uploads\/2020\/10\/119567_ERM_Fk1474_183-300x186.jpg 300w, https:\/\/blog.erm.ee\/wp-content\/uploads\/2020\/10\/119567_ERM_Fk1474_183-1024x634.jpg 1024w, https:\/\/blog.erm.ee\/wp-content\/uploads\/2020\/10\/119567_ERM_Fk1474_183-420x260.jpg 420w, https:\/\/blog.erm.ee\/wp-content\/uploads\/2020\/10\/119567_ERM_Fk1474_183-768x476.jpg 768w\" sizes=\"auto, (max-width: 1200px) 100vw, 1200px\" \/><\/a><p id=\"caption-attachment-14028\" class=\"wp-caption-text\">Foto: Aleksei Peterson 1966. ERM Fk 1474:183<\/p><\/div>\n<ol style=\"text-align: justify;\" start=\"12\">\n<li>juunil toimusid valimised NSVL \u00dclemn\u00f5ukogusse. Sellel puhul pidasid vepslased pidu otse t\u00e4naval.\n<p><div id=\"attachment_14029\" style=\"width: 1210px\" class=\"wp-caption aligncenter\"><a href=\"https:\/\/blog.erm.ee\/wp-content\/uploads\/2020\/10\/031900_ERM_Fk_2604_155.jpg\"><img loading=\"lazy\" decoding=\"async\" aria-describedby=\"caption-attachment-14029\" data-attachment-id=\"14029\" data-permalink=\"https:\/\/blog.erm.ee\/?attachment_id=14029#main\" data-orig-file=\"https:\/\/blog.erm.ee\/wp-content\/uploads\/2020\/10\/031900_ERM_Fk_2604_155.jpg\" data-orig-size=\"1200,795\" data-comments-opened=\"1\" data-image-meta=\"{&quot;aperture&quot;:&quot;0&quot;,&quot;credit&quot;:&quot;&quot;,&quot;camera&quot;:&quot;Nikon COOLSCAN V ED&quot;,&quot;caption&quot;:&quot;&quot;,&quot;created_timestamp&quot;:&quot;0&quot;,&quot;copyright&quot;:&quot;&quot;,&quot;focal_length&quot;:&quot;0&quot;,&quot;iso&quot;:&quot;0&quot;,&quot;shutter_speed&quot;:&quot;0&quot;,&quot;title&quot;:&quot;&quot;,&quot;orientation&quot;:&quot;1&quot;}\" data-image-title=\"031900_ERM_Fk_2604_155\" data-image-description=\"\" data-image-caption=\"\" data-large-file=\"https:\/\/blog.erm.ee\/wp-content\/uploads\/2020\/10\/031900_ERM_Fk_2604_155-1024x678.jpg\" class=\"wp-image-14029 size-full\" src=\"https:\/\/blog.erm.ee\/wp-content\/uploads\/2020\/10\/031900_ERM_Fk_2604_155.jpg\" alt=\"\" width=\"1200\" height=\"795\" srcset=\"https:\/\/blog.erm.ee\/wp-content\/uploads\/2020\/10\/031900_ERM_Fk_2604_155.jpg 1200w, https:\/\/blog.erm.ee\/wp-content\/uploads\/2020\/10\/031900_ERM_Fk_2604_155-300x199.jpg 300w, https:\/\/blog.erm.ee\/wp-content\/uploads\/2020\/10\/031900_ERM_Fk_2604_155-1024x678.jpg 1024w, https:\/\/blog.erm.ee\/wp-content\/uploads\/2020\/10\/031900_ERM_Fk_2604_155-392x260.jpg 392w, https:\/\/blog.erm.ee\/wp-content\/uploads\/2020\/10\/031900_ERM_Fk_2604_155-768x509.jpg 768w\" sizes=\"auto, (max-width: 1200px) 100vw, 1200px\" \/><\/a><p id=\"caption-attachment-14029\" class=\"wp-caption-text\">Foto: Art Leete 1997. ERM Fk 2604:155<\/p><\/div><\/li>\n<\/ol>\n<p style=\"text-align: justify;\">Arheoloogide p\u00e4eva t\u00e4histamine Komimaal.<\/p>\n<div id=\"attachment_14030\" style=\"width: 1210px\" class=\"wp-caption aligncenter\"><a href=\"https:\/\/blog.erm.ee\/wp-content\/uploads\/2020\/10\/053202_ERM_Fk_2853_117.jpg\"><img loading=\"lazy\" decoding=\"async\" aria-describedby=\"caption-attachment-14030\" data-attachment-id=\"14030\" data-permalink=\"https:\/\/blog.erm.ee\/?attachment_id=14030#main\" data-orig-file=\"https:\/\/blog.erm.ee\/wp-content\/uploads\/2020\/10\/053202_ERM_Fk_2853_117.jpg\" data-orig-size=\"1200,644\" data-comments-opened=\"1\" data-image-meta=\"{&quot;aperture&quot;:&quot;5.9&quot;,&quot;credit&quot;:&quot;&quot;,&quot;camera&quot;:&quot;E5000&quot;,&quot;caption&quot;:&quot;&quot;,&quot;created_timestamp&quot;:&quot;1064420774&quot;,&quot;copyright&quot;:&quot;&quot;,&quot;focal_length&quot;:&quot;21.4&quot;,&quot;iso&quot;:&quot;100&quot;,&quot;shutter_speed&quot;:&quot;0.5&quot;,&quot;title&quot;:&quot;&quot;,&quot;orientation&quot;:&quot;1&quot;}\" data-image-title=\"053202_ERM_Fk_2853_117\" data-image-description=\"\" data-image-caption=\"\" data-large-file=\"https:\/\/blog.erm.ee\/wp-content\/uploads\/2020\/10\/053202_ERM_Fk_2853_117-1024x550.jpg\" class=\"wp-image-14030 size-full\" src=\"https:\/\/blog.erm.ee\/wp-content\/uploads\/2020\/10\/053202_ERM_Fk_2853_117.jpg\" alt=\"\" width=\"1200\" height=\"644\" srcset=\"https:\/\/blog.erm.ee\/wp-content\/uploads\/2020\/10\/053202_ERM_Fk_2853_117.jpg 1200w, https:\/\/blog.erm.ee\/wp-content\/uploads\/2020\/10\/053202_ERM_Fk_2853_117-300x161.jpg 300w, https:\/\/blog.erm.ee\/wp-content\/uploads\/2020\/10\/053202_ERM_Fk_2853_117-1024x550.jpg 1024w, https:\/\/blog.erm.ee\/wp-content\/uploads\/2020\/10\/053202_ERM_Fk_2853_117-460x247.jpg 460w, https:\/\/blog.erm.ee\/wp-content\/uploads\/2020\/10\/053202_ERM_Fk_2853_117-768x412.jpg 768w\" sizes=\"auto, (max-width: 1200px) 100vw, 1200px\" \/><\/a><p id=\"caption-attachment-14030\" class=\"wp-caption-text\">Foto: ERM Fk 2853:117<\/p><\/div>\n<p style=\"text-align: justify;\">Meestep\u00e4eva t\u00e4histamine t\u00f6\u00f6 juures Tartus 1970ndate l\u00f5pus.<\/p>\n<div id=\"attachment_14031\" style=\"width: 1314px\" class=\"wp-caption aligncenter\"><a href=\"https:\/\/blog.erm.ee\/wp-content\/uploads\/2020\/10\/ERM_Fk_1437_318.jpg\"><img loading=\"lazy\" decoding=\"async\" aria-describedby=\"caption-attachment-14031\" data-attachment-id=\"14031\" data-permalink=\"https:\/\/blog.erm.ee\/?attachment_id=14031#main\" data-orig-file=\"https:\/\/blog.erm.ee\/wp-content\/uploads\/2020\/10\/ERM_Fk_1437_318.jpg\" data-orig-size=\"1304,929\" data-comments-opened=\"1\" data-image-meta=\"{&quot;aperture&quot;:&quot;11&quot;,&quot;credit&quot;:&quot;&quot;,&quot;camera&quot;:&quot;NIKON D600&quot;,&quot;caption&quot;:&quot;&quot;,&quot;created_timestamp&quot;:&quot;1453820512&quot;,&quot;copyright&quot;:&quot;&quot;,&quot;focal_length&quot;:&quot;60&quot;,&quot;iso&quot;:&quot;100&quot;,&quot;shutter_speed&quot;:&quot;0.01&quot;,&quot;title&quot;:&quot;&quot;,&quot;orientation&quot;:&quot;1&quot;}\" data-image-title=\"ERM_Fk_1437_318\" data-image-description=\"\" data-image-caption=\"\" data-large-file=\"https:\/\/blog.erm.ee\/wp-content\/uploads\/2020\/10\/ERM_Fk_1437_318-1024x730.jpg\" class=\"wp-image-14031 size-full\" src=\"https:\/\/blog.erm.ee\/wp-content\/uploads\/2020\/10\/ERM_Fk_1437_318.jpg\" alt=\"\" width=\"1304\" height=\"929\" srcset=\"https:\/\/blog.erm.ee\/wp-content\/uploads\/2020\/10\/ERM_Fk_1437_318.jpg 1304w, https:\/\/blog.erm.ee\/wp-content\/uploads\/2020\/10\/ERM_Fk_1437_318-300x214.jpg 300w, https:\/\/blog.erm.ee\/wp-content\/uploads\/2020\/10\/ERM_Fk_1437_318-1024x730.jpg 1024w, https:\/\/blog.erm.ee\/wp-content\/uploads\/2020\/10\/ERM_Fk_1437_318-365x260.jpg 365w, https:\/\/blog.erm.ee\/wp-content\/uploads\/2020\/10\/ERM_Fk_1437_318-768x547.jpg 768w\" sizes=\"auto, (max-width: 1304px) 100vw, 1304px\" \/><\/a><p id=\"caption-attachment-14031\" class=\"wp-caption-text\">Foto: Eevi Saarde 1965. ERM Fk 1437:318<\/p><\/div>\n<p style=\"text-align: justify;\">Surnute m\u00e4lestamisp\u00e4ev k\u00fclasurnuaial. Mok\u0161a naised palvetamas. Haual lahti pakitud toiduained.<\/p>\n<div id=\"attachment_14032\" style=\"width: 1210px\" class=\"wp-caption aligncenter\"><a href=\"https:\/\/blog.erm.ee\/wp-content\/uploads\/2020\/10\/317181_ERM_Fk_1793_241.jpg\"><img loading=\"lazy\" decoding=\"async\" aria-describedby=\"caption-attachment-14032\" data-attachment-id=\"14032\" data-permalink=\"https:\/\/blog.erm.ee\/?attachment_id=14032#main\" data-orig-file=\"https:\/\/blog.erm.ee\/wp-content\/uploads\/2020\/10\/317181_ERM_Fk_1793_241.jpg\" data-orig-size=\"1200,945\" data-comments-opened=\"1\" data-image-meta=\"{&quot;aperture&quot;:&quot;7.1&quot;,&quot;credit&quot;:&quot;&quot;,&quot;camera&quot;:&quot;NIKON D70&quot;,&quot;caption&quot;:&quot;Capturefile: I:!fotokast asjad2008-03-27_repf76_komi1793_241.NEF\\rCaptureSN: --.000000\\rSoftware: Capture One LE for Windows&quot;,&quot;created_timestamp&quot;:&quot;1206615988&quot;,&quot;copyright&quot;:&quot;Arp Karm&quot;,&quot;focal_length&quot;:&quot;50&quot;,&quot;iso&quot;:&quot;200&quot;,&quot;shutter_speed&quot;:&quot;0.05&quot;,&quot;title&quot;:&quot;&quot;,&quot;orientation&quot;:&quot;1&quot;}\" data-image-title=\"317181_ERM_Fk_1793_241\" data-image-description=\"\" data-image-caption=\"&lt;p&gt;Capturefile: I:!fotokast asjad2008-03-27_repf76_komi1793_241.NEF&lt;br \/&gt;\nCaptureSN: &amp;#8211;.000000&lt;br \/&gt;\nSoftware: Capture One LE for Windows&lt;\/p&gt;\n\" data-large-file=\"https:\/\/blog.erm.ee\/wp-content\/uploads\/2020\/10\/317181_ERM_Fk_1793_241-1024x806.jpg\" class=\"wp-image-14032 size-full\" src=\"https:\/\/blog.erm.ee\/wp-content\/uploads\/2020\/10\/317181_ERM_Fk_1793_241.jpg\" alt=\"\" width=\"1200\" height=\"945\" srcset=\"https:\/\/blog.erm.ee\/wp-content\/uploads\/2020\/10\/317181_ERM_Fk_1793_241.jpg 1200w, https:\/\/blog.erm.ee\/wp-content\/uploads\/2020\/10\/317181_ERM_Fk_1793_241-300x236.jpg 300w, https:\/\/blog.erm.ee\/wp-content\/uploads\/2020\/10\/317181_ERM_Fk_1793_241-1024x806.jpg 1024w, https:\/\/blog.erm.ee\/wp-content\/uploads\/2020\/10\/317181_ERM_Fk_1793_241-330x260.jpg 330w, https:\/\/blog.erm.ee\/wp-content\/uploads\/2020\/10\/317181_ERM_Fk_1793_241-768x605.jpg 768w\" sizes=\"auto, (max-width: 1200px) 100vw, 1200px\" \/><\/a><p id=\"caption-attachment-14032\" class=\"wp-caption-text\">Foto: Vello Kutsar 1976. ERM Fk 1793:241<\/p><\/div>\n<p style=\"text-align: justify;\">Komid esivanemaid m\u00e4lestamas.<\/p>\n<p style=\"text-align: justify;\"><em>Meie l\u00e4hme kohalikku surnuaeda. Siin oli jaanip\u00e4eva-pidu. \u00d5igemini toimus surnuaial surnute m\u00e4lestamine. Umbes sarnaselt kui Vepsas. Kell oli 2 paiku ja pidu (joomine) t\u00e4ies hoos. S\u00f6\u00f6ke oli mitmesuguseid, kuid peamiselt igasuguseid pirukaid ja mune. Muidugi viina-\u00f5lut (omatehtud) ja veini. Saame meiegi maitsta.<\/em> (Aleksei Peterson 1976. ERM TAp 679: 8\u20139)<\/p>\n<div id=\"attachment_14034\" style=\"width: 1210px\" class=\"wp-caption aligncenter\"><a href=\"https:\/\/blog.erm.ee\/wp-content\/uploads\/2020\/10\/096589_ERM_Fk_2459_76.jpg\"><img loading=\"lazy\" decoding=\"async\" aria-describedby=\"caption-attachment-14034\" data-attachment-id=\"14034\" data-permalink=\"https:\/\/blog.erm.ee\/?attachment_id=14034#main\" data-orig-file=\"https:\/\/blog.erm.ee\/wp-content\/uploads\/2020\/10\/096589_ERM_Fk_2459_76.jpg\" data-orig-size=\"1200,772\" data-comments-opened=\"1\" data-image-meta=\"{&quot;aperture&quot;:&quot;8&quot;,&quot;credit&quot;:&quot;{your name}&quot;,&quot;camera&quot;:&quot;NIKON D200&quot;,&quot;caption&quot;:&quot;&quot;,&quot;created_timestamp&quot;:&quot;1343039375&quot;,&quot;copyright&quot;:&quot;(C)2011 {your name}, all rights reserved&quot;,&quot;focal_length&quot;:&quot;50&quot;,&quot;iso&quot;:&quot;200&quot;,&quot;shutter_speed&quot;:&quot;0.1&quot;,&quot;title&quot;:&quot;&quot;,&quot;orientation&quot;:&quot;1&quot;}\" data-image-title=\"096589_ERM_Fk_2459_76\" data-image-description=\"\" data-image-caption=\"\" data-large-file=\"https:\/\/blog.erm.ee\/wp-content\/uploads\/2020\/10\/096589_ERM_Fk_2459_76-1024x659.jpg\" class=\"wp-image-14034 size-full\" src=\"https:\/\/blog.erm.ee\/wp-content\/uploads\/2020\/10\/096589_ERM_Fk_2459_76.jpg\" alt=\"\" width=\"1200\" height=\"772\" srcset=\"https:\/\/blog.erm.ee\/wp-content\/uploads\/2020\/10\/096589_ERM_Fk_2459_76.jpg 1200w, https:\/\/blog.erm.ee\/wp-content\/uploads\/2020\/10\/096589_ERM_Fk_2459_76-300x193.jpg 300w, https:\/\/blog.erm.ee\/wp-content\/uploads\/2020\/10\/096589_ERM_Fk_2459_76-1024x659.jpg 1024w, https:\/\/blog.erm.ee\/wp-content\/uploads\/2020\/10\/096589_ERM_Fk_2459_76-404x260.jpg 404w, https:\/\/blog.erm.ee\/wp-content\/uploads\/2020\/10\/096589_ERM_Fk_2459_76-768x494.jpg 768w\" sizes=\"auto, (max-width: 1200px) 100vw, 1200px\" \/><\/a><p id=\"caption-attachment-14034\" class=\"wp-caption-text\">Foto: Tiia Peedum\u00e4e 1992. ERM Fk 2459:71<\/p><\/div>\n<p style=\"text-align: justify;\">Kaetud laud surnute m\u00e4lestamise p\u00fchale <em>sem\u00f5k<\/em> j\u00e4rgnenud hommikul, mil hinged kalmistule tagasi saadetakse.<\/p>\n<p style=\"text-align: justify;\"><em>Sem\u00f5k toimus Olor jalis 10. juunil ning kujutas endast religioosse sisuga pidustust, mille p\u00f5hiliseks kombetalituseks oli surnud omaste m\u00e4lestamine. [\u2026] Lauale pandi j\u00e4rgmised peotoidud: pannkoogid, munaroog, supitaldrik lusikaga, piim, v\u00f5i, kali, pirukad, suitsuvorst, kurgid, soolatud kapsas, tomatid, k\u00fcpsised, kommid, lisaks pudel viina. [\u2026] selle rituaali sisuks oli surnute hingede k\u00fcllakutsumine ning omaste hinged k\u00fclastasid kodu. Kuna hinged olid surnute riigist v\u00e4ljunud, arvati neid n\u00fc\u00fcd terveks p\u00e4evaks maale j\u00e4\u00e4vat ning k\u00fclat\u00e4naval koos teiste hingedega jalutavat. Hinged k\u00e4isid ka naabritel ning parematel s\u00f5pradel-tuttavatel, samuti sugulastel k\u00fclas. Seep\u00e4rast oli \u00f5htupoolikust hilis\u00f5htuni k\u00fclask\u00e4ikude aeg. K\u00fclaelanikud k\u00e4isid oma sugulaste, s\u00f5prade ja tuttavate pool ning kostitasid \u00fcksteist pidus\u00f6\u00f6kidega (enamasti nendega, mis ka hingede m\u00e4lestamisel laual olid, kuid v\u00f5is ka teisi toite pakkuda). K\u00fclas olles s\u00f6\u00f6di-joodi, lauldi ning tantsiti. K\u00e4idi ka vastastikku \u00fcksteist k\u00fclla kutsumas. Pidutseti kesk\u00f6\u00f6ni v\u00f5i kauemgi (m\u00f5ni perekond ka l\u00fchemat aega, olenes sugulaste-s\u00f5prade hulgast jm). J\u00e4rgmisel hommikul saadeti hinged surnute riiki tagasi<\/em>. (Tiia Peedum\u00e4e 1992. ERM TAp 794)<\/p>\n<div id=\"attachment_14035\" style=\"width: 1210px\" class=\"wp-caption aligncenter\"><a href=\"https:\/\/blog.erm.ee\/wp-content\/uploads\/2020\/10\/036133_ERM_Fk_2720_195.jpg\"><img loading=\"lazy\" decoding=\"async\" aria-describedby=\"caption-attachment-14035\" data-attachment-id=\"14035\" data-permalink=\"https:\/\/blog.erm.ee\/?attachment_id=14035#main\" data-orig-file=\"https:\/\/blog.erm.ee\/wp-content\/uploads\/2020\/10\/036133_ERM_Fk_2720_195.jpg\" data-orig-size=\"1200,914\" data-comments-opened=\"1\" data-image-meta=\"{&quot;aperture&quot;:&quot;0&quot;,&quot;credit&quot;:&quot;&quot;,&quot;camera&quot;:&quot;Nikon COOLSCAN V ED&quot;,&quot;caption&quot;:&quot;&quot;,&quot;created_timestamp&quot;:&quot;0&quot;,&quot;copyright&quot;:&quot;&quot;,&quot;focal_length&quot;:&quot;0&quot;,&quot;iso&quot;:&quot;0&quot;,&quot;shutter_speed&quot;:&quot;0&quot;,&quot;title&quot;:&quot;&quot;,&quot;orientation&quot;:&quot;1&quot;}\" data-image-title=\"036133_ERM_Fk_2720_195\" data-image-description=\"\" data-image-caption=\"\" data-large-file=\"https:\/\/blog.erm.ee\/wp-content\/uploads\/2020\/10\/036133_ERM_Fk_2720_195-1024x780.jpg\" class=\"wp-image-14035 size-full\" src=\"https:\/\/blog.erm.ee\/wp-content\/uploads\/2020\/10\/036133_ERM_Fk_2720_195.jpg\" alt=\"\" width=\"1200\" height=\"914\" srcset=\"https:\/\/blog.erm.ee\/wp-content\/uploads\/2020\/10\/036133_ERM_Fk_2720_195.jpg 1200w, https:\/\/blog.erm.ee\/wp-content\/uploads\/2020\/10\/036133_ERM_Fk_2720_195-300x229.jpg 300w, https:\/\/blog.erm.ee\/wp-content\/uploads\/2020\/10\/036133_ERM_Fk_2720_195-1024x780.jpg 1024w, https:\/\/blog.erm.ee\/wp-content\/uploads\/2020\/10\/036133_ERM_Fk_2720_195-341x260.jpg 341w, https:\/\/blog.erm.ee\/wp-content\/uploads\/2020\/10\/036133_ERM_Fk_2720_195-768x585.jpg 768w\" sizes=\"auto, (max-width: 1200px) 100vw, 1200px\" \/><\/a><p id=\"caption-attachment-14035\" class=\"wp-caption-text\">Foto: Endel Lauer 1957. ERM Fk 2720:195<\/p><\/div>\n<p style=\"text-align: justify;\">Eestist saadetud kama s\u00f6\u00f6mise pidu Siberis.<\/p>\n<div id=\"attachment_14036\" style=\"width: 1210px\" class=\"wp-caption aligncenter\"><a href=\"https:\/\/blog.erm.ee\/wp-content\/uploads\/2020\/10\/312290_ERM_Fk_2946_485.jpg\"><img loading=\"lazy\" decoding=\"async\" aria-describedby=\"caption-attachment-14036\" data-attachment-id=\"14036\" data-permalink=\"https:\/\/blog.erm.ee\/?attachment_id=14036#main\" data-orig-file=\"https:\/\/blog.erm.ee\/wp-content\/uploads\/2020\/10\/312290_ERM_Fk_2946_485.jpg\" data-orig-size=\"1200,900\" data-comments-opened=\"1\" data-image-meta=\"{&quot;aperture&quot;:&quot;5.6&quot;,&quot;credit&quot;:&quot;Unspecified&quot;,&quot;camera&quot;:&quot;E-3&quot;,&quot;caption&quot;:&quot;Capturefile: D:2010Svetlana Karm_Udmurdi_2010_kasutusse_RAW\\u0000632_2_staraja monja_s6jav2kke saatmise pidu_0173582.ORF\\rCaptureSN: D70510036.000000\\rSoftware: Capture One LE for Windows&quot;,&quot;created_timestamp&quot;:&quot;1276735832&quot;,&quot;copyright&quot;:&quot;Unspecified&quot;,&quot;focal_length&quot;:&quot;20&quot;,&quot;iso&quot;:&quot;200&quot;,&quot;shutter_speed&quot;:&quot;0.016666666666667&quot;,&quot;title&quot;:&quot;&quot;,&quot;orientation&quot;:&quot;1&quot;}\" data-image-title=\"312290_ERM_Fk_2946_485\" data-image-description=\"\" data-image-caption=\"&lt;p&gt;Capturefile: D:2010Svetlana Karm_Udmurdi_2010_kasutusse_RAW\ufffd632_2_staraja monja_s6jav2kke saatmise pidu_0173582.ORF&lt;br \/&gt;\nCaptureSN: D70510036.000000&lt;br \/&gt;\nSoftware: Capture One LE for Windows&lt;\/p&gt;\n\" data-large-file=\"https:\/\/blog.erm.ee\/wp-content\/uploads\/2020\/10\/312290_ERM_Fk_2946_485-1024x768.jpg\" class=\"wp-image-14036 size-full\" src=\"https:\/\/blog.erm.ee\/wp-content\/uploads\/2020\/10\/312290_ERM_Fk_2946_485.jpg\" alt=\"\" width=\"1200\" height=\"900\" srcset=\"https:\/\/blog.erm.ee\/wp-content\/uploads\/2020\/10\/312290_ERM_Fk_2946_485.jpg 1200w, https:\/\/blog.erm.ee\/wp-content\/uploads\/2020\/10\/312290_ERM_Fk_2946_485-300x225.jpg 300w, https:\/\/blog.erm.ee\/wp-content\/uploads\/2020\/10\/312290_ERM_Fk_2946_485-1024x768.jpg 1024w, https:\/\/blog.erm.ee\/wp-content\/uploads\/2020\/10\/312290_ERM_Fk_2946_485-347x260.jpg 347w, https:\/\/blog.erm.ee\/wp-content\/uploads\/2020\/10\/312290_ERM_Fk_2946_485-768x576.jpg 768w\" sizes=\"auto, (max-width: 1200px) 100vw, 1200px\" \/><\/a><p id=\"caption-attachment-14036\" class=\"wp-caption-text\">Foto: Madis Kats 2010. ERM Fk 2946:485<\/p><\/div>\n<p style=\"text-align: justify;\">S\u00f5jav\u00e4kke saatmise pidu Udmurtias.<\/p>\n<div id=\"attachment_14037\" style=\"width: 1210px\" class=\"wp-caption aligncenter\"><a href=\"https:\/\/blog.erm.ee\/wp-content\/uploads\/2020\/10\/106435_ERM_Fk_213_143.jpg\"><img loading=\"lazy\" decoding=\"async\" aria-describedby=\"caption-attachment-14037\" data-attachment-id=\"14037\" data-permalink=\"https:\/\/blog.erm.ee\/?attachment_id=14037#main\" data-orig-file=\"https:\/\/blog.erm.ee\/wp-content\/uploads\/2020\/10\/106435_ERM_Fk_213_143.jpg\" data-orig-size=\"1200,864\" data-comments-opened=\"1\" data-image-meta=\"{&quot;aperture&quot;:&quot;11&quot;,&quot;credit&quot;:&quot;&quot;,&quot;camera&quot;:&quot;NIKON D600&quot;,&quot;caption&quot;:&quot;&quot;,&quot;created_timestamp&quot;:&quot;1396946252&quot;,&quot;copyright&quot;:&quot;Eesti Rahva Muuseum 2014&quot;,&quot;focal_length&quot;:&quot;50&quot;,&quot;iso&quot;:&quot;100&quot;,&quot;shutter_speed&quot;:&quot;0.016666666666667&quot;,&quot;title&quot;:&quot;&quot;,&quot;orientation&quot;:&quot;1&quot;}\" data-image-title=\"106435_ERM_Fk_213_143\" data-image-description=\"\" data-image-caption=\"\" data-large-file=\"https:\/\/blog.erm.ee\/wp-content\/uploads\/2020\/10\/106435_ERM_Fk_213_143-1024x737.jpg\" class=\"wp-image-14037 size-full\" src=\"https:\/\/blog.erm.ee\/wp-content\/uploads\/2020\/10\/106435_ERM_Fk_213_143.jpg\" alt=\"\" width=\"1200\" height=\"864\" srcset=\"https:\/\/blog.erm.ee\/wp-content\/uploads\/2020\/10\/106435_ERM_Fk_213_143.jpg 1200w, https:\/\/blog.erm.ee\/wp-content\/uploads\/2020\/10\/106435_ERM_Fk_213_143-300x216.jpg 300w, https:\/\/blog.erm.ee\/wp-content\/uploads\/2020\/10\/106435_ERM_Fk_213_143-1024x737.jpg 1024w, https:\/\/blog.erm.ee\/wp-content\/uploads\/2020\/10\/106435_ERM_Fk_213_143-361x260.jpg 361w, https:\/\/blog.erm.ee\/wp-content\/uploads\/2020\/10\/106435_ERM_Fk_213_143-768x553.jpg 768w\" sizes=\"auto, (max-width: 1200px) 100vw, 1200px\" \/><\/a><p id=\"caption-attachment-14037\" class=\"wp-caption-text\">Foto: Johannes P\u00e4\u00e4suke 1912. ERM Fk 213:143<\/p><\/div>\n<p style=\"text-align: justify;\">Setod tantsimas V\u00f5\u00f5psus.<\/p>\n<div id=\"attachment_14038\" style=\"width: 1210px\" class=\"wp-caption aligncenter\"><a href=\"https:\/\/blog.erm.ee\/wp-content\/uploads\/2020\/10\/094573_ERM_Fk_1740_110.jpg\"><img loading=\"lazy\" decoding=\"async\" aria-describedby=\"caption-attachment-14038\" data-attachment-id=\"14038\" data-permalink=\"https:\/\/blog.erm.ee\/?attachment_id=14038#main\" data-orig-file=\"https:\/\/blog.erm.ee\/wp-content\/uploads\/2020\/10\/094573_ERM_Fk_1740_110.jpg\" data-orig-size=\"1200,919\" data-comments-opened=\"1\" data-image-meta=\"{&quot;aperture&quot;:&quot;8&quot;,&quot;credit&quot;:&quot;{your name}&quot;,&quot;camera&quot;:&quot;NIKON D200&quot;,&quot;caption&quot;:&quot;&quot;,&quot;created_timestamp&quot;:&quot;1342711389&quot;,&quot;copyright&quot;:&quot;(C)2011 {your name}, all rights reserved&quot;,&quot;focal_length&quot;:&quot;50&quot;,&quot;iso&quot;:&quot;200&quot;,&quot;shutter_speed&quot;:&quot;0.1&quot;,&quot;title&quot;:&quot;&quot;,&quot;orientation&quot;:&quot;1&quot;}\" data-image-title=\"094573_ERM_Fk_1740_110\" data-image-description=\"\" data-image-caption=\"\" data-large-file=\"https:\/\/blog.erm.ee\/wp-content\/uploads\/2020\/10\/094573_ERM_Fk_1740_110-1024x784.jpg\" class=\"wp-image-14038 size-full\" src=\"https:\/\/blog.erm.ee\/wp-content\/uploads\/2020\/10\/094573_ERM_Fk_1740_110.jpg\" alt=\"\" width=\"1200\" height=\"919\" srcset=\"https:\/\/blog.erm.ee\/wp-content\/uploads\/2020\/10\/094573_ERM_Fk_1740_110.jpg 1200w, https:\/\/blog.erm.ee\/wp-content\/uploads\/2020\/10\/094573_ERM_Fk_1740_110-300x230.jpg 300w, https:\/\/blog.erm.ee\/wp-content\/uploads\/2020\/10\/094573_ERM_Fk_1740_110-1024x784.jpg 1024w, https:\/\/blog.erm.ee\/wp-content\/uploads\/2020\/10\/094573_ERM_Fk_1740_110-339x260.jpg 339w, https:\/\/blog.erm.ee\/wp-content\/uploads\/2020\/10\/094573_ERM_Fk_1740_110-768x588.jpg 768w\" sizes=\"auto, (max-width: 1200px) 100vw, 1200px\" \/><\/a><p id=\"caption-attachment-14038\" class=\"wp-caption-text\">Foto: Aleksei Peterson 1975. ERM Fk 1740:110<\/p><\/div>\n<p style=\"text-align: justify;\">Pulmad Marimaal. Laud on varakult kaetud, laual on kindlasti puskaripudel, nii et j\u00e4tkuks k\u00f5igile peigmehe saatjatele.<\/p>\n<div id=\"attachment_14039\" style=\"width: 1210px\" class=\"wp-caption aligncenter\"><a href=\"https:\/\/blog.erm.ee\/wp-content\/uploads\/2020\/10\/351598_ERM_Fk2983_1.jpg\"><img loading=\"lazy\" decoding=\"async\" aria-describedby=\"caption-attachment-14039\" data-attachment-id=\"14039\" data-permalink=\"https:\/\/blog.erm.ee\/?attachment_id=14039#main\" data-orig-file=\"https:\/\/blog.erm.ee\/wp-content\/uploads\/2020\/10\/351598_ERM_Fk2983_1.jpg\" data-orig-size=\"1200,786\" data-comments-opened=\"1\" data-image-meta=\"{&quot;aperture&quot;:&quot;8&quot;,&quot;credit&quot;:&quot;&quot;,&quot;camera&quot;:&quot;NIKON D600&quot;,&quot;caption&quot;:&quot;&quot;,&quot;created_timestamp&quot;:&quot;1389690691&quot;,&quot;copyright&quot;:&quot;&quot;,&quot;focal_length&quot;:&quot;50&quot;,&quot;iso&quot;:&quot;100&quot;,&quot;shutter_speed&quot;:&quot;0.125&quot;,&quot;title&quot;:&quot;&quot;,&quot;orientation&quot;:&quot;1&quot;}\" data-image-title=\"351598_ERM_Fk2983_1\" data-image-description=\"\" data-image-caption=\"\" data-large-file=\"https:\/\/blog.erm.ee\/wp-content\/uploads\/2020\/10\/351598_ERM_Fk2983_1-1024x671.jpg\" class=\"wp-image-14039 size-full\" src=\"https:\/\/blog.erm.ee\/wp-content\/uploads\/2020\/10\/351598_ERM_Fk2983_1.jpg\" alt=\"\" width=\"1200\" height=\"786\" srcset=\"https:\/\/blog.erm.ee\/wp-content\/uploads\/2020\/10\/351598_ERM_Fk2983_1.jpg 1200w, https:\/\/blog.erm.ee\/wp-content\/uploads\/2020\/10\/351598_ERM_Fk2983_1-300x197.jpg 300w, https:\/\/blog.erm.ee\/wp-content\/uploads\/2020\/10\/351598_ERM_Fk2983_1-1024x671.jpg 1024w, https:\/\/blog.erm.ee\/wp-content\/uploads\/2020\/10\/351598_ERM_Fk2983_1-397x260.jpg 397w, https:\/\/blog.erm.ee\/wp-content\/uploads\/2020\/10\/351598_ERM_Fk2983_1-768x503.jpg 768w\" sizes=\"auto, (max-width: 1200px) 100vw, 1200px\" \/><\/a><p id=\"caption-attachment-14039\" class=\"wp-caption-text\">Foto u 1955. ERM Fk 2983:1<\/p><\/div>\n<p style=\"text-align: justify;\">Pidur\u00f5ivais Seto noored. Obinitsa k\u00e4idi tantsimas.<\/p>\n<div id=\"attachment_14040\" style=\"width: 1210px\" class=\"wp-caption aligncenter\"><a href=\"https:\/\/blog.erm.ee\/wp-content\/uploads\/2020\/10\/123045_ERM_Fk1766_57.jpg\"><img loading=\"lazy\" decoding=\"async\" aria-describedby=\"caption-attachment-14040\" data-attachment-id=\"14040\" data-permalink=\"https:\/\/blog.erm.ee\/?attachment_id=14040#main\" data-orig-file=\"https:\/\/blog.erm.ee\/wp-content\/uploads\/2020\/10\/123045_ERM_Fk1766_57.jpg\" data-orig-size=\"1200,776\" data-comments-opened=\"1\" data-image-meta=\"{&quot;aperture&quot;:&quot;11&quot;,&quot;credit&quot;:&quot;&quot;,&quot;camera&quot;:&quot;NIKON D600&quot;,&quot;caption&quot;:&quot;&quot;,&quot;created_timestamp&quot;:&quot;1581602138&quot;,&quot;copyright&quot;:&quot;&quot;,&quot;focal_length&quot;:&quot;60&quot;,&quot;iso&quot;:&quot;100&quot;,&quot;shutter_speed&quot;:&quot;0.016666666666667&quot;,&quot;title&quot;:&quot;&quot;,&quot;orientation&quot;:&quot;1&quot;}\" data-image-title=\"123045_ERM_Fk1766_57\" data-image-description=\"\" data-image-caption=\"\" data-large-file=\"https:\/\/blog.erm.ee\/wp-content\/uploads\/2020\/10\/123045_ERM_Fk1766_57-1024x662.jpg\" class=\"wp-image-14040 size-full\" src=\"https:\/\/blog.erm.ee\/wp-content\/uploads\/2020\/10\/123045_ERM_Fk1766_57.jpg\" alt=\"\" width=\"1200\" height=\"776\" srcset=\"https:\/\/blog.erm.ee\/wp-content\/uploads\/2020\/10\/123045_ERM_Fk1766_57.jpg 1200w, https:\/\/blog.erm.ee\/wp-content\/uploads\/2020\/10\/123045_ERM_Fk1766_57-300x194.jpg 300w, https:\/\/blog.erm.ee\/wp-content\/uploads\/2020\/10\/123045_ERM_Fk1766_57-1024x662.jpg 1024w, https:\/\/blog.erm.ee\/wp-content\/uploads\/2020\/10\/123045_ERM_Fk1766_57-402x260.jpg 402w, https:\/\/blog.erm.ee\/wp-content\/uploads\/2020\/10\/123045_ERM_Fk1766_57-768x497.jpg 768w\" sizes=\"auto, (max-width: 1200px) 100vw, 1200px\" \/><\/a><p id=\"caption-attachment-14040\" class=\"wp-caption-text\">Foto: Heno Sarv 1975. ERM Fk 1766: 57<\/p><\/div>\n<p style=\"text-align: justify;\">Handi perekond talvises pidulikus riietuses.<\/p>\n<div id=\"attachment_14041\" style=\"width: 1210px\" class=\"wp-caption aligncenter\"><a href=\"https:\/\/blog.erm.ee\/wp-content\/uploads\/2020\/10\/128065_ERM_Fk1916_48.jpg\"><img loading=\"lazy\" decoding=\"async\" aria-describedby=\"caption-attachment-14041\" data-attachment-id=\"14041\" data-permalink=\"https:\/\/blog.erm.ee\/?attachment_id=14041#main\" data-orig-file=\"https:\/\/blog.erm.ee\/wp-content\/uploads\/2020\/10\/128065_ERM_Fk1916_48.jpg\" data-orig-size=\"1200,818\" data-comments-opened=\"1\" data-image-meta=\"{&quot;aperture&quot;:&quot;10&quot;,&quot;credit&quot;:&quot;&quot;,&quot;camera&quot;:&quot;NIKON D600&quot;,&quot;caption&quot;:&quot;&quot;,&quot;created_timestamp&quot;:&quot;1583323754&quot;,&quot;copyright&quot;:&quot;&quot;,&quot;focal_length&quot;:&quot;60&quot;,&quot;iso&quot;:&quot;100&quot;,&quot;shutter_speed&quot;:&quot;0.016666666666667&quot;,&quot;title&quot;:&quot;&quot;,&quot;orientation&quot;:&quot;1&quot;}\" data-image-title=\"128065_ERM_Fk1916_48\" data-image-description=\"\" data-image-caption=\"\" data-large-file=\"https:\/\/blog.erm.ee\/wp-content\/uploads\/2020\/10\/128065_ERM_Fk1916_48-1024x698.jpg\" class=\"wp-image-14041 size-full\" src=\"https:\/\/blog.erm.ee\/wp-content\/uploads\/2020\/10\/128065_ERM_Fk1916_48.jpg\" alt=\"\" width=\"1200\" height=\"818\" srcset=\"https:\/\/blog.erm.ee\/wp-content\/uploads\/2020\/10\/128065_ERM_Fk1916_48.jpg 1200w, https:\/\/blog.erm.ee\/wp-content\/uploads\/2020\/10\/128065_ERM_Fk1916_48-300x205.jpg 300w, https:\/\/blog.erm.ee\/wp-content\/uploads\/2020\/10\/128065_ERM_Fk1916_48-1024x698.jpg 1024w, https:\/\/blog.erm.ee\/wp-content\/uploads\/2020\/10\/128065_ERM_Fk1916_48-381x260.jpg 381w, https:\/\/blog.erm.ee\/wp-content\/uploads\/2020\/10\/128065_ERM_Fk1916_48-768x524.jpg 768w\" sizes=\"auto, (max-width: 1200px) 100vw, 1200px\" \/><\/a><p id=\"caption-attachment-14041\" class=\"wp-caption-text\">Foto: Aado Lintrop 1977. ERM Fk 1916:48<\/p><\/div>\n<p style=\"text-align: justify;\">Mansi k\u00fclarahvas pillim\u00e4ngu kuulamas.<\/p>\n<p style=\"text-align: justify;\"><a href=\"#_ednref1\" name=\"_edn1\">[i]<\/a> Katkend vadja eeliap\u00e4eva laulust. Laulu t\u00e4isteksti vaadata ja selle esitust kuulata saab siit: <a href=\"http:\/\/www.folklore.ee\/pubte\/eraamat\/vadjaisuri\/ee\/laul-puha-iilia-isanta\">http:\/\/www.folklore.ee\/pubte\/eraamat\/vadjaisuri\/ee\/laul-puha-iilia-isanta<\/a>.<\/p>\n<p style=\"text-align: justify;\"><a href=\"#_ednref2\" name=\"_edn2\">[ii]<\/a> Eesti vanas\u00f5nade andmebaasi leiavad huvilised Eesti Kirjandusmuuseumi Eesti Rahvaluule Arhiivi kodulehelt: <a href=\"http:\/\/www.folklore.ee\/rl\/date\/robotid\/leht1.html\">http:\/\/www.folklore.ee\/rl\/date\/robotid\/leht1.html<\/a>.<\/p>\n<div class=\"fcbkbttn_buttons_block\" id=\"fcbkbttn_left\"><div class=\"fcbkbttn_like \"><fb:like href=\"https:\/\/blog.erm.ee\/?p=14024\" action=\"like\" colorscheme=\"light\" layout=\"standard\"  width=\"225px\" size=\"small\"><\/fb:like><\/div><div class=\"fb-share-button  \" data-href=\"https:\/\/blog.erm.ee\/?p=14024\" data-type=\"button\" data-size=\"small\"><\/div><\/div>","protected":false},"excerpt":{"rendered":"<p>Piret Koosa, teadur &nbsp; Oktoobris oleme t\u00e4histanud h\u00f5imukuud. Kui vaadata, mida on erinevatel soome-ugri rahvastel vanas\u00f5nade-k\u00f5nek\u00e4\u00e4ndude p\u00f5hjal \u00f6elda pidutsemise ja ilutsemise, laulu ja tantsu kohta, siis kajab sealt vastu pehmelt \u00f6eldes skeptiline suhtumine. Enamikul h\u00f5imlastest paistavad olevat omad vasted tarkustele-t\u00e4helepanekutele, mis eesti p\u00e4rimuses k\u00f5lavad n\u00e4iteks nii: kodu om paremb ku pidu; ainult kukk ja k\u00f6ster&hellip;<\/p>\n","protected":false},"author":1,"featured_media":14025,"comment_status":"open","ping_status":"open","sticky":false,"template":"","format":"standard","meta":{"_monsterinsights_skip_tracking":false,"_monsterinsights_sitenote_active":false,"_monsterinsights_sitenote_note":"","_monsterinsights_sitenote_category":0,"jetpack_post_was_ever_published":false,"_jetpack_newsletter_access":"","_jetpack_dont_email_post_to_subs":false,"_jetpack_newsletter_tier_id":0,"_jetpack_memberships_contains_paywalled_content":false,"_jetpack_memberships_contains_paid_content":false,"footnotes":""},"categories":[28,19,10],"tags":[],"class_list":["post-14024","post","type-post","status-publish","format-standard","has-post-thumbnail","hentry","category-soome-ugri","category-sundmus","category-teadus"],"yoast_head":"<!-- This site is optimized with the Yoast SEO plugin v27.5 - https:\/\/yoast.com\/product\/yoast-seo-wordpress\/ -->\n<title>Meil on viinad viiesugused, \u00f5lled \u00fcheksasugused \u2026[i] - Eesti Rahva Muuseumi ajaveeb<\/title>\n<meta name=\"robots\" content=\"index, follow, max-snippet:-1, max-image-preview:large, max-video-preview:-1\" \/>\n<link rel=\"canonical\" href=\"https:\/\/blog.erm.ee\/?p=14024\" \/>\n<meta property=\"og:locale\" content=\"et_EE\" \/>\n<meta property=\"og:type\" content=\"article\" \/>\n<meta property=\"og:title\" content=\"Meil on viinad viiesugused, \u00f5lled \u00fcheksasugused \u2026[i] - Eesti Rahva Muuseumi ajaveeb\" \/>\n<meta property=\"og:description\" content=\"Piret Koosa, teadur &nbsp; Oktoobris oleme t\u00e4histanud h\u00f5imukuud. Kui vaadata, mida on erinevatel soome-ugri rahvastel vanas\u00f5nade-k\u00f5nek\u00e4\u00e4ndude p\u00f5hjal \u00f6elda pidutsemise ja ilutsemise, laulu ja tantsu kohta, siis kajab sealt vastu pehmelt \u00f6eldes skeptiline suhtumine. Enamikul h\u00f5imlastest paistavad olevat omad vasted tarkustele-t\u00e4helepanekutele, mis eesti p\u00e4rimuses k\u00f5lavad n\u00e4iteks nii: kodu om paremb ku pidu; ainult kukk ja k\u00f6ster&hellip;\" \/>\n<meta property=\"og:url\" content=\"https:\/\/blog.erm.ee\/?p=14024\" \/>\n<meta property=\"og:site_name\" content=\"Eesti Rahva Muuseumi ajaveeb\" \/>\n<meta property=\"article:published_time\" content=\"2020-10-29T08:07:31+00:00\" \/>\n<meta property=\"article:modified_time\" content=\"2020-10-29T08:08:44+00:00\" \/>\n<meta property=\"og:image\" content=\"https:\/\/blog.erm.ee\/wp-content\/uploads\/2020\/10\/312996_ERM_Fk_2946_1191.jpg\" \/>\n\t<meta property=\"og:image:width\" content=\"1200\" \/>\n\t<meta property=\"og:image:height\" content=\"900\" \/>\n\t<meta property=\"og:image:type\" content=\"image\/jpeg\" \/>\n<meta name=\"author\" content=\"Eesti Rahva Muuseum\" \/>\n<meta name=\"twitter:card\" content=\"summary_large_image\" \/>\n<meta name=\"twitter:label1\" content=\"Written by\" \/>\n\t<meta name=\"twitter:data1\" content=\"Eesti Rahva Muuseum\" \/>\n\t<meta name=\"twitter:label2\" content=\"Est. reading time\" \/>\n\t<meta name=\"twitter:data2\" content=\"6 minutit\" \/>\n<script type=\"application\/ld+json\" class=\"yoast-schema-graph\">{\"@context\":\"https:\\\/\\\/schema.org\",\"@graph\":[{\"@type\":\"Article\",\"@id\":\"https:\\\/\\\/blog.erm.ee\\\/?p=14024#article\",\"isPartOf\":{\"@id\":\"https:\\\/\\\/blog.erm.ee\\\/?p=14024\"},\"author\":{\"name\":\"Eesti Rahva Muuseum\",\"@id\":\"https:\\\/\\\/blog.erm.ee\\\/#\\\/schema\\\/person\\\/6e98c391cb00a33e7c22a3571e062114\"},\"headline\":\"Meil on viinad viiesugused, \u00f5lled \u00fcheksasugused \u2026[i]\",\"datePublished\":\"2020-10-29T08:07:31+00:00\",\"dateModified\":\"2020-10-29T08:08:44+00:00\",\"mainEntityOfPage\":{\"@id\":\"https:\\\/\\\/blog.erm.ee\\\/?p=14024\"},\"wordCount\":1134,\"commentCount\":0,\"image\":{\"@id\":\"https:\\\/\\\/blog.erm.ee\\\/?p=14024#primaryimage\"},\"thumbnailUrl\":\"https:\\\/\\\/blog.erm.ee\\\/wp-content\\\/uploads\\\/2020\\\/10\\\/312996_ERM_Fk_2946_1191.jpg\",\"articleSection\":[\"Soome-ugri\",\"S\u00fcndmus\",\"Teadus\"],\"inLanguage\":\"et\",\"potentialAction\":[{\"@type\":\"CommentAction\",\"name\":\"Comment\",\"target\":[\"https:\\\/\\\/blog.erm.ee\\\/?p=14024#respond\"]}]},{\"@type\":\"WebPage\",\"@id\":\"https:\\\/\\\/blog.erm.ee\\\/?p=14024\",\"url\":\"https:\\\/\\\/blog.erm.ee\\\/?p=14024\",\"name\":\"Meil on viinad viiesugused, \u00f5lled \u00fcheksasugused \u2026[i] - Eesti Rahva Muuseumi ajaveeb\",\"isPartOf\":{\"@id\":\"https:\\\/\\\/blog.erm.ee\\\/#website\"},\"primaryImageOfPage\":{\"@id\":\"https:\\\/\\\/blog.erm.ee\\\/?p=14024#primaryimage\"},\"image\":{\"@id\":\"https:\\\/\\\/blog.erm.ee\\\/?p=14024#primaryimage\"},\"thumbnailUrl\":\"https:\\\/\\\/blog.erm.ee\\\/wp-content\\\/uploads\\\/2020\\\/10\\\/312996_ERM_Fk_2946_1191.jpg\",\"datePublished\":\"2020-10-29T08:07:31+00:00\",\"dateModified\":\"2020-10-29T08:08:44+00:00\",\"author\":{\"@id\":\"https:\\\/\\\/blog.erm.ee\\\/#\\\/schema\\\/person\\\/6e98c391cb00a33e7c22a3571e062114\"},\"breadcrumb\":{\"@id\":\"https:\\\/\\\/blog.erm.ee\\\/?p=14024#breadcrumb\"},\"inLanguage\":\"et\",\"potentialAction\":[{\"@type\":\"ReadAction\",\"target\":[\"https:\\\/\\\/blog.erm.ee\\\/?p=14024\"]}]},{\"@type\":\"ImageObject\",\"inLanguage\":\"et\",\"@id\":\"https:\\\/\\\/blog.erm.ee\\\/?p=14024#primaryimage\",\"url\":\"https:\\\/\\\/blog.erm.ee\\\/wp-content\\\/uploads\\\/2020\\\/10\\\/312996_ERM_Fk_2946_1191.jpg\",\"contentUrl\":\"https:\\\/\\\/blog.erm.ee\\\/wp-content\\\/uploads\\\/2020\\\/10\\\/312996_ERM_Fk_2946_1191.jpg\",\"width\":1200,\"height\":900,\"caption\":\"Capturefile: D:2010Svetlana Karm_Udmurdi_2010_kasutusse_RAWjuurde raw1809_ludorvai_gerberi peop2ev_0121588.ORF CaptureSN: D70510036.000000 Software: Capture One LE for Windows\"},{\"@type\":\"BreadcrumbList\",\"@id\":\"https:\\\/\\\/blog.erm.ee\\\/?p=14024#breadcrumb\",\"itemListElement\":[{\"@type\":\"ListItem\",\"position\":1,\"name\":\"Home\",\"item\":\"https:\\\/\\\/blog.erm.ee\\\/\"},{\"@type\":\"ListItem\",\"position\":2,\"name\":\"Meil on viinad viiesugused, \u00f5lled \u00fcheksasugused \u2026[i]\"}]},{\"@type\":\"WebSite\",\"@id\":\"https:\\\/\\\/blog.erm.ee\\\/#website\",\"url\":\"https:\\\/\\\/blog.erm.ee\\\/\",\"name\":\"Eesti Rahva Muuseumi ajaveeb\",\"description\":\"\",\"potentialAction\":[{\"@type\":\"SearchAction\",\"target\":{\"@type\":\"EntryPoint\",\"urlTemplate\":\"https:\\\/\\\/blog.erm.ee\\\/?s={search_term_string}\"},\"query-input\":{\"@type\":\"PropertyValueSpecification\",\"valueRequired\":true,\"valueName\":\"search_term_string\"}}],\"inLanguage\":\"et\"},{\"@type\":\"Person\",\"@id\":\"https:\\\/\\\/blog.erm.ee\\\/#\\\/schema\\\/person\\\/6e98c391cb00a33e7c22a3571e062114\",\"name\":\"Eesti Rahva Muuseum\",\"image\":{\"@type\":\"ImageObject\",\"inLanguage\":\"et\",\"@id\":\"https:\\\/\\\/secure.gravatar.com\\\/avatar\\\/cb6d9ad5fb49f3f7315028ce5fe60641075f2cb52b8a058ff5a985fa2d8c1da0?s=96&d=mm&r=g\",\"url\":\"https:\\\/\\\/secure.gravatar.com\\\/avatar\\\/cb6d9ad5fb49f3f7315028ce5fe60641075f2cb52b8a058ff5a985fa2d8c1da0?s=96&d=mm&r=g\",\"contentUrl\":\"https:\\\/\\\/secure.gravatar.com\\\/avatar\\\/cb6d9ad5fb49f3f7315028ce5fe60641075f2cb52b8a058ff5a985fa2d8c1da0?s=96&d=mm&r=g\",\"caption\":\"Eesti Rahva Muuseum\"},\"sameAs\":[\"http:\\\/\\\/www.erm.ee\"],\"url\":\"https:\\\/\\\/blog.erm.ee\\\/?author=1\"}]}<\/script>\n<!-- \/ Yoast SEO plugin. -->","yoast_head_json":{"title":"Meil on viinad viiesugused, \u00f5lled \u00fcheksasugused \u2026[i] - Eesti Rahva Muuseumi ajaveeb","robots":{"index":"index","follow":"follow","max-snippet":"max-snippet:-1","max-image-preview":"max-image-preview:large","max-video-preview":"max-video-preview:-1"},"canonical":"https:\/\/blog.erm.ee\/?p=14024","og_locale":"et_EE","og_type":"article","og_title":"Meil on viinad viiesugused, \u00f5lled \u00fcheksasugused \u2026[i] - Eesti Rahva Muuseumi ajaveeb","og_description":"Piret Koosa, teadur &nbsp; Oktoobris oleme t\u00e4histanud h\u00f5imukuud. Kui vaadata, mida on erinevatel soome-ugri rahvastel vanas\u00f5nade-k\u00f5nek\u00e4\u00e4ndude p\u00f5hjal \u00f6elda pidutsemise ja ilutsemise, laulu ja tantsu kohta, siis kajab sealt vastu pehmelt \u00f6eldes skeptiline suhtumine. Enamikul h\u00f5imlastest paistavad olevat omad vasted tarkustele-t\u00e4helepanekutele, mis eesti p\u00e4rimuses k\u00f5lavad n\u00e4iteks nii: kodu om paremb ku pidu; ainult kukk ja k\u00f6ster&hellip;","og_url":"https:\/\/blog.erm.ee\/?p=14024","og_site_name":"Eesti Rahva Muuseumi ajaveeb","article_published_time":"2020-10-29T08:07:31+00:00","article_modified_time":"2020-10-29T08:08:44+00:00","og_image":[{"width":1200,"height":900,"url":"https:\/\/blog.erm.ee\/wp-content\/uploads\/2020\/10\/312996_ERM_Fk_2946_1191.jpg","type":"image\/jpeg"}],"author":"Eesti Rahva Muuseum","twitter_card":"summary_large_image","twitter_misc":{"Written by":"Eesti Rahva Muuseum","Est. reading time":"6 minutit"},"schema":{"@context":"https:\/\/schema.org","@graph":[{"@type":"Article","@id":"https:\/\/blog.erm.ee\/?p=14024#article","isPartOf":{"@id":"https:\/\/blog.erm.ee\/?p=14024"},"author":{"name":"Eesti Rahva Muuseum","@id":"https:\/\/blog.erm.ee\/#\/schema\/person\/6e98c391cb00a33e7c22a3571e062114"},"headline":"Meil on viinad viiesugused, \u00f5lled \u00fcheksasugused \u2026[i]","datePublished":"2020-10-29T08:07:31+00:00","dateModified":"2020-10-29T08:08:44+00:00","mainEntityOfPage":{"@id":"https:\/\/blog.erm.ee\/?p=14024"},"wordCount":1134,"commentCount":0,"image":{"@id":"https:\/\/blog.erm.ee\/?p=14024#primaryimage"},"thumbnailUrl":"https:\/\/blog.erm.ee\/wp-content\/uploads\/2020\/10\/312996_ERM_Fk_2946_1191.jpg","articleSection":["Soome-ugri","S\u00fcndmus","Teadus"],"inLanguage":"et","potentialAction":[{"@type":"CommentAction","name":"Comment","target":["https:\/\/blog.erm.ee\/?p=14024#respond"]}]},{"@type":"WebPage","@id":"https:\/\/blog.erm.ee\/?p=14024","url":"https:\/\/blog.erm.ee\/?p=14024","name":"Meil on viinad viiesugused, \u00f5lled \u00fcheksasugused \u2026[i] - Eesti Rahva Muuseumi ajaveeb","isPartOf":{"@id":"https:\/\/blog.erm.ee\/#website"},"primaryImageOfPage":{"@id":"https:\/\/blog.erm.ee\/?p=14024#primaryimage"},"image":{"@id":"https:\/\/blog.erm.ee\/?p=14024#primaryimage"},"thumbnailUrl":"https:\/\/blog.erm.ee\/wp-content\/uploads\/2020\/10\/312996_ERM_Fk_2946_1191.jpg","datePublished":"2020-10-29T08:07:31+00:00","dateModified":"2020-10-29T08:08:44+00:00","author":{"@id":"https:\/\/blog.erm.ee\/#\/schema\/person\/6e98c391cb00a33e7c22a3571e062114"},"breadcrumb":{"@id":"https:\/\/blog.erm.ee\/?p=14024#breadcrumb"},"inLanguage":"et","potentialAction":[{"@type":"ReadAction","target":["https:\/\/blog.erm.ee\/?p=14024"]}]},{"@type":"ImageObject","inLanguage":"et","@id":"https:\/\/blog.erm.ee\/?p=14024#primaryimage","url":"https:\/\/blog.erm.ee\/wp-content\/uploads\/2020\/10\/312996_ERM_Fk_2946_1191.jpg","contentUrl":"https:\/\/blog.erm.ee\/wp-content\/uploads\/2020\/10\/312996_ERM_Fk_2946_1191.jpg","width":1200,"height":900,"caption":"Capturefile: D:2010Svetlana Karm_Udmurdi_2010_kasutusse_RAWjuurde raw1809_ludorvai_gerberi peop2ev_0121588.ORF CaptureSN: D70510036.000000 Software: Capture One LE for Windows"},{"@type":"BreadcrumbList","@id":"https:\/\/blog.erm.ee\/?p=14024#breadcrumb","itemListElement":[{"@type":"ListItem","position":1,"name":"Home","item":"https:\/\/blog.erm.ee\/"},{"@type":"ListItem","position":2,"name":"Meil on viinad viiesugused, \u00f5lled \u00fcheksasugused \u2026[i]"}]},{"@type":"WebSite","@id":"https:\/\/blog.erm.ee\/#website","url":"https:\/\/blog.erm.ee\/","name":"Eesti Rahva Muuseumi ajaveeb","description":"","potentialAction":[{"@type":"SearchAction","target":{"@type":"EntryPoint","urlTemplate":"https:\/\/blog.erm.ee\/?s={search_term_string}"},"query-input":{"@type":"PropertyValueSpecification","valueRequired":true,"valueName":"search_term_string"}}],"inLanguage":"et"},{"@type":"Person","@id":"https:\/\/blog.erm.ee\/#\/schema\/person\/6e98c391cb00a33e7c22a3571e062114","name":"Eesti Rahva Muuseum","image":{"@type":"ImageObject","inLanguage":"et","@id":"https:\/\/secure.gravatar.com\/avatar\/cb6d9ad5fb49f3f7315028ce5fe60641075f2cb52b8a058ff5a985fa2d8c1da0?s=96&d=mm&r=g","url":"https:\/\/secure.gravatar.com\/avatar\/cb6d9ad5fb49f3f7315028ce5fe60641075f2cb52b8a058ff5a985fa2d8c1da0?s=96&d=mm&r=g","contentUrl":"https:\/\/secure.gravatar.com\/avatar\/cb6d9ad5fb49f3f7315028ce5fe60641075f2cb52b8a058ff5a985fa2d8c1da0?s=96&d=mm&r=g","caption":"Eesti Rahva Muuseum"},"sameAs":["http:\/\/www.erm.ee"],"url":"https:\/\/blog.erm.ee\/?author=1"}]}},"jetpack_featured_media_url":"https:\/\/blog.erm.ee\/wp-content\/uploads\/2020\/10\/312996_ERM_Fk_2946_1191.jpg","jetpack_shortlink":"https:\/\/wp.me\/p2l9Zd-3Ec","jetpack_sharing_enabled":true,"jetpack_likes_enabled":true,"_links":{"self":[{"href":"https:\/\/blog.erm.ee\/index.php?rest_route=\/wp\/v2\/posts\/14024","targetHints":{"allow":["GET"]}}],"collection":[{"href":"https:\/\/blog.erm.ee\/index.php?rest_route=\/wp\/v2\/posts"}],"about":[{"href":"https:\/\/blog.erm.ee\/index.php?rest_route=\/wp\/v2\/types\/post"}],"author":[{"embeddable":true,"href":"https:\/\/blog.erm.ee\/index.php?rest_route=\/wp\/v2\/users\/1"}],"replies":[{"embeddable":true,"href":"https:\/\/blog.erm.ee\/index.php?rest_route=%2Fwp%2Fv2%2Fcomments&post=14024"}],"version-history":[{"count":5,"href":"https:\/\/blog.erm.ee\/index.php?rest_route=\/wp\/v2\/posts\/14024\/revisions"}],"predecessor-version":[{"id":14046,"href":"https:\/\/blog.erm.ee\/index.php?rest_route=\/wp\/v2\/posts\/14024\/revisions\/14046"}],"wp:featuredmedia":[{"embeddable":true,"href":"https:\/\/blog.erm.ee\/index.php?rest_route=\/wp\/v2\/media\/14025"}],"wp:attachment":[{"href":"https:\/\/blog.erm.ee\/index.php?rest_route=%2Fwp%2Fv2%2Fmedia&parent=14024"}],"wp:term":[{"taxonomy":"category","embeddable":true,"href":"https:\/\/blog.erm.ee\/index.php?rest_route=%2Fwp%2Fv2%2Fcategories&post=14024"},{"taxonomy":"post_tag","embeddable":true,"href":"https:\/\/blog.erm.ee\/index.php?rest_route=%2Fwp%2Fv2%2Ftags&post=14024"}],"curies":[{"name":"wp","href":"https:\/\/api.w.org\/{rel}","templated":true}]}}