{"id":14017,"date":"2020-10-26T10:44:03","date_gmt":"2020-10-26T08:44:03","guid":{"rendered":"https:\/\/blog.erm.ee\/?p=14017"},"modified":"2020-10-26T10:44:03","modified_gmt":"2020-10-26T08:44:03","slug":"muinasjutunaitus-kulaliste-blogides","status":"publish","type":"post","link":"https:\/\/blog.erm.ee\/?p=14017","title":{"rendered":"Muinasjutun\u00e4itus k\u00fclaliste blogides"},"content":{"rendered":"<div class=\"fcbkbttn_buttons_block\" id=\"fcbkbttn_left\"><div class=\"fcbkbttn_like \"><fb:like href=\"https:\/\/blog.erm.ee\/?p=14017\" action=\"like\" colorscheme=\"light\" layout=\"standard\"  width=\"225px\" size=\"small\"><\/fb:like><\/div><div class=\"fb-share-button  \" data-href=\"https:\/\/blog.erm.ee\/?p=14017\" data-type=\"button\" data-size=\"small\"><\/div><\/div><p>Eesti Rahva Muuseumi <a href=\"https:\/\/www.erm.ee\/et\/content\/muinasjutunaitus\">muinasjutun\u00e4itus &#8220;Elas kord&#8230;&#8221;<\/a> pakub r\u00f5\u00f5mu nii suurtele kui v\u00e4ikestele k\u00fclalistele. Muinasjutud on meid saatnud terve elu ja pakuvad enamasti lohutust, et &#8220;k\u00f5ik saab l\u00f5puks korda&#8221; ning &#8220;kuri saab oma palga&#8221;.<\/p>\n<p>Muinasjutun\u00e4itusel k\u00e4isid 2020. aasta s\u00fcgisel k\u00fclas kolm peret, kes kirjutasid kogetust oma blogides.<\/p>\n<p>Pereisa ja blogija Henry kirjutab: \u201cMa ei tea, mida ma ootasin, aga ma ei oodanud absoluutselt seda. Ma ootasin, et me saaksime poole tunni p\u00e4rast kodu poole asuda, aga me ei saanud, sest lapsed soovisid s\u00fcveneda ABSOLUUTSELT igas ruumis, mis n\u00e4itusel v\u00e4lja pandud oli. Kui tavaliselt on nemad need t\u00fcdinenud sellid, kes lunivad, et l\u00e4hme edasi, siis sel korral olin mina see, kes ei suutnud \u00e4ra ohkida, et kaua v\u00f5ib \u00fches kohas aega veeta\u2026 l\u00e4hmeeeee!\u00a0\u00d5nneks\/kahjuks ei kuulanud mind keegi ja lapsed said n\u00e4itusest t\u00e4ieliku elamuse.\u201d <a href=\"https:\/\/amidahenryteeb.eu\/2020\/10\/15\/kaua-voib-uhes-kohas-passida\">Vaata l\u00e4hemalt Henry pere p\u00e4evast ERMis.<\/a><\/p>\n<div id=\"attachment_14018\" style=\"width: 1435px\" class=\"wp-caption aligncenter\"><a href=\"https:\/\/blog.erm.ee\/wp-content\/uploads\/2020\/10\/AMHT-5.jpg\"><img loading=\"lazy\" decoding=\"async\" aria-describedby=\"caption-attachment-14018\" data-attachment-id=\"14018\" data-permalink=\"https:\/\/blog.erm.ee\/?attachment_id=14018#main\" data-orig-file=\"https:\/\/blog.erm.ee\/wp-content\/uploads\/2020\/10\/AMHT-5.jpg\" data-orig-size=\"1425,952\" data-comments-opened=\"1\" data-image-meta=\"{&quot;aperture&quot;:&quot;4&quot;,&quot;credit&quot;:&quot;&quot;,&quot;camera&quot;:&quot;ILCE-7M3&quot;,&quot;caption&quot;:&quot;&quot;,&quot;created_timestamp&quot;:&quot;1602406796&quot;,&quot;copyright&quot;:&quot;&quot;,&quot;focal_length&quot;:&quot;35&quot;,&quot;iso&quot;:&quot;100&quot;,&quot;shutter_speed&quot;:&quot;0.004&quot;,&quot;title&quot;:&quot;&quot;,&quot;orientation&quot;:&quot;0&quot;}\" data-image-title=\"AMHT 5\" data-image-description=\"&lt;p&gt;Foto A Mida Henry Teeb&lt;\/p&gt;\n\" data-image-caption=\"&lt;p&gt;Foto A Mida Henry Teeb&lt;\/p&gt;\n\" data-large-file=\"https:\/\/blog.erm.ee\/wp-content\/uploads\/2020\/10\/AMHT-5-1024x684.jpg\" class=\"size-full wp-image-14018\" src=\"https:\/\/blog.erm.ee\/wp-content\/uploads\/2020\/10\/AMHT-5.jpg\" alt=\"\" width=\"1425\" height=\"952\" srcset=\"https:\/\/blog.erm.ee\/wp-content\/uploads\/2020\/10\/AMHT-5.jpg 1425w, https:\/\/blog.erm.ee\/wp-content\/uploads\/2020\/10\/AMHT-5-300x200.jpg 300w, https:\/\/blog.erm.ee\/wp-content\/uploads\/2020\/10\/AMHT-5-1024x684.jpg 1024w, https:\/\/blog.erm.ee\/wp-content\/uploads\/2020\/10\/AMHT-5-389x260.jpg 389w, https:\/\/blog.erm.ee\/wp-content\/uploads\/2020\/10\/AMHT-5-768x513.jpg 768w\" sizes=\"auto, (max-width: 1425px) 100vw, 1425px\" \/><\/a><p id=\"caption-attachment-14018\" class=\"wp-caption-text\">Foto A Mida Henry Teeb<\/p><\/div>\n<p>Muinasjutun\u00e4itusest ja meie p\u00fcsin\u00e4itustest kirjutavad ja jagavad imelisi pilte ka <a href=\"https:\/\/piltsberg.com\/2020\/10\/21\/muuseum-on-uks-igaaaav-ja-mottetu-koht-lugu-sellest-kuidas-piltsbergid-erm-i-kulastasid\/\">perekond Piltsbergid<\/a>: &#8220;Alustasimegi ELAS KORD\u2026n\u00e4itusega. Aeg on ikka m\u00f5nusalt edasi l\u00e4inud. Kohe sisse astudes haaras n\u00e4itus meid endasse. Lastele on \u00fclimalt oluline, et nad saavad ise katsuda eksponaate ja neid elama panna. See n\u00e4itus s\u00f5na otseses m\u00f5ttes elas! Staatiliselt klaasseina taga seisvatest tolmustest topistest oli asi sama kaugel, kui Assamalla k\u00fcla Londonist.&#8221;<\/p>\n<p>K\u00f5ik, kel v\u00e4hegi jaksu, saavad muinasjutun\u00e4ituselt edasi sammud seada ERMi p\u00fcsin\u00e4itustele &#8220;Kohtumised&#8221; ning &#8220;Uurali kaja&#8221;.<a href=\"https:\/\/piltsberg.com\/2020\/10\/21\/muuseum-on-uks-igaaaav-ja-mottetu-koht-lugu-sellest-kuidas-piltsbergid-erm-i-kulastasid\/\"> Piltsbergid<\/a> olid ka sellest vaimustused: &#8220;T\u00f5elised \u00fcllatused algasid tegelikult alles siis,kui me p\u00fcsin\u00e4itust vaatama l\u00e4ksime. Seda oli ette aimata, et plikadele l\u00e4heb muinasjutu teema peale. Ei mina ega Katu polnud varem ERMi k\u00fclastanud ega teadnud, mis meid ees ootab. Mul oli ikka veel kuklas eeldus, et n\u00fc\u00fcd sai l\u00f5bus osa l\u00e4bi ja algab jauramise ajastu. V\u00f5ta n\u00e4pust! Tegelikus oli hoopis midagi muud.&#8221;<\/p>\n<div id=\"attachment_14019\" style=\"width: 2570px\" class=\"wp-caption aligncenter\"><a href=\"https:\/\/blog.erm.ee\/wp-content\/uploads\/2020\/10\/Kadri-Valsberg1-scaled.jpg\"><img loading=\"lazy\" decoding=\"async\" aria-describedby=\"caption-attachment-14019\" data-attachment-id=\"14019\" data-permalink=\"https:\/\/blog.erm.ee\/?attachment_id=14019#main\" data-orig-file=\"https:\/\/blog.erm.ee\/wp-content\/uploads\/2020\/10\/Kadri-Valsberg1-scaled.jpg\" data-orig-size=\"2560,1707\" data-comments-opened=\"1\" data-image-meta=\"{&quot;aperture&quot;:&quot;0&quot;,&quot;credit&quot;:&quot;&quot;,&quot;camera&quot;:&quot;&quot;,&quot;caption&quot;:&quot;&quot;,&quot;created_timestamp&quot;:&quot;0&quot;,&quot;copyright&quot;:&quot;&quot;,&quot;focal_length&quot;:&quot;0&quot;,&quot;iso&quot;:&quot;0&quot;,&quot;shutter_speed&quot;:&quot;0&quot;,&quot;title&quot;:&quot;&quot;,&quot;orientation&quot;:&quot;0&quot;}\" data-image-title=\"Kadri Valsberg1\" data-image-description=\"&lt;p&gt;Foto Kasri Valsberg&lt;\/p&gt;\n\" data-image-caption=\"&lt;p&gt;Foto Kasri Valsberg&lt;\/p&gt;\n\" data-large-file=\"https:\/\/blog.erm.ee\/wp-content\/uploads\/2020\/10\/Kadri-Valsberg1-1024x683.jpg\" class=\"size-full wp-image-14019\" src=\"https:\/\/blog.erm.ee\/wp-content\/uploads\/2020\/10\/Kadri-Valsberg1-scaled.jpg\" alt=\"\" width=\"2560\" height=\"1707\" srcset=\"https:\/\/blog.erm.ee\/wp-content\/uploads\/2020\/10\/Kadri-Valsberg1-scaled.jpg 2560w, https:\/\/blog.erm.ee\/wp-content\/uploads\/2020\/10\/Kadri-Valsberg1-300x200.jpg 300w, https:\/\/blog.erm.ee\/wp-content\/uploads\/2020\/10\/Kadri-Valsberg1-1024x683.jpg 1024w, https:\/\/blog.erm.ee\/wp-content\/uploads\/2020\/10\/Kadri-Valsberg1-390x260.jpg 390w, https:\/\/blog.erm.ee\/wp-content\/uploads\/2020\/10\/Kadri-Valsberg1-768x512.jpg 768w, https:\/\/blog.erm.ee\/wp-content\/uploads\/2020\/10\/Kadri-Valsberg1-1536x1024.jpg 1536w, https:\/\/blog.erm.ee\/wp-content\/uploads\/2020\/10\/Kadri-Valsberg1-2048x1365.jpg 2048w\" sizes=\"auto, (max-width: 2560px) 100vw, 2560px\" \/><\/a><p id=\"caption-attachment-14019\" class=\"wp-caption-text\">Foto Kadri Valsberg<\/p><\/div>\n<p>ERMi k\u00fclastas koolivaheajan\u00e4dalal ka<a href=\"https:\/\/mallukas.com\/2020\/10\/24\/tere-tulemast-muinasjuttu\/\"> Mallukas<\/a> oma kahe vanema lapsega: &#8220;See ERMi hoone on niiiii lahe. Selline v\u00e4lismaine natukene. Suur ja uhke, ma olin juba enne majja sisenemist \u00fcllatunud. Aga n\u00e4itusest endast: sinna sisse astudes me astusimegi p\u00f5him\u00f5tteliselt nagu muinasjutumaailma. Muinasjutumetsa kui t\u00e4psem olla. Kogu see valgustus ja v\u00e4ljapanek olid nii maagilised ja m\u00f5nusad ja hubased, et see lihtsalt ei saa mitte kui kedagi k\u00fclmaks j\u00e4tta. Lapsed hakkasid kohe erinevates teematubades ringi k\u00e4ima ja nii palju oli asju, mis neid koheselt endasse haaras. Pidime neid natukene tagasi hoidmagi, et pole vaja kohe K\u00d5IKE l\u00e4bi n\u00e4ha, et vaatame rahulikult, meil aega on.&#8221;<\/p>\n<p>Seega, kui plaanid tulla muinasjutun\u00e4itusele, varu aega. See maailm kutsub ja meelitab ning Sa ei saa arugi kui juba on p\u00e4ris mitu tundi muinasjutumaailmas veedetud. Kui sellest j\u00e4\u00e4b v\u00e4heseks, siis muinasjutun\u00e4itus \u201eElas kord\u2026\u201c on laienenud ka ERMi v\u00e4lialale.<a href=\"https:\/\/www.erm.ee\/et\/news\/otsimism\u00e4ng-lastele-\u201emuinasjutuv\u00e4li\u201c\" target=\"_blank\" rel=\"noopener noreferrer\"> Otsimism\u00e4ngu \u201eMuinasjutuv\u00e4li\u201c<\/a> lood ja \u00fclesanded \u00f5petavad sind enda \u00fcmber muinasjutte m\u00e4rkama! Hoia silmad lahti, nuputa ning leia kaardile m\u00e4rgitud punktidest 15 t\u00e4hte, mis \u00f5igesse j\u00e4rjekorda pannes annavad kokku lahenduss\u00f5na.\u00a0Otsimism\u00e4ngu k\u00fcsi muuseumi infoletist, m\u00e4ngukaart on tasuta.<\/p>\n<p>Muinasjutun\u00e4itus on ERMis avatud 2021. aasta suveni.<\/p>\n<div class=\"fcbkbttn_buttons_block\" id=\"fcbkbttn_left\"><div class=\"fcbkbttn_like \"><fb:like href=\"https:\/\/blog.erm.ee\/?p=14017\" action=\"like\" colorscheme=\"light\" layout=\"standard\"  width=\"225px\" size=\"small\"><\/fb:like><\/div><div class=\"fb-share-button  \" data-href=\"https:\/\/blog.erm.ee\/?p=14017\" data-type=\"button\" data-size=\"small\"><\/div><\/div>","protected":false},"excerpt":{"rendered":"<p>Eesti Rahva Muuseumi muinasjutun\u00e4itus &#8220;Elas kord&#8230;&#8221; pakub r\u00f5\u00f5mu nii suurtele kui v\u00e4ikestele k\u00fclalistele. Muinasjutud on meid saatnud terve elu ja pakuvad enamasti lohutust, et &#8220;k\u00f5ik saab l\u00f5puks korda&#8221; ning &#8220;kuri saab oma palga&#8221;. Muinasjutun\u00e4itusel k\u00e4isid 2020. aasta s\u00fcgisel k\u00fclas kolm peret, kes kirjutasid kogetust oma blogides. Pereisa ja blogija Henry kirjutab: \u201cMa ei tea, mida&hellip;<\/p>\n","protected":false},"author":1,"featured_media":14020,"comment_status":"open","ping_status":"open","sticky":false,"template":"","format":"standard","meta":{"_monsterinsights_skip_tracking":false,"_monsterinsights_sitenote_active":false,"_monsterinsights_sitenote_note":"","_monsterinsights_sitenote_category":0,"jetpack_post_was_ever_published":false,"_jetpack_newsletter_access":"","_jetpack_dont_email_post_to_subs":false,"_jetpack_newsletter_tier_id":0,"_jetpack_memberships_contains_paywalled_content":false,"_jetpack_memberships_contains_paid_content":false,"footnotes":""},"categories":[38],"tags":[],"class_list":["post-14017","post","type-post","status-publish","format-standard","has-post-thumbnail","hentry","category-varat"],"yoast_head":"<!-- This site is optimized with the Yoast SEO plugin v27.5 - https:\/\/yoast.com\/product\/yoast-seo-wordpress\/ -->\n<title>Muinasjutun\u00e4itus k\u00fclaliste blogides - Eesti Rahva Muuseumi ajaveeb<\/title>\n<meta name=\"robots\" content=\"index, follow, max-snippet:-1, max-image-preview:large, max-video-preview:-1\" \/>\n<link rel=\"canonical\" href=\"https:\/\/blog.erm.ee\/?p=14017\" \/>\n<meta property=\"og:locale\" content=\"et_EE\" \/>\n<meta property=\"og:type\" content=\"article\" \/>\n<meta property=\"og:title\" content=\"Muinasjutun\u00e4itus k\u00fclaliste blogides - Eesti Rahva Muuseumi ajaveeb\" \/>\n<meta property=\"og:description\" content=\"Eesti Rahva Muuseumi muinasjutun\u00e4itus &#8220;Elas kord&#8230;&#8221; pakub r\u00f5\u00f5mu nii suurtele kui v\u00e4ikestele k\u00fclalistele. Muinasjutud on meid saatnud terve elu ja pakuvad enamasti lohutust, et &#8220;k\u00f5ik saab l\u00f5puks korda&#8221; ning &#8220;kuri saab oma palga&#8221;. Muinasjutun\u00e4itusel k\u00e4isid 2020. aasta s\u00fcgisel k\u00fclas kolm peret, kes kirjutasid kogetust oma blogides. Pereisa ja blogija Henry kirjutab: \u201cMa ei tea, mida&hellip;\" \/>\n<meta property=\"og:url\" content=\"https:\/\/blog.erm.ee\/?p=14017\" \/>\n<meta property=\"og:site_name\" content=\"Eesti Rahva Muuseumi ajaveeb\" \/>\n<meta property=\"article:published_time\" content=\"2020-10-26T08:44:03+00:00\" \/>\n<meta property=\"og:image\" content=\"https:\/\/blog.erm.ee\/wp-content\/uploads\/2020\/10\/Kadri-Valsberg2-scaled.jpg\" \/>\n\t<meta property=\"og:image:width\" content=\"2560\" \/>\n\t<meta property=\"og:image:height\" content=\"1707\" \/>\n\t<meta property=\"og:image:type\" content=\"image\/jpeg\" \/>\n<meta name=\"author\" content=\"Eesti Rahva Muuseum\" \/>\n<meta name=\"twitter:card\" content=\"summary_large_image\" \/>\n<meta name=\"twitter:label1\" content=\"Written by\" \/>\n\t<meta name=\"twitter:data1\" content=\"Eesti Rahva Muuseum\" \/>\n\t<meta name=\"twitter:label2\" content=\"Est. reading time\" \/>\n\t<meta name=\"twitter:data2\" content=\"3 minutit\" \/>\n<script type=\"application\/ld+json\" class=\"yoast-schema-graph\">{\"@context\":\"https:\\\/\\\/schema.org\",\"@graph\":[{\"@type\":\"Article\",\"@id\":\"https:\\\/\\\/blog.erm.ee\\\/?p=14017#article\",\"isPartOf\":{\"@id\":\"https:\\\/\\\/blog.erm.ee\\\/?p=14017\"},\"author\":{\"name\":\"Eesti Rahva Muuseum\",\"@id\":\"https:\\\/\\\/blog.erm.ee\\\/#\\\/schema\\\/person\\\/6e98c391cb00a33e7c22a3571e062114\"},\"headline\":\"Muinasjutun\u00e4itus k\u00fclaliste blogides\",\"datePublished\":\"2020-10-26T08:44:03+00:00\",\"mainEntityOfPage\":{\"@id\":\"https:\\\/\\\/blog.erm.ee\\\/?p=14017\"},\"wordCount\":566,\"commentCount\":0,\"image\":{\"@id\":\"https:\\\/\\\/blog.erm.ee\\\/?p=14017#primaryimage\"},\"thumbnailUrl\":\"https:\\\/\\\/blog.erm.ee\\\/wp-content\\\/uploads\\\/2020\\\/10\\\/Kadri-Valsberg2-scaled.jpg\",\"articleSection\":[\"V\u00e4rat\"],\"inLanguage\":\"et\",\"potentialAction\":[{\"@type\":\"CommentAction\",\"name\":\"Comment\",\"target\":[\"https:\\\/\\\/blog.erm.ee\\\/?p=14017#respond\"]}]},{\"@type\":\"WebPage\",\"@id\":\"https:\\\/\\\/blog.erm.ee\\\/?p=14017\",\"url\":\"https:\\\/\\\/blog.erm.ee\\\/?p=14017\",\"name\":\"Muinasjutun\u00e4itus k\u00fclaliste blogides - Eesti Rahva Muuseumi ajaveeb\",\"isPartOf\":{\"@id\":\"https:\\\/\\\/blog.erm.ee\\\/#website\"},\"primaryImageOfPage\":{\"@id\":\"https:\\\/\\\/blog.erm.ee\\\/?p=14017#primaryimage\"},\"image\":{\"@id\":\"https:\\\/\\\/blog.erm.ee\\\/?p=14017#primaryimage\"},\"thumbnailUrl\":\"https:\\\/\\\/blog.erm.ee\\\/wp-content\\\/uploads\\\/2020\\\/10\\\/Kadri-Valsberg2-scaled.jpg\",\"datePublished\":\"2020-10-26T08:44:03+00:00\",\"author\":{\"@id\":\"https:\\\/\\\/blog.erm.ee\\\/#\\\/schema\\\/person\\\/6e98c391cb00a33e7c22a3571e062114\"},\"breadcrumb\":{\"@id\":\"https:\\\/\\\/blog.erm.ee\\\/?p=14017#breadcrumb\"},\"inLanguage\":\"et\",\"potentialAction\":[{\"@type\":\"ReadAction\",\"target\":[\"https:\\\/\\\/blog.erm.ee\\\/?p=14017\"]}]},{\"@type\":\"ImageObject\",\"inLanguage\":\"et\",\"@id\":\"https:\\\/\\\/blog.erm.ee\\\/?p=14017#primaryimage\",\"url\":\"https:\\\/\\\/blog.erm.ee\\\/wp-content\\\/uploads\\\/2020\\\/10\\\/Kadri-Valsberg2-scaled.jpg\",\"contentUrl\":\"https:\\\/\\\/blog.erm.ee\\\/wp-content\\\/uploads\\\/2020\\\/10\\\/Kadri-Valsberg2-scaled.jpg\",\"width\":2560,\"height\":1707},{\"@type\":\"BreadcrumbList\",\"@id\":\"https:\\\/\\\/blog.erm.ee\\\/?p=14017#breadcrumb\",\"itemListElement\":[{\"@type\":\"ListItem\",\"position\":1,\"name\":\"Home\",\"item\":\"https:\\\/\\\/blog.erm.ee\\\/\"},{\"@type\":\"ListItem\",\"position\":2,\"name\":\"Muinasjutun\u00e4itus k\u00fclaliste blogides\"}]},{\"@type\":\"WebSite\",\"@id\":\"https:\\\/\\\/blog.erm.ee\\\/#website\",\"url\":\"https:\\\/\\\/blog.erm.ee\\\/\",\"name\":\"Eesti Rahva Muuseumi ajaveeb\",\"description\":\"\",\"potentialAction\":[{\"@type\":\"SearchAction\",\"target\":{\"@type\":\"EntryPoint\",\"urlTemplate\":\"https:\\\/\\\/blog.erm.ee\\\/?s={search_term_string}\"},\"query-input\":{\"@type\":\"PropertyValueSpecification\",\"valueRequired\":true,\"valueName\":\"search_term_string\"}}],\"inLanguage\":\"et\"},{\"@type\":\"Person\",\"@id\":\"https:\\\/\\\/blog.erm.ee\\\/#\\\/schema\\\/person\\\/6e98c391cb00a33e7c22a3571e062114\",\"name\":\"Eesti Rahva Muuseum\",\"image\":{\"@type\":\"ImageObject\",\"inLanguage\":\"et\",\"@id\":\"https:\\\/\\\/secure.gravatar.com\\\/avatar\\\/cb6d9ad5fb49f3f7315028ce5fe60641075f2cb52b8a058ff5a985fa2d8c1da0?s=96&d=mm&r=g\",\"url\":\"https:\\\/\\\/secure.gravatar.com\\\/avatar\\\/cb6d9ad5fb49f3f7315028ce5fe60641075f2cb52b8a058ff5a985fa2d8c1da0?s=96&d=mm&r=g\",\"contentUrl\":\"https:\\\/\\\/secure.gravatar.com\\\/avatar\\\/cb6d9ad5fb49f3f7315028ce5fe60641075f2cb52b8a058ff5a985fa2d8c1da0?s=96&d=mm&r=g\",\"caption\":\"Eesti Rahva Muuseum\"},\"sameAs\":[\"http:\\\/\\\/www.erm.ee\"],\"url\":\"https:\\\/\\\/blog.erm.ee\\\/?author=1\"}]}<\/script>\n<!-- \/ Yoast SEO plugin. -->","yoast_head_json":{"title":"Muinasjutun\u00e4itus k\u00fclaliste blogides - Eesti Rahva Muuseumi ajaveeb","robots":{"index":"index","follow":"follow","max-snippet":"max-snippet:-1","max-image-preview":"max-image-preview:large","max-video-preview":"max-video-preview:-1"},"canonical":"https:\/\/blog.erm.ee\/?p=14017","og_locale":"et_EE","og_type":"article","og_title":"Muinasjutun\u00e4itus k\u00fclaliste blogides - Eesti Rahva Muuseumi ajaveeb","og_description":"Eesti Rahva Muuseumi muinasjutun\u00e4itus &#8220;Elas kord&#8230;&#8221; pakub r\u00f5\u00f5mu nii suurtele kui v\u00e4ikestele k\u00fclalistele. Muinasjutud on meid saatnud terve elu ja pakuvad enamasti lohutust, et &#8220;k\u00f5ik saab l\u00f5puks korda&#8221; ning &#8220;kuri saab oma palga&#8221;. Muinasjutun\u00e4itusel k\u00e4isid 2020. aasta s\u00fcgisel k\u00fclas kolm peret, kes kirjutasid kogetust oma blogides. Pereisa ja blogija Henry kirjutab: \u201cMa ei tea, mida&hellip;","og_url":"https:\/\/blog.erm.ee\/?p=14017","og_site_name":"Eesti Rahva Muuseumi ajaveeb","article_published_time":"2020-10-26T08:44:03+00:00","og_image":[{"width":2560,"height":1707,"url":"https:\/\/blog.erm.ee\/wp-content\/uploads\/2020\/10\/Kadri-Valsberg2-scaled.jpg","type":"image\/jpeg"}],"author":"Eesti Rahva Muuseum","twitter_card":"summary_large_image","twitter_misc":{"Written by":"Eesti Rahva Muuseum","Est. reading time":"3 minutit"},"schema":{"@context":"https:\/\/schema.org","@graph":[{"@type":"Article","@id":"https:\/\/blog.erm.ee\/?p=14017#article","isPartOf":{"@id":"https:\/\/blog.erm.ee\/?p=14017"},"author":{"name":"Eesti Rahva Muuseum","@id":"https:\/\/blog.erm.ee\/#\/schema\/person\/6e98c391cb00a33e7c22a3571e062114"},"headline":"Muinasjutun\u00e4itus k\u00fclaliste blogides","datePublished":"2020-10-26T08:44:03+00:00","mainEntityOfPage":{"@id":"https:\/\/blog.erm.ee\/?p=14017"},"wordCount":566,"commentCount":0,"image":{"@id":"https:\/\/blog.erm.ee\/?p=14017#primaryimage"},"thumbnailUrl":"https:\/\/blog.erm.ee\/wp-content\/uploads\/2020\/10\/Kadri-Valsberg2-scaled.jpg","articleSection":["V\u00e4rat"],"inLanguage":"et","potentialAction":[{"@type":"CommentAction","name":"Comment","target":["https:\/\/blog.erm.ee\/?p=14017#respond"]}]},{"@type":"WebPage","@id":"https:\/\/blog.erm.ee\/?p=14017","url":"https:\/\/blog.erm.ee\/?p=14017","name":"Muinasjutun\u00e4itus k\u00fclaliste blogides - Eesti Rahva Muuseumi ajaveeb","isPartOf":{"@id":"https:\/\/blog.erm.ee\/#website"},"primaryImageOfPage":{"@id":"https:\/\/blog.erm.ee\/?p=14017#primaryimage"},"image":{"@id":"https:\/\/blog.erm.ee\/?p=14017#primaryimage"},"thumbnailUrl":"https:\/\/blog.erm.ee\/wp-content\/uploads\/2020\/10\/Kadri-Valsberg2-scaled.jpg","datePublished":"2020-10-26T08:44:03+00:00","author":{"@id":"https:\/\/blog.erm.ee\/#\/schema\/person\/6e98c391cb00a33e7c22a3571e062114"},"breadcrumb":{"@id":"https:\/\/blog.erm.ee\/?p=14017#breadcrumb"},"inLanguage":"et","potentialAction":[{"@type":"ReadAction","target":["https:\/\/blog.erm.ee\/?p=14017"]}]},{"@type":"ImageObject","inLanguage":"et","@id":"https:\/\/blog.erm.ee\/?p=14017#primaryimage","url":"https:\/\/blog.erm.ee\/wp-content\/uploads\/2020\/10\/Kadri-Valsberg2-scaled.jpg","contentUrl":"https:\/\/blog.erm.ee\/wp-content\/uploads\/2020\/10\/Kadri-Valsberg2-scaled.jpg","width":2560,"height":1707},{"@type":"BreadcrumbList","@id":"https:\/\/blog.erm.ee\/?p=14017#breadcrumb","itemListElement":[{"@type":"ListItem","position":1,"name":"Home","item":"https:\/\/blog.erm.ee\/"},{"@type":"ListItem","position":2,"name":"Muinasjutun\u00e4itus k\u00fclaliste blogides"}]},{"@type":"WebSite","@id":"https:\/\/blog.erm.ee\/#website","url":"https:\/\/blog.erm.ee\/","name":"Eesti Rahva Muuseumi ajaveeb","description":"","potentialAction":[{"@type":"SearchAction","target":{"@type":"EntryPoint","urlTemplate":"https:\/\/blog.erm.ee\/?s={search_term_string}"},"query-input":{"@type":"PropertyValueSpecification","valueRequired":true,"valueName":"search_term_string"}}],"inLanguage":"et"},{"@type":"Person","@id":"https:\/\/blog.erm.ee\/#\/schema\/person\/6e98c391cb00a33e7c22a3571e062114","name":"Eesti Rahva Muuseum","image":{"@type":"ImageObject","inLanguage":"et","@id":"https:\/\/secure.gravatar.com\/avatar\/cb6d9ad5fb49f3f7315028ce5fe60641075f2cb52b8a058ff5a985fa2d8c1da0?s=96&d=mm&r=g","url":"https:\/\/secure.gravatar.com\/avatar\/cb6d9ad5fb49f3f7315028ce5fe60641075f2cb52b8a058ff5a985fa2d8c1da0?s=96&d=mm&r=g","contentUrl":"https:\/\/secure.gravatar.com\/avatar\/cb6d9ad5fb49f3f7315028ce5fe60641075f2cb52b8a058ff5a985fa2d8c1da0?s=96&d=mm&r=g","caption":"Eesti Rahva Muuseum"},"sameAs":["http:\/\/www.erm.ee"],"url":"https:\/\/blog.erm.ee\/?author=1"}]}},"jetpack_featured_media_url":"https:\/\/blog.erm.ee\/wp-content\/uploads\/2020\/10\/Kadri-Valsberg2-scaled.jpg","jetpack_shortlink":"https:\/\/wp.me\/p2l9Zd-3E5","jetpack_sharing_enabled":true,"jetpack_likes_enabled":true,"_links":{"self":[{"href":"https:\/\/blog.erm.ee\/index.php?rest_route=\/wp\/v2\/posts\/14017","targetHints":{"allow":["GET"]}}],"collection":[{"href":"https:\/\/blog.erm.ee\/index.php?rest_route=\/wp\/v2\/posts"}],"about":[{"href":"https:\/\/blog.erm.ee\/index.php?rest_route=\/wp\/v2\/types\/post"}],"author":[{"embeddable":true,"href":"https:\/\/blog.erm.ee\/index.php?rest_route=\/wp\/v2\/users\/1"}],"replies":[{"embeddable":true,"href":"https:\/\/blog.erm.ee\/index.php?rest_route=%2Fwp%2Fv2%2Fcomments&post=14017"}],"version-history":[{"count":2,"href":"https:\/\/blog.erm.ee\/index.php?rest_route=\/wp\/v2\/posts\/14017\/revisions"}],"predecessor-version":[{"id":14022,"href":"https:\/\/blog.erm.ee\/index.php?rest_route=\/wp\/v2\/posts\/14017\/revisions\/14022"}],"wp:featuredmedia":[{"embeddable":true,"href":"https:\/\/blog.erm.ee\/index.php?rest_route=\/wp\/v2\/media\/14020"}],"wp:attachment":[{"href":"https:\/\/blog.erm.ee\/index.php?rest_route=%2Fwp%2Fv2%2Fmedia&parent=14017"}],"wp:term":[{"taxonomy":"category","embeddable":true,"href":"https:\/\/blog.erm.ee\/index.php?rest_route=%2Fwp%2Fv2%2Fcategories&post=14017"},{"taxonomy":"post_tag","embeddable":true,"href":"https:\/\/blog.erm.ee\/index.php?rest_route=%2Fwp%2Fv2%2Ftags&post=14017"}],"curies":[{"name":"wp","href":"https:\/\/api.w.org\/{rel}","templated":true}]}}