{"id":1389,"date":"2013-02-13T09:20:09","date_gmt":"2013-02-13T07:20:09","guid":{"rendered":"http:\/\/blog.erm.ee\/?p=1389"},"modified":"2013-10-30T08:40:33","modified_gmt":"2013-10-30T06:40:33","slug":"meie-keskel-aga-mitte-meiega-koos","status":"publish","type":"post","link":"https:\/\/blog.erm.ee\/?p=1389","title":{"rendered":"Meie keskel, aga mitte meiega koos"},"content":{"rendered":"<div class=\"fcbkbttn_buttons_block\" id=\"fcbkbttn_left\"><div class=\"fcbkbttn_like \"><fb:like href=\"https:\/\/blog.erm.ee\/?p=1389\" action=\"like\" colorscheme=\"light\" layout=\"standard\"  width=\"225px\" size=\"small\"><\/fb:like><\/div><div class=\"fb-share-button  \" data-href=\"https:\/\/blog.erm.ee\/?p=1389\" data-type=\"button\" data-size=\"small\"><\/div><\/div><p><em>Tekst: Reena Purret<\/em><\/p>\n<p><em>Fotod: Annika Haas<\/em><\/p>\n<p>&nbsp;<\/p>\n<p><em>Reena on n\u00e4ituse \u201eEkspositsioon romadest Eestis\u201c kuraator, Annika on n\u00e4ituse kaaskuraator ja fotograaf. N\u00e4itus valmib koost\u00f6\u00f6s Valga Muuseumi, Valga Muuseumi S\u00f5prade Seltsi, ERMi ja romade kogukonnaga ning avatakse 2013. aasta\u00a0s\u00fcgisel Valga Muuseumis.<\/em><\/p>\n<p style=\"text-align: left;\" align=\"center\"><a href=\"https:\/\/blog.erm.ee\/wp-content\/uploads\/2013\/02\/romad09.jpg\"><img loading=\"lazy\" decoding=\"async\" data-attachment-id=\"1390\" data-permalink=\"https:\/\/blog.erm.ee\/?attachment_id=1390#main\" data-orig-file=\"https:\/\/blog.erm.ee\/wp-content\/uploads\/2013\/02\/romad09.jpg\" data-orig-size=\"800,533\" data-comments-opened=\"1\" data-image-meta=\"{&quot;aperture&quot;:&quot;0&quot;,&quot;credit&quot;:&quot;&quot;,&quot;camera&quot;:&quot;&quot;,&quot;caption&quot;:&quot;&quot;,&quot;created_timestamp&quot;:&quot;0&quot;,&quot;copyright&quot;:&quot;&quot;,&quot;focal_length&quot;:&quot;0&quot;,&quot;iso&quot;:&quot;0&quot;,&quot;shutter_speed&quot;:&quot;0&quot;,&quot;title&quot;:&quot;&quot;}\" data-image-title=\"romad09\" data-image-description=\"\" data-image-caption=\"\" data-large-file=\"https:\/\/blog.erm.ee\/wp-content\/uploads\/2013\/02\/romad09.jpg\" class=\"alignnone size-full wp-image-1390\" alt=\"romad09\" src=\"https:\/\/blog.erm.ee\/wp-content\/uploads\/2013\/02\/romad09.jpg\" width=\"800\" height=\"533\" srcset=\"https:\/\/blog.erm.ee\/wp-content\/uploads\/2013\/02\/romad09.jpg 800w, https:\/\/blog.erm.ee\/wp-content\/uploads\/2013\/02\/romad09-390x260.jpg 390w, https:\/\/blog.erm.ee\/wp-content\/uploads\/2013\/02\/romad09-300x199.jpg 300w\" sizes=\"auto, (max-width: 800px) 100vw, 800px\" \/><\/a><\/p>\n<p>Kui mulle tehti ettepanek hakata Eesti mustlastest ehk romadest n\u00e4itust tegema, olin kohe \u00f5hinal n\u00f5us, sest see tundus lihtsalt nii hea m\u00f5te, et uskumatu, kuidas keegi varem selle peale pole tulnud. Tegelikult on selge, miks ei ole \u2013 mustlased on igal pool meie \u00fcmber, aga nad elavad nii omaette, et me ei m\u00e4rkagi neid igap\u00e4evaselt ja ei m\u00f5tle nende kultuurile, kuni miski seda meile meelde tuletab. Kuigi v\u00f5iks m\u00e4rgata, sest mustlaskultuur on sama kirev kui nad ise ja nad on siin meiega koos juba rootsi ajast (16. saj) elanud.<\/p>\n<p>Nad on eraldunud ja \u00f5ppinud omaette olema, sest perekonda saab usaldada. Ja perekond on suur. Perekonda sisse p\u00e4\u00e4semine pole sugugi lihtne, mees v\u00f5ib ju t\u00fcdruku koju tuua, aga selleks, et see t\u00fcdruk omaks v\u00f5etaks, peab ta n\u00e4itama, et on valmis v\u00e4\u00e4riliselt k\u00e4ituma. Loomulikult peab ta olema valmis ka keelt \u00f5ppima, sest inimene, kes ei tunne keelt, ei saa mustlaste meelest kunagi l\u00e4binisti tunda kultuuri ja kuidas saaks ema oma lastele edasi anda kultuuri, mida ta ise l\u00e4binisti ei tunne? N\u00fc\u00fcdseks hakkavad vanad reeglid lahtuma, noored naised v\u00f5ivad vabamalt riietuda ja paljud vaatavad ka kaaslast valides kaugemale, kuigi vanemate s\u00f5na on muidugi j\u00e4tkuvalt v\u00e4ga oluline.<\/p>\n<p><a href=\"https:\/\/blog.erm.ee\/wp-content\/uploads\/2013\/02\/romad051.jpg\"><img loading=\"lazy\" decoding=\"async\" data-attachment-id=\"1393\" data-permalink=\"https:\/\/blog.erm.ee\/?attachment_id=1393#main\" data-orig-file=\"https:\/\/blog.erm.ee\/wp-content\/uploads\/2013\/02\/romad051.jpg\" data-orig-size=\"800,533\" data-comments-opened=\"1\" data-image-meta=\"{&quot;aperture&quot;:&quot;0&quot;,&quot;credit&quot;:&quot;&quot;,&quot;camera&quot;:&quot;&quot;,&quot;caption&quot;:&quot;&quot;,&quot;created_timestamp&quot;:&quot;0&quot;,&quot;copyright&quot;:&quot;&quot;,&quot;focal_length&quot;:&quot;0&quot;,&quot;iso&quot;:&quot;0&quot;,&quot;shutter_speed&quot;:&quot;0&quot;,&quot;title&quot;:&quot;&quot;}\" data-image-title=\"romad051\" data-image-description=\"\" data-image-caption=\"\" data-large-file=\"https:\/\/blog.erm.ee\/wp-content\/uploads\/2013\/02\/romad051.jpg\" class=\"alignnone size-full wp-image-1393\" alt=\"romad051\" src=\"https:\/\/blog.erm.ee\/wp-content\/uploads\/2013\/02\/romad051.jpg\" width=\"800\" height=\"533\" srcset=\"https:\/\/blog.erm.ee\/wp-content\/uploads\/2013\/02\/romad051.jpg 800w, https:\/\/blog.erm.ee\/wp-content\/uploads\/2013\/02\/romad051-390x260.jpg 390w, https:\/\/blog.erm.ee\/wp-content\/uploads\/2013\/02\/romad051-300x199.jpg 300w\" sizes=\"auto, (max-width: 800px) 100vw, 800px\" \/><\/a><\/p>\n<p>Aga kui inimene on juba perekonna osaks saanud, toetatakse teda alati.<\/p>\n<p>Romasid intervjueerima hakkasime kahekesi. L\u00f5una pool mina (etnoloog) ja Tallinna piirkonnas fotograaf Annika Haas, kel on palju kogemusi vanausulistega (ka siin on k\u00f5ik pildid tema tehtud). Siin-seal k\u00e4isime ka koos.<\/p>\n<p>Eelk\u00f5ige \u00fcllatas mind see, kui s\u00f5bralikult meid igal pool vastu v\u00f5eti. Eestlastel v\u00f5tab kellegi ligi laskmine v\u00e4ga kaua aega ja v\u00f5\u00f5rastega suheldakse k\u00fcllaltki reserveeritult. Seet\u00f5ttu arvestasime, et peame igal pool v\u00e4hemalt kolm-neli korda k\u00e4ima, enne kui \u00fcldse mingi jutu peale saame. Ka mustlased hoiavad v\u00f5\u00f5rastega distantsi, aga n-\u00f6 p\u00e4ris v\u00e4lja vihma k\u00e4tte ei j\u00e4eta kedagi ja nende vaimne \u201eesik\u201c, kuhu v\u00f5\u00f5rad kohe sisse lastakse, on tunduvalt suurem kui meil. Samuti on nad \u00e4\u00e4rmiselt lahked. Ka k\u00f5ige vaesemates peredes pakutakse alati teed v\u00f5i kohvi ja kui me oleme juhuslikult \u00f5htus\u00f6\u00f6gi ajal saabunud, surutakse ka meile taldrik s\u00fclle. \u00d5nneks sponsoreeris Kalev meid kommide ja k\u00fcpsistega, nii et t\u00fchjade k\u00e4tega me kuskile minema ei pidanud, aga meie v\u00f5\u00f5rustajate lahkus oli t\u00f5esti piiritu.<\/p>\n<p><a href=\"https:\/\/blog.erm.ee\/wp-content\/uploads\/2013\/02\/romad15.jpg\"><img loading=\"lazy\" decoding=\"async\" data-attachment-id=\"1391\" data-permalink=\"https:\/\/blog.erm.ee\/?attachment_id=1391#main\" data-orig-file=\"https:\/\/blog.erm.ee\/wp-content\/uploads\/2013\/02\/romad15.jpg\" data-orig-size=\"800,533\" data-comments-opened=\"1\" data-image-meta=\"{&quot;aperture&quot;:&quot;0&quot;,&quot;credit&quot;:&quot;&quot;,&quot;camera&quot;:&quot;&quot;,&quot;caption&quot;:&quot;&quot;,&quot;created_timestamp&quot;:&quot;0&quot;,&quot;copyright&quot;:&quot;&quot;,&quot;focal_length&quot;:&quot;0&quot;,&quot;iso&quot;:&quot;0&quot;,&quot;shutter_speed&quot;:&quot;0&quot;,&quot;title&quot;:&quot;&quot;}\" data-image-title=\"romad15\" data-image-description=\"\" data-image-caption=\"\" data-large-file=\"https:\/\/blog.erm.ee\/wp-content\/uploads\/2013\/02\/romad15.jpg\" class=\"alignnone size-full wp-image-1391\" alt=\"romad15\" src=\"https:\/\/blog.erm.ee\/wp-content\/uploads\/2013\/02\/romad15.jpg\" width=\"800\" height=\"533\" srcset=\"https:\/\/blog.erm.ee\/wp-content\/uploads\/2013\/02\/romad15.jpg 800w, https:\/\/blog.erm.ee\/wp-content\/uploads\/2013\/02\/romad15-390x260.jpg 390w, https:\/\/blog.erm.ee\/wp-content\/uploads\/2013\/02\/romad15-300x199.jpg 300w\" sizes=\"auto, (max-width: 800px) 100vw, 800px\" \/><\/a><\/p>\n<p>V\u00e4ga vanade m\u00e4lestusteni on muidugi raske p\u00e4\u00e4seda, sest pea k\u00f5ik Eesti mustlased h\u00e4vitati viimase suure s\u00f5ja ajal, nende vara on m\u00f6\u00f6da ilma laiali kantud ja siia on liikunud uued inimesed L\u00e4tist ja Venemaalt. Siiski on veel alles m\u00f5ned inimesed, kes ka s\u00f5jaaega m\u00e4letavad \u2013 ja kuna pered on suured, oskab pea iga\u00fcks r\u00e4\u00e4kida loo sugulasest, kel laagrist p\u00f5geneda \u00f5nnestus.<\/p>\n<p>T\u00f6\u00f6 alles k\u00e4ib, kuid oleme juba tutvunud v\u00e4ga paljude toredate inimestega. Nad on eestlastega nii sarnased, kuid ometigi nii erinevad, ja on v\u00e4ga huvitav neid erinevusi ja sarnasusi l\u00e4hemalt tundma \u00f5ppida. \u00d5nneks saame juba s\u00fcgisel seda teistega jagada.<\/p>\n<p><a href=\"https:\/\/blog.erm.ee\/wp-content\/uploads\/2013\/02\/romad17.jpg\"><img loading=\"lazy\" decoding=\"async\" data-attachment-id=\"1392\" data-permalink=\"https:\/\/blog.erm.ee\/?attachment_id=1392#main\" data-orig-file=\"https:\/\/blog.erm.ee\/wp-content\/uploads\/2013\/02\/romad17.jpg\" data-orig-size=\"800,533\" data-comments-opened=\"1\" data-image-meta=\"{&quot;aperture&quot;:&quot;0&quot;,&quot;credit&quot;:&quot;&quot;,&quot;camera&quot;:&quot;&quot;,&quot;caption&quot;:&quot;&quot;,&quot;created_timestamp&quot;:&quot;0&quot;,&quot;copyright&quot;:&quot;&quot;,&quot;focal_length&quot;:&quot;0&quot;,&quot;iso&quot;:&quot;0&quot;,&quot;shutter_speed&quot;:&quot;0&quot;,&quot;title&quot;:&quot;&quot;}\" data-image-title=\"romad17\" data-image-description=\"\" data-image-caption=\"\" data-large-file=\"https:\/\/blog.erm.ee\/wp-content\/uploads\/2013\/02\/romad17.jpg\" class=\"alignnone size-full wp-image-1392\" alt=\"romad17\" src=\"https:\/\/blog.erm.ee\/wp-content\/uploads\/2013\/02\/romad17.jpg\" width=\"800\" height=\"533\" srcset=\"https:\/\/blog.erm.ee\/wp-content\/uploads\/2013\/02\/romad17.jpg 800w, https:\/\/blog.erm.ee\/wp-content\/uploads\/2013\/02\/romad17-390x260.jpg 390w, https:\/\/blog.erm.ee\/wp-content\/uploads\/2013\/02\/romad17-300x199.jpg 300w\" sizes=\"auto, (max-width: 800px) 100vw, 800px\" \/><\/a><\/p>\n<div class=\"fcbkbttn_buttons_block\" id=\"fcbkbttn_left\"><div class=\"fcbkbttn_like \"><fb:like href=\"https:\/\/blog.erm.ee\/?p=1389\" action=\"like\" colorscheme=\"light\" layout=\"standard\"  width=\"225px\" size=\"small\"><\/fb:like><\/div><div class=\"fb-share-button  \" data-href=\"https:\/\/blog.erm.ee\/?p=1389\" data-type=\"button\" data-size=\"small\"><\/div><\/div>","protected":false},"excerpt":{"rendered":"<p>Tekst: Reena Purret Fotod: Annika Haas &nbsp; Reena on n\u00e4ituse \u201eEkspositsioon romadest Eestis\u201c kuraator, Annika on n\u00e4ituse kaaskuraator ja fotograaf. N\u00e4itus valmib koost\u00f6\u00f6s Valga Muuseumi, Valga Muuseumi S\u00f5prade Seltsi, ERMi ja romade kogukonnaga ning avatakse 2013. aasta\u00a0s\u00fcgisel Valga Muuseumis. Kui mulle tehti ettepanek hakata Eesti mustlastest ehk romadest n\u00e4itust tegema, olin kohe \u00f5hinal n\u00f5us, sest&hellip;<\/p>\n","protected":false},"author":1,"featured_media":1393,"comment_status":"open","ping_status":"open","sticky":false,"template":"","format":"standard","meta":{"_monsterinsights_skip_tracking":false,"_monsterinsights_sitenote_active":false,"_monsterinsights_sitenote_note":"","_monsterinsights_sitenote_category":0,"jetpack_post_was_ever_published":false,"_jetpack_newsletter_access":"","_jetpack_dont_email_post_to_subs":false,"_jetpack_newsletter_tier_id":0,"_jetpack_memberships_contains_paywalled_content":false,"_jetpack_memberships_contains_paid_content":false,"footnotes":""},"categories":[6,7],"tags":[],"class_list":["post-1389","post","type-post","status-publish","format-standard","has-post-thumbnail","hentry","category-foto","category-naitus"],"yoast_head":"<!-- This site is optimized with the Yoast SEO plugin v27.5 - https:\/\/yoast.com\/product\/yoast-seo-wordpress\/ -->\n<title>Meie keskel, aga mitte meiega koos - Eesti Rahva Muuseumi ajaveeb<\/title>\n<meta name=\"robots\" content=\"index, follow, max-snippet:-1, max-image-preview:large, max-video-preview:-1\" \/>\n<link rel=\"canonical\" href=\"https:\/\/blog.erm.ee\/?p=1389\" \/>\n<meta property=\"og:locale\" content=\"et_EE\" \/>\n<meta property=\"og:type\" content=\"article\" \/>\n<meta property=\"og:title\" content=\"Meie keskel, aga mitte meiega koos - Eesti Rahva Muuseumi ajaveeb\" \/>\n<meta property=\"og:description\" content=\"Tekst: Reena Purret Fotod: Annika Haas &nbsp; Reena on n\u00e4ituse \u201eEkspositsioon romadest Eestis\u201c kuraator, Annika on n\u00e4ituse kaaskuraator ja fotograaf. N\u00e4itus valmib koost\u00f6\u00f6s Valga Muuseumi, Valga Muuseumi S\u00f5prade Seltsi, ERMi ja romade kogukonnaga ning avatakse 2013. aasta\u00a0s\u00fcgisel Valga Muuseumis. Kui mulle tehti ettepanek hakata Eesti mustlastest ehk romadest n\u00e4itust tegema, olin kohe \u00f5hinal n\u00f5us, sest&hellip;\" \/>\n<meta property=\"og:url\" content=\"https:\/\/blog.erm.ee\/?p=1389\" \/>\n<meta property=\"og:site_name\" content=\"Eesti Rahva Muuseumi ajaveeb\" \/>\n<meta property=\"article:published_time\" content=\"2013-02-13T07:20:09+00:00\" \/>\n<meta property=\"article:modified_time\" content=\"2013-10-30T06:40:33+00:00\" \/>\n<meta property=\"og:image\" content=\"https:\/\/blog.erm.ee\/wp-content\/uploads\/2013\/02\/romad051.jpg\" \/>\n\t<meta property=\"og:image:width\" content=\"800\" \/>\n\t<meta property=\"og:image:height\" content=\"533\" \/>\n\t<meta property=\"og:image:type\" content=\"image\/jpeg\" \/>\n<meta name=\"author\" content=\"Eesti Rahva Muuseum\" \/>\n<meta name=\"twitter:card\" content=\"summary_large_image\" \/>\n<meta name=\"twitter:label1\" content=\"Written by\" \/>\n\t<meta name=\"twitter:data1\" content=\"Eesti Rahva Muuseum\" \/>\n\t<meta name=\"twitter:label2\" content=\"Est. reading time\" \/>\n\t<meta name=\"twitter:data2\" content=\"3 minutit\" \/>\n<script type=\"application\/ld+json\" class=\"yoast-schema-graph\">{\"@context\":\"https:\\\/\\\/schema.org\",\"@graph\":[{\"@type\":\"Article\",\"@id\":\"https:\\\/\\\/blog.erm.ee\\\/?p=1389#article\",\"isPartOf\":{\"@id\":\"https:\\\/\\\/blog.erm.ee\\\/?p=1389\"},\"author\":{\"name\":\"Eesti Rahva Muuseum\",\"@id\":\"https:\\\/\\\/blog.erm.ee\\\/#\\\/schema\\\/person\\\/6e98c391cb00a33e7c22a3571e062114\"},\"headline\":\"Meie keskel, aga mitte meiega koos\",\"datePublished\":\"2013-02-13T07:20:09+00:00\",\"dateModified\":\"2013-10-30T06:40:33+00:00\",\"mainEntityOfPage\":{\"@id\":\"https:\\\/\\\/blog.erm.ee\\\/?p=1389\"},\"wordCount\":568,\"commentCount\":1,\"image\":{\"@id\":\"https:\\\/\\\/blog.erm.ee\\\/?p=1389#primaryimage\"},\"thumbnailUrl\":\"https:\\\/\\\/blog.erm.ee\\\/wp-content\\\/uploads\\\/2013\\\/02\\\/romad051.jpg\",\"articleSection\":[\"Foto\",\"N\u00e4itus\"],\"inLanguage\":\"et\",\"potentialAction\":[{\"@type\":\"CommentAction\",\"name\":\"Comment\",\"target\":[\"https:\\\/\\\/blog.erm.ee\\\/?p=1389#respond\"]}]},{\"@type\":\"WebPage\",\"@id\":\"https:\\\/\\\/blog.erm.ee\\\/?p=1389\",\"url\":\"https:\\\/\\\/blog.erm.ee\\\/?p=1389\",\"name\":\"Meie keskel, aga mitte meiega koos - Eesti Rahva Muuseumi ajaveeb\",\"isPartOf\":{\"@id\":\"https:\\\/\\\/blog.erm.ee\\\/#website\"},\"primaryImageOfPage\":{\"@id\":\"https:\\\/\\\/blog.erm.ee\\\/?p=1389#primaryimage\"},\"image\":{\"@id\":\"https:\\\/\\\/blog.erm.ee\\\/?p=1389#primaryimage\"},\"thumbnailUrl\":\"https:\\\/\\\/blog.erm.ee\\\/wp-content\\\/uploads\\\/2013\\\/02\\\/romad051.jpg\",\"datePublished\":\"2013-02-13T07:20:09+00:00\",\"dateModified\":\"2013-10-30T06:40:33+00:00\",\"author\":{\"@id\":\"https:\\\/\\\/blog.erm.ee\\\/#\\\/schema\\\/person\\\/6e98c391cb00a33e7c22a3571e062114\"},\"breadcrumb\":{\"@id\":\"https:\\\/\\\/blog.erm.ee\\\/?p=1389#breadcrumb\"},\"inLanguage\":\"et\",\"potentialAction\":[{\"@type\":\"ReadAction\",\"target\":[\"https:\\\/\\\/blog.erm.ee\\\/?p=1389\"]}]},{\"@type\":\"ImageObject\",\"inLanguage\":\"et\",\"@id\":\"https:\\\/\\\/blog.erm.ee\\\/?p=1389#primaryimage\",\"url\":\"https:\\\/\\\/blog.erm.ee\\\/wp-content\\\/uploads\\\/2013\\\/02\\\/romad051.jpg\",\"contentUrl\":\"https:\\\/\\\/blog.erm.ee\\\/wp-content\\\/uploads\\\/2013\\\/02\\\/romad051.jpg\",\"width\":800,\"height\":533},{\"@type\":\"BreadcrumbList\",\"@id\":\"https:\\\/\\\/blog.erm.ee\\\/?p=1389#breadcrumb\",\"itemListElement\":[{\"@type\":\"ListItem\",\"position\":1,\"name\":\"Home\",\"item\":\"https:\\\/\\\/blog.erm.ee\\\/\"},{\"@type\":\"ListItem\",\"position\":2,\"name\":\"Meie keskel, aga mitte meiega koos\"}]},{\"@type\":\"WebSite\",\"@id\":\"https:\\\/\\\/blog.erm.ee\\\/#website\",\"url\":\"https:\\\/\\\/blog.erm.ee\\\/\",\"name\":\"Eesti Rahva Muuseumi ajaveeb\",\"description\":\"\",\"potentialAction\":[{\"@type\":\"SearchAction\",\"target\":{\"@type\":\"EntryPoint\",\"urlTemplate\":\"https:\\\/\\\/blog.erm.ee\\\/?s={search_term_string}\"},\"query-input\":{\"@type\":\"PropertyValueSpecification\",\"valueRequired\":true,\"valueName\":\"search_term_string\"}}],\"inLanguage\":\"et\"},{\"@type\":\"Person\",\"@id\":\"https:\\\/\\\/blog.erm.ee\\\/#\\\/schema\\\/person\\\/6e98c391cb00a33e7c22a3571e062114\",\"name\":\"Eesti Rahva Muuseum\",\"image\":{\"@type\":\"ImageObject\",\"inLanguage\":\"et\",\"@id\":\"https:\\\/\\\/secure.gravatar.com\\\/avatar\\\/cb6d9ad5fb49f3f7315028ce5fe60641075f2cb52b8a058ff5a985fa2d8c1da0?s=96&d=mm&r=g\",\"url\":\"https:\\\/\\\/secure.gravatar.com\\\/avatar\\\/cb6d9ad5fb49f3f7315028ce5fe60641075f2cb52b8a058ff5a985fa2d8c1da0?s=96&d=mm&r=g\",\"contentUrl\":\"https:\\\/\\\/secure.gravatar.com\\\/avatar\\\/cb6d9ad5fb49f3f7315028ce5fe60641075f2cb52b8a058ff5a985fa2d8c1da0?s=96&d=mm&r=g\",\"caption\":\"Eesti Rahva Muuseum\"},\"sameAs\":[\"http:\\\/\\\/www.erm.ee\"],\"url\":\"https:\\\/\\\/blog.erm.ee\\\/?author=1\"}]}<\/script>\n<!-- \/ Yoast SEO plugin. -->","yoast_head_json":{"title":"Meie keskel, aga mitte meiega koos - Eesti Rahva Muuseumi ajaveeb","robots":{"index":"index","follow":"follow","max-snippet":"max-snippet:-1","max-image-preview":"max-image-preview:large","max-video-preview":"max-video-preview:-1"},"canonical":"https:\/\/blog.erm.ee\/?p=1389","og_locale":"et_EE","og_type":"article","og_title":"Meie keskel, aga mitte meiega koos - Eesti Rahva Muuseumi ajaveeb","og_description":"Tekst: Reena Purret Fotod: Annika Haas &nbsp; Reena on n\u00e4ituse \u201eEkspositsioon romadest Eestis\u201c kuraator, Annika on n\u00e4ituse kaaskuraator ja fotograaf. N\u00e4itus valmib koost\u00f6\u00f6s Valga Muuseumi, Valga Muuseumi S\u00f5prade Seltsi, ERMi ja romade kogukonnaga ning avatakse 2013. aasta\u00a0s\u00fcgisel Valga Muuseumis. Kui mulle tehti ettepanek hakata Eesti mustlastest ehk romadest n\u00e4itust tegema, olin kohe \u00f5hinal n\u00f5us, sest&hellip;","og_url":"https:\/\/blog.erm.ee\/?p=1389","og_site_name":"Eesti Rahva Muuseumi ajaveeb","article_published_time":"2013-02-13T07:20:09+00:00","article_modified_time":"2013-10-30T06:40:33+00:00","og_image":[{"width":800,"height":533,"url":"https:\/\/blog.erm.ee\/wp-content\/uploads\/2013\/02\/romad051.jpg","type":"image\/jpeg"}],"author":"Eesti Rahva Muuseum","twitter_card":"summary_large_image","twitter_misc":{"Written by":"Eesti Rahva Muuseum","Est. reading time":"3 minutit"},"schema":{"@context":"https:\/\/schema.org","@graph":[{"@type":"Article","@id":"https:\/\/blog.erm.ee\/?p=1389#article","isPartOf":{"@id":"https:\/\/blog.erm.ee\/?p=1389"},"author":{"name":"Eesti Rahva Muuseum","@id":"https:\/\/blog.erm.ee\/#\/schema\/person\/6e98c391cb00a33e7c22a3571e062114"},"headline":"Meie keskel, aga mitte meiega koos","datePublished":"2013-02-13T07:20:09+00:00","dateModified":"2013-10-30T06:40:33+00:00","mainEntityOfPage":{"@id":"https:\/\/blog.erm.ee\/?p=1389"},"wordCount":568,"commentCount":1,"image":{"@id":"https:\/\/blog.erm.ee\/?p=1389#primaryimage"},"thumbnailUrl":"https:\/\/blog.erm.ee\/wp-content\/uploads\/2013\/02\/romad051.jpg","articleSection":["Foto","N\u00e4itus"],"inLanguage":"et","potentialAction":[{"@type":"CommentAction","name":"Comment","target":["https:\/\/blog.erm.ee\/?p=1389#respond"]}]},{"@type":"WebPage","@id":"https:\/\/blog.erm.ee\/?p=1389","url":"https:\/\/blog.erm.ee\/?p=1389","name":"Meie keskel, aga mitte meiega koos - Eesti Rahva Muuseumi ajaveeb","isPartOf":{"@id":"https:\/\/blog.erm.ee\/#website"},"primaryImageOfPage":{"@id":"https:\/\/blog.erm.ee\/?p=1389#primaryimage"},"image":{"@id":"https:\/\/blog.erm.ee\/?p=1389#primaryimage"},"thumbnailUrl":"https:\/\/blog.erm.ee\/wp-content\/uploads\/2013\/02\/romad051.jpg","datePublished":"2013-02-13T07:20:09+00:00","dateModified":"2013-10-30T06:40:33+00:00","author":{"@id":"https:\/\/blog.erm.ee\/#\/schema\/person\/6e98c391cb00a33e7c22a3571e062114"},"breadcrumb":{"@id":"https:\/\/blog.erm.ee\/?p=1389#breadcrumb"},"inLanguage":"et","potentialAction":[{"@type":"ReadAction","target":["https:\/\/blog.erm.ee\/?p=1389"]}]},{"@type":"ImageObject","inLanguage":"et","@id":"https:\/\/blog.erm.ee\/?p=1389#primaryimage","url":"https:\/\/blog.erm.ee\/wp-content\/uploads\/2013\/02\/romad051.jpg","contentUrl":"https:\/\/blog.erm.ee\/wp-content\/uploads\/2013\/02\/romad051.jpg","width":800,"height":533},{"@type":"BreadcrumbList","@id":"https:\/\/blog.erm.ee\/?p=1389#breadcrumb","itemListElement":[{"@type":"ListItem","position":1,"name":"Home","item":"https:\/\/blog.erm.ee\/"},{"@type":"ListItem","position":2,"name":"Meie keskel, aga mitte meiega koos"}]},{"@type":"WebSite","@id":"https:\/\/blog.erm.ee\/#website","url":"https:\/\/blog.erm.ee\/","name":"Eesti Rahva Muuseumi ajaveeb","description":"","potentialAction":[{"@type":"SearchAction","target":{"@type":"EntryPoint","urlTemplate":"https:\/\/blog.erm.ee\/?s={search_term_string}"},"query-input":{"@type":"PropertyValueSpecification","valueRequired":true,"valueName":"search_term_string"}}],"inLanguage":"et"},{"@type":"Person","@id":"https:\/\/blog.erm.ee\/#\/schema\/person\/6e98c391cb00a33e7c22a3571e062114","name":"Eesti Rahva Muuseum","image":{"@type":"ImageObject","inLanguage":"et","@id":"https:\/\/secure.gravatar.com\/avatar\/cb6d9ad5fb49f3f7315028ce5fe60641075f2cb52b8a058ff5a985fa2d8c1da0?s=96&d=mm&r=g","url":"https:\/\/secure.gravatar.com\/avatar\/cb6d9ad5fb49f3f7315028ce5fe60641075f2cb52b8a058ff5a985fa2d8c1da0?s=96&d=mm&r=g","contentUrl":"https:\/\/secure.gravatar.com\/avatar\/cb6d9ad5fb49f3f7315028ce5fe60641075f2cb52b8a058ff5a985fa2d8c1da0?s=96&d=mm&r=g","caption":"Eesti Rahva Muuseum"},"sameAs":["http:\/\/www.erm.ee"],"url":"https:\/\/blog.erm.ee\/?author=1"}]}},"jetpack_featured_media_url":"https:\/\/blog.erm.ee\/wp-content\/uploads\/2013\/02\/romad051.jpg","jetpack_shortlink":"https:\/\/wp.me\/p2l9Zd-mp","jetpack_sharing_enabled":true,"jetpack_likes_enabled":true,"_links":{"self":[{"href":"https:\/\/blog.erm.ee\/index.php?rest_route=\/wp\/v2\/posts\/1389","targetHints":{"allow":["GET"]}}],"collection":[{"href":"https:\/\/blog.erm.ee\/index.php?rest_route=\/wp\/v2\/posts"}],"about":[{"href":"https:\/\/blog.erm.ee\/index.php?rest_route=\/wp\/v2\/types\/post"}],"author":[{"embeddable":true,"href":"https:\/\/blog.erm.ee\/index.php?rest_route=\/wp\/v2\/users\/1"}],"replies":[{"embeddable":true,"href":"https:\/\/blog.erm.ee\/index.php?rest_route=%2Fwp%2Fv2%2Fcomments&post=1389"}],"version-history":[{"count":9,"href":"https:\/\/blog.erm.ee\/index.php?rest_route=\/wp\/v2\/posts\/1389\/revisions"}],"predecessor-version":[{"id":4736,"href":"https:\/\/blog.erm.ee\/index.php?rest_route=\/wp\/v2\/posts\/1389\/revisions\/4736"}],"wp:featuredmedia":[{"embeddable":true,"href":"https:\/\/blog.erm.ee\/index.php?rest_route=\/wp\/v2\/media\/1393"}],"wp:attachment":[{"href":"https:\/\/blog.erm.ee\/index.php?rest_route=%2Fwp%2Fv2%2Fmedia&parent=1389"}],"wp:term":[{"taxonomy":"category","embeddable":true,"href":"https:\/\/blog.erm.ee\/index.php?rest_route=%2Fwp%2Fv2%2Fcategories&post=1389"},{"taxonomy":"post_tag","embeddable":true,"href":"https:\/\/blog.erm.ee\/index.php?rest_route=%2Fwp%2Fv2%2Ftags&post=1389"}],"curies":[{"name":"wp","href":"https:\/\/api.w.org\/{rel}","templated":true}]}}