{"id":13292,"date":"2020-02-13T10:30:48","date_gmt":"2020-02-13T08:30:48","guid":{"rendered":"https:\/\/blog.erm.ee\/?p=13292"},"modified":"2020-03-16T13:58:45","modified_gmt":"2020-03-16T11:58:45","slug":"metsast-maratonile-suusatamisest-eestis","status":"publish","type":"post","link":"https:\/\/blog.erm.ee\/?p=13292","title":{"rendered":"Metsast maratonile: suusatamisest Eestis"},"content":{"rendered":"<div class=\"fcbkbttn_buttons_block\" id=\"fcbkbttn_left\"><div class=\"fcbkbttn_like \"><fb:like href=\"https:\/\/blog.erm.ee\/?p=13292\" action=\"like\" colorscheme=\"light\" layout=\"standard\"  width=\"225px\" size=\"small\"><\/fb:like><\/div><div class=\"fb-share-button  \" data-href=\"https:\/\/blog.erm.ee\/?p=13292\" data-type=\"button\" data-size=\"small\"><\/div><\/div><p style=\"text-align: justify;\">Autor: Kata Maria Metsar, ERMi n\u00e4ituste korralduse talituse produtsent<\/p>\n<p style=\"text-align: justify;\">See lugu on p\u00fchendatud suusatamisele, mis tundub lumevaesel talvel \u00fcha ligit\u00f5mbavam. Pealegi m\u00f6\u00f6dub just t\u00e4navu 60 aastat esimesest Tartu Maratonist ning selleks puhuks on Eesti Rahva Muuseumisse \u00fcles seatud n\u00e4itus \u201eTartu Maraton 60\u201c. See avab maratoni ajalugu ja edastab ka v\u00e4rvikaid lugusid ning juhtumisi.<\/p>\n<p style=\"text-align: justify;\">Aga miks, millega ja kus me \u00fcldse suusatame? Kui k\u00fcsida p\u00f5hjanaabritelt, kust suusatamine alguse sai, viitavad nad suure uhkusega pakasejumal Ullile, kes liikus edasi just suuskadel. Varajasi suuski on leitud Norrast, Rootsist, P\u00f5hja-Siberist ja Altai m\u00e4estikust peaaegu 4500 aastat tagasi. K\u00f5ige vanem teadaolev suusk on aga dateeritud umbes 8300 aasta tagusesse aega ja p\u00e4rit on see Komimaalt Sindori j\u00e4rve \u00e4\u00e4rest. Eesti ja suuskade kohta on teada, et 19. sajandil pruugiti neid v\u00e4he, aga jahimehed ja metsavahid panid siiski suusad alla metsa- ja lumerikastes piirkondades. Suusad oli tehtud haavapuidust ning need olid l\u00fchikesed ja laiad, ilma tallasooneta. Jalaase oli \u00e4\u00e4ristatud madala kandiga ja suusanina raiuti v\u00f5i painutati \u00fclespoole k\u00f5veraks.<\/p>\n<div id=\"attachment_13294\" style=\"width: 1610px\" class=\"wp-caption aligncenter\"><a href=\"https:\/\/blog.erm.ee\/wp-content\/uploads\/2020\/02\/1_005689_ERM_Fk_2611_123.jpg\"><img loading=\"lazy\" decoding=\"async\" aria-describedby=\"caption-attachment-13294\" data-attachment-id=\"13294\" data-permalink=\"https:\/\/blog.erm.ee\/?attachment_id=13294#main\" data-orig-file=\"https:\/\/blog.erm.ee\/wp-content\/uploads\/2020\/02\/1_005689_ERM_Fk_2611_123.jpg\" data-orig-size=\"1600,1202\" data-comments-opened=\"1\" data-image-meta=\"{&quot;aperture&quot;:&quot;0&quot;,&quot;credit&quot;:&quot;&quot;,&quot;camera&quot;:&quot;&quot;,&quot;caption&quot;:&quot;&quot;,&quot;created_timestamp&quot;:&quot;0&quot;,&quot;copyright&quot;:&quot;\\u00a9 Eesti Rahva Muuseum 2016&quot;,&quot;focal_length&quot;:&quot;0&quot;,&quot;iso&quot;:&quot;0&quot;,&quot;shutter_speed&quot;:&quot;0&quot;,&quot;title&quot;:&quot;&quot;,&quot;orientation&quot;:&quot;0&quot;}\" data-image-title=\"1_005689_ERM_Fk_2611_123\" data-image-description=\"\" data-image-caption=\"\" data-large-file=\"https:\/\/blog.erm.ee\/wp-content\/uploads\/2020\/02\/1_005689_ERM_Fk_2611_123-1024x769.jpg\" class=\"wp-image-13294 size-full\" src=\"https:\/\/blog.erm.ee\/wp-content\/uploads\/2020\/02\/1_005689_ERM_Fk_2611_123.jpg\" alt=\"\" width=\"1600\" height=\"1202\" srcset=\"https:\/\/blog.erm.ee\/wp-content\/uploads\/2020\/02\/1_005689_ERM_Fk_2611_123.jpg 1600w, https:\/\/blog.erm.ee\/wp-content\/uploads\/2020\/02\/1_005689_ERM_Fk_2611_123-300x225.jpg 300w, https:\/\/blog.erm.ee\/wp-content\/uploads\/2020\/02\/1_005689_ERM_Fk_2611_123-1024x769.jpg 1024w, https:\/\/blog.erm.ee\/wp-content\/uploads\/2020\/02\/1_005689_ERM_Fk_2611_123-346x260.jpg 346w, https:\/\/blog.erm.ee\/wp-content\/uploads\/2020\/02\/1_005689_ERM_Fk_2611_123-768x577.jpg 768w, https:\/\/blog.erm.ee\/wp-content\/uploads\/2020\/02\/1_005689_ERM_Fk_2611_123-1536x1154.jpg 1536w\" sizes=\"auto, (max-width: 1600px) 100vw, 1600px\" \/><\/a><p id=\"caption-attachment-13294\" class=\"wp-caption-text\">Jahimees suuskadel. Foto: August Blatt, u 1900. ERM 2611:123<\/p><\/div>\n<div id=\"attachment_13295\" style=\"width: 1610px\" class=\"wp-caption aligncenter\"><a href=\"https:\/\/blog.erm.ee\/wp-content\/uploads\/2020\/02\/2_007050_ERM_A_565_1340_ab.jpg\"><img loading=\"lazy\" decoding=\"async\" aria-describedby=\"caption-attachment-13295\" data-attachment-id=\"13295\" data-permalink=\"https:\/\/blog.erm.ee\/?attachment_id=13295#main\" data-orig-file=\"https:\/\/blog.erm.ee\/wp-content\/uploads\/2020\/02\/2_007050_ERM_A_565_1340_ab.jpg\" data-orig-size=\"1600,1200\" data-comments-opened=\"1\" data-image-meta=\"{&quot;aperture&quot;:&quot;0&quot;,&quot;credit&quot;:&quot;&quot;,&quot;camera&quot;:&quot;&quot;,&quot;caption&quot;:&quot;&quot;,&quot;created_timestamp&quot;:&quot;0&quot;,&quot;copyright&quot;:&quot;\\u00a9 Eesti Rahva Muuseum&quot;,&quot;focal_length&quot;:&quot;0&quot;,&quot;iso&quot;:&quot;0&quot;,&quot;shutter_speed&quot;:&quot;0&quot;,&quot;title&quot;:&quot;&quot;,&quot;orientation&quot;:&quot;0&quot;}\" data-image-title=\"2_007050_ERM_A_565_1340_ab\" data-image-description=\"\" data-image-caption=\"\" data-large-file=\"https:\/\/blog.erm.ee\/wp-content\/uploads\/2020\/02\/2_007050_ERM_A_565_1340_ab-1024x768.jpg\" class=\"wp-image-13295 size-full\" src=\"https:\/\/blog.erm.ee\/wp-content\/uploads\/2020\/02\/2_007050_ERM_A_565_1340_ab.jpg\" alt=\"\" width=\"1600\" height=\"1200\" srcset=\"https:\/\/blog.erm.ee\/wp-content\/uploads\/2020\/02\/2_007050_ERM_A_565_1340_ab.jpg 1600w, https:\/\/blog.erm.ee\/wp-content\/uploads\/2020\/02\/2_007050_ERM_A_565_1340_ab-300x225.jpg 300w, https:\/\/blog.erm.ee\/wp-content\/uploads\/2020\/02\/2_007050_ERM_A_565_1340_ab-1024x768.jpg 1024w, https:\/\/blog.erm.ee\/wp-content\/uploads\/2020\/02\/2_007050_ERM_A_565_1340_ab-347x260.jpg 347w, https:\/\/blog.erm.ee\/wp-content\/uploads\/2020\/02\/2_007050_ERM_A_565_1340_ab-768x576.jpg 768w, https:\/\/blog.erm.ee\/wp-content\/uploads\/2020\/02\/2_007050_ERM_A_565_1340_ab-1536x1152.jpg 1536w\" sizes=\"auto, (max-width: 1600px) 100vw, 1600px\" \/><\/a><p id=\"caption-attachment-13295\" class=\"wp-caption-text\">L\u00fchikesed laiad suusad Raplast, millega k\u00e4idi s\u00fcgava lumega metsat\u00f6\u00f6l. ERM A 565:1340\/ab<\/p><\/div>\n<p>18. sajandil kulusid P\u00f5hjamaades suusad \u00e4ra s\u00f5jaolukordades, loodi lausa eraldi suusar\u00fcgemendid. Tartussegi j\u00f5udsid suusav\u00f5istlused just s\u00f5janduse kaudu. 1894. aastal t\u00f5i Vene tsaariarmee oma polgu Soomest Tartusse, kus j\u00e4tkati suusatamisharrastusega. Nende eeskuju nakatas teisigi ja esimesed suusav\u00f5istlused korraldati Tartu \u00fcmbruses 1912. aastal. Esimeseks ametlikuks Eesti suusav\u00f5istluseks peetakse aga 20. jaanuaril 1921. aastal toimunud j\u00f5uproovi Emaj\u00f5el. Iseseisvunud Eestis levis suusatamine eelk\u00f5ige t\u00e4nu kaitsev\u00e4ele, sest k\u00f5ik s\u00f5durid pidid oskama suusatada. 1930. aastate alguses k\u00e4is Eestis suuskade valmistamist \u00f5petamas Soome Kaitseliidu suusainstruktor Eino Sipola.<\/p>\n<div id=\"attachment_13296\" style=\"width: 1610px\" class=\"wp-caption aligncenter\"><a href=\"https:\/\/blog.erm.ee\/wp-content\/uploads\/2020\/02\/3_056855_ERM_Fk_2870_115.jpg\"><img loading=\"lazy\" decoding=\"async\" aria-describedby=\"caption-attachment-13296\" data-attachment-id=\"13296\" data-permalink=\"https:\/\/blog.erm.ee\/?attachment_id=13296#main\" data-orig-file=\"https:\/\/blog.erm.ee\/wp-content\/uploads\/2020\/02\/3_056855_ERM_Fk_2870_115.jpg\" data-orig-size=\"1600,1014\" data-comments-opened=\"1\" data-image-meta=\"{&quot;aperture&quot;:&quot;0&quot;,&quot;credit&quot;:&quot;&quot;,&quot;camera&quot;:&quot;&quot;,&quot;caption&quot;:&quot;&quot;,&quot;created_timestamp&quot;:&quot;0&quot;,&quot;copyright&quot;:&quot;&quot;,&quot;focal_length&quot;:&quot;0&quot;,&quot;iso&quot;:&quot;0&quot;,&quot;shutter_speed&quot;:&quot;0&quot;,&quot;title&quot;:&quot;&quot;,&quot;orientation&quot;:&quot;0&quot;}\" data-image-title=\"3_056855_ERM_Fk_2870_115\" data-image-description=\"\" data-image-caption=\"\" data-large-file=\"https:\/\/blog.erm.ee\/wp-content\/uploads\/2020\/02\/3_056855_ERM_Fk_2870_115-1024x649.jpg\" class=\"wp-image-13296 size-full\" src=\"https:\/\/blog.erm.ee\/wp-content\/uploads\/2020\/02\/3_056855_ERM_Fk_2870_115.jpg\" alt=\"\" width=\"1600\" height=\"1014\" srcset=\"https:\/\/blog.erm.ee\/wp-content\/uploads\/2020\/02\/3_056855_ERM_Fk_2870_115.jpg 1600w, https:\/\/blog.erm.ee\/wp-content\/uploads\/2020\/02\/3_056855_ERM_Fk_2870_115-300x190.jpg 300w, https:\/\/blog.erm.ee\/wp-content\/uploads\/2020\/02\/3_056855_ERM_Fk_2870_115-1024x649.jpg 1024w, https:\/\/blog.erm.ee\/wp-content\/uploads\/2020\/02\/3_056855_ERM_Fk_2870_115-410x260.jpg 410w, https:\/\/blog.erm.ee\/wp-content\/uploads\/2020\/02\/3_056855_ERM_Fk_2870_115-768x487.jpg 768w, https:\/\/blog.erm.ee\/wp-content\/uploads\/2020\/02\/3_056855_ERM_Fk_2870_115-1536x973.jpg 1536w\" sizes=\"auto, (max-width: 1600px) 100vw, 1600px\" \/><\/a><p id=\"caption-attachment-13296\" class=\"wp-caption-text\">Eino Sipola koolitatud suusasepad andsid oskusi omakorda edasi. Kaitseliidu Petseri maleva korraldatud suusavalmistamiskursustel osalejad enda tehtud suuskadega. ERM fk 2870:115<\/p><\/div>\n<p style=\"text-align: justify;\">Suusatamine muutus \u00fcha populaarsemaks ja varasemad \u00fclipikad lauskmaasuusad vahetusid 1930. aastatel soomlaste eeskujul m\u00e4rksa l\u00fchemate murdmaasuuskadega. Samuti hakati kasutama kindlamaid suusasidemeid. 1935. aastaks oli Eestis juba ligi 50 000 paari suuski.<\/p>\n<div id=\"attachment_13297\" style=\"width: 1082px\" class=\"wp-caption aligncenter\"><a href=\"https:\/\/blog.erm.ee\/wp-content\/uploads\/2020\/02\/4_005187_ERM_Fk_1356_49.jpg\"><img loading=\"lazy\" decoding=\"async\" aria-describedby=\"caption-attachment-13297\" data-attachment-id=\"13297\" data-permalink=\"https:\/\/blog.erm.ee\/?attachment_id=13297#main\" data-orig-file=\"https:\/\/blog.erm.ee\/wp-content\/uploads\/2020\/02\/4_005187_ERM_Fk_1356_49.jpg\" data-orig-size=\"1072,1600\" data-comments-opened=\"1\" data-image-meta=\"{&quot;aperture&quot;:&quot;0&quot;,&quot;credit&quot;:&quot;&quot;,&quot;camera&quot;:&quot;&quot;,&quot;caption&quot;:&quot;&quot;,&quot;created_timestamp&quot;:&quot;0&quot;,&quot;copyright&quot;:&quot;\\u00a9 Eesti Rahva Muuseum 2016&quot;,&quot;focal_length&quot;:&quot;0&quot;,&quot;iso&quot;:&quot;0&quot;,&quot;shutter_speed&quot;:&quot;0&quot;,&quot;title&quot;:&quot;&quot;,&quot;orientation&quot;:&quot;0&quot;}\" data-image-title=\"4_005187_ERM_Fk_1356_49\" data-image-description=\"\" data-image-caption=\"\" data-large-file=\"https:\/\/blog.erm.ee\/wp-content\/uploads\/2020\/02\/4_005187_ERM_Fk_1356_49-686x1024.jpg\" class=\"wp-image-13297 size-full\" src=\"https:\/\/blog.erm.ee\/wp-content\/uploads\/2020\/02\/4_005187_ERM_Fk_1356_49.jpg\" alt=\"\" width=\"1072\" height=\"1600\" srcset=\"https:\/\/blog.erm.ee\/wp-content\/uploads\/2020\/02\/4_005187_ERM_Fk_1356_49.jpg 1072w, https:\/\/blog.erm.ee\/wp-content\/uploads\/2020\/02\/4_005187_ERM_Fk_1356_49-201x300.jpg 201w, https:\/\/blog.erm.ee\/wp-content\/uploads\/2020\/02\/4_005187_ERM_Fk_1356_49-686x1024.jpg 686w, https:\/\/blog.erm.ee\/wp-content\/uploads\/2020\/02\/4_005187_ERM_Fk_1356_49-174x260.jpg 174w, https:\/\/blog.erm.ee\/wp-content\/uploads\/2020\/02\/4_005187_ERM_Fk_1356_49-768x1146.jpg 768w, https:\/\/blog.erm.ee\/wp-content\/uploads\/2020\/02\/4_005187_ERM_Fk_1356_49-1029x1536.jpg 1029w\" sizes=\"auto, (max-width: 1072px) 100vw, 1072px\" \/><\/a><p id=\"caption-attachment-13297\" class=\"wp-caption-text\">Viljandi naissuusatajad \u00fclipikkade lauskmaasuuskadega. Foto: Jaan Riet, 1917. ERM 1356:49<\/p><\/div>\n<div id=\"attachment_13298\" style=\"width: 1610px\" class=\"wp-caption aligncenter\"><a href=\"https:\/\/blog.erm.ee\/wp-content\/uploads\/2020\/02\/5_097647_ERM_Fk_527_9.jpg\"><img loading=\"lazy\" decoding=\"async\" aria-describedby=\"caption-attachment-13298\" data-attachment-id=\"13298\" data-permalink=\"https:\/\/blog.erm.ee\/?attachment_id=13298#main\" data-orig-file=\"https:\/\/blog.erm.ee\/wp-content\/uploads\/2020\/02\/5_097647_ERM_Fk_527_9.jpg\" data-orig-size=\"1600,1012\" data-comments-opened=\"1\" data-image-meta=\"{&quot;aperture&quot;:&quot;0&quot;,&quot;credit&quot;:&quot;&quot;,&quot;camera&quot;:&quot;&quot;,&quot;caption&quot;:&quot;&quot;,&quot;created_timestamp&quot;:&quot;0&quot;,&quot;copyright&quot;:&quot;&quot;,&quot;focal_length&quot;:&quot;0&quot;,&quot;iso&quot;:&quot;0&quot;,&quot;shutter_speed&quot;:&quot;0&quot;,&quot;title&quot;:&quot;&quot;,&quot;orientation&quot;:&quot;0&quot;}\" data-image-title=\"5_097647_ERM_Fk_527_9\" data-image-description=\"\" data-image-caption=\"\" data-large-file=\"https:\/\/blog.erm.ee\/wp-content\/uploads\/2020\/02\/5_097647_ERM_Fk_527_9-1024x648.jpg\" class=\"wp-image-13298 size-full\" src=\"https:\/\/blog.erm.ee\/wp-content\/uploads\/2020\/02\/5_097647_ERM_Fk_527_9.jpg\" alt=\"\" width=\"1600\" height=\"1012\" srcset=\"https:\/\/blog.erm.ee\/wp-content\/uploads\/2020\/02\/5_097647_ERM_Fk_527_9.jpg 1600w, https:\/\/blog.erm.ee\/wp-content\/uploads\/2020\/02\/5_097647_ERM_Fk_527_9-300x190.jpg 300w, https:\/\/blog.erm.ee\/wp-content\/uploads\/2020\/02\/5_097647_ERM_Fk_527_9-1024x648.jpg 1024w, https:\/\/blog.erm.ee\/wp-content\/uploads\/2020\/02\/5_097647_ERM_Fk_527_9-411x260.jpg 411w, https:\/\/blog.erm.ee\/wp-content\/uploads\/2020\/02\/5_097647_ERM_Fk_527_9-768x486.jpg 768w, https:\/\/blog.erm.ee\/wp-content\/uploads\/2020\/02\/5_097647_ERM_Fk_527_9-1536x972.jpg 1536w\" sizes=\"auto, (max-width: 1600px) 100vw, 1600px\" \/><\/a><p id=\"caption-attachment-13298\" class=\"wp-caption-text\">Narva Noorte \u00dchingu Astra spordiosakond, 1928. ERM fk 527:9<\/p><\/div>\n<p style=\"text-align: justify;\">Suuskade k\u00f5rval hakkas kiirelt muutuma ka suusariietus. Rahvuslikus tuules asuti valmistama kaunite mustritega kootud r\u00f5ivaid. 1930. aastatel juurdusid naiste spordiriietuses p\u00fcksid. Aja jooksul asendusid kudumid tehismaterjalidega, mis lasid \u00f5hul liikuda ja ei olnud nii paksud.<\/p>\n<div id=\"attachment_13299\" style=\"width: 1069px\" class=\"wp-caption aligncenter\"><a href=\"https:\/\/blog.erm.ee\/wp-content\/uploads\/2020\/02\/6_006404_ERM_Fk_2133_893.jpg\"><img loading=\"lazy\" decoding=\"async\" aria-describedby=\"caption-attachment-13299\" data-attachment-id=\"13299\" data-permalink=\"https:\/\/blog.erm.ee\/?attachment_id=13299#main\" data-orig-file=\"https:\/\/blog.erm.ee\/wp-content\/uploads\/2020\/02\/6_006404_ERM_Fk_2133_893.jpg\" data-orig-size=\"1059,1600\" data-comments-opened=\"1\" data-image-meta=\"{&quot;aperture&quot;:&quot;0&quot;,&quot;credit&quot;:&quot;&quot;,&quot;camera&quot;:&quot;&quot;,&quot;caption&quot;:&quot;&quot;,&quot;created_timestamp&quot;:&quot;0&quot;,&quot;copyright&quot;:&quot;\\u00a9 Eesti Rahva Muuseum 2016&quot;,&quot;focal_length&quot;:&quot;0&quot;,&quot;iso&quot;:&quot;0&quot;,&quot;shutter_speed&quot;:&quot;0&quot;,&quot;title&quot;:&quot;&quot;,&quot;orientation&quot;:&quot;0&quot;}\" data-image-title=\"6_006404_ERM_Fk_2133_893\" data-image-description=\"\" data-image-caption=\"\" data-large-file=\"https:\/\/blog.erm.ee\/wp-content\/uploads\/2020\/02\/6_006404_ERM_Fk_2133_893-678x1024.jpg\" class=\"wp-image-13299 size-full\" src=\"https:\/\/blog.erm.ee\/wp-content\/uploads\/2020\/02\/6_006404_ERM_Fk_2133_893.jpg\" alt=\"\" width=\"1059\" height=\"1600\" srcset=\"https:\/\/blog.erm.ee\/wp-content\/uploads\/2020\/02\/6_006404_ERM_Fk_2133_893.jpg 1059w, https:\/\/blog.erm.ee\/wp-content\/uploads\/2020\/02\/6_006404_ERM_Fk_2133_893-199x300.jpg 199w, https:\/\/blog.erm.ee\/wp-content\/uploads\/2020\/02\/6_006404_ERM_Fk_2133_893-678x1024.jpg 678w, https:\/\/blog.erm.ee\/wp-content\/uploads\/2020\/02\/6_006404_ERM_Fk_2133_893-172x260.jpg 172w, https:\/\/blog.erm.ee\/wp-content\/uploads\/2020\/02\/6_006404_ERM_Fk_2133_893-768x1160.jpg 768w, https:\/\/blog.erm.ee\/wp-content\/uploads\/2020\/02\/6_006404_ERM_Fk_2133_893-1017x1536.jpg 1017w\" sizes=\"auto, (max-width: 1059px) 100vw, 1059px\" \/><\/a><p id=\"caption-attachment-13299\" class=\"wp-caption-text\">1920. aastatel suusatasid naised ikka seelikus. Foto: Jakob Bockmann. ERM fk 2133:893<\/p><\/div>\n<div id=\"attachment_13300\" style=\"width: 1021px\" class=\"wp-caption aligncenter\"><a href=\"https:\/\/blog.erm.ee\/wp-content\/uploads\/2020\/02\/7_373358_ERM_Fk3029_16.jpg\"><img loading=\"lazy\" decoding=\"async\" aria-describedby=\"caption-attachment-13300\" data-attachment-id=\"13300\" data-permalink=\"https:\/\/blog.erm.ee\/?attachment_id=13300#main\" data-orig-file=\"https:\/\/blog.erm.ee\/wp-content\/uploads\/2020\/02\/7_373358_ERM_Fk3029_16.jpg\" data-orig-size=\"1011,1600\" data-comments-opened=\"1\" data-image-meta=\"{&quot;aperture&quot;:&quot;0&quot;,&quot;credit&quot;:&quot;&quot;,&quot;camera&quot;:&quot;&quot;,&quot;caption&quot;:&quot;&quot;,&quot;created_timestamp&quot;:&quot;0&quot;,&quot;copyright&quot;:&quot;&quot;,&quot;focal_length&quot;:&quot;0&quot;,&quot;iso&quot;:&quot;0&quot;,&quot;shutter_speed&quot;:&quot;0&quot;,&quot;title&quot;:&quot;&quot;,&quot;orientation&quot;:&quot;0&quot;}\" data-image-title=\"7_373358_ERM_Fk3029_16\" data-image-description=\"\" data-image-caption=\"\" data-large-file=\"https:\/\/blog.erm.ee\/wp-content\/uploads\/2020\/02\/7_373358_ERM_Fk3029_16-647x1024.jpg\" class=\"wp-image-13300 size-full\" src=\"https:\/\/blog.erm.ee\/wp-content\/uploads\/2020\/02\/7_373358_ERM_Fk3029_16.jpg\" alt=\"\" width=\"1011\" height=\"1600\" srcset=\"https:\/\/blog.erm.ee\/wp-content\/uploads\/2020\/02\/7_373358_ERM_Fk3029_16.jpg 1011w, https:\/\/blog.erm.ee\/wp-content\/uploads\/2020\/02\/7_373358_ERM_Fk3029_16-190x300.jpg 190w, https:\/\/blog.erm.ee\/wp-content\/uploads\/2020\/02\/7_373358_ERM_Fk3029_16-647x1024.jpg 647w, https:\/\/blog.erm.ee\/wp-content\/uploads\/2020\/02\/7_373358_ERM_Fk3029_16-164x260.jpg 164w, https:\/\/blog.erm.ee\/wp-content\/uploads\/2020\/02\/7_373358_ERM_Fk3029_16-768x1215.jpg 768w, https:\/\/blog.erm.ee\/wp-content\/uploads\/2020\/02\/7_373358_ERM_Fk3029_16-971x1536.jpg 971w\" sizes=\"auto, (max-width: 1011px) 100vw, 1011px\" \/><\/a><p id=\"caption-attachment-13300\" class=\"wp-caption-text\">1930. aastatel panid naisedki juba sportides p\u00fcksid jalga. Ljubov ja Anatoli Mitt Raadi pargis 1938. ERM fk 3029:16<\/p><\/div>\n<div id=\"attachment_13301\" style=\"width: 1610px\" class=\"wp-caption aligncenter\"><a href=\"https:\/\/blog.erm.ee\/wp-content\/uploads\/2020\/02\/8_bj0002.jpg\"><img loading=\"lazy\" decoding=\"async\" aria-describedby=\"caption-attachment-13301\" data-attachment-id=\"13301\" data-permalink=\"https:\/\/blog.erm.ee\/?attachment_id=13301#main\" data-orig-file=\"https:\/\/blog.erm.ee\/wp-content\/uploads\/2020\/02\/8_bj0002.jpg\" data-orig-size=\"1600,1185\" data-comments-opened=\"1\" data-image-meta=\"{&quot;aperture&quot;:&quot;0&quot;,&quot;credit&quot;:&quot;&quot;,&quot;camera&quot;:&quot;&quot;,&quot;caption&quot;:&quot;&quot;,&quot;created_timestamp&quot;:&quot;0&quot;,&quot;copyright&quot;:&quot;&quot;,&quot;focal_length&quot;:&quot;0&quot;,&quot;iso&quot;:&quot;0&quot;,&quot;shutter_speed&quot;:&quot;0&quot;,&quot;title&quot;:&quot;&quot;,&quot;orientation&quot;:&quot;0&quot;}\" data-image-title=\"8_bj0002\" data-image-description=\"\" data-image-caption=\"\" data-large-file=\"https:\/\/blog.erm.ee\/wp-content\/uploads\/2020\/02\/8_bj0002-1024x758.jpg\" class=\"wp-image-13301 size-full\" src=\"https:\/\/blog.erm.ee\/wp-content\/uploads\/2020\/02\/8_bj0002.jpg\" alt=\"\" width=\"1600\" height=\"1185\" srcset=\"https:\/\/blog.erm.ee\/wp-content\/uploads\/2020\/02\/8_bj0002.jpg 1600w, https:\/\/blog.erm.ee\/wp-content\/uploads\/2020\/02\/8_bj0002-300x222.jpg 300w, https:\/\/blog.erm.ee\/wp-content\/uploads\/2020\/02\/8_bj0002-1024x758.jpg 1024w, https:\/\/blog.erm.ee\/wp-content\/uploads\/2020\/02\/8_bj0002-351x260.jpg 351w, https:\/\/blog.erm.ee\/wp-content\/uploads\/2020\/02\/8_bj0002-768x569.jpg 768w, https:\/\/blog.erm.ee\/wp-content\/uploads\/2020\/02\/8_bj0002-1536x1138.jpg 1536w\" sizes=\"auto, (max-width: 1600px) 100vw, 1600px\" \/><\/a><p id=\"caption-attachment-13301\" class=\"wp-caption-text\">Esimesed naisspordi \u201ekompleed\u201c on valmistanud 1924. aastal Baronin Toll. ERMi arhiivikogu<\/p><\/div>\n<div id=\"attachment_13302\" style=\"width: 1213px\" class=\"wp-caption aligncenter\"><a href=\"https:\/\/blog.erm.ee\/wp-content\/uploads\/2020\/02\/9_376383_ERM_Fk3029_85.jpg\"><img loading=\"lazy\" decoding=\"async\" aria-describedby=\"caption-attachment-13302\" data-attachment-id=\"13302\" data-permalink=\"https:\/\/blog.erm.ee\/?attachment_id=13302#main\" data-orig-file=\"https:\/\/blog.erm.ee\/wp-content\/uploads\/2020\/02\/9_376383_ERM_Fk3029_85.jpg\" data-orig-size=\"1203,1600\" data-comments-opened=\"1\" data-image-meta=\"{&quot;aperture&quot;:&quot;0&quot;,&quot;credit&quot;:&quot;&quot;,&quot;camera&quot;:&quot;&quot;,&quot;caption&quot;:&quot;&quot;,&quot;created_timestamp&quot;:&quot;0&quot;,&quot;copyright&quot;:&quot;&quot;,&quot;focal_length&quot;:&quot;0&quot;,&quot;iso&quot;:&quot;0&quot;,&quot;shutter_speed&quot;:&quot;0&quot;,&quot;title&quot;:&quot;&quot;,&quot;orientation&quot;:&quot;0&quot;}\" data-image-title=\"9_376383_ERM_Fk3029_85\" data-image-description=\"\" data-image-caption=\"\" data-large-file=\"https:\/\/blog.erm.ee\/wp-content\/uploads\/2020\/02\/9_376383_ERM_Fk3029_85-770x1024.jpg\" class=\"wp-image-13302 size-full\" src=\"https:\/\/blog.erm.ee\/wp-content\/uploads\/2020\/02\/9_376383_ERM_Fk3029_85.jpg\" alt=\"\" width=\"1203\" height=\"1600\" srcset=\"https:\/\/blog.erm.ee\/wp-content\/uploads\/2020\/02\/9_376383_ERM_Fk3029_85.jpg 1203w, https:\/\/blog.erm.ee\/wp-content\/uploads\/2020\/02\/9_376383_ERM_Fk3029_85-226x300.jpg 226w, https:\/\/blog.erm.ee\/wp-content\/uploads\/2020\/02\/9_376383_ERM_Fk3029_85-770x1024.jpg 770w, https:\/\/blog.erm.ee\/wp-content\/uploads\/2020\/02\/9_376383_ERM_Fk3029_85-195x260.jpg 195w, https:\/\/blog.erm.ee\/wp-content\/uploads\/2020\/02\/9_376383_ERM_Fk3029_85-768x1021.jpg 768w, https:\/\/blog.erm.ee\/wp-content\/uploads\/2020\/02\/9_376383_ERM_Fk3029_85-1155x1536.jpg 1155w\" sizes=\"auto, (max-width: 1203px) 100vw, 1203px\" \/><\/a><p id=\"caption-attachment-13302\" class=\"wp-caption-text\">Nii nagu suuski tehti ise, kooti endale ka suusariided. Reet Leidmaa ja Ly Soots 1969. aasta m\u00e4rtsis Vapram\u00e4el. Reedal on seljas ema kootud suusakampsun. ERM fk 3029:85<\/p><\/div>\n<div id=\"attachment_13303\" style=\"width: 1609px\" class=\"wp-caption aligncenter\"><a href=\"https:\/\/blog.erm.ee\/wp-content\/uploads\/2020\/02\/10_087167_ERM_Fk_2644_16313.jpg\"><img loading=\"lazy\" decoding=\"async\" aria-describedby=\"caption-attachment-13303\" data-attachment-id=\"13303\" data-permalink=\"https:\/\/blog.erm.ee\/?attachment_id=13303#main\" data-orig-file=\"https:\/\/blog.erm.ee\/wp-content\/uploads\/2020\/02\/10_087167_ERM_Fk_2644_16313.jpg\" data-orig-size=\"1599,1600\" data-comments-opened=\"1\" data-image-meta=\"{&quot;aperture&quot;:&quot;0&quot;,&quot;credit&quot;:&quot;&quot;,&quot;camera&quot;:&quot;&quot;,&quot;caption&quot;:&quot;&quot;,&quot;created_timestamp&quot;:&quot;0&quot;,&quot;copyright&quot;:&quot;\\u00a9 Eesti Rahva Muuseum&quot;,&quot;focal_length&quot;:&quot;0&quot;,&quot;iso&quot;:&quot;0&quot;,&quot;shutter_speed&quot;:&quot;0&quot;,&quot;title&quot;:&quot;&quot;,&quot;orientation&quot;:&quot;0&quot;}\" data-image-title=\"10_087167_ERM_Fk_2644_16313\" data-image-description=\"\" data-image-caption=\"\" data-large-file=\"https:\/\/blog.erm.ee\/wp-content\/uploads\/2020\/02\/10_087167_ERM_Fk_2644_16313-1024x1024.jpg\" class=\"wp-image-13303 size-full\" src=\"https:\/\/blog.erm.ee\/wp-content\/uploads\/2020\/02\/10_087167_ERM_Fk_2644_16313.jpg\" alt=\"\" width=\"1599\" height=\"1600\" srcset=\"https:\/\/blog.erm.ee\/wp-content\/uploads\/2020\/02\/10_087167_ERM_Fk_2644_16313.jpg 1599w, https:\/\/blog.erm.ee\/wp-content\/uploads\/2020\/02\/10_087167_ERM_Fk_2644_16313-300x300.jpg 300w, https:\/\/blog.erm.ee\/wp-content\/uploads\/2020\/02\/10_087167_ERM_Fk_2644_16313-1024x1024.jpg 1024w, https:\/\/blog.erm.ee\/wp-content\/uploads\/2020\/02\/10_087167_ERM_Fk_2644_16313-260x260.jpg 260w, https:\/\/blog.erm.ee\/wp-content\/uploads\/2020\/02\/10_087167_ERM_Fk_2644_16313-768x768.jpg 768w, https:\/\/blog.erm.ee\/wp-content\/uploads\/2020\/02\/10_087167_ERM_Fk_2644_16313-1536x1536.jpg 1536w, https:\/\/blog.erm.ee\/wp-content\/uploads\/2020\/02\/10_087167_ERM_Fk_2644_16313-50x50.jpg 50w\" sizes=\"auto, (max-width: 1599px) 100vw, 1599px\" \/><\/a><p id=\"caption-attachment-13303\" class=\"wp-caption-text\">Faime J\u00fcrno tutvustab suusamoodi. Foto: Viktor Salmre, 1967. ERM fk 2644:16313<\/p><\/div>\n<div id=\"attachment_13304\" style=\"width: 1036px\" class=\"wp-caption aligncenter\"><a href=\"https:\/\/blog.erm.ee\/wp-content\/uploads\/2020\/02\/11_035318_ERM_Fk_2688_26.jpg\"><img loading=\"lazy\" decoding=\"async\" aria-describedby=\"caption-attachment-13304\" data-attachment-id=\"13304\" data-permalink=\"https:\/\/blog.erm.ee\/?attachment_id=13304#main\" data-orig-file=\"https:\/\/blog.erm.ee\/wp-content\/uploads\/2020\/02\/11_035318_ERM_Fk_2688_26.jpg\" data-orig-size=\"1026,1600\" data-comments-opened=\"1\" data-image-meta=\"{&quot;aperture&quot;:&quot;0&quot;,&quot;credit&quot;:&quot;&quot;,&quot;camera&quot;:&quot;&quot;,&quot;caption&quot;:&quot;&quot;,&quot;created_timestamp&quot;:&quot;0&quot;,&quot;copyright&quot;:&quot;&quot;,&quot;focal_length&quot;:&quot;0&quot;,&quot;iso&quot;:&quot;0&quot;,&quot;shutter_speed&quot;:&quot;0&quot;,&quot;title&quot;:&quot;&quot;,&quot;orientation&quot;:&quot;0&quot;}\" data-image-title=\"11_035318_ERM_Fk_2688_26\" data-image-description=\"\" data-image-caption=\"\" data-large-file=\"https:\/\/blog.erm.ee\/wp-content\/uploads\/2020\/02\/11_035318_ERM_Fk_2688_26-657x1024.jpg\" class=\"wp-image-13304 size-full\" src=\"https:\/\/blog.erm.ee\/wp-content\/uploads\/2020\/02\/11_035318_ERM_Fk_2688_26.jpg\" alt=\"\" width=\"1026\" height=\"1600\" srcset=\"https:\/\/blog.erm.ee\/wp-content\/uploads\/2020\/02\/11_035318_ERM_Fk_2688_26.jpg 1026w, https:\/\/blog.erm.ee\/wp-content\/uploads\/2020\/02\/11_035318_ERM_Fk_2688_26-192x300.jpg 192w, https:\/\/blog.erm.ee\/wp-content\/uploads\/2020\/02\/11_035318_ERM_Fk_2688_26-657x1024.jpg 657w, https:\/\/blog.erm.ee\/wp-content\/uploads\/2020\/02\/11_035318_ERM_Fk_2688_26-167x260.jpg 167w, https:\/\/blog.erm.ee\/wp-content\/uploads\/2020\/02\/11_035318_ERM_Fk_2688_26-768x1198.jpg 768w, https:\/\/blog.erm.ee\/wp-content\/uploads\/2020\/02\/11_035318_ERM_Fk_2688_26-985x1536.jpg 985w\" sizes=\"auto, (max-width: 1026px) 100vw, 1026px\" \/><\/a><p id=\"caption-attachment-13304\" class=\"wp-caption-text\">Annelinlased l\u00e4hevad suusatama, seljas ilmastikukindlad r\u00f5ivad. Foto: Anu J\u00e4rs, 1999. ERM fk 2688:26<\/p><\/div>\n<p>1960. aastatel muutus palju nii v\u00f5istlusareenil kui ka vabaaja suusatamises. Hakati k\u00e4ima suusapuhkusel ja tekkis suusaturism. Meilgi kogusid sel ajal hoogu suusamatkad, mille najal s\u00fcndiski Tartu Maraton. Lisaks korraldati propagandah\u00f5ngulisi turismireise, n\u00e4iteks s\u00f5ideti 1968. aastal kaheksa p\u00e4evaga Tartust Velikije Lukisse, k\u00fclastades Teise maailmas\u00f5ja lahingupaiku.<\/p>\n<div id=\"attachment_13305\" style=\"width: 1610px\" class=\"wp-caption aligncenter\"><a href=\"https:\/\/blog.erm.ee\/wp-content\/uploads\/2020\/02\/12_058437_ERM_Fk_2884_11.jpg\"><img loading=\"lazy\" decoding=\"async\" aria-describedby=\"caption-attachment-13305\" data-attachment-id=\"13305\" data-permalink=\"https:\/\/blog.erm.ee\/?attachment_id=13305#main\" data-orig-file=\"https:\/\/blog.erm.ee\/wp-content\/uploads\/2020\/02\/12_058437_ERM_Fk_2884_11.jpg\" data-orig-size=\"1600,1125\" data-comments-opened=\"1\" data-image-meta=\"{&quot;aperture&quot;:&quot;0&quot;,&quot;credit&quot;:&quot;&quot;,&quot;camera&quot;:&quot;&quot;,&quot;caption&quot;:&quot;&quot;,&quot;created_timestamp&quot;:&quot;0&quot;,&quot;copyright&quot;:&quot;&quot;,&quot;focal_length&quot;:&quot;0&quot;,&quot;iso&quot;:&quot;0&quot;,&quot;shutter_speed&quot;:&quot;0&quot;,&quot;title&quot;:&quot;&quot;,&quot;orientation&quot;:&quot;0&quot;}\" data-image-title=\"12_058437_ERM_Fk_2884_11\" data-image-description=\"\" data-image-caption=\"\" data-large-file=\"https:\/\/blog.erm.ee\/wp-content\/uploads\/2020\/02\/12_058437_ERM_Fk_2884_11-1024x720.jpg\" class=\"wp-image-13305 size-full\" src=\"https:\/\/blog.erm.ee\/wp-content\/uploads\/2020\/02\/12_058437_ERM_Fk_2884_11.jpg\" alt=\"\" width=\"1600\" height=\"1125\" srcset=\"https:\/\/blog.erm.ee\/wp-content\/uploads\/2020\/02\/12_058437_ERM_Fk_2884_11.jpg 1600w, https:\/\/blog.erm.ee\/wp-content\/uploads\/2020\/02\/12_058437_ERM_Fk_2884_11-300x211.jpg 300w, https:\/\/blog.erm.ee\/wp-content\/uploads\/2020\/02\/12_058437_ERM_Fk_2884_11-1024x720.jpg 1024w, https:\/\/blog.erm.ee\/wp-content\/uploads\/2020\/02\/12_058437_ERM_Fk_2884_11-370x260.jpg 370w, https:\/\/blog.erm.ee\/wp-content\/uploads\/2020\/02\/12_058437_ERM_Fk_2884_11-768x540.jpg 768w, https:\/\/blog.erm.ee\/wp-content\/uploads\/2020\/02\/12_058437_ERM_Fk_2884_11-1536x1080.jpg 1536w\" sizes=\"auto, (max-width: 1600px) 100vw, 1600px\" \/><\/a><p id=\"caption-attachment-13305\" class=\"wp-caption-text\">Noored v\u00f5tavad suusalaagris p\u00e4ikest, 1957. ERM fk 2884:11<\/p><\/div>\n<p style=\"text-align: justify;\">Tartu Maratoni s\u00fcnnihetk on t\u00e4pselt fikseeritud \u00fche 1959. aasta rongis\u00f5idu ajal toimunud vestlusega. Herbert Abel, T\u00f5nu Luik ja J\u00fcri-Hain Kaljusto s\u00f5itsid nimelt Moskvast Sverdlovskisse ja otsustasid, et Vaasa suusamaratoni eeskujul tuleb Tartuski p\u00fcsti panna oma maraton. Selle ideega mindi ENSV Spordi\u00fchingute ja -organisatsioonide Liidu Tartu n\u00f5ukogu esimehe jutule, kes \u00fctleski jah. 16. jaanuaril 1960 rivistus \u00fcles 214 osalejat, et alustada esimest Tartu\u2013K\u00e4\u00e4riku 55-kilomeetrist matka. 2019. aastal v\u00f5ttis Tartu Maratonist osa juba \u00fcle 7000 inimese.<\/p>\n<div id=\"attachment_13312\" style=\"width: 2570px\" class=\"wp-caption aligncenter\"><a href=\"https:\/\/blog.erm.ee\/wp-content\/uploads\/2020\/02\/Maraton1_vana-aja-suusad_Klubi-Tartu-Maraton-scaled.jpg\"><img loading=\"lazy\" decoding=\"async\" aria-describedby=\"caption-attachment-13312\" data-attachment-id=\"13312\" data-permalink=\"https:\/\/blog.erm.ee\/?attachment_id=13312#main\" data-orig-file=\"https:\/\/blog.erm.ee\/wp-content\/uploads\/2020\/02\/Maraton1_vana-aja-suusad_Klubi-Tartu-Maraton-scaled.jpg\" data-orig-size=\"2560,1572\" data-comments-opened=\"1\" data-image-meta=\"{&quot;aperture&quot;:&quot;0&quot;,&quot;credit&quot;:&quot;&quot;,&quot;camera&quot;:&quot;&quot;,&quot;caption&quot;:&quot;&quot;,&quot;created_timestamp&quot;:&quot;0&quot;,&quot;copyright&quot;:&quot;&quot;,&quot;focal_length&quot;:&quot;0&quot;,&quot;iso&quot;:&quot;0&quot;,&quot;shutter_speed&quot;:&quot;0&quot;,&quot;title&quot;:&quot;&quot;,&quot;orientation&quot;:&quot;0&quot;}\" data-image-title=\"Maraton1_vana aja suusad_Klubi Tartu Maraton\" data-image-description=\"\" data-image-caption=\"\" data-large-file=\"https:\/\/blog.erm.ee\/wp-content\/uploads\/2020\/02\/Maraton1_vana-aja-suusad_Klubi-Tartu-Maraton-1024x629.jpg\" class=\"wp-image-13312 size-full\" src=\"https:\/\/blog.erm.ee\/wp-content\/uploads\/2020\/02\/Maraton1_vana-aja-suusad_Klubi-Tartu-Maraton-scaled.jpg\" alt=\"\" width=\"2560\" height=\"1572\" srcset=\"https:\/\/blog.erm.ee\/wp-content\/uploads\/2020\/02\/Maraton1_vana-aja-suusad_Klubi-Tartu-Maraton-scaled.jpg 2560w, https:\/\/blog.erm.ee\/wp-content\/uploads\/2020\/02\/Maraton1_vana-aja-suusad_Klubi-Tartu-Maraton-300x184.jpg 300w, https:\/\/blog.erm.ee\/wp-content\/uploads\/2020\/02\/Maraton1_vana-aja-suusad_Klubi-Tartu-Maraton-1024x629.jpg 1024w, https:\/\/blog.erm.ee\/wp-content\/uploads\/2020\/02\/Maraton1_vana-aja-suusad_Klubi-Tartu-Maraton-424x260.jpg 424w, https:\/\/blog.erm.ee\/wp-content\/uploads\/2020\/02\/Maraton1_vana-aja-suusad_Klubi-Tartu-Maraton-768x471.jpg 768w, https:\/\/blog.erm.ee\/wp-content\/uploads\/2020\/02\/Maraton1_vana-aja-suusad_Klubi-Tartu-Maraton-1536x943.jpg 1536w, https:\/\/blog.erm.ee\/wp-content\/uploads\/2020\/02\/Maraton1_vana-aja-suusad_Klubi-Tartu-Maraton-2048x1257.jpg 2048w\" sizes=\"auto, (max-width: 2560px) 100vw, 2560px\" \/><\/a><p id=\"caption-attachment-13312\" class=\"wp-caption-text\">Maratonij\u00e4rgne kehakinnitus. Foto: Klubi Tartu Maraton<\/p><\/div>\n<div id=\"attachment_13313\" style=\"width: 1610px\" class=\"wp-caption aligncenter\"><a href=\"https:\/\/blog.erm.ee\/wp-content\/uploads\/2020\/02\/Maraton2_014440_ERM_A_903_30_ab.jpg\"><img loading=\"lazy\" decoding=\"async\" aria-describedby=\"caption-attachment-13313\" data-attachment-id=\"13313\" data-permalink=\"https:\/\/blog.erm.ee\/?attachment_id=13313#main\" data-orig-file=\"https:\/\/blog.erm.ee\/wp-content\/uploads\/2020\/02\/Maraton2_014440_ERM_A_903_30_ab.jpg\" data-orig-size=\"1600,1200\" data-comments-opened=\"1\" data-image-meta=\"{&quot;aperture&quot;:&quot;0&quot;,&quot;credit&quot;:&quot;&quot;,&quot;camera&quot;:&quot;&quot;,&quot;caption&quot;:&quot;&quot;,&quot;created_timestamp&quot;:&quot;0&quot;,&quot;copyright&quot;:&quot;\\u00a9 Eesti Rahva Muuseum&quot;,&quot;focal_length&quot;:&quot;0&quot;,&quot;iso&quot;:&quot;0&quot;,&quot;shutter_speed&quot;:&quot;0&quot;,&quot;title&quot;:&quot;&quot;,&quot;orientation&quot;:&quot;0&quot;}\" data-image-title=\"Maraton2_014440_ERM_A_903_30_ab\" data-image-description=\"\" data-image-caption=\"\" data-large-file=\"https:\/\/blog.erm.ee\/wp-content\/uploads\/2020\/02\/Maraton2_014440_ERM_A_903_30_ab-1024x768.jpg\" class=\"wp-image-13313 size-full\" src=\"https:\/\/blog.erm.ee\/wp-content\/uploads\/2020\/02\/Maraton2_014440_ERM_A_903_30_ab.jpg\" alt=\"\" width=\"1600\" height=\"1200\" srcset=\"https:\/\/blog.erm.ee\/wp-content\/uploads\/2020\/02\/Maraton2_014440_ERM_A_903_30_ab.jpg 1600w, https:\/\/blog.erm.ee\/wp-content\/uploads\/2020\/02\/Maraton2_014440_ERM_A_903_30_ab-300x225.jpg 300w, https:\/\/blog.erm.ee\/wp-content\/uploads\/2020\/02\/Maraton2_014440_ERM_A_903_30_ab-1024x768.jpg 1024w, https:\/\/blog.erm.ee\/wp-content\/uploads\/2020\/02\/Maraton2_014440_ERM_A_903_30_ab-347x260.jpg 347w, https:\/\/blog.erm.ee\/wp-content\/uploads\/2020\/02\/Maraton2_014440_ERM_A_903_30_ab-768x576.jpg 768w, https:\/\/blog.erm.ee\/wp-content\/uploads\/2020\/02\/Maraton2_014440_ERM_A_903_30_ab-1536x1152.jpg 1536w\" sizes=\"auto, (max-width: 1600px) 100vw, 1600px\" \/><\/a><p id=\"caption-attachment-13313\" class=\"wp-caption-text\">Esimesed suusad Eestis olid k\u00f5ik k\u00e4sitsi valmistatud. Siin on D\u00fcnamo suusavabriku suusad Estonia, mille p\u00f5hjad Tambet Kibal 1980. aasta paiku ise \u201eplastikuga\u201c kattis. Segu koosnes EPO-liimist ning alumiinium- ja grafiitpulbrist, mis ta kihtide kaupa suusap\u00f5hjadele kandis, lihvides iga kihi eraldi \u00fcle. Kibal s\u00f5itis selliste suuskadega 1980. aastate alguse maratonidel. Foto: ERM A 903:30\/ab<\/p><\/div>\n<div id=\"attachment_13314\" style=\"width: 2510px\" class=\"wp-caption aligncenter\"><a href=\"https:\/\/blog.erm.ee\/wp-content\/uploads\/2020\/02\/Maraton3_TartuMaraton2019_Adam-Illingworth-28.jpg\"><img loading=\"lazy\" decoding=\"async\" aria-describedby=\"caption-attachment-13314\" data-attachment-id=\"13314\" data-permalink=\"https:\/\/blog.erm.ee\/?attachment_id=13314#main\" data-orig-file=\"https:\/\/blog.erm.ee\/wp-content\/uploads\/2020\/02\/Maraton3_TartuMaraton2019_Adam-Illingworth-28.jpg\" data-orig-size=\"2500,1667\" data-comments-opened=\"1\" data-image-meta=\"{&quot;aperture&quot;:&quot;6.3&quot;,&quot;credit&quot;:&quot;Adam Illingworth&quot;,&quot;camera&quot;:&quot;Canon EOS 5D Mark III&quot;,&quot;caption&quot;:&quot;&quot;,&quot;created_timestamp&quot;:&quot;1550397502&quot;,&quot;copyright&quot;:&quot;Adam Illingworth&quot;,&quot;focal_length&quot;:&quot;120&quot;,&quot;iso&quot;:&quot;400&quot;,&quot;shutter_speed&quot;:&quot;0.00125&quot;,&quot;title&quot;:&quot;&quot;,&quot;orientation&quot;:&quot;0&quot;}\" data-image-title=\"Maraton3_TartuMaraton2019_Adam Illingworth-28\" data-image-description=\"\" data-image-caption=\"\" data-large-file=\"https:\/\/blog.erm.ee\/wp-content\/uploads\/2020\/02\/Maraton3_TartuMaraton2019_Adam-Illingworth-28-1024x683.jpg\" class=\"wp-image-13314 size-full\" src=\"https:\/\/blog.erm.ee\/wp-content\/uploads\/2020\/02\/Maraton3_TartuMaraton2019_Adam-Illingworth-28.jpg\" alt=\"\" width=\"2500\" height=\"1667\" srcset=\"https:\/\/blog.erm.ee\/wp-content\/uploads\/2020\/02\/Maraton3_TartuMaraton2019_Adam-Illingworth-28.jpg 2500w, https:\/\/blog.erm.ee\/wp-content\/uploads\/2020\/02\/Maraton3_TartuMaraton2019_Adam-Illingworth-28-300x200.jpg 300w, https:\/\/blog.erm.ee\/wp-content\/uploads\/2020\/02\/Maraton3_TartuMaraton2019_Adam-Illingworth-28-1024x683.jpg 1024w, https:\/\/blog.erm.ee\/wp-content\/uploads\/2020\/02\/Maraton3_TartuMaraton2019_Adam-Illingworth-28-390x260.jpg 390w, https:\/\/blog.erm.ee\/wp-content\/uploads\/2020\/02\/Maraton3_TartuMaraton2019_Adam-Illingworth-28-768x512.jpg 768w, https:\/\/blog.erm.ee\/wp-content\/uploads\/2020\/02\/Maraton3_TartuMaraton2019_Adam-Illingworth-28-1536x1024.jpg 1536w, https:\/\/blog.erm.ee\/wp-content\/uploads\/2020\/02\/Maraton3_TartuMaraton2019_Adam-Illingworth-28-2048x1366.jpg 2048w\" sizes=\"auto, (max-width: 2500px) 100vw, 2500px\" \/><\/a><p id=\"caption-attachment-13314\" class=\"wp-caption-text\">Tartu Maraton. Foto: Adam Illingworth, 2019<\/p><\/div>\n<p style=\"text-align: justify;\">Eesti suusatamise ajalugu on kulgenud koos maailma suusalooga. \u00dcks mis kindel: suusatamist on alati saatnud r\u00f5\u00f5m ja elevus.<\/p>\n<div id=\"attachment_13306\" style=\"width: 1610px\" class=\"wp-caption aligncenter\"><a href=\"https:\/\/blog.erm.ee\/wp-content\/uploads\/2020\/02\/13_2957_18.jpg\"><img loading=\"lazy\" decoding=\"async\" aria-describedby=\"caption-attachment-13306\" data-attachment-id=\"13306\" data-permalink=\"https:\/\/blog.erm.ee\/?attachment_id=13306#main\" data-orig-file=\"https:\/\/blog.erm.ee\/wp-content\/uploads\/2020\/02\/13_2957_18.jpg\" data-orig-size=\"1600,1055\" data-comments-opened=\"1\" data-image-meta=\"{&quot;aperture&quot;:&quot;0&quot;,&quot;credit&quot;:&quot;&quot;,&quot;camera&quot;:&quot;&quot;,&quot;caption&quot;:&quot;&quot;,&quot;created_timestamp&quot;:&quot;0&quot;,&quot;copyright&quot;:&quot;&quot;,&quot;focal_length&quot;:&quot;0&quot;,&quot;iso&quot;:&quot;0&quot;,&quot;shutter_speed&quot;:&quot;0&quot;,&quot;title&quot;:&quot;&quot;,&quot;orientation&quot;:&quot;0&quot;}\" data-image-title=\"13_2957_18\" data-image-description=\"\" data-image-caption=\"\" data-large-file=\"https:\/\/blog.erm.ee\/wp-content\/uploads\/2020\/02\/13_2957_18-1024x675.jpg\" class=\"wp-image-13306 size-full\" src=\"https:\/\/blog.erm.ee\/wp-content\/uploads\/2020\/02\/13_2957_18.jpg\" alt=\"\" width=\"1600\" height=\"1055\" srcset=\"https:\/\/blog.erm.ee\/wp-content\/uploads\/2020\/02\/13_2957_18.jpg 1600w, https:\/\/blog.erm.ee\/wp-content\/uploads\/2020\/02\/13_2957_18-300x198.jpg 300w, https:\/\/blog.erm.ee\/wp-content\/uploads\/2020\/02\/13_2957_18-1024x675.jpg 1024w, https:\/\/blog.erm.ee\/wp-content\/uploads\/2020\/02\/13_2957_18-394x260.jpg 394w, https:\/\/blog.erm.ee\/wp-content\/uploads\/2020\/02\/13_2957_18-768x506.jpg 768w, https:\/\/blog.erm.ee\/wp-content\/uploads\/2020\/02\/13_2957_18-1536x1013.jpg 1536w\" sizes=\"auto, (max-width: 1600px) 100vw, 1600px\" \/><\/a><p id=\"caption-attachment-13306\" class=\"wp-caption-text\">Helmi Voolmann s\u00f5branna ja lastega Glehni pargis. Foto: Hans Voolmann, u 1932. ERM fk 2957:18<\/p><\/div>\n<div id=\"attachment_13307\" style=\"width: 1063px\" class=\"wp-caption aligncenter\"><a href=\"https:\/\/blog.erm.ee\/wp-content\/uploads\/2020\/02\/14_378471_ERM_Fk2897_72.jpg\"><img loading=\"lazy\" decoding=\"async\" aria-describedby=\"caption-attachment-13307\" data-attachment-id=\"13307\" data-permalink=\"https:\/\/blog.erm.ee\/?attachment_id=13307#main\" data-orig-file=\"https:\/\/blog.erm.ee\/wp-content\/uploads\/2020\/02\/14_378471_ERM_Fk2897_72.jpg\" data-orig-size=\"1053,1600\" data-comments-opened=\"1\" data-image-meta=\"{&quot;aperture&quot;:&quot;0&quot;,&quot;credit&quot;:&quot;&quot;,&quot;camera&quot;:&quot;&quot;,&quot;caption&quot;:&quot;&quot;,&quot;created_timestamp&quot;:&quot;0&quot;,&quot;copyright&quot;:&quot;&quot;,&quot;focal_length&quot;:&quot;0&quot;,&quot;iso&quot;:&quot;0&quot;,&quot;shutter_speed&quot;:&quot;0&quot;,&quot;title&quot;:&quot;&quot;,&quot;orientation&quot;:&quot;0&quot;}\" data-image-title=\"14_378471_ERM_Fk2897_72\" data-image-description=\"\" data-image-caption=\"\" data-large-file=\"https:\/\/blog.erm.ee\/wp-content\/uploads\/2020\/02\/14_378471_ERM_Fk2897_72-674x1024.jpg\" class=\"wp-image-13307 size-full\" src=\"https:\/\/blog.erm.ee\/wp-content\/uploads\/2020\/02\/14_378471_ERM_Fk2897_72.jpg\" alt=\"\" width=\"1053\" height=\"1600\" srcset=\"https:\/\/blog.erm.ee\/wp-content\/uploads\/2020\/02\/14_378471_ERM_Fk2897_72.jpg 1053w, https:\/\/blog.erm.ee\/wp-content\/uploads\/2020\/02\/14_378471_ERM_Fk2897_72-197x300.jpg 197w, https:\/\/blog.erm.ee\/wp-content\/uploads\/2020\/02\/14_378471_ERM_Fk2897_72-674x1024.jpg 674w, https:\/\/blog.erm.ee\/wp-content\/uploads\/2020\/02\/14_378471_ERM_Fk2897_72-171x260.jpg 171w, https:\/\/blog.erm.ee\/wp-content\/uploads\/2020\/02\/14_378471_ERM_Fk2897_72-768x1167.jpg 768w, https:\/\/blog.erm.ee\/wp-content\/uploads\/2020\/02\/14_378471_ERM_Fk2897_72-1011x1536.jpg 1011w\" sizes=\"auto, (max-width: 1053px) 100vw, 1053px\" \/><\/a><p id=\"caption-attachment-13307\" class=\"wp-caption-text\">R\u00f5\u00f5mus suusataja. Foto: Uno Pilvre, 1950. ERM fk 2897:72<\/p><\/div>\n<div id=\"attachment_13309\" style=\"width: 1610px\" class=\"wp-caption aligncenter\"><a href=\"https:\/\/blog.erm.ee\/wp-content\/uploads\/2020\/02\/16_079301_ERM_Fk_2644_8447.jpg\"><img loading=\"lazy\" decoding=\"async\" aria-describedby=\"caption-attachment-13309\" data-attachment-id=\"13309\" data-permalink=\"https:\/\/blog.erm.ee\/?attachment_id=13309#main\" data-orig-file=\"https:\/\/blog.erm.ee\/wp-content\/uploads\/2020\/02\/16_079301_ERM_Fk_2644_8447.jpg\" data-orig-size=\"1600,1065\" data-comments-opened=\"1\" data-image-meta=\"{&quot;aperture&quot;:&quot;0&quot;,&quot;credit&quot;:&quot;&quot;,&quot;camera&quot;:&quot;&quot;,&quot;caption&quot;:&quot;&quot;,&quot;created_timestamp&quot;:&quot;0&quot;,&quot;copyright&quot;:&quot;\\u00a9 Eesti Rahva Muuseum&quot;,&quot;focal_length&quot;:&quot;0&quot;,&quot;iso&quot;:&quot;0&quot;,&quot;shutter_speed&quot;:&quot;0&quot;,&quot;title&quot;:&quot;&quot;,&quot;orientation&quot;:&quot;0&quot;}\" data-image-title=\"16_079301_ERM_Fk_2644_8447\" data-image-description=\"\" data-image-caption=\"\" data-large-file=\"https:\/\/blog.erm.ee\/wp-content\/uploads\/2020\/02\/16_079301_ERM_Fk_2644_8447-1024x682.jpg\" class=\"wp-image-13309 size-full\" src=\"https:\/\/blog.erm.ee\/wp-content\/uploads\/2020\/02\/16_079301_ERM_Fk_2644_8447.jpg\" alt=\"\" width=\"1600\" height=\"1065\" srcset=\"https:\/\/blog.erm.ee\/wp-content\/uploads\/2020\/02\/16_079301_ERM_Fk_2644_8447.jpg 1600w, https:\/\/blog.erm.ee\/wp-content\/uploads\/2020\/02\/16_079301_ERM_Fk_2644_8447-300x200.jpg 300w, https:\/\/blog.erm.ee\/wp-content\/uploads\/2020\/02\/16_079301_ERM_Fk_2644_8447-1024x682.jpg 1024w, https:\/\/blog.erm.ee\/wp-content\/uploads\/2020\/02\/16_079301_ERM_Fk_2644_8447-391x260.jpg 391w, https:\/\/blog.erm.ee\/wp-content\/uploads\/2020\/02\/16_079301_ERM_Fk_2644_8447-768x511.jpg 768w, https:\/\/blog.erm.ee\/wp-content\/uploads\/2020\/02\/16_079301_ERM_Fk_2644_8447-1536x1022.jpg 1536w\" sizes=\"auto, (max-width: 1600px) 100vw, 1600px\" \/><\/a><p id=\"caption-attachment-13309\" class=\"wp-caption-text\">Aleksander Ganuzin perega. Foto: Viktor Salmre, 1971. ERM fk 2644:8447<\/p><\/div>\n<div id=\"attachment_13308\" style=\"width: 1610px\" class=\"wp-caption aligncenter\"><a href=\"https:\/\/blog.erm.ee\/wp-content\/uploads\/2020\/02\/15_075928_ERM_Fk_2644_5074.jpg\"><img loading=\"lazy\" decoding=\"async\" aria-describedby=\"caption-attachment-13308\" data-attachment-id=\"13308\" data-permalink=\"https:\/\/blog.erm.ee\/?attachment_id=13308#main\" data-orig-file=\"https:\/\/blog.erm.ee\/wp-content\/uploads\/2020\/02\/15_075928_ERM_Fk_2644_5074.jpg\" data-orig-size=\"1600,1052\" data-comments-opened=\"1\" data-image-meta=\"{&quot;aperture&quot;:&quot;0&quot;,&quot;credit&quot;:&quot;&quot;,&quot;camera&quot;:&quot;&quot;,&quot;caption&quot;:&quot;&quot;,&quot;created_timestamp&quot;:&quot;0&quot;,&quot;copyright&quot;:&quot;&quot;,&quot;focal_length&quot;:&quot;0&quot;,&quot;iso&quot;:&quot;0&quot;,&quot;shutter_speed&quot;:&quot;0&quot;,&quot;title&quot;:&quot;&quot;,&quot;orientation&quot;:&quot;0&quot;}\" data-image-title=\"15_075928_ERM_Fk_2644_5074\" data-image-description=\"\" data-image-caption=\"\" data-large-file=\"https:\/\/blog.erm.ee\/wp-content\/uploads\/2020\/02\/15_075928_ERM_Fk_2644_5074-1024x673.jpg\" class=\"wp-image-13308 size-full\" src=\"https:\/\/blog.erm.ee\/wp-content\/uploads\/2020\/02\/15_075928_ERM_Fk_2644_5074.jpg\" alt=\"\" width=\"1600\" height=\"1052\" srcset=\"https:\/\/blog.erm.ee\/wp-content\/uploads\/2020\/02\/15_075928_ERM_Fk_2644_5074.jpg 1600w, https:\/\/blog.erm.ee\/wp-content\/uploads\/2020\/02\/15_075928_ERM_Fk_2644_5074-300x197.jpg 300w, https:\/\/blog.erm.ee\/wp-content\/uploads\/2020\/02\/15_075928_ERM_Fk_2644_5074-1024x673.jpg 1024w, https:\/\/blog.erm.ee\/wp-content\/uploads\/2020\/02\/15_075928_ERM_Fk_2644_5074-395x260.jpg 395w, https:\/\/blog.erm.ee\/wp-content\/uploads\/2020\/02\/15_075928_ERM_Fk_2644_5074-768x505.jpg 768w, https:\/\/blog.erm.ee\/wp-content\/uploads\/2020\/02\/15_075928_ERM_Fk_2644_5074-1536x1010.jpg 1536w\" sizes=\"auto, (max-width: 1600px) 100vw, 1600px\" \/><\/a><p id=\"caption-attachment-13308\" class=\"wp-caption-text\">Valli Lember-Bogatkina perega. Foto: Viktor Salmre, 1967. ERM fk 2644:5074<\/p><\/div>\n<div id=\"attachment_13310\" style=\"width: 1610px\" class=\"wp-caption aligncenter\"><a href=\"https:\/\/blog.erm.ee\/wp-content\/uploads\/2020\/02\/17_041447_ERM_Fk_2777_1140.jpg\"><img loading=\"lazy\" decoding=\"async\" aria-describedby=\"caption-attachment-13310\" data-attachment-id=\"13310\" data-permalink=\"https:\/\/blog.erm.ee\/?attachment_id=13310#main\" data-orig-file=\"https:\/\/blog.erm.ee\/wp-content\/uploads\/2020\/02\/17_041447_ERM_Fk_2777_1140.jpg\" data-orig-size=\"1600,1064\" data-comments-opened=\"1\" data-image-meta=\"{&quot;aperture&quot;:&quot;0&quot;,&quot;credit&quot;:&quot;&quot;,&quot;camera&quot;:&quot;&quot;,&quot;caption&quot;:&quot;&quot;,&quot;created_timestamp&quot;:&quot;0&quot;,&quot;copyright&quot;:&quot;&quot;,&quot;focal_length&quot;:&quot;0&quot;,&quot;iso&quot;:&quot;0&quot;,&quot;shutter_speed&quot;:&quot;0&quot;,&quot;title&quot;:&quot;&quot;,&quot;orientation&quot;:&quot;0&quot;}\" data-image-title=\"17_041447_ERM_Fk_2777_1140\" data-image-description=\"\" data-image-caption=\"\" data-large-file=\"https:\/\/blog.erm.ee\/wp-content\/uploads\/2020\/02\/17_041447_ERM_Fk_2777_1140-1024x681.jpg\" class=\"wp-image-13310 size-full\" src=\"https:\/\/blog.erm.ee\/wp-content\/uploads\/2020\/02\/17_041447_ERM_Fk_2777_1140.jpg\" alt=\"\" width=\"1600\" height=\"1064\" srcset=\"https:\/\/blog.erm.ee\/wp-content\/uploads\/2020\/02\/17_041447_ERM_Fk_2777_1140.jpg 1600w, https:\/\/blog.erm.ee\/wp-content\/uploads\/2020\/02\/17_041447_ERM_Fk_2777_1140-300x200.jpg 300w, https:\/\/blog.erm.ee\/wp-content\/uploads\/2020\/02\/17_041447_ERM_Fk_2777_1140-1024x681.jpg 1024w, https:\/\/blog.erm.ee\/wp-content\/uploads\/2020\/02\/17_041447_ERM_Fk_2777_1140-391x260.jpg 391w, https:\/\/blog.erm.ee\/wp-content\/uploads\/2020\/02\/17_041447_ERM_Fk_2777_1140-768x511.jpg 768w, https:\/\/blog.erm.ee\/wp-content\/uploads\/2020\/02\/17_041447_ERM_Fk_2777_1140-1536x1021.jpg 1536w\" sizes=\"auto, (max-width: 1600px) 100vw, 1600px\" \/><\/a><p id=\"caption-attachment-13310\" class=\"wp-caption-text\">Tallinlased suusatamas. Foto: Ivar Vilde, 1989. ERM fk 2777:1140<\/p><\/div>\n<div id=\"attachment_13311\" style=\"width: 1610px\" class=\"wp-caption aligncenter\"><a href=\"https:\/\/blog.erm.ee\/wp-content\/uploads\/2020\/02\/18_035340_ERM_Fk_2688_48.jpg\"><img loading=\"lazy\" decoding=\"async\" aria-describedby=\"caption-attachment-13311\" data-attachment-id=\"13311\" data-permalink=\"https:\/\/blog.erm.ee\/?attachment_id=13311#main\" data-orig-file=\"https:\/\/blog.erm.ee\/wp-content\/uploads\/2020\/02\/18_035340_ERM_Fk_2688_48.jpg\" data-orig-size=\"1600,1026\" data-comments-opened=\"1\" data-image-meta=\"{&quot;aperture&quot;:&quot;0&quot;,&quot;credit&quot;:&quot;&quot;,&quot;camera&quot;:&quot;&quot;,&quot;caption&quot;:&quot;&quot;,&quot;created_timestamp&quot;:&quot;0&quot;,&quot;copyright&quot;:&quot;&quot;,&quot;focal_length&quot;:&quot;0&quot;,&quot;iso&quot;:&quot;0&quot;,&quot;shutter_speed&quot;:&quot;0&quot;,&quot;title&quot;:&quot;&quot;,&quot;orientation&quot;:&quot;0&quot;}\" data-image-title=\"18_035340_ERM_Fk_2688_48\" data-image-description=\"\" data-image-caption=\"\" data-large-file=\"https:\/\/blog.erm.ee\/wp-content\/uploads\/2020\/02\/18_035340_ERM_Fk_2688_48-1024x657.jpg\" class=\"wp-image-13311 size-full\" src=\"https:\/\/blog.erm.ee\/wp-content\/uploads\/2020\/02\/18_035340_ERM_Fk_2688_48.jpg\" alt=\"\" width=\"1600\" height=\"1026\" srcset=\"https:\/\/blog.erm.ee\/wp-content\/uploads\/2020\/02\/18_035340_ERM_Fk_2688_48.jpg 1600w, https:\/\/blog.erm.ee\/wp-content\/uploads\/2020\/02\/18_035340_ERM_Fk_2688_48-300x192.jpg 300w, https:\/\/blog.erm.ee\/wp-content\/uploads\/2020\/02\/18_035340_ERM_Fk_2688_48-1024x657.jpg 1024w, https:\/\/blog.erm.ee\/wp-content\/uploads\/2020\/02\/18_035340_ERM_Fk_2688_48-405x260.jpg 405w, https:\/\/blog.erm.ee\/wp-content\/uploads\/2020\/02\/18_035340_ERM_Fk_2688_48-768x492.jpg 768w, https:\/\/blog.erm.ee\/wp-content\/uploads\/2020\/02\/18_035340_ERM_Fk_2688_48-1536x985.jpg 1536w\" sizes=\"auto, (max-width: 1600px) 100vw, 1600px\" \/><\/a><p id=\"caption-attachment-13311\" class=\"wp-caption-text\">Tartu Suusaklubi poisid dendropargis. Vasakult Kaspar Kokk, Jaak Teppan, Herkki Ilves. Foto: Anu J\u00e4rs, 1999. ERM fk 2688:48<\/p><\/div>\n<p style=\"text-align: justify;\">\n<div class=\"fcbkbttn_buttons_block\" id=\"fcbkbttn_left\"><div class=\"fcbkbttn_like \"><fb:like href=\"https:\/\/blog.erm.ee\/?p=13292\" action=\"like\" colorscheme=\"light\" layout=\"standard\"  width=\"225px\" size=\"small\"><\/fb:like><\/div><div class=\"fb-share-button  \" data-href=\"https:\/\/blog.erm.ee\/?p=13292\" data-type=\"button\" data-size=\"small\"><\/div><\/div>","protected":false},"excerpt":{"rendered":"<p>Autor: Kata Maria Metsar, ERMi n\u00e4ituste korralduse talituse produtsent See lugu on p\u00fchendatud suusatamisele, mis tundub lumevaesel talvel \u00fcha ligit\u00f5mbavam. Pealegi m\u00f6\u00f6dub just t\u00e4navu 60 aastat esimesest Tartu Maratonist ning selleks puhuks on Eesti Rahva Muuseumisse \u00fcles seatud n\u00e4itus \u201eTartu Maraton 60\u201c. See avab maratoni ajalugu ja edastab ka v\u00e4rvikaid lugusid ning juhtumisi. Aga miks,&hellip;<\/p>\n","protected":false},"author":1,"featured_media":13299,"comment_status":"open","ping_status":"open","sticky":false,"template":"","format":"standard","meta":{"_monsterinsights_skip_tracking":false,"_monsterinsights_sitenote_active":false,"_monsterinsights_sitenote_note":"","_monsterinsights_sitenote_category":0,"jetpack_post_was_ever_published":false,"_jetpack_newsletter_access":"","_jetpack_dont_email_post_to_subs":false,"_jetpack_newsletter_tier_id":0,"_jetpack_memberships_contains_paywalled_content":false,"_jetpack_memberships_contains_paid_content":false,"footnotes":""},"categories":[6,7],"tags":[],"class_list":["post-13292","post","type-post","status-publish","format-standard","has-post-thumbnail","hentry","category-foto","category-naitus"],"yoast_head":"<!-- This site is optimized with the Yoast SEO plugin v27.5 - https:\/\/yoast.com\/product\/yoast-seo-wordpress\/ -->\n<title>Metsast maratonile: suusatamisest Eestis - Eesti Rahva Muuseumi ajaveeb<\/title>\n<meta name=\"robots\" content=\"index, follow, max-snippet:-1, max-image-preview:large, max-video-preview:-1\" \/>\n<link rel=\"canonical\" href=\"https:\/\/blog.erm.ee\/?p=13292\" \/>\n<meta property=\"og:locale\" content=\"et_EE\" \/>\n<meta property=\"og:type\" content=\"article\" \/>\n<meta property=\"og:title\" content=\"Metsast maratonile: suusatamisest Eestis - Eesti Rahva Muuseumi ajaveeb\" \/>\n<meta property=\"og:description\" content=\"Autor: Kata Maria Metsar, ERMi n\u00e4ituste korralduse talituse produtsent See lugu on p\u00fchendatud suusatamisele, mis tundub lumevaesel talvel \u00fcha ligit\u00f5mbavam. Pealegi m\u00f6\u00f6dub just t\u00e4navu 60 aastat esimesest Tartu Maratonist ning selleks puhuks on Eesti Rahva Muuseumisse \u00fcles seatud n\u00e4itus \u201eTartu Maraton 60\u201c. See avab maratoni ajalugu ja edastab ka v\u00e4rvikaid lugusid ning juhtumisi. Aga miks,&hellip;\" \/>\n<meta property=\"og:url\" content=\"https:\/\/blog.erm.ee\/?p=13292\" \/>\n<meta property=\"og:site_name\" content=\"Eesti Rahva Muuseumi ajaveeb\" \/>\n<meta property=\"article:published_time\" content=\"2020-02-13T08:30:48+00:00\" \/>\n<meta property=\"article:modified_time\" content=\"2020-03-16T11:58:45+00:00\" \/>\n<meta property=\"og:image\" content=\"https:\/\/blog.erm.ee\/wp-content\/uploads\/2020\/02\/6_006404_ERM_Fk_2133_893.jpg\" \/>\n\t<meta property=\"og:image:width\" content=\"1059\" \/>\n\t<meta property=\"og:image:height\" content=\"1600\" \/>\n\t<meta property=\"og:image:type\" content=\"image\/jpeg\" \/>\n<meta name=\"author\" content=\"Eesti Rahva Muuseum\" \/>\n<meta name=\"twitter:card\" content=\"summary_large_image\" \/>\n<meta name=\"twitter:label1\" content=\"Written by\" \/>\n\t<meta name=\"twitter:data1\" content=\"Eesti Rahva Muuseum\" \/>\n\t<meta name=\"twitter:label2\" content=\"Est. reading time\" \/>\n\t<meta name=\"twitter:data2\" content=\"5 minutit\" \/>\n<script type=\"application\/ld+json\" class=\"yoast-schema-graph\">{\"@context\":\"https:\\\/\\\/schema.org\",\"@graph\":[{\"@type\":\"Article\",\"@id\":\"https:\\\/\\\/blog.erm.ee\\\/?p=13292#article\",\"isPartOf\":{\"@id\":\"https:\\\/\\\/blog.erm.ee\\\/?p=13292\"},\"author\":{\"name\":\"Eesti Rahva Muuseum\",\"@id\":\"https:\\\/\\\/blog.erm.ee\\\/#\\\/schema\\\/person\\\/6e98c391cb00a33e7c22a3571e062114\"},\"headline\":\"Metsast maratonile: suusatamisest Eestis\",\"datePublished\":\"2020-02-13T08:30:48+00:00\",\"dateModified\":\"2020-03-16T11:58:45+00:00\",\"mainEntityOfPage\":{\"@id\":\"https:\\\/\\\/blog.erm.ee\\\/?p=13292\"},\"wordCount\":916,\"commentCount\":1,\"image\":{\"@id\":\"https:\\\/\\\/blog.erm.ee\\\/?p=13292#primaryimage\"},\"thumbnailUrl\":\"https:\\\/\\\/blog.erm.ee\\\/wp-content\\\/uploads\\\/2020\\\/02\\\/6_006404_ERM_Fk_2133_893.jpg\",\"articleSection\":[\"Foto\",\"N\u00e4itus\"],\"inLanguage\":\"et\",\"potentialAction\":[{\"@type\":\"CommentAction\",\"name\":\"Comment\",\"target\":[\"https:\\\/\\\/blog.erm.ee\\\/?p=13292#respond\"]}]},{\"@type\":\"WebPage\",\"@id\":\"https:\\\/\\\/blog.erm.ee\\\/?p=13292\",\"url\":\"https:\\\/\\\/blog.erm.ee\\\/?p=13292\",\"name\":\"Metsast maratonile: suusatamisest Eestis - Eesti Rahva Muuseumi ajaveeb\",\"isPartOf\":{\"@id\":\"https:\\\/\\\/blog.erm.ee\\\/#website\"},\"primaryImageOfPage\":{\"@id\":\"https:\\\/\\\/blog.erm.ee\\\/?p=13292#primaryimage\"},\"image\":{\"@id\":\"https:\\\/\\\/blog.erm.ee\\\/?p=13292#primaryimage\"},\"thumbnailUrl\":\"https:\\\/\\\/blog.erm.ee\\\/wp-content\\\/uploads\\\/2020\\\/02\\\/6_006404_ERM_Fk_2133_893.jpg\",\"datePublished\":\"2020-02-13T08:30:48+00:00\",\"dateModified\":\"2020-03-16T11:58:45+00:00\",\"author\":{\"@id\":\"https:\\\/\\\/blog.erm.ee\\\/#\\\/schema\\\/person\\\/6e98c391cb00a33e7c22a3571e062114\"},\"breadcrumb\":{\"@id\":\"https:\\\/\\\/blog.erm.ee\\\/?p=13292#breadcrumb\"},\"inLanguage\":\"et\",\"potentialAction\":[{\"@type\":\"ReadAction\",\"target\":[\"https:\\\/\\\/blog.erm.ee\\\/?p=13292\"]}]},{\"@type\":\"ImageObject\",\"inLanguage\":\"et\",\"@id\":\"https:\\\/\\\/blog.erm.ee\\\/?p=13292#primaryimage\",\"url\":\"https:\\\/\\\/blog.erm.ee\\\/wp-content\\\/uploads\\\/2020\\\/02\\\/6_006404_ERM_Fk_2133_893.jpg\",\"contentUrl\":\"https:\\\/\\\/blog.erm.ee\\\/wp-content\\\/uploads\\\/2020\\\/02\\\/6_006404_ERM_Fk_2133_893.jpg\",\"width\":1059,\"height\":1600},{\"@type\":\"BreadcrumbList\",\"@id\":\"https:\\\/\\\/blog.erm.ee\\\/?p=13292#breadcrumb\",\"itemListElement\":[{\"@type\":\"ListItem\",\"position\":1,\"name\":\"Home\",\"item\":\"https:\\\/\\\/blog.erm.ee\\\/\"},{\"@type\":\"ListItem\",\"position\":2,\"name\":\"Metsast maratonile: suusatamisest Eestis\"}]},{\"@type\":\"WebSite\",\"@id\":\"https:\\\/\\\/blog.erm.ee\\\/#website\",\"url\":\"https:\\\/\\\/blog.erm.ee\\\/\",\"name\":\"Eesti Rahva Muuseumi ajaveeb\",\"description\":\"\",\"potentialAction\":[{\"@type\":\"SearchAction\",\"target\":{\"@type\":\"EntryPoint\",\"urlTemplate\":\"https:\\\/\\\/blog.erm.ee\\\/?s={search_term_string}\"},\"query-input\":{\"@type\":\"PropertyValueSpecification\",\"valueRequired\":true,\"valueName\":\"search_term_string\"}}],\"inLanguage\":\"et\"},{\"@type\":\"Person\",\"@id\":\"https:\\\/\\\/blog.erm.ee\\\/#\\\/schema\\\/person\\\/6e98c391cb00a33e7c22a3571e062114\",\"name\":\"Eesti Rahva Muuseum\",\"image\":{\"@type\":\"ImageObject\",\"inLanguage\":\"et\",\"@id\":\"https:\\\/\\\/secure.gravatar.com\\\/avatar\\\/cb6d9ad5fb49f3f7315028ce5fe60641075f2cb52b8a058ff5a985fa2d8c1da0?s=96&d=mm&r=g\",\"url\":\"https:\\\/\\\/secure.gravatar.com\\\/avatar\\\/cb6d9ad5fb49f3f7315028ce5fe60641075f2cb52b8a058ff5a985fa2d8c1da0?s=96&d=mm&r=g\",\"contentUrl\":\"https:\\\/\\\/secure.gravatar.com\\\/avatar\\\/cb6d9ad5fb49f3f7315028ce5fe60641075f2cb52b8a058ff5a985fa2d8c1da0?s=96&d=mm&r=g\",\"caption\":\"Eesti Rahva Muuseum\"},\"sameAs\":[\"http:\\\/\\\/www.erm.ee\"],\"url\":\"https:\\\/\\\/blog.erm.ee\\\/?author=1\"}]}<\/script>\n<!-- \/ Yoast SEO plugin. -->","yoast_head_json":{"title":"Metsast maratonile: suusatamisest Eestis - Eesti Rahva Muuseumi ajaveeb","robots":{"index":"index","follow":"follow","max-snippet":"max-snippet:-1","max-image-preview":"max-image-preview:large","max-video-preview":"max-video-preview:-1"},"canonical":"https:\/\/blog.erm.ee\/?p=13292","og_locale":"et_EE","og_type":"article","og_title":"Metsast maratonile: suusatamisest Eestis - Eesti Rahva Muuseumi ajaveeb","og_description":"Autor: Kata Maria Metsar, ERMi n\u00e4ituste korralduse talituse produtsent See lugu on p\u00fchendatud suusatamisele, mis tundub lumevaesel talvel \u00fcha ligit\u00f5mbavam. Pealegi m\u00f6\u00f6dub just t\u00e4navu 60 aastat esimesest Tartu Maratonist ning selleks puhuks on Eesti Rahva Muuseumisse \u00fcles seatud n\u00e4itus \u201eTartu Maraton 60\u201c. See avab maratoni ajalugu ja edastab ka v\u00e4rvikaid lugusid ning juhtumisi. Aga miks,&hellip;","og_url":"https:\/\/blog.erm.ee\/?p=13292","og_site_name":"Eesti Rahva Muuseumi ajaveeb","article_published_time":"2020-02-13T08:30:48+00:00","article_modified_time":"2020-03-16T11:58:45+00:00","og_image":[{"width":1059,"height":1600,"url":"https:\/\/blog.erm.ee\/wp-content\/uploads\/2020\/02\/6_006404_ERM_Fk_2133_893.jpg","type":"image\/jpeg"}],"author":"Eesti Rahva Muuseum","twitter_card":"summary_large_image","twitter_misc":{"Written by":"Eesti Rahva Muuseum","Est. reading time":"5 minutit"},"schema":{"@context":"https:\/\/schema.org","@graph":[{"@type":"Article","@id":"https:\/\/blog.erm.ee\/?p=13292#article","isPartOf":{"@id":"https:\/\/blog.erm.ee\/?p=13292"},"author":{"name":"Eesti Rahva Muuseum","@id":"https:\/\/blog.erm.ee\/#\/schema\/person\/6e98c391cb00a33e7c22a3571e062114"},"headline":"Metsast maratonile: suusatamisest Eestis","datePublished":"2020-02-13T08:30:48+00:00","dateModified":"2020-03-16T11:58:45+00:00","mainEntityOfPage":{"@id":"https:\/\/blog.erm.ee\/?p=13292"},"wordCount":916,"commentCount":1,"image":{"@id":"https:\/\/blog.erm.ee\/?p=13292#primaryimage"},"thumbnailUrl":"https:\/\/blog.erm.ee\/wp-content\/uploads\/2020\/02\/6_006404_ERM_Fk_2133_893.jpg","articleSection":["Foto","N\u00e4itus"],"inLanguage":"et","potentialAction":[{"@type":"CommentAction","name":"Comment","target":["https:\/\/blog.erm.ee\/?p=13292#respond"]}]},{"@type":"WebPage","@id":"https:\/\/blog.erm.ee\/?p=13292","url":"https:\/\/blog.erm.ee\/?p=13292","name":"Metsast maratonile: suusatamisest Eestis - Eesti Rahva Muuseumi ajaveeb","isPartOf":{"@id":"https:\/\/blog.erm.ee\/#website"},"primaryImageOfPage":{"@id":"https:\/\/blog.erm.ee\/?p=13292#primaryimage"},"image":{"@id":"https:\/\/blog.erm.ee\/?p=13292#primaryimage"},"thumbnailUrl":"https:\/\/blog.erm.ee\/wp-content\/uploads\/2020\/02\/6_006404_ERM_Fk_2133_893.jpg","datePublished":"2020-02-13T08:30:48+00:00","dateModified":"2020-03-16T11:58:45+00:00","author":{"@id":"https:\/\/blog.erm.ee\/#\/schema\/person\/6e98c391cb00a33e7c22a3571e062114"},"breadcrumb":{"@id":"https:\/\/blog.erm.ee\/?p=13292#breadcrumb"},"inLanguage":"et","potentialAction":[{"@type":"ReadAction","target":["https:\/\/blog.erm.ee\/?p=13292"]}]},{"@type":"ImageObject","inLanguage":"et","@id":"https:\/\/blog.erm.ee\/?p=13292#primaryimage","url":"https:\/\/blog.erm.ee\/wp-content\/uploads\/2020\/02\/6_006404_ERM_Fk_2133_893.jpg","contentUrl":"https:\/\/blog.erm.ee\/wp-content\/uploads\/2020\/02\/6_006404_ERM_Fk_2133_893.jpg","width":1059,"height":1600},{"@type":"BreadcrumbList","@id":"https:\/\/blog.erm.ee\/?p=13292#breadcrumb","itemListElement":[{"@type":"ListItem","position":1,"name":"Home","item":"https:\/\/blog.erm.ee\/"},{"@type":"ListItem","position":2,"name":"Metsast maratonile: suusatamisest Eestis"}]},{"@type":"WebSite","@id":"https:\/\/blog.erm.ee\/#website","url":"https:\/\/blog.erm.ee\/","name":"Eesti Rahva Muuseumi ajaveeb","description":"","potentialAction":[{"@type":"SearchAction","target":{"@type":"EntryPoint","urlTemplate":"https:\/\/blog.erm.ee\/?s={search_term_string}"},"query-input":{"@type":"PropertyValueSpecification","valueRequired":true,"valueName":"search_term_string"}}],"inLanguage":"et"},{"@type":"Person","@id":"https:\/\/blog.erm.ee\/#\/schema\/person\/6e98c391cb00a33e7c22a3571e062114","name":"Eesti Rahva Muuseum","image":{"@type":"ImageObject","inLanguage":"et","@id":"https:\/\/secure.gravatar.com\/avatar\/cb6d9ad5fb49f3f7315028ce5fe60641075f2cb52b8a058ff5a985fa2d8c1da0?s=96&d=mm&r=g","url":"https:\/\/secure.gravatar.com\/avatar\/cb6d9ad5fb49f3f7315028ce5fe60641075f2cb52b8a058ff5a985fa2d8c1da0?s=96&d=mm&r=g","contentUrl":"https:\/\/secure.gravatar.com\/avatar\/cb6d9ad5fb49f3f7315028ce5fe60641075f2cb52b8a058ff5a985fa2d8c1da0?s=96&d=mm&r=g","caption":"Eesti Rahva Muuseum"},"sameAs":["http:\/\/www.erm.ee"],"url":"https:\/\/blog.erm.ee\/?author=1"}]}},"jetpack_featured_media_url":"https:\/\/blog.erm.ee\/wp-content\/uploads\/2020\/02\/6_006404_ERM_Fk_2133_893.jpg","jetpack_shortlink":"https:\/\/wp.me\/p2l9Zd-3so","jetpack_sharing_enabled":true,"jetpack_likes_enabled":true,"_links":{"self":[{"href":"https:\/\/blog.erm.ee\/index.php?rest_route=\/wp\/v2\/posts\/13292","targetHints":{"allow":["GET"]}}],"collection":[{"href":"https:\/\/blog.erm.ee\/index.php?rest_route=\/wp\/v2\/posts"}],"about":[{"href":"https:\/\/blog.erm.ee\/index.php?rest_route=\/wp\/v2\/types\/post"}],"author":[{"embeddable":true,"href":"https:\/\/blog.erm.ee\/index.php?rest_route=\/wp\/v2\/users\/1"}],"replies":[{"embeddable":true,"href":"https:\/\/blog.erm.ee\/index.php?rest_route=%2Fwp%2Fv2%2Fcomments&post=13292"}],"version-history":[{"count":12,"href":"https:\/\/blog.erm.ee\/index.php?rest_route=\/wp\/v2\/posts\/13292\/revisions"}],"predecessor-version":[{"id":13456,"href":"https:\/\/blog.erm.ee\/index.php?rest_route=\/wp\/v2\/posts\/13292\/revisions\/13456"}],"wp:featuredmedia":[{"embeddable":true,"href":"https:\/\/blog.erm.ee\/index.php?rest_route=\/wp\/v2\/media\/13299"}],"wp:attachment":[{"href":"https:\/\/blog.erm.ee\/index.php?rest_route=%2Fwp%2Fv2%2Fmedia&parent=13292"}],"wp:term":[{"taxonomy":"category","embeddable":true,"href":"https:\/\/blog.erm.ee\/index.php?rest_route=%2Fwp%2Fv2%2Fcategories&post=13292"},{"taxonomy":"post_tag","embeddable":true,"href":"https:\/\/blog.erm.ee\/index.php?rest_route=%2Fwp%2Fv2%2Ftags&post=13292"}],"curies":[{"name":"wp","href":"https:\/\/api.w.org\/{rel}","templated":true}]}}