{"id":13255,"date":"2020-01-30T09:10:34","date_gmt":"2020-01-30T07:10:34","guid":{"rendered":"https:\/\/blog.erm.ee\/?p=13255"},"modified":"2020-01-30T10:42:56","modified_gmt":"2020-01-30T08:42:56","slug":"kirjad-neilt-kes-voitlesid-vabaduse-eest","status":"publish","type":"post","link":"https:\/\/blog.erm.ee\/?p=13255","title":{"rendered":"Kirjad neilt, kes v\u00f5itlesid vabaduse eest"},"content":{"rendered":"<div class=\"fcbkbttn_buttons_block\" id=\"fcbkbttn_left\"><div class=\"fcbkbttn_like \"><fb:like href=\"https:\/\/blog.erm.ee\/?p=13255\" action=\"like\" colorscheme=\"light\" layout=\"standard\"  width=\"225px\" size=\"small\"><\/fb:like><\/div><div class=\"fb-share-button  \" data-href=\"https:\/\/blog.erm.ee\/?p=13255\" data-type=\"button\" data-size=\"small\"><\/div><\/div><p>Autor: ERMi n\u00e4ituste talituse produtsent Eve Aab. Fotod: Arp Karm.<\/p>\n<p style=\"text-align: justify;\">Millest r\u00e4\u00e4givad 100 aastat vanad postkaardid? Kellele mida. Olgu selleks postitempel, kuup\u00e4ev, saatja\/saaja nimi, tr\u00fckikoda ja tiraa\u017e v\u00f5i pilt \u2013 k\u00f5ik kannab oma s\u00f5numit.<\/p>\n<p style=\"text-align: justify;\">V\u00f5\u00f5raid kirju ei ole k\u00fcll viisakas lugeda, aga mitu inimp\u00f5lve tagasi saadetud postkaardid on justkui anon\u00fc\u00fcmsed. Nii peatubki pilk ikka kirjaridadel.<\/p>\n<p style=\"text-align: justify;\">Selle loo peakangelased on kirjad, mis on teele saadetud Vabaduss\u00f5ja aegu ja mis kannavad iga\u00fcks isiklikku lugu. Tollane keeleseadmine oli teistsugune, samuti leidub keelekonarusi (nt on k, p, t ja g, b, d koha vahetanud). Aga see ei ole esmat\u00e4htis. Need kirjaread on saatnud mehed, kes v\u00f5itlesid meie riigi ja rahva vabaduse eest!<\/p>\n<div id=\"attachment_13259\" style=\"width: 2570px\" class=\"wp-caption aligncenter\"><a href=\"https:\/\/blog.erm.ee\/wp-content\/uploads\/2020\/01\/297-scaled.jpg\"><img loading=\"lazy\" decoding=\"async\" aria-describedby=\"caption-attachment-13259\" data-attachment-id=\"13259\" data-permalink=\"https:\/\/blog.erm.ee\/?attachment_id=13259#main\" data-orig-file=\"https:\/\/blog.erm.ee\/wp-content\/uploads\/2020\/01\/297-scaled.jpg\" data-orig-size=\"2560,1674\" data-comments-opened=\"1\" data-image-meta=\"{&quot;aperture&quot;:&quot;0&quot;,&quot;credit&quot;:&quot;&quot;,&quot;camera&quot;:&quot;&quot;,&quot;caption&quot;:&quot;&quot;,&quot;created_timestamp&quot;:&quot;0&quot;,&quot;copyright&quot;:&quot;&quot;,&quot;focal_length&quot;:&quot;0&quot;,&quot;iso&quot;:&quot;0&quot;,&quot;shutter_speed&quot;:&quot;0&quot;,&quot;title&quot;:&quot;&quot;,&quot;orientation&quot;:&quot;1&quot;}\" data-image-title=\"_297\" data-image-description=\"\" data-image-caption=\"\" data-large-file=\"https:\/\/blog.erm.ee\/wp-content\/uploads\/2020\/01\/297-1024x669.jpg\" class=\"wp-image-13259 size-full\" src=\"https:\/\/blog.erm.ee\/wp-content\/uploads\/2020\/01\/297-scaled.jpg\" alt=\"\" width=\"2560\" height=\"1674\" srcset=\"https:\/\/blog.erm.ee\/wp-content\/uploads\/2020\/01\/297-scaled.jpg 2560w, https:\/\/blog.erm.ee\/wp-content\/uploads\/2020\/01\/297-300x196.jpg 300w, https:\/\/blog.erm.ee\/wp-content\/uploads\/2020\/01\/297-1024x669.jpg 1024w, https:\/\/blog.erm.ee\/wp-content\/uploads\/2020\/01\/297-398x260.jpg 398w, https:\/\/blog.erm.ee\/wp-content\/uploads\/2020\/01\/297-768x502.jpg 768w, https:\/\/blog.erm.ee\/wp-content\/uploads\/2020\/01\/297-1536x1004.jpg 1536w, https:\/\/blog.erm.ee\/wp-content\/uploads\/2020\/01\/297-2048x1339.jpg 2048w\" sizes=\"auto, (max-width: 2560px) 100vw, 2560px\" \/><\/a><p id=\"caption-attachment-13259\" class=\"wp-caption-text\">Armas \u00f5de!! Ole hea ja saada mulle Martha aadress. Mina teenin n\u00fc\u00fcd Tallinnas Tagawara Ratsa eskadronis. Tervita minu poolt k\u00f5iki tutawaid. Eevald<\/p><\/div>\n<div id=\"attachment_13267\" style=\"width: 2570px\" class=\"wp-caption aligncenter\"><a href=\"https:\/\/blog.erm.ee\/wp-content\/uploads\/2020\/01\/1157-scaled.jpg\"><img loading=\"lazy\" decoding=\"async\" aria-describedby=\"caption-attachment-13267\" data-attachment-id=\"13267\" data-permalink=\"https:\/\/blog.erm.ee\/?attachment_id=13267#main\" data-orig-file=\"https:\/\/blog.erm.ee\/wp-content\/uploads\/2020\/01\/1157-scaled.jpg\" data-orig-size=\"2560,1685\" data-comments-opened=\"1\" data-image-meta=\"{&quot;aperture&quot;:&quot;0&quot;,&quot;credit&quot;:&quot;&quot;,&quot;camera&quot;:&quot;&quot;,&quot;caption&quot;:&quot;&quot;,&quot;created_timestamp&quot;:&quot;0&quot;,&quot;copyright&quot;:&quot;&quot;,&quot;focal_length&quot;:&quot;0&quot;,&quot;iso&quot;:&quot;0&quot;,&quot;shutter_speed&quot;:&quot;0&quot;,&quot;title&quot;:&quot;&quot;,&quot;orientation&quot;:&quot;1&quot;}\" data-image-title=\"_1157\" data-image-description=\"\" data-image-caption=\"\" data-large-file=\"https:\/\/blog.erm.ee\/wp-content\/uploads\/2020\/01\/1157-1024x674.jpg\" class=\"wp-image-13267 size-full\" src=\"https:\/\/blog.erm.ee\/wp-content\/uploads\/2020\/01\/1157-scaled.jpg\" alt=\"\" width=\"2560\" height=\"1685\" srcset=\"https:\/\/blog.erm.ee\/wp-content\/uploads\/2020\/01\/1157-scaled.jpg 2560w, https:\/\/blog.erm.ee\/wp-content\/uploads\/2020\/01\/1157-300x197.jpg 300w, https:\/\/blog.erm.ee\/wp-content\/uploads\/2020\/01\/1157-1024x674.jpg 1024w, https:\/\/blog.erm.ee\/wp-content\/uploads\/2020\/01\/1157-395x260.jpg 395w, https:\/\/blog.erm.ee\/wp-content\/uploads\/2020\/01\/1157-768x506.jpg 768w, https:\/\/blog.erm.ee\/wp-content\/uploads\/2020\/01\/1157-1536x1011.jpg 1536w, https:\/\/blog.erm.ee\/wp-content\/uploads\/2020\/01\/1157-2048x1348.jpg 2048w\" sizes=\"auto, (max-width: 2560px) 100vw, 2560px\" \/><\/a><p id=\"caption-attachment-13267\" class=\"wp-caption-text\">Johanna!! Miks sa ei kirjuta, mis teed sa terwed p\u00e4ewad seal igavas Rakweres? Paneb kohe t\u00f5esti imestama. Ootan kirja \u2013 pikka. Tervitades \u2026 24.04.1919<\/p><\/div>\n<div id=\"attachment_13268\" style=\"width: 2570px\" class=\"wp-caption aligncenter\"><a href=\"https:\/\/blog.erm.ee\/wp-content\/uploads\/2020\/01\/1161-scaled.jpg\"><img loading=\"lazy\" decoding=\"async\" aria-describedby=\"caption-attachment-13268\" data-attachment-id=\"13268\" data-permalink=\"https:\/\/blog.erm.ee\/?attachment_id=13268#main\" data-orig-file=\"https:\/\/blog.erm.ee\/wp-content\/uploads\/2020\/01\/1161-scaled.jpg\" data-orig-size=\"2560,1673\" data-comments-opened=\"1\" data-image-meta=\"{&quot;aperture&quot;:&quot;0&quot;,&quot;credit&quot;:&quot;&quot;,&quot;camera&quot;:&quot;&quot;,&quot;caption&quot;:&quot;&quot;,&quot;created_timestamp&quot;:&quot;0&quot;,&quot;copyright&quot;:&quot;&quot;,&quot;focal_length&quot;:&quot;0&quot;,&quot;iso&quot;:&quot;0&quot;,&quot;shutter_speed&quot;:&quot;0&quot;,&quot;title&quot;:&quot;&quot;,&quot;orientation&quot;:&quot;1&quot;}\" data-image-title=\"_1161\" data-image-description=\"\" data-image-caption=\"\" data-large-file=\"https:\/\/blog.erm.ee\/wp-content\/uploads\/2020\/01\/1161-1024x669.jpg\" class=\"wp-image-13268 size-full\" src=\"https:\/\/blog.erm.ee\/wp-content\/uploads\/2020\/01\/1161-scaled.jpg\" alt=\"\" width=\"2560\" height=\"1673\" srcset=\"https:\/\/blog.erm.ee\/wp-content\/uploads\/2020\/01\/1161-scaled.jpg 2560w, https:\/\/blog.erm.ee\/wp-content\/uploads\/2020\/01\/1161-300x196.jpg 300w, https:\/\/blog.erm.ee\/wp-content\/uploads\/2020\/01\/1161-1024x669.jpg 1024w, https:\/\/blog.erm.ee\/wp-content\/uploads\/2020\/01\/1161-398x260.jpg 398w, https:\/\/blog.erm.ee\/wp-content\/uploads\/2020\/01\/1161-768x502.jpg 768w, https:\/\/blog.erm.ee\/wp-content\/uploads\/2020\/01\/1161-1536x1004.jpg 1536w, https:\/\/blog.erm.ee\/wp-content\/uploads\/2020\/01\/1161-2048x1338.jpg 2048w\" sizes=\"auto, (max-width: 2560px) 100vw, 2560px\" \/><\/a><p id=\"caption-attachment-13268\" class=\"wp-caption-text\">Soovin Sulle poeg h\u00e4id p\u00fchasi. Ela heast siis poeg emaga kui isad enam ei ole. Hoidke m\u00e4lestuseks. 13.04.1919<\/p><\/div>\n<p style=\"text-align: justify;\">Hoolimata karmist ajast m\u00f5eldi ja kirjutati ka siis elu ilusamast ja helgemast poolest. T\u00e4htis on see, mis on ridade vahel \u2013 inimese olemus pole kogu oma tundeskaala rikkuses muutunud. Me soovime ikka, et meid m\u00e4rgatakse, meist hoolitakse ja seda ka v\u00e4lja n\u00e4idatakse. Me tahame leida ja s\u00e4ilitada suhteid. Tuua ellu s\u00e4rtsu ja s\u00e4ra. K\u00f5igest sellest ja muustki r\u00e4\u00e4gib Vabaduss\u00f5ja aastatel saadetud v\u00e4lipost.<\/p>\n<p style=\"text-align: justify;\">ERMi kogus on 696 postkaarti, millest 352 on esitletud virtuaaln\u00e4itusel <a href=\"https:\/\/www.erm.ee\/et\/n%C3%A4itused\/virtuaaln%C3%A4itused\">\u201eAja j\u00e4lg<\/a>\u201c (1.\u20136. osa).<\/p>\n<div id=\"attachment_13265\" style=\"width: 2570px\" class=\"wp-caption aligncenter\"><a href=\"https:\/\/blog.erm.ee\/wp-content\/uploads\/2020\/01\/1019-scaled.jpg\"><img loading=\"lazy\" decoding=\"async\" aria-describedby=\"caption-attachment-13265\" data-attachment-id=\"13265\" data-permalink=\"https:\/\/blog.erm.ee\/?attachment_id=13265#main\" data-orig-file=\"https:\/\/blog.erm.ee\/wp-content\/uploads\/2020\/01\/1019-scaled.jpg\" data-orig-size=\"2560,1663\" data-comments-opened=\"1\" data-image-meta=\"{&quot;aperture&quot;:&quot;0&quot;,&quot;credit&quot;:&quot;&quot;,&quot;camera&quot;:&quot;&quot;,&quot;caption&quot;:&quot;&quot;,&quot;created_timestamp&quot;:&quot;0&quot;,&quot;copyright&quot;:&quot;&quot;,&quot;focal_length&quot;:&quot;0&quot;,&quot;iso&quot;:&quot;0&quot;,&quot;shutter_speed&quot;:&quot;0&quot;,&quot;title&quot;:&quot;&quot;,&quot;orientation&quot;:&quot;1&quot;}\" data-image-title=\"_1019\" data-image-description=\"\" data-image-caption=\"\" data-large-file=\"https:\/\/blog.erm.ee\/wp-content\/uploads\/2020\/01\/1019-1024x665.jpg\" class=\"wp-image-13265 size-full\" src=\"https:\/\/blog.erm.ee\/wp-content\/uploads\/2020\/01\/1019-scaled.jpg\" alt=\"\" width=\"2560\" height=\"1663\" srcset=\"https:\/\/blog.erm.ee\/wp-content\/uploads\/2020\/01\/1019-scaled.jpg 2560w, https:\/\/blog.erm.ee\/wp-content\/uploads\/2020\/01\/1019-300x195.jpg 300w, https:\/\/blog.erm.ee\/wp-content\/uploads\/2020\/01\/1019-1024x665.jpg 1024w, https:\/\/blog.erm.ee\/wp-content\/uploads\/2020\/01\/1019-400x260.jpg 400w, https:\/\/blog.erm.ee\/wp-content\/uploads\/2020\/01\/1019-768x499.jpg 768w, https:\/\/blog.erm.ee\/wp-content\/uploads\/2020\/01\/1019-1536x998.jpg 1536w, https:\/\/blog.erm.ee\/wp-content\/uploads\/2020\/01\/1019-2048x1331.jpg 2048w\" sizes=\"auto, (max-width: 2560px) 100vw, 2560px\" \/><\/a><p id=\"caption-attachment-13265\" class=\"wp-caption-text\">Saadan t\u00e4htsama s\u00fcndmuse kaardi Eesti elust. Home s\u00f5idan w\u00e4lja aadress j\u00e4\u00e4b endiseks ainult \u201etegew w\u00e4gi\u201c tuleb Tallinna asemele kirjutada. Head terwist k\u00f5igile minu poolt seda kord ka k\u00f5iki k\u00f5ige paremad. Soovib \u2026<\/p><\/div>\n<div id=\"attachment_13266\" style=\"width: 2570px\" class=\"wp-caption aligncenter\"><a href=\"https:\/\/blog.erm.ee\/wp-content\/uploads\/2020\/01\/1020-scaled.jpg\"><img loading=\"lazy\" decoding=\"async\" aria-describedby=\"caption-attachment-13266\" data-attachment-id=\"13266\" data-permalink=\"https:\/\/blog.erm.ee\/?attachment_id=13266#main\" data-orig-file=\"https:\/\/blog.erm.ee\/wp-content\/uploads\/2020\/01\/1020-scaled.jpg\" data-orig-size=\"2560,1674\" data-comments-opened=\"1\" data-image-meta=\"{&quot;aperture&quot;:&quot;0&quot;,&quot;credit&quot;:&quot;&quot;,&quot;camera&quot;:&quot;&quot;,&quot;caption&quot;:&quot;&quot;,&quot;created_timestamp&quot;:&quot;0&quot;,&quot;copyright&quot;:&quot;&quot;,&quot;focal_length&quot;:&quot;0&quot;,&quot;iso&quot;:&quot;0&quot;,&quot;shutter_speed&quot;:&quot;0&quot;,&quot;title&quot;:&quot;&quot;,&quot;orientation&quot;:&quot;1&quot;}\" data-image-title=\"_1020\" data-image-description=\"\" data-image-caption=\"\" data-large-file=\"https:\/\/blog.erm.ee\/wp-content\/uploads\/2020\/01\/1020-1024x670.jpg\" class=\"wp-image-13266 size-full\" src=\"https:\/\/blog.erm.ee\/wp-content\/uploads\/2020\/01\/1020-scaled.jpg\" alt=\"\" width=\"2560\" height=\"1674\" srcset=\"https:\/\/blog.erm.ee\/wp-content\/uploads\/2020\/01\/1020-scaled.jpg 2560w, https:\/\/blog.erm.ee\/wp-content\/uploads\/2020\/01\/1020-300x196.jpg 300w, https:\/\/blog.erm.ee\/wp-content\/uploads\/2020\/01\/1020-1024x670.jpg 1024w, https:\/\/blog.erm.ee\/wp-content\/uploads\/2020\/01\/1020-398x260.jpg 398w, https:\/\/blog.erm.ee\/wp-content\/uploads\/2020\/01\/1020-768x502.jpg 768w, https:\/\/blog.erm.ee\/wp-content\/uploads\/2020\/01\/1020-1536x1004.jpg 1536w, https:\/\/blog.erm.ee\/wp-content\/uploads\/2020\/01\/1020-2048x1339.jpg 2048w\" sizes=\"auto, (max-width: 2560px) 100vw, 2560px\" \/><\/a><p id=\"caption-attachment-13266\" class=\"wp-caption-text\">Asutav Kogu tegutses Eesti rahvaesinduse ja seadusandliku v\u00f5imuna 23. aprillist 1919 kuni 20. detsembrini 1920. Esimest korda koguneti Estonia kontserdisaalis 1919. aasta 23. aprillil, esimeheks valiti sotsiaaldemokraat August Rei.<\/p><\/div>\n<div id=\"attachment_13261\" style=\"width: 2570px\" class=\"wp-caption aligncenter\"><a href=\"https:\/\/blog.erm.ee\/wp-content\/uploads\/2020\/01\/461-scaled.jpg\"><img loading=\"lazy\" decoding=\"async\" aria-describedby=\"caption-attachment-13261\" data-attachment-id=\"13261\" data-permalink=\"https:\/\/blog.erm.ee\/?attachment_id=13261#main\" data-orig-file=\"https:\/\/blog.erm.ee\/wp-content\/uploads\/2020\/01\/461-scaled.jpg\" data-orig-size=\"2560,1693\" data-comments-opened=\"1\" data-image-meta=\"{&quot;aperture&quot;:&quot;0&quot;,&quot;credit&quot;:&quot;&quot;,&quot;camera&quot;:&quot;&quot;,&quot;caption&quot;:&quot;&quot;,&quot;created_timestamp&quot;:&quot;0&quot;,&quot;copyright&quot;:&quot;&quot;,&quot;focal_length&quot;:&quot;0&quot;,&quot;iso&quot;:&quot;0&quot;,&quot;shutter_speed&quot;:&quot;0&quot;,&quot;title&quot;:&quot;&quot;,&quot;orientation&quot;:&quot;1&quot;}\" data-image-title=\"_461\" data-image-description=\"\" data-image-caption=\"\" data-large-file=\"https:\/\/blog.erm.ee\/wp-content\/uploads\/2020\/01\/461-1024x677.jpg\" class=\"wp-image-13261 size-full\" src=\"https:\/\/blog.erm.ee\/wp-content\/uploads\/2020\/01\/461-scaled.jpg\" alt=\"\" width=\"2560\" height=\"1693\" srcset=\"https:\/\/blog.erm.ee\/wp-content\/uploads\/2020\/01\/461-scaled.jpg 2560w, https:\/\/blog.erm.ee\/wp-content\/uploads\/2020\/01\/461-300x198.jpg 300w, https:\/\/blog.erm.ee\/wp-content\/uploads\/2020\/01\/461-1024x677.jpg 1024w, https:\/\/blog.erm.ee\/wp-content\/uploads\/2020\/01\/461-393x260.jpg 393w, https:\/\/blog.erm.ee\/wp-content\/uploads\/2020\/01\/461-768x508.jpg 768w, https:\/\/blog.erm.ee\/wp-content\/uploads\/2020\/01\/461-1536x1016.jpg 1536w, https:\/\/blog.erm.ee\/wp-content\/uploads\/2020\/01\/461-2048x1355.jpg 2048w\" sizes=\"auto, (max-width: 2560px) 100vw, 2560px\" \/><\/a><p id=\"caption-attachment-13261\" class=\"wp-caption-text\">Tervitan sind armas \u00f5de oma kaartiga ja soowin sulle head \u00f5nne elada. Mina sain t\u00e4na sinu kirja k\u00e4tte. Mis sa 17-ndal oled kirjutanud. Kui Anna mulle kirja toob k\u00fcll siis kirjutan\u00a0 pikemald. Kodu ei ole w\u00f5imalik tulla. Jumalaga.<\/p><\/div>\n<div id=\"attachment_13262\" style=\"width: 2570px\" class=\"wp-caption aligncenter\"><a href=\"https:\/\/blog.erm.ee\/wp-content\/uploads\/2020\/01\/463-scaled.jpg\"><img loading=\"lazy\" decoding=\"async\" aria-describedby=\"caption-attachment-13262\" data-attachment-id=\"13262\" data-permalink=\"https:\/\/blog.erm.ee\/?attachment_id=13262#main\" data-orig-file=\"https:\/\/blog.erm.ee\/wp-content\/uploads\/2020\/01\/463-scaled.jpg\" data-orig-size=\"2560,1680\" data-comments-opened=\"1\" data-image-meta=\"{&quot;aperture&quot;:&quot;0&quot;,&quot;credit&quot;:&quot;&quot;,&quot;camera&quot;:&quot;&quot;,&quot;caption&quot;:&quot;&quot;,&quot;created_timestamp&quot;:&quot;0&quot;,&quot;copyright&quot;:&quot;&quot;,&quot;focal_length&quot;:&quot;0&quot;,&quot;iso&quot;:&quot;0&quot;,&quot;shutter_speed&quot;:&quot;0&quot;,&quot;title&quot;:&quot;&quot;,&quot;orientation&quot;:&quot;1&quot;}\" data-image-title=\"_463\" data-image-description=\"\" data-image-caption=\"\" data-large-file=\"https:\/\/blog.erm.ee\/wp-content\/uploads\/2020\/01\/463-1024x672.jpg\" class=\"wp-image-13262 size-full\" src=\"https:\/\/blog.erm.ee\/wp-content\/uploads\/2020\/01\/463-scaled.jpg\" alt=\"\" width=\"2560\" height=\"1680\" srcset=\"https:\/\/blog.erm.ee\/wp-content\/uploads\/2020\/01\/463-scaled.jpg 2560w, https:\/\/blog.erm.ee\/wp-content\/uploads\/2020\/01\/463-300x197.jpg 300w, https:\/\/blog.erm.ee\/wp-content\/uploads\/2020\/01\/463-1024x672.jpg 1024w, https:\/\/blog.erm.ee\/wp-content\/uploads\/2020\/01\/463-396x260.jpg 396w, https:\/\/blog.erm.ee\/wp-content\/uploads\/2020\/01\/463-768x504.jpg 768w, https:\/\/blog.erm.ee\/wp-content\/uploads\/2020\/01\/463-1536x1008.jpg 1536w, https:\/\/blog.erm.ee\/wp-content\/uploads\/2020\/01\/463-2048x1344.jpg 2048w\" sizes=\"auto, (max-width: 2560px) 100vw, 2560px\" \/><\/a><p id=\"caption-attachment-13262\" class=\"wp-caption-text\">Kallis! Hing mull armastab h\u00e4marat ilma. Taeva tulede tumedad silma. Puude all koltunuid, kollaseid lehti. N\u00e4rbunuid lillede langenuid ehti. Sinu Konstantin<\/p><\/div>\n<div id=\"attachment_13275\" style=\"width: 1610px\" class=\"wp-caption aligncenter\"><a href=\"https:\/\/blog.erm.ee\/wp-content\/uploads\/2020\/01\/753.jpg\"><img loading=\"lazy\" decoding=\"async\" aria-describedby=\"caption-attachment-13275\" data-attachment-id=\"13275\" data-permalink=\"https:\/\/blog.erm.ee\/?attachment_id=13275#main\" data-orig-file=\"https:\/\/blog.erm.ee\/wp-content\/uploads\/2020\/01\/753.jpg\" data-orig-size=\"1600,1051\" data-comments-opened=\"1\" data-image-meta=\"{&quot;aperture&quot;:&quot;0&quot;,&quot;credit&quot;:&quot;&quot;,&quot;camera&quot;:&quot;&quot;,&quot;caption&quot;:&quot;&quot;,&quot;created_timestamp&quot;:&quot;0&quot;,&quot;copyright&quot;:&quot;&quot;,&quot;focal_length&quot;:&quot;0&quot;,&quot;iso&quot;:&quot;0&quot;,&quot;shutter_speed&quot;:&quot;0&quot;,&quot;title&quot;:&quot;&quot;,&quot;orientation&quot;:&quot;1&quot;}\" data-image-title=\"_753\" data-image-description=\"\" data-image-caption=\"\" data-large-file=\"https:\/\/blog.erm.ee\/wp-content\/uploads\/2020\/01\/753-1024x673.jpg\" class=\"wp-image-13275 size-full\" src=\"https:\/\/blog.erm.ee\/wp-content\/uploads\/2020\/01\/753.jpg\" alt=\"\" width=\"1600\" height=\"1051\" srcset=\"https:\/\/blog.erm.ee\/wp-content\/uploads\/2020\/01\/753.jpg 1600w, https:\/\/blog.erm.ee\/wp-content\/uploads\/2020\/01\/753-300x197.jpg 300w, https:\/\/blog.erm.ee\/wp-content\/uploads\/2020\/01\/753-1024x673.jpg 1024w, https:\/\/blog.erm.ee\/wp-content\/uploads\/2020\/01\/753-396x260.jpg 396w, https:\/\/blog.erm.ee\/wp-content\/uploads\/2020\/01\/753-768x504.jpg 768w, https:\/\/blog.erm.ee\/wp-content\/uploads\/2020\/01\/753-1536x1009.jpg 1536w\" sizes=\"auto, (max-width: 1600px) 100vw, 1600px\" \/><\/a><p id=\"caption-attachment-13275\" class=\"wp-caption-text\">S\u00f5jav\u00e4ljal 24.09.1919 Kati! Tere \u00f5htust ka Kati! J\u00f5udsime \u00f5nnelikut kohale. Praegu on kell k\u00fcmme \u00f5htul, magama ei taha weel minna, kirjutan ette \u00fche kirja. Olin tee tulles ka Juksiga koos, tema s\u00f5itis W\u00f5russe. P\u00e4ewal r\u00e4\u00e4kisin temaga telefoniga, oli juba teine tagasi tulnud, p\u00e4ris ligistiku olime, k\u00fclad natuke maad teineteisest eemal. K\u00fcll oli kassi ahastus suur, kui alles tulin. Kuradi kahju on nende aegade j\u00e4rgi, kus woodi p\u00f5hjad raksusid. H\u00e4\u00e4 k\u00fcll \u2026 Ela taewalikumalt! Jaan<\/p><\/div>\n<div id=\"attachment_13258\" style=\"width: 2570px\" class=\"wp-caption aligncenter\"><a href=\"https:\/\/blog.erm.ee\/wp-content\/uploads\/2020\/01\/287-scaled.jpg\"><img loading=\"lazy\" decoding=\"async\" aria-describedby=\"caption-attachment-13258\" data-attachment-id=\"13258\" data-permalink=\"https:\/\/blog.erm.ee\/?attachment_id=13258#main\" data-orig-file=\"https:\/\/blog.erm.ee\/wp-content\/uploads\/2020\/01\/287-scaled.jpg\" data-orig-size=\"2560,1682\" data-comments-opened=\"1\" data-image-meta=\"{&quot;aperture&quot;:&quot;0&quot;,&quot;credit&quot;:&quot;&quot;,&quot;camera&quot;:&quot;&quot;,&quot;caption&quot;:&quot;&quot;,&quot;created_timestamp&quot;:&quot;0&quot;,&quot;copyright&quot;:&quot;&quot;,&quot;focal_length&quot;:&quot;0&quot;,&quot;iso&quot;:&quot;0&quot;,&quot;shutter_speed&quot;:&quot;0&quot;,&quot;title&quot;:&quot;&quot;,&quot;orientation&quot;:&quot;1&quot;}\" data-image-title=\"_287\" data-image-description=\"\" data-image-caption=\"\" data-large-file=\"https:\/\/blog.erm.ee\/wp-content\/uploads\/2020\/01\/287-1024x673.jpg\" class=\"wp-image-13258 size-full\" src=\"https:\/\/blog.erm.ee\/wp-content\/uploads\/2020\/01\/287-scaled.jpg\" alt=\"\" width=\"2560\" height=\"1682\" srcset=\"https:\/\/blog.erm.ee\/wp-content\/uploads\/2020\/01\/287-scaled.jpg 2560w, https:\/\/blog.erm.ee\/wp-content\/uploads\/2020\/01\/287-300x197.jpg 300w, https:\/\/blog.erm.ee\/wp-content\/uploads\/2020\/01\/287-1024x673.jpg 1024w, https:\/\/blog.erm.ee\/wp-content\/uploads\/2020\/01\/287-396x260.jpg 396w, https:\/\/blog.erm.ee\/wp-content\/uploads\/2020\/01\/287-768x505.jpg 768w, https:\/\/blog.erm.ee\/wp-content\/uploads\/2020\/01\/287-1536x1009.jpg 1536w, https:\/\/blog.erm.ee\/wp-content\/uploads\/2020\/01\/287-2048x1345.jpg 2048w\" sizes=\"auto, (max-width: 2560px) 100vw, 2560px\" \/><\/a><p id=\"caption-attachment-13258\" class=\"wp-caption-text\">Olen \u00f5nnelikult j\u00e4lle tagasi j\u00f5udnud oma teenistuse kohale. Ainult unistus ja hea mulje j\u00e4rgi j\u00e4\u00e4nud kodumaast \u2013 aga silm ei n\u00e4e wist t\u00fckil ajal mitte? Oh, aga miskid pole parata. Terwitades \u2026<\/p><\/div>\n<p style=\"text-align: justify;\">Hea hulk postkaarte on saadetud neidudele, et tutvust sobitada. Siin on v\u00e4ljav\u00f5tted aga vanadest p\u00e4evalehtedest.<\/p>\n<p style=\"text-align: justify;\"><a href=\"https:\/\/blog.erm.ee\/wp-content\/uploads\/2020\/01\/v1.jpg\"><img loading=\"lazy\" decoding=\"async\" data-attachment-id=\"13270\" data-permalink=\"https:\/\/blog.erm.ee\/?attachment_id=13270#main\" data-orig-file=\"https:\/\/blog.erm.ee\/wp-content\/uploads\/2020\/01\/v1.jpg\" data-orig-size=\"1600,757\" data-comments-opened=\"1\" data-image-meta=\"{&quot;aperture&quot;:&quot;0&quot;,&quot;credit&quot;:&quot;&quot;,&quot;camera&quot;:&quot;&quot;,&quot;caption&quot;:&quot;&quot;,&quot;created_timestamp&quot;:&quot;0&quot;,&quot;copyright&quot;:&quot;&quot;,&quot;focal_length&quot;:&quot;0&quot;,&quot;iso&quot;:&quot;0&quot;,&quot;shutter_speed&quot;:&quot;0&quot;,&quot;title&quot;:&quot;&quot;,&quot;orientation&quot;:&quot;1&quot;}\" data-image-title=\"v1\" data-image-description=\"\" data-image-caption=\"\" data-large-file=\"https:\/\/blog.erm.ee\/wp-content\/uploads\/2020\/01\/v1-1024x484.jpg\" class=\"aligncenter size-full wp-image-13270\" src=\"https:\/\/blog.erm.ee\/wp-content\/uploads\/2020\/01\/v1.jpg\" alt=\"\" width=\"1600\" height=\"757\" srcset=\"https:\/\/blog.erm.ee\/wp-content\/uploads\/2020\/01\/v1.jpg 1600w, https:\/\/blog.erm.ee\/wp-content\/uploads\/2020\/01\/v1-300x142.jpg 300w, https:\/\/blog.erm.ee\/wp-content\/uploads\/2020\/01\/v1-1024x484.jpg 1024w, https:\/\/blog.erm.ee\/wp-content\/uploads\/2020\/01\/v1-460x218.jpg 460w, https:\/\/blog.erm.ee\/wp-content\/uploads\/2020\/01\/v1-768x363.jpg 768w, https:\/\/blog.erm.ee\/wp-content\/uploads\/2020\/01\/v1-1536x727.jpg 1536w\" sizes=\"auto, (max-width: 1600px) 100vw, 1600px\" \/><\/a><\/p>\n<p style=\"text-align: justify;\"><em>Terwist, Tallinna neiud! Kuidas siis on selle asjaga? Ootame, aga ei tule! Kirjutage siis rutem kui muidu. Kirjutagu ainult need, kelle kirjutamine enam w\u00e4hem selge on. Kalewlaste malev, 2. rood, Lucifer ja Ko<br \/>\n<\/em><em>*<br \/>\n<\/em><em>S\u00f5jaw\u00e4ljalt<br \/>\n<\/em><em>Kirjutage, piigad peened. Kirjutage neiud noored! J\u00e4tke maha memmepojad, taewaliidus targutajad \u2026 Kui teie ei usu meie juttu, \u00f5nnetus w\u00f5ib tulla ruttu. Soojemaid terwitusi s\u00f5jaw\u00e4ljalt soowides. Adr: 7. jalaw\u00e4e polk, 3. rood, 2. r\u00fchm.<br \/>\n<\/em><em>*<br \/>\n<\/em><em>Neiud, silmad siia! Wiisakad noored Eesti s\u00f5durid terwitavad kodumaa neiusid ja soow. nendega kirjawahetusse asuda igawuse \u00e4ra ajamiseks. Adr: 1. Diwiisi tagaw. Pataljon, 4. rood, 1. r\u00fchm.<\/em><\/p>\n<p style=\"text-align: justify;\"><em><a href=\"https:\/\/blog.erm.ee\/wp-content\/uploads\/2020\/01\/v2.jpg\"><img loading=\"lazy\" decoding=\"async\" data-attachment-id=\"13271\" data-permalink=\"https:\/\/blog.erm.ee\/?attachment_id=13271#main\" data-orig-file=\"https:\/\/blog.erm.ee\/wp-content\/uploads\/2020\/01\/v2.jpg\" data-orig-size=\"1600,757\" data-comments-opened=\"1\" data-image-meta=\"{&quot;aperture&quot;:&quot;0&quot;,&quot;credit&quot;:&quot;&quot;,&quot;camera&quot;:&quot;&quot;,&quot;caption&quot;:&quot;&quot;,&quot;created_timestamp&quot;:&quot;0&quot;,&quot;copyright&quot;:&quot;&quot;,&quot;focal_length&quot;:&quot;0&quot;,&quot;iso&quot;:&quot;0&quot;,&quot;shutter_speed&quot;:&quot;0&quot;,&quot;title&quot;:&quot;&quot;,&quot;orientation&quot;:&quot;1&quot;}\" data-image-title=\"v2\" data-image-description=\"\" data-image-caption=\"\" data-large-file=\"https:\/\/blog.erm.ee\/wp-content\/uploads\/2020\/01\/v2-1024x484.jpg\" class=\"aligncenter size-full wp-image-13271\" src=\"https:\/\/blog.erm.ee\/wp-content\/uploads\/2020\/01\/v2.jpg\" alt=\"\" width=\"1600\" height=\"757\" srcset=\"https:\/\/blog.erm.ee\/wp-content\/uploads\/2020\/01\/v2.jpg 1600w, https:\/\/blog.erm.ee\/wp-content\/uploads\/2020\/01\/v2-300x142.jpg 300w, https:\/\/blog.erm.ee\/wp-content\/uploads\/2020\/01\/v2-1024x484.jpg 1024w, https:\/\/blog.erm.ee\/wp-content\/uploads\/2020\/01\/v2-460x218.jpg 460w, https:\/\/blog.erm.ee\/wp-content\/uploads\/2020\/01\/v2-768x363.jpg 768w, https:\/\/blog.erm.ee\/wp-content\/uploads\/2020\/01\/v2-1536x727.jpg 1536w\" sizes=\"auto, (max-width: 1600px) 100vw, 1600px\" \/><\/a><\/em><em>Kaunid Eesti neiud. Uuesti on rahu jutud liikumas. Noort Eesti s\u00f5durid huwitab n\u00fc\u00fcd enam kui kunagi, diplomaadilist l\u00e4bir\u00e4\u00e4kimine \u00fchiselu soowides, kodu kaunimate neidudega. Adr: 7. jalaw\u00e4e polk, 12. rood.<br \/>\n<\/em><em>*<br \/>\n<\/em><em>Neiud silmad siia! Kauemat aega kodumaalt \u00e4ra olles igatsen endise l\u00f5busa elu j\u00e4rele. Neiud kirjutage k\u00f5ik mulle, siis mul l\u00f5bu laialt. Hakkan kirje ootama. A. P\u00e4\u00e4stel. Adr: Kuperjanowi partisanide bataljon, 5. rood, 2. r\u00fchm.<br \/>\n<\/em><em>*<br \/>\n<\/em><em>\u201eEesti s\u00f5duri laulud\u201c. W\u00e4ike format, pehmes riidest k\u00f6ites. 128 lhk llaulusid, 16 lhk walget paberit. Hind 12 marka. Walged, mustad, punased ja sinised laulud k\u00f5ik l\u00e4bisegi. Eesti neiud, pruudid, noorikud, emad, \u00f5ed, wennad, s\u00f5brad! Iga s\u00f5dur on seda w\u00e4\u00e4rt, et temale \u201eS\u00f5duri laulud kingituseks saadate. Pilksel pimel ajal on laul t\u00f5esti eluk\u00fc\u00fcnlaks. See lauludekogu toob uut waimustust, j\u00f5udu, lootust. <\/em>Nii tehti kaubale reklaami sada aastat tagasi.<em>\u00a0<\/em><\/p>\n<p style=\"text-align: justify;\">Postkaardid olid kunagi sedav\u00f5rd olulised, et neid hoiti pikalt alles \u2013 t\u00e4nu sellele ongi need j\u00f5udnud meie kogusse. Mine tea, kui paljud sel viisil sobitatud tutvustest \u00fchise eluni viisid. Ja ega t\u00e4nap\u00e4eval k\u00e4i ju elu teisiti, ainult et postkaardi asemel on suhtlusportaalid.<\/p>\n<div id=\"attachment_13256\" style=\"width: 2570px\" class=\"wp-caption aligncenter\"><a href=\"https:\/\/blog.erm.ee\/wp-content\/uploads\/2020\/01\/037-scaled.jpg\"><img loading=\"lazy\" decoding=\"async\" aria-describedby=\"caption-attachment-13256\" data-attachment-id=\"13256\" data-permalink=\"https:\/\/blog.erm.ee\/?attachment_id=13256#main\" data-orig-file=\"https:\/\/blog.erm.ee\/wp-content\/uploads\/2020\/01\/037-scaled.jpg\" data-orig-size=\"2560,1697\" data-comments-opened=\"1\" data-image-meta=\"{&quot;aperture&quot;:&quot;0&quot;,&quot;credit&quot;:&quot;&quot;,&quot;camera&quot;:&quot;&quot;,&quot;caption&quot;:&quot;&quot;,&quot;created_timestamp&quot;:&quot;0&quot;,&quot;copyright&quot;:&quot;&quot;,&quot;focal_length&quot;:&quot;0&quot;,&quot;iso&quot;:&quot;0&quot;,&quot;shutter_speed&quot;:&quot;0&quot;,&quot;title&quot;:&quot;&quot;,&quot;orientation&quot;:&quot;1&quot;}\" data-image-title=\"_037\" data-image-description=\"\" data-image-caption=\"\" data-large-file=\"https:\/\/blog.erm.ee\/wp-content\/uploads\/2020\/01\/037-1024x679.jpg\" class=\"wp-image-13256 size-full\" src=\"https:\/\/blog.erm.ee\/wp-content\/uploads\/2020\/01\/037-scaled.jpg\" alt=\"\" width=\"2560\" height=\"1697\" srcset=\"https:\/\/blog.erm.ee\/wp-content\/uploads\/2020\/01\/037-scaled.jpg 2560w, https:\/\/blog.erm.ee\/wp-content\/uploads\/2020\/01\/037-300x199.jpg 300w, https:\/\/blog.erm.ee\/wp-content\/uploads\/2020\/01\/037-1024x679.jpg 1024w, https:\/\/blog.erm.ee\/wp-content\/uploads\/2020\/01\/037-392x260.jpg 392w, https:\/\/blog.erm.ee\/wp-content\/uploads\/2020\/01\/037-768x509.jpg 768w, https:\/\/blog.erm.ee\/wp-content\/uploads\/2020\/01\/037-1536x1018.jpg 1536w, https:\/\/blog.erm.ee\/wp-content\/uploads\/2020\/01\/037-2048x1358.jpg 2048w\" sizes=\"auto, (max-width: 2560px) 100vw, 2560px\" \/><\/a><p id=\"caption-attachment-13256\" class=\"wp-caption-text\">Kuulke preili Mints! Teie l\u00e4hete ka viimasel ajal p\u00e4ris laisaks, ei kirjutade enam midaki uudist. Kutas t\u00e4nane kewate meeltib. Olid paris soojad ilmad, t\u00e4na on sugu k\u00fclmemb meil on p\u00e4ris kena j\u00f5e perve peal k\u00f5tutada ja karwa soendada. Kui teil kodu pool kunaki pidu on, siis kutske meid ka pidule. Palju trehvamist.<\/p><\/div>\n<div id=\"attachment_13269\" style=\"width: 2570px\" class=\"wp-caption aligncenter\"><a href=\"https:\/\/blog.erm.ee\/wp-content\/uploads\/2020\/01\/1163-scaled.jpg\"><img loading=\"lazy\" decoding=\"async\" aria-describedby=\"caption-attachment-13269\" data-attachment-id=\"13269\" data-permalink=\"https:\/\/blog.erm.ee\/?attachment_id=13269#main\" data-orig-file=\"https:\/\/blog.erm.ee\/wp-content\/uploads\/2020\/01\/1163-scaled.jpg\" data-orig-size=\"2560,1674\" data-comments-opened=\"1\" data-image-meta=\"{&quot;aperture&quot;:&quot;0&quot;,&quot;credit&quot;:&quot;&quot;,&quot;camera&quot;:&quot;&quot;,&quot;caption&quot;:&quot;&quot;,&quot;created_timestamp&quot;:&quot;0&quot;,&quot;copyright&quot;:&quot;&quot;,&quot;focal_length&quot;:&quot;0&quot;,&quot;iso&quot;:&quot;0&quot;,&quot;shutter_speed&quot;:&quot;0&quot;,&quot;title&quot;:&quot;&quot;,&quot;orientation&quot;:&quot;1&quot;}\" data-image-title=\"_1163\" data-image-description=\"\" data-image-caption=\"\" data-large-file=\"https:\/\/blog.erm.ee\/wp-content\/uploads\/2020\/01\/1163-1024x670.jpg\" class=\"wp-image-13269 size-full\" src=\"https:\/\/blog.erm.ee\/wp-content\/uploads\/2020\/01\/1163-scaled.jpg\" alt=\"\" width=\"2560\" height=\"1674\" srcset=\"https:\/\/blog.erm.ee\/wp-content\/uploads\/2020\/01\/1163-scaled.jpg 2560w, https:\/\/blog.erm.ee\/wp-content\/uploads\/2020\/01\/1163-300x196.jpg 300w, https:\/\/blog.erm.ee\/wp-content\/uploads\/2020\/01\/1163-1024x670.jpg 1024w, https:\/\/blog.erm.ee\/wp-content\/uploads\/2020\/01\/1163-398x260.jpg 398w, https:\/\/blog.erm.ee\/wp-content\/uploads\/2020\/01\/1163-768x502.jpg 768w, https:\/\/blog.erm.ee\/wp-content\/uploads\/2020\/01\/1163-1536x1004.jpg 1536w, https:\/\/blog.erm.ee\/wp-content\/uploads\/2020\/01\/1163-2048x1339.jpg 2048w\" sizes=\"auto, (max-width: 2560px) 100vw, 2560px\" \/><\/a><p id=\"caption-attachment-13269\" class=\"wp-caption-text\">Sinuta kui pikad On mulle p\u00e4ewad \u00f6\u00f6d Igawad ja kurvad Kas magan ehk teen t\u00f6\u00f6d. Teid terwitades Gustaw<\/p><\/div>\n<div id=\"attachment_13274\" style=\"width: 1610px\" class=\"wp-caption aligncenter\"><a href=\"https:\/\/blog.erm.ee\/wp-content\/uploads\/2020\/01\/467.jpg\"><img loading=\"lazy\" decoding=\"async\" aria-describedby=\"caption-attachment-13274\" data-attachment-id=\"13274\" data-permalink=\"https:\/\/blog.erm.ee\/?attachment_id=13274#main\" data-orig-file=\"https:\/\/blog.erm.ee\/wp-content\/uploads\/2020\/01\/467.jpg\" data-orig-size=\"1600,1055\" data-comments-opened=\"1\" data-image-meta=\"{&quot;aperture&quot;:&quot;0&quot;,&quot;credit&quot;:&quot;&quot;,&quot;camera&quot;:&quot;&quot;,&quot;caption&quot;:&quot;&quot;,&quot;created_timestamp&quot;:&quot;0&quot;,&quot;copyright&quot;:&quot;&quot;,&quot;focal_length&quot;:&quot;0&quot;,&quot;iso&quot;:&quot;0&quot;,&quot;shutter_speed&quot;:&quot;0&quot;,&quot;title&quot;:&quot;&quot;,&quot;orientation&quot;:&quot;1&quot;}\" data-image-title=\"_467\" data-image-description=\"\" data-image-caption=\"\" data-large-file=\"https:\/\/blog.erm.ee\/wp-content\/uploads\/2020\/01\/467-1024x675.jpg\" class=\"wp-image-13274 size-full\" src=\"https:\/\/blog.erm.ee\/wp-content\/uploads\/2020\/01\/467.jpg\" alt=\"\" width=\"1600\" height=\"1055\" srcset=\"https:\/\/blog.erm.ee\/wp-content\/uploads\/2020\/01\/467.jpg 1600w, https:\/\/blog.erm.ee\/wp-content\/uploads\/2020\/01\/467-300x198.jpg 300w, https:\/\/blog.erm.ee\/wp-content\/uploads\/2020\/01\/467-1024x675.jpg 1024w, https:\/\/blog.erm.ee\/wp-content\/uploads\/2020\/01\/467-394x260.jpg 394w, https:\/\/blog.erm.ee\/wp-content\/uploads\/2020\/01\/467-768x506.jpg 768w, https:\/\/blog.erm.ee\/wp-content\/uploads\/2020\/01\/467-1536x1013.jpg 1536w\" sizes=\"auto, (max-width: 1600px) 100vw, 1600px\" \/><\/a><p id=\"caption-attachment-13274\" class=\"wp-caption-text\">Terwitusi Kilu linnast! Suur ait\u00e4h programmi eest, w\u00e4ga kahju et tulla ei saa. Teile aga soovin h\u00e4\u00e4d pidu tuju ja palun m\u00f5ttelge siis ka minu peale, kui olete endi tuttawate ringkonnas. Tervisi k\u00f5igile kes mind tunnevad ja neiu Sokkmannile. Elage h\u00e4sti ja l\u00f5busalt nii kuidas saatus lubab.<\/p><\/div>\n<p style=\"text-align: justify;\">V\u00e4liposti teenistus loodi Eesti s\u00f5jav\u00e4e \u00fclemjuhataja k\u00e4suga 11.01.1919. Postisaadetised kodust rindele maksustati tavalises korras, rindelt koju aga olid need maksuvabad, nii et s\u00f5durpoisid said ilma rahata koju kirju saata. V\u00e4lipost l\u00f5petas tegevuse 15. mail 1920.<\/p>\n<p style=\"text-align: justify;\">Kui templij\u00e4ljendeid uurida, siis leiab sealt s\u00f5na <em>bataljon<\/em> (<em>pataljon). <\/em>Ilmselt v\u00f5eti see kirjapilt Vene kroonust, kust meie ohvitserid teadmisi omandasid (vene k <em>\u0431\u0430\u0442\u0430\u043b\u044c\u043e\u043d<\/em><em>).<\/em> Kasutati teisigi laens\u00f5nu: uulits (<em>\u0443\u043b\u0438\u0446\u0430<\/em>) \u2013 t\u00e4nav; trotuar (\u0442\u0440\u043e\u0442\u0443\u0430\u0440) \u2013 k\u00f5nnitee; kalidor (<em>\u043a\u043e\u0440\u0438\u0434\u043e\u0440<\/em>) \u2013 koridor jne.<\/p>\n<div id=\"attachment_13260\" style=\"width: 2570px\" class=\"wp-caption aligncenter\"><a href=\"https:\/\/blog.erm.ee\/wp-content\/uploads\/2020\/01\/327-scaled.jpg\"><img loading=\"lazy\" decoding=\"async\" aria-describedby=\"caption-attachment-13260\" data-attachment-id=\"13260\" data-permalink=\"https:\/\/blog.erm.ee\/?attachment_id=13260#main\" data-orig-file=\"https:\/\/blog.erm.ee\/wp-content\/uploads\/2020\/01\/327-scaled.jpg\" data-orig-size=\"2560,1715\" data-comments-opened=\"1\" data-image-meta=\"{&quot;aperture&quot;:&quot;0&quot;,&quot;credit&quot;:&quot;&quot;,&quot;camera&quot;:&quot;&quot;,&quot;caption&quot;:&quot;&quot;,&quot;created_timestamp&quot;:&quot;0&quot;,&quot;copyright&quot;:&quot;&quot;,&quot;focal_length&quot;:&quot;0&quot;,&quot;iso&quot;:&quot;0&quot;,&quot;shutter_speed&quot;:&quot;0&quot;,&quot;title&quot;:&quot;&quot;,&quot;orientation&quot;:&quot;1&quot;}\" data-image-title=\"_327\" data-image-description=\"\" data-image-caption=\"\" data-large-file=\"https:\/\/blog.erm.ee\/wp-content\/uploads\/2020\/01\/327-1024x686.jpg\" class=\"wp-image-13260 size-full\" src=\"https:\/\/blog.erm.ee\/wp-content\/uploads\/2020\/01\/327-scaled.jpg\" alt=\"\" width=\"2560\" height=\"1715\" srcset=\"https:\/\/blog.erm.ee\/wp-content\/uploads\/2020\/01\/327-scaled.jpg 2560w, https:\/\/blog.erm.ee\/wp-content\/uploads\/2020\/01\/327-300x201.jpg 300w, https:\/\/blog.erm.ee\/wp-content\/uploads\/2020\/01\/327-1024x686.jpg 1024w, https:\/\/blog.erm.ee\/wp-content\/uploads\/2020\/01\/327-388x260.jpg 388w, https:\/\/blog.erm.ee\/wp-content\/uploads\/2020\/01\/327-768x515.jpg 768w, https:\/\/blog.erm.ee\/wp-content\/uploads\/2020\/01\/327-1536x1029.jpg 1536w, https:\/\/blog.erm.ee\/wp-content\/uploads\/2020\/01\/327-2048x1372.jpg 2048w\" sizes=\"auto, (max-width: 2560px) 100vw, 2560px\" \/><\/a><p id=\"caption-attachment-13260\" class=\"wp-caption-text\">Tempel: Kooli\u00f5pilaste Reserw-Bataljon<\/p><\/div>\n<p style=\"text-align: justify;\">Huvitavat keelekasutust leiab veelgi. N\u00e4iteks nakkushaigusi nimetati siis k\u00fclgehakkavateks haigusteks.<\/p>\n<div id=\"attachment_13273\" style=\"width: 1610px\" class=\"wp-caption aligncenter\"><a href=\"https:\/\/blog.erm.ee\/wp-content\/uploads\/2020\/01\/163.jpg\"><img loading=\"lazy\" decoding=\"async\" aria-describedby=\"caption-attachment-13273\" data-attachment-id=\"13273\" data-permalink=\"https:\/\/blog.erm.ee\/?attachment_id=13273#main\" data-orig-file=\"https:\/\/blog.erm.ee\/wp-content\/uploads\/2020\/01\/163.jpg\" data-orig-size=\"1600,1061\" data-comments-opened=\"1\" data-image-meta=\"{&quot;aperture&quot;:&quot;0&quot;,&quot;credit&quot;:&quot;&quot;,&quot;camera&quot;:&quot;&quot;,&quot;caption&quot;:&quot;&quot;,&quot;created_timestamp&quot;:&quot;0&quot;,&quot;copyright&quot;:&quot;&quot;,&quot;focal_length&quot;:&quot;0&quot;,&quot;iso&quot;:&quot;0&quot;,&quot;shutter_speed&quot;:&quot;0&quot;,&quot;title&quot;:&quot;&quot;,&quot;orientation&quot;:&quot;1&quot;}\" data-image-title=\"_163\" data-image-description=\"\" data-image-caption=\"\" data-large-file=\"https:\/\/blog.erm.ee\/wp-content\/uploads\/2020\/01\/163-1024x679.jpg\" class=\"wp-image-13273 size-full\" src=\"https:\/\/blog.erm.ee\/wp-content\/uploads\/2020\/01\/163.jpg\" alt=\"\" width=\"1600\" height=\"1061\" srcset=\"https:\/\/blog.erm.ee\/wp-content\/uploads\/2020\/01\/163.jpg 1600w, https:\/\/blog.erm.ee\/wp-content\/uploads\/2020\/01\/163-300x199.jpg 300w, https:\/\/blog.erm.ee\/wp-content\/uploads\/2020\/01\/163-1024x679.jpg 1024w, https:\/\/blog.erm.ee\/wp-content\/uploads\/2020\/01\/163-392x260.jpg 392w, https:\/\/blog.erm.ee\/wp-content\/uploads\/2020\/01\/163-768x509.jpg 768w, https:\/\/blog.erm.ee\/wp-content\/uploads\/2020\/01\/163-1536x1019.jpg 1536w\" sizes=\"auto, (max-width: 1600px) 100vw, 1600px\" \/><\/a><p id=\"caption-attachment-13273\" class=\"wp-caption-text\">Tempel: 1 diwiisi k\u00fclgehakkaw. haiguste wastu w\u00f5itlew lendsalk \/ Kirjade jaoks<\/p><\/div>\n<p style=\"text-align: justify;\">Vaadake vanu postkaarte ERMi virtuaaln\u00e4itusel <a href=\"https:\/\/www.erm.ee\/et\/n%C3%A4itused\/virtuaaln%C3%A4itused\">\u201eAja j\u00e4lg<\/a>\u201c (neid saab seal ka p\u00f6\u00f6rata ja suurendada, et teksti paremini n\u00e4ha).<\/p>\n<div class=\"fcbkbttn_buttons_block\" id=\"fcbkbttn_left\"><div class=\"fcbkbttn_like \"><fb:like href=\"https:\/\/blog.erm.ee\/?p=13255\" action=\"like\" colorscheme=\"light\" layout=\"standard\"  width=\"225px\" size=\"small\"><\/fb:like><\/div><div class=\"fb-share-button  \" data-href=\"https:\/\/blog.erm.ee\/?p=13255\" data-type=\"button\" data-size=\"small\"><\/div><\/div>","protected":false},"excerpt":{"rendered":"<p>Autor: ERMi n\u00e4ituste talituse produtsent Eve Aab. Fotod: Arp Karm. Millest r\u00e4\u00e4givad 100 aastat vanad postkaardid? Kellele mida. Olgu selleks postitempel, kuup\u00e4ev, saatja\/saaja nimi, tr\u00fckikoda ja tiraa\u017e v\u00f5i pilt \u2013 k\u00f5ik kannab oma s\u00f5numit. V\u00f5\u00f5raid kirju ei ole k\u00fcll viisakas lugeda, aga mitu inimp\u00f5lve tagasi saadetud postkaardid on justkui anon\u00fc\u00fcmsed. Nii peatubki pilk ikka kirjaridadel.&hellip;<\/p>\n","protected":false},"author":1,"featured_media":13267,"comment_status":"open","ping_status":"open","sticky":false,"template":"","format":"standard","meta":{"_monsterinsights_skip_tracking":false,"_monsterinsights_sitenote_active":false,"_monsterinsights_sitenote_note":"","_monsterinsights_sitenote_category":0,"jetpack_post_was_ever_published":false,"_jetpack_newsletter_access":"","_jetpack_dont_email_post_to_subs":false,"_jetpack_newsletter_tier_id":0,"_jetpack_memberships_contains_paywalled_content":false,"_jetpack_memberships_contains_paid_content":false,"footnotes":""},"categories":[6,7],"tags":[],"class_list":["post-13255","post","type-post","status-publish","format-standard","has-post-thumbnail","hentry","category-foto","category-naitus"],"yoast_head":"<!-- This site is optimized with the Yoast SEO plugin v27.5 - https:\/\/yoast.com\/product\/yoast-seo-wordpress\/ -->\n<title>Kirjad neilt, kes v\u00f5itlesid vabaduse eest - Eesti Rahva Muuseumi ajaveeb<\/title>\n<meta name=\"robots\" content=\"index, follow, max-snippet:-1, max-image-preview:large, max-video-preview:-1\" \/>\n<link rel=\"canonical\" href=\"https:\/\/blog.erm.ee\/?p=13255\" \/>\n<meta property=\"og:locale\" content=\"et_EE\" \/>\n<meta property=\"og:type\" content=\"article\" \/>\n<meta property=\"og:title\" content=\"Kirjad neilt, kes v\u00f5itlesid vabaduse eest - Eesti Rahva Muuseumi ajaveeb\" \/>\n<meta property=\"og:description\" content=\"Autor: ERMi n\u00e4ituste talituse produtsent Eve Aab. Fotod: Arp Karm. Millest r\u00e4\u00e4givad 100 aastat vanad postkaardid? Kellele mida. Olgu selleks postitempel, kuup\u00e4ev, saatja\/saaja nimi, tr\u00fckikoda ja tiraa\u017e v\u00f5i pilt \u2013 k\u00f5ik kannab oma s\u00f5numit. V\u00f5\u00f5raid kirju ei ole k\u00fcll viisakas lugeda, aga mitu inimp\u00f5lve tagasi saadetud postkaardid on justkui anon\u00fc\u00fcmsed. Nii peatubki pilk ikka kirjaridadel.&hellip;\" \/>\n<meta property=\"og:url\" content=\"https:\/\/blog.erm.ee\/?p=13255\" \/>\n<meta property=\"og:site_name\" content=\"Eesti Rahva Muuseumi ajaveeb\" \/>\n<meta property=\"article:published_time\" content=\"2020-01-30T07:10:34+00:00\" \/>\n<meta property=\"article:modified_time\" content=\"2020-01-30T08:42:56+00:00\" \/>\n<meta property=\"og:image\" content=\"https:\/\/blog.erm.ee\/wp-content\/uploads\/2020\/01\/1157-scaled.jpg\" \/>\n\t<meta property=\"og:image:width\" content=\"2560\" \/>\n\t<meta property=\"og:image:height\" content=\"1685\" \/>\n\t<meta property=\"og:image:type\" content=\"image\/jpeg\" \/>\n<meta name=\"author\" content=\"Eesti Rahva Muuseum\" \/>\n<meta name=\"twitter:card\" content=\"summary_large_image\" \/>\n<meta name=\"twitter:label1\" content=\"Written by\" \/>\n\t<meta name=\"twitter:data1\" content=\"Eesti Rahva Muuseum\" \/>\n\t<meta name=\"twitter:label2\" content=\"Est. reading time\" \/>\n\t<meta name=\"twitter:data2\" content=\"6 minutit\" \/>\n<script type=\"application\/ld+json\" class=\"yoast-schema-graph\">{\"@context\":\"https:\\\/\\\/schema.org\",\"@graph\":[{\"@type\":\"Article\",\"@id\":\"https:\\\/\\\/blog.erm.ee\\\/?p=13255#article\",\"isPartOf\":{\"@id\":\"https:\\\/\\\/blog.erm.ee\\\/?p=13255\"},\"author\":{\"name\":\"Eesti Rahva Muuseum\",\"@id\":\"https:\\\/\\\/blog.erm.ee\\\/#\\\/schema\\\/person\\\/6e98c391cb00a33e7c22a3571e062114\"},\"headline\":\"Kirjad neilt, kes v\u00f5itlesid vabaduse eest\",\"datePublished\":\"2020-01-30T07:10:34+00:00\",\"dateModified\":\"2020-01-30T08:42:56+00:00\",\"mainEntityOfPage\":{\"@id\":\"https:\\\/\\\/blog.erm.ee\\\/?p=13255\"},\"wordCount\":1204,\"commentCount\":0,\"image\":{\"@id\":\"https:\\\/\\\/blog.erm.ee\\\/?p=13255#primaryimage\"},\"thumbnailUrl\":\"https:\\\/\\\/blog.erm.ee\\\/wp-content\\\/uploads\\\/2020\\\/01\\\/1157-scaled.jpg\",\"articleSection\":[\"Foto\",\"N\u00e4itus\"],\"inLanguage\":\"et\",\"potentialAction\":[{\"@type\":\"CommentAction\",\"name\":\"Comment\",\"target\":[\"https:\\\/\\\/blog.erm.ee\\\/?p=13255#respond\"]}]},{\"@type\":\"WebPage\",\"@id\":\"https:\\\/\\\/blog.erm.ee\\\/?p=13255\",\"url\":\"https:\\\/\\\/blog.erm.ee\\\/?p=13255\",\"name\":\"Kirjad neilt, kes v\u00f5itlesid vabaduse eest - Eesti Rahva Muuseumi ajaveeb\",\"isPartOf\":{\"@id\":\"https:\\\/\\\/blog.erm.ee\\\/#website\"},\"primaryImageOfPage\":{\"@id\":\"https:\\\/\\\/blog.erm.ee\\\/?p=13255#primaryimage\"},\"image\":{\"@id\":\"https:\\\/\\\/blog.erm.ee\\\/?p=13255#primaryimage\"},\"thumbnailUrl\":\"https:\\\/\\\/blog.erm.ee\\\/wp-content\\\/uploads\\\/2020\\\/01\\\/1157-scaled.jpg\",\"datePublished\":\"2020-01-30T07:10:34+00:00\",\"dateModified\":\"2020-01-30T08:42:56+00:00\",\"author\":{\"@id\":\"https:\\\/\\\/blog.erm.ee\\\/#\\\/schema\\\/person\\\/6e98c391cb00a33e7c22a3571e062114\"},\"breadcrumb\":{\"@id\":\"https:\\\/\\\/blog.erm.ee\\\/?p=13255#breadcrumb\"},\"inLanguage\":\"et\",\"potentialAction\":[{\"@type\":\"ReadAction\",\"target\":[\"https:\\\/\\\/blog.erm.ee\\\/?p=13255\"]}]},{\"@type\":\"ImageObject\",\"inLanguage\":\"et\",\"@id\":\"https:\\\/\\\/blog.erm.ee\\\/?p=13255#primaryimage\",\"url\":\"https:\\\/\\\/blog.erm.ee\\\/wp-content\\\/uploads\\\/2020\\\/01\\\/1157-scaled.jpg\",\"contentUrl\":\"https:\\\/\\\/blog.erm.ee\\\/wp-content\\\/uploads\\\/2020\\\/01\\\/1157-scaled.jpg\",\"width\":2560,\"height\":1685},{\"@type\":\"BreadcrumbList\",\"@id\":\"https:\\\/\\\/blog.erm.ee\\\/?p=13255#breadcrumb\",\"itemListElement\":[{\"@type\":\"ListItem\",\"position\":1,\"name\":\"Home\",\"item\":\"https:\\\/\\\/blog.erm.ee\\\/\"},{\"@type\":\"ListItem\",\"position\":2,\"name\":\"Kirjad neilt, kes v\u00f5itlesid vabaduse eest\"}]},{\"@type\":\"WebSite\",\"@id\":\"https:\\\/\\\/blog.erm.ee\\\/#website\",\"url\":\"https:\\\/\\\/blog.erm.ee\\\/\",\"name\":\"Eesti Rahva Muuseumi ajaveeb\",\"description\":\"\",\"potentialAction\":[{\"@type\":\"SearchAction\",\"target\":{\"@type\":\"EntryPoint\",\"urlTemplate\":\"https:\\\/\\\/blog.erm.ee\\\/?s={search_term_string}\"},\"query-input\":{\"@type\":\"PropertyValueSpecification\",\"valueRequired\":true,\"valueName\":\"search_term_string\"}}],\"inLanguage\":\"et\"},{\"@type\":\"Person\",\"@id\":\"https:\\\/\\\/blog.erm.ee\\\/#\\\/schema\\\/person\\\/6e98c391cb00a33e7c22a3571e062114\",\"name\":\"Eesti Rahva Muuseum\",\"image\":{\"@type\":\"ImageObject\",\"inLanguage\":\"et\",\"@id\":\"https:\\\/\\\/secure.gravatar.com\\\/avatar\\\/cb6d9ad5fb49f3f7315028ce5fe60641075f2cb52b8a058ff5a985fa2d8c1da0?s=96&d=mm&r=g\",\"url\":\"https:\\\/\\\/secure.gravatar.com\\\/avatar\\\/cb6d9ad5fb49f3f7315028ce5fe60641075f2cb52b8a058ff5a985fa2d8c1da0?s=96&d=mm&r=g\",\"contentUrl\":\"https:\\\/\\\/secure.gravatar.com\\\/avatar\\\/cb6d9ad5fb49f3f7315028ce5fe60641075f2cb52b8a058ff5a985fa2d8c1da0?s=96&d=mm&r=g\",\"caption\":\"Eesti Rahva Muuseum\"},\"sameAs\":[\"http:\\\/\\\/www.erm.ee\"],\"url\":\"https:\\\/\\\/blog.erm.ee\\\/?author=1\"}]}<\/script>\n<!-- \/ Yoast SEO plugin. -->","yoast_head_json":{"title":"Kirjad neilt, kes v\u00f5itlesid vabaduse eest - Eesti Rahva Muuseumi ajaveeb","robots":{"index":"index","follow":"follow","max-snippet":"max-snippet:-1","max-image-preview":"max-image-preview:large","max-video-preview":"max-video-preview:-1"},"canonical":"https:\/\/blog.erm.ee\/?p=13255","og_locale":"et_EE","og_type":"article","og_title":"Kirjad neilt, kes v\u00f5itlesid vabaduse eest - Eesti Rahva Muuseumi ajaveeb","og_description":"Autor: ERMi n\u00e4ituste talituse produtsent Eve Aab. Fotod: Arp Karm. Millest r\u00e4\u00e4givad 100 aastat vanad postkaardid? Kellele mida. Olgu selleks postitempel, kuup\u00e4ev, saatja\/saaja nimi, tr\u00fckikoda ja tiraa\u017e v\u00f5i pilt \u2013 k\u00f5ik kannab oma s\u00f5numit. V\u00f5\u00f5raid kirju ei ole k\u00fcll viisakas lugeda, aga mitu inimp\u00f5lve tagasi saadetud postkaardid on justkui anon\u00fc\u00fcmsed. Nii peatubki pilk ikka kirjaridadel.&hellip;","og_url":"https:\/\/blog.erm.ee\/?p=13255","og_site_name":"Eesti Rahva Muuseumi ajaveeb","article_published_time":"2020-01-30T07:10:34+00:00","article_modified_time":"2020-01-30T08:42:56+00:00","og_image":[{"width":2560,"height":1685,"url":"https:\/\/blog.erm.ee\/wp-content\/uploads\/2020\/01\/1157-scaled.jpg","type":"image\/jpeg"}],"author":"Eesti Rahva Muuseum","twitter_card":"summary_large_image","twitter_misc":{"Written by":"Eesti Rahva Muuseum","Est. reading time":"6 minutit"},"schema":{"@context":"https:\/\/schema.org","@graph":[{"@type":"Article","@id":"https:\/\/blog.erm.ee\/?p=13255#article","isPartOf":{"@id":"https:\/\/blog.erm.ee\/?p=13255"},"author":{"name":"Eesti Rahva Muuseum","@id":"https:\/\/blog.erm.ee\/#\/schema\/person\/6e98c391cb00a33e7c22a3571e062114"},"headline":"Kirjad neilt, kes v\u00f5itlesid vabaduse eest","datePublished":"2020-01-30T07:10:34+00:00","dateModified":"2020-01-30T08:42:56+00:00","mainEntityOfPage":{"@id":"https:\/\/blog.erm.ee\/?p=13255"},"wordCount":1204,"commentCount":0,"image":{"@id":"https:\/\/blog.erm.ee\/?p=13255#primaryimage"},"thumbnailUrl":"https:\/\/blog.erm.ee\/wp-content\/uploads\/2020\/01\/1157-scaled.jpg","articleSection":["Foto","N\u00e4itus"],"inLanguage":"et","potentialAction":[{"@type":"CommentAction","name":"Comment","target":["https:\/\/blog.erm.ee\/?p=13255#respond"]}]},{"@type":"WebPage","@id":"https:\/\/blog.erm.ee\/?p=13255","url":"https:\/\/blog.erm.ee\/?p=13255","name":"Kirjad neilt, kes v\u00f5itlesid vabaduse eest - Eesti Rahva Muuseumi ajaveeb","isPartOf":{"@id":"https:\/\/blog.erm.ee\/#website"},"primaryImageOfPage":{"@id":"https:\/\/blog.erm.ee\/?p=13255#primaryimage"},"image":{"@id":"https:\/\/blog.erm.ee\/?p=13255#primaryimage"},"thumbnailUrl":"https:\/\/blog.erm.ee\/wp-content\/uploads\/2020\/01\/1157-scaled.jpg","datePublished":"2020-01-30T07:10:34+00:00","dateModified":"2020-01-30T08:42:56+00:00","author":{"@id":"https:\/\/blog.erm.ee\/#\/schema\/person\/6e98c391cb00a33e7c22a3571e062114"},"breadcrumb":{"@id":"https:\/\/blog.erm.ee\/?p=13255#breadcrumb"},"inLanguage":"et","potentialAction":[{"@type":"ReadAction","target":["https:\/\/blog.erm.ee\/?p=13255"]}]},{"@type":"ImageObject","inLanguage":"et","@id":"https:\/\/blog.erm.ee\/?p=13255#primaryimage","url":"https:\/\/blog.erm.ee\/wp-content\/uploads\/2020\/01\/1157-scaled.jpg","contentUrl":"https:\/\/blog.erm.ee\/wp-content\/uploads\/2020\/01\/1157-scaled.jpg","width":2560,"height":1685},{"@type":"BreadcrumbList","@id":"https:\/\/blog.erm.ee\/?p=13255#breadcrumb","itemListElement":[{"@type":"ListItem","position":1,"name":"Home","item":"https:\/\/blog.erm.ee\/"},{"@type":"ListItem","position":2,"name":"Kirjad neilt, kes v\u00f5itlesid vabaduse eest"}]},{"@type":"WebSite","@id":"https:\/\/blog.erm.ee\/#website","url":"https:\/\/blog.erm.ee\/","name":"Eesti Rahva Muuseumi ajaveeb","description":"","potentialAction":[{"@type":"SearchAction","target":{"@type":"EntryPoint","urlTemplate":"https:\/\/blog.erm.ee\/?s={search_term_string}"},"query-input":{"@type":"PropertyValueSpecification","valueRequired":true,"valueName":"search_term_string"}}],"inLanguage":"et"},{"@type":"Person","@id":"https:\/\/blog.erm.ee\/#\/schema\/person\/6e98c391cb00a33e7c22a3571e062114","name":"Eesti Rahva Muuseum","image":{"@type":"ImageObject","inLanguage":"et","@id":"https:\/\/secure.gravatar.com\/avatar\/cb6d9ad5fb49f3f7315028ce5fe60641075f2cb52b8a058ff5a985fa2d8c1da0?s=96&d=mm&r=g","url":"https:\/\/secure.gravatar.com\/avatar\/cb6d9ad5fb49f3f7315028ce5fe60641075f2cb52b8a058ff5a985fa2d8c1da0?s=96&d=mm&r=g","contentUrl":"https:\/\/secure.gravatar.com\/avatar\/cb6d9ad5fb49f3f7315028ce5fe60641075f2cb52b8a058ff5a985fa2d8c1da0?s=96&d=mm&r=g","caption":"Eesti Rahva Muuseum"},"sameAs":["http:\/\/www.erm.ee"],"url":"https:\/\/blog.erm.ee\/?author=1"}]}},"jetpack_featured_media_url":"https:\/\/blog.erm.ee\/wp-content\/uploads\/2020\/01\/1157-scaled.jpg","jetpack_shortlink":"https:\/\/wp.me\/p2l9Zd-3rN","jetpack_sharing_enabled":true,"jetpack_likes_enabled":true,"_links":{"self":[{"href":"https:\/\/blog.erm.ee\/index.php?rest_route=\/wp\/v2\/posts\/13255","targetHints":{"allow":["GET"]}}],"collection":[{"href":"https:\/\/blog.erm.ee\/index.php?rest_route=\/wp\/v2\/posts"}],"about":[{"href":"https:\/\/blog.erm.ee\/index.php?rest_route=\/wp\/v2\/types\/post"}],"author":[{"embeddable":true,"href":"https:\/\/blog.erm.ee\/index.php?rest_route=\/wp\/v2\/users\/1"}],"replies":[{"embeddable":true,"href":"https:\/\/blog.erm.ee\/index.php?rest_route=%2Fwp%2Fv2%2Fcomments&post=13255"}],"version-history":[{"count":8,"href":"https:\/\/blog.erm.ee\/index.php?rest_route=\/wp\/v2\/posts\/13255\/revisions"}],"predecessor-version":[{"id":13290,"href":"https:\/\/blog.erm.ee\/index.php?rest_route=\/wp\/v2\/posts\/13255\/revisions\/13290"}],"wp:featuredmedia":[{"embeddable":true,"href":"https:\/\/blog.erm.ee\/index.php?rest_route=\/wp\/v2\/media\/13267"}],"wp:attachment":[{"href":"https:\/\/blog.erm.ee\/index.php?rest_route=%2Fwp%2Fv2%2Fmedia&parent=13255"}],"wp:term":[{"taxonomy":"category","embeddable":true,"href":"https:\/\/blog.erm.ee\/index.php?rest_route=%2Fwp%2Fv2%2Fcategories&post=13255"},{"taxonomy":"post_tag","embeddable":true,"href":"https:\/\/blog.erm.ee\/index.php?rest_route=%2Fwp%2Fv2%2Ftags&post=13255"}],"curies":[{"name":"wp","href":"https:\/\/api.w.org\/{rel}","templated":true}]}}