{"id":13091,"date":"2019-11-07T09:10:24","date_gmt":"2019-11-07T07:10:24","guid":{"rendered":"https:\/\/blog.erm.ee\/?p=13091"},"modified":"2019-11-06T15:51:52","modified_gmt":"2019-11-06T13:51:52","slug":"muuseum-kui-keskkonnakusimuste-aeglane-meedium-intervjuu-libby-robiniga","status":"publish","type":"post","link":"https:\/\/blog.erm.ee\/?p=13091","title":{"rendered":"Muuseum kui keskkonnak\u00fcsimuste aeglane meedium. Intervjuu Libby Robiniga"},"content":{"rendered":"<div class=\"fcbkbttn_buttons_block\" id=\"fcbkbttn_left\"><div class=\"fcbkbttn_like \"><fb:like href=\"https:\/\/blog.erm.ee\/?p=13091\" action=\"like\" colorscheme=\"light\" layout=\"standard\"  width=\"225px\" size=\"small\"><\/fb:like><\/div><div class=\"fb-share-button  \" data-href=\"https:\/\/blog.erm.ee\/?p=13091\" data-type=\"button\" data-size=\"small\"><\/div><\/div><p style=\"text-align: justify;\"><em>Autorid: ERMi kuraator Liisi J\u00e4\u00e4ts, teadur-kuraator Kristel Rattus ja hariduskeskuse juhataja Kaari Siemer.<\/em><\/p>\n<p style=\"text-align: justify;\">Neil p\u00e4evil v\u00f5\u00f5rustab ERM Euroopa muuseumite v\u00f5rgustiku aastakonverentsi, kus arutatakse, kuidas saavad muuseumid kaasa aidata sellele, et kasvaks \u00fcldine heaolu, sh juurduks (keskkonna)s\u00e4\u00e4stlik m\u00f5tte- ja k\u00e4itumisviis.<\/p>\n<p style=\"text-align: justify;\">Suve l\u00f5pul k\u00e4is ERMil k\u00fclas keskkonnaajaloo ekspert Libby Robin, Austraalia Rahvus\u00fclikooli emeriitprofessor ning Austraalia Rahvusmuuseumi vanemteadur. ERMi koost\u00f6\u00f6 temaga sai alguse 2014. aastal, mil ta aitas v\u00e4lja t\u00f6\u00f6tada p\u00fcsin\u00e4ituse \u201eKohtumised\u201c alateemat \u201eInimene ja keskkond\u201c (vt blogipostitust \u201e<a href=\"https:\/\/blog.erm.ee\/?p=5228\">Keskkonnaajaloo ekspert maakera kuklapoolelt<\/a>\u201c).<\/p>\n<div id=\"attachment_13096\" style=\"width: 1034px\" class=\"wp-caption aligncenter\"><a href=\"https:\/\/blog.erm.ee\/wp-content\/uploads\/2019\/11\/ak0015-1024x683.jpg\"><img loading=\"lazy\" decoding=\"async\" aria-describedby=\"caption-attachment-13096\" data-attachment-id=\"13096\" data-permalink=\"https:\/\/blog.erm.ee\/?attachment_id=13096#main\" data-orig-file=\"https:\/\/blog.erm.ee\/wp-content\/uploads\/2019\/11\/ak0015-1024x683.jpg\" data-orig-size=\"1024,683\" data-comments-opened=\"1\" data-image-meta=\"{&quot;aperture&quot;:&quot;0&quot;,&quot;credit&quot;:&quot;&quot;,&quot;camera&quot;:&quot;&quot;,&quot;caption&quot;:&quot;&quot;,&quot;created_timestamp&quot;:&quot;0&quot;,&quot;copyright&quot;:&quot;&quot;,&quot;focal_length&quot;:&quot;0&quot;,&quot;iso&quot;:&quot;0&quot;,&quot;shutter_speed&quot;:&quot;0&quot;,&quot;title&quot;:&quot;&quot;,&quot;orientation&quot;:&quot;0&quot;}\" data-image-title=\"ak0015-1024&amp;#215;683\" data-image-description=\"\" data-image-caption=\"\" data-large-file=\"https:\/\/blog.erm.ee\/wp-content\/uploads\/2019\/11\/ak0015-1024x683-1024x683.jpg\" class=\"wp-image-13096 size-full\" src=\"https:\/\/blog.erm.ee\/wp-content\/uploads\/2019\/11\/ak0015-1024x683.jpg\" alt=\"\" width=\"1024\" height=\"683\" srcset=\"https:\/\/blog.erm.ee\/wp-content\/uploads\/2019\/11\/ak0015-1024x683.jpg 1024w, https:\/\/blog.erm.ee\/wp-content\/uploads\/2019\/11\/ak0015-1024x683-390x260.jpg 390w, https:\/\/blog.erm.ee\/wp-content\/uploads\/2019\/11\/ak0015-1024x683-300x200.jpg 300w, https:\/\/blog.erm.ee\/wp-content\/uploads\/2019\/11\/ak0015-1024x683-768x512.jpg 768w\" sizes=\"auto, (max-width: 1024px) 100vw, 1024px\" \/><\/a><p id=\"caption-attachment-13096\" class=\"wp-caption-text\">Keskkonnaajaloolane Libby Robin ERMis 2014. aastal. Foto autor: Arp Karm<\/p><\/div>\n<p style=\"text-align: justify;\">Keskkonnaajalugu t\u00f5i Libby Eestisse ka sel korral \u2013 ta osales Euroopa Keskkonnaajaloo Seltsi konverentsil Tallinna \u00dclikoolis ning k\u00fclastas taas ERMi, mis oli viimase kohtumise aegu alles ehitusj\u00e4rgus. P\u00e4rast p\u00fcsin\u00e4ituse vaatamist r\u00e4\u00e4kisime Libbyga pikemalt sellest, kuidas keskkonnak\u00fcsimusi maailma muuseumites kajastatakse.<\/p>\n<h3 style=\"text-align: justify;\"><strong>Intervjuu Libby Robiniga<\/strong><\/h3>\n<p style=\"text-align: justify;\"><strong>Kas see, kuidas muuseumid keskkonna-, sh keskkonnaajaloo teemadel kaasa r\u00e4\u00e4givad, on viimasel ajal muutunud?<\/strong><\/p>\n<p style=\"text-align: justify;\">Palju on arutletud selle \u00fcle, millal algas antropotseen: kas 1950. aastatel, t\u00f6\u00f6sturevolutsiooniga 18. sajandil v\u00f5i hoopis koos p\u00f5llumajanduse algusega tuhandeid aastaid tagasi (vt antropotseeni-teemaline Horisondi erinumber 5\/2015). Keskkonnaajaloolased, keskkonna teemat k\u00e4sitlevad kirjandusteadlased ja kunstnikud tunnetavad j\u00e4rjest selgemini, et maailmas on toimunud suur murrang ja k\u00fcsimus pole niiv\u00f5rd selles, millal see just juhtus, vaid kuidas me sellega edasi elame. On hulk inimesi, keda huvitab piltlikult \u00f6eldes see, millisele m\u00e4e geoloogilisele kihistusele v\u00f5iks kinnitada kuldse t\u00e4hekese, mis m\u00e4rgib, et siit algas antropotseen, ja teised, kes k\u00fcsivad, kuidas eluga edasi minna n\u00fc\u00fcd, kui globaalsed muutused toimuvad nii kiiresti. Just see teeb t\u00e4nap\u00e4eval inimestele muret.<\/p>\n<p style=\"text-align: justify;\">Kui tuua see problemaatika muuseumimaailma, siis kerkib rida k\u00fcsimusi. Ma m\u00e4rkan muuseumites suundumust eemalduda f\u00fc\u00fcsilistele objektidele \u00fcles ehitatud n\u00e4itustest ja k\u00e4sitleda keskkonnateemasid pigem kunstiprojektide kaudu, levinud on kunstiresidentuurid. \u00dcks detail t\u00f5stetakse n\u00e4itusest esile ja m\u00e4ngitakse sellega: s\u00fcnnib <em>performance<\/em>, laul, filmiprojekt jne. Mitmeid suuri muuseume toetavad korporatiivsed annetajad. Kui annetaja raha tuleb fossiilsetest k\u00fctustest, siis ei saa muuseum sel teemal kriitiliselt s\u00f5na v\u00f5tta, aga kunstiresident v\u00f5ib \u00f6elda, mida tahab. Suured muuseumid peavad teinekord teravatele teemadele niimoodi l\u00e4henema.<\/p>\n<p>&nbsp;<\/p>\n<p style=\"text-align: justify;\"><strong>Kas muuseumid teevad koost\u00f6\u00f6d keskkonnaaktivistidega, n\u00e4iteks kliimamuutuste vastu protestijatega?<\/strong><\/p>\n<p style=\"text-align: justify;\">Jah, aga pigem \u00fcksikisikute tasandil. \u00dcksikisik on oma v\u00e4lja\u00fctlemistes ja tegudes vabam kui suur institutsioon. Muuseum saab pakkuda pinda ja v\u00f5imalust, et inimesed saaksid oma s\u00f5numi v\u00e4lja \u00f6elda. Ma arvan, et see on tundlike teemade alahoidmiseks p\u00e4ris hea viis.<\/p>\n<p style=\"text-align: justify;\">Keskkonnateemade k\u00e4sitlemine kunstiprojektide, \u00fcrituste ja arutelude kaudu haakub m\u00f5ttega, et meil k\u00f5igil, nii inimestel kui muuseumitel, on liiga palju asju. M\u00f5ned muuseumid on hakanud oma kogudest esemeid maha kandma, sest nad ei tea, mida selle k\u00f5igega peale hakata. Kui esemeid on liiga palju, ei tunnetata neid enam nii v\u00e4\u00e4rtuslikuna. Sama toimub meil kodus. On hinnatud, et keskmiselt oli Saksa majapidamises 16. sajandil umbes 30 eset, n\u00fc\u00fcd aga ligi 10 000. Esemete kuhjumisest on saanud nii muuseumite kui keskkonna probleem.<\/p>\n<p style=\"text-align: justify;\">Muuseum peaks kaasama rohkem noori. Tuleviku ennustamine ei peaks olema ainult teadlaste p\u00e4rusmaa. Tulevikust peaks r\u00e4\u00e4kima noorem p\u00f5lvkond, kes sel ajal elab, nagu kliimaaktivist Greta Thunberg [kes algatas Fridays For Future liikumise].<\/p>\n<p style=\"text-align: justify;\">Arvan, et muuseumitele sobivad \u201esiin ja praegu\u201c sorti \u00fcritused. Minevikust p\u00e4rit esemeid on vaja k\u00fclastaja jaoks lahti seletada ja tuleviku esemeid veel ei ole. Inimesed kipuvad m\u00f5tlema tulevikust v\u00f5i minevikust v\u00f5i suhtlema kellegagi, kes on kaugel. V\u00e4hesed meist on kohal siin ja praegu. Muuseum saab olla n-\u00f6 aeglane meedium \u2013 anda inimestele v\u00f5imaluse olla siin ja praegu, suhelda \u00fcksteisega, panna n\u00e4iteks vanavanemate ja lapselaste p\u00f5lvkond omavahel arutama, mis on meie argielus aja jooksul muutunud. Muuseum ei peaks olema n\u00e4puga n\u00e4itav, s\u00fc\u00fcdistav, hinnanguid andev, vaid laskma inimestel endal j\u00e4reldusteni j\u00f5uda. Ta peaks laskma neil arutleda k\u00fcsimuse \u00fcle, mis on planeedile kasulik, ja \u00fcksmeelele j\u00f5uda. Muidugi oskavad inimesed v\u00e4gagi h\u00e4sti kaasa r\u00e4\u00e4kida teemal, mis on planeedile kahjulik. Aga ehk on katastroofide ja h\u00e4vingu asemel m\u00f5ttekam r\u00e4\u00e4kida lootustandvatest protsessidest, ehkki need toimuvad aeglaselt.<\/p>\n<p style=\"text-align: justify;\">Praegu on keskkonnadebattides \u00fcleval kolm olulist teemat: nn vastuhakk v\u00e4ljasuremisele (<em>extinction rebellion<\/em>) \u2013 liikumine, mis on alguse saanud Suurbritanniast ja aktiivne olnud alates 2018. aasta oktoobrist; teiseks kliimamuutus ja kolmandaks j\u00e4\u00e4tmed \u2013 k\u00f5ik on mures plastiku p\u00e4rast ookeanides. Hea, et ookeanide probleemidega n\u00fc\u00fcd nii kirglikult tegeldakse, sest keskkonnaaktivism keskendus kaua aega ainult maismaale. Kliima puudutab aga ka \u00f5hku ja maailmamerd. Me saame k\u00f5ik prahi hulka igap\u00e4evaselt v\u00e4hendada. Me ei peaks takerduma suhtumisse, et \u00fcksikinimene ei suuda keskkonnaprobleeme kuidagi m\u00f5jutada.<\/p>\n<p><strong>Ait\u00e4h huvitava vestluse eest!<\/strong><\/p>\n<p>&#8212;&#8212;&#8212;&#8212;&#8212;&#8212;&#8212;&#8212;&#8212;&#8212;&#8212;&#8212;&#8212;&#8212;&#8212;&#8212;&#8212;&#8212;&#8212;&#8212;&#8212;&#8212;&#8212;&#8212;&#8212;&#8212;&#8212;&#8212;&#8212;&#8212;&#8212;&#8212;&#8212;&#8212;&#8212;&#8212;&#8212;&#8212;&#8212;&#8212;&#8212;&#8212;&#8212;&#8212;&#8212;&#8212;&#8212;&#8212;&#8212;&#8212;&#8212;&#8212;&#8212;&#8211;<\/p>\n<p style=\"text-align: justify;\"><em>Sellega seoses on asjakohane r\u00e4\u00e4kida ka ERMi seotusest keskkonnateemadega.<strong>\u00a0<\/strong><\/em><em>ERMi p\u00fcsin\u00e4ituse \u201eKohtumised\u201c alateema \u201eInimene ja keskkond\u201c r\u00e4\u00e4gib inimese ja looduse koostoimest ning p\u00fcstitab mitu olulist k\u00fcsimust: kuidas m\u00f5jutavad ilmastik, maastik, taimed, loomad, muld ja suur mikroelustikumaailm inimeste kultuuri ning kuidas meie, inimesed, m\u00f5jutame \u00fclej\u00e4\u00e4nud loodust.<\/em><\/p>\n<div id=\"attachment_13092\" style=\"width: 1210px\" class=\"wp-caption aligncenter\"><a href=\"https:\/\/blog.erm.ee\/wp-content\/uploads\/2019\/11\/Inimene-ja-keskkond.jpg\"><img loading=\"lazy\" decoding=\"async\" aria-describedby=\"caption-attachment-13092\" data-attachment-id=\"13092\" data-permalink=\"https:\/\/blog.erm.ee\/?attachment_id=13092#main\" data-orig-file=\"https:\/\/blog.erm.ee\/wp-content\/uploads\/2019\/11\/Inimene-ja-keskkond.jpg\" data-orig-size=\"1200,600\" data-comments-opened=\"1\" data-image-meta=\"{&quot;aperture&quot;:&quot;0&quot;,&quot;credit&quot;:&quot;&quot;,&quot;camera&quot;:&quot;&quot;,&quot;caption&quot;:&quot;&quot;,&quot;created_timestamp&quot;:&quot;0&quot;,&quot;copyright&quot;:&quot;&quot;,&quot;focal_length&quot;:&quot;0&quot;,&quot;iso&quot;:&quot;0&quot;,&quot;shutter_speed&quot;:&quot;0&quot;,&quot;title&quot;:&quot;&quot;,&quot;orientation&quot;:&quot;0&quot;}\" data-image-title=\"Inimene ja keskkond\" data-image-description=\"\" data-image-caption=\"\" data-large-file=\"https:\/\/blog.erm.ee\/wp-content\/uploads\/2019\/11\/Inimene-ja-keskkond-1024x512.jpg\" class=\"wp-image-13092 size-full\" src=\"https:\/\/blog.erm.ee\/wp-content\/uploads\/2019\/11\/Inimene-ja-keskkond.jpg\" alt=\"\" width=\"1200\" height=\"600\" srcset=\"https:\/\/blog.erm.ee\/wp-content\/uploads\/2019\/11\/Inimene-ja-keskkond.jpg 1200w, https:\/\/blog.erm.ee\/wp-content\/uploads\/2019\/11\/Inimene-ja-keskkond-460x230.jpg 460w, https:\/\/blog.erm.ee\/wp-content\/uploads\/2019\/11\/Inimene-ja-keskkond-300x150.jpg 300w, https:\/\/blog.erm.ee\/wp-content\/uploads\/2019\/11\/Inimene-ja-keskkond-768x384.jpg 768w, https:\/\/blog.erm.ee\/wp-content\/uploads\/2019\/11\/Inimene-ja-keskkond-1024x512.jpg 1024w\" sizes=\"auto, (max-width: 1200px) 100vw, 1200px\" \/><\/a><p id=\"caption-attachment-13092\" class=\"wp-caption-text\">Osa n\u00e4itusest &#8220;Inimene ja keskkond&#8221;<\/p><\/div>\n<p style=\"text-align: justify;\"><em>N\u00e4ituseosa juurde on loodud p\u00f5hjalik programm kooli\u00f5pilastele \u201eTants epideemia \u00fcmber\u201c, kus muu hulgas uuritakse, milline on epideemiapuhangu elukaar ja kuidas taud maailma muudab. Keskkonnak\u00fcsimuste ja loodusharidusega tegeletakse ka muuseumitundides \u201eKuidas taltsutada plastmassi\u201c, \u201eLeiud keskaegsest j\u00e4\u00e4tmekastist\u201c ja \u201eLinnam\u00e4ng\u201c.<\/em><\/p>\n<p style=\"text-align: justify;\"><em>Samuti on keskkonna praegune seisund ja kaitse olnud aruteluteemaks mitmesugustel \u00fcritustel ja koolitustel, n\u00e4iteks uussisser\u00e4ndajatele ning v\u00e4he l\u00f5imunud elanikele suunatud \u201eEesti kultuuri l\u00fchikursusel\u201c aastatel 2018\u20132019. Koost\u00f6\u00f6s Keskkonnaametiga korraldasime keskkonnakuul, mais 2019, t\u00f6\u00f6toa \u201eIga\u00fche loodushoid. Elu plastmassi maailmas\u201c. Septembris olid keskkonnak\u00fcsimused taas pildil Euroopa muinsuskaitsep\u00e4evade giidituuridel.<\/em><\/p>\n<p style=\"text-align: justify;\">\n<div class=\"fcbkbttn_buttons_block\" id=\"fcbkbttn_left\"><div class=\"fcbkbttn_like \"><fb:like href=\"https:\/\/blog.erm.ee\/?p=13091\" action=\"like\" colorscheme=\"light\" layout=\"standard\"  width=\"225px\" size=\"small\"><\/fb:like><\/div><div class=\"fb-share-button  \" data-href=\"https:\/\/blog.erm.ee\/?p=13091\" data-type=\"button\" data-size=\"small\"><\/div><\/div>","protected":false},"excerpt":{"rendered":"<p>Autorid: ERMi kuraator Liisi J\u00e4\u00e4ts, teadur-kuraator Kristel Rattus ja hariduskeskuse juhataja Kaari Siemer. Neil p\u00e4evil v\u00f5\u00f5rustab ERM Euroopa muuseumite v\u00f5rgustiku aastakonverentsi, kus arutatakse, kuidas saavad muuseumid kaasa aidata sellele, et kasvaks \u00fcldine heaolu, sh juurduks (keskkonna)s\u00e4\u00e4stlik m\u00f5tte- ja k\u00e4itumisviis. Suve l\u00f5pul k\u00e4is ERMil k\u00fclas keskkonnaajaloo ekspert Libby Robin, Austraalia Rahvus\u00fclikooli emeriitprofessor ning Austraalia Rahvusmuuseumi vanemteadur.&hellip;<\/p>\n","protected":false},"author":1,"featured_media":13092,"comment_status":"open","ping_status":"open","sticky":false,"template":"","format":"standard","meta":{"_monsterinsights_skip_tracking":false,"_monsterinsights_sitenote_active":false,"_monsterinsights_sitenote_note":"","_monsterinsights_sitenote_category":0,"jetpack_post_was_ever_published":false,"_jetpack_newsletter_access":"","_jetpack_dont_email_post_to_subs":false,"_jetpack_newsletter_tier_id":0,"_jetpack_memberships_contains_paywalled_content":false,"_jetpack_memberships_contains_paid_content":false,"footnotes":""},"categories":[20,7],"tags":[],"class_list":["post-13091","post","type-post","status-publish","format-standard","has-post-thumbnail","hentry","category-muuseumimotted","category-naitus"],"yoast_head":"<!-- This site is optimized with the Yoast SEO plugin v27.5 - https:\/\/yoast.com\/product\/yoast-seo-wordpress\/ -->\n<title>Muuseum kui keskkonnak\u00fcsimuste aeglane meedium. Intervjuu Libby Robiniga - Eesti Rahva Muuseumi ajaveeb<\/title>\n<meta name=\"robots\" content=\"index, follow, max-snippet:-1, max-image-preview:large, max-video-preview:-1\" \/>\n<link rel=\"canonical\" href=\"https:\/\/blog.erm.ee\/?p=13091\" \/>\n<meta property=\"og:locale\" content=\"et_EE\" \/>\n<meta property=\"og:type\" content=\"article\" \/>\n<meta property=\"og:title\" content=\"Muuseum kui keskkonnak\u00fcsimuste aeglane meedium. Intervjuu Libby Robiniga - Eesti Rahva Muuseumi ajaveeb\" \/>\n<meta property=\"og:description\" content=\"Autorid: ERMi kuraator Liisi J\u00e4\u00e4ts, teadur-kuraator Kristel Rattus ja hariduskeskuse juhataja Kaari Siemer. Neil p\u00e4evil v\u00f5\u00f5rustab ERM Euroopa muuseumite v\u00f5rgustiku aastakonverentsi, kus arutatakse, kuidas saavad muuseumid kaasa aidata sellele, et kasvaks \u00fcldine heaolu, sh juurduks (keskkonna)s\u00e4\u00e4stlik m\u00f5tte- ja k\u00e4itumisviis. Suve l\u00f5pul k\u00e4is ERMil k\u00fclas keskkonnaajaloo ekspert Libby Robin, Austraalia Rahvus\u00fclikooli emeriitprofessor ning Austraalia Rahvusmuuseumi vanemteadur.&hellip;\" \/>\n<meta property=\"og:url\" content=\"https:\/\/blog.erm.ee\/?p=13091\" \/>\n<meta property=\"og:site_name\" content=\"Eesti Rahva Muuseumi ajaveeb\" \/>\n<meta property=\"article:published_time\" content=\"2019-11-07T07:10:24+00:00\" \/>\n<meta property=\"og:image\" content=\"https:\/\/blog.erm.ee\/wp-content\/uploads\/2019\/11\/Inimene-ja-keskkond.jpg\" \/>\n\t<meta property=\"og:image:width\" content=\"1200\" \/>\n\t<meta property=\"og:image:height\" content=\"600\" \/>\n\t<meta property=\"og:image:type\" content=\"image\/jpeg\" \/>\n<meta name=\"author\" content=\"Eesti Rahva Muuseum\" \/>\n<meta name=\"twitter:card\" content=\"summary_large_image\" \/>\n<meta name=\"twitter:label1\" content=\"Written by\" \/>\n\t<meta name=\"twitter:data1\" content=\"Eesti Rahva Muuseum\" \/>\n\t<meta name=\"twitter:label2\" content=\"Est. reading time\" \/>\n\t<meta name=\"twitter:data2\" content=\"5 minutit\" \/>\n<script type=\"application\/ld+json\" class=\"yoast-schema-graph\">{\"@context\":\"https:\\\/\\\/schema.org\",\"@graph\":[{\"@type\":\"Article\",\"@id\":\"https:\\\/\\\/blog.erm.ee\\\/?p=13091#article\",\"isPartOf\":{\"@id\":\"https:\\\/\\\/blog.erm.ee\\\/?p=13091\"},\"author\":{\"name\":\"Eesti Rahva Muuseum\",\"@id\":\"https:\\\/\\\/blog.erm.ee\\\/#\\\/schema\\\/person\\\/6e98c391cb00a33e7c22a3571e062114\"},\"headline\":\"Muuseum kui keskkonnak\u00fcsimuste aeglane meedium. Intervjuu Libby Robiniga\",\"datePublished\":\"2019-11-07T07:10:24+00:00\",\"mainEntityOfPage\":{\"@id\":\"https:\\\/\\\/blog.erm.ee\\\/?p=13091\"},\"wordCount\":965,\"commentCount\":0,\"image\":{\"@id\":\"https:\\\/\\\/blog.erm.ee\\\/?p=13091#primaryimage\"},\"thumbnailUrl\":\"https:\\\/\\\/blog.erm.ee\\\/wp-content\\\/uploads\\\/2019\\\/11\\\/Inimene-ja-keskkond.jpg\",\"articleSection\":[\"Muuseumim\u00f5tted\",\"N\u00e4itus\"],\"inLanguage\":\"et\",\"potentialAction\":[{\"@type\":\"CommentAction\",\"name\":\"Comment\",\"target\":[\"https:\\\/\\\/blog.erm.ee\\\/?p=13091#respond\"]}]},{\"@type\":\"WebPage\",\"@id\":\"https:\\\/\\\/blog.erm.ee\\\/?p=13091\",\"url\":\"https:\\\/\\\/blog.erm.ee\\\/?p=13091\",\"name\":\"Muuseum kui keskkonnak\u00fcsimuste aeglane meedium. Intervjuu Libby Robiniga - Eesti Rahva Muuseumi ajaveeb\",\"isPartOf\":{\"@id\":\"https:\\\/\\\/blog.erm.ee\\\/#website\"},\"primaryImageOfPage\":{\"@id\":\"https:\\\/\\\/blog.erm.ee\\\/?p=13091#primaryimage\"},\"image\":{\"@id\":\"https:\\\/\\\/blog.erm.ee\\\/?p=13091#primaryimage\"},\"thumbnailUrl\":\"https:\\\/\\\/blog.erm.ee\\\/wp-content\\\/uploads\\\/2019\\\/11\\\/Inimene-ja-keskkond.jpg\",\"datePublished\":\"2019-11-07T07:10:24+00:00\",\"author\":{\"@id\":\"https:\\\/\\\/blog.erm.ee\\\/#\\\/schema\\\/person\\\/6e98c391cb00a33e7c22a3571e062114\"},\"breadcrumb\":{\"@id\":\"https:\\\/\\\/blog.erm.ee\\\/?p=13091#breadcrumb\"},\"inLanguage\":\"et\",\"potentialAction\":[{\"@type\":\"ReadAction\",\"target\":[\"https:\\\/\\\/blog.erm.ee\\\/?p=13091\"]}]},{\"@type\":\"ImageObject\",\"inLanguage\":\"et\",\"@id\":\"https:\\\/\\\/blog.erm.ee\\\/?p=13091#primaryimage\",\"url\":\"https:\\\/\\\/blog.erm.ee\\\/wp-content\\\/uploads\\\/2019\\\/11\\\/Inimene-ja-keskkond.jpg\",\"contentUrl\":\"https:\\\/\\\/blog.erm.ee\\\/wp-content\\\/uploads\\\/2019\\\/11\\\/Inimene-ja-keskkond.jpg\",\"width\":1200,\"height\":600},{\"@type\":\"BreadcrumbList\",\"@id\":\"https:\\\/\\\/blog.erm.ee\\\/?p=13091#breadcrumb\",\"itemListElement\":[{\"@type\":\"ListItem\",\"position\":1,\"name\":\"Home\",\"item\":\"https:\\\/\\\/blog.erm.ee\\\/\"},{\"@type\":\"ListItem\",\"position\":2,\"name\":\"Muuseum kui keskkonnak\u00fcsimuste aeglane meedium. Intervjuu Libby Robiniga\"}]},{\"@type\":\"WebSite\",\"@id\":\"https:\\\/\\\/blog.erm.ee\\\/#website\",\"url\":\"https:\\\/\\\/blog.erm.ee\\\/\",\"name\":\"Eesti Rahva Muuseumi ajaveeb\",\"description\":\"\",\"potentialAction\":[{\"@type\":\"SearchAction\",\"target\":{\"@type\":\"EntryPoint\",\"urlTemplate\":\"https:\\\/\\\/blog.erm.ee\\\/?s={search_term_string}\"},\"query-input\":{\"@type\":\"PropertyValueSpecification\",\"valueRequired\":true,\"valueName\":\"search_term_string\"}}],\"inLanguage\":\"et\"},{\"@type\":\"Person\",\"@id\":\"https:\\\/\\\/blog.erm.ee\\\/#\\\/schema\\\/person\\\/6e98c391cb00a33e7c22a3571e062114\",\"name\":\"Eesti Rahva Muuseum\",\"image\":{\"@type\":\"ImageObject\",\"inLanguage\":\"et\",\"@id\":\"https:\\\/\\\/secure.gravatar.com\\\/avatar\\\/cb6d9ad5fb49f3f7315028ce5fe60641075f2cb52b8a058ff5a985fa2d8c1da0?s=96&d=mm&r=g\",\"url\":\"https:\\\/\\\/secure.gravatar.com\\\/avatar\\\/cb6d9ad5fb49f3f7315028ce5fe60641075f2cb52b8a058ff5a985fa2d8c1da0?s=96&d=mm&r=g\",\"contentUrl\":\"https:\\\/\\\/secure.gravatar.com\\\/avatar\\\/cb6d9ad5fb49f3f7315028ce5fe60641075f2cb52b8a058ff5a985fa2d8c1da0?s=96&d=mm&r=g\",\"caption\":\"Eesti Rahva Muuseum\"},\"sameAs\":[\"http:\\\/\\\/www.erm.ee\"],\"url\":\"https:\\\/\\\/blog.erm.ee\\\/?author=1\"}]}<\/script>\n<!-- \/ Yoast SEO plugin. -->","yoast_head_json":{"title":"Muuseum kui keskkonnak\u00fcsimuste aeglane meedium. Intervjuu Libby Robiniga - Eesti Rahva Muuseumi ajaveeb","robots":{"index":"index","follow":"follow","max-snippet":"max-snippet:-1","max-image-preview":"max-image-preview:large","max-video-preview":"max-video-preview:-1"},"canonical":"https:\/\/blog.erm.ee\/?p=13091","og_locale":"et_EE","og_type":"article","og_title":"Muuseum kui keskkonnak\u00fcsimuste aeglane meedium. Intervjuu Libby Robiniga - Eesti Rahva Muuseumi ajaveeb","og_description":"Autorid: ERMi kuraator Liisi J\u00e4\u00e4ts, teadur-kuraator Kristel Rattus ja hariduskeskuse juhataja Kaari Siemer. Neil p\u00e4evil v\u00f5\u00f5rustab ERM Euroopa muuseumite v\u00f5rgustiku aastakonverentsi, kus arutatakse, kuidas saavad muuseumid kaasa aidata sellele, et kasvaks \u00fcldine heaolu, sh juurduks (keskkonna)s\u00e4\u00e4stlik m\u00f5tte- ja k\u00e4itumisviis. Suve l\u00f5pul k\u00e4is ERMil k\u00fclas keskkonnaajaloo ekspert Libby Robin, Austraalia Rahvus\u00fclikooli emeriitprofessor ning Austraalia Rahvusmuuseumi vanemteadur.&hellip;","og_url":"https:\/\/blog.erm.ee\/?p=13091","og_site_name":"Eesti Rahva Muuseumi ajaveeb","article_published_time":"2019-11-07T07:10:24+00:00","og_image":[{"width":1200,"height":600,"url":"https:\/\/blog.erm.ee\/wp-content\/uploads\/2019\/11\/Inimene-ja-keskkond.jpg","type":"image\/jpeg"}],"author":"Eesti Rahva Muuseum","twitter_card":"summary_large_image","twitter_misc":{"Written by":"Eesti Rahva Muuseum","Est. reading time":"5 minutit"},"schema":{"@context":"https:\/\/schema.org","@graph":[{"@type":"Article","@id":"https:\/\/blog.erm.ee\/?p=13091#article","isPartOf":{"@id":"https:\/\/blog.erm.ee\/?p=13091"},"author":{"name":"Eesti Rahva Muuseum","@id":"https:\/\/blog.erm.ee\/#\/schema\/person\/6e98c391cb00a33e7c22a3571e062114"},"headline":"Muuseum kui keskkonnak\u00fcsimuste aeglane meedium. Intervjuu Libby Robiniga","datePublished":"2019-11-07T07:10:24+00:00","mainEntityOfPage":{"@id":"https:\/\/blog.erm.ee\/?p=13091"},"wordCount":965,"commentCount":0,"image":{"@id":"https:\/\/blog.erm.ee\/?p=13091#primaryimage"},"thumbnailUrl":"https:\/\/blog.erm.ee\/wp-content\/uploads\/2019\/11\/Inimene-ja-keskkond.jpg","articleSection":["Muuseumim\u00f5tted","N\u00e4itus"],"inLanguage":"et","potentialAction":[{"@type":"CommentAction","name":"Comment","target":["https:\/\/blog.erm.ee\/?p=13091#respond"]}]},{"@type":"WebPage","@id":"https:\/\/blog.erm.ee\/?p=13091","url":"https:\/\/blog.erm.ee\/?p=13091","name":"Muuseum kui keskkonnak\u00fcsimuste aeglane meedium. Intervjuu Libby Robiniga - Eesti Rahva Muuseumi ajaveeb","isPartOf":{"@id":"https:\/\/blog.erm.ee\/#website"},"primaryImageOfPage":{"@id":"https:\/\/blog.erm.ee\/?p=13091#primaryimage"},"image":{"@id":"https:\/\/blog.erm.ee\/?p=13091#primaryimage"},"thumbnailUrl":"https:\/\/blog.erm.ee\/wp-content\/uploads\/2019\/11\/Inimene-ja-keskkond.jpg","datePublished":"2019-11-07T07:10:24+00:00","author":{"@id":"https:\/\/blog.erm.ee\/#\/schema\/person\/6e98c391cb00a33e7c22a3571e062114"},"breadcrumb":{"@id":"https:\/\/blog.erm.ee\/?p=13091#breadcrumb"},"inLanguage":"et","potentialAction":[{"@type":"ReadAction","target":["https:\/\/blog.erm.ee\/?p=13091"]}]},{"@type":"ImageObject","inLanguage":"et","@id":"https:\/\/blog.erm.ee\/?p=13091#primaryimage","url":"https:\/\/blog.erm.ee\/wp-content\/uploads\/2019\/11\/Inimene-ja-keskkond.jpg","contentUrl":"https:\/\/blog.erm.ee\/wp-content\/uploads\/2019\/11\/Inimene-ja-keskkond.jpg","width":1200,"height":600},{"@type":"BreadcrumbList","@id":"https:\/\/blog.erm.ee\/?p=13091#breadcrumb","itemListElement":[{"@type":"ListItem","position":1,"name":"Home","item":"https:\/\/blog.erm.ee\/"},{"@type":"ListItem","position":2,"name":"Muuseum kui keskkonnak\u00fcsimuste aeglane meedium. Intervjuu Libby Robiniga"}]},{"@type":"WebSite","@id":"https:\/\/blog.erm.ee\/#website","url":"https:\/\/blog.erm.ee\/","name":"Eesti Rahva Muuseumi ajaveeb","description":"","potentialAction":[{"@type":"SearchAction","target":{"@type":"EntryPoint","urlTemplate":"https:\/\/blog.erm.ee\/?s={search_term_string}"},"query-input":{"@type":"PropertyValueSpecification","valueRequired":true,"valueName":"search_term_string"}}],"inLanguage":"et"},{"@type":"Person","@id":"https:\/\/blog.erm.ee\/#\/schema\/person\/6e98c391cb00a33e7c22a3571e062114","name":"Eesti Rahva Muuseum","image":{"@type":"ImageObject","inLanguage":"et","@id":"https:\/\/secure.gravatar.com\/avatar\/cb6d9ad5fb49f3f7315028ce5fe60641075f2cb52b8a058ff5a985fa2d8c1da0?s=96&d=mm&r=g","url":"https:\/\/secure.gravatar.com\/avatar\/cb6d9ad5fb49f3f7315028ce5fe60641075f2cb52b8a058ff5a985fa2d8c1da0?s=96&d=mm&r=g","contentUrl":"https:\/\/secure.gravatar.com\/avatar\/cb6d9ad5fb49f3f7315028ce5fe60641075f2cb52b8a058ff5a985fa2d8c1da0?s=96&d=mm&r=g","caption":"Eesti Rahva Muuseum"},"sameAs":["http:\/\/www.erm.ee"],"url":"https:\/\/blog.erm.ee\/?author=1"}]}},"jetpack_featured_media_url":"https:\/\/blog.erm.ee\/wp-content\/uploads\/2019\/11\/Inimene-ja-keskkond.jpg","jetpack_shortlink":"https:\/\/wp.me\/p2l9Zd-3p9","jetpack_sharing_enabled":true,"jetpack_likes_enabled":true,"_links":{"self":[{"href":"https:\/\/blog.erm.ee\/index.php?rest_route=\/wp\/v2\/posts\/13091","targetHints":{"allow":["GET"]}}],"collection":[{"href":"https:\/\/blog.erm.ee\/index.php?rest_route=\/wp\/v2\/posts"}],"about":[{"href":"https:\/\/blog.erm.ee\/index.php?rest_route=\/wp\/v2\/types\/post"}],"author":[{"embeddable":true,"href":"https:\/\/blog.erm.ee\/index.php?rest_route=\/wp\/v2\/users\/1"}],"replies":[{"embeddable":true,"href":"https:\/\/blog.erm.ee\/index.php?rest_route=%2Fwp%2Fv2%2Fcomments&post=13091"}],"version-history":[{"count":4,"href":"https:\/\/blog.erm.ee\/index.php?rest_route=\/wp\/v2\/posts\/13091\/revisions"}],"predecessor-version":[{"id":13097,"href":"https:\/\/blog.erm.ee\/index.php?rest_route=\/wp\/v2\/posts\/13091\/revisions\/13097"}],"wp:featuredmedia":[{"embeddable":true,"href":"https:\/\/blog.erm.ee\/index.php?rest_route=\/wp\/v2\/media\/13092"}],"wp:attachment":[{"href":"https:\/\/blog.erm.ee\/index.php?rest_route=%2Fwp%2Fv2%2Fmedia&parent=13091"}],"wp:term":[{"taxonomy":"category","embeddable":true,"href":"https:\/\/blog.erm.ee\/index.php?rest_route=%2Fwp%2Fv2%2Fcategories&post=13091"},{"taxonomy":"post_tag","embeddable":true,"href":"https:\/\/blog.erm.ee\/index.php?rest_route=%2Fwp%2Fv2%2Ftags&post=13091"}],"curies":[{"name":"wp","href":"https:\/\/api.w.org\/{rel}","templated":true}]}}